{"id":141406,"date":"2022-12-15T22:37:43","date_gmt":"2022-12-15T19:37:43","guid":{"rendered":"https:\/\/epochtimestr.com\/?p=141406"},"modified":"2024-02-27T15:25:51","modified_gmt":"2024-02-27T12:25:51","slug":"fotograf-galerisi-jiang-zeminin-kanli-mirasi","status":"publish","type":"post","link":"https:\/\/epochtimestr.com\/index.php\/fotograf-galerisi-jiang-zeminin-kanli-mirasi","title":{"rendered":"Foto\u011fraf Galerisi: Jiang Zemin&#8217;in Kanl\u0131 Miras\u0131"},"content":{"rendered":"<div class=\"wp-block-image\">\n<figure class=\"aligncenter size-large\"><img loading=\"lazy\" decoding=\"async\" width=\"600\" height=\"338\" src=\"https:\/\/epochtimestr.com\/wp-content\/uploads\/2011y\/20140717LARRY-DYE-1200x798-1-e1669909432992-800x450-1-600x338.jpg\" alt=\"\" class=\"wp-image-141450\" srcset=\"https:\/\/epochtimestr.com\/wp-content\/uploads\/2011y\/20140717LARRY-DYE-1200x798-1-e1669909432992-800x450-1-600x338.jpg 600w, https:\/\/epochtimestr.com\/wp-content\/uploads\/2011y\/20140717LARRY-DYE-1200x798-1-e1669909432992-800x450-1-300x169.jpg 300w, https:\/\/epochtimestr.com\/wp-content\/uploads\/2011y\/20140717LARRY-DYE-1200x798-1-e1669909432992-800x450-1-150x84.jpg 150w, https:\/\/epochtimestr.com\/wp-content\/uploads\/2011y\/20140717LARRY-DYE-1200x798-1-e1669909432992-800x450-1-768x432.jpg 768w, https:\/\/epochtimestr.com\/wp-content\/uploads\/2011y\/20140717LARRY-DYE-1200x798-1-e1669909432992-800x450-1.jpg 800w\" sizes=\"(max-width: 600px) 100vw, 600px\" \/><figcaption class=\"wp-element-caption\">17 Temmuz 2014&#8217;te Washington&#8217;da Ge\u00e7it T\u00f6reni: Bir kad\u0131n, zaman\u0131nda Falun Gong uygulam\u0131\u015f gen\u00e7 bir adam\u0131n foto\u011fraf\u0131n\u0131 tutuyor. Bu adam sonra, \u00c7in Kom\u00fcnist Partisi&#8217;nin zulm\u00fc sonucu \u00f6ld\u00fc.<br \/>Foto\u011fraf: Larry Dye\/The Epoch Times<\/figcaption><\/figure><\/div>\n\n\n<p>Jiang Zemin taraf\u0131ndan ba\u015flat\u0131lan<a href=\"https:\/\/epochtimestr.com\/index.php\/cindeki-zulumden-son-10-ayda-101-falun-gong-uygulayicisi-oldu\" target=\"_blank\" rel=\"noreferrer noopener\"> Falun Dafa zulm\u00fc<\/a>, milyonlarca \u00c7inlinin hayat\u0131n\u0131 mahvetti ve say\u0131s\u0131z aileyi par\u00e7alad\u0131. \u00c7ok say\u0131da insan \u00e7al\u0131\u015fma kamplar\u0131nda ve hapishanelerde i\u015fkence g\u00f6rd\u00fc ve \u00f6ld\u00fcr\u00fcld\u00fc. Bu foto\u011fraf galerisi, zulm\u00fcn ortaya \u00e7\u0131kard\u0131\u011f\u0131 kader kurban\u0131 olmu\u015f bireyleri g\u00f6steriyor.<\/p>\n\n\n\n<p>Eski \u00c7in Kom\u00fcnist Partisi (\u00c7KP) lideri Jiang Zemin, 30 Kas\u0131m&#8217;da 96 ya\u015f\u0131nda \u00f6ld\u00fc. Onun liderli\u011fi alt\u0131nda, 1999 y\u0131l\u0131nda \u00c7KP, <a href=\"https:\/\/tr.falundafa.org\" target=\"_blank\" rel=\"noreferrer noopener\">Falun Gong <\/a>uygulay\u0131c\u0131lar\u0131na kar\u015f\u0131 ac\u0131mas\u0131z bir zul\u00fcm ba\u015flatt\u0131. Falun Gong, ahlak ve ki\u015fisel geli\u015fim odakl\u0131, manevi bir uygulamad\u0131r. Bu uygulama, Do\u011fruluk-Merhamet-Ho\u015fg\u00f6r\u00fc ilkelerine dayan\u0131r ve be\u015f meditatif egzersiz i\u00e7erir. \u00c7in&#8217;de yasaklanmadan \u00f6nce (y\u00fcksek r\u00fctbeli devlet yetkilileri de dahil olmak \u00fczere), 70 ila 100 milyon insan Falun Gong&#8217;u uyguluyordu.<\/p>\n\n\n\n<p>Jiang&#8217;\u0131n planlay\u0131p k\u0131\u015fk\u0131rtt\u0131\u011f\u0131 zul\u00fcm, milyonlarca \u00c7inlinin hayat\u0131n\u0131 mahvetti ve say\u0131s\u0131z aileyi ay\u0131rd\u0131 ve par\u00e7alad\u0131. \u00c7ok say\u0131da insan \u00e7al\u0131\u015fma kamplar\u0131nda ve hapishanelerde i\u015fkence g\u00f6rd\u00fc ve \u00f6ld\u00fcr\u00fcld\u00fc.<\/p>\n\n\n\n<p>Fakat zul\u00fcm bitmi\u015f de\u011fil: \u00c7KP hala canl\u0131 Falun Gong uygulay\u0131c\u0131lar\u0131ndan zorla organ toplamaya devam ediyor. Bu \u0130nsanlar organlar\u0131 i\u00e7in \u00f6ld\u00fcr\u00fcl\u00fcyorlar ve bu \u015fekilde elde edilmi\u015f i\u00e7 organlar\u0131, organ nakli piyasas\u0131nda y\u00fcksek fiyatlara sat\u0131l\u0131yor &#8211; al\u0131c\u0131lar\u0131n \u00e7o\u011fu yabanc\u0131.<\/p>\n\n\n\n<p>23 y\u0131l\u0131 a\u015fk\u0131n bir s\u00fcredir, \u00c7in&#8217;deki ve d\u00fcnyan\u0131n d\u00f6rt bir yan\u0131ndaki Falun Gong uygulay\u0131c\u0131lar\u0131, insanlara devam eden zul\u00fcm hakk\u0131nda ger\u00e7ekleri a\u00e7\u0131kl\u0131yorlar. \u00c7o\u011fu durumda kendi hayatlar\u0131n\u0131 riske atarak ac\u0131mas\u0131z bask\u0131y\u0131 g\u00fcn \u0131\u015f\u0131\u011f\u0131na \u00e7\u0131kar\u0131yorlar.<\/p>\n\n\n\n<p>A\u015fa\u011f\u0131daki foto\u011fraf galerisi, zul\u00fcm g\u00f6rm\u00fc\u015f baz\u0131 insanlar\u0131n hikayelerini anlat\u0131yor.<\/p>\n\n\n<div class=\"wp-block-image\">\n<figure class=\"aligncenter size-large\"><img loading=\"lazy\" decoding=\"async\" width=\"600\" height=\"360\" src=\"https:\/\/epochtimestr.com\/wp-content\/uploads\/2011y\/Falun-Gong-banner-1200x720-1-600x360.jpeg\" alt=\"\" class=\"wp-image-141407\" srcset=\"https:\/\/epochtimestr.com\/wp-content\/uploads\/2011y\/Falun-Gong-banner-1200x720-1-600x360.jpeg 600w, https:\/\/epochtimestr.com\/wp-content\/uploads\/2011y\/Falun-Gong-banner-1200x720-1-300x180.jpeg 300w, https:\/\/epochtimestr.com\/wp-content\/uploads\/2011y\/Falun-Gong-banner-1200x720-1-150x90.jpeg 150w, https:\/\/epochtimestr.com\/wp-content\/uploads\/2011y\/Falun-Gong-banner-1200x720-1-768x461.jpeg 768w, https:\/\/epochtimestr.com\/wp-content\/uploads\/2011y\/Falun-Gong-banner-1200x720-1.jpeg 1200w\" sizes=\"(max-width: 600px) 100vw, 600px\" \/><figcaption class=\"wp-element-caption\">Pekin&#8217;deki Tiananmen Meydan\u0131: Bir Falun Gong uygulay\u0131c\u0131s\u0131, manevi uygulaman\u0131n temel ilkelerinin<br \/>yaz\u0131l\u0131 oldu\u011fu bir pankart tutuyor: &#8220;Do\u011fruluk-Merhamet-Ho\u015fg\u00f6r\u00fc&#8221;. Falun Gong, di\u011fer ad\u0131yla<br \/>Falun Dafa. Foto\u011fraf: Minghui.org<\/figcaption><\/figure><\/div>\n\n<div class=\"wp-block-image\">\n<figure class=\"aligncenter size-large\"><img loading=\"lazy\" decoding=\"async\" width=\"600\" height=\"338\" src=\"https:\/\/epochtimestr.com\/wp-content\/uploads\/2011y\/FalunGong_TortureMethods_ElectricBatons_GaroRongRong-1200x675-1-600x338.jpeg\" alt=\"\" class=\"wp-image-141408\" srcset=\"https:\/\/epochtimestr.com\/wp-content\/uploads\/2011y\/FalunGong_TortureMethods_ElectricBatons_GaroRongRong-1200x675-1-600x338.jpeg 600w, https:\/\/epochtimestr.com\/wp-content\/uploads\/2011y\/FalunGong_TortureMethods_ElectricBatons_GaroRongRong-1200x675-1-300x169.jpeg 300w, https:\/\/epochtimestr.com\/wp-content\/uploads\/2011y\/FalunGong_TortureMethods_ElectricBatons_GaroRongRong-1200x675-1-150x84.jpeg 150w, https:\/\/epochtimestr.com\/wp-content\/uploads\/2011y\/FalunGong_TortureMethods_ElectricBatons_GaroRongRong-1200x675-1-768x432.jpeg 768w, https:\/\/epochtimestr.com\/wp-content\/uploads\/2011y\/FalunGong_TortureMethods_ElectricBatons_GaroRongRong-1200x675-1.jpeg 1200w\" sizes=\"(max-width: 600px) 100vw, 600px\" \/><figcaption class=\"wp-element-caption\">Gao Rongrong, Longshan Zorunlu \u00c7al\u0131\u015fma Kamp\u0131nda Falun Gong&#8217;u uygulad\u0131\u011f\u0131 i\u00e7in yedi saatten fazla<br \/>bir s\u00fcre boyunca i\u015fkence g\u00f6rd\u00fc. Y\u00fcz\u00fcne defalarca elektrikli coplarla vuruldu ve Foto\u011frafta<br \/>d\u00f6v\u00fcld\u00fckten 10 g\u00fcn sonraki hali g\u00f6r\u00fclmekte. Foto\u011fraf: Minghui.org<\/figcaption><\/figure><\/div>\n\n<div class=\"wp-block-image\">\n<figure class=\"aligncenter size-large is-resized\"><img loading=\"lazy\" decoding=\"async\" src=\"https:\/\/epochtimestr.com\/wp-content\/uploads\/2011y\/d0012-1200x781-1-600x391.jpg\" alt=\"\" class=\"wp-image-141409\" width=\"600\" height=\"391\" srcset=\"https:\/\/epochtimestr.com\/wp-content\/uploads\/2011y\/d0012-1200x781-1-600x391.jpg 600w, https:\/\/epochtimestr.com\/wp-content\/uploads\/2011y\/d0012-1200x781-1-300x195.jpg 300w, https:\/\/epochtimestr.com\/wp-content\/uploads\/2011y\/d0012-1200x781-1-150x98.jpg 150w, https:\/\/epochtimestr.com\/wp-content\/uploads\/2011y\/d0012-1200x781-1-768x500.jpg 768w, https:\/\/epochtimestr.com\/wp-content\/uploads\/2011y\/d0012-1200x781-1-210x136.jpg 210w, https:\/\/epochtimestr.com\/wp-content\/uploads\/2011y\/d0012-1200x781-1.jpg 1200w\" sizes=\"(max-width: 600px) 100vw, 600px\" \/><figcaption class=\"wp-element-caption\">Pekin Tiananmen Meydan\u0131: 12 farkl\u0131 \u00fclkeden gelen Falun Gong uygulay\u0131c\u0131lar\u0131, 2001 y\u0131l\u0131nda \u00c7inli<br \/>uygulay\u0131c\u0131lara y\u00f6nelik zulm\u00fcn ve i\u015fkencenin sona erdirilmesi i\u00e7in \u00e7a\u011fr\u0131da bulundu.<br \/>Polis k\u0131sa bir s\u00fcre i\u00e7erisinde m\u00fcdahale etti. Foto\u011fraf: Minghui.org<\/figcaption><\/figure><\/div>\n\n<div class=\"wp-block-image\">\n<figure class=\"aligncenter size-large\"><img loading=\"lazy\" decoding=\"async\" width=\"600\" height=\"258\" src=\"https:\/\/epochtimestr.com\/wp-content\/uploads\/2011y\/FalunGong_Persecution_TortureMethods-Burns-2048x880-1200x516-1-600x258.jpeg\" alt=\"\" class=\"wp-image-141410\" srcset=\"https:\/\/epochtimestr.com\/wp-content\/uploads\/2011y\/FalunGong_Persecution_TortureMethods-Burns-2048x880-1200x516-1-600x258.jpeg 600w, https:\/\/epochtimestr.com\/wp-content\/uploads\/2011y\/FalunGong_Persecution_TortureMethods-Burns-2048x880-1200x516-1-300x129.jpeg 300w, https:\/\/epochtimestr.com\/wp-content\/uploads\/2011y\/FalunGong_Persecution_TortureMethods-Burns-2048x880-1200x516-1-150x65.jpeg 150w, https:\/\/epochtimestr.com\/wp-content\/uploads\/2011y\/FalunGong_Persecution_TortureMethods-Burns-2048x880-1200x516-1-768x330.jpeg 768w, https:\/\/epochtimestr.com\/wp-content\/uploads\/2011y\/FalunGong_Persecution_TortureMethods-Burns-2048x880-1200x516-1.jpeg 1200w\" sizes=\"(max-width: 600px) 100vw, 600px\" \/><figcaption class=\"wp-element-caption\"><br \/>Falun Gong uygulay\u0131c\u0131s\u0131 Tang Yongjie, 2001 y\u0131l\u0131nda \u00c7in&#8217;in Guangdong Eyaletindeki bir \u00e7al\u0131\u015fma<br \/>kamp\u0131nda gardiyanlar taraf\u0131ndan i\u015fkence g\u00f6rd\u00fc: Ayaklar\u0131 k\u0131zm\u0131\u015f demirler i\u015fkencesine maruz kald\u0131.<br \/>Foto\u011fraf: Minghui.org<\/figcaption><\/figure><\/div>\n\n<div class=\"wp-block-image\">\n<figure class=\"aligncenter size-large\"><img loading=\"lazy\" decoding=\"async\" width=\"467\" height=\"400\" src=\"https:\/\/epochtimestr.com\/wp-content\/uploads\/2011y\/2006-6-14-yao-deru-03-467x400.jpg\" alt=\"\" class=\"wp-image-141411\" srcset=\"https:\/\/epochtimestr.com\/wp-content\/uploads\/2011y\/2006-6-14-yao-deru-03-467x400.jpg 467w, https:\/\/epochtimestr.com\/wp-content\/uploads\/2011y\/2006-6-14-yao-deru-03-300x257.jpg 300w, https:\/\/epochtimestr.com\/wp-content\/uploads\/2011y\/2006-6-14-yao-deru-03-150x129.jpg 150w, https:\/\/epochtimestr.com\/wp-content\/uploads\/2011y\/2006-6-14-yao-deru-03.jpg 642w\" sizes=\"(max-width: 467px) 100vw, 467px\" \/><figcaption class=\"wp-element-caption\">Rao Zhuoyuan, k\u0131z\u0131 Deru ile birlikte. Falun Gong&#8217;u uygulad\u0131\u011f\u0131 i\u00e7in g\u00f6zalt\u0131na al\u0131nd\u0131 ve i\u015fkence g\u00f6rd\u00fc. Rao 2002&#8217;de \u00f6ld\u00fc. Foto\u011fraf: Minghui.org<\/figcaption><\/figure><\/div>\n\n<div class=\"wp-block-image\">\n<figure class=\"aligncenter size-large is-resized\"><img loading=\"lazy\" decoding=\"async\" src=\"https:\/\/epochtimestr.com\/wp-content\/uploads\/2011y\/Simon-Vereshaka-with-other-Dizi-HongFa-1200x900-1-533x400.jpg\" alt=\"\" class=\"wp-image-141412\" width=\"533\" height=\"400\" srcset=\"https:\/\/epochtimestr.com\/wp-content\/uploads\/2011y\/Simon-Vereshaka-with-other-Dizi-HongFa-1200x900-1-533x400.jpg 533w, https:\/\/epochtimestr.com\/wp-content\/uploads\/2011y\/Simon-Vereshaka-with-other-Dizi-HongFa-1200x900-1-300x225.jpg 300w, https:\/\/epochtimestr.com\/wp-content\/uploads\/2011y\/Simon-Vereshaka-with-other-Dizi-HongFa-1200x900-1-150x113.jpg 150w, https:\/\/epochtimestr.com\/wp-content\/uploads\/2011y\/Simon-Vereshaka-with-other-Dizi-HongFa-1200x900-1-768x576.jpg 768w, https:\/\/epochtimestr.com\/wp-content\/uploads\/2011y\/Simon-Vereshaka-with-other-Dizi-HongFa-1200x900-1-86x64.jpg 86w, https:\/\/epochtimestr.com\/wp-content\/uploads\/2011y\/Simon-Vereshaka-with-other-Dizi-HongFa-1200x900-1.jpg 1200w\" sizes=\"(max-width: 533px) 100vw, 533px\" \/><figcaption class=\"wp-element-caption\">Melbourne, Avustralya: Falun Gong uygulay\u0131c\u0131lar\u0131 22 Eyl\u00fcl 2002&#8217;de \u00c7in Kom\u00fcnist rejiminin<br \/>zulm\u00fcn\u00fc bar\u0131\u015f\u00e7\u0131l bir \u015fekilde protesto ettiler. Foto\u011fraf: Chen Ming\/Epoch Times<\/figcaption><\/figure><\/div>\n\n<div class=\"wp-block-image\">\n<figure class=\"aligncenter size-large\"><img loading=\"lazy\" decoding=\"async\" width=\"533\" height=\"400\" src=\"https:\/\/epochtimestr.com\/wp-content\/uploads\/2011y\/jane-fadu-533x400.jpg\" alt=\"\" class=\"wp-image-141414\" srcset=\"https:\/\/epochtimestr.com\/wp-content\/uploads\/2011y\/jane-fadu-533x400.jpg 533w, https:\/\/epochtimestr.com\/wp-content\/uploads\/2011y\/jane-fadu-300x225.jpg 300w, https:\/\/epochtimestr.com\/wp-content\/uploads\/2011y\/jane-fadu-150x113.jpg 150w, https:\/\/epochtimestr.com\/wp-content\/uploads\/2011y\/jane-fadu-86x64.jpg 86w, https:\/\/epochtimestr.com\/wp-content\/uploads\/2011y\/jane-fadu.jpg 584w\" sizes=\"(max-width: 533px) 100vw, 533px\" \/><figcaption class=\"wp-element-caption\">Jane Dai, k\u0131z\u0131 Fadu ile birlikte: Aile foto\u011fraf\u0131nda Fadu&#8217;nun babas\u0131 Chen Chengyong da g\u00f6r\u00fcl\u00fcyor.<br \/>Aile babas\u0131 Falun Gong&#8217;u uygulad\u0131\u011f\u0131 i\u00e7in i\u015fkence edilerek \u00f6ld\u00fcr\u00fclm\u00fc\u015ft\u00fc.<br \/>Foto\u011fraf: Mimi Li\/The Epoch Times<\/figcaption><\/figure><\/div>\n\n<div class=\"wp-block-image\">\n<figure class=\"aligncenter size-large\"><img loading=\"lazy\" decoding=\"async\" width=\"539\" height=\"400\" src=\"https:\/\/epochtimestr.com\/wp-content\/uploads\/2011y\/David-David-1200x890-1200x890-1-539x400.jpeg\" alt=\"\" class=\"wp-image-141415\" srcset=\"https:\/\/epochtimestr.com\/wp-content\/uploads\/2011y\/David-David-1200x890-1200x890-1-539x400.jpeg 539w, https:\/\/epochtimestr.com\/wp-content\/uploads\/2011y\/David-David-1200x890-1200x890-1-300x223.jpeg 300w, https:\/\/epochtimestr.com\/wp-content\/uploads\/2011y\/David-David-1200x890-1200x890-1-150x111.jpeg 150w, https:\/\/epochtimestr.com\/wp-content\/uploads\/2011y\/David-David-1200x890-1200x890-1-768x570.jpeg 768w, https:\/\/epochtimestr.com\/wp-content\/uploads\/2011y\/David-David-1200x890-1200x890-1-86x64.jpeg 86w, https:\/\/epochtimestr.com\/wp-content\/uploads\/2011y\/David-David-1200x890-1200x890-1.jpeg 1200w\" sizes=\"(max-width: 539px) 100vw, 539px\" \/><figcaption class=\"wp-element-caption\">Parlamento Hill, Kanada: Eski Kanada D\u0131\u015fi\u015fleri Bakan\u0131 David Kilgour (sa\u011fda) ve<br \/>insan haklar\u0131 avukat\u0131 David Matas (solda), 31 Ocak 2007&#8217;de \u00c7in&#8217;de organ toplama hakk\u0131nda<br \/>detayl\u0131 raporlar sunup bilgi veriyorlar. Foto\u011fraf: The Epoch Times<\/figcaption><\/figure><\/div>\n\n<div class=\"wp-block-image\">\n<figure class=\"aligncenter size-large\"><img loading=\"lazy\" decoding=\"async\" width=\"584\" height=\"400\" src=\"https:\/\/epochtimestr.com\/wp-content\/uploads\/2011y\/2009-7-12-san-diego711-06-584x400.jpg\" alt=\"\" class=\"wp-image-141416\" srcset=\"https:\/\/epochtimestr.com\/wp-content\/uploads\/2011y\/2009-7-12-san-diego711-06-584x400.jpg 584w, https:\/\/epochtimestr.com\/wp-content\/uploads\/2011y\/2009-7-12-san-diego711-06-300x206.jpg 300w, https:\/\/epochtimestr.com\/wp-content\/uploads\/2011y\/2009-7-12-san-diego711-06-150x103.jpg 150w, https:\/\/epochtimestr.com\/wp-content\/uploads\/2011y\/2009-7-12-san-diego711-06.jpg 750w\" sizes=\"(max-width: 584px) 100vw, 584px\" \/><figcaption class=\"wp-element-caption\">2009 San Diego, Kaliforniya: \u00c7in&#8217;de ki zul\u00fcm s\u0131ras\u0131nda hayat\u0131n\u0131 kaybeden Falun Gong uygulay\u0131c\u0131lar\u0131n\u0131<br \/>anma n\u00f6beti. Foto\u011fraf: Alex Li\/ The Epoch Times<\/figcaption><\/figure><\/div>\n\n<div class=\"wp-block-image\">\n<figure class=\"aligncenter size-large\"><img loading=\"lazy\" decoding=\"async\" width=\"560\" height=\"400\" src=\"https:\/\/epochtimestr.com\/wp-content\/uploads\/2011y\/2020-12-23-mh-persecution-death-1-1024x731-1-560x400.jpeg\" alt=\"\" class=\"wp-image-141417\" srcset=\"https:\/\/epochtimestr.com\/wp-content\/uploads\/2011y\/2020-12-23-mh-persecution-death-1-1024x731-1-560x400.jpeg 560w, https:\/\/epochtimestr.com\/wp-content\/uploads\/2011y\/2020-12-23-mh-persecution-death-1-1024x731-1-300x214.jpeg 300w, https:\/\/epochtimestr.com\/wp-content\/uploads\/2011y\/2020-12-23-mh-persecution-death-1-1024x731-1-150x107.jpeg 150w, https:\/\/epochtimestr.com\/wp-content\/uploads\/2011y\/2020-12-23-mh-persecution-death-1-1024x731-1-768x548.jpeg 768w, https:\/\/epochtimestr.com\/wp-content\/uploads\/2011y\/2020-12-23-mh-persecution-death-1-1024x731-1.jpeg 1024w\" sizes=\"(max-width: 560px) 100vw, 560px\" \/><figcaption class=\"wp-element-caption\">\u00c7KP&#8217;nin ac\u0131mas\u0131z zulm\u00fcn\u00fcn sonucu olarak sadece bu Falun Gong uygulay\u0131c\u0131lar\u0131 \u00f6lmedi.<br \/>Foto\u011fraf: Minghui.org<\/figcaption><\/figure><\/div>\n\n<div class=\"wp-block-image\">\n<figure class=\"aligncenter size-large\"><img loading=\"lazy\" decoding=\"async\" width=\"596\" height=\"400\" src=\"https:\/\/epochtimestr.com\/wp-content\/uploads\/2011y\/2Malaysia-FLG-DSC_0905-596x400.jpg\" alt=\"\" class=\"wp-image-141418\" srcset=\"https:\/\/epochtimestr.com\/wp-content\/uploads\/2011y\/2Malaysia-FLG-DSC_0905-596x400.jpg 596w, https:\/\/epochtimestr.com\/wp-content\/uploads\/2011y\/2Malaysia-FLG-DSC_0905-300x201.jpg 300w, https:\/\/epochtimestr.com\/wp-content\/uploads\/2011y\/2Malaysia-FLG-DSC_0905-150x101.jpg 150w, https:\/\/epochtimestr.com\/wp-content\/uploads\/2011y\/2Malaysia-FLG-DSC_0905-768x515.jpg 768w, https:\/\/epochtimestr.com\/wp-content\/uploads\/2011y\/2Malaysia-FLG-DSC_0905-1536x1031.jpg 1536w, https:\/\/epochtimestr.com\/wp-content\/uploads\/2011y\/2Malaysia-FLG-DSC_0905.jpg 1767w\" sizes=\"(max-width: 596px) 100vw, 596px\" \/><figcaption class=\"wp-element-caption\">Falun Gong uygulay\u0131c\u0131lar\u0131 ABD B\u00fcy\u00fckel\u00e7ili\u011fi yak\u0131n\u0131nda bar\u0131\u015f\u00e7\u0131l bir toplant\u0131 d\u00fczenlediler.<br \/>Olay, ABD D\u0131\u015fi\u015fleri Bakan\u0131 John Kerry&#8217;nin 6 Ekim 2013 tarihinde Malezya&#8217;ya yapt\u0131\u011f\u0131 bir<br \/>ziyareti vesilesiyle ger\u00e7ekle\u015fti. Grup, Ba\u015fkan Obama&#8217;y\u0131 \u00c7in&#8217;de devam eden Falun Gong zulm\u00fcn\u00fc<br \/>alenen k\u0131namaya \u00e7a\u011f\u0131rd\u0131. Foto\u011fraf: The Epoch Times<\/figcaption><\/figure><\/div>\n\n<div class=\"wp-block-image\">\n<figure class=\"aligncenter size-large\"><img loading=\"lazy\" decoding=\"async\" width=\"600\" height=\"400\" src=\"https:\/\/epochtimestr.com\/wp-content\/uploads\/2011y\/20140717_EdwardDai_037-1200x800-1-600x400.jpg\" alt=\"\" class=\"wp-image-141419\" srcset=\"https:\/\/epochtimestr.com\/wp-content\/uploads\/2011y\/20140717_EdwardDai_037-1200x800-1-600x400.jpg 600w, https:\/\/epochtimestr.com\/wp-content\/uploads\/2011y\/20140717_EdwardDai_037-1200x800-1-300x200.jpg 300w, https:\/\/epochtimestr.com\/wp-content\/uploads\/2011y\/20140717_EdwardDai_037-1200x800-1-150x100.jpg 150w, https:\/\/epochtimestr.com\/wp-content\/uploads\/2011y\/20140717_EdwardDai_037-1200x800-1-768x512.jpg 768w, https:\/\/epochtimestr.com\/wp-content\/uploads\/2011y\/20140717_EdwardDai_037-1200x800-1.jpg 1200w\" sizes=\"(max-width: 600px) 100vw, 600px\" \/><figcaption class=\"wp-element-caption\">Washington, D.C. Ge\u00e7it T\u00f6reni: Falun Gong uygulay\u0131c\u0131lar\u0131, 17 Temmuz 2014&#8217;te \u00c7in&#8217;deki zulm\u00fcn<br \/>sona erdirilmesi \u00e7a\u011fr\u0131s\u0131nda bulundu. Foto\u011fraf: Edward Dye\/Epoch Times<\/figcaption><\/figure><\/div>\n\n<div class=\"wp-block-image\">\n<figure class=\"aligncenter size-large is-resized\"><img loading=\"lazy\" decoding=\"async\" src=\"https:\/\/epochtimestr.com\/wp-content\/uploads\/2011y\/20150716-falun-gong-candle-light-vigil-washington-petrsvab-9678_1-1200x800-1-600x400.jpg\" alt=\"\" class=\"wp-image-141421\" width=\"600\" height=\"400\" srcset=\"https:\/\/epochtimestr.com\/wp-content\/uploads\/2011y\/20150716-falun-gong-candle-light-vigil-washington-petrsvab-9678_1-1200x800-1-600x400.jpg 600w, https:\/\/epochtimestr.com\/wp-content\/uploads\/2011y\/20150716-falun-gong-candle-light-vigil-washington-petrsvab-9678_1-1200x800-1-300x200.jpg 300w, https:\/\/epochtimestr.com\/wp-content\/uploads\/2011y\/20150716-falun-gong-candle-light-vigil-washington-petrsvab-9678_1-1200x800-1-150x100.jpg 150w, https:\/\/epochtimestr.com\/wp-content\/uploads\/2011y\/20150716-falun-gong-candle-light-vigil-washington-petrsvab-9678_1-1200x800-1-768x512.jpg 768w, https:\/\/epochtimestr.com\/wp-content\/uploads\/2011y\/20150716-falun-gong-candle-light-vigil-washington-petrsvab-9678_1-1200x800-1.jpg 1200w\" sizes=\"(max-width: 600px) 100vw, 600px\" \/><figcaption class=\"wp-element-caption\">Devam eden zulm\u00fc protesto etmek i\u00e7in 16 Temmuz 2015&#8217;te Washington An\u0131t\u0131 \u00f6n\u00fcnde d\u00fczenlenen anma n\u00f6beti.<br \/>Foto\u011fraf: Petr Svab\/Epoch Times<\/figcaption><\/figure><\/div>\n\n<div class=\"wp-block-image\">\n<figure class=\"aligncenter size-large is-resized\"><img loading=\"lazy\" decoding=\"async\" src=\"https:\/\/epochtimestr.com\/wp-content\/uploads\/2011y\/Falun_Dafa_DC-Benjamin_Chasteen-1471-20160714-1200x800-1-600x400.jpg\" alt=\"\" class=\"wp-image-141422\" width=\"617\" height=\"411\" srcset=\"https:\/\/epochtimestr.com\/wp-content\/uploads\/2011y\/Falun_Dafa_DC-Benjamin_Chasteen-1471-20160714-1200x800-1-600x400.jpg 600w, https:\/\/epochtimestr.com\/wp-content\/uploads\/2011y\/Falun_Dafa_DC-Benjamin_Chasteen-1471-20160714-1200x800-1-300x200.jpg 300w, https:\/\/epochtimestr.com\/wp-content\/uploads\/2011y\/Falun_Dafa_DC-Benjamin_Chasteen-1471-20160714-1200x800-1-150x100.jpg 150w, https:\/\/epochtimestr.com\/wp-content\/uploads\/2011y\/Falun_Dafa_DC-Benjamin_Chasteen-1471-20160714-1200x800-1-768x512.jpg 768w, https:\/\/epochtimestr.com\/wp-content\/uploads\/2011y\/Falun_Dafa_DC-Benjamin_Chasteen-1471-20160714-1200x800-1.jpg 1200w\" sizes=\"(max-width: 617px) 100vw, 617px\" \/><figcaption class=\"wp-element-caption\">Politika\u00e7\u0131 Ileana Ros-Lehtinen, 14 Temmuz 2016&#8217;da Washington Capitol&#8217;deki bir mitingde,<br \/>Falun Gong&#8217;a kar\u015f\u0131 y\u00fcr\u00fct\u00fclen zulm\u00fce bir an evvel son verilmesi \u00e7a\u011fr\u0131s\u0131nda bulundu.<br \/>Foto\u011fraf: The Epoch Times<\/figcaption><\/figure><\/div>\n\n<div class=\"wp-block-image\">\n<figure class=\"aligncenter size-large\"><img loading=\"lazy\" decoding=\"async\" width=\"600\" height=\"400\" src=\"https:\/\/epochtimestr.com\/wp-content\/uploads\/2011y\/20160825-Toronto-Rescue-Yanjie-Luo-Mother-of-Wenta-Fan-600x400.jpg\" alt=\"\" class=\"wp-image-141423\" srcset=\"https:\/\/epochtimestr.com\/wp-content\/uploads\/2011y\/20160825-Toronto-Rescue-Yanjie-Luo-Mother-of-Wenta-Fan.jpg 600w, https:\/\/epochtimestr.com\/wp-content\/uploads\/2011y\/20160825-Toronto-Rescue-Yanjie-Luo-Mother-of-Wenta-Fan-300x200.jpg 300w, https:\/\/epochtimestr.com\/wp-content\/uploads\/2011y\/20160825-Toronto-Rescue-Yanjie-Luo-Mother-of-Wenta-Fan-150x100.jpg 150w\" sizes=\"(max-width: 600px) 100vw, 600px\" \/><figcaption class=\"wp-element-caption\">Wenta Fan, 25 A\u011fustos 2016&#8217;da Toronto Belediye Binas\u0131 \u00f6n\u00fcnde annesi Yanjie Luo&#8217;nun<br \/>portresinin oldu\u011fu bir poster tutuyor. Annesi, Falun Gong&#8217;u uygulad\u0131\u011f\u0131 i\u00e7in 2011 y\u0131l\u0131nda<br \/>\u00c7in&#8217;de 13 y\u0131l hapis cezas\u0131na \u00e7arpt\u0131r\u0131ld\u0131. Etkinlikte kat\u0131l\u0131mc\u0131lar, Ba\u015fbakan Justin<br \/>Trudeau&#8217;den \u00c7in&#8217;de tutuklu 12 aile \u00fcyesinin serbest b\u0131rak\u0131lmas\u0131 i\u00e7in yard\u0131m etmesini istedi.<br \/>Foto\u011fraf: Yi Ling\/Epoch Times<\/figcaption><\/figure><\/div>\n\n<div class=\"wp-block-image\">\n<figure class=\"aligncenter size-large\"><img loading=\"lazy\" decoding=\"async\" width=\"600\" height=\"400\" src=\"https:\/\/epochtimestr.com\/wp-content\/uploads\/2011y\/SM1f-1200x800-1-600x400.jpg\" alt=\"\" class=\"wp-image-141425\" srcset=\"https:\/\/epochtimestr.com\/wp-content\/uploads\/2011y\/SM1f-1200x800-1-600x400.jpg 600w, https:\/\/epochtimestr.com\/wp-content\/uploads\/2011y\/SM1f-1200x800-1-300x200.jpg 300w, https:\/\/epochtimestr.com\/wp-content\/uploads\/2011y\/SM1f-1200x800-1-150x100.jpg 150w, https:\/\/epochtimestr.com\/wp-content\/uploads\/2011y\/SM1f-1200x800-1-768x512.jpg 768w, https:\/\/epochtimestr.com\/wp-content\/uploads\/2011y\/SM1f-1200x800-1.jpg 1200w\" sizes=\"(max-width: 600px) 100vw, 600px\" \/><figcaption class=\"wp-element-caption\">17 Temmuz 2016 Kaliforniya, Santa Monica&#8217;daki Falun Gong uygulay\u0131c\u0131lar\u0131 \u00c7in&#8217;deki<br \/>yasa d\u0131\u015f\u0131 organ toplama ve di\u011fer insan haklar\u0131 ihlallerini duyurdu.<br \/>Foto\u011fraf: Xu Touhui\/Epoch Times<\/figcaption><\/figure><\/div>\n\n<div class=\"wp-block-image\">\n<figure class=\"aligncenter size-large\"><img loading=\"lazy\" decoding=\"async\" width=\"533\" height=\"400\" src=\"https:\/\/epochtimestr.com\/wp-content\/uploads\/2011y\/2017-1-8-duhaipeng_01-533x400.jpg\" alt=\"\" class=\"wp-image-141427\" srcset=\"https:\/\/epochtimestr.com\/wp-content\/uploads\/2011y\/2017-1-8-duhaipeng_01-533x400.jpg 533w, https:\/\/epochtimestr.com\/wp-content\/uploads\/2011y\/2017-1-8-duhaipeng_01-300x225.jpg 300w, https:\/\/epochtimestr.com\/wp-content\/uploads\/2011y\/2017-1-8-duhaipeng_01-150x113.jpg 150w, https:\/\/epochtimestr.com\/wp-content\/uploads\/2011y\/2017-1-8-duhaipeng_01-768x576.jpg 768w, https:\/\/epochtimestr.com\/wp-content\/uploads\/2011y\/2017-1-8-duhaipeng_01-86x64.jpg 86w, https:\/\/epochtimestr.com\/wp-content\/uploads\/2011y\/2017-1-8-duhaipeng_01.jpg 960w\" sizes=\"(max-width: 533px) 100vw, 533px\" \/><figcaption class=\"wp-element-caption\">Du Haipeng, 7 Ocak 2016&#8217;da Washington D.C.&#8217;deki \u00c7in B\u00fcy\u00fckel\u00e7ili\u011fi \u00f6n\u00fcnde annesinin serbest<br \/>b\u0131rak\u0131lmas\u0131 i\u00e7in \u00e7a\u011fr\u0131da bulundu. Annesi \u00c7in&#8217;de Falun Gong uygulad\u0131\u011f\u0131 i\u00e7in tutuklanm\u0131\u015ft\u0131.<br \/>Foto\u011fraf: Minghui.org<\/figcaption><\/figure><\/div>\n\n<div class=\"wp-block-image\">\n<figure class=\"aligncenter size-large\"><img loading=\"lazy\" decoding=\"async\" width=\"600\" height=\"400\" src=\"https:\/\/epochtimestr.com\/wp-content\/uploads\/2011y\/sun-qian-600x400.jpg\" alt=\"\" class=\"wp-image-141428\" srcset=\"https:\/\/epochtimestr.com\/wp-content\/uploads\/2011y\/sun-qian.jpg 600w, https:\/\/epochtimestr.com\/wp-content\/uploads\/2011y\/sun-qian-300x200.jpg 300w, https:\/\/epochtimestr.com\/wp-content\/uploads\/2011y\/sun-qian-150x100.jpg 150w\" sizes=\"(max-width: 600px) 100vw, 600px\" \/><figcaption class=\"wp-element-caption\">Bir Falun Dafa uygulay\u0131c\u0131s\u0131 ve Kanada vatanda\u015f\u0131 olan Sun Qian, \u015eubat 2017&#8217;den beri<br \/>\u00c7in&#8217;de al\u0131konulmaktad\u0131r. Foto\u011fraf: The Epoch Times\/Handout<\/figcaption><\/figure><\/div>\n\n<div class=\"wp-block-image\">\n<figure class=\"aligncenter size-large\"><img loading=\"lazy\" decoding=\"async\" width=\"600\" height=\"338\" src=\"https:\/\/epochtimestr.com\/wp-content\/uploads\/2011y\/MontrealChineseConsulate-20170719_NathalieDieul-ET_005-1200x676-1-600x338.jpg\" alt=\"\" class=\"wp-image-141429\" srcset=\"https:\/\/epochtimestr.com\/wp-content\/uploads\/2011y\/MontrealChineseConsulate-20170719_NathalieDieul-ET_005-1200x676-1-600x338.jpg 600w, https:\/\/epochtimestr.com\/wp-content\/uploads\/2011y\/MontrealChineseConsulate-20170719_NathalieDieul-ET_005-1200x676-1-300x169.jpg 300w, https:\/\/epochtimestr.com\/wp-content\/uploads\/2011y\/MontrealChineseConsulate-20170719_NathalieDieul-ET_005-1200x676-1-150x85.jpg 150w, https:\/\/epochtimestr.com\/wp-content\/uploads\/2011y\/MontrealChineseConsulate-20170719_NathalieDieul-ET_005-1200x676-1-768x433.jpg 768w, https:\/\/epochtimestr.com\/wp-content\/uploads\/2011y\/MontrealChineseConsulate-20170719_NathalieDieul-ET_005-1200x676-1.jpg 1200w\" sizes=\"(max-width: 600px) 100vw, 600px\" \/><figcaption class=\"wp-element-caption\">19 Temmuz 2017&#8217;de Montreal&#8217;deki \u00c7in konsoloslu\u011fu \u00f6n\u00fcnde bar\u0131\u015f\u00e7\u0131l bir miting.<br \/>2017 \u00c7in Kom\u00fcnist Partisi&#8217;nin zulm\u00fcn\u00fcn 18. y\u0131ld\u00f6n\u00fcm\u00fcyd\u00fc.<br \/>Foto\u011fraf: Nathalie Dieul\/The Epoch Times<br \/><br \/><\/figcaption><\/figure><\/div>\n\n<div class=\"wp-block-image\">\n<figure class=\"aligncenter size-large\"><img loading=\"lazy\" decoding=\"async\" width=\"533\" height=\"400\" src=\"https:\/\/epochtimestr.com\/wp-content\/uploads\/2011y\/Torture-533x400.jpg\" alt=\"\" class=\"wp-image-141430\" srcset=\"https:\/\/epochtimestr.com\/wp-content\/uploads\/2011y\/Torture-533x400.jpg 533w, https:\/\/epochtimestr.com\/wp-content\/uploads\/2011y\/Torture-300x225.jpg 300w, https:\/\/epochtimestr.com\/wp-content\/uploads\/2011y\/Torture-150x113.jpg 150w, https:\/\/epochtimestr.com\/wp-content\/uploads\/2011y\/Torture-768x576.jpg 768w, https:\/\/epochtimestr.com\/wp-content\/uploads\/2011y\/Torture-86x64.jpg 86w, https:\/\/epochtimestr.com\/wp-content\/uploads\/2011y\/Torture.jpg 1024w\" sizes=\"(max-width: 533px) 100vw, 533px\" \/><figcaption class=\"wp-element-caption\">23 Temmuz 2018&#8217;de Washington&#8217;daki Russell Senatosundaki &#8220;\u00c7in&#8217;deki Dini Zul\u00fcm&#8221; yuvarlak<br \/>masa toplant\u0131s\u0131nda dokunakl\u0131 bir an: Falun Gong uygulay\u0131c\u0131s\u0131 Chi Lihua ve k\u0131z\u0131 Xu Xinyang,<br \/>Aile babas\u0131 Xu Dawei&#8217;nin hapsedilmeden \u00f6ncesi ve sonras\u0131 \u00e7ekilmi\u015f foto\u011fraflar\u0131n\u0131<br \/>g\u00f6steriyorlar. Jennifer Zeng\/Epoch Times<\/figcaption><\/figure><\/div>\n\n<div class=\"wp-block-image\">\n<figure class=\"aligncenter size-large\"><img loading=\"lazy\" decoding=\"async\" width=\"600\" height=\"400\" src=\"https:\/\/epochtimestr.com\/wp-content\/uploads\/2011y\/016-20180622-_96A6064-MARK_ZOU-1200x800-1-600x400.jpg\" alt=\"\" class=\"wp-image-141431\" srcset=\"https:\/\/epochtimestr.com\/wp-content\/uploads\/2011y\/016-20180622-_96A6064-MARK_ZOU-1200x800-1-600x400.jpg 600w, https:\/\/epochtimestr.com\/wp-content\/uploads\/2011y\/016-20180622-_96A6064-MARK_ZOU-1200x800-1-300x200.jpg 300w, https:\/\/epochtimestr.com\/wp-content\/uploads\/2011y\/016-20180622-_96A6064-MARK_ZOU-1200x800-1-150x100.jpg 150w, https:\/\/epochtimestr.com\/wp-content\/uploads\/2011y\/016-20180622-_96A6064-MARK_ZOU-1200x800-1-768x512.jpg 768w, https:\/\/epochtimestr.com\/wp-content\/uploads\/2011y\/016-20180622-_96A6064-MARK_ZOU-1200x800-1.jpg 1200w\" sizes=\"(max-width: 600px) 100vw, 600px\" \/><figcaption class=\"wp-element-caption\">\u00c7in&#8217;de inan\u00e7lar\u0131 nedeniyle \u00f6ld\u00fcr\u00fclen bir\u00e7ok uygulay\u0131c\u0131y\u0131 an\u0131s\u0131na, 22 Haziran 2018&#8217;de<br \/>Washington&#8217;da mum \u0131\u015f\u0131\u011f\u0131 n\u00f6beti. Foto\u011fraf: Mark Zou\/The Epoch Times<\/figcaption><\/figure><\/div>\n\n<div class=\"wp-block-image\">\n<figure class=\"aligncenter size-large\"><img loading=\"lazy\" decoding=\"async\" width=\"600\" height=\"400\" src=\"https:\/\/epochtimestr.com\/wp-content\/uploads\/2011y\/20180620-Edward-Dye-023-1200x800-1-600x400.jpg\" alt=\"\" class=\"wp-image-141432\" srcset=\"https:\/\/epochtimestr.com\/wp-content\/uploads\/2011y\/20180620-Edward-Dye-023-1200x800-1-600x400.jpg 600w, https:\/\/epochtimestr.com\/wp-content\/uploads\/2011y\/20180620-Edward-Dye-023-1200x800-1-300x200.jpg 300w, https:\/\/epochtimestr.com\/wp-content\/uploads\/2011y\/20180620-Edward-Dye-023-1200x800-1-150x100.jpg 150w, https:\/\/epochtimestr.com\/wp-content\/uploads\/2011y\/20180620-Edward-Dye-023-1200x800-1-768x512.jpg 768w, https:\/\/epochtimestr.com\/wp-content\/uploads\/2011y\/20180620-Edward-Dye-023-1200x800-1.jpg 1200w\" sizes=\"(max-width: 600px) 100vw, 600px\" \/><figcaption class=\"wp-element-caption\">20 Haziran 2018&#8217;de Washington&#8217;da yakla\u015f\u0131k 5.000 Falun Gong uygulay\u0131c\u0131s\u0131 miting d\u00fczenledi:<br \/>Kongre \u00dcyesi Dana Rohrabacher, \u00c7in&#8217;nin Falun Gong zulm\u00fcne son vermesi y\u00f6n\u00fcnde \u00e7a\u011fr\u0131da bulundu.<br \/>Foto\u011fraf: Edward Dye\/Epoch Times<br \/><br \/><\/figcaption><\/figure><\/div>\n\n<div class=\"wp-block-image\">\n<figure class=\"aligncenter size-large\"><img loading=\"lazy\" decoding=\"async\" width=\"536\" height=\"400\" src=\"https:\/\/epochtimestr.com\/wp-content\/uploads\/2011y\/Falun-Gong-practitioners-take-part-in-a-parade-commemorating-the-20th-anniversary-of-the-persecution-of-Falun-Gong-in-China-in-Washington-on-July-18-2019.-1200x895-1-536x400.jpg\" alt=\"\" class=\"wp-image-141434\" srcset=\"https:\/\/epochtimestr.com\/wp-content\/uploads\/2011y\/Falun-Gong-practitioners-take-part-in-a-parade-commemorating-the-20th-anniversary-of-the-persecution-of-Falun-Gong-in-China-in-Washington-on-July-18-2019.-1200x895-1-536x400.jpg 536w, https:\/\/epochtimestr.com\/wp-content\/uploads\/2011y\/Falun-Gong-practitioners-take-part-in-a-parade-commemorating-the-20th-anniversary-of-the-persecution-of-Falun-Gong-in-China-in-Washington-on-July-18-2019.-1200x895-1-300x224.jpg 300w, https:\/\/epochtimestr.com\/wp-content\/uploads\/2011y\/Falun-Gong-practitioners-take-part-in-a-parade-commemorating-the-20th-anniversary-of-the-persecution-of-Falun-Gong-in-China-in-Washington-on-July-18-2019.-1200x895-1-150x112.jpg 150w, https:\/\/epochtimestr.com\/wp-content\/uploads\/2011y\/Falun-Gong-practitioners-take-part-in-a-parade-commemorating-the-20th-anniversary-of-the-persecution-of-Falun-Gong-in-China-in-Washington-on-July-18-2019.-1200x895-1-768x573.jpg 768w, https:\/\/epochtimestr.com\/wp-content\/uploads\/2011y\/Falun-Gong-practitioners-take-part-in-a-parade-commemorating-the-20th-anniversary-of-the-persecution-of-Falun-Gong-in-China-in-Washington-on-July-18-2019.-1200x895-1-86x64.jpg 86w, https:\/\/epochtimestr.com\/wp-content\/uploads\/2011y\/Falun-Gong-practitioners-take-part-in-a-parade-commemorating-the-20th-anniversary-of-the-persecution-of-Falun-Gong-in-China-in-Washington-on-July-18-2019.-1200x895-1.jpg 1200w\" sizes=\"(max-width: 536px) 100vw, 536px\" \/><figcaption class=\"wp-element-caption\">Falun Gong uygulay\u0131c\u0131lar\u0131, 18 Temmuz 2019&#8217;da Washington DC&#8217;de, \u00c7in&#8217;de Falun Gong&#8217;a kar\u015f\u0131<br \/>y\u00fcr\u00fct\u00fclen zulm\u00fcn 20. y\u0131ld\u00f6n\u00fc anma t\u00f6renine kat\u0131ld\u0131lar. Foto\u011fraf: Samira Bouaou\/The Epoch Times<br \/><br \/><br \/><br \/><br \/><\/figcaption><\/figure><\/div>\n\n<div class=\"wp-block-image\">\n<figure class=\"aligncenter size-large\"><img loading=\"lazy\" decoding=\"async\" width=\"600\" height=\"400\" src=\"https:\/\/epochtimestr.com\/wp-content\/uploads\/2011y\/EpochTimes_9A6A7148-1200x800-1-600x400.jpg\" alt=\"\" class=\"wp-image-141436\" srcset=\"https:\/\/epochtimestr.com\/wp-content\/uploads\/2011y\/EpochTimes_9A6A7148-1200x800-1-600x400.jpg 600w, https:\/\/epochtimestr.com\/wp-content\/uploads\/2011y\/EpochTimes_9A6A7148-1200x800-1-300x200.jpg 300w, https:\/\/epochtimestr.com\/wp-content\/uploads\/2011y\/EpochTimes_9A6A7148-1200x800-1-150x100.jpg 150w, https:\/\/epochtimestr.com\/wp-content\/uploads\/2011y\/EpochTimes_9A6A7148-1200x800-1-768x512.jpg 768w, https:\/\/epochtimestr.com\/wp-content\/uploads\/2011y\/EpochTimes_9A6A7148-1200x800-1.jpg 1200w\" sizes=\"(max-width: 600px) 100vw, 600px\" \/><figcaption class=\"wp-element-caption\">Manhattan, New York City, 16 May\u0131s 2019: Jason Xiong da Falun Dafa&#8217;ya olan inanc\u0131ndan dolay\u0131<br \/>\u00c7in&#8217;de i\u015fkence maruz b\u0131rak\u0131ld\u0131. Foto\u011fraf: Samira Bouaou\/The Epoch Times<\/figcaption><\/figure><\/div>\n\n<div class=\"wp-block-image\">\n<figure class=\"aligncenter size-large\"><img loading=\"lazy\" decoding=\"async\" width=\"600\" height=\"400\" src=\"https:\/\/epochtimestr.com\/wp-content\/uploads\/2011y\/rally-capital-washington.-1200x800-1-600x400.jpeg\" alt=\"\" class=\"wp-image-141437\" srcset=\"https:\/\/epochtimestr.com\/wp-content\/uploads\/2011y\/rally-capital-washington.-1200x800-1-600x400.jpeg 600w, https:\/\/epochtimestr.com\/wp-content\/uploads\/2011y\/rally-capital-washington.-1200x800-1-300x200.jpeg 300w, https:\/\/epochtimestr.com\/wp-content\/uploads\/2011y\/rally-capital-washington.-1200x800-1-150x100.jpeg 150w, https:\/\/epochtimestr.com\/wp-content\/uploads\/2011y\/rally-capital-washington.-1200x800-1-768x512.jpeg 768w, https:\/\/epochtimestr.com\/wp-content\/uploads\/2011y\/rally-capital-washington.-1200x800-1.jpeg 1200w\" sizes=\"(max-width: 600px) 100vw, 600px\" \/><figcaption class=\"wp-element-caption\">Falun Gong uygulay\u0131c\u0131lar\u0131, \u00c7in&#8217;deki zulm\u00fcn 22. y\u0131ld\u00f6n\u00fcm\u00fcn\u00fc anmak i\u00e7in 16 Temmuz 2021&#8217;de<br \/>Washington&#8217;da topland\u0131lar. Foto\u011fraf: Larry Dye\/The Epoch Times<\/figcaption><\/figure><\/div>\n\n<div class=\"wp-block-image\">\n<figure class=\"aligncenter size-large\"><img loading=\"lazy\" decoding=\"async\" width=\"600\" height=\"400\" src=\"https:\/\/epochtimestr.com\/wp-content\/uploads\/2011y\/Epoch-Times-9A6A1127-1200x800-1-600x400.jpg\" alt=\"\" class=\"wp-image-141439\" srcset=\"https:\/\/epochtimestr.com\/wp-content\/uploads\/2011y\/Epoch-Times-9A6A1127-1200x800-1-600x400.jpg 600w, https:\/\/epochtimestr.com\/wp-content\/uploads\/2011y\/Epoch-Times-9A6A1127-1200x800-1-300x200.jpg 300w, https:\/\/epochtimestr.com\/wp-content\/uploads\/2011y\/Epoch-Times-9A6A1127-1200x800-1-150x100.jpg 150w, https:\/\/epochtimestr.com\/wp-content\/uploads\/2011y\/Epoch-Times-9A6A1127-1200x800-1-768x512.jpg 768w, https:\/\/epochtimestr.com\/wp-content\/uploads\/2011y\/Epoch-Times-9A6A1127-1200x800-1.jpg 1200w\" sizes=\"(max-width: 600px) 100vw, 600px\" \/><figcaption class=\"wp-element-caption\">Falun Gong&#8217;a yap\u0131lan zulm\u00fcn 22. y\u0131ld\u00f6n\u00fcm\u00fcnde toplanan uygulay\u0131c\u0131lar, 16 Temmuz 2021&#8217;de Washington DC&#8217;deki bir etkinlikte s\u0131ras\u0131nda meditasyon egzersizlerini g\u00f6sterirler.<br \/>Foto\u011fraf: Samira Bouaou\/The Epoch Times<\/figcaption><\/figure><\/div>\n\n<div class=\"wp-block-image\">\n<figure class=\"aligncenter size-large is-resized\"><img loading=\"lazy\" decoding=\"async\" src=\"https:\/\/epochtimestr.com\/wp-content\/uploads\/2011y\/Epoch-Times-9A6A1298-1200x800-1-600x400.jpg\" alt=\"\" class=\"wp-image-141441\" width=\"600\" height=\"400\" srcset=\"https:\/\/epochtimestr.com\/wp-content\/uploads\/2011y\/Epoch-Times-9A6A1298-1200x800-1-600x400.jpg 600w, https:\/\/epochtimestr.com\/wp-content\/uploads\/2011y\/Epoch-Times-9A6A1298-1200x800-1-300x200.jpg 300w, https:\/\/epochtimestr.com\/wp-content\/uploads\/2011y\/Epoch-Times-9A6A1298-1200x800-1-150x100.jpg 150w, https:\/\/epochtimestr.com\/wp-content\/uploads\/2011y\/Epoch-Times-9A6A1298-1200x800-1-768x512.jpg 768w, https:\/\/epochtimestr.com\/wp-content\/uploads\/2011y\/Epoch-Times-9A6A1298-1200x800-1.jpg 1200w\" sizes=\"(max-width: 600px) 100vw, 600px\" \/><figcaption class=\"wp-element-caption\">16 Temmuz 2021&#8217;de Washington An\u0131t\u0131 \u00f6n\u00fcnde mum \u0131\u015f\u0131\u011f\u0131 n\u00f6beti: Gen\u00e7 Bayan Babas\u0131n\u0131n bir foto\u011fraf\u0131<br \/>tutmakta. Aile babas\u0131. inanc\u0131ndan dolay\u0131 \u00c7KP taraf\u0131ndan i\u015fkence edilerek \u00f6ld\u00fcr\u00fcld\u00fc.<br \/>Foto\u011fraf: Samira Bouaou\/The Epoch Times<\/figcaption><\/figure><\/div>\n\n<div class=\"wp-block-image\">\n<figure class=\"aligncenter size-large\"><img loading=\"lazy\" decoding=\"async\" width=\"600\" height=\"207\" src=\"https:\/\/epochtimestr.com\/wp-content\/uploads\/2011y\/stravet-600x207.jpg\" alt=\"\" class=\"wp-image-141442\" srcset=\"https:\/\/epochtimestr.com\/wp-content\/uploads\/2011y\/stravet-600x207.jpg 600w, https:\/\/epochtimestr.com\/wp-content\/uploads\/2011y\/stravet-300x104.jpg 300w, https:\/\/epochtimestr.com\/wp-content\/uploads\/2011y\/stravet-150x52.jpg 150w, https:\/\/epochtimestr.com\/wp-content\/uploads\/2011y\/stravet.jpg 750w\" sizes=\"(max-width: 600px) 100vw, 600px\" \/><figcaption class=\"wp-element-caption\">Falun Gong uygulay\u0131c\u0131s\u0131 Zhu Hongbin, Daqing Hapishanesinde yasad\u0131\u015f\u0131 bir bi\u00e7imde g\u00f6zalt\u0131nda<br \/>tutuldu\u011fu ve orada maruz kald\u0131\u011f\u0131 i\u015fkence sebebiyle \u00f6ld\u00fc. Foto\u011fraf: Minghui.org<\/figcaption><\/figure><\/div>\n\n<div class=\"wp-block-image\">\n<figure class=\"aligncenter size-large is-resized\"><img loading=\"lazy\" decoding=\"async\" src=\"https:\/\/epochtimestr.com\/wp-content\/uploads\/2011y\/2022September10-142022-2-1200x801-1-600x400.jpg\" alt=\"\" class=\"wp-image-141443\" width=\"600\" height=\"400\" srcset=\"https:\/\/epochtimestr.com\/wp-content\/uploads\/2011y\/2022September10-142022-2-1200x801-1-600x400.jpg 600w, https:\/\/epochtimestr.com\/wp-content\/uploads\/2011y\/2022September10-142022-2-1200x801-1-300x200.jpg 300w, https:\/\/epochtimestr.com\/wp-content\/uploads\/2011y\/2022September10-142022-2-1200x801-1-150x100.jpg 150w, https:\/\/epochtimestr.com\/wp-content\/uploads\/2011y\/2022September10-142022-2-1200x801-1-768x513.jpg 768w, https:\/\/epochtimestr.com\/wp-content\/uploads\/2011y\/2022September10-142022-2-1200x801-1.jpg 1200w\" sizes=\"(max-width: 600px) 100vw, 600px\" \/><figcaption class=\"wp-element-caption\">Var\u015fova, 9 Eyl\u00fcl 2022: Manevi uygulaman\u0131n g\u00f6rd\u00fc\u011f\u00fc zulm\u00fc hakk\u0131nda bilgi veriliyor.<br \/>Foto\u011fraf: Mihut Savu\/The Epoch Times<\/figcaption><\/figure><\/div>\n\n<div class=\"wp-block-image\">\n<figure class=\"aligncenter size-large\"><img loading=\"lazy\" decoding=\"async\" width=\"590\" height=\"400\" src=\"https:\/\/epochtimestr.com\/wp-content\/uploads\/2011y\/07212022-DSC05854-1200x814-1-590x400.jpg\" alt=\"\" class=\"wp-image-141444\" srcset=\"https:\/\/epochtimestr.com\/wp-content\/uploads\/2011y\/07212022-DSC05854-1200x814-1-590x400.jpg 590w, https:\/\/epochtimestr.com\/wp-content\/uploads\/2011y\/07212022-DSC05854-1200x814-1-300x204.jpg 300w, https:\/\/epochtimestr.com\/wp-content\/uploads\/2011y\/07212022-DSC05854-1200x814-1-150x102.jpg 150w, https:\/\/epochtimestr.com\/wp-content\/uploads\/2011y\/07212022-DSC05854-1200x814-1-768x521.jpg 768w, https:\/\/epochtimestr.com\/wp-content\/uploads\/2011y\/07212022-DSC05854-1200x814-1.jpg 1200w\" sizes=\"(max-width: 590px) 100vw, 590px\" \/><figcaption class=\"wp-element-caption\">Anne Ju Reihjong ve k\u0131z\u0131 Li Xiaohua , 21 Temmuz 2022&#8217;de Washington An\u0131t\u0131&#8217;ndaki n\u00f6bete<br \/>kat\u0131lm\u0131\u015ft\u0131. Ju, \u00c7in&#8217;deki zul\u00fcmden sa\u011f kurtulamayan kocas\u0131 Li Delong&#8217;un bir foto\u011fraf\u0131n\u0131<br \/>elinde tutuyordu. Foto\u011fraf: Samira Bouaou\/The Epoch Times<\/figcaption><\/figure><\/div>\n\n<div class=\"wp-block-image\">\n<figure class=\"aligncenter size-large\"><img loading=\"lazy\" decoding=\"async\" width=\"600\" height=\"378\" src=\"https:\/\/epochtimestr.com\/wp-content\/uploads\/2011y\/Vigil2-1-1200x756-1-600x378.png\" alt=\"\" class=\"wp-image-141446\" srcset=\"https:\/\/epochtimestr.com\/wp-content\/uploads\/2011y\/Vigil2-1-1200x756-1-600x378.png 600w, https:\/\/epochtimestr.com\/wp-content\/uploads\/2011y\/Vigil2-1-1200x756-1-300x189.png 300w, https:\/\/epochtimestr.com\/wp-content\/uploads\/2011y\/Vigil2-1-1200x756-1-150x95.png 150w, https:\/\/epochtimestr.com\/wp-content\/uploads\/2011y\/Vigil2-1-1200x756-1-768x484.png 768w, https:\/\/epochtimestr.com\/wp-content\/uploads\/2011y\/Vigil2-1-1200x756-1.png 1200w\" sizes=\"(max-width: 600px) 100vw, 600px\" \/><figcaption class=\"wp-element-caption\">&#8220;Falun Dafa \u0130yi&#8221;: 21 Temmuz 2022&#8217;de binden fazla Falun Gong uygulay\u0131c\u0131s\u0131 Washington<br \/>An\u0131t\u0131n\u0131n \u00f6n\u00fcnde mum \u0131\u015f\u0131\u011f\u0131 n\u00f6beti tutarken. Foto\u011fraf: Lisa Fan\/The Epoch Times<\/figcaption><\/figure><\/div>\n\n\n<p>Bu makale ilk olarak theepochtimes.com&#8217;da : &#8220;Foto\u011fraf Galerisi: Jiang Zemin&#8217;in Kanl\u0131 Zul\u00fcm Miras\u0131&#8221; ba\u015fl\u0131\u011f\u0131 ad\u0131 alt\u0131nda yay\u0131nlanm\u0131\u015ft\u0131r.<\/p>\n\n\n\n<p>\u00c7eviri: Evren Durmaz, Epoch Times T\u00fcrkiye<\/p>\n\n\n<div class=\"taxonomy-category wp-block-post-terms\"><a href=\"https:\/\/epochtimestr.com\/index.php\/category\/cin\" rel=\"tag\">\u00c7\u0130N<\/a><span class=\"wp-block-post-terms__separator\">, <\/span><a href=\"https:\/\/epochtimestr.com\/index.php\/category\/cin\/cin-rejimi\" rel=\"tag\">\u00c7in Rejimi<\/a><span class=\"wp-block-post-terms__separator\">, <\/span><a href=\"https:\/\/epochtimestr.com\/index.php\/category\/cin\/cinde-insan-haklari\" rel=\"tag\">\u00c7in&#8217;de \u0130nsan Haklar\u0131<\/a><span class=\"wp-block-post-terms__separator\">, <\/span><a href=\"https:\/\/epochtimestr.com\/index.php\/category\/the-epoch-times-editorun-secimi\" rel=\"tag\">ED\u0130T\u00d6R\u00dcN SE\u00c7\u0130M\u0130<\/a><span class=\"wp-block-post-terms__separator\">, <\/span><a href=\"https:\/\/epochtimestr.com\/index.php\/category\/gundem\" rel=\"tag\">G\u00dcNDEM<\/a><span class=\"wp-block-post-terms__separator\">, <\/span><a href=\"https:\/\/epochtimestr.com\/index.php\/category\/manset\" rel=\"tag\">MAN\u015eET<\/a><span class=\"wp-block-post-terms__separator\">, <\/span><a href=\"https:\/\/epochtimestr.com\/index.php\/category\/cin\/organ-ticareti\" rel=\"tag\">Yasa D\u0131\u015f\u0131 Organ Ticareti<\/a><\/div>\n\n\n\n\n\n\n\n\n\n<ul class=\"wp-block-archives-list wp-block-archives\">\t<li><a href='https:\/\/epochtimestr.com\/index.php\/2026\/08'>A\u011fustos 2026<\/a><\/li>\n\t<li><a href='https:\/\/epochtimestr.com\/index.php\/2026\/07'>Temmuz 2026<\/a><\/li>\n\t<li><a href='https:\/\/epochtimestr.com\/index.php\/2026\/06'>Haziran 2026<\/a><\/li>\n\t<li><a href='https:\/\/epochtimestr.com\/index.php\/2026\/05'>May\u0131s 2026<\/a><\/li>\n\t<li><a href='https:\/\/epochtimestr.com\/index.php\/2026\/04'>Nisan 2026<\/a><\/li>\n\t<li><a href='https:\/\/epochtimestr.com\/index.php\/2026\/03'>Mart 2026<\/a><\/li>\n\t<li><a href='https:\/\/epochtimestr.com\/index.php\/2026\/02'>\u015eubat 2026<\/a><\/li>\n\t<li><a href='https:\/\/epochtimestr.com\/index.php\/2026\/01'>Ocak 2026<\/a><\/li>\n\t<li><a href='https:\/\/epochtimestr.com\/index.php\/2025\/12'>Aral\u0131k 2025<\/a><\/li>\n\t<li><a href='https:\/\/epochtimestr.com\/index.php\/2025\/11'>Kas\u0131m 2025<\/a><\/li>\n\t<li><a href='https:\/\/epochtimestr.com\/index.php\/2025\/10'>Ekim 2025<\/a><\/li>\n\t<li><a href='https:\/\/epochtimestr.com\/index.php\/2025\/09'>Eyl\u00fcl 2025<\/a><\/li>\n\t<li><a href='https:\/\/epochtimestr.com\/index.php\/2025\/08'>A\u011fustos 2025<\/a><\/li>\n\t<li><a href='https:\/\/epochtimestr.com\/index.php\/2025\/07'>Temmuz 2025<\/a><\/li>\n\t<li><a href='https:\/\/epochtimestr.com\/index.php\/2025\/06'>Haziran 2025<\/a><\/li>\n\t<li><a href='https:\/\/epochtimestr.com\/index.php\/2025\/05'>May\u0131s 2025<\/a><\/li>\n\t<li><a href='https:\/\/epochtimestr.com\/index.php\/2025\/04'>Nisan 2025<\/a><\/li>\n\t<li><a href='https:\/\/epochtimestr.com\/index.php\/2025\/03'>Mart 2025<\/a><\/li>\n\t<li><a href='https:\/\/epochtimestr.com\/index.php\/2025\/02'>\u015eubat 2025<\/a><\/li>\n\t<li><a href='https:\/\/epochtimestr.com\/index.php\/2025\/01'>Ocak 2025<\/a><\/li>\n\t<li><a href='https:\/\/epochtimestr.com\/index.php\/2024\/12'>Aral\u0131k 2024<\/a><\/li>\n\t<li><a href='https:\/\/epochtimestr.com\/index.php\/2024\/11'>Kas\u0131m 2024<\/a><\/li>\n\t<li><a href='https:\/\/epochtimestr.com\/index.php\/2024\/10'>Ekim 2024<\/a><\/li>\n\t<li><a href='https:\/\/epochtimestr.com\/index.php\/2024\/09'>Eyl\u00fcl 2024<\/a><\/li>\n\t<li><a href='https:\/\/epochtimestr.com\/index.php\/2024\/08'>A\u011fustos 2024<\/a><\/li>\n\t<li><a href='https:\/\/epochtimestr.com\/index.php\/2024\/07'>Temmuz 2024<\/a><\/li>\n\t<li><a href='https:\/\/epochtimestr.com\/index.php\/2024\/06'>Haziran 2024<\/a><\/li>\n\t<li><a href='https:\/\/epochtimestr.com\/index.php\/2024\/05'>May\u0131s 2024<\/a><\/li>\n\t<li><a href='https:\/\/epochtimestr.com\/index.php\/2024\/04'>Nisan 2024<\/a><\/li>\n\t<li><a href='https:\/\/epochtimestr.com\/index.php\/2024\/03'>Mart 2024<\/a><\/li>\n\t<li><a href='https:\/\/epochtimestr.com\/index.php\/2024\/02'>\u015eubat 2024<\/a><\/li>\n\t<li><a href='https:\/\/epochtimestr.com\/index.php\/2024\/01'>Ocak 2024<\/a><\/li>\n\t<li><a href='https:\/\/epochtimestr.com\/index.php\/2023\/12'>Aral\u0131k 2023<\/a><\/li>\n\t<li><a href='https:\/\/epochtimestr.com\/index.php\/2023\/11'>Kas\u0131m 2023<\/a><\/li>\n\t<li><a href='https:\/\/epochtimestr.com\/index.php\/2023\/10'>Ekim 2023<\/a><\/li>\n\t<li><a href='https:\/\/epochtimestr.com\/index.php\/2023\/09'>Eyl\u00fcl 2023<\/a><\/li>\n\t<li><a href='https:\/\/epochtimestr.com\/index.php\/2023\/08'>A\u011fustos 2023<\/a><\/li>\n\t<li><a href='https:\/\/epochtimestr.com\/index.php\/2023\/07'>Temmuz 2023<\/a><\/li>\n\t<li><a href='https:\/\/epochtimestr.com\/index.php\/2023\/06'>Haziran 2023<\/a><\/li>\n\t<li><a href='https:\/\/epochtimestr.com\/index.php\/2023\/05'>May\u0131s 2023<\/a><\/li>\n\t<li><a href='https:\/\/epochtimestr.com\/index.php\/2023\/04'>Nisan 2023<\/a><\/li>\n\t<li><a href='https:\/\/epochtimestr.com\/index.php\/2023\/03'>Mart 2023<\/a><\/li>\n\t<li><a href='https:\/\/epochtimestr.com\/index.php\/2023\/02'>\u015eubat 2023<\/a><\/li>\n\t<li><a href='https:\/\/epochtimestr.com\/index.php\/2023\/01'>Ocak 2023<\/a><\/li>\n\t<li><a href='https:\/\/epochtimestr.com\/index.php\/2022\/12'>Aral\u0131k 2022<\/a><\/li>\n\t<li><a href='https:\/\/epochtimestr.com\/index.php\/2022\/11'>Kas\u0131m 2022<\/a><\/li>\n\t<li><a href='https:\/\/epochtimestr.com\/index.php\/2022\/10'>Ekim 2022<\/a><\/li>\n\t<li><a href='https:\/\/epochtimestr.com\/index.php\/2022\/09'>Eyl\u00fcl 2022<\/a><\/li>\n\t<li><a href='https:\/\/epochtimestr.com\/index.php\/2022\/08'>A\u011fustos 2022<\/a><\/li>\n\t<li><a href='https:\/\/epochtimestr.com\/index.php\/2022\/07'>Temmuz 2022<\/a><\/li>\n\t<li><a href='https:\/\/epochtimestr.com\/index.php\/2022\/06'>Haziran 2022<\/a><\/li>\n\t<li><a href='https:\/\/epochtimestr.com\/index.php\/2022\/05'>May\u0131s 2022<\/a><\/li>\n\t<li><a href='https:\/\/epochtimestr.com\/index.php\/2022\/04'>Nisan 2022<\/a><\/li>\n\t<li><a href='https:\/\/epochtimestr.com\/index.php\/2022\/03'>Mart 2022<\/a><\/li>\n\t<li><a href='https:\/\/epochtimestr.com\/index.php\/2022\/02'>\u015eubat 2022<\/a><\/li>\n\t<li><a href='https:\/\/epochtimestr.com\/index.php\/2022\/01'>Ocak 2022<\/a><\/li>\n\t<li><a href='https:\/\/epochtimestr.com\/index.php\/2021\/12'>Aral\u0131k 2021<\/a><\/li>\n\t<li><a href='https:\/\/epochtimestr.com\/index.php\/2021\/11'>Kas\u0131m 2021<\/a><\/li>\n\t<li><a href='https:\/\/epochtimestr.com\/index.php\/2021\/10'>Ekim 2021<\/a><\/li>\n\t<li><a href='https:\/\/epochtimestr.com\/index.php\/2021\/09'>Eyl\u00fcl 2021<\/a><\/li>\n\t<li><a href='https:\/\/epochtimestr.com\/index.php\/2021\/08'>A\u011fustos 2021<\/a><\/li>\n\t<li><a href='https:\/\/epochtimestr.com\/index.php\/2021\/07'>Temmuz 2021<\/a><\/li>\n\t<li><a href='https:\/\/epochtimestr.com\/index.php\/2021\/06'>Haziran 2021<\/a><\/li>\n\t<li><a href='https:\/\/epochtimestr.com\/index.php\/2021\/05'>May\u0131s 2021<\/a><\/li>\n\t<li><a href='https:\/\/epochtimestr.com\/index.php\/2021\/04'>Nisan 2021<\/a><\/li>\n\t<li><a href='https:\/\/epochtimestr.com\/index.php\/2021\/03'>Mart 2021<\/a><\/li>\n\t<li><a href='https:\/\/epochtimestr.com\/index.php\/2021\/02'>\u015eubat 2021<\/a><\/li>\n\t<li><a href='https:\/\/epochtimestr.com\/index.php\/2021\/01'>Ocak 2021<\/a><\/li>\n\t<li><a href='https:\/\/epochtimestr.com\/index.php\/2020\/12'>Aral\u0131k 2020<\/a><\/li>\n\t<li><a href='https:\/\/epochtimestr.com\/index.php\/2020\/11'>Kas\u0131m 2020<\/a><\/li>\n\t<li><a href='https:\/\/epochtimestr.com\/index.php\/2020\/10'>Ekim 2020<\/a><\/li>\n\t<li><a href='https:\/\/epochtimestr.com\/index.php\/2020\/09'>Eyl\u00fcl 2020<\/a><\/li>\n\t<li><a href='https:\/\/epochtimestr.com\/index.php\/2020\/08'>A\u011fustos 2020<\/a><\/li>\n\t<li><a href='https:\/\/epochtimestr.com\/index.php\/2020\/07'>Temmuz 2020<\/a><\/li>\n\t<li><a href='https:\/\/epochtimestr.com\/index.php\/2020\/06'>Haziran 2020<\/a><\/li>\n\t<li><a href='https:\/\/epochtimestr.com\/index.php\/2020\/05'>May\u0131s 2020<\/a><\/li>\n\t<li><a href='https:\/\/epochtimestr.com\/index.php\/2020\/04'>Nisan 2020<\/a><\/li>\n\t<li><a href='https:\/\/epochtimestr.com\/index.php\/2020\/03'>Mart 2020<\/a><\/li>\n\t<li><a href='https:\/\/epochtimestr.com\/index.php\/2020\/02'>\u015eubat 2020<\/a><\/li>\n\t<li><a href='https:\/\/epochtimestr.com\/index.php\/2020\/01'>Ocak 2020<\/a><\/li>\n\t<li><a href='https:\/\/epochtimestr.com\/index.php\/2019\/12'>Aral\u0131k 2019<\/a><\/li>\n\t<li><a href='https:\/\/epochtimestr.com\/index.php\/2019\/11'>Kas\u0131m 2019<\/a><\/li>\n\t<li><a href='https:\/\/epochtimestr.com\/index.php\/2019\/10'>Ekim 2019<\/a><\/li>\n\t<li><a href='https:\/\/epochtimestr.com\/index.php\/2019\/09'>Eyl\u00fcl 2019<\/a><\/li>\n\t<li><a href='https:\/\/epochtimestr.com\/index.php\/2019\/08'>A\u011fustos 2019<\/a><\/li>\n\t<li><a href='https:\/\/epochtimestr.com\/index.php\/2019\/07'>Temmuz 2019<\/a><\/li>\n\t<li><a href='https:\/\/epochtimestr.com\/index.php\/2019\/06'>Haziran 2019<\/a><\/li>\n\t<li><a href='https:\/\/epochtimestr.com\/index.php\/2019\/05'>May\u0131s 2019<\/a><\/li>\n\t<li><a href='https:\/\/epochtimestr.com\/index.php\/2019\/04'>Nisan 2019<\/a><\/li>\n\t<li><a href='https:\/\/epochtimestr.com\/index.php\/2019\/03'>Mart 2019<\/a><\/li>\n\t<li><a href='https:\/\/epochtimestr.com\/index.php\/2019\/02'>\u015eubat 2019<\/a><\/li>\n\t<li><a href='https:\/\/epochtimestr.com\/index.php\/2019\/01'>Ocak 2019<\/a><\/li>\n\t<li><a href='https:\/\/epochtimestr.com\/index.php\/2018\/12'>Aral\u0131k 2018<\/a><\/li>\n\t<li><a href='https:\/\/epochtimestr.com\/index.php\/2018\/11'>Kas\u0131m 2018<\/a><\/li>\n\t<li><a href='https:\/\/epochtimestr.com\/index.php\/2018\/10'>Ekim 2018<\/a><\/li>\n\t<li><a href='https:\/\/epochtimestr.com\/index.php\/2018\/09'>Eyl\u00fcl 2018<\/a><\/li>\n\t<li><a href='https:\/\/epochtimestr.com\/index.php\/2018\/08'>A\u011fustos 2018<\/a><\/li>\n\t<li><a href='https:\/\/epochtimestr.com\/index.php\/2018\/07'>Temmuz 2018<\/a><\/li>\n\t<li><a href='https:\/\/epochtimestr.com\/index.php\/2018\/06'>Haziran 2018<\/a><\/li>\n\t<li><a href='https:\/\/epochtimestr.com\/index.php\/2018\/05'>May\u0131s 2018<\/a><\/li>\n\t<li><a href='https:\/\/epochtimestr.com\/index.php\/2018\/04'>Nisan 2018<\/a><\/li>\n\t<li><a href='https:\/\/epochtimestr.com\/index.php\/2018\/03'>Mart 2018<\/a><\/li>\n\t<li><a href='https:\/\/epochtimestr.com\/index.php\/2018\/02'>\u015eubat 2018<\/a><\/li>\n\t<li><a href='https:\/\/epochtimestr.com\/index.php\/2018\/01'>Ocak 2018<\/a><\/li>\n\t<li><a href='https:\/\/epochtimestr.com\/index.php\/2017\/12'>Aral\u0131k 2017<\/a><\/li>\n\t<li><a href='https:\/\/epochtimestr.com\/index.php\/2017\/11'>Kas\u0131m 2017<\/a><\/li>\n\t<li><a href='https:\/\/epochtimestr.com\/index.php\/2017\/10'>Ekim 2017<\/a><\/li>\n\t<li><a href='https:\/\/epochtimestr.com\/index.php\/2017\/09'>Eyl\u00fcl 2017<\/a><\/li>\n\t<li><a href='https:\/\/epochtimestr.com\/index.php\/2017\/08'>A\u011fustos 2017<\/a><\/li>\n\t<li><a href='https:\/\/epochtimestr.com\/index.php\/2017\/07'>Temmuz 2017<\/a><\/li>\n\t<li><a href='https:\/\/epochtimestr.com\/index.php\/2017\/06'>Haziran 2017<\/a><\/li>\n\t<li><a href='https:\/\/epochtimestr.com\/index.php\/2017\/05'>May\u0131s 2017<\/a><\/li>\n\t<li><a href='https:\/\/epochtimestr.com\/index.php\/2017\/04'>Nisan 2017<\/a><\/li>\n\t<li><a href='https:\/\/epochtimestr.com\/index.php\/2017\/03'>Mart 2017<\/a><\/li>\n\t<li><a href='https:\/\/epochtimestr.com\/index.php\/2017\/02'>\u015eubat 2017<\/a><\/li>\n\t<li><a href='https:\/\/epochtimestr.com\/index.php\/2017\/01'>Ocak 2017<\/a><\/li>\n\t<li><a href='https:\/\/epochtimestr.com\/index.php\/2016\/12'>Aral\u0131k 2016<\/a><\/li>\n\t<li><a href='https:\/\/epochtimestr.com\/index.php\/2016\/11'>Kas\u0131m 2016<\/a><\/li>\n\t<li><a href='https:\/\/epochtimestr.com\/index.php\/2016\/10'>Ekim 2016<\/a><\/li>\n\t<li><a href='https:\/\/epochtimestr.com\/index.php\/2016\/09'>Eyl\u00fcl 2016<\/a><\/li>\n\t<li><a href='https:\/\/epochtimestr.com\/index.php\/2016\/08'>A\u011fustos 2016<\/a><\/li>\n\t<li><a href='https:\/\/epochtimestr.com\/index.php\/2016\/07'>Temmuz 2016<\/a><\/li>\n\t<li><a href='https:\/\/epochtimestr.com\/index.php\/2016\/06'>Haziran 2016<\/a><\/li>\n\t<li><a href='https:\/\/epochtimestr.com\/index.php\/2016\/05'>May\u0131s 2016<\/a><\/li>\n\t<li><a href='https:\/\/epochtimestr.com\/index.php\/2016\/04'>Nisan 2016<\/a><\/li>\n\t<li><a href='https:\/\/epochtimestr.com\/index.php\/2016\/03'>Mart 2016<\/a><\/li>\n\t<li><a href='https:\/\/epochtimestr.com\/index.php\/2016\/02'>\u015eubat 2016<\/a><\/li>\n\t<li><a href='https:\/\/epochtimestr.com\/index.php\/2016\/01'>Ocak 2016<\/a><\/li>\n\t<li><a href='https:\/\/epochtimestr.com\/index.php\/2015\/12'>Aral\u0131k 2015<\/a><\/li>\n\t<li><a href='https:\/\/epochtimestr.com\/index.php\/2015\/11'>Kas\u0131m 2015<\/a><\/li>\n\t<li><a href='https:\/\/epochtimestr.com\/index.php\/2015\/10'>Ekim 2015<\/a><\/li>\n\t<li><a href='https:\/\/epochtimestr.com\/index.php\/2015\/09'>Eyl\u00fcl 2015<\/a><\/li>\n\t<li><a href='https:\/\/epochtimestr.com\/index.php\/2015\/08'>A\u011fustos 2015<\/a><\/li>\n\t<li><a href='https:\/\/epochtimestr.com\/index.php\/2015\/07'>Temmuz 2015<\/a><\/li>\n\t<li><a href='https:\/\/epochtimestr.com\/index.php\/2015\/06'>Haziran 2015<\/a><\/li>\n\t<li><a href='https:\/\/epochtimestr.com\/index.php\/2015\/05'>May\u0131s 2015<\/a><\/li>\n\t<li><a href='https:\/\/epochtimestr.com\/index.php\/2015\/04'>Nisan 2015<\/a><\/li>\n\t<li><a href='https:\/\/epochtimestr.com\/index.php\/2015\/03'>Mart 2015<\/a><\/li>\n\t<li><a href='https:\/\/epochtimestr.com\/index.php\/2015\/02'>\u015eubat 2015<\/a><\/li>\n\t<li><a href='https:\/\/epochtimestr.com\/index.php\/2015\/01'>Ocak 2015<\/a><\/li>\n\t<li><a href='https:\/\/epochtimestr.com\/index.php\/2014\/12'>Aral\u0131k 2014<\/a><\/li>\n\t<li><a href='https:\/\/epochtimestr.com\/index.php\/2014\/11'>Kas\u0131m 2014<\/a><\/li>\n\t<li><a href='https:\/\/epochtimestr.com\/index.php\/2014\/10'>Ekim 2014<\/a><\/li>\n\t<li><a href='https:\/\/epochtimestr.com\/index.php\/2014\/09'>Eyl\u00fcl 2014<\/a><\/li>\n\t<li><a href='https:\/\/epochtimestr.com\/index.php\/2014\/08'>A\u011fustos 2014<\/a><\/li>\n\t<li><a href='https:\/\/epochtimestr.com\/index.php\/2014\/07'>Temmuz 2014<\/a><\/li>\n\t<li><a href='https:\/\/epochtimestr.com\/index.php\/2014\/06'>Haziran 2014<\/a><\/li>\n\t<li><a href='https:\/\/epochtimestr.com\/index.php\/2014\/05'>May\u0131s 2014<\/a><\/li>\n\t<li><a href='https:\/\/epochtimestr.com\/index.php\/2014\/04'>Nisan 2014<\/a><\/li>\n\t<li><a href='https:\/\/epochtimestr.com\/index.php\/2014\/03'>Mart 2014<\/a><\/li>\n\t<li><a href='https:\/\/epochtimestr.com\/index.php\/2014\/02'>\u015eubat 2014<\/a><\/li>\n\t<li><a href='https:\/\/epochtimestr.com\/index.php\/2014\/01'>Ocak 2014<\/a><\/li>\n\t<li><a href='https:\/\/epochtimestr.com\/index.php\/2013\/12'>Aral\u0131k 2013<\/a><\/li>\n\t<li><a href='https:\/\/epochtimestr.com\/index.php\/2013\/11'>Kas\u0131m 2013<\/a><\/li>\n\t<li><a href='https:\/\/epochtimestr.com\/index.php\/2013\/10'>Ekim 2013<\/a><\/li>\n\t<li><a href='https:\/\/epochtimestr.com\/index.php\/2013\/09'>Eyl\u00fcl 2013<\/a><\/li>\n\t<li><a href='https:\/\/epochtimestr.com\/index.php\/2013\/08'>A\u011fustos 2013<\/a><\/li>\n\t<li><a href='https:\/\/epochtimestr.com\/index.php\/2013\/07'>Temmuz 2013<\/a><\/li>\n\t<li><a href='https:\/\/epochtimestr.com\/index.php\/2013\/06'>Haziran 2013<\/a><\/li>\n\t<li><a href='https:\/\/epochtimestr.com\/index.php\/2013\/05'>May\u0131s 2013<\/a><\/li>\n\t<li><a href='https:\/\/epochtimestr.com\/index.php\/2013\/04'>Nisan 2013<\/a><\/li>\n\t<li><a href='https:\/\/epochtimestr.com\/index.php\/2013\/03'>Mart 2013<\/a><\/li>\n\t<li><a href='https:\/\/epochtimestr.com\/index.php\/2013\/02'>\u015eubat 2013<\/a><\/li>\n\t<li><a href='https:\/\/epochtimestr.com\/index.php\/2013\/01'>Ocak 2013<\/a><\/li>\n\t<li><a href='https:\/\/epochtimestr.com\/index.php\/2012\/12'>Aral\u0131k 2012<\/a><\/li>\n\t<li><a href='https:\/\/epochtimestr.com\/index.php\/2012\/11'>Kas\u0131m 2012<\/a><\/li>\n\t<li><a href='https:\/\/epochtimestr.com\/index.php\/2012\/10'>Ekim 2012<\/a><\/li>\n\t<li><a href='https:\/\/epochtimestr.com\/index.php\/2012\/09'>Eyl\u00fcl 2012<\/a><\/li>\n\t<li><a href='https:\/\/epochtimestr.com\/index.php\/2012\/08'>A\u011fustos 2012<\/a><\/li>\n\t<li><a href='https:\/\/epochtimestr.com\/index.php\/2012\/07'>Temmuz 2012<\/a><\/li>\n\t<li><a href='https:\/\/epochtimestr.com\/index.php\/2012\/06'>Haziran 2012<\/a><\/li>\n\t<li><a href='https:\/\/epochtimestr.com\/index.php\/2012\/05'>May\u0131s 2012<\/a><\/li>\n\t<li><a href='https:\/\/epochtimestr.com\/index.php\/2012\/04'>Nisan 2012<\/a><\/li>\n\t<li><a href='https:\/\/epochtimestr.com\/index.php\/2012\/03'>Mart 2012<\/a><\/li>\n\t<li><a href='https:\/\/epochtimestr.com\/index.php\/2012\/02'>\u015eubat 2012<\/a><\/li>\n\t<li><a href='https:\/\/epochtimestr.com\/index.php\/2012\/01'>Ocak 2012<\/a><\/li>\n\t<li><a href='https:\/\/epochtimestr.com\/index.php\/2011\/12'>Aral\u0131k 2011<\/a><\/li>\n\t<li><a href='https:\/\/epochtimestr.com\/index.php\/2011\/11'>Kas\u0131m 2011<\/a><\/li>\n\t<li><a href='https:\/\/epochtimestr.com\/index.php\/2011\/10'>Ekim 2011<\/a><\/li>\n\t<li><a href='https:\/\/epochtimestr.com\/index.php\/2011\/09'>Eyl\u00fcl 2011<\/a><\/li>\n\t<li><a href='https:\/\/epochtimestr.com\/index.php\/2011\/08'>A\u011fustos 2011<\/a><\/li>\n\t<li><a href='https:\/\/epochtimestr.com\/index.php\/2011\/07'>Temmuz 2011<\/a><\/li>\n\t<li><a href='https:\/\/epochtimestr.com\/index.php\/2011\/06'>Haziran 2011<\/a><\/li>\n\t<li><a href='https:\/\/epochtimestr.com\/index.php\/2011\/05'>May\u0131s 2011<\/a><\/li>\n\t<li><a href='https:\/\/epochtimestr.com\/index.php\/2011\/04'>Nisan 2011<\/a><\/li>\n\t<li><a href='https:\/\/epochtimestr.com\/index.php\/2011\/03'>Mart 2011<\/a><\/li>\n\t<li><a href='https:\/\/epochtimestr.com\/index.php\/2011\/02'>\u015eubat 2011<\/a><\/li>\n\t<li><a href='https:\/\/epochtimestr.com\/index.php\/2011\/01'>Ocak 2011<\/a><\/li>\n\t<li><a href='https:\/\/epochtimestr.com\/index.php\/2010\/12'>Aral\u0131k 2010<\/a><\/li>\n\t<li><a href='https:\/\/epochtimestr.com\/index.php\/2010\/11'>Kas\u0131m 2010<\/a><\/li>\n\t<li><a href='https:\/\/epochtimestr.com\/index.php\/2010\/10'>Ekim 2010<\/a><\/li>\n\t<li><a href='https:\/\/epochtimestr.com\/index.php\/2010\/09'>Eyl\u00fcl 2010<\/a><\/li>\n\t<li><a href='https:\/\/epochtimestr.com\/index.php\/2010\/08'>A\u011fustos 2010<\/a><\/li>\n\t<li><a href='https:\/\/epochtimestr.com\/index.php\/2010\/07'>Temmuz 2010<\/a><\/li>\n\t<li><a href='https:\/\/epochtimestr.com\/index.php\/2010\/06'>Haziran 2010<\/a><\/li>\n\t<li><a href='https:\/\/epochtimestr.com\/index.php\/2010\/05'>May\u0131s 2010<\/a><\/li>\n\t<li><a href='https:\/\/epochtimestr.com\/index.php\/2010\/04'>Nisan 2010<\/a><\/li>\n\t<li><a href='https:\/\/epochtimestr.com\/index.php\/2010\/03'>Mart 2010<\/a><\/li>\n\t<li><a href='https:\/\/epochtimestr.com\/index.php\/2010\/02'>\u015eubat 2010<\/a><\/li>\n\t<li><a href='https:\/\/epochtimestr.com\/index.php\/2010\/01'>Ocak 2010<\/a><\/li>\n<\/ul>\n\n<div class=\"wp-block-calendar\"><table id=\"wp-calendar\" class=\"wp-calendar-table\">\n\t<caption>A\u011fustos 2026<\/caption>\n\t<thead>\n\t<tr>\n\t\t<th scope=\"col\" title=\"Pazartesi\">P<\/th>\n\t\t<th scope=\"col\" title=\"Sal\u0131\">S<\/th>\n\t\t<th scope=\"col\" title=\"\u00c7ar\u015famba\">\u00c7<\/th>\n\t\t<th scope=\"col\" title=\"Per\u015fembe\">P<\/th>\n\t\t<th scope=\"col\" title=\"Cuma\">C<\/th>\n\t\t<th scope=\"col\" title=\"Cumartesi\">C<\/th>\n\t\t<th scope=\"col\" title=\"Pazar\">P<\/th>\n\t<\/tr>\n\t<\/thead>\n\t<tbody>\n\t<tr>\n\t\t<td colspan=\"5\" class=\"pad\">&nbsp;<\/td><td><a href=\"https:\/\/epochtimestr.com\/index.php\/2026\/08\/01\" aria-label=\"Yaz\u0131lar 1 August 2026 tarihinde yay\u0131nland\u0131\">1<\/a><\/td><td><a href=\"https:\/\/epochtimestr.com\/index.php\/2026\/08\/02\" aria-label=\"Yaz\u0131lar 2 August 2026 tarihinde yay\u0131nland\u0131\">2<\/a><\/td>\n\t<\/tr>\n\t<tr>\n\t\t<td><a href=\"https:\/\/epochtimestr.com\/index.php\/2026\/08\/03\" aria-label=\"Yaz\u0131lar 3 August 2026 tarihinde yay\u0131nland\u0131\">3<\/a><\/td><td><a href=\"https:\/\/epochtimestr.com\/index.php\/2026\/08\/04\" aria-label=\"Yaz\u0131lar 4 August 2026 tarihinde yay\u0131nland\u0131\">4<\/a><\/td><td><a href=\"https:\/\/epochtimestr.com\/index.php\/2026\/08\/05\" aria-label=\"Yaz\u0131lar 5 August 2026 tarihinde yay\u0131nland\u0131\">5<\/a><\/td><td><a href=\"https:\/\/epochtimestr.com\/index.php\/2026\/08\/06\" aria-label=\"Yaz\u0131lar 6 August 2026 tarihinde yay\u0131nland\u0131\">6<\/a><\/td><td><a href=\"https:\/\/epochtimestr.com\/index.php\/2026\/08\/07\" aria-label=\"Yaz\u0131lar 7 August 2026 tarihinde yay\u0131nland\u0131\">7<\/a><\/td><td><a href=\"https:\/\/epochtimestr.com\/index.php\/2026\/08\/08\" aria-label=\"Yaz\u0131lar 8 August 2026 tarihinde yay\u0131nland\u0131\">8<\/a><\/td><td><a href=\"https:\/\/epochtimestr.com\/index.php\/2026\/08\/09\" aria-label=\"Yaz\u0131lar 9 August 2026 tarihinde yay\u0131nland\u0131\">9<\/a><\/td>\n\t<\/tr>\n\t<tr>\n\t\t<td><a href=\"https:\/\/epochtimestr.com\/index.php\/2026\/08\/10\" aria-label=\"Yaz\u0131lar 10 August 2026 tarihinde yay\u0131nland\u0131\">10<\/a><\/td><td><a href=\"https:\/\/epochtimestr.com\/index.php\/2026\/08\/11\" aria-label=\"Yaz\u0131lar 11 August 2026 tarihinde yay\u0131nland\u0131\">11<\/a><\/td><td><a href=\"https:\/\/epochtimestr.com\/index.php\/2026\/08\/12\" aria-label=\"Yaz\u0131lar 12 August 2026 tarihinde yay\u0131nland\u0131\">12<\/a><\/td><td><a href=\"https:\/\/epochtimestr.com\/index.php\/2026\/08\/13\" aria-label=\"Yaz\u0131lar 13 August 2026 tarihinde yay\u0131nland\u0131\">13<\/a><\/td><td><a href=\"https:\/\/epochtimestr.com\/index.php\/2026\/08\/14\" aria-label=\"Yaz\u0131lar 14 August 2026 tarihinde yay\u0131nland\u0131\">14<\/a><\/td><td><a href=\"https:\/\/epochtimestr.com\/index.php\/2026\/08\/15\" aria-label=\"Yaz\u0131lar 15 August 2026 tarihinde yay\u0131nland\u0131\">15<\/a><\/td><td><a href=\"https:\/\/epochtimestr.com\/index.php\/2026\/08\/16\" aria-label=\"Yaz\u0131lar 16 August 2026 tarihinde yay\u0131nland\u0131\">16<\/a><\/td>\n\t<\/tr>\n\t<tr>\n\t\t<td><a href=\"https:\/\/epochtimestr.com\/index.php\/2026\/08\/17\" aria-label=\"Yaz\u0131lar 17 August 2026 tarihinde yay\u0131nland\u0131\">17<\/a><\/td><td><a href=\"https:\/\/epochtimestr.com\/index.php\/2026\/08\/18\" aria-label=\"Yaz\u0131lar 18 August 2026 tarihinde yay\u0131nland\u0131\">18<\/a><\/td><td><a href=\"https:\/\/epochtimestr.com\/index.php\/2026\/08\/19\" aria-label=\"Yaz\u0131lar 19 August 2026 tarihinde yay\u0131nland\u0131\">19<\/a><\/td><td><a href=\"https:\/\/epochtimestr.com\/index.php\/2026\/08\/20\" aria-label=\"Yaz\u0131lar 20 August 2026 tarihinde yay\u0131nland\u0131\">20<\/a><\/td><td><a href=\"https:\/\/epochtimestr.com\/index.php\/2026\/08\/21\" aria-label=\"Yaz\u0131lar 21 August 2026 tarihinde yay\u0131nland\u0131\">21<\/a><\/td><td><a href=\"https:\/\/epochtimestr.com\/index.php\/2026\/08\/22\" aria-label=\"Yaz\u0131lar 22 August 2026 tarihinde yay\u0131nland\u0131\">22<\/a><\/td><td><a href=\"https:\/\/epochtimestr.com\/index.php\/2026\/08\/23\" aria-label=\"Yaz\u0131lar 23 August 2026 tarihinde yay\u0131nland\u0131\">23<\/a><\/td>\n\t<\/tr>\n\t<tr>\n\t\t<td><a href=\"https:\/\/epochtimestr.com\/index.php\/2026\/08\/24\" aria-label=\"Yaz\u0131lar 24 August 2026 tarihinde yay\u0131nland\u0131\">24<\/a><\/td><td><a href=\"https:\/\/epochtimestr.com\/index.php\/2026\/08\/25\" aria-label=\"Yaz\u0131lar 25 August 2026 tarihinde yay\u0131nland\u0131\">25<\/a><\/td><td><a href=\"https:\/\/epochtimestr.com\/index.php\/2026\/08\/26\" aria-label=\"Yaz\u0131lar 26 August 2026 tarihinde yay\u0131nland\u0131\">26<\/a><\/td><td><a href=\"https:\/\/epochtimestr.com\/index.php\/2026\/08\/27\" aria-label=\"Yaz\u0131lar 27 August 2026 tarihinde yay\u0131nland\u0131\">27<\/a><\/td><td><a href=\"https:\/\/epochtimestr.com\/index.php\/2026\/08\/28\" aria-label=\"Yaz\u0131lar 28 August 2026 tarihinde yay\u0131nland\u0131\">28<\/a><\/td><td><a href=\"https:\/\/epochtimestr.com\/index.php\/2026\/08\/29\" aria-label=\"Yaz\u0131lar 29 August 2026 tarihinde yay\u0131nland\u0131\">29<\/a><\/td><td><a href=\"https:\/\/epochtimestr.com\/index.php\/2026\/08\/30\" aria-label=\"Yaz\u0131lar 30 August 2026 tarihinde yay\u0131nland\u0131\">30<\/a><\/td>\n\t<\/tr>\n\t<tr>\n\t\t<td id=\"today\"><a href=\"https:\/\/epochtimestr.com\/index.php\/2026\/08\/31\" aria-label=\"Yaz\u0131lar 31 August 2026 tarihinde yay\u0131nland\u0131\">31<\/a><\/td>\n\t\t<td class=\"pad\" colspan=\"6\">&nbsp;<\/td>\n\t<\/tr>\n\t<\/tbody>\n\t<\/table><nav aria-label=\"Ge\u00e7mi\u015f ve gelecek aylar\" class=\"wp-calendar-nav\">\n\t\t<span class=\"wp-calendar-nav-prev\"><a href=\"https:\/\/epochtimestr.com\/index.php\/2026\/07\">&laquo; Tem<\/a><\/span>\n\t\t<span class=\"pad\">&nbsp;<\/span>\n\t\t<span class=\"wp-calendar-nav-next\">&nbsp;<\/span>\n\t<\/nav><\/div>\n\n<ul class=\"wp-block-categories-list wp-block-categories\">\t<li class=\"cat-item cat-item-8173\"><a href=\"https:\/\/epochtimestr.com\/index.php\/category\/aile-ve-egitim\">A\u0130LE ve EG\u0130T\u0130M<\/a>\n<\/li>\n\t<li class=\"cat-item cat-item-55\"><a href=\"https:\/\/epochtimestr.com\/index.php\/category\/ilham\/anadolu-efsaneleri\">Anadolu Efsaneleri<\/a>\n<\/li>\n\t<li class=\"cat-item cat-item-41\"><a href=\"https:\/\/epochtimestr.com\/index.php\/category\/cin\/antik-cin-kulturu\">Antik \u00c7in K\u00fclt\u00fcr\u00fc<\/a>\n<\/li>\n\t<li class=\"cat-item cat-item-12461\"><a href=\"https:\/\/epochtimestr.com\/index.php\/category\/turkiyeden-haberler\/arkeoloji\">Arkeoloji<\/a>\n<\/li>\n\t<li class=\"cat-item cat-item-8380\"><a href=\"https:\/\/epochtimestr.com\/index.php\/category\/astroloji\">Astroloji<\/a>\n<\/li>\n\t<li class=\"cat-item cat-item-81\"><a href=\"https:\/\/epochtimestr.com\/index.php\/category\/bilim-ve-otesi\/bilim-otesi\">Bilim \u00d6tesi<\/a>\n<\/li>\n\t<li class=\"cat-item cat-item-31\"><a href=\"https:\/\/epochtimestr.com\/index.php\/category\/bilim-ve-otesi\">B\u0130L\u0130M ve \u00d6TES\u0130<\/a>\n<\/li>\n\t<li class=\"cat-item cat-item-70\"><a href=\"https:\/\/epochtimestr.com\/index.php\/category\/bilim-ve-otesi\/bilimsel-kesifler\">Bilimsel Ke\u015fifler<\/a>\n<\/li>\n\t<li class=\"cat-item cat-item-12237\"><a href=\"https:\/\/epochtimestr.com\/index.php\/category\/turkiyeden-haberler\/cevre-ve-doga-turkiyeden-haberler\">\u00c7evre ve Do\u011fa<\/a>\n<\/li>\n\t<li class=\"cat-item cat-item-12201\"><a href=\"https:\/\/epochtimestr.com\/index.php\/category\/dunya\/cevre-ve-doga\">\u00c7evre ve Do\u011fa<\/a>\n<\/li>\n\t<li class=\"cat-item cat-item-8\"><a href=\"https:\/\/epochtimestr.com\/index.php\/category\/cin\">\u00c7\u0130N<\/a>\n<\/li>\n\t<li class=\"cat-item cat-item-6908\"><a href=\"https:\/\/epochtimestr.com\/index.php\/category\/cin\/cin-turkiye\">\u00c7in &amp; T\u00fcrkiye<\/a>\n<\/li>\n\t<li class=\"cat-item cat-item-2045\"><a href=\"https:\/\/epochtimestr.com\/index.php\/category\/cin\/cin-rejimi\">\u00c7in Rejimi<\/a>\n<\/li>\n\t<li class=\"cat-item cat-item-35\"><a href=\"https:\/\/epochtimestr.com\/index.php\/category\/cin\/cinde-insan-haklari\">\u00c7in&#039;de \u0130nsan Haklar\u0131<\/a>\n<\/li>\n\t<li class=\"cat-item cat-item-8137\"><a href=\"https:\/\/epochtimestr.com\/index.php\/category\/ckp-virusu\">\u00c7KP V\u0130R\u00dcS\u00dc<\/a>\n<\/li>\n\t<li class=\"cat-item cat-item-9340\"><a href=\"https:\/\/epochtimestr.com\/index.php\/category\/enerji\/degerli-mineraller\">De\u011ferli mineraller<\/a>\n<\/li>\n\t<li class=\"cat-item cat-item-2882\"><a href=\"https:\/\/epochtimestr.com\/index.php\/category\/ilham\/doga-ve-insan\">Do\u011fa ve \u0130nsan<\/a>\n<\/li>\n\t<li class=\"cat-item cat-item-5\"><a href=\"https:\/\/epochtimestr.com\/index.php\/category\/dunya\">D\u00dcNYA<\/a>\n<\/li>\n\t<li class=\"cat-item cat-item-126\"><a href=\"https:\/\/epochtimestr.com\/index.php\/category\/ilham\/dunya-kultur-miraslari\">D\u00fcnya K\u00fclt\u00fcr Miraslar\u0131<\/a>\n<\/li>\n\t<li class=\"cat-item cat-item-519\"><a href=\"https:\/\/epochtimestr.com\/index.php\/category\/the-epoch-times-editorun-secimi\">ED\u0130T\u00d6R\u00dcN SE\u00c7\u0130M\u0130<\/a>\n<\/li>\n\t<li class=\"cat-item cat-item-8256\"><a href=\"https:\/\/epochtimestr.com\/index.php\/category\/ilham\/efsane-kisilikler\">Efsane Ki\u015filikler<\/a>\n<\/li>\n\t<li class=\"cat-item cat-item-8225\"><a href=\"https:\/\/epochtimestr.com\/index.php\/category\/turkiyeden-haberler\/ekonomi\">Ekonomi<\/a>\n<\/li>\n\t<li class=\"cat-item cat-item-12503\"><a href=\"https:\/\/epochtimestr.com\/index.php\/category\/dunya\/ekonomi-ve-ticaret\">Ekonomi ve Ticaret<\/a>\n<\/li>\n\t<li class=\"cat-item cat-item-8405\"><a href=\"https:\/\/epochtimestr.com\/index.php\/category\/enerji\">ENERJ\u0130<\/a>\n<\/li>\n\t<li class=\"cat-item cat-item-8199\"><a href=\"https:\/\/epochtimestr.com\/index.php\/category\/yasam_tarzi\/ev\">Ev<\/a>\n<\/li>\n\t<li class=\"cat-item cat-item-11359\"><a href=\"https:\/\/epochtimestr.com\/index.php\/category\/felsefe\">Felsefe<\/a>\n<\/li>\n\t<li class=\"cat-item cat-item-8204\"><a href=\"https:\/\/epochtimestr.com\/index.php\/category\/sanat\/film-tv\">Film &amp; TV<\/a>\n<\/li>\n\t<li class=\"cat-item cat-item-6910\"><a href=\"https:\/\/epochtimestr.com\/index.php\/category\/epoch-saglik\/fitness-ve-beslenme\">Fitness ve Beslenme<\/a>\n<\/li>\n\t<li class=\"cat-item cat-item-12420\"><a href=\"https:\/\/epochtimestr.com\/index.php\/category\/sanat\/fotograf\">Foto\u011fraf<\/a>\n<\/li>\n\t<li class=\"cat-item cat-item-18\"><a href=\"https:\/\/epochtimestr.com\/index.php\/category\/video\">Foto\u011fraf &amp; Video<\/a>\n<\/li>\n\t<li class=\"cat-item cat-item-20\"><a href=\"https:\/\/epochtimestr.com\/index.php\/category\/video\/fotograf-galerisi\">Foto\u011fraf Galerisi<\/a>\n<\/li>\n\t<li class=\"cat-item cat-item-6914\"><a href=\"https:\/\/epochtimestr.com\/index.php\/category\/gecmisten-bugune\">Ge\u00e7mi\u015ften Bug\u00fcne<\/a>\n<\/li>\n\t<li class=\"cat-item cat-item-1900\"><a href=\"https:\/\/epochtimestr.com\/index.php\/category\/cin\/geleneksel-cin-tibbi\">Geleneksel \u00c7in T\u0131bb\u0131<\/a>\n<\/li>\n\t<li class=\"cat-item cat-item-8207\"><a href=\"https:\/\/epochtimestr.com\/index.php\/category\/sanat\/geleneksel-degerler\">Geleneksel De\u011ferler<\/a>\n<\/li>\n\t<li class=\"cat-item cat-item-8134\"><a href=\"https:\/\/epochtimestr.com\/index.php\/category\/gorus\">G\u00d6R\u00dc\u015e<\/a>\n<\/li>\n\t<li class=\"cat-item cat-item-1\"><a href=\"https:\/\/epochtimestr.com\/index.php\/category\/gundem\">G\u00dcNDEM<\/a>\n<\/li>\n\t<li class=\"cat-item cat-item-8407\"><a href=\"https:\/\/epochtimestr.com\/index.php\/category\/enerji\/iklim-krizi\">\u0130klim krizi<\/a>\n<\/li>\n\t<li class=\"cat-item cat-item-8205\"><a href=\"https:\/\/epochtimestr.com\/index.php\/category\/ilham\">\u0130LHAM<\/a>\n<\/li>\n\t<li class=\"cat-item cat-item-2610\"><a href=\"https:\/\/epochtimestr.com\/index.php\/category\/ilham\/ilham-verenler\">ilham Verenler<\/a>\n<\/li>\n\t<li class=\"cat-item cat-item-2044\"><a href=\"https:\/\/epochtimestr.com\/index.php\/category\/cin\/is-ve-ekonomi\">\u0130\u015f ve Ekonomi<\/a>\n<\/li>\n\t<li class=\"cat-item cat-item-8224\"><a href=\"https:\/\/epochtimestr.com\/index.php\/category\/yasam_tarzi\/kisisel-gelisim\">Ki\u015fisel Geli\u015fim<\/a>\n<\/li>\n\t<li class=\"cat-item cat-item-8136\"><a href=\"https:\/\/epochtimestr.com\/index.php\/category\/komunist-parti-uzerine-dokuz-yorum\">Kom\u00fcnist Parti \u00dczerine Dokuz Yorum<\/a>\n<\/li>\n\t<li class=\"cat-item cat-item-8135\"><a href=\"https:\/\/epochtimestr.com\/index.php\/category\/komunizmin-hayaleti\">Kom\u00fcnizmin Hayaleti D\u00fcnyam\u0131za Nas\u0131l H\u00fckmediyor<\/a>\n<\/li>\n\t<li class=\"cat-item cat-item-8139\"><a href=\"https:\/\/epochtimestr.com\/index.php\/category\/kose-yazilari\">K\u00d6\u015eE YAZILARI<\/a>\n<\/li>\n\t<li class=\"cat-item cat-item-11361\"><a href=\"https:\/\/epochtimestr.com\/index.php\/category\/kose-yazilari-ali-kekliktepe\">K\u00f6\u015fe Yaz\u0131lar\u0131 Ali Kekliktepe<\/a>\n<\/li>\n\t<li class=\"cat-item cat-item-8681\"><a href=\"https:\/\/epochtimestr.com\/index.php\/category\/kose-yazilari-atifet-gezek\">K\u00f6\u015fe Yaz\u0131lar\u0131 Atifet Gezek<\/a>\n<\/li>\n\t<li class=\"cat-item cat-item-10057\"><a href=\"https:\/\/epochtimestr.com\/index.php\/category\/kose-yazilari-aysel-ozcan-yetis\">K\u00f6\u015fe Yaz\u0131lar\u0131 Aysel \u00d6zcan Yeti\u015f<\/a>\n<\/li>\n\t<li class=\"cat-item cat-item-8414\"><a href=\"https:\/\/epochtimestr.com\/index.php\/category\/kose-yazilari-bedrettin-gundes\">K\u00f6\u015fe Yaz\u0131lar\u0131 Bedrettin G\u00fcnde\u015f<\/a>\n<\/li>\n\t<li class=\"cat-item cat-item-9170\"><a href=\"https:\/\/epochtimestr.com\/index.php\/category\/kose-yazilari-bekir-zorba\">K\u00f6\u015fe Yaz\u0131lar\u0131 Bekir Zorba<\/a>\n<\/li>\n\t<li class=\"cat-item cat-item-9035\"><a href=\"https:\/\/epochtimestr.com\/index.php\/category\/kose-yazilari-cavidan-demirag\">K\u00f6\u015fe Yaz\u0131lar\u0131 Cavidan Demira\u011f<\/a>\n<\/li>\n\t<li class=\"cat-item cat-item-10833\"><a href=\"https:\/\/epochtimestr.com\/index.php\/category\/kose-yazilari-ece-zeynep-cetinel\">K\u00f6\u015fe Yaz\u0131lar\u0131 Ece Zeynep \u00c7etinel<\/a>\n<\/li>\n\t<li class=\"cat-item cat-item-10765\"><a href=\"https:\/\/epochtimestr.com\/index.php\/category\/kose-yazilari-elif-ayca-seren-ural\">K\u00f6\u015fe Yaz\u0131lar\u0131 Elif Ay\u00e7a Seren Ural<\/a>\n<\/li>\n\t<li class=\"cat-item cat-item-11249\"><a href=\"https:\/\/epochtimestr.com\/index.php\/category\/kose-yazilari-gokhan-esmer\">K\u00f6\u015fe Yaz\u0131lar\u0131 G\u00f6khan Esmer<\/a>\n<\/li>\n\t<li class=\"cat-item cat-item-8412\"><a href=\"https:\/\/epochtimestr.com\/index.php\/category\/kose-yazilari-hakan-kocman\">K\u00f6\u015fe Yaz\u0131lar\u0131 Hakan Ko\u00e7man<\/a>\n<\/li>\n\t<li class=\"cat-item cat-item-11512\"><a href=\"https:\/\/epochtimestr.com\/index.php\/category\/kose-yazilari-haluk-tatver\">K\u00f6\u015fe Yaz\u0131lar\u0131 Haluk Tatver<\/a>\n<\/li>\n\t<li class=\"cat-item cat-item-8415\"><a href=\"https:\/\/epochtimestr.com\/index.php\/category\/kose-yazilari-ilhan-akan\">K\u00f6\u015fe Yaz\u0131lar\u0131 \u0130lhan Akan<\/a>\n<\/li>\n\t<li class=\"cat-item cat-item-9659\"><a href=\"https:\/\/epochtimestr.com\/index.php\/category\/kose-yazilari-kazim-aldogan\">K\u00f6\u015fe Yaz\u0131lar\u0131 Kaz\u0131m Aldo\u011fan<\/a>\n<\/li>\n\t<li class=\"cat-item cat-item-11464\"><a href=\"https:\/\/epochtimestr.com\/index.php\/category\/kose-yazilari-kemal-kirmizi\">K\u00f6\u015fe Yaz\u0131lar\u0131 Kemal K\u0131rm\u0131z\u0131<\/a>\n<\/li>\n\t<li class=\"cat-item cat-item-8416\"><a href=\"https:\/\/epochtimestr.com\/index.php\/category\/kose-yazilari-mehmet-eroglu\">K\u00f6\u015fe Yaz\u0131lar\u0131 Mehmet Ero\u011flu<\/a>\n<\/li>\n\t<li class=\"cat-item cat-item-11181\"><a href=\"https:\/\/epochtimestr.com\/index.php\/category\/kose-yazilari\/kose-yazilari-nurseren-tor\">K\u00f6\u015fe Yaz\u0131lar\u0131 Nurseren Tor<\/a>\n<\/li>\n\t<li class=\"cat-item cat-item-9240\"><a href=\"https:\/\/epochtimestr.com\/index.php\/category\/kose-yazilari-omer-karayilan\">K\u00f6\u015fe Yaz\u0131lar\u0131 \u00d6mer Karay\u0131lan<\/a>\n<\/li>\n\t<li class=\"cat-item cat-item-10976\"><a href=\"https:\/\/epochtimestr.com\/index.php\/category\/kose-yazilari-osman-erkan-ozaydin\">K\u00f6\u015fe Yaz\u0131lar\u0131 Osman Erkan \u00d6zayd\u0131n<\/a>\n<\/li>\n\t<li class=\"cat-item cat-item-9156\"><a href=\"https:\/\/epochtimestr.com\/index.php\/category\/kose-yazilari-perihan-ozpinar\">K\u00f6\u015fe Yaz\u0131lar\u0131 Perihan \u00d6zp\u0131nar<\/a>\n<\/li>\n\t<li class=\"cat-item cat-item-8413\"><a href=\"https:\/\/epochtimestr.com\/index.php\/category\/kose-yazilari-reyhan-corbaci\">K\u00f6\u015fe Yaz\u0131lar\u0131 Reyhan \u00c7orbac\u0131<\/a>\n<\/li>\n\t<li class=\"cat-item cat-item-10520\"><a href=\"https:\/\/epochtimestr.com\/index.php\/category\/kose-yazilari-sal-saygin-simsek\">K\u00f6\u015fe Yaz\u0131lar\u0131 Sal Sayg\u0131n \u015eim\u015fek<\/a>\n<\/li>\n\t<li class=\"cat-item cat-item-8821\"><a href=\"https:\/\/epochtimestr.com\/index.php\/category\/kose-yazilari-serap-kocman\">K\u00f6\u015fe Yaz\u0131lar\u0131 Serap Ko\u00e7man<\/a>\n<\/li>\n\t<li class=\"cat-item cat-item-8889\"><a href=\"https:\/\/epochtimestr.com\/index.php\/category\/kose-yazilari-serife-eser\">K\u00f6\u015fe Yaz\u0131lar\u0131 \u015eerife Eser<\/a>\n<\/li>\n\t<li class=\"cat-item cat-item-8709\"><a href=\"https:\/\/epochtimestr.com\/index.php\/category\/kose-yazilari-tilbe-ubeyli\">K\u00f6\u015fe Yaz\u0131lar\u0131 Tilbe Ubeyli<\/a>\n<\/li>\n\t<li class=\"cat-item cat-item-9371\"><a href=\"https:\/\/epochtimestr.com\/index.php\/category\/kose-yazilari-veli-metin-turkoglu\">K\u00f6\u015fe Yaz\u0131lar\u0131 Veli Metin T\u00fcrko\u011flu<\/a>\n<\/li>\n\t<li class=\"cat-item cat-item-12555\"><a href=\"https:\/\/epochtimestr.com\/index.php\/category\/dunya\/kultur-sanat-edebiyat\">K\u00fclt\u00fcr, Sanat, Edebiyat<\/a>\n<\/li>\n\t<li class=\"cat-item cat-item-8222\"><a href=\"https:\/\/epochtimestr.com\/index.php\/category\/li-hongzhi\">Li Hongzhi<\/a>\n<\/li>\n\t<li class=\"cat-item cat-item-8357\"><a href=\"https:\/\/epochtimestr.com\/index.php\/category\/makale-yorumlari\">Makale yorumlar\u0131<\/a>\n<\/li>\n\t<li class=\"cat-item cat-item-8138\"><a href=\"https:\/\/epochtimestr.com\/index.php\/category\/manset\">MAN\u015eET<\/a>\n<\/li>\n\t<li class=\"cat-item cat-item-12446\"><a href=\"https:\/\/epochtimestr.com\/index.php\/category\/sanat\/mimari\">Mimari<\/a>\n<\/li>\n\t<li class=\"cat-item cat-item-6918\"><a href=\"https:\/\/epochtimestr.com\/index.php\/category\/sanat\/muzik\">M\u00fczik<\/a>\n<\/li>\n\t<li class=\"cat-item cat-item-8421\"><a href=\"https:\/\/epochtimestr.com\/index.php\/category\/bilim-ve-otesi\/olume-yakin-deneyimler\">\u00d6l\u00fcme Yak\u0131n Deneyimler<\/a>\n<\/li>\n\t<li class=\"cat-item cat-item-8206\"><a href=\"https:\/\/epochtimestr.com\/index.php\/category\/one-cikan\">\u00d6ne \u00c7\u0131kan<\/a>\n<\/li>\n\t<li class=\"cat-item cat-item-88\"><a href=\"https:\/\/epochtimestr.com\/index.php\/category\/sari-bir-dunya\">Ozan Bu\u011fdayc\u0131 &#8211; Sar\u0131 Bir D\u00fcnya<\/a>\n<\/li>\n\t<li class=\"cat-item cat-item-6916\"><a href=\"https:\/\/epochtimestr.com\/index.php\/category\/sanat\/plastik-sanatlar\">Plastik Sanatlar<\/a>\n<\/li>\n\t<li class=\"cat-item cat-item-6909\"><a href=\"https:\/\/epochtimestr.com\/index.php\/category\/epoch-saglik\">SA\u011eLIK<\/a>\n<\/li>\n\t<li class=\"cat-item cat-item-19\"><a href=\"https:\/\/epochtimestr.com\/index.php\/category\/epoch-saglik\/saglik\">Sa\u011fl\u0131k<\/a>\n<\/li>\n\t<li class=\"cat-item cat-item-6915\"><a href=\"https:\/\/epochtimestr.com\/index.php\/category\/sanat\/sahne-sanatlari\">Sahne Sanatlar\u0131<\/a>\n<\/li>\n\t<li class=\"cat-item cat-item-8190\"><a href=\"https:\/\/epochtimestr.com\/index.php\/category\/sanat\/sanat-ve-gelenek\">Sanat ve Gelenek<\/a>\n<\/li>\n\t<li class=\"cat-item cat-item-16\"><a href=\"https:\/\/epochtimestr.com\/index.php\/category\/sanat\">SANAT ve K\u00dcLT\u00dcR<\/a>\n<\/li>\n\t<li class=\"cat-item cat-item-6922\"><a href=\"https:\/\/epochtimestr.com\/index.php\/category\/yasam_tarzi\/seyahat\">Seyahat<\/a>\n<\/li>\n\t<li class=\"cat-item cat-item-43\"><a href=\"https:\/\/epochtimestr.com\/index.php\/category\/shen-yun-ozel\">Shen Yun \u00d6zel<\/a>\n<\/li>\n\t<li class=\"cat-item cat-item-8665\"><a href=\"https:\/\/epochtimestr.com\/index.php\/category\/sanat\/siir\">\u015eiir<\/a>\n<\/li>\n\t<li class=\"cat-item cat-item-8226\"><a href=\"https:\/\/epochtimestr.com\/index.php\/category\/turkiyeden-haberler\/siyaset\">Siyaset<\/a>\n<\/li>\n\t<li class=\"cat-item cat-item-8406\"><a href=\"https:\/\/epochtimestr.com\/index.php\/category\/enerji\/sifir-enerji-politikalari\">S\u0131f\u0131r enerji politikalar\u0131<\/a>\n<\/li>\n\t<li class=\"cat-item cat-item-9\"><a href=\"https:\/\/epochtimestr.com\/index.php\/category\/spor\">Spor<\/a>\n<\/li>\n\t<li class=\"cat-item cat-item-60\"><a href=\"https:\/\/epochtimestr.com\/index.php\/category\/taslakda-birak\">Taslak&#039;da b\u0131rak<\/a>\n<\/li>\n\t<li class=\"cat-item cat-item-6907\"><a href=\"https:\/\/epochtimestr.com\/index.php\/category\/bilim-ve-otesi\/teknoloji\">Teknoloji<\/a>\n<\/li>\n\t<li class=\"cat-item cat-item-2043\"><a href=\"https:\/\/epochtimestr.com\/index.php\/category\/cin\/toplum\">Toplum<\/a>\n<\/li>\n\t<li class=\"cat-item cat-item-12399\"><a href=\"https:\/\/epochtimestr.com\/index.php\/category\/turkiyeden-haberler\/turizm\">Turizm<\/a>\n<\/li>\n\t<li class=\"cat-item cat-item-8420\"><a href=\"https:\/\/epochtimestr.com\/index.php\/category\/turk-dunyasi\">T\u00dcRK D\u00dcNYASI<\/a>\n<\/li>\n\t<li class=\"cat-item cat-item-37\"><a href=\"https:\/\/epochtimestr.com\/index.php\/category\/turkiyeden-haberler\">T\u00dcRK\u0130YE<\/a>\n<\/li>\n\t<li class=\"cat-item cat-item-12306\"><a href=\"https:\/\/epochtimestr.com\/index.php\/category\/turkiyeden-haberler\/uluslararasi-iliskiler\">Uluslararas\u0131 \u0130li\u015fkiler<\/a>\n<\/li>\n\t<li class=\"cat-item cat-item-2881\"><a href=\"https:\/\/epochtimestr.com\/index.php\/category\/yasam_tarzi\/unluler\">\u00dcnl\u00fcler<\/a>\n<\/li>\n\t<li class=\"cat-item cat-item-12220\"><a href=\"https:\/\/epochtimestr.com\/index.php\/category\/dunya\/uzay-ve-gokyuzu\">Uzay ve G\u00f6ky\u00fcz\u00fc<\/a>\n<\/li>\n\t<li class=\"cat-item cat-item-3485\"><a href=\"https:\/\/epochtimestr.com\/index.php\/category\/video\/video-galerisi\">Video Galerisi<\/a>\n<\/li>\n\t<li class=\"cat-item cat-item-40\"><a href=\"https:\/\/epochtimestr.com\/index.php\/category\/cin\/organ-ticareti\">Yasa D\u0131\u015f\u0131 Organ Ticareti<\/a>\n<\/li>\n\t<li class=\"cat-item cat-item-8419\"><a href=\"https:\/\/epochtimestr.com\/index.php\/category\/turkiyeden-haberler\/yasam\">Ya\u015fam<\/a>\n<\/li>\n\t<li class=\"cat-item cat-item-15\"><a href=\"https:\/\/epochtimestr.com\/index.php\/category\/yasam_tarzi\">YA\u015eAM TARZI<\/a>\n<\/li>\n\t<li class=\"cat-item cat-item-6917\"><a href=\"https:\/\/epochtimestr.com\/index.php\/category\/sanat\/yazin\">Yaz\u0131n<\/a>\n<\/li>\n\t<li class=\"cat-item cat-item-6912\"><a href=\"https:\/\/epochtimestr.com\/index.php\/category\/yasam_tarzi\/yeme-icme\">Yeme &amp; \u0130\u00e7me<\/a>\n<\/li>\n<\/ul>\n\n\n\n<ol class=\"has-avatars has-dates has-excerpts wp-block-latest-comments\"><li class=\"wp-block-latest-comments__comment\"><img alt='' src='https:\/\/secure.gravatar.com\/avatar\/b08cd2f164f070ad86f68092a11ad9c9?s=48&#038;d=mm&#038;r=g' class='avatar avatar-48 photo avatar-default' height='48' width='48' \/><article><footer class=\"wp-block-latest-comments__comment-meta\"><span class=\"wp-block-latest-comments__comment-author\">do\u011fan bilge<\/span> &#8211; <a class=\"wp-block-latest-comments__comment-link\" href=\"https:\/\/epochtimestr.com\/index.php\/bu-dansi-bana-lutfeder-misiniz\/comment-page-1#comment-110333\">Bu Dans\u0131 Bana L\u00fbtfeder Misiniz?<\/a><time datetime=\"2026-08-30T10:49:31+03:00\" class=\"wp-block-latest-comments__comment-date\">30 A\u011fustos 2026<\/time><\/footer><div class=\"wp-block-latest-comments__comment-excerpt\"><p>Karanl\u0131\u011fa al\u0131\u015fmamak, belki de insan kalabilmenin en \u00f6nemli \u015fart\u0131 olsa gerek. G\u00f6rmezden gelmek yerine \u0131\u015f\u0131k tutmay\u0131, umudu ve iyili\u011fi se\u00e7meyi&hellip;<\/p>\n<\/div><\/article><\/li><li class=\"wp-block-latest-comments__comment\"><img alt='' src='https:\/\/secure.gravatar.com\/avatar\/a2b43feea900fa6346ef785b4a338c55?s=48&#038;d=mm&#038;r=g' class='avatar avatar-48 photo avatar-default' height='48' width='48' \/><article><footer class=\"wp-block-latest-comments__comment-meta\"><span class=\"wp-block-latest-comments__comment-author\">G\u00fcl\u00e7in AYTAN A\u00c7IKALINN<\/span> &#8211; <a class=\"wp-block-latest-comments__comment-link\" href=\"https:\/\/epochtimestr.com\/index.php\/agustos-sonu-topragin-ve-vicdanin-hasat-vakti\/comment-page-1#comment-110229\">A\u011fustos Sonu: Topra\u011f\u0131n Ve Vicdan\u0131n Hasat Vakti<\/a><time datetime=\"2026-08-23T22:14:23+03:00\" class=\"wp-block-latest-comments__comment-date\">23 A\u011fustos 2026<\/time><\/footer><div class=\"wp-block-latest-comments__comment-excerpt\"><p>Kutlar\u0131m Hocam \u00e7ok \u00e7ok g\u00fczel y\u00fcre\u011finize kaleminize sa\u011fl\u0131k esenlikler dilerim<\/p>\n<\/div><\/article><\/li><li class=\"wp-block-latest-comments__comment\"><img alt='' src='https:\/\/secure.gravatar.com\/avatar\/b08cd2f164f070ad86f68092a11ad9c9?s=48&#038;d=mm&#038;r=g' class='avatar avatar-48 photo avatar-default' height='48' width='48' \/><article><footer class=\"wp-block-latest-comments__comment-meta\"><span class=\"wp-block-latest-comments__comment-author\">do\u011fan bilge<\/span> &#8211; <a class=\"wp-block-latest-comments__comment-link\" href=\"https:\/\/epochtimestr.com\/index.php\/can-sikintisi\/comment-page-1#comment-110219\">Can S\u0131k\u0131nt\u0131s\u0131<\/a><time datetime=\"2026-08-23T12:09:41+03:00\" class=\"wp-block-latest-comments__comment-date\">23 A\u011fustos 2026<\/time><\/footer><div class=\"wp-block-latest-comments__comment-excerpt\"><p>Ne g\u00fczel anlat\u0131lm\u0131\u015f\u2026 \u0130nsan bazen kalabal\u0131klardan de\u011fil, kendinden uzak kald\u0131\u011f\u0131nda yaln\u0131zla\u015f\u0131yor. Kendi zaman\u0131na d\u00f6nmek, sevdi\u011fin kitaplarla ve dost bildi\u011fin yazarlarla&hellip;<\/p>\n<\/div><\/article><\/li><li class=\"wp-block-latest-comments__comment\"><img alt='' src='https:\/\/secure.gravatar.com\/avatar\/ee732cf3bd49448c811ae53076abba88?s=48&#038;d=mm&#038;r=g' class='avatar avatar-48 photo avatar-default' height='48' width='48' \/><article><footer class=\"wp-block-latest-comments__comment-meta\"><span class=\"wp-block-latest-comments__comment-author\">\u00d6zlem Atalay<\/span> &#8211; <a class=\"wp-block-latest-comments__comment-link\" href=\"https:\/\/epochtimestr.com\/index.php\/bin-turna-kusu\/comment-page-1#comment-110201\">Bin Turna Ku\u015fu<\/a><time datetime=\"2026-08-22T12:31:49+03:00\" class=\"wp-block-latest-comments__comment-date\">22 A\u011fustos 2026<\/time><\/footer><div class=\"wp-block-latest-comments__comment-excerpt\"><p>\u201c\u0130nsanl\u0131k atomu par\u00e7alayacak kadar b\u00fcy\u00fcm\u00fc\u015f, bir \u00e7ocu\u011fun ya\u015fama iste\u011fini koruyacak kadar b\u00fcy\u00fcyememi\u015fti.\u201c \ud83d\ude14 Y\u00fcre\u011finize sa\u011fl\u0131k hocam \ud83d\udc4f\ud83d\udc4f\ud83d\udc4f<\/p>\n<\/div><\/article><\/li><li class=\"wp-block-latest-comments__comment\"><img alt='' src='https:\/\/secure.gravatar.com\/avatar\/35f67bd2206d946729f9b1138c2a86a8?s=48&#038;d=mm&#038;r=g' class='avatar avatar-48 photo avatar-default' height='48' width='48' \/><article><footer class=\"wp-block-latest-comments__comment-meta\"><a class=\"wp-block-latest-comments__comment-author\" href=\"http:\/\/www.hilmidulkadir.com\">hilmi<\/a> &#8211; <a class=\"wp-block-latest-comments__comment-link\" href=\"https:\/\/epochtimestr.com\/index.php\/bir-gul-olse-bile-kokusu-kalir\/comment-page-1#comment-110083\">\u201cBir G\u00fcl \u00d6lse Bile Kokusu Kal\u0131r\u201d<\/a><time datetime=\"2026-08-17T13:20:56+03:00\" class=\"wp-block-latest-comments__comment-date\">17 A\u011fustos 2026<\/time><\/footer><div class=\"wp-block-latest-comments__comment-excerpt\"><p>G\u00fczel bir yaz\u0131 olmu\u015f. Kutluyorum. Daha \u00e7ok yazmal\u0131s\u0131n, okuyucun olarak ben var\u0131m&#8230;<\/p>\n<\/div><\/article><\/li><\/ol>\n\n<ul class=\"wp-block-latest-posts__list wp-block-latest-posts\"><li><a class=\"wp-block-latest-posts__post-title\" href=\"https:\/\/epochtimestr.com\/index.php\/iran-saldirisinin-ardindan-petrol-fiyatlari-yine-yukseldi\">\u0130ran Sald\u0131r\u0131s\u0131n\u0131n Ard\u0131ndan Petrol Fiyatlar\u0131 Yine Y\u00fckseldi<\/a><\/li>\n<li><a class=\"wp-block-latest-posts__post-title\" href=\"https:\/\/epochtimestr.com\/index.php\/vergi-sgk-trafik-cezasi-ve-mtv-borcu-olanlar-icin-son-gun\">Vergi SGK Trafik Cezas\u0131 ve MTV Borcu Olanlar \u0130\u00e7in Son G\u00fcn<\/a><\/li>\n<li><a class=\"wp-block-latest-posts__post-title\" href=\"https:\/\/epochtimestr.com\/index.php\/imamoglu-yasaklanan-kitabinin-tanitim-videosunu-paylasti\">\u0130mamo\u011flu Yasaklanan Kitab\u0131n\u0131n Tan\u0131t\u0131m Videosunu Payla\u015ft\u0131<\/a><\/li>\n<li><a class=\"wp-block-latest-posts__post-title\" href=\"https:\/\/epochtimestr.com\/index.php\/melih-gokcek-hakkinda-sorusturma-baslatildi\">Melih G\u00f6k\u00e7ek Hakk\u0131nda Soru\u015fturma Ba\u015flat\u0131ld\u0131<\/a><\/li>\n<li><a class=\"wp-block-latest-posts__post-title\" href=\"https:\/\/epochtimestr.com\/index.php\/kktc-gemi-faciasinda-mahkemeye-cikarilan-9-kisi-tutuklandi\">KKTC Gemi Facias\u0131nda Mahkemeye \u00c7\u0131kar\u0131lan 9 Ki\u015fi Tutukland\u0131<\/a><\/li>\n<\/ul>\n\n<ul class=\"wp-block-page-list\"><li class=\"wp-block-pages-list__item\"><a class=\"wp-block-pages-list__item__link\" href=\"https:\/\/epochtimestr.com\/index.php\/aile-ve-egitim\">A\u0130LE ve E\u011e\u0130T\u0130M<\/a><\/li><li class=\"wp-block-pages-list__item menu-item-home\"><a class=\"wp-block-pages-list__item__link\" href=\"https:\/\/epochtimestr.com\/\">Ana Sayfa<\/a><\/li><li class=\"wp-block-pages-list__item\"><a class=\"wp-block-pages-list__item__link\" href=\"https:\/\/epochtimestr.com\/index.php\/anadolu-efsaneleri-2\">Anadolu Efsaneleri<\/a><\/li><li class=\"wp-block-pages-list__item\"><a class=\"wp-block-pages-list__item__link\" href=\"https:\/\/epochtimestr.com\/index.php\/doga-ve-insan\">Do\u011fa ve \u0130nsan<\/a><\/li><li class=\"wp-block-pages-list__item\"><a class=\"wp-block-pages-list__item__link\" href=\"https:\/\/epochtimestr.com\/index.php\/dunya-kultur-miraslari\">D\u00fcnya K\u00fclt\u00fcr Miraslar\u0131<\/a><\/li><li class=\"wp-block-pages-list__item\"><a class=\"wp-block-pages-list__item__link\" href=\"https:\/\/epochtimestr.com\/index.php\/edebiyat\">Edebiyat<\/a><\/li><li class=\"wp-block-pages-list__item\"><a class=\"wp-block-pages-list__item__link\" href=\"https:\/\/epochtimestr.com\/index.php\/efsaneleri-kisilikler\">Efsane Ki\u015filikler<\/a><\/li><li class=\"wp-block-pages-list__item\"><a class=\"wp-block-pages-list__item__link\" href=\"https:\/\/epochtimestr.com\/index.php\/ev\">Ev<\/a><\/li><li class=\"wp-block-pages-list__item\"><a class=\"wp-block-pages-list__item__link\" href=\"https:\/\/epochtimestr.com\/index.php\/film-tv\">Film &amp; TV<\/a><\/li><li class=\"wp-block-pages-list__item\"><a class=\"wp-block-pages-list__item__link\" href=\"https:\/\/epochtimestr.com\/index.php\/arsiv\">Gizlilik Politikas\u0131<\/a><\/li><li class=\"wp-block-pages-list__item\"><a class=\"wp-block-pages-list__item__link\" href=\"https:\/\/epochtimestr.com\/index.php\/hakkimizda\">Hakk\u0131m\u0131zda<\/a><\/li><li class=\"wp-block-pages-list__item\"><a class=\"wp-block-pages-list__item__link\" href=\"https:\/\/epochtimestr.com\/index.php\/iletisim-2\">\u0130leti\u015fim<\/a><\/li><li class=\"wp-block-pages-list__item\"><a class=\"wp-block-pages-list__item__link\" href=\"https:\/\/epochtimestr.com\/index.php\/ilham\">\u0130LHAM<\/a><\/li><li class=\"wp-block-pages-list__item\"><a class=\"wp-block-pages-list__item__link\" href=\"https:\/\/epochtimestr.com\/index.php\/ilham-verenler\">\u0130lham Verenler<\/a><\/li><li class=\"wp-block-pages-list__item\"><a class=\"wp-block-pages-list__item__link\" href=\"https:\/\/epochtimestr.com\/index.php\/kisisel-gelisim\">Ki\u015fisel Geli\u015fim<\/a><\/li><li class=\"wp-block-pages-list__item\"><a class=\"wp-block-pages-list__item__link\" href=\"https:\/\/epochtimestr.com\/index.php\/li-hongzhi-makaleleri\">Li Hongzhi Makaleleri<\/a><\/li><li class=\"wp-block-pages-list__item\"><a class=\"wp-block-pages-list__item__link\" href=\"https:\/\/epochtimestr.com\/index.php\/muzik\">M\u00fczik<\/a><\/li><li class=\"wp-block-pages-list__item\"><a class=\"wp-block-pages-list__item__link\" href=\"https:\/\/epochtimestr.com\/index.php\/ozel-seri-komunist-parti-uzerine-dokuz-yorum\">\u00d6zel Seri: Kom\u00fcnist Parti \u00dczerine Dokuz Yorum<\/a><\/li><li class=\"wp-block-pages-list__item\"><a class=\"wp-block-pages-list__item__link\" href=\"https:\/\/epochtimestr.com\/index.php\/ozel-seri-komunizm-hayaleti-dunyamizi-nasil-yonetiyor\">\u00d6zel Seri: Kom\u00fcnizmin Hayaleti D\u00fcnyam\u0131za Nas\u0131l H\u00fckmediyor<\/a><\/li><li class=\"wp-block-pages-list__item\"><a class=\"wp-block-pages-list__item__link\" href=\"https:\/\/epochtimestr.com\/index.php\/plastik-sanatlar\">Plastik Sanatlar<\/a><\/li><li class=\"wp-block-pages-list__item\"><a class=\"wp-block-pages-list__item__link\" href=\"https:\/\/epochtimestr.com\/index.php\/sahne-sanatlari\">Sahne Sanatlar\u0131<\/a><\/li><li class=\"wp-block-pages-list__item\"><a class=\"wp-block-pages-list__item__link\" href=\"https:\/\/epochtimestr.com\/index.php\/sanat-ve-gelenek\">Sanat ve Gelenek<\/a><\/li><li class=\"wp-block-pages-list__item\"><a class=\"wp-block-pages-list__item__link\" href=\"https:\/\/epochtimestr.com\/index.php\/sanat-ve-kultur\">SANAT ve K\u00dcLT\u00dcR<\/a><\/li><li class=\"wp-block-pages-list__item\"><a class=\"wp-block-pages-list__item__link\" href=\"https:\/\/epochtimestr.com\/index.php\/seyahat\">Seyahat<\/a><\/li><li class=\"wp-block-pages-list__item\"><a class=\"wp-block-pages-list__item__link\" href=\"https:\/\/epochtimestr.com\/index.php\/shen-yun-2\">Shen Yun<\/a><\/li><li class=\"wp-block-pages-list__item\"><a class=\"wp-block-pages-list__item__link\" href=\"https:\/\/epochtimestr.com\/index.php\/spor\">Spor<\/a><\/li><li class=\"wp-block-pages-list__item\"><a class=\"wp-block-pages-list__item__link\" href=\"https:\/\/epochtimestr.com\/index.php\/unluler\">\u00dcnl\u00fcler<\/a><\/li><li class=\"wp-block-pages-list__item\"><a class=\"wp-block-pages-list__item__link\" href=\"https:\/\/epochtimestr.com\/index.php\/yasam\">YA\u015eAM<\/a><\/li><li class=\"wp-block-pages-list__item\"><a class=\"wp-block-pages-list__item__link\" href=\"https:\/\/epochtimestr.com\/index.php\/yasam-ve-gelenek\">YA\u015eAM ve GELENEK<\/a><\/li><li class=\"wp-block-pages-list__item\"><a class=\"wp-block-pages-list__item__link\" href=\"https:\/\/epochtimestr.com\/index.php\/yeme-icme-2\">Yeme &amp; \u0130\u00e7me<\/a><\/li><\/ul>\n\n<div class=\"components-placeholder\"><div class=\"notice notice-error\"><strong>RSS sorunu:<\/strong> WP HTTP Error: Ge\u00e7erli bir adres belirtilmemi\u015f.<\/div><\/div>\n\n\n<ul class=\"wp-block-social-links is-layout-flex wp-block-social-links-is-layout-flex\"><\/ul>\n\n\n<p class=\"wp-block-tag-cloud\"><a href=\"https:\/\/epochtimestr.com\/index.php\/tag\/ab\" class=\"tag-cloud-link tag-link-1652 tag-link-position-1\" style=\"font-size: 11.127659574468pt;\" aria-label=\"AB (88 \u00f6ge)\">AB<\/a>\n<a href=\"https:\/\/epochtimestr.com\/index.php\/tag\/abd\" class=\"tag-cloud-link tag-link-407 tag-link-position-2\" style=\"font-size: 22pt;\" aria-label=\"ABD (475 \u00f6ge)\">ABD<\/a>\n<a href=\"https:\/\/epochtimestr.com\/index.php\/tag\/abd-iran-savasi\" class=\"tag-cloud-link tag-link-10503 tag-link-position-3\" style=\"font-size: 11.425531914894pt;\" aria-label=\"ABD \u0130ran sava\u015f\u0131 (92 \u00f6ge)\">ABD \u0130ran sava\u015f\u0131<\/a>\n<a href=\"https:\/\/epochtimestr.com\/index.php\/tag\/akp\" class=\"tag-cloud-link tag-link-1017 tag-link-position-4\" style=\"font-size: 8.1489361702128pt;\" aria-label=\"AKP (55 \u00f6ge)\">AKP<\/a>\n<a href=\"https:\/\/epochtimestr.com\/index.php\/tag\/almanya\" class=\"tag-cloud-link tag-link-708 tag-link-position-5\" style=\"font-size: 10.382978723404pt;\" aria-label=\"almanya (78 \u00f6ge)\">almanya<\/a>\n<a href=\"https:\/\/epochtimestr.com\/index.php\/tag\/antik-cin-kulturu\" class=\"tag-cloud-link tag-link-6875 tag-link-position-6\" style=\"font-size: 9.0425531914894pt;\" aria-label=\"Antik \u00c7in K\u00fclt\u00fcr\u00fc (64 \u00f6ge)\">Antik \u00c7in K\u00fclt\u00fcr\u00fc<\/a>\n<a href=\"https:\/\/epochtimestr.com\/index.php\/tag\/avrupa-birligi\" class=\"tag-cloud-link tag-link-329 tag-link-position-7\" style=\"font-size: 8.4468085106383pt;\" aria-label=\"avrupa birli\u011fi (58 \u00f6ge)\">avrupa birli\u011fi<\/a>\n<a href=\"https:\/\/epochtimestr.com\/index.php\/tag\/chp\" class=\"tag-cloud-link tag-link-583 tag-link-position-8\" style=\"font-size: 13.36170212766pt;\" aria-label=\"CHP (126 \u00f6ge)\">CHP<\/a>\n<a href=\"https:\/\/epochtimestr.com\/index.php\/tag\/covid-19\" class=\"tag-cloud-link tag-link-7251 tag-link-position-9\" style=\"font-size: 21.851063829787pt;\" aria-label=\"covid-19 (472 \u00f6ge)\">covid-19<\/a>\n<a href=\"https:\/\/epochtimestr.com\/index.php\/tag\/cumhurbaskani-recep-tayyip-erdogan\" class=\"tag-cloud-link tag-link-4799 tag-link-position-10\" style=\"font-size: 14.553191489362pt;\" aria-label=\"cumhurba\u015fkan\u0131 recep tayyip erdo\u011fan (149 \u00f6ge)\">cumhurba\u015fkan\u0131 recep tayyip erdo\u011fan<\/a>\n<a href=\"https:\/\/epochtimestr.com\/index.php\/tag\/deprem\" class=\"tag-cloud-link tag-link-372 tag-link-position-11\" style=\"font-size: 12.468085106383pt;\" aria-label=\"deprem (109 \u00f6ge)\">deprem<\/a>\n<a href=\"https:\/\/epochtimestr.com\/index.php\/tag\/diyarbakir\" class=\"tag-cloud-link tag-link-1626 tag-link-position-12\" style=\"font-size: 8.1489361702128pt;\" aria-label=\"diyarbak\u0131r (55 \u00f6ge)\">diyarbak\u0131r<\/a>\n<a href=\"https:\/\/epochtimestr.com\/index.php\/tag\/erdogan\" class=\"tag-cloud-link tag-link-895 tag-link-position-13\" style=\"font-size: 9.4893617021277pt;\" aria-label=\"erdo\u011fan (68 \u00f6ge)\">erdo\u011fan<\/a>\n<a href=\"https:\/\/epochtimestr.com\/index.php\/tag\/fahrettin-koca\" class=\"tag-cloud-link tag-link-7285 tag-link-position-14\" style=\"font-size: 10.531914893617pt;\" aria-label=\"Fahrettin koca (80 \u00f6ge)\">Fahrettin koca<\/a>\n<a href=\"https:\/\/epochtimestr.com\/index.php\/tag\/falun-dafa\" class=\"tag-cloud-link tag-link-262 tag-link-position-15\" style=\"font-size: 10.829787234043pt;\" aria-label=\"Falun Dafa (85 \u00f6ge)\">Falun Dafa<\/a>\n<a href=\"https:\/\/epochtimestr.com\/index.php\/tag\/falun-gong\" class=\"tag-cloud-link tag-link-261 tag-link-position-16\" style=\"font-size: 11.574468085106pt;\" aria-label=\"Falun Gong (95 \u00f6ge)\">Falun Gong<\/a>\n<a href=\"https:\/\/epochtimestr.com\/index.php\/tag\/feto\" class=\"tag-cloud-link tag-link-5309 tag-link-position-17\" style=\"font-size: 8.5957446808511pt;\" aria-label=\"fet\u00f6 (59 \u00f6ge)\">fet\u00f6<\/a>\n<a href=\"https:\/\/epochtimestr.com\/index.php\/tag\/fransa\" class=\"tag-cloud-link tag-link-232 tag-link-position-18\" style=\"font-size: 9.3404255319149pt;\" aria-label=\"fransa (66 \u00f6ge)\">fransa<\/a>\n<a href=\"https:\/\/epochtimestr.com\/index.php\/tag\/hurmuz-bogazi\" class=\"tag-cloud-link tag-link-10522 tag-link-position-19\" style=\"font-size: 10.531914893617pt;\" aria-label=\"H\u00fcrm\u00fcz bo\u011faz\u0131 (80 \u00f6ge)\">H\u00fcrm\u00fcz bo\u011faz\u0131<\/a>\n<a href=\"https:\/\/epochtimestr.com\/index.php\/tag\/istanbul\" class=\"tag-cloud-link tag-link-666 tag-link-position-20\" style=\"font-size: 9.936170212766pt;\" aria-label=\"istanbul (73 \u00f6ge)\">istanbul<\/a>\n<a href=\"https:\/\/epochtimestr.com\/index.php\/tag\/japonya\" class=\"tag-cloud-link tag-link-371 tag-link-position-21\" style=\"font-size: 8.8936170212766pt;\" aria-label=\"japonya (62 \u00f6ge)\">japonya<\/a>\n<a href=\"https:\/\/epochtimestr.com\/index.php\/tag\/koronavirus\" class=\"tag-cloud-link tag-link-7005 tag-link-position-22\" style=\"font-size: 9.4893617021277pt;\" aria-label=\"koronavir\u00fcs (68 \u00f6ge)\">koronavir\u00fcs<\/a>\n<a href=\"https:\/\/epochtimestr.com\/index.php\/tag\/kovid-19\" class=\"tag-cloud-link tag-link-7218 tag-link-position-23\" style=\"font-size: 9.936170212766pt;\" aria-label=\"kovid-19 (73 \u00f6ge)\">kovid-19<\/a>\n<a href=\"https:\/\/epochtimestr.com\/index.php\/tag\/kose\" class=\"tag-cloud-link tag-link-11729 tag-link-position-24\" style=\"font-size: 8pt;\" aria-label=\"K\u00f6\u015fe (54 \u00f6ge)\">K\u00f6\u015fe<\/a>\n<a href=\"https:\/\/epochtimestr.com\/index.php\/tag\/nato\" class=\"tag-cloud-link tag-link-722 tag-link-position-25\" style=\"font-size: 9.1914893617021pt;\" aria-label=\"NATO (65 \u00f6ge)\">NATO<\/a>\n<a href=\"https:\/\/epochtimestr.com\/index.php\/tag\/patlama\" class=\"tag-cloud-link tag-link-660 tag-link-position-26\" style=\"font-size: 10.531914893617pt;\" aria-label=\"patlama (81 \u00f6ge)\">patlama<\/a>\n<a href=\"https:\/\/epochtimestr.com\/index.php\/tag\/pkk\" class=\"tag-cloud-link tag-link-1518 tag-link-position-27\" style=\"font-size: 13.659574468085pt;\" aria-label=\"PKK (132 \u00f6ge)\">PKK<\/a>\n<a href=\"https:\/\/epochtimestr.com\/index.php\/tag\/recep-tayyip-erdogan\" class=\"tag-cloud-link tag-link-1031 tag-link-position-28\" style=\"font-size: 9.936170212766pt;\" aria-label=\"Recep Tayyip Erdo\u011fan (73 \u00f6ge)\">Recep Tayyip Erdo\u011fan<\/a>\n<a href=\"https:\/\/epochtimestr.com\/index.php\/tag\/rusya\" class=\"tag-cloud-link tag-link-265 tag-link-position-29\" style=\"font-size: 14.553191489362pt;\" aria-label=\"rusya (149 \u00f6ge)\">rusya<\/a>\n<a href=\"https:\/\/epochtimestr.com\/index.php\/tag\/saldiri\" class=\"tag-cloud-link tag-link-235 tag-link-position-30\" style=\"font-size: 9.3404255319149pt;\" aria-label=\"sald\u0131r\u0131 (67 \u00f6ge)\">sald\u0131r\u0131<\/a>\n<a href=\"https:\/\/epochtimestr.com\/index.php\/tag\/salgin\" class=\"tag-cloud-link tag-link-2441 tag-link-position-31\" style=\"font-size: 8.4468085106383pt;\" aria-label=\"Salg\u0131n (58 \u00f6ge)\">Salg\u0131n<\/a>\n<a href=\"https:\/\/epochtimestr.com\/index.php\/tag\/saglik-bakani\" class=\"tag-cloud-link tag-link-4475 tag-link-position-32\" style=\"font-size: 9.3404255319149pt;\" aria-label=\"sa\u011fl\u0131k bakan\u0131 (67 \u00f6ge)\">sa\u011fl\u0131k bakan\u0131<\/a>\n<a href=\"https:\/\/epochtimestr.com\/index.php\/tag\/saglik-bakani-fahrettin-koca\" class=\"tag-cloud-link tag-link-7439 tag-link-position-33\" style=\"font-size: 17.234042553191pt;\" aria-label=\"sa\u011fl\u0131k bakan\u0131 fahrettin koca (227 \u00f6ge)\">sa\u011fl\u0131k bakan\u0131 fahrettin koca<\/a>\n<a href=\"https:\/\/epochtimestr.com\/index.php\/tag\/suriye\" class=\"tag-cloud-link tag-link-556 tag-link-position-34\" style=\"font-size: 12.914893617021pt;\" aria-label=\"Suriye (116 \u00f6ge)\">Suriye<\/a>\n<a href=\"https:\/\/epochtimestr.com\/index.php\/tag\/tbmm\" class=\"tag-cloud-link tag-link-1200 tag-link-position-35\" style=\"font-size: 10.085106382979pt;\" aria-label=\"tbmm (74 \u00f6ge)\">tbmm<\/a>\n<a href=\"https:\/\/epochtimestr.com\/index.php\/tag\/trump\" class=\"tag-cloud-link tag-link-5764 tag-link-position-36\" style=\"font-size: 18.574468085106pt;\" aria-label=\"Trump (278 \u00f6ge)\">Trump<\/a>\n<a href=\"https:\/\/epochtimestr.com\/index.php\/tag\/turkiye\" class=\"tag-cloud-link tag-link-328 tag-link-position-37\" style=\"font-size: 15.446808510638pt;\" aria-label=\"T\u00fcrkiye (173 \u00f6ge)\">T\u00fcrkiye<\/a>\n<a href=\"https:\/\/epochtimestr.com\/index.php\/tag\/yunanistan\" class=\"tag-cloud-link tag-link-1651 tag-link-position-38\" style=\"font-size: 8.1489361702128pt;\" aria-label=\"Yunanistan (55 \u00f6ge)\">Yunanistan<\/a>\n<a href=\"https:\/\/epochtimestr.com\/index.php\/tag\/cin-2\" class=\"tag-cloud-link tag-link-170 tag-link-position-39\" style=\"font-size: 18.723404255319pt;\" aria-label=\"\u00c7in (287 \u00f6ge)\">\u00c7in<\/a>\n<a href=\"https:\/\/epochtimestr.com\/index.php\/tag\/cin-komunist-partisi\" class=\"tag-cloud-link tag-link-1872 tag-link-position-40\" style=\"font-size: 9.6382978723404pt;\" aria-label=\"\u00c7in Komunist Partisi (69 \u00f6ge)\">\u00c7in Komunist Partisi<\/a>\n<a href=\"https:\/\/epochtimestr.com\/index.php\/tag\/ingiltere\" class=\"tag-cloud-link tag-link-745 tag-link-position-41\" style=\"font-size: 8.2978723404255pt;\" aria-label=\"\u0130ngiltere (57 \u00f6ge)\">\u0130ngiltere<\/a>\n<a href=\"https:\/\/epochtimestr.com\/index.php\/tag\/iran\" class=\"tag-cloud-link tag-link-1086 tag-link-position-42\" style=\"font-size: 11.574468085106pt;\" aria-label=\"\u0130ran (95 \u00f6ge)\">\u0130ran<\/a>\n<a href=\"https:\/\/epochtimestr.com\/index.php\/tag\/israil-2\" class=\"tag-cloud-link tag-link-7874 tag-link-position-43\" style=\"font-size: 12.31914893617pt;\" aria-label=\"\u0130srail (106 \u00f6ge)\">\u0130srail<\/a>\n<a href=\"https:\/\/epochtimestr.com\/index.php\/tag\/icisleri-bakanligi\" class=\"tag-cloud-link tag-link-4472 tag-link-position-44\" style=\"font-size: 8.5957446808511pt;\" aria-label=\"\u0130\u00e7i\u015fleri bakanl\u0131\u011f\u0131 (59 \u00f6ge)\">\u0130\u00e7i\u015fleri bakanl\u0131\u011f\u0131<\/a>\n<a href=\"https:\/\/epochtimestr.com\/index.php\/tag\/sehit\" class=\"tag-cloud-link tag-link-2261 tag-link-position-45\" style=\"font-size: 8.7446808510638pt;\" aria-label=\"\u015fehit (60 \u00f6ge)\">\u015fehit<\/a><\/p>\n\n\n<div class=\"wp-block-contact-form-7-contact-form-selector\"><p class=\"wpcf7-contact-form-not-found\"><strong>Error:<\/strong> Contact form not found.<\/p><\/div>\n","protected":false},"excerpt":{"rendered":"<p>Jiang Zemin taraf\u0131ndan ba\u015flat\u0131lan Falun Dafa zulm\u00fc, milyonlarca \u00c7inlinin hayat\u0131n\u0131 mahvetti ve say\u0131s\u0131z aileyi par\u00e7alad\u0131. \u00c7ok say\u0131da insan \u00e7al\u0131\u015fma kamplar\u0131nda ve hapishanelerde i\u015fkence g\u00f6rd\u00fc ve \u00f6ld\u00fcr\u00fcld\u00fc. Bu foto\u011fraf galerisi, zulm\u00fcn ortaya \u00e7\u0131kard\u0131\u011f\u0131 kader kurban\u0131 olmu\u015f bireyleri g\u00f6steriyor. Eski \u00c7in Kom\u00fcnist Partisi (\u00c7KP) lideri Jiang Zemin, 30 Kas\u0131m&#8217;da 96 ya\u015f\u0131nda \u00f6ld\u00fc. Onun liderli\u011fi alt\u0131nda, 1999 y\u0131l\u0131nda [&hellip;]<\/p>\n","protected":false},"author":2500,"featured_media":141450,"comment_status":"closed","ping_status":"open","sticky":false,"template":"","format":"standard","meta":{"_yoast_wpseo_focuskw":"","_yoast_wpseo_title":"","_yoast_wpseo_metadesc":"","_bbp_topic_count":0,"_bbp_reply_count":0,"_bbp_total_topic_count":0,"_bbp_total_reply_count":0,"_bbp_voice_count":0,"_bbp_anonymous_reply_count":0,"_bbp_topic_count_hidden":0,"_bbp_reply_count_hidden":0,"_bbp_forum_subforum_count":0,"footnotes":"","_yoast_wpseo_focuskw_text_input":""},"categories":[8,2045,35,519,1,8138,40],"tags":[],"yoast_head":"<!-- This site is optimized with the Yoast SEO plugin v23.0 - https:\/\/yoast.com\/wordpress\/plugins\/seo\/ -->\n<title>Foto\u011fraf Galerisi: Jiang Zemin&#039;in Kanl\u0131 Miras\u0131 - The Epoch Times TR<\/title>\n<meta name=\"robots\" content=\"index, follow, max-snippet:-1, max-image-preview:large, max-video-preview:-1\" \/>\n<link rel=\"canonical\" href=\"https:\/\/epochtimestr.com\/index.php\/fotograf-galerisi-jiang-zeminin-kanli-mirasi\" \/>\n<meta property=\"og:locale\" content=\"tr_TR\" \/>\n<meta property=\"og:type\" content=\"article\" \/>\n<meta property=\"og:title\" content=\"Foto\u011fraf Galerisi: Jiang Zemin&#039;in Kanl\u0131 Miras\u0131 - The Epoch Times TR\" \/>\n<meta property=\"og:description\" content=\"Jiang Zemin taraf\u0131ndan ba\u015flat\u0131lan Falun Dafa zulm\u00fc, milyonlarca \u00c7inlinin hayat\u0131n\u0131 mahvetti ve say\u0131s\u0131z aileyi par\u00e7alad\u0131. \u00c7ok say\u0131da insan \u00e7al\u0131\u015fma kamplar\u0131nda ve hapishanelerde i\u015fkence g\u00f6rd\u00fc ve \u00f6ld\u00fcr\u00fcld\u00fc. Bu foto\u011fraf galerisi, zulm\u00fcn ortaya \u00e7\u0131kard\u0131\u011f\u0131 kader kurban\u0131 olmu\u015f bireyleri g\u00f6steriyor. Eski \u00c7in Kom\u00fcnist Partisi (\u00c7KP) lideri Jiang Zemin, 30 Kas\u0131m&#8217;da 96 ya\u015f\u0131nda \u00f6ld\u00fc. Onun liderli\u011fi alt\u0131nda, 1999 y\u0131l\u0131nda [&hellip;]\" \/>\n<meta property=\"og:url\" content=\"https:\/\/epochtimestr.com\/index.php\/fotograf-galerisi-jiang-zeminin-kanli-mirasi\" \/>\n<meta property=\"og:site_name\" content=\"The Epoch Times TR\" \/>\n<meta property=\"article:publisher\" content=\"https:\/\/www.facebook.com\/theepochtimestr\" \/>\n<meta property=\"article:published_time\" content=\"2022-12-15T19:37:43+00:00\" \/>\n<meta property=\"article:modified_time\" content=\"2024-02-27T12:25:51+00:00\" \/>\n<meta property=\"og:image\" content=\"https:\/\/epochtimestr.com\/wp-content\/uploads\/2011y\/20140717LARRY-DYE-1200x798-1-e1669909432992-800x450-1.jpg\" \/>\n\t<meta property=\"og:image:width\" content=\"800\" \/>\n\t<meta property=\"og:image:height\" content=\"450\" \/>\n\t<meta property=\"og:image:type\" content=\"image\/jpeg\" \/>\n<meta name=\"author\" content=\"Evren Durmaz\" \/>\n<meta name=\"twitter:card\" content=\"summary_large_image\" \/>\n<meta name=\"twitter:creator\" content=\"@TheEpochTimesTR\" \/>\n<meta name=\"twitter:site\" content=\"@TheEpochTimesTR\" \/>\n<meta name=\"twitter:label1\" content=\"Yazan:\" \/>\n\t<meta name=\"twitter:data1\" content=\"Evren Durmaz\" \/>\n\t<meta name=\"twitter:label2\" content=\"Tahmini okuma s\u00fcresi\" \/>\n\t<meta name=\"twitter:data2\" content=\"13 dakika\" \/>\n<script type=\"application\/ld+json\" class=\"yoast-schema-graph\">{\"@context\":\"https:\/\/schema.org\",\"@graph\":[{\"@type\":\"Article\",\"@id\":\"https:\/\/epochtimestr.com\/index.php\/fotograf-galerisi-jiang-zeminin-kanli-mirasi#article\",\"isPartOf\":{\"@id\":\"https:\/\/epochtimestr.com\/index.php\/fotograf-galerisi-jiang-zeminin-kanli-mirasi\"},\"author\":{\"name\":\"Evren Durmaz\",\"@id\":\"https:\/\/epochtimestr.com\/#\/schema\/person\/29464d85d2980e22f2e37bc9adcfb0a2\"},\"headline\":\"Foto\u011fraf Galerisi: Jiang Zemin&#8217;in Kanl\u0131 Miras\u0131\",\"datePublished\":\"2022-12-15T19:37:43+00:00\",\"dateModified\":\"2024-02-27T12:25:51+00:00\",\"mainEntityOfPage\":{\"@id\":\"https:\/\/epochtimestr.com\/index.php\/fotograf-galerisi-jiang-zeminin-kanli-mirasi\"},\"wordCount\":1457,\"publisher\":{\"@id\":\"https:\/\/epochtimestr.com\/#organization\"},\"image\":{\"@id\":\"https:\/\/epochtimestr.com\/index.php\/fotograf-galerisi-jiang-zeminin-kanli-mirasi#primaryimage\"},\"thumbnailUrl\":\"https:\/\/epochtimestr.com\/wp-content\/uploads\/2011y\/20140717LARRY-DYE-1200x798-1-e1669909432992-800x450-1.jpg\",\"articleSection\":[\"\u00c7\u0130N\",\"\u00c7in Rejimi\",\"\u00c7in'de \u0130nsan Haklar\u0131\",\"ED\u0130T\u00d6R\u00dcN SE\u00c7\u0130M\u0130\",\"G\u00dcNDEM\",\"MAN\u015eET\",\"Yasa D\u0131\u015f\u0131 Organ Ticareti\"],\"inLanguage\":\"tr\"},{\"@type\":\"WebPage\",\"@id\":\"https:\/\/epochtimestr.com\/index.php\/fotograf-galerisi-jiang-zeminin-kanli-mirasi\",\"url\":\"https:\/\/epochtimestr.com\/index.php\/fotograf-galerisi-jiang-zeminin-kanli-mirasi\",\"name\":\"Foto\u011fraf Galerisi: Jiang Zemin'in Kanl\u0131 Miras\u0131 - The Epoch Times TR\",\"isPartOf\":{\"@id\":\"https:\/\/epochtimestr.com\/#website\"},\"primaryImageOfPage\":{\"@id\":\"https:\/\/epochtimestr.com\/index.php\/fotograf-galerisi-jiang-zeminin-kanli-mirasi#primaryimage\"},\"image\":{\"@id\":\"https:\/\/epochtimestr.com\/index.php\/fotograf-galerisi-jiang-zeminin-kanli-mirasi#primaryimage\"},\"thumbnailUrl\":\"https:\/\/epochtimestr.com\/wp-content\/uploads\/2011y\/20140717LARRY-DYE-1200x798-1-e1669909432992-800x450-1.jpg\",\"datePublished\":\"2022-12-15T19:37:43+00:00\",\"dateModified\":\"2024-02-27T12:25:51+00:00\",\"inLanguage\":\"tr\",\"potentialAction\":[{\"@type\":\"ReadAction\",\"target\":[\"https:\/\/epochtimestr.com\/index.php\/fotograf-galerisi-jiang-zeminin-kanli-mirasi\"]}]},{\"@type\":\"ImageObject\",\"inLanguage\":\"tr\",\"@id\":\"https:\/\/epochtimestr.com\/index.php\/fotograf-galerisi-jiang-zeminin-kanli-mirasi#primaryimage\",\"url\":\"https:\/\/epochtimestr.com\/wp-content\/uploads\/2011y\/20140717LARRY-DYE-1200x798-1-e1669909432992-800x450-1.jpg\",\"contentUrl\":\"https:\/\/epochtimestr.com\/wp-content\/uploads\/2011y\/20140717LARRY-DYE-1200x798-1-e1669909432992-800x450-1.jpg\",\"width\":800,\"height\":450},{\"@type\":\"WebSite\",\"@id\":\"https:\/\/epochtimestr.com\/#website\",\"url\":\"https:\/\/epochtimestr.com\/\",\"name\":\"The Epoch Times TR\",\"description\":\"De\u011fi\u015fen D\u00fcnyam\u0131za Taze Bir Bak\u0131\u015f\",\"publisher\":{\"@id\":\"https:\/\/epochtimestr.com\/#organization\"},\"potentialAction\":[{\"@type\":\"SearchAction\",\"target\":{\"@type\":\"EntryPoint\",\"urlTemplate\":\"https:\/\/epochtimestr.com\/?s={search_term_string}\"},\"query-input\":\"required name=search_term_string\"}],\"inLanguage\":\"tr\"},{\"@type\":\"Organization\",\"@id\":\"https:\/\/epochtimestr.com\/#organization\",\"name\":\"The EpochTimes T\u00fcrkiye\",\"url\":\"https:\/\/epochtimestr.com\/\",\"logo\":{\"@type\":\"ImageObject\",\"inLanguage\":\"tr\",\"@id\":\"https:\/\/epochtimestr.com\/#\/schema\/logo\/image\/\",\"url\":\"https:\/\/epochtimestr.com\/wp-content\/uploads\/2011y\/ET-Logo-YG.jpg\",\"contentUrl\":\"https:\/\/epochtimestr.com\/wp-content\/uploads\/2011y\/ET-Logo-YG.jpg\",\"width\":346,\"height\":29,\"caption\":\"The EpochTimes T\u00fcrkiye\"},\"image\":{\"@id\":\"https:\/\/epochtimestr.com\/#\/schema\/logo\/image\/\"},\"sameAs\":[\"https:\/\/www.facebook.com\/theepochtimestr\",\"https:\/\/x.com\/TheEpochTimesTR\",\"https:\/\/www.instagram.com\/epochtimestr\"]},{\"@type\":\"Person\",\"@id\":\"https:\/\/epochtimestr.com\/#\/schema\/person\/29464d85d2980e22f2e37bc9adcfb0a2\",\"name\":\"Evren Durmaz\",\"image\":{\"@type\":\"ImageObject\",\"inLanguage\":\"tr\",\"@id\":\"https:\/\/epochtimestr.com\/#\/schema\/person\/image\/\",\"url\":\"https:\/\/secure.gravatar.com\/avatar\/503980a9fab198d7bb655c448172ca6a?s=96&d=mm&r=g\",\"contentUrl\":\"https:\/\/secure.gravatar.com\/avatar\/503980a9fab198d7bb655c448172ca6a?s=96&d=mm&r=g\",\"caption\":\"Evren Durmaz\"},\"url\":\"https:\/\/epochtimestr.com\/index.php\/author\/evren-durmaz\"}]}<\/script>\n<!-- \/ Yoast SEO plugin. -->","yoast_head_json":{"title":"Foto\u011fraf Galerisi: Jiang Zemin'in Kanl\u0131 Miras\u0131 - The Epoch Times TR","robots":{"index":"index","follow":"follow","max-snippet":"max-snippet:-1","max-image-preview":"max-image-preview:large","max-video-preview":"max-video-preview:-1"},"canonical":"https:\/\/epochtimestr.com\/index.php\/fotograf-galerisi-jiang-zeminin-kanli-mirasi","og_locale":"tr_TR","og_type":"article","og_title":"Foto\u011fraf Galerisi: Jiang Zemin'in Kanl\u0131 Miras\u0131 - The Epoch Times TR","og_description":"Jiang Zemin taraf\u0131ndan ba\u015flat\u0131lan Falun Dafa zulm\u00fc, milyonlarca \u00c7inlinin hayat\u0131n\u0131 mahvetti ve say\u0131s\u0131z aileyi par\u00e7alad\u0131. \u00c7ok say\u0131da insan \u00e7al\u0131\u015fma kamplar\u0131nda ve hapishanelerde i\u015fkence g\u00f6rd\u00fc ve \u00f6ld\u00fcr\u00fcld\u00fc. Bu foto\u011fraf galerisi, zulm\u00fcn ortaya \u00e7\u0131kard\u0131\u011f\u0131 kader kurban\u0131 olmu\u015f bireyleri g\u00f6steriyor. Eski \u00c7in Kom\u00fcnist Partisi (\u00c7KP) lideri Jiang Zemin, 30 Kas\u0131m&#8217;da 96 ya\u015f\u0131nda \u00f6ld\u00fc. Onun liderli\u011fi alt\u0131nda, 1999 y\u0131l\u0131nda [&hellip;]","og_url":"https:\/\/epochtimestr.com\/index.php\/fotograf-galerisi-jiang-zeminin-kanli-mirasi","og_site_name":"The Epoch Times TR","article_publisher":"https:\/\/www.facebook.com\/theepochtimestr","article_published_time":"2022-12-15T19:37:43+00:00","article_modified_time":"2024-02-27T12:25:51+00:00","og_image":[{"width":800,"height":450,"url":"https:\/\/epochtimestr.com\/wp-content\/uploads\/2011y\/20140717LARRY-DYE-1200x798-1-e1669909432992-800x450-1.jpg","type":"image\/jpeg"}],"author":"Evren Durmaz","twitter_card":"summary_large_image","twitter_creator":"@TheEpochTimesTR","twitter_site":"@TheEpochTimesTR","twitter_misc":{"Yazan:":"Evren Durmaz","Tahmini okuma s\u00fcresi":"13 dakika"},"schema":{"@context":"https:\/\/schema.org","@graph":[{"@type":"Article","@id":"https:\/\/epochtimestr.com\/index.php\/fotograf-galerisi-jiang-zeminin-kanli-mirasi#article","isPartOf":{"@id":"https:\/\/epochtimestr.com\/index.php\/fotograf-galerisi-jiang-zeminin-kanli-mirasi"},"author":{"name":"Evren Durmaz","@id":"https:\/\/epochtimestr.com\/#\/schema\/person\/29464d85d2980e22f2e37bc9adcfb0a2"},"headline":"Foto\u011fraf Galerisi: Jiang Zemin&#8217;in Kanl\u0131 Miras\u0131","datePublished":"2022-12-15T19:37:43+00:00","dateModified":"2024-02-27T12:25:51+00:00","mainEntityOfPage":{"@id":"https:\/\/epochtimestr.com\/index.php\/fotograf-galerisi-jiang-zeminin-kanli-mirasi"},"wordCount":1457,"publisher":{"@id":"https:\/\/epochtimestr.com\/#organization"},"image":{"@id":"https:\/\/epochtimestr.com\/index.php\/fotograf-galerisi-jiang-zeminin-kanli-mirasi#primaryimage"},"thumbnailUrl":"https:\/\/epochtimestr.com\/wp-content\/uploads\/2011y\/20140717LARRY-DYE-1200x798-1-e1669909432992-800x450-1.jpg","articleSection":["\u00c7\u0130N","\u00c7in Rejimi","\u00c7in'de \u0130nsan Haklar\u0131","ED\u0130T\u00d6R\u00dcN SE\u00c7\u0130M\u0130","G\u00dcNDEM","MAN\u015eET","Yasa D\u0131\u015f\u0131 Organ Ticareti"],"inLanguage":"tr"},{"@type":"WebPage","@id":"https:\/\/epochtimestr.com\/index.php\/fotograf-galerisi-jiang-zeminin-kanli-mirasi","url":"https:\/\/epochtimestr.com\/index.php\/fotograf-galerisi-jiang-zeminin-kanli-mirasi","name":"Foto\u011fraf Galerisi: Jiang Zemin'in Kanl\u0131 Miras\u0131 - The Epoch Times TR","isPartOf":{"@id":"https:\/\/epochtimestr.com\/#website"},"primaryImageOfPage":{"@id":"https:\/\/epochtimestr.com\/index.php\/fotograf-galerisi-jiang-zeminin-kanli-mirasi#primaryimage"},"image":{"@id":"https:\/\/epochtimestr.com\/index.php\/fotograf-galerisi-jiang-zeminin-kanli-mirasi#primaryimage"},"thumbnailUrl":"https:\/\/epochtimestr.com\/wp-content\/uploads\/2011y\/20140717LARRY-DYE-1200x798-1-e1669909432992-800x450-1.jpg","datePublished":"2022-12-15T19:37:43+00:00","dateModified":"2024-02-27T12:25:51+00:00","inLanguage":"tr","potentialAction":[{"@type":"ReadAction","target":["https:\/\/epochtimestr.com\/index.php\/fotograf-galerisi-jiang-zeminin-kanli-mirasi"]}]},{"@type":"ImageObject","inLanguage":"tr","@id":"https:\/\/epochtimestr.com\/index.php\/fotograf-galerisi-jiang-zeminin-kanli-mirasi#primaryimage","url":"https:\/\/epochtimestr.com\/wp-content\/uploads\/2011y\/20140717LARRY-DYE-1200x798-1-e1669909432992-800x450-1.jpg","contentUrl":"https:\/\/epochtimestr.com\/wp-content\/uploads\/2011y\/20140717LARRY-DYE-1200x798-1-e1669909432992-800x450-1.jpg","width":800,"height":450},{"@type":"WebSite","@id":"https:\/\/epochtimestr.com\/#website","url":"https:\/\/epochtimestr.com\/","name":"The Epoch Times TR","description":"De\u011fi\u015fen D\u00fcnyam\u0131za Taze Bir Bak\u0131\u015f","publisher":{"@id":"https:\/\/epochtimestr.com\/#organization"},"potentialAction":[{"@type":"SearchAction","target":{"@type":"EntryPoint","urlTemplate":"https:\/\/epochtimestr.com\/?s={search_term_string}"},"query-input":"required name=search_term_string"}],"inLanguage":"tr"},{"@type":"Organization","@id":"https:\/\/epochtimestr.com\/#organization","name":"The EpochTimes T\u00fcrkiye","url":"https:\/\/epochtimestr.com\/","logo":{"@type":"ImageObject","inLanguage":"tr","@id":"https:\/\/epochtimestr.com\/#\/schema\/logo\/image\/","url":"https:\/\/epochtimestr.com\/wp-content\/uploads\/2011y\/ET-Logo-YG.jpg","contentUrl":"https:\/\/epochtimestr.com\/wp-content\/uploads\/2011y\/ET-Logo-YG.jpg","width":346,"height":29,"caption":"The EpochTimes T\u00fcrkiye"},"image":{"@id":"https:\/\/epochtimestr.com\/#\/schema\/logo\/image\/"},"sameAs":["https:\/\/www.facebook.com\/theepochtimestr","https:\/\/x.com\/TheEpochTimesTR","https:\/\/www.instagram.com\/epochtimestr"]},{"@type":"Person","@id":"https:\/\/epochtimestr.com\/#\/schema\/person\/29464d85d2980e22f2e37bc9adcfb0a2","name":"Evren Durmaz","image":{"@type":"ImageObject","inLanguage":"tr","@id":"https:\/\/epochtimestr.com\/#\/schema\/person\/image\/","url":"https:\/\/secure.gravatar.com\/avatar\/503980a9fab198d7bb655c448172ca6a?s=96&d=mm&r=g","contentUrl":"https:\/\/secure.gravatar.com\/avatar\/503980a9fab198d7bb655c448172ca6a?s=96&d=mm&r=g","caption":"Evren Durmaz"},"url":"https:\/\/epochtimestr.com\/index.php\/author\/evren-durmaz"}]}},"_links":{"self":[{"href":"https:\/\/epochtimestr.com\/index.php\/wp-json\/wp\/v2\/posts\/141406"}],"collection":[{"href":"https:\/\/epochtimestr.com\/index.php\/wp-json\/wp\/v2\/posts"}],"about":[{"href":"https:\/\/epochtimestr.com\/index.php\/wp-json\/wp\/v2\/types\/post"}],"author":[{"embeddable":true,"href":"https:\/\/epochtimestr.com\/index.php\/wp-json\/wp\/v2\/users\/2500"}],"replies":[{"embeddable":true,"href":"https:\/\/epochtimestr.com\/index.php\/wp-json\/wp\/v2\/comments?post=141406"}],"version-history":[{"count":19,"href":"https:\/\/epochtimestr.com\/index.php\/wp-json\/wp\/v2\/posts\/141406\/revisions"}],"predecessor-version":[{"id":150102,"href":"https:\/\/epochtimestr.com\/index.php\/wp-json\/wp\/v2\/posts\/141406\/revisions\/150102"}],"wp:featuredmedia":[{"embeddable":true,"href":"https:\/\/epochtimestr.com\/index.php\/wp-json\/wp\/v2\/media\/141450"}],"wp:attachment":[{"href":"https:\/\/epochtimestr.com\/index.php\/wp-json\/wp\/v2\/media?parent=141406"}],"wp:term":[{"taxonomy":"category","embeddable":true,"href":"https:\/\/epochtimestr.com\/index.php\/wp-json\/wp\/v2\/categories?post=141406"},{"taxonomy":"post_tag","embeddable":true,"href":"https:\/\/epochtimestr.com\/index.php\/wp-json\/wp\/v2\/tags?post=141406"}],"curies":[{"name":"wp","href":"https:\/\/api.w.org\/{rel}","templated":true}]}}