{"id":142399,"date":"2023-02-16T12:05:55","date_gmt":"2023-02-16T09:05:55","guid":{"rendered":"https:\/\/epochtimestr.com\/?p=142399"},"modified":"2023-02-16T12:07:19","modified_gmt":"2023-02-16T09:07:19","slug":"reenkarnasyon-dort-farkli-hikaye","status":"publish","type":"post","link":"https:\/\/epochtimestr.com\/index.php\/reenkarnasyon-dort-farkli-hikaye","title":{"rendered":"Reenkarnasyon: d\u00f6rt Farkl\u0131 Hikaye"},"content":{"rendered":"\n<div class=\"wp-block-image\"><figure class=\"aligncenter size-large is-resized\"><img loading=\"lazy\" decoding=\"async\" src=\"https:\/\/epochtimestr.com\/wp-content\/uploads\/2011y\/clouds-2709662_1920-600x338.jpg\" alt=\"\" class=\"wp-image-142419\" width=\"741\" height=\"418\" srcset=\"https:\/\/epochtimestr.com\/wp-content\/uploads\/2011y\/clouds-2709662_1920-600x338.jpg 600w, https:\/\/epochtimestr.com\/wp-content\/uploads\/2011y\/clouds-2709662_1920-300x169.jpg 300w, https:\/\/epochtimestr.com\/wp-content\/uploads\/2011y\/clouds-2709662_1920-150x84.jpg 150w, https:\/\/epochtimestr.com\/wp-content\/uploads\/2011y\/clouds-2709662_1920-768x432.jpg 768w, https:\/\/epochtimestr.com\/wp-content\/uploads\/2011y\/clouds-2709662_1920-1536x864.jpg 1536w, https:\/\/epochtimestr.com\/wp-content\/uploads\/2011y\/clouds-2709662_1920.jpg 1920w\" sizes=\"(max-width: 741px) 100vw, 741px\" \/><figcaption>Foto: Pixabay<\/figcaption><\/figure><\/div>\n\n\n\n<p>Tarihten bu yana, nesilden nesile aktar\u0131lan ve \u00e7a\u011fda\u015f bilim i\u00e7in bir muamma olu\u015fturan kay\u0131t edilimi\u015f bir\u00e7ok reeankarnasyon vakas\u0131 mevcuttur.<\/p>\n\n\n\n<p>Reeankarnasyon inanc\u0131, temel olarak sebep ve sonu\u00e7 ili\u015fkisine dayal\u0131d\u0131r ve geleneksel \u00c7in k\u00fclt\u00fcr\u00fcne derinden k\u00f6k salm\u0131\u015ft\u0131r. K\u00fc\u00e7\u00fck bir \u00e7ocukken, s\u0131k s\u0131k insanlar\u0131n bunun hakk\u0131nda konu\u015ftu\u011funa \u015fahit olmu\u015ftum. Bir yerde bir felaket ger\u00e7ekle\u015fti\u011finde, eski insanlar, bunun \u00f6nceki nesillerin k\u00f6t\u00fc davran\u0131\u015flar\u0131ndan kaynakland\u0131\u011f\u0131n\u0131 dile getirirlerdi. \u00d6te yandan da, iyi bir \u015fey oldu\u011funda, atalar\u0131n birikmi\u015f erdemlerinden dolay\u0131 oldu\u011fu s\u00f6ylelerdi.<\/p>\n\n\n\n<p>Reenkarnasyonun \u00c7in edebiyat\u0131nda, &#8220;K\u0131rm\u0131z\u0131 Odan\u0131n R\u00fcyas\u0131&#8221;ndan&#8221;, \u00dc\u00e7 Kelime ve \u0130ki Yumruk&#8221;a kadar yeri vard\u0131r ve bir\u00e7ok yerde tasvir edilmi\u015ftir. Ancak, yeni nesil ders kitaplar\u0131na n\u00fcfuz eden ateizm nedeni ile reenkarnasyon ve g\u00fcnahlar\u0131n geri \u00f6denmesi prensibi \u00e7ok fazla ciddiye al\u0131nmamaya ba\u015fland\u0131.<\/p>\n\n\n\n<p>Fakat art\u0131k bir yeti\u015fkin olarak, kendimi bu konulara daha \u00e7ok a\u00e7t\u0131m ve benim do\u011fru olarak kabul etti\u011fim bir\u00e7ok konunun, yanl\u0131\u015f oldu\u011funu anlad\u0131m. Bu sebeten dolay\u0131, reenkarnasyon olgusunu yeniden ele almaya ve \u00fczerinde d\u00fc\u015f\u00fcnmeye ba\u015flad\u0131m. \u0130\u015fte baz\u0131 \u00f6rnekler:<\/p>\n\n\n\n<p><strong>1. Hainan Eyaletinden O\u011flan\u0131n \u0130ki Hayat\u0131<\/strong><\/p>\n\n\n\n<p>Oriental Women dergisinin, 2002 y\u0131l\u0131 7. say\u0131s\u0131ndaki bir makalede, \u00f6nceki hayat\u0131n\u0131 hat\u0131rlayan bir \u00e7ocu\u011fun hikayesi anlat\u0131l\u0131r. Ad\u0131 Tang Jiangshan&#8217;d\u0131. Hainan Eyaleti, Dongfang \u015eehrinin Gancheng banliy\u00f6s\u00fcnde ya\u015f\u0131yordu. Anne babas\u0131 ve k\u00f6y\u00fcndeki ya\u015fl\u0131lar\u0131n anlat\u0131mlar\u0131na g\u00f6re, Tang Jiangshan \u00fc\u00e7 ya\u015f\u0131ndayken (yani 1979&#8217;da) bir g\u00fcn anne ve babas\u0131na, \u201cBen sizin \u00e7ocu\u011funuz de\u011filim. \u00d6nceki hayat\u0131mda benim ad\u0131m Chen Mingdao&#8217;ydu ve babam\u0131n ad\u0131 Sandie&#8217;ydi. Sahile yak\u0131n Danzhou&#8217;da ya\u015f\u0131yorduk\u201d demi\u015ftir.<\/p>\n\n\n\n<p>Bahsetti\u011fi yer, Dongfang \u015eehrinden 160 kilometreden daha uzaktayd\u0131. \u00c7ocuk ayr\u0131ca K\u00fclt\u00fcr Devrimi s\u0131ras\u0131nda k\u0131l\u0131\u00e7 darbeleriyle ve kur\u015funlanarak \u00f6ld\u00fcr\u00fcld\u00fc\u011f\u00fcn\u00fc anlatm\u0131\u015ft\u0131r. Kendisin midesinde \u00f6nceki hayat\u0131ndan kalma k\u0131l\u0131\u00e7 izleri bile mevcuttu. Daha da garip olan bir durum, memleketinden \u00e7ok farkl\u0131 bir leh\u00e7e olan Danzhou leh\u00e7esini ak\u0131c\u0131 bir \u015fekilde konu\u015fuyor olmas\u0131yd\u0131.<\/p>\n\n\n\n<p>Alt\u0131 ya\u015f\u0131ndayken Jiangshan, ebeveynlerini, onu \u00f6nceki hayat\u0131nda ya\u015fad\u0131\u011f\u0131 yere, Danzhou \u015eehrinin Xinying banliy\u00f6s\u00fcndeki Huangyu K\u00f6y\u00fcne g\u00f6t\u00fcrd\u00fc. Oraya vard\u0131klar\u0131nda Tang Jiangshan, Chen Zangying adl\u0131 ya\u015fl\u0131 bir adam\u0131n evine do\u011fru y\u00fcr\u00fcd\u00fc. Ya\u015fl\u0131 adama Danzhou leh\u00e7esinde &#8220;Sandie&#8221; ismi ile hitap etti ve ona o\u011flu Chen Mingdao oldu\u011funu s\u00f6yledi. Ona, \u00f6l\u00fcm\u00fcnden sonra Dongfang \u015eehrindeki Gangcheng K\u00f6y\u00fcnde yeniden do\u011fdunu ve \u00f6nceki hayat\u0131nda sahip oldu\u011fu anne ve babas\u0131n\u0131 g\u00f6rmeye geldi\u011fini s\u00f6yledi. Ayr\u0131ca iki b\u00fcy\u00fck ve iki k\u00fc\u00e7\u00fck k\u0131z karde\u015fini ve k\u00f6ydeki di\u011fer t\u00fcm akrabalar\u0131n\u0131 da tan\u0131d\u0131. Daha da ilgin\u00e7 olan \u015fey, \u00f6nceki hayat\u0131ndaki k\u0131z arkada\u015f\u0131n\u0131 bile tan\u0131mas\u0131yd\u0131.<\/p>\n\n\n\n<p>Tang Jiangshan sadece alt\u0131 ya\u015f\u0131nda olmas\u0131na ra\u011fmen, \u00f6nceki hayat\u0131 hakk\u0131nda anlatt\u0131\u011f\u0131 ve payla\u015ft\u0131\u011f\u0131 \u015feyler Chen Mingdao&#8217;nun ailesini ve akrabalar\u0131n\u0131 ikna etti. Chen Zanying \u00e7ok duyguland\u0131 ve Tang Jiangshan ile birlikte sar\u0131larak a\u011flad\u0131lar. Chen Zanying, Tang Jiangshan&#8217;\u0131 kendi o\u011flu Chen Mingdao&#8217;nun reenkarnasyonu olarak kabul etmi\u015fti.<\/p>\n\n\n\n<p>O zamandan beri Tang Jiangshan&#8217;\u0131n iki ailesi oldu. Her y\u0131l Dongfang \u015eehri ve Danzhou aras\u0131nda gidip geliyordu. Chen Zanying, akrabalar\u0131 ve k\u00f6yl\u00fclerin hepsi, Tang Jiangshan&#8217;\u0131 Chen Mingdao olarak benimsemi\u015fti. Chen Zanying&#8217;in o\u011flu olmad\u0131\u011f\u0131 i\u00e7in, 1998&#8217;de vefat edene kadar Tang Jiangshan onun bak\u0131m\u0131n\u0131 \u00fcstlendi.<\/p>\n\n\n\n<p>Oriental Women dergisinin edit\u00f6rleri ilk ba\u015fta Tang Jiangshan&#8217;\u0131n bu hikayesine inanmad\u0131. Ancak dikkatli bir ara\u015ft\u0131rmadan sonra, Tang Jiangshan&#8217;\u0131n deneyimlerinin g\u00fcvenilirli\u011fini do\u011frulad\u0131lar.<\/p>\n\n\n\n<p><strong>2. \u0130ngiliz bir \u00e7ocuk \u00f6nceki hayat\u0131n\u0131 hat\u0131rl\u0131yor<\/strong><\/p>\n\n\n\n<p>Geleneksel \u00c7in k\u00fclt\u00fcr\u00fcnde bri\u00e7ok reenkarnasyon kay\u0131tlar\u0131 vard\u0131r, fakat reenkarnasyon olgusu bir\u00e7ok Bat\u0131l\u0131 bilim adam\u0131 taraf\u0131ndan da incelenmi\u015ftir. \u00d6rne\u011fin, Ian Stevenson &#8220;Ge\u00e7mi\u015f Ya\u015famlar\u0131n\u0131 Hat\u0131rlayan \u00c7ocuklar&#8221; ve Brian Weiss &#8221; Bir\u00e7ok Ya\u015fam, Bir\u00e7ok Usta\u201d adl\u0131 kitaplar\u0131 yazm\u0131\u015ft\u0131. Bu kitaplar, ge\u00e7mi\u015fini hat\u0131rlayan bir\u00e7ok insan vakas\u0131n\u0131 kapsamaktad\u0131r.<\/p>\n\n\n\n<p>\u0130ngiliz internet gazetesi &#8220;The Sun Online&#8221;, 8 Eyl\u00fcl 2006&#8217;da \u00f6nceki hayat\u0131n\u0131 hat\u0131rlayan bir \u00e7ocuk hakk\u0131nda haber yapt\u0131. O zamanlar alt\u0131 ya\u015f\u0131ndaki \u00e7ocu\u011fun ad\u0131 Cameron Macaulay idi. \u0130lk bak\u0131\u015fta, onu ya\u015f\u0131tlar\u0131ndan ay\u0131ran hi\u00e7bir \u00f6zelli\u011fi yoktu. Tek fark, onun s\u00fcrekli \u00f6nceki hayat\u0131nda sahip oldu\u011fu &#8220;ya\u015fl\u0131 annesi&#8221; hakk\u0131nda konu\u015fmas\u0131yd\u0131; bir \u00f6nceki ailesinin k\u00f6rfezde beyaz bir evde oturdu\u011funu tekrarlay\u0131p duruyordu. Fakat bunlar\u0131n hi\u00e7birinin \u015fu an ya\u015fad\u0131\u011f\u0131 hayat\u0131yla ilgisi yoktu. Bahsetti\u011fi yeri daha \u00f6nce hi\u00e7 ziyaret etmemi\u015fti. Barra Adas\u0131, \u015fu anki evinden 160 mil uzakta ve \u0130sko\u00e7 k\u0131y\u0131s\u0131 a\u00e7\u0131klar\u0131nda bulunuyordu.<\/p>\n\n\n\n<p>Cameron&#8217;\u0131n 42 ya\u015f\u0131ndaki annesi Norma, Cameron&#8217;\u0131n t\u00fcm \u00e7ocuklu\u011fu boyunca Barra ile ilgili hikayeler anlatmaktan ve bunu payla\u015fmaktan keyif ald\u0131\u011f\u0131n\u0131 s\u00f6yledi. Cameron, eski ebeveynleri hakk\u0131nda konu\u015fyordu, babas\u0131n\u0131n nas\u0131l \u00f6ld\u00fc\u011f\u00fcn\u00fc ve erkek ve k\u0131z karde\u015fleri oldu\u011funu anlat\u0131yordu.<\/p>\n\n\n\n<p>Cameron, ge\u00e7mi\u015fte ya\u015fad\u0131\u011f\u0131na inan\u0131yordu ve bu y\u00fczden ge\u00e7mi\u015f ya\u015fam\u0131ndaki ailesinin onu \u00f6zleyece\u011finden endi\u015feliydi.<\/p>\n\n\n\n<p>Cameron kre\u015fde de Barra hakk\u0131nda konu\u015fuyordu ve bak\u0131c\u0131lar\u0131na annesini, karde\u015flerini \u00f6zledi\u011fini s\u00f6yl\u00fcyordu. Ayr\u0131ca Cameron, \u015fu anki evinde sadece bir tuvalet oldu\u011fundan \u015fikayet ederken, Barra&#8217;daki eski evinde \u00fc\u00e7 tane tuvaletin bulundu\u011funu anlat\u0131yordu. Cameron o d\u00f6nemlerde, s\u0131k s\u0131k annesi i\u00e7in a\u011fl\u0131yordu. Annesinin onu \u00f6zleyece\u011fini ve Barra&#8217;daki ailesine gidip iyi oldu\u011funu bildirmek istedi\u011fini s\u00f6yl\u00fcyordu. Cameron \u00e7ok \u00fczg\u00fcnd\u00fc. S\u00fcrekli Barra&#8217;dan konu\u015fyordu; nereye gittiklerinden, neler yapt\u0131klar\u0131ndan, oradaki yatak odas\u0131n\u0131n sahile bakt\u0131\u011f\u0131ndan ve inen u\u00e7aklar\u0131 nas\u0131l izledi\u011finden bahsediyordu.<\/p>\n\n\n\n<p>Cameron, Norma&#8217;ya onunla Barra&#8217;ya gitmesi i\u00e7in yalvar\u0131p duruyordu. Sonunda Norma yolculu\u011fa \u00e7\u0131kmaya karar verdi. Refakat\u00e7i olarak, ABD Virginia \u00dcniversitesi&#8217;nden, uzmanl\u0131k alan\u0131 &#8216;\u00e7ocuklardaki reenkarnasyon&#8217; olan, psikolog Dr. Jim Tucker e\u015flik edecekti. Cameron yakla\u015fan Barra gezisini \u00f6\u011frendi\u011finde sevin\u00e7ten havalara u\u00e7tu.<\/p>\n\n\n\n<p>Adaya vard\u0131klar\u0131na ve u\u00e7ak sahile indi\u011finde her \u015fey Cameron&#8217;\u0131n tarif etti\u011fi gibiydi. Ancak k\u0131sa s\u00fcre sonra, onlara adada Robertson ailesinin bulunmad\u0131\u011f\u0131 s\u00f6ylendi, yani Cameron&#8217;\u0131n ait oldu\u011funu d\u00fc\u015f\u00fcnd\u00fc\u011f\u00fc eski ailesi. Biraz ara\u015ft\u0131madan sonra, Robertson ailesinin k\u00f6rfezdeki eski evini nihayet buldular ve ertesi g\u00fcn ziyaret etmeyi planlad\u0131lar. Fakat Norma o\u011fluna bundan bahsetmedi.<\/p>\n\n\n\n<p>Oraya vard\u0131\u011f\u0131nda ne olaca\u011f\u0131n\u0131 g\u00f6rmek istiyordu. Ancak Cameron, Beyaz evi hemen tan\u0131d\u0131 ve son derece mutlu oldu.<\/p>\n\n\n\n<p>Kap\u0131ya yakla\u015ft\u0131klar\u0131nda Cameron hareketsiz kald\u0131. Norma, muhtemelen t\u0131pk\u0131 onun hat\u0131rlad\u0131\u011f\u0131 gibi, &#8220;annesi&#8221;nin onu evde bekliyor olmas\u0131 gerekti\u011fini d\u00fc\u015f\u00fcnm\u00fc\u015ft\u00fc. Ancak evde kimsenin olmad\u0131\u011f\u0131 ortaya \u00e7\u0131kt\u0131. Bu onu \u00e7ok \u00fczd\u00fc. Eski ev sahipleri \u00e7oktan \u00f6lm\u00fc\u015ft\u00fc. Anahtar\u0131 saklayan ki\u015fi onlar\u0131 i\u00e7eri ald\u0131. Cameron eve a\u015finayd\u0131 ve her detay\u0131 biliyordu. Dedi\u011fi gibi, evin \u00fc\u00e7 banyosu vard\u0131 ve yatak odas\u0131n\u0131n penceresinden deniz g\u00f6r\u00fclebiliyordu.<\/p>\n\n\n\n<p>Aile Glasgow&#8217;a d\u00f6nd\u00fckten sonra Cameron \u00e7ok daha sakinle\u015fti. Norma, o\u011flunun Barra&#8217;ya gitmesinin ona \u00e7ok iyi geldi\u011finden s\u00f6z ediyordu. Bu yolculuktan beri Cameron daha mutlu bir \u00e7o\u00e7uktu ve art\u0131k Barra&#8217;dan s\u00f6z etmiyordu. Cameron, art\u0131k annesinin ve erkek karde\u015flerinin onun hikayeler uydurdu\u011funu d\u00fc\u015f\u00fcnmedi\u011fini biliyordu. Bir\u00e7ok sorunun cevab\u0131 al\u0131nm\u0131\u015ft\u0131. Bununla birlikte, artan ya\u015fla birlikte, Cameron&#8217;nun \u00f6nceki hayat\u0131na dair an\u0131lar\u0131 yava\u015f yava\u015f azalm\u0131\u015ft\u0131.<\/p>\n\n\n\n<p>Cameron&#8217;\u0131n hikayesi, bir \u0130ngiliz televizyon a\u011f\u0131 taraf\u0131ndan belgesel filme d\u00f6n\u00fc\u015ft\u00fcr\u00fclm\u00fc\u015ft\u00fc ve &#8220;\u00d6nceden Ya\u015fayan \u00c7ocuk&#8221; olarak yay\u0131nlanm\u0131\u015ft\u0131.<\/p>\n\n\n\n<p><strong>3. Ba\u015fkan Lincoln&#8217;\u00fcn Reenkarnasyonu<\/strong><\/p>\n\n\n\n<p>Ba\u015fka bir reeankarnasyon vakas\u0131, Amerika Birle\u015fik Devletleri tarihinin en \u00fcnl\u00fc ba\u015fkanlar\u0131ndan biri olan Abraham Lincoln ile ilgilidir. PRWeb&#8217;in 1 \u015eubat 2006 tarihli bir raporunda, Yogi Paramhansa Yogananda, Ba\u015fkan Lincoln&#8217;\u00fcn (1809-1865) \u00fcnl\u00fc Amerikal\u0131 pilot ve yazar Charles Lindbergh (1902-1974) olarak reenkarne oldu\u011funu yaz\u0131yordu. Ayn\u0131 zamanda, bir rahibe ve yazar Richard Salva ile birlikte, Ba\u015fkan Lincoln&#8217;\u00fcn reenkarnasyonunu belgeleyen ( \u201eSoul Journey from Lincoln to Lindbergh\u201c) kitab\u0131n\u0131 yay\u0131nlam\u0131\u015ft\u0131.<\/p>\n\n\n\n<p>Yazar kitab\u0131nda Lincoln ve Lindbergh karakterlerinin benzerliklerini, ki\u015filiklerini ve ya\u015fad\u0131klar\u0131 \u00e7evrenin y\u00fczlerce detay\u0131n\u0131 anlat\u0131yor. Onlar\u0131 fiziksel ve ruhsal olarak da kar\u015f\u0131la\u015ft\u0131r\u0131yor ve Lincoln&#8217;\u00fcn ya\u015fam\u0131 ve al\u0131\u015fkanl\u0131klar\u0131n\u0131n yard\u0131m\u0131yla Lindbergh&#8217;in ge\u00e7mi\u015f ya\u015fam\u0131ndan ne gibi sonu\u00e7lar do\u011fdu\u011funu s\u00f6yl\u00fcyor. B\u00fct\u00fcn bunlar, tarih\u00e7ilere yard\u0131mc\u0131 oluyor, \u00f6rne\u011fin bir pilot olarak Lindbergh&#8217;in ABD&#8217;nin 2. D\u00fcnya sava\u015f\u0131na dahil olmas\u0131na neden bu kadar kar\u015f\u0131 oldu\u011fu konusu ile ilgili meseleyi de a\u00e7\u0131kl\u0131yor.<\/p>\n\n\n\n<p>Bu rapor ayr\u0131ca, Amerikan halk\u0131n\u0131n be\u015fte birinin reenkarnasyona inand\u0131\u011f\u0131n\u0131, ancak \u00e7ok az\u0131n\u0131n ge\u00e7mi\u015f ya\u015famlar\u0131n \u015fimdiki ya\u015fam\u0131n \u00fczerindeki somut etkisinin fark\u0131nda oldu\u011funu belirtiyor. Ayr\u0131ca kitap, sadece Lincoln ve Lindbergh&#8217;i kar\u015f\u0131la\u015ft\u0131rm\u0131yor, ayn\u0131 zamanda birikmi\u015f ve ge\u00e7mi\u015f ya\u015famdan gelen karma borcunun sonraki ya\u015fam\u0131 nas\u0131l etkiledi\u011fini ayr\u0131nt\u0131l\u0131 olarak a\u00e7\u0131kl\u0131yor. \u00d6rne\u011fin, hem Paramhansa Yogananda hem de Richard Salva, Lincoln&#8217;\u00fcn \u00f6nceki hayat\u0131nda bir yogi oldu\u011funu d\u00fc\u015f\u00fcn\u00fcyor. Salva, bir yogi olarak deneyimlerinin Lincoln&#8217;\u00fc nas\u0131l etkiledi\u011fini ve Lincoln&#8217;\u00fcn deneyimlerinin Lindbergh&#8217;i nas\u0131l \u015fekillendirdi\u011fini analiz ediyor.<\/p>\n\n\n\n<p><strong>4. Sons\u00f6z<\/strong><\/p>\n\n\n\n<p>G\u00f6r\u00fcn\u00fc\u015fe g\u00f6re, reenkarnasyon olgusu eski zamanlardan beri, hem Do\u011fu hem de Bat\u0131 k\u00fclt\u00fcrlerinde var olmu\u015ftur. \u00c7in&#8217;in antik d\u00f6nemiden bir \u00f6rnek, Nanbeichao d\u00f6neminde Xiao Yan olarak bilinen \u0130mparator Wu ile ilgili. Xiao Yan 48 y\u0131l h\u00fck\u00fcm s\u00fcrm\u00fc\u015f ve 86 ya\u015f\u0131nda \u00f6lm\u00fc\u015ft\u00fc. Kendisi ilk imparator Qin Shihuang&#8217;dan beri \u00c7in&#8217;in en uzun ya\u015fayan imparatoruydu. Sadece Qing Hanedanl\u0131\u011f\u0131nda h\u00fck\u00fcm s\u00fcrm\u00fc\u015f olan Qianlong daha uzun ya\u015fad\u0131. Tarihsel kay\u0131tlara g\u00f6re, \u0130mparator Wu \u00f6nceki ya\u015fam\u0131nda bir ke\u015fi\u015fti.<\/p>\n\n\n\n<p>Do\u011fudaki dini anlay\u0131\u015fa g\u00f6re: \u0130yi i\u015fler yapan iyi kalpli bir insan, mutlaka iyi \u015feylerle m\u00fckafatland\u0131r\u0131l\u0131r. Ayr\u0131ca reenkarnasyonun g\u00f6ksel ilkelerin adaletini temsil etti\u011fi s\u00f6ylenir. Buna g\u00f6re iyilikler nimetlerle m\u00fckafatland\u0131r\u0131lmal\u0131; k\u00f6t\u00fcl\u00fck i\u015fleyenler daha sonra bunun cezas\u0131n\u0131 \u00e7ekeceklerdir.<\/p>\n\n\n\n<p>Bir ke\u015fi\u015f, uygulama s\u00fcrecinde s\u00fcrekli olarak k\u00f6t\u00fc d\u00fc\u015f\u00fcnceleri ortadan kald\u0131r\u0131r ve t\u00fcm kalbiyle iyiye d\u00f6ner. Bu nedenle, bir ke\u015fi\u015f olarak \u00f6nceki hayat\u0131nda, \u0130mparator Wu&#8217;nun, Tamamlanmaya ula\u015famay\u0131 ba\u015faramam\u0131\u015f olsa da, bir sonraki hayat\u0131nda \u00e7ok mutlu bir hayat s\u00fcrmesi anla\u015f\u0131labilir.<\/p>\n\n\n\n<p>Belki de d\u00fc\u015f\u00fcncelerimizin ve t\u00fcm eylemlerimizin sorumlulu\u011funu \u00fcstlenmemiz i\u00e7in bu t\u00fcr olgular meydan geliyor. Do\u011fudaki dinlerin de \u00f6\u011fretti\u011fi gibi, hepimiz s\u00fcrekli reenkarnasyon d\u00f6ng\u00fcs\u00fc i\u00e7indeysek, bug\u00fcnk\u00fc varolu\u015fumuzun iyi ve k\u00f6t\u00fc deneyimlerinin \u00e7o\u011fu asl\u0131nda ge\u00e7mi\u015f ya\u015famlardan gelen eylemlere dayal\u0131 olabilir. Bu nedenle d\u00fc\u015f\u00fcncelerimiz, s\u00f6zlerimiz ve eylemlerimiz konusunda \u00e7ok bilin\u00e7li olmal\u0131y\u0131z.<\/p>\n","protected":false},"excerpt":{"rendered":"<p>Tarihten bu yana, nesilden nesile aktar\u0131lan ve \u00e7a\u011fda\u015f bilim i\u00e7in bir muamma olu\u015fturan kay\u0131t edilimi\u015f bir\u00e7ok reeankarnasyon vakas\u0131 mevcuttur. Reeankarnasyon inanc\u0131, temel olarak sebep ve sonu\u00e7 ili\u015fkisine dayal\u0131d\u0131r ve geleneksel \u00c7in k\u00fclt\u00fcr\u00fcne derinden k\u00f6k salm\u0131\u015ft\u0131r. K\u00fc\u00e7\u00fck bir \u00e7ocukken, s\u0131k s\u0131k insanlar\u0131n bunun hakk\u0131nda konu\u015ftu\u011funa \u015fahit olmu\u015ftum. Bir yerde bir felaket ger\u00e7ekle\u015fti\u011finde, eski insanlar, bunun \u00f6nceki [&hellip;]<\/p>\n","protected":false},"author":2500,"featured_media":142419,"comment_status":"closed","ping_status":"open","sticky":false,"template":"","format":"standard","meta":{"_yoast_wpseo_focuskw":"","_yoast_wpseo_title":"","_yoast_wpseo_metadesc":"","_bbp_topic_count":0,"_bbp_reply_count":0,"_bbp_total_topic_count":0,"_bbp_total_reply_count":0,"_bbp_voice_count":0,"_bbp_anonymous_reply_count":0,"_bbp_topic_count_hidden":0,"_bbp_reply_count_hidden":0,"_bbp_forum_subforum_count":0,"footnotes":"","_yoast_wpseo_focuskw_text_input":""},"categories":[81,519,1],"tags":[],"yoast_head":"<!-- This site is optimized with the Yoast SEO plugin v23.0 - https:\/\/yoast.com\/wordpress\/plugins\/seo\/ -->\n<title>Reenkarnasyon: d\u00f6rt Farkl\u0131 Hikaye - The Epoch Times TR<\/title>\n<meta name=\"robots\" content=\"index, follow, max-snippet:-1, max-image-preview:large, max-video-preview:-1\" \/>\n<link rel=\"canonical\" href=\"https:\/\/epochtimestr.com\/index.php\/reenkarnasyon-dort-farkli-hikaye\" \/>\n<meta property=\"og:locale\" content=\"tr_TR\" \/>\n<meta property=\"og:type\" content=\"article\" \/>\n<meta property=\"og:title\" content=\"Reenkarnasyon: d\u00f6rt Farkl\u0131 Hikaye - The Epoch Times TR\" \/>\n<meta property=\"og:description\" content=\"Tarihten bu yana, nesilden nesile aktar\u0131lan ve \u00e7a\u011fda\u015f bilim i\u00e7in bir muamma olu\u015fturan kay\u0131t edilimi\u015f bir\u00e7ok reeankarnasyon vakas\u0131 mevcuttur. Reeankarnasyon inanc\u0131, temel olarak sebep ve sonu\u00e7 ili\u015fkisine dayal\u0131d\u0131r ve geleneksel \u00c7in k\u00fclt\u00fcr\u00fcne derinden k\u00f6k salm\u0131\u015ft\u0131r. K\u00fc\u00e7\u00fck bir \u00e7ocukken, s\u0131k s\u0131k insanlar\u0131n bunun hakk\u0131nda konu\u015ftu\u011funa \u015fahit olmu\u015ftum. Bir yerde bir felaket ger\u00e7ekle\u015fti\u011finde, eski insanlar, bunun \u00f6nceki [&hellip;]\" \/>\n<meta property=\"og:url\" content=\"https:\/\/epochtimestr.com\/index.php\/reenkarnasyon-dort-farkli-hikaye\" \/>\n<meta property=\"og:site_name\" content=\"The Epoch Times TR\" \/>\n<meta property=\"article:publisher\" content=\"https:\/\/www.facebook.com\/theepochtimestr\" \/>\n<meta property=\"article:published_time\" content=\"2023-02-16T09:05:55+00:00\" \/>\n<meta property=\"article:modified_time\" content=\"2023-02-16T09:07:19+00:00\" \/>\n<meta property=\"og:image\" content=\"https:\/\/epochtimestr.com\/wp-content\/uploads\/2011y\/clouds-2709662_1920.jpg\" \/>\n\t<meta property=\"og:image:width\" content=\"1920\" \/>\n\t<meta property=\"og:image:height\" content=\"1080\" \/>\n\t<meta property=\"og:image:type\" content=\"image\/jpeg\" \/>\n<meta name=\"author\" content=\"Evren Durmaz\" \/>\n<meta name=\"twitter:card\" content=\"summary_large_image\" \/>\n<meta name=\"twitter:image\" content=\"https:\/\/epochtimestr.com\/wp-content\/uploads\/2011y\/clouds-2709662_1920.jpg\" \/>\n<meta name=\"twitter:creator\" content=\"@TheEpochTimesTR\" \/>\n<meta name=\"twitter:site\" content=\"@TheEpochTimesTR\" \/>\n<meta name=\"twitter:label1\" content=\"Yazan:\" \/>\n\t<meta name=\"twitter:data1\" content=\"Evren Durmaz\" \/>\n\t<meta name=\"twitter:label2\" content=\"Tahmini okuma s\u00fcresi\" \/>\n\t<meta name=\"twitter:data2\" content=\"7 dakika\" \/>\n<script type=\"application\/ld+json\" class=\"yoast-schema-graph\">{\"@context\":\"https:\/\/schema.org\",\"@graph\":[{\"@type\":\"Article\",\"@id\":\"https:\/\/epochtimestr.com\/index.php\/reenkarnasyon-dort-farkli-hikaye#article\",\"isPartOf\":{\"@id\":\"https:\/\/epochtimestr.com\/index.php\/reenkarnasyon-dort-farkli-hikaye\"},\"author\":{\"name\":\"Evren Durmaz\",\"@id\":\"https:\/\/epochtimestr.com\/#\/schema\/person\/29464d85d2980e22f2e37bc9adcfb0a2\"},\"headline\":\"Reenkarnasyon: d\u00f6rt Farkl\u0131 Hikaye\",\"datePublished\":\"2023-02-16T09:05:55+00:00\",\"dateModified\":\"2023-02-16T09:07:19+00:00\",\"mainEntityOfPage\":{\"@id\":\"https:\/\/epochtimestr.com\/index.php\/reenkarnasyon-dort-farkli-hikaye\"},\"wordCount\":1927,\"publisher\":{\"@id\":\"https:\/\/epochtimestr.com\/#organization\"},\"image\":{\"@id\":\"https:\/\/epochtimestr.com\/index.php\/reenkarnasyon-dort-farkli-hikaye#primaryimage\"},\"thumbnailUrl\":\"https:\/\/epochtimestr.com\/wp-content\/uploads\/2011y\/clouds-2709662_1920.jpg\",\"articleSection\":[\"Bilim \u00d6tesi\",\"ED\u0130T\u00d6R\u00dcN SE\u00c7\u0130M\u0130\",\"G\u00dcNDEM\"],\"inLanguage\":\"tr\"},{\"@type\":\"WebPage\",\"@id\":\"https:\/\/epochtimestr.com\/index.php\/reenkarnasyon-dort-farkli-hikaye\",\"url\":\"https:\/\/epochtimestr.com\/index.php\/reenkarnasyon-dort-farkli-hikaye\",\"name\":\"Reenkarnasyon: d\u00f6rt Farkl\u0131 Hikaye - The Epoch Times TR\",\"isPartOf\":{\"@id\":\"https:\/\/epochtimestr.com\/#website\"},\"primaryImageOfPage\":{\"@id\":\"https:\/\/epochtimestr.com\/index.php\/reenkarnasyon-dort-farkli-hikaye#primaryimage\"},\"image\":{\"@id\":\"https:\/\/epochtimestr.com\/index.php\/reenkarnasyon-dort-farkli-hikaye#primaryimage\"},\"thumbnailUrl\":\"https:\/\/epochtimestr.com\/wp-content\/uploads\/2011y\/clouds-2709662_1920.jpg\",\"datePublished\":\"2023-02-16T09:05:55+00:00\",\"dateModified\":\"2023-02-16T09:07:19+00:00\",\"inLanguage\":\"tr\",\"potentialAction\":[{\"@type\":\"ReadAction\",\"target\":[\"https:\/\/epochtimestr.com\/index.php\/reenkarnasyon-dort-farkli-hikaye\"]}]},{\"@type\":\"ImageObject\",\"inLanguage\":\"tr\",\"@id\":\"https:\/\/epochtimestr.com\/index.php\/reenkarnasyon-dort-farkli-hikaye#primaryimage\",\"url\":\"https:\/\/epochtimestr.com\/wp-content\/uploads\/2011y\/clouds-2709662_1920.jpg\",\"contentUrl\":\"https:\/\/epochtimestr.com\/wp-content\/uploads\/2011y\/clouds-2709662_1920.jpg\",\"width\":1920,\"height\":1080},{\"@type\":\"WebSite\",\"@id\":\"https:\/\/epochtimestr.com\/#website\",\"url\":\"https:\/\/epochtimestr.com\/\",\"name\":\"The Epoch Times TR\",\"description\":\"De\u011fi\u015fen D\u00fcnyam\u0131za Taze Bir Bak\u0131\u015f\",\"publisher\":{\"@id\":\"https:\/\/epochtimestr.com\/#organization\"},\"potentialAction\":[{\"@type\":\"SearchAction\",\"target\":{\"@type\":\"EntryPoint\",\"urlTemplate\":\"https:\/\/epochtimestr.com\/?s={search_term_string}\"},\"query-input\":\"required name=search_term_string\"}],\"inLanguage\":\"tr\"},{\"@type\":\"Organization\",\"@id\":\"https:\/\/epochtimestr.com\/#organization\",\"name\":\"The EpochTimes T\u00fcrkiye\",\"url\":\"https:\/\/epochtimestr.com\/\",\"logo\":{\"@type\":\"ImageObject\",\"inLanguage\":\"tr\",\"@id\":\"https:\/\/epochtimestr.com\/#\/schema\/logo\/image\/\",\"url\":\"https:\/\/epochtimestr.com\/wp-content\/uploads\/2011y\/ET-Logo-YG.jpg\",\"contentUrl\":\"https:\/\/epochtimestr.com\/wp-content\/uploads\/2011y\/ET-Logo-YG.jpg\",\"width\":346,\"height\":29,\"caption\":\"The EpochTimes T\u00fcrkiye\"},\"image\":{\"@id\":\"https:\/\/epochtimestr.com\/#\/schema\/logo\/image\/\"},\"sameAs\":[\"https:\/\/www.facebook.com\/theepochtimestr\",\"https:\/\/x.com\/TheEpochTimesTR\",\"https:\/\/www.instagram.com\/epochtimestr\"]},{\"@type\":\"Person\",\"@id\":\"https:\/\/epochtimestr.com\/#\/schema\/person\/29464d85d2980e22f2e37bc9adcfb0a2\",\"name\":\"Evren Durmaz\",\"image\":{\"@type\":\"ImageObject\",\"inLanguage\":\"tr\",\"@id\":\"https:\/\/epochtimestr.com\/#\/schema\/person\/image\/\",\"url\":\"https:\/\/secure.gravatar.com\/avatar\/503980a9fab198d7bb655c448172ca6a?s=96&d=mm&r=g\",\"contentUrl\":\"https:\/\/secure.gravatar.com\/avatar\/503980a9fab198d7bb655c448172ca6a?s=96&d=mm&r=g\",\"caption\":\"Evren Durmaz\"},\"url\":\"https:\/\/epochtimestr.com\/index.php\/author\/evren-durmaz\"}]}<\/script>\n<!-- \/ Yoast SEO plugin. -->","yoast_head_json":{"title":"Reenkarnasyon: d\u00f6rt Farkl\u0131 Hikaye - The Epoch Times TR","robots":{"index":"index","follow":"follow","max-snippet":"max-snippet:-1","max-image-preview":"max-image-preview:large","max-video-preview":"max-video-preview:-1"},"canonical":"https:\/\/epochtimestr.com\/index.php\/reenkarnasyon-dort-farkli-hikaye","og_locale":"tr_TR","og_type":"article","og_title":"Reenkarnasyon: d\u00f6rt Farkl\u0131 Hikaye - The Epoch Times TR","og_description":"Tarihten bu yana, nesilden nesile aktar\u0131lan ve \u00e7a\u011fda\u015f bilim i\u00e7in bir muamma olu\u015fturan kay\u0131t edilimi\u015f bir\u00e7ok reeankarnasyon vakas\u0131 mevcuttur. Reeankarnasyon inanc\u0131, temel olarak sebep ve sonu\u00e7 ili\u015fkisine dayal\u0131d\u0131r ve geleneksel \u00c7in k\u00fclt\u00fcr\u00fcne derinden k\u00f6k salm\u0131\u015ft\u0131r. K\u00fc\u00e7\u00fck bir \u00e7ocukken, s\u0131k s\u0131k insanlar\u0131n bunun hakk\u0131nda konu\u015ftu\u011funa \u015fahit olmu\u015ftum. Bir yerde bir felaket ger\u00e7ekle\u015fti\u011finde, eski insanlar, bunun \u00f6nceki [&hellip;]","og_url":"https:\/\/epochtimestr.com\/index.php\/reenkarnasyon-dort-farkli-hikaye","og_site_name":"The Epoch Times TR","article_publisher":"https:\/\/www.facebook.com\/theepochtimestr","article_published_time":"2023-02-16T09:05:55+00:00","article_modified_time":"2023-02-16T09:07:19+00:00","og_image":[{"width":1920,"height":1080,"url":"https:\/\/epochtimestr.com\/wp-content\/uploads\/2011y\/clouds-2709662_1920.jpg","type":"image\/jpeg"}],"author":"Evren Durmaz","twitter_card":"summary_large_image","twitter_image":"https:\/\/epochtimestr.com\/wp-content\/uploads\/2011y\/clouds-2709662_1920.jpg","twitter_creator":"@TheEpochTimesTR","twitter_site":"@TheEpochTimesTR","twitter_misc":{"Yazan:":"Evren Durmaz","Tahmini okuma s\u00fcresi":"7 dakika"},"schema":{"@context":"https:\/\/schema.org","@graph":[{"@type":"Article","@id":"https:\/\/epochtimestr.com\/index.php\/reenkarnasyon-dort-farkli-hikaye#article","isPartOf":{"@id":"https:\/\/epochtimestr.com\/index.php\/reenkarnasyon-dort-farkli-hikaye"},"author":{"name":"Evren Durmaz","@id":"https:\/\/epochtimestr.com\/#\/schema\/person\/29464d85d2980e22f2e37bc9adcfb0a2"},"headline":"Reenkarnasyon: d\u00f6rt Farkl\u0131 Hikaye","datePublished":"2023-02-16T09:05:55+00:00","dateModified":"2023-02-16T09:07:19+00:00","mainEntityOfPage":{"@id":"https:\/\/epochtimestr.com\/index.php\/reenkarnasyon-dort-farkli-hikaye"},"wordCount":1927,"publisher":{"@id":"https:\/\/epochtimestr.com\/#organization"},"image":{"@id":"https:\/\/epochtimestr.com\/index.php\/reenkarnasyon-dort-farkli-hikaye#primaryimage"},"thumbnailUrl":"https:\/\/epochtimestr.com\/wp-content\/uploads\/2011y\/clouds-2709662_1920.jpg","articleSection":["Bilim \u00d6tesi","ED\u0130T\u00d6R\u00dcN SE\u00c7\u0130M\u0130","G\u00dcNDEM"],"inLanguage":"tr"},{"@type":"WebPage","@id":"https:\/\/epochtimestr.com\/index.php\/reenkarnasyon-dort-farkli-hikaye","url":"https:\/\/epochtimestr.com\/index.php\/reenkarnasyon-dort-farkli-hikaye","name":"Reenkarnasyon: d\u00f6rt Farkl\u0131 Hikaye - The Epoch Times TR","isPartOf":{"@id":"https:\/\/epochtimestr.com\/#website"},"primaryImageOfPage":{"@id":"https:\/\/epochtimestr.com\/index.php\/reenkarnasyon-dort-farkli-hikaye#primaryimage"},"image":{"@id":"https:\/\/epochtimestr.com\/index.php\/reenkarnasyon-dort-farkli-hikaye#primaryimage"},"thumbnailUrl":"https:\/\/epochtimestr.com\/wp-content\/uploads\/2011y\/clouds-2709662_1920.jpg","datePublished":"2023-02-16T09:05:55+00:00","dateModified":"2023-02-16T09:07:19+00:00","inLanguage":"tr","potentialAction":[{"@type":"ReadAction","target":["https:\/\/epochtimestr.com\/index.php\/reenkarnasyon-dort-farkli-hikaye"]}]},{"@type":"ImageObject","inLanguage":"tr","@id":"https:\/\/epochtimestr.com\/index.php\/reenkarnasyon-dort-farkli-hikaye#primaryimage","url":"https:\/\/epochtimestr.com\/wp-content\/uploads\/2011y\/clouds-2709662_1920.jpg","contentUrl":"https:\/\/epochtimestr.com\/wp-content\/uploads\/2011y\/clouds-2709662_1920.jpg","width":1920,"height":1080},{"@type":"WebSite","@id":"https:\/\/epochtimestr.com\/#website","url":"https:\/\/epochtimestr.com\/","name":"The Epoch Times TR","description":"De\u011fi\u015fen D\u00fcnyam\u0131za Taze Bir Bak\u0131\u015f","publisher":{"@id":"https:\/\/epochtimestr.com\/#organization"},"potentialAction":[{"@type":"SearchAction","target":{"@type":"EntryPoint","urlTemplate":"https:\/\/epochtimestr.com\/?s={search_term_string}"},"query-input":"required name=search_term_string"}],"inLanguage":"tr"},{"@type":"Organization","@id":"https:\/\/epochtimestr.com\/#organization","name":"The EpochTimes T\u00fcrkiye","url":"https:\/\/epochtimestr.com\/","logo":{"@type":"ImageObject","inLanguage":"tr","@id":"https:\/\/epochtimestr.com\/#\/schema\/logo\/image\/","url":"https:\/\/epochtimestr.com\/wp-content\/uploads\/2011y\/ET-Logo-YG.jpg","contentUrl":"https:\/\/epochtimestr.com\/wp-content\/uploads\/2011y\/ET-Logo-YG.jpg","width":346,"height":29,"caption":"The EpochTimes T\u00fcrkiye"},"image":{"@id":"https:\/\/epochtimestr.com\/#\/schema\/logo\/image\/"},"sameAs":["https:\/\/www.facebook.com\/theepochtimestr","https:\/\/x.com\/TheEpochTimesTR","https:\/\/www.instagram.com\/epochtimestr"]},{"@type":"Person","@id":"https:\/\/epochtimestr.com\/#\/schema\/person\/29464d85d2980e22f2e37bc9adcfb0a2","name":"Evren Durmaz","image":{"@type":"ImageObject","inLanguage":"tr","@id":"https:\/\/epochtimestr.com\/#\/schema\/person\/image\/","url":"https:\/\/secure.gravatar.com\/avatar\/503980a9fab198d7bb655c448172ca6a?s=96&d=mm&r=g","contentUrl":"https:\/\/secure.gravatar.com\/avatar\/503980a9fab198d7bb655c448172ca6a?s=96&d=mm&r=g","caption":"Evren Durmaz"},"url":"https:\/\/epochtimestr.com\/index.php\/author\/evren-durmaz"}]}},"_links":{"self":[{"href":"https:\/\/epochtimestr.com\/index.php\/wp-json\/wp\/v2\/posts\/142399"}],"collection":[{"href":"https:\/\/epochtimestr.com\/index.php\/wp-json\/wp\/v2\/posts"}],"about":[{"href":"https:\/\/epochtimestr.com\/index.php\/wp-json\/wp\/v2\/types\/post"}],"author":[{"embeddable":true,"href":"https:\/\/epochtimestr.com\/index.php\/wp-json\/wp\/v2\/users\/2500"}],"replies":[{"embeddable":true,"href":"https:\/\/epochtimestr.com\/index.php\/wp-json\/wp\/v2\/comments?post=142399"}],"version-history":[{"count":10,"href":"https:\/\/epochtimestr.com\/index.php\/wp-json\/wp\/v2\/posts\/142399\/revisions"}],"predecessor-version":[{"id":142525,"href":"https:\/\/epochtimestr.com\/index.php\/wp-json\/wp\/v2\/posts\/142399\/revisions\/142525"}],"wp:featuredmedia":[{"embeddable":true,"href":"https:\/\/epochtimestr.com\/index.php\/wp-json\/wp\/v2\/media\/142419"}],"wp:attachment":[{"href":"https:\/\/epochtimestr.com\/index.php\/wp-json\/wp\/v2\/media?parent=142399"}],"wp:term":[{"taxonomy":"category","embeddable":true,"href":"https:\/\/epochtimestr.com\/index.php\/wp-json\/wp\/v2\/categories?post=142399"},{"taxonomy":"post_tag","embeddable":true,"href":"https:\/\/epochtimestr.com\/index.php\/wp-json\/wp\/v2\/tags?post=142399"}],"curies":[{"name":"wp","href":"https:\/\/api.w.org\/{rel}","templated":true}]}}