{"id":142845,"date":"2023-03-12T11:22:17","date_gmt":"2023-03-12T08:22:17","guid":{"rendered":"https:\/\/epochtimestr.com\/?p=142845"},"modified":"2023-03-12T13:27:16","modified_gmt":"2023-03-12T10:27:16","slug":"mersin-kent-konseyi-baskani-tugcu-depremzedelere-can-suyu-olmaya-calistik","status":"publish","type":"post","link":"https:\/\/epochtimestr.com\/index.php\/mersin-kent-konseyi-baskani-tugcu-depremzedelere-can-suyu-olmaya-calistik","title":{"rendered":"Mersin Kent Konseyi Ba\u015fkan\u0131 Tu\u011fcu: Depremzedelere Can Suyu Olmaya \u00c7al\u0131\u015ft\u0131k"},"content":{"rendered":"\n<div class=\"wp-block-image\"><figure class=\"aligncenter size-full\"><img loading=\"lazy\" decoding=\"async\" width=\"559\" height=\"316\" src=\"https:\/\/epochtimestr.com\/wp-content\/uploads\/2011y\/Ayferi2.jpg\" alt=\"\" class=\"wp-image-142846\" srcset=\"https:\/\/epochtimestr.com\/wp-content\/uploads\/2011y\/Ayferi2.jpg 559w, https:\/\/epochtimestr.com\/wp-content\/uploads\/2011y\/Ayferi2-300x170.jpg 300w, https:\/\/epochtimestr.com\/wp-content\/uploads\/2011y\/Ayferi2-150x85.jpg 150w\" sizes=\"(max-width: 559px) 100vw, 559px\" \/><figcaption>Mersin Kent Konseyi Ba\u015fkan\u0131 Ayferi Tu\u011fcu \/Foto\u011fraf: Zoom ekran g\u00f6r\u00fcnt\u00fcs\u00fc=<\/figcaption><\/figure><\/div>\n\n\n\n<p><em>Kahramanmara\u015f merkezli ve Mersin\u2019i bile \u00e7ok korkutucu bir \u015fekilde sallayan 7.7 ve 7.6 \u015fiddetindeki depremler hepimizin ya\u015famlar\u0131m\u0131z\u0131 bir daha asla ayn\u0131 olmayacak \u015fekilde de\u011fi\u015ftirdi.\u00a0 Ya\u015fanan tarifsiz ac\u0131lar\u0131n yan\u0131 s\u0131ra hepimize ya\u015famlar\u0131m\u0131z konusunda ciddi fark\u0131ndal\u0131klar da katt\u0131. Bu olaylar\u0131n ba\u015f\u0131ndan beri Mersin hep olaylar\u0131n oda\u011f\u0131ndayd\u0131. Mersin\u2019de bu s\u00fcrecin y\u00f6netilmesinde en \u00f6nemli kurumlardan biri de Mersin Kent Konseyi oldu. Kent Konseyi hem Mersin\u2019de hem de deprem b\u00f6lgesinde yaralar\u0131 sarmak ve ihtiya\u00e7lar\u0131 gidermek i\u00e7in \u00e7al\u0131\u015ft\u0131. Kimileri konseyin \u00e7al\u0131\u015fmalar\u0131na kat\u0131l\u0131p, destek verirken kimi de bu \u00e7al\u0131\u015fmalar\u0131 uzaktan izlemeyi tercih etti. \u00a0Biz de The Epoch Times olarak, Mersin Kent Konseyi\u2019nin depremin ba\u015f\u0131ndan beri oynad\u0131\u011f\u0131 rol\u00fc, deprem s\u0131ras\u0131nda akademik e\u011fitimi sebebiyle s\u00fcreci y\u00fcr\u00fctme kurulu \u00fcyeleri, konsey m\u00fcd\u00fcrl\u00fc\u011f\u00fc ve g\u00f6n\u00fcll\u00fcleriyle birlikte \u00a0yurtd\u0131\u015f\u0131dan y\u00fcr\u00fcten konsey ba\u015fkan\u0131 Ayferi Tu\u011fcu ile Zoom \u00fczerinden konu\u015ftuk.<\/em><\/p>\n\n\n\n<p><strong>Ayferi Han\u0131m merhabalar. Deprem s\u0131ras\u0131nda yurtd\u0131\u015f\u0131ndayd\u0131n\u0131z ve t\u00fcm s\u00fcrecin olu\u015fumuna bulundu\u011funuz yerden katk\u0131 sundunuz ve y\u00fcr\u00fctme kurulu temsilcileriyle koordineli bir \u015fekilde&nbsp;y\u00f6nettiniz.&nbsp; Mersin Kent Konseyi felaket s\u00fcrecine nas\u0131l dahil oldu?<\/strong><\/p>\n\n\n\n<p>S\u00fcreci bizler de sizler gibi takip ediyoruz. Koordinasyonunda ak\u0131l i\u015f\u00e7isi olarak \u00e7al\u0131\u015f\u0131yoruz. Ben kendimi b\u00f6yle tan\u0131mlayabilirim. Ak\u0131l terinin sonu\u00e7lar\u0131 ile birlikte bir \u015feyler yapmaya \u00e7al\u0131\u015f\u0131yoruz. S\u00fcrecin ba\u015f\u0131ndan itibaren de \u00e7ok ciddi aksiyonlar ald\u0131k asl\u0131nda. \u015eahsen ben kendim de di\u011fer alanlardaki &nbsp;gruplarda da baz\u0131 aksiyonlar ald\u0131m. Gurbet ne demek tekrar \u00f6\u011frendim burada. Bir de benim ya\u015fam \u015feklim sosyal sorumluluk. Toplumsal fayda yaratmak benim ya\u015fam \u015feklim. Ben bunun bir meslek ya da adap \u00f6tesinde bir \u015fey oldu\u011funu d\u00fc\u015f\u00fcn\u00fcyorum. &nbsp;Bu ger\u00e7ekten bir ya\u015fam \u015fekli.<\/p>\n\n\n\n<p>Deprem hepimizi \u00e7ok ciddi \u015fekilde etkiledi. Ya\u015fad\u0131\u011f\u0131m\u0131z bu kadar ac\u0131 ve farkl\u0131 duygular i\u00e7erisindeyken bile &nbsp;telefondan bir saniye ayr\u0131lam\u0131yorum. Bu b\u00f6yle bir s\u00fcre\u00e7. Tabii telafisi olmayan bir s\u00fcre\u00e7 ya\u015fad\u0131k ama \u015fimdi hem yaralar\u0131 sarma zaman\u0131 hem de bundan sonra ayn\u0131 \u015feyleri ya\u015famamak i\u00e7in \u00fcretme gereklili\u011fine \u00e7ok inan\u0131yorum ben.<\/p>\n\n\n\n<p>Biz Mersin Kent Konseyi olarak farkl\u0131 alanlardaki gruplarla ileti\u015fim sa\u011flad\u0131k. \u0130lk an itibariyle bir toplant\u0131 d\u00fczenledik. Bu toplant\u0131 \u00f6ncesinde biz \u00e7al\u0131\u015fmaya ba\u015flam\u0131\u015ft\u0131k ama bu toplant\u0131yla beraber \u00e7al\u0131\u015fmam\u0131z\u0131 hangi ba\u011flamda y\u00fcr\u00fctebilece\u011fimiz y\u00f6n\u00fcnde kararlar ald\u0131k.&nbsp; \u00d6zellikle sivil inisiyatifler bu s\u00fcre\u00e7te \u00e7ok iyi \u00e7al\u0131\u015ft\u0131. Bize ellerindeki malzemeleri deprem b\u00f6lgesine ula\u015ft\u0131rmak konusunda ula\u015ft\u0131lar. Ben de di\u011fer alanlarda \u00e7al\u0131\u015fan arkada\u015flar\u0131ma ula\u015f\u0131p bu s\u00fcreci koordine etmeye ba\u015flad\u0131m. Di\u011fer taraftan yerel y\u00f6netimlerden de yard\u0131m al\u0131yorduk. Bu s\u00fcre\u00e7lerin sonunda hem deprem b\u00f6lgesine yard\u0131m g\u00f6nderilmesini hem de deprem b\u00f6lgesinden Mersin\u2019e depremzedelerin getirilmesini sa\u011flad\u0131k.<\/p>\n\n\n\n<p><strong>Bu san\u0131r\u0131m Mersin Kent Konseyi\u2019nin ilk ve en \u00f6nemli akisyonu oldu. Koordinasyon eksikli\u011fi depremin ilk g\u00fcnlerinde en \u00f6nemli eksiklikti. Sonras\u0131nda s\u00fcre\u00e7 nas\u0131l geli\u015fti?<\/strong><\/p>\n\n\n\n<p>Depremin ikinci ve \u00fc\u00e7\u00fcnc\u00fc g\u00fcn\u00fcnde hem \u00e7al\u0131\u015fanlar\u0131m\u0131z hem de g\u00f6n\u00fcll\u00fclerimiz ile birlikte bu s\u00fcrece lojistik destek vermek karar\u0131 ald\u0131k. Bu arada da Mersin Kent Konseyi\u2019ni bir ihtiya\u00e7 ve da\u011f\u0131t\u0131m merkezine d\u00f6n\u00fc\u015ft\u00fcrd\u00fck. 6 \u015eubat itibariyle s\u00fcrece bu \u015fekilde ba\u015flad\u0131k. Tabii bu s\u00fcrece t\u00fcm \u00e7al\u0131\u015fma a\u011f\u0131m\u0131z\u0131, dostlar\u0131m\u0131z\u0131, g\u00f6n\u00fcll\u00fclerimizi ve payda\u015flar\u0131m\u0131z\u0131 dahil ettik.&nbsp; \u00c7ok \u00e7evik ve dinamik bir yap\u0131 olu\u015fturduk ve depremzedeler bu s\u00fcre\u00e7te can suyu olmaya \u00e7al\u0131\u015ft\u0131k. \u015eu andaki a\u015famada art\u0131k elimizdeki b\u00fct\u00fcn ihtiya\u00e7 malzemelerini ve lojistik deste\u011fimizi Mersin B\u00fcy\u00fck\u015fehir Belediyesine devrediyoruz. Bu a\u015famada art\u0131k bizim ihtiya\u00e7 kar\u015f\u0131lama ve lojistik destek sa\u011flama g\u00f6revimizi tamamlad\u0131k.<\/p>\n\n\n\n<div class=\"wp-block-image\"><figure class=\"aligncenter size-full\"><img loading=\"lazy\" decoding=\"async\" width=\"1024\" height=\"768\" src=\"https:\/\/epochtimestr.com\/wp-content\/uploads\/2011y\/WhatsApp-Image-2023-03-11-at-15.02.50.jpeg\" alt=\"\" class=\"wp-image-142847\" srcset=\"https:\/\/epochtimestr.com\/wp-content\/uploads\/2011y\/WhatsApp-Image-2023-03-11-at-15.02.50.jpeg 1024w, https:\/\/epochtimestr.com\/wp-content\/uploads\/2011y\/WhatsApp-Image-2023-03-11-at-15.02.50-300x225.jpeg 300w, https:\/\/epochtimestr.com\/wp-content\/uploads\/2011y\/WhatsApp-Image-2023-03-11-at-15.02.50-150x113.jpeg 150w, https:\/\/epochtimestr.com\/wp-content\/uploads\/2011y\/WhatsApp-Image-2023-03-11-at-15.02.50-768x576.jpeg 768w, https:\/\/epochtimestr.com\/wp-content\/uploads\/2011y\/WhatsApp-Image-2023-03-11-at-15.02.50-86x64.jpeg 86w\" sizes=\"(max-width: 1024px) 100vw, 1024px\" \/><figcaption>Deprem s\u0131ras\u0131nda Mersin Kent Konseyi bir ihtiya\u00e7 merkezi i\u015flevi g\u00f6rd\u00fc (Foto\u011fraf: Mersin Kent Konseyi)  <\/figcaption><\/figure><\/div>\n\n\n\n<p><strong>San\u0131r\u0131m iki y\u00f6nl\u00fc bir \u00e7al\u0131\u015fma yap\u0131yordunuz. Hem size gelen talepleri kar\u015f\u0131lamak konusunda hem de gelen yard\u0131mlar\u0131 y\u00f6nlendirmek konusunda rol oynad\u0131n\u0131z.<\/strong><\/p>\n\n\n\n<p>Kesinlikle. Zaten bizim ba\u015flatm\u0131\u015f oldu\u011fumuz bu \u00e7al\u0131\u015fma k\u0131sa bir s\u00fcre sonra Mersin B\u00fcy\u00fck\u015fehir Belediyesi taraf\u0131ndan Dayan\u0131\u015fma Merkezi olarak adland\u0131r\u0131ld\u0131. Depremzedeler ihtiya\u00e7lar\u0131n\u0131 kar\u015f\u0131lamak i\u00e7in bize geldiler. &nbsp;Direk olarak Mersin Kent Konseyine gelerek ihtiya\u00e7lar\u0131n\u0131 kar\u015f\u0131lad\u0131lar.&nbsp; Biz de bulu\u015fturmalar yap\u0131p yard\u0131mlar\u0131n da\u011f\u0131t\u0131mlar\u0131n\u0131 ger\u00e7ekle\u015ftirdik. &nbsp;<\/p>\n\n\n\n<p><strong>Peki, s\u00fcrece d\u00f6n\u00fcp bakt\u0131\u011f\u0131n\u0131zda nas\u0131l yorumluyorsunuz?<\/strong><\/p>\n\n\n\n<p>\u00c7al\u0131\u015fmam\u0131z\u0131n en b\u00fcy\u00fck ba\u015far\u0131s\u0131 asl\u0131nda dayan\u0131\u015fma. Depremin ilk g\u00fcn\u00fcnden itibaren dostlar\u0131m\u0131z\u0131n, payda\u015flar\u0131m\u0131z\u0131n, yak\u0131nlar\u0131m\u0131z\u0131n her birini arad\u0131m. \u00c7al\u0131\u015fmam\u0131za nas\u0131l bir destek olabilirsiniz diye sordu\u011fumda inan\u0131lmaz geri bildirimler ald\u0131k. \u00c7al\u0131\u015fmalar\u0131m\u0131z\u0131 g\u00f6rd\u00fck\u00e7e di\u011fer payda\u015flar\u0131m\u0131z da daha \u00e7ok destek sunmaya yard\u0131m ettiler. Bir\u00e7ok STK\u2019dan, \u015fah\u0131slardan, okullardan, t\u0131p merkezlerinden, \u00fcniversitelerden, &nbsp;hep destek ald\u0131k ve destek almaya devam ediyoruz.<\/p>\n\n\n\n<p>En k\u00fc\u00e7\u00fck bir sabundan veya di\u015f f\u0131r\u00e7as\u0131ndan ev mobilyalar\u0131 ve ev e\u015fyalar\u0131na kadar ileti\u015fim a\u011f\u0131m\u0131z\u0131 kullanarak her t\u00fcrl\u00fc ihtiyac\u0131 kar\u015f\u0131lamak i\u00e7in \u00e7al\u0131\u015ft\u0131k. Payda\u015flar\u0131m\u0131zla elimizden ne gelirse, akl\u0131n\u0131za gelebilecek her konuda yard\u0131m sunmaya \u00e7al\u0131\u015ft\u0131k. &nbsp;<\/p>\n\n\n\n<p>Mesela Toros \u00dcniversitesi taraf\u0131ndan haz\u0131rlanan bir yemek deste\u011fini onlardan teslim ald\u0131k , farkl\u0131 yerlere teslim da\u011f\u0131t\u0131mda&nbsp; bulunduk.&nbsp; \u00c7a\u011fda\u015fkent\u2019te Ad\u0131yaman\u2019dan gelen depremzedeleri misafir eden &nbsp;bir derne\u011fe, A\u015fhaneye, iki kilisemize ve yard\u0131m sunan bir gruba g\u00f6nderdik. Bu nas\u0131l \u00e7al\u0131\u015ft\u0131\u011f\u0131m\u0131za ve kapsay\u0131c\u0131l\u0131\u011f\u0131m\u0131za sadece k\u00fc\u00e7\u00fck bir \u00f6rnek.<\/p>\n\n\n\n<div class=\"wp-block-image\"><figure class=\"aligncenter size-full\"><img loading=\"lazy\" decoding=\"async\" width=\"1023\" height=\"517\" src=\"https:\/\/epochtimestr.com\/wp-content\/uploads\/2011y\/MKK-Insta.jpg\" alt=\"\" class=\"wp-image-142848\" srcset=\"https:\/\/epochtimestr.com\/wp-content\/uploads\/2011y\/MKK-Insta.jpg 1023w, https:\/\/epochtimestr.com\/wp-content\/uploads\/2011y\/MKK-Insta-300x152.jpg 300w, https:\/\/epochtimestr.com\/wp-content\/uploads\/2011y\/MKK-Insta-150x76.jpg 150w, https:\/\/epochtimestr.com\/wp-content\/uploads\/2011y\/MKK-Insta-768x388.jpg 768w\" sizes=\"(max-width: 1023px) 100vw, 1023px\" \/><\/figure><\/div>\n\n\n\n<p><strong>\u015eu anda s\u00fcre\u00e7 nas\u0131l ilerliyor?<\/strong><\/p>\n\n\n\n<p>\u015eehrin dinamikleri ile birlikte \u00e7ok \u00f6nemli toplant\u0131lar yap\u0131yoruz. Y\u00fcr\u00fctme kurulumuz, \u201cSen de \u00e7\u00f6z\u00fcme ortak ol!\u201d ad\u0131nda bir tak\u0131m odak toplant\u0131lar\u0131 yapmaya ba\u015flad\u0131. \u0130\u00e7erisinde y\u00f6netim kurulu \u00fcyelerimiz ile y\u00fcr\u00fctme kurullar\u0131 temsilcilerimiz de var. Tabip Odas\u0131, Eczac\u0131lar Odas\u0131, Di\u015f Hekimleri Odas\u0131, Mersin Barosu ve sanat kul\u00fcplerimiz, Mersin B\u00fcy\u00fck\u015fehir Belediyesi , muhtarlar\u0131m\u0131z, \u00c7a\u011fda\u015f Ya\u015famI G\u00fc\u00e7lendirme Derne\u011fimiz, \u00e7evre derne\u011fimiz , Mersin Deniz Ticaret Odam\u0131z ve TMMO temsilcilerimiz, ESOB temsilcimiz gibi kat\u0131l\u0131mc\u0131lar\u0131m\u0131z var. Bu toplant\u0131larda payda\u015flar\u0131m\u0131z hem s\u00fcre\u00e7 i\u00e7erisinde yapt\u0131klar\u0131 \u00e7al\u0131\u015fmalar\u0131 aktard\u0131lar hem de sahip oldu\u011fumuz ileti\u015fim a\u011f\u0131m\u0131z ile sorunlar\u0131 nas\u0131l \u00e7\u00f6z\u00fcme kavu\u015ftururuz diye konu\u015ftuk. B\u00f6ylece disiplinler aras\u0131 ileti\u015fim ve dayan\u0131\u015fmay\u0131 g\u00fc\u00e7lendirmek ad\u0131na \u00e7ok \u00f6nemli ad\u0131mlar att\u0131k.<\/p>\n\n\n\n<p><strong>Bu s\u00fcre\u00e7te Mersin B\u00fcy\u00fck\u015fehir Belediyesi ile koordinasyonunuz nas\u0131ld\u0131?<\/strong><\/p>\n\n\n\n<p>Kriz Masas\u0131\u2019ndaki temsilcimiz bizim ayn\u0131 zamanda MBB\u2019den y\u00fcr\u00fctme kurulu \u00fcyemiz olan MBB&nbsp; y\u00f6neticilerimizden&nbsp; Serdal G\u00f6kayaz. Kendisi pek \u00e7ok alandaki pek \u00e7ok yap\u0131lanma konusunda destekler sunuyor. Bizim gen\u00e7lik meclisimiz ilk ba\u015f\u0131ndan itibaren sahada \u00e7ok \u00e7al\u0131\u015ft\u0131 ve g\u00f6n\u00fcll\u00fclerimiz ile engelli meclisimiz, kad\u0131n meclisimiz bu s\u00fcre\u00e7te aktif yer ald\u0131lar. Bizler de t\u00fcm bu WA gruplar\u0131nda yapt\u0131\u011f\u0131m\u0131z yaz\u0131\u015fmalar\u0131 da bu \u00e7al\u0131\u015fmalarla birlikte raporla\u015ft\u0131rarak hem y\u00fcr\u00fctme kurulumuza hem de kriz masam\u0131za ilettik ve gerekli aksiyonlar\u0131n al\u0131nmas\u0131n\u0131 sa\u011flad\u0131k.<\/p>\n\n\n\n<p>Ben buradan bize t\u00fcm s\u00fcre\u00e7 boyunca bize destek veren MBB\u2019ne, Say\u0131n Ba\u015fkan\u0131m\u0131z Vahap Se\u00e7er\u2019e ve y\u00fcr\u00fctme kurulu \u00fcyemiz Say\u0131n Serdal G\u00f6kayaz\u2019a te\u015fekk\u00fcrlerimi sunuyorum.<\/p>\n\n\n\n<p><strong>Sahada ka\u00e7 ki\u015fiyle \u00e7al\u0131\u015f\u0131yorsunuz?<\/strong><\/p>\n\n\n\n<p>Biz Mersin Kent Konseyi\u2019nde temelde \u00fc\u00e7 ki\u015fiyiz ama g\u00f6n\u00fcll\u00fclerimizi de bu say\u0131ya dahil edersek say\u0131 olduk\u00e7a kalabal\u0131k.&nbsp; Mersin Kent Konseyi ile direk ya da endirek ili\u015fkisi olan herkes \u00e7ok yo\u011fun \u00e7al\u0131\u015ft\u0131. &nbsp;Konseyimiz i\u00e7erisinde yer alan g\u00f6n\u00fcll\u00fclerimiz ayr\u0131ca yo\u011funlard\u0131.&nbsp; Gen\u00e7lik meclisi de her bir \u00e7a\u011fr\u0131da oraya ak\u0131yor, ihtiya\u00e7 duyuldu\u011funda g\u00f6n\u00fcll\u00fclerimize ula\u015f\u0131yor. \u00c7ok aktif bir yap\u0131y\u0131z. B\u00f6yle bir yap\u0131y\u0131 rakamlarla ifade etmek \u00e7ok zor. Her ihtiya\u00e7 duyuldu\u011funda ve her aksiyon al\u0131naca\u011f\u0131nda bir araya geliyoruz. S\u00fcreci b\u00f6yle y\u00f6netiyoruz.<\/p>\n\n\n\n<div class=\"wp-block-image\"><figure class=\"aligncenter size-full\"><img loading=\"lazy\" decoding=\"async\" width=\"2048\" height=\"1151\" src=\"https:\/\/epochtimestr.com\/wp-content\/uploads\/2011y\/WhatsApp-Image-2023-02-24-at-15.51.08-2.jpeg\" alt=\"\" class=\"wp-image-142849\" srcset=\"https:\/\/epochtimestr.com\/wp-content\/uploads\/2011y\/WhatsApp-Image-2023-02-24-at-15.51.08-2.jpeg 2048w, https:\/\/epochtimestr.com\/wp-content\/uploads\/2011y\/WhatsApp-Image-2023-02-24-at-15.51.08-2-300x169.jpeg 300w, https:\/\/epochtimestr.com\/wp-content\/uploads\/2011y\/WhatsApp-Image-2023-02-24-at-15.51.08-2-150x84.jpeg 150w, https:\/\/epochtimestr.com\/wp-content\/uploads\/2011y\/WhatsApp-Image-2023-02-24-at-15.51.08-2-768x432.jpeg 768w, https:\/\/epochtimestr.com\/wp-content\/uploads\/2011y\/WhatsApp-Image-2023-02-24-at-15.51.08-2-1536x863.jpeg 1536w\" sizes=\"(max-width: 2048px) 100vw, 2048px\" \/><figcaption> Deprem s\u0131ras\u0131nda g\u00f6n\u00fclller Mersin Kent Konseyi&#8217;nde depremzedelere hizmet veriyor (Foto\u011fraf: Mersin Kent Konseyi)   <\/figcaption><\/figure><\/div>\n\n\n\n<p><strong>Bu depremle birlikte \u015fehirdeki t\u00fcm sivil inisiyatifler gibi Mersin Kent Konseyi de ilk defa bir afet s\u0131nav\u0131 verdi. Bu s\u00fcrecin sonunda Mersin Kent Konseyi\u2019nin bu t\u00fcr olaylar kar\u015f\u0131s\u0131nda oynamas\u0131 gereken rol ile ilgili \u00f6n g\u00f6r\u00fcn\u00fcz nedir?<\/strong><\/p>\n\n\n\n<p>\u0130lk \u00f6nce bir a\u011f kuraca\u011f\u0131z. Bir ileti\u015fim a\u011f\u0131. Bununla ilgili dijital formlar\u0131 haz\u0131rlad\u0131k. Bu formlar\u0131 biz de bu i\u015fin i\u00e7erisinde var\u0131z diyen ve bu a\u011f\u0131n i\u00e7erisinde olmaya hevesli g\u00f6n\u00fcll\u00fclere ve sivil inisiyatiflere g\u00f6nderiyoruz. Bu formda gerekli bilgiler olacak ve biz bu bilgileri gerekli ortamda, kriz masas\u0131na, valilik makam\u0131na ve di\u011fer STKlara bilgi olarak ula\u015ft\u0131raca\u011f\u0131z. Hedefimiz g\u00fc\u00e7lenerek b\u00fcy\u00fcyen bir yap\u0131 geli\u015ftirmek. Bu yap\u0131 daha \u00e7ok deprem zaman\u0131nda \u00e7al\u0131\u015fan ve \u201cBen bunu da yapabilirim, benim bu yan\u0131m g\u00fc\u00e7l\u00fcd\u00fcr. Ben bu yap\u0131ya \u015fu koordinasyonu sunabilirim.\u201d \u201d diyen STKlar. &nbsp;B\u00fct\u00fcn bu bilgileri bize aktarabilecekleri bir \u00e7al\u0131\u015fma olacak. Ve bu aksiyon, bundan sonraki s\u00fcre\u00e7te, &#8211; umar\u0131m ihtiya\u00e7 duyulmaz- ancak&nbsp; toplant\u0131lar yaparak her an \u00e7evik bir \u015fekilde aksiyon almaya haz\u0131r olacak &nbsp;ve g\u00fc\u00e7lenerek b\u00fcy\u00fcyecek bir dayan\u0131\u015fma a\u011f\u0131 olu\u015fturmaya \u00e7al\u0131\u015f\u0131yoruz.<\/p>\n\n\n\n<p>Biz ayn\u0131 zamanda on-line dijital formlarla durum tespit analizleri de yapmaya \u00e7al\u0131\u015f\u0131yoruz. Bu da ayr\u0131 bir konu. \u00d6nemli bir konu \u00e7\u00fcnk\u00fc veri \u00e7ok k\u0131ymetli. \u00d6rne\u011fin \u015fehre kimler geldi, derneklerimiz ne t\u00fcr destekler sundular vs. G\u00f6n\u00fcll\u00fcler ve payda\u015flara biz bunlar\u0131 anlatt\u0131k. Bununla da ilgili ayr\u0131ca toplant\u0131lar yapt\u0131k. Biz bunlara e\u015f-g\u00fcd\u00fcm g\u00f6n\u00fcll\u00fc toplant\u0131lar\u0131 diyoruz. Bu yapt\u0131\u011f\u0131m\u0131z toplant\u0131lardan ve ald\u0131\u011f\u0131m\u0131z aksiyonlardan g\u00f6rd\u00fck ki, mesele sadece deprem de\u011fil; bizim bir \u00e7at\u0131 alt\u0131nda ileti\u015fimimizi ve ili\u015fkilerimizi g\u00fc\u00e7lendirmemiz gerekiyor.<\/p>\n\n\n\n<p>Bundan sonraki s\u00fcre\u00e7leri y\u00f6netmek i\u00e7in de bu \u00e7ok \u00f6nemli\u2026 Sadece deprem i\u00e7in de\u011fil, do\u011fabilecek di\u011fer durumlar i\u00e7in de b\u00f6yle bir aksiyona ihtiyac\u0131m\u0131z oldu\u011funu fark ettik ve b\u00f6yle bir organizasyonu hayata ge\u00e7irmek i\u00e7in gerekli ad\u0131mlar\u0131 atm\u0131\u015f bulunuyoruz.<\/p>\n\n\n\n<p><strong>Mersin Kent Konseyi kendi reflekslerini geli\u015ftiriyor diyebilir miyiz?<\/strong><\/p>\n\n\n\n<p>Bu durum art\u0131k bir al\u0131\u015fkanl\u0131\u011fa d\u00f6n\u00fc\u015fmeli. Biz aktif vatanda\u015fl\u0131k \u00fczerinde zaten \u00e7al\u0131\u015f\u0131yoruz. \u00c7al\u0131\u015fma komisyonlar\u0131nda ve gen\u00e7lik meclisimizde aktif vatanda\u015fl\u0131k konusunu konu\u015fuyoruz. Bununla ilgili ad\u0131mlar da at\u0131lm\u0131\u015ft\u0131 ve nitelikli e\u011fitim \u00e7ok \u00f6nemliydi. Biz depremde aksiyonlar\u0131m\u0131z\u0131 al\u0131rken asl\u0131nda bunun aktif vatanda\u015fl\u0131k \u00f6rne\u011fi oldu\u011funu g\u00f6rd\u00fck ve bu alan\u0131 g\u00fc\u00e7lendirece\u011fiz. Bu giri\u015fimin gelecek i\u00e7in k\u0131ymetli olaca\u011f\u0131na inan\u0131yoruz.<\/p>\n\n\n\n<p>Bu konuda bir haz\u0131rl\u0131\u011f\u0131 da \u015fimdiden tamamlad\u0131k. \u201c\u00d6nerim Var\u201d ba\u015fl\u0131\u011f\u0131 alt\u0131nda t\u00fcm Mersinlilerin hem on-line olarak hem de y\u00fcz y\u00fcze g\u00f6r\u00fc\u015flerine ba\u015fvuraca\u011f\u0131z. B\u00f6ylece onlar\u0131n da s\u00fcrece dahil olmalar\u0131n\u0131 sa\u011flayaca\u011f\u0131z.<\/p>\n\n\n\n<p><strong>B\u00f6yle bir s\u00fcre\u00e7te Kent Konseyi\u2019nin y\u00f6netici sandalyesinde oturarak b\u00fct\u00fcn bunlar\u0131 yurt d\u0131\u015f\u0131ndan &nbsp;y\u00f6netmeye \u00e7al\u0131\u015f\u0131yorsunuz ve \u00fczerinizde b\u00fcy\u00fck bir sorumluluk var. B\u00fct\u00fcn g\u00f6zler sizin \u00fczerinizde.<\/strong><\/p>\n\n\n\n<p>Asl\u0131nda bunun hi\u00e7bir \u00f6nemi yok. Ben sadece burada bir insan olarak gayret g\u00f6steriyorum. Nerede olursam olay\u0131m,&nbsp; nereye gidersem gideyim, ben bunlar\u0131 bu \u015fekilde organize edece\u011fim. Toplumsal fayda i\u00e7in gayret edece\u011fim. &nbsp;Ben kendi mesleki hayat\u0131mda da biliyorsunuz; hem profesyonel bir ment\u00f6r\u00fcm hem de ko\u00e7um. Bunlar kolay idrak edilen kavramlar de\u011fil. Ben bir giri\u015fimciyim. Profesyonel bir y\u00f6neticiyim. Ama en \u00e7ok ben \u015fehrimin ve \u00fclkemin bir vatanda\u015f\u0131 ve a\u015f\u0131\u011f\u0131y\u0131m. Ben kendimce bir vatanperverim. Bu y\u00fczden bunlar\u0131n hi\u00e7birini bir titri veya makam veya benzeri \u015feyler i\u00e7in yapmad\u0131m. Sadece bir insan ve vatanda\u015f olarak yapt\u0131m.<\/p>\n\n\n\n<p>Ben \u015fu anda insanlar\u0131n, insan olabilme kabiliyetlerini \u00f6l\u00e7mesi gerekti\u011fini d\u00fc\u015f\u00fcn\u00fcyorum.&nbsp; Bu tip \u00f6rg\u00fctler asl\u0131nda bizim iyilik yapmam\u0131z i\u00e7in arac\u0131 kurumlar. Biz kendi \u00fclkemize ve insan\u0131m\u0131za hizmet ediyoruz. Kurumlar sadece bir ara\u00e7. O nedenle elimde bulunan b\u00fct\u00fcn ara\u00e7 ve arg\u00fcmanlar\u0131 birle\u015ftirerek \u00e7al\u0131\u015f\u0131yorum. Benim i\u00e7in biri de bir, bini de bir; insan \u00e7ok k\u0131ymetli. O y\u00fczden bu kadar g\u00f6n\u00fclden ve y\u00fcrekten gayretimiz.<\/p>\n\n\n\n<p>O kadar \u00e7ok \u015fey var ki yapt\u0131\u011f\u0131m\u0131z ve o kadar \u00e7ok insan var ki dokundu\u011fumuz. Mesela \u015fu anda Mersin Kent Konseyi olarak &nbsp;Mersin Kad\u0131n Koop ve Giri\u015fimci \u0130\u015f Kad\u0131nlar\u0131 Derne\u011fi\u2019nin bir araya gelmesini koordine ettik. &nbsp;Depremzedelerin \u015fu anda ihtiyac\u0131 olan en \u00f6nemli \u015fey i\u00e7 \u00e7ama\u015f\u0131r\u0131. Mersin Kad\u0131n Koop. bunun dikimine ba\u015fl\u0131yor. Bunu koordine ettik. Bunun yan\u0131nda depremzedelerin aras\u0131nda \u00c7\u00f6lyak hastalar\u0131n\u0131n say\u0131s\u0131n\u0131n artt\u0131\u011f\u0131 ile ilgili farkl\u0131 yerlerden bilgiler geldi. ESOB ile bir ataya geldik ve bir \u00e7al\u0131\u015fma yap\u0131ld\u0131. \u015eu anda \u00c7\u00f6lyak hastalar\u0131 i\u00e7in gl\u00fctensiz ekmek \u00fcretimi \u00fcretilmesi ve depremzedelerin bu ekmeklere rahat ula\u015fmas\u0131 i\u00e7in bir \u00e7al\u0131\u015fma yap\u0131l\u0131yor. &nbsp;<\/p>\n\n\n\n<p>Bunlar\u0131n d\u0131\u015f\u0131nda kampanyalar da ba\u015flatt\u0131k. E\u011fitim Komisyonumuz bir kitap ve oyuncak kampanyas\u0131 ba\u015flatt\u0131. Birka\u00e7 tane okul bu konuda destek sundu. Bu kampanyay\u0131 di\u011fer alanlarda da duyurduk. Hala kitap ve oyuncaklar geliyor.<\/p>\n\n\n\n<p>Verebilece\u011fim di\u011fer bir \u00f6rnek de deprem sonras\u0131 hem depremzedeler hem de depremzedeler i\u00e7in yard\u0131m sunan ki\u015filer i\u00e7in haz\u0131rlad\u0131\u011f\u0131m\u0131z \u201cAfet Sonras\u0131 Psikolojik \u0130yi Olu\u015f\u201d semineri. Bu seminer \u00c7a\u011f \u00dcniversitesi Dr. \u00d6\u011fretim \u00dcyesi Ufuk Kocatepe Avc\u0131 taraf\u0131ndan verildi ve kat\u0131lanlar seminerden \u00e7ok ciddi \u015fekilde yararland\u0131. Daha bu tip \u00e7ok \u015fey var. Bu seminerlerin de devam edece\u011fini belirtmeliyim.<\/p>\n\n\n\n<p><strong>Bu s\u00fcre\u00e7 size ve konseye neler kazand\u0131rd\u0131?<\/strong><\/p>\n\n\n\n<p>Bu s\u00fcre\u00e7te o kadar harikulade insanlarla tan\u0131\u015fma f\u0131rsat\u0131 yakalad\u0131m ki&#8230; G\u00f6n\u00fcll\u00fc olarak, canh\u0131ra\u015f bir halde bu insanlarla yaz\u0131\u015ft\u0131k. Bu insanlarla WA \u00fczerinden tan\u0131\u015ft\u0131k ve mesajla\u015ft\u0131k. Bu insanlarla hi\u00e7 y\u00fcz y\u00fcze tan\u0131\u015fmadan o kadar say\u0131s\u0131z ev kurduk ki\u2026 O kadar say\u0131s\u0131z ki\u015fiye bir \u015feyler y\u00f6nlendirdik ki\u2026 \u015eahsen de, grup olarak da, g\u00f6n\u00fcll\u00fcler olarak da, sivil inisiyatifler olarak da\u2026<\/p>\n\n\n\n<p>Ben zaten \u015funu hep savundum; \u00fcretmeliyiz.&nbsp; Benim olaylara direni\u015f \u015feklim \u00fcretmek ve bir \u015feylerin olu\u015fumuna sebep olmak. Ekosistemin \u00fcretken bir par\u00e7as\u0131 olmak. Biz koca evrenin bir par\u00e7as\u0131y\u0131z. Ben bu ekosistemin iyi olan bir par\u00e7as\u0131 olmaya talibim.<\/p>\n\n\n\n<p>Biz bu s\u00fcre\u00e7te b\u00fct\u00fcn bu \u00e7al\u0131\u015fmalar\u0131 ger\u00e7ekle\u015ftirmeye \u00e7al\u0131\u015f\u0131rken kent konseyinin resmi \u00e7al\u0131\u015fma alan\u0131 \u00fc\u00e7 ki\u015fi ama bu s\u00fcre\u00e7te biz, bize g\u00fcvenen ve inanan insanlarla aksiyonlar\u0131m\u0131z\u0131 al\u0131yoruz. Benim \u00f6\u011frencilerim ar\u0131yor, \u201cHocam size nas\u0131l yard\u0131mc\u0131 olabiliriz?\u201d diyorlar. Gen\u00e7lik meclisimiz ile yaz\u0131\u015f\u0131yoruz. Hep ileti\u015fim ve ili\u015fkilerle y\u00fcr\u00fct\u00fcyoruz. D\u00fcn \u00e7ok ho\u015fuma giden bir telefon ald\u0131m. Ba\u015fka bir grubumuzda olan bir arkada\u015f\u0131m; \u201cYa Ayferi Hocam, hafta i\u00e7i \u00e7al\u0131\u015f\u0131yorum, gidip sizin orada hafta sonu g\u00f6n\u00fcll\u00fc olarak destek sunabilirim.\u201d dedi. \u0130nsanlar \u00e7abam\u0131z\u0131 ve yapt\u0131klar\u0131m\u0131z\u0131 g\u00f6rd\u00fck\u00e7e beni, \u201cSizin i\u00e7in ne yapabilirim?\u201d diye ar\u0131yorlar. Sivil inisiyatif ve o iyi g\u00f6zler o kadar fark\u0131ndalar ki iyili\u011fin. Ben de o iyili\u011fin i\u00e7erisinde olay\u0131m diye insanlar gayrete girmeye ba\u015flad\u0131.<\/p>\n\n\n\n<p><strong>Bu konuda son olarak ne s\u00f6ylemek istersiniz?<\/strong><\/p>\n\n\n\n<p>Biz g\u00f6n\u00fcll\u00fclerimiz de dahil olmak \u00fczere bir inisiyatif ve fark\u0131ndal\u0131k ekibiyiz asl\u0131nda. \u0130\u00e7inde bulundu\u011fumuz durum da bir maraton. Biz \u015fimdiye kadar ki s\u00fcre\u00e7te olu\u015fan yeni durum i\u00e7in can suyu olduk. Bu olay\u0131n \u00f6n\u00fcm\u00fczdeki&nbsp; aylar\u0131&nbsp; var. As\u0131l bundan sonra stratejilerimizi&nbsp; belirleyece\u011fiz.&nbsp; Bundan sonras\u0131 i\u00e7in oturup d\u00fc\u015f\u00fcnece\u011fiz ve konu\u015faca\u011f\u0131z. Farl\u0131 bir eylem plan\u0131yla&nbsp; ihtiya\u00e7lara cevap verebilecek destek merkezi olarak&nbsp; hareket etmeyi s\u00fcrd\u00fcrmeye \u00e7al\u0131\u015f\u0131yoruz.&nbsp; Bir yandan da&nbsp; kentin di\u011fer \u00e7evre sorunlar\u0131 ile de ilgileniyoruz. Bir yandan bunlarla ilgili toplant\u0131lar da yap\u0131yoruz.&nbsp; Bu kriz s\u00fcresinde Mersin Kent Konseyi olarak yap\u0131lmas\u0131 gereken her konuyu g\u00fcndeme ta\u015f\u0131ma gayreti i\u00e7indeyiz.&nbsp;&nbsp; O y\u00fczden ben kent konseyini bir iyilik yapma ve dayan\u0131\u015fma alan\u0131 olarak tan\u0131ml\u0131yorum Bu y\u00fczden kendimize ve bizimle birlikte \u00e7al\u0131\u015fmak isteyen insanlara modern zaman dervi\u015fleri diyorum. Katk\u0131 vermek isteyen herkesi bu s\u00fcrece davet ediyorum. Bu ve benzeri \u00e7al\u0131\u015fmalar\u0131m\u0131zda yer almak isteyen, farkl\u0131 d\u00fc\u015f\u00fcnceleriyle, \u00f6nerileriyle katk\u0131 sunmak isteyen&nbsp; t\u00fcm g\u00f6n\u00fcll\u00fcleri ve hem\u015ferimizi&nbsp; bizimle \u00e7al\u0131\u015fmaya ve destek olmaya davet ediyorum.&nbsp;&nbsp;<\/p>\n\n\n\n<p>Size de fark\u0131ndal\u0131\u011f\u0131n\u0131z, samimi sorular\u0131n\u0131z ve bu k\u0131ymetli sohbet i\u00e7in \u00e7ok te\u015fekk\u00fcr ederim.<\/p>\n\n\n\n<p>Emsalsiz Liderimiz Gazi Mustafa Kemal Atat\u00fcrk dedi\u011fi gibi; \u201cBas\u0131n\u0131n tam ve geni\u015f h\u00fcrriyeti iyi kullanmas\u0131n\u0131n, ne derecede nazik bir vaziyet oldu\u011funu s\u00f6ylemeye l\u00fczum g\u00f6rmem. Her t\u00fcrl\u00fc kanun\u00ee kay\u0131tlardan evvel bir kalem sahibinin ilme, ihtiyaca ve kendi siyas\u00ee g\u00f6r\u00fc\u015flerine oldu\u011fu kadar, vatanda\u015flar\u0131n hukukuna ve memleketin, her t\u00fcrl\u00fc husus\u00ee g\u00f6r\u00fc\u015flerin \u00fcst\u00fcnde olan y\u00fcksek menfaatlerine de dikkat ve h\u00fcrmet etmek manev\u00ee zorunlulu\u011fu, as\u0131l bu mecburiyettir ki umum\u00ee d\u00fczeni temin edebilir. Bununla beraber bu yolda yan\u0131lma ve kusur olsa bile, bu kusuru d\u00fczeltecek etken ve vas\u0131ta, asla mazide zannolundu\u011fu gibi, bas\u0131n h\u00fcrriyetini k\u0131s\u0131tlayan ba\u011flar de\u011fildir; aksine, bas\u0131n h\u00fcrriyetinden do\u011fan mahzurlar\u0131n giderilme vas\u0131tas\u0131, yine bas\u0131n h\u00fcrriyetidir. <\/p>\n\n\n\n<p>Sonsuz te\u015fekk\u00fcrlerimle.<\/p>\n","protected":false},"excerpt":{"rendered":"<p>Kahramanmara\u015f merkezli ve Mersin\u2019i bile \u00e7ok korkutucu bir \u015fekilde sallayan 7.7 ve 7.6 \u015fiddetindeki depremler hepimizin ya\u015famlar\u0131m\u0131z\u0131 bir daha asla ayn\u0131 olmayacak \u015fekilde de\u011fi\u015ftirdi.\u00a0 Ya\u015fanan tarifsiz ac\u0131lar\u0131n yan\u0131 s\u0131ra hepimize ya\u015famlar\u0131m\u0131z konusunda ciddi fark\u0131ndal\u0131klar da katt\u0131. Bu olaylar\u0131n ba\u015f\u0131ndan beri Mersin hep olaylar\u0131n oda\u011f\u0131ndayd\u0131. Mersin\u2019de bu s\u00fcrecin y\u00f6netilmesinde en \u00f6nemli kurumlardan biri de Mersin Kent [&hellip;]<\/p>\n","protected":false},"author":22,"featured_media":142846,"comment_status":"closed","ping_status":"open","sticky":false,"template":"","format":"standard","meta":{"_yoast_wpseo_focuskw":"","_yoast_wpseo_title":"","_yoast_wpseo_metadesc":"","_bbp_topic_count":0,"_bbp_reply_count":0,"_bbp_total_topic_count":0,"_bbp_total_reply_count":0,"_bbp_voice_count":0,"_bbp_anonymous_reply_count":0,"_bbp_topic_count_hidden":0,"_bbp_reply_count_hidden":0,"_bbp_forum_subforum_count":0,"footnotes":"","_yoast_wpseo_focuskw_text_input":""},"categories":[1,2610,8138],"tags":[],"yoast_head":"<!-- This site is optimized with the Yoast SEO plugin v23.0 - https:\/\/yoast.com\/wordpress\/plugins\/seo\/ -->\n<title>Mersin Kent Konseyi Ba\u015fkan\u0131 Tu\u011fcu: Depremzedelere Can Suyu Olmaya \u00c7al\u0131\u015ft\u0131k - The Epoch Times TR<\/title>\n<meta name=\"robots\" content=\"index, follow, max-snippet:-1, max-image-preview:large, max-video-preview:-1\" \/>\n<link rel=\"canonical\" href=\"https:\/\/epochtimestr.com\/index.php\/mersin-kent-konseyi-baskani-tugcu-depremzedelere-can-suyu-olmaya-calistik\" \/>\n<meta property=\"og:locale\" content=\"tr_TR\" \/>\n<meta property=\"og:type\" content=\"article\" \/>\n<meta property=\"og:title\" content=\"Mersin Kent Konseyi Ba\u015fkan\u0131 Tu\u011fcu: Depremzedelere Can Suyu Olmaya \u00c7al\u0131\u015ft\u0131k - The Epoch Times TR\" \/>\n<meta property=\"og:description\" content=\"Kahramanmara\u015f merkezli ve Mersin\u2019i bile \u00e7ok korkutucu bir \u015fekilde sallayan 7.7 ve 7.6 \u015fiddetindeki depremler hepimizin ya\u015famlar\u0131m\u0131z\u0131 bir daha asla ayn\u0131 olmayacak \u015fekilde de\u011fi\u015ftirdi.\u00a0 Ya\u015fanan tarifsiz ac\u0131lar\u0131n yan\u0131 s\u0131ra hepimize ya\u015famlar\u0131m\u0131z konusunda ciddi fark\u0131ndal\u0131klar da katt\u0131. Bu olaylar\u0131n ba\u015f\u0131ndan beri Mersin hep olaylar\u0131n oda\u011f\u0131ndayd\u0131. Mersin\u2019de bu s\u00fcrecin y\u00f6netilmesinde en \u00f6nemli kurumlardan biri de Mersin Kent [&hellip;]\" \/>\n<meta property=\"og:url\" content=\"https:\/\/epochtimestr.com\/index.php\/mersin-kent-konseyi-baskani-tugcu-depremzedelere-can-suyu-olmaya-calistik\" \/>\n<meta property=\"og:site_name\" content=\"The Epoch Times TR\" \/>\n<meta property=\"article:publisher\" content=\"https:\/\/www.facebook.com\/theepochtimestr\" \/>\n<meta property=\"article:published_time\" content=\"2023-03-12T08:22:17+00:00\" \/>\n<meta property=\"article:modified_time\" content=\"2023-03-12T10:27:16+00:00\" \/>\n<meta property=\"og:image\" content=\"https:\/\/epochtimestr.com\/wp-content\/uploads\/2011y\/Ayferi2.jpg\" \/>\n\t<meta property=\"og:image:width\" content=\"559\" \/>\n\t<meta property=\"og:image:height\" content=\"316\" \/>\n\t<meta property=\"og:image:type\" content=\"image\/jpeg\" \/>\n<meta name=\"author\" content=\"G.Hakan Ko\u00e7man\" \/>\n<meta name=\"twitter:card\" content=\"summary_large_image\" \/>\n<meta name=\"twitter:image\" content=\"https:\/\/epochtimestr.com\/wp-content\/uploads\/2011y\/Ayferi2.jpg\" \/>\n<meta name=\"twitter:creator\" content=\"@TheEpochTimesTR\" \/>\n<meta name=\"twitter:site\" content=\"@TheEpochTimesTR\" \/>\n<meta name=\"twitter:label1\" content=\"Yazan:\" \/>\n\t<meta name=\"twitter:data1\" content=\"G.Hakan Ko\u00e7man\" \/>\n\t<meta name=\"twitter:label2\" content=\"Tahmini okuma s\u00fcresi\" \/>\n\t<meta name=\"twitter:data2\" content=\"11 dakika\" \/>\n<script type=\"application\/ld+json\" class=\"yoast-schema-graph\">{\"@context\":\"https:\/\/schema.org\",\"@graph\":[{\"@type\":\"Article\",\"@id\":\"https:\/\/epochtimestr.com\/index.php\/mersin-kent-konseyi-baskani-tugcu-depremzedelere-can-suyu-olmaya-calistik#article\",\"isPartOf\":{\"@id\":\"https:\/\/epochtimestr.com\/index.php\/mersin-kent-konseyi-baskani-tugcu-depremzedelere-can-suyu-olmaya-calistik\"},\"author\":{\"name\":\"G.Hakan Ko\u00e7man\",\"@id\":\"https:\/\/epochtimestr.com\/#\/schema\/person\/b5509977c9a6cd729a3e74d9743d035b\"},\"headline\":\"Mersin Kent Konseyi Ba\u015fkan\u0131 Tu\u011fcu: Depremzedelere Can Suyu Olmaya \u00c7al\u0131\u015ft\u0131k\",\"datePublished\":\"2023-03-12T08:22:17+00:00\",\"dateModified\":\"2023-03-12T10:27:16+00:00\",\"mainEntityOfPage\":{\"@id\":\"https:\/\/epochtimestr.com\/index.php\/mersin-kent-konseyi-baskani-tugcu-depremzedelere-can-suyu-olmaya-calistik\"},\"wordCount\":3213,\"publisher\":{\"@id\":\"https:\/\/epochtimestr.com\/#organization\"},\"image\":{\"@id\":\"https:\/\/epochtimestr.com\/index.php\/mersin-kent-konseyi-baskani-tugcu-depremzedelere-can-suyu-olmaya-calistik#primaryimage\"},\"thumbnailUrl\":\"https:\/\/epochtimestr.com\/wp-content\/uploads\/2011y\/Ayferi2.jpg\",\"articleSection\":[\"G\u00dcNDEM\",\"ilham Verenler\",\"MAN\u015eET\"],\"inLanguage\":\"tr\"},{\"@type\":\"WebPage\",\"@id\":\"https:\/\/epochtimestr.com\/index.php\/mersin-kent-konseyi-baskani-tugcu-depremzedelere-can-suyu-olmaya-calistik\",\"url\":\"https:\/\/epochtimestr.com\/index.php\/mersin-kent-konseyi-baskani-tugcu-depremzedelere-can-suyu-olmaya-calistik\",\"name\":\"Mersin Kent Konseyi Ba\u015fkan\u0131 Tu\u011fcu: Depremzedelere Can Suyu Olmaya \u00c7al\u0131\u015ft\u0131k - The Epoch Times TR\",\"isPartOf\":{\"@id\":\"https:\/\/epochtimestr.com\/#website\"},\"primaryImageOfPage\":{\"@id\":\"https:\/\/epochtimestr.com\/index.php\/mersin-kent-konseyi-baskani-tugcu-depremzedelere-can-suyu-olmaya-calistik#primaryimage\"},\"image\":{\"@id\":\"https:\/\/epochtimestr.com\/index.php\/mersin-kent-konseyi-baskani-tugcu-depremzedelere-can-suyu-olmaya-calistik#primaryimage\"},\"thumbnailUrl\":\"https:\/\/epochtimestr.com\/wp-content\/uploads\/2011y\/Ayferi2.jpg\",\"datePublished\":\"2023-03-12T08:22:17+00:00\",\"dateModified\":\"2023-03-12T10:27:16+00:00\",\"inLanguage\":\"tr\",\"potentialAction\":[{\"@type\":\"ReadAction\",\"target\":[\"https:\/\/epochtimestr.com\/index.php\/mersin-kent-konseyi-baskani-tugcu-depremzedelere-can-suyu-olmaya-calistik\"]}]},{\"@type\":\"ImageObject\",\"inLanguage\":\"tr\",\"@id\":\"https:\/\/epochtimestr.com\/index.php\/mersin-kent-konseyi-baskani-tugcu-depremzedelere-can-suyu-olmaya-calistik#primaryimage\",\"url\":\"https:\/\/epochtimestr.com\/wp-content\/uploads\/2011y\/Ayferi2.jpg\",\"contentUrl\":\"https:\/\/epochtimestr.com\/wp-content\/uploads\/2011y\/Ayferi2.jpg\",\"width\":559,\"height\":316},{\"@type\":\"WebSite\",\"@id\":\"https:\/\/epochtimestr.com\/#website\",\"url\":\"https:\/\/epochtimestr.com\/\",\"name\":\"The Epoch Times TR\",\"description\":\"De\u011fi\u015fen D\u00fcnyam\u0131za Taze Bir Bak\u0131\u015f\",\"publisher\":{\"@id\":\"https:\/\/epochtimestr.com\/#organization\"},\"potentialAction\":[{\"@type\":\"SearchAction\",\"target\":{\"@type\":\"EntryPoint\",\"urlTemplate\":\"https:\/\/epochtimestr.com\/?s={search_term_string}\"},\"query-input\":\"required name=search_term_string\"}],\"inLanguage\":\"tr\"},{\"@type\":\"Organization\",\"@id\":\"https:\/\/epochtimestr.com\/#organization\",\"name\":\"The EpochTimes T\u00fcrkiye\",\"url\":\"https:\/\/epochtimestr.com\/\",\"logo\":{\"@type\":\"ImageObject\",\"inLanguage\":\"tr\",\"@id\":\"https:\/\/epochtimestr.com\/#\/schema\/logo\/image\/\",\"url\":\"https:\/\/epochtimestr.com\/wp-content\/uploads\/2011y\/ET-Logo-YG.jpg\",\"contentUrl\":\"https:\/\/epochtimestr.com\/wp-content\/uploads\/2011y\/ET-Logo-YG.jpg\",\"width\":346,\"height\":29,\"caption\":\"The EpochTimes T\u00fcrkiye\"},\"image\":{\"@id\":\"https:\/\/epochtimestr.com\/#\/schema\/logo\/image\/\"},\"sameAs\":[\"https:\/\/www.facebook.com\/theepochtimestr\",\"https:\/\/x.com\/TheEpochTimesTR\",\"https:\/\/www.instagram.com\/epochtimestr\"]},{\"@type\":\"Person\",\"@id\":\"https:\/\/epochtimestr.com\/#\/schema\/person\/b5509977c9a6cd729a3e74d9743d035b\",\"name\":\"G.Hakan Ko\u00e7man\",\"image\":{\"@type\":\"ImageObject\",\"inLanguage\":\"tr\",\"@id\":\"https:\/\/epochtimestr.com\/#\/schema\/person\/image\/\",\"url\":\"https:\/\/secure.gravatar.com\/avatar\/e4eafee1ab5d1f4015c3930376b22ca8?s=96&d=mm&r=g\",\"contentUrl\":\"https:\/\/secure.gravatar.com\/avatar\/e4eafee1ab5d1f4015c3930376b22ca8?s=96&d=mm&r=g\",\"caption\":\"G.Hakan Ko\u00e7man\"},\"url\":\"https:\/\/epochtimestr.com\/index.php\/author\/hakan\"}]}<\/script>\n<!-- \/ Yoast SEO plugin. -->","yoast_head_json":{"title":"Mersin Kent Konseyi Ba\u015fkan\u0131 Tu\u011fcu: Depremzedelere Can Suyu Olmaya \u00c7al\u0131\u015ft\u0131k - The Epoch Times TR","robots":{"index":"index","follow":"follow","max-snippet":"max-snippet:-1","max-image-preview":"max-image-preview:large","max-video-preview":"max-video-preview:-1"},"canonical":"https:\/\/epochtimestr.com\/index.php\/mersin-kent-konseyi-baskani-tugcu-depremzedelere-can-suyu-olmaya-calistik","og_locale":"tr_TR","og_type":"article","og_title":"Mersin Kent Konseyi Ba\u015fkan\u0131 Tu\u011fcu: Depremzedelere Can Suyu Olmaya \u00c7al\u0131\u015ft\u0131k - The Epoch Times TR","og_description":"Kahramanmara\u015f merkezli ve Mersin\u2019i bile \u00e7ok korkutucu bir \u015fekilde sallayan 7.7 ve 7.6 \u015fiddetindeki depremler hepimizin ya\u015famlar\u0131m\u0131z\u0131 bir daha asla ayn\u0131 olmayacak \u015fekilde de\u011fi\u015ftirdi.\u00a0 Ya\u015fanan tarifsiz ac\u0131lar\u0131n yan\u0131 s\u0131ra hepimize ya\u015famlar\u0131m\u0131z konusunda ciddi fark\u0131ndal\u0131klar da katt\u0131. Bu olaylar\u0131n ba\u015f\u0131ndan beri Mersin hep olaylar\u0131n oda\u011f\u0131ndayd\u0131. Mersin\u2019de bu s\u00fcrecin y\u00f6netilmesinde en \u00f6nemli kurumlardan biri de Mersin Kent [&hellip;]","og_url":"https:\/\/epochtimestr.com\/index.php\/mersin-kent-konseyi-baskani-tugcu-depremzedelere-can-suyu-olmaya-calistik","og_site_name":"The Epoch Times TR","article_publisher":"https:\/\/www.facebook.com\/theepochtimestr","article_published_time":"2023-03-12T08:22:17+00:00","article_modified_time":"2023-03-12T10:27:16+00:00","og_image":[{"width":559,"height":316,"url":"https:\/\/epochtimestr.com\/wp-content\/uploads\/2011y\/Ayferi2.jpg","type":"image\/jpeg"}],"author":"G.Hakan Ko\u00e7man","twitter_card":"summary_large_image","twitter_image":"https:\/\/epochtimestr.com\/wp-content\/uploads\/2011y\/Ayferi2.jpg","twitter_creator":"@TheEpochTimesTR","twitter_site":"@TheEpochTimesTR","twitter_misc":{"Yazan:":"G.Hakan Ko\u00e7man","Tahmini okuma s\u00fcresi":"11 dakika"},"schema":{"@context":"https:\/\/schema.org","@graph":[{"@type":"Article","@id":"https:\/\/epochtimestr.com\/index.php\/mersin-kent-konseyi-baskani-tugcu-depremzedelere-can-suyu-olmaya-calistik#article","isPartOf":{"@id":"https:\/\/epochtimestr.com\/index.php\/mersin-kent-konseyi-baskani-tugcu-depremzedelere-can-suyu-olmaya-calistik"},"author":{"name":"G.Hakan Ko\u00e7man","@id":"https:\/\/epochtimestr.com\/#\/schema\/person\/b5509977c9a6cd729a3e74d9743d035b"},"headline":"Mersin Kent Konseyi Ba\u015fkan\u0131 Tu\u011fcu: Depremzedelere Can Suyu Olmaya \u00c7al\u0131\u015ft\u0131k","datePublished":"2023-03-12T08:22:17+00:00","dateModified":"2023-03-12T10:27:16+00:00","mainEntityOfPage":{"@id":"https:\/\/epochtimestr.com\/index.php\/mersin-kent-konseyi-baskani-tugcu-depremzedelere-can-suyu-olmaya-calistik"},"wordCount":3213,"publisher":{"@id":"https:\/\/epochtimestr.com\/#organization"},"image":{"@id":"https:\/\/epochtimestr.com\/index.php\/mersin-kent-konseyi-baskani-tugcu-depremzedelere-can-suyu-olmaya-calistik#primaryimage"},"thumbnailUrl":"https:\/\/epochtimestr.com\/wp-content\/uploads\/2011y\/Ayferi2.jpg","articleSection":["G\u00dcNDEM","ilham Verenler","MAN\u015eET"],"inLanguage":"tr"},{"@type":"WebPage","@id":"https:\/\/epochtimestr.com\/index.php\/mersin-kent-konseyi-baskani-tugcu-depremzedelere-can-suyu-olmaya-calistik","url":"https:\/\/epochtimestr.com\/index.php\/mersin-kent-konseyi-baskani-tugcu-depremzedelere-can-suyu-olmaya-calistik","name":"Mersin Kent Konseyi Ba\u015fkan\u0131 Tu\u011fcu: Depremzedelere Can Suyu Olmaya \u00c7al\u0131\u015ft\u0131k - The Epoch Times TR","isPartOf":{"@id":"https:\/\/epochtimestr.com\/#website"},"primaryImageOfPage":{"@id":"https:\/\/epochtimestr.com\/index.php\/mersin-kent-konseyi-baskani-tugcu-depremzedelere-can-suyu-olmaya-calistik#primaryimage"},"image":{"@id":"https:\/\/epochtimestr.com\/index.php\/mersin-kent-konseyi-baskani-tugcu-depremzedelere-can-suyu-olmaya-calistik#primaryimage"},"thumbnailUrl":"https:\/\/epochtimestr.com\/wp-content\/uploads\/2011y\/Ayferi2.jpg","datePublished":"2023-03-12T08:22:17+00:00","dateModified":"2023-03-12T10:27:16+00:00","inLanguage":"tr","potentialAction":[{"@type":"ReadAction","target":["https:\/\/epochtimestr.com\/index.php\/mersin-kent-konseyi-baskani-tugcu-depremzedelere-can-suyu-olmaya-calistik"]}]},{"@type":"ImageObject","inLanguage":"tr","@id":"https:\/\/epochtimestr.com\/index.php\/mersin-kent-konseyi-baskani-tugcu-depremzedelere-can-suyu-olmaya-calistik#primaryimage","url":"https:\/\/epochtimestr.com\/wp-content\/uploads\/2011y\/Ayferi2.jpg","contentUrl":"https:\/\/epochtimestr.com\/wp-content\/uploads\/2011y\/Ayferi2.jpg","width":559,"height":316},{"@type":"WebSite","@id":"https:\/\/epochtimestr.com\/#website","url":"https:\/\/epochtimestr.com\/","name":"The Epoch Times TR","description":"De\u011fi\u015fen D\u00fcnyam\u0131za Taze Bir Bak\u0131\u015f","publisher":{"@id":"https:\/\/epochtimestr.com\/#organization"},"potentialAction":[{"@type":"SearchAction","target":{"@type":"EntryPoint","urlTemplate":"https:\/\/epochtimestr.com\/?s={search_term_string}"},"query-input":"required name=search_term_string"}],"inLanguage":"tr"},{"@type":"Organization","@id":"https:\/\/epochtimestr.com\/#organization","name":"The EpochTimes T\u00fcrkiye","url":"https:\/\/epochtimestr.com\/","logo":{"@type":"ImageObject","inLanguage":"tr","@id":"https:\/\/epochtimestr.com\/#\/schema\/logo\/image\/","url":"https:\/\/epochtimestr.com\/wp-content\/uploads\/2011y\/ET-Logo-YG.jpg","contentUrl":"https:\/\/epochtimestr.com\/wp-content\/uploads\/2011y\/ET-Logo-YG.jpg","width":346,"height":29,"caption":"The EpochTimes T\u00fcrkiye"},"image":{"@id":"https:\/\/epochtimestr.com\/#\/schema\/logo\/image\/"},"sameAs":["https:\/\/www.facebook.com\/theepochtimestr","https:\/\/x.com\/TheEpochTimesTR","https:\/\/www.instagram.com\/epochtimestr"]},{"@type":"Person","@id":"https:\/\/epochtimestr.com\/#\/schema\/person\/b5509977c9a6cd729a3e74d9743d035b","name":"G.Hakan Ko\u00e7man","image":{"@type":"ImageObject","inLanguage":"tr","@id":"https:\/\/epochtimestr.com\/#\/schema\/person\/image\/","url":"https:\/\/secure.gravatar.com\/avatar\/e4eafee1ab5d1f4015c3930376b22ca8?s=96&d=mm&r=g","contentUrl":"https:\/\/secure.gravatar.com\/avatar\/e4eafee1ab5d1f4015c3930376b22ca8?s=96&d=mm&r=g","caption":"G.Hakan Ko\u00e7man"},"url":"https:\/\/epochtimestr.com\/index.php\/author\/hakan"}]}},"_links":{"self":[{"href":"https:\/\/epochtimestr.com\/index.php\/wp-json\/wp\/v2\/posts\/142845"}],"collection":[{"href":"https:\/\/epochtimestr.com\/index.php\/wp-json\/wp\/v2\/posts"}],"about":[{"href":"https:\/\/epochtimestr.com\/index.php\/wp-json\/wp\/v2\/types\/post"}],"author":[{"embeddable":true,"href":"https:\/\/epochtimestr.com\/index.php\/wp-json\/wp\/v2\/users\/22"}],"replies":[{"embeddable":true,"href":"https:\/\/epochtimestr.com\/index.php\/wp-json\/wp\/v2\/comments?post=142845"}],"version-history":[{"count":3,"href":"https:\/\/epochtimestr.com\/index.php\/wp-json\/wp\/v2\/posts\/142845\/revisions"}],"predecessor-version":[{"id":142852,"href":"https:\/\/epochtimestr.com\/index.php\/wp-json\/wp\/v2\/posts\/142845\/revisions\/142852"}],"wp:featuredmedia":[{"embeddable":true,"href":"https:\/\/epochtimestr.com\/index.php\/wp-json\/wp\/v2\/media\/142846"}],"wp:attachment":[{"href":"https:\/\/epochtimestr.com\/index.php\/wp-json\/wp\/v2\/media?parent=142845"}],"wp:term":[{"taxonomy":"category","embeddable":true,"href":"https:\/\/epochtimestr.com\/index.php\/wp-json\/wp\/v2\/categories?post=142845"},{"taxonomy":"post_tag","embeddable":true,"href":"https:\/\/epochtimestr.com\/index.php\/wp-json\/wp\/v2\/tags?post=142845"}],"curies":[{"name":"wp","href":"https:\/\/api.w.org\/{rel}","templated":true}]}}