{"id":142871,"date":"2023-03-13T15:19:33","date_gmt":"2023-03-13T12:19:33","guid":{"rendered":"https:\/\/epochtimestr.com\/?p=142871"},"modified":"2023-03-13T15:19:38","modified_gmt":"2023-03-13T12:19:38","slug":"prof-dr-ercan-manisa-depremi-icin-yetkilileri-uyardi","status":"publish","type":"post","link":"https:\/\/epochtimestr.com\/index.php\/prof-dr-ercan-manisa-depremi-icin-yetkilileri-uyardi","title":{"rendered":"Prof. Dr. Ercan Manisa Depremi i\u00e7in Yetkilileri Uyard\u0131"},"content":{"rendered":"\n<div class=\"wp-block-image\"><figure class=\"aligncenter size-full\"><img loading=\"lazy\" decoding=\"async\" width=\"1920\" height=\"1080\" src=\"https:\/\/epochtimestr.com\/wp-content\/uploads\/2011y\/Pof.-Dr.-Ercan.png\" alt=\"\" class=\"wp-image-142872\" srcset=\"https:\/\/epochtimestr.com\/wp-content\/uploads\/2011y\/Pof.-Dr.-Ercan.png 1920w, https:\/\/epochtimestr.com\/wp-content\/uploads\/2011y\/Pof.-Dr.-Ercan-300x169.png 300w, https:\/\/epochtimestr.com\/wp-content\/uploads\/2011y\/Pof.-Dr.-Ercan-150x84.png 150w, https:\/\/epochtimestr.com\/wp-content\/uploads\/2011y\/Pof.-Dr.-Ercan-768x432.png 768w, https:\/\/epochtimestr.com\/wp-content\/uploads\/2011y\/Pof.-Dr.-Ercan-1536x864.png 1536w\" sizes=\"(max-width: 1920px) 100vw, 1920px\" \/><figcaption>Garfik tasar\u0131m: The Epoch Times TR<\/figcaption><\/figure><\/div>\n\n\n\n<p><em>Prof. Dr. \u00d6vg\u00fcn Ahmet Ercan, Manisa&#8217;n\u0131n Ala\u015fehir il\u00e7esinde\u00a0 7 b\u00fcy\u00fckl\u00fc\u011f\u00fcne ula\u015fabilecek deprem beklendi\u011fini s\u00f6yledi. Ala\u015fehir\u2019de 6.2 ile 7 b\u00fcy\u00fckl\u00fc\u011f\u00fcnde bir deprem tahmin ettiklerini belirterek yetkilileri uyard\u0131.<\/em><\/p>\n\n\n\n<p>Porf. Dr. Ercan deprem ile ilgili yapt\u0131\u011f\u0131 a\u00e7\u0131klamada, \u00f6zellikle istasyon alt\u0131 b\u00f6lgelerin s\u0131v\u0131la\u015fm\u0131\u015f kaygan zeminden olu\u015ftu\u011funu ve bu alanlarda 60-80 santimetre aras\u0131nda at\u0131lm\u0131\u015f baz\u0131 temeller g\u00f6rd\u00fc\u011f\u00fcn\u00fc belirterek bu b\u00f6lge i\u00e7in bu temellerin yetersiz oldu\u011funu konusunda uyard\u0131. &nbsp;Tar\u0131m alanlar\u0131n\u0131n bulundu\u011fu ba\u011fl\u0131k alanlarda da 6.2-7 b\u00fcy\u00fckl\u00fc\u011f\u00fcndeki bir depremde 2 ile 5 metre aras\u0131nda \u00e7\u00f6kmeler ya\u015fanabilece\u011fini s\u00f6yleyen Prof. Dr. Ercan gerekli \u00f6nlemleri alarak bu depremden korunabilece\u011finiz ifade etti.<\/p>\n\n\n\n<p>Zemin et\u00fcd\u00fc yap\u0131lm\u0131\u015f, do\u011fru tespit edilmi\u015f ve sa\u011flam yap\u0131lan depreme dayan\u0131kl\u0131 binalar olabilece\u011fini s\u00f6yleyen Prof. Dr. Ercan, \u201cDeprem a\u00e7\u0131s\u0131ndan yerle\u015fim alan\u0131 olarak, de\u011ferlendirirsek, Ala\u015fehir Tren Gar\u0131 \u00e7evresi yer hareketleri davran\u0131\u015f\u0131 iyi de\u011fil, Atat\u00fcrk Bulvar\u0131 Kuzey Bat\u0131s\u0131, Kayac\u0131k Konaklar\u0131, Toptepe \u00e7evresi ve Kalei\u00e7i mevkileri \u00e7ok iyi, Evrenli b\u00f6lgesi yerle\u015fim b\u00f6lgesi olarak uygun.\u201d dedi.<\/p>\n\n\n\n<p><strong> Bu i\u015fin \u015fakas\u0131 yok. <\/strong><\/p>\n\n\n\n<p>Ayr\u0131ca Prof. Dr. Ercan konu\u015fmas\u0131na, Turgutlu&#8217;da olabilecek depreme de dikkat \u00e7ekerek burada olabilecek en b\u00fcy\u00fck depremin b\u00fcy\u00fckl\u00fc\u011f\u00fcnin 7 olaca\u011f\u0131n\u0131 ifade etti. \u201cTurgutlu&#8217;nun \u00e7ar\u015f\u0131 alan\u0131ndaki kesim eski bir tar\u0131m alan\u0131d\u0131r. Unutmayal\u0131m ki deprem mutlaka tar\u0131m alanlar\u0131 da y\u0131kar ve yok eder. Kal\u0131c\u0131 bir \u00e7\u00f6z\u00fcm bulunabilmesi i\u00e7in il\u00e7eyi g\u00fcneye do\u011fru kayd\u0131rman\u0131z gerekiyor. Da\u011flara do\u011fru zaman i\u00e7inde ta\u015f\u0131man\u0131z gerekir. \u00c7\u00fcnk\u00fc g\u00fcn\u00fc geldi\u011finde tar\u0131m alan\u0131na yap\u0131lm\u0131\u015f olan yap\u0131lar y\u0131k\u0131lacakt\u0131r. Bu i\u015fin \u015fakas\u0131 yok.\u201d dedi.<\/p>\n\n\n\n<p>\u201cTurgutlu&#8217;da en \u00e7ok 7 \u015fiddetinde bir deprem olmas\u0131n\u0131, a\u015fa\u011f\u0131 yukar\u0131 35 saniye s\u00fcrmesini bekliyorum.\u201d diyen Prof. Dr. Ercan s\u00f6zlerine \u015f\u00f6yle devam etti; \u201cTurgutlu&#8217;yu s\u00f6yle\u015fi program\u0131ndan \u00f6nce gezme f\u0131rsat\u0131m oldu. Be\u011fendi\u011fim ve be\u011fenmedi\u011fim yap\u0131lar\u0131 g\u00f6rd\u00fcm. Kentte, yap\u0131 temel derinli\u011fi 80 cm ile 1 metre aras\u0131nda yap\u0131lar g\u00f6rd\u00fcm. Bunlar intihar evler, bu binalar\u0131n bir an \u00f6nce saptanmas\u0131 gerekiyor. Yeni binalarda zemin kat\u0131lana sadece kolonlar\u0131n oldu\u011fu garajlar\u0131n yap\u0131ld\u0131\u011f\u0131n\u0131 g\u00f6rd\u00fcm. Bu \u00e7ok sak\u0131ncal\u0131. Duvarlar yok.\u201d<\/p>\n","protected":false},"excerpt":{"rendered":"<p>Prof. Dr. \u00d6vg\u00fcn Ahmet Ercan, Manisa&#8217;n\u0131n Ala\u015fehir il\u00e7esinde\u00a0 7 b\u00fcy\u00fckl\u00fc\u011f\u00fcne ula\u015fabilecek deprem beklendi\u011fini s\u00f6yledi. Ala\u015fehir\u2019de 6.2 ile 7 b\u00fcy\u00fckl\u00fc\u011f\u00fcnde bir deprem tahmin ettiklerini belirterek yetkilileri uyard\u0131. Porf. Dr. Ercan deprem ile ilgili yapt\u0131\u011f\u0131 a\u00e7\u0131klamada, \u00f6zellikle istasyon alt\u0131 b\u00f6lgelerin s\u0131v\u0131la\u015fm\u0131\u015f kaygan zeminden olu\u015ftu\u011funu ve bu alanlarda 60-80 santimetre aras\u0131nda at\u0131lm\u0131\u015f baz\u0131 temeller g\u00f6rd\u00fc\u011f\u00fcn\u00fc belirterek bu b\u00f6lge [&hellip;]<\/p>\n","protected":false},"author":12791,"featured_media":142874,"comment_status":"closed","ping_status":"open","sticky":false,"template":"","format":"standard","meta":{"_yoast_wpseo_focuskw":"","_yoast_wpseo_title":"","_yoast_wpseo_metadesc":"","_bbp_topic_count":0,"_bbp_reply_count":0,"_bbp_total_topic_count":0,"_bbp_total_reply_count":0,"_bbp_voice_count":0,"_bbp_anonymous_reply_count":0,"_bbp_topic_count_hidden":0,"_bbp_reply_count_hidden":0,"_bbp_forum_subforum_count":0,"footnotes":"","_yoast_wpseo_focuskw_text_input":""},"categories":[1,8138,37],"tags":[],"yoast_head":"<!-- This site is optimized with the Yoast SEO plugin v23.0 - https:\/\/yoast.com\/wordpress\/plugins\/seo\/ -->\n<title>Prof. Dr. Ercan Manisa Depremi i\u00e7in Yetkilileri Uyard\u0131 - The Epoch Times TR<\/title>\n<meta name=\"robots\" content=\"index, follow, max-snippet:-1, max-image-preview:large, max-video-preview:-1\" \/>\n<link rel=\"canonical\" href=\"https:\/\/epochtimestr.com\/index.php\/prof-dr-ercan-manisa-depremi-icin-yetkilileri-uyardi\" \/>\n<meta property=\"og:locale\" content=\"tr_TR\" \/>\n<meta property=\"og:type\" content=\"article\" \/>\n<meta property=\"og:title\" content=\"Prof. Dr. Ercan Manisa Depremi i\u00e7in Yetkilileri Uyard\u0131 - The Epoch Times TR\" \/>\n<meta property=\"og:description\" content=\"Prof. Dr. \u00d6vg\u00fcn Ahmet Ercan, Manisa&#8217;n\u0131n Ala\u015fehir il\u00e7esinde\u00a0 7 b\u00fcy\u00fckl\u00fc\u011f\u00fcne ula\u015fabilecek deprem beklendi\u011fini s\u00f6yledi. Ala\u015fehir\u2019de 6.2 ile 7 b\u00fcy\u00fckl\u00fc\u011f\u00fcnde bir deprem tahmin ettiklerini belirterek yetkilileri uyard\u0131. Porf. Dr. Ercan deprem ile ilgili yapt\u0131\u011f\u0131 a\u00e7\u0131klamada, \u00f6zellikle istasyon alt\u0131 b\u00f6lgelerin s\u0131v\u0131la\u015fm\u0131\u015f kaygan zeminden olu\u015ftu\u011funu ve bu alanlarda 60-80 santimetre aras\u0131nda at\u0131lm\u0131\u015f baz\u0131 temeller g\u00f6rd\u00fc\u011f\u00fcn\u00fc belirterek bu b\u00f6lge [&hellip;]\" \/>\n<meta property=\"og:url\" content=\"https:\/\/epochtimestr.com\/index.php\/prof-dr-ercan-manisa-depremi-icin-yetkilileri-uyardi\" \/>\n<meta property=\"og:site_name\" content=\"The Epoch Times TR\" \/>\n<meta property=\"article:publisher\" content=\"https:\/\/www.facebook.com\/theepochtimestr\" \/>\n<meta property=\"article:published_time\" content=\"2023-03-13T12:19:33+00:00\" \/>\n<meta property=\"article:modified_time\" content=\"2023-03-13T12:19:38+00:00\" \/>\n<meta property=\"og:image\" content=\"https:\/\/epochtimestr.com\/wp-content\/uploads\/2011y\/Pof.-Dr.-Ercan-2.png\" \/>\n\t<meta property=\"og:image:width\" content=\"1920\" \/>\n\t<meta property=\"og:image:height\" content=\"1080\" \/>\n\t<meta property=\"og:image:type\" content=\"image\/png\" \/>\n<meta name=\"author\" content=\"Haber Merkezi\" \/>\n<meta name=\"twitter:card\" content=\"summary_large_image\" \/>\n<meta name=\"twitter:image\" content=\"https:\/\/epochtimestr.com\/wp-content\/uploads\/2011y\/Pof.-Dr.-Ercan-2.png\" \/>\n<meta name=\"twitter:creator\" content=\"@TheEpochTimesTR\" \/>\n<meta name=\"twitter:site\" content=\"@TheEpochTimesTR\" \/>\n<meta name=\"twitter:label1\" content=\"Yazan:\" \/>\n\t<meta name=\"twitter:data1\" content=\"Haber Merkezi\" \/>\n\t<meta name=\"twitter:label2\" content=\"Tahmini okuma s\u00fcresi\" \/>\n\t<meta name=\"twitter:data2\" content=\"2 dakika\" \/>\n<script type=\"application\/ld+json\" class=\"yoast-schema-graph\">{\"@context\":\"https:\/\/schema.org\",\"@graph\":[{\"@type\":\"Article\",\"@id\":\"https:\/\/epochtimestr.com\/index.php\/prof-dr-ercan-manisa-depremi-icin-yetkilileri-uyardi#article\",\"isPartOf\":{\"@id\":\"https:\/\/epochtimestr.com\/index.php\/prof-dr-ercan-manisa-depremi-icin-yetkilileri-uyardi\"},\"author\":{\"name\":\"Haber Merkezi\",\"@id\":\"https:\/\/epochtimestr.com\/#\/schema\/person\/3dc5c3adeb9f43923c5aa85889172fdd\"},\"headline\":\"Prof. Dr. Ercan Manisa Depremi i\u00e7in Yetkilileri Uyard\u0131\",\"datePublished\":\"2023-03-13T12:19:33+00:00\",\"dateModified\":\"2023-03-13T12:19:38+00:00\",\"mainEntityOfPage\":{\"@id\":\"https:\/\/epochtimestr.com\/index.php\/prof-dr-ercan-manisa-depremi-icin-yetkilileri-uyardi\"},\"wordCount\":430,\"publisher\":{\"@id\":\"https:\/\/epochtimestr.com\/#organization\"},\"image\":{\"@id\":\"https:\/\/epochtimestr.com\/index.php\/prof-dr-ercan-manisa-depremi-icin-yetkilileri-uyardi#primaryimage\"},\"thumbnailUrl\":\"https:\/\/epochtimestr.com\/wp-content\/uploads\/2011y\/Pof.-Dr.-Ercan-2.png\",\"articleSection\":[\"G\u00dcNDEM\",\"MAN\u015eET\",\"T\u00dcRK\u0130YE\"],\"inLanguage\":\"tr\"},{\"@type\":\"WebPage\",\"@id\":\"https:\/\/epochtimestr.com\/index.php\/prof-dr-ercan-manisa-depremi-icin-yetkilileri-uyardi\",\"url\":\"https:\/\/epochtimestr.com\/index.php\/prof-dr-ercan-manisa-depremi-icin-yetkilileri-uyardi\",\"name\":\"Prof. Dr. Ercan Manisa Depremi i\u00e7in Yetkilileri Uyard\u0131 - The Epoch Times TR\",\"isPartOf\":{\"@id\":\"https:\/\/epochtimestr.com\/#website\"},\"primaryImageOfPage\":{\"@id\":\"https:\/\/epochtimestr.com\/index.php\/prof-dr-ercan-manisa-depremi-icin-yetkilileri-uyardi#primaryimage\"},\"image\":{\"@id\":\"https:\/\/epochtimestr.com\/index.php\/prof-dr-ercan-manisa-depremi-icin-yetkilileri-uyardi#primaryimage\"},\"thumbnailUrl\":\"https:\/\/epochtimestr.com\/wp-content\/uploads\/2011y\/Pof.-Dr.-Ercan-2.png\",\"datePublished\":\"2023-03-13T12:19:33+00:00\",\"dateModified\":\"2023-03-13T12:19:38+00:00\",\"inLanguage\":\"tr\",\"potentialAction\":[{\"@type\":\"ReadAction\",\"target\":[\"https:\/\/epochtimestr.com\/index.php\/prof-dr-ercan-manisa-depremi-icin-yetkilileri-uyardi\"]}]},{\"@type\":\"ImageObject\",\"inLanguage\":\"tr\",\"@id\":\"https:\/\/epochtimestr.com\/index.php\/prof-dr-ercan-manisa-depremi-icin-yetkilileri-uyardi#primaryimage\",\"url\":\"https:\/\/epochtimestr.com\/wp-content\/uploads\/2011y\/Pof.-Dr.-Ercan-2.png\",\"contentUrl\":\"https:\/\/epochtimestr.com\/wp-content\/uploads\/2011y\/Pof.-Dr.-Ercan-2.png\",\"width\":1920,\"height\":1080},{\"@type\":\"WebSite\",\"@id\":\"https:\/\/epochtimestr.com\/#website\",\"url\":\"https:\/\/epochtimestr.com\/\",\"name\":\"The Epoch Times TR\",\"description\":\"De\u011fi\u015fen D\u00fcnyam\u0131za Taze Bir Bak\u0131\u015f\",\"publisher\":{\"@id\":\"https:\/\/epochtimestr.com\/#organization\"},\"potentialAction\":[{\"@type\":\"SearchAction\",\"target\":{\"@type\":\"EntryPoint\",\"urlTemplate\":\"https:\/\/epochtimestr.com\/?s={search_term_string}\"},\"query-input\":\"required name=search_term_string\"}],\"inLanguage\":\"tr\"},{\"@type\":\"Organization\",\"@id\":\"https:\/\/epochtimestr.com\/#organization\",\"name\":\"The EpochTimes T\u00fcrkiye\",\"url\":\"https:\/\/epochtimestr.com\/\",\"logo\":{\"@type\":\"ImageObject\",\"inLanguage\":\"tr\",\"@id\":\"https:\/\/epochtimestr.com\/#\/schema\/logo\/image\/\",\"url\":\"https:\/\/epochtimestr.com\/wp-content\/uploads\/2011y\/ET-Logo-YG.jpg\",\"contentUrl\":\"https:\/\/epochtimestr.com\/wp-content\/uploads\/2011y\/ET-Logo-YG.jpg\",\"width\":346,\"height\":29,\"caption\":\"The EpochTimes T\u00fcrkiye\"},\"image\":{\"@id\":\"https:\/\/epochtimestr.com\/#\/schema\/logo\/image\/\"},\"sameAs\":[\"https:\/\/www.facebook.com\/theepochtimestr\",\"https:\/\/x.com\/TheEpochTimesTR\",\"https:\/\/www.instagram.com\/epochtimestr\"]},{\"@type\":\"Person\",\"@id\":\"https:\/\/epochtimestr.com\/#\/schema\/person\/3dc5c3adeb9f43923c5aa85889172fdd\",\"name\":\"Haber Merkezi\",\"image\":{\"@type\":\"ImageObject\",\"inLanguage\":\"tr\",\"@id\":\"https:\/\/epochtimestr.com\/#\/schema\/person\/image\/\",\"url\":\"https:\/\/secure.gravatar.com\/avatar\/d73f772ba5a74f28601361e17c2f93e6?s=96&d=mm&r=g\",\"contentUrl\":\"https:\/\/secure.gravatar.com\/avatar\/d73f772ba5a74f28601361e17c2f93e6?s=96&d=mm&r=g\",\"caption\":\"Haber Merkezi\"},\"url\":\"https:\/\/epochtimestr.com\/index.php\/author\/sendag\"}]}<\/script>\n<!-- \/ Yoast SEO plugin. -->","yoast_head_json":{"title":"Prof. Dr. Ercan Manisa Depremi i\u00e7in Yetkilileri Uyard\u0131 - The Epoch Times TR","robots":{"index":"index","follow":"follow","max-snippet":"max-snippet:-1","max-image-preview":"max-image-preview:large","max-video-preview":"max-video-preview:-1"},"canonical":"https:\/\/epochtimestr.com\/index.php\/prof-dr-ercan-manisa-depremi-icin-yetkilileri-uyardi","og_locale":"tr_TR","og_type":"article","og_title":"Prof. Dr. Ercan Manisa Depremi i\u00e7in Yetkilileri Uyard\u0131 - The Epoch Times TR","og_description":"Prof. Dr. \u00d6vg\u00fcn Ahmet Ercan, Manisa&#8217;n\u0131n Ala\u015fehir il\u00e7esinde\u00a0 7 b\u00fcy\u00fckl\u00fc\u011f\u00fcne ula\u015fabilecek deprem beklendi\u011fini s\u00f6yledi. Ala\u015fehir\u2019de 6.2 ile 7 b\u00fcy\u00fckl\u00fc\u011f\u00fcnde bir deprem tahmin ettiklerini belirterek yetkilileri uyard\u0131. Porf. Dr. Ercan deprem ile ilgili yapt\u0131\u011f\u0131 a\u00e7\u0131klamada, \u00f6zellikle istasyon alt\u0131 b\u00f6lgelerin s\u0131v\u0131la\u015fm\u0131\u015f kaygan zeminden olu\u015ftu\u011funu ve bu alanlarda 60-80 santimetre aras\u0131nda at\u0131lm\u0131\u015f baz\u0131 temeller g\u00f6rd\u00fc\u011f\u00fcn\u00fc belirterek bu b\u00f6lge [&hellip;]","og_url":"https:\/\/epochtimestr.com\/index.php\/prof-dr-ercan-manisa-depremi-icin-yetkilileri-uyardi","og_site_name":"The Epoch Times TR","article_publisher":"https:\/\/www.facebook.com\/theepochtimestr","article_published_time":"2023-03-13T12:19:33+00:00","article_modified_time":"2023-03-13T12:19:38+00:00","og_image":[{"width":1920,"height":1080,"url":"https:\/\/epochtimestr.com\/wp-content\/uploads\/2011y\/Pof.-Dr.-Ercan-2.png","type":"image\/png"}],"author":"Haber Merkezi","twitter_card":"summary_large_image","twitter_image":"https:\/\/epochtimestr.com\/wp-content\/uploads\/2011y\/Pof.-Dr.-Ercan-2.png","twitter_creator":"@TheEpochTimesTR","twitter_site":"@TheEpochTimesTR","twitter_misc":{"Yazan:":"Haber Merkezi","Tahmini okuma s\u00fcresi":"2 dakika"},"schema":{"@context":"https:\/\/schema.org","@graph":[{"@type":"Article","@id":"https:\/\/epochtimestr.com\/index.php\/prof-dr-ercan-manisa-depremi-icin-yetkilileri-uyardi#article","isPartOf":{"@id":"https:\/\/epochtimestr.com\/index.php\/prof-dr-ercan-manisa-depremi-icin-yetkilileri-uyardi"},"author":{"name":"Haber Merkezi","@id":"https:\/\/epochtimestr.com\/#\/schema\/person\/3dc5c3adeb9f43923c5aa85889172fdd"},"headline":"Prof. Dr. Ercan Manisa Depremi i\u00e7in Yetkilileri Uyard\u0131","datePublished":"2023-03-13T12:19:33+00:00","dateModified":"2023-03-13T12:19:38+00:00","mainEntityOfPage":{"@id":"https:\/\/epochtimestr.com\/index.php\/prof-dr-ercan-manisa-depremi-icin-yetkilileri-uyardi"},"wordCount":430,"publisher":{"@id":"https:\/\/epochtimestr.com\/#organization"},"image":{"@id":"https:\/\/epochtimestr.com\/index.php\/prof-dr-ercan-manisa-depremi-icin-yetkilileri-uyardi#primaryimage"},"thumbnailUrl":"https:\/\/epochtimestr.com\/wp-content\/uploads\/2011y\/Pof.-Dr.-Ercan-2.png","articleSection":["G\u00dcNDEM","MAN\u015eET","T\u00dcRK\u0130YE"],"inLanguage":"tr"},{"@type":"WebPage","@id":"https:\/\/epochtimestr.com\/index.php\/prof-dr-ercan-manisa-depremi-icin-yetkilileri-uyardi","url":"https:\/\/epochtimestr.com\/index.php\/prof-dr-ercan-manisa-depremi-icin-yetkilileri-uyardi","name":"Prof. Dr. Ercan Manisa Depremi i\u00e7in Yetkilileri Uyard\u0131 - The Epoch Times TR","isPartOf":{"@id":"https:\/\/epochtimestr.com\/#website"},"primaryImageOfPage":{"@id":"https:\/\/epochtimestr.com\/index.php\/prof-dr-ercan-manisa-depremi-icin-yetkilileri-uyardi#primaryimage"},"image":{"@id":"https:\/\/epochtimestr.com\/index.php\/prof-dr-ercan-manisa-depremi-icin-yetkilileri-uyardi#primaryimage"},"thumbnailUrl":"https:\/\/epochtimestr.com\/wp-content\/uploads\/2011y\/Pof.-Dr.-Ercan-2.png","datePublished":"2023-03-13T12:19:33+00:00","dateModified":"2023-03-13T12:19:38+00:00","inLanguage":"tr","potentialAction":[{"@type":"ReadAction","target":["https:\/\/epochtimestr.com\/index.php\/prof-dr-ercan-manisa-depremi-icin-yetkilileri-uyardi"]}]},{"@type":"ImageObject","inLanguage":"tr","@id":"https:\/\/epochtimestr.com\/index.php\/prof-dr-ercan-manisa-depremi-icin-yetkilileri-uyardi#primaryimage","url":"https:\/\/epochtimestr.com\/wp-content\/uploads\/2011y\/Pof.-Dr.-Ercan-2.png","contentUrl":"https:\/\/epochtimestr.com\/wp-content\/uploads\/2011y\/Pof.-Dr.-Ercan-2.png","width":1920,"height":1080},{"@type":"WebSite","@id":"https:\/\/epochtimestr.com\/#website","url":"https:\/\/epochtimestr.com\/","name":"The Epoch Times TR","description":"De\u011fi\u015fen D\u00fcnyam\u0131za Taze Bir Bak\u0131\u015f","publisher":{"@id":"https:\/\/epochtimestr.com\/#organization"},"potentialAction":[{"@type":"SearchAction","target":{"@type":"EntryPoint","urlTemplate":"https:\/\/epochtimestr.com\/?s={search_term_string}"},"query-input":"required name=search_term_string"}],"inLanguage":"tr"},{"@type":"Organization","@id":"https:\/\/epochtimestr.com\/#organization","name":"The EpochTimes T\u00fcrkiye","url":"https:\/\/epochtimestr.com\/","logo":{"@type":"ImageObject","inLanguage":"tr","@id":"https:\/\/epochtimestr.com\/#\/schema\/logo\/image\/","url":"https:\/\/epochtimestr.com\/wp-content\/uploads\/2011y\/ET-Logo-YG.jpg","contentUrl":"https:\/\/epochtimestr.com\/wp-content\/uploads\/2011y\/ET-Logo-YG.jpg","width":346,"height":29,"caption":"The EpochTimes T\u00fcrkiye"},"image":{"@id":"https:\/\/epochtimestr.com\/#\/schema\/logo\/image\/"},"sameAs":["https:\/\/www.facebook.com\/theepochtimestr","https:\/\/x.com\/TheEpochTimesTR","https:\/\/www.instagram.com\/epochtimestr"]},{"@type":"Person","@id":"https:\/\/epochtimestr.com\/#\/schema\/person\/3dc5c3adeb9f43923c5aa85889172fdd","name":"Haber Merkezi","image":{"@type":"ImageObject","inLanguage":"tr","@id":"https:\/\/epochtimestr.com\/#\/schema\/person\/image\/","url":"https:\/\/secure.gravatar.com\/avatar\/d73f772ba5a74f28601361e17c2f93e6?s=96&d=mm&r=g","contentUrl":"https:\/\/secure.gravatar.com\/avatar\/d73f772ba5a74f28601361e17c2f93e6?s=96&d=mm&r=g","caption":"Haber Merkezi"},"url":"https:\/\/epochtimestr.com\/index.php\/author\/sendag"}]}},"_links":{"self":[{"href":"https:\/\/epochtimestr.com\/index.php\/wp-json\/wp\/v2\/posts\/142871"}],"collection":[{"href":"https:\/\/epochtimestr.com\/index.php\/wp-json\/wp\/v2\/posts"}],"about":[{"href":"https:\/\/epochtimestr.com\/index.php\/wp-json\/wp\/v2\/types\/post"}],"author":[{"embeddable":true,"href":"https:\/\/epochtimestr.com\/index.php\/wp-json\/wp\/v2\/users\/12791"}],"replies":[{"embeddable":true,"href":"https:\/\/epochtimestr.com\/index.php\/wp-json\/wp\/v2\/comments?post=142871"}],"version-history":[{"count":1,"href":"https:\/\/epochtimestr.com\/index.php\/wp-json\/wp\/v2\/posts\/142871\/revisions"}],"predecessor-version":[{"id":142875,"href":"https:\/\/epochtimestr.com\/index.php\/wp-json\/wp\/v2\/posts\/142871\/revisions\/142875"}],"wp:featuredmedia":[{"embeddable":true,"href":"https:\/\/epochtimestr.com\/index.php\/wp-json\/wp\/v2\/media\/142874"}],"wp:attachment":[{"href":"https:\/\/epochtimestr.com\/index.php\/wp-json\/wp\/v2\/media?parent=142871"}],"wp:term":[{"taxonomy":"category","embeddable":true,"href":"https:\/\/epochtimestr.com\/index.php\/wp-json\/wp\/v2\/categories?post=142871"},{"taxonomy":"post_tag","embeddable":true,"href":"https:\/\/epochtimestr.com\/index.php\/wp-json\/wp\/v2\/tags?post=142871"}],"curies":[{"name":"wp","href":"https:\/\/api.w.org\/{rel}","templated":true}]}}