{"id":142923,"date":"2023-03-18T18:25:26","date_gmt":"2023-03-18T15:25:26","guid":{"rendered":"https:\/\/epochtimestr.com\/?p=142923"},"modified":"2023-03-18T18:25:29","modified_gmt":"2023-03-18T15:25:29","slug":"canakkale-zaferinin-108-yildonumu","status":"publish","type":"post","link":"https:\/\/epochtimestr.com\/index.php\/canakkale-zaferinin-108-yildonumu","title":{"rendered":"\u00c7anakkale Zaferi&#8217;nin 108. Y\u0131ld\u00f6n\u00fcm\u00fc"},"content":{"rendered":"\n<div class=\"wp-block-image\"><figure class=\"aligncenter size-full\"><img loading=\"lazy\" decoding=\"async\" width=\"441\" height=\"253\" src=\"https:\/\/epochtimestr.com\/wp-content\/uploads\/2011y\/Canakkale-18MArt-Wikipedi.jpg\" alt=\"\" class=\"wp-image-142936\" srcset=\"https:\/\/epochtimestr.com\/wp-content\/uploads\/2011y\/Canakkale-18MArt-Wikipedi.jpg 441w, https:\/\/epochtimestr.com\/wp-content\/uploads\/2011y\/Canakkale-18MArt-Wikipedi-300x172.jpg 300w, https:\/\/epochtimestr.com\/wp-content\/uploads\/2011y\/Canakkale-18MArt-Wikipedi-150x86.jpg 150w\" sizes=\"(max-width: 441px) 100vw, 441px\" \/><figcaption>Foto\u011fraf: 1. D\u00fcnya Sava\u015f\u0131 Osmanl\u0131 Cephesi  (Vikipedia)<\/figcaption><\/figure><\/div>\n\n\n\n<h2 class=\"wp-block-heading\">T\u00fcrk ve d\u00fcnya tarihine damga vurmu\u015f en \u00f6nemli olaylar aras\u0131nda yer alan 18 Mart \u00c7anakkale Deniz Zaferi&#8217;nin \u00fczerinden  108 y\u0131l ge\u00e7ti.<\/h2>\n\n\n\n<p>Birinci D\u00fcnya Sava\u015f\u0131&#8217;nda ittifak devletleri saf\u0131nda Almanya&#8217;n\u0131n yan\u0131nda sava\u015fa giren Osmanl\u0131 devleti, \u00c7anakkale Cephesi&#8217;nde millet olarak varolu\u015f m\u00fccadelesi verdi. 18 Mart 1915&#8217;te kazan\u0131lan deniz zaferi, \u00c7anakkale&#8217;nin ge\u00e7ilemeyece\u011fini kan\u0131tlayan d\u00fcnya tarihine ismini yazd\u0131ran b\u00fcy\u00fck bir zafer oldu.<\/p>\n\n\n\n<p>\u00c7anakkale Sava\u015f\u0131; d\u00fcnyan\u0131n en b\u00fcy\u00fck ordular\u0131n\u0131n kara, hava, deniz ve denizalt\u0131 unsurlar\u0131yla sald\u0131r\u0131lar\u0131 kar\u015f\u0131s\u0131nda; \u00e7ok s\u0131k\u0131nt\u0131l\u0131 bir d\u00f6nem ge\u00e7irmekte olan Osmanl\u0131 Devleti\u2019nin ger\u00e7ekle\u015ftirmi\u015f oldu\u011fu b\u00fcy\u00fck direni\u015fi simgeler.<\/p>\n\n\n\n<p>\u00c7anakkale Sava\u015f\u0131 sadece T\u00fcrk tarihinin de\u011fil, d\u00fcnya tarihinin de en \u00f6nemli olaylar\u0131ndan biridir.<\/p>\n\n\n\n<h2 class=\"wp-block-heading\">\u00c7anakkale Zaferi Tarih\u00e7esi<\/h2>\n\n\n\n<p>\u00c7anakkale Muharebeleri, 1. D\u00fcnya Sava\u015f\u0131 s\u0131ras\u0131nda 1915 ve 1916 y\u0131llar\u0131nda Osmanl\u0131 ve \u0130tilaf Devletleri aras\u0131nda Gelibolu&#8217;da yap\u0131lan deniz ve kara muharebeleridir. \u0130tilaf Devletleri, ilk olarak Osmanl\u0131 \u0130mparatorlu\u011fu&#8217;nun ba\u015fkenti \u0130stanbul&#8217;u almay\u0131 planl\u0131yorlard\u0131. B\u00f6ylelikle \u0130stanbul ve \u00c7anakkale bo\u011fazlar\u0131n\u0131n kontrol\u00fc ele al\u0131nacak, bu sayede\u00a0Rusya\u00a0ile g\u00fcvenli bir erzak tedarik ve askeri ikmal yolu a\u00e7acak, ba\u015fkent \u0130stanbul&#8217;u zapt etmek suretiyle\u00a0Almanya&#8217;n\u0131n m\u00fcttefiklerinden birini\u00a0sava\u015f\u00a0d\u0131\u015f\u0131 b\u0131rakarak\u00a0\u0130ttifak Devletleri&#8217;ni zay\u0131flatacakt\u0131. Esasen Birle\u015fik Krall\u0131k&#8217;\u0131n hesab\u0131 Rus petrol ve bu\u011fday\u0131 idi. Karadeniz limanlar\u0131nda toplam 350 bin ton ta\u015f\u0131ma kapasiteli ticaret gemileri hareketsiz kalm\u0131\u015ft\u0131r. Bo\u011fazlar a\u00e7\u0131ld\u0131\u011f\u0131 takdirde bu gemiler Rus bu\u011fday\u0131n\u0131 ve petrol\u00fcn\u00fc Avrupa&#8217;ya rahatl\u0131kla ta\u015f\u0131yacakt\u0131. Bu nedenle ilk hedef \u00c7anakkale Bo\u011faz\u0131 se\u00e7ildi. <\/p>\n\n\n\n<p>Osmanl\u0131, Almanya ile bir ittifak antla\u015fmas\u0131 imzalam\u0131\u015ft\u0131r. Bu antla\u015fma Almanya&#8217;n\u0131n Rusya&#8217;ya sava\u015f ilan etti\u011fi 1 A\u011fustos 1914&#8217;\u00fcn hemen ertesi g\u00fcn\u00fc imzalanm\u0131\u015ft\u0131r. Bunun anlam\u0131, Osmanl\u0131&#8217;n\u0131n kesin olarak Almanya&#8217;n\u0131n ana g\u00fcc\u00fcn\u00fc olu\u015fturdu\u011fu\u00a0\u0130ttifak Devletleri\u00a0saf\u0131nda fiilen sava\u015fa girece\u011fi\u00a0oldu. Enver Pa\u015fa, seferberli\u011fin ve \u00c7anakkale Bo\u011faz\u0131 savunmas\u0131n\u0131n hen\u00fcz tamamlanmam\u0131\u015f oldu\u011funu savunarak fiilen sava\u015fa girmeyi ertelemeye \u00e7al\u0131\u015fm\u0131\u015fsa da Almanya sava\u015fa girmesi konusunda ciddi bask\u0131lar yapm\u0131\u015ft\u0131r. Bu bask\u0131lar, \u00a0Akdeniz&#8217;de Britanya donanmas\u0131 \u00f6n\u00fcnden \u00e7ekilen\u00a0Almanya&#8217;ya ait Goeben\u00a0ve\u00a0Breslau\u00a0sava\u015f gemilerinin \u0130stanbul&#8217;a gelmesiyle bir oldubittiye getirilmi\u015fti.\u00a0\u00a0Sonras\u0131nda Osmanl\u0131 Donanmas\u0131&#8217;na ba\u011fl\u0131 bir grup gemiyle Karadeniz&#8217;e a\u00e7\u0131lan bu gemiler 27 Ekim 1914 tarihinde\u00a0Rus\u00a0limanlar\u0131n\u0131 bombalay\u0131nca Rusya,\u00a0Osmanl\u0131 \u0130mparatorlu\u011fu&#8217;na sava\u015f ilan etmi\u015ftir.<\/p>\n\n\n\n<p>Birle\u015fik Krall\u0131k\u00a0Sava\u015f Konseyi, 1914 y\u0131l\u0131 Eyl\u00fcl ay\u0131nda \u00c7anakkale Bo\u011faz\u0131&#8217;n\u0131n donanmayla ge\u00e7ilerek \u0130stanbul&#8217;un i\u015fgalini \u00f6ng\u00f6ren bir plan yapt\u0131 ve plan\u0131 \u00e7e\u015fitli evrelerden ge\u00e7irerek uygulamaya koydu. B\u00f6ylelikle, \u00a0Birle\u015fik Krall\u0131k\u00a0ve\u00a0Fransa\u00a0gemilerinden olu\u015fan bir donanman\u0131n Bo\u011faz&#8217;a\u00a0geni\u015f \u00e7apl\u0131 sald\u0131r\u0131lar\u0131\u00a01915 \u015eubat ay\u0131nda ba\u015flat\u0131ld\u0131.  En g\u00fc\u00e7l\u00fc sald\u0131r\u0131 ise\u00a018 Mart 1915\u00a0g\u00fcn\u00fc uygulamaya konuldu. Ancak\u00a0Birle\u015fik Donanma\u00a0a\u011f\u0131r kay\u0131plara u\u011frad\u0131 ve deniz harek\u00e2t\u0131ndan vazge\u00e7mek zorunda kal\u0131nd\u0131.<\/p>\n\n\n\n<p>\u00a0\u0130tilaf Devletleri\u2019nin deniz harek\u00e2t\u0131, 19 \u015eubat 1915&#8217;te ba\u015flad\u0131.\u00a013 Mart 1915&#8217;e kadar d\u00fc\u015fman gemileri tabyalar\u0131 top ate\u015fine tuttu, may\u0131n tarama gemileri olabildi\u011fince yol a\u00e7t\u0131. Bo\u011fazlar\u0131 zorlayarak ge\u00e7ebileceklerine inanan d\u00fc\u015fman kuvvetlerinin, kararl\u0131 ve diren\u00e7li bir kar\u015f\u0131l\u0131k almalar\u0131 bu i\u015fin o kadar da kolay olmad\u0131\u011f\u0131n\u0131 g\u00f6steriyordu. Bir ay boyunca yap\u0131lan binlerce mermi at\u0131\u015f\u0131n\u0131n ard\u0131ndan \u00e7ok da b\u00fcy\u00fck bir geli\u015fme elde edilememi\u015fti.<\/p>\n\n\n\n<p>\u0130tilaf devletleri, k\u0131sa bir aran\u0131n ard\u0131ndan bir sonraki sald\u0131r\u0131y\u0131 18 Mart&#8217;ta ger\u00e7ekle\u015ftirmi\u015flerdir. Hedef, \u00c7anakkale Bo\u011faz\u0131&#8217;n\u0131n sadece 1 mil geni\u015fli\u011findeki en dar noktas\u0131d\u0131r. Amiral\u00a0John de Robeck\u00a0komutas\u0131ndaki a\u015fa\u011f\u0131 yukar\u0131 en az 16 sava\u015f gemilik dev donanma \u00c7anakkale&#8217;yi ge\u00e7meye kalkm\u0131\u015ft\u0131r. Ancak her gemi\u00a0Nusret May\u0131n Gemisi\u00a0adl\u0131 Osmanl\u0131 may\u0131n gemisinin bo\u011faz\u0131n Asya taraf\u0131na yerle\u015ftirdi\u011fi deniz may\u0131nlar\u0131 taraf\u0131ndan hasar alm\u0131\u015ft\u0131r. Baz\u0131 bal\u0131k\u00e7\u0131lar, \u0130ngilizler taraf\u0131ndan may\u0131n toplama i\u015fiyle g\u00f6revlendirilmi\u015ftir; ama Osmanl\u0131 ordusunun a\u00e7t\u0131\u011f\u0131 top at\u0131\u015flar\u0131yla korkarak ka\u00e7m\u0131\u015flar, may\u0131nlara dokunulmam\u0131\u015ft\u0131r. Yerinde kalm\u0131\u015f bu may\u0131nlar \u0130ngiliz\u00a0HMS\u00a0<em>Ocean<\/em>,\u00a0HMS\u00a0Irresistible\u00a0ve Frans\u0131z\u00a0Bouvet\u00a0adl\u0131 \u00fc\u00e7 z\u0131rhl\u0131y\u0131 bat\u0131rm\u0131\u015ft\u0131r.<\/p>\n\n\n\n<p>Nusret&#8217;in d\u00f6kt\u00fc\u011f\u00fc may\u0131nlar 18 Mart&#8217;ta onlarca gemiyi bat\u0131rm\u0131\u015ft\u0131r. Korkun\u00e7 patlama seslerinden sonra saat 16:15&#8217;te tabyalarda uzakla\u015fmak isterken bir may\u0131na \u00e7arpt\u0131. Saat 18:05&#8217;i g\u00f6sterdi\u011finde Ocean gemisi de geri \u00e7ekilirken may\u0131na \u00e7arpm\u0131\u015ft\u0131.<\/p>\n\n\n\n<p>18 Mart&#8217;ta ya\u015fananlar \u015fa\u015fk\u0131nl\u0131k yaratt\u0131. <\/p>\n\n\n\n<p>\u00a0T\u00fcrkiye Cumhuriyeti kurulduktan sonra Britanya ve Fransa donanmalar\u0131n\u0131n geri p\u00fcsk\u00fcrt\u00fcld\u00fc\u011f\u00fc 18 Mart tarihi, &#8220;\u00c7anakkale \u015eehitlerini Anma G\u00fcn\u00fc&#8221; olarak ilan edilmi\u015ftir. D\u00fcnyada ise bu sava\u015f, askeri beceriksizlik ve felaket sembol\u00fc olarak say\u0131lm\u0131\u015ft\u0131r.\u00a0Mustafa Kemal Atat\u00fcrk&#8217;\u00fcn 1934 Anzak t\u00f6renleri sebebiyle g\u00f6nderdi\u011fi mesaj \u00fclkeler aras\u0131 dostlu\u011fu peki\u015ftirmi\u015ftir:<\/p>\n\n\n\n<p>&#8220;Bu Memleketin topraklar\u0131 \u00fcst\u00fcnde kanlar\u0131n\u0131 d\u00f6ken kahramanlar! Burada dost bir vatan\u0131n topra\u011f\u0131ndas\u0131n\u0131z. Huzur ve s\u00fckun i\u00e7inde uyuyunuz. Sizler Mehmet\u00e7iklerle yan yana koyun koyunas\u0131n\u0131z. Uzak diyarlardan evlatlar\u0131n\u0131 harbe g\u00f6nderen analar! G\u00f6zya\u015flar\u0131n\u0131z\u0131 dindiriniz. Evlatlar\u0131n\u0131z bizim ba\u011fr\u0131m\u0131zdad\u0131r, huzur i\u00e7indedirler ve huzur i\u00e7inde rahat rahat uyuyacaklard\u0131r. Onlar bu toprakta canlar\u0131n\u0131 verdikten sonra art\u0131k bizim evlatlar\u0131m\u0131z olmu\u015flard\u0131r.&#8221; <\/p>\n\n\n\n<p><\/p>\n","protected":false},"excerpt":{"rendered":"<p>T\u00fcrk ve d\u00fcnya tarihine damga vurmu\u015f en \u00f6nemli olaylar aras\u0131nda yer alan 18 Mart \u00c7anakkale Deniz Zaferi&#8217;nin \u00fczerinden 108 y\u0131l ge\u00e7ti. Birinci D\u00fcnya Sava\u015f\u0131&#8217;nda ittifak devletleri saf\u0131nda Almanya&#8217;n\u0131n yan\u0131nda sava\u015fa giren Osmanl\u0131 devleti, \u00c7anakkale Cephesi&#8217;nde millet olarak varolu\u015f m\u00fccadelesi verdi. 18 Mart 1915&#8217;te kazan\u0131lan deniz zaferi, \u00c7anakkale&#8217;nin ge\u00e7ilemeyece\u011fini kan\u0131tlayan d\u00fcnya tarihine ismini yazd\u0131ran b\u00fcy\u00fck bir [&hellip;]<\/p>\n","protected":false},"author":12791,"featured_media":142936,"comment_status":"closed","ping_status":"open","sticky":false,"template":"","format":"standard","meta":{"_yoast_wpseo_focuskw":"","_yoast_wpseo_title":"","_yoast_wpseo_metadesc":"","_bbp_topic_count":0,"_bbp_reply_count":0,"_bbp_total_topic_count":0,"_bbp_total_reply_count":0,"_bbp_voice_count":0,"_bbp_anonymous_reply_count":0,"_bbp_topic_count_hidden":0,"_bbp_reply_count_hidden":0,"_bbp_forum_subforum_count":0,"footnotes":"","_yoast_wpseo_focuskw_text_input":""},"categories":[1,8138,37],"tags":[],"yoast_head":"<!-- This site is optimized with the Yoast SEO plugin v23.0 - https:\/\/yoast.com\/wordpress\/plugins\/seo\/ -->\n<title>\u00c7anakkale Zaferi&#039;nin 108. Y\u0131ld\u00f6n\u00fcm\u00fc - The Epoch Times TR<\/title>\n<meta name=\"robots\" content=\"index, follow, max-snippet:-1, max-image-preview:large, max-video-preview:-1\" \/>\n<link rel=\"canonical\" href=\"https:\/\/epochtimestr.com\/index.php\/canakkale-zaferinin-108-yildonumu\" \/>\n<meta property=\"og:locale\" content=\"tr_TR\" \/>\n<meta property=\"og:type\" content=\"article\" \/>\n<meta property=\"og:title\" content=\"\u00c7anakkale Zaferi&#039;nin 108. Y\u0131ld\u00f6n\u00fcm\u00fc - The Epoch Times TR\" \/>\n<meta property=\"og:description\" content=\"T\u00fcrk ve d\u00fcnya tarihine damga vurmu\u015f en \u00f6nemli olaylar aras\u0131nda yer alan 18 Mart \u00c7anakkale Deniz Zaferi&#8217;nin \u00fczerinden 108 y\u0131l ge\u00e7ti. Birinci D\u00fcnya Sava\u015f\u0131&#8217;nda ittifak devletleri saf\u0131nda Almanya&#8217;n\u0131n yan\u0131nda sava\u015fa giren Osmanl\u0131 devleti, \u00c7anakkale Cephesi&#8217;nde millet olarak varolu\u015f m\u00fccadelesi verdi. 18 Mart 1915&#8217;te kazan\u0131lan deniz zaferi, \u00c7anakkale&#8217;nin ge\u00e7ilemeyece\u011fini kan\u0131tlayan d\u00fcnya tarihine ismini yazd\u0131ran b\u00fcy\u00fck bir [&hellip;]\" \/>\n<meta property=\"og:url\" content=\"https:\/\/epochtimestr.com\/index.php\/canakkale-zaferinin-108-yildonumu\" \/>\n<meta property=\"og:site_name\" content=\"The Epoch Times TR\" \/>\n<meta property=\"article:publisher\" content=\"https:\/\/www.facebook.com\/theepochtimestr\" \/>\n<meta property=\"article:published_time\" content=\"2023-03-18T15:25:26+00:00\" \/>\n<meta property=\"article:modified_time\" content=\"2023-03-18T15:25:29+00:00\" \/>\n<meta property=\"og:image\" content=\"https:\/\/epochtimestr.com\/wp-content\/uploads\/2011y\/Canakkale-18MArt-Wikipedi.jpg\" \/>\n\t<meta property=\"og:image:width\" content=\"441\" \/>\n\t<meta property=\"og:image:height\" content=\"253\" \/>\n\t<meta property=\"og:image:type\" content=\"image\/jpeg\" \/>\n<meta name=\"author\" content=\"Haber Merkezi\" \/>\n<meta name=\"twitter:card\" content=\"summary_large_image\" \/>\n<meta name=\"twitter:creator\" content=\"@TheEpochTimesTR\" \/>\n<meta name=\"twitter:site\" content=\"@TheEpochTimesTR\" \/>\n<meta name=\"twitter:label1\" content=\"Yazan:\" \/>\n\t<meta name=\"twitter:data1\" content=\"Haber Merkezi\" \/>\n\t<meta name=\"twitter:label2\" content=\"Tahmini okuma s\u00fcresi\" \/>\n\t<meta name=\"twitter:data2\" content=\"4 dakika\" \/>\n<script type=\"application\/ld+json\" class=\"yoast-schema-graph\">{\"@context\":\"https:\/\/schema.org\",\"@graph\":[{\"@type\":\"Article\",\"@id\":\"https:\/\/epochtimestr.com\/index.php\/canakkale-zaferinin-108-yildonumu#article\",\"isPartOf\":{\"@id\":\"https:\/\/epochtimestr.com\/index.php\/canakkale-zaferinin-108-yildonumu\"},\"author\":{\"name\":\"Haber Merkezi\",\"@id\":\"https:\/\/epochtimestr.com\/#\/schema\/person\/3dc5c3adeb9f43923c5aa85889172fdd\"},\"headline\":\"\u00c7anakkale Zaferi&#8217;nin 108. Y\u0131ld\u00f6n\u00fcm\u00fc\",\"datePublished\":\"2023-03-18T15:25:26+00:00\",\"dateModified\":\"2023-03-18T15:25:29+00:00\",\"mainEntityOfPage\":{\"@id\":\"https:\/\/epochtimestr.com\/index.php\/canakkale-zaferinin-108-yildonumu\"},\"wordCount\":960,\"publisher\":{\"@id\":\"https:\/\/epochtimestr.com\/#organization\"},\"image\":{\"@id\":\"https:\/\/epochtimestr.com\/index.php\/canakkale-zaferinin-108-yildonumu#primaryimage\"},\"thumbnailUrl\":\"https:\/\/epochtimestr.com\/wp-content\/uploads\/2011y\/Canakkale-18MArt-Wikipedi.jpg\",\"articleSection\":[\"G\u00dcNDEM\",\"MAN\u015eET\",\"T\u00dcRK\u0130YE\"],\"inLanguage\":\"tr\"},{\"@type\":\"WebPage\",\"@id\":\"https:\/\/epochtimestr.com\/index.php\/canakkale-zaferinin-108-yildonumu\",\"url\":\"https:\/\/epochtimestr.com\/index.php\/canakkale-zaferinin-108-yildonumu\",\"name\":\"\u00c7anakkale Zaferi'nin 108. Y\u0131ld\u00f6n\u00fcm\u00fc - The Epoch Times TR\",\"isPartOf\":{\"@id\":\"https:\/\/epochtimestr.com\/#website\"},\"primaryImageOfPage\":{\"@id\":\"https:\/\/epochtimestr.com\/index.php\/canakkale-zaferinin-108-yildonumu#primaryimage\"},\"image\":{\"@id\":\"https:\/\/epochtimestr.com\/index.php\/canakkale-zaferinin-108-yildonumu#primaryimage\"},\"thumbnailUrl\":\"https:\/\/epochtimestr.com\/wp-content\/uploads\/2011y\/Canakkale-18MArt-Wikipedi.jpg\",\"datePublished\":\"2023-03-18T15:25:26+00:00\",\"dateModified\":\"2023-03-18T15:25:29+00:00\",\"inLanguage\":\"tr\",\"potentialAction\":[{\"@type\":\"ReadAction\",\"target\":[\"https:\/\/epochtimestr.com\/index.php\/canakkale-zaferinin-108-yildonumu\"]}]},{\"@type\":\"ImageObject\",\"inLanguage\":\"tr\",\"@id\":\"https:\/\/epochtimestr.com\/index.php\/canakkale-zaferinin-108-yildonumu#primaryimage\",\"url\":\"https:\/\/epochtimestr.com\/wp-content\/uploads\/2011y\/Canakkale-18MArt-Wikipedi.jpg\",\"contentUrl\":\"https:\/\/epochtimestr.com\/wp-content\/uploads\/2011y\/Canakkale-18MArt-Wikipedi.jpg\",\"width\":441,\"height\":253},{\"@type\":\"WebSite\",\"@id\":\"https:\/\/epochtimestr.com\/#website\",\"url\":\"https:\/\/epochtimestr.com\/\",\"name\":\"The Epoch Times TR\",\"description\":\"De\u011fi\u015fen D\u00fcnyam\u0131za Taze Bir Bak\u0131\u015f\",\"publisher\":{\"@id\":\"https:\/\/epochtimestr.com\/#organization\"},\"potentialAction\":[{\"@type\":\"SearchAction\",\"target\":{\"@type\":\"EntryPoint\",\"urlTemplate\":\"https:\/\/epochtimestr.com\/?s={search_term_string}\"},\"query-input\":\"required name=search_term_string\"}],\"inLanguage\":\"tr\"},{\"@type\":\"Organization\",\"@id\":\"https:\/\/epochtimestr.com\/#organization\",\"name\":\"The EpochTimes T\u00fcrkiye\",\"url\":\"https:\/\/epochtimestr.com\/\",\"logo\":{\"@type\":\"ImageObject\",\"inLanguage\":\"tr\",\"@id\":\"https:\/\/epochtimestr.com\/#\/schema\/logo\/image\/\",\"url\":\"https:\/\/epochtimestr.com\/wp-content\/uploads\/2011y\/ET-Logo-YG.jpg\",\"contentUrl\":\"https:\/\/epochtimestr.com\/wp-content\/uploads\/2011y\/ET-Logo-YG.jpg\",\"width\":346,\"height\":29,\"caption\":\"The EpochTimes T\u00fcrkiye\"},\"image\":{\"@id\":\"https:\/\/epochtimestr.com\/#\/schema\/logo\/image\/\"},\"sameAs\":[\"https:\/\/www.facebook.com\/theepochtimestr\",\"https:\/\/x.com\/TheEpochTimesTR\",\"https:\/\/www.instagram.com\/epochtimestr\"]},{\"@type\":\"Person\",\"@id\":\"https:\/\/epochtimestr.com\/#\/schema\/person\/3dc5c3adeb9f43923c5aa85889172fdd\",\"name\":\"Haber Merkezi\",\"image\":{\"@type\":\"ImageObject\",\"inLanguage\":\"tr\",\"@id\":\"https:\/\/epochtimestr.com\/#\/schema\/person\/image\/\",\"url\":\"https:\/\/secure.gravatar.com\/avatar\/d73f772ba5a74f28601361e17c2f93e6?s=96&d=mm&r=g\",\"contentUrl\":\"https:\/\/secure.gravatar.com\/avatar\/d73f772ba5a74f28601361e17c2f93e6?s=96&d=mm&r=g\",\"caption\":\"Haber Merkezi\"},\"url\":\"https:\/\/epochtimestr.com\/index.php\/author\/sendag\"}]}<\/script>\n<!-- \/ Yoast SEO plugin. -->","yoast_head_json":{"title":"\u00c7anakkale Zaferi'nin 108. Y\u0131ld\u00f6n\u00fcm\u00fc - The Epoch Times TR","robots":{"index":"index","follow":"follow","max-snippet":"max-snippet:-1","max-image-preview":"max-image-preview:large","max-video-preview":"max-video-preview:-1"},"canonical":"https:\/\/epochtimestr.com\/index.php\/canakkale-zaferinin-108-yildonumu","og_locale":"tr_TR","og_type":"article","og_title":"\u00c7anakkale Zaferi'nin 108. Y\u0131ld\u00f6n\u00fcm\u00fc - The Epoch Times TR","og_description":"T\u00fcrk ve d\u00fcnya tarihine damga vurmu\u015f en \u00f6nemli olaylar aras\u0131nda yer alan 18 Mart \u00c7anakkale Deniz Zaferi&#8217;nin \u00fczerinden 108 y\u0131l ge\u00e7ti. Birinci D\u00fcnya Sava\u015f\u0131&#8217;nda ittifak devletleri saf\u0131nda Almanya&#8217;n\u0131n yan\u0131nda sava\u015fa giren Osmanl\u0131 devleti, \u00c7anakkale Cephesi&#8217;nde millet olarak varolu\u015f m\u00fccadelesi verdi. 18 Mart 1915&#8217;te kazan\u0131lan deniz zaferi, \u00c7anakkale&#8217;nin ge\u00e7ilemeyece\u011fini kan\u0131tlayan d\u00fcnya tarihine ismini yazd\u0131ran b\u00fcy\u00fck bir [&hellip;]","og_url":"https:\/\/epochtimestr.com\/index.php\/canakkale-zaferinin-108-yildonumu","og_site_name":"The Epoch Times TR","article_publisher":"https:\/\/www.facebook.com\/theepochtimestr","article_published_time":"2023-03-18T15:25:26+00:00","article_modified_time":"2023-03-18T15:25:29+00:00","og_image":[{"width":441,"height":253,"url":"https:\/\/epochtimestr.com\/wp-content\/uploads\/2011y\/Canakkale-18MArt-Wikipedi.jpg","type":"image\/jpeg"}],"author":"Haber Merkezi","twitter_card":"summary_large_image","twitter_creator":"@TheEpochTimesTR","twitter_site":"@TheEpochTimesTR","twitter_misc":{"Yazan:":"Haber Merkezi","Tahmini okuma s\u00fcresi":"4 dakika"},"schema":{"@context":"https:\/\/schema.org","@graph":[{"@type":"Article","@id":"https:\/\/epochtimestr.com\/index.php\/canakkale-zaferinin-108-yildonumu#article","isPartOf":{"@id":"https:\/\/epochtimestr.com\/index.php\/canakkale-zaferinin-108-yildonumu"},"author":{"name":"Haber Merkezi","@id":"https:\/\/epochtimestr.com\/#\/schema\/person\/3dc5c3adeb9f43923c5aa85889172fdd"},"headline":"\u00c7anakkale Zaferi&#8217;nin 108. Y\u0131ld\u00f6n\u00fcm\u00fc","datePublished":"2023-03-18T15:25:26+00:00","dateModified":"2023-03-18T15:25:29+00:00","mainEntityOfPage":{"@id":"https:\/\/epochtimestr.com\/index.php\/canakkale-zaferinin-108-yildonumu"},"wordCount":960,"publisher":{"@id":"https:\/\/epochtimestr.com\/#organization"},"image":{"@id":"https:\/\/epochtimestr.com\/index.php\/canakkale-zaferinin-108-yildonumu#primaryimage"},"thumbnailUrl":"https:\/\/epochtimestr.com\/wp-content\/uploads\/2011y\/Canakkale-18MArt-Wikipedi.jpg","articleSection":["G\u00dcNDEM","MAN\u015eET","T\u00dcRK\u0130YE"],"inLanguage":"tr"},{"@type":"WebPage","@id":"https:\/\/epochtimestr.com\/index.php\/canakkale-zaferinin-108-yildonumu","url":"https:\/\/epochtimestr.com\/index.php\/canakkale-zaferinin-108-yildonumu","name":"\u00c7anakkale Zaferi'nin 108. Y\u0131ld\u00f6n\u00fcm\u00fc - The Epoch Times TR","isPartOf":{"@id":"https:\/\/epochtimestr.com\/#website"},"primaryImageOfPage":{"@id":"https:\/\/epochtimestr.com\/index.php\/canakkale-zaferinin-108-yildonumu#primaryimage"},"image":{"@id":"https:\/\/epochtimestr.com\/index.php\/canakkale-zaferinin-108-yildonumu#primaryimage"},"thumbnailUrl":"https:\/\/epochtimestr.com\/wp-content\/uploads\/2011y\/Canakkale-18MArt-Wikipedi.jpg","datePublished":"2023-03-18T15:25:26+00:00","dateModified":"2023-03-18T15:25:29+00:00","inLanguage":"tr","potentialAction":[{"@type":"ReadAction","target":["https:\/\/epochtimestr.com\/index.php\/canakkale-zaferinin-108-yildonumu"]}]},{"@type":"ImageObject","inLanguage":"tr","@id":"https:\/\/epochtimestr.com\/index.php\/canakkale-zaferinin-108-yildonumu#primaryimage","url":"https:\/\/epochtimestr.com\/wp-content\/uploads\/2011y\/Canakkale-18MArt-Wikipedi.jpg","contentUrl":"https:\/\/epochtimestr.com\/wp-content\/uploads\/2011y\/Canakkale-18MArt-Wikipedi.jpg","width":441,"height":253},{"@type":"WebSite","@id":"https:\/\/epochtimestr.com\/#website","url":"https:\/\/epochtimestr.com\/","name":"The Epoch Times TR","description":"De\u011fi\u015fen D\u00fcnyam\u0131za Taze Bir Bak\u0131\u015f","publisher":{"@id":"https:\/\/epochtimestr.com\/#organization"},"potentialAction":[{"@type":"SearchAction","target":{"@type":"EntryPoint","urlTemplate":"https:\/\/epochtimestr.com\/?s={search_term_string}"},"query-input":"required name=search_term_string"}],"inLanguage":"tr"},{"@type":"Organization","@id":"https:\/\/epochtimestr.com\/#organization","name":"The EpochTimes T\u00fcrkiye","url":"https:\/\/epochtimestr.com\/","logo":{"@type":"ImageObject","inLanguage":"tr","@id":"https:\/\/epochtimestr.com\/#\/schema\/logo\/image\/","url":"https:\/\/epochtimestr.com\/wp-content\/uploads\/2011y\/ET-Logo-YG.jpg","contentUrl":"https:\/\/epochtimestr.com\/wp-content\/uploads\/2011y\/ET-Logo-YG.jpg","width":346,"height":29,"caption":"The EpochTimes T\u00fcrkiye"},"image":{"@id":"https:\/\/epochtimestr.com\/#\/schema\/logo\/image\/"},"sameAs":["https:\/\/www.facebook.com\/theepochtimestr","https:\/\/x.com\/TheEpochTimesTR","https:\/\/www.instagram.com\/epochtimestr"]},{"@type":"Person","@id":"https:\/\/epochtimestr.com\/#\/schema\/person\/3dc5c3adeb9f43923c5aa85889172fdd","name":"Haber Merkezi","image":{"@type":"ImageObject","inLanguage":"tr","@id":"https:\/\/epochtimestr.com\/#\/schema\/person\/image\/","url":"https:\/\/secure.gravatar.com\/avatar\/d73f772ba5a74f28601361e17c2f93e6?s=96&d=mm&r=g","contentUrl":"https:\/\/secure.gravatar.com\/avatar\/d73f772ba5a74f28601361e17c2f93e6?s=96&d=mm&r=g","caption":"Haber Merkezi"},"url":"https:\/\/epochtimestr.com\/index.php\/author\/sendag"}]}},"_links":{"self":[{"href":"https:\/\/epochtimestr.com\/index.php\/wp-json\/wp\/v2\/posts\/142923"}],"collection":[{"href":"https:\/\/epochtimestr.com\/index.php\/wp-json\/wp\/v2\/posts"}],"about":[{"href":"https:\/\/epochtimestr.com\/index.php\/wp-json\/wp\/v2\/types\/post"}],"author":[{"embeddable":true,"href":"https:\/\/epochtimestr.com\/index.php\/wp-json\/wp\/v2\/users\/12791"}],"replies":[{"embeddable":true,"href":"https:\/\/epochtimestr.com\/index.php\/wp-json\/wp\/v2\/comments?post=142923"}],"version-history":[{"count":1,"href":"https:\/\/epochtimestr.com\/index.php\/wp-json\/wp\/v2\/posts\/142923\/revisions"}],"predecessor-version":[{"id":142937,"href":"https:\/\/epochtimestr.com\/index.php\/wp-json\/wp\/v2\/posts\/142923\/revisions\/142937"}],"wp:featuredmedia":[{"embeddable":true,"href":"https:\/\/epochtimestr.com\/index.php\/wp-json\/wp\/v2\/media\/142936"}],"wp:attachment":[{"href":"https:\/\/epochtimestr.com\/index.php\/wp-json\/wp\/v2\/media?parent=142923"}],"wp:term":[{"taxonomy":"category","embeddable":true,"href":"https:\/\/epochtimestr.com\/index.php\/wp-json\/wp\/v2\/categories?post=142923"},{"taxonomy":"post_tag","embeddable":true,"href":"https:\/\/epochtimestr.com\/index.php\/wp-json\/wp\/v2\/tags?post=142923"}],"curies":[{"name":"wp","href":"https:\/\/api.w.org\/{rel}","templated":true}]}}