{"id":143112,"date":"2023-03-26T09:24:15","date_gmt":"2023-03-26T06:24:15","guid":{"rendered":"https:\/\/epochtimestr.com\/?p=143112"},"modified":"2023-03-26T09:44:14","modified_gmt":"2023-03-26T06:44:14","slug":"cumhurbaskani-erdogan-ilim-yayma-cemiyetinin-genel-kurulunda-konustu","status":"publish","type":"post","link":"https:\/\/epochtimestr.com\/index.php\/cumhurbaskani-erdogan-ilim-yayma-cemiyetinin-genel-kurulunda-konustu","title":{"rendered":"Cumhurba\u015fkan\u0131 Erdo\u011fan \u0130lim Yayma Cemiyeti&#8217;nin Genel Kurulunda Konu\u015ftu"},"content":{"rendered":"\n<figure class=\"wp-block-image size-large\"><img loading=\"lazy\" decoding=\"async\" width=\"1674\" height=\"1200\" src=\"https:\/\/epochtimestr.com\/wp-content\/uploads\/2011y\/m-yayma-vakfi-52-olagan-genel-kurulu-1674x1200.webp\" alt=\"\" class=\"wp-image-143113\" srcset=\"https:\/\/epochtimestr.com\/wp-content\/uploads\/2011y\/m-yayma-vakfi-52-olagan-genel-kurulu-1674x1200.webp 1674w, https:\/\/epochtimestr.com\/wp-content\/uploads\/2011y\/m-yayma-vakfi-52-olagan-genel-kurulu-300x215.webp 300w, https:\/\/epochtimestr.com\/wp-content\/uploads\/2011y\/m-yayma-vakfi-52-olagan-genel-kurulu-150x108.webp 150w, https:\/\/epochtimestr.com\/wp-content\/uploads\/2011y\/m-yayma-vakfi-52-olagan-genel-kurulu-768x551.webp 768w, https:\/\/epochtimestr.com\/wp-content\/uploads\/2011y\/m-yayma-vakfi-52-olagan-genel-kurulu-1536x1101.webp 1536w, https:\/\/epochtimestr.com\/wp-content\/uploads\/2011y\/m-yayma-vakfi-52-olagan-genel-kurulu.webp 1724w\" sizes=\"(max-width: 1674px) 100vw, 1674px\" \/><figcaption>(Foto\u011fraf: AKP resmi internet sitesi) <\/figcaption><\/figure>\n\n\n\n<p>Cumhurba\u015fkan\u0131 Recep Tayyip Erdo\u011fan, Taksim&#8217;deki Atat\u00fcrk K\u00fclt\u00fcr Merkezi&#8217;nde (AKM) ger\u00e7ekle\u015fen \u0130lim Yayma Vakf\u0131 52. Ola\u011fan Genel Kurulu&#8217;na kat\u0131ld\u0131. Genel Kurul\u2019da yapt\u0131\u011f\u0131 konu\u015fmas\u0131nda&#8221;&#8221;14 May\u0131s se\u00e7imleri hem i\u00e7erideki safla\u015fmalar\u0131n mahiyeti hem de b\u00f6lgesel ve k\u00fcresel geli\u015fmelerin nezaketi bak\u0131m\u0131ndan tam manas\u0131yla tarihi bir yol ayr\u0131m\u0131na d\u00f6n\u00fc\u015fm\u00fc\u015ft\u00fcr&#8221; dedi. &nbsp;<\/p>\n\n\n\n<p><br \/>Cumhur \u0130ttifak\u0131 ortaklar\u0131yla Kahramanmara\u015f ve Hatay&#8217;\u0131 tekrar ziyaret ettiklerine de\u011finen Recep Tayyip Erdo\u011fan, konu\u015fmas\u0131n\u0131 \u015f\u00f6yle s\u00fcrd\u00fcrd\u00fc: &#8220;Hem deprem konutlar\u0131n\u0131n temelini att\u0131k hem de iftar\u0131m\u0131z\u0131 afetzede karde\u015flerimizle birlikte a\u00e7t\u0131k. Pek \u00e7ok zorlu\u011fa ra\u011fmen Mara\u015fl\u0131 ve Hatayl\u0131 vatanda\u015flar\u0131m\u0131z\u0131n hayata yeniden tutunma azmine bizzat \u015fahit olduk. Temelini att\u0131\u011f\u0131m\u0131z konut projelerinin ye\u015feren umutlar\u0131 daha da g\u00fc\u00e7lendirece\u011fine inan\u0131yorum. Deprem b\u00f6lgesinde ya\u015fayan karde\u015flerimiz \u00f6zellikle bu ramazan\u0131 \u015ferifte bizden daha fazla anlay\u0131\u015f g\u00f6stermemizi bekliyor. Hepimizin depremzedelerimizin yan\u0131nda olmas\u0131, bu zor g\u00fcnlerinde onlar\u0131 yaln\u0131z b\u0131rakmamas\u0131 gerekiyor. \u0130lim Yayma Vakf\u0131m\u0131z\u0131n deprem an\u0131ndan itibaren sergiledi\u011fi dayan\u0131\u015fmay\u0131 ramazan ay\u0131nda art\u0131rarak devam ettirdi\u011fini g\u00f6r\u00fcyorum. Temel ihtiya\u00e7 maddelerinin temininden konteyner kurulumuna, iftar ve sahur sofralar\u0131ndan \u00f6\u011frencilerimize y\u00f6nelik bar\u0131nma ve burs imkanlar\u0131na kadar geni\u015f bir yelpazede yapt\u0131\u011f\u0131n\u0131z \u00e7al\u0131\u015fmalar\u0131 takdirle kar\u015f\u0131l\u0131yorum. Vakf\u0131m\u0131z\u0131n t\u00fcm g\u00f6n\u00fclda\u015flar\u0131na samimi gayretleri, fedakarl\u0131klar\u0131, milletimize \u00f6rnek olan hizmetleri dolay\u0131s\u0131yla tebriklerimi iletiyorum.&#8221;dedi.<\/p>\n\n\n\n<p><br \/>Cumhurba\u015fkan\u0131 Recep Tayyip Erdo\u011fan, s\u00f6zlerine Millet ittifak\u0131na y\u00fcklenerek &#8220;Umudunu bize ba\u011flam\u0131\u015f, y\u00fcz\u00fcn\u00fc bize \u00e7evirmi\u015f hi\u00e7bir karde\u015fimize mahcup olmama sorumlulu\u011fuyla kar\u015f\u0131 kar\u015f\u0131yay\u0131z. Zehirli dilleriyle nefret deresine varan s\u00f6ylemleriyle kuru g\u00fcr\u00fclt\u00fc pat\u0131rt\u0131yla bizi yolumuzdan al\u0131koyabileceklerini d\u00fc\u015f\u00fcnenlere asla boyun e\u011fmeyiz. Tehditlere, zorbal\u0131klara, aba alt\u0131ndan soba g\u00f6steren kifayetsizlere ra\u011fmen \u00fclkemize ve milletimize hizmet m\u00fccadelemizi kararl\u0131l\u0131kla s\u00fcrd\u00fcrmeliyiz.&#8221; dedi.<\/p>\n\n\n\n<p>&#8220;Bu tuzu kurulara milletimiz \u00e7ok yak\u0131nda hak ettikleri dersi verecektir&#8221;<\/p>\n\n\n\n<p>&#8220;Tek parti fa\u015fizmi \u00f6zlemiyle ya\u015fayan, hatta Allahu Ekber lafz\u0131na bile tahamm\u00fcl edemeyen bir avu\u00e7 kendini bilmezin, bu samimiyetinden sizlerin rahats\u0131zl\u0131k duydu\u011funun fark\u0131nday\u0131z.&#8221; diyen Cumhurba\u015fkan\u0131 Recep Tayyi Erdo\u011fan, konu\u015fmas\u0131na \u015f\u00f6yle devam etti:<br \/>&#8221;Depremzedeler yas tutarken, depremin ard\u0131ndan ayakta kalma m\u00fccadelesi verirken, kendi ihtiraslar\u0131n\u0131n pe\u015finde ko\u015fanlar\u0131 Allah&#8217;a havale ettiklerini bildiren Erdo\u011fan, &#8220;Siyasi h\u0131rslar\u0131ndan, kendi \u00e7\u0131karlar\u0131ndan ba\u015fka hi\u00e7bir \u015fey g\u00f6rmeyen bu tuzu kurulara milletimiz \u00e7ok yak\u0131nda hak ettikleri dersi verecektir.&#8221; ifadelerini kulland\u0131.<\/p>\n\n\n\n<p><br \/>&#8220;Milletin derdiyle dertlenmeyen, milletin ruh k\u00f6k\u00fcnden beslenmeyen, hay\u0131rl\u0131 hi\u00e7bir i\u015f yapmad\u0131klar\u0131 gibi yap\u0131lmas\u0131n\u0131 da istemeyen bu asalaklar\u0131 kendi h\u0131rslar\u0131 ve ihtiraslar\u0131yla ba\u015f ba\u015fa b\u0131rak\u0131yoruz. Deprem b\u00f6lgesinde ya\u015fayan karde\u015flerimiz ba\u015fta olmak \u00fczere, insan\u0131m\u0131z kimin hangi niyetle hareket etti\u011fini, kimin ne yapt\u0131\u011f\u0131n\u0131 gayet iyi g\u00f6r\u00fcyor. Vatanda\u015flar\u0131m\u0131z cansiparane \u00e7al\u0131\u015fmalar\u0131n\u0131z dolay\u0131s\u0131yla sizlerle birlikte t\u00fcm vak\u0131f, dernek ve ilim, irfan kurulu\u015flar\u0131m\u0131za dua ve te\u015fekk\u00fcr ediyor. Elbette bu dualar bizi te\u015fvik etmenin yan\u0131 s\u0131ra omuzlar\u0131m\u0131zdaki y\u00fck\u00fc de a\u011f\u0131rla\u015ft\u0131rmaktad\u0131r. Umudunu bize ba\u011flam\u0131\u015f, y\u00fcz\u00fcn\u00fc bize \u00e7evirmi\u015f hi\u00e7bir karde\u015fimize mahcup olmama mesuliyetiyle kar\u015f\u0131 kar\u015f\u0131yay\u0131z. Zehirli dilleriyle nefret deresine varan s\u00f6ylemleriyle kuru g\u00fcr\u00fclt\u00fc pat\u0131rt\u0131yla bizi yolumuzdan al\u0131koyabileceklerini d\u00fc\u015f\u00fcnenlere asla boyun e\u011fmeyiz. Tehditlere, zorbal\u0131klara, aba alt\u0131ndan sopa g\u00f6steren kifayetsizlere ra\u011fmen \u00fclkemize ve milletimize hizmet m\u00fccadelemizi kararl\u0131l\u0131kla s\u00fcrd\u00fcrmeliyiz.&#8221;<\/p>\n\n\n\n<p>&#8220;\u0130nsanlar\u0131m\u0131z deprem b\u00f6lgesinde hayata yeniden sar\u0131lmaya, \u015fehirlerine yeniden sahip \u00e7\u0131kmaya \u00e7al\u0131\u015f\u0131rken birileri bamba\u015fka alemlerde ya\u015f\u0131yor. Bamba\u015fka hevesler pe\u015finde ko\u015fuyor. \u00dclkenin kaderini, koltuk kavgas\u0131ndan ba\u015flar\u0131n\u0131 bir an olsun kald\u0131r\u0131p, b\u0131rak\u0131n afet b\u00f6lgesine etraflar\u0131na bile bakmayan vicdan yoksunu bu zihniyetin insaf\u0131na terk edemeyiz. 3-4 oy daha fazla kapmak i\u00e7in b\u00f6l\u00fcc\u00fc \u00f6rg\u00fct\u00fcn siyasi uzant\u0131lar\u0131 dahil t\u00fcm marjinal yap\u0131larla i\u015f tutmaktan \u00e7ekinmeyenlere, bu milletin gelece\u011fini emanet edemeyiz. \u0130n\u015fallah 14 May\u0131s&#8217;ta T\u00fcrkiye&#8217;ye dair s\u00f6yleyecek hi\u00e7bir s\u00f6zleri olmayan bu kifayetsiz muhterisleri hep birlikte sand\u0131\u011fa g\u00f6mece\u011fiz&#8221;. dedi<\/p>\n","protected":false},"excerpt":{"rendered":"<p>Cumhurba\u015fkan\u0131 Recep Tayyip Erdo\u011fan, Taksim&#8217;deki Atat\u00fcrk K\u00fclt\u00fcr Merkezi&#8217;nde (AKM) ger\u00e7ekle\u015fen \u0130lim Yayma Vakf\u0131 52. Ola\u011fan Genel Kurulu&#8217;na kat\u0131ld\u0131. Genel Kurul\u2019da yapt\u0131\u011f\u0131 konu\u015fmas\u0131nda&#8221;&#8221;14 May\u0131s se\u00e7imleri hem i\u00e7erideki safla\u015fmalar\u0131n mahiyeti hem de b\u00f6lgesel ve k\u00fcresel geli\u015fmelerin nezaketi bak\u0131m\u0131ndan tam manas\u0131yla tarihi bir yol ayr\u0131m\u0131na d\u00f6n\u00fc\u015fm\u00fc\u015ft\u00fcr&#8221; dedi. &nbsp; Cumhur \u0130ttifak\u0131 ortaklar\u0131yla Kahramanmara\u015f ve Hatay&#8217;\u0131 tekrar ziyaret ettiklerine de\u011finen [&hellip;]<\/p>\n","protected":false},"author":12791,"featured_media":143113,"comment_status":"closed","ping_status":"open","sticky":false,"template":"","format":"standard","meta":{"_yoast_wpseo_focuskw":"","_yoast_wpseo_title":"","_yoast_wpseo_metadesc":"","_bbp_topic_count":0,"_bbp_reply_count":0,"_bbp_total_topic_count":0,"_bbp_total_reply_count":0,"_bbp_voice_count":0,"_bbp_anonymous_reply_count":0,"_bbp_topic_count_hidden":0,"_bbp_reply_count_hidden":0,"_bbp_forum_subforum_count":0,"footnotes":"","_yoast_wpseo_focuskw_text_input":""},"categories":[1,37],"tags":[],"yoast_head":"<!-- This site is optimized with the Yoast SEO plugin v23.0 - https:\/\/yoast.com\/wordpress\/plugins\/seo\/ -->\n<title>Cumhurba\u015fkan\u0131 Erdo\u011fan \u0130lim Yayma Cemiyeti&#039;nin Genel Kurulunda Konu\u015ftu - The Epoch Times TR<\/title>\n<meta name=\"robots\" content=\"index, follow, max-snippet:-1, max-image-preview:large, max-video-preview:-1\" \/>\n<link rel=\"canonical\" href=\"https:\/\/epochtimestr.com\/index.php\/cumhurbaskani-erdogan-ilim-yayma-cemiyetinin-genel-kurulunda-konustu\" \/>\n<meta property=\"og:locale\" content=\"tr_TR\" \/>\n<meta property=\"og:type\" content=\"article\" \/>\n<meta property=\"og:title\" content=\"Cumhurba\u015fkan\u0131 Erdo\u011fan \u0130lim Yayma Cemiyeti&#039;nin Genel Kurulunda Konu\u015ftu - The Epoch Times TR\" \/>\n<meta property=\"og:description\" content=\"Cumhurba\u015fkan\u0131 Recep Tayyip Erdo\u011fan, Taksim&#8217;deki Atat\u00fcrk K\u00fclt\u00fcr Merkezi&#8217;nde (AKM) ger\u00e7ekle\u015fen \u0130lim Yayma Vakf\u0131 52. Ola\u011fan Genel Kurulu&#8217;na kat\u0131ld\u0131. Genel Kurul\u2019da yapt\u0131\u011f\u0131 konu\u015fmas\u0131nda&#8221;&#8221;14 May\u0131s se\u00e7imleri hem i\u00e7erideki safla\u015fmalar\u0131n mahiyeti hem de b\u00f6lgesel ve k\u00fcresel geli\u015fmelerin nezaketi bak\u0131m\u0131ndan tam manas\u0131yla tarihi bir yol ayr\u0131m\u0131na d\u00f6n\u00fc\u015fm\u00fc\u015ft\u00fcr&#8221; dedi. &nbsp; Cumhur \u0130ttifak\u0131 ortaklar\u0131yla Kahramanmara\u015f ve Hatay&#8217;\u0131 tekrar ziyaret ettiklerine de\u011finen [&hellip;]\" \/>\n<meta property=\"og:url\" content=\"https:\/\/epochtimestr.com\/index.php\/cumhurbaskani-erdogan-ilim-yayma-cemiyetinin-genel-kurulunda-konustu\" \/>\n<meta property=\"og:site_name\" content=\"The Epoch Times TR\" \/>\n<meta property=\"article:publisher\" content=\"https:\/\/www.facebook.com\/theepochtimestr\" \/>\n<meta property=\"article:published_time\" content=\"2023-03-26T06:24:15+00:00\" \/>\n<meta property=\"article:modified_time\" content=\"2023-03-26T06:44:14+00:00\" \/>\n<meta property=\"og:image\" content=\"https:\/\/epochtimestr.com\/wp-content\/uploads\/2011y\/m-yayma-vakfi-52-olagan-genel-kurulu.webp\" \/>\n\t<meta property=\"og:image:width\" content=\"1724\" \/>\n\t<meta property=\"og:image:height\" content=\"1236\" \/>\n\t<meta property=\"og:image:type\" content=\"image\/webp\" \/>\n<meta name=\"author\" content=\"Haber Merkezi\" \/>\n<meta name=\"twitter:card\" content=\"summary_large_image\" \/>\n<meta name=\"twitter:image\" content=\"https:\/\/epochtimestr.com\/wp-content\/uploads\/2011y\/m-yayma-vakfi-52-olagan-genel-kurulu.webp\" \/>\n<meta name=\"twitter:creator\" content=\"@TheEpochTimesTR\" \/>\n<meta name=\"twitter:site\" content=\"@TheEpochTimesTR\" \/>\n<meta name=\"twitter:label1\" content=\"Yazan:\" \/>\n\t<meta name=\"twitter:data1\" content=\"Haber Merkezi\" \/>\n\t<meta name=\"twitter:label2\" content=\"Tahmini okuma s\u00fcresi\" \/>\n\t<meta name=\"twitter:data2\" content=\"3 dakika\" \/>\n<script type=\"application\/ld+json\" class=\"yoast-schema-graph\">{\"@context\":\"https:\/\/schema.org\",\"@graph\":[{\"@type\":\"Article\",\"@id\":\"https:\/\/epochtimestr.com\/index.php\/cumhurbaskani-erdogan-ilim-yayma-cemiyetinin-genel-kurulunda-konustu#article\",\"isPartOf\":{\"@id\":\"https:\/\/epochtimestr.com\/index.php\/cumhurbaskani-erdogan-ilim-yayma-cemiyetinin-genel-kurulunda-konustu\"},\"author\":{\"name\":\"Haber Merkezi\",\"@id\":\"https:\/\/epochtimestr.com\/#\/schema\/person\/3dc5c3adeb9f43923c5aa85889172fdd\"},\"headline\":\"Cumhurba\u015fkan\u0131 Erdo\u011fan \u0130lim Yayma Cemiyeti&#8217;nin Genel Kurulunda Konu\u015ftu\",\"datePublished\":\"2023-03-26T06:24:15+00:00\",\"dateModified\":\"2023-03-26T06:44:14+00:00\",\"mainEntityOfPage\":{\"@id\":\"https:\/\/epochtimestr.com\/index.php\/cumhurbaskani-erdogan-ilim-yayma-cemiyetinin-genel-kurulunda-konustu\"},\"wordCount\":780,\"publisher\":{\"@id\":\"https:\/\/epochtimestr.com\/#organization\"},\"image\":{\"@id\":\"https:\/\/epochtimestr.com\/index.php\/cumhurbaskani-erdogan-ilim-yayma-cemiyetinin-genel-kurulunda-konustu#primaryimage\"},\"thumbnailUrl\":\"https:\/\/epochtimestr.com\/wp-content\/uploads\/2011y\/m-yayma-vakfi-52-olagan-genel-kurulu.webp\",\"articleSection\":[\"G\u00dcNDEM\",\"T\u00dcRK\u0130YE\"],\"inLanguage\":\"tr\"},{\"@type\":\"WebPage\",\"@id\":\"https:\/\/epochtimestr.com\/index.php\/cumhurbaskani-erdogan-ilim-yayma-cemiyetinin-genel-kurulunda-konustu\",\"url\":\"https:\/\/epochtimestr.com\/index.php\/cumhurbaskani-erdogan-ilim-yayma-cemiyetinin-genel-kurulunda-konustu\",\"name\":\"Cumhurba\u015fkan\u0131 Erdo\u011fan \u0130lim Yayma Cemiyeti'nin Genel Kurulunda Konu\u015ftu - The Epoch Times TR\",\"isPartOf\":{\"@id\":\"https:\/\/epochtimestr.com\/#website\"},\"primaryImageOfPage\":{\"@id\":\"https:\/\/epochtimestr.com\/index.php\/cumhurbaskani-erdogan-ilim-yayma-cemiyetinin-genel-kurulunda-konustu#primaryimage\"},\"image\":{\"@id\":\"https:\/\/epochtimestr.com\/index.php\/cumhurbaskani-erdogan-ilim-yayma-cemiyetinin-genel-kurulunda-konustu#primaryimage\"},\"thumbnailUrl\":\"https:\/\/epochtimestr.com\/wp-content\/uploads\/2011y\/m-yayma-vakfi-52-olagan-genel-kurulu.webp\",\"datePublished\":\"2023-03-26T06:24:15+00:00\",\"dateModified\":\"2023-03-26T06:44:14+00:00\",\"inLanguage\":\"tr\",\"potentialAction\":[{\"@type\":\"ReadAction\",\"target\":[\"https:\/\/epochtimestr.com\/index.php\/cumhurbaskani-erdogan-ilim-yayma-cemiyetinin-genel-kurulunda-konustu\"]}]},{\"@type\":\"ImageObject\",\"inLanguage\":\"tr\",\"@id\":\"https:\/\/epochtimestr.com\/index.php\/cumhurbaskani-erdogan-ilim-yayma-cemiyetinin-genel-kurulunda-konustu#primaryimage\",\"url\":\"https:\/\/epochtimestr.com\/wp-content\/uploads\/2011y\/m-yayma-vakfi-52-olagan-genel-kurulu.webp\",\"contentUrl\":\"https:\/\/epochtimestr.com\/wp-content\/uploads\/2011y\/m-yayma-vakfi-52-olagan-genel-kurulu.webp\",\"width\":1724,\"height\":1236},{\"@type\":\"WebSite\",\"@id\":\"https:\/\/epochtimestr.com\/#website\",\"url\":\"https:\/\/epochtimestr.com\/\",\"name\":\"The Epoch Times TR\",\"description\":\"De\u011fi\u015fen D\u00fcnyam\u0131za Taze Bir Bak\u0131\u015f\",\"publisher\":{\"@id\":\"https:\/\/epochtimestr.com\/#organization\"},\"potentialAction\":[{\"@type\":\"SearchAction\",\"target\":{\"@type\":\"EntryPoint\",\"urlTemplate\":\"https:\/\/epochtimestr.com\/?s={search_term_string}\"},\"query-input\":\"required name=search_term_string\"}],\"inLanguage\":\"tr\"},{\"@type\":\"Organization\",\"@id\":\"https:\/\/epochtimestr.com\/#organization\",\"name\":\"The EpochTimes T\u00fcrkiye\",\"url\":\"https:\/\/epochtimestr.com\/\",\"logo\":{\"@type\":\"ImageObject\",\"inLanguage\":\"tr\",\"@id\":\"https:\/\/epochtimestr.com\/#\/schema\/logo\/image\/\",\"url\":\"https:\/\/epochtimestr.com\/wp-content\/uploads\/2011y\/ET-Logo-YG.jpg\",\"contentUrl\":\"https:\/\/epochtimestr.com\/wp-content\/uploads\/2011y\/ET-Logo-YG.jpg\",\"width\":346,\"height\":29,\"caption\":\"The EpochTimes T\u00fcrkiye\"},\"image\":{\"@id\":\"https:\/\/epochtimestr.com\/#\/schema\/logo\/image\/\"},\"sameAs\":[\"https:\/\/www.facebook.com\/theepochtimestr\",\"https:\/\/x.com\/TheEpochTimesTR\",\"https:\/\/www.instagram.com\/epochtimestr\"]},{\"@type\":\"Person\",\"@id\":\"https:\/\/epochtimestr.com\/#\/schema\/person\/3dc5c3adeb9f43923c5aa85889172fdd\",\"name\":\"Haber Merkezi\",\"image\":{\"@type\":\"ImageObject\",\"inLanguage\":\"tr\",\"@id\":\"https:\/\/epochtimestr.com\/#\/schema\/person\/image\/\",\"url\":\"https:\/\/secure.gravatar.com\/avatar\/d73f772ba5a74f28601361e17c2f93e6?s=96&d=mm&r=g\",\"contentUrl\":\"https:\/\/secure.gravatar.com\/avatar\/d73f772ba5a74f28601361e17c2f93e6?s=96&d=mm&r=g\",\"caption\":\"Haber Merkezi\"},\"url\":\"https:\/\/epochtimestr.com\/index.php\/author\/sendag\"}]}<\/script>\n<!-- \/ Yoast SEO plugin. -->","yoast_head_json":{"title":"Cumhurba\u015fkan\u0131 Erdo\u011fan \u0130lim Yayma Cemiyeti'nin Genel Kurulunda Konu\u015ftu - The Epoch Times TR","robots":{"index":"index","follow":"follow","max-snippet":"max-snippet:-1","max-image-preview":"max-image-preview:large","max-video-preview":"max-video-preview:-1"},"canonical":"https:\/\/epochtimestr.com\/index.php\/cumhurbaskani-erdogan-ilim-yayma-cemiyetinin-genel-kurulunda-konustu","og_locale":"tr_TR","og_type":"article","og_title":"Cumhurba\u015fkan\u0131 Erdo\u011fan \u0130lim Yayma Cemiyeti'nin Genel Kurulunda Konu\u015ftu - The Epoch Times TR","og_description":"Cumhurba\u015fkan\u0131 Recep Tayyip Erdo\u011fan, Taksim&#8217;deki Atat\u00fcrk K\u00fclt\u00fcr Merkezi&#8217;nde (AKM) ger\u00e7ekle\u015fen \u0130lim Yayma Vakf\u0131 52. Ola\u011fan Genel Kurulu&#8217;na kat\u0131ld\u0131. Genel Kurul\u2019da yapt\u0131\u011f\u0131 konu\u015fmas\u0131nda&#8221;&#8221;14 May\u0131s se\u00e7imleri hem i\u00e7erideki safla\u015fmalar\u0131n mahiyeti hem de b\u00f6lgesel ve k\u00fcresel geli\u015fmelerin nezaketi bak\u0131m\u0131ndan tam manas\u0131yla tarihi bir yol ayr\u0131m\u0131na d\u00f6n\u00fc\u015fm\u00fc\u015ft\u00fcr&#8221; dedi. &nbsp; Cumhur \u0130ttifak\u0131 ortaklar\u0131yla Kahramanmara\u015f ve Hatay&#8217;\u0131 tekrar ziyaret ettiklerine de\u011finen [&hellip;]","og_url":"https:\/\/epochtimestr.com\/index.php\/cumhurbaskani-erdogan-ilim-yayma-cemiyetinin-genel-kurulunda-konustu","og_site_name":"The Epoch Times TR","article_publisher":"https:\/\/www.facebook.com\/theepochtimestr","article_published_time":"2023-03-26T06:24:15+00:00","article_modified_time":"2023-03-26T06:44:14+00:00","og_image":[{"width":1724,"height":1236,"url":"https:\/\/epochtimestr.com\/wp-content\/uploads\/2011y\/m-yayma-vakfi-52-olagan-genel-kurulu.webp","type":"image\/webp"}],"author":"Haber Merkezi","twitter_card":"summary_large_image","twitter_image":"https:\/\/epochtimestr.com\/wp-content\/uploads\/2011y\/m-yayma-vakfi-52-olagan-genel-kurulu.webp","twitter_creator":"@TheEpochTimesTR","twitter_site":"@TheEpochTimesTR","twitter_misc":{"Yazan:":"Haber Merkezi","Tahmini okuma s\u00fcresi":"3 dakika"},"schema":{"@context":"https:\/\/schema.org","@graph":[{"@type":"Article","@id":"https:\/\/epochtimestr.com\/index.php\/cumhurbaskani-erdogan-ilim-yayma-cemiyetinin-genel-kurulunda-konustu#article","isPartOf":{"@id":"https:\/\/epochtimestr.com\/index.php\/cumhurbaskani-erdogan-ilim-yayma-cemiyetinin-genel-kurulunda-konustu"},"author":{"name":"Haber Merkezi","@id":"https:\/\/epochtimestr.com\/#\/schema\/person\/3dc5c3adeb9f43923c5aa85889172fdd"},"headline":"Cumhurba\u015fkan\u0131 Erdo\u011fan \u0130lim Yayma Cemiyeti&#8217;nin Genel Kurulunda Konu\u015ftu","datePublished":"2023-03-26T06:24:15+00:00","dateModified":"2023-03-26T06:44:14+00:00","mainEntityOfPage":{"@id":"https:\/\/epochtimestr.com\/index.php\/cumhurbaskani-erdogan-ilim-yayma-cemiyetinin-genel-kurulunda-konustu"},"wordCount":780,"publisher":{"@id":"https:\/\/epochtimestr.com\/#organization"},"image":{"@id":"https:\/\/epochtimestr.com\/index.php\/cumhurbaskani-erdogan-ilim-yayma-cemiyetinin-genel-kurulunda-konustu#primaryimage"},"thumbnailUrl":"https:\/\/epochtimestr.com\/wp-content\/uploads\/2011y\/m-yayma-vakfi-52-olagan-genel-kurulu.webp","articleSection":["G\u00dcNDEM","T\u00dcRK\u0130YE"],"inLanguage":"tr"},{"@type":"WebPage","@id":"https:\/\/epochtimestr.com\/index.php\/cumhurbaskani-erdogan-ilim-yayma-cemiyetinin-genel-kurulunda-konustu","url":"https:\/\/epochtimestr.com\/index.php\/cumhurbaskani-erdogan-ilim-yayma-cemiyetinin-genel-kurulunda-konustu","name":"Cumhurba\u015fkan\u0131 Erdo\u011fan \u0130lim Yayma Cemiyeti'nin Genel Kurulunda Konu\u015ftu - The Epoch Times TR","isPartOf":{"@id":"https:\/\/epochtimestr.com\/#website"},"primaryImageOfPage":{"@id":"https:\/\/epochtimestr.com\/index.php\/cumhurbaskani-erdogan-ilim-yayma-cemiyetinin-genel-kurulunda-konustu#primaryimage"},"image":{"@id":"https:\/\/epochtimestr.com\/index.php\/cumhurbaskani-erdogan-ilim-yayma-cemiyetinin-genel-kurulunda-konustu#primaryimage"},"thumbnailUrl":"https:\/\/epochtimestr.com\/wp-content\/uploads\/2011y\/m-yayma-vakfi-52-olagan-genel-kurulu.webp","datePublished":"2023-03-26T06:24:15+00:00","dateModified":"2023-03-26T06:44:14+00:00","inLanguage":"tr","potentialAction":[{"@type":"ReadAction","target":["https:\/\/epochtimestr.com\/index.php\/cumhurbaskani-erdogan-ilim-yayma-cemiyetinin-genel-kurulunda-konustu"]}]},{"@type":"ImageObject","inLanguage":"tr","@id":"https:\/\/epochtimestr.com\/index.php\/cumhurbaskani-erdogan-ilim-yayma-cemiyetinin-genel-kurulunda-konustu#primaryimage","url":"https:\/\/epochtimestr.com\/wp-content\/uploads\/2011y\/m-yayma-vakfi-52-olagan-genel-kurulu.webp","contentUrl":"https:\/\/epochtimestr.com\/wp-content\/uploads\/2011y\/m-yayma-vakfi-52-olagan-genel-kurulu.webp","width":1724,"height":1236},{"@type":"WebSite","@id":"https:\/\/epochtimestr.com\/#website","url":"https:\/\/epochtimestr.com\/","name":"The Epoch Times TR","description":"De\u011fi\u015fen D\u00fcnyam\u0131za Taze Bir Bak\u0131\u015f","publisher":{"@id":"https:\/\/epochtimestr.com\/#organization"},"potentialAction":[{"@type":"SearchAction","target":{"@type":"EntryPoint","urlTemplate":"https:\/\/epochtimestr.com\/?s={search_term_string}"},"query-input":"required name=search_term_string"}],"inLanguage":"tr"},{"@type":"Organization","@id":"https:\/\/epochtimestr.com\/#organization","name":"The EpochTimes T\u00fcrkiye","url":"https:\/\/epochtimestr.com\/","logo":{"@type":"ImageObject","inLanguage":"tr","@id":"https:\/\/epochtimestr.com\/#\/schema\/logo\/image\/","url":"https:\/\/epochtimestr.com\/wp-content\/uploads\/2011y\/ET-Logo-YG.jpg","contentUrl":"https:\/\/epochtimestr.com\/wp-content\/uploads\/2011y\/ET-Logo-YG.jpg","width":346,"height":29,"caption":"The EpochTimes T\u00fcrkiye"},"image":{"@id":"https:\/\/epochtimestr.com\/#\/schema\/logo\/image\/"},"sameAs":["https:\/\/www.facebook.com\/theepochtimestr","https:\/\/x.com\/TheEpochTimesTR","https:\/\/www.instagram.com\/epochtimestr"]},{"@type":"Person","@id":"https:\/\/epochtimestr.com\/#\/schema\/person\/3dc5c3adeb9f43923c5aa85889172fdd","name":"Haber Merkezi","image":{"@type":"ImageObject","inLanguage":"tr","@id":"https:\/\/epochtimestr.com\/#\/schema\/person\/image\/","url":"https:\/\/secure.gravatar.com\/avatar\/d73f772ba5a74f28601361e17c2f93e6?s=96&d=mm&r=g","contentUrl":"https:\/\/secure.gravatar.com\/avatar\/d73f772ba5a74f28601361e17c2f93e6?s=96&d=mm&r=g","caption":"Haber Merkezi"},"url":"https:\/\/epochtimestr.com\/index.php\/author\/sendag"}]}},"_links":{"self":[{"href":"https:\/\/epochtimestr.com\/index.php\/wp-json\/wp\/v2\/posts\/143112"}],"collection":[{"href":"https:\/\/epochtimestr.com\/index.php\/wp-json\/wp\/v2\/posts"}],"about":[{"href":"https:\/\/epochtimestr.com\/index.php\/wp-json\/wp\/v2\/types\/post"}],"author":[{"embeddable":true,"href":"https:\/\/epochtimestr.com\/index.php\/wp-json\/wp\/v2\/users\/12791"}],"replies":[{"embeddable":true,"href":"https:\/\/epochtimestr.com\/index.php\/wp-json\/wp\/v2\/comments?post=143112"}],"version-history":[{"count":1,"href":"https:\/\/epochtimestr.com\/index.php\/wp-json\/wp\/v2\/posts\/143112\/revisions"}],"predecessor-version":[{"id":143114,"href":"https:\/\/epochtimestr.com\/index.php\/wp-json\/wp\/v2\/posts\/143112\/revisions\/143114"}],"wp:featuredmedia":[{"embeddable":true,"href":"https:\/\/epochtimestr.com\/index.php\/wp-json\/wp\/v2\/media\/143113"}],"wp:attachment":[{"href":"https:\/\/epochtimestr.com\/index.php\/wp-json\/wp\/v2\/media?parent=143112"}],"wp:term":[{"taxonomy":"category","embeddable":true,"href":"https:\/\/epochtimestr.com\/index.php\/wp-json\/wp\/v2\/categories?post=143112"},{"taxonomy":"post_tag","embeddable":true,"href":"https:\/\/epochtimestr.com\/index.php\/wp-json\/wp\/v2\/tags?post=143112"}],"curies":[{"name":"wp","href":"https:\/\/api.w.org\/{rel}","templated":true}]}}