{"id":143200,"date":"2023-03-30T09:24:57","date_gmt":"2023-03-30T06:24:57","guid":{"rendered":"https:\/\/epochtimestr.com\/?p=143200"},"modified":"2023-03-30T09:25:00","modified_gmt":"2023-03-30T06:25:00","slug":"kilicdaroglu-mubarrem-ince-ile-bir-araya-geldi","status":"publish","type":"post","link":"https:\/\/epochtimestr.com\/index.php\/kilicdaroglu-mubarrem-ince-ile-bir-araya-geldi","title":{"rendered":"K\u0131l\u0131\u00e7daro\u011flu, Mubarrem \u0130nce \u0130le Bir Araya Geldi"},"content":{"rendered":"\n<div class=\"wp-block-image\"><figure class=\"aligncenter size-full\"><img loading=\"lazy\" decoding=\"async\" width=\"840\" height=\"560\" src=\"https:\/\/epochtimestr.com\/wp-content\/uploads\/2011y\/signal-2023-03-29-23-53-43-664.jpg\" alt=\"\" class=\"wp-image-143201\" srcset=\"https:\/\/epochtimestr.com\/wp-content\/uploads\/2011y\/signal-2023-03-29-23-53-43-664.jpg 840w, https:\/\/epochtimestr.com\/wp-content\/uploads\/2011y\/signal-2023-03-29-23-53-43-664-300x200.jpg 300w, https:\/\/epochtimestr.com\/wp-content\/uploads\/2011y\/signal-2023-03-29-23-53-43-664-150x100.jpg 150w, https:\/\/epochtimestr.com\/wp-content\/uploads\/2011y\/signal-2023-03-29-23-53-43-664-768x512.jpg 768w\" sizes=\"(max-width: 840px) 100vw, 840px\" \/><figcaption>Foto\u011fraf: CHP Bas\u0131n B\u00fcros\u00fc<\/figcaption><\/figure><\/div>\n\n\n\n<h2 class=\"wp-block-heading\">Cumhurba\u015fkan\u0131 aday\u0131\u00a0 Kemal K\u0131l\u0131\u00e7daro\u011flu ile Memleket Partisi Genel Ba\u015fkan\u0131 ve Cumhurba\u015fkan\u0131 aday\u0131 Muharrem \u0130nce, Memleket Partisi Genel Merkezi\u2019nde bir araya geldi.<\/h2>\n\n\n\n<p>29\/03\/2023 tarihi, saat 17:00 da Millet \u0130ttifak\u0131\u2019n\u0131n Cumhurba\u015fkan\u0131 aday\u0131\u00a0 Kemal K\u0131l\u0131\u00e7daro\u011flu ile Memleket Partisi Genel Ba\u015fkan\u0131 ve Cumhurba\u015fkan\u0131 aday\u0131 Muharrem \u0130nce, Memleket Partisi Genel Merkezi\u2019nde bir araya geldi.<\/p>\n\n\n\n<p><br \/>G\u00f6r\u00fc\u015fme \u00f6ncesi Memleket partisi \u00f6n\u00fcnde baz\u0131 yurtta\u015flar\u0131n &#8221;Say\u0131n \u0130nce,oylar\u0131 b\u00f6lmeyin , l\u00fctfen \u00e7ekilin&#8221; d\u00f6vizleri ta\u015f\u0131d\u0131\u011f\u0131 dikkat \u00e7ekti.G\u00f6r\u00fc\u015fme sonras\u0131 Kemal KIl\u0131\u00e7daro\u011flu ve Muharrem \u0130nce ortak bas\u0131n a\u00e7\u0131klamas\u0131 yapt\u0131.<\/p>\n\n\n\n<div class=\"wp-block-image\"><figure class=\"aligncenter size-full\"><img loading=\"lazy\" decoding=\"async\" width=\"600\" height=\"400\" src=\"https:\/\/epochtimestr.com\/wp-content\/uploads\/2011y\/signal-2023-03-29-23-53-43-664-1.jpg\" alt=\"\" class=\"wp-image-143202\" srcset=\"https:\/\/epochtimestr.com\/wp-content\/uploads\/2011y\/signal-2023-03-29-23-53-43-664-1.jpg 600w, https:\/\/epochtimestr.com\/wp-content\/uploads\/2011y\/signal-2023-03-29-23-53-43-664-1-300x200.jpg 300w, https:\/\/epochtimestr.com\/wp-content\/uploads\/2011y\/signal-2023-03-29-23-53-43-664-1-150x100.jpg 150w\" sizes=\"(max-width: 600px) 100vw, 600px\" \/><figcaption>Foto\u011fraf: CHP Bas\u0131n B\u00fcrosu<\/figcaption><\/figure><\/div>\n\n\n\n<p><br \/>Ortak a\u00e7\u0131klamada konu\u015fan Kemel K\u0131l\u0131\u00e7daro\u011flu \u015funlar\u0131 s\u00f6yledi:<\/p>\n\n\n\n<p><br \/>&#8220;Bizi kabul etti\u011fi i\u00e7in te\u015fekk\u00fcr ederim. Do\u011fal olarak deprem b\u00f6lgesi olmak \u00fczere pek \u00e7ok sorunu g\u00f6r\u00fc\u015ft\u00fck. Ya\u015fanan sorunlarla ilgili \u00e7\u00f6z\u00fcmleri de ifade ettik. Halil \u0130brahim sofras\u0131n\u0131 b\u00fcy\u00fctmeye \u00e7al\u0131\u015f\u0131yoruz. Sorunlar\u0131 masaya yat\u0131rmak, \u00e7\u00f6z\u00fcmler \u00fcretmek benim ve Say\u0131n \u0130nce&#8217;nin g\u00f6revi&#8221;dedi.<\/p>\n\n\n\n<p>Yap\u0131lan bas\u0131n a\u00e7\u0131klamas\u0131nda Muharrem \u0130nce&#8217;ye Y\u00f6neltilen &#8221;Adayl\u0131ktan \u00e7ekilecek misiniz&#8221; sorusuna&#8221;Hay\u0131r \u00f6yle bir \u015fey demedim&#8221;yan\u0131t\u0131 verdi.Muharrem \u0130nce s\u00f6zlerine;<br \/>&#8220;Siyasette ittifaklar olmal\u0131d\u0131r ama menfaat de\u011fil ilke ittifak\u0131 olmal\u0131d\u0131r. Bizim ilkelerimiz nettir. Atat\u00fcrk&#8217;\u00fc tart\u0131\u015ft\u0131rmay\u0131z. Ter\u00f6re kar\u015f\u0131 mesafeliyiz. Bu duru\u015ftan asla taviz vermeyiz. \u0130lkeler etraf\u0131nda bu memleketi aya\u011fa kald\u0131rabiliriz. Bu Erdo\u011fan gitmelidir. Bu Erdo\u011fan yorgundur, kibirlidir. Akla, bilime, hukuka inanmamaktad\u0131r. 5 dakika dahi bu \u00fclkeyi y\u00f6netmemelidir. Bu konuda da her t\u00fcr g\u00f6r\u00fc\u015f\u00fcm\u00fcz\u00fc a\u00e7\u0131k, net bir \u015fekilde ifade ediyoruz. Say\u0131n Genel Ba\u015fkan&#8217;a da geldikleri i\u00e7in \u00e7ok te\u015fekk\u00fcr ediyoruz. Say\u0131n Genel Ba\u015fkan&#8217;a te\u015fekk\u00fcr ediyoruz. Biz d\u00f6ne d\u00f6ne K\u00f6ro\u011flu gibi sava\u015f\u0131yoruz. B\u00fct\u00fcn PKK&#8217;l\u0131lar, ka\u00e7ak FET\u00d6&#8217;c\u00fcler, herkes ate\u015f ediyor bize sa\u011fdan soldan. Biz de K\u00f6ro\u011flu gibi d\u00f6ne d\u00f6ne vuru\u015fmaya devam edece\u011fiz&#8221; ifadelerini kulland\u0131.<\/p>\n\n\n\n<p><br \/>Daha sonra Twitter hesab\u0131ndan da bir payla\u015f\u0131m yapan Muharrem \u0130nce, &#8220;Bug\u00fcn Cumhurba\u015fkan\u0131 Aday\u0131 Say\u0131n Kemal K\u0131l\u0131\u00e7daro\u011flu&#8217;nu Memleket Partimizde a\u011f\u0131rlad\u0131k. Bizde misafir ho\u015f geldin diyerek kar\u015f\u0131lan\u0131r, nazik bir \u015fekilde a\u011f\u0131rlan\u0131r ve g\u00fcle g\u00fcle diyerek u\u011furlan\u0131r. Bu durumu ba\u015fka yerlere \u00e7ekmeye \u00e7al\u0131\u015fmak Kemal Bey&#8217;e ve bana kar\u015f\u0131 sayg\u0131s\u0131zl\u0131kt\u0131r&#8221; ifadelerini kulland\u0131.<\/p>\n\n\n\n<figure class=\"wp-block-embed is-type-rich is-provider-twitter wp-block-embed-twitter\"><div class=\"wp-block-embed__wrapper\">\n<blockquote class=\"twitter-tweet\" data-width=\"550\" data-dnt=\"true\"><p lang=\"tr\" dir=\"ltr\">Bug\u00fcn Cumhurba\u015fkan\u0131 Aday\u0131 Say\u0131n Kemal K\u0131l\u0131\u00e7daro\u011flu&#39;nu Memleket Partimizde a\u011f\u0131rlad\u0131k. Bizde misafir ho\u015f geldin diyerek kar\u015f\u0131lan\u0131r, nazik bir \u015fekilde a\u011f\u0131rlan\u0131r ve g\u00fcle g\u00fcle diyerek u\u011furlan\u0131r. Bu durumu ba\u015fka yerlere \u00e7ekmeye \u00e7al\u0131\u015fmak Kemal Bey&#39;e ve bana kar\u015f\u0131 sayg\u0131s\u0131zl\u0131kt\u0131r.<\/p>&mdash; Muharrem \u0130NCE (@vekilince) <a href=\"https:\/\/twitter.com\/vekilince\/status\/1641156104531918857?ref_src=twsrc%5Etfw\">March 29, 2023<\/a><\/blockquote><script async src=\"https:\/\/platform.twitter.com\/widgets.js\" charset=\"utf-8\"><\/script>\n<\/div><\/figure>\n","protected":false},"excerpt":{"rendered":"<p>Cumhurba\u015fkan\u0131 aday\u0131\u00a0 Kemal K\u0131l\u0131\u00e7daro\u011flu ile Memleket Partisi Genel Ba\u015fkan\u0131 ve Cumhurba\u015fkan\u0131 aday\u0131 Muharrem \u0130nce, Memleket Partisi Genel Merkezi\u2019nde bir araya geldi. 29\/03\/2023 tarihi, saat 17:00 da Millet \u0130ttifak\u0131\u2019n\u0131n Cumhurba\u015fkan\u0131 aday\u0131\u00a0 Kemal K\u0131l\u0131\u00e7daro\u011flu ile Memleket Partisi Genel Ba\u015fkan\u0131 ve Cumhurba\u015fkan\u0131 aday\u0131 Muharrem \u0130nce, Memleket Partisi Genel Merkezi\u2019nde bir araya geldi. G\u00f6r\u00fc\u015fme \u00f6ncesi Memleket partisi \u00f6n\u00fcnde baz\u0131 [&hellip;]<\/p>\n","protected":false},"author":12791,"featured_media":143201,"comment_status":"closed","ping_status":"open","sticky":false,"template":"","format":"standard","meta":{"_yoast_wpseo_focuskw":"","_yoast_wpseo_title":"","_yoast_wpseo_metadesc":"","_bbp_topic_count":0,"_bbp_reply_count":0,"_bbp_total_topic_count":0,"_bbp_total_reply_count":0,"_bbp_voice_count":0,"_bbp_anonymous_reply_count":0,"_bbp_topic_count_hidden":0,"_bbp_reply_count_hidden":0,"_bbp_forum_subforum_count":0,"footnotes":"","_yoast_wpseo_focuskw_text_input":""},"categories":[1,37],"tags":[],"yoast_head":"<!-- This site is optimized with the Yoast SEO plugin v23.0 - https:\/\/yoast.com\/wordpress\/plugins\/seo\/ -->\n<title>K\u0131l\u0131\u00e7daro\u011flu, Mubarrem \u0130nce \u0130le Bir Araya Geldi - The Epoch Times TR<\/title>\n<meta name=\"robots\" content=\"index, follow, max-snippet:-1, max-image-preview:large, max-video-preview:-1\" \/>\n<link rel=\"canonical\" href=\"https:\/\/epochtimestr.com\/index.php\/kilicdaroglu-mubarrem-ince-ile-bir-araya-geldi\" \/>\n<meta property=\"og:locale\" content=\"tr_TR\" \/>\n<meta property=\"og:type\" content=\"article\" \/>\n<meta property=\"og:title\" content=\"K\u0131l\u0131\u00e7daro\u011flu, Mubarrem \u0130nce \u0130le Bir Araya Geldi - The Epoch Times TR\" \/>\n<meta property=\"og:description\" content=\"Cumhurba\u015fkan\u0131 aday\u0131\u00a0 Kemal K\u0131l\u0131\u00e7daro\u011flu ile Memleket Partisi Genel Ba\u015fkan\u0131 ve Cumhurba\u015fkan\u0131 aday\u0131 Muharrem \u0130nce, Memleket Partisi Genel Merkezi\u2019nde bir araya geldi. 29\/03\/2023 tarihi, saat 17:00 da Millet \u0130ttifak\u0131\u2019n\u0131n Cumhurba\u015fkan\u0131 aday\u0131\u00a0 Kemal K\u0131l\u0131\u00e7daro\u011flu ile Memleket Partisi Genel Ba\u015fkan\u0131 ve Cumhurba\u015fkan\u0131 aday\u0131 Muharrem \u0130nce, Memleket Partisi Genel Merkezi\u2019nde bir araya geldi. G\u00f6r\u00fc\u015fme \u00f6ncesi Memleket partisi \u00f6n\u00fcnde baz\u0131 [&hellip;]\" \/>\n<meta property=\"og:url\" content=\"https:\/\/epochtimestr.com\/index.php\/kilicdaroglu-mubarrem-ince-ile-bir-araya-geldi\" \/>\n<meta property=\"og:site_name\" content=\"The Epoch Times TR\" \/>\n<meta property=\"article:publisher\" content=\"https:\/\/www.facebook.com\/theepochtimestr\" \/>\n<meta property=\"article:published_time\" content=\"2023-03-30T06:24:57+00:00\" \/>\n<meta property=\"article:modified_time\" content=\"2023-03-30T06:25:00+00:00\" \/>\n<meta property=\"og:image\" content=\"https:\/\/epochtimestr.com\/wp-content\/uploads\/2011y\/signal-2023-03-29-23-53-43-664.jpg\" \/>\n\t<meta property=\"og:image:width\" content=\"840\" \/>\n\t<meta property=\"og:image:height\" content=\"560\" \/>\n\t<meta property=\"og:image:type\" content=\"image\/jpeg\" \/>\n<meta name=\"author\" content=\"Haber Merkezi\" \/>\n<meta name=\"twitter:card\" content=\"summary_large_image\" \/>\n<meta name=\"twitter:creator\" content=\"@TheEpochTimesTR\" \/>\n<meta name=\"twitter:site\" content=\"@TheEpochTimesTR\" \/>\n<meta name=\"twitter:label1\" content=\"Yazan:\" \/>\n\t<meta name=\"twitter:data1\" content=\"Haber Merkezi\" \/>\n\t<meta name=\"twitter:label2\" content=\"Tahmini okuma s\u00fcresi\" \/>\n\t<meta name=\"twitter:data2\" content=\"2 dakika\" \/>\n<script type=\"application\/ld+json\" class=\"yoast-schema-graph\">{\"@context\":\"https:\/\/schema.org\",\"@graph\":[{\"@type\":\"Article\",\"@id\":\"https:\/\/epochtimestr.com\/index.php\/kilicdaroglu-mubarrem-ince-ile-bir-araya-geldi#article\",\"isPartOf\":{\"@id\":\"https:\/\/epochtimestr.com\/index.php\/kilicdaroglu-mubarrem-ince-ile-bir-araya-geldi\"},\"author\":{\"name\":\"Haber Merkezi\",\"@id\":\"https:\/\/epochtimestr.com\/#\/schema\/person\/3dc5c3adeb9f43923c5aa85889172fdd\"},\"headline\":\"K\u0131l\u0131\u00e7daro\u011flu, Mubarrem \u0130nce \u0130le Bir Araya Geldi\",\"datePublished\":\"2023-03-30T06:24:57+00:00\",\"dateModified\":\"2023-03-30T06:25:00+00:00\",\"mainEntityOfPage\":{\"@id\":\"https:\/\/epochtimestr.com\/index.php\/kilicdaroglu-mubarrem-ince-ile-bir-araya-geldi\"},\"wordCount\":454,\"publisher\":{\"@id\":\"https:\/\/epochtimestr.com\/#organization\"},\"image\":{\"@id\":\"https:\/\/epochtimestr.com\/index.php\/kilicdaroglu-mubarrem-ince-ile-bir-araya-geldi#primaryimage\"},\"thumbnailUrl\":\"https:\/\/epochtimestr.com\/wp-content\/uploads\/2011y\/signal-2023-03-29-23-53-43-664.jpg\",\"articleSection\":[\"G\u00dcNDEM\",\"T\u00dcRK\u0130YE\"],\"inLanguage\":\"tr\"},{\"@type\":\"WebPage\",\"@id\":\"https:\/\/epochtimestr.com\/index.php\/kilicdaroglu-mubarrem-ince-ile-bir-araya-geldi\",\"url\":\"https:\/\/epochtimestr.com\/index.php\/kilicdaroglu-mubarrem-ince-ile-bir-araya-geldi\",\"name\":\"K\u0131l\u0131\u00e7daro\u011flu, Mubarrem \u0130nce \u0130le Bir Araya Geldi - The Epoch Times TR\",\"isPartOf\":{\"@id\":\"https:\/\/epochtimestr.com\/#website\"},\"primaryImageOfPage\":{\"@id\":\"https:\/\/epochtimestr.com\/index.php\/kilicdaroglu-mubarrem-ince-ile-bir-araya-geldi#primaryimage\"},\"image\":{\"@id\":\"https:\/\/epochtimestr.com\/index.php\/kilicdaroglu-mubarrem-ince-ile-bir-araya-geldi#primaryimage\"},\"thumbnailUrl\":\"https:\/\/epochtimestr.com\/wp-content\/uploads\/2011y\/signal-2023-03-29-23-53-43-664.jpg\",\"datePublished\":\"2023-03-30T06:24:57+00:00\",\"dateModified\":\"2023-03-30T06:25:00+00:00\",\"inLanguage\":\"tr\",\"potentialAction\":[{\"@type\":\"ReadAction\",\"target\":[\"https:\/\/epochtimestr.com\/index.php\/kilicdaroglu-mubarrem-ince-ile-bir-araya-geldi\"]}]},{\"@type\":\"ImageObject\",\"inLanguage\":\"tr\",\"@id\":\"https:\/\/epochtimestr.com\/index.php\/kilicdaroglu-mubarrem-ince-ile-bir-araya-geldi#primaryimage\",\"url\":\"https:\/\/epochtimestr.com\/wp-content\/uploads\/2011y\/signal-2023-03-29-23-53-43-664.jpg\",\"contentUrl\":\"https:\/\/epochtimestr.com\/wp-content\/uploads\/2011y\/signal-2023-03-29-23-53-43-664.jpg\",\"width\":840,\"height\":560},{\"@type\":\"WebSite\",\"@id\":\"https:\/\/epochtimestr.com\/#website\",\"url\":\"https:\/\/epochtimestr.com\/\",\"name\":\"The Epoch Times TR\",\"description\":\"De\u011fi\u015fen D\u00fcnyam\u0131za Taze Bir Bak\u0131\u015f\",\"publisher\":{\"@id\":\"https:\/\/epochtimestr.com\/#organization\"},\"potentialAction\":[{\"@type\":\"SearchAction\",\"target\":{\"@type\":\"EntryPoint\",\"urlTemplate\":\"https:\/\/epochtimestr.com\/?s={search_term_string}\"},\"query-input\":\"required name=search_term_string\"}],\"inLanguage\":\"tr\"},{\"@type\":\"Organization\",\"@id\":\"https:\/\/epochtimestr.com\/#organization\",\"name\":\"The EpochTimes T\u00fcrkiye\",\"url\":\"https:\/\/epochtimestr.com\/\",\"logo\":{\"@type\":\"ImageObject\",\"inLanguage\":\"tr\",\"@id\":\"https:\/\/epochtimestr.com\/#\/schema\/logo\/image\/\",\"url\":\"https:\/\/epochtimestr.com\/wp-content\/uploads\/2011y\/ET-Logo-YG.jpg\",\"contentUrl\":\"https:\/\/epochtimestr.com\/wp-content\/uploads\/2011y\/ET-Logo-YG.jpg\",\"width\":346,\"height\":29,\"caption\":\"The EpochTimes T\u00fcrkiye\"},\"image\":{\"@id\":\"https:\/\/epochtimestr.com\/#\/schema\/logo\/image\/\"},\"sameAs\":[\"https:\/\/www.facebook.com\/theepochtimestr\",\"https:\/\/x.com\/TheEpochTimesTR\",\"https:\/\/www.instagram.com\/epochtimestr\"]},{\"@type\":\"Person\",\"@id\":\"https:\/\/epochtimestr.com\/#\/schema\/person\/3dc5c3adeb9f43923c5aa85889172fdd\",\"name\":\"Haber Merkezi\",\"image\":{\"@type\":\"ImageObject\",\"inLanguage\":\"tr\",\"@id\":\"https:\/\/epochtimestr.com\/#\/schema\/person\/image\/\",\"url\":\"https:\/\/secure.gravatar.com\/avatar\/d73f772ba5a74f28601361e17c2f93e6?s=96&d=mm&r=g\",\"contentUrl\":\"https:\/\/secure.gravatar.com\/avatar\/d73f772ba5a74f28601361e17c2f93e6?s=96&d=mm&r=g\",\"caption\":\"Haber Merkezi\"},\"url\":\"https:\/\/epochtimestr.com\/index.php\/author\/sendag\"}]}<\/script>\n<!-- \/ Yoast SEO plugin. -->","yoast_head_json":{"title":"K\u0131l\u0131\u00e7daro\u011flu, Mubarrem \u0130nce \u0130le Bir Araya Geldi - The Epoch Times TR","robots":{"index":"index","follow":"follow","max-snippet":"max-snippet:-1","max-image-preview":"max-image-preview:large","max-video-preview":"max-video-preview:-1"},"canonical":"https:\/\/epochtimestr.com\/index.php\/kilicdaroglu-mubarrem-ince-ile-bir-araya-geldi","og_locale":"tr_TR","og_type":"article","og_title":"K\u0131l\u0131\u00e7daro\u011flu, Mubarrem \u0130nce \u0130le Bir Araya Geldi - The Epoch Times TR","og_description":"Cumhurba\u015fkan\u0131 aday\u0131\u00a0 Kemal K\u0131l\u0131\u00e7daro\u011flu ile Memleket Partisi Genel Ba\u015fkan\u0131 ve Cumhurba\u015fkan\u0131 aday\u0131 Muharrem \u0130nce, Memleket Partisi Genel Merkezi\u2019nde bir araya geldi. 29\/03\/2023 tarihi, saat 17:00 da Millet \u0130ttifak\u0131\u2019n\u0131n Cumhurba\u015fkan\u0131 aday\u0131\u00a0 Kemal K\u0131l\u0131\u00e7daro\u011flu ile Memleket Partisi Genel Ba\u015fkan\u0131 ve Cumhurba\u015fkan\u0131 aday\u0131 Muharrem \u0130nce, Memleket Partisi Genel Merkezi\u2019nde bir araya geldi. G\u00f6r\u00fc\u015fme \u00f6ncesi Memleket partisi \u00f6n\u00fcnde baz\u0131 [&hellip;]","og_url":"https:\/\/epochtimestr.com\/index.php\/kilicdaroglu-mubarrem-ince-ile-bir-araya-geldi","og_site_name":"The Epoch Times TR","article_publisher":"https:\/\/www.facebook.com\/theepochtimestr","article_published_time":"2023-03-30T06:24:57+00:00","article_modified_time":"2023-03-30T06:25:00+00:00","og_image":[{"width":840,"height":560,"url":"https:\/\/epochtimestr.com\/wp-content\/uploads\/2011y\/signal-2023-03-29-23-53-43-664.jpg","type":"image\/jpeg"}],"author":"Haber Merkezi","twitter_card":"summary_large_image","twitter_creator":"@TheEpochTimesTR","twitter_site":"@TheEpochTimesTR","twitter_misc":{"Yazan:":"Haber Merkezi","Tahmini okuma s\u00fcresi":"2 dakika"},"schema":{"@context":"https:\/\/schema.org","@graph":[{"@type":"Article","@id":"https:\/\/epochtimestr.com\/index.php\/kilicdaroglu-mubarrem-ince-ile-bir-araya-geldi#article","isPartOf":{"@id":"https:\/\/epochtimestr.com\/index.php\/kilicdaroglu-mubarrem-ince-ile-bir-araya-geldi"},"author":{"name":"Haber Merkezi","@id":"https:\/\/epochtimestr.com\/#\/schema\/person\/3dc5c3adeb9f43923c5aa85889172fdd"},"headline":"K\u0131l\u0131\u00e7daro\u011flu, Mubarrem \u0130nce \u0130le Bir Araya Geldi","datePublished":"2023-03-30T06:24:57+00:00","dateModified":"2023-03-30T06:25:00+00:00","mainEntityOfPage":{"@id":"https:\/\/epochtimestr.com\/index.php\/kilicdaroglu-mubarrem-ince-ile-bir-araya-geldi"},"wordCount":454,"publisher":{"@id":"https:\/\/epochtimestr.com\/#organization"},"image":{"@id":"https:\/\/epochtimestr.com\/index.php\/kilicdaroglu-mubarrem-ince-ile-bir-araya-geldi#primaryimage"},"thumbnailUrl":"https:\/\/epochtimestr.com\/wp-content\/uploads\/2011y\/signal-2023-03-29-23-53-43-664.jpg","articleSection":["G\u00dcNDEM","T\u00dcRK\u0130YE"],"inLanguage":"tr"},{"@type":"WebPage","@id":"https:\/\/epochtimestr.com\/index.php\/kilicdaroglu-mubarrem-ince-ile-bir-araya-geldi","url":"https:\/\/epochtimestr.com\/index.php\/kilicdaroglu-mubarrem-ince-ile-bir-araya-geldi","name":"K\u0131l\u0131\u00e7daro\u011flu, Mubarrem \u0130nce \u0130le Bir Araya Geldi - The Epoch Times TR","isPartOf":{"@id":"https:\/\/epochtimestr.com\/#website"},"primaryImageOfPage":{"@id":"https:\/\/epochtimestr.com\/index.php\/kilicdaroglu-mubarrem-ince-ile-bir-araya-geldi#primaryimage"},"image":{"@id":"https:\/\/epochtimestr.com\/index.php\/kilicdaroglu-mubarrem-ince-ile-bir-araya-geldi#primaryimage"},"thumbnailUrl":"https:\/\/epochtimestr.com\/wp-content\/uploads\/2011y\/signal-2023-03-29-23-53-43-664.jpg","datePublished":"2023-03-30T06:24:57+00:00","dateModified":"2023-03-30T06:25:00+00:00","inLanguage":"tr","potentialAction":[{"@type":"ReadAction","target":["https:\/\/epochtimestr.com\/index.php\/kilicdaroglu-mubarrem-ince-ile-bir-araya-geldi"]}]},{"@type":"ImageObject","inLanguage":"tr","@id":"https:\/\/epochtimestr.com\/index.php\/kilicdaroglu-mubarrem-ince-ile-bir-araya-geldi#primaryimage","url":"https:\/\/epochtimestr.com\/wp-content\/uploads\/2011y\/signal-2023-03-29-23-53-43-664.jpg","contentUrl":"https:\/\/epochtimestr.com\/wp-content\/uploads\/2011y\/signal-2023-03-29-23-53-43-664.jpg","width":840,"height":560},{"@type":"WebSite","@id":"https:\/\/epochtimestr.com\/#website","url":"https:\/\/epochtimestr.com\/","name":"The Epoch Times TR","description":"De\u011fi\u015fen D\u00fcnyam\u0131za Taze Bir Bak\u0131\u015f","publisher":{"@id":"https:\/\/epochtimestr.com\/#organization"},"potentialAction":[{"@type":"SearchAction","target":{"@type":"EntryPoint","urlTemplate":"https:\/\/epochtimestr.com\/?s={search_term_string}"},"query-input":"required name=search_term_string"}],"inLanguage":"tr"},{"@type":"Organization","@id":"https:\/\/epochtimestr.com\/#organization","name":"The EpochTimes T\u00fcrkiye","url":"https:\/\/epochtimestr.com\/","logo":{"@type":"ImageObject","inLanguage":"tr","@id":"https:\/\/epochtimestr.com\/#\/schema\/logo\/image\/","url":"https:\/\/epochtimestr.com\/wp-content\/uploads\/2011y\/ET-Logo-YG.jpg","contentUrl":"https:\/\/epochtimestr.com\/wp-content\/uploads\/2011y\/ET-Logo-YG.jpg","width":346,"height":29,"caption":"The EpochTimes T\u00fcrkiye"},"image":{"@id":"https:\/\/epochtimestr.com\/#\/schema\/logo\/image\/"},"sameAs":["https:\/\/www.facebook.com\/theepochtimestr","https:\/\/x.com\/TheEpochTimesTR","https:\/\/www.instagram.com\/epochtimestr"]},{"@type":"Person","@id":"https:\/\/epochtimestr.com\/#\/schema\/person\/3dc5c3adeb9f43923c5aa85889172fdd","name":"Haber Merkezi","image":{"@type":"ImageObject","inLanguage":"tr","@id":"https:\/\/epochtimestr.com\/#\/schema\/person\/image\/","url":"https:\/\/secure.gravatar.com\/avatar\/d73f772ba5a74f28601361e17c2f93e6?s=96&d=mm&r=g","contentUrl":"https:\/\/secure.gravatar.com\/avatar\/d73f772ba5a74f28601361e17c2f93e6?s=96&d=mm&r=g","caption":"Haber Merkezi"},"url":"https:\/\/epochtimestr.com\/index.php\/author\/sendag"}]}},"_links":{"self":[{"href":"https:\/\/epochtimestr.com\/index.php\/wp-json\/wp\/v2\/posts\/143200"}],"collection":[{"href":"https:\/\/epochtimestr.com\/index.php\/wp-json\/wp\/v2\/posts"}],"about":[{"href":"https:\/\/epochtimestr.com\/index.php\/wp-json\/wp\/v2\/types\/post"}],"author":[{"embeddable":true,"href":"https:\/\/epochtimestr.com\/index.php\/wp-json\/wp\/v2\/users\/12791"}],"replies":[{"embeddable":true,"href":"https:\/\/epochtimestr.com\/index.php\/wp-json\/wp\/v2\/comments?post=143200"}],"version-history":[{"count":1,"href":"https:\/\/epochtimestr.com\/index.php\/wp-json\/wp\/v2\/posts\/143200\/revisions"}],"predecessor-version":[{"id":143203,"href":"https:\/\/epochtimestr.com\/index.php\/wp-json\/wp\/v2\/posts\/143200\/revisions\/143203"}],"wp:featuredmedia":[{"embeddable":true,"href":"https:\/\/epochtimestr.com\/index.php\/wp-json\/wp\/v2\/media\/143201"}],"wp:attachment":[{"href":"https:\/\/epochtimestr.com\/index.php\/wp-json\/wp\/v2\/media?parent=143200"}],"wp:term":[{"taxonomy":"category","embeddable":true,"href":"https:\/\/epochtimestr.com\/index.php\/wp-json\/wp\/v2\/categories?post=143200"},{"taxonomy":"post_tag","embeddable":true,"href":"https:\/\/epochtimestr.com\/index.php\/wp-json\/wp\/v2\/tags?post=143200"}],"curies":[{"name":"wp","href":"https:\/\/api.w.org\/{rel}","templated":true}]}}