{"id":143417,"date":"2023-04-06T08:33:28","date_gmt":"2023-04-06T05:33:28","guid":{"rendered":"https:\/\/epochtimestr.com\/?p=143417"},"modified":"2023-04-06T08:33:31","modified_gmt":"2023-04-06T05:33:31","slug":"meral-aksenerden-mermi-kovanlari-ile-yanit","status":"publish","type":"post","link":"https:\/\/epochtimestr.com\/index.php\/meral-aksenerden-mermi-kovanlari-ile-yanit","title":{"rendered":"Meral Ak\u015fener&#8217;den Mermi Kovanlar\u0131 \u0130le Yan\u0131t"},"content":{"rendered":"\n<div class=\"wp-block-image\"><figure class=\"aligncenter size-large\"><img loading=\"lazy\" decoding=\"async\" width=\"600\" height=\"337\" src=\"https:\/\/epochtimestr.com\/wp-content\/uploads\/2011y\/Meral-Aksener-IYIParti-TBMMKonusma-600x337.png\" alt=\"\" class=\"wp-image-136727\" srcset=\"https:\/\/epochtimestr.com\/wp-content\/uploads\/2011y\/Meral-Aksener-IYIParti-TBMMKonusma-600x337.png 600w, https:\/\/epochtimestr.com\/wp-content\/uploads\/2011y\/Meral-Aksener-IYIParti-TBMMKonusma-300x168.png 300w, https:\/\/epochtimestr.com\/wp-content\/uploads\/2011y\/Meral-Aksener-IYIParti-TBMMKonusma-150x84.png 150w, https:\/\/epochtimestr.com\/wp-content\/uploads\/2011y\/Meral-Aksener-IYIParti-TBMMKonusma-768x431.png 768w, https:\/\/epochtimestr.com\/wp-content\/uploads\/2011y\/Meral-Aksener-IYIParti-TBMMKonusma.png 1368w\" sizes=\"(max-width: 600px) 100vw, 600px\" \/><\/figure><\/div>\n\n\n\n<p><br \/>Meral Ak\u015fener 5 nisan \u00c7ar\u015famba g\u00fcn\u00fc, son grup toplant\u0131s\u0131n\u0131 yapt\u0131.<\/p>\n\n\n\n<p>Konu\u015fmas\u0131nda Cumhurba\u015fkan\u0131 R.T.Erdo\u011fan&#8217;a ve AKP iktidar\u0131na;<\/p>\n\n\n\n<p><br \/>\u2018\u2019Uzun zamand\u0131r; ciddiyetten mahrumuz. \u00c7\u00fcnk\u00fc; g\u00f6rev bilincini kaybetmi\u015f bir iktidar taraf\u0131ndan y\u00f6netiliyoruz. Verdi\u011fi hi\u00e7bir s\u00f6z\u00fc, tutamayan; mafyalar\u0131, simsarlar\u0131, uyu\u015fturucu ka\u00e7ak\u00e7\u0131lar\u0131n\u0131 kollayan Sinan Ate\u015f\u2019in katillerine g\u00f6z yuman zalim bir iktidar! Sorumsuz bir iktidar! Korkak bir iktidar! Ve art\u0131k vaktini, \u00e7oktan doldurmu\u015f, son kullanma tarihi ge\u00e7mi\u015f bir iktidar!\u2019\u2019<\/p>\n\n\n\n<p><br \/>\u2018\u2019B\u00f6yle bir rezalet olabilir mi? B\u00f6yle devlet y\u00f6netilir mi? Hey gidi hey\u2026 Neydin, ne oldun Recep Bey? \u2018Cesaretin sembol\u00fcy\u00fcm\u2019 diye geldin; giderayak, esaretin sembol\u00fc oldun. \u2018Milletin adam\u0131y\u0131m\u2019 diye geldin; giderayak, mafyalar\u0131n, simsarlar\u0131n, kuklas\u0131 oldun. Bir zamanlar, ge\u00e7mi\u015f iktidarlar\u0131n hatalar\u0131ndan, ders al\u0131rd\u0131n. \u015eimdiyse, kendi hatas\u0131n\u0131 g\u00f6remeyecek kadar k\u00f6r, do\u011frular\u0131 duyamayacak kadar da, sa\u011f\u0131r bir adam oldun. Nereden, nereye de\u011fil mi Recep Bey? G\u00f6r\u00fcyorum ki, art\u0131k sende; Ay\u015fe Ate\u015f\u2019e verdi\u011fi s\u00f6z\u00fc tutacak, basiret yok! Babas\u0131z kalan Banu\u00e7i\u00e7e\u011fin, Beng\u00fcsu\u2019nun, kar\u015f\u0131s\u0131na \u00e7\u0131kacak, y\u00fcz yok! Elindeki s\u0131n\u0131rs\u0131z yetkiye ra\u011fmen katillerden hesap soracak, cesaret ise, hi\u00e7 yok!\u2019\u2019<\/p>\n\n\n\n<p><br \/>\u2018\u2019Hi\u00e7 merak etmeyin! Recep Bey\u2019in yapamad\u0131\u011f\u0131n\u0131, biz yapaca\u011f\u0131z! Onun tutamad\u0131\u011f\u0131 s\u00f6z\u00fc, biz tutaca\u011f\u0131z! Ne olursa olsun; Sinan Ate\u015f\u2019in kan\u0131n\u0131, yerde b\u0131rakmayaca\u011f\u0131z! Katiller, cezas\u0131n\u0131 \u00e7ekecek! Azmettirenler, cezas\u0131n\u0131 \u00e7ekecek! Yatakl\u0131k edenler, cezas\u0131n\u0131 \u00e7ekecek! Bu i\u015fin \u00fcst\u00fcn\u00fc \u00f6rtmeye kalk\u0131\u015fanlar da, cezas\u0131n\u0131 \u00e7ekecek! Nereye giderlerse gitsinler. Hangi deli\u011fe girerlerse girsinler. \u0130sterlerse d\u00fcnyan\u0131n, \u00f6b\u00fcr ucuna ka\u00e7s\u0131nlar; o al\u00e7aklar\u0131, mutlaka bulaca\u011f\u0131z! Sinan Ba\u015fkan\u2019\u0131 unutmayaca\u011f\u0131z, unutturmayaca\u011f\u0131z!\u2019\u2019 diyerek Sinan Ate\u015f\u2019in katillerini bulacaklar\u0131n\u0131 s\u00f6yledi.<\/p>\n\n\n\n<p><br \/>Bilgi Teknolojileri ve \u0130leti\u015fim Kurumu\u2019nun; sosyal medya platformlar\u0131nda, kullan\u0131c\u0131lara ili\u015fkin ki\u015fisel bilgileri adli mercilere iletme karar\u0131n\u0131 ele\u015ftiren\u00a0 Meral Ak\u015fener, d\u00fczenlemenin ilgili k\u0131sm\u0131ndan \u00f6rnek vererek;<\/p>\n\n\n\n<p><br \/>\u2018\u2019Mesela; ger\u00e7ek enflasyon verilerini inceleyen ENAG, yan\u0131lt\u0131c\u0131 bilgi yaymaktan susturulacak. \u00dcstelik sadece ENAG de\u011fil; ENAG verilerini, payla\u015fan hesaplar da susturulacak. Mesela; K\u0131z\u0131lay\u2019\u0131n \u00e7ad\u0131r sat\u0131\u015f\u0131n\u0131 haber yapanlar ve yayanlar, devlet s\u0131rr\u0131n\u0131 a\u00e7\u0131\u011fa \u00e7\u0131kard\u0131 diye susturulacak. Mesela; \u2018D\u00f6rt g\u00fcn oldu, bir tane arama kurtarma ekibi gelmedi\u2019 diyenler, devletin birli\u011fini bozuyor diye susturulacak.\u2019\u2019<br \/>\u2018\u2019Bu d\u00fczenleme; Twitter\u2019dan, bir AHaber olu\u015fturma gayretidir. Bu d\u00fczenleme; Facebook\u2019ta, milletimize bitmeyen bir penguen belgeseli izletme \u00e7abas\u0131d\u0131r. \u2018&#8217;<\/p>\n\n\n\n<p><br \/>\u2018\u2019Bu h\u00fck\u00fbmetin depremdeki acizli\u011fini sosyal medya ortaya \u00e7\u0131kard\u0131. Saray medyas\u0131, sahte ba\u015far\u0131 hik\u00e2yeleri yazarken K\u0131z\u0131lay\u2019\u0131n depremzedelere \u00e7ad\u0131r satt\u0131\u011f\u0131 haberi sosyal medyadan yay\u0131ld\u0131. Toplanan vergilerin, kimlerin cebine girdi\u011fini sosyal medya duyurdu. \u0130\u015fte tam da bu y\u00fczden; rezilliklerini meydana d\u00f6ken, her \u015feye d\u00fc\u015fmanlar. Sosyal medyaya d\u00fc\u015fmanlar. Gen\u00e7lere d\u00fc\u015fmanlar. Gen\u00e7lerin kulland\u0131\u011f\u0131, t\u00fcm teknoloji ara\u00e7lar\u0131na d\u00fc\u015fmanlar.\u2019\u2019<\/p>\n\n\n\n<p><br \/>\u2018\u2019Kim Jong\u2019un, uzun boylu ruh ikizi ile Millet \u0130ttifak\u0131\u2019n\u0131n aday\u0131 aras\u0131nda bir tercih yapacaks\u0131n\u0131z. Kuzey Kore\u2019ye \u00f6zenen bir T\u00fcrkiye ile Avrupa standartlar\u0131nda bir demokrasiyi doyas\u0131ya ya\u015fayan bir T\u00fcrkiye aras\u0131nda bir tercih yapacaks\u0131n\u0131z. Kim Jong\u2019un izinden gidenlerle, Atat\u00fcrk\u2019\u00fcn g\u00f6sterdi\u011fi istikamete y\u00fcr\u00fcyenler aras\u0131nda bir tercih yapacaks\u0131n\u0131z. Sizlere, \u00f6\u011frenilmi\u015f \u00e7aresizlik prangalar\u0131 takanlar ile \u2018Kahrolsun istibdat, ya\u015fas\u0131n h\u00fcrriyet\u2019 diye hayk\u0131ranlar aras\u0131nda bir tercih yapacaks\u0131n\u0131z.\u2019\u2019 dedi.<\/p>\n\n\n\n<p><br \/>\u2018\u2019\u00c7\u00fcnk\u00fc; g\u00fc\u00e7 sizde. \u00c7\u00fcnk\u00fc; s\u00f6z sizde. \u00c7\u00fcnk\u00fc; gelecek sizin ellerinizde. Ad\u0131m gibi eminim ki 14 May\u0131s\u2019ta sand\u0131\u011fa gideceksiniz ve kaderinizin dizginlerini, elinize alacaks\u0131n\u0131z! Sand\u0131\u011fa gideceksiniz ve Recep Bey\u2019i, o koltuktan indireceksiniz! Sand\u0131\u011fa gideceksiniz ve Atam\u0131zdan ald\u0131\u011f\u0131n\u0131z emanetin hakk\u0131n\u0131 verip yepyeni bir tarih yazacaks\u0131n\u0131z! Hi\u00e7 \u015f\u00fcphem yok. O sene, bu sene!\u2019\u2019<\/p>\n\n\n\n<p><br \/>Cumhurba\u015fkan\u0131 Erdo\u011fan\u2019\u0131n; \u201cYeni bir d\u00f6nemi ba\u015flat\u0131yoruz. Bu d\u00f6nemin ad\u0131, \u2018\u015fahlan\u0131\u015f\u2019 d\u00f6nemidir.\u201d s\u00f6zlerine ili\u015fkin Cumhurba\u015fkan\u0131 R.T.Erdo\u011fan\u2019\u0131n eski s\u00f6ylemlerini hat\u0131rlatan Meral Ak\u015fener s\u00f6zlerine;<\/p>\n\n\n\n<p><br \/>\u2018\u2019Arkada\u015f! Sen daha d\u00fcn, \u015fahlan\u0131yoruz demiyor muydun? 2018\u2019de, 2020\u2019de, \u015fahlan\u0131yoruz demiyor muydun? 2021\u2019de, 2022\u2019de, yine bir \u015fahlanas\u0131n gelmemi\u015f miydi? Hani prangalar vard\u0131? Hani \u00f6n\u00fcndeki tek engel, parlamenter demokrasiydi? Hani u\u00e7uyordun, hani ka\u00e7\u0131yordun? Hani \u201cBu karde\u015finiz\u2026\u201d diye nutuklar at\u0131yordun? Noldu? Ne de\u011fi\u015fti?\u2019\u2019<\/p>\n\n\n\n<p><br \/>\u201c2023 hedefleri diye diye, 7 se\u00e7im ge\u00e7irdin. 2023\u2019e geldik, sen h\u00e2l\u00e2 ayn\u0131 \u015feyleri s\u00f6yl\u00fcyorsun. H\u00e2l\u00e2 ayn\u0131 vaatlerde bulunuyorsun. Zahmet edip de, se\u00e7im s\u00f6ylemini bile de\u011fi\u015ftirmiyorsun. 2023\u2019te, 2,1 trilyon dolar, mill\u00ee gelir vadediyordun; 2023\u2019e geldik, mill\u00ee gelirimiz, 1 trilyon dolar\u0131 bile bulamad\u0131. 2023\u2019te, 500 milyar dolarl\u0131k, ihracat vadediyordun; 2023\u2019e geldik, yar\u0131s\u0131n\u0131 ancak buldun. 2023\u2019te, ki\u015fi ba\u015f\u0131 25 bin dolar, gelir vadediyordun; 2023\u2019e geldik, 9 bin dolara \u00e7ak\u0131ld\u0131n, kald\u0131n. 2023\u2019te, y\u00fczde 5 enflasyon vadediyordun; 2023\u2019e geldik, y\u00fczde 50 bu\u00e7uk enflasyonla \u00f6v\u00fcn\u00fcr oldun. Yahu siz \u015faka m\u0131s\u0131n\u0131z? B\u00f6yle \u015fuursuzluk olabilir mi? B\u00f6yle ciddiyetsizlik olabilir mi?\u2019\u2019<\/p>\n\n\n\n<p><br \/>\u2018\u2019Tam 21 y\u0131l oldu. Ama sen h\u00e2l\u00e2, asgari d\u00fczeyde bir devlet insan\u0131 olamad\u0131n. Dile kolay. Koskoca 21 y\u0131l. Kim olsa, bir \u015feyler \u00f6\u011frenirdi. Ama sen, maalesef, hi\u00e7bir \u015fey \u00f6\u011frenemedin. Bir de \u00fcst\u00fcne, ge\u00e7ti\u011fimiz hafta, \u00e7\u0131km\u0131\u015fs\u0131n; bana, \u2018Utan, utan.\u2019 diyorsun.\u2019\u2019 dedi.<\/p>\n\n\n\n<p><br \/>Cumhurba\u015fkan\u0131 R.T. Erdo\u011fan\u2019\u0131n kendisine y\u00f6nelik; \u2018\u2019Utan, utan\u2019\u2019 s\u00f6zlerine ili\u015fkin ;<br \/>\u2018\u2019Evet utan\u0131yorum! Bu \u00fclkenin Cumhurba\u015fkan\u0131 olma \u015ferefinin zerresini dahi \u00fczerinde ta\u015f\u0131yamamandan ben utan\u0131yorum! K\u00fcf\u00fcr bula\u015fm\u0131\u015f dilinden, fitne sa\u00e7an s\u00f6zlerinden s\u00f6yledi\u011fin yalanlardan, att\u0131\u011f\u0131n iftiralardan biz utan\u0131yoruz! Milyonlarca vatanda\u015f\u0131na d\u00fc\u015fman g\u00f6z\u00fcyle bakmandan biz utan\u0131yoruz! Ama belli ki sen, hi\u00e7 ama hi\u00e7 utanm\u0131yorsun! Bu y\u00fczden de, nefret sa\u00e7maya, \u00f6fke kusmaya tam gaz devam ediyorsun. \u2018\u2019<\/p>\n\n\n\n<p><br \/>\u2018\u2019Bak Recep Bey; Cudi ve Gabar, senin i\u00e7in vatan olmayabilir. Ama bizim i\u00e7in, Rize ne kadar vatan topra\u011f\u0131ysa Cudi de, o kadar vatan topra\u011f\u0131d\u0131r! Kocaeli ne kadar vatan topra\u011f\u0131ysa Gabar da, o kadar vatan topra\u011f\u0131d\u0131r! Sen kuponcu oldu\u011fundan, vatan topra\u011f\u0131n\u0131n k\u0131ymetini bilmezsin. Ama biz gayet iyi biliriz. Al bayra\u011f\u0131m\u0131z\u0131n g\u00f6lgesinin d\u00fc\u015ft\u00fc\u011f\u00fc her yer bizim i\u00e7in cennettir, cennet! Sak\u0131n unutma!\u2019\u2019<br \/>\u2018\u2019Sonra ne oldu? Millet seni, sand\u0131\u011fa g\u00f6md\u00fc. Hatta, utanmadan bir de a\u011flad\u0131n, m\u0131z\u0131k\u00e7\u0131l\u0131k yapt\u0131n. O zaman ne oldu? Millet seni o sand\u0131\u011fa, bir daha g\u00f6md\u00fc. Hem de bu defa, katmerli g\u00f6md\u00fc. O y\u00fczden, iyisi mi, sen bu tehditlerini, kendine sakla! \u00c7\u00fcnk\u00fc bu kafayla gitmeye devam edersen, 14 May\u0131s\u2019ta, sand\u0131\u011f\u0131n dibini g\u00f6r\u00fcnce, daha \u00e7ok a\u011flars\u0131n. Sonra s\u00f6ylemedi deme.\u2019\u2019 dedi.<\/p>\n\n\n\n<p><br \/>\u2018\u2019Biz milletimize, 21\u2019inci y\u00fczy\u0131lda; mesle\u011fini, hayat\u0131n\u0131, \u00fclkesini, \u00fczerinde gururla ta\u015f\u0131yan t\u00f6kezledi\u011finde, yan\u0131nda devletinin oldu\u011funu hissettiren yeni bir toplumsal s\u00f6zle\u015fme vadediyoruz.\u2019\u2019 diyerek\u00a0 s\u00f6zlerine\u00a0 devam eden Meral Ak\u015fener, toplumsal s\u00f6zle\u015fmenin maddelerini \u015fu \u015fekilde s\u0131ralad\u0131:<\/p>\n\n\n\n<p><br \/>\u2018\u2019Bu toplumsal s\u00f6zle\u015fmenin ilk ve en temel unsuru; ya\u015fatmak. Ya\u015fatan bir T\u00fcrkiye\u2019yi yeniden in\u015fa edece\u011fiz.<br \/>Toplumsal s\u00f6zle\u015fmemizin ikinci unsuru; adaleti sa\u011flamak, adil olmak. Adil bir T\u00fcrkiye\u2019yi yeniden in\u015fa edece\u011fiz.<br \/>Toplumsal s\u00f6zle\u015fmemizin \u00fc\u00e7\u00fcnc\u00fc unsuru; sayg\u0131l\u0131 olmak. Sayg\u0131l\u0131 bir T\u00fcrkiye\u2019yi yeniden in\u015fa edece\u011fiz.<br \/>Toplumsal s\u00f6zle\u015fmemizin d\u00f6rd\u00fcnc\u00fc unsuru; nitelikli insan yeti\u015ftirmek. Nitelikli bir T\u00fcrkiye\u2019yi yeniden in\u015fa edece\u011fiz.\u2019\u2019<br \/>Cumhurba\u015fkan\u0131 R.T Erdo\u011fan\u2019\u0131n ge\u00e7ti\u011fimiz g\u00fcnlerde \u00e7\u0131kt\u0131\u011f\u0131 bir televizyon program\u0131nda; \u2018\u2019 Bizim ad\u0131m\u0131za dikkat et. Benim ad\u0131m Tayyip; soyad\u0131m da Erdo\u011fan. Konu\u015ftu\u011fun zaman buna g\u00f6re konu\u015f. Beni kendinle u\u011fra\u015ft\u0131rma\u201d s\u00f6zlerine ili\u015fkin ;<br \/>\u2018\u2019Vay vay vay\u2026 Bir aslan miyav dedi, minik fare k\u00fckredi. Recep Bey! Sen hi\u00e7 merak etme. Ben kiminle u\u011fra\u015faca\u011f\u0131m\u0131, \u00e7ok iyi bilirim. Mesela ben; kul hakk\u0131 yiyenlerle u\u011fra\u015f\u0131r\u0131m. Mesela ben ter\u00f6ristin mektubunu devletin televizyonunda okutanlarla u\u011fra\u015f\u0131r\u0131m. Mesela ben; emekliden, memurdan, i\u015f\u00e7iden, \u00e7ift\u00e7iden esirgedi\u011fi, milyarlarca liray\u0131, yanda\u015flar\u0131n, rant \u015febekelerinin, ayaklar\u0131n\u0131n seren ya\u011fmac\u0131larla u\u011fra\u015f\u0131r\u0131m!\u2019\u2019<br \/>\u2018\u2019Mesela ben; milletine yalan s\u00f6yleyen, milletinin sesini duymayan \u00fcst\u00fcne de, utanmadan, saraylarda keyif \u00e7atanlarla u\u011fra\u015f\u0131r\u0131m. Analar\u0131 mutfakta, babalar\u0131 da evlatlar\u0131na kar\u015f\u0131, \u00e7aresiz b\u0131rakanlarla; emek\u00e7ileri, memurlar\u0131, enflasyon canavar\u0131na ezdirenlerle; vatanda\u015f\u0131 yokluk i\u00e7indeyken faizcilere, 200 milyar lira aktaranlarla u\u011fra\u015f\u0131r\u0131m. Gen\u00e7leri itip kakanlarla, kad\u0131nlara, hayat\u0131 zindan edenlerle; milletin helal a\u015f\u0131na, ekme\u011fine, el uzatanlarla u\u011fra\u015f\u0131r\u0131m! Ve hi\u00e7 kusura bakma; Sen sevsen de, sevmesen de, u\u011fra\u015fmaya devam edece\u011fim!\u2019\u2019<\/p>\n\n\n\n<p>Ge\u00e7ti\u011fimiz g\u00fcnlerde \u0130stanbul \u0130l Ba\u015fkanl\u0131\u011f\u0131na y\u00f6nelik d\u00fczenlenen silahl\u0131 sald\u0131r\u0131ya ili\u015fkin Meral Ak\u015fener, iktidar\u0131n ald\u0131\u011f\u0131 tutumun devlet ciddiyetinden uzak oldu\u011funu vurgulayarak;<br \/>\u2018\u2019Neymi\u015f efendim? \u0130n\u015faat bek\u00e7isi bir karde\u015fimiz, h\u0131rs\u0131z koval\u0131yormu\u015f. H\u0131rs\u0131zlar\u0131 ka\u00e7\u0131rmak i\u00e7in de, havaya ate\u015f etmi\u015f. Ne hikmetse, kur\u015funlar gelmi\u015f, \u0130Y\u0130 Parti\u2019yi vurmu\u015f. Bak\u0131n siz \u015fu i\u015fe\u2026 Allah\u2019tan, il binam\u0131z Kabata\u015f\u2019ta de\u011fil\u2026 Bilmeyenler i\u00e7in s\u00f6yleyeyim. \u0130stanbul \u0130l Ba\u015fkanl\u0131\u011f\u0131m\u0131z, san\u0131lan\u0131n aksine, havada de\u011fil, yerdedir.\u2019\u2019<\/p>\n\n\n\n<p><br \/>\u2018\u2019Ya ifade yanl\u0131\u015f, ya da bu bek\u00e7i karde\u015fimiz bir aksiyon filmine \u00f6zenmi\u015f olacak. Mermiye falso vermi\u015f ve ola\u011fan\u00fcst\u00fc bir ni\u015fanc\u0131l\u0131k sergileyerek yanl\u0131\u015fl\u0131kla binam\u0131z\u0131 vurmu\u015f.\u2019\u2019 dedi.<br \/>Cumhurba\u015fkan\u0131 R.T.Erdo\u011fan\u2019\u0131n; \u2018\u2019\u0130\u00e7i\u015fleri Bakanl\u0131\u011f\u0131 bunun faillerini buldu \u00e7\u0131kard\u0131 ve ne oldu\u011fu \u00e7\u0131kt\u0131 ortaya. Haydi bakal\u0131m \u015fimdi Erdo\u011fan&#8217;dan \u00f6z\u00fcr dileyebiliyor musun?&#8221; s\u00f6zlerine ili\u015fkin;<\/p>\n\n\n\n<p><br \/>\u2018\u2019Sanki h\u0131rs\u0131zl\u0131k hadisesi, normal bir olaym\u0131\u015f gibi; h\u0131rs\u0131zlara ate\u015f etmek de, bu Teksasl\u0131 karde\u015fimizin, g\u00fcnl\u00fck rutiniymi\u015f gibi gitmi\u015f evine, bir g\u00fczel yat\u0131p uyumu\u015f. Hollywood prod\u00fcksiyonlar\u0131na, ta\u015f \u00e7\u0131kartacak bu fantastik a\u00e7\u0131klaman\u0131n, sonunda ise Recep Bey \u00e7\u0131km\u0131\u015f, benden \u00f6z\u00fcr bekliyormu\u015f. \u00c7\u00fcnk\u00fc, kendisi \u00e7ok k\u0131r\u0131lm\u0131\u015f. Duygular\u0131 incinmi\u015f. Rencide olmu\u015f. Vah vah. Yaz\u0131k ki ne yaz\u0131k. Recep Bey; utanmasan, mermiye sald\u0131rd\u0131 diye, parti binam\u0131z\u0131 tutuklayacaks\u0131n. Bir de senden, \u00f6z\u00fcr dileyece\u011fim, \u00f6yle mi? Hadi oradan be hadi oradan! \u00c7ok beklersin!\u2019\u2019 dedi.<\/p>\n\n\n\n<p><br \/>Partililere seslenerek konu\u015fmas\u0131na devam eden\u00a0 Meral Ak\u015fener; \u2018\u2019Ne mutlu bize ki; bug\u00fcn, K\u00fcr\u015fad\u2019\u0131n g\u00fcr sesiyle Tanr\u0131 Da\u011f\u0131\u2019ndan iniyoruz. T\u00fcrk Milleti\u2019ni hapseden o seddi y\u0131kmaya geliyoruz! Zul\u00fcm seddini, yalan seddini, k\u00fcf\u00fcr seddini par\u00e7alamaya geliyoruz! Milletin aya\u011f\u0131na vurulmu\u015f prangay\u0131, s\u00f6k\u00fcp atmaya geliyoruz. El ele, omuz omuza, tarih yazmaya geliyoruz!\u2019\u2019 diyerek k\u00fcrs\u00fcde mermi kovan\u0131 \u00e7\u0131kartt\u0131.<br \/>\u00c7\u0131kard\u0131\u011f\u0131 her bir kovan i\u00e7in ayr\u0131 ayr\u0131 konu\u015fan Meral Ak\u015fener, s\u00f6zlerine;<\/p>\n\n\n\n<p><br \/>\u2018\u2019Soruyorum sizlere! Bunca engeli, a\u015ft\u0131ktan sonra; \u015fimdi bize, bu kur\u015fun mu dur diyecek? S\u00f6yleyin! Sinan Ate\u015f durdu mu?<br \/>Bunca tehdide, direndikten sonra \u015fimdi bizi, bu kur\u015fun mu korkutacak?<\/p>\n\n\n\n<p><br \/>S\u00f6yleyin! \u00d6mer Halisdemir, korktu mu?<br \/>Bunca ahlaks\u0131zl\u0131\u011fa, g\u00f6\u011f\u00fcs gerdikten sonra; \u015fimdi bizi, bu kur\u015fun mu sindirecek?<br \/>S\u00f6yleyin! \u00d6zgecan\u2019lar, \u015eule\u2019ler, Ceren\u2019ler sindi mi?<br \/>Bunca tuza\u011f\u0131 bozduktan sonra; \u015fimdi bizi, bu kur\u015fun mu \u00f6ld\u00fcrecek?<\/p>\n\n\n\n<p><br \/>S\u00f6yleyin! Gaffar Okkan\u2019lar, U\u011fur Mumcu\u2019lar, \u00f6ld\u00fc m\u00fc?<br \/>Bunca hainli\u011fin, \u00fcstesinden geldikten sonra; \u015fimdi bizi, mill\u00ee misak\u0131m\u0131zdan, bu kur\u015fun mu vazge\u00e7irecek?<br \/>S\u00f6yleyin! Eren B\u00fclb\u00fcller, Yasin B\u00f6r\u00fc\u2019ler, Ayb\u00fcke \u00d6\u011fretmen\u2019ler, vazge\u00e7ti mi?<br \/>Bunca nifak\u0131, bunca fitneyi, hakikatin \u0131\u015f\u0131\u011f\u0131yla yendikten sonra; \u015fimdi bizi, bu kur\u015funa adres verenler mi ay\u0131racak? S\u00f6yleyin! Hilalle y\u0131ld\u0131z hi\u00e7 ayr\u0131ld\u0131 m\u0131?\u2019\u2019<\/p>\n\n\n\n<p><br \/>Mermi kovanlar\u0131n\u0131 g\u00f6sterip; \u2018\u2019T\u00fcm mermilere g\u00f6\u011f\u00fcs gerip; milletimize g\u00fcne\u015f olacaks\u0131n\u0131z! S\u00f6z m\u00fc? 15 May\u0131s g\u00fcn\u00fc burada; g\u00fclmeyen y\u00fczleri g\u00fcld\u00fcrmek i\u00e7in, susmu\u015f sesleri hayk\u0131rmak i\u00e7in, \u00e7\u00f6ken karanl\u0131\u011f\u0131 da\u011f\u0131tmak i\u00e7in 40\u2019tan 40 bin olacaks\u0131n\u0131z! S\u00f6z m\u00fc? T\u00fcrk\u00fcn T\u00fcrk\u00fcs\u00fc olacaks\u0131n\u0131z! S\u00f6z m\u00fc? Milletin \u015eiiri olacaks\u0131n\u0131z! S\u00f6z m\u00fc?\u2019\u2019 dedi.<\/p>\n\n\n\n<p><br \/>\u2018\u2019Bilge Ka\u011fan\u2019\u0131n, K\u00fcr\u015fad\u2019\u0131n, Fatih\u2019in torunlar\u0131! Mustafa Kemal\u2019in \u00e7ocuklar\u0131! T\u00fcrkiye\u2019nin \u0130Y\u0130 ve cesur evlatlar\u0131! Bu millet, 15 May\u0131s sabah\u0131; 21 y\u0131ld\u0131r, kendine bi\u00e7ilen deli g\u00f6mle\u011fini, y\u0131rt\u0131p atacak. Bu millet, 15 May\u0131s sabah\u0131; istibdad\u0131n \u00e7\u00fcr\u00fck zincirlerini, k\u0131r\u0131p atacak. Bu millet, 15 May\u0131s sabah\u0131; hep bir a\u011f\u0131zdan, \u2018H\u00fcrriyet!\u2019 diye hayk\u0131racak! Ve 15 May\u0131s\u2019\u0131n \u015fafa\u011f\u0131nda; T\u00fcrkiye, tarih yazacak! S\u00f6z m\u00fc? Allah sizlerden raz\u0131 olsun. S\u00f6z\u00fcn\u00fcz s\u00f6z\u00fcm\u00fcz, millet yolu, yolumuz olsun!\u2019\u2019dedi.<\/p>\n\n\n\n<p><br \/><\/p>\n\n\n\n<figure class=\"wp-block-embed is-type-rich is-provider-twitter wp-block-embed-twitter\"><div class=\"wp-block-embed__wrapper\">\n<blockquote class=\"twitter-tweet\" data-width=\"550\" data-dnt=\"true\"><p lang=\"tr\" dir=\"ltr\">\u015eimdi bizi bu kur\u015fun mu korkutacak? <a href=\"https:\/\/t.co\/aPbJEBTBTk\">pic.twitter.com\/aPbJEBTBTk<\/a><\/p>&mdash; Meral Ak\u015fener (@meral_aksener) <a href=\"https:\/\/twitter.com\/meral_aksener\/status\/1643584273180499968?ref_src=twsrc%5Etfw\">April 5, 2023<\/a><\/blockquote><script async src=\"https:\/\/platform.twitter.com\/widgets.js\" charset=\"utf-8\"><\/script>\n<\/div><\/figure>\n","protected":false},"excerpt":{"rendered":"<p>Meral Ak\u015fener 5 nisan \u00c7ar\u015famba g\u00fcn\u00fc, son grup toplant\u0131s\u0131n\u0131 yapt\u0131. Konu\u015fmas\u0131nda Cumhurba\u015fkan\u0131 R.T.Erdo\u011fan&#8217;a ve AKP iktidar\u0131na; \u2018\u2019Uzun zamand\u0131r; ciddiyetten mahrumuz. \u00c7\u00fcnk\u00fc; g\u00f6rev bilincini kaybetmi\u015f bir iktidar taraf\u0131ndan y\u00f6netiliyoruz. Verdi\u011fi hi\u00e7bir s\u00f6z\u00fc, tutamayan; mafyalar\u0131, simsarlar\u0131, uyu\u015fturucu ka\u00e7ak\u00e7\u0131lar\u0131n\u0131 kollayan Sinan Ate\u015f\u2019in katillerine g\u00f6z yuman zalim bir iktidar! Sorumsuz bir iktidar! Korkak bir iktidar! Ve art\u0131k vaktini, \u00e7oktan [&hellip;]<\/p>\n","protected":false},"author":12791,"featured_media":136727,"comment_status":"closed","ping_status":"open","sticky":false,"template":"","format":"standard","meta":{"_yoast_wpseo_focuskw":"","_yoast_wpseo_title":"","_yoast_wpseo_metadesc":"","_bbp_topic_count":0,"_bbp_reply_count":0,"_bbp_total_topic_count":0,"_bbp_total_reply_count":0,"_bbp_voice_count":0,"_bbp_anonymous_reply_count":0,"_bbp_topic_count_hidden":0,"_bbp_reply_count_hidden":0,"_bbp_forum_subforum_count":0,"footnotes":"","_yoast_wpseo_focuskw_text_input":""},"categories":[1,37],"tags":[],"yoast_head":"<!-- This site is optimized with the Yoast SEO plugin v23.0 - https:\/\/yoast.com\/wordpress\/plugins\/seo\/ -->\n<title>Meral Ak\u015fener&#039;den Mermi Kovanlar\u0131 \u0130le Yan\u0131t - The Epoch Times TR<\/title>\n<meta name=\"robots\" content=\"index, follow, max-snippet:-1, max-image-preview:large, max-video-preview:-1\" \/>\n<link rel=\"canonical\" href=\"https:\/\/epochtimestr.com\/index.php\/meral-aksenerden-mermi-kovanlari-ile-yanit\" \/>\n<meta property=\"og:locale\" content=\"tr_TR\" \/>\n<meta property=\"og:type\" content=\"article\" \/>\n<meta property=\"og:title\" content=\"Meral Ak\u015fener&#039;den Mermi Kovanlar\u0131 \u0130le Yan\u0131t - The Epoch Times TR\" \/>\n<meta property=\"og:description\" content=\"Meral Ak\u015fener 5 nisan \u00c7ar\u015famba g\u00fcn\u00fc, son grup toplant\u0131s\u0131n\u0131 yapt\u0131. Konu\u015fmas\u0131nda Cumhurba\u015fkan\u0131 R.T.Erdo\u011fan&#8217;a ve AKP iktidar\u0131na; \u2018\u2019Uzun zamand\u0131r; ciddiyetten mahrumuz. \u00c7\u00fcnk\u00fc; g\u00f6rev bilincini kaybetmi\u015f bir iktidar taraf\u0131ndan y\u00f6netiliyoruz. Verdi\u011fi hi\u00e7bir s\u00f6z\u00fc, tutamayan; mafyalar\u0131, simsarlar\u0131, uyu\u015fturucu ka\u00e7ak\u00e7\u0131lar\u0131n\u0131 kollayan Sinan Ate\u015f\u2019in katillerine g\u00f6z yuman zalim bir iktidar! Sorumsuz bir iktidar! Korkak bir iktidar! Ve art\u0131k vaktini, \u00e7oktan [&hellip;]\" \/>\n<meta property=\"og:url\" content=\"https:\/\/epochtimestr.com\/index.php\/meral-aksenerden-mermi-kovanlari-ile-yanit\" \/>\n<meta property=\"og:site_name\" content=\"The Epoch Times TR\" \/>\n<meta property=\"article:publisher\" content=\"https:\/\/www.facebook.com\/theepochtimestr\" \/>\n<meta property=\"article:published_time\" content=\"2023-04-06T05:33:28+00:00\" \/>\n<meta property=\"article:modified_time\" content=\"2023-04-06T05:33:31+00:00\" \/>\n<meta property=\"og:image\" content=\"https:\/\/epochtimestr.com\/wp-content\/uploads\/2011y\/Meral-Aksener-IYIParti-TBMMKonusma.png\" \/>\n\t<meta property=\"og:image:width\" content=\"1368\" \/>\n\t<meta property=\"og:image:height\" content=\"768\" \/>\n\t<meta property=\"og:image:type\" content=\"image\/png\" \/>\n<meta name=\"author\" content=\"Haber Merkezi\" \/>\n<meta name=\"twitter:card\" content=\"summary_large_image\" \/>\n<meta name=\"twitter:creator\" content=\"@TheEpochTimesTR\" \/>\n<meta name=\"twitter:site\" content=\"@TheEpochTimesTR\" \/>\n<meta name=\"twitter:label1\" content=\"Yazan:\" \/>\n\t<meta name=\"twitter:data1\" content=\"Haber Merkezi\" \/>\n\t<meta name=\"twitter:label2\" content=\"Tahmini okuma s\u00fcresi\" \/>\n\t<meta name=\"twitter:data2\" content=\"7 dakika\" \/>\n<script type=\"application\/ld+json\" class=\"yoast-schema-graph\">{\"@context\":\"https:\/\/schema.org\",\"@graph\":[{\"@type\":\"Article\",\"@id\":\"https:\/\/epochtimestr.com\/index.php\/meral-aksenerden-mermi-kovanlari-ile-yanit#article\",\"isPartOf\":{\"@id\":\"https:\/\/epochtimestr.com\/index.php\/meral-aksenerden-mermi-kovanlari-ile-yanit\"},\"author\":{\"name\":\"Haber Merkezi\",\"@id\":\"https:\/\/epochtimestr.com\/#\/schema\/person\/3dc5c3adeb9f43923c5aa85889172fdd\"},\"headline\":\"Meral Ak\u015fener&#8217;den Mermi Kovanlar\u0131 \u0130le Yan\u0131t\",\"datePublished\":\"2023-04-06T05:33:28+00:00\",\"dateModified\":\"2023-04-06T05:33:31+00:00\",\"mainEntityOfPage\":{\"@id\":\"https:\/\/epochtimestr.com\/index.php\/meral-aksenerden-mermi-kovanlari-ile-yanit\"},\"wordCount\":2211,\"publisher\":{\"@id\":\"https:\/\/epochtimestr.com\/#organization\"},\"image\":{\"@id\":\"https:\/\/epochtimestr.com\/index.php\/meral-aksenerden-mermi-kovanlari-ile-yanit#primaryimage\"},\"thumbnailUrl\":\"https:\/\/epochtimestr.com\/wp-content\/uploads\/2011y\/Meral-Aksener-IYIParti-TBMMKonusma.png\",\"articleSection\":[\"G\u00dcNDEM\",\"T\u00dcRK\u0130YE\"],\"inLanguage\":\"tr\"},{\"@type\":\"WebPage\",\"@id\":\"https:\/\/epochtimestr.com\/index.php\/meral-aksenerden-mermi-kovanlari-ile-yanit\",\"url\":\"https:\/\/epochtimestr.com\/index.php\/meral-aksenerden-mermi-kovanlari-ile-yanit\",\"name\":\"Meral Ak\u015fener'den Mermi Kovanlar\u0131 \u0130le Yan\u0131t - The Epoch Times TR\",\"isPartOf\":{\"@id\":\"https:\/\/epochtimestr.com\/#website\"},\"primaryImageOfPage\":{\"@id\":\"https:\/\/epochtimestr.com\/index.php\/meral-aksenerden-mermi-kovanlari-ile-yanit#primaryimage\"},\"image\":{\"@id\":\"https:\/\/epochtimestr.com\/index.php\/meral-aksenerden-mermi-kovanlari-ile-yanit#primaryimage\"},\"thumbnailUrl\":\"https:\/\/epochtimestr.com\/wp-content\/uploads\/2011y\/Meral-Aksener-IYIParti-TBMMKonusma.png\",\"datePublished\":\"2023-04-06T05:33:28+00:00\",\"dateModified\":\"2023-04-06T05:33:31+00:00\",\"inLanguage\":\"tr\",\"potentialAction\":[{\"@type\":\"ReadAction\",\"target\":[\"https:\/\/epochtimestr.com\/index.php\/meral-aksenerden-mermi-kovanlari-ile-yanit\"]}]},{\"@type\":\"ImageObject\",\"inLanguage\":\"tr\",\"@id\":\"https:\/\/epochtimestr.com\/index.php\/meral-aksenerden-mermi-kovanlari-ile-yanit#primaryimage\",\"url\":\"https:\/\/epochtimestr.com\/wp-content\/uploads\/2011y\/Meral-Aksener-IYIParti-TBMMKonusma.png\",\"contentUrl\":\"https:\/\/epochtimestr.com\/wp-content\/uploads\/2011y\/Meral-Aksener-IYIParti-TBMMKonusma.png\",\"width\":1368,\"height\":768},{\"@type\":\"WebSite\",\"@id\":\"https:\/\/epochtimestr.com\/#website\",\"url\":\"https:\/\/epochtimestr.com\/\",\"name\":\"The Epoch Times TR\",\"description\":\"De\u011fi\u015fen D\u00fcnyam\u0131za Taze Bir Bak\u0131\u015f\",\"publisher\":{\"@id\":\"https:\/\/epochtimestr.com\/#organization\"},\"potentialAction\":[{\"@type\":\"SearchAction\",\"target\":{\"@type\":\"EntryPoint\",\"urlTemplate\":\"https:\/\/epochtimestr.com\/?s={search_term_string}\"},\"query-input\":\"required name=search_term_string\"}],\"inLanguage\":\"tr\"},{\"@type\":\"Organization\",\"@id\":\"https:\/\/epochtimestr.com\/#organization\",\"name\":\"The EpochTimes T\u00fcrkiye\",\"url\":\"https:\/\/epochtimestr.com\/\",\"logo\":{\"@type\":\"ImageObject\",\"inLanguage\":\"tr\",\"@id\":\"https:\/\/epochtimestr.com\/#\/schema\/logo\/image\/\",\"url\":\"https:\/\/epochtimestr.com\/wp-content\/uploads\/2011y\/ET-Logo-YG.jpg\",\"contentUrl\":\"https:\/\/epochtimestr.com\/wp-content\/uploads\/2011y\/ET-Logo-YG.jpg\",\"width\":346,\"height\":29,\"caption\":\"The EpochTimes T\u00fcrkiye\"},\"image\":{\"@id\":\"https:\/\/epochtimestr.com\/#\/schema\/logo\/image\/\"},\"sameAs\":[\"https:\/\/www.facebook.com\/theepochtimestr\",\"https:\/\/x.com\/TheEpochTimesTR\",\"https:\/\/www.instagram.com\/epochtimestr\"]},{\"@type\":\"Person\",\"@id\":\"https:\/\/epochtimestr.com\/#\/schema\/person\/3dc5c3adeb9f43923c5aa85889172fdd\",\"name\":\"Haber Merkezi\",\"image\":{\"@type\":\"ImageObject\",\"inLanguage\":\"tr\",\"@id\":\"https:\/\/epochtimestr.com\/#\/schema\/person\/image\/\",\"url\":\"https:\/\/secure.gravatar.com\/avatar\/d73f772ba5a74f28601361e17c2f93e6?s=96&d=mm&r=g\",\"contentUrl\":\"https:\/\/secure.gravatar.com\/avatar\/d73f772ba5a74f28601361e17c2f93e6?s=96&d=mm&r=g\",\"caption\":\"Haber Merkezi\"},\"url\":\"https:\/\/epochtimestr.com\/index.php\/author\/sendag\"}]}<\/script>\n<!-- \/ Yoast SEO plugin. -->","yoast_head_json":{"title":"Meral Ak\u015fener'den Mermi Kovanlar\u0131 \u0130le Yan\u0131t - The Epoch Times TR","robots":{"index":"index","follow":"follow","max-snippet":"max-snippet:-1","max-image-preview":"max-image-preview:large","max-video-preview":"max-video-preview:-1"},"canonical":"https:\/\/epochtimestr.com\/index.php\/meral-aksenerden-mermi-kovanlari-ile-yanit","og_locale":"tr_TR","og_type":"article","og_title":"Meral Ak\u015fener'den Mermi Kovanlar\u0131 \u0130le Yan\u0131t - The Epoch Times TR","og_description":"Meral Ak\u015fener 5 nisan \u00c7ar\u015famba g\u00fcn\u00fc, son grup toplant\u0131s\u0131n\u0131 yapt\u0131. Konu\u015fmas\u0131nda Cumhurba\u015fkan\u0131 R.T.Erdo\u011fan&#8217;a ve AKP iktidar\u0131na; \u2018\u2019Uzun zamand\u0131r; ciddiyetten mahrumuz. \u00c7\u00fcnk\u00fc; g\u00f6rev bilincini kaybetmi\u015f bir iktidar taraf\u0131ndan y\u00f6netiliyoruz. Verdi\u011fi hi\u00e7bir s\u00f6z\u00fc, tutamayan; mafyalar\u0131, simsarlar\u0131, uyu\u015fturucu ka\u00e7ak\u00e7\u0131lar\u0131n\u0131 kollayan Sinan Ate\u015f\u2019in katillerine g\u00f6z yuman zalim bir iktidar! Sorumsuz bir iktidar! Korkak bir iktidar! Ve art\u0131k vaktini, \u00e7oktan [&hellip;]","og_url":"https:\/\/epochtimestr.com\/index.php\/meral-aksenerden-mermi-kovanlari-ile-yanit","og_site_name":"The Epoch Times TR","article_publisher":"https:\/\/www.facebook.com\/theepochtimestr","article_published_time":"2023-04-06T05:33:28+00:00","article_modified_time":"2023-04-06T05:33:31+00:00","og_image":[{"width":1368,"height":768,"url":"https:\/\/epochtimestr.com\/wp-content\/uploads\/2011y\/Meral-Aksener-IYIParti-TBMMKonusma.png","type":"image\/png"}],"author":"Haber Merkezi","twitter_card":"summary_large_image","twitter_creator":"@TheEpochTimesTR","twitter_site":"@TheEpochTimesTR","twitter_misc":{"Yazan:":"Haber Merkezi","Tahmini okuma s\u00fcresi":"7 dakika"},"schema":{"@context":"https:\/\/schema.org","@graph":[{"@type":"Article","@id":"https:\/\/epochtimestr.com\/index.php\/meral-aksenerden-mermi-kovanlari-ile-yanit#article","isPartOf":{"@id":"https:\/\/epochtimestr.com\/index.php\/meral-aksenerden-mermi-kovanlari-ile-yanit"},"author":{"name":"Haber Merkezi","@id":"https:\/\/epochtimestr.com\/#\/schema\/person\/3dc5c3adeb9f43923c5aa85889172fdd"},"headline":"Meral Ak\u015fener&#8217;den Mermi Kovanlar\u0131 \u0130le Yan\u0131t","datePublished":"2023-04-06T05:33:28+00:00","dateModified":"2023-04-06T05:33:31+00:00","mainEntityOfPage":{"@id":"https:\/\/epochtimestr.com\/index.php\/meral-aksenerden-mermi-kovanlari-ile-yanit"},"wordCount":2211,"publisher":{"@id":"https:\/\/epochtimestr.com\/#organization"},"image":{"@id":"https:\/\/epochtimestr.com\/index.php\/meral-aksenerden-mermi-kovanlari-ile-yanit#primaryimage"},"thumbnailUrl":"https:\/\/epochtimestr.com\/wp-content\/uploads\/2011y\/Meral-Aksener-IYIParti-TBMMKonusma.png","articleSection":["G\u00dcNDEM","T\u00dcRK\u0130YE"],"inLanguage":"tr"},{"@type":"WebPage","@id":"https:\/\/epochtimestr.com\/index.php\/meral-aksenerden-mermi-kovanlari-ile-yanit","url":"https:\/\/epochtimestr.com\/index.php\/meral-aksenerden-mermi-kovanlari-ile-yanit","name":"Meral Ak\u015fener'den Mermi Kovanlar\u0131 \u0130le Yan\u0131t - The Epoch Times TR","isPartOf":{"@id":"https:\/\/epochtimestr.com\/#website"},"primaryImageOfPage":{"@id":"https:\/\/epochtimestr.com\/index.php\/meral-aksenerden-mermi-kovanlari-ile-yanit#primaryimage"},"image":{"@id":"https:\/\/epochtimestr.com\/index.php\/meral-aksenerden-mermi-kovanlari-ile-yanit#primaryimage"},"thumbnailUrl":"https:\/\/epochtimestr.com\/wp-content\/uploads\/2011y\/Meral-Aksener-IYIParti-TBMMKonusma.png","datePublished":"2023-04-06T05:33:28+00:00","dateModified":"2023-04-06T05:33:31+00:00","inLanguage":"tr","potentialAction":[{"@type":"ReadAction","target":["https:\/\/epochtimestr.com\/index.php\/meral-aksenerden-mermi-kovanlari-ile-yanit"]}]},{"@type":"ImageObject","inLanguage":"tr","@id":"https:\/\/epochtimestr.com\/index.php\/meral-aksenerden-mermi-kovanlari-ile-yanit#primaryimage","url":"https:\/\/epochtimestr.com\/wp-content\/uploads\/2011y\/Meral-Aksener-IYIParti-TBMMKonusma.png","contentUrl":"https:\/\/epochtimestr.com\/wp-content\/uploads\/2011y\/Meral-Aksener-IYIParti-TBMMKonusma.png","width":1368,"height":768},{"@type":"WebSite","@id":"https:\/\/epochtimestr.com\/#website","url":"https:\/\/epochtimestr.com\/","name":"The Epoch Times TR","description":"De\u011fi\u015fen D\u00fcnyam\u0131za Taze Bir Bak\u0131\u015f","publisher":{"@id":"https:\/\/epochtimestr.com\/#organization"},"potentialAction":[{"@type":"SearchAction","target":{"@type":"EntryPoint","urlTemplate":"https:\/\/epochtimestr.com\/?s={search_term_string}"},"query-input":"required name=search_term_string"}],"inLanguage":"tr"},{"@type":"Organization","@id":"https:\/\/epochtimestr.com\/#organization","name":"The EpochTimes T\u00fcrkiye","url":"https:\/\/epochtimestr.com\/","logo":{"@type":"ImageObject","inLanguage":"tr","@id":"https:\/\/epochtimestr.com\/#\/schema\/logo\/image\/","url":"https:\/\/epochtimestr.com\/wp-content\/uploads\/2011y\/ET-Logo-YG.jpg","contentUrl":"https:\/\/epochtimestr.com\/wp-content\/uploads\/2011y\/ET-Logo-YG.jpg","width":346,"height":29,"caption":"The EpochTimes T\u00fcrkiye"},"image":{"@id":"https:\/\/epochtimestr.com\/#\/schema\/logo\/image\/"},"sameAs":["https:\/\/www.facebook.com\/theepochtimestr","https:\/\/x.com\/TheEpochTimesTR","https:\/\/www.instagram.com\/epochtimestr"]},{"@type":"Person","@id":"https:\/\/epochtimestr.com\/#\/schema\/person\/3dc5c3adeb9f43923c5aa85889172fdd","name":"Haber Merkezi","image":{"@type":"ImageObject","inLanguage":"tr","@id":"https:\/\/epochtimestr.com\/#\/schema\/person\/image\/","url":"https:\/\/secure.gravatar.com\/avatar\/d73f772ba5a74f28601361e17c2f93e6?s=96&d=mm&r=g","contentUrl":"https:\/\/secure.gravatar.com\/avatar\/d73f772ba5a74f28601361e17c2f93e6?s=96&d=mm&r=g","caption":"Haber Merkezi"},"url":"https:\/\/epochtimestr.com\/index.php\/author\/sendag"}]}},"_links":{"self":[{"href":"https:\/\/epochtimestr.com\/index.php\/wp-json\/wp\/v2\/posts\/143417"}],"collection":[{"href":"https:\/\/epochtimestr.com\/index.php\/wp-json\/wp\/v2\/posts"}],"about":[{"href":"https:\/\/epochtimestr.com\/index.php\/wp-json\/wp\/v2\/types\/post"}],"author":[{"embeddable":true,"href":"https:\/\/epochtimestr.com\/index.php\/wp-json\/wp\/v2\/users\/12791"}],"replies":[{"embeddable":true,"href":"https:\/\/epochtimestr.com\/index.php\/wp-json\/wp\/v2\/comments?post=143417"}],"version-history":[{"count":1,"href":"https:\/\/epochtimestr.com\/index.php\/wp-json\/wp\/v2\/posts\/143417\/revisions"}],"predecessor-version":[{"id":143418,"href":"https:\/\/epochtimestr.com\/index.php\/wp-json\/wp\/v2\/posts\/143417\/revisions\/143418"}],"wp:featuredmedia":[{"embeddable":true,"href":"https:\/\/epochtimestr.com\/index.php\/wp-json\/wp\/v2\/media\/136727"}],"wp:attachment":[{"href":"https:\/\/epochtimestr.com\/index.php\/wp-json\/wp\/v2\/media?parent=143417"}],"wp:term":[{"taxonomy":"category","embeddable":true,"href":"https:\/\/epochtimestr.com\/index.php\/wp-json\/wp\/v2\/categories?post=143417"},{"taxonomy":"post_tag","embeddable":true,"href":"https:\/\/epochtimestr.com\/index.php\/wp-json\/wp\/v2\/tags?post=143417"}],"curies":[{"name":"wp","href":"https:\/\/api.w.org\/{rel}","templated":true}]}}