{"id":143548,"date":"2023-04-12T13:56:42","date_gmt":"2023-04-12T10:56:42","guid":{"rendered":"https:\/\/epochtimestr.com\/?p=143548"},"modified":"2023-04-12T13:56:45","modified_gmt":"2023-04-12T10:56:45","slug":"kemal-kilicdaroglu-canakkalede","status":"publish","type":"post","link":"https:\/\/epochtimestr.com\/index.php\/kemal-kilicdaroglu-canakkalede","title":{"rendered":"Kemal K\u0131l\u0131\u00e7daro\u011flu \u00c7anakkale&#8217;de"},"content":{"rendered":"\n<div class=\"wp-block-image\"><figure class=\"aligncenter size-full\"><img loading=\"lazy\" decoding=\"async\" width=\"600\" height=\"337\" src=\"https:\/\/epochtimestr.com\/wp-content\/uploads\/2011y\/signal-2023-04-11-17-27-13-518.jpg\" alt=\"\" class=\"wp-image-143550\" srcset=\"https:\/\/epochtimestr.com\/wp-content\/uploads\/2011y\/signal-2023-04-11-17-27-13-518.jpg 600w, https:\/\/epochtimestr.com\/wp-content\/uploads\/2011y\/signal-2023-04-11-17-27-13-518-300x169.jpg 300w, https:\/\/epochtimestr.com\/wp-content\/uploads\/2011y\/signal-2023-04-11-17-27-13-518-150x84.jpg 150w\" sizes=\"(max-width: 600px) 100vw, 600px\" \/><\/figure><\/div>\n\n\n\n<p><br \/>Millet \u0130ttifak\u0131 Cumhurba\u015fkan\u0131 Aday\u0131 Kemal K\u0131l\u0131\u00e7daro\u011flu, \u0130BB Ba\u015fkan\u0131 \u0130mamo\u011flu ve ABB Ba\u015fkan\u0131 Mansur Yava\u015f ile birlikte bug\u00fcn \u00c7anakkale\u2019de ger\u00e7ekle\u015ftirilen Millet Bulu\u015fmas\u0131\u2019na kat\u0131ld\u0131, \u00c7anakkale Belediyesi Hizmet Binas\u0131 a\u00e7\u0131l\u0131\u015f kurdelesini kesti.<br \/>CHP Genel Ba\u015fkan\u0131 ve Cumhurba\u015fkan\u0131 Aday\u0131 Kemal K\u0131l\u0131\u00e7daro\u011flu, Millet Bulu\u015fmas\u0131&#8217;nda yapt\u0131\u011f\u0131 konu\u015fmas\u0131n da \u015funlar\u0131 s\u00f6yledi:<br \/>\u2018Ben Kemal geliyorum\u2019 diyor. Meraklanmay\u0131n gelece\u011fiz. Ben Kemal gelece\u011fim ve T\u00fcrkiye\u2019nin b\u00fct\u00fcn sorunlar\u0131n\u0131 \u00e7\u00f6zece\u011fiz. El birli\u011fiyle \u00e7\u00f6zece\u011fiz.<\/p>\n\n\n\n<p><br \/>\u201cSize s\u00f6z\u00fcm s\u00f6z, 16 cumhurba\u015fkanl\u0131\u011f\u0131 u\u00e7a\u011f\u0131n\u0131 sataca\u011f\u0131m, yang\u0131n s\u00f6nd\u00fcrme u\u00e7aklar\u0131 alaca\u011f\u0131m. Bizim \u00f6yle l\u00fckse falan ihtiyac\u0131m\u0131z yok. Cumhurba\u015fkan\u0131 dedi\u011finiz m\u00fctevaz\u0131d\u0131r, halk\u0131n\u0131 d\u00fc\u015f\u00fcn\u00fcr, T\u00fcrkiye\u2019deki paralar\u0131n\u0131 yanda\u015flar\u0131 arac\u0131l\u0131\u011f\u0131yla Amerikal\u0131lara g\u00f6ndermez.\u201d<br \/>\u201cBe\u015fli \u00e7eteler beni istemezler. Be\u015fli \u00e7eteler engellemek isterler. Be\u015fli \u00e7eteler aman ha sak\u0131n K\u0131l\u0131\u00e7daro\u011flu olmas\u0131n derler. Size s\u00f6z\u00fcm, be\u015fli \u00e7eteler de\u011fil be\u015f binli \u00e7eteler olsa da kul hakk\u0131 yiyenden hesab\u0131n\u0131 soraca\u011f\u0131m. Fakirin, fukaran\u0131n hakk\u0131n\u0131 yiyenden hesab\u0131n\u0131 soraca\u011f\u0131m. O be\u015fli \u00e7eteler haz\u0131rl\u0131kl\u0131 olsunlar. \u2018Efendim mal\u0131m\u0131z\u0131, m\u00fclk\u00fcm\u00fcz\u00fc, param\u0131z\u0131 yurtd\u0131\u015f\u0131na g\u00f6nderdik, K\u0131l\u0131\u00e7daro\u011flu onu getiremez\u2026\u2019 Getirece\u011fim, getirece\u011fim, son kuru\u015funa kadar getirece\u011fim o paralar\u0131 ve bu millete verece\u011fim.\u201d<\/p>\n\n\n\n<p><br \/>\u201cDevletin hortumlar\u0131n\u0131 birilerine de\u011fil, be\u015fli \u00e7etelere ba\u011flamazsan\u0131z T\u00fcrkiye zengin bir \u00fclke. D\u00fc\u015f\u00fcnd\u00fc\u011f\u00fcn\u00fczden daha zengin bir \u00fclke. Soya soya bitiremediler zaten. O soygunlar\u0131 bitirece\u011fim. Hi\u00e7 endi\u015fe etmeyin tamam\u0131n\u0131 kesece\u011fim.\u201d<\/p>\n\n\n\n<p><br \/>\u201cTe\u015fekk\u00fcr ederim. Ya\u011fmur ya\u011f\u0131yor, g\u00fczel bir ya\u011fmur. Bereketli olsun. S\u00f6z veriyorum, sana s\u00f6z \u00c7anakkale, iktidar olaca\u011f\u0131z iktidar! Sana s\u00f6z \u00c7anakkale bu \u00fclkeye huzuru getirece\u011fim, bar\u0131\u015f\u0131 getirece\u011fim sana s\u00f6z \u00c7anakkale.<br \/>Emekliler\u2026 Hi\u00e7 merak etmeyin emekli karde\u015flerim. 2015 tarihinden bu yana, \u2018emeklilere asgari \u00fccret kadar Ramazan ve Kurban Bayram\u0131nda birer maa\u015f ikramiye verilsin\u2019 dedim. Yapmad\u0131lar. Eksik yapt\u0131lar. G\u00f6receksiniz \u00f6n\u00fcm\u00fczdeki Kurban Bayram\u0131nda, emeklilerin emekli ayl\u0131\u011f\u0131 ve bu sefer \u00f6denmeyen paras\u0131 15 bin lira olarak banka hesaplar\u0131na yatacak. \u2018Yapamaz\u2019 diyorlar de\u011fil mi? \u2018Sen istismar ediyorsun\u2019 diyorlar de\u011fil mi? Bay Kemal\u2019i tan\u0131m\u0131yorlar. Bay Kemal s\u00f6z verdi mi mutlaka yapar. \u0130ki maa\u015f ikramiyeyi de diyorlard\u0131 paray\u0131 nereden bulacaks\u0131n diye. Vermek zorunda kald\u0131lar. Verece\u011fiz. Emekliye hak etti\u011fi bayram ikramiyesini verece\u011fiz. Torunlar\u0131yla beraber, evlatlar\u0131yla beraber huzur i\u00e7inde o da emekli ikramiyesini alacak. Hi\u00e7bir ailede yoksulluk s\u0131n\u0131r\u0131n\u0131n alt\u0131nda gelir al\u0131nmas\u0131na izin vermeyece\u011fim. Her ailenin asgari gelir g\u00fcvencesi olacak. Sana s\u00f6z kazanaca\u011f\u0131z. Evet \u00c7anakkale sana s\u00f6z kazanaca\u011f\u0131z. Beraber kazanaca\u011f\u0131z, birlikte kazanaca\u011f\u0131z.<br \/>Gen\u00e7ler, en b\u00fcy\u00fck \u015fikayetinizin torpil oldu\u011funu biliyorum. Hakk\u0131n\u0131z\u0131n elinizden al\u0131nd\u0131\u011f\u0131n\u0131 da biliyorum. Ama size s\u00f6z\u00fcm s\u00f6z; devlette liyakati sa\u011flayaca\u011f\u0131z ve s\u00f6zl\u00fc s\u0131nav\u0131 kald\u0131raca\u011f\u0131z, KPSS&#8217;den ne ald\u0131ysan\u0131z atamas\u0131n\u0131 yapaca\u011f\u0131z. Dolay\u0131s\u0131yla sevgili gen\u00e7ler, meraklanmay\u0131n a\u015f\u0131n\u0131z olacak, i\u015finiz olacak. Sizin \u00e7al\u0131\u015fman\u0131z i\u00e7in her t\u00fcrl\u00fc \u00e7abay\u0131 g\u00f6sterece\u011fiz. Ve size bir s\u00f6z\u00fcm var, sizin hayalleriniz Bay Kemal&#8217;in hedefi olacak.<br \/>Atama bekleyen \u00f6\u011fretmenler, atama bekleyen sa\u011fl\u0131k\u00e7\u0131lar, atama bekleyen teknik personel. Tamam\u0131n\u0131 \u00e7\u00f6zece\u011fim. Bir s\u00f6z\u00fcm var, onu burada tekrar edeyim, Cumhuriyetin 100. y\u0131l\u0131nda 100 bin \u00f6\u011fretmenin atamas\u0131n\u0131 yapaca\u011f\u0131z. B\u00fct\u00fcn k\u00f6ylerdeki okullar\u0131 yeniden a\u00e7aca\u011f\u0131z. Ferhat ile \u015eirin\u2019in bulu\u015ftu\u011fu gibi \u00f6\u011fretmenle \u00f6\u011frencisini bulu\u015fturaca\u011f\u0131m. Hi\u00e7bir anne-baba \u00e7ocu\u011fumu kentteki okula g\u00f6ndereyim diye k\u00f6y\u00fcn\u00fc terk etmeyecek.<br \/>Ayr\u0131ca tar\u0131m\u0131n ne kadar \u00f6nemli oldu\u011funu biliyoruz. Her g\u00fcn en az iki kez, \u00fc\u00e7 kez yemek yemek zorunday\u0131z. E\u011fer bu\u011fday\u0131 d\u0131\u015far\u0131dan al\u0131yorsan\u0131z, arpay\u0131 d\u0131\u015far\u0131dan al\u0131yorsan\u0131z, yulaf\u0131 d\u0131\u015far\u0131dan al\u0131yorsan\u0131z, yemi d\u0131\u015far\u0131dan al\u0131yorsan\u0131z, g\u00fcbreyi d\u0131\u015far\u0131dan al\u0131yorsan\u0131z onlar\u0131n utanmalar\u0131 gerekiyor. Tamam\u0131n\u0131 T\u00fcrkiye\u2019de \u00fcretece\u011fiz. Hi\u00e7bir \u00e7ift\u00e7iyi, hi\u00e7bir \u00fcreticiyi tarlaya, topra\u011fa k\u00fcst\u00fcrmeyece\u011fiz.<br \/>\u2018Ben Kemal geliyorum\u2019 diyor. Meraklanmay\u0131n gelece\u011fiz. Ben Kemal gelece\u011fim ve T\u00fcrkiye\u2019nin b\u00fct\u00fcn sorunlar\u0131n\u0131 \u00e7\u00f6zece\u011fiz. El birli\u011fiyle \u00e7\u00f6zece\u011fiz.<br \/>Az \u00f6nce iki belediye ba\u015fkan\u0131m\u0131z\u0131 dinlediniz. Birisi Ankara\u2019n\u0131n B\u00fcy\u00fck\u015fehir Belediye Ba\u015fkan\u0131 Say\u0131n Mansur Yava\u015f, di\u011feri Avrupa\u2019n\u0131n en b\u00fcy\u00fck metropol\u00fcn\u00fcn Belediye Ba\u015fkan\u0131 Ekrem \u0130mamo\u011flu. Beraber yola \u00e7\u0131kt\u0131k. Onlar da g\u00f6receksiniz kendi kentlerine ve b\u00fct\u00fcn belediyeler ayr\u0131mc\u0131l\u0131k yapmadan hizmet nas\u0131l verilir Cumhurba\u015fkan\u0131 Yard\u0131mc\u0131s\u0131 oldu\u011funda g\u00f6stereceklerdir. Beraberiz, birlikteyiz, birlikte m\u00fccadele edece\u011fiz. Birlikte m\u00fccadele g\u00fc\u00e7 demektir, kuvvet demektir, iradenin g\u00fc\u00e7l\u00fc olarak ifade edilmesi demektir. Bundan da emin olman\u0131z\u0131 isterim.<br \/>\u00c7anakkale\u2026 Buray\u0131 iyi dinleyin, bu b\u00f6l\u00fcm\u00fc iyi dinleyin. \u00c7anakkale\u2019deyiz. \u00c7anakkale\u2019nin bizim tarihimizde ne kadar \u00f6nemli oldu\u011funu ben de biliyorum, siz de biliyorsunuz. \u00c7anakkale&#8217;yi ge\u00e7ilmez k\u0131lan Gazi Mustafa Kemal Atat\u00fcrk ve orada yatan binlerce \u015fehidimiz. \u00c7anakkale ayn\u0131 zamanda Milli Kurtulu\u015f Sava\u015f\u0131m\u0131z\u0131n \u00f6ns\u00fcz\u00fcd\u00fcr. \u00c7anakkale, Mustafa Kemal Atat\u00fcrk\u2019\u00fcn liderli\u011fini peki\u015ftirdi\u011fi bir sava\u015ft\u0131r. Ve 1915, \u00c7anakkale\u2019yi ge\u00e7ilmez k\u0131ld\u0131lar. Yedi d\u00fcvel geldi ama bir tek gemi, bir tek d\u00fc\u015fman askeri dahi \u00c7anakkale Bo\u011faz\u0131n\u0131 a\u015famad\u0131. Aradan 3 y\u0131l ge\u00e7ti, yani 1918. 3 y\u0131l sonra tek kur\u015fun at\u0131lmadan ayn\u0131 d\u00fc\u015fman gemileri \u00c7anakkale Bo\u011faz\u0131n\u0131 ge\u00e7tiler ve Dolmabah\u00e7e&#8217;de demirlediler. Bir adam\u0131n, tek adam\u0131n, tek bir insana verilen yetkinin \u00fclkeyi hangi hale s\u00fcr\u00fckleyece\u011fini bilmeniz i\u00e7in bunu anlatt\u0131m. Milli Kurtulu\u015f Sava\u015f\u0131n\u0131 vereceksiniz, \u00c7anakkale \u00f6ns\u00f6z olacak ilk m\u00fccadeleyi vereceksiniz. Binlerce evlad\u0131m\u0131z kucak kuca\u011fa orada yat\u0131yor. Hi\u00e7 kimse ayr\u0131mc\u0131l\u0131k nedir bilmiyor, kucak kuca\u011fa yat\u0131yorlar, m\u00fccadele ediyorlar. Ama bir ki\u015fi \u00e7\u0131k\u0131yor, \u2018ben anla\u015fmay\u0131 imzalad\u0131m hepiniz \u00c7anakkale\u2019yi ge\u00e7ip gelip \u0130stanbul\u2019u i\u015fgal edebilirsiniz\u2019 diyor ve gelip i\u015fgal ettiler. O nedenle biz tek adam rejimine kar\u015f\u0131y\u0131z, bu \u00fclkenin \u00e7\u0131karlar\u0131 i\u00e7in tek adam rejimine kar\u015f\u0131y\u0131z. Bir \u00fclke, Milli Kurtulu\u015f Sava\u015f\u0131&#8217;n\u0131 veren bir \u00fclke, bir ki\u015fiye teslim edilemez. O nedenle kar\u015f\u0131y\u0131z.<br \/>Bir \u015fey daha. Zaman zaman bizi su\u00e7luyorlar de\u011fil mi? \u2018Vay ter\u00f6ristler, vay \u015funlar, vay bunlar vs. vs. vs.\u2019 \u015eunu herkes \u00e7ok iyi bilsin. CHP&#8217;nin iki k\u0131rm\u0131z\u0131\u00e7izgisi var; bayra\u011f\u0131m\u0131z ve vatan\u0131m\u0131z. Ama onlar, tek adam rejimi onlar\u0131n ne yapt\u0131\u011f\u0131n\u0131 gayet iyi biliyorum. Bak\u0131n gen\u00e7ler buray\u0131 iyi dinleyin. S\u00fcleyman \u015eah T\u00fcrbesini ka\u00e7\u0131rd\u0131lar. Bu Suriye s\u0131n\u0131rlar\u0131 i\u00e7erisinde bulunan S\u00fcleyman \u015eah T\u00fcrbesi. Bu t\u00fcrbeyi -10 bin d\u00f6n\u00fcml\u00fck bir alan- ter\u00f6r \u00f6rg\u00fct\u00fcnden ka\u00e7t\u0131lar, bayra\u011f\u0131m\u0131z\u0131 indirdiler ve vatan topraklar\u0131n\u0131 terk ettiler. Bunu yapanlar asla ve asla milliyet\u00e7i olamazlar. Bunu yapanlar asla ve asla vatansever olamazlar. Benim bu millete s\u00f6z\u00fcm var. Allah nasip eder sizlerin oylar\u0131yla iktidar oldu\u011fumuzda g\u00f6receksiniz, S\u00fcleyman \u015eah T\u00fcrbesini vatan topra\u011f\u0131na geri g\u00f6t\u00fcrece\u011fiz ve bayra\u011f\u0131m\u0131z\u0131 dikece\u011fiz oraya. Bizim milliyet\u00e7ili\u011fimiz onlar\u0131nki gibi lafta de\u011fil. Bizim milliyet\u00e7ili\u011fimizi \u00f6\u011frenmek istiyorlarsa rahmetli Ecevit&#8217;e bakacaklar. Milliyet\u00e7ili\u011fimizin Akdeniz\u2019de nas\u0131l oldu\u011funu, Be\u015fparmak Da\u011flar\u0131nda nas\u0131l oldu\u011funu herkes biliyor zaten.<br \/>Bir \u015fey daha. D\u00fcnyada hastanesi olmayan tek ordu bizim ordumuz. Hastanelerini elinden ald\u0131lar. Bir ordunun hastanesi yoksa ciddi sorun var demektir. GATA\u2019y\u0131 elinden ald\u0131lar, askeri hastaneleri kapatt\u0131lar. Bir hafta, bir hafta\u2026 G\u00f6receksiniz bir hafta i\u00e7erisinde GATA&#8217;y\u0131 a\u00e7aca\u011f\u0131z, askeri hastaneleri a\u00e7aca\u011f\u0131z. \u015eanl\u0131 ordumuza teslim edece\u011fiz. Biz onlar gibi de\u011filiz. Biz ordumuzun bu co\u011frafyada ne kadar de\u011ferli oldu\u011funu biliyoruz. Onlar ne yap\u0131yorlar ben gayet iyi biliyorum. Kime hizmet ettiklerini de gayet iyi biliyorum. Ama meraklanmay\u0131n ama asla ve asla ay\u0131n 14\u2019\u00fcnde bug\u00fcn i\u015fim var sand\u0131\u011fa gidecek miyim gitmeyecek miyim diye d\u00fc\u015f\u00fcnmeyin. Sand\u0131\u011fa gidin, oyunuzu kullan\u0131n ve oyunuza sahip \u00e7\u0131k\u0131n. Bir \u015feyden emin olun, sand\u0131klar\u0131n tamam\u0131na da sahip \u00e7\u0131kaca\u011f\u0131z hi\u00e7 endi\u015fe etmeyin.<br \/>K\u0131rsalda \u00e7al\u0131\u015fan gen\u00e7ler ve kad\u0131nlar. Unutmas\u0131nlar k\u0131rsalda \u00e7al\u0131\u015fan gen\u00e7ler ve kad\u0131nlar, bal\u0131k\u00e7\u0131lar; bunlar\u0131n sosyal g\u00fcvenlik primlerini devlet olarak biz \u00f6deyece\u011fiz. Dolay\u0131s\u0131yla toprakta \u00e7al\u0131\u015f\u0131yor musun, \u00fcretiyor musun, kazanacaks\u0131n. Sen kazan\u0131rsan T\u00fcrkiye kazanacak, sen kazan\u0131rsan bu\u011fday ithal etmeyece\u011fiz, sana verece\u011fiz paray\u0131 sen kazanacaks\u0131n, sen \u00fcreteceksin. Senin sosyal g\u00fcvenlik primini devlet olarak biz \u00f6deyece\u011fiz. Dolay\u0131s\u0131yla yeni bir iklimi bu \u00fclkeye getirece\u011fiz. Yeni bir iklimin \u00f6zelli\u011fi \u015fu; sokakta, caddede kar\u015f\u0131la\u015ft\u0131\u011f\u0131m\u0131z insanlara tan\u0131masak bile selam vermesini ihmal etmeyece\u011fiz. Kucakla\u015faca\u011f\u0131z. Ayr\u0131lmad\u0131k, ayr\u0131\u015fmayaca\u011f\u0131z. Onlar ayr\u0131\u015ft\u0131rmaya \u00e7al\u0131\u015f\u0131yorlar, biz ayr\u0131\u015fmayaca\u011f\u0131z. Onlar ikilik yarat\u0131yorlar, biz bir olaca\u011f\u0131z. Bayra\u011f\u0131m\u0131z\u0131n alt\u0131nda, vatan\u0131m\u0131zda bir olaca\u011f\u0131z, beraber olaca\u011f\u0131z. Ne derlerse desinler, ne yaparlarsa yaps\u0131nlar. Bak\u0131n h\u00e2l\u00e2 ne yapacaklar\u0131n\u0131 s\u00f6ylemediler. Biz ne yapaca\u011f\u0131m\u0131z\u0131 biliyoruz. Neyi nas\u0131l yapaca\u011f\u0131m\u0131z\u0131 biliyoruz.<br \/>Sa\u011f olun, var olun diyorum. Hepinize en i\u00e7ten sevgiler, sayg\u0131lar sunuyorum. Ho\u015f\u00e7a kal\u0131n diyorum. Endi\u015fe etmeyin diyorum, sand\u0131\u011fa gitmeyi ihm\u00e2l etmeyin diyorum. Sand\u0131\u011fa gidin, oyunuzu kullan\u0131n. T\u00fcrkiye&#8217;nin kaderini de\u011fi\u015ftirece\u011fiz.<br \/>Emekli karde\u015fim, sana zam yap\u0131yorlar, ak\u0131llar\u0131 yeni ba\u015flar\u0131na m\u0131 geldi? Hay\u0131r. Senin oyunu almak i\u00e7in yap\u0131yorlar. Ama sana yap\u0131yorlar 50 lira zam, domatese, pazara yapt\u0131klar\u0131 zam senin maa\u015f\u0131ndan daha fazla. O y\u00fczden ge\u00e7inemiyorsun. \u00c7\u00f6zece\u011fiz. Senin emekli ayl\u0131\u011f\u0131n asgari \u00fccretin \u00e7ok \u00fcst\u00fcndeydi, onun alt\u0131na d\u00fc\u015ft\u00fc onu da biliyorum.<br \/>Gen\u00e7ler meraklanmay\u0131n! Geliyoruz, beraber gelece\u011fiz, birlikte!<br \/>Hepinize sevgiler, sayg\u0131lar sunuyorum, sa\u011f olun, var olun.\u201d dedi.<\/p>\n","protected":false},"excerpt":{"rendered":"<p>Millet \u0130ttifak\u0131 Cumhurba\u015fkan\u0131 Aday\u0131 Kemal K\u0131l\u0131\u00e7daro\u011flu, \u0130BB Ba\u015fkan\u0131 \u0130mamo\u011flu ve ABB Ba\u015fkan\u0131 Mansur Yava\u015f ile birlikte bug\u00fcn \u00c7anakkale\u2019de ger\u00e7ekle\u015ftirilen Millet Bulu\u015fmas\u0131\u2019na kat\u0131ld\u0131, \u00c7anakkale Belediyesi Hizmet Binas\u0131 a\u00e7\u0131l\u0131\u015f kurdelesini kesti.CHP Genel Ba\u015fkan\u0131 ve Cumhurba\u015fkan\u0131 Aday\u0131 Kemal K\u0131l\u0131\u00e7daro\u011flu, Millet Bulu\u015fmas\u0131&#8217;nda yapt\u0131\u011f\u0131 konu\u015fmas\u0131n da \u015funlar\u0131 s\u00f6yledi:\u2018Ben Kemal geliyorum\u2019 diyor. Meraklanmay\u0131n gelece\u011fiz. Ben Kemal gelece\u011fim ve T\u00fcrkiye\u2019nin b\u00fct\u00fcn sorunlar\u0131n\u0131 [&hellip;]<\/p>\n","protected":false},"author":12791,"featured_media":143550,"comment_status":"closed","ping_status":"open","sticky":false,"template":"","format":"standard","meta":{"_yoast_wpseo_focuskw":"","_yoast_wpseo_title":"","_yoast_wpseo_metadesc":"","_bbp_topic_count":0,"_bbp_reply_count":0,"_bbp_total_topic_count":0,"_bbp_total_reply_count":0,"_bbp_voice_count":0,"_bbp_anonymous_reply_count":0,"_bbp_topic_count_hidden":0,"_bbp_reply_count_hidden":0,"_bbp_forum_subforum_count":0,"footnotes":"","_yoast_wpseo_focuskw_text_input":""},"categories":[1,8138,37],"tags":[],"yoast_head":"<!-- This site is optimized with the Yoast SEO plugin v23.0 - https:\/\/yoast.com\/wordpress\/plugins\/seo\/ -->\n<title>Kemal K\u0131l\u0131\u00e7daro\u011flu \u00c7anakkale&#039;de - The Epoch Times TR<\/title>\n<meta name=\"robots\" content=\"index, follow, max-snippet:-1, max-image-preview:large, max-video-preview:-1\" \/>\n<link rel=\"canonical\" href=\"https:\/\/epochtimestr.com\/index.php\/kemal-kilicdaroglu-canakkalede\" \/>\n<meta property=\"og:locale\" content=\"tr_TR\" \/>\n<meta property=\"og:type\" content=\"article\" \/>\n<meta property=\"og:title\" content=\"Kemal K\u0131l\u0131\u00e7daro\u011flu \u00c7anakkale&#039;de - The Epoch Times TR\" \/>\n<meta property=\"og:description\" content=\"Millet \u0130ttifak\u0131 Cumhurba\u015fkan\u0131 Aday\u0131 Kemal K\u0131l\u0131\u00e7daro\u011flu, \u0130BB Ba\u015fkan\u0131 \u0130mamo\u011flu ve ABB Ba\u015fkan\u0131 Mansur Yava\u015f ile birlikte bug\u00fcn \u00c7anakkale\u2019de ger\u00e7ekle\u015ftirilen Millet Bulu\u015fmas\u0131\u2019na kat\u0131ld\u0131, \u00c7anakkale Belediyesi Hizmet Binas\u0131 a\u00e7\u0131l\u0131\u015f kurdelesini kesti.CHP Genel Ba\u015fkan\u0131 ve Cumhurba\u015fkan\u0131 Aday\u0131 Kemal K\u0131l\u0131\u00e7daro\u011flu, Millet Bulu\u015fmas\u0131&#8217;nda yapt\u0131\u011f\u0131 konu\u015fmas\u0131n da \u015funlar\u0131 s\u00f6yledi:\u2018Ben Kemal geliyorum\u2019 diyor. Meraklanmay\u0131n gelece\u011fiz. Ben Kemal gelece\u011fim ve T\u00fcrkiye\u2019nin b\u00fct\u00fcn sorunlar\u0131n\u0131 [&hellip;]\" \/>\n<meta property=\"og:url\" content=\"https:\/\/epochtimestr.com\/index.php\/kemal-kilicdaroglu-canakkalede\" \/>\n<meta property=\"og:site_name\" content=\"The Epoch Times TR\" \/>\n<meta property=\"article:publisher\" content=\"https:\/\/www.facebook.com\/theepochtimestr\" \/>\n<meta property=\"article:published_time\" content=\"2023-04-12T10:56:42+00:00\" \/>\n<meta property=\"article:modified_time\" content=\"2023-04-12T10:56:45+00:00\" \/>\n<meta property=\"og:image\" content=\"https:\/\/epochtimestr.com\/wp-content\/uploads\/2011y\/signal-2023-04-11-17-27-13-518.jpg\" \/>\n\t<meta property=\"og:image:width\" content=\"600\" \/>\n\t<meta property=\"og:image:height\" content=\"337\" \/>\n\t<meta property=\"og:image:type\" content=\"image\/jpeg\" \/>\n<meta name=\"author\" content=\"Haber Merkezi\" \/>\n<meta name=\"twitter:card\" content=\"summary_large_image\" \/>\n<meta name=\"twitter:creator\" content=\"@TheEpochTimesTR\" \/>\n<meta name=\"twitter:site\" content=\"@TheEpochTimesTR\" \/>\n<meta name=\"twitter:label1\" content=\"Yazan:\" \/>\n\t<meta name=\"twitter:data1\" content=\"Haber Merkezi\" \/>\n\t<meta name=\"twitter:label2\" content=\"Tahmini okuma s\u00fcresi\" \/>\n\t<meta name=\"twitter:data2\" content=\"6 dakika\" \/>\n<script type=\"application\/ld+json\" class=\"yoast-schema-graph\">{\"@context\":\"https:\/\/schema.org\",\"@graph\":[{\"@type\":\"Article\",\"@id\":\"https:\/\/epochtimestr.com\/index.php\/kemal-kilicdaroglu-canakkalede#article\",\"isPartOf\":{\"@id\":\"https:\/\/epochtimestr.com\/index.php\/kemal-kilicdaroglu-canakkalede\"},\"author\":{\"name\":\"Haber Merkezi\",\"@id\":\"https:\/\/epochtimestr.com\/#\/schema\/person\/3dc5c3adeb9f43923c5aa85889172fdd\"},\"headline\":\"Kemal K\u0131l\u0131\u00e7daro\u011flu \u00c7anakkale&#8217;de\",\"datePublished\":\"2023-04-12T10:56:42+00:00\",\"dateModified\":\"2023-04-12T10:56:45+00:00\",\"mainEntityOfPage\":{\"@id\":\"https:\/\/epochtimestr.com\/index.php\/kemal-kilicdaroglu-canakkalede\"},\"wordCount\":1790,\"publisher\":{\"@id\":\"https:\/\/epochtimestr.com\/#organization\"},\"image\":{\"@id\":\"https:\/\/epochtimestr.com\/index.php\/kemal-kilicdaroglu-canakkalede#primaryimage\"},\"thumbnailUrl\":\"https:\/\/epochtimestr.com\/wp-content\/uploads\/2011y\/signal-2023-04-11-17-27-13-518.jpg\",\"articleSection\":[\"G\u00dcNDEM\",\"MAN\u015eET\",\"T\u00dcRK\u0130YE\"],\"inLanguage\":\"tr\"},{\"@type\":\"WebPage\",\"@id\":\"https:\/\/epochtimestr.com\/index.php\/kemal-kilicdaroglu-canakkalede\",\"url\":\"https:\/\/epochtimestr.com\/index.php\/kemal-kilicdaroglu-canakkalede\",\"name\":\"Kemal K\u0131l\u0131\u00e7daro\u011flu \u00c7anakkale'de - The Epoch Times TR\",\"isPartOf\":{\"@id\":\"https:\/\/epochtimestr.com\/#website\"},\"primaryImageOfPage\":{\"@id\":\"https:\/\/epochtimestr.com\/index.php\/kemal-kilicdaroglu-canakkalede#primaryimage\"},\"image\":{\"@id\":\"https:\/\/epochtimestr.com\/index.php\/kemal-kilicdaroglu-canakkalede#primaryimage\"},\"thumbnailUrl\":\"https:\/\/epochtimestr.com\/wp-content\/uploads\/2011y\/signal-2023-04-11-17-27-13-518.jpg\",\"datePublished\":\"2023-04-12T10:56:42+00:00\",\"dateModified\":\"2023-04-12T10:56:45+00:00\",\"inLanguage\":\"tr\",\"potentialAction\":[{\"@type\":\"ReadAction\",\"target\":[\"https:\/\/epochtimestr.com\/index.php\/kemal-kilicdaroglu-canakkalede\"]}]},{\"@type\":\"ImageObject\",\"inLanguage\":\"tr\",\"@id\":\"https:\/\/epochtimestr.com\/index.php\/kemal-kilicdaroglu-canakkalede#primaryimage\",\"url\":\"https:\/\/epochtimestr.com\/wp-content\/uploads\/2011y\/signal-2023-04-11-17-27-13-518.jpg\",\"contentUrl\":\"https:\/\/epochtimestr.com\/wp-content\/uploads\/2011y\/signal-2023-04-11-17-27-13-518.jpg\",\"width\":600,\"height\":337},{\"@type\":\"WebSite\",\"@id\":\"https:\/\/epochtimestr.com\/#website\",\"url\":\"https:\/\/epochtimestr.com\/\",\"name\":\"The Epoch Times TR\",\"description\":\"De\u011fi\u015fen D\u00fcnyam\u0131za Taze Bir Bak\u0131\u015f\",\"publisher\":{\"@id\":\"https:\/\/epochtimestr.com\/#organization\"},\"potentialAction\":[{\"@type\":\"SearchAction\",\"target\":{\"@type\":\"EntryPoint\",\"urlTemplate\":\"https:\/\/epochtimestr.com\/?s={search_term_string}\"},\"query-input\":\"required name=search_term_string\"}],\"inLanguage\":\"tr\"},{\"@type\":\"Organization\",\"@id\":\"https:\/\/epochtimestr.com\/#organization\",\"name\":\"The EpochTimes T\u00fcrkiye\",\"url\":\"https:\/\/epochtimestr.com\/\",\"logo\":{\"@type\":\"ImageObject\",\"inLanguage\":\"tr\",\"@id\":\"https:\/\/epochtimestr.com\/#\/schema\/logo\/image\/\",\"url\":\"https:\/\/epochtimestr.com\/wp-content\/uploads\/2011y\/ET-Logo-YG.jpg\",\"contentUrl\":\"https:\/\/epochtimestr.com\/wp-content\/uploads\/2011y\/ET-Logo-YG.jpg\",\"width\":346,\"height\":29,\"caption\":\"The EpochTimes T\u00fcrkiye\"},\"image\":{\"@id\":\"https:\/\/epochtimestr.com\/#\/schema\/logo\/image\/\"},\"sameAs\":[\"https:\/\/www.facebook.com\/theepochtimestr\",\"https:\/\/x.com\/TheEpochTimesTR\",\"https:\/\/www.instagram.com\/epochtimestr\"]},{\"@type\":\"Person\",\"@id\":\"https:\/\/epochtimestr.com\/#\/schema\/person\/3dc5c3adeb9f43923c5aa85889172fdd\",\"name\":\"Haber Merkezi\",\"image\":{\"@type\":\"ImageObject\",\"inLanguage\":\"tr\",\"@id\":\"https:\/\/epochtimestr.com\/#\/schema\/person\/image\/\",\"url\":\"https:\/\/secure.gravatar.com\/avatar\/d73f772ba5a74f28601361e17c2f93e6?s=96&d=mm&r=g\",\"contentUrl\":\"https:\/\/secure.gravatar.com\/avatar\/d73f772ba5a74f28601361e17c2f93e6?s=96&d=mm&r=g\",\"caption\":\"Haber Merkezi\"},\"url\":\"https:\/\/epochtimestr.com\/index.php\/author\/sendag\"}]}<\/script>\n<!-- \/ Yoast SEO plugin. -->","yoast_head_json":{"title":"Kemal K\u0131l\u0131\u00e7daro\u011flu \u00c7anakkale'de - The Epoch Times TR","robots":{"index":"index","follow":"follow","max-snippet":"max-snippet:-1","max-image-preview":"max-image-preview:large","max-video-preview":"max-video-preview:-1"},"canonical":"https:\/\/epochtimestr.com\/index.php\/kemal-kilicdaroglu-canakkalede","og_locale":"tr_TR","og_type":"article","og_title":"Kemal K\u0131l\u0131\u00e7daro\u011flu \u00c7anakkale'de - The Epoch Times TR","og_description":"Millet \u0130ttifak\u0131 Cumhurba\u015fkan\u0131 Aday\u0131 Kemal K\u0131l\u0131\u00e7daro\u011flu, \u0130BB Ba\u015fkan\u0131 \u0130mamo\u011flu ve ABB Ba\u015fkan\u0131 Mansur Yava\u015f ile birlikte bug\u00fcn \u00c7anakkale\u2019de ger\u00e7ekle\u015ftirilen Millet Bulu\u015fmas\u0131\u2019na kat\u0131ld\u0131, \u00c7anakkale Belediyesi Hizmet Binas\u0131 a\u00e7\u0131l\u0131\u015f kurdelesini kesti.CHP Genel Ba\u015fkan\u0131 ve Cumhurba\u015fkan\u0131 Aday\u0131 Kemal K\u0131l\u0131\u00e7daro\u011flu, Millet Bulu\u015fmas\u0131&#8217;nda yapt\u0131\u011f\u0131 konu\u015fmas\u0131n da \u015funlar\u0131 s\u00f6yledi:\u2018Ben Kemal geliyorum\u2019 diyor. Meraklanmay\u0131n gelece\u011fiz. Ben Kemal gelece\u011fim ve T\u00fcrkiye\u2019nin b\u00fct\u00fcn sorunlar\u0131n\u0131 [&hellip;]","og_url":"https:\/\/epochtimestr.com\/index.php\/kemal-kilicdaroglu-canakkalede","og_site_name":"The Epoch Times TR","article_publisher":"https:\/\/www.facebook.com\/theepochtimestr","article_published_time":"2023-04-12T10:56:42+00:00","article_modified_time":"2023-04-12T10:56:45+00:00","og_image":[{"width":600,"height":337,"url":"https:\/\/epochtimestr.com\/wp-content\/uploads\/2011y\/signal-2023-04-11-17-27-13-518.jpg","type":"image\/jpeg"}],"author":"Haber Merkezi","twitter_card":"summary_large_image","twitter_creator":"@TheEpochTimesTR","twitter_site":"@TheEpochTimesTR","twitter_misc":{"Yazan:":"Haber Merkezi","Tahmini okuma s\u00fcresi":"6 dakika"},"schema":{"@context":"https:\/\/schema.org","@graph":[{"@type":"Article","@id":"https:\/\/epochtimestr.com\/index.php\/kemal-kilicdaroglu-canakkalede#article","isPartOf":{"@id":"https:\/\/epochtimestr.com\/index.php\/kemal-kilicdaroglu-canakkalede"},"author":{"name":"Haber Merkezi","@id":"https:\/\/epochtimestr.com\/#\/schema\/person\/3dc5c3adeb9f43923c5aa85889172fdd"},"headline":"Kemal K\u0131l\u0131\u00e7daro\u011flu \u00c7anakkale&#8217;de","datePublished":"2023-04-12T10:56:42+00:00","dateModified":"2023-04-12T10:56:45+00:00","mainEntityOfPage":{"@id":"https:\/\/epochtimestr.com\/index.php\/kemal-kilicdaroglu-canakkalede"},"wordCount":1790,"publisher":{"@id":"https:\/\/epochtimestr.com\/#organization"},"image":{"@id":"https:\/\/epochtimestr.com\/index.php\/kemal-kilicdaroglu-canakkalede#primaryimage"},"thumbnailUrl":"https:\/\/epochtimestr.com\/wp-content\/uploads\/2011y\/signal-2023-04-11-17-27-13-518.jpg","articleSection":["G\u00dcNDEM","MAN\u015eET","T\u00dcRK\u0130YE"],"inLanguage":"tr"},{"@type":"WebPage","@id":"https:\/\/epochtimestr.com\/index.php\/kemal-kilicdaroglu-canakkalede","url":"https:\/\/epochtimestr.com\/index.php\/kemal-kilicdaroglu-canakkalede","name":"Kemal K\u0131l\u0131\u00e7daro\u011flu \u00c7anakkale'de - The Epoch Times TR","isPartOf":{"@id":"https:\/\/epochtimestr.com\/#website"},"primaryImageOfPage":{"@id":"https:\/\/epochtimestr.com\/index.php\/kemal-kilicdaroglu-canakkalede#primaryimage"},"image":{"@id":"https:\/\/epochtimestr.com\/index.php\/kemal-kilicdaroglu-canakkalede#primaryimage"},"thumbnailUrl":"https:\/\/epochtimestr.com\/wp-content\/uploads\/2011y\/signal-2023-04-11-17-27-13-518.jpg","datePublished":"2023-04-12T10:56:42+00:00","dateModified":"2023-04-12T10:56:45+00:00","inLanguage":"tr","potentialAction":[{"@type":"ReadAction","target":["https:\/\/epochtimestr.com\/index.php\/kemal-kilicdaroglu-canakkalede"]}]},{"@type":"ImageObject","inLanguage":"tr","@id":"https:\/\/epochtimestr.com\/index.php\/kemal-kilicdaroglu-canakkalede#primaryimage","url":"https:\/\/epochtimestr.com\/wp-content\/uploads\/2011y\/signal-2023-04-11-17-27-13-518.jpg","contentUrl":"https:\/\/epochtimestr.com\/wp-content\/uploads\/2011y\/signal-2023-04-11-17-27-13-518.jpg","width":600,"height":337},{"@type":"WebSite","@id":"https:\/\/epochtimestr.com\/#website","url":"https:\/\/epochtimestr.com\/","name":"The Epoch Times TR","description":"De\u011fi\u015fen D\u00fcnyam\u0131za Taze Bir Bak\u0131\u015f","publisher":{"@id":"https:\/\/epochtimestr.com\/#organization"},"potentialAction":[{"@type":"SearchAction","target":{"@type":"EntryPoint","urlTemplate":"https:\/\/epochtimestr.com\/?s={search_term_string}"},"query-input":"required name=search_term_string"}],"inLanguage":"tr"},{"@type":"Organization","@id":"https:\/\/epochtimestr.com\/#organization","name":"The EpochTimes T\u00fcrkiye","url":"https:\/\/epochtimestr.com\/","logo":{"@type":"ImageObject","inLanguage":"tr","@id":"https:\/\/epochtimestr.com\/#\/schema\/logo\/image\/","url":"https:\/\/epochtimestr.com\/wp-content\/uploads\/2011y\/ET-Logo-YG.jpg","contentUrl":"https:\/\/epochtimestr.com\/wp-content\/uploads\/2011y\/ET-Logo-YG.jpg","width":346,"height":29,"caption":"The EpochTimes T\u00fcrkiye"},"image":{"@id":"https:\/\/epochtimestr.com\/#\/schema\/logo\/image\/"},"sameAs":["https:\/\/www.facebook.com\/theepochtimestr","https:\/\/x.com\/TheEpochTimesTR","https:\/\/www.instagram.com\/epochtimestr"]},{"@type":"Person","@id":"https:\/\/epochtimestr.com\/#\/schema\/person\/3dc5c3adeb9f43923c5aa85889172fdd","name":"Haber Merkezi","image":{"@type":"ImageObject","inLanguage":"tr","@id":"https:\/\/epochtimestr.com\/#\/schema\/person\/image\/","url":"https:\/\/secure.gravatar.com\/avatar\/d73f772ba5a74f28601361e17c2f93e6?s=96&d=mm&r=g","contentUrl":"https:\/\/secure.gravatar.com\/avatar\/d73f772ba5a74f28601361e17c2f93e6?s=96&d=mm&r=g","caption":"Haber Merkezi"},"url":"https:\/\/epochtimestr.com\/index.php\/author\/sendag"}]}},"_links":{"self":[{"href":"https:\/\/epochtimestr.com\/index.php\/wp-json\/wp\/v2\/posts\/143548"}],"collection":[{"href":"https:\/\/epochtimestr.com\/index.php\/wp-json\/wp\/v2\/posts"}],"about":[{"href":"https:\/\/epochtimestr.com\/index.php\/wp-json\/wp\/v2\/types\/post"}],"author":[{"embeddable":true,"href":"https:\/\/epochtimestr.com\/index.php\/wp-json\/wp\/v2\/users\/12791"}],"replies":[{"embeddable":true,"href":"https:\/\/epochtimestr.com\/index.php\/wp-json\/wp\/v2\/comments?post=143548"}],"version-history":[{"count":1,"href":"https:\/\/epochtimestr.com\/index.php\/wp-json\/wp\/v2\/posts\/143548\/revisions"}],"predecessor-version":[{"id":143551,"href":"https:\/\/epochtimestr.com\/index.php\/wp-json\/wp\/v2\/posts\/143548\/revisions\/143551"}],"wp:featuredmedia":[{"embeddable":true,"href":"https:\/\/epochtimestr.com\/index.php\/wp-json\/wp\/v2\/media\/143550"}],"wp:attachment":[{"href":"https:\/\/epochtimestr.com\/index.php\/wp-json\/wp\/v2\/media?parent=143548"}],"wp:term":[{"taxonomy":"category","embeddable":true,"href":"https:\/\/epochtimestr.com\/index.php\/wp-json\/wp\/v2\/categories?post=143548"},{"taxonomy":"post_tag","embeddable":true,"href":"https:\/\/epochtimestr.com\/index.php\/wp-json\/wp\/v2\/tags?post=143548"}],"curies":[{"name":"wp","href":"https:\/\/api.w.org\/{rel}","templated":true}]}}