{"id":143655,"date":"2023-04-16T09:34:29","date_gmt":"2023-04-16T06:34:29","guid":{"rendered":"https:\/\/epochtimestr.com\/?p=143655"},"modified":"2023-04-16T09:34:31","modified_gmt":"2023-04-16T06:34:31","slug":"kilicdaroglu-ankarada-tanitim-torenine-katildi","status":"publish","type":"post","link":"https:\/\/epochtimestr.com\/index.php\/kilicdaroglu-ankarada-tanitim-torenine-katildi","title":{"rendered":"K\u0131l\u0131\u00e7daro\u011flu, Ankara&#8217;da Tan\u0131t\u0131m T\u00f6renine Kat\u0131ld\u0131"},"content":{"rendered":"\n<figure class=\"wp-block-image size-full\"><img loading=\"lazy\" decoding=\"async\" width=\"800\" height=\"450\" src=\"https:\/\/epochtimestr.com\/wp-content\/uploads\/2011y\/Kilicdaroglu-chpsitesi.jpg\" alt=\"\" class=\"wp-image-143656\" srcset=\"https:\/\/epochtimestr.com\/wp-content\/uploads\/2011y\/Kilicdaroglu-chpsitesi.jpg 800w, https:\/\/epochtimestr.com\/wp-content\/uploads\/2011y\/Kilicdaroglu-chpsitesi-300x169.jpg 300w, https:\/\/epochtimestr.com\/wp-content\/uploads\/2011y\/Kilicdaroglu-chpsitesi-150x84.jpg 150w, https:\/\/epochtimestr.com\/wp-content\/uploads\/2011y\/Kilicdaroglu-chpsitesi-768x432.jpg 768w\" sizes=\"(max-width: 800px) 100vw, 800px\" \/><figcaption>Foto\u011fraf: CHP resmi sitesi<\/figcaption><\/figure>\n\n\n\n<h2 class=\"wp-block-heading\">CHP Lideri ve Cumhurba\u015fkan\u0131 Aday\u0131 K\u0131l\u0131\u00e7daro\u011flu, Ankara B\u00fcy\u00fck\u015fehir Belediyesi 4. Y\u0131l Projeleri Tan\u0131t\u0131m T\u00f6renine Kat\u0131ld\u0131.<\/h2>\n\n\n\n<p>Cumhuriyet Halk Partisi Genel Ba\u015fkan\u0131 ve Millet \u0130ttifak\u0131 Cumhurba\u015fkan\u0131 Aday\u0131 Kemal K\u0131l\u0131\u00e7daro\u011flu; \u0130Y\u0130 Parti Genel Ba\u015fkan\u0131 Meral Ak\u015fener ve Saadet Partisi Genel Ba\u015fkan\u0131 Temel Karamollao\u011flu\u2019yla birlikte, Ankara B\u00fcy\u00fck\u015fehir Belediyesi 4. Y\u0131l Projeleri Tan\u0131t\u0131m T\u00f6renine kat\u0131ld\u0131.<br \/>Millet ittifak\u0131 Cumhurba\u015fkan\u0131 Aday\u0131 Kemal K\u0131l\u0131\u00e7daro\u011flu:<br \/>-\u201cBa\u015fkan konu\u015furken \u015f\u00f6yle bir c\u00fcmle kurdu, \u2018hesap vermeye geldik\u2019 dedi. Ne kadar \u00f6zlemi\u015fiz de\u011fil mi? Toplanan her kuru\u015fun hesab\u0131n\u0131 milletine vermek ve o onuru ya\u015famak her demokraside olmas\u0131 gereken temel bir kural. O kadar yabanc\u0131la\u015ft\u0131k ki, birisi gelip de bizlere \u2018sizin paran\u0131z\u0131 \u015fu \u015fekilde \u015furalara harcad\u0131m, miktar\u0131 \u015fuydu, ihaleleri \u015f\u00f6yle yapt\u0131m ve kamuya a\u00e7\u0131k yapt\u0131m, sonsuza kadar kalacak bunlar ve istedi\u011finiz zaman izleyeceksiniz, k\u00f6r kuru\u015fu yanl\u0131\u015f yere harcamad\u0131k\u2019 diye halk\u0131na hesap veriyor. \u0130\u015fte demokrasi budur, i\u015fte T\u00fcrkiye\u2019nin kurtulu\u015f yolu da budur. Birlikte yapaca\u011f\u0131z.\u201d<br \/>\u201cBahar\u0131 getirecek olan sizlersiniz sevgili gen\u00e7ler. Sak\u0131n ola ki, \u2018ya bu pazar i\u015fim vard\u0131\u2019 demeyin, \u201814 May\u0131s\u2019ta tatile gidece\u011fiz\u2019 demeyin. Sand\u0131\u011fa gideceksiniz, oyunuzu kullanacaks\u0131n\u0131z, sand\u0131\u011fa sahip \u00e7\u0131kacaks\u0131n\u0131z ve d\u00fcnya siyasi tarihine \u00e7ok \u00f6nemli bir arma\u011fan b\u0131rakacaks\u0131n\u0131z. \u2018Otoriter bir y\u00f6netimi, demokratik yollarla biz T\u00fcrkiye Cumhuriyeti\u2019nin gen\u00e7leri olarak de\u011fi\u015ftirdik\u2019 diyeceksiniz.\u201d<br \/>\u00d6n\u00fcm\u00fczdeki se\u00e7imlerin kaderini belirleyecek olan sizlersiniz. \u0130lk kez sand\u0131\u011fa gidip, ilk oyunu kullanacak olan 5 bu\u00e7uk milyon gen\u00e7, T\u00fcrkiye Cumhuriyeti Devleti\u2019nin kaderini belirleyecek. Sizler Mustafa Kemal Atat\u00fcrk\u2019\u00fcn kurdu\u011fu cumhuriyeti ileriye, \u00e7a\u011fda\u015fl\u0131\u011fa ta\u015f\u0131yacaks\u0131n\u0131z, size g\u00fcvenimiz sonsuzdur.<br \/>Say\u0131n Genel Ba\u015fkanlar\u0131m, de\u011ferli milletvekili arkada\u015flar\u0131m, g\u00fczel Ankara\u2019m\u0131z\u0131n \u00e7al\u0131\u015fkan B\u00fcy\u00fck\u015fehir Belediye Ba\u015fkan\u0131; d\u00f6rd\u00fcnc\u00fc y\u0131l\u0131 bitirdiniz, hizmetlerinizi Ankaral\u0131lara sundunuz. B\u00fcy\u00fck bir keyifle ben ve arkada\u015flar\u0131m ve di\u011fer genel ba\u015fkanlar sizin ba\u015far\u0131l\u0131 \u00e7al\u0131\u015fmalar\u0131n\u0131z\u0131 izledik. Dolay\u0131s\u0131yla herkesin huzurunda, en az\u0131ndan Cumhuriyet Halk Partisi Genel Ba\u015fkan\u0131 olarak size te\u015fekk\u00fcr ediyorum.<br \/>Ba\u015fkan konu\u015furken \u015f\u00f6yle bir c\u00fcmle kurdu, \u2018hesap vermeye geldik\u2019 dedi. Ne kadar \u00f6zlemi\u015fiz de\u011fil mi? Toplanan her kuru\u015fun hesab\u0131n\u0131 milletine vermek ve o onuru ya\u015famak her demokraside olmas\u0131 gereken temel bir kural. O kadar yabanc\u0131la\u015ft\u0131k ki, birisi gelip de bizlere \u2018sizin paran\u0131z\u0131 \u015fu \u015fekilde \u015furalara harcad\u0131m, miktar\u0131 \u015fuydu, ihaleleri \u015f\u00f6yle yapt\u0131m ve kamuya a\u00e7\u0131k yapt\u0131m, sonsuza kadar kalacak bunlar ve istedi\u011finiz zaman izleyeceksiniz, k\u00f6r kuru\u015fu yanl\u0131\u015f yere harcamad\u0131k\u2019 diye halk\u0131na hesap veriyor. \u0130\u015fte demokrasi budur, i\u015fte T\u00fcrkiye\u2019nin kurtulu\u015f yolu da budur. Birlikte yapaca\u011f\u0131z.<br \/>Bir \u015fey daha\u2026 \u2018Efendim i\u015fte bunlar geldiler, \u015f\u00f6yledir, b\u00f6yledir, ter\u00f6rle iltisakl\u0131, \u015fununla i\u015fbirli\u011fi, bununla i\u015fbirli\u011fi\u2026\u2019 Bir s\u00fcr\u00fc laflar, bir s\u00fcr\u00fc palavralar, bir s\u00fcr\u00fc yalanlar s\u00f6yl\u00fcyorlar. A\u00e7\u0131k ve net s\u00f6yl\u00fcyorum, a\u00e7\u0131k ve net: Millet \u0130ttifak\u0131n\u0131n iki k\u0131rm\u0131z\u0131\u00e7izgisi vard\u0131r; bir vatan, iki bayrak. O kadar, nokta! Bir daha ifade edeyim, M\u0131s\u0131r\u2019daki sa\u011f\u0131r sultan da duysun, iki k\u0131rm\u0131z\u0131\u00e7izgimiz var, bayra\u011f\u0131m\u0131z ve vatan\u0131m\u0131z. G\u00f6z\u00fcm\u00fcz\u00fc k\u0131rpmadan bayra\u011f\u0131m\u0131z\u0131 indirmeyiz, vatan\u0131m\u0131z\u0131 terk etmeyiz, hi\u00e7 kimse endi\u015fe etmesin.<br \/>Dolay\u0131s\u0131yla iktidar oldu\u011fumuzda g\u00f6receksiniz, nas\u0131l bir T\u00fcrkiye oldu\u011funu g\u00f6receksiniz. Ayr\u0131l\u0131\u011f\u0131n gayr\u0131l\u0131\u011f\u0131n olmad\u0131\u011f\u0131 bir T\u00fcrkiye\u2019yi, her evde huzurun oldu\u011fu bir T\u00fcrkiye\u2019yi, her evde bereketin oldu\u011fu bir T\u00fcrkiye\u2019yi. Bir m\u00fclteci kamp\u0131 de\u011fil, onuruyla y\u00fckselen ve b\u00fcy\u00fcyen bir T\u00fcrkiye\u2019yi g\u00f6receksiniz. T\u00fcrkiye\u2019yi m\u00fclteci kamp\u0131na \u00e7evirdiler, g\u00f6receksiniz bunlar\u0131n tamam\u0131n\u0131 d\u00fczeltece\u011fiz.<br \/>Beraber d\u00fczeltece\u011fiz, birlikte d\u00fczeltece\u011fiz, Millet \u0130ttifak\u0131 olarak d\u00fczeltece\u011fiz. Sadece \u00fclkemizde de\u011fil d\u00fcnyaya \u00f6rnek olacak pek \u00e7ok projenin alt\u0131na imzam\u0131z\u0131 ataca\u011f\u0131z ve T\u00fcrkiye\u2019yi kendi b\u00f6lgesinin en g\u00fc\u00e7l\u00fc \u00fclkesi haline getirece\u011fiz. Akdeniz\u2019i g\u00f6receksiniz, Akdeniz\u2019i g\u00f6receksiniz gen\u00e7ler, Akdeniz\u2019i. Akdeniz Havzas\u0131n\u0131 g\u00f6receksiniz, oran\u0131n nas\u0131l bir \u00fcretim merkezi haline d\u00f6n\u00fc\u015ft\u00fc\u011f\u00fcn\u00fc g\u00f6receksiniz. Katma de\u011feri y\u00fcksek \u00fcr\u00fcnlerin nas\u0131l \u00fcretildi\u011fini g\u00f6receksiniz. Bilginin, bilimin, k\u00fclt\u00fcr\u00fcn nas\u0131l b\u00fcy\u00fcd\u00fc\u011f\u00fcn\u00fc g\u00f6receksiniz. Ger\u00e7ekten de \u00fclkemize bahar\u0131 getirece\u011fiz, bahar\u0131. \u2018K\u0131\u015f\u0131n sonu bahard\u0131r\u2019 diyor de\u011fil mi ozan? K\u0131\u015f\u0131n sonu bahard\u0131r, bahar\u0131 getirece\u011fiz.<br \/>Ve bahar\u0131 getirecek olan sizlersiniz sevgili gen\u00e7ler. Sak\u0131n ola ki, \u2018ya bu pazar i\u015fim vard\u0131\u2019 demeyin, \u201814 May\u0131s\u2019ta tatile gidece\u011fiz\u2019 demeyin. Sand\u0131\u011fa gideceksiniz, oyunuzu kullanacaks\u0131n\u0131z, sand\u0131\u011fa sahip \u00e7\u0131kacaks\u0131n\u0131z ve d\u00fcnya siyasi tarihine \u00e7ok \u00f6nemli bir arma\u011fan b\u0131rakacaks\u0131n\u0131z. \u2018Otoriter bir y\u00f6netimi, demokratik yollarla biz T\u00fcrkiye Cumhuriyeti\u2019nin gen\u00e7leri olarak de\u011fi\u015ftirdik\u2019 diyeceksiniz.<br \/>\u00d6yle \u2018efendim bunlar gelecek, yard\u0131mlar kesilecek\u2026\u2019 Ba\u015fkan s\u00f6yledi; hi\u00e7bir yard\u0131m kesilmedi, tam tersine yard\u0131mlar artt\u0131. Ama bizim yard\u0131mlar\u0131m\u0131z onlar\u0131n yard\u0131mlar\u0131 gibi de\u011fil. Sa\u011f elin verdi\u011fini sol el g\u00f6rmeyecek. \u0130nsan onurunu koruyacaks\u0131n\u0131z. \u0130nsan\u0131n yoksullu\u011funu afi\u015fe etmeyeceksiniz. \u0130nsana insan olarak bakacaks\u0131n\u0131z ve insan olarak de\u011fer vereceksiniz; temel hedefimiz bu, bu amac\u0131 ger\u00e7ekle\u015ftirece\u011fiz. Hi\u00e7 endi\u015fe etmeyin, bu g\u00fczel \u00fclkemize bahar\u0131 getirece\u011fiz, g\u00fczellikleri getirece\u011fiz, bar\u0131\u015f\u0131 huzuru getirece\u011fiz, bereketi getirece\u011fiz. Ve en \u00f6nemlisi zenginli\u011fi getirece\u011fiz, bu topraklarda hi\u00e7bir \u00e7ocuk yata\u011fa a\u00e7 girmeyecek, bunun s\u00f6z\u00fcn\u00fc veriyoruz.<br \/>Hepinize y\u00fcrekten te\u015fekk\u00fcr ederim. Ben erken ayr\u0131lmak zorunday\u0131m u\u00e7a\u011fa yeti\u015fmek i\u00e7in, g\u00f6nl\u00fcm sizlerle. Unutmay\u0131n; sizin hayalleriniz, benim hedefim olacakt\u0131r.\u201ddedi.<\/p>\n","protected":false},"excerpt":{"rendered":"<p>CHP Lideri ve Cumhurba\u015fkan\u0131 Aday\u0131 K\u0131l\u0131\u00e7daro\u011flu, Ankara B\u00fcy\u00fck\u015fehir Belediyesi 4. Y\u0131l Projeleri Tan\u0131t\u0131m T\u00f6renine Kat\u0131ld\u0131. Cumhuriyet Halk Partisi Genel Ba\u015fkan\u0131 ve Millet \u0130ttifak\u0131 Cumhurba\u015fkan\u0131 Aday\u0131 Kemal K\u0131l\u0131\u00e7daro\u011flu; \u0130Y\u0130 Parti Genel Ba\u015fkan\u0131 Meral Ak\u015fener ve Saadet Partisi Genel Ba\u015fkan\u0131 Temel Karamollao\u011flu\u2019yla birlikte, Ankara B\u00fcy\u00fck\u015fehir Belediyesi 4. Y\u0131l Projeleri Tan\u0131t\u0131m T\u00f6renine kat\u0131ld\u0131.Millet ittifak\u0131 Cumhurba\u015fkan\u0131 Aday\u0131 Kemal K\u0131l\u0131\u00e7daro\u011flu:-\u201cBa\u015fkan [&hellip;]<\/p>\n","protected":false},"author":12791,"featured_media":143656,"comment_status":"closed","ping_status":"open","sticky":false,"template":"","format":"standard","meta":{"_yoast_wpseo_focuskw":"","_yoast_wpseo_title":"","_yoast_wpseo_metadesc":"","_bbp_topic_count":0,"_bbp_reply_count":0,"_bbp_total_topic_count":0,"_bbp_total_reply_count":0,"_bbp_voice_count":0,"_bbp_anonymous_reply_count":0,"_bbp_topic_count_hidden":0,"_bbp_reply_count_hidden":0,"_bbp_forum_subforum_count":0,"footnotes":"","_yoast_wpseo_focuskw_text_input":""},"categories":[1,8138,37],"tags":[],"yoast_head":"<!-- This site is optimized with the Yoast SEO plugin v23.0 - https:\/\/yoast.com\/wordpress\/plugins\/seo\/ -->\n<title>K\u0131l\u0131\u00e7daro\u011flu, Ankara&#039;da Tan\u0131t\u0131m T\u00f6renine Kat\u0131ld\u0131 - The Epoch Times TR<\/title>\n<meta name=\"robots\" content=\"index, follow, max-snippet:-1, max-image-preview:large, max-video-preview:-1\" \/>\n<link rel=\"canonical\" href=\"https:\/\/epochtimestr.com\/index.php\/kilicdaroglu-ankarada-tanitim-torenine-katildi\" \/>\n<meta property=\"og:locale\" content=\"tr_TR\" \/>\n<meta property=\"og:type\" content=\"article\" \/>\n<meta property=\"og:title\" content=\"K\u0131l\u0131\u00e7daro\u011flu, Ankara&#039;da Tan\u0131t\u0131m T\u00f6renine Kat\u0131ld\u0131 - The Epoch Times TR\" \/>\n<meta property=\"og:description\" content=\"CHP Lideri ve Cumhurba\u015fkan\u0131 Aday\u0131 K\u0131l\u0131\u00e7daro\u011flu, Ankara B\u00fcy\u00fck\u015fehir Belediyesi 4. Y\u0131l Projeleri Tan\u0131t\u0131m T\u00f6renine Kat\u0131ld\u0131. Cumhuriyet Halk Partisi Genel Ba\u015fkan\u0131 ve Millet \u0130ttifak\u0131 Cumhurba\u015fkan\u0131 Aday\u0131 Kemal K\u0131l\u0131\u00e7daro\u011flu; \u0130Y\u0130 Parti Genel Ba\u015fkan\u0131 Meral Ak\u015fener ve Saadet Partisi Genel Ba\u015fkan\u0131 Temel Karamollao\u011flu\u2019yla birlikte, Ankara B\u00fcy\u00fck\u015fehir Belediyesi 4. Y\u0131l Projeleri Tan\u0131t\u0131m T\u00f6renine kat\u0131ld\u0131.Millet ittifak\u0131 Cumhurba\u015fkan\u0131 Aday\u0131 Kemal K\u0131l\u0131\u00e7daro\u011flu:-\u201cBa\u015fkan [&hellip;]\" \/>\n<meta property=\"og:url\" content=\"https:\/\/epochtimestr.com\/index.php\/kilicdaroglu-ankarada-tanitim-torenine-katildi\" \/>\n<meta property=\"og:site_name\" content=\"The Epoch Times TR\" \/>\n<meta property=\"article:publisher\" content=\"https:\/\/www.facebook.com\/theepochtimestr\" \/>\n<meta property=\"article:published_time\" content=\"2023-04-16T06:34:29+00:00\" \/>\n<meta property=\"article:modified_time\" content=\"2023-04-16T06:34:31+00:00\" \/>\n<meta property=\"og:image\" content=\"https:\/\/epochtimestr.com\/wp-content\/uploads\/2011y\/Kilicdaroglu-chpsitesi.jpg\" \/>\n\t<meta property=\"og:image:width\" content=\"800\" \/>\n\t<meta property=\"og:image:height\" content=\"450\" \/>\n\t<meta property=\"og:image:type\" content=\"image\/jpeg\" \/>\n<meta name=\"author\" content=\"Haber Merkezi\" \/>\n<meta name=\"twitter:card\" content=\"summary_large_image\" \/>\n<meta name=\"twitter:creator\" content=\"@TheEpochTimesTR\" \/>\n<meta name=\"twitter:site\" content=\"@TheEpochTimesTR\" \/>\n<meta name=\"twitter:label1\" content=\"Yazan:\" \/>\n\t<meta name=\"twitter:data1\" content=\"Haber Merkezi\" \/>\n\t<meta name=\"twitter:label2\" content=\"Tahmini okuma s\u00fcresi\" \/>\n\t<meta name=\"twitter:data2\" content=\"4 dakika\" \/>\n<script type=\"application\/ld+json\" class=\"yoast-schema-graph\">{\"@context\":\"https:\/\/schema.org\",\"@graph\":[{\"@type\":\"Article\",\"@id\":\"https:\/\/epochtimestr.com\/index.php\/kilicdaroglu-ankarada-tanitim-torenine-katildi#article\",\"isPartOf\":{\"@id\":\"https:\/\/epochtimestr.com\/index.php\/kilicdaroglu-ankarada-tanitim-torenine-katildi\"},\"author\":{\"name\":\"Haber Merkezi\",\"@id\":\"https:\/\/epochtimestr.com\/#\/schema\/person\/3dc5c3adeb9f43923c5aa85889172fdd\"},\"headline\":\"K\u0131l\u0131\u00e7daro\u011flu, Ankara&#8217;da Tan\u0131t\u0131m T\u00f6renine Kat\u0131ld\u0131\",\"datePublished\":\"2023-04-16T06:34:29+00:00\",\"dateModified\":\"2023-04-16T06:34:31+00:00\",\"mainEntityOfPage\":{\"@id\":\"https:\/\/epochtimestr.com\/index.php\/kilicdaroglu-ankarada-tanitim-torenine-katildi\"},\"wordCount\":1070,\"publisher\":{\"@id\":\"https:\/\/epochtimestr.com\/#organization\"},\"image\":{\"@id\":\"https:\/\/epochtimestr.com\/index.php\/kilicdaroglu-ankarada-tanitim-torenine-katildi#primaryimage\"},\"thumbnailUrl\":\"https:\/\/epochtimestr.com\/wp-content\/uploads\/2011y\/Kilicdaroglu-chpsitesi.jpg\",\"articleSection\":[\"G\u00dcNDEM\",\"MAN\u015eET\",\"T\u00dcRK\u0130YE\"],\"inLanguage\":\"tr\"},{\"@type\":\"WebPage\",\"@id\":\"https:\/\/epochtimestr.com\/index.php\/kilicdaroglu-ankarada-tanitim-torenine-katildi\",\"url\":\"https:\/\/epochtimestr.com\/index.php\/kilicdaroglu-ankarada-tanitim-torenine-katildi\",\"name\":\"K\u0131l\u0131\u00e7daro\u011flu, Ankara'da Tan\u0131t\u0131m T\u00f6renine Kat\u0131ld\u0131 - The Epoch Times TR\",\"isPartOf\":{\"@id\":\"https:\/\/epochtimestr.com\/#website\"},\"primaryImageOfPage\":{\"@id\":\"https:\/\/epochtimestr.com\/index.php\/kilicdaroglu-ankarada-tanitim-torenine-katildi#primaryimage\"},\"image\":{\"@id\":\"https:\/\/epochtimestr.com\/index.php\/kilicdaroglu-ankarada-tanitim-torenine-katildi#primaryimage\"},\"thumbnailUrl\":\"https:\/\/epochtimestr.com\/wp-content\/uploads\/2011y\/Kilicdaroglu-chpsitesi.jpg\",\"datePublished\":\"2023-04-16T06:34:29+00:00\",\"dateModified\":\"2023-04-16T06:34:31+00:00\",\"inLanguage\":\"tr\",\"potentialAction\":[{\"@type\":\"ReadAction\",\"target\":[\"https:\/\/epochtimestr.com\/index.php\/kilicdaroglu-ankarada-tanitim-torenine-katildi\"]}]},{\"@type\":\"ImageObject\",\"inLanguage\":\"tr\",\"@id\":\"https:\/\/epochtimestr.com\/index.php\/kilicdaroglu-ankarada-tanitim-torenine-katildi#primaryimage\",\"url\":\"https:\/\/epochtimestr.com\/wp-content\/uploads\/2011y\/Kilicdaroglu-chpsitesi.jpg\",\"contentUrl\":\"https:\/\/epochtimestr.com\/wp-content\/uploads\/2011y\/Kilicdaroglu-chpsitesi.jpg\",\"width\":800,\"height\":450},{\"@type\":\"WebSite\",\"@id\":\"https:\/\/epochtimestr.com\/#website\",\"url\":\"https:\/\/epochtimestr.com\/\",\"name\":\"The Epoch Times TR\",\"description\":\"De\u011fi\u015fen D\u00fcnyam\u0131za Taze Bir Bak\u0131\u015f\",\"publisher\":{\"@id\":\"https:\/\/epochtimestr.com\/#organization\"},\"potentialAction\":[{\"@type\":\"SearchAction\",\"target\":{\"@type\":\"EntryPoint\",\"urlTemplate\":\"https:\/\/epochtimestr.com\/?s={search_term_string}\"},\"query-input\":\"required name=search_term_string\"}],\"inLanguage\":\"tr\"},{\"@type\":\"Organization\",\"@id\":\"https:\/\/epochtimestr.com\/#organization\",\"name\":\"The EpochTimes T\u00fcrkiye\",\"url\":\"https:\/\/epochtimestr.com\/\",\"logo\":{\"@type\":\"ImageObject\",\"inLanguage\":\"tr\",\"@id\":\"https:\/\/epochtimestr.com\/#\/schema\/logo\/image\/\",\"url\":\"https:\/\/epochtimestr.com\/wp-content\/uploads\/2011y\/ET-Logo-YG.jpg\",\"contentUrl\":\"https:\/\/epochtimestr.com\/wp-content\/uploads\/2011y\/ET-Logo-YG.jpg\",\"width\":346,\"height\":29,\"caption\":\"The EpochTimes T\u00fcrkiye\"},\"image\":{\"@id\":\"https:\/\/epochtimestr.com\/#\/schema\/logo\/image\/\"},\"sameAs\":[\"https:\/\/www.facebook.com\/theepochtimestr\",\"https:\/\/x.com\/TheEpochTimesTR\",\"https:\/\/www.instagram.com\/epochtimestr\"]},{\"@type\":\"Person\",\"@id\":\"https:\/\/epochtimestr.com\/#\/schema\/person\/3dc5c3adeb9f43923c5aa85889172fdd\",\"name\":\"Haber Merkezi\",\"image\":{\"@type\":\"ImageObject\",\"inLanguage\":\"tr\",\"@id\":\"https:\/\/epochtimestr.com\/#\/schema\/person\/image\/\",\"url\":\"https:\/\/secure.gravatar.com\/avatar\/d73f772ba5a74f28601361e17c2f93e6?s=96&d=mm&r=g\",\"contentUrl\":\"https:\/\/secure.gravatar.com\/avatar\/d73f772ba5a74f28601361e17c2f93e6?s=96&d=mm&r=g\",\"caption\":\"Haber Merkezi\"},\"url\":\"https:\/\/epochtimestr.com\/index.php\/author\/sendag\"}]}<\/script>\n<!-- \/ Yoast SEO plugin. -->","yoast_head_json":{"title":"K\u0131l\u0131\u00e7daro\u011flu, Ankara'da Tan\u0131t\u0131m T\u00f6renine Kat\u0131ld\u0131 - The Epoch Times TR","robots":{"index":"index","follow":"follow","max-snippet":"max-snippet:-1","max-image-preview":"max-image-preview:large","max-video-preview":"max-video-preview:-1"},"canonical":"https:\/\/epochtimestr.com\/index.php\/kilicdaroglu-ankarada-tanitim-torenine-katildi","og_locale":"tr_TR","og_type":"article","og_title":"K\u0131l\u0131\u00e7daro\u011flu, Ankara'da Tan\u0131t\u0131m T\u00f6renine Kat\u0131ld\u0131 - The Epoch Times TR","og_description":"CHP Lideri ve Cumhurba\u015fkan\u0131 Aday\u0131 K\u0131l\u0131\u00e7daro\u011flu, Ankara B\u00fcy\u00fck\u015fehir Belediyesi 4. Y\u0131l Projeleri Tan\u0131t\u0131m T\u00f6renine Kat\u0131ld\u0131. Cumhuriyet Halk Partisi Genel Ba\u015fkan\u0131 ve Millet \u0130ttifak\u0131 Cumhurba\u015fkan\u0131 Aday\u0131 Kemal K\u0131l\u0131\u00e7daro\u011flu; \u0130Y\u0130 Parti Genel Ba\u015fkan\u0131 Meral Ak\u015fener ve Saadet Partisi Genel Ba\u015fkan\u0131 Temel Karamollao\u011flu\u2019yla birlikte, Ankara B\u00fcy\u00fck\u015fehir Belediyesi 4. Y\u0131l Projeleri Tan\u0131t\u0131m T\u00f6renine kat\u0131ld\u0131.Millet ittifak\u0131 Cumhurba\u015fkan\u0131 Aday\u0131 Kemal K\u0131l\u0131\u00e7daro\u011flu:-\u201cBa\u015fkan [&hellip;]","og_url":"https:\/\/epochtimestr.com\/index.php\/kilicdaroglu-ankarada-tanitim-torenine-katildi","og_site_name":"The Epoch Times TR","article_publisher":"https:\/\/www.facebook.com\/theepochtimestr","article_published_time":"2023-04-16T06:34:29+00:00","article_modified_time":"2023-04-16T06:34:31+00:00","og_image":[{"width":800,"height":450,"url":"https:\/\/epochtimestr.com\/wp-content\/uploads\/2011y\/Kilicdaroglu-chpsitesi.jpg","type":"image\/jpeg"}],"author":"Haber Merkezi","twitter_card":"summary_large_image","twitter_creator":"@TheEpochTimesTR","twitter_site":"@TheEpochTimesTR","twitter_misc":{"Yazan:":"Haber Merkezi","Tahmini okuma s\u00fcresi":"4 dakika"},"schema":{"@context":"https:\/\/schema.org","@graph":[{"@type":"Article","@id":"https:\/\/epochtimestr.com\/index.php\/kilicdaroglu-ankarada-tanitim-torenine-katildi#article","isPartOf":{"@id":"https:\/\/epochtimestr.com\/index.php\/kilicdaroglu-ankarada-tanitim-torenine-katildi"},"author":{"name":"Haber Merkezi","@id":"https:\/\/epochtimestr.com\/#\/schema\/person\/3dc5c3adeb9f43923c5aa85889172fdd"},"headline":"K\u0131l\u0131\u00e7daro\u011flu, Ankara&#8217;da Tan\u0131t\u0131m T\u00f6renine Kat\u0131ld\u0131","datePublished":"2023-04-16T06:34:29+00:00","dateModified":"2023-04-16T06:34:31+00:00","mainEntityOfPage":{"@id":"https:\/\/epochtimestr.com\/index.php\/kilicdaroglu-ankarada-tanitim-torenine-katildi"},"wordCount":1070,"publisher":{"@id":"https:\/\/epochtimestr.com\/#organization"},"image":{"@id":"https:\/\/epochtimestr.com\/index.php\/kilicdaroglu-ankarada-tanitim-torenine-katildi#primaryimage"},"thumbnailUrl":"https:\/\/epochtimestr.com\/wp-content\/uploads\/2011y\/Kilicdaroglu-chpsitesi.jpg","articleSection":["G\u00dcNDEM","MAN\u015eET","T\u00dcRK\u0130YE"],"inLanguage":"tr"},{"@type":"WebPage","@id":"https:\/\/epochtimestr.com\/index.php\/kilicdaroglu-ankarada-tanitim-torenine-katildi","url":"https:\/\/epochtimestr.com\/index.php\/kilicdaroglu-ankarada-tanitim-torenine-katildi","name":"K\u0131l\u0131\u00e7daro\u011flu, Ankara'da Tan\u0131t\u0131m T\u00f6renine Kat\u0131ld\u0131 - The Epoch Times TR","isPartOf":{"@id":"https:\/\/epochtimestr.com\/#website"},"primaryImageOfPage":{"@id":"https:\/\/epochtimestr.com\/index.php\/kilicdaroglu-ankarada-tanitim-torenine-katildi#primaryimage"},"image":{"@id":"https:\/\/epochtimestr.com\/index.php\/kilicdaroglu-ankarada-tanitim-torenine-katildi#primaryimage"},"thumbnailUrl":"https:\/\/epochtimestr.com\/wp-content\/uploads\/2011y\/Kilicdaroglu-chpsitesi.jpg","datePublished":"2023-04-16T06:34:29+00:00","dateModified":"2023-04-16T06:34:31+00:00","inLanguage":"tr","potentialAction":[{"@type":"ReadAction","target":["https:\/\/epochtimestr.com\/index.php\/kilicdaroglu-ankarada-tanitim-torenine-katildi"]}]},{"@type":"ImageObject","inLanguage":"tr","@id":"https:\/\/epochtimestr.com\/index.php\/kilicdaroglu-ankarada-tanitim-torenine-katildi#primaryimage","url":"https:\/\/epochtimestr.com\/wp-content\/uploads\/2011y\/Kilicdaroglu-chpsitesi.jpg","contentUrl":"https:\/\/epochtimestr.com\/wp-content\/uploads\/2011y\/Kilicdaroglu-chpsitesi.jpg","width":800,"height":450},{"@type":"WebSite","@id":"https:\/\/epochtimestr.com\/#website","url":"https:\/\/epochtimestr.com\/","name":"The Epoch Times TR","description":"De\u011fi\u015fen D\u00fcnyam\u0131za Taze Bir Bak\u0131\u015f","publisher":{"@id":"https:\/\/epochtimestr.com\/#organization"},"potentialAction":[{"@type":"SearchAction","target":{"@type":"EntryPoint","urlTemplate":"https:\/\/epochtimestr.com\/?s={search_term_string}"},"query-input":"required name=search_term_string"}],"inLanguage":"tr"},{"@type":"Organization","@id":"https:\/\/epochtimestr.com\/#organization","name":"The EpochTimes T\u00fcrkiye","url":"https:\/\/epochtimestr.com\/","logo":{"@type":"ImageObject","inLanguage":"tr","@id":"https:\/\/epochtimestr.com\/#\/schema\/logo\/image\/","url":"https:\/\/epochtimestr.com\/wp-content\/uploads\/2011y\/ET-Logo-YG.jpg","contentUrl":"https:\/\/epochtimestr.com\/wp-content\/uploads\/2011y\/ET-Logo-YG.jpg","width":346,"height":29,"caption":"The EpochTimes T\u00fcrkiye"},"image":{"@id":"https:\/\/epochtimestr.com\/#\/schema\/logo\/image\/"},"sameAs":["https:\/\/www.facebook.com\/theepochtimestr","https:\/\/x.com\/TheEpochTimesTR","https:\/\/www.instagram.com\/epochtimestr"]},{"@type":"Person","@id":"https:\/\/epochtimestr.com\/#\/schema\/person\/3dc5c3adeb9f43923c5aa85889172fdd","name":"Haber Merkezi","image":{"@type":"ImageObject","inLanguage":"tr","@id":"https:\/\/epochtimestr.com\/#\/schema\/person\/image\/","url":"https:\/\/secure.gravatar.com\/avatar\/d73f772ba5a74f28601361e17c2f93e6?s=96&d=mm&r=g","contentUrl":"https:\/\/secure.gravatar.com\/avatar\/d73f772ba5a74f28601361e17c2f93e6?s=96&d=mm&r=g","caption":"Haber Merkezi"},"url":"https:\/\/epochtimestr.com\/index.php\/author\/sendag"}]}},"_links":{"self":[{"href":"https:\/\/epochtimestr.com\/index.php\/wp-json\/wp\/v2\/posts\/143655"}],"collection":[{"href":"https:\/\/epochtimestr.com\/index.php\/wp-json\/wp\/v2\/posts"}],"about":[{"href":"https:\/\/epochtimestr.com\/index.php\/wp-json\/wp\/v2\/types\/post"}],"author":[{"embeddable":true,"href":"https:\/\/epochtimestr.com\/index.php\/wp-json\/wp\/v2\/users\/12791"}],"replies":[{"embeddable":true,"href":"https:\/\/epochtimestr.com\/index.php\/wp-json\/wp\/v2\/comments?post=143655"}],"version-history":[{"count":1,"href":"https:\/\/epochtimestr.com\/index.php\/wp-json\/wp\/v2\/posts\/143655\/revisions"}],"predecessor-version":[{"id":143657,"href":"https:\/\/epochtimestr.com\/index.php\/wp-json\/wp\/v2\/posts\/143655\/revisions\/143657"}],"wp:featuredmedia":[{"embeddable":true,"href":"https:\/\/epochtimestr.com\/index.php\/wp-json\/wp\/v2\/media\/143656"}],"wp:attachment":[{"href":"https:\/\/epochtimestr.com\/index.php\/wp-json\/wp\/v2\/media?parent=143655"}],"wp:term":[{"taxonomy":"category","embeddable":true,"href":"https:\/\/epochtimestr.com\/index.php\/wp-json\/wp\/v2\/categories?post=143655"},{"taxonomy":"post_tag","embeddable":true,"href":"https:\/\/epochtimestr.com\/index.php\/wp-json\/wp\/v2\/tags?post=143655"}],"curies":[{"name":"wp","href":"https:\/\/api.w.org\/{rel}","templated":true}]}}