{"id":143664,"date":"2023-04-16T10:01:54","date_gmt":"2023-04-16T07:01:54","guid":{"rendered":"https:\/\/epochtimestr.com\/?p=143664"},"modified":"2023-04-17T12:48:57","modified_gmt":"2023-04-17T09:48:57","slug":"vatanimizi-kuffara-emanet-etmeyecegiz","status":"publish","type":"post","link":"https:\/\/epochtimestr.com\/index.php\/vatanimizi-kuffara-emanet-etmeyecegiz","title":{"rendered":"DSP Genel Ba\u015fkan\u0131 \u00d6nder Aksakal Muhalafeti K\u00fcffar \u0130lan Etti"},"content":{"rendered":"\n<div class=\"wp-block-image\"><figure class=\"aligncenter size-full\"><img loading=\"lazy\" decoding=\"async\" width=\"680\" height=\"383\" src=\"https:\/\/epochtimestr.com\/wp-content\/uploads\/2011y\/DSP-Onder-Aksakal.jpg\" alt=\"\" class=\"wp-image-143665\" srcset=\"https:\/\/epochtimestr.com\/wp-content\/uploads\/2011y\/DSP-Onder-Aksakal.jpg 680w, https:\/\/epochtimestr.com\/wp-content\/uploads\/2011y\/DSP-Onder-Aksakal-300x169.jpg 300w, https:\/\/epochtimestr.com\/wp-content\/uploads\/2011y\/DSP-Onder-Aksakal-150x84.jpg 150w\" sizes=\"(max-width: 680px) 100vw, 680px\" \/><\/figure><\/div>\n\n\n\n<p><br \/>AKP&#8217;li Cumhurba\u015fkan\u0131 Recep Tayyip Erdo\u011fan&#8217;\u0131n Malatya Deprem Konutlar\u0131 Temel Atma T\u00f6reni&#8217;nde konu\u015fan DSP Genel Ba\u015fkan\u0131 \u00d6nder Aksakal, 14 May\u0131s se\u00e7imlerine ili\u015fkin muhalefeti hedef alan a\u00e7\u0131klamalarda bulundu.  Aksakal a\u00e7\u0131klamas\u0131nda &#8220;\u00d6n\u00fcm\u00fczdeki 14 May\u0131s&#8217;ta in\u015fallah vatan\u0131m\u0131z\u0131 k\u00fcffara (T\u00fcrk Dil Kurumu: m\u00fcsl\u00fcman olmayanlar,kafirler) teslim etmeyece\u011fiz&#8221; dedi.  Aksakal a\u00e7\u0131klamas\u0131nda Cumhur \u0130ttifak\u0131&#8217;n\u0131 terchi etme sebebini ise &#8220;\u00d6n\u00fcm\u00fczde zorlu bir s\u00fcre\u00e7 var. Bir se\u00e7im d\u00f6neminde beraber olduk. Bu se\u00e7im b\u00fct\u00fcn T\u00fcrkiye&#8217;miz i\u00e7in, asil T\u00fcrk milleti i\u00e7in \u00e7ok \u00f6nemli bir yol kav\u015fa\u011f\u0131d\u0131r. Ge\u00e7mi\u015f d\u00f6nemlerdeki se\u00e7imler gibi bir sa\u011f-sol se\u00e7imi de\u011fil, vatan-millet se\u00e7imidir. Onun i\u00e7in buraday\u0131m.&#8221; s\u00f6zlerleriyle ifade etti. Aksakal &#8220;Bizler b\u00fcy\u00fck \u00f6nder Mustafa Kemal Atat\u00fcrk&#8217;ten ald\u0131\u011f\u0131m\u0131z bu emaneti, Cumhuriyeti&#8217;mizi ilelebet ya\u015fatma s\u00f6z\u00fcn\u00fc vermi\u015f bir milletiz. Onun yolunda ilerleyen B\u00fclent Ecevit&#8217;in evlatlar\u0131 olarak da &#8216;vatan b\u00f6l\u00fcnmez, bu bayrak inmez&#8217; diyerek siyaset yapan insanlar\u0131z.&#8221; dedi.<\/p>\n","protected":false},"excerpt":{"rendered":"<p>AKP&#8217;li Cumhurba\u015fkan\u0131 Recep Tayyip Erdo\u011fan&#8217;\u0131n Malatya Deprem Konutlar\u0131 Temel Atma T\u00f6reni&#8217;nde konu\u015fan DSP Genel Ba\u015fkan\u0131 \u00d6nder Aksakal, 14 May\u0131s se\u00e7imlerine ili\u015fkin muhalefeti hedef alan a\u00e7\u0131klamalarda bulundu. Aksakal a\u00e7\u0131klamas\u0131nda &#8220;\u00d6n\u00fcm\u00fczdeki 14 May\u0131s&#8217;ta in\u015fallah vatan\u0131m\u0131z\u0131 k\u00fcffara (T\u00fcrk Dil Kurumu: m\u00fcsl\u00fcman olmayanlar,kafirler) teslim etmeyece\u011fiz&#8221; dedi. Aksakal a\u00e7\u0131klamas\u0131nda Cumhur \u0130ttifak\u0131&#8217;n\u0131 terchi etme sebebini ise &#8220;\u00d6n\u00fcm\u00fczde zorlu bir s\u00fcre\u00e7 var. [&hellip;]<\/p>\n","protected":false},"author":12791,"featured_media":143665,"comment_status":"closed","ping_status":"open","sticky":false,"template":"","format":"standard","meta":{"_yoast_wpseo_focuskw":"","_yoast_wpseo_title":"","_yoast_wpseo_metadesc":"","_bbp_topic_count":0,"_bbp_reply_count":0,"_bbp_total_topic_count":0,"_bbp_total_reply_count":0,"_bbp_voice_count":0,"_bbp_anonymous_reply_count":0,"_bbp_topic_count_hidden":0,"_bbp_reply_count_hidden":0,"_bbp_forum_subforum_count":0,"footnotes":"","_yoast_wpseo_focuskw_text_input":""},"categories":[1,37],"tags":[],"yoast_head":"<!-- This site is optimized with the Yoast SEO plugin v23.0 - https:\/\/yoast.com\/wordpress\/plugins\/seo\/ -->\n<title>DSP Genel Ba\u015fkan\u0131 \u00d6nder Aksakal Muhalafeti K\u00fcffar \u0130lan Etti - The Epoch Times TR<\/title>\n<meta name=\"robots\" content=\"index, follow, max-snippet:-1, max-image-preview:large, max-video-preview:-1\" \/>\n<link rel=\"canonical\" href=\"https:\/\/epochtimestr.com\/index.php\/vatanimizi-kuffara-emanet-etmeyecegiz\" \/>\n<meta property=\"og:locale\" content=\"tr_TR\" \/>\n<meta property=\"og:type\" content=\"article\" \/>\n<meta property=\"og:title\" content=\"DSP Genel Ba\u015fkan\u0131 \u00d6nder Aksakal Muhalafeti K\u00fcffar \u0130lan Etti - The Epoch Times TR\" \/>\n<meta property=\"og:description\" content=\"AKP&#8217;li Cumhurba\u015fkan\u0131 Recep Tayyip Erdo\u011fan&#8217;\u0131n Malatya Deprem Konutlar\u0131 Temel Atma T\u00f6reni&#8217;nde konu\u015fan DSP Genel Ba\u015fkan\u0131 \u00d6nder Aksakal, 14 May\u0131s se\u00e7imlerine ili\u015fkin muhalefeti hedef alan a\u00e7\u0131klamalarda bulundu. Aksakal a\u00e7\u0131klamas\u0131nda &#8220;\u00d6n\u00fcm\u00fczdeki 14 May\u0131s&#8217;ta in\u015fallah vatan\u0131m\u0131z\u0131 k\u00fcffara (T\u00fcrk Dil Kurumu: m\u00fcsl\u00fcman olmayanlar,kafirler) teslim etmeyece\u011fiz&#8221; dedi. Aksakal a\u00e7\u0131klamas\u0131nda Cumhur \u0130ttifak\u0131&#8217;n\u0131 terchi etme sebebini ise &#8220;\u00d6n\u00fcm\u00fczde zorlu bir s\u00fcre\u00e7 var. [&hellip;]\" \/>\n<meta property=\"og:url\" content=\"https:\/\/epochtimestr.com\/index.php\/vatanimizi-kuffara-emanet-etmeyecegiz\" \/>\n<meta property=\"og:site_name\" content=\"The Epoch Times TR\" \/>\n<meta property=\"article:publisher\" content=\"https:\/\/www.facebook.com\/theepochtimestr\" \/>\n<meta property=\"article:published_time\" content=\"2023-04-16T07:01:54+00:00\" \/>\n<meta property=\"article:modified_time\" content=\"2023-04-17T09:48:57+00:00\" \/>\n<meta property=\"og:image\" content=\"https:\/\/epochtimestr.com\/wp-content\/uploads\/2011y\/DSP-Onder-Aksakal.jpg\" \/>\n\t<meta property=\"og:image:width\" content=\"680\" \/>\n\t<meta property=\"og:image:height\" content=\"383\" \/>\n\t<meta property=\"og:image:type\" content=\"image\/jpeg\" \/>\n<meta name=\"author\" content=\"Haber Merkezi\" \/>\n<meta name=\"twitter:card\" content=\"summary_large_image\" \/>\n<meta name=\"twitter:creator\" content=\"@TheEpochTimesTR\" \/>\n<meta name=\"twitter:site\" content=\"@TheEpochTimesTR\" \/>\n<meta name=\"twitter:label1\" content=\"Yazan:\" \/>\n\t<meta name=\"twitter:data1\" content=\"Haber Merkezi\" \/>\n\t<meta name=\"twitter:label2\" content=\"Tahmini okuma s\u00fcresi\" \/>\n\t<meta name=\"twitter:data2\" content=\"1 dakika\" \/>\n<script type=\"application\/ld+json\" class=\"yoast-schema-graph\">{\"@context\":\"https:\/\/schema.org\",\"@graph\":[{\"@type\":\"Article\",\"@id\":\"https:\/\/epochtimestr.com\/index.php\/vatanimizi-kuffara-emanet-etmeyecegiz#article\",\"isPartOf\":{\"@id\":\"https:\/\/epochtimestr.com\/index.php\/vatanimizi-kuffara-emanet-etmeyecegiz\"},\"author\":{\"name\":\"Haber Merkezi\",\"@id\":\"https:\/\/epochtimestr.com\/#\/schema\/person\/3dc5c3adeb9f43923c5aa85889172fdd\"},\"headline\":\"DSP Genel Ba\u015fkan\u0131 \u00d6nder Aksakal Muhalafeti K\u00fcffar \u0130lan Etti\",\"datePublished\":\"2023-04-16T07:01:54+00:00\",\"dateModified\":\"2023-04-17T09:48:57+00:00\",\"mainEntityOfPage\":{\"@id\":\"https:\/\/epochtimestr.com\/index.php\/vatanimizi-kuffara-emanet-etmeyecegiz\"},\"wordCount\":198,\"publisher\":{\"@id\":\"https:\/\/epochtimestr.com\/#organization\"},\"image\":{\"@id\":\"https:\/\/epochtimestr.com\/index.php\/vatanimizi-kuffara-emanet-etmeyecegiz#primaryimage\"},\"thumbnailUrl\":\"https:\/\/epochtimestr.com\/wp-content\/uploads\/2011y\/DSP-Onder-Aksakal.jpg\",\"articleSection\":[\"G\u00dcNDEM\",\"T\u00dcRK\u0130YE\"],\"inLanguage\":\"tr\"},{\"@type\":\"WebPage\",\"@id\":\"https:\/\/epochtimestr.com\/index.php\/vatanimizi-kuffara-emanet-etmeyecegiz\",\"url\":\"https:\/\/epochtimestr.com\/index.php\/vatanimizi-kuffara-emanet-etmeyecegiz\",\"name\":\"DSP Genel Ba\u015fkan\u0131 \u00d6nder Aksakal Muhalafeti K\u00fcffar \u0130lan Etti - The Epoch Times TR\",\"isPartOf\":{\"@id\":\"https:\/\/epochtimestr.com\/#website\"},\"primaryImageOfPage\":{\"@id\":\"https:\/\/epochtimestr.com\/index.php\/vatanimizi-kuffara-emanet-etmeyecegiz#primaryimage\"},\"image\":{\"@id\":\"https:\/\/epochtimestr.com\/index.php\/vatanimizi-kuffara-emanet-etmeyecegiz#primaryimage\"},\"thumbnailUrl\":\"https:\/\/epochtimestr.com\/wp-content\/uploads\/2011y\/DSP-Onder-Aksakal.jpg\",\"datePublished\":\"2023-04-16T07:01:54+00:00\",\"dateModified\":\"2023-04-17T09:48:57+00:00\",\"inLanguage\":\"tr\",\"potentialAction\":[{\"@type\":\"ReadAction\",\"target\":[\"https:\/\/epochtimestr.com\/index.php\/vatanimizi-kuffara-emanet-etmeyecegiz\"]}]},{\"@type\":\"ImageObject\",\"inLanguage\":\"tr\",\"@id\":\"https:\/\/epochtimestr.com\/index.php\/vatanimizi-kuffara-emanet-etmeyecegiz#primaryimage\",\"url\":\"https:\/\/epochtimestr.com\/wp-content\/uploads\/2011y\/DSP-Onder-Aksakal.jpg\",\"contentUrl\":\"https:\/\/epochtimestr.com\/wp-content\/uploads\/2011y\/DSP-Onder-Aksakal.jpg\",\"width\":680,\"height\":383},{\"@type\":\"WebSite\",\"@id\":\"https:\/\/epochtimestr.com\/#website\",\"url\":\"https:\/\/epochtimestr.com\/\",\"name\":\"The Epoch Times TR\",\"description\":\"De\u011fi\u015fen D\u00fcnyam\u0131za Taze Bir Bak\u0131\u015f\",\"publisher\":{\"@id\":\"https:\/\/epochtimestr.com\/#organization\"},\"potentialAction\":[{\"@type\":\"SearchAction\",\"target\":{\"@type\":\"EntryPoint\",\"urlTemplate\":\"https:\/\/epochtimestr.com\/?s={search_term_string}\"},\"query-input\":\"required name=search_term_string\"}],\"inLanguage\":\"tr\"},{\"@type\":\"Organization\",\"@id\":\"https:\/\/epochtimestr.com\/#organization\",\"name\":\"The EpochTimes T\u00fcrkiye\",\"url\":\"https:\/\/epochtimestr.com\/\",\"logo\":{\"@type\":\"ImageObject\",\"inLanguage\":\"tr\",\"@id\":\"https:\/\/epochtimestr.com\/#\/schema\/logo\/image\/\",\"url\":\"https:\/\/epochtimestr.com\/wp-content\/uploads\/2011y\/ET-Logo-YG.jpg\",\"contentUrl\":\"https:\/\/epochtimestr.com\/wp-content\/uploads\/2011y\/ET-Logo-YG.jpg\",\"width\":346,\"height\":29,\"caption\":\"The EpochTimes T\u00fcrkiye\"},\"image\":{\"@id\":\"https:\/\/epochtimestr.com\/#\/schema\/logo\/image\/\"},\"sameAs\":[\"https:\/\/www.facebook.com\/theepochtimestr\",\"https:\/\/x.com\/TheEpochTimesTR\",\"https:\/\/www.instagram.com\/epochtimestr\"]},{\"@type\":\"Person\",\"@id\":\"https:\/\/epochtimestr.com\/#\/schema\/person\/3dc5c3adeb9f43923c5aa85889172fdd\",\"name\":\"Haber Merkezi\",\"image\":{\"@type\":\"ImageObject\",\"inLanguage\":\"tr\",\"@id\":\"https:\/\/epochtimestr.com\/#\/schema\/person\/image\/\",\"url\":\"https:\/\/secure.gravatar.com\/avatar\/d73f772ba5a74f28601361e17c2f93e6?s=96&d=mm&r=g\",\"contentUrl\":\"https:\/\/secure.gravatar.com\/avatar\/d73f772ba5a74f28601361e17c2f93e6?s=96&d=mm&r=g\",\"caption\":\"Haber Merkezi\"},\"url\":\"https:\/\/epochtimestr.com\/index.php\/author\/sendag\"}]}<\/script>\n<!-- \/ Yoast SEO plugin. -->","yoast_head_json":{"title":"DSP Genel Ba\u015fkan\u0131 \u00d6nder Aksakal Muhalafeti K\u00fcffar \u0130lan Etti - The Epoch Times TR","robots":{"index":"index","follow":"follow","max-snippet":"max-snippet:-1","max-image-preview":"max-image-preview:large","max-video-preview":"max-video-preview:-1"},"canonical":"https:\/\/epochtimestr.com\/index.php\/vatanimizi-kuffara-emanet-etmeyecegiz","og_locale":"tr_TR","og_type":"article","og_title":"DSP Genel Ba\u015fkan\u0131 \u00d6nder Aksakal Muhalafeti K\u00fcffar \u0130lan Etti - The Epoch Times TR","og_description":"AKP&#8217;li Cumhurba\u015fkan\u0131 Recep Tayyip Erdo\u011fan&#8217;\u0131n Malatya Deprem Konutlar\u0131 Temel Atma T\u00f6reni&#8217;nde konu\u015fan DSP Genel Ba\u015fkan\u0131 \u00d6nder Aksakal, 14 May\u0131s se\u00e7imlerine ili\u015fkin muhalefeti hedef alan a\u00e7\u0131klamalarda bulundu. Aksakal a\u00e7\u0131klamas\u0131nda &#8220;\u00d6n\u00fcm\u00fczdeki 14 May\u0131s&#8217;ta in\u015fallah vatan\u0131m\u0131z\u0131 k\u00fcffara (T\u00fcrk Dil Kurumu: m\u00fcsl\u00fcman olmayanlar,kafirler) teslim etmeyece\u011fiz&#8221; dedi. Aksakal a\u00e7\u0131klamas\u0131nda Cumhur \u0130ttifak\u0131&#8217;n\u0131 terchi etme sebebini ise &#8220;\u00d6n\u00fcm\u00fczde zorlu bir s\u00fcre\u00e7 var. [&hellip;]","og_url":"https:\/\/epochtimestr.com\/index.php\/vatanimizi-kuffara-emanet-etmeyecegiz","og_site_name":"The Epoch Times TR","article_publisher":"https:\/\/www.facebook.com\/theepochtimestr","article_published_time":"2023-04-16T07:01:54+00:00","article_modified_time":"2023-04-17T09:48:57+00:00","og_image":[{"width":680,"height":383,"url":"https:\/\/epochtimestr.com\/wp-content\/uploads\/2011y\/DSP-Onder-Aksakal.jpg","type":"image\/jpeg"}],"author":"Haber Merkezi","twitter_card":"summary_large_image","twitter_creator":"@TheEpochTimesTR","twitter_site":"@TheEpochTimesTR","twitter_misc":{"Yazan:":"Haber Merkezi","Tahmini okuma s\u00fcresi":"1 dakika"},"schema":{"@context":"https:\/\/schema.org","@graph":[{"@type":"Article","@id":"https:\/\/epochtimestr.com\/index.php\/vatanimizi-kuffara-emanet-etmeyecegiz#article","isPartOf":{"@id":"https:\/\/epochtimestr.com\/index.php\/vatanimizi-kuffara-emanet-etmeyecegiz"},"author":{"name":"Haber Merkezi","@id":"https:\/\/epochtimestr.com\/#\/schema\/person\/3dc5c3adeb9f43923c5aa85889172fdd"},"headline":"DSP Genel Ba\u015fkan\u0131 \u00d6nder Aksakal Muhalafeti K\u00fcffar \u0130lan Etti","datePublished":"2023-04-16T07:01:54+00:00","dateModified":"2023-04-17T09:48:57+00:00","mainEntityOfPage":{"@id":"https:\/\/epochtimestr.com\/index.php\/vatanimizi-kuffara-emanet-etmeyecegiz"},"wordCount":198,"publisher":{"@id":"https:\/\/epochtimestr.com\/#organization"},"image":{"@id":"https:\/\/epochtimestr.com\/index.php\/vatanimizi-kuffara-emanet-etmeyecegiz#primaryimage"},"thumbnailUrl":"https:\/\/epochtimestr.com\/wp-content\/uploads\/2011y\/DSP-Onder-Aksakal.jpg","articleSection":["G\u00dcNDEM","T\u00dcRK\u0130YE"],"inLanguage":"tr"},{"@type":"WebPage","@id":"https:\/\/epochtimestr.com\/index.php\/vatanimizi-kuffara-emanet-etmeyecegiz","url":"https:\/\/epochtimestr.com\/index.php\/vatanimizi-kuffara-emanet-etmeyecegiz","name":"DSP Genel Ba\u015fkan\u0131 \u00d6nder Aksakal Muhalafeti K\u00fcffar \u0130lan Etti - The Epoch Times TR","isPartOf":{"@id":"https:\/\/epochtimestr.com\/#website"},"primaryImageOfPage":{"@id":"https:\/\/epochtimestr.com\/index.php\/vatanimizi-kuffara-emanet-etmeyecegiz#primaryimage"},"image":{"@id":"https:\/\/epochtimestr.com\/index.php\/vatanimizi-kuffara-emanet-etmeyecegiz#primaryimage"},"thumbnailUrl":"https:\/\/epochtimestr.com\/wp-content\/uploads\/2011y\/DSP-Onder-Aksakal.jpg","datePublished":"2023-04-16T07:01:54+00:00","dateModified":"2023-04-17T09:48:57+00:00","inLanguage":"tr","potentialAction":[{"@type":"ReadAction","target":["https:\/\/epochtimestr.com\/index.php\/vatanimizi-kuffara-emanet-etmeyecegiz"]}]},{"@type":"ImageObject","inLanguage":"tr","@id":"https:\/\/epochtimestr.com\/index.php\/vatanimizi-kuffara-emanet-etmeyecegiz#primaryimage","url":"https:\/\/epochtimestr.com\/wp-content\/uploads\/2011y\/DSP-Onder-Aksakal.jpg","contentUrl":"https:\/\/epochtimestr.com\/wp-content\/uploads\/2011y\/DSP-Onder-Aksakal.jpg","width":680,"height":383},{"@type":"WebSite","@id":"https:\/\/epochtimestr.com\/#website","url":"https:\/\/epochtimestr.com\/","name":"The Epoch Times TR","description":"De\u011fi\u015fen D\u00fcnyam\u0131za Taze Bir Bak\u0131\u015f","publisher":{"@id":"https:\/\/epochtimestr.com\/#organization"},"potentialAction":[{"@type":"SearchAction","target":{"@type":"EntryPoint","urlTemplate":"https:\/\/epochtimestr.com\/?s={search_term_string}"},"query-input":"required name=search_term_string"}],"inLanguage":"tr"},{"@type":"Organization","@id":"https:\/\/epochtimestr.com\/#organization","name":"The EpochTimes T\u00fcrkiye","url":"https:\/\/epochtimestr.com\/","logo":{"@type":"ImageObject","inLanguage":"tr","@id":"https:\/\/epochtimestr.com\/#\/schema\/logo\/image\/","url":"https:\/\/epochtimestr.com\/wp-content\/uploads\/2011y\/ET-Logo-YG.jpg","contentUrl":"https:\/\/epochtimestr.com\/wp-content\/uploads\/2011y\/ET-Logo-YG.jpg","width":346,"height":29,"caption":"The EpochTimes T\u00fcrkiye"},"image":{"@id":"https:\/\/epochtimestr.com\/#\/schema\/logo\/image\/"},"sameAs":["https:\/\/www.facebook.com\/theepochtimestr","https:\/\/x.com\/TheEpochTimesTR","https:\/\/www.instagram.com\/epochtimestr"]},{"@type":"Person","@id":"https:\/\/epochtimestr.com\/#\/schema\/person\/3dc5c3adeb9f43923c5aa85889172fdd","name":"Haber Merkezi","image":{"@type":"ImageObject","inLanguage":"tr","@id":"https:\/\/epochtimestr.com\/#\/schema\/person\/image\/","url":"https:\/\/secure.gravatar.com\/avatar\/d73f772ba5a74f28601361e17c2f93e6?s=96&d=mm&r=g","contentUrl":"https:\/\/secure.gravatar.com\/avatar\/d73f772ba5a74f28601361e17c2f93e6?s=96&d=mm&r=g","caption":"Haber Merkezi"},"url":"https:\/\/epochtimestr.com\/index.php\/author\/sendag"}]}},"_links":{"self":[{"href":"https:\/\/epochtimestr.com\/index.php\/wp-json\/wp\/v2\/posts\/143664"}],"collection":[{"href":"https:\/\/epochtimestr.com\/index.php\/wp-json\/wp\/v2\/posts"}],"about":[{"href":"https:\/\/epochtimestr.com\/index.php\/wp-json\/wp\/v2\/types\/post"}],"author":[{"embeddable":true,"href":"https:\/\/epochtimestr.com\/index.php\/wp-json\/wp\/v2\/users\/12791"}],"replies":[{"embeddable":true,"href":"https:\/\/epochtimestr.com\/index.php\/wp-json\/wp\/v2\/comments?post=143664"}],"version-history":[{"count":4,"href":"https:\/\/epochtimestr.com\/index.php\/wp-json\/wp\/v2\/posts\/143664\/revisions"}],"predecessor-version":[{"id":143683,"href":"https:\/\/epochtimestr.com\/index.php\/wp-json\/wp\/v2\/posts\/143664\/revisions\/143683"}],"wp:featuredmedia":[{"embeddable":true,"href":"https:\/\/epochtimestr.com\/index.php\/wp-json\/wp\/v2\/media\/143665"}],"wp:attachment":[{"href":"https:\/\/epochtimestr.com\/index.php\/wp-json\/wp\/v2\/media?parent=143664"}],"wp:term":[{"taxonomy":"category","embeddable":true,"href":"https:\/\/epochtimestr.com\/index.php\/wp-json\/wp\/v2\/categories?post=143664"},{"taxonomy":"post_tag","embeddable":true,"href":"https:\/\/epochtimestr.com\/index.php\/wp-json\/wp\/v2\/tags?post=143664"}],"curies":[{"name":"wp","href":"https:\/\/api.w.org\/{rel}","templated":true}]}}