{"id":143804,"date":"2023-04-23T16:28:10","date_gmt":"2023-04-23T13:28:10","guid":{"rendered":"https:\/\/epochtimestr.com\/?p=143804"},"modified":"2023-04-23T22:20:59","modified_gmt":"2023-04-23T19:20:59","slug":"23-nisan-ulusal-egemenlik-ve-cocuk-bayraminin-103-yili","status":"publish","type":"post","link":"https:\/\/epochtimestr.com\/index.php\/23-nisan-ulusal-egemenlik-ve-cocuk-bayraminin-103-yili","title":{"rendered":"23 Nisan Ulusal Egemenlik ve \u00c7ocuk Bayram\u0131&#8217;n\u0131n 103. Y\u0131l\u0131"},"content":{"rendered":"\n<div class=\"wp-block-image\"><figure class=\"aligncenter size-large\"><img loading=\"lazy\" decoding=\"async\" width=\"600\" height=\"337\" src=\"https:\/\/epochtimestr.com\/wp-content\/uploads\/2011y\/atat\u00fcrk-4-600x337.png\" alt=\"\" class=\"wp-image-131057\" srcset=\"https:\/\/epochtimestr.com\/wp-content\/uploads\/2011y\/atat\u00fcrk-4-600x337.png 600w, https:\/\/epochtimestr.com\/wp-content\/uploads\/2011y\/atat\u00fcrk-4-300x168.png 300w, https:\/\/epochtimestr.com\/wp-content\/uploads\/2011y\/atat\u00fcrk-4-150x84.png 150w, https:\/\/epochtimestr.com\/wp-content\/uploads\/2011y\/atat\u00fcrk-4.png 606w\" sizes=\"(max-width: 600px) 100vw, 600px\" \/><\/figure><\/div>\n\n\n\n<h2 class=\"wp-block-heading\">23 Nisan 1920 tarihinde, Birinci B\u00fcy\u00fck Millet Meclisi&#8217;nin a\u00e7\u0131lmas\u0131n\u0131n ard\u0131ndan, 1921 y\u0131l\u0131nda T\u00fcrk halk\u0131n\u0131n egemenli\u011fi bayram olarak ilan edilmi\u015ftir.<\/h2>\n\n\n\n<p>Ulusal Egemenlik ve \u00c7ocuk Bayram\u0131&#8217;n\u0131n tarihi, 23 Nisan 1920 Birinci B\u00fcy\u00fck Millet Meclisi&#8217;nin a\u00e7\u0131ld\u0131\u011f\u0131 ve T\u00fcrk halk\u0131n\u0131n egemenli\u011fini ilan etti\u011fi g\u00fcne dayan\u0131r. Ayn\u0131 zamanda T\u00fcrkiye Cumhuriyeti&#8217;nin ilk ulusal bayram\u0131 olarak bilinir.<\/p>\n\n\n\n<p>Ulusun egemenli\u011fini temsil eden bu \u00f6nemli g\u00fcn, T\u00fcrkiye Cumhuriyeti\u2019nin kurucusu ve ilk cumhurba\u015fkan\u0131&nbsp;Mustafa Kemal Atat\u00fcrk&nbsp;taraf\u0131ndan d\u00fcnya \u00e7ocuklar\u0131na arma\u011fan edilmi\u015ftir.<\/p>\n\n\n\n<p>&nbsp;Bayram\u0131n ad\u0131 1935&#8217;te&nbsp;<em>Hakimiyet-i Milliye Bayram\u0131,<\/em>&nbsp;1981 y\u0131l\u0131nda &#8220;Ulusal Egemenlik ve \u00c7ocuk Bayram\u0131&#8221; oldu.<\/p>\n\n\n\n<p>T\u00fcrkiye Radyo Televizyon Kurumu&#8217;nun&nbsp;UNESCO&#8217;nun 1979&#8217;u \u00c7ocuk Y\u0131l\u0131 olarak duyurmas\u0131n\u0131n ard\u0131ndan,&nbsp;TRT Uluslararas\u0131 23 Nisan \u00c7ocuk \u015eenli\u011fi&#8217;ni ba\u015flatmas\u0131 ile bu bayram uluslararas\u0131 d\u00fczeye ta\u015f\u0131nd\u0131.<\/p>\n\n\n\n<p>Bug\u00fcn hala, sadece milletini d\u00fc\u015f\u00fcnen, gece g\u00fcnd\u00fcz s\u00fcrekli olarak \u00e7al\u0131\u015fan Mustafa Kemal Atat\u00fcrk&#8217;\u00fcn bizlere b\u0131rakt\u0131\u011f\u0131 miras\u0131n\u0131 y\u00fcrekten kutluyoruz. <\/p>\n\n\n\n<figure class=\"wp-block-embed is-type-video is-provider-youtube wp-block-embed-youtube wp-embed-aspect-16-9 wp-has-aspect-ratio\"><div class=\"wp-block-embed__wrapper\">\n<iframe loading=\"lazy\" title=\"TBMM\u2019nin a\u00e7\u0131l\u0131\u015f\u0131n\u0131n 103. y\u0131l\u0131 ve 23 Nisan Ulusal Egemenlik ve \u00c7ocuk Bayram\u0131\" width=\"1170\" height=\"658\" src=\"https:\/\/www.youtube.com\/embed\/C-TPkjNoxg8?wmode=transparent&amp;rel=0&amp;feature=oembed\" frameborder=\"0\" allow=\"accelerometer; autoplay; clipboard-write; encrypted-media; gyroscope; picture-in-picture; web-share\" allowfullscreen><\/iframe>\n<\/div><\/figure>\n","protected":false},"excerpt":{"rendered":"<p>23 Nisan 1920 tarihinde, Birinci B\u00fcy\u00fck Millet Meclisi&#8217;nin a\u00e7\u0131lmas\u0131n\u0131n ard\u0131ndan, 1921 y\u0131l\u0131nda T\u00fcrk halk\u0131n\u0131n egemenli\u011fi bayram olarak ilan edilmi\u015ftir. Ulusal Egemenlik ve \u00c7ocuk Bayram\u0131&#8217;n\u0131n tarihi, 23 Nisan 1920 Birinci B\u00fcy\u00fck Millet Meclisi&#8217;nin a\u00e7\u0131ld\u0131\u011f\u0131 ve T\u00fcrk halk\u0131n\u0131n egemenli\u011fini ilan etti\u011fi g\u00fcne dayan\u0131r. Ayn\u0131 zamanda T\u00fcrkiye Cumhuriyeti&#8217;nin ilk ulusal bayram\u0131 olarak bilinir. Ulusun egemenli\u011fini temsil eden bu [&hellip;]<\/p>\n","protected":false},"author":12791,"featured_media":131057,"comment_status":"closed","ping_status":"open","sticky":false,"template":"","format":"standard","meta":{"_yoast_wpseo_focuskw":"","_yoast_wpseo_title":"","_yoast_wpseo_metadesc":"","_bbp_topic_count":0,"_bbp_reply_count":0,"_bbp_total_topic_count":0,"_bbp_total_reply_count":0,"_bbp_voice_count":0,"_bbp_anonymous_reply_count":0,"_bbp_topic_count_hidden":0,"_bbp_reply_count_hidden":0,"_bbp_forum_subforum_count":0,"footnotes":"","_yoast_wpseo_focuskw_text_input":""},"categories":[1,8138,37],"tags":[],"yoast_head":"<!-- This site is optimized with the Yoast SEO plugin v23.0 - https:\/\/yoast.com\/wordpress\/plugins\/seo\/ -->\n<title>23 Nisan Ulusal Egemenlik ve \u00c7ocuk Bayram\u0131&#039;n\u0131n 103. Y\u0131l\u0131 - The Epoch Times TR<\/title>\n<meta name=\"robots\" content=\"index, follow, max-snippet:-1, max-image-preview:large, max-video-preview:-1\" \/>\n<link rel=\"canonical\" href=\"https:\/\/epochtimestr.com\/index.php\/23-nisan-ulusal-egemenlik-ve-cocuk-bayraminin-103-yili\" \/>\n<meta property=\"og:locale\" content=\"tr_TR\" \/>\n<meta property=\"og:type\" content=\"article\" \/>\n<meta property=\"og:title\" content=\"23 Nisan Ulusal Egemenlik ve \u00c7ocuk Bayram\u0131&#039;n\u0131n 103. Y\u0131l\u0131 - The Epoch Times TR\" \/>\n<meta property=\"og:description\" content=\"23 Nisan 1920 tarihinde, Birinci B\u00fcy\u00fck Millet Meclisi&#8217;nin a\u00e7\u0131lmas\u0131n\u0131n ard\u0131ndan, 1921 y\u0131l\u0131nda T\u00fcrk halk\u0131n\u0131n egemenli\u011fi bayram olarak ilan edilmi\u015ftir. Ulusal Egemenlik ve \u00c7ocuk Bayram\u0131&#8217;n\u0131n tarihi, 23 Nisan 1920 Birinci B\u00fcy\u00fck Millet Meclisi&#8217;nin a\u00e7\u0131ld\u0131\u011f\u0131 ve T\u00fcrk halk\u0131n\u0131n egemenli\u011fini ilan etti\u011fi g\u00fcne dayan\u0131r. Ayn\u0131 zamanda T\u00fcrkiye Cumhuriyeti&#8217;nin ilk ulusal bayram\u0131 olarak bilinir. Ulusun egemenli\u011fini temsil eden bu [&hellip;]\" \/>\n<meta property=\"og:url\" content=\"https:\/\/epochtimestr.com\/index.php\/23-nisan-ulusal-egemenlik-ve-cocuk-bayraminin-103-yili\" \/>\n<meta property=\"og:site_name\" content=\"The Epoch Times TR\" \/>\n<meta property=\"article:publisher\" content=\"https:\/\/www.facebook.com\/theepochtimestr\" \/>\n<meta property=\"article:published_time\" content=\"2023-04-23T13:28:10+00:00\" \/>\n<meta property=\"article:modified_time\" content=\"2023-04-23T19:20:59+00:00\" \/>\n<meta property=\"og:image\" content=\"https:\/\/epochtimestr.com\/wp-content\/uploads\/2011y\/atat\u00fcrk-4.png\" \/>\n\t<meta property=\"og:image:width\" content=\"606\" \/>\n\t<meta property=\"og:image:height\" content=\"340\" \/>\n\t<meta property=\"og:image:type\" content=\"image\/png\" \/>\n<meta name=\"author\" content=\"Haber Merkezi\" \/>\n<meta name=\"twitter:card\" content=\"summary_large_image\" \/>\n<meta name=\"twitter:creator\" content=\"@TheEpochTimesTR\" \/>\n<meta name=\"twitter:site\" content=\"@TheEpochTimesTR\" \/>\n<meta name=\"twitter:label1\" content=\"Yazan:\" \/>\n\t<meta name=\"twitter:data1\" content=\"Haber Merkezi\" \/>\n\t<meta name=\"twitter:label2\" content=\"Tahmini okuma s\u00fcresi\" \/>\n\t<meta name=\"twitter:data2\" content=\"1 dakika\" \/>\n<script type=\"application\/ld+json\" class=\"yoast-schema-graph\">{\"@context\":\"https:\/\/schema.org\",\"@graph\":[{\"@type\":\"Article\",\"@id\":\"https:\/\/epochtimestr.com\/index.php\/23-nisan-ulusal-egemenlik-ve-cocuk-bayraminin-103-yili#article\",\"isPartOf\":{\"@id\":\"https:\/\/epochtimestr.com\/index.php\/23-nisan-ulusal-egemenlik-ve-cocuk-bayraminin-103-yili\"},\"author\":{\"name\":\"Haber Merkezi\",\"@id\":\"https:\/\/epochtimestr.com\/#\/schema\/person\/3dc5c3adeb9f43923c5aa85889172fdd\"},\"headline\":\"23 Nisan Ulusal Egemenlik ve \u00c7ocuk Bayram\u0131&#8217;n\u0131n 103. Y\u0131l\u0131\",\"datePublished\":\"2023-04-23T13:28:10+00:00\",\"dateModified\":\"2023-04-23T19:20:59+00:00\",\"mainEntityOfPage\":{\"@id\":\"https:\/\/epochtimestr.com\/index.php\/23-nisan-ulusal-egemenlik-ve-cocuk-bayraminin-103-yili\"},\"wordCount\":201,\"publisher\":{\"@id\":\"https:\/\/epochtimestr.com\/#organization\"},\"image\":{\"@id\":\"https:\/\/epochtimestr.com\/index.php\/23-nisan-ulusal-egemenlik-ve-cocuk-bayraminin-103-yili#primaryimage\"},\"thumbnailUrl\":\"https:\/\/epochtimestr.com\/wp-content\/uploads\/2011y\/atat\u00fcrk-4.png\",\"articleSection\":[\"G\u00dcNDEM\",\"MAN\u015eET\",\"T\u00dcRK\u0130YE\"],\"inLanguage\":\"tr\"},{\"@type\":\"WebPage\",\"@id\":\"https:\/\/epochtimestr.com\/index.php\/23-nisan-ulusal-egemenlik-ve-cocuk-bayraminin-103-yili\",\"url\":\"https:\/\/epochtimestr.com\/index.php\/23-nisan-ulusal-egemenlik-ve-cocuk-bayraminin-103-yili\",\"name\":\"23 Nisan Ulusal Egemenlik ve \u00c7ocuk Bayram\u0131'n\u0131n 103. Y\u0131l\u0131 - The Epoch Times TR\",\"isPartOf\":{\"@id\":\"https:\/\/epochtimestr.com\/#website\"},\"primaryImageOfPage\":{\"@id\":\"https:\/\/epochtimestr.com\/index.php\/23-nisan-ulusal-egemenlik-ve-cocuk-bayraminin-103-yili#primaryimage\"},\"image\":{\"@id\":\"https:\/\/epochtimestr.com\/index.php\/23-nisan-ulusal-egemenlik-ve-cocuk-bayraminin-103-yili#primaryimage\"},\"thumbnailUrl\":\"https:\/\/epochtimestr.com\/wp-content\/uploads\/2011y\/atat\u00fcrk-4.png\",\"datePublished\":\"2023-04-23T13:28:10+00:00\",\"dateModified\":\"2023-04-23T19:20:59+00:00\",\"inLanguage\":\"tr\",\"potentialAction\":[{\"@type\":\"ReadAction\",\"target\":[\"https:\/\/epochtimestr.com\/index.php\/23-nisan-ulusal-egemenlik-ve-cocuk-bayraminin-103-yili\"]}]},{\"@type\":\"ImageObject\",\"inLanguage\":\"tr\",\"@id\":\"https:\/\/epochtimestr.com\/index.php\/23-nisan-ulusal-egemenlik-ve-cocuk-bayraminin-103-yili#primaryimage\",\"url\":\"https:\/\/epochtimestr.com\/wp-content\/uploads\/2011y\/atat\u00fcrk-4.png\",\"contentUrl\":\"https:\/\/epochtimestr.com\/wp-content\/uploads\/2011y\/atat\u00fcrk-4.png\",\"width\":606,\"height\":340},{\"@type\":\"WebSite\",\"@id\":\"https:\/\/epochtimestr.com\/#website\",\"url\":\"https:\/\/epochtimestr.com\/\",\"name\":\"The Epoch Times TR\",\"description\":\"De\u011fi\u015fen D\u00fcnyam\u0131za Taze Bir Bak\u0131\u015f\",\"publisher\":{\"@id\":\"https:\/\/epochtimestr.com\/#organization\"},\"potentialAction\":[{\"@type\":\"SearchAction\",\"target\":{\"@type\":\"EntryPoint\",\"urlTemplate\":\"https:\/\/epochtimestr.com\/?s={search_term_string}\"},\"query-input\":\"required name=search_term_string\"}],\"inLanguage\":\"tr\"},{\"@type\":\"Organization\",\"@id\":\"https:\/\/epochtimestr.com\/#organization\",\"name\":\"The EpochTimes T\u00fcrkiye\",\"url\":\"https:\/\/epochtimestr.com\/\",\"logo\":{\"@type\":\"ImageObject\",\"inLanguage\":\"tr\",\"@id\":\"https:\/\/epochtimestr.com\/#\/schema\/logo\/image\/\",\"url\":\"https:\/\/epochtimestr.com\/wp-content\/uploads\/2011y\/ET-Logo-YG.jpg\",\"contentUrl\":\"https:\/\/epochtimestr.com\/wp-content\/uploads\/2011y\/ET-Logo-YG.jpg\",\"width\":346,\"height\":29,\"caption\":\"The EpochTimes T\u00fcrkiye\"},\"image\":{\"@id\":\"https:\/\/epochtimestr.com\/#\/schema\/logo\/image\/\"},\"sameAs\":[\"https:\/\/www.facebook.com\/theepochtimestr\",\"https:\/\/x.com\/TheEpochTimesTR\",\"https:\/\/www.instagram.com\/epochtimestr\"]},{\"@type\":\"Person\",\"@id\":\"https:\/\/epochtimestr.com\/#\/schema\/person\/3dc5c3adeb9f43923c5aa85889172fdd\",\"name\":\"Haber Merkezi\",\"image\":{\"@type\":\"ImageObject\",\"inLanguage\":\"tr\",\"@id\":\"https:\/\/epochtimestr.com\/#\/schema\/person\/image\/\",\"url\":\"https:\/\/secure.gravatar.com\/avatar\/d73f772ba5a74f28601361e17c2f93e6?s=96&d=mm&r=g\",\"contentUrl\":\"https:\/\/secure.gravatar.com\/avatar\/d73f772ba5a74f28601361e17c2f93e6?s=96&d=mm&r=g\",\"caption\":\"Haber Merkezi\"},\"url\":\"https:\/\/epochtimestr.com\/index.php\/author\/sendag\"}]}<\/script>\n<!-- \/ Yoast SEO plugin. -->","yoast_head_json":{"title":"23 Nisan Ulusal Egemenlik ve \u00c7ocuk Bayram\u0131'n\u0131n 103. Y\u0131l\u0131 - The Epoch Times TR","robots":{"index":"index","follow":"follow","max-snippet":"max-snippet:-1","max-image-preview":"max-image-preview:large","max-video-preview":"max-video-preview:-1"},"canonical":"https:\/\/epochtimestr.com\/index.php\/23-nisan-ulusal-egemenlik-ve-cocuk-bayraminin-103-yili","og_locale":"tr_TR","og_type":"article","og_title":"23 Nisan Ulusal Egemenlik ve \u00c7ocuk Bayram\u0131'n\u0131n 103. Y\u0131l\u0131 - The Epoch Times TR","og_description":"23 Nisan 1920 tarihinde, Birinci B\u00fcy\u00fck Millet Meclisi&#8217;nin a\u00e7\u0131lmas\u0131n\u0131n ard\u0131ndan, 1921 y\u0131l\u0131nda T\u00fcrk halk\u0131n\u0131n egemenli\u011fi bayram olarak ilan edilmi\u015ftir. Ulusal Egemenlik ve \u00c7ocuk Bayram\u0131&#8217;n\u0131n tarihi, 23 Nisan 1920 Birinci B\u00fcy\u00fck Millet Meclisi&#8217;nin a\u00e7\u0131ld\u0131\u011f\u0131 ve T\u00fcrk halk\u0131n\u0131n egemenli\u011fini ilan etti\u011fi g\u00fcne dayan\u0131r. Ayn\u0131 zamanda T\u00fcrkiye Cumhuriyeti&#8217;nin ilk ulusal bayram\u0131 olarak bilinir. Ulusun egemenli\u011fini temsil eden bu [&hellip;]","og_url":"https:\/\/epochtimestr.com\/index.php\/23-nisan-ulusal-egemenlik-ve-cocuk-bayraminin-103-yili","og_site_name":"The Epoch Times TR","article_publisher":"https:\/\/www.facebook.com\/theepochtimestr","article_published_time":"2023-04-23T13:28:10+00:00","article_modified_time":"2023-04-23T19:20:59+00:00","og_image":[{"width":606,"height":340,"url":"https:\/\/epochtimestr.com\/wp-content\/uploads\/2011y\/atat\u00fcrk-4.png","type":"image\/png"}],"author":"Haber Merkezi","twitter_card":"summary_large_image","twitter_creator":"@TheEpochTimesTR","twitter_site":"@TheEpochTimesTR","twitter_misc":{"Yazan:":"Haber Merkezi","Tahmini okuma s\u00fcresi":"1 dakika"},"schema":{"@context":"https:\/\/schema.org","@graph":[{"@type":"Article","@id":"https:\/\/epochtimestr.com\/index.php\/23-nisan-ulusal-egemenlik-ve-cocuk-bayraminin-103-yili#article","isPartOf":{"@id":"https:\/\/epochtimestr.com\/index.php\/23-nisan-ulusal-egemenlik-ve-cocuk-bayraminin-103-yili"},"author":{"name":"Haber Merkezi","@id":"https:\/\/epochtimestr.com\/#\/schema\/person\/3dc5c3adeb9f43923c5aa85889172fdd"},"headline":"23 Nisan Ulusal Egemenlik ve \u00c7ocuk Bayram\u0131&#8217;n\u0131n 103. Y\u0131l\u0131","datePublished":"2023-04-23T13:28:10+00:00","dateModified":"2023-04-23T19:20:59+00:00","mainEntityOfPage":{"@id":"https:\/\/epochtimestr.com\/index.php\/23-nisan-ulusal-egemenlik-ve-cocuk-bayraminin-103-yili"},"wordCount":201,"publisher":{"@id":"https:\/\/epochtimestr.com\/#organization"},"image":{"@id":"https:\/\/epochtimestr.com\/index.php\/23-nisan-ulusal-egemenlik-ve-cocuk-bayraminin-103-yili#primaryimage"},"thumbnailUrl":"https:\/\/epochtimestr.com\/wp-content\/uploads\/2011y\/atat\u00fcrk-4.png","articleSection":["G\u00dcNDEM","MAN\u015eET","T\u00dcRK\u0130YE"],"inLanguage":"tr"},{"@type":"WebPage","@id":"https:\/\/epochtimestr.com\/index.php\/23-nisan-ulusal-egemenlik-ve-cocuk-bayraminin-103-yili","url":"https:\/\/epochtimestr.com\/index.php\/23-nisan-ulusal-egemenlik-ve-cocuk-bayraminin-103-yili","name":"23 Nisan Ulusal Egemenlik ve \u00c7ocuk Bayram\u0131'n\u0131n 103. Y\u0131l\u0131 - The Epoch Times TR","isPartOf":{"@id":"https:\/\/epochtimestr.com\/#website"},"primaryImageOfPage":{"@id":"https:\/\/epochtimestr.com\/index.php\/23-nisan-ulusal-egemenlik-ve-cocuk-bayraminin-103-yili#primaryimage"},"image":{"@id":"https:\/\/epochtimestr.com\/index.php\/23-nisan-ulusal-egemenlik-ve-cocuk-bayraminin-103-yili#primaryimage"},"thumbnailUrl":"https:\/\/epochtimestr.com\/wp-content\/uploads\/2011y\/atat\u00fcrk-4.png","datePublished":"2023-04-23T13:28:10+00:00","dateModified":"2023-04-23T19:20:59+00:00","inLanguage":"tr","potentialAction":[{"@type":"ReadAction","target":["https:\/\/epochtimestr.com\/index.php\/23-nisan-ulusal-egemenlik-ve-cocuk-bayraminin-103-yili"]}]},{"@type":"ImageObject","inLanguage":"tr","@id":"https:\/\/epochtimestr.com\/index.php\/23-nisan-ulusal-egemenlik-ve-cocuk-bayraminin-103-yili#primaryimage","url":"https:\/\/epochtimestr.com\/wp-content\/uploads\/2011y\/atat\u00fcrk-4.png","contentUrl":"https:\/\/epochtimestr.com\/wp-content\/uploads\/2011y\/atat\u00fcrk-4.png","width":606,"height":340},{"@type":"WebSite","@id":"https:\/\/epochtimestr.com\/#website","url":"https:\/\/epochtimestr.com\/","name":"The Epoch Times TR","description":"De\u011fi\u015fen D\u00fcnyam\u0131za Taze Bir Bak\u0131\u015f","publisher":{"@id":"https:\/\/epochtimestr.com\/#organization"},"potentialAction":[{"@type":"SearchAction","target":{"@type":"EntryPoint","urlTemplate":"https:\/\/epochtimestr.com\/?s={search_term_string}"},"query-input":"required name=search_term_string"}],"inLanguage":"tr"},{"@type":"Organization","@id":"https:\/\/epochtimestr.com\/#organization","name":"The EpochTimes T\u00fcrkiye","url":"https:\/\/epochtimestr.com\/","logo":{"@type":"ImageObject","inLanguage":"tr","@id":"https:\/\/epochtimestr.com\/#\/schema\/logo\/image\/","url":"https:\/\/epochtimestr.com\/wp-content\/uploads\/2011y\/ET-Logo-YG.jpg","contentUrl":"https:\/\/epochtimestr.com\/wp-content\/uploads\/2011y\/ET-Logo-YG.jpg","width":346,"height":29,"caption":"The EpochTimes T\u00fcrkiye"},"image":{"@id":"https:\/\/epochtimestr.com\/#\/schema\/logo\/image\/"},"sameAs":["https:\/\/www.facebook.com\/theepochtimestr","https:\/\/x.com\/TheEpochTimesTR","https:\/\/www.instagram.com\/epochtimestr"]},{"@type":"Person","@id":"https:\/\/epochtimestr.com\/#\/schema\/person\/3dc5c3adeb9f43923c5aa85889172fdd","name":"Haber Merkezi","image":{"@type":"ImageObject","inLanguage":"tr","@id":"https:\/\/epochtimestr.com\/#\/schema\/person\/image\/","url":"https:\/\/secure.gravatar.com\/avatar\/d73f772ba5a74f28601361e17c2f93e6?s=96&d=mm&r=g","contentUrl":"https:\/\/secure.gravatar.com\/avatar\/d73f772ba5a74f28601361e17c2f93e6?s=96&d=mm&r=g","caption":"Haber Merkezi"},"url":"https:\/\/epochtimestr.com\/index.php\/author\/sendag"}]}},"_links":{"self":[{"href":"https:\/\/epochtimestr.com\/index.php\/wp-json\/wp\/v2\/posts\/143804"}],"collection":[{"href":"https:\/\/epochtimestr.com\/index.php\/wp-json\/wp\/v2\/posts"}],"about":[{"href":"https:\/\/epochtimestr.com\/index.php\/wp-json\/wp\/v2\/types\/post"}],"author":[{"embeddable":true,"href":"https:\/\/epochtimestr.com\/index.php\/wp-json\/wp\/v2\/users\/12791"}],"replies":[{"embeddable":true,"href":"https:\/\/epochtimestr.com\/index.php\/wp-json\/wp\/v2\/comments?post=143804"}],"version-history":[{"count":3,"href":"https:\/\/epochtimestr.com\/index.php\/wp-json\/wp\/v2\/posts\/143804\/revisions"}],"predecessor-version":[{"id":143832,"href":"https:\/\/epochtimestr.com\/index.php\/wp-json\/wp\/v2\/posts\/143804\/revisions\/143832"}],"wp:featuredmedia":[{"embeddable":true,"href":"https:\/\/epochtimestr.com\/index.php\/wp-json\/wp\/v2\/media\/131057"}],"wp:attachment":[{"href":"https:\/\/epochtimestr.com\/index.php\/wp-json\/wp\/v2\/media?parent=143804"}],"wp:term":[{"taxonomy":"category","embeddable":true,"href":"https:\/\/epochtimestr.com\/index.php\/wp-json\/wp\/v2\/categories?post=143804"},{"taxonomy":"post_tag","embeddable":true,"href":"https:\/\/epochtimestr.com\/index.php\/wp-json\/wp\/v2\/tags?post=143804"}],"curies":[{"name":"wp","href":"https:\/\/api.w.org\/{rel}","templated":true}]}}