{"id":145592,"date":"2023-06-01T09:40:12","date_gmt":"2023-06-01T06:40:12","guid":{"rendered":"https:\/\/epochtimestr.com\/?p=145592"},"modified":"2023-06-01T09:40:14","modified_gmt":"2023-06-01T06:40:14","slug":"tuik-buyume-rakamlarini-acikladi","status":"publish","type":"post","link":"https:\/\/epochtimestr.com\/index.php\/tuik-buyume-rakamlarini-acikladi","title":{"rendered":"TU\u0130K B\u00fcy\u00fcme Rakamlar\u0131n\u0131 A\u00e7\u0131klad\u0131"},"content":{"rendered":"<div class=\"wp-block-image\">\n<figure class=\"aligncenter size-full\"><img loading=\"lazy\" decoding=\"async\" width=\"400\" height=\"400\" src=\"https:\/\/epochtimestr.com\/wp-content\/uploads\/2011y\/gV23iAL_400x400.jpg\" alt=\"\" class=\"wp-image-145593\" srcset=\"https:\/\/epochtimestr.com\/wp-content\/uploads\/2011y\/gV23iAL_400x400.jpg 400w, https:\/\/epochtimestr.com\/wp-content\/uploads\/2011y\/gV23iAL_400x400-300x300.jpg 300w, https:\/\/epochtimestr.com\/wp-content\/uploads\/2011y\/gV23iAL_400x400-150x150.jpg 150w\" sizes=\"(max-width: 400px) 100vw, 400px\" \/><figcaption class=\"wp-element-caption\">Kaynak: TU\u0130K Twitter<\/figcaption><\/figure><\/div>\n\n\n<h2 class=\"wp-block-heading\">T\u00fcrkiye \u0130statistik Kurumu(T\u00dc\u0130K), bu y\u0131l\u0131n ilk \u00e7eyre\u011fine ili\u015fkin T\u00fcrkiye ekonomisi b\u00fcy\u00fcme rakam\u0131n\u0131 a\u00e7\u0131klad\u0131.<\/h2>\n\n\n\n<p>T\u00dc\u0130K, T\u00fcrkiye&#8217;nin ocak-mart aras\u0131n\u0131 kapsayan y\u0131l\u0131n ilk \u00e7eyre\u011finde y\u0131ll\u0131k bazda y\u00fczde 4 b\u00fcy\u00fcd\u00fc\u011f\u00fcn\u00fc a\u00e7\u0131klad\u0131. T\u00fcrkiye, 2022&#8217;nin son \u00e7eyre\u011fine g\u00f6re ise y\u00fczde 0,3 b\u00fcy\u00fcd\u00fc. T\u00fcrkiye \u0130statistik Kurumu(T\u00dc\u0130K), bu y\u0131l\u0131n ilk \u00e7eyre\u011fine ili\u015fkin T\u00fcrkiye ekonomisi b\u00fcy\u00fcme rakam\u0131n\u0131 a\u00e7\u0131klad\u0131.<br \/>Hizmet faaliyetleri 2023 y\u0131l\u0131 birinci \u00e7eyre\u011finde %12,4 artt\u0131<\/p>\n\n\n\n<p>GSYH&#8217;yi olu\u015fturan faaliyetler incelendi\u011finde; 2023 y\u0131l\u0131 birinci \u00e7eyre\u011finde bir \u00f6nceki y\u0131la g\u00f6re zincirlenmi\u015f hacim endeksi olarak; hizmetler %12,4, mesleki, idari ve destek hizmet faaliyetleri %12,0, finans ve sigorta faaliyetleri %11,2, bilgi ve ileti\u015fim faaliyetleri %8,1, di\u011fer hizmet faaliyetleri %7,8, in\u015faat %5,1, kamu y\u00f6netimi, e\u011fitim, insan sa\u011fl\u0131\u011f\u0131 ve sosyal hizmet faaliyetleri %3,6 ve gayrimenkul faaliyetleri %1,4 artt\u0131. Tar\u0131m sekt\u00f6r\u00fc %3,8, sanayi ise %0,7 azald\u0131.<\/p>\n\n\n<div class=\"wp-block-image\">\n<figure class=\"aligncenter size-full is-resized\"><img loading=\"lazy\" decoding=\"async\" src=\"https:\/\/epochtimestr.com\/wp-content\/uploads\/2011y\/download-6.jpg\" alt=\"\" class=\"wp-image-145594\" width=\"533\" height=\"319\" srcset=\"https:\/\/epochtimestr.com\/wp-content\/uploads\/2011y\/download-6.jpg 731w, https:\/\/epochtimestr.com\/wp-content\/uploads\/2011y\/download-6-300x180.jpg 300w, https:\/\/epochtimestr.com\/wp-content\/uploads\/2011y\/download-6-150x90.jpg 150w\" sizes=\"(max-width: 533px) 100vw, 533px\" \/><figcaption class=\"wp-element-caption\">Grafik: TU\u0130K<\/figcaption><\/figure><\/div>\n\n\n<p><strong>Hizmet faaliyetleri 2023 y\u0131l\u0131 birinci \u00e7eyre\u011finde y\u00fczde 12,4 artt\u0131<\/strong><\/p>\n\n\n\n<p>Mevsim ve takvim etkilerinden ar\u0131nd\u0131r\u0131lm\u0131\u015f GSYH zincirlenmi\u015f hacim endeksi, bir \u00f6nceki \u00e7eyre\u011fe g\u00f6re %0,3 artt\u0131. Takvim etkisinden ar\u0131nd\u0131r\u0131lm\u0131\u015f GSYH zincirlenmi\u015f hacim endeksi, 2023 y\u0131l\u0131 birinci \u00e7eyre\u011finde bir \u00f6nceki y\u0131l\u0131n ayn\u0131 \u00e7eyre\u011fine g\u00f6re %3,8 artt\u0131.<\/p>\n\n\n<div class=\"wp-block-image\">\n<figure class=\"aligncenter size-full is-resized\"><img loading=\"lazy\" decoding=\"async\" src=\"https:\/\/epochtimestr.com\/wp-content\/uploads\/2011y\/download-7.jpg\" alt=\"\" class=\"wp-image-145595\" width=\"529\" height=\"294\" srcset=\"https:\/\/epochtimestr.com\/wp-content\/uploads\/2011y\/download-7.jpg 717w, https:\/\/epochtimestr.com\/wp-content\/uploads\/2011y\/download-7-300x167.jpg 300w, https:\/\/epochtimestr.com\/wp-content\/uploads\/2011y\/download-7-150x83.jpg 150w\" sizes=\"(max-width: 529px) 100vw, 529px\" \/><figcaption class=\"wp-element-caption\">Grafik: TU\u0130K<\/figcaption><\/figure><\/div>\n\n\n<p>\u00dcretim y\u00f6ntemiyle Gayrisafi Yurt \u0130\u00e7i Has\u0131la tahmini, 2023 y\u0131l\u0131n\u0131n birinci \u00e7eyre\u011finde cari fiyatlarla bir \u00f6nceki y\u0131l\u0131n ayn\u0131 \u00e7eyre\u011fine g\u00f6re y\u00fczde 84,4 artarak 4 trilyon 631 milyar 792 milyon TL oldu. GSYH&#8217;nin birinci \u00e7eyrek de\u011feri cari fiyatlarla ABD dolar\u0131 baz\u0131nda 245 milyar 464 milyon olarak ger\u00e7ekle\u015fti.<\/p>\n\n\n\n<p><strong>Hanehalk\u0131 nihai t\u00fcketim harcamalar\u0131 2023 y\u0131l\u0131n\u0131n birinci \u00e7eyre\u011finde %16,2 artt\u0131<\/strong><\/p>\n\n\n\n<p>Yerle\u015fik hanehalklar\u0131n\u0131n nihai t\u00fcketim harcamalar\u0131 2023 y\u0131l\u0131n\u0131n birinci \u00e7eyre\u011finde bir \u00f6nceki y\u0131l\u0131n ayn\u0131 \u00e7eyre\u011fine g\u00f6re zincirlenmi\u015f hacim endeksi olarak %16,2 artt\u0131. Devletin nihai t\u00fcketim harcamalar\u0131 %5,3, gayrisafi sabit sermaye olu\u015fumu ise %4,9 artt\u0131.<\/p>\n\n\n<div class=\"wp-block-image\">\n<figure class=\"aligncenter size-full is-resized\"><img loading=\"lazy\" decoding=\"async\" src=\"https:\/\/epochtimestr.com\/wp-content\/uploads\/2011y\/download-8.jpg\" alt=\"\" class=\"wp-image-145596\" width=\"471\" height=\"308\" srcset=\"https:\/\/epochtimestr.com\/wp-content\/uploads\/2011y\/download-8.jpg 727w, https:\/\/epochtimestr.com\/wp-content\/uploads\/2011y\/download-8-300x196.jpg 300w, https:\/\/epochtimestr.com\/wp-content\/uploads\/2011y\/download-8-150x98.jpg 150w, https:\/\/epochtimestr.com\/wp-content\/uploads\/2011y\/download-8-210x136.jpg 210w\" sizes=\"(max-width: 471px) 100vw, 471px\" \/><figcaption class=\"wp-element-caption\">Grafik: TU\u0130K<\/figcaption><\/figure><\/div>\n\n\n<p><strong>\u0130\u015fg\u00fcc\u00fc \u00f6demelerinin Gayrisafi Katma De\u011fer i\u00e7erisindeki pay\u0131 %38,0 oldu<\/strong><\/p>\n\n\n\n<p>\u0130\u015fg\u00fcc\u00fc \u00f6demeleri, 2023 y\u0131l\u0131n\u0131n birinci \u00e7eyre\u011finde bir \u00f6nceki y\u0131l\u0131n ayn\u0131 \u00e7eyre\u011fine g\u00f6re %126,1 artt\u0131. Net i\u015fletme art\u0131\u011f\u0131\/karma gelir %48,7 artt\u0131.<\/p>\n\n\n\n<p>\u0130\u015fg\u00fcc\u00fc \u00f6demelerinin cari fiyatlarla Gayrisafi Katma De\u011fer i\u00e7erisindeki pay\u0131 ge\u00e7en y\u0131l\u0131n birinci \u00e7eyre\u011finde %31,1 iken, bu oran 2023 y\u0131l\u0131nda %38,0 oldu. Net i\u015fletme art\u0131\u011f\u0131\/karma gelirin pay\u0131 ise ge\u00e7en y\u0131l\u0131n birinci \u00e7eyre\u011finde %47,6 iken, 2023 y\u0131l\u0131 birinci \u00e7eyre\u011finde %38,2 oldu.<\/p>\n\n\n\n<figure class=\"wp-block-embed is-type-rich is-provider-twitter wp-block-embed-twitter\"><div class=\"wp-block-embed__wrapper\">\n<blockquote class=\"twitter-tweet\" data-width=\"550\" data-dnt=\"true\"><p lang=\"tr\" dir=\"ltr\">D\u00f6nemsel Gayrisafi Yurt \u0130\u00e7i Has\u0131la, I. \u00c7eyrek: Ocak-Mart, 2023<br><br>Gayrisafi Yurt \u0130\u00e7i Has\u0131la (GSYH) 2023 y\u0131l\u0131 birinci \u00e7eyre\u011finde %4,0 artt\u0131<br><br>Detaylar i\u00e7in web sitemizi ziyaret edebilirsiniz. \ud83d\udd0e<br>\u21aa\ufe0f <a href=\"https:\/\/t.co\/Mmegdwa5l5\">https:\/\/t.co\/Mmegdwa5l5<\/a> <a href=\"https:\/\/t.co\/9dj7BZBkTK\">pic.twitter.com\/9dj7BZBkTK<\/a><\/p>&mdash; tuik.gov.tr (@tuikbilgi) <a href=\"https:\/\/twitter.com\/tuikbilgi\/status\/1663804156996382724?ref_src=twsrc%5Etfw\">May 31, 2023<\/a><\/blockquote><script async src=\"https:\/\/platform.twitter.com\/widgets.js\" charset=\"utf-8\"><\/script>\n<\/div><\/figure>\n","protected":false},"excerpt":{"rendered":"<p>T\u00fcrkiye \u0130statistik Kurumu(T\u00dc\u0130K), bu y\u0131l\u0131n ilk \u00e7eyre\u011fine ili\u015fkin T\u00fcrkiye ekonomisi b\u00fcy\u00fcme rakam\u0131n\u0131 a\u00e7\u0131klad\u0131. T\u00dc\u0130K, T\u00fcrkiye&#8217;nin ocak-mart aras\u0131n\u0131 kapsayan y\u0131l\u0131n ilk \u00e7eyre\u011finde y\u0131ll\u0131k bazda y\u00fczde 4 b\u00fcy\u00fcd\u00fc\u011f\u00fcn\u00fc a\u00e7\u0131klad\u0131. T\u00fcrkiye, 2022&#8217;nin son \u00e7eyre\u011fine g\u00f6re ise y\u00fczde 0,3 b\u00fcy\u00fcd\u00fc. T\u00fcrkiye \u0130statistik Kurumu(T\u00dc\u0130K), bu y\u0131l\u0131n ilk \u00e7eyre\u011fine ili\u015fkin T\u00fcrkiye ekonomisi b\u00fcy\u00fcme rakam\u0131n\u0131 a\u00e7\u0131klad\u0131.Hizmet faaliyetleri 2023 y\u0131l\u0131 birinci \u00e7eyre\u011finde %12,4 [&hellip;]<\/p>\n","protected":false},"author":12791,"featured_media":145593,"comment_status":"closed","ping_status":"open","sticky":false,"template":"","format":"standard","meta":{"_yoast_wpseo_focuskw":"","_yoast_wpseo_title":"","_yoast_wpseo_metadesc":"","_bbp_topic_count":0,"_bbp_reply_count":0,"_bbp_total_topic_count":0,"_bbp_total_reply_count":0,"_bbp_voice_count":0,"_bbp_anonymous_reply_count":0,"_bbp_topic_count_hidden":0,"_bbp_reply_count_hidden":0,"_bbp_forum_subforum_count":0,"footnotes":"","_yoast_wpseo_focuskw_text_input":""},"categories":[8225,1,37],"tags":[],"yoast_head":"<!-- This site is optimized with the Yoast SEO plugin v23.0 - https:\/\/yoast.com\/wordpress\/plugins\/seo\/ -->\n<title>TU\u0130K B\u00fcy\u00fcme Rakamlar\u0131n\u0131 A\u00e7\u0131klad\u0131 - The Epoch Times TR<\/title>\n<meta name=\"robots\" content=\"index, follow, max-snippet:-1, max-image-preview:large, max-video-preview:-1\" \/>\n<link rel=\"canonical\" href=\"https:\/\/epochtimestr.com\/index.php\/tuik-buyume-rakamlarini-acikladi\" \/>\n<meta property=\"og:locale\" content=\"tr_TR\" \/>\n<meta property=\"og:type\" content=\"article\" \/>\n<meta property=\"og:title\" content=\"TU\u0130K B\u00fcy\u00fcme Rakamlar\u0131n\u0131 A\u00e7\u0131klad\u0131 - The Epoch Times TR\" \/>\n<meta property=\"og:description\" content=\"T\u00fcrkiye \u0130statistik Kurumu(T\u00dc\u0130K), bu y\u0131l\u0131n ilk \u00e7eyre\u011fine ili\u015fkin T\u00fcrkiye ekonomisi b\u00fcy\u00fcme rakam\u0131n\u0131 a\u00e7\u0131klad\u0131. T\u00dc\u0130K, T\u00fcrkiye&#8217;nin ocak-mart aras\u0131n\u0131 kapsayan y\u0131l\u0131n ilk \u00e7eyre\u011finde y\u0131ll\u0131k bazda y\u00fczde 4 b\u00fcy\u00fcd\u00fc\u011f\u00fcn\u00fc a\u00e7\u0131klad\u0131. T\u00fcrkiye, 2022&#8217;nin son \u00e7eyre\u011fine g\u00f6re ise y\u00fczde 0,3 b\u00fcy\u00fcd\u00fc. T\u00fcrkiye \u0130statistik Kurumu(T\u00dc\u0130K), bu y\u0131l\u0131n ilk \u00e7eyre\u011fine ili\u015fkin T\u00fcrkiye ekonomisi b\u00fcy\u00fcme rakam\u0131n\u0131 a\u00e7\u0131klad\u0131.Hizmet faaliyetleri 2023 y\u0131l\u0131 birinci \u00e7eyre\u011finde %12,4 [&hellip;]\" \/>\n<meta property=\"og:url\" content=\"https:\/\/epochtimestr.com\/index.php\/tuik-buyume-rakamlarini-acikladi\" \/>\n<meta property=\"og:site_name\" content=\"The Epoch Times TR\" \/>\n<meta property=\"article:publisher\" content=\"https:\/\/www.facebook.com\/theepochtimestr\" \/>\n<meta property=\"article:published_time\" content=\"2023-06-01T06:40:12+00:00\" \/>\n<meta property=\"article:modified_time\" content=\"2023-06-01T06:40:14+00:00\" \/>\n<meta property=\"og:image\" content=\"https:\/\/epochtimestr.com\/wp-content\/uploads\/2011y\/gV23iAL_400x400.jpg\" \/>\n\t<meta property=\"og:image:width\" content=\"400\" \/>\n\t<meta property=\"og:image:height\" content=\"400\" \/>\n\t<meta property=\"og:image:type\" content=\"image\/jpeg\" \/>\n<meta name=\"author\" content=\"Haber Merkezi\" \/>\n<meta name=\"twitter:card\" content=\"summary_large_image\" \/>\n<meta name=\"twitter:creator\" content=\"@TheEpochTimesTR\" \/>\n<meta name=\"twitter:site\" content=\"@TheEpochTimesTR\" \/>\n<meta name=\"twitter:label1\" content=\"Yazan:\" \/>\n\t<meta name=\"twitter:data1\" content=\"Haber Merkezi\" \/>\n\t<meta name=\"twitter:label2\" content=\"Tahmini okuma s\u00fcresi\" \/>\n\t<meta name=\"twitter:data2\" content=\"3 dakika\" \/>\n<script type=\"application\/ld+json\" class=\"yoast-schema-graph\">{\"@context\":\"https:\/\/schema.org\",\"@graph\":[{\"@type\":\"Article\",\"@id\":\"https:\/\/epochtimestr.com\/index.php\/tuik-buyume-rakamlarini-acikladi#article\",\"isPartOf\":{\"@id\":\"https:\/\/epochtimestr.com\/index.php\/tuik-buyume-rakamlarini-acikladi\"},\"author\":{\"name\":\"Haber Merkezi\",\"@id\":\"https:\/\/epochtimestr.com\/#\/schema\/person\/3dc5c3adeb9f43923c5aa85889172fdd\"},\"headline\":\"TU\u0130K B\u00fcy\u00fcme Rakamlar\u0131n\u0131 A\u00e7\u0131klad\u0131\",\"datePublished\":\"2023-06-01T06:40:12+00:00\",\"dateModified\":\"2023-06-01T06:40:14+00:00\",\"mainEntityOfPage\":{\"@id\":\"https:\/\/epochtimestr.com\/index.php\/tuik-buyume-rakamlarini-acikladi\"},\"wordCount\":445,\"publisher\":{\"@id\":\"https:\/\/epochtimestr.com\/#organization\"},\"image\":{\"@id\":\"https:\/\/epochtimestr.com\/index.php\/tuik-buyume-rakamlarini-acikladi#primaryimage\"},\"thumbnailUrl\":\"https:\/\/epochtimestr.com\/wp-content\/uploads\/2011y\/gV23iAL_400x400.jpg\",\"articleSection\":[\"Ekonomi\",\"G\u00dcNDEM\",\"T\u00dcRK\u0130YE\"],\"inLanguage\":\"tr\"},{\"@type\":\"WebPage\",\"@id\":\"https:\/\/epochtimestr.com\/index.php\/tuik-buyume-rakamlarini-acikladi\",\"url\":\"https:\/\/epochtimestr.com\/index.php\/tuik-buyume-rakamlarini-acikladi\",\"name\":\"TU\u0130K B\u00fcy\u00fcme Rakamlar\u0131n\u0131 A\u00e7\u0131klad\u0131 - The Epoch Times TR\",\"isPartOf\":{\"@id\":\"https:\/\/epochtimestr.com\/#website\"},\"primaryImageOfPage\":{\"@id\":\"https:\/\/epochtimestr.com\/index.php\/tuik-buyume-rakamlarini-acikladi#primaryimage\"},\"image\":{\"@id\":\"https:\/\/epochtimestr.com\/index.php\/tuik-buyume-rakamlarini-acikladi#primaryimage\"},\"thumbnailUrl\":\"https:\/\/epochtimestr.com\/wp-content\/uploads\/2011y\/gV23iAL_400x400.jpg\",\"datePublished\":\"2023-06-01T06:40:12+00:00\",\"dateModified\":\"2023-06-01T06:40:14+00:00\",\"inLanguage\":\"tr\",\"potentialAction\":[{\"@type\":\"ReadAction\",\"target\":[\"https:\/\/epochtimestr.com\/index.php\/tuik-buyume-rakamlarini-acikladi\"]}]},{\"@type\":\"ImageObject\",\"inLanguage\":\"tr\",\"@id\":\"https:\/\/epochtimestr.com\/index.php\/tuik-buyume-rakamlarini-acikladi#primaryimage\",\"url\":\"https:\/\/epochtimestr.com\/wp-content\/uploads\/2011y\/gV23iAL_400x400.jpg\",\"contentUrl\":\"https:\/\/epochtimestr.com\/wp-content\/uploads\/2011y\/gV23iAL_400x400.jpg\",\"width\":400,\"height\":400},{\"@type\":\"WebSite\",\"@id\":\"https:\/\/epochtimestr.com\/#website\",\"url\":\"https:\/\/epochtimestr.com\/\",\"name\":\"The Epoch Times TR\",\"description\":\"De\u011fi\u015fen D\u00fcnyam\u0131za Taze Bir Bak\u0131\u015f\",\"publisher\":{\"@id\":\"https:\/\/epochtimestr.com\/#organization\"},\"potentialAction\":[{\"@type\":\"SearchAction\",\"target\":{\"@type\":\"EntryPoint\",\"urlTemplate\":\"https:\/\/epochtimestr.com\/?s={search_term_string}\"},\"query-input\":\"required name=search_term_string\"}],\"inLanguage\":\"tr\"},{\"@type\":\"Organization\",\"@id\":\"https:\/\/epochtimestr.com\/#organization\",\"name\":\"The EpochTimes T\u00fcrkiye\",\"url\":\"https:\/\/epochtimestr.com\/\",\"logo\":{\"@type\":\"ImageObject\",\"inLanguage\":\"tr\",\"@id\":\"https:\/\/epochtimestr.com\/#\/schema\/logo\/image\/\",\"url\":\"https:\/\/epochtimestr.com\/wp-content\/uploads\/2011y\/ET-Logo-YG.jpg\",\"contentUrl\":\"https:\/\/epochtimestr.com\/wp-content\/uploads\/2011y\/ET-Logo-YG.jpg\",\"width\":346,\"height\":29,\"caption\":\"The EpochTimes T\u00fcrkiye\"},\"image\":{\"@id\":\"https:\/\/epochtimestr.com\/#\/schema\/logo\/image\/\"},\"sameAs\":[\"https:\/\/www.facebook.com\/theepochtimestr\",\"https:\/\/x.com\/TheEpochTimesTR\",\"https:\/\/www.instagram.com\/epochtimestr\"]},{\"@type\":\"Person\",\"@id\":\"https:\/\/epochtimestr.com\/#\/schema\/person\/3dc5c3adeb9f43923c5aa85889172fdd\",\"name\":\"Haber Merkezi\",\"image\":{\"@type\":\"ImageObject\",\"inLanguage\":\"tr\",\"@id\":\"https:\/\/epochtimestr.com\/#\/schema\/person\/image\/\",\"url\":\"https:\/\/secure.gravatar.com\/avatar\/d73f772ba5a74f28601361e17c2f93e6?s=96&d=mm&r=g\",\"contentUrl\":\"https:\/\/secure.gravatar.com\/avatar\/d73f772ba5a74f28601361e17c2f93e6?s=96&d=mm&r=g\",\"caption\":\"Haber Merkezi\"},\"url\":\"https:\/\/epochtimestr.com\/index.php\/author\/sendag\"}]}<\/script>\n<!-- \/ Yoast SEO plugin. -->","yoast_head_json":{"title":"TU\u0130K B\u00fcy\u00fcme Rakamlar\u0131n\u0131 A\u00e7\u0131klad\u0131 - The Epoch Times TR","robots":{"index":"index","follow":"follow","max-snippet":"max-snippet:-1","max-image-preview":"max-image-preview:large","max-video-preview":"max-video-preview:-1"},"canonical":"https:\/\/epochtimestr.com\/index.php\/tuik-buyume-rakamlarini-acikladi","og_locale":"tr_TR","og_type":"article","og_title":"TU\u0130K B\u00fcy\u00fcme Rakamlar\u0131n\u0131 A\u00e7\u0131klad\u0131 - The Epoch Times TR","og_description":"T\u00fcrkiye \u0130statistik Kurumu(T\u00dc\u0130K), bu y\u0131l\u0131n ilk \u00e7eyre\u011fine ili\u015fkin T\u00fcrkiye ekonomisi b\u00fcy\u00fcme rakam\u0131n\u0131 a\u00e7\u0131klad\u0131. T\u00dc\u0130K, T\u00fcrkiye&#8217;nin ocak-mart aras\u0131n\u0131 kapsayan y\u0131l\u0131n ilk \u00e7eyre\u011finde y\u0131ll\u0131k bazda y\u00fczde 4 b\u00fcy\u00fcd\u00fc\u011f\u00fcn\u00fc a\u00e7\u0131klad\u0131. T\u00fcrkiye, 2022&#8217;nin son \u00e7eyre\u011fine g\u00f6re ise y\u00fczde 0,3 b\u00fcy\u00fcd\u00fc. T\u00fcrkiye \u0130statistik Kurumu(T\u00dc\u0130K), bu y\u0131l\u0131n ilk \u00e7eyre\u011fine ili\u015fkin T\u00fcrkiye ekonomisi b\u00fcy\u00fcme rakam\u0131n\u0131 a\u00e7\u0131klad\u0131.Hizmet faaliyetleri 2023 y\u0131l\u0131 birinci \u00e7eyre\u011finde %12,4 [&hellip;]","og_url":"https:\/\/epochtimestr.com\/index.php\/tuik-buyume-rakamlarini-acikladi","og_site_name":"The Epoch Times TR","article_publisher":"https:\/\/www.facebook.com\/theepochtimestr","article_published_time":"2023-06-01T06:40:12+00:00","article_modified_time":"2023-06-01T06:40:14+00:00","og_image":[{"width":400,"height":400,"url":"https:\/\/epochtimestr.com\/wp-content\/uploads\/2011y\/gV23iAL_400x400.jpg","type":"image\/jpeg"}],"author":"Haber Merkezi","twitter_card":"summary_large_image","twitter_creator":"@TheEpochTimesTR","twitter_site":"@TheEpochTimesTR","twitter_misc":{"Yazan:":"Haber Merkezi","Tahmini okuma s\u00fcresi":"3 dakika"},"schema":{"@context":"https:\/\/schema.org","@graph":[{"@type":"Article","@id":"https:\/\/epochtimestr.com\/index.php\/tuik-buyume-rakamlarini-acikladi#article","isPartOf":{"@id":"https:\/\/epochtimestr.com\/index.php\/tuik-buyume-rakamlarini-acikladi"},"author":{"name":"Haber Merkezi","@id":"https:\/\/epochtimestr.com\/#\/schema\/person\/3dc5c3adeb9f43923c5aa85889172fdd"},"headline":"TU\u0130K B\u00fcy\u00fcme Rakamlar\u0131n\u0131 A\u00e7\u0131klad\u0131","datePublished":"2023-06-01T06:40:12+00:00","dateModified":"2023-06-01T06:40:14+00:00","mainEntityOfPage":{"@id":"https:\/\/epochtimestr.com\/index.php\/tuik-buyume-rakamlarini-acikladi"},"wordCount":445,"publisher":{"@id":"https:\/\/epochtimestr.com\/#organization"},"image":{"@id":"https:\/\/epochtimestr.com\/index.php\/tuik-buyume-rakamlarini-acikladi#primaryimage"},"thumbnailUrl":"https:\/\/epochtimestr.com\/wp-content\/uploads\/2011y\/gV23iAL_400x400.jpg","articleSection":["Ekonomi","G\u00dcNDEM","T\u00dcRK\u0130YE"],"inLanguage":"tr"},{"@type":"WebPage","@id":"https:\/\/epochtimestr.com\/index.php\/tuik-buyume-rakamlarini-acikladi","url":"https:\/\/epochtimestr.com\/index.php\/tuik-buyume-rakamlarini-acikladi","name":"TU\u0130K B\u00fcy\u00fcme Rakamlar\u0131n\u0131 A\u00e7\u0131klad\u0131 - The Epoch Times TR","isPartOf":{"@id":"https:\/\/epochtimestr.com\/#website"},"primaryImageOfPage":{"@id":"https:\/\/epochtimestr.com\/index.php\/tuik-buyume-rakamlarini-acikladi#primaryimage"},"image":{"@id":"https:\/\/epochtimestr.com\/index.php\/tuik-buyume-rakamlarini-acikladi#primaryimage"},"thumbnailUrl":"https:\/\/epochtimestr.com\/wp-content\/uploads\/2011y\/gV23iAL_400x400.jpg","datePublished":"2023-06-01T06:40:12+00:00","dateModified":"2023-06-01T06:40:14+00:00","inLanguage":"tr","potentialAction":[{"@type":"ReadAction","target":["https:\/\/epochtimestr.com\/index.php\/tuik-buyume-rakamlarini-acikladi"]}]},{"@type":"ImageObject","inLanguage":"tr","@id":"https:\/\/epochtimestr.com\/index.php\/tuik-buyume-rakamlarini-acikladi#primaryimage","url":"https:\/\/epochtimestr.com\/wp-content\/uploads\/2011y\/gV23iAL_400x400.jpg","contentUrl":"https:\/\/epochtimestr.com\/wp-content\/uploads\/2011y\/gV23iAL_400x400.jpg","width":400,"height":400},{"@type":"WebSite","@id":"https:\/\/epochtimestr.com\/#website","url":"https:\/\/epochtimestr.com\/","name":"The Epoch Times TR","description":"De\u011fi\u015fen D\u00fcnyam\u0131za Taze Bir Bak\u0131\u015f","publisher":{"@id":"https:\/\/epochtimestr.com\/#organization"},"potentialAction":[{"@type":"SearchAction","target":{"@type":"EntryPoint","urlTemplate":"https:\/\/epochtimestr.com\/?s={search_term_string}"},"query-input":"required name=search_term_string"}],"inLanguage":"tr"},{"@type":"Organization","@id":"https:\/\/epochtimestr.com\/#organization","name":"The EpochTimes T\u00fcrkiye","url":"https:\/\/epochtimestr.com\/","logo":{"@type":"ImageObject","inLanguage":"tr","@id":"https:\/\/epochtimestr.com\/#\/schema\/logo\/image\/","url":"https:\/\/epochtimestr.com\/wp-content\/uploads\/2011y\/ET-Logo-YG.jpg","contentUrl":"https:\/\/epochtimestr.com\/wp-content\/uploads\/2011y\/ET-Logo-YG.jpg","width":346,"height":29,"caption":"The EpochTimes T\u00fcrkiye"},"image":{"@id":"https:\/\/epochtimestr.com\/#\/schema\/logo\/image\/"},"sameAs":["https:\/\/www.facebook.com\/theepochtimestr","https:\/\/x.com\/TheEpochTimesTR","https:\/\/www.instagram.com\/epochtimestr"]},{"@type":"Person","@id":"https:\/\/epochtimestr.com\/#\/schema\/person\/3dc5c3adeb9f43923c5aa85889172fdd","name":"Haber Merkezi","image":{"@type":"ImageObject","inLanguage":"tr","@id":"https:\/\/epochtimestr.com\/#\/schema\/person\/image\/","url":"https:\/\/secure.gravatar.com\/avatar\/d73f772ba5a74f28601361e17c2f93e6?s=96&d=mm&r=g","contentUrl":"https:\/\/secure.gravatar.com\/avatar\/d73f772ba5a74f28601361e17c2f93e6?s=96&d=mm&r=g","caption":"Haber Merkezi"},"url":"https:\/\/epochtimestr.com\/index.php\/author\/sendag"}]}},"_links":{"self":[{"href":"https:\/\/epochtimestr.com\/index.php\/wp-json\/wp\/v2\/posts\/145592"}],"collection":[{"href":"https:\/\/epochtimestr.com\/index.php\/wp-json\/wp\/v2\/posts"}],"about":[{"href":"https:\/\/epochtimestr.com\/index.php\/wp-json\/wp\/v2\/types\/post"}],"author":[{"embeddable":true,"href":"https:\/\/epochtimestr.com\/index.php\/wp-json\/wp\/v2\/users\/12791"}],"replies":[{"embeddable":true,"href":"https:\/\/epochtimestr.com\/index.php\/wp-json\/wp\/v2\/comments?post=145592"}],"version-history":[{"count":2,"href":"https:\/\/epochtimestr.com\/index.php\/wp-json\/wp\/v2\/posts\/145592\/revisions"}],"predecessor-version":[{"id":145612,"href":"https:\/\/epochtimestr.com\/index.php\/wp-json\/wp\/v2\/posts\/145592\/revisions\/145612"}],"wp:featuredmedia":[{"embeddable":true,"href":"https:\/\/epochtimestr.com\/index.php\/wp-json\/wp\/v2\/media\/145593"}],"wp:attachment":[{"href":"https:\/\/epochtimestr.com\/index.php\/wp-json\/wp\/v2\/media?parent=145592"}],"wp:term":[{"taxonomy":"category","embeddable":true,"href":"https:\/\/epochtimestr.com\/index.php\/wp-json\/wp\/v2\/categories?post=145592"},{"taxonomy":"post_tag","embeddable":true,"href":"https:\/\/epochtimestr.com\/index.php\/wp-json\/wp\/v2\/tags?post=145592"}],"curies":[{"name":"wp","href":"https:\/\/api.w.org\/{rel}","templated":true}]}}