{"id":146291,"date":"2023-07-07T17:35:11","date_gmt":"2023-07-07T14:35:11","guid":{"rendered":"https:\/\/epochtimestr.com\/?p=146291"},"modified":"2023-07-07T17:35:13","modified_gmt":"2023-07-07T14:35:13","slug":"beyaz-saray-raporuna-gore-gunes-isigini-engellemek-kuresel-isinmayi-onleyebilir","status":"publish","type":"post","link":"https:\/\/epochtimestr.com\/index.php\/beyaz-saray-raporuna-gore-gunes-isigini-engellemek-kuresel-isinmayi-onleyebilir","title":{"rendered":"Beyaz Saray Raporuna G\u00f6re, G\u00fcne\u015f I\u015f\u0131\u011f\u0131n\u0131 Engellemek K\u00fcresel Is\u0131nmay\u0131 \u00d6nleyebilir"},"content":{"rendered":"<div class=\"wp-block-image\">\n<figure class=\"aligncenter size-full\"><img loading=\"lazy\" decoding=\"async\" width=\"662\" height=\"599\" src=\"https:\/\/epochtimestr.com\/wp-content\/uploads\/2011y\/John_Kerry_joins_Joe_Biden_at_the_First_Movers_Coalition_of_COP26-1.jpg\" alt=\"\" class=\"wp-image-146293\" srcset=\"https:\/\/epochtimestr.com\/wp-content\/uploads\/2011y\/John_Kerry_joins_Joe_Biden_at_the_First_Movers_Coalition_of_COP26-1.jpg 662w, https:\/\/epochtimestr.com\/wp-content\/uploads\/2011y\/John_Kerry_joins_Joe_Biden_at_the_First_Movers_Coalition_of_COP26-1-300x271.jpg 300w, https:\/\/epochtimestr.com\/wp-content\/uploads\/2011y\/John_Kerry_joins_Joe_Biden_at_the_First_Movers_Coalition_of_COP26-1-150x136.jpg 150w\" sizes=\"(max-width: 662px) 100vw, 662px\" \/><figcaption class=\"wp-element-caption\">ABD Cumhurba\u015fkanl\u0131\u011f\u0131 \u0130klim \u00d6zel Temsilcisi John Kerry (sa\u011fda), 1 Kas\u0131m 2021\u2019de \u0130sko\u00e7ya\u2019n\u0131n Glasgow kentinde d\u00fczenlenen COP26 iklim zirvesinde Ba\u015fkan Joe Biden\u2019la birlikte (Foto\u011fraf: Wikipedia)<\/figcaption><\/figure><\/div>\n\n\n<p>Beyaz Saray iklim de\u011fi\u015fikli\u011fine kar\u015f\u0131 \u201colas\u0131 m\u00fccadele\u201d tekniklerini ara\u015ft\u0131ran bir rapor yay\u0131nlad\u0131. \u00d6nerilen teknikler aras\u0131nda g\u00fcne\u015f \u0131\u015f\u0131\u011f\u0131n\u0131 yapay olarak engellemek de var.<\/p>\n\n\n\n<p>G\u00fcne\u015f jeom\u00fchendisli\u011fi olarak da bilinen G\u00fcne\u015f I\u015f\u0131n\u0131m\u0131 \u0130yile\u015ftirmesi (Solar radiation modification-SRM) \u00e7al\u0131\u015fmalar\u0131nda ama\u00e7, g\u00fcne\u015f \u0131\u015f\u0131\u011f\u0131n\u0131n k\u00fcresel \u0131s\u0131nmay\u0131 h\u0131zland\u0131rmas\u0131n\u0131 \u00f6nlemektir.<\/p>\n\n\n\n<p>Beyaz Saray Bilim ve Teknoloji Politikalar\u0131 Ofisi taraf\u0131ndan 30 Haziran\u2019da yay\u0131nlanan raporda (<a href=\"https:\/\/www.whitehouse.gov\/wp-content\/uploads\/2023\/06\/Congressionally-Mandated-Report-on-Solar-Radiation-Modification.pdf\" target=\"_blank\" rel=\"noreferrer noopener\">pdf<\/a>), \u201cSera gazlar\u0131, d\u00fcnyadan yay\u0131lan uzun dalga boylu radyasyonun bir k\u0131sm\u0131n\u0131n uzaya gitmesini engelleyerek d\u00fcnyadaki iklimi \u0131s\u0131t\u0131yor\u201d deniliyor. \u201cG\u00fcne\u015f I\u015f\u0131n\u0131m\u0131 \u0130yile\u015ftirmesi SRM bunun tersine, g\u00fcne\u015ften gelen (k\u0131sa dalga boylu) radyasyonu uzaya geri yans\u0131tarak iklimi so\u011futuyor. \u2026 SRM, birka\u00e7 y\u0131ll\u0131k bir zaman aral\u0131\u011f\u0131nda gezegeni \u00f6nemli \u00f6l\u00e7\u00fcde so\u011futma imk\u00e2n\u0131 sunuyor.\u201d<\/p>\n\n\n\n<p>Bulgular, Beyaz Saray\u2019\u0131n ge\u00e7en y\u0131lki 1,5 trilyon dolarl\u0131k harcama faturas\u0131na cevaben haz\u0131rlad\u0131\u011f\u0131 raporun bir par\u00e7as\u0131 olarak yay\u0131nland\u0131. Beyaz Saray taraf\u0131ndan 30 Haziran\u2019da yap\u0131lan <a href=\"https:\/\/www.whitehouse.gov\/ostp\/news-updates\/2023\/06\/30\/congressionally-mandated-report-on-solar-radiation-modification\/\" target=\"_blank\" rel=\"noreferrer noopener\">a\u00e7\u0131klamada<\/a>, raporun \u201cBiden-Harris Y\u00f6netimi\u2019nin politikas\u0131nda veya faaliyetlerinde herhangi bir de\u011fi\u015fiklik anlam\u0131na gelmedi\u011fi\u201d belirtildi.<\/p>\n\n\n\n<p>\u201cBu raporla Kongre\u2019nin bir g\u00f6revi yerine getiriliyor. Hen\u00fcz \u2018G\u00fcne\u015f I\u015f\u0131n\u0131m\u0131 \u0130yile\u015ftirmesi\u2019ne odaklanan kapsaml\u0131 bir ara\u015ft\u0131rma program\u0131 olu\u015fturmaya y\u00f6nelik, harekete ge\u00e7irilmi\u015f herhangi bir plan yok.\u201d<\/p>\n\n\n\n<p>Bu t\u00fcr yapay bir <a href=\"https:\/\/www.whitehouse.gov\/wp-content\/uploads\/2023\/06\/Congressionally-Mandated-Report-on-Solar-Radiation-Modification.pdf\" target=\"_blank\" rel=\"noreferrer noopener\">so\u011futma<\/a> \u201ciklim de\u011fi\u015fikli\u011finin bir\u00e7ok olumsuz sonucunu tersine \u00e7evirebilecek\u201d kapasiteye sahip olsa da, raporda bu geli\u015fmelerin \u201c\u015fu an i\u00e7in tam olarak anla\u015f\u0131lamayan sonu\u00e7lar\u0131\u201d olabilece\u011fi de kabul ediliyor.<\/p>\n\n\n\n<p>Belgede, ara\u015ft\u0131rma program\u0131 sayesinde SRM\u2019nin kamu veya \u00f6zel kat\u0131l\u0131mc\u0131lar\u0131n da deste\u011fiyle ABD\u2019nin \u201colas\u0131 bir m\u00fccadeleye\u201d <a href=\"https:\/\/www.whitehouse.gov\/wp-content\/uploads\/2023\/06\/Congressionally-Mandated-Report-on-Solar-Radiation-Modification.pdf\" target=\"_blank\" rel=\"noreferrer noopener\">haz\u0131rlanmas\u0131na<\/a> yard\u0131mc\u0131 olabilece\u011fi <a href=\"https:\/\/www.foxnews.com\/media\/white-house-report-signals-openness-manipulating-sunlight-prevent-climate-change\" target=\"_blank\" rel=\"noreferrer noopener\">belirtiliyor<\/a>.<\/p>\n\n\n\n<p>SRM, sera gaz\u0131 emisyonlar\u0131n\u0131n sonu\u00e7lar\u0131n\u0131 ortadan kald\u0131ramaz. \u00d6rne\u011fin \u201cSRM, okyanuslardaki asitlenme etkilerinin \u00e7o\u011funu iyile\u015ftiremez&#8230; Ya da fosil yak\u0131t yakman\u0131n sonucunda ortaya \u00e7\u0131kan k\u00f6t\u00fcle\u015fmi\u015f hava kalitesini ortadan kald\u0131ramaz.\u201d<\/p>\n\n\n\n<p>Ayr\u0131ca \u201cSRM k\u00fcresel \u0131s\u0131nmas\u0131n\u0131n, karasal buzul kayb\u0131 ve buzullar\u0131n erimesinden kaynaklanan sera gaz\u0131 emisyonlar\u0131 gibi baz\u0131 \u00f6nemli belirtilerini duraklatabilir, ancak h\u0131zla tersine \u00e7evrilmesine neden olmaz.\u201d<\/p>\n\n\n\n<p>Raporda SRM\u2019nin \u00e7e\u015fitli potansiyel olumsuz sonu\u00e7lar\u0131 hakk\u0131nda uyar\u0131lar da bulunuyor. Prosed\u00fcr, stratosfer s\u0131cakl\u0131klar\u0131nda de\u011fi\u015fiklikleri, deniz seviyelerinde y\u00fckselmeyi, okyanuslarda asitlenmeyi ve ya\u011f\u0131\u015f modellerinde de\u011fi\u015fikli\u011fi tetikleyebilir. Ayr\u0131ca karasal bitki \u00f6rt\u00fcs\u00fcn\u00fc, biyolojik \u00e7e\u015fitlili\u011fi, ekosistemleri, mahsul \u00fcretimini ve mercan resiflerini etkileyebilir.<\/p>\n\n\n\n<p>Raporda \u015fu ifadelere yer veriliyor: \u201cModel sim\u00fclasyonlar\u0131na g\u00f6re, stratosfer kimyas\u0131 de\u011fi\u015febilir. Atmosferik sirk\u00fclasyonlar\u0131n yo\u011funla\u015fmas\u0131 sonucunda, a\u015f\u0131r\u0131 kurakl\u0131k veya a\u015f\u0131r\u0131 ya\u011f\u0131\u015f gibi mevsimsel olaylara yol a\u00e7abilece\u011fi g\u00f6r\u00fcl\u00fcyor. SRM\u2019nin d\u00fcnyan\u0131n iklim sistemini geri d\u00f6n\u00fc\u015f\u00fc olmayan bir \u015fekilde nas\u0131l ve ne kadar de\u011fi\u015ftirebilece\u011fini tam olarak bilmiyoruz.\u201d<\/p>\n\n\n\n<p>Ge\u00e7en y\u0131l Ocak ay\u0131nda yay\u0131nlanan bir a\u00e7\u0131k <a href=\"https:\/\/wires.onlinelibrary.wiley.com\/doi\/full\/10.1002\/wcc.754\" target=\"_blank\" rel=\"noreferrer noopener\">mektupta<\/a>, bir grup bilim adam\u0131 ve <a href=\"https:\/\/www.resilience.org\/stories\/2022-01-21\/climate-scientists-ban-solar-geoengineering\/\" target=\"_blank\" rel=\"noreferrer noopener\">akademisyen<\/a>, g\u00fcne\u015f enerjisi m\u00fchendisli\u011fi konusunda uluslararas\u0131 bir kullan\u0131m d\u0131\u015f\u0131 b\u0131rakma anla\u015fmas\u0131 \u00e7a\u011fr\u0131s\u0131nda bulundular. B\u00f6yle bir anla\u015fman\u0131n \u201cgelen g\u00fcne\u015f \u0131\u015f\u0131\u011f\u0131n\u0131 gezegen \u00f6l\u00e7e\u011finde kas\u0131tl\u0131 olarak y\u00f6netme amac\u0131 g\u00fcden, riskli ve yeterince anla\u015f\u0131lmayan bir dizi teknolojinin daha fazla normalle\u015ftirilmesini ve geli\u015ftirilmesini engelleyece\u011fini\u201d <a href=\"https:\/\/wires.onlinelibrary.wiley.com\/doi\/full\/10.1002\/wcc.754\" target=\"_blank\" rel=\"noreferrer noopener\">savundular<\/a>.<\/p>\n\n\n\n<p>Mektubu imzalayanlar aras\u0131nda Hollanda\u2019daki Copernicus S\u00fcrd\u00fcr\u00fclebilir Kalk\u0131nma Enstit\u00fcs\u00fc\u2019nden Frank Biermann, \u0130ngiltere\u2019deki Sussex \u00dcniversitesi Kalk\u0131nma \u00c7al\u0131\u015fmalar\u0131 Enstit\u00fcs\u00fc\u2019nden Melissa Leach ve Avustralya\u2019daki Sidney \u00dcniversitesi\u2019nden David Schlosberg yer al\u0131yor.<\/p>\n\n\n\n<p>Mektupta \u201cHem asker\u00eele\u015fme ve g\u00fcvenlik konusunda hem de bir altyap\u0131 ve siyaset se\u00e7ene\u011fi olarak g\u00fcne\u015f jeom\u00fchendisli\u011fini bask\u0131 alt\u0131nda tutmak konusunda ciddi endi\u015feler var\u201d uyar\u0131s\u0131nda bulunuldu.<\/p>\n\n\n\n<p>\u201cG\u00fcne\u015f jeom\u00fchendisli\u011fi gerekli de\u011fildir. Mevcut ba\u011flamda arzu edilir, etik kurallara uygun veya politik olarak y\u00f6netilebilir de de\u011fildir. G\u00fcne\u015f jeom\u00fchendisli\u011fi ara\u015ft\u0131rmalar\u0131 giderek artan bir h\u0131zla normalle\u015firken, bu teknolojileri engelleyecek g\u00fc\u00e7l\u00fc bir siyasi mesaja ihtiya\u00e7 vard\u0131r. Ve bu mesaj mutlaka yak\u0131n zamanda gelmelidir.\u201d<\/p>\n\n\n\n<h3 class=\"wp-block-heading\"><strong>SRM Y\u00f6ntemleri, ABD Uygulamas\u0131<\/strong><\/h3>\n\n\n\n<p>Beyaz Saray belgesi, SRM giri\u015fimlerini devreye almak i\u00e7in kullan\u0131labilecek birka\u00e7 y\u00f6ntemi ayr\u0131nt\u0131lar\u0131yla anlat\u0131yor. Y\u00f6ntemlerden biri stratosferik aerosol enjeksiyonudur (SAI). Bu y\u00f6ntemle stratosferde, g\u00fcne\u015f \u0131\u015f\u0131nlar\u0131n\u0131 d\u00fcnyadan uza\u011fa yans\u0131tan aerosol <a href=\"https:\/\/www.foxnews.com\/media\/white-house-report-signals-openness-manipulating-sunlight-prevent-climate-change\" target=\"_blank\" rel=\"noreferrer noopener\">miktar\u0131<\/a> art\u0131r\u0131l\u0131r. Olu\u015facak etki, ard\u0131ndan gezegenin so\u011fudu\u011fu, <a href=\"https:\/\/www.whitehouse.gov\/wp-content\/uploads\/2023\/06\/Congressionally-Mandated-Report-on-Solar-Radiation-Modification.pdf\" target=\"_blank\" rel=\"noreferrer noopener\">volkanik<\/a> patlamalar s\u0131ras\u0131nda olu\u015fan etkiye benzerdir.<\/p>\n\n\n\n<p>Di\u011fer bir y\u00f6ntem ise, g\u00fcne\u015f \u0131\u015f\u0131\u011f\u0131n\u0131n geri yans\u0131t\u0131lmas\u0131 i\u00e7in belirli bulutlar\u0131n <a href=\"https:\/\/keith.seas.harvard.edu\/marine-cloud-brightening\" target=\"_blank\" rel=\"noreferrer noopener\">yans\u0131t\u0131c\u0131l\u0131\u011f\u0131n\u0131n<\/a> art\u0131r\u0131lmas\u0131yla ger\u00e7ekle\u015ftirilen, okyanus bulutu ayd\u0131nlatmas\u0131 y\u00f6ntemidir.<\/p>\n\n\n\n<p>G\u00fcne\u015f jeom\u00fchendisli\u011fi uygulamalar\u0131na y\u00f6nelik \u00e7al\u0131\u015fmalar h\u00e2lihaz\u0131rda devam etmektedir. Ge\u00e7en y\u0131l, Make Sunsets adl\u0131 bir giri\u015fim, teorik olarak gezegeni so\u011futma potansiyeline sahip oldu\u011funa inan\u0131lan yans\u0131t\u0131c\u0131 k\u00fck\u00fcrt par\u00e7ac\u0131klar\u0131n\u0131 d\u00fcnya atmosferine salabilen hava balonlar\u0131 <a href=\"https:\/\/www.theepochtimes.com\/geoengineering-startup-begins-releasing-sulfur-particles-into-atmosphere-in-attempt-to-stop-climate-change_4947193.html\" target=\"_blank\" rel=\"noreferrer noopener\">f\u0131rlatt\u0131<\/a>.<\/p>\n\n\n\n<p>Make Sunsets CEO\u2019su Luke Iseman, MIT Technology Review ile yapt\u0131\u011f\u0131 bir r\u00f6portajda, \u015firketin yapt\u0131klar\u0131 nedeniyle \u201ck\u00f6t\u00fc adam\u201d olarak nitelendirilmeyi bekledi\u011fini, ancak iklim de\u011fi\u015fikli\u011finin bir tehdit oldu\u011funda \u0131srar etti\u011fini s\u00f6yledi.<\/p>\n\n\n\n<p>Di\u011fer bir\u00e7ok uzman da g\u00fcne\u015f enerjisi jeom\u00fchendisli\u011fi projelerinin ama\u00e7s\u0131zca uygulanmas\u0131na kar\u015f\u0131 uyar\u0131lar yay\u0131nlad\u0131. Konuyla ilgili \u00f6nde gelen uzmanlardan biri olan David Keith, 2018 tarihli bir blogda \u201cg\u00fcne\u015f jeom\u00fchendisli\u011fi, do\u011fas\u0131 gere\u011fi, uyguland\u0131ktan sonra bile \u00f6l\u00e7\u00fclmesi zor k\u00fcresel sonu\u00e7lar\u0131 olan, b\u00fcy\u00fck \u00f6l\u00e7ekli iklim de\u011fi\u015fikli\u011fidir\u201d diye a\u00e7\u0131klam\u0131\u015ft\u0131.<\/p>\n\n\n\n<p>Yazan: Naveen Athrappully, The Epoch Times <br \/>\u00c7eviren: Hatice Atmaca, The Epoch Times T\u00fcrkiye<\/p>\n","protected":false},"excerpt":{"rendered":"<p>Beyaz Saray iklim de\u011fi\u015fikli\u011fine kar\u015f\u0131 \u201colas\u0131 m\u00fccadele\u201d tekniklerini ara\u015ft\u0131ran bir rapor yay\u0131nlad\u0131. \u00d6nerilen teknikler aras\u0131nda g\u00fcne\u015f \u0131\u015f\u0131\u011f\u0131n\u0131 yapay olarak engellemek de var. G\u00fcne\u015f jeom\u00fchendisli\u011fi olarak da bilinen G\u00fcne\u015f I\u015f\u0131n\u0131m\u0131 \u0130yile\u015ftirmesi (Solar radiation modification-SRM) \u00e7al\u0131\u015fmalar\u0131nda ama\u00e7, g\u00fcne\u015f \u0131\u015f\u0131\u011f\u0131n\u0131n k\u00fcresel \u0131s\u0131nmay\u0131 h\u0131zland\u0131rmas\u0131n\u0131 \u00f6nlemektir. Beyaz Saray Bilim ve Teknoloji Politikalar\u0131 Ofisi taraf\u0131ndan 30 Haziran\u2019da yay\u0131nlanan raporda (pdf), \u201cSera [&hellip;]<\/p>\n","protected":false},"author":12379,"featured_media":146293,"comment_status":"closed","ping_status":"open","sticky":false,"template":"","format":"standard","meta":{"_yoast_wpseo_focuskw":"k\u00fcresel \u0131s\u0131nma","_yoast_wpseo_title":"","_yoast_wpseo_metadesc":"","_bbp_topic_count":0,"_bbp_reply_count":0,"_bbp_total_topic_count":0,"_bbp_total_reply_count":0,"_bbp_voice_count":0,"_bbp_anonymous_reply_count":0,"_bbp_topic_count_hidden":0,"_bbp_reply_count_hidden":0,"_bbp_forum_subforum_count":0,"footnotes":"","_yoast_wpseo_focuskw_text_input":""},"categories":[31,5,8138],"tags":[8255],"yoast_head":"<!-- This site is optimized with the Yoast SEO plugin v23.0 - https:\/\/yoast.com\/wordpress\/plugins\/seo\/ -->\n<title>Beyaz Saray Raporuna G\u00f6re, G\u00fcne\u015f I\u015f\u0131\u011f\u0131n\u0131 Engellemek K\u00fcresel Is\u0131nmay\u0131 \u00d6nleyebilir - The Epoch Times TR<\/title>\n<meta name=\"robots\" content=\"index, follow, max-snippet:-1, max-image-preview:large, max-video-preview:-1\" \/>\n<link rel=\"canonical\" href=\"https:\/\/epochtimestr.com\/index.php\/beyaz-saray-raporuna-gore-gunes-isigini-engellemek-kuresel-isinmayi-onleyebilir\" \/>\n<meta property=\"og:locale\" content=\"tr_TR\" \/>\n<meta property=\"og:type\" content=\"article\" \/>\n<meta property=\"og:title\" content=\"Beyaz Saray Raporuna G\u00f6re, G\u00fcne\u015f I\u015f\u0131\u011f\u0131n\u0131 Engellemek K\u00fcresel Is\u0131nmay\u0131 \u00d6nleyebilir - The Epoch Times TR\" \/>\n<meta property=\"og:description\" content=\"Beyaz Saray iklim de\u011fi\u015fikli\u011fine kar\u015f\u0131 \u201colas\u0131 m\u00fccadele\u201d tekniklerini ara\u015ft\u0131ran bir rapor yay\u0131nlad\u0131. \u00d6nerilen teknikler aras\u0131nda g\u00fcne\u015f \u0131\u015f\u0131\u011f\u0131n\u0131 yapay olarak engellemek de var. G\u00fcne\u015f jeom\u00fchendisli\u011fi olarak da bilinen G\u00fcne\u015f I\u015f\u0131n\u0131m\u0131 \u0130yile\u015ftirmesi (Solar radiation modification-SRM) \u00e7al\u0131\u015fmalar\u0131nda ama\u00e7, g\u00fcne\u015f \u0131\u015f\u0131\u011f\u0131n\u0131n k\u00fcresel \u0131s\u0131nmay\u0131 h\u0131zland\u0131rmas\u0131n\u0131 \u00f6nlemektir. Beyaz Saray Bilim ve Teknoloji Politikalar\u0131 Ofisi taraf\u0131ndan 30 Haziran\u2019da yay\u0131nlanan raporda (pdf), \u201cSera [&hellip;]\" \/>\n<meta property=\"og:url\" content=\"https:\/\/epochtimestr.com\/index.php\/beyaz-saray-raporuna-gore-gunes-isigini-engellemek-kuresel-isinmayi-onleyebilir\" \/>\n<meta property=\"og:site_name\" content=\"The Epoch Times TR\" \/>\n<meta property=\"article:publisher\" content=\"https:\/\/www.facebook.com\/theepochtimestr\" \/>\n<meta property=\"article:published_time\" content=\"2023-07-07T14:35:11+00:00\" \/>\n<meta property=\"article:modified_time\" content=\"2023-07-07T14:35:13+00:00\" \/>\n<meta property=\"og:image\" content=\"https:\/\/epochtimestr.com\/wp-content\/uploads\/2011y\/John_Kerry_joins_Joe_Biden_at_the_First_Movers_Coalition_of_COP26-1.jpg\" \/>\n\t<meta property=\"og:image:width\" content=\"662\" \/>\n\t<meta property=\"og:image:height\" content=\"599\" \/>\n\t<meta property=\"og:image:type\" content=\"image\/jpeg\" \/>\n<meta name=\"author\" content=\"Hatice Atmaca\" \/>\n<meta name=\"twitter:card\" content=\"summary_large_image\" \/>\n<meta name=\"twitter:creator\" content=\"@TheEpochTimesTR\" \/>\n<meta name=\"twitter:site\" content=\"@TheEpochTimesTR\" \/>\n<meta name=\"twitter:label1\" content=\"Yazan:\" \/>\n\t<meta name=\"twitter:data1\" content=\"Hatice Atmaca\" \/>\n\t<meta name=\"twitter:label2\" content=\"Tahmini okuma s\u00fcresi\" \/>\n\t<meta name=\"twitter:data2\" content=\"5 dakika\" \/>\n<script type=\"application\/ld+json\" class=\"yoast-schema-graph\">{\"@context\":\"https:\/\/schema.org\",\"@graph\":[{\"@type\":\"Article\",\"@id\":\"https:\/\/epochtimestr.com\/index.php\/beyaz-saray-raporuna-gore-gunes-isigini-engellemek-kuresel-isinmayi-onleyebilir#article\",\"isPartOf\":{\"@id\":\"https:\/\/epochtimestr.com\/index.php\/beyaz-saray-raporuna-gore-gunes-isigini-engellemek-kuresel-isinmayi-onleyebilir\"},\"author\":{\"name\":\"Hatice Atmaca\",\"@id\":\"https:\/\/epochtimestr.com\/#\/schema\/person\/a515b4166e91977b7e9f483ceb142459\"},\"headline\":\"Beyaz Saray Raporuna G\u00f6re, G\u00fcne\u015f I\u015f\u0131\u011f\u0131n\u0131 Engellemek K\u00fcresel Is\u0131nmay\u0131 \u00d6nleyebilir\",\"datePublished\":\"2023-07-07T14:35:11+00:00\",\"dateModified\":\"2023-07-07T14:35:13+00:00\",\"mainEntityOfPage\":{\"@id\":\"https:\/\/epochtimestr.com\/index.php\/beyaz-saray-raporuna-gore-gunes-isigini-engellemek-kuresel-isinmayi-onleyebilir\"},\"wordCount\":1065,\"publisher\":{\"@id\":\"https:\/\/epochtimestr.com\/#organization\"},\"image\":{\"@id\":\"https:\/\/epochtimestr.com\/index.php\/beyaz-saray-raporuna-gore-gunes-isigini-engellemek-kuresel-isinmayi-onleyebilir#primaryimage\"},\"thumbnailUrl\":\"https:\/\/epochtimestr.com\/wp-content\/uploads\/2011y\/John_Kerry_joins_Joe_Biden_at_the_First_Movers_Coalition_of_COP26-1.jpg\",\"keywords\":[\"K\u00fcresel \u0131s\u0131nma\"],\"articleSection\":[\"B\u0130L\u0130M ve \u00d6TES\u0130\",\"D\u00dcNYA\",\"MAN\u015eET\"],\"inLanguage\":\"tr\"},{\"@type\":\"WebPage\",\"@id\":\"https:\/\/epochtimestr.com\/index.php\/beyaz-saray-raporuna-gore-gunes-isigini-engellemek-kuresel-isinmayi-onleyebilir\",\"url\":\"https:\/\/epochtimestr.com\/index.php\/beyaz-saray-raporuna-gore-gunes-isigini-engellemek-kuresel-isinmayi-onleyebilir\",\"name\":\"Beyaz Saray Raporuna G\u00f6re, G\u00fcne\u015f I\u015f\u0131\u011f\u0131n\u0131 Engellemek K\u00fcresel Is\u0131nmay\u0131 \u00d6nleyebilir - The Epoch Times TR\",\"isPartOf\":{\"@id\":\"https:\/\/epochtimestr.com\/#website\"},\"primaryImageOfPage\":{\"@id\":\"https:\/\/epochtimestr.com\/index.php\/beyaz-saray-raporuna-gore-gunes-isigini-engellemek-kuresel-isinmayi-onleyebilir#primaryimage\"},\"image\":{\"@id\":\"https:\/\/epochtimestr.com\/index.php\/beyaz-saray-raporuna-gore-gunes-isigini-engellemek-kuresel-isinmayi-onleyebilir#primaryimage\"},\"thumbnailUrl\":\"https:\/\/epochtimestr.com\/wp-content\/uploads\/2011y\/John_Kerry_joins_Joe_Biden_at_the_First_Movers_Coalition_of_COP26-1.jpg\",\"datePublished\":\"2023-07-07T14:35:11+00:00\",\"dateModified\":\"2023-07-07T14:35:13+00:00\",\"inLanguage\":\"tr\",\"potentialAction\":[{\"@type\":\"ReadAction\",\"target\":[\"https:\/\/epochtimestr.com\/index.php\/beyaz-saray-raporuna-gore-gunes-isigini-engellemek-kuresel-isinmayi-onleyebilir\"]}]},{\"@type\":\"ImageObject\",\"inLanguage\":\"tr\",\"@id\":\"https:\/\/epochtimestr.com\/index.php\/beyaz-saray-raporuna-gore-gunes-isigini-engellemek-kuresel-isinmayi-onleyebilir#primaryimage\",\"url\":\"https:\/\/epochtimestr.com\/wp-content\/uploads\/2011y\/John_Kerry_joins_Joe_Biden_at_the_First_Movers_Coalition_of_COP26-1.jpg\",\"contentUrl\":\"https:\/\/epochtimestr.com\/wp-content\/uploads\/2011y\/John_Kerry_joins_Joe_Biden_at_the_First_Movers_Coalition_of_COP26-1.jpg\",\"width\":662,\"height\":599},{\"@type\":\"WebSite\",\"@id\":\"https:\/\/epochtimestr.com\/#website\",\"url\":\"https:\/\/epochtimestr.com\/\",\"name\":\"The Epoch Times TR\",\"description\":\"De\u011fi\u015fen D\u00fcnyam\u0131za Taze Bir Bak\u0131\u015f\",\"publisher\":{\"@id\":\"https:\/\/epochtimestr.com\/#organization\"},\"potentialAction\":[{\"@type\":\"SearchAction\",\"target\":{\"@type\":\"EntryPoint\",\"urlTemplate\":\"https:\/\/epochtimestr.com\/?s={search_term_string}\"},\"query-input\":\"required name=search_term_string\"}],\"inLanguage\":\"tr\"},{\"@type\":\"Organization\",\"@id\":\"https:\/\/epochtimestr.com\/#organization\",\"name\":\"The EpochTimes T\u00fcrkiye\",\"url\":\"https:\/\/epochtimestr.com\/\",\"logo\":{\"@type\":\"ImageObject\",\"inLanguage\":\"tr\",\"@id\":\"https:\/\/epochtimestr.com\/#\/schema\/logo\/image\/\",\"url\":\"https:\/\/epochtimestr.com\/wp-content\/uploads\/2011y\/ET-Logo-YG.jpg\",\"contentUrl\":\"https:\/\/epochtimestr.com\/wp-content\/uploads\/2011y\/ET-Logo-YG.jpg\",\"width\":346,\"height\":29,\"caption\":\"The EpochTimes T\u00fcrkiye\"},\"image\":{\"@id\":\"https:\/\/epochtimestr.com\/#\/schema\/logo\/image\/\"},\"sameAs\":[\"https:\/\/www.facebook.com\/theepochtimestr\",\"https:\/\/x.com\/TheEpochTimesTR\",\"https:\/\/www.instagram.com\/epochtimestr\"]},{\"@type\":\"Person\",\"@id\":\"https:\/\/epochtimestr.com\/#\/schema\/person\/a515b4166e91977b7e9f483ceb142459\",\"name\":\"Hatice Atmaca\",\"image\":{\"@type\":\"ImageObject\",\"inLanguage\":\"tr\",\"@id\":\"https:\/\/epochtimestr.com\/#\/schema\/person\/image\/\",\"url\":\"https:\/\/secure.gravatar.com\/avatar\/dd49aabd0aeaecbc0ecbce954119ae42?s=96&d=mm&r=g\",\"contentUrl\":\"https:\/\/secure.gravatar.com\/avatar\/dd49aabd0aeaecbc0ecbce954119ae42?s=96&d=mm&r=g\",\"caption\":\"Hatice Atmaca\"},\"url\":\"https:\/\/epochtimestr.com\/index.php\/author\/hatice\"}]}<\/script>\n<!-- \/ Yoast SEO plugin. -->","yoast_head_json":{"title":"Beyaz Saray Raporuna G\u00f6re, G\u00fcne\u015f I\u015f\u0131\u011f\u0131n\u0131 Engellemek K\u00fcresel Is\u0131nmay\u0131 \u00d6nleyebilir - The Epoch Times TR","robots":{"index":"index","follow":"follow","max-snippet":"max-snippet:-1","max-image-preview":"max-image-preview:large","max-video-preview":"max-video-preview:-1"},"canonical":"https:\/\/epochtimestr.com\/index.php\/beyaz-saray-raporuna-gore-gunes-isigini-engellemek-kuresel-isinmayi-onleyebilir","og_locale":"tr_TR","og_type":"article","og_title":"Beyaz Saray Raporuna G\u00f6re, G\u00fcne\u015f I\u015f\u0131\u011f\u0131n\u0131 Engellemek K\u00fcresel Is\u0131nmay\u0131 \u00d6nleyebilir - The Epoch Times TR","og_description":"Beyaz Saray iklim de\u011fi\u015fikli\u011fine kar\u015f\u0131 \u201colas\u0131 m\u00fccadele\u201d tekniklerini ara\u015ft\u0131ran bir rapor yay\u0131nlad\u0131. \u00d6nerilen teknikler aras\u0131nda g\u00fcne\u015f \u0131\u015f\u0131\u011f\u0131n\u0131 yapay olarak engellemek de var. G\u00fcne\u015f jeom\u00fchendisli\u011fi olarak da bilinen G\u00fcne\u015f I\u015f\u0131n\u0131m\u0131 \u0130yile\u015ftirmesi (Solar radiation modification-SRM) \u00e7al\u0131\u015fmalar\u0131nda ama\u00e7, g\u00fcne\u015f \u0131\u015f\u0131\u011f\u0131n\u0131n k\u00fcresel \u0131s\u0131nmay\u0131 h\u0131zland\u0131rmas\u0131n\u0131 \u00f6nlemektir. Beyaz Saray Bilim ve Teknoloji Politikalar\u0131 Ofisi taraf\u0131ndan 30 Haziran\u2019da yay\u0131nlanan raporda (pdf), \u201cSera [&hellip;]","og_url":"https:\/\/epochtimestr.com\/index.php\/beyaz-saray-raporuna-gore-gunes-isigini-engellemek-kuresel-isinmayi-onleyebilir","og_site_name":"The Epoch Times TR","article_publisher":"https:\/\/www.facebook.com\/theepochtimestr","article_published_time":"2023-07-07T14:35:11+00:00","article_modified_time":"2023-07-07T14:35:13+00:00","og_image":[{"width":662,"height":599,"url":"https:\/\/epochtimestr.com\/wp-content\/uploads\/2011y\/John_Kerry_joins_Joe_Biden_at_the_First_Movers_Coalition_of_COP26-1.jpg","type":"image\/jpeg"}],"author":"Hatice Atmaca","twitter_card":"summary_large_image","twitter_creator":"@TheEpochTimesTR","twitter_site":"@TheEpochTimesTR","twitter_misc":{"Yazan:":"Hatice Atmaca","Tahmini okuma s\u00fcresi":"5 dakika"},"schema":{"@context":"https:\/\/schema.org","@graph":[{"@type":"Article","@id":"https:\/\/epochtimestr.com\/index.php\/beyaz-saray-raporuna-gore-gunes-isigini-engellemek-kuresel-isinmayi-onleyebilir#article","isPartOf":{"@id":"https:\/\/epochtimestr.com\/index.php\/beyaz-saray-raporuna-gore-gunes-isigini-engellemek-kuresel-isinmayi-onleyebilir"},"author":{"name":"Hatice Atmaca","@id":"https:\/\/epochtimestr.com\/#\/schema\/person\/a515b4166e91977b7e9f483ceb142459"},"headline":"Beyaz Saray Raporuna G\u00f6re, G\u00fcne\u015f I\u015f\u0131\u011f\u0131n\u0131 Engellemek K\u00fcresel Is\u0131nmay\u0131 \u00d6nleyebilir","datePublished":"2023-07-07T14:35:11+00:00","dateModified":"2023-07-07T14:35:13+00:00","mainEntityOfPage":{"@id":"https:\/\/epochtimestr.com\/index.php\/beyaz-saray-raporuna-gore-gunes-isigini-engellemek-kuresel-isinmayi-onleyebilir"},"wordCount":1065,"publisher":{"@id":"https:\/\/epochtimestr.com\/#organization"},"image":{"@id":"https:\/\/epochtimestr.com\/index.php\/beyaz-saray-raporuna-gore-gunes-isigini-engellemek-kuresel-isinmayi-onleyebilir#primaryimage"},"thumbnailUrl":"https:\/\/epochtimestr.com\/wp-content\/uploads\/2011y\/John_Kerry_joins_Joe_Biden_at_the_First_Movers_Coalition_of_COP26-1.jpg","keywords":["K\u00fcresel \u0131s\u0131nma"],"articleSection":["B\u0130L\u0130M ve \u00d6TES\u0130","D\u00dcNYA","MAN\u015eET"],"inLanguage":"tr"},{"@type":"WebPage","@id":"https:\/\/epochtimestr.com\/index.php\/beyaz-saray-raporuna-gore-gunes-isigini-engellemek-kuresel-isinmayi-onleyebilir","url":"https:\/\/epochtimestr.com\/index.php\/beyaz-saray-raporuna-gore-gunes-isigini-engellemek-kuresel-isinmayi-onleyebilir","name":"Beyaz Saray Raporuna G\u00f6re, G\u00fcne\u015f I\u015f\u0131\u011f\u0131n\u0131 Engellemek K\u00fcresel Is\u0131nmay\u0131 \u00d6nleyebilir - The Epoch Times TR","isPartOf":{"@id":"https:\/\/epochtimestr.com\/#website"},"primaryImageOfPage":{"@id":"https:\/\/epochtimestr.com\/index.php\/beyaz-saray-raporuna-gore-gunes-isigini-engellemek-kuresel-isinmayi-onleyebilir#primaryimage"},"image":{"@id":"https:\/\/epochtimestr.com\/index.php\/beyaz-saray-raporuna-gore-gunes-isigini-engellemek-kuresel-isinmayi-onleyebilir#primaryimage"},"thumbnailUrl":"https:\/\/epochtimestr.com\/wp-content\/uploads\/2011y\/John_Kerry_joins_Joe_Biden_at_the_First_Movers_Coalition_of_COP26-1.jpg","datePublished":"2023-07-07T14:35:11+00:00","dateModified":"2023-07-07T14:35:13+00:00","inLanguage":"tr","potentialAction":[{"@type":"ReadAction","target":["https:\/\/epochtimestr.com\/index.php\/beyaz-saray-raporuna-gore-gunes-isigini-engellemek-kuresel-isinmayi-onleyebilir"]}]},{"@type":"ImageObject","inLanguage":"tr","@id":"https:\/\/epochtimestr.com\/index.php\/beyaz-saray-raporuna-gore-gunes-isigini-engellemek-kuresel-isinmayi-onleyebilir#primaryimage","url":"https:\/\/epochtimestr.com\/wp-content\/uploads\/2011y\/John_Kerry_joins_Joe_Biden_at_the_First_Movers_Coalition_of_COP26-1.jpg","contentUrl":"https:\/\/epochtimestr.com\/wp-content\/uploads\/2011y\/John_Kerry_joins_Joe_Biden_at_the_First_Movers_Coalition_of_COP26-1.jpg","width":662,"height":599},{"@type":"WebSite","@id":"https:\/\/epochtimestr.com\/#website","url":"https:\/\/epochtimestr.com\/","name":"The Epoch Times TR","description":"De\u011fi\u015fen D\u00fcnyam\u0131za Taze Bir Bak\u0131\u015f","publisher":{"@id":"https:\/\/epochtimestr.com\/#organization"},"potentialAction":[{"@type":"SearchAction","target":{"@type":"EntryPoint","urlTemplate":"https:\/\/epochtimestr.com\/?s={search_term_string}"},"query-input":"required name=search_term_string"}],"inLanguage":"tr"},{"@type":"Organization","@id":"https:\/\/epochtimestr.com\/#organization","name":"The EpochTimes T\u00fcrkiye","url":"https:\/\/epochtimestr.com\/","logo":{"@type":"ImageObject","inLanguage":"tr","@id":"https:\/\/epochtimestr.com\/#\/schema\/logo\/image\/","url":"https:\/\/epochtimestr.com\/wp-content\/uploads\/2011y\/ET-Logo-YG.jpg","contentUrl":"https:\/\/epochtimestr.com\/wp-content\/uploads\/2011y\/ET-Logo-YG.jpg","width":346,"height":29,"caption":"The EpochTimes T\u00fcrkiye"},"image":{"@id":"https:\/\/epochtimestr.com\/#\/schema\/logo\/image\/"},"sameAs":["https:\/\/www.facebook.com\/theepochtimestr","https:\/\/x.com\/TheEpochTimesTR","https:\/\/www.instagram.com\/epochtimestr"]},{"@type":"Person","@id":"https:\/\/epochtimestr.com\/#\/schema\/person\/a515b4166e91977b7e9f483ceb142459","name":"Hatice Atmaca","image":{"@type":"ImageObject","inLanguage":"tr","@id":"https:\/\/epochtimestr.com\/#\/schema\/person\/image\/","url":"https:\/\/secure.gravatar.com\/avatar\/dd49aabd0aeaecbc0ecbce954119ae42?s=96&d=mm&r=g","contentUrl":"https:\/\/secure.gravatar.com\/avatar\/dd49aabd0aeaecbc0ecbce954119ae42?s=96&d=mm&r=g","caption":"Hatice Atmaca"},"url":"https:\/\/epochtimestr.com\/index.php\/author\/hatice"}]}},"_links":{"self":[{"href":"https:\/\/epochtimestr.com\/index.php\/wp-json\/wp\/v2\/posts\/146291"}],"collection":[{"href":"https:\/\/epochtimestr.com\/index.php\/wp-json\/wp\/v2\/posts"}],"about":[{"href":"https:\/\/epochtimestr.com\/index.php\/wp-json\/wp\/v2\/types\/post"}],"author":[{"embeddable":true,"href":"https:\/\/epochtimestr.com\/index.php\/wp-json\/wp\/v2\/users\/12379"}],"replies":[{"embeddable":true,"href":"https:\/\/epochtimestr.com\/index.php\/wp-json\/wp\/v2\/comments?post=146291"}],"version-history":[{"count":2,"href":"https:\/\/epochtimestr.com\/index.php\/wp-json\/wp\/v2\/posts\/146291\/revisions"}],"predecessor-version":[{"id":146295,"href":"https:\/\/epochtimestr.com\/index.php\/wp-json\/wp\/v2\/posts\/146291\/revisions\/146295"}],"wp:featuredmedia":[{"embeddable":true,"href":"https:\/\/epochtimestr.com\/index.php\/wp-json\/wp\/v2\/media\/146293"}],"wp:attachment":[{"href":"https:\/\/epochtimestr.com\/index.php\/wp-json\/wp\/v2\/media?parent=146291"}],"wp:term":[{"taxonomy":"category","embeddable":true,"href":"https:\/\/epochtimestr.com\/index.php\/wp-json\/wp\/v2\/categories?post=146291"},{"taxonomy":"post_tag","embeddable":true,"href":"https:\/\/epochtimestr.com\/index.php\/wp-json\/wp\/v2\/tags?post=146291"}],"curies":[{"name":"wp","href":"https:\/\/api.w.org\/{rel}","templated":true}]}}