{"id":146296,"date":"2023-07-08T10:36:38","date_gmt":"2023-07-08T07:36:38","guid":{"rendered":"https:\/\/epochtimestr.com\/?p=146296"},"modified":"2023-07-08T10:36:42","modified_gmt":"2023-07-08T07:36:42","slug":"cumhurbaskani-erdogan-ukrayna-devlet-baskani-zelenskiy-ile-bir-araya-geldi","status":"publish","type":"post","link":"https:\/\/epochtimestr.com\/index.php\/cumhurbaskani-erdogan-ukrayna-devlet-baskani-zelenskiy-ile-bir-araya-geldi","title":{"rendered":"Cumhurba\u015fkan\u0131 Erdo\u011fan, Ukrayna Devlet Ba\u015fkan\u0131 Zelenskiy \u0130le Bir Araya Geldi"},"content":{"rendered":"\n<p><\/p>\n\n\n<div class=\"wp-block-image\">\n<figure class=\"aligncenter size-full\"><img loading=\"lazy\" decoding=\"async\" width=\"500\" height=\"375\" src=\"https:\/\/epochtimestr.com\/wp-content\/uploads\/2011y\/2023-07-07-ukrayna-01-basbasa.jpg\" alt=\"\" class=\"wp-image-146297\" srcset=\"https:\/\/epochtimestr.com\/wp-content\/uploads\/2011y\/2023-07-07-ukrayna-01-basbasa.jpg 500w, https:\/\/epochtimestr.com\/wp-content\/uploads\/2011y\/2023-07-07-ukrayna-01-basbasa-300x225.jpg 300w, https:\/\/epochtimestr.com\/wp-content\/uploads\/2011y\/2023-07-07-ukrayna-01-basbasa-150x113.jpg 150w, https:\/\/epochtimestr.com\/wp-content\/uploads\/2011y\/2023-07-07-ukrayna-01-basbasa-86x64.jpg 86w\" sizes=\"(max-width: 500px) 100vw, 500px\" \/><figcaption class=\"wp-element-caption\">Kaynak: Cumhurba\u015fkanl\u0131\u011f\u0131 resmi sitesi<\/figcaption><\/figure><\/div>\n\n\n<h2 class=\"wp-block-heading\">Cumhurba\u015fkan\u0131 Recep Tayyip Erdo\u011fan, Ukrayna Devlet Ba\u015fkan\u0131 Volodimir Zelenskiy ile Vahdettin K\u00f6\u015fk\u00fc\u2019nde g\u00f6r\u00fc\u015ft\u00fc.<\/h2>\n\n\n\n<p>Erdo\u011fan, Ukrayna Devlet Ba\u015fkan\u0131 Volodimir Zelenskiy&#8217;i Vahdettin K\u00f6\u015fk\u00fc&#8217;nde t\u00f6renle kar\u015f\u0131lad\u0131. Kar\u015f\u0131lamada tokala\u015fan ikili, daha sonra ba\u015f ba\u015fa g\u00f6r\u00fc\u015fmeye ge\u00e7ti. Erdo\u011fan ve Zelenskiy heyetler aras\u0131 toplant\u0131ya ba\u015fkanl\u0131k edecekler.<\/p>\n\n\n\n<p><br \/>Zelenskiy, T\u00fcrkiye ziyaretine dair sosyal medya hesab\u0131ndan a\u00e7\u0131klama yapt\u0131. Zelenskiy &#8220;Recep Tayyip Erdo\u011fan ile T\u00fcrkiye&#8217;de yap\u0131lan g\u00f6r\u00fc\u015fmelerde yo\u011fun bir g\u00fcn\u00fc bitirmek \u00fczereyiz. &#8216;Bar\u0131\u015f Form\u00fcl\u00fc&#8217; pozisyonlar\u0131n\u0131n koordinasyonu, NATO Zirvesi, g\u00fcvenlik garantileri ve tah\u0131l giri\u015fimi, Ukrayna&#8217;n\u0131n yeniden in\u015fas\u0131, \u015firketlerimiz aras\u0131ndaki savunma s\u00f6zle\u015fmeleri gibi konular ele al\u0131nd\u0131&#8221; dedi.<\/p>\n\n\n\n<p><br \/>Kremlin S\u00f6zc\u00fcs\u00fc Dmitry Peskov, Cumhurba\u015fkan\u0131 Recep Tayyip Erdo\u011fan\u2019\u0131n bug\u00fcn \u0130stanbul\u2019da Ukrayna Devlet Ba\u015fkan\u0131 Volodimir Zelenski ile ger\u00e7ekle\u015ftirece\u011fi g\u00f6r\u00fc\u015fmeyi yak\u0131ndan takip ettiklerini duyurdu. Kremlin S\u00f6zc\u00fcs\u00fc Dmitry Peskov, Cumhurba\u015fkan\u0131 Recep Tayyip Erdo\u011fan ve Rusya Devlet Ba\u015fkan\u0131 Vladimir Putin\u2019in k\u0131sa s\u00fcre i\u00e7inde g\u00f6r\u00fc\u015febilece\u011fini ancak hen\u00fcz tarihin kesinle\u015fmedi\u011fini s\u00f6yledi.<\/p>\n\n\n\n<p><\/p>\n","protected":false},"excerpt":{"rendered":"<p>Cumhurba\u015fkan\u0131 Recep Tayyip Erdo\u011fan, Ukrayna Devlet Ba\u015fkan\u0131 Volodimir Zelenskiy ile Vahdettin K\u00f6\u015fk\u00fc\u2019nde g\u00f6r\u00fc\u015ft\u00fc. Erdo\u011fan, Ukrayna Devlet Ba\u015fkan\u0131 Volodimir Zelenskiy&#8217;i Vahdettin K\u00f6\u015fk\u00fc&#8217;nde t\u00f6renle kar\u015f\u0131lad\u0131. Kar\u015f\u0131lamada tokala\u015fan ikili, daha sonra ba\u015f ba\u015fa g\u00f6r\u00fc\u015fmeye ge\u00e7ti. Erdo\u011fan ve Zelenskiy heyetler aras\u0131 toplant\u0131ya ba\u015fkanl\u0131k edecekler. Zelenskiy, T\u00fcrkiye ziyaretine dair sosyal medya hesab\u0131ndan a\u00e7\u0131klama yapt\u0131. Zelenskiy &#8220;Recep Tayyip Erdo\u011fan ile T\u00fcrkiye&#8217;de [&hellip;]<\/p>\n","protected":false},"author":12791,"featured_media":146297,"comment_status":"closed","ping_status":"open","sticky":false,"template":"","format":"standard","meta":{"_yoast_wpseo_focuskw":"","_yoast_wpseo_title":"","_yoast_wpseo_metadesc":"","_bbp_topic_count":0,"_bbp_reply_count":0,"_bbp_total_topic_count":0,"_bbp_total_reply_count":0,"_bbp_voice_count":0,"_bbp_anonymous_reply_count":0,"_bbp_topic_count_hidden":0,"_bbp_reply_count_hidden":0,"_bbp_forum_subforum_count":0,"footnotes":"","_yoast_wpseo_focuskw_text_input":""},"categories":[5,1,8226,37],"tags":[],"yoast_head":"<!-- This site is optimized with the Yoast SEO plugin v23.0 - https:\/\/yoast.com\/wordpress\/plugins\/seo\/ -->\n<title>Cumhurba\u015fkan\u0131 Erdo\u011fan, Ukrayna Devlet Ba\u015fkan\u0131 Zelenskiy \u0130le Bir Araya Geldi - The Epoch Times TR<\/title>\n<meta name=\"robots\" content=\"index, follow, max-snippet:-1, max-image-preview:large, max-video-preview:-1\" \/>\n<link rel=\"canonical\" href=\"https:\/\/epochtimestr.com\/index.php\/cumhurbaskani-erdogan-ukrayna-devlet-baskani-zelenskiy-ile-bir-araya-geldi\" \/>\n<meta property=\"og:locale\" content=\"tr_TR\" \/>\n<meta property=\"og:type\" content=\"article\" \/>\n<meta property=\"og:title\" content=\"Cumhurba\u015fkan\u0131 Erdo\u011fan, Ukrayna Devlet Ba\u015fkan\u0131 Zelenskiy \u0130le Bir Araya Geldi - The Epoch Times TR\" \/>\n<meta property=\"og:description\" content=\"Cumhurba\u015fkan\u0131 Recep Tayyip Erdo\u011fan, Ukrayna Devlet Ba\u015fkan\u0131 Volodimir Zelenskiy ile Vahdettin K\u00f6\u015fk\u00fc\u2019nde g\u00f6r\u00fc\u015ft\u00fc. Erdo\u011fan, Ukrayna Devlet Ba\u015fkan\u0131 Volodimir Zelenskiy&#8217;i Vahdettin K\u00f6\u015fk\u00fc&#8217;nde t\u00f6renle kar\u015f\u0131lad\u0131. Kar\u015f\u0131lamada tokala\u015fan ikili, daha sonra ba\u015f ba\u015fa g\u00f6r\u00fc\u015fmeye ge\u00e7ti. Erdo\u011fan ve Zelenskiy heyetler aras\u0131 toplant\u0131ya ba\u015fkanl\u0131k edecekler. Zelenskiy, T\u00fcrkiye ziyaretine dair sosyal medya hesab\u0131ndan a\u00e7\u0131klama yapt\u0131. Zelenskiy &#8220;Recep Tayyip Erdo\u011fan ile T\u00fcrkiye&#8217;de [&hellip;]\" \/>\n<meta property=\"og:url\" content=\"https:\/\/epochtimestr.com\/index.php\/cumhurbaskani-erdogan-ukrayna-devlet-baskani-zelenskiy-ile-bir-araya-geldi\" \/>\n<meta property=\"og:site_name\" content=\"The Epoch Times TR\" \/>\n<meta property=\"article:publisher\" content=\"https:\/\/www.facebook.com\/theepochtimestr\" \/>\n<meta property=\"article:published_time\" content=\"2023-07-08T07:36:38+00:00\" \/>\n<meta property=\"article:modified_time\" content=\"2023-07-08T07:36:42+00:00\" \/>\n<meta property=\"og:image\" content=\"https:\/\/epochtimestr.com\/wp-content\/uploads\/2011y\/2023-07-07-ukrayna-01-basbasa.jpg\" \/>\n\t<meta property=\"og:image:width\" content=\"500\" \/>\n\t<meta property=\"og:image:height\" content=\"375\" \/>\n\t<meta property=\"og:image:type\" content=\"image\/jpeg\" \/>\n<meta name=\"author\" content=\"Haber Merkezi\" \/>\n<meta name=\"twitter:card\" content=\"summary_large_image\" \/>\n<meta name=\"twitter:creator\" content=\"@TheEpochTimesTR\" \/>\n<meta name=\"twitter:site\" content=\"@TheEpochTimesTR\" \/>\n<meta name=\"twitter:label1\" content=\"Yazan:\" \/>\n\t<meta name=\"twitter:data1\" content=\"Haber Merkezi\" \/>\n\t<meta name=\"twitter:label2\" content=\"Tahmini okuma s\u00fcresi\" \/>\n\t<meta name=\"twitter:data2\" content=\"2 dakika\" \/>\n<script type=\"application\/ld+json\" class=\"yoast-schema-graph\">{\"@context\":\"https:\/\/schema.org\",\"@graph\":[{\"@type\":\"Article\",\"@id\":\"https:\/\/epochtimestr.com\/index.php\/cumhurbaskani-erdogan-ukrayna-devlet-baskani-zelenskiy-ile-bir-araya-geldi#article\",\"isPartOf\":{\"@id\":\"https:\/\/epochtimestr.com\/index.php\/cumhurbaskani-erdogan-ukrayna-devlet-baskani-zelenskiy-ile-bir-araya-geldi\"},\"author\":{\"name\":\"Haber Merkezi\",\"@id\":\"https:\/\/epochtimestr.com\/#\/schema\/person\/3dc5c3adeb9f43923c5aa85889172fdd\"},\"headline\":\"Cumhurba\u015fkan\u0131 Erdo\u011fan, Ukrayna Devlet Ba\u015fkan\u0131 Zelenskiy \u0130le Bir Araya Geldi\",\"datePublished\":\"2023-07-08T07:36:38+00:00\",\"dateModified\":\"2023-07-08T07:36:42+00:00\",\"mainEntityOfPage\":{\"@id\":\"https:\/\/epochtimestr.com\/index.php\/cumhurbaskani-erdogan-ukrayna-devlet-baskani-zelenskiy-ile-bir-araya-geldi\"},\"wordCount\":224,\"publisher\":{\"@id\":\"https:\/\/epochtimestr.com\/#organization\"},\"image\":{\"@id\":\"https:\/\/epochtimestr.com\/index.php\/cumhurbaskani-erdogan-ukrayna-devlet-baskani-zelenskiy-ile-bir-araya-geldi#primaryimage\"},\"thumbnailUrl\":\"https:\/\/epochtimestr.com\/wp-content\/uploads\/2011y\/2023-07-07-ukrayna-01-basbasa.jpg\",\"articleSection\":[\"D\u00dcNYA\",\"G\u00dcNDEM\",\"Siyaset\",\"T\u00dcRK\u0130YE\"],\"inLanguage\":\"tr\"},{\"@type\":\"WebPage\",\"@id\":\"https:\/\/epochtimestr.com\/index.php\/cumhurbaskani-erdogan-ukrayna-devlet-baskani-zelenskiy-ile-bir-araya-geldi\",\"url\":\"https:\/\/epochtimestr.com\/index.php\/cumhurbaskani-erdogan-ukrayna-devlet-baskani-zelenskiy-ile-bir-araya-geldi\",\"name\":\"Cumhurba\u015fkan\u0131 Erdo\u011fan, Ukrayna Devlet Ba\u015fkan\u0131 Zelenskiy \u0130le Bir Araya Geldi - The Epoch Times TR\",\"isPartOf\":{\"@id\":\"https:\/\/epochtimestr.com\/#website\"},\"primaryImageOfPage\":{\"@id\":\"https:\/\/epochtimestr.com\/index.php\/cumhurbaskani-erdogan-ukrayna-devlet-baskani-zelenskiy-ile-bir-araya-geldi#primaryimage\"},\"image\":{\"@id\":\"https:\/\/epochtimestr.com\/index.php\/cumhurbaskani-erdogan-ukrayna-devlet-baskani-zelenskiy-ile-bir-araya-geldi#primaryimage\"},\"thumbnailUrl\":\"https:\/\/epochtimestr.com\/wp-content\/uploads\/2011y\/2023-07-07-ukrayna-01-basbasa.jpg\",\"datePublished\":\"2023-07-08T07:36:38+00:00\",\"dateModified\":\"2023-07-08T07:36:42+00:00\",\"inLanguage\":\"tr\",\"potentialAction\":[{\"@type\":\"ReadAction\",\"target\":[\"https:\/\/epochtimestr.com\/index.php\/cumhurbaskani-erdogan-ukrayna-devlet-baskani-zelenskiy-ile-bir-araya-geldi\"]}]},{\"@type\":\"ImageObject\",\"inLanguage\":\"tr\",\"@id\":\"https:\/\/epochtimestr.com\/index.php\/cumhurbaskani-erdogan-ukrayna-devlet-baskani-zelenskiy-ile-bir-araya-geldi#primaryimage\",\"url\":\"https:\/\/epochtimestr.com\/wp-content\/uploads\/2011y\/2023-07-07-ukrayna-01-basbasa.jpg\",\"contentUrl\":\"https:\/\/epochtimestr.com\/wp-content\/uploads\/2011y\/2023-07-07-ukrayna-01-basbasa.jpg\",\"width\":500,\"height\":375},{\"@type\":\"WebSite\",\"@id\":\"https:\/\/epochtimestr.com\/#website\",\"url\":\"https:\/\/epochtimestr.com\/\",\"name\":\"The Epoch Times TR\",\"description\":\"De\u011fi\u015fen D\u00fcnyam\u0131za Taze Bir Bak\u0131\u015f\",\"publisher\":{\"@id\":\"https:\/\/epochtimestr.com\/#organization\"},\"potentialAction\":[{\"@type\":\"SearchAction\",\"target\":{\"@type\":\"EntryPoint\",\"urlTemplate\":\"https:\/\/epochtimestr.com\/?s={search_term_string}\"},\"query-input\":\"required name=search_term_string\"}],\"inLanguage\":\"tr\"},{\"@type\":\"Organization\",\"@id\":\"https:\/\/epochtimestr.com\/#organization\",\"name\":\"The EpochTimes T\u00fcrkiye\",\"url\":\"https:\/\/epochtimestr.com\/\",\"logo\":{\"@type\":\"ImageObject\",\"inLanguage\":\"tr\",\"@id\":\"https:\/\/epochtimestr.com\/#\/schema\/logo\/image\/\",\"url\":\"https:\/\/epochtimestr.com\/wp-content\/uploads\/2011y\/ET-Logo-YG.jpg\",\"contentUrl\":\"https:\/\/epochtimestr.com\/wp-content\/uploads\/2011y\/ET-Logo-YG.jpg\",\"width\":346,\"height\":29,\"caption\":\"The EpochTimes T\u00fcrkiye\"},\"image\":{\"@id\":\"https:\/\/epochtimestr.com\/#\/schema\/logo\/image\/\"},\"sameAs\":[\"https:\/\/www.facebook.com\/theepochtimestr\",\"https:\/\/x.com\/TheEpochTimesTR\",\"https:\/\/www.instagram.com\/epochtimestr\"]},{\"@type\":\"Person\",\"@id\":\"https:\/\/epochtimestr.com\/#\/schema\/person\/3dc5c3adeb9f43923c5aa85889172fdd\",\"name\":\"Haber Merkezi\",\"image\":{\"@type\":\"ImageObject\",\"inLanguage\":\"tr\",\"@id\":\"https:\/\/epochtimestr.com\/#\/schema\/person\/image\/\",\"url\":\"https:\/\/secure.gravatar.com\/avatar\/d73f772ba5a74f28601361e17c2f93e6?s=96&d=mm&r=g\",\"contentUrl\":\"https:\/\/secure.gravatar.com\/avatar\/d73f772ba5a74f28601361e17c2f93e6?s=96&d=mm&r=g\",\"caption\":\"Haber Merkezi\"},\"url\":\"https:\/\/epochtimestr.com\/index.php\/author\/sendag\"}]}<\/script>\n<!-- \/ Yoast SEO plugin. -->","yoast_head_json":{"title":"Cumhurba\u015fkan\u0131 Erdo\u011fan, Ukrayna Devlet Ba\u015fkan\u0131 Zelenskiy \u0130le Bir Araya Geldi - The Epoch Times TR","robots":{"index":"index","follow":"follow","max-snippet":"max-snippet:-1","max-image-preview":"max-image-preview:large","max-video-preview":"max-video-preview:-1"},"canonical":"https:\/\/epochtimestr.com\/index.php\/cumhurbaskani-erdogan-ukrayna-devlet-baskani-zelenskiy-ile-bir-araya-geldi","og_locale":"tr_TR","og_type":"article","og_title":"Cumhurba\u015fkan\u0131 Erdo\u011fan, Ukrayna Devlet Ba\u015fkan\u0131 Zelenskiy \u0130le Bir Araya Geldi - The Epoch Times TR","og_description":"Cumhurba\u015fkan\u0131 Recep Tayyip Erdo\u011fan, Ukrayna Devlet Ba\u015fkan\u0131 Volodimir Zelenskiy ile Vahdettin K\u00f6\u015fk\u00fc\u2019nde g\u00f6r\u00fc\u015ft\u00fc. Erdo\u011fan, Ukrayna Devlet Ba\u015fkan\u0131 Volodimir Zelenskiy&#8217;i Vahdettin K\u00f6\u015fk\u00fc&#8217;nde t\u00f6renle kar\u015f\u0131lad\u0131. Kar\u015f\u0131lamada tokala\u015fan ikili, daha sonra ba\u015f ba\u015fa g\u00f6r\u00fc\u015fmeye ge\u00e7ti. Erdo\u011fan ve Zelenskiy heyetler aras\u0131 toplant\u0131ya ba\u015fkanl\u0131k edecekler. Zelenskiy, T\u00fcrkiye ziyaretine dair sosyal medya hesab\u0131ndan a\u00e7\u0131klama yapt\u0131. Zelenskiy &#8220;Recep Tayyip Erdo\u011fan ile T\u00fcrkiye&#8217;de [&hellip;]","og_url":"https:\/\/epochtimestr.com\/index.php\/cumhurbaskani-erdogan-ukrayna-devlet-baskani-zelenskiy-ile-bir-araya-geldi","og_site_name":"The Epoch Times TR","article_publisher":"https:\/\/www.facebook.com\/theepochtimestr","article_published_time":"2023-07-08T07:36:38+00:00","article_modified_time":"2023-07-08T07:36:42+00:00","og_image":[{"width":500,"height":375,"url":"https:\/\/epochtimestr.com\/wp-content\/uploads\/2011y\/2023-07-07-ukrayna-01-basbasa.jpg","type":"image\/jpeg"}],"author":"Haber Merkezi","twitter_card":"summary_large_image","twitter_creator":"@TheEpochTimesTR","twitter_site":"@TheEpochTimesTR","twitter_misc":{"Yazan:":"Haber Merkezi","Tahmini okuma s\u00fcresi":"2 dakika"},"schema":{"@context":"https:\/\/schema.org","@graph":[{"@type":"Article","@id":"https:\/\/epochtimestr.com\/index.php\/cumhurbaskani-erdogan-ukrayna-devlet-baskani-zelenskiy-ile-bir-araya-geldi#article","isPartOf":{"@id":"https:\/\/epochtimestr.com\/index.php\/cumhurbaskani-erdogan-ukrayna-devlet-baskani-zelenskiy-ile-bir-araya-geldi"},"author":{"name":"Haber Merkezi","@id":"https:\/\/epochtimestr.com\/#\/schema\/person\/3dc5c3adeb9f43923c5aa85889172fdd"},"headline":"Cumhurba\u015fkan\u0131 Erdo\u011fan, Ukrayna Devlet Ba\u015fkan\u0131 Zelenskiy \u0130le Bir Araya Geldi","datePublished":"2023-07-08T07:36:38+00:00","dateModified":"2023-07-08T07:36:42+00:00","mainEntityOfPage":{"@id":"https:\/\/epochtimestr.com\/index.php\/cumhurbaskani-erdogan-ukrayna-devlet-baskani-zelenskiy-ile-bir-araya-geldi"},"wordCount":224,"publisher":{"@id":"https:\/\/epochtimestr.com\/#organization"},"image":{"@id":"https:\/\/epochtimestr.com\/index.php\/cumhurbaskani-erdogan-ukrayna-devlet-baskani-zelenskiy-ile-bir-araya-geldi#primaryimage"},"thumbnailUrl":"https:\/\/epochtimestr.com\/wp-content\/uploads\/2011y\/2023-07-07-ukrayna-01-basbasa.jpg","articleSection":["D\u00dcNYA","G\u00dcNDEM","Siyaset","T\u00dcRK\u0130YE"],"inLanguage":"tr"},{"@type":"WebPage","@id":"https:\/\/epochtimestr.com\/index.php\/cumhurbaskani-erdogan-ukrayna-devlet-baskani-zelenskiy-ile-bir-araya-geldi","url":"https:\/\/epochtimestr.com\/index.php\/cumhurbaskani-erdogan-ukrayna-devlet-baskani-zelenskiy-ile-bir-araya-geldi","name":"Cumhurba\u015fkan\u0131 Erdo\u011fan, Ukrayna Devlet Ba\u015fkan\u0131 Zelenskiy \u0130le Bir Araya Geldi - The Epoch Times TR","isPartOf":{"@id":"https:\/\/epochtimestr.com\/#website"},"primaryImageOfPage":{"@id":"https:\/\/epochtimestr.com\/index.php\/cumhurbaskani-erdogan-ukrayna-devlet-baskani-zelenskiy-ile-bir-araya-geldi#primaryimage"},"image":{"@id":"https:\/\/epochtimestr.com\/index.php\/cumhurbaskani-erdogan-ukrayna-devlet-baskani-zelenskiy-ile-bir-araya-geldi#primaryimage"},"thumbnailUrl":"https:\/\/epochtimestr.com\/wp-content\/uploads\/2011y\/2023-07-07-ukrayna-01-basbasa.jpg","datePublished":"2023-07-08T07:36:38+00:00","dateModified":"2023-07-08T07:36:42+00:00","inLanguage":"tr","potentialAction":[{"@type":"ReadAction","target":["https:\/\/epochtimestr.com\/index.php\/cumhurbaskani-erdogan-ukrayna-devlet-baskani-zelenskiy-ile-bir-araya-geldi"]}]},{"@type":"ImageObject","inLanguage":"tr","@id":"https:\/\/epochtimestr.com\/index.php\/cumhurbaskani-erdogan-ukrayna-devlet-baskani-zelenskiy-ile-bir-araya-geldi#primaryimage","url":"https:\/\/epochtimestr.com\/wp-content\/uploads\/2011y\/2023-07-07-ukrayna-01-basbasa.jpg","contentUrl":"https:\/\/epochtimestr.com\/wp-content\/uploads\/2011y\/2023-07-07-ukrayna-01-basbasa.jpg","width":500,"height":375},{"@type":"WebSite","@id":"https:\/\/epochtimestr.com\/#website","url":"https:\/\/epochtimestr.com\/","name":"The Epoch Times TR","description":"De\u011fi\u015fen D\u00fcnyam\u0131za Taze Bir Bak\u0131\u015f","publisher":{"@id":"https:\/\/epochtimestr.com\/#organization"},"potentialAction":[{"@type":"SearchAction","target":{"@type":"EntryPoint","urlTemplate":"https:\/\/epochtimestr.com\/?s={search_term_string}"},"query-input":"required name=search_term_string"}],"inLanguage":"tr"},{"@type":"Organization","@id":"https:\/\/epochtimestr.com\/#organization","name":"The EpochTimes T\u00fcrkiye","url":"https:\/\/epochtimestr.com\/","logo":{"@type":"ImageObject","inLanguage":"tr","@id":"https:\/\/epochtimestr.com\/#\/schema\/logo\/image\/","url":"https:\/\/epochtimestr.com\/wp-content\/uploads\/2011y\/ET-Logo-YG.jpg","contentUrl":"https:\/\/epochtimestr.com\/wp-content\/uploads\/2011y\/ET-Logo-YG.jpg","width":346,"height":29,"caption":"The EpochTimes T\u00fcrkiye"},"image":{"@id":"https:\/\/epochtimestr.com\/#\/schema\/logo\/image\/"},"sameAs":["https:\/\/www.facebook.com\/theepochtimestr","https:\/\/x.com\/TheEpochTimesTR","https:\/\/www.instagram.com\/epochtimestr"]},{"@type":"Person","@id":"https:\/\/epochtimestr.com\/#\/schema\/person\/3dc5c3adeb9f43923c5aa85889172fdd","name":"Haber Merkezi","image":{"@type":"ImageObject","inLanguage":"tr","@id":"https:\/\/epochtimestr.com\/#\/schema\/person\/image\/","url":"https:\/\/secure.gravatar.com\/avatar\/d73f772ba5a74f28601361e17c2f93e6?s=96&d=mm&r=g","contentUrl":"https:\/\/secure.gravatar.com\/avatar\/d73f772ba5a74f28601361e17c2f93e6?s=96&d=mm&r=g","caption":"Haber Merkezi"},"url":"https:\/\/epochtimestr.com\/index.php\/author\/sendag"}]}},"_links":{"self":[{"href":"https:\/\/epochtimestr.com\/index.php\/wp-json\/wp\/v2\/posts\/146296"}],"collection":[{"href":"https:\/\/epochtimestr.com\/index.php\/wp-json\/wp\/v2\/posts"}],"about":[{"href":"https:\/\/epochtimestr.com\/index.php\/wp-json\/wp\/v2\/types\/post"}],"author":[{"embeddable":true,"href":"https:\/\/epochtimestr.com\/index.php\/wp-json\/wp\/v2\/users\/12791"}],"replies":[{"embeddable":true,"href":"https:\/\/epochtimestr.com\/index.php\/wp-json\/wp\/v2\/comments?post=146296"}],"version-history":[{"count":2,"href":"https:\/\/epochtimestr.com\/index.php\/wp-json\/wp\/v2\/posts\/146296\/revisions"}],"predecessor-version":[{"id":146306,"href":"https:\/\/epochtimestr.com\/index.php\/wp-json\/wp\/v2\/posts\/146296\/revisions\/146306"}],"wp:featuredmedia":[{"embeddable":true,"href":"https:\/\/epochtimestr.com\/index.php\/wp-json\/wp\/v2\/media\/146297"}],"wp:attachment":[{"href":"https:\/\/epochtimestr.com\/index.php\/wp-json\/wp\/v2\/media?parent=146296"}],"wp:term":[{"taxonomy":"category","embeddable":true,"href":"https:\/\/epochtimestr.com\/index.php\/wp-json\/wp\/v2\/categories?post=146296"},{"taxonomy":"post_tag","embeddable":true,"href":"https:\/\/epochtimestr.com\/index.php\/wp-json\/wp\/v2\/tags?post=146296"}],"curies":[{"name":"wp","href":"https:\/\/api.w.org\/{rel}","templated":true}]}}