{"id":146352,"date":"2023-07-11T11:51:00","date_gmt":"2023-07-11T08:51:00","guid":{"rendered":"https:\/\/epochtimestr.com\/?p=146352"},"modified":"2023-07-11T11:51:03","modified_gmt":"2023-07-11T08:51:03","slug":"turkiye-isvecin-nato-uyeligine-destek-veriyor","status":"publish","type":"post","link":"https:\/\/epochtimestr.com\/index.php\/turkiye-isvecin-nato-uyeligine-destek-veriyor","title":{"rendered":"T\u00fcrkiye \u0130sve\u00e7&#8217;in NATO \u00dcyeli\u011fine Destek Veriyor"},"content":{"rendered":"<div class=\"wp-block-image\">\n<figure class=\"aligncenter size-full\"><img loading=\"lazy\" decoding=\"async\" width=\"809\" height=\"591\" src=\"https:\/\/epochtimestr.com\/wp-content\/uploads\/2011y\/Erdogan-Stoltenberg-BasinScreenshot.png\" alt=\"\" class=\"wp-image-146353\" srcset=\"https:\/\/epochtimestr.com\/wp-content\/uploads\/2011y\/Erdogan-Stoltenberg-BasinScreenshot.png 809w, https:\/\/epochtimestr.com\/wp-content\/uploads\/2011y\/Erdogan-Stoltenberg-BasinScreenshot-300x219.png 300w, https:\/\/epochtimestr.com\/wp-content\/uploads\/2011y\/Erdogan-Stoltenberg-BasinScreenshot-150x110.png 150w, https:\/\/epochtimestr.com\/wp-content\/uploads\/2011y\/Erdogan-Stoltenberg-BasinScreenshot-768x561.png 768w, https:\/\/epochtimestr.com\/wp-content\/uploads\/2011y\/Erdogan-Stoltenberg-BasinScreenshot-86x64.png 86w\" sizes=\"(max-width: 809px) 100vw, 809px\" \/><\/figure><\/div>\n\n\n<h2 class=\"wp-block-heading\">NATO Liderler Zirvesi \u00f6ncesinde Erdo\u011fan ve \u0130sve\u00e7 Ba\u015fbakan\u0131 Kristersson&#8217;un bir araya gelmesinin ard\u0131ndan T\u00fcrkiye&#8217;nin \u0130sve\u00e7&#8217;in NATO \u00fcyeli\u011fine destek verece\u011fi karar\u0131 a\u00e7\u0131kland\u0131.<\/h2>\n\n\n\n<p>T\u00fcrkiye, \u0130sve\u00e7 ve NATO aras\u0131ndaki \u00fc\u00e7l\u00fc g\u00f6r\u00fc\u015fmeden uzla\u015fma \u00e7\u0131kt\u0131. Cumhurba\u015fkan\u0131 Recep Tayyip Erdo\u011fan, \u0130sve\u00e7&#8217;in NATO&#8217;ya kat\u0131l\u0131m protok\u00fcl\u00fcn\u00fc T\u00fcrkiye B\u00fcy\u00fck Millet Meclisi&#8217;ne g\u00f6t\u00fcrme s\u00f6z\u00fc verdi. <\/p>\n\n\n\n<p>\u0130sve\u00e7 Ba\u015fbakan\u0131 Ulf Krissterson&#8217;da ter\u00f6r \u00f6rg\u00fctlerini desteklemeyece\u011fini ve vize serbestisi dahil T\u00fcrkiye&#8217;nin AB&#8217;ye \u00fcyelik s\u00fcrecine destek vereceklerini iletti.<\/p>\n\n\n\n<p>Cumhurba\u015fkan\u0131 Erdo\u011fan, NATO zirvesi i\u00e7in Litvanya&#8217;n\u0131n Ba\u015fkenti Vilnius&#8217;a ula\u015ft\u0131ktan sonra NATO Genel Sekreteri Jens Stoltenberg ve \u0130sve\u00e7 Ba\u015fbakan\u0131 Ulf Kristersson ile g\u00f6r\u00fc\u015ft\u00fc. \u0130lk g\u00f6r\u00fc\u015fmede herhangi bir a\u00e7\u0131klama yapmad\u0131lar ancak ikinci g\u00f6r\u00fc\u015fmenin ard\u0131ndan bas\u0131n toplant\u0131s\u0131 d\u00fczenlediler.<\/p>\n\n\n\n<p>NATO Genel Sekreteri Stoltenberg, \u0130sve\u00e7&#8217;in NATO&#8217;ya kat\u0131l\u0131m s\u00fcreci i\u00e7in T\u00fcrkiye ile var\u0131lan anla\u015fmay\u0131; &#8220;Cumhurba\u015fkan\u0131 Erdo\u011fan&#8217;\u0131n, \u0130sve\u00e7&#8217;in NATO&#8217;ya kat\u0131l\u0131m protokol\u00fcn\u00fc en k\u0131sa s\u00fcrede\u00a0T\u00fcrkiye\u00a0B\u00fcy\u00fck Millet Meclisi&#8217;ne g\u00f6t\u00fcrece\u011fini ve kabul edilmesi i\u00e7in Meclis&#8217;le yak\u0131n \u00e7al\u0131\u015faca\u011f\u0131n\u0131 duyurmaktan memnuniyet duyuyorum.&#8221; \u015feklinde duyurdu.<\/p>\n\n\n\n<p>Stoltenberg, \u0130sve\u00e7&#8217;in ter\u00f6rle m\u00fccadelesinin NATO&#8217;ya kat\u0131l\u0131m\u0131ndan sonra da devam edece\u011fini belirtti. T\u00fcrkiye ile \u0130sve\u00e7 aras\u0131nda ikili g\u00fcvenlik mekanizmas\u0131 kurulaca\u011f\u0131n\u0131 belirterek NATO tarihinde ilk kez Ter\u00f6rle M\u00fccadele \u00d6zel Koordinat\u00f6r\u00fc atanaca\u011f\u0131n\u0131 a\u00e7\u0131klad\u0131.<\/p>\n\n\n\n<p>Stoltenberg, &#8220;Bug\u00fcn tarihi bir g\u00fcn \u00e7\u00fcnk\u00fc T\u00fcrkiye&#8217;nin onay belgelerini TBMM&#8217;ye sunma ve TBMM ile onay i\u00e7in yak\u0131n \u00e7al\u0131\u015fma taahh\u00fcd\u00fc var. Ayr\u0131ca tarihi bir g\u00fcn \u00e7\u00fcnk\u00fc \u0130sve\u00e7 de T\u00fcrkiye ile yak\u0131n \u00e7al\u0131\u015farak ter\u00f6rle m\u00fccadeleyi art\u0131raca\u011f\u0131na ili\u015fkin a\u00e7\u0131k taahh\u00fctte bulunmu\u015ftur. NATO olarak biz de ter\u00f6rle m\u00fccadelede daha fazla neler yapabilece\u011fimizi a\u00e7\u0131klad\u0131k.&#8221; ifadesini kulland\u0131. S\u00fcrece ili\u015fkin takvim verilemeyece\u011fini belirterek; \u00a0&#8220;Onay i\u00e7in ne kadar zamana ihtiya\u00e7lar\u0131 oldu\u011fu egemen meclislere kalm\u0131\u015f bir \u015feydir. Her meclisin kendi takvimi vard\u0131r.&#8221; dedi. <\/p>\n\n\n\n<p>Stoltenberg, &#8220;Ter\u00f6rle M\u00fccadele \u00d6zel Koordinat\u00f6r\u00fc ter\u00f6rle m\u00fccadele \u00e7abalar\u0131m\u0131z\u0131 g\u00fc\u00e7lendirecek. Bu T\u00fcrkiye&#8217;nin iste\u011fiydi. Bug\u00fcnk\u00fc anla\u015fman\u0131n bir par\u00e7as\u0131 olarak \u00f6zel koordinat\u00f6r atayaca\u011f\u0131m i\u00e7in ben de mutluluk duyuyorum.&#8221; dedi.<\/p>\n\n\n\n<p>\u0130sve\u00e7&#8217;in bug\u00fcn AB \u00fcyesi olarak T\u00fcrkiye&#8217;nin AB kat\u0131l\u0131m s\u00fcrecinin canland\u0131r\u0131lmas\u0131, G\u00fcmr\u00fck Birli\u011fi&#8217;nin modernize edilmesi ve vize serbestisi \u00e7abalar\u0131n\u0131 destekleyece\u011fi taahh\u00fcd\u00fcnde bulundu\u011funu belirten Stoltenberg, &#8220;Bu \u0130sve\u00e7&#8217;in AB \u00fcyesi olarak T\u00fcrkiye&#8217;nin AB&#8217;ye yak\u0131nla\u015fmas\u0131 i\u00e7in yapaca\u011f\u0131 bir \u015feydir. NATO&#8217;nun bu s\u00fcrecin par\u00e7as\u0131 olmas\u0131 m\u00fcmk\u00fcn de\u011fildir.&#8221; ifadesini kulland\u0131.<\/p>\n\n\n\n<h3 class=\"wp-block-heading\">Yaz\u0131l\u0131 A\u00e7\u0131klama <\/h3>\n\n\n\n<p>T\u00fcrkiye, \u0130sve\u00e7 ve NATO&#8217;nun Vilnius&#8217;taki \u00fc\u00e7l\u00fc g\u00f6r\u00fc\u015fmesi sonras\u0131 yaz\u0131l\u0131 a\u00e7\u0131klama yap\u0131ld\u0131.<\/p>\n\n\n\n<p>Erdo\u011fan, Kristersson ve Stoltenberg&#8217;in bir araya geldi\u011fi s\u00f6ylenen yaz\u0131l\u0131 a\u00e7\u0131klamada, son NATO Zirvesi&#8217;nden bu yana, T\u00fcrkiye ve \u0130sve\u00e7&#8217;in, T\u00fcrkiye&#8217;nin me\u015fru g\u00fcvenlik endi\u015felerini kar\u015f\u0131lamak i\u00e7in birlikte yak\u0131n \u00e7al\u0131\u015ft\u0131\u011f\u0131 kaydedilen a\u00e7\u0131klamada, bu s\u00fcrecin bir par\u00e7as\u0131 olarak, 2022&#8217;de mutab\u0131k kal\u0131nan \u00dc\u00e7l\u00fc Muht\u0131ra&#8217;da belirlenen b\u00fct\u00fcn ad\u0131mlar \u00e7er\u00e7evesinde \u0130sve\u00e7&#8217;in, anayasas\u0131n\u0131 tadil etti\u011fi, yasalar\u0131n\u0131 de\u011fi\u015ftirdi\u011fi, PKK&#8217;ya kar\u015f\u0131 ter\u00f6rle m\u00fccadelede i\u015fbirli\u011fini kayda de\u011fer \u015fekilde geni\u015fletti\u011fi ve T\u00fcrkiye&#8217;ye silah ihracat\u0131n\u0131 yeniden ba\u015flatt\u0131\u011f\u0131 ifade edildi.<\/p>\n\n\n\n<p>T\u00fcrkiye ve \u0130sve\u00e7&#8217;in, hem 2022 Madrid NATO Zirvesi&#8217;nde kurulan \u00dc\u00e7l\u00fc Daimi Ortak Mekanizma hem de bakan d\u00fczeyinde y\u0131lda bir kere bir araya gelecek ve uygun \u00e7al\u0131\u015fma gruplar\u0131n\u0131 tesis edecek yeni bir ikili G\u00fcvenlik Mekanizmas\u0131 \u00e7er\u00e7evesinde i\u015fbirli\u011fine devam etme konusunda uzla\u015ft\u0131\u011f\u0131 belirtilen a\u00e7\u0131klamada, \u015funlar kaydedildi:<\/p>\n\n\n\n<p>&#8220;G\u00fcvenlik Komitesi&#8217;nin ilk toplant\u0131s\u0131nda \u0130sve\u00e7, ter\u00f6rizmin t\u00fcm t\u00fcr ve tezah\u00fcrleriyle m\u00fccadelesinin temeli olarak \u00dc\u00e7l\u00fc Muht\u0131ra&#8217;n\u0131n 4. maddesi dahil t\u00fcm unsurlar\u0131n\u0131n tam manas\u0131yla uygulanmas\u0131na y\u00f6nelik bir yol haritas\u0131 sunacakt\u0131r. \u0130sve\u00e7, YPG\/PYD ve T\u00fcrkiye&#8217;de FET\u00d6 olarak tan\u0131mlanan \u00f6rg\u00fcte destek vermeyece\u011fini yineler. T\u00fcrkiye ve \u0130sve\u00e7, ter\u00f6rle m\u00fccadele i\u015fbirli\u011finin, \u0130sve\u00e7&#8217;in NATO&#8217;ya kat\u0131lmas\u0131n\u0131n sonras\u0131nda da devam edecek, uzun vadeli bir \u00e7aba oldu\u011fu konusunda hemfikirdirler.<\/p>\n\n\n\n<p>Genel Sekreter Stoltenberg de NATO&#8217;nun t\u00fcm t\u00fcr ve tezah\u00fcrleriyle ter\u00f6rizmi kategorik \u015fekilde k\u0131nad\u0131\u011f\u0131n\u0131 yeniden teyit etmi\u015ftir. NATO, tarihinde ilk kez Ter\u00f6rle M\u00fccadele \u00d6zel Koordinat\u00f6r\u00fc pozisyonunun tesis edilmesi de dahil, bu alandaki \u00e7al\u0131\u015fmalar\u0131n\u0131 kayda de\u011fer \u015fekilde h\u0131zland\u0131racakt\u0131r. M\u00fcttefikler aras\u0131nda savunma ticareti ve yat\u0131r\u0131mlar\u0131 konusunda herhangi bir k\u0131s\u0131tlama, engel veya yapt\u0131r\u0131m olmamas\u0131 gerekti\u011fi y\u00f6n\u00fcndeki ilkeye ba\u011fl\u0131y\u0131z. Bu t\u00fcr engellerin ortadan kald\u0131r\u0131lmas\u0131na y\u00f6nelik \u00e7al\u0131\u015faca\u011f\u0131z.&#8221;<\/p>\n\n\n\n<p>Ayr\u0131ca T\u00fcrkiye ve \u0130sve\u00e7&#8217;in, ikili ticaret ve yat\u0131r\u0131mlar\u0131 art\u0131rmaya y\u00f6nelik f\u0131rsatlar\u0131 maksimize etmenin yollar\u0131n\u0131 arayaca\u011f\u0131 belirtildi.<\/p>\n\n\n\n<p>A\u00e7\u0131klamada \u015f\u00f6yle denildi:<\/p>\n\n\n\n<p>&#8220;\u0130sve\u00e7, T\u00fcrkiye&#8217;nin, T\u00fcrkiye-AB G\u00fcmr\u00fck Birli\u011fi&#8217;nin g\u00fcncellenmesi ve vize serbesti dahil AB&#8217;ye \u00fcyelik s\u00fcrecinin yeniden canland\u0131r\u0131lmas\u0131 konusundaki \u00e7abalara aktif destek verecektir. Bu temel \u00fczerinde ve Avrupa-Atlantik b\u00f6lgesinin cayd\u0131r\u0131c\u0131l\u0131k ve savunma gereklilikleri ba\u011flam\u0131nda, T\u00fcrkiye, \u0130sve\u00e7&#8217;in Kat\u0131l\u0131m Protokollerini TBMM&#8217;ye sevk edecek ve onaylanmas\u0131 sa\u011flamak i\u00e7in Meclis ile yak\u0131n i\u015fbirli\u011fi i\u00e7inde olacakt\u0131r.&#8221;<\/p>\n\n\n\n<p>\u0130sve\u00e7 Ba\u015fbakan\u0131\u00a0Ulf Kristersson, T\u00fcrkiye&#8217;nin karar\u0131 sonras\u0131 yapt\u0131\u011f\u0131 a\u00e7\u0131klamada, &#8220;T\u00fcrkiye ve Finlandiya ile olan 3&#8217;l\u00fc mutabakat\u0131n t\u00fcm b\u00f6l\u00fcmlerini yerine getirmeye devam etme s\u00f6z\u00fc veriyoruz. Bu \u0130sve\u00e7 i\u00e7in iyi bir g\u00fcn,\u00a0NATO \u00fcyeli\u011fine do\u011fru b\u00fcy\u00fck bir ad\u0131m at\u0131yoruz.&#8221; dedi.<\/p>\n\n\n\n<h3 class=\"wp-block-heading\">Joe Biden Memnuniyetle Kar\u015f\u0131lad\u0131<\/h3>\n\n\n\n<p>ABD Ba\u015fkan\u0131 Joe Biden, yaz\u0131l\u0131 a\u00e7\u0131klama yaparak, Cumhurba\u015fkan\u0131 Erdo\u011fan&#8217;\u0131n, \u0130sve\u00e7&#8217;in NATO&#8217;ya kat\u0131l\u0131m protokol\u00fcn\u00fc onaylamak \u00fczere TBMM&#8217;ye iletme taahh\u00fcd\u00fc dahil T\u00fcrkiye, \u0130sve\u00e7 ve NATO Genel Sekreteri Jens Stoltenberg taraf\u0131ndan yay\u0131mlanan a\u00e7\u0131klamay\u0131 memnuniyetle kar\u015f\u0131lad\u0131\u011f\u0131n\u0131 bildirdi.<\/p>\n\n\n\n<p>&#8220;Avrupa-Atlantik b\u00f6lgesinde savunma ve cayd\u0131r\u0131c\u0131l\u0131\u011f\u0131 geli\u015ftirmek i\u00e7in Cumhurba\u015fkan\u0131 Erdo\u011fan ve T\u00fcrkiye ile birlikte \u00e7al\u0131\u015fmaya haz\u0131r\u0131m.&#8221; ifadesini kullanan Biden, \u0130sve\u00e7&#8217;i NATO&#8217;nun 32. m\u00fcttefiki olarak kar\u015f\u0131lamay\u0131 sab\u0131rs\u0131zl\u0131kla bekledi\u011fini kaydetti.<\/p>\n\n\n\n<p>Biden, NATO Genel Sekreteri Stoltenberg&#8217;e de kararl\u0131 deste\u011fi i\u00e7in te\u015fekk\u00fcr etti.<\/p>\n\n\n\n<p>\u00d6te yandan Cumhurba\u015fkan\u0131 Erdo\u011fan, zirve kapsam\u0131nda ABD Ba\u015fkan\u0131 Biden ile bug\u00fcn saat 18.00&#8217;de g\u00f6r\u00fc\u015fecek.&nbsp;<\/p>\n\n\n\n<p>Erdo\u011fan&#8217;\u0131n&nbsp;Yunanistan Ba\u015fbakan\u0131 Kiryakos Mi\u00e7otakis&#8217;le de g\u00f6r\u00fc\u015fmesi bekleniyor.<\/p>\n","protected":false},"excerpt":{"rendered":"<p>NATO Liderler Zirvesi \u00f6ncesinde Erdo\u011fan ve \u0130sve\u00e7 Ba\u015fbakan\u0131 Kristersson&#8217;un bir araya gelmesinin ard\u0131ndan T\u00fcrkiye&#8217;nin \u0130sve\u00e7&#8217;in NATO \u00fcyeli\u011fine destek verece\u011fi karar\u0131 a\u00e7\u0131kland\u0131. T\u00fcrkiye, \u0130sve\u00e7 ve NATO aras\u0131ndaki \u00fc\u00e7l\u00fc g\u00f6r\u00fc\u015fmeden uzla\u015fma \u00e7\u0131kt\u0131. Cumhurba\u015fkan\u0131 Recep Tayyip Erdo\u011fan, \u0130sve\u00e7&#8217;in NATO&#8217;ya kat\u0131l\u0131m protok\u00fcl\u00fcn\u00fc T\u00fcrkiye B\u00fcy\u00fck Millet Meclisi&#8217;ne g\u00f6t\u00fcrme s\u00f6z\u00fc verdi. \u0130sve\u00e7 Ba\u015fbakan\u0131 Ulf Krissterson&#8217;da ter\u00f6r \u00f6rg\u00fctlerini desteklemeyece\u011fini ve vize serbestisi [&hellip;]<\/p>\n","protected":false},"author":12791,"featured_media":146353,"comment_status":"closed","ping_status":"open","sticky":false,"template":"","format":"standard","meta":{"_yoast_wpseo_focuskw":"","_yoast_wpseo_title":"","_yoast_wpseo_metadesc":"","_bbp_topic_count":0,"_bbp_reply_count":0,"_bbp_total_topic_count":0,"_bbp_total_reply_count":0,"_bbp_voice_count":0,"_bbp_anonymous_reply_count":0,"_bbp_topic_count_hidden":0,"_bbp_reply_count_hidden":0,"_bbp_forum_subforum_count":0,"footnotes":"","_yoast_wpseo_focuskw_text_input":""},"categories":[5,1,37],"tags":[],"yoast_head":"<!-- This site is optimized with the Yoast SEO plugin v23.0 - https:\/\/yoast.com\/wordpress\/plugins\/seo\/ -->\n<title>T\u00fcrkiye \u0130sve\u00e7&#039;in NATO \u00dcyeli\u011fine Destek Veriyor - The Epoch Times TR<\/title>\n<meta name=\"robots\" content=\"index, follow, max-snippet:-1, max-image-preview:large, max-video-preview:-1\" \/>\n<link rel=\"canonical\" href=\"https:\/\/epochtimestr.com\/index.php\/turkiye-isvecin-nato-uyeligine-destek-veriyor\" \/>\n<meta property=\"og:locale\" content=\"tr_TR\" \/>\n<meta property=\"og:type\" content=\"article\" \/>\n<meta property=\"og:title\" content=\"T\u00fcrkiye \u0130sve\u00e7&#039;in NATO \u00dcyeli\u011fine Destek Veriyor - The Epoch Times TR\" \/>\n<meta property=\"og:description\" content=\"NATO Liderler Zirvesi \u00f6ncesinde Erdo\u011fan ve \u0130sve\u00e7 Ba\u015fbakan\u0131 Kristersson&#8217;un bir araya gelmesinin ard\u0131ndan T\u00fcrkiye&#8217;nin \u0130sve\u00e7&#8217;in NATO \u00fcyeli\u011fine destek verece\u011fi karar\u0131 a\u00e7\u0131kland\u0131. T\u00fcrkiye, \u0130sve\u00e7 ve NATO aras\u0131ndaki \u00fc\u00e7l\u00fc g\u00f6r\u00fc\u015fmeden uzla\u015fma \u00e7\u0131kt\u0131. Cumhurba\u015fkan\u0131 Recep Tayyip Erdo\u011fan, \u0130sve\u00e7&#8217;in NATO&#8217;ya kat\u0131l\u0131m protok\u00fcl\u00fcn\u00fc T\u00fcrkiye B\u00fcy\u00fck Millet Meclisi&#8217;ne g\u00f6t\u00fcrme s\u00f6z\u00fc verdi. \u0130sve\u00e7 Ba\u015fbakan\u0131 Ulf Krissterson&#8217;da ter\u00f6r \u00f6rg\u00fctlerini desteklemeyece\u011fini ve vize serbestisi [&hellip;]\" \/>\n<meta property=\"og:url\" content=\"https:\/\/epochtimestr.com\/index.php\/turkiye-isvecin-nato-uyeligine-destek-veriyor\" \/>\n<meta property=\"og:site_name\" content=\"The Epoch Times TR\" \/>\n<meta property=\"article:publisher\" content=\"https:\/\/www.facebook.com\/theepochtimestr\" \/>\n<meta property=\"article:published_time\" content=\"2023-07-11T08:51:00+00:00\" \/>\n<meta property=\"article:modified_time\" content=\"2023-07-11T08:51:03+00:00\" \/>\n<meta property=\"og:image\" content=\"https:\/\/epochtimestr.com\/wp-content\/uploads\/2011y\/Erdogan-Stoltenberg-BasinScreenshot.png\" \/>\n\t<meta property=\"og:image:width\" content=\"809\" \/>\n\t<meta property=\"og:image:height\" content=\"591\" \/>\n\t<meta property=\"og:image:type\" content=\"image\/png\" \/>\n<meta name=\"author\" content=\"Haber Merkezi\" \/>\n<meta name=\"twitter:card\" content=\"summary_large_image\" \/>\n<meta name=\"twitter:creator\" content=\"@TheEpochTimesTR\" \/>\n<meta name=\"twitter:site\" content=\"@TheEpochTimesTR\" \/>\n<meta name=\"twitter:label1\" content=\"Yazan:\" \/>\n\t<meta name=\"twitter:data1\" content=\"Haber Merkezi\" \/>\n\t<meta name=\"twitter:label2\" content=\"Tahmini okuma s\u00fcresi\" \/>\n\t<meta name=\"twitter:data2\" content=\"5 dakika\" \/>\n<script type=\"application\/ld+json\" class=\"yoast-schema-graph\">{\"@context\":\"https:\/\/schema.org\",\"@graph\":[{\"@type\":\"Article\",\"@id\":\"https:\/\/epochtimestr.com\/index.php\/turkiye-isvecin-nato-uyeligine-destek-veriyor#article\",\"isPartOf\":{\"@id\":\"https:\/\/epochtimestr.com\/index.php\/turkiye-isvecin-nato-uyeligine-destek-veriyor\"},\"author\":{\"name\":\"Haber Merkezi\",\"@id\":\"https:\/\/epochtimestr.com\/#\/schema\/person\/3dc5c3adeb9f43923c5aa85889172fdd\"},\"headline\":\"T\u00fcrkiye \u0130sve\u00e7&#8217;in NATO \u00dcyeli\u011fine Destek Veriyor\",\"datePublished\":\"2023-07-11T08:51:00+00:00\",\"dateModified\":\"2023-07-11T08:51:03+00:00\",\"mainEntityOfPage\":{\"@id\":\"https:\/\/epochtimestr.com\/index.php\/turkiye-isvecin-nato-uyeligine-destek-veriyor\"},\"wordCount\":1174,\"publisher\":{\"@id\":\"https:\/\/epochtimestr.com\/#organization\"},\"image\":{\"@id\":\"https:\/\/epochtimestr.com\/index.php\/turkiye-isvecin-nato-uyeligine-destek-veriyor#primaryimage\"},\"thumbnailUrl\":\"https:\/\/epochtimestr.com\/wp-content\/uploads\/2011y\/Erdogan-Stoltenberg-BasinScreenshot.png\",\"articleSection\":[\"D\u00dcNYA\",\"G\u00dcNDEM\",\"T\u00dcRK\u0130YE\"],\"inLanguage\":\"tr\"},{\"@type\":\"WebPage\",\"@id\":\"https:\/\/epochtimestr.com\/index.php\/turkiye-isvecin-nato-uyeligine-destek-veriyor\",\"url\":\"https:\/\/epochtimestr.com\/index.php\/turkiye-isvecin-nato-uyeligine-destek-veriyor\",\"name\":\"T\u00fcrkiye \u0130sve\u00e7'in NATO \u00dcyeli\u011fine Destek Veriyor - The Epoch Times TR\",\"isPartOf\":{\"@id\":\"https:\/\/epochtimestr.com\/#website\"},\"primaryImageOfPage\":{\"@id\":\"https:\/\/epochtimestr.com\/index.php\/turkiye-isvecin-nato-uyeligine-destek-veriyor#primaryimage\"},\"image\":{\"@id\":\"https:\/\/epochtimestr.com\/index.php\/turkiye-isvecin-nato-uyeligine-destek-veriyor#primaryimage\"},\"thumbnailUrl\":\"https:\/\/epochtimestr.com\/wp-content\/uploads\/2011y\/Erdogan-Stoltenberg-BasinScreenshot.png\",\"datePublished\":\"2023-07-11T08:51:00+00:00\",\"dateModified\":\"2023-07-11T08:51:03+00:00\",\"inLanguage\":\"tr\",\"potentialAction\":[{\"@type\":\"ReadAction\",\"target\":[\"https:\/\/epochtimestr.com\/index.php\/turkiye-isvecin-nato-uyeligine-destek-veriyor\"]}]},{\"@type\":\"ImageObject\",\"inLanguage\":\"tr\",\"@id\":\"https:\/\/epochtimestr.com\/index.php\/turkiye-isvecin-nato-uyeligine-destek-veriyor#primaryimage\",\"url\":\"https:\/\/epochtimestr.com\/wp-content\/uploads\/2011y\/Erdogan-Stoltenberg-BasinScreenshot.png\",\"contentUrl\":\"https:\/\/epochtimestr.com\/wp-content\/uploads\/2011y\/Erdogan-Stoltenberg-BasinScreenshot.png\",\"width\":809,\"height\":591},{\"@type\":\"WebSite\",\"@id\":\"https:\/\/epochtimestr.com\/#website\",\"url\":\"https:\/\/epochtimestr.com\/\",\"name\":\"The Epoch Times TR\",\"description\":\"De\u011fi\u015fen D\u00fcnyam\u0131za Taze Bir Bak\u0131\u015f\",\"publisher\":{\"@id\":\"https:\/\/epochtimestr.com\/#organization\"},\"potentialAction\":[{\"@type\":\"SearchAction\",\"target\":{\"@type\":\"EntryPoint\",\"urlTemplate\":\"https:\/\/epochtimestr.com\/?s={search_term_string}\"},\"query-input\":\"required name=search_term_string\"}],\"inLanguage\":\"tr\"},{\"@type\":\"Organization\",\"@id\":\"https:\/\/epochtimestr.com\/#organization\",\"name\":\"The EpochTimes T\u00fcrkiye\",\"url\":\"https:\/\/epochtimestr.com\/\",\"logo\":{\"@type\":\"ImageObject\",\"inLanguage\":\"tr\",\"@id\":\"https:\/\/epochtimestr.com\/#\/schema\/logo\/image\/\",\"url\":\"https:\/\/epochtimestr.com\/wp-content\/uploads\/2011y\/ET-Logo-YG.jpg\",\"contentUrl\":\"https:\/\/epochtimestr.com\/wp-content\/uploads\/2011y\/ET-Logo-YG.jpg\",\"width\":346,\"height\":29,\"caption\":\"The EpochTimes T\u00fcrkiye\"},\"image\":{\"@id\":\"https:\/\/epochtimestr.com\/#\/schema\/logo\/image\/\"},\"sameAs\":[\"https:\/\/www.facebook.com\/theepochtimestr\",\"https:\/\/x.com\/TheEpochTimesTR\",\"https:\/\/www.instagram.com\/epochtimestr\"]},{\"@type\":\"Person\",\"@id\":\"https:\/\/epochtimestr.com\/#\/schema\/person\/3dc5c3adeb9f43923c5aa85889172fdd\",\"name\":\"Haber Merkezi\",\"image\":{\"@type\":\"ImageObject\",\"inLanguage\":\"tr\",\"@id\":\"https:\/\/epochtimestr.com\/#\/schema\/person\/image\/\",\"url\":\"https:\/\/secure.gravatar.com\/avatar\/d73f772ba5a74f28601361e17c2f93e6?s=96&d=mm&r=g\",\"contentUrl\":\"https:\/\/secure.gravatar.com\/avatar\/d73f772ba5a74f28601361e17c2f93e6?s=96&d=mm&r=g\",\"caption\":\"Haber Merkezi\"},\"url\":\"https:\/\/epochtimestr.com\/index.php\/author\/sendag\"}]}<\/script>\n<!-- \/ Yoast SEO plugin. -->","yoast_head_json":{"title":"T\u00fcrkiye \u0130sve\u00e7'in NATO \u00dcyeli\u011fine Destek Veriyor - The Epoch Times TR","robots":{"index":"index","follow":"follow","max-snippet":"max-snippet:-1","max-image-preview":"max-image-preview:large","max-video-preview":"max-video-preview:-1"},"canonical":"https:\/\/epochtimestr.com\/index.php\/turkiye-isvecin-nato-uyeligine-destek-veriyor","og_locale":"tr_TR","og_type":"article","og_title":"T\u00fcrkiye \u0130sve\u00e7'in NATO \u00dcyeli\u011fine Destek Veriyor - The Epoch Times TR","og_description":"NATO Liderler Zirvesi \u00f6ncesinde Erdo\u011fan ve \u0130sve\u00e7 Ba\u015fbakan\u0131 Kristersson&#8217;un bir araya gelmesinin ard\u0131ndan T\u00fcrkiye&#8217;nin \u0130sve\u00e7&#8217;in NATO \u00fcyeli\u011fine destek verece\u011fi karar\u0131 a\u00e7\u0131kland\u0131. T\u00fcrkiye, \u0130sve\u00e7 ve NATO aras\u0131ndaki \u00fc\u00e7l\u00fc g\u00f6r\u00fc\u015fmeden uzla\u015fma \u00e7\u0131kt\u0131. Cumhurba\u015fkan\u0131 Recep Tayyip Erdo\u011fan, \u0130sve\u00e7&#8217;in NATO&#8217;ya kat\u0131l\u0131m protok\u00fcl\u00fcn\u00fc T\u00fcrkiye B\u00fcy\u00fck Millet Meclisi&#8217;ne g\u00f6t\u00fcrme s\u00f6z\u00fc verdi. \u0130sve\u00e7 Ba\u015fbakan\u0131 Ulf Krissterson&#8217;da ter\u00f6r \u00f6rg\u00fctlerini desteklemeyece\u011fini ve vize serbestisi [&hellip;]","og_url":"https:\/\/epochtimestr.com\/index.php\/turkiye-isvecin-nato-uyeligine-destek-veriyor","og_site_name":"The Epoch Times TR","article_publisher":"https:\/\/www.facebook.com\/theepochtimestr","article_published_time":"2023-07-11T08:51:00+00:00","article_modified_time":"2023-07-11T08:51:03+00:00","og_image":[{"width":809,"height":591,"url":"https:\/\/epochtimestr.com\/wp-content\/uploads\/2011y\/Erdogan-Stoltenberg-BasinScreenshot.png","type":"image\/png"}],"author":"Haber Merkezi","twitter_card":"summary_large_image","twitter_creator":"@TheEpochTimesTR","twitter_site":"@TheEpochTimesTR","twitter_misc":{"Yazan:":"Haber Merkezi","Tahmini okuma s\u00fcresi":"5 dakika"},"schema":{"@context":"https:\/\/schema.org","@graph":[{"@type":"Article","@id":"https:\/\/epochtimestr.com\/index.php\/turkiye-isvecin-nato-uyeligine-destek-veriyor#article","isPartOf":{"@id":"https:\/\/epochtimestr.com\/index.php\/turkiye-isvecin-nato-uyeligine-destek-veriyor"},"author":{"name":"Haber Merkezi","@id":"https:\/\/epochtimestr.com\/#\/schema\/person\/3dc5c3adeb9f43923c5aa85889172fdd"},"headline":"T\u00fcrkiye \u0130sve\u00e7&#8217;in NATO \u00dcyeli\u011fine Destek Veriyor","datePublished":"2023-07-11T08:51:00+00:00","dateModified":"2023-07-11T08:51:03+00:00","mainEntityOfPage":{"@id":"https:\/\/epochtimestr.com\/index.php\/turkiye-isvecin-nato-uyeligine-destek-veriyor"},"wordCount":1174,"publisher":{"@id":"https:\/\/epochtimestr.com\/#organization"},"image":{"@id":"https:\/\/epochtimestr.com\/index.php\/turkiye-isvecin-nato-uyeligine-destek-veriyor#primaryimage"},"thumbnailUrl":"https:\/\/epochtimestr.com\/wp-content\/uploads\/2011y\/Erdogan-Stoltenberg-BasinScreenshot.png","articleSection":["D\u00dcNYA","G\u00dcNDEM","T\u00dcRK\u0130YE"],"inLanguage":"tr"},{"@type":"WebPage","@id":"https:\/\/epochtimestr.com\/index.php\/turkiye-isvecin-nato-uyeligine-destek-veriyor","url":"https:\/\/epochtimestr.com\/index.php\/turkiye-isvecin-nato-uyeligine-destek-veriyor","name":"T\u00fcrkiye \u0130sve\u00e7'in NATO \u00dcyeli\u011fine Destek Veriyor - The Epoch Times TR","isPartOf":{"@id":"https:\/\/epochtimestr.com\/#website"},"primaryImageOfPage":{"@id":"https:\/\/epochtimestr.com\/index.php\/turkiye-isvecin-nato-uyeligine-destek-veriyor#primaryimage"},"image":{"@id":"https:\/\/epochtimestr.com\/index.php\/turkiye-isvecin-nato-uyeligine-destek-veriyor#primaryimage"},"thumbnailUrl":"https:\/\/epochtimestr.com\/wp-content\/uploads\/2011y\/Erdogan-Stoltenberg-BasinScreenshot.png","datePublished":"2023-07-11T08:51:00+00:00","dateModified":"2023-07-11T08:51:03+00:00","inLanguage":"tr","potentialAction":[{"@type":"ReadAction","target":["https:\/\/epochtimestr.com\/index.php\/turkiye-isvecin-nato-uyeligine-destek-veriyor"]}]},{"@type":"ImageObject","inLanguage":"tr","@id":"https:\/\/epochtimestr.com\/index.php\/turkiye-isvecin-nato-uyeligine-destek-veriyor#primaryimage","url":"https:\/\/epochtimestr.com\/wp-content\/uploads\/2011y\/Erdogan-Stoltenberg-BasinScreenshot.png","contentUrl":"https:\/\/epochtimestr.com\/wp-content\/uploads\/2011y\/Erdogan-Stoltenberg-BasinScreenshot.png","width":809,"height":591},{"@type":"WebSite","@id":"https:\/\/epochtimestr.com\/#website","url":"https:\/\/epochtimestr.com\/","name":"The Epoch Times TR","description":"De\u011fi\u015fen D\u00fcnyam\u0131za Taze Bir Bak\u0131\u015f","publisher":{"@id":"https:\/\/epochtimestr.com\/#organization"},"potentialAction":[{"@type":"SearchAction","target":{"@type":"EntryPoint","urlTemplate":"https:\/\/epochtimestr.com\/?s={search_term_string}"},"query-input":"required name=search_term_string"}],"inLanguage":"tr"},{"@type":"Organization","@id":"https:\/\/epochtimestr.com\/#organization","name":"The EpochTimes T\u00fcrkiye","url":"https:\/\/epochtimestr.com\/","logo":{"@type":"ImageObject","inLanguage":"tr","@id":"https:\/\/epochtimestr.com\/#\/schema\/logo\/image\/","url":"https:\/\/epochtimestr.com\/wp-content\/uploads\/2011y\/ET-Logo-YG.jpg","contentUrl":"https:\/\/epochtimestr.com\/wp-content\/uploads\/2011y\/ET-Logo-YG.jpg","width":346,"height":29,"caption":"The EpochTimes T\u00fcrkiye"},"image":{"@id":"https:\/\/epochtimestr.com\/#\/schema\/logo\/image\/"},"sameAs":["https:\/\/www.facebook.com\/theepochtimestr","https:\/\/x.com\/TheEpochTimesTR","https:\/\/www.instagram.com\/epochtimestr"]},{"@type":"Person","@id":"https:\/\/epochtimestr.com\/#\/schema\/person\/3dc5c3adeb9f43923c5aa85889172fdd","name":"Haber Merkezi","image":{"@type":"ImageObject","inLanguage":"tr","@id":"https:\/\/epochtimestr.com\/#\/schema\/person\/image\/","url":"https:\/\/secure.gravatar.com\/avatar\/d73f772ba5a74f28601361e17c2f93e6?s=96&d=mm&r=g","contentUrl":"https:\/\/secure.gravatar.com\/avatar\/d73f772ba5a74f28601361e17c2f93e6?s=96&d=mm&r=g","caption":"Haber Merkezi"},"url":"https:\/\/epochtimestr.com\/index.php\/author\/sendag"}]}},"_links":{"self":[{"href":"https:\/\/epochtimestr.com\/index.php\/wp-json\/wp\/v2\/posts\/146352"}],"collection":[{"href":"https:\/\/epochtimestr.com\/index.php\/wp-json\/wp\/v2\/posts"}],"about":[{"href":"https:\/\/epochtimestr.com\/index.php\/wp-json\/wp\/v2\/types\/post"}],"author":[{"embeddable":true,"href":"https:\/\/epochtimestr.com\/index.php\/wp-json\/wp\/v2\/users\/12791"}],"replies":[{"embeddable":true,"href":"https:\/\/epochtimestr.com\/index.php\/wp-json\/wp\/v2\/comments?post=146352"}],"version-history":[{"count":1,"href":"https:\/\/epochtimestr.com\/index.php\/wp-json\/wp\/v2\/posts\/146352\/revisions"}],"predecessor-version":[{"id":146354,"href":"https:\/\/epochtimestr.com\/index.php\/wp-json\/wp\/v2\/posts\/146352\/revisions\/146354"}],"wp:featuredmedia":[{"embeddable":true,"href":"https:\/\/epochtimestr.com\/index.php\/wp-json\/wp\/v2\/media\/146353"}],"wp:attachment":[{"href":"https:\/\/epochtimestr.com\/index.php\/wp-json\/wp\/v2\/media?parent=146352"}],"wp:term":[{"taxonomy":"category","embeddable":true,"href":"https:\/\/epochtimestr.com\/index.php\/wp-json\/wp\/v2\/categories?post=146352"},{"taxonomy":"post_tag","embeddable":true,"href":"https:\/\/epochtimestr.com\/index.php\/wp-json\/wp\/v2\/tags?post=146352"}],"curies":[{"name":"wp","href":"https:\/\/api.w.org\/{rel}","templated":true}]}}