{"id":146359,"date":"2023-07-11T19:45:38","date_gmt":"2023-07-11T16:45:38","guid":{"rendered":"https:\/\/epochtimestr.com\/?p=146359"},"modified":"2023-07-11T19:56:55","modified_gmt":"2023-07-11T16:56:55","slug":"ayaklanma-girisiminin-ardindan-batililar-putinin-gucunu-sorguluyor","status":"publish","type":"post","link":"https:\/\/epochtimestr.com\/index.php\/ayaklanma-girisiminin-ardindan-batililar-putinin-gucunu-sorguluyor","title":{"rendered":"Ayaklanma Giri\u015fiminin Ard\u0131ndan Bat\u0131l\u0131lar Putin\u2019in G\u00fcc\u00fcn\u00fc Sorguluyor"},"content":{"rendered":"<div class=\"wp-block-image\">\n<figure class=\"aligncenter size-full\"><img loading=\"lazy\" decoding=\"async\" width=\"1880\" height=\"1160\" src=\"https:\/\/epochtimestr.com\/wp-content\/uploads\/2011y\/Vladimir_Putin_in_Ryazan_Oblast_2022-10-20_01.jpg\" alt=\"\" class=\"wp-image-146360\" srcset=\"https:\/\/epochtimestr.com\/wp-content\/uploads\/2011y\/Vladimir_Putin_in_Ryazan_Oblast_2022-10-20_01.jpg 1880w, https:\/\/epochtimestr.com\/wp-content\/uploads\/2011y\/Vladimir_Putin_in_Ryazan_Oblast_2022-10-20_01-300x185.jpg 300w, https:\/\/epochtimestr.com\/wp-content\/uploads\/2011y\/Vladimir_Putin_in_Ryazan_Oblast_2022-10-20_01-150x93.jpg 150w, https:\/\/epochtimestr.com\/wp-content\/uploads\/2011y\/Vladimir_Putin_in_Ryazan_Oblast_2022-10-20_01-768x474.jpg 768w, https:\/\/epochtimestr.com\/wp-content\/uploads\/2011y\/Vladimir_Putin_in_Ryazan_Oblast_2022-10-20_01-1536x948.jpg 1536w\" sizes=\"(max-width: 1880px) 100vw, 1880px\" \/><figcaption class=\"wp-element-caption\">Rus Federasyonu Devlet Ba\u015fkan\u0131 Putin ve Savunma Bakan\u0131 Sergei Shoigu, 20 Ekim 2022\u2019de Rus subaylarla (Foto\u011fraf: Kremlin.ru, Wikimedia Commons)<\/figcaption><\/figure><\/div>\n\n\n<p>Rusya\u2019daki Wagner isyan giri\u015fiminin ard\u0131ndan Bat\u0131\u2019da, Putin\u2019in \u00fclke \u00fczerindeki kontrol\u00fcn\u00fcn \u00f6nemli \u00f6l\u00e7\u00fcde azald\u0131\u011f\u0131na dair yayg\u0131n bir inan\u00e7 var. Analistler, Putin sonras\u0131 bir Rusya\u2019da do\u011fabilecek potansiyel kaosa ve risklere kendilerini haz\u0131rlamalar\u0131 konusunda Bat\u0131l\u0131 politikac\u0131lar\u0131 uyard\u0131.<\/p>\n\n\n\n<p>24 Haziran hafta sonu Rusya\u2019da, Wagner \u00f6zel askeri grubunun lideri Yevgeny Prigozhin taraf\u0131ndan d\u00fczenlenen k\u0131sa s\u00fcreli isyan, Putin\u2019in Rusya \u00fczerindeki h\u00e2kimiyetinin zay\u0131flam\u0131\u015f oldu\u011funu ortaya \u00e7\u0131kard\u0131. ABD Ba\u015fkan\u0131 Joe Biden <a href=\"https:\/\/www.youtube.com\/watch?v=t8e_v56lMSU\" target=\"_blank\" rel=\"noreferrer noopener\">28 Haziran\u2019da<\/a>, isyan giri\u015fiminin Putin\u2019in g\u00fcc\u00fcn\u00fc zay\u0131flatt\u0131\u011f\u0131na inand\u0131\u011f\u0131n\u0131 ifade etti. Ancak Beyaz Saray\u2019daki muhabirler taraf\u0131ndan soruldu\u011funda Biden, Putin\u2019in g\u00fcc\u00fcn\u00fcn ne \u00f6l\u00e7\u00fcde sars\u0131ld\u0131\u011f\u0131n\u0131 \u201cs\u00f6ylemenin zor\u201d oldu\u011funu kabul etti.<\/p>\n\n\n\n<p>\u0130ngiltere Avam Kamaras\u0131 Savunma Komitesi Ba\u015fkan\u0131 Tobias Ellwood, 26 Haziran\u2019da The Express\u2019e yapt\u0131\u011f\u0131 <a href=\"https:\/\/www.express.co.uk\/news\/politics\/1784445\/vladimir-putin-russia-collapse\" target=\"_blank\" rel=\"noreferrer noopener\">a\u00e7\u0131klamada<\/a> bu durumu Putin i\u00e7in \u201ctehlikeli bir rol de\u011fi\u015fimi\u201d olarak g\u00f6rd\u00fc\u011f\u00fcn\u00fc belirtti ve&nbsp; Putin\u2019in art\u0131k g\u00fcnlerinin say\u0131l\u0131 oldu\u011funu s\u00f6yledi. Ellwood\u2019a g\u00f6re, \u201cBir Rus lider, darbeyi kontrol alt\u0131na almak i\u00e7in darbe liderini do\u011frudan devirmek yerine ona s\u00fcrg\u00fcnde bir yer teklif etmek&nbsp; zorunda kalm\u0131\u015fsa, o zaman Kremlin\u2019in g\u00fcc\u00fcn\u00fcn giderek t\u00fckendi\u011fi a\u00e7\u0131kt\u0131r.\u201d<\/p>\n\n\n\n<p>AB D\u0131\u015fi\u015fleri Y\u00fcksek Temsilcisi Josep Borrell de <a href=\"https:\/\/www.kyivpost.com\/post\/18754\" target=\"_blank\" rel=\"noreferrer noopener\">26 Haziran\u2019da<\/a> AB D\u0131\u015fi\u015fleri Bakanlar\u0131 Zirvesi&nbsp; s\u0131ras\u0131nda, Wagner olay\u0131n\u0131n ard\u0131ndan Rusya\u2019n\u0131n istikrars\u0131zl\u0131\u011fa d\u00fc\u015fme tehlikesine vurgu yaparak uyar\u0131da bulundu.&nbsp; Bu istikrars\u0131zl\u0131k sadece Rusya\u2019n\u0131n askeri g\u00fcc\u00fcn\u00fc zay\u0131flatmakla kalm\u0131yor, ayn\u0131 zamanda siyasi sistemini de etkiliyor. Borrell\u2019in bak\u0131\u015f a\u00e7\u0131s\u0131n\u0131, L\u00fcksemburg toplant\u0131s\u0131nda haz\u0131r bulunan Almanya, Avusturya ve L\u00fcksemburg d\u0131\u015fi\u015fleri bakanlar\u0131 da destekledi.&nbsp;<\/p>\n\n\n\n<p>Eski \u0130ngiltere Ba\u015fbakan\u0131 Liz Truss da ayn\u0131 g\u00fcn bir parlamento konu\u015fmas\u0131 s\u0131ras\u0131nda Rusya\u2019n\u0131n \u00e7\u00f6kmesine de\u011finerek, \u201cBiz ve Ukraynal\u0131lar, Polonyal\u0131lar ve Balt\u0131k \u00fclkeleri d\u00e2hil m\u00fcttefiklerimiz &#8211; Rusya\u2019n\u0131n \u00e7\u00f6kmesi ihtimaline kar\u015f\u0131 bir plan\u0131m\u0131z oldu\u011fundan emin olmal\u0131y\u0131z\u201d dedi.&nbsp;<\/p>\n\n\n\n<h3 class=\"wp-block-heading\"><strong>Rusya Par\u00e7alanma Olas\u0131l\u0131\u011f\u0131yla Kar\u015f\u0131 Kar\u015f\u0131ya<\/strong><\/h3>\n\n\n\n<p>Bir Frans\u0131z d\u00fc\u015f\u00fcnce kurulu\u015fu olan Montaigne Enstit\u00fcs\u00fc 20 Mart\u2019ta, askeri bir ba\u015far\u0131s\u0131zl\u0131\u011f\u0131n Putin\u2019in son yirmi y\u0131ld\u0131r y\u00fcr\u00fcrl\u00fckte olan g\u00fc\u00e7 sistemi \u00fczerindeki olas\u0131 sonu\u00e7lar\u0131n\u0131 analiz eden bir <a href=\"https:\/\/www.institutmontaigne.org\/en\/expressions\/after-fall-must-we-prepare-breakup-russia\" target=\"_blank\" rel=\"noreferrer noopener\">rapor<\/a> yay\u0131nlad\u0131. Rapor, Rusya\u2019n\u0131n siyasi g\u00f6r\u00fcn\u00fcm\u00fcnde ciddi aksamalar olabilece\u011fine dikkat \u00e7ekiyor. Ayr\u0131ca askeri g\u00fc\u00e7ler, istihbarat te\u015fkilatlar\u0131, Ulusal Muhaf\u0131zlar ve paramiliter \u00f6rg\u00fctler aras\u0131nda b\u00fcy\u00fck \u00e7apl\u0131 \u00e7at\u0131\u015fma riski artarken, \u00fclkenin ekonomik durumu da giderek zorla\u015fabilir.<\/p>\n\n\n\n<p>Rusya, 89 federasyondan olu\u015fuyor ve bunlar\u0131n 21\u2019i Slav olmayan \u00f6zerk cumhuriyet. Raporda t\u00fcm Rus vatanda\u015flar\u0131n\u0131n etnik olarak Rus olmad\u0131\u011f\u0131 ve etnik Ruslar\u0131n oran\u0131n\u0131n (\u015fu anda %80) d\u00fc\u015f\u00fc\u015fte oldu\u011fu vurgulan\u0131yor. Merkezi h\u00fck\u00fcmet kontrol\u00fc kaybederse, federasyondan ayr\u0131lmay\u0131 d\u00fc\u015f\u00fcnecek ilk b\u00f6lgeler, bu sava\u015fta en a\u011f\u0131r kay\u0131plar\u0131 veren s\u0131n\u0131r b\u00f6lgeleri ve Rus etnik n\u00fcfusunun azald\u0131\u011f\u0131 yoksul b\u00f6lgeler olacakt\u0131r. Milliyet\u00e7i emellerle dolu bir ge\u00e7mi\u015fe sahip olan, refah i\u00e7indeki di\u011fer b\u00f6lgeler, \u00f6zellikle Volga Nehri b\u00f6lgesindeki iki cumhuriyet -Tataristan ve Ba\u015fk\u00fcrdistan- i\u00e7in de endi\u015feler var.<\/p>\n\n\n\n<p>Raporda, Rusya\u2019n\u0131n co\u011frafi, ekonomik, sosyal ve b\u00f6lgesel olarak birbirinden ayr\u0131lm\u0131\u015f, birka\u00e7 geli\u015fmi\u015f \u015fehri, k\u00fc\u00e7\u00fck idari birimleri ve i\u00e7 kesimlerinde geni\u015f, fakir ve birbiriyle ba\u011flant\u0131s\u0131z b\u00f6lgeleri olan bir \u00fclke oldu\u011fu \u00f6ne s\u00fcr\u00fcl\u00fcyor. Sonu\u00e7 olarak, ya\u015fanacak herhangi bir par\u00e7alanma, kaosa, uzun s\u00fcreli etkilere, \u00e7at\u0131\u015fmalara ve \u015fiddet olaylar\u0131nda art\u0131\u015f\u0131na neden olabilir. Bu durum, federal birimlerin baz\u0131lar\u0131n\u0131n tamamen da\u011f\u0131lmas\u0131na, baz\u0131lar\u0131n\u0131n da yeni federasyonlar olu\u015fturmak \u00fczere birle\u015fmesine yol a\u00e7abilir.<\/p>\n\n\n\n<h3 class=\"wp-block-heading\"><strong>Rusya\u2019da N\u00fckleer Silah Riskleri<\/strong><\/h3>\n\n\n\n<p>26 Haziran\u2019da Foreign Policy dergisinde yay\u0131nlanan <a href=\"https:\/\/foreignpolicy.com\/2023\/06\/26\/russia-putin-wagner-prigozhin-rebellion-mutiny-collapse-disintegration-civil-war-chaos\/\" target=\"_blank\" rel=\"noreferrer noopener\">bir yaz\u0131da<\/a>, Washington\u2019\u0131n Rusya\u2019daki potansiyel bir kaosa haz\u0131rl\u0131kl\u0131 olmas\u0131 gerekti\u011fi, en zorlay\u0131c\u0131 y\u00f6n\u00fcn Rusya\u2019n\u0131n n\u00fckleer silah stokunu korumak i\u00e7in uluslararas\u0131 tepkileri koordine etmek oldu\u011fu belirtildi.<\/p>\n\n\n\n<p><a href=\"https:\/\/www.hudson.org\/national-security-defense\/washington-needs-get-ready-russian-chaos-luke-coffey-wagner\" target=\"_blank\" rel=\"noreferrer noopener\">Makalede<\/a>, Rusya\u2019n\u0131n d\u00fcnya \u00e7ap\u0131nda en b\u00fcy\u00fck n\u00fckleer silah sto\u011funa ve \u00e7ok say\u0131da biyolojik silah projesine sahip oldu\u011funun alt\u0131n\u0131 \u00e7iziliyor. Bu silahlar\u0131n yetkisiz bir \u015fekilde ele ge\u00e7irilmesi feci bir risk te\u015fkil edecektir. Bu konuyu kontrol alt\u0131na almak i\u00e7in, b\u00f6lge genelindeki s\u0131n\u0131r ge\u00e7i\u015flerinde tarama kapasitelerinin art\u0131r\u0131lmas\u0131na yat\u0131r\u0131m yap\u0131lmas\u0131 \u00f6neriliyor. Bunlara ek olarak ABD\u2019nin, bu silahlara eri\u015fim sa\u011flayabilecek Rus g\u00fc\u00e7 simsarlar\u0131yla, ko\u015fullara ba\u011fl\u0131 olarak pratik anla\u015fmalar m\u00fczakere etmeye haz\u0131r olmas\u0131 gerekti\u011fi belirtiliyor.<\/p>\n\n\n\n<p>Bununla birlikte, Fransa Montaigne Enstit\u00fcs\u00fc taraf\u0131ndan ge\u00e7en Mart ay\u0131nda yay\u0131nlanan raporda, Rusya\u2019n\u0131n par\u00e7alanmas\u0131ndan kaynaklanan n\u00fckleer silah riskinin Sovyetler Birli\u011fi\u2019nin da\u011f\u0131lmas\u0131 s\u0131ras\u0131ndaki kadar \u015fiddetli olmayabilece\u011fi savunuluyor. O olay s\u0131ras\u0131nda Rusya, \u00fclke d\u0131\u015f\u0131na yakla\u015f\u0131k 7.000 silah konu\u015fland\u0131rm\u0131\u015ft\u0131. \u015eu anda, deniz \u00fcsleri d\u0131\u015f\u0131nda, Rusya\u2019n\u0131n n\u00fckleer kapasitesinin \u00e7o\u011fu federasyonun orta ve g\u00fcney k\u0131s\u0131mlar\u0131nda ve merkezi h\u00fck\u00fcmet taraf\u0131ndan s\u0131k\u0131 bir \u015fekilde kontrol edilen ana ula\u015f\u0131m yollar\u0131nda bulunuyor (ancak \u00f6nemli bir y\u0131k\u0131m durumunda, s\u0131n\u0131ra yak\u0131nl\u0131k risk olu\u015fturacakt\u0131r).<\/p>\n\n\n\n<h3 class=\"wp-block-heading\"><strong>Putin Sonras\u0131 Rusya ile Ba\u015fa \u00c7\u0131kmak<\/strong><\/h3>\n\n\n\n<p>Washington\u2019daki Jamestown Vakf\u0131\u2019nda k\u0131demli bir ara\u015ft\u0131rmac\u0131 olan Janusz Bugajski, Putin sonras\u0131 Rusya ile ilgili olarak Bat\u0131 i\u00e7in en etkili bir yakla\u015f\u0131m\u0131n, Putin\u2019in d\u00fc\u015fmesinin ard\u0131ndan siyasi sonu\u00e7 ne olursa olsun, Rusya ile i\u015fbirli\u011fi yapma isteklerini a\u00e7\u0131k\u00e7a ifade etmek olaca\u011f\u0131n\u0131 \u00f6ne s\u00fcr\u00fcyor. Bu yakla\u015f\u0131ma g\u00f6re, \u00e7e\u015fitlili\u011fin, demokrasinin, federalizmin, medeni haklar ile \u00e7e\u015fitli cumhuriyetlerin ve b\u00f6lgelerin \u00f6zerkli\u011finin resmi olarak desteklenmesi gerekiyor. Ayr\u0131ca, Rus vatanda\u015flar\u0131na k\u00fcresel bir d\u0131\u015flanma ile kar\u015f\u0131 kar\u015f\u0131ya kalmayacaklar\u0131na dair g\u00fcvence verilmesi de gerekiyor.<\/p>\n\n\n\n<p>Capital Normal \u00dcniversitesi\u2019nde eski bir do\u00e7ent olan Li Yuanhua, 1 Temmuz\u2019da The Epoch Times\u2019a yapt\u0131\u011f\u0131 a\u00e7\u0131klamada Rusya\u2019n\u0131n mevcut eylemlerinin, kom\u00fcnizmin kal\u0131nt\u0131lar\u0131n\u0131 tamamen ortadan kald\u0131rmadaki ba\u015far\u0131s\u0131zl\u0131\u011f\u0131n\u0131n tezah\u00fcr\u00fc oldu\u011funu s\u00f6yledi. Rusya, Bat\u0131\u2019y\u0131 hayali bir d\u00fc\u015fman olarak g\u00f6stererek, kendisini \u00f6zg\u00fcr d\u00fcnya ve evrensel de\u011ferler kar\u015f\u0131s\u0131nda konumland\u0131rmakta ve b\u00f6ylece jeopolitik konumunu sa\u011flamla\u015ft\u0131rmaktad\u0131r. Rusya ile ilgili konular\u0131 de\u011ferlendirirken evrensel de\u011ferler ve kom\u00fcnist kal\u0131nt\u0131lar\u0131n ortadan kald\u0131r\u0131lmas\u0131 ihtiyac\u0131n\u0131 g\u00f6z \u00f6n\u00fcnde tutmak, k\u00fcresel bar\u0131\u015f ve istikrara katk\u0131da bulunacakt\u0131r.<\/p>\n\n\n\n<p>Yuanhua ayr\u0131ca Rusya\u2019n\u0131n par\u00e7alanmas\u0131n\u0131n \u00c7in Kom\u00fcnist Partisinin (\u00c7KP) d\u00fc\u015f\u00fc\u015f\u00fcn\u00fc de h\u0131zland\u0131rabilece\u011finden bahsetti. Rusya\u2019n\u0131n Ukrayna\u2019daki sava\u015f\u0131 k\u00f6r\u00fcklemesinden bu yana, bir\u00e7ok Bat\u0131l\u0131 \u00fclkenin toplu olarak Rusya\u2019y\u0131 frenlemeye \u00e7al\u0131\u015ft\u0131\u011f\u0131n\u0131 ve b\u00f6ylece dikkatlerin \u00c7KP\u2019ye kar\u015f\u0131 koymaktan ba\u015fka y\u00f6ne \u00e7evrildi\u011fini belirtti. \u00c7KP, Rusya\u2019n\u0131n Bat\u0131 toplumuyla y\u00fczle\u015fmeye devam etmesini veya Bat\u0131\u2019n\u0131n dikkatini \u00c7in\u2019den uzakla\u015ft\u0131rmas\u0131n\u0131 arzulayarak, gizlice Rusya\u2019y\u0131 desteklemektedir.<\/p>\n\n\n\n<p>Yuanhua, bir bariyer g\u00f6revi g\u00f6ren Rusya \u00e7\u00f6kerse, \u00f6zg\u00fcr d\u00fcnyan\u0131n \u00c7KP\u2019yi ku\u015fatmak i\u00e7in daha fazla kaynak ay\u0131rabilece\u011fini vurgulad\u0131. Bu senaryo \u00c7KP ile ilgilidir \u00e7\u00fcnk\u00fc adalet \u00e7a\u011fr\u0131lar\u0131 \u00c7KP\u2019nin par\u00e7alanmas\u0131n\u0131 h\u0131zland\u0131rabilir ve tamamen \u00e7\u00f6kmesine yol a\u00e7abilir.<\/p>\n\n\n\n<p><em>Muhabir Kane Zhang bu makaleye katk\u0131da bulundu.<\/em><\/p>\n\n\n\n<p><strong>Yazan: <\/strong>Anne Zhang, The Epoch Times <br \/><strong>\u00c7eviren:<\/strong> Hatice Atmaca, The Epoch Times T\u00fcrkiye<\/p>\n","protected":false},"excerpt":{"rendered":"<p>Rusya\u2019daki Wagner isyan giri\u015fiminin ard\u0131ndan Bat\u0131\u2019da, Putin\u2019in \u00fclke \u00fczerindeki kontrol\u00fcn\u00fcn \u00f6nemli \u00f6l\u00e7\u00fcde azald\u0131\u011f\u0131na dair yayg\u0131n bir inan\u00e7 var. Analistler, Putin sonras\u0131 bir Rusya\u2019da do\u011fabilecek potansiyel kaosa ve risklere kendilerini haz\u0131rlamalar\u0131 konusunda Bat\u0131l\u0131 politikac\u0131lar\u0131 uyard\u0131. 24 Haziran hafta sonu Rusya\u2019da, Wagner \u00f6zel askeri grubunun lideri Yevgeny Prigozhin taraf\u0131ndan d\u00fczenlenen k\u0131sa s\u00fcreli isyan, Putin\u2019in Rusya \u00fczerindeki h\u00e2kimiyetinin [&hellip;]<\/p>\n","protected":false},"author":12379,"featured_media":146360,"comment_status":"closed","ping_status":"open","sticky":false,"template":"","format":"standard","meta":{"_yoast_wpseo_focuskw":"","_yoast_wpseo_title":"","_yoast_wpseo_metadesc":"","_bbp_topic_count":0,"_bbp_reply_count":0,"_bbp_total_topic_count":0,"_bbp_total_reply_count":0,"_bbp_voice_count":0,"_bbp_anonymous_reply_count":0,"_bbp_topic_count_hidden":0,"_bbp_reply_count_hidden":0,"_bbp_forum_subforum_count":0,"footnotes":"","_yoast_wpseo_focuskw_text_input":""},"categories":[5,519,8138],"tags":[3871,265,8257],"yoast_head":"<!-- This site is optimized with the Yoast SEO plugin v23.0 - https:\/\/yoast.com\/wordpress\/plugins\/seo\/ -->\n<title>Ayaklanma Giri\u015fiminin Ard\u0131ndan Bat\u0131l\u0131lar Putin\u2019in G\u00fcc\u00fcn\u00fc Sorguluyor - The Epoch Times TR<\/title>\n<meta name=\"robots\" content=\"index, follow, max-snippet:-1, max-image-preview:large, max-video-preview:-1\" \/>\n<link rel=\"canonical\" href=\"https:\/\/epochtimestr.com\/index.php\/ayaklanma-girisiminin-ardindan-batililar-putinin-gucunu-sorguluyor\" \/>\n<meta property=\"og:locale\" content=\"tr_TR\" \/>\n<meta property=\"og:type\" content=\"article\" \/>\n<meta property=\"og:title\" content=\"Ayaklanma Giri\u015fiminin Ard\u0131ndan Bat\u0131l\u0131lar Putin\u2019in G\u00fcc\u00fcn\u00fc Sorguluyor - The Epoch Times TR\" \/>\n<meta property=\"og:description\" content=\"Rusya\u2019daki Wagner isyan giri\u015fiminin ard\u0131ndan Bat\u0131\u2019da, Putin\u2019in \u00fclke \u00fczerindeki kontrol\u00fcn\u00fcn \u00f6nemli \u00f6l\u00e7\u00fcde azald\u0131\u011f\u0131na dair yayg\u0131n bir inan\u00e7 var. Analistler, Putin sonras\u0131 bir Rusya\u2019da do\u011fabilecek potansiyel kaosa ve risklere kendilerini haz\u0131rlamalar\u0131 konusunda Bat\u0131l\u0131 politikac\u0131lar\u0131 uyard\u0131. 24 Haziran hafta sonu Rusya\u2019da, Wagner \u00f6zel askeri grubunun lideri Yevgeny Prigozhin taraf\u0131ndan d\u00fczenlenen k\u0131sa s\u00fcreli isyan, Putin\u2019in Rusya \u00fczerindeki h\u00e2kimiyetinin [&hellip;]\" \/>\n<meta property=\"og:url\" content=\"https:\/\/epochtimestr.com\/index.php\/ayaklanma-girisiminin-ardindan-batililar-putinin-gucunu-sorguluyor\" \/>\n<meta property=\"og:site_name\" content=\"The Epoch Times TR\" \/>\n<meta property=\"article:publisher\" content=\"https:\/\/www.facebook.com\/theepochtimestr\" \/>\n<meta property=\"article:published_time\" content=\"2023-07-11T16:45:38+00:00\" \/>\n<meta property=\"article:modified_time\" content=\"2023-07-11T16:56:55+00:00\" \/>\n<meta property=\"og:image\" content=\"https:\/\/epochtimestr.com\/wp-content\/uploads\/2011y\/Vladimir_Putin_in_Ryazan_Oblast_2022-10-20_01.jpg\" \/>\n\t<meta property=\"og:image:width\" content=\"1880\" \/>\n\t<meta property=\"og:image:height\" content=\"1160\" \/>\n\t<meta property=\"og:image:type\" content=\"image\/jpeg\" \/>\n<meta name=\"author\" content=\"Hatice Atmaca\" \/>\n<meta name=\"twitter:card\" content=\"summary_large_image\" \/>\n<meta name=\"twitter:creator\" content=\"@TheEpochTimesTR\" \/>\n<meta name=\"twitter:site\" content=\"@TheEpochTimesTR\" \/>\n<meta name=\"twitter:label1\" content=\"Yazan:\" \/>\n\t<meta name=\"twitter:data1\" content=\"Hatice Atmaca\" \/>\n\t<meta name=\"twitter:label2\" content=\"Tahmini okuma s\u00fcresi\" \/>\n\t<meta name=\"twitter:data2\" content=\"6 dakika\" \/>\n<script type=\"application\/ld+json\" class=\"yoast-schema-graph\">{\"@context\":\"https:\/\/schema.org\",\"@graph\":[{\"@type\":\"Article\",\"@id\":\"https:\/\/epochtimestr.com\/index.php\/ayaklanma-girisiminin-ardindan-batililar-putinin-gucunu-sorguluyor#article\",\"isPartOf\":{\"@id\":\"https:\/\/epochtimestr.com\/index.php\/ayaklanma-girisiminin-ardindan-batililar-putinin-gucunu-sorguluyor\"},\"author\":{\"name\":\"Hatice Atmaca\",\"@id\":\"https:\/\/epochtimestr.com\/#\/schema\/person\/a515b4166e91977b7e9f483ceb142459\"},\"headline\":\"Ayaklanma Giri\u015fiminin Ard\u0131ndan Bat\u0131l\u0131lar Putin\u2019in G\u00fcc\u00fcn\u00fc Sorguluyor\",\"datePublished\":\"2023-07-11T16:45:38+00:00\",\"dateModified\":\"2023-07-11T16:56:55+00:00\",\"mainEntityOfPage\":{\"@id\":\"https:\/\/epochtimestr.com\/index.php\/ayaklanma-girisiminin-ardindan-batililar-putinin-gucunu-sorguluyor\"},\"wordCount\":1386,\"publisher\":{\"@id\":\"https:\/\/epochtimestr.com\/#organization\"},\"image\":{\"@id\":\"https:\/\/epochtimestr.com\/index.php\/ayaklanma-girisiminin-ardindan-batililar-putinin-gucunu-sorguluyor#primaryimage\"},\"thumbnailUrl\":\"https:\/\/epochtimestr.com\/wp-content\/uploads\/2011y\/Vladimir_Putin_in_Ryazan_Oblast_2022-10-20_01.jpg\",\"keywords\":[\"Putin\",\"rusya\",\"Wagner Ayaklanmas\u0131\"],\"articleSection\":[\"D\u00dcNYA\",\"ED\u0130T\u00d6R\u00dcN SE\u00c7\u0130M\u0130\",\"MAN\u015eET\"],\"inLanguage\":\"tr\"},{\"@type\":\"WebPage\",\"@id\":\"https:\/\/epochtimestr.com\/index.php\/ayaklanma-girisiminin-ardindan-batililar-putinin-gucunu-sorguluyor\",\"url\":\"https:\/\/epochtimestr.com\/index.php\/ayaklanma-girisiminin-ardindan-batililar-putinin-gucunu-sorguluyor\",\"name\":\"Ayaklanma Giri\u015fiminin Ard\u0131ndan Bat\u0131l\u0131lar Putin\u2019in G\u00fcc\u00fcn\u00fc Sorguluyor - The Epoch Times TR\",\"isPartOf\":{\"@id\":\"https:\/\/epochtimestr.com\/#website\"},\"primaryImageOfPage\":{\"@id\":\"https:\/\/epochtimestr.com\/index.php\/ayaklanma-girisiminin-ardindan-batililar-putinin-gucunu-sorguluyor#primaryimage\"},\"image\":{\"@id\":\"https:\/\/epochtimestr.com\/index.php\/ayaklanma-girisiminin-ardindan-batililar-putinin-gucunu-sorguluyor#primaryimage\"},\"thumbnailUrl\":\"https:\/\/epochtimestr.com\/wp-content\/uploads\/2011y\/Vladimir_Putin_in_Ryazan_Oblast_2022-10-20_01.jpg\",\"datePublished\":\"2023-07-11T16:45:38+00:00\",\"dateModified\":\"2023-07-11T16:56:55+00:00\",\"inLanguage\":\"tr\",\"potentialAction\":[{\"@type\":\"ReadAction\",\"target\":[\"https:\/\/epochtimestr.com\/index.php\/ayaklanma-girisiminin-ardindan-batililar-putinin-gucunu-sorguluyor\"]}]},{\"@type\":\"ImageObject\",\"inLanguage\":\"tr\",\"@id\":\"https:\/\/epochtimestr.com\/index.php\/ayaklanma-girisiminin-ardindan-batililar-putinin-gucunu-sorguluyor#primaryimage\",\"url\":\"https:\/\/epochtimestr.com\/wp-content\/uploads\/2011y\/Vladimir_Putin_in_Ryazan_Oblast_2022-10-20_01.jpg\",\"contentUrl\":\"https:\/\/epochtimestr.com\/wp-content\/uploads\/2011y\/Vladimir_Putin_in_Ryazan_Oblast_2022-10-20_01.jpg\",\"width\":1880,\"height\":1160},{\"@type\":\"WebSite\",\"@id\":\"https:\/\/epochtimestr.com\/#website\",\"url\":\"https:\/\/epochtimestr.com\/\",\"name\":\"The Epoch Times TR\",\"description\":\"De\u011fi\u015fen D\u00fcnyam\u0131za Taze Bir Bak\u0131\u015f\",\"publisher\":{\"@id\":\"https:\/\/epochtimestr.com\/#organization\"},\"potentialAction\":[{\"@type\":\"SearchAction\",\"target\":{\"@type\":\"EntryPoint\",\"urlTemplate\":\"https:\/\/epochtimestr.com\/?s={search_term_string}\"},\"query-input\":\"required name=search_term_string\"}],\"inLanguage\":\"tr\"},{\"@type\":\"Organization\",\"@id\":\"https:\/\/epochtimestr.com\/#organization\",\"name\":\"The EpochTimes T\u00fcrkiye\",\"url\":\"https:\/\/epochtimestr.com\/\",\"logo\":{\"@type\":\"ImageObject\",\"inLanguage\":\"tr\",\"@id\":\"https:\/\/epochtimestr.com\/#\/schema\/logo\/image\/\",\"url\":\"https:\/\/epochtimestr.com\/wp-content\/uploads\/2011y\/ET-Logo-YG.jpg\",\"contentUrl\":\"https:\/\/epochtimestr.com\/wp-content\/uploads\/2011y\/ET-Logo-YG.jpg\",\"width\":346,\"height\":29,\"caption\":\"The EpochTimes T\u00fcrkiye\"},\"image\":{\"@id\":\"https:\/\/epochtimestr.com\/#\/schema\/logo\/image\/\"},\"sameAs\":[\"https:\/\/www.facebook.com\/theepochtimestr\",\"https:\/\/x.com\/TheEpochTimesTR\",\"https:\/\/www.instagram.com\/epochtimestr\"]},{\"@type\":\"Person\",\"@id\":\"https:\/\/epochtimestr.com\/#\/schema\/person\/a515b4166e91977b7e9f483ceb142459\",\"name\":\"Hatice Atmaca\",\"image\":{\"@type\":\"ImageObject\",\"inLanguage\":\"tr\",\"@id\":\"https:\/\/epochtimestr.com\/#\/schema\/person\/image\/\",\"url\":\"https:\/\/secure.gravatar.com\/avatar\/dd49aabd0aeaecbc0ecbce954119ae42?s=96&d=mm&r=g\",\"contentUrl\":\"https:\/\/secure.gravatar.com\/avatar\/dd49aabd0aeaecbc0ecbce954119ae42?s=96&d=mm&r=g\",\"caption\":\"Hatice Atmaca\"},\"url\":\"https:\/\/epochtimestr.com\/index.php\/author\/hatice\"}]}<\/script>\n<!-- \/ Yoast SEO plugin. -->","yoast_head_json":{"title":"Ayaklanma Giri\u015fiminin Ard\u0131ndan Bat\u0131l\u0131lar Putin\u2019in G\u00fcc\u00fcn\u00fc Sorguluyor - The Epoch Times TR","robots":{"index":"index","follow":"follow","max-snippet":"max-snippet:-1","max-image-preview":"max-image-preview:large","max-video-preview":"max-video-preview:-1"},"canonical":"https:\/\/epochtimestr.com\/index.php\/ayaklanma-girisiminin-ardindan-batililar-putinin-gucunu-sorguluyor","og_locale":"tr_TR","og_type":"article","og_title":"Ayaklanma Giri\u015fiminin Ard\u0131ndan Bat\u0131l\u0131lar Putin\u2019in G\u00fcc\u00fcn\u00fc Sorguluyor - The Epoch Times TR","og_description":"Rusya\u2019daki Wagner isyan giri\u015fiminin ard\u0131ndan Bat\u0131\u2019da, Putin\u2019in \u00fclke \u00fczerindeki kontrol\u00fcn\u00fcn \u00f6nemli \u00f6l\u00e7\u00fcde azald\u0131\u011f\u0131na dair yayg\u0131n bir inan\u00e7 var. Analistler, Putin sonras\u0131 bir Rusya\u2019da do\u011fabilecek potansiyel kaosa ve risklere kendilerini haz\u0131rlamalar\u0131 konusunda Bat\u0131l\u0131 politikac\u0131lar\u0131 uyard\u0131. 24 Haziran hafta sonu Rusya\u2019da, Wagner \u00f6zel askeri grubunun lideri Yevgeny Prigozhin taraf\u0131ndan d\u00fczenlenen k\u0131sa s\u00fcreli isyan, Putin\u2019in Rusya \u00fczerindeki h\u00e2kimiyetinin [&hellip;]","og_url":"https:\/\/epochtimestr.com\/index.php\/ayaklanma-girisiminin-ardindan-batililar-putinin-gucunu-sorguluyor","og_site_name":"The Epoch Times TR","article_publisher":"https:\/\/www.facebook.com\/theepochtimestr","article_published_time":"2023-07-11T16:45:38+00:00","article_modified_time":"2023-07-11T16:56:55+00:00","og_image":[{"width":1880,"height":1160,"url":"https:\/\/epochtimestr.com\/wp-content\/uploads\/2011y\/Vladimir_Putin_in_Ryazan_Oblast_2022-10-20_01.jpg","type":"image\/jpeg"}],"author":"Hatice Atmaca","twitter_card":"summary_large_image","twitter_creator":"@TheEpochTimesTR","twitter_site":"@TheEpochTimesTR","twitter_misc":{"Yazan:":"Hatice Atmaca","Tahmini okuma s\u00fcresi":"6 dakika"},"schema":{"@context":"https:\/\/schema.org","@graph":[{"@type":"Article","@id":"https:\/\/epochtimestr.com\/index.php\/ayaklanma-girisiminin-ardindan-batililar-putinin-gucunu-sorguluyor#article","isPartOf":{"@id":"https:\/\/epochtimestr.com\/index.php\/ayaklanma-girisiminin-ardindan-batililar-putinin-gucunu-sorguluyor"},"author":{"name":"Hatice Atmaca","@id":"https:\/\/epochtimestr.com\/#\/schema\/person\/a515b4166e91977b7e9f483ceb142459"},"headline":"Ayaklanma Giri\u015fiminin Ard\u0131ndan Bat\u0131l\u0131lar Putin\u2019in G\u00fcc\u00fcn\u00fc Sorguluyor","datePublished":"2023-07-11T16:45:38+00:00","dateModified":"2023-07-11T16:56:55+00:00","mainEntityOfPage":{"@id":"https:\/\/epochtimestr.com\/index.php\/ayaklanma-girisiminin-ardindan-batililar-putinin-gucunu-sorguluyor"},"wordCount":1386,"publisher":{"@id":"https:\/\/epochtimestr.com\/#organization"},"image":{"@id":"https:\/\/epochtimestr.com\/index.php\/ayaklanma-girisiminin-ardindan-batililar-putinin-gucunu-sorguluyor#primaryimage"},"thumbnailUrl":"https:\/\/epochtimestr.com\/wp-content\/uploads\/2011y\/Vladimir_Putin_in_Ryazan_Oblast_2022-10-20_01.jpg","keywords":["Putin","rusya","Wagner Ayaklanmas\u0131"],"articleSection":["D\u00dcNYA","ED\u0130T\u00d6R\u00dcN SE\u00c7\u0130M\u0130","MAN\u015eET"],"inLanguage":"tr"},{"@type":"WebPage","@id":"https:\/\/epochtimestr.com\/index.php\/ayaklanma-girisiminin-ardindan-batililar-putinin-gucunu-sorguluyor","url":"https:\/\/epochtimestr.com\/index.php\/ayaklanma-girisiminin-ardindan-batililar-putinin-gucunu-sorguluyor","name":"Ayaklanma Giri\u015fiminin Ard\u0131ndan Bat\u0131l\u0131lar Putin\u2019in G\u00fcc\u00fcn\u00fc Sorguluyor - The Epoch Times TR","isPartOf":{"@id":"https:\/\/epochtimestr.com\/#website"},"primaryImageOfPage":{"@id":"https:\/\/epochtimestr.com\/index.php\/ayaklanma-girisiminin-ardindan-batililar-putinin-gucunu-sorguluyor#primaryimage"},"image":{"@id":"https:\/\/epochtimestr.com\/index.php\/ayaklanma-girisiminin-ardindan-batililar-putinin-gucunu-sorguluyor#primaryimage"},"thumbnailUrl":"https:\/\/epochtimestr.com\/wp-content\/uploads\/2011y\/Vladimir_Putin_in_Ryazan_Oblast_2022-10-20_01.jpg","datePublished":"2023-07-11T16:45:38+00:00","dateModified":"2023-07-11T16:56:55+00:00","inLanguage":"tr","potentialAction":[{"@type":"ReadAction","target":["https:\/\/epochtimestr.com\/index.php\/ayaklanma-girisiminin-ardindan-batililar-putinin-gucunu-sorguluyor"]}]},{"@type":"ImageObject","inLanguage":"tr","@id":"https:\/\/epochtimestr.com\/index.php\/ayaklanma-girisiminin-ardindan-batililar-putinin-gucunu-sorguluyor#primaryimage","url":"https:\/\/epochtimestr.com\/wp-content\/uploads\/2011y\/Vladimir_Putin_in_Ryazan_Oblast_2022-10-20_01.jpg","contentUrl":"https:\/\/epochtimestr.com\/wp-content\/uploads\/2011y\/Vladimir_Putin_in_Ryazan_Oblast_2022-10-20_01.jpg","width":1880,"height":1160},{"@type":"WebSite","@id":"https:\/\/epochtimestr.com\/#website","url":"https:\/\/epochtimestr.com\/","name":"The Epoch Times TR","description":"De\u011fi\u015fen D\u00fcnyam\u0131za Taze Bir Bak\u0131\u015f","publisher":{"@id":"https:\/\/epochtimestr.com\/#organization"},"potentialAction":[{"@type":"SearchAction","target":{"@type":"EntryPoint","urlTemplate":"https:\/\/epochtimestr.com\/?s={search_term_string}"},"query-input":"required name=search_term_string"}],"inLanguage":"tr"},{"@type":"Organization","@id":"https:\/\/epochtimestr.com\/#organization","name":"The EpochTimes T\u00fcrkiye","url":"https:\/\/epochtimestr.com\/","logo":{"@type":"ImageObject","inLanguage":"tr","@id":"https:\/\/epochtimestr.com\/#\/schema\/logo\/image\/","url":"https:\/\/epochtimestr.com\/wp-content\/uploads\/2011y\/ET-Logo-YG.jpg","contentUrl":"https:\/\/epochtimestr.com\/wp-content\/uploads\/2011y\/ET-Logo-YG.jpg","width":346,"height":29,"caption":"The EpochTimes T\u00fcrkiye"},"image":{"@id":"https:\/\/epochtimestr.com\/#\/schema\/logo\/image\/"},"sameAs":["https:\/\/www.facebook.com\/theepochtimestr","https:\/\/x.com\/TheEpochTimesTR","https:\/\/www.instagram.com\/epochtimestr"]},{"@type":"Person","@id":"https:\/\/epochtimestr.com\/#\/schema\/person\/a515b4166e91977b7e9f483ceb142459","name":"Hatice Atmaca","image":{"@type":"ImageObject","inLanguage":"tr","@id":"https:\/\/epochtimestr.com\/#\/schema\/person\/image\/","url":"https:\/\/secure.gravatar.com\/avatar\/dd49aabd0aeaecbc0ecbce954119ae42?s=96&d=mm&r=g","contentUrl":"https:\/\/secure.gravatar.com\/avatar\/dd49aabd0aeaecbc0ecbce954119ae42?s=96&d=mm&r=g","caption":"Hatice Atmaca"},"url":"https:\/\/epochtimestr.com\/index.php\/author\/hatice"}]}},"_links":{"self":[{"href":"https:\/\/epochtimestr.com\/index.php\/wp-json\/wp\/v2\/posts\/146359"}],"collection":[{"href":"https:\/\/epochtimestr.com\/index.php\/wp-json\/wp\/v2\/posts"}],"about":[{"href":"https:\/\/epochtimestr.com\/index.php\/wp-json\/wp\/v2\/types\/post"}],"author":[{"embeddable":true,"href":"https:\/\/epochtimestr.com\/index.php\/wp-json\/wp\/v2\/users\/12379"}],"replies":[{"embeddable":true,"href":"https:\/\/epochtimestr.com\/index.php\/wp-json\/wp\/v2\/comments?post=146359"}],"version-history":[{"count":3,"href":"https:\/\/epochtimestr.com\/index.php\/wp-json\/wp\/v2\/posts\/146359\/revisions"}],"predecessor-version":[{"id":146364,"href":"https:\/\/epochtimestr.com\/index.php\/wp-json\/wp\/v2\/posts\/146359\/revisions\/146364"}],"wp:featuredmedia":[{"embeddable":true,"href":"https:\/\/epochtimestr.com\/index.php\/wp-json\/wp\/v2\/media\/146360"}],"wp:attachment":[{"href":"https:\/\/epochtimestr.com\/index.php\/wp-json\/wp\/v2\/media?parent=146359"}],"wp:term":[{"taxonomy":"category","embeddable":true,"href":"https:\/\/epochtimestr.com\/index.php\/wp-json\/wp\/v2\/categories?post=146359"},{"taxonomy":"post_tag","embeddable":true,"href":"https:\/\/epochtimestr.com\/index.php\/wp-json\/wp\/v2\/tags?post=146359"}],"curies":[{"name":"wp","href":"https:\/\/api.w.org\/{rel}","templated":true}]}}