{"id":146367,"date":"2023-07-12T17:32:49","date_gmt":"2023-07-12T14:32:49","guid":{"rendered":"https:\/\/epochtimestr.com\/?p=146367"},"modified":"2023-07-12T17:32:52","modified_gmt":"2023-07-12T14:32:52","slug":"erdogan-ab-komisyon-baskani-leyen-ile-gorustu","status":"publish","type":"post","link":"https:\/\/epochtimestr.com\/index.php\/erdogan-ab-komisyon-baskani-leyen-ile-gorustu","title":{"rendered":"Erdo\u011fan AB Komisyon Ba\u015fkan\u0131 Leyen \u0130le G\u00f6r\u00fc\u015ft\u00fc"},"content":{"rendered":"<div class=\"wp-block-image\">\n<figure class=\"aligncenter size-full\"><img loading=\"lazy\" decoding=\"async\" width=\"902\" height=\"549\" src=\"https:\/\/epochtimestr.com\/wp-content\/uploads\/2011y\/Leyen-Erdogan-BasinIHA.png\" alt=\"\" class=\"wp-image-146368\" srcset=\"https:\/\/epochtimestr.com\/wp-content\/uploads\/2011y\/Leyen-Erdogan-BasinIHA.png 902w, https:\/\/epochtimestr.com\/wp-content\/uploads\/2011y\/Leyen-Erdogan-BasinIHA-300x183.png 300w, https:\/\/epochtimestr.com\/wp-content\/uploads\/2011y\/Leyen-Erdogan-BasinIHA-150x91.png 150w, https:\/\/epochtimestr.com\/wp-content\/uploads\/2011y\/Leyen-Erdogan-BasinIHA-768x467.png 768w\" sizes=\"(max-width: 902px) 100vw, 902px\" \/><\/figure><\/div>\n\n\n<h2 class=\"wp-block-heading\">Cumhurba\u015fkan\u0131 Erdo\u011fan, Vilnius&#8217;ta Avrupa Birli\u011fi (AB) Komisyon Ba\u015fkan\u0131 Ursula von der Leyen ile g\u00f6r\u00fc\u015ft\u00fc.<\/h2>\n\n\n\n<p>Cumhurba\u015fkan\u0131 Recep Tayyip Erdo\u011fan, Litvanya&#8217;n\u0131n ba\u015fkenti Vilnius&#8217;ta d\u00fczenlenen NATO Devlet ve H\u00fck\u00fcmet Ba\u015fkanlar\u0131 Zirvesi \u00e7er\u00e7evesinde ikili g\u00f6r\u00fc\u015fmelerine devam ediyor. <\/p>\n\n\n\n<p>Cumhurba\u015fkan\u0131 Erdo\u011fan, AB Komisyonu Ba\u015fkan\u0131 Ursula von der Leyen ile bir araya geldi. <\/p>\n","protected":false},"excerpt":{"rendered":"<p>Cumhurba\u015fkan\u0131 Erdo\u011fan, Vilnius&#8217;ta Avrupa Birli\u011fi (AB) Komisyon Ba\u015fkan\u0131 Ursula von der Leyen ile g\u00f6r\u00fc\u015ft\u00fc. Cumhurba\u015fkan\u0131 Recep Tayyip Erdo\u011fan, Litvanya&#8217;n\u0131n ba\u015fkenti Vilnius&#8217;ta d\u00fczenlenen NATO Devlet ve H\u00fck\u00fcmet Ba\u015fkanlar\u0131 Zirvesi \u00e7er\u00e7evesinde ikili g\u00f6r\u00fc\u015fmelerine devam ediyor. Cumhurba\u015fkan\u0131 Erdo\u011fan, AB Komisyonu Ba\u015fkan\u0131 Ursula von der Leyen ile bir araya geldi.<\/p>\n","protected":false},"author":12791,"featured_media":146368,"comment_status":"closed","ping_status":"open","sticky":false,"template":"","format":"standard","meta":{"_yoast_wpseo_focuskw":"","_yoast_wpseo_title":"","_yoast_wpseo_metadesc":"","_bbp_topic_count":0,"_bbp_reply_count":0,"_bbp_total_topic_count":0,"_bbp_total_reply_count":0,"_bbp_voice_count":0,"_bbp_anonymous_reply_count":0,"_bbp_topic_count_hidden":0,"_bbp_reply_count_hidden":0,"_bbp_forum_subforum_count":0,"footnotes":"","_yoast_wpseo_focuskw_text_input":""},"categories":[5,1],"tags":[],"yoast_head":"<!-- This site is optimized with the Yoast SEO plugin v23.0 - https:\/\/yoast.com\/wordpress\/plugins\/seo\/ -->\n<title>Erdo\u011fan AB Komisyon Ba\u015fkan\u0131 Leyen \u0130le G\u00f6r\u00fc\u015ft\u00fc - The Epoch Times TR<\/title>\n<meta name=\"robots\" content=\"index, follow, max-snippet:-1, max-image-preview:large, max-video-preview:-1\" \/>\n<link rel=\"canonical\" href=\"https:\/\/epochtimestr.com\/index.php\/erdogan-ab-komisyon-baskani-leyen-ile-gorustu\" \/>\n<meta property=\"og:locale\" content=\"tr_TR\" \/>\n<meta property=\"og:type\" content=\"article\" \/>\n<meta property=\"og:title\" content=\"Erdo\u011fan AB Komisyon Ba\u015fkan\u0131 Leyen \u0130le G\u00f6r\u00fc\u015ft\u00fc - The Epoch Times TR\" \/>\n<meta property=\"og:description\" content=\"Cumhurba\u015fkan\u0131 Erdo\u011fan, Vilnius&#8217;ta Avrupa Birli\u011fi (AB) Komisyon Ba\u015fkan\u0131 Ursula von der Leyen ile g\u00f6r\u00fc\u015ft\u00fc. Cumhurba\u015fkan\u0131 Recep Tayyip Erdo\u011fan, Litvanya&#8217;n\u0131n ba\u015fkenti Vilnius&#8217;ta d\u00fczenlenen NATO Devlet ve H\u00fck\u00fcmet Ba\u015fkanlar\u0131 Zirvesi \u00e7er\u00e7evesinde ikili g\u00f6r\u00fc\u015fmelerine devam ediyor. Cumhurba\u015fkan\u0131 Erdo\u011fan, AB Komisyonu Ba\u015fkan\u0131 Ursula von der Leyen ile bir araya geldi.\" \/>\n<meta property=\"og:url\" content=\"https:\/\/epochtimestr.com\/index.php\/erdogan-ab-komisyon-baskani-leyen-ile-gorustu\" \/>\n<meta property=\"og:site_name\" content=\"The Epoch Times TR\" \/>\n<meta property=\"article:publisher\" content=\"https:\/\/www.facebook.com\/theepochtimestr\" \/>\n<meta property=\"article:published_time\" content=\"2023-07-12T14:32:49+00:00\" \/>\n<meta property=\"article:modified_time\" content=\"2023-07-12T14:32:52+00:00\" \/>\n<meta property=\"og:image\" content=\"https:\/\/epochtimestr.com\/wp-content\/uploads\/2011y\/Leyen-Erdogan-BasinIHA.png\" \/>\n\t<meta property=\"og:image:width\" content=\"902\" \/>\n\t<meta property=\"og:image:height\" content=\"549\" \/>\n\t<meta property=\"og:image:type\" content=\"image\/png\" \/>\n<meta name=\"author\" content=\"Haber Merkezi\" \/>\n<meta name=\"twitter:card\" content=\"summary_large_image\" \/>\n<meta name=\"twitter:creator\" content=\"@TheEpochTimesTR\" \/>\n<meta name=\"twitter:site\" content=\"@TheEpochTimesTR\" \/>\n<meta name=\"twitter:label1\" content=\"Yazan:\" \/>\n\t<meta name=\"twitter:data1\" content=\"Haber Merkezi\" \/>\n\t<meta name=\"twitter:label2\" content=\"Tahmini okuma s\u00fcresi\" \/>\n\t<meta name=\"twitter:data2\" content=\"1 dakika\" \/>\n<script type=\"application\/ld+json\" class=\"yoast-schema-graph\">{\"@context\":\"https:\/\/schema.org\",\"@graph\":[{\"@type\":\"Article\",\"@id\":\"https:\/\/epochtimestr.com\/index.php\/erdogan-ab-komisyon-baskani-leyen-ile-gorustu#article\",\"isPartOf\":{\"@id\":\"https:\/\/epochtimestr.com\/index.php\/erdogan-ab-komisyon-baskani-leyen-ile-gorustu\"},\"author\":{\"name\":\"Haber Merkezi\",\"@id\":\"https:\/\/epochtimestr.com\/#\/schema\/person\/3dc5c3adeb9f43923c5aa85889172fdd\"},\"headline\":\"Erdo\u011fan AB Komisyon Ba\u015fkan\u0131 Leyen \u0130le G\u00f6r\u00fc\u015ft\u00fc\",\"datePublished\":\"2023-07-12T14:32:49+00:00\",\"dateModified\":\"2023-07-12T14:32:52+00:00\",\"mainEntityOfPage\":{\"@id\":\"https:\/\/epochtimestr.com\/index.php\/erdogan-ab-komisyon-baskani-leyen-ile-gorustu\"},\"wordCount\":77,\"publisher\":{\"@id\":\"https:\/\/epochtimestr.com\/#organization\"},\"image\":{\"@id\":\"https:\/\/epochtimestr.com\/index.php\/erdogan-ab-komisyon-baskani-leyen-ile-gorustu#primaryimage\"},\"thumbnailUrl\":\"https:\/\/epochtimestr.com\/wp-content\/uploads\/2011y\/Leyen-Erdogan-BasinIHA.png\",\"articleSection\":[\"D\u00dcNYA\",\"G\u00dcNDEM\"],\"inLanguage\":\"tr\"},{\"@type\":\"WebPage\",\"@id\":\"https:\/\/epochtimestr.com\/index.php\/erdogan-ab-komisyon-baskani-leyen-ile-gorustu\",\"url\":\"https:\/\/epochtimestr.com\/index.php\/erdogan-ab-komisyon-baskani-leyen-ile-gorustu\",\"name\":\"Erdo\u011fan AB Komisyon Ba\u015fkan\u0131 Leyen \u0130le G\u00f6r\u00fc\u015ft\u00fc - The Epoch Times TR\",\"isPartOf\":{\"@id\":\"https:\/\/epochtimestr.com\/#website\"},\"primaryImageOfPage\":{\"@id\":\"https:\/\/epochtimestr.com\/index.php\/erdogan-ab-komisyon-baskani-leyen-ile-gorustu#primaryimage\"},\"image\":{\"@id\":\"https:\/\/epochtimestr.com\/index.php\/erdogan-ab-komisyon-baskani-leyen-ile-gorustu#primaryimage\"},\"thumbnailUrl\":\"https:\/\/epochtimestr.com\/wp-content\/uploads\/2011y\/Leyen-Erdogan-BasinIHA.png\",\"datePublished\":\"2023-07-12T14:32:49+00:00\",\"dateModified\":\"2023-07-12T14:32:52+00:00\",\"inLanguage\":\"tr\",\"potentialAction\":[{\"@type\":\"ReadAction\",\"target\":[\"https:\/\/epochtimestr.com\/index.php\/erdogan-ab-komisyon-baskani-leyen-ile-gorustu\"]}]},{\"@type\":\"ImageObject\",\"inLanguage\":\"tr\",\"@id\":\"https:\/\/epochtimestr.com\/index.php\/erdogan-ab-komisyon-baskani-leyen-ile-gorustu#primaryimage\",\"url\":\"https:\/\/epochtimestr.com\/wp-content\/uploads\/2011y\/Leyen-Erdogan-BasinIHA.png\",\"contentUrl\":\"https:\/\/epochtimestr.com\/wp-content\/uploads\/2011y\/Leyen-Erdogan-BasinIHA.png\",\"width\":902,\"height\":549},{\"@type\":\"WebSite\",\"@id\":\"https:\/\/epochtimestr.com\/#website\",\"url\":\"https:\/\/epochtimestr.com\/\",\"name\":\"The Epoch Times TR\",\"description\":\"De\u011fi\u015fen D\u00fcnyam\u0131za Taze Bir Bak\u0131\u015f\",\"publisher\":{\"@id\":\"https:\/\/epochtimestr.com\/#organization\"},\"potentialAction\":[{\"@type\":\"SearchAction\",\"target\":{\"@type\":\"EntryPoint\",\"urlTemplate\":\"https:\/\/epochtimestr.com\/?s={search_term_string}\"},\"query-input\":\"required name=search_term_string\"}],\"inLanguage\":\"tr\"},{\"@type\":\"Organization\",\"@id\":\"https:\/\/epochtimestr.com\/#organization\",\"name\":\"The EpochTimes T\u00fcrkiye\",\"url\":\"https:\/\/epochtimestr.com\/\",\"logo\":{\"@type\":\"ImageObject\",\"inLanguage\":\"tr\",\"@id\":\"https:\/\/epochtimestr.com\/#\/schema\/logo\/image\/\",\"url\":\"https:\/\/epochtimestr.com\/wp-content\/uploads\/2011y\/ET-Logo-YG.jpg\",\"contentUrl\":\"https:\/\/epochtimestr.com\/wp-content\/uploads\/2011y\/ET-Logo-YG.jpg\",\"width\":346,\"height\":29,\"caption\":\"The EpochTimes T\u00fcrkiye\"},\"image\":{\"@id\":\"https:\/\/epochtimestr.com\/#\/schema\/logo\/image\/\"},\"sameAs\":[\"https:\/\/www.facebook.com\/theepochtimestr\",\"https:\/\/x.com\/TheEpochTimesTR\",\"https:\/\/www.instagram.com\/epochtimestr\"]},{\"@type\":\"Person\",\"@id\":\"https:\/\/epochtimestr.com\/#\/schema\/person\/3dc5c3adeb9f43923c5aa85889172fdd\",\"name\":\"Haber Merkezi\",\"image\":{\"@type\":\"ImageObject\",\"inLanguage\":\"tr\",\"@id\":\"https:\/\/epochtimestr.com\/#\/schema\/person\/image\/\",\"url\":\"https:\/\/secure.gravatar.com\/avatar\/d73f772ba5a74f28601361e17c2f93e6?s=96&d=mm&r=g\",\"contentUrl\":\"https:\/\/secure.gravatar.com\/avatar\/d73f772ba5a74f28601361e17c2f93e6?s=96&d=mm&r=g\",\"caption\":\"Haber Merkezi\"},\"url\":\"https:\/\/epochtimestr.com\/index.php\/author\/sendag\"}]}<\/script>\n<!-- \/ Yoast SEO plugin. -->","yoast_head_json":{"title":"Erdo\u011fan AB Komisyon Ba\u015fkan\u0131 Leyen \u0130le G\u00f6r\u00fc\u015ft\u00fc - The Epoch Times TR","robots":{"index":"index","follow":"follow","max-snippet":"max-snippet:-1","max-image-preview":"max-image-preview:large","max-video-preview":"max-video-preview:-1"},"canonical":"https:\/\/epochtimestr.com\/index.php\/erdogan-ab-komisyon-baskani-leyen-ile-gorustu","og_locale":"tr_TR","og_type":"article","og_title":"Erdo\u011fan AB Komisyon Ba\u015fkan\u0131 Leyen \u0130le G\u00f6r\u00fc\u015ft\u00fc - The Epoch Times TR","og_description":"Cumhurba\u015fkan\u0131 Erdo\u011fan, Vilnius&#8217;ta Avrupa Birli\u011fi (AB) Komisyon Ba\u015fkan\u0131 Ursula von der Leyen ile g\u00f6r\u00fc\u015ft\u00fc. Cumhurba\u015fkan\u0131 Recep Tayyip Erdo\u011fan, Litvanya&#8217;n\u0131n ba\u015fkenti Vilnius&#8217;ta d\u00fczenlenen NATO Devlet ve H\u00fck\u00fcmet Ba\u015fkanlar\u0131 Zirvesi \u00e7er\u00e7evesinde ikili g\u00f6r\u00fc\u015fmelerine devam ediyor. Cumhurba\u015fkan\u0131 Erdo\u011fan, AB Komisyonu Ba\u015fkan\u0131 Ursula von der Leyen ile bir araya geldi.","og_url":"https:\/\/epochtimestr.com\/index.php\/erdogan-ab-komisyon-baskani-leyen-ile-gorustu","og_site_name":"The Epoch Times TR","article_publisher":"https:\/\/www.facebook.com\/theepochtimestr","article_published_time":"2023-07-12T14:32:49+00:00","article_modified_time":"2023-07-12T14:32:52+00:00","og_image":[{"width":902,"height":549,"url":"https:\/\/epochtimestr.com\/wp-content\/uploads\/2011y\/Leyen-Erdogan-BasinIHA.png","type":"image\/png"}],"author":"Haber Merkezi","twitter_card":"summary_large_image","twitter_creator":"@TheEpochTimesTR","twitter_site":"@TheEpochTimesTR","twitter_misc":{"Yazan:":"Haber Merkezi","Tahmini okuma s\u00fcresi":"1 dakika"},"schema":{"@context":"https:\/\/schema.org","@graph":[{"@type":"Article","@id":"https:\/\/epochtimestr.com\/index.php\/erdogan-ab-komisyon-baskani-leyen-ile-gorustu#article","isPartOf":{"@id":"https:\/\/epochtimestr.com\/index.php\/erdogan-ab-komisyon-baskani-leyen-ile-gorustu"},"author":{"name":"Haber Merkezi","@id":"https:\/\/epochtimestr.com\/#\/schema\/person\/3dc5c3adeb9f43923c5aa85889172fdd"},"headline":"Erdo\u011fan AB Komisyon Ba\u015fkan\u0131 Leyen \u0130le G\u00f6r\u00fc\u015ft\u00fc","datePublished":"2023-07-12T14:32:49+00:00","dateModified":"2023-07-12T14:32:52+00:00","mainEntityOfPage":{"@id":"https:\/\/epochtimestr.com\/index.php\/erdogan-ab-komisyon-baskani-leyen-ile-gorustu"},"wordCount":77,"publisher":{"@id":"https:\/\/epochtimestr.com\/#organization"},"image":{"@id":"https:\/\/epochtimestr.com\/index.php\/erdogan-ab-komisyon-baskani-leyen-ile-gorustu#primaryimage"},"thumbnailUrl":"https:\/\/epochtimestr.com\/wp-content\/uploads\/2011y\/Leyen-Erdogan-BasinIHA.png","articleSection":["D\u00dcNYA","G\u00dcNDEM"],"inLanguage":"tr"},{"@type":"WebPage","@id":"https:\/\/epochtimestr.com\/index.php\/erdogan-ab-komisyon-baskani-leyen-ile-gorustu","url":"https:\/\/epochtimestr.com\/index.php\/erdogan-ab-komisyon-baskani-leyen-ile-gorustu","name":"Erdo\u011fan AB Komisyon Ba\u015fkan\u0131 Leyen \u0130le G\u00f6r\u00fc\u015ft\u00fc - The Epoch Times TR","isPartOf":{"@id":"https:\/\/epochtimestr.com\/#website"},"primaryImageOfPage":{"@id":"https:\/\/epochtimestr.com\/index.php\/erdogan-ab-komisyon-baskani-leyen-ile-gorustu#primaryimage"},"image":{"@id":"https:\/\/epochtimestr.com\/index.php\/erdogan-ab-komisyon-baskani-leyen-ile-gorustu#primaryimage"},"thumbnailUrl":"https:\/\/epochtimestr.com\/wp-content\/uploads\/2011y\/Leyen-Erdogan-BasinIHA.png","datePublished":"2023-07-12T14:32:49+00:00","dateModified":"2023-07-12T14:32:52+00:00","inLanguage":"tr","potentialAction":[{"@type":"ReadAction","target":["https:\/\/epochtimestr.com\/index.php\/erdogan-ab-komisyon-baskani-leyen-ile-gorustu"]}]},{"@type":"ImageObject","inLanguage":"tr","@id":"https:\/\/epochtimestr.com\/index.php\/erdogan-ab-komisyon-baskani-leyen-ile-gorustu#primaryimage","url":"https:\/\/epochtimestr.com\/wp-content\/uploads\/2011y\/Leyen-Erdogan-BasinIHA.png","contentUrl":"https:\/\/epochtimestr.com\/wp-content\/uploads\/2011y\/Leyen-Erdogan-BasinIHA.png","width":902,"height":549},{"@type":"WebSite","@id":"https:\/\/epochtimestr.com\/#website","url":"https:\/\/epochtimestr.com\/","name":"The Epoch Times TR","description":"De\u011fi\u015fen D\u00fcnyam\u0131za Taze Bir Bak\u0131\u015f","publisher":{"@id":"https:\/\/epochtimestr.com\/#organization"},"potentialAction":[{"@type":"SearchAction","target":{"@type":"EntryPoint","urlTemplate":"https:\/\/epochtimestr.com\/?s={search_term_string}"},"query-input":"required name=search_term_string"}],"inLanguage":"tr"},{"@type":"Organization","@id":"https:\/\/epochtimestr.com\/#organization","name":"The EpochTimes T\u00fcrkiye","url":"https:\/\/epochtimestr.com\/","logo":{"@type":"ImageObject","inLanguage":"tr","@id":"https:\/\/epochtimestr.com\/#\/schema\/logo\/image\/","url":"https:\/\/epochtimestr.com\/wp-content\/uploads\/2011y\/ET-Logo-YG.jpg","contentUrl":"https:\/\/epochtimestr.com\/wp-content\/uploads\/2011y\/ET-Logo-YG.jpg","width":346,"height":29,"caption":"The EpochTimes T\u00fcrkiye"},"image":{"@id":"https:\/\/epochtimestr.com\/#\/schema\/logo\/image\/"},"sameAs":["https:\/\/www.facebook.com\/theepochtimestr","https:\/\/x.com\/TheEpochTimesTR","https:\/\/www.instagram.com\/epochtimestr"]},{"@type":"Person","@id":"https:\/\/epochtimestr.com\/#\/schema\/person\/3dc5c3adeb9f43923c5aa85889172fdd","name":"Haber Merkezi","image":{"@type":"ImageObject","inLanguage":"tr","@id":"https:\/\/epochtimestr.com\/#\/schema\/person\/image\/","url":"https:\/\/secure.gravatar.com\/avatar\/d73f772ba5a74f28601361e17c2f93e6?s=96&d=mm&r=g","contentUrl":"https:\/\/secure.gravatar.com\/avatar\/d73f772ba5a74f28601361e17c2f93e6?s=96&d=mm&r=g","caption":"Haber Merkezi"},"url":"https:\/\/epochtimestr.com\/index.php\/author\/sendag"}]}},"_links":{"self":[{"href":"https:\/\/epochtimestr.com\/index.php\/wp-json\/wp\/v2\/posts\/146367"}],"collection":[{"href":"https:\/\/epochtimestr.com\/index.php\/wp-json\/wp\/v2\/posts"}],"about":[{"href":"https:\/\/epochtimestr.com\/index.php\/wp-json\/wp\/v2\/types\/post"}],"author":[{"embeddable":true,"href":"https:\/\/epochtimestr.com\/index.php\/wp-json\/wp\/v2\/users\/12791"}],"replies":[{"embeddable":true,"href":"https:\/\/epochtimestr.com\/index.php\/wp-json\/wp\/v2\/comments?post=146367"}],"version-history":[{"count":1,"href":"https:\/\/epochtimestr.com\/index.php\/wp-json\/wp\/v2\/posts\/146367\/revisions"}],"predecessor-version":[{"id":146369,"href":"https:\/\/epochtimestr.com\/index.php\/wp-json\/wp\/v2\/posts\/146367\/revisions\/146369"}],"wp:featuredmedia":[{"embeddable":true,"href":"https:\/\/epochtimestr.com\/index.php\/wp-json\/wp\/v2\/media\/146368"}],"wp:attachment":[{"href":"https:\/\/epochtimestr.com\/index.php\/wp-json\/wp\/v2\/media?parent=146367"}],"wp:term":[{"taxonomy":"category","embeddable":true,"href":"https:\/\/epochtimestr.com\/index.php\/wp-json\/wp\/v2\/categories?post=146367"},{"taxonomy":"post_tag","embeddable":true,"href":"https:\/\/epochtimestr.com\/index.php\/wp-json\/wp\/v2\/tags?post=146367"}],"curies":[{"name":"wp","href":"https:\/\/api.w.org\/{rel}","templated":true}]}}