{"id":146451,"date":"2023-07-19T13:19:49","date_gmt":"2023-07-19T10:19:49","guid":{"rendered":"https:\/\/epochtimestr.com\/?p=146451"},"modified":"2023-07-20T10:22:29","modified_gmt":"2023-07-20T07:22:29","slug":"turkiyenin-ab-uyelik-muzakereligi-baslayamiyor","status":"publish","type":"post","link":"https:\/\/epochtimestr.com\/index.php\/turkiyenin-ab-uyelik-muzakereligi-baslayamiyor","title":{"rendered":"T\u00fcrkiye&#8217;nin AB \u00dcyelik M\u00fczakereli\u011fi Ba\u015flayam\u0131yor"},"content":{"rendered":"\n<p><\/p>\n\n\n<div class=\"wp-block-image\">\n<figure class=\"aligncenter size-full is-resized\"><img loading=\"lazy\" decoding=\"async\" src=\"https:\/\/epochtimestr.com\/wp-content\/uploads\/2011y\/flags-1615129_1280.jpg\" alt=\"\" class=\"wp-image-146452\" width=\"508\" height=\"376\" srcset=\"https:\/\/epochtimestr.com\/wp-content\/uploads\/2011y\/flags-1615129_1280.jpg 1280w, https:\/\/epochtimestr.com\/wp-content\/uploads\/2011y\/flags-1615129_1280-300x222.jpg 300w, https:\/\/epochtimestr.com\/wp-content\/uploads\/2011y\/flags-1615129_1280-150x111.jpg 150w, https:\/\/epochtimestr.com\/wp-content\/uploads\/2011y\/flags-1615129_1280-768x569.jpg 768w, https:\/\/epochtimestr.com\/wp-content\/uploads\/2011y\/flags-1615129_1280-86x64.jpg 86w\" sizes=\"(max-width: 508px) 100vw, 508px\" \/><figcaption class=\"wp-element-caption\">Kaynak: Pixabay &#8211; <a href=\"https:\/\/pixabay.com\/tr\/users\/bru-no-1161770\/\" target=\"_blank\" rel=\"noreferrer noopener\">Bru-nO<\/a><\/figcaption><\/figure><\/div>\n\n\n<h2 class=\"wp-block-heading\">AP D\u0131\u015f \u0130li\u015fkiler Komitesi, T\u00fcrkiye\u2019nin \u00fcyelik m\u00fczakerelerinin mevcut \u015fartlarda yeniden ba\u015flayamayaca\u011f\u0131n\u0131 bildirdi.<\/h2>\n\n\n\n<p>Avrupa Parlamentosu (AP) D\u0131\u015f \u0130li\u015fkiler Komitesi, T\u00fcrkiye\u2019nin \u00fcyelik m\u00fczakerelerinin \u015fu anki \u015fartlarda yeniden ba\u015flayamayaca\u011f\u0131n\u0131, bu nedenle AB ve T\u00fcrkiye ili\u015fkilerinin farkl\u0131 bir d\u00fczlemde ilerlemesi gerekti\u011fini a\u00e7\u0131klad\u0131. \u00d6te yandan Avrupa Birli\u011fi (AB) \u00fclkelerinin d\u0131\u015fi\u015fleri bakanlar\u0131, 20 Temmuz\u2019da yapacaklar\u0131 toplant\u0131da T\u00fcrkiye-AB ili\u015fkilerini de\u011ferlendirecek.<\/p>\n\n\n\n<p><br \/>AB \u00fcyelik s\u00fcreci ile \u0130sve\u00e7&#8217;in NATO \u00fcyeli\u011fi&#8217; de\u011ferlendirmesine Cumhurba\u015fkan\u0131 ve AKP Genel Ba\u015fkan\u0131 Recep Tayyip Erdo\u011fan &#8221;\u00d6nce gelin T\u00fcrkiye&#8217;nin Avrupa Birli\u011fi&#8217;nde (AB) \u00f6n\u00fcn\u00fc a\u00e7\u0131n, biz de \u0130sve\u00e7&#8217;in \u00f6n\u00fcn\u00fc a\u00e7al\u0131m&#8221; teklifinde bulunmu\u015f, Avrupa Birli\u011fi (AB) Komisyonu bu teklifi reddetmi\u015fti.<\/p>\n\n\n\n<p><br \/>AP T\u00fcrkiye Raport\u00f6r\u00fc Nacho Sanchez Amor, sosyal medya hesab\u0131ndan T\u00fcrkiye ile ilgili haz\u0131rlanan son raporun D\u0131\u015f \u0130li\u015fkiler Komitesinde aleyhte hi\u00e7bir ret oyu kullan\u0131lmadan kabul edildi\u011fini duyurdu. Son oylaman\u0131n Eyl\u00fcl ay\u0131nda yap\u0131laca\u011f\u0131 rapora 47 lehte oy kullan\u0131l\u0131rken 10 \u00fcye \u00e7ekimser kald\u0131.<br \/>Raporda T\u00fcrkiye&#8217;nin bir aday \u00fclke, bir NATO m\u00fcttefiki ve g\u00fcvenlik, ticaret, ekonomik ili\u015fkiler ve g\u00f6\u00e7 konusunda stratejik bir ortak oldu\u011fu vurgulan\u0131rken T\u00fcrkiye&#8217;den demokratik de\u011ferlere, hukukun \u00fcst\u00fcnl\u00fc\u011f\u00fcne ve insan haklar\u0131na sayg\u0131 g\u00f6stermesi beklendi\u011fi belirtildi.<\/p>\n\n\n\n<p><br \/>Euronews\u2019un haberine g\u00f6re; Raporda ayr\u0131ca T\u00fcrkiye&#8217;den \u0130sve\u00e7&#8217;in NATO \u00fcyeli\u011fini geciktirmeden onaylamas\u0131 istenirken bir \u00fclkenin NATO \u00fcyelik s\u00fcrecinin ba\u015fka bir \u00fclkenin AB \u00fcyeli\u011fi s\u00fcreciyle ba\u011flant\u0131l\u0131 olmad\u0131\u011f\u0131n\u0131n alt\u0131 \u00e7izildi.<\/p>\n\n\n\n<figure class=\"wp-block-embed is-type-rich is-provider-twitter wp-block-embed-twitter\"><div class=\"wp-block-embed__wrapper\">\n<blockquote class=\"twitter-tweet\" data-width=\"550\" data-dnt=\"true\"><p lang=\"en\" dir=\"ltr\">Today <a href=\"https:\/\/twitter.com\/EP_ForeignAff?ref_src=twsrc%5Etfw\">@EP_ForeignAff<\/a> adopted the latest report on <a href=\"https:\/\/twitter.com\/hashtag\/T%C3%BCrkiye?src=hash&amp;ref_src=twsrc%5Etfw\">#T\u00fcrkiye<\/a>. For the 1st time 0 votes against. It shows great consensus at <a href=\"https:\/\/twitter.com\/Europarl_EN?ref_src=twsrc%5Etfw\">@Europarl_EN<\/a> on what \ud83c\uddf9\ud83c\uddf7 should do to revive \ud83c\uddea\ud83c\uddfa accession process: it&#39;s not about geopolitical bargaining but reforms on <a href=\"https:\/\/twitter.com\/hashtag\/HumanRights?src=hash&amp;ref_src=twsrc%5Etfw\">#HumanRights<\/a>! Final vote in September <a href=\"https:\/\/t.co\/2vkwyIYdIG\">pic.twitter.com\/2vkwyIYdIG<\/a><\/p>&mdash; Nacho S\u00e1nchez Amor (@NachoSAmor) <a href=\"https:\/\/twitter.com\/NachoSAmor\/status\/1681240115203432452?ref_src=twsrc%5Etfw\">July 18, 2023<\/a><\/blockquote><script async src=\"https:\/\/platform.twitter.com\/widgets.js\" charset=\"utf-8\"><\/script>\n<\/div><figcaption class=\"wp-element-caption\">Kaynak: N.S.Amor Twitter<\/figcaption><\/figure>\n\n\n\n<p><\/p>\n\n\n\n<p><\/p>\n","protected":false},"excerpt":{"rendered":"<p>AP D\u0131\u015f \u0130li\u015fkiler Komitesi, T\u00fcrkiye\u2019nin \u00fcyelik m\u00fczakerelerinin mevcut \u015fartlarda yeniden ba\u015flayamayaca\u011f\u0131n\u0131 bildirdi. Avrupa Parlamentosu (AP) D\u0131\u015f \u0130li\u015fkiler Komitesi, T\u00fcrkiye\u2019nin \u00fcyelik m\u00fczakerelerinin \u015fu anki \u015fartlarda yeniden ba\u015flayamayaca\u011f\u0131n\u0131, bu nedenle AB ve T\u00fcrkiye ili\u015fkilerinin farkl\u0131 bir d\u00fczlemde ilerlemesi gerekti\u011fini a\u00e7\u0131klad\u0131. \u00d6te yandan Avrupa Birli\u011fi (AB) \u00fclkelerinin d\u0131\u015fi\u015fleri bakanlar\u0131, 20 Temmuz\u2019da yapacaklar\u0131 toplant\u0131da T\u00fcrkiye-AB ili\u015fkilerini de\u011ferlendirecek. AB \u00fcyelik [&hellip;]<\/p>\n","protected":false},"author":12791,"featured_media":146452,"comment_status":"closed","ping_status":"open","sticky":false,"template":"","format":"standard","meta":{"_yoast_wpseo_focuskw":"","_yoast_wpseo_title":"","_yoast_wpseo_metadesc":"","_bbp_topic_count":0,"_bbp_reply_count":0,"_bbp_total_topic_count":0,"_bbp_total_reply_count":0,"_bbp_voice_count":0,"_bbp_anonymous_reply_count":0,"_bbp_topic_count_hidden":0,"_bbp_reply_count_hidden":0,"_bbp_forum_subforum_count":0,"footnotes":"","_yoast_wpseo_focuskw_text_input":""},"categories":[5,8225,1,8138,8226,37],"tags":[],"yoast_head":"<!-- This site is optimized with the Yoast SEO plugin v23.0 - https:\/\/yoast.com\/wordpress\/plugins\/seo\/ -->\n<title>T\u00fcrkiye&#039;nin AB \u00dcyelik M\u00fczakereli\u011fi Ba\u015flayam\u0131yor - The Epoch Times TR<\/title>\n<meta name=\"robots\" content=\"index, follow, max-snippet:-1, max-image-preview:large, max-video-preview:-1\" \/>\n<link rel=\"canonical\" href=\"https:\/\/epochtimestr.com\/index.php\/turkiyenin-ab-uyelik-muzakereligi-baslayamiyor\" \/>\n<meta property=\"og:locale\" content=\"tr_TR\" \/>\n<meta property=\"og:type\" content=\"article\" \/>\n<meta property=\"og:title\" content=\"T\u00fcrkiye&#039;nin AB \u00dcyelik M\u00fczakereli\u011fi Ba\u015flayam\u0131yor - The Epoch Times TR\" \/>\n<meta property=\"og:description\" content=\"AP D\u0131\u015f \u0130li\u015fkiler Komitesi, T\u00fcrkiye\u2019nin \u00fcyelik m\u00fczakerelerinin mevcut \u015fartlarda yeniden ba\u015flayamayaca\u011f\u0131n\u0131 bildirdi. Avrupa Parlamentosu (AP) D\u0131\u015f \u0130li\u015fkiler Komitesi, T\u00fcrkiye\u2019nin \u00fcyelik m\u00fczakerelerinin \u015fu anki \u015fartlarda yeniden ba\u015flayamayaca\u011f\u0131n\u0131, bu nedenle AB ve T\u00fcrkiye ili\u015fkilerinin farkl\u0131 bir d\u00fczlemde ilerlemesi gerekti\u011fini a\u00e7\u0131klad\u0131. \u00d6te yandan Avrupa Birli\u011fi (AB) \u00fclkelerinin d\u0131\u015fi\u015fleri bakanlar\u0131, 20 Temmuz\u2019da yapacaklar\u0131 toplant\u0131da T\u00fcrkiye-AB ili\u015fkilerini de\u011ferlendirecek. AB \u00fcyelik [&hellip;]\" \/>\n<meta property=\"og:url\" content=\"https:\/\/epochtimestr.com\/index.php\/turkiyenin-ab-uyelik-muzakereligi-baslayamiyor\" \/>\n<meta property=\"og:site_name\" content=\"The Epoch Times TR\" \/>\n<meta property=\"article:publisher\" content=\"https:\/\/www.facebook.com\/theepochtimestr\" \/>\n<meta property=\"article:published_time\" content=\"2023-07-19T10:19:49+00:00\" \/>\n<meta property=\"article:modified_time\" content=\"2023-07-20T07:22:29+00:00\" \/>\n<meta property=\"og:image\" content=\"https:\/\/epochtimestr.com\/wp-content\/uploads\/2011y\/flags-1615129_1280.jpg\" \/>\n\t<meta property=\"og:image:width\" content=\"1280\" \/>\n\t<meta property=\"og:image:height\" content=\"948\" \/>\n\t<meta property=\"og:image:type\" content=\"image\/jpeg\" \/>\n<meta name=\"author\" content=\"Haber Merkezi\" \/>\n<meta name=\"twitter:card\" content=\"summary_large_image\" \/>\n<meta name=\"twitter:creator\" content=\"@TheEpochTimesTR\" \/>\n<meta name=\"twitter:site\" content=\"@TheEpochTimesTR\" \/>\n<meta name=\"twitter:label1\" content=\"Yazan:\" \/>\n\t<meta name=\"twitter:data1\" content=\"Haber Merkezi\" \/>\n\t<meta name=\"twitter:label2\" content=\"Tahmini okuma s\u00fcresi\" \/>\n\t<meta name=\"twitter:data2\" content=\"2 dakika\" \/>\n<script type=\"application\/ld+json\" class=\"yoast-schema-graph\">{\"@context\":\"https:\/\/schema.org\",\"@graph\":[{\"@type\":\"Article\",\"@id\":\"https:\/\/epochtimestr.com\/index.php\/turkiyenin-ab-uyelik-muzakereligi-baslayamiyor#article\",\"isPartOf\":{\"@id\":\"https:\/\/epochtimestr.com\/index.php\/turkiyenin-ab-uyelik-muzakereligi-baslayamiyor\"},\"author\":{\"name\":\"Haber Merkezi\",\"@id\":\"https:\/\/epochtimestr.com\/#\/schema\/person\/3dc5c3adeb9f43923c5aa85889172fdd\"},\"headline\":\"T\u00fcrkiye&#8217;nin AB \u00dcyelik M\u00fczakereli\u011fi Ba\u015flayam\u0131yor\",\"datePublished\":\"2023-07-19T10:19:49+00:00\",\"dateModified\":\"2023-07-20T07:22:29+00:00\",\"mainEntityOfPage\":{\"@id\":\"https:\/\/epochtimestr.com\/index.php\/turkiyenin-ab-uyelik-muzakereligi-baslayamiyor\"},\"wordCount\":298,\"publisher\":{\"@id\":\"https:\/\/epochtimestr.com\/#organization\"},\"image\":{\"@id\":\"https:\/\/epochtimestr.com\/index.php\/turkiyenin-ab-uyelik-muzakereligi-baslayamiyor#primaryimage\"},\"thumbnailUrl\":\"https:\/\/epochtimestr.com\/wp-content\/uploads\/2011y\/flags-1615129_1280.jpg\",\"articleSection\":[\"D\u00dcNYA\",\"Ekonomi\",\"G\u00dcNDEM\",\"MAN\u015eET\",\"Siyaset\",\"T\u00dcRK\u0130YE\"],\"inLanguage\":\"tr\"},{\"@type\":\"WebPage\",\"@id\":\"https:\/\/epochtimestr.com\/index.php\/turkiyenin-ab-uyelik-muzakereligi-baslayamiyor\",\"url\":\"https:\/\/epochtimestr.com\/index.php\/turkiyenin-ab-uyelik-muzakereligi-baslayamiyor\",\"name\":\"T\u00fcrkiye'nin AB \u00dcyelik M\u00fczakereli\u011fi Ba\u015flayam\u0131yor - The Epoch Times TR\",\"isPartOf\":{\"@id\":\"https:\/\/epochtimestr.com\/#website\"},\"primaryImageOfPage\":{\"@id\":\"https:\/\/epochtimestr.com\/index.php\/turkiyenin-ab-uyelik-muzakereligi-baslayamiyor#primaryimage\"},\"image\":{\"@id\":\"https:\/\/epochtimestr.com\/index.php\/turkiyenin-ab-uyelik-muzakereligi-baslayamiyor#primaryimage\"},\"thumbnailUrl\":\"https:\/\/epochtimestr.com\/wp-content\/uploads\/2011y\/flags-1615129_1280.jpg\",\"datePublished\":\"2023-07-19T10:19:49+00:00\",\"dateModified\":\"2023-07-20T07:22:29+00:00\",\"inLanguage\":\"tr\",\"potentialAction\":[{\"@type\":\"ReadAction\",\"target\":[\"https:\/\/epochtimestr.com\/index.php\/turkiyenin-ab-uyelik-muzakereligi-baslayamiyor\"]}]},{\"@type\":\"ImageObject\",\"inLanguage\":\"tr\",\"@id\":\"https:\/\/epochtimestr.com\/index.php\/turkiyenin-ab-uyelik-muzakereligi-baslayamiyor#primaryimage\",\"url\":\"https:\/\/epochtimestr.com\/wp-content\/uploads\/2011y\/flags-1615129_1280.jpg\",\"contentUrl\":\"https:\/\/epochtimestr.com\/wp-content\/uploads\/2011y\/flags-1615129_1280.jpg\",\"width\":1280,\"height\":948},{\"@type\":\"WebSite\",\"@id\":\"https:\/\/epochtimestr.com\/#website\",\"url\":\"https:\/\/epochtimestr.com\/\",\"name\":\"The Epoch Times TR\",\"description\":\"De\u011fi\u015fen D\u00fcnyam\u0131za Taze Bir Bak\u0131\u015f\",\"publisher\":{\"@id\":\"https:\/\/epochtimestr.com\/#organization\"},\"potentialAction\":[{\"@type\":\"SearchAction\",\"target\":{\"@type\":\"EntryPoint\",\"urlTemplate\":\"https:\/\/epochtimestr.com\/?s={search_term_string}\"},\"query-input\":\"required name=search_term_string\"}],\"inLanguage\":\"tr\"},{\"@type\":\"Organization\",\"@id\":\"https:\/\/epochtimestr.com\/#organization\",\"name\":\"The EpochTimes T\u00fcrkiye\",\"url\":\"https:\/\/epochtimestr.com\/\",\"logo\":{\"@type\":\"ImageObject\",\"inLanguage\":\"tr\",\"@id\":\"https:\/\/epochtimestr.com\/#\/schema\/logo\/image\/\",\"url\":\"https:\/\/epochtimestr.com\/wp-content\/uploads\/2011y\/ET-Logo-YG.jpg\",\"contentUrl\":\"https:\/\/epochtimestr.com\/wp-content\/uploads\/2011y\/ET-Logo-YG.jpg\",\"width\":346,\"height\":29,\"caption\":\"The EpochTimes T\u00fcrkiye\"},\"image\":{\"@id\":\"https:\/\/epochtimestr.com\/#\/schema\/logo\/image\/\"},\"sameAs\":[\"https:\/\/www.facebook.com\/theepochtimestr\",\"https:\/\/x.com\/TheEpochTimesTR\",\"https:\/\/www.instagram.com\/epochtimestr\"]},{\"@type\":\"Person\",\"@id\":\"https:\/\/epochtimestr.com\/#\/schema\/person\/3dc5c3adeb9f43923c5aa85889172fdd\",\"name\":\"Haber Merkezi\",\"image\":{\"@type\":\"ImageObject\",\"inLanguage\":\"tr\",\"@id\":\"https:\/\/epochtimestr.com\/#\/schema\/person\/image\/\",\"url\":\"https:\/\/secure.gravatar.com\/avatar\/d73f772ba5a74f28601361e17c2f93e6?s=96&d=mm&r=g\",\"contentUrl\":\"https:\/\/secure.gravatar.com\/avatar\/d73f772ba5a74f28601361e17c2f93e6?s=96&d=mm&r=g\",\"caption\":\"Haber Merkezi\"},\"url\":\"https:\/\/epochtimestr.com\/index.php\/author\/sendag\"}]}<\/script>\n<!-- \/ Yoast SEO plugin. -->","yoast_head_json":{"title":"T\u00fcrkiye'nin AB \u00dcyelik M\u00fczakereli\u011fi Ba\u015flayam\u0131yor - The Epoch Times TR","robots":{"index":"index","follow":"follow","max-snippet":"max-snippet:-1","max-image-preview":"max-image-preview:large","max-video-preview":"max-video-preview:-1"},"canonical":"https:\/\/epochtimestr.com\/index.php\/turkiyenin-ab-uyelik-muzakereligi-baslayamiyor","og_locale":"tr_TR","og_type":"article","og_title":"T\u00fcrkiye'nin AB \u00dcyelik M\u00fczakereli\u011fi Ba\u015flayam\u0131yor - The Epoch Times TR","og_description":"AP D\u0131\u015f \u0130li\u015fkiler Komitesi, T\u00fcrkiye\u2019nin \u00fcyelik m\u00fczakerelerinin mevcut \u015fartlarda yeniden ba\u015flayamayaca\u011f\u0131n\u0131 bildirdi. Avrupa Parlamentosu (AP) D\u0131\u015f \u0130li\u015fkiler Komitesi, T\u00fcrkiye\u2019nin \u00fcyelik m\u00fczakerelerinin \u015fu anki \u015fartlarda yeniden ba\u015flayamayaca\u011f\u0131n\u0131, bu nedenle AB ve T\u00fcrkiye ili\u015fkilerinin farkl\u0131 bir d\u00fczlemde ilerlemesi gerekti\u011fini a\u00e7\u0131klad\u0131. \u00d6te yandan Avrupa Birli\u011fi (AB) \u00fclkelerinin d\u0131\u015fi\u015fleri bakanlar\u0131, 20 Temmuz\u2019da yapacaklar\u0131 toplant\u0131da T\u00fcrkiye-AB ili\u015fkilerini de\u011ferlendirecek. AB \u00fcyelik [&hellip;]","og_url":"https:\/\/epochtimestr.com\/index.php\/turkiyenin-ab-uyelik-muzakereligi-baslayamiyor","og_site_name":"The Epoch Times TR","article_publisher":"https:\/\/www.facebook.com\/theepochtimestr","article_published_time":"2023-07-19T10:19:49+00:00","article_modified_time":"2023-07-20T07:22:29+00:00","og_image":[{"width":1280,"height":948,"url":"https:\/\/epochtimestr.com\/wp-content\/uploads\/2011y\/flags-1615129_1280.jpg","type":"image\/jpeg"}],"author":"Haber Merkezi","twitter_card":"summary_large_image","twitter_creator":"@TheEpochTimesTR","twitter_site":"@TheEpochTimesTR","twitter_misc":{"Yazan:":"Haber Merkezi","Tahmini okuma s\u00fcresi":"2 dakika"},"schema":{"@context":"https:\/\/schema.org","@graph":[{"@type":"Article","@id":"https:\/\/epochtimestr.com\/index.php\/turkiyenin-ab-uyelik-muzakereligi-baslayamiyor#article","isPartOf":{"@id":"https:\/\/epochtimestr.com\/index.php\/turkiyenin-ab-uyelik-muzakereligi-baslayamiyor"},"author":{"name":"Haber Merkezi","@id":"https:\/\/epochtimestr.com\/#\/schema\/person\/3dc5c3adeb9f43923c5aa85889172fdd"},"headline":"T\u00fcrkiye&#8217;nin AB \u00dcyelik M\u00fczakereli\u011fi Ba\u015flayam\u0131yor","datePublished":"2023-07-19T10:19:49+00:00","dateModified":"2023-07-20T07:22:29+00:00","mainEntityOfPage":{"@id":"https:\/\/epochtimestr.com\/index.php\/turkiyenin-ab-uyelik-muzakereligi-baslayamiyor"},"wordCount":298,"publisher":{"@id":"https:\/\/epochtimestr.com\/#organization"},"image":{"@id":"https:\/\/epochtimestr.com\/index.php\/turkiyenin-ab-uyelik-muzakereligi-baslayamiyor#primaryimage"},"thumbnailUrl":"https:\/\/epochtimestr.com\/wp-content\/uploads\/2011y\/flags-1615129_1280.jpg","articleSection":["D\u00dcNYA","Ekonomi","G\u00dcNDEM","MAN\u015eET","Siyaset","T\u00dcRK\u0130YE"],"inLanguage":"tr"},{"@type":"WebPage","@id":"https:\/\/epochtimestr.com\/index.php\/turkiyenin-ab-uyelik-muzakereligi-baslayamiyor","url":"https:\/\/epochtimestr.com\/index.php\/turkiyenin-ab-uyelik-muzakereligi-baslayamiyor","name":"T\u00fcrkiye'nin AB \u00dcyelik M\u00fczakereli\u011fi Ba\u015flayam\u0131yor - The Epoch Times TR","isPartOf":{"@id":"https:\/\/epochtimestr.com\/#website"},"primaryImageOfPage":{"@id":"https:\/\/epochtimestr.com\/index.php\/turkiyenin-ab-uyelik-muzakereligi-baslayamiyor#primaryimage"},"image":{"@id":"https:\/\/epochtimestr.com\/index.php\/turkiyenin-ab-uyelik-muzakereligi-baslayamiyor#primaryimage"},"thumbnailUrl":"https:\/\/epochtimestr.com\/wp-content\/uploads\/2011y\/flags-1615129_1280.jpg","datePublished":"2023-07-19T10:19:49+00:00","dateModified":"2023-07-20T07:22:29+00:00","inLanguage":"tr","potentialAction":[{"@type":"ReadAction","target":["https:\/\/epochtimestr.com\/index.php\/turkiyenin-ab-uyelik-muzakereligi-baslayamiyor"]}]},{"@type":"ImageObject","inLanguage":"tr","@id":"https:\/\/epochtimestr.com\/index.php\/turkiyenin-ab-uyelik-muzakereligi-baslayamiyor#primaryimage","url":"https:\/\/epochtimestr.com\/wp-content\/uploads\/2011y\/flags-1615129_1280.jpg","contentUrl":"https:\/\/epochtimestr.com\/wp-content\/uploads\/2011y\/flags-1615129_1280.jpg","width":1280,"height":948},{"@type":"WebSite","@id":"https:\/\/epochtimestr.com\/#website","url":"https:\/\/epochtimestr.com\/","name":"The Epoch Times TR","description":"De\u011fi\u015fen D\u00fcnyam\u0131za Taze Bir Bak\u0131\u015f","publisher":{"@id":"https:\/\/epochtimestr.com\/#organization"},"potentialAction":[{"@type":"SearchAction","target":{"@type":"EntryPoint","urlTemplate":"https:\/\/epochtimestr.com\/?s={search_term_string}"},"query-input":"required name=search_term_string"}],"inLanguage":"tr"},{"@type":"Organization","@id":"https:\/\/epochtimestr.com\/#organization","name":"The EpochTimes T\u00fcrkiye","url":"https:\/\/epochtimestr.com\/","logo":{"@type":"ImageObject","inLanguage":"tr","@id":"https:\/\/epochtimestr.com\/#\/schema\/logo\/image\/","url":"https:\/\/epochtimestr.com\/wp-content\/uploads\/2011y\/ET-Logo-YG.jpg","contentUrl":"https:\/\/epochtimestr.com\/wp-content\/uploads\/2011y\/ET-Logo-YG.jpg","width":346,"height":29,"caption":"The EpochTimes T\u00fcrkiye"},"image":{"@id":"https:\/\/epochtimestr.com\/#\/schema\/logo\/image\/"},"sameAs":["https:\/\/www.facebook.com\/theepochtimestr","https:\/\/x.com\/TheEpochTimesTR","https:\/\/www.instagram.com\/epochtimestr"]},{"@type":"Person","@id":"https:\/\/epochtimestr.com\/#\/schema\/person\/3dc5c3adeb9f43923c5aa85889172fdd","name":"Haber Merkezi","image":{"@type":"ImageObject","inLanguage":"tr","@id":"https:\/\/epochtimestr.com\/#\/schema\/person\/image\/","url":"https:\/\/secure.gravatar.com\/avatar\/d73f772ba5a74f28601361e17c2f93e6?s=96&d=mm&r=g","contentUrl":"https:\/\/secure.gravatar.com\/avatar\/d73f772ba5a74f28601361e17c2f93e6?s=96&d=mm&r=g","caption":"Haber Merkezi"},"url":"https:\/\/epochtimestr.com\/index.php\/author\/sendag"}]}},"_links":{"self":[{"href":"https:\/\/epochtimestr.com\/index.php\/wp-json\/wp\/v2\/posts\/146451"}],"collection":[{"href":"https:\/\/epochtimestr.com\/index.php\/wp-json\/wp\/v2\/posts"}],"about":[{"href":"https:\/\/epochtimestr.com\/index.php\/wp-json\/wp\/v2\/types\/post"}],"author":[{"embeddable":true,"href":"https:\/\/epochtimestr.com\/index.php\/wp-json\/wp\/v2\/users\/12791"}],"replies":[{"embeddable":true,"href":"https:\/\/epochtimestr.com\/index.php\/wp-json\/wp\/v2\/comments?post=146451"}],"version-history":[{"count":3,"href":"https:\/\/epochtimestr.com\/index.php\/wp-json\/wp\/v2\/posts\/146451\/revisions"}],"predecessor-version":[{"id":146473,"href":"https:\/\/epochtimestr.com\/index.php\/wp-json\/wp\/v2\/posts\/146451\/revisions\/146473"}],"wp:featuredmedia":[{"embeddable":true,"href":"https:\/\/epochtimestr.com\/index.php\/wp-json\/wp\/v2\/media\/146452"}],"wp:attachment":[{"href":"https:\/\/epochtimestr.com\/index.php\/wp-json\/wp\/v2\/media?parent=146451"}],"wp:term":[{"taxonomy":"category","embeddable":true,"href":"https:\/\/epochtimestr.com\/index.php\/wp-json\/wp\/v2\/categories?post=146451"},{"taxonomy":"post_tag","embeddable":true,"href":"https:\/\/epochtimestr.com\/index.php\/wp-json\/wp\/v2\/tags?post=146451"}],"curies":[{"name":"wp","href":"https:\/\/api.w.org\/{rel}","templated":true}]}}