{"id":146454,"date":"2023-07-19T13:21:07","date_gmt":"2023-07-19T10:21:07","guid":{"rendered":"https:\/\/epochtimestr.com\/?p=146454"},"modified":"2023-07-19T13:21:10","modified_gmt":"2023-07-19T10:21:10","slug":"yasa-disi-goc-yasa-tasarisina-iliskin-aciklama-yapildi","status":"publish","type":"post","link":"https:\/\/epochtimestr.com\/index.php\/yasa-disi-goc-yasa-tasarisina-iliskin-aciklama-yapildi","title":{"rendered":"\u201cYasa D\u0131\u015f\u0131 G\u00f6\u00e7 Yasa Tasar\u0131s\u0131\u201dna \u0130li\u015fkin A\u00e7\u0131klama Yap\u0131ld\u0131"},"content":{"rendered":"\n<p><\/p>\n\n\n<div class=\"wp-block-image\">\n<figure class=\"aligncenter size-full is-resized\"><img loading=\"lazy\" decoding=\"async\" src=\"https:\/\/epochtimestr.com\/wp-content\/uploads\/2011y\/map-of-the-world-1005413_1280.webp\" alt=\"\" class=\"wp-image-146455\" width=\"532\" height=\"343\" srcset=\"https:\/\/epochtimestr.com\/wp-content\/uploads\/2011y\/map-of-the-world-1005413_1280.webp 1280w, https:\/\/epochtimestr.com\/wp-content\/uploads\/2011y\/map-of-the-world-1005413_1280-300x194.webp 300w, https:\/\/epochtimestr.com\/wp-content\/uploads\/2011y\/map-of-the-world-1005413_1280-150x97.webp 150w, https:\/\/epochtimestr.com\/wp-content\/uploads\/2011y\/map-of-the-world-1005413_1280-768x496.webp 768w, https:\/\/epochtimestr.com\/wp-content\/uploads\/2011y\/map-of-the-world-1005413_1280-210x136.webp 210w\" sizes=\"(max-width: 532px) 100vw, 532px\" \/><figcaption class=\"wp-element-caption\">Kaynak: Pixabay &#8211; <strong>kalhh<\/strong><\/figcaption><\/figure><\/div>\n\n\n<h2 class=\"wp-block-heading\">BM M\u00fclteciler Y\u00fcksek Komiserli\u011fi (BMMYK) ve BM \u0130nsan Haklar\u0131 Y\u00fcksek Komiserli\u011fi (OHCHR), \u0130ngiltere&#8217;de h\u00fck\u00fcmetin Man\u015f Denizi \u00fczerinden bot veya teknelerle \u00fclkeye giren g\u00f6\u00e7menleri engellemeye y\u00f6nelik 7 Mart&#8217;ta a\u00e7\u0131klad\u0131\u011f\u0131 \u201cYasa D\u0131\u015f\u0131 G\u00f6\u00e7 Yasa Tasar\u0131s\u0131\u201dn\u0131n parlamentodan ge\u00e7mesine ili\u015fkin ortak yaz\u0131l\u0131 a\u00e7\u0131klama yapt\u0131.<\/h2>\n\n\n\n<p><\/p>\n\n\n\n<p>Birle\u015fmi\u015f Milletler\u2019in (BM) \u00e7e\u015fitli kurulu\u015flar\u0131, \u0130ngiltere h\u00fck\u00fcmeti taraf\u0131ndan Avam Kamaras\u0131na sunulan ve d\u00fczensiz g\u00f6\u00e7menlerin Man\u015f Denizi \u00fczerinden \u0130ngiltere&#8217;ye giri\u015flerini engellemeyi ama\u00e7layan yasa tasar\u0131s\u0131n\u0131n m\u00fcltecilerin koruma veya insan haklar\u0131yla ilgili di\u011fer taleplerinin de bununla engellendi\u011fi belirtildi.<\/p>\n\n\n\n<p><br \/>BM \u0130nsan Haklar\u0131 Temsilcisi Volker T\u00fcrk yapt\u0131\u011f\u0131 a\u00e7\u0131klamada, yasa tasar\u0131s\u0131ndan \u201cb\u00fcy\u00fck endi\u015fe duydu\u011funu\u201d bildirdi. Volker T\u00fcrk, \u201d\u0130nsanlar\u0131n s\u0131\u011f\u0131nma ve di\u011fer uluslararas\u0131 korunma taleplerini engelleyen b\u00f6yle bir genel yasak, \u0130ngiltere\u2019nin insan haklar\u0131 ve m\u00fclteci hukuku y\u00fck\u00fcml\u00fcl\u00fckleriyle \u00e7eli\u015fiyor.\u201d dedi.<br \/>Tasar\u0131n\u0131n uluslararas\u0131 perspektiften \u00e7ok ciddi yasal endi\u015feleri g\u00fcndeme getirdi\u011fini de kaydeden T\u00fcrk, &#8220;Bunu emsal almak Avrupa \u00fclkeleri dahil di\u011fer \u00fclkelere cazip gelebilir. Tasar\u0131, uluslararas\u0131 m\u00fclteci ve insan haklar\u0131 koruma sisteminin tamam\u0131 \u00fcst\u00fcnde potansiyel olarak olumsuz bir etki olu\u015fturabilecek s\u0131\u011f\u0131nmayla ilgili y\u00fck\u00fcml\u00fcl\u00fcklerin ortadan kald\u0131r\u0131lmas\u0131 i\u00e7in endi\u015fe verici bir \u00f6rnek olu\u015fturuyor.&#8221; de\u011ferlendirmesinde bulundu.<\/p>\n\n\n\n<p><br \/>BM M\u00fclteciler Y\u00fcksek Komiserli\u011fi\u2019nden (UNHCR) yap\u0131lan yaz\u0131l\u0131 a\u00e7\u0131klamada; &#8220;Bu s\u0131\u011f\u0131nmac\u0131lara koruma sa\u011flamak yerine, ba\u015fka bir \u00fclkeye g\u00f6nderilmeleri i\u00e7in d\u00fczenlemeler yap\u0131l\u0131rken, \u0130ngiltere&#8217;de al\u0131konulacaklar. Tasar\u0131 kabul edilirse, bir iltica yasa\u011f\u0131 anlam\u0131na gelir. Bu, talepleri ne kadar ger\u00e7ek ve zorlay\u0131c\u0131 olursa olsun, bireysel ko\u015fullar\u0131 dikkate al\u0131nmaks\u0131z\u0131n d\u00fczensiz olarak gelenlerin \u0130ngiltere&#8217;de m\u00fclteci korumas\u0131 arama hakk\u0131n\u0131 ortadan kald\u0131r\u0131r. UNHCR, \u0130ngiltere h\u00fck\u00fcmeti taraf\u0131ndan bug\u00fcn Avam Kamaras\u0131&#8217;na sunulan iltica yasa tasar\u0131s\u0131ndan derin bir endi\u015fe duyuyor.&#8221; ifadesi kullan\u0131ld\u0131.<\/p>\n\n\n\n<p><br \/>Kabul edilmesi halinde bunun, a\u00e7\u0131k bir \u015fekilde M\u00fclteci S\u00f6zle\u015fmesi&#8217;nin ihlali anlam\u0131na gelece\u011fi vurgulanan a\u00e7\u0131klamada, \u0130ngiliz halk\u0131n\u0131n uzun s\u00fcredir devam eden insani gelene\u011fine de g\u00f6lge d\u00fc\u015f\u00fcrece\u011fi kaydedildi.<\/p>\n\n\n\n<figure class=\"wp-block-embed is-type-rich is-provider-twitter wp-block-embed-twitter\"><div class=\"wp-block-embed__wrapper\">\n<blockquote class=\"twitter-tweet\" data-width=\"550\" data-dnt=\"true\"><p lang=\"en\" dir=\"ltr\">UK Illegal Migration Bill: UNHCR High Commissioner <a href=\"https:\/\/twitter.com\/FilippoGrandi?ref_src=twsrc%5Etfw\">@FilippoGrandi<\/a> and <a href=\"https:\/\/twitter.com\/UNHumanRights?ref_src=twsrc%5Etfw\">@UNHumanRights<\/a> chief <a href=\"https:\/\/twitter.com\/volker_turk?ref_src=twsrc%5Etfw\">@volker_turk<\/a> warn of profound impact on human rights and international refugee protection system.<br>\ud83d\udd17<a href=\"https:\/\/t.co\/xWTnazSSuq\">https:\/\/t.co\/xWTnazSSuq<\/a> <a href=\"https:\/\/t.co\/mReeGalB5X\">pic.twitter.com\/mReeGalB5X<\/a><\/p>&mdash; UNHCR, the UN Refugee Agency (@Refugees) <a href=\"https:\/\/twitter.com\/Refugees\/status\/1681212598446956544?ref_src=twsrc%5Etfw\">July 18, 2023<\/a><\/blockquote><script async src=\"https:\/\/platform.twitter.com\/widgets.js\" charset=\"utf-8\"><\/script>\n<\/div><figcaption class=\"wp-element-caption\">Kaynak: UNHCR Twitter<\/figcaption><\/figure>\n\n\n\n<p><\/p>\n","protected":false},"excerpt":{"rendered":"<p>BM M\u00fclteciler Y\u00fcksek Komiserli\u011fi (BMMYK) ve BM \u0130nsan Haklar\u0131 Y\u00fcksek Komiserli\u011fi (OHCHR), \u0130ngiltere&#8217;de h\u00fck\u00fcmetin Man\u015f Denizi \u00fczerinden bot veya teknelerle \u00fclkeye giren g\u00f6\u00e7menleri engellemeye y\u00f6nelik 7 Mart&#8217;ta a\u00e7\u0131klad\u0131\u011f\u0131 \u201cYasa D\u0131\u015f\u0131 G\u00f6\u00e7 Yasa Tasar\u0131s\u0131\u201dn\u0131n parlamentodan ge\u00e7mesine ili\u015fkin ortak yaz\u0131l\u0131 a\u00e7\u0131klama yapt\u0131. Birle\u015fmi\u015f Milletler\u2019in (BM) \u00e7e\u015fitli kurulu\u015flar\u0131, \u0130ngiltere h\u00fck\u00fcmeti taraf\u0131ndan Avam Kamaras\u0131na sunulan ve d\u00fczensiz g\u00f6\u00e7menlerin Man\u015f [&hellip;]<\/p>\n","protected":false},"author":12791,"featured_media":146455,"comment_status":"closed","ping_status":"open","sticky":false,"template":"","format":"standard","meta":{"_yoast_wpseo_focuskw":"","_yoast_wpseo_title":"","_yoast_wpseo_metadesc":"","_bbp_topic_count":0,"_bbp_reply_count":0,"_bbp_total_topic_count":0,"_bbp_total_reply_count":0,"_bbp_voice_count":0,"_bbp_anonymous_reply_count":0,"_bbp_topic_count_hidden":0,"_bbp_reply_count_hidden":0,"_bbp_forum_subforum_count":0,"footnotes":"","_yoast_wpseo_focuskw_text_input":""},"categories":[5,8225,1,8226,37],"tags":[],"yoast_head":"<!-- This site is optimized with the Yoast SEO plugin v23.0 - https:\/\/yoast.com\/wordpress\/plugins\/seo\/ -->\n<title>\u201cYasa D\u0131\u015f\u0131 G\u00f6\u00e7 Yasa Tasar\u0131s\u0131\u201dna \u0130li\u015fkin A\u00e7\u0131klama Yap\u0131ld\u0131 - The Epoch Times TR<\/title>\n<meta name=\"robots\" content=\"index, follow, max-snippet:-1, max-image-preview:large, max-video-preview:-1\" \/>\n<link rel=\"canonical\" href=\"https:\/\/epochtimestr.com\/index.php\/yasa-disi-goc-yasa-tasarisina-iliskin-aciklama-yapildi\" \/>\n<meta property=\"og:locale\" content=\"tr_TR\" \/>\n<meta property=\"og:type\" content=\"article\" \/>\n<meta property=\"og:title\" content=\"\u201cYasa D\u0131\u015f\u0131 G\u00f6\u00e7 Yasa Tasar\u0131s\u0131\u201dna \u0130li\u015fkin A\u00e7\u0131klama Yap\u0131ld\u0131 - The Epoch Times TR\" \/>\n<meta property=\"og:description\" content=\"BM M\u00fclteciler Y\u00fcksek Komiserli\u011fi (BMMYK) ve BM \u0130nsan Haklar\u0131 Y\u00fcksek Komiserli\u011fi (OHCHR), \u0130ngiltere&#8217;de h\u00fck\u00fcmetin Man\u015f Denizi \u00fczerinden bot veya teknelerle \u00fclkeye giren g\u00f6\u00e7menleri engellemeye y\u00f6nelik 7 Mart&#8217;ta a\u00e7\u0131klad\u0131\u011f\u0131 \u201cYasa D\u0131\u015f\u0131 G\u00f6\u00e7 Yasa Tasar\u0131s\u0131\u201dn\u0131n parlamentodan ge\u00e7mesine ili\u015fkin ortak yaz\u0131l\u0131 a\u00e7\u0131klama yapt\u0131. Birle\u015fmi\u015f Milletler\u2019in (BM) \u00e7e\u015fitli kurulu\u015flar\u0131, \u0130ngiltere h\u00fck\u00fcmeti taraf\u0131ndan Avam Kamaras\u0131na sunulan ve d\u00fczensiz g\u00f6\u00e7menlerin Man\u015f [&hellip;]\" \/>\n<meta property=\"og:url\" content=\"https:\/\/epochtimestr.com\/index.php\/yasa-disi-goc-yasa-tasarisina-iliskin-aciklama-yapildi\" \/>\n<meta property=\"og:site_name\" content=\"The Epoch Times TR\" \/>\n<meta property=\"article:publisher\" content=\"https:\/\/www.facebook.com\/theepochtimestr\" \/>\n<meta property=\"article:published_time\" content=\"2023-07-19T10:21:07+00:00\" \/>\n<meta property=\"article:modified_time\" content=\"2023-07-19T10:21:10+00:00\" \/>\n<meta property=\"og:image\" content=\"https:\/\/epochtimestr.com\/wp-content\/uploads\/2011y\/map-of-the-world-1005413_1280.webp\" \/>\n\t<meta property=\"og:image:width\" content=\"1280\" \/>\n\t<meta property=\"og:image:height\" content=\"827\" \/>\n\t<meta property=\"og:image:type\" content=\"image\/webp\" \/>\n<meta name=\"author\" content=\"Haber Merkezi\" \/>\n<meta name=\"twitter:card\" content=\"summary_large_image\" \/>\n<meta name=\"twitter:creator\" content=\"@TheEpochTimesTR\" \/>\n<meta name=\"twitter:site\" content=\"@TheEpochTimesTR\" \/>\n<meta name=\"twitter:label1\" content=\"Yazan:\" \/>\n\t<meta name=\"twitter:data1\" content=\"Haber Merkezi\" \/>\n\t<meta name=\"twitter:label2\" content=\"Tahmini okuma s\u00fcresi\" \/>\n\t<meta name=\"twitter:data2\" content=\"2 dakika\" \/>\n<script type=\"application\/ld+json\" class=\"yoast-schema-graph\">{\"@context\":\"https:\/\/schema.org\",\"@graph\":[{\"@type\":\"Article\",\"@id\":\"https:\/\/epochtimestr.com\/index.php\/yasa-disi-goc-yasa-tasarisina-iliskin-aciklama-yapildi#article\",\"isPartOf\":{\"@id\":\"https:\/\/epochtimestr.com\/index.php\/yasa-disi-goc-yasa-tasarisina-iliskin-aciklama-yapildi\"},\"author\":{\"name\":\"Haber Merkezi\",\"@id\":\"https:\/\/epochtimestr.com\/#\/schema\/person\/3dc5c3adeb9f43923c5aa85889172fdd\"},\"headline\":\"\u201cYasa D\u0131\u015f\u0131 G\u00f6\u00e7 Yasa Tasar\u0131s\u0131\u201dna \u0130li\u015fkin A\u00e7\u0131klama Yap\u0131ld\u0131\",\"datePublished\":\"2023-07-19T10:21:07+00:00\",\"dateModified\":\"2023-07-19T10:21:10+00:00\",\"mainEntityOfPage\":{\"@id\":\"https:\/\/epochtimestr.com\/index.php\/yasa-disi-goc-yasa-tasarisina-iliskin-aciklama-yapildi\"},\"wordCount\":413,\"publisher\":{\"@id\":\"https:\/\/epochtimestr.com\/#organization\"},\"image\":{\"@id\":\"https:\/\/epochtimestr.com\/index.php\/yasa-disi-goc-yasa-tasarisina-iliskin-aciklama-yapildi#primaryimage\"},\"thumbnailUrl\":\"https:\/\/epochtimestr.com\/wp-content\/uploads\/2011y\/map-of-the-world-1005413_1280.webp\",\"articleSection\":[\"D\u00dcNYA\",\"Ekonomi\",\"G\u00dcNDEM\",\"Siyaset\",\"T\u00dcRK\u0130YE\"],\"inLanguage\":\"tr\"},{\"@type\":\"WebPage\",\"@id\":\"https:\/\/epochtimestr.com\/index.php\/yasa-disi-goc-yasa-tasarisina-iliskin-aciklama-yapildi\",\"url\":\"https:\/\/epochtimestr.com\/index.php\/yasa-disi-goc-yasa-tasarisina-iliskin-aciklama-yapildi\",\"name\":\"\u201cYasa D\u0131\u015f\u0131 G\u00f6\u00e7 Yasa Tasar\u0131s\u0131\u201dna \u0130li\u015fkin A\u00e7\u0131klama Yap\u0131ld\u0131 - The Epoch Times TR\",\"isPartOf\":{\"@id\":\"https:\/\/epochtimestr.com\/#website\"},\"primaryImageOfPage\":{\"@id\":\"https:\/\/epochtimestr.com\/index.php\/yasa-disi-goc-yasa-tasarisina-iliskin-aciklama-yapildi#primaryimage\"},\"image\":{\"@id\":\"https:\/\/epochtimestr.com\/index.php\/yasa-disi-goc-yasa-tasarisina-iliskin-aciklama-yapildi#primaryimage\"},\"thumbnailUrl\":\"https:\/\/epochtimestr.com\/wp-content\/uploads\/2011y\/map-of-the-world-1005413_1280.webp\",\"datePublished\":\"2023-07-19T10:21:07+00:00\",\"dateModified\":\"2023-07-19T10:21:10+00:00\",\"inLanguage\":\"tr\",\"potentialAction\":[{\"@type\":\"ReadAction\",\"target\":[\"https:\/\/epochtimestr.com\/index.php\/yasa-disi-goc-yasa-tasarisina-iliskin-aciklama-yapildi\"]}]},{\"@type\":\"ImageObject\",\"inLanguage\":\"tr\",\"@id\":\"https:\/\/epochtimestr.com\/index.php\/yasa-disi-goc-yasa-tasarisina-iliskin-aciklama-yapildi#primaryimage\",\"url\":\"https:\/\/epochtimestr.com\/wp-content\/uploads\/2011y\/map-of-the-world-1005413_1280.webp\",\"contentUrl\":\"https:\/\/epochtimestr.com\/wp-content\/uploads\/2011y\/map-of-the-world-1005413_1280.webp\",\"width\":1280,\"height\":827},{\"@type\":\"WebSite\",\"@id\":\"https:\/\/epochtimestr.com\/#website\",\"url\":\"https:\/\/epochtimestr.com\/\",\"name\":\"The Epoch Times TR\",\"description\":\"De\u011fi\u015fen D\u00fcnyam\u0131za Taze Bir Bak\u0131\u015f\",\"publisher\":{\"@id\":\"https:\/\/epochtimestr.com\/#organization\"},\"potentialAction\":[{\"@type\":\"SearchAction\",\"target\":{\"@type\":\"EntryPoint\",\"urlTemplate\":\"https:\/\/epochtimestr.com\/?s={search_term_string}\"},\"query-input\":\"required name=search_term_string\"}],\"inLanguage\":\"tr\"},{\"@type\":\"Organization\",\"@id\":\"https:\/\/epochtimestr.com\/#organization\",\"name\":\"The EpochTimes T\u00fcrkiye\",\"url\":\"https:\/\/epochtimestr.com\/\",\"logo\":{\"@type\":\"ImageObject\",\"inLanguage\":\"tr\",\"@id\":\"https:\/\/epochtimestr.com\/#\/schema\/logo\/image\/\",\"url\":\"https:\/\/epochtimestr.com\/wp-content\/uploads\/2011y\/ET-Logo-YG.jpg\",\"contentUrl\":\"https:\/\/epochtimestr.com\/wp-content\/uploads\/2011y\/ET-Logo-YG.jpg\",\"width\":346,\"height\":29,\"caption\":\"The EpochTimes T\u00fcrkiye\"},\"image\":{\"@id\":\"https:\/\/epochtimestr.com\/#\/schema\/logo\/image\/\"},\"sameAs\":[\"https:\/\/www.facebook.com\/theepochtimestr\",\"https:\/\/x.com\/TheEpochTimesTR\",\"https:\/\/www.instagram.com\/epochtimestr\"]},{\"@type\":\"Person\",\"@id\":\"https:\/\/epochtimestr.com\/#\/schema\/person\/3dc5c3adeb9f43923c5aa85889172fdd\",\"name\":\"Haber Merkezi\",\"image\":{\"@type\":\"ImageObject\",\"inLanguage\":\"tr\",\"@id\":\"https:\/\/epochtimestr.com\/#\/schema\/person\/image\/\",\"url\":\"https:\/\/secure.gravatar.com\/avatar\/d73f772ba5a74f28601361e17c2f93e6?s=96&d=mm&r=g\",\"contentUrl\":\"https:\/\/secure.gravatar.com\/avatar\/d73f772ba5a74f28601361e17c2f93e6?s=96&d=mm&r=g\",\"caption\":\"Haber Merkezi\"},\"url\":\"https:\/\/epochtimestr.com\/index.php\/author\/sendag\"}]}<\/script>\n<!-- \/ Yoast SEO plugin. -->","yoast_head_json":{"title":"\u201cYasa D\u0131\u015f\u0131 G\u00f6\u00e7 Yasa Tasar\u0131s\u0131\u201dna \u0130li\u015fkin A\u00e7\u0131klama Yap\u0131ld\u0131 - The Epoch Times TR","robots":{"index":"index","follow":"follow","max-snippet":"max-snippet:-1","max-image-preview":"max-image-preview:large","max-video-preview":"max-video-preview:-1"},"canonical":"https:\/\/epochtimestr.com\/index.php\/yasa-disi-goc-yasa-tasarisina-iliskin-aciklama-yapildi","og_locale":"tr_TR","og_type":"article","og_title":"\u201cYasa D\u0131\u015f\u0131 G\u00f6\u00e7 Yasa Tasar\u0131s\u0131\u201dna \u0130li\u015fkin A\u00e7\u0131klama Yap\u0131ld\u0131 - The Epoch Times TR","og_description":"BM M\u00fclteciler Y\u00fcksek Komiserli\u011fi (BMMYK) ve BM \u0130nsan Haklar\u0131 Y\u00fcksek Komiserli\u011fi (OHCHR), \u0130ngiltere&#8217;de h\u00fck\u00fcmetin Man\u015f Denizi \u00fczerinden bot veya teknelerle \u00fclkeye giren g\u00f6\u00e7menleri engellemeye y\u00f6nelik 7 Mart&#8217;ta a\u00e7\u0131klad\u0131\u011f\u0131 \u201cYasa D\u0131\u015f\u0131 G\u00f6\u00e7 Yasa Tasar\u0131s\u0131\u201dn\u0131n parlamentodan ge\u00e7mesine ili\u015fkin ortak yaz\u0131l\u0131 a\u00e7\u0131klama yapt\u0131. Birle\u015fmi\u015f Milletler\u2019in (BM) \u00e7e\u015fitli kurulu\u015flar\u0131, \u0130ngiltere h\u00fck\u00fcmeti taraf\u0131ndan Avam Kamaras\u0131na sunulan ve d\u00fczensiz g\u00f6\u00e7menlerin Man\u015f [&hellip;]","og_url":"https:\/\/epochtimestr.com\/index.php\/yasa-disi-goc-yasa-tasarisina-iliskin-aciklama-yapildi","og_site_name":"The Epoch Times TR","article_publisher":"https:\/\/www.facebook.com\/theepochtimestr","article_published_time":"2023-07-19T10:21:07+00:00","article_modified_time":"2023-07-19T10:21:10+00:00","og_image":[{"width":1280,"height":827,"url":"https:\/\/epochtimestr.com\/wp-content\/uploads\/2011y\/map-of-the-world-1005413_1280.webp","type":"image\/webp"}],"author":"Haber Merkezi","twitter_card":"summary_large_image","twitter_creator":"@TheEpochTimesTR","twitter_site":"@TheEpochTimesTR","twitter_misc":{"Yazan:":"Haber Merkezi","Tahmini okuma s\u00fcresi":"2 dakika"},"schema":{"@context":"https:\/\/schema.org","@graph":[{"@type":"Article","@id":"https:\/\/epochtimestr.com\/index.php\/yasa-disi-goc-yasa-tasarisina-iliskin-aciklama-yapildi#article","isPartOf":{"@id":"https:\/\/epochtimestr.com\/index.php\/yasa-disi-goc-yasa-tasarisina-iliskin-aciklama-yapildi"},"author":{"name":"Haber Merkezi","@id":"https:\/\/epochtimestr.com\/#\/schema\/person\/3dc5c3adeb9f43923c5aa85889172fdd"},"headline":"\u201cYasa D\u0131\u015f\u0131 G\u00f6\u00e7 Yasa Tasar\u0131s\u0131\u201dna \u0130li\u015fkin A\u00e7\u0131klama Yap\u0131ld\u0131","datePublished":"2023-07-19T10:21:07+00:00","dateModified":"2023-07-19T10:21:10+00:00","mainEntityOfPage":{"@id":"https:\/\/epochtimestr.com\/index.php\/yasa-disi-goc-yasa-tasarisina-iliskin-aciklama-yapildi"},"wordCount":413,"publisher":{"@id":"https:\/\/epochtimestr.com\/#organization"},"image":{"@id":"https:\/\/epochtimestr.com\/index.php\/yasa-disi-goc-yasa-tasarisina-iliskin-aciklama-yapildi#primaryimage"},"thumbnailUrl":"https:\/\/epochtimestr.com\/wp-content\/uploads\/2011y\/map-of-the-world-1005413_1280.webp","articleSection":["D\u00dcNYA","Ekonomi","G\u00dcNDEM","Siyaset","T\u00dcRK\u0130YE"],"inLanguage":"tr"},{"@type":"WebPage","@id":"https:\/\/epochtimestr.com\/index.php\/yasa-disi-goc-yasa-tasarisina-iliskin-aciklama-yapildi","url":"https:\/\/epochtimestr.com\/index.php\/yasa-disi-goc-yasa-tasarisina-iliskin-aciklama-yapildi","name":"\u201cYasa D\u0131\u015f\u0131 G\u00f6\u00e7 Yasa Tasar\u0131s\u0131\u201dna \u0130li\u015fkin A\u00e7\u0131klama Yap\u0131ld\u0131 - The Epoch Times TR","isPartOf":{"@id":"https:\/\/epochtimestr.com\/#website"},"primaryImageOfPage":{"@id":"https:\/\/epochtimestr.com\/index.php\/yasa-disi-goc-yasa-tasarisina-iliskin-aciklama-yapildi#primaryimage"},"image":{"@id":"https:\/\/epochtimestr.com\/index.php\/yasa-disi-goc-yasa-tasarisina-iliskin-aciklama-yapildi#primaryimage"},"thumbnailUrl":"https:\/\/epochtimestr.com\/wp-content\/uploads\/2011y\/map-of-the-world-1005413_1280.webp","datePublished":"2023-07-19T10:21:07+00:00","dateModified":"2023-07-19T10:21:10+00:00","inLanguage":"tr","potentialAction":[{"@type":"ReadAction","target":["https:\/\/epochtimestr.com\/index.php\/yasa-disi-goc-yasa-tasarisina-iliskin-aciklama-yapildi"]}]},{"@type":"ImageObject","inLanguage":"tr","@id":"https:\/\/epochtimestr.com\/index.php\/yasa-disi-goc-yasa-tasarisina-iliskin-aciklama-yapildi#primaryimage","url":"https:\/\/epochtimestr.com\/wp-content\/uploads\/2011y\/map-of-the-world-1005413_1280.webp","contentUrl":"https:\/\/epochtimestr.com\/wp-content\/uploads\/2011y\/map-of-the-world-1005413_1280.webp","width":1280,"height":827},{"@type":"WebSite","@id":"https:\/\/epochtimestr.com\/#website","url":"https:\/\/epochtimestr.com\/","name":"The Epoch Times TR","description":"De\u011fi\u015fen D\u00fcnyam\u0131za Taze Bir Bak\u0131\u015f","publisher":{"@id":"https:\/\/epochtimestr.com\/#organization"},"potentialAction":[{"@type":"SearchAction","target":{"@type":"EntryPoint","urlTemplate":"https:\/\/epochtimestr.com\/?s={search_term_string}"},"query-input":"required name=search_term_string"}],"inLanguage":"tr"},{"@type":"Organization","@id":"https:\/\/epochtimestr.com\/#organization","name":"The EpochTimes T\u00fcrkiye","url":"https:\/\/epochtimestr.com\/","logo":{"@type":"ImageObject","inLanguage":"tr","@id":"https:\/\/epochtimestr.com\/#\/schema\/logo\/image\/","url":"https:\/\/epochtimestr.com\/wp-content\/uploads\/2011y\/ET-Logo-YG.jpg","contentUrl":"https:\/\/epochtimestr.com\/wp-content\/uploads\/2011y\/ET-Logo-YG.jpg","width":346,"height":29,"caption":"The EpochTimes T\u00fcrkiye"},"image":{"@id":"https:\/\/epochtimestr.com\/#\/schema\/logo\/image\/"},"sameAs":["https:\/\/www.facebook.com\/theepochtimestr","https:\/\/x.com\/TheEpochTimesTR","https:\/\/www.instagram.com\/epochtimestr"]},{"@type":"Person","@id":"https:\/\/epochtimestr.com\/#\/schema\/person\/3dc5c3adeb9f43923c5aa85889172fdd","name":"Haber Merkezi","image":{"@type":"ImageObject","inLanguage":"tr","@id":"https:\/\/epochtimestr.com\/#\/schema\/person\/image\/","url":"https:\/\/secure.gravatar.com\/avatar\/d73f772ba5a74f28601361e17c2f93e6?s=96&d=mm&r=g","contentUrl":"https:\/\/secure.gravatar.com\/avatar\/d73f772ba5a74f28601361e17c2f93e6?s=96&d=mm&r=g","caption":"Haber Merkezi"},"url":"https:\/\/epochtimestr.com\/index.php\/author\/sendag"}]}},"_links":{"self":[{"href":"https:\/\/epochtimestr.com\/index.php\/wp-json\/wp\/v2\/posts\/146454"}],"collection":[{"href":"https:\/\/epochtimestr.com\/index.php\/wp-json\/wp\/v2\/posts"}],"about":[{"href":"https:\/\/epochtimestr.com\/index.php\/wp-json\/wp\/v2\/types\/post"}],"author":[{"embeddable":true,"href":"https:\/\/epochtimestr.com\/index.php\/wp-json\/wp\/v2\/users\/12791"}],"replies":[{"embeddable":true,"href":"https:\/\/epochtimestr.com\/index.php\/wp-json\/wp\/v2\/comments?post=146454"}],"version-history":[{"count":2,"href":"https:\/\/epochtimestr.com\/index.php\/wp-json\/wp\/v2\/posts\/146454\/revisions"}],"predecessor-version":[{"id":146460,"href":"https:\/\/epochtimestr.com\/index.php\/wp-json\/wp\/v2\/posts\/146454\/revisions\/146460"}],"wp:featuredmedia":[{"embeddable":true,"href":"https:\/\/epochtimestr.com\/index.php\/wp-json\/wp\/v2\/media\/146455"}],"wp:attachment":[{"href":"https:\/\/epochtimestr.com\/index.php\/wp-json\/wp\/v2\/media?parent=146454"}],"wp:term":[{"taxonomy":"category","embeddable":true,"href":"https:\/\/epochtimestr.com\/index.php\/wp-json\/wp\/v2\/categories?post=146454"},{"taxonomy":"post_tag","embeddable":true,"href":"https:\/\/epochtimestr.com\/index.php\/wp-json\/wp\/v2\/tags?post=146454"}],"curies":[{"name":"wp","href":"https:\/\/api.w.org\/{rel}","templated":true}]}}