{"id":146461,"date":"2023-07-19T21:48:14","date_gmt":"2023-07-19T18:48:14","guid":{"rendered":"https:\/\/epochtimestr.com\/?p=146461"},"modified":"2023-07-20T10:31:11","modified_gmt":"2023-07-20T07:31:11","slug":"rusya-ukrayna-limanlarina-giden-tum-gemiler-potansiyel-askeri-yuk-tasiyicisi-olarak-degerlendirilecek","status":"publish","type":"post","link":"https:\/\/epochtimestr.com\/index.php\/rusya-ukrayna-limanlarina-giden-tum-gemiler-potansiyel-askeri-yuk-tasiyicisi-olarak-degerlendirilecek","title":{"rendered":"Rusya; Ukrayna Limanlar\u0131na Giden T\u00fcm Gemiler &#8221;Potansiyel Askeri Y\u00fck Ta\u015f\u0131y\u0131c\u0131s\u0131&#8221; Olarak De\u011ferlendirilecek"},"content":{"rendered":"\n<p><\/p>\n\n\n<div class=\"wp-block-image\">\n<figure class=\"aligncenter size-full is-resized\"><img loading=\"lazy\" decoding=\"async\" src=\"https:\/\/epochtimestr.com\/wp-content\/uploads\/2011y\/wheat-8762_1280.jpg\" alt=\"\" class=\"wp-image-146462\" width=\"444\" height=\"333\" srcset=\"https:\/\/epochtimestr.com\/wp-content\/uploads\/2011y\/wheat-8762_1280.jpg 1280w, https:\/\/epochtimestr.com\/wp-content\/uploads\/2011y\/wheat-8762_1280-300x225.jpg 300w, https:\/\/epochtimestr.com\/wp-content\/uploads\/2011y\/wheat-8762_1280-150x113.jpg 150w, https:\/\/epochtimestr.com\/wp-content\/uploads\/2011y\/wheat-8762_1280-768x576.jpg 768w, https:\/\/epochtimestr.com\/wp-content\/uploads\/2011y\/wheat-8762_1280-86x64.jpg 86w\" sizes=\"(max-width: 444px) 100vw, 444px\" \/><figcaption class=\"wp-element-caption\">Kaynak: Pixabay &#8211; Hans<\/figcaption><\/figure><\/div>\n\n\n<h2 class=\"wp-block-heading\">Rusya Savunma Bakanl\u0131\u011f\u0131&#8217;ndan yap\u0131lan yaz\u0131l\u0131 a\u00e7\u0131klamada, tah\u0131l anla\u015fmas\u0131n\u0131n sona erdi\u011fi ve Karadeniz\u2019deki insani koridorlar\u0131n azalt\u0131ld\u0131\u011f\u0131 belirtildi.<\/h2>\n\n\n\n<p>Ukrayna Devlet Ba\u015fkan\u0131 Vladimir Zelenskiy, Rusya&#8217;n\u0131n Tah\u0131l Koridoru Anla\u015fmas\u0131&#8217;ndan \u00e7ekilmesine ili\u015fkin Cumhurba\u015fkan\u0131 Erdo\u011fan ve BM Genel Sekreteri Antonio Guterres&#8217;e mektup g\u00f6ndermi\u015fti. Ukrayna D\u0131\u015fi\u015fleri Bakan\u0131 Dmitro Kuleba, Rusya&#8217;n\u0131n Karadeniz Tah\u0131l Koridoru Anla\u015fmas\u0131&#8217;n\u0131 sonland\u0131rarak \u00f6zellikle Asya ve Afrika&#8217;daki \u00fclkelere zarar verdi\u011fini ifade etmi\u015fti.<\/p>\n\n\n\n<p>Ukrayna\u2019n\u0131n d\u00fczenledi\u011fi belirtilen K\u0131r\u0131m\u2019daki sald\u0131r\u0131dan sonra Rusya, d\u00fcn gece sona eren tah\u0131l anla\u015fmas\u0131n\u0131 uzatmayaca\u011f\u0131n\u0131 a\u00e7\u0131klad\u0131. Kremlin, karar\u0131n daha \u00f6nce al\u0131nd\u0131\u011f\u0131n\u0131 sald\u0131r\u0131yla ilgilisi olmad\u0131\u011f\u0131n\u0131 kaydetti. Tah\u0131l sevkiyat\u0131 anla\u015fmas\u0131 Ukrayna kriziyle ortaya \u00e7\u0131kt\u0131\u011f\u0131 belirtilen k\u00fcresel g\u0131da krizinin \u00e7\u00f6z\u00fcm\u00fc i\u00e7in 22 Temmuz 2022\u2019de \u0130stanbul&#8217;da Rusya, Ukrayna, T\u00fcrkiye ve BM aras\u0131nda imzalanm\u0131\u015ft\u0131.<\/p>\n\n\n\n<p>Rus RIA Novosti ajans\u0131na konu\u015fan Rusya D\u0131\u015fi\u015fleri Bakanl\u0131\u011f\u0131 S\u00f6zc\u00fcs\u00fc Maria Zakharova, Moskova\u2019n\u0131n anla\u015fman\u0131n uzat\u0131lmas\u0131na ili\u015fkin \u00e7ekincesinin anla\u015fman\u0131n taraflar\u0131 olan T\u00fcrkiye ve Rusya\u2019ya resmen iletildi\u011fini a\u00e7\u0131klad\u0131.<\/p>\n\n\n\n<p>BBC&#8217;nin haberine g\u00f6re; T\u00fcrkiye ve BM, tah\u0131l giri\u015fiminin uzat\u0131lmas\u0131 i\u00e7in gerekli ko\u015fullar\u0131n sa\u011flanmas\u0131na d\u00f6n\u00fck diplomatik \u00e7abalar\u0131n\u0131 son ana kadar s\u00fcrd\u00fcrd\u00fcler. D\u0131\u015fi\u015fleri Bakan Yard\u0131mc\u0131s\u0131 Burak Ak\u00e7apar, 13 Temmuz\u2019da g\u00f6r\u00fc\u015ft\u00fc\u011f\u00fc Rusya D\u0131\u015fi\u015fleri Bakan Yard\u0131mc\u0131s\u0131 Sergey Vershinin\u2019e Tah\u0131l Koridoru Anla\u015fmas\u0131&#8217;n\u0131n uzat\u0131lmas\u0131 y\u00f6n\u00fcnde Ankara\u2019n\u0131n g\u00f6r\u00fc\u015flerini iletti. Cumhurba\u015fkan\u0131 Recep Tayyip Erdo\u011fan da 14 Temmuz\u2019da bas\u0131na a\u00e7\u0131klama yaparken, giri\u015fimin s\u00fcresinin uzat\u0131lmas\u0131 konusunda Rusya Devlet Ba\u015fkan\u0131 Vladimir Putin\u2019le hemfikir oldu\u011funu kaydetmi\u015fti.<\/p>\n\n\n\n<p>Anla\u015fman\u0131n Rusya taraf\u0131ndan ask\u0131ya al\u0131nmas\u0131n\u0131n ard\u0131ndan T\u00fcrkiye ad\u0131na ilk a\u00e7\u0131klama Cumhurba\u015fkan\u0131 Erdo\u011fan\u2019dan geldi. Erdo\u011fan, K\u00f6rfez turuna \u00e7\u0131kmadan \u00f6nce d\u00fczenledi\u011fi bas\u0131n toplant\u0131s\u0131nda, \u201cDostum\u201d olarak niteledi\u011fi Putin\u2019in insani ama\u00e7l\u0131 bu anla\u015fman\u0131n devam\u0131ndan yana oldu\u011funu kaydetti ve Moskova ile temaslar\u0131n s\u00fcrece\u011fini kaydetti. D\u0131\u015fi\u015fleri Bakan\u0131 Hakan Fidan\u2019\u0131n Rusya D\u0131\u015fi\u015fleri Bakan\u0131 Sergey Lavrov ile temasa ge\u00e7ece\u011fini, kendisinin de Putin ile telefonda bir g\u00f6r\u00fc\u015fme ger\u00e7ekle\u015ftirece\u011fini belirten Erdo\u011fan, giri\u015fimin uzun ara vermeden hemen ba\u015flamas\u0131n\u0131 ama\u00e7lad\u0131\u011f\u0131n\u0131 kaydetti. Cumhurba\u015fkan\u0131 Erdo\u011fan, bu konular\u0131 A\u011fustos ay\u0131nda T\u00fcrkiye\u2019ye bir ziyaret d\u00fczenlemesi s\u00f6z konusu olan Putin ile y\u00fcz y\u00fcze g\u00f6r\u00fc\u015fece\u011fini de vurgulad\u0131.<\/p>\n\n\n\n<p><br \/>Rusya Savunma Bakanl\u0131\u011f\u0131, 18 Temmuz&#8217;dan itibaren Ukrayna limanlar\u0131na giden t\u00fcm gemilerin \u201cpotansiyel askeri y\u00fck ta\u015f\u0131y\u0131c\u0131s\u0131\u201d olarak de\u011ferlendirilece\u011fini bildirdi. Rusya, anla\u015fman\u0131n bitti\u011fini Belarus&#8217;taki b\u00fcy\u00fckel\u00e7isi arac\u0131l\u0131\u011f\u0131yla Ukrayna\u2019ya iletti. Moskova\u2019n\u0131n Belarus B\u00fcy\u00fckel\u00e7isi Boris Gryzlov, el\u00e7ilikten Ukrayna\u2019ya diplomatik kanallar arac\u0131l\u0131\u011f\u0131yla bir nota g\u00f6nderildi\u011fini ve anla\u015fman\u0131n 18 Temmuz\u2019dan itibaren feshedilece\u011fini s\u00f6yledi.<\/p>\n\n\n\n<p><\/p>\n","protected":false},"excerpt":{"rendered":"<p>Rusya Savunma Bakanl\u0131\u011f\u0131&#8217;ndan yap\u0131lan yaz\u0131l\u0131 a\u00e7\u0131klamada, tah\u0131l anla\u015fmas\u0131n\u0131n sona erdi\u011fi ve Karadeniz\u2019deki insani koridorlar\u0131n azalt\u0131ld\u0131\u011f\u0131 belirtildi. Ukrayna Devlet Ba\u015fkan\u0131 Vladimir Zelenskiy, Rusya&#8217;n\u0131n Tah\u0131l Koridoru Anla\u015fmas\u0131&#8217;ndan \u00e7ekilmesine ili\u015fkin Cumhurba\u015fkan\u0131 Erdo\u011fan ve BM Genel Sekreteri Antonio Guterres&#8217;e mektup g\u00f6ndermi\u015fti. Ukrayna D\u0131\u015fi\u015fleri Bakan\u0131 Dmitro Kuleba, Rusya&#8217;n\u0131n Karadeniz Tah\u0131l Koridoru Anla\u015fmas\u0131&#8217;n\u0131 sonland\u0131rarak \u00f6zellikle Asya ve Afrika&#8217;daki \u00fclkelere zarar verdi\u011fini [&hellip;]<\/p>\n","protected":false},"author":12791,"featured_media":146462,"comment_status":"closed","ping_status":"open","sticky":false,"template":"","format":"standard","meta":{"_yoast_wpseo_focuskw":"","_yoast_wpseo_title":"","_yoast_wpseo_metadesc":"","_bbp_topic_count":0,"_bbp_reply_count":0,"_bbp_total_topic_count":0,"_bbp_total_reply_count":0,"_bbp_voice_count":0,"_bbp_anonymous_reply_count":0,"_bbp_topic_count_hidden":0,"_bbp_reply_count_hidden":0,"_bbp_forum_subforum_count":0,"footnotes":"","_yoast_wpseo_focuskw_text_input":""},"categories":[5,8225,1,8138,8226,37],"tags":[],"yoast_head":"<!-- This site is optimized with the Yoast SEO plugin v23.0 - https:\/\/yoast.com\/wordpress\/plugins\/seo\/ -->\n<title>Rusya; Ukrayna Limanlar\u0131na Giden T\u00fcm Gemiler &#039;&#039;Potansiyel Askeri Y\u00fck Ta\u015f\u0131y\u0131c\u0131s\u0131&#039;&#039; Olarak De\u011ferlendirilecek - The Epoch Times TR<\/title>\n<meta name=\"robots\" content=\"index, follow, max-snippet:-1, max-image-preview:large, max-video-preview:-1\" \/>\n<link rel=\"canonical\" href=\"https:\/\/epochtimestr.com\/index.php\/rusya-ukrayna-limanlarina-giden-tum-gemiler-potansiyel-askeri-yuk-tasiyicisi-olarak-degerlendirilecek\" \/>\n<meta property=\"og:locale\" content=\"tr_TR\" \/>\n<meta property=\"og:type\" content=\"article\" \/>\n<meta property=\"og:title\" content=\"Rusya; Ukrayna Limanlar\u0131na Giden T\u00fcm Gemiler &#039;&#039;Potansiyel Askeri Y\u00fck Ta\u015f\u0131y\u0131c\u0131s\u0131&#039;&#039; Olarak De\u011ferlendirilecek - The Epoch Times TR\" \/>\n<meta property=\"og:description\" content=\"Rusya Savunma Bakanl\u0131\u011f\u0131&#8217;ndan yap\u0131lan yaz\u0131l\u0131 a\u00e7\u0131klamada, tah\u0131l anla\u015fmas\u0131n\u0131n sona erdi\u011fi ve Karadeniz\u2019deki insani koridorlar\u0131n azalt\u0131ld\u0131\u011f\u0131 belirtildi. Ukrayna Devlet Ba\u015fkan\u0131 Vladimir Zelenskiy, Rusya&#8217;n\u0131n Tah\u0131l Koridoru Anla\u015fmas\u0131&#8217;ndan \u00e7ekilmesine ili\u015fkin Cumhurba\u015fkan\u0131 Erdo\u011fan ve BM Genel Sekreteri Antonio Guterres&#8217;e mektup g\u00f6ndermi\u015fti. Ukrayna D\u0131\u015fi\u015fleri Bakan\u0131 Dmitro Kuleba, Rusya&#8217;n\u0131n Karadeniz Tah\u0131l Koridoru Anla\u015fmas\u0131&#8217;n\u0131 sonland\u0131rarak \u00f6zellikle Asya ve Afrika&#8217;daki \u00fclkelere zarar verdi\u011fini [&hellip;]\" \/>\n<meta property=\"og:url\" content=\"https:\/\/epochtimestr.com\/index.php\/rusya-ukrayna-limanlarina-giden-tum-gemiler-potansiyel-askeri-yuk-tasiyicisi-olarak-degerlendirilecek\" \/>\n<meta property=\"og:site_name\" content=\"The Epoch Times TR\" \/>\n<meta property=\"article:publisher\" content=\"https:\/\/www.facebook.com\/theepochtimestr\" \/>\n<meta property=\"article:published_time\" content=\"2023-07-19T18:48:14+00:00\" \/>\n<meta property=\"article:modified_time\" content=\"2023-07-20T07:31:11+00:00\" \/>\n<meta property=\"og:image\" content=\"https:\/\/epochtimestr.com\/wp-content\/uploads\/2011y\/wheat-8762_1280.jpg\" \/>\n\t<meta property=\"og:image:width\" content=\"1280\" \/>\n\t<meta property=\"og:image:height\" content=\"960\" \/>\n\t<meta property=\"og:image:type\" content=\"image\/jpeg\" \/>\n<meta name=\"author\" content=\"Haber Merkezi\" \/>\n<meta name=\"twitter:card\" content=\"summary_large_image\" \/>\n<meta name=\"twitter:creator\" content=\"@TheEpochTimesTR\" \/>\n<meta name=\"twitter:site\" content=\"@TheEpochTimesTR\" \/>\n<meta name=\"twitter:label1\" content=\"Yazan:\" \/>\n\t<meta name=\"twitter:data1\" content=\"Haber Merkezi\" \/>\n\t<meta name=\"twitter:label2\" content=\"Tahmini okuma s\u00fcresi\" \/>\n\t<meta name=\"twitter:data2\" content=\"3 dakika\" \/>\n<script type=\"application\/ld+json\" class=\"yoast-schema-graph\">{\"@context\":\"https:\/\/schema.org\",\"@graph\":[{\"@type\":\"Article\",\"@id\":\"https:\/\/epochtimestr.com\/index.php\/rusya-ukrayna-limanlarina-giden-tum-gemiler-potansiyel-askeri-yuk-tasiyicisi-olarak-degerlendirilecek#article\",\"isPartOf\":{\"@id\":\"https:\/\/epochtimestr.com\/index.php\/rusya-ukrayna-limanlarina-giden-tum-gemiler-potansiyel-askeri-yuk-tasiyicisi-olarak-degerlendirilecek\"},\"author\":{\"name\":\"Haber Merkezi\",\"@id\":\"https:\/\/epochtimestr.com\/#\/schema\/person\/3dc5c3adeb9f43923c5aa85889172fdd\"},\"headline\":\"Rusya; Ukrayna Limanlar\u0131na Giden T\u00fcm Gemiler &#8221;Potansiyel Askeri Y\u00fck Ta\u015f\u0131y\u0131c\u0131s\u0131&#8221; Olarak De\u011ferlendirilecek\",\"datePublished\":\"2023-07-19T18:48:14+00:00\",\"dateModified\":\"2023-07-20T07:31:11+00:00\",\"mainEntityOfPage\":{\"@id\":\"https:\/\/epochtimestr.com\/index.php\/rusya-ukrayna-limanlarina-giden-tum-gemiler-potansiyel-askeri-yuk-tasiyicisi-olarak-degerlendirilecek\"},\"wordCount\":575,\"publisher\":{\"@id\":\"https:\/\/epochtimestr.com\/#organization\"},\"image\":{\"@id\":\"https:\/\/epochtimestr.com\/index.php\/rusya-ukrayna-limanlarina-giden-tum-gemiler-potansiyel-askeri-yuk-tasiyicisi-olarak-degerlendirilecek#primaryimage\"},\"thumbnailUrl\":\"https:\/\/epochtimestr.com\/wp-content\/uploads\/2011y\/wheat-8762_1280.jpg\",\"articleSection\":[\"D\u00dcNYA\",\"Ekonomi\",\"G\u00dcNDEM\",\"MAN\u015eET\",\"Siyaset\",\"T\u00dcRK\u0130YE\"],\"inLanguage\":\"tr\"},{\"@type\":\"WebPage\",\"@id\":\"https:\/\/epochtimestr.com\/index.php\/rusya-ukrayna-limanlarina-giden-tum-gemiler-potansiyel-askeri-yuk-tasiyicisi-olarak-degerlendirilecek\",\"url\":\"https:\/\/epochtimestr.com\/index.php\/rusya-ukrayna-limanlarina-giden-tum-gemiler-potansiyel-askeri-yuk-tasiyicisi-olarak-degerlendirilecek\",\"name\":\"Rusya; Ukrayna Limanlar\u0131na Giden T\u00fcm Gemiler ''Potansiyel Askeri Y\u00fck Ta\u015f\u0131y\u0131c\u0131s\u0131'' Olarak De\u011ferlendirilecek - The Epoch Times TR\",\"isPartOf\":{\"@id\":\"https:\/\/epochtimestr.com\/#website\"},\"primaryImageOfPage\":{\"@id\":\"https:\/\/epochtimestr.com\/index.php\/rusya-ukrayna-limanlarina-giden-tum-gemiler-potansiyel-askeri-yuk-tasiyicisi-olarak-degerlendirilecek#primaryimage\"},\"image\":{\"@id\":\"https:\/\/epochtimestr.com\/index.php\/rusya-ukrayna-limanlarina-giden-tum-gemiler-potansiyel-askeri-yuk-tasiyicisi-olarak-degerlendirilecek#primaryimage\"},\"thumbnailUrl\":\"https:\/\/epochtimestr.com\/wp-content\/uploads\/2011y\/wheat-8762_1280.jpg\",\"datePublished\":\"2023-07-19T18:48:14+00:00\",\"dateModified\":\"2023-07-20T07:31:11+00:00\",\"inLanguage\":\"tr\",\"potentialAction\":[{\"@type\":\"ReadAction\",\"target\":[\"https:\/\/epochtimestr.com\/index.php\/rusya-ukrayna-limanlarina-giden-tum-gemiler-potansiyel-askeri-yuk-tasiyicisi-olarak-degerlendirilecek\"]}]},{\"@type\":\"ImageObject\",\"inLanguage\":\"tr\",\"@id\":\"https:\/\/epochtimestr.com\/index.php\/rusya-ukrayna-limanlarina-giden-tum-gemiler-potansiyel-askeri-yuk-tasiyicisi-olarak-degerlendirilecek#primaryimage\",\"url\":\"https:\/\/epochtimestr.com\/wp-content\/uploads\/2011y\/wheat-8762_1280.jpg\",\"contentUrl\":\"https:\/\/epochtimestr.com\/wp-content\/uploads\/2011y\/wheat-8762_1280.jpg\",\"width\":1280,\"height\":960},{\"@type\":\"WebSite\",\"@id\":\"https:\/\/epochtimestr.com\/#website\",\"url\":\"https:\/\/epochtimestr.com\/\",\"name\":\"The Epoch Times TR\",\"description\":\"De\u011fi\u015fen D\u00fcnyam\u0131za Taze Bir Bak\u0131\u015f\",\"publisher\":{\"@id\":\"https:\/\/epochtimestr.com\/#organization\"},\"potentialAction\":[{\"@type\":\"SearchAction\",\"target\":{\"@type\":\"EntryPoint\",\"urlTemplate\":\"https:\/\/epochtimestr.com\/?s={search_term_string}\"},\"query-input\":\"required name=search_term_string\"}],\"inLanguage\":\"tr\"},{\"@type\":\"Organization\",\"@id\":\"https:\/\/epochtimestr.com\/#organization\",\"name\":\"The EpochTimes T\u00fcrkiye\",\"url\":\"https:\/\/epochtimestr.com\/\",\"logo\":{\"@type\":\"ImageObject\",\"inLanguage\":\"tr\",\"@id\":\"https:\/\/epochtimestr.com\/#\/schema\/logo\/image\/\",\"url\":\"https:\/\/epochtimestr.com\/wp-content\/uploads\/2011y\/ET-Logo-YG.jpg\",\"contentUrl\":\"https:\/\/epochtimestr.com\/wp-content\/uploads\/2011y\/ET-Logo-YG.jpg\",\"width\":346,\"height\":29,\"caption\":\"The EpochTimes T\u00fcrkiye\"},\"image\":{\"@id\":\"https:\/\/epochtimestr.com\/#\/schema\/logo\/image\/\"},\"sameAs\":[\"https:\/\/www.facebook.com\/theepochtimestr\",\"https:\/\/x.com\/TheEpochTimesTR\",\"https:\/\/www.instagram.com\/epochtimestr\"]},{\"@type\":\"Person\",\"@id\":\"https:\/\/epochtimestr.com\/#\/schema\/person\/3dc5c3adeb9f43923c5aa85889172fdd\",\"name\":\"Haber Merkezi\",\"image\":{\"@type\":\"ImageObject\",\"inLanguage\":\"tr\",\"@id\":\"https:\/\/epochtimestr.com\/#\/schema\/person\/image\/\",\"url\":\"https:\/\/secure.gravatar.com\/avatar\/d73f772ba5a74f28601361e17c2f93e6?s=96&d=mm&r=g\",\"contentUrl\":\"https:\/\/secure.gravatar.com\/avatar\/d73f772ba5a74f28601361e17c2f93e6?s=96&d=mm&r=g\",\"caption\":\"Haber Merkezi\"},\"url\":\"https:\/\/epochtimestr.com\/index.php\/author\/sendag\"}]}<\/script>\n<!-- \/ Yoast SEO plugin. -->","yoast_head_json":{"title":"Rusya; Ukrayna Limanlar\u0131na Giden T\u00fcm Gemiler ''Potansiyel Askeri Y\u00fck Ta\u015f\u0131y\u0131c\u0131s\u0131'' Olarak De\u011ferlendirilecek - The Epoch Times TR","robots":{"index":"index","follow":"follow","max-snippet":"max-snippet:-1","max-image-preview":"max-image-preview:large","max-video-preview":"max-video-preview:-1"},"canonical":"https:\/\/epochtimestr.com\/index.php\/rusya-ukrayna-limanlarina-giden-tum-gemiler-potansiyel-askeri-yuk-tasiyicisi-olarak-degerlendirilecek","og_locale":"tr_TR","og_type":"article","og_title":"Rusya; Ukrayna Limanlar\u0131na Giden T\u00fcm Gemiler ''Potansiyel Askeri Y\u00fck Ta\u015f\u0131y\u0131c\u0131s\u0131'' Olarak De\u011ferlendirilecek - The Epoch Times TR","og_description":"Rusya Savunma Bakanl\u0131\u011f\u0131&#8217;ndan yap\u0131lan yaz\u0131l\u0131 a\u00e7\u0131klamada, tah\u0131l anla\u015fmas\u0131n\u0131n sona erdi\u011fi ve Karadeniz\u2019deki insani koridorlar\u0131n azalt\u0131ld\u0131\u011f\u0131 belirtildi. Ukrayna Devlet Ba\u015fkan\u0131 Vladimir Zelenskiy, Rusya&#8217;n\u0131n Tah\u0131l Koridoru Anla\u015fmas\u0131&#8217;ndan \u00e7ekilmesine ili\u015fkin Cumhurba\u015fkan\u0131 Erdo\u011fan ve BM Genel Sekreteri Antonio Guterres&#8217;e mektup g\u00f6ndermi\u015fti. Ukrayna D\u0131\u015fi\u015fleri Bakan\u0131 Dmitro Kuleba, Rusya&#8217;n\u0131n Karadeniz Tah\u0131l Koridoru Anla\u015fmas\u0131&#8217;n\u0131 sonland\u0131rarak \u00f6zellikle Asya ve Afrika&#8217;daki \u00fclkelere zarar verdi\u011fini [&hellip;]","og_url":"https:\/\/epochtimestr.com\/index.php\/rusya-ukrayna-limanlarina-giden-tum-gemiler-potansiyel-askeri-yuk-tasiyicisi-olarak-degerlendirilecek","og_site_name":"The Epoch Times TR","article_publisher":"https:\/\/www.facebook.com\/theepochtimestr","article_published_time":"2023-07-19T18:48:14+00:00","article_modified_time":"2023-07-20T07:31:11+00:00","og_image":[{"width":1280,"height":960,"url":"https:\/\/epochtimestr.com\/wp-content\/uploads\/2011y\/wheat-8762_1280.jpg","type":"image\/jpeg"}],"author":"Haber Merkezi","twitter_card":"summary_large_image","twitter_creator":"@TheEpochTimesTR","twitter_site":"@TheEpochTimesTR","twitter_misc":{"Yazan:":"Haber Merkezi","Tahmini okuma s\u00fcresi":"3 dakika"},"schema":{"@context":"https:\/\/schema.org","@graph":[{"@type":"Article","@id":"https:\/\/epochtimestr.com\/index.php\/rusya-ukrayna-limanlarina-giden-tum-gemiler-potansiyel-askeri-yuk-tasiyicisi-olarak-degerlendirilecek#article","isPartOf":{"@id":"https:\/\/epochtimestr.com\/index.php\/rusya-ukrayna-limanlarina-giden-tum-gemiler-potansiyel-askeri-yuk-tasiyicisi-olarak-degerlendirilecek"},"author":{"name":"Haber Merkezi","@id":"https:\/\/epochtimestr.com\/#\/schema\/person\/3dc5c3adeb9f43923c5aa85889172fdd"},"headline":"Rusya; Ukrayna Limanlar\u0131na Giden T\u00fcm Gemiler &#8221;Potansiyel Askeri Y\u00fck Ta\u015f\u0131y\u0131c\u0131s\u0131&#8221; Olarak De\u011ferlendirilecek","datePublished":"2023-07-19T18:48:14+00:00","dateModified":"2023-07-20T07:31:11+00:00","mainEntityOfPage":{"@id":"https:\/\/epochtimestr.com\/index.php\/rusya-ukrayna-limanlarina-giden-tum-gemiler-potansiyel-askeri-yuk-tasiyicisi-olarak-degerlendirilecek"},"wordCount":575,"publisher":{"@id":"https:\/\/epochtimestr.com\/#organization"},"image":{"@id":"https:\/\/epochtimestr.com\/index.php\/rusya-ukrayna-limanlarina-giden-tum-gemiler-potansiyel-askeri-yuk-tasiyicisi-olarak-degerlendirilecek#primaryimage"},"thumbnailUrl":"https:\/\/epochtimestr.com\/wp-content\/uploads\/2011y\/wheat-8762_1280.jpg","articleSection":["D\u00dcNYA","Ekonomi","G\u00dcNDEM","MAN\u015eET","Siyaset","T\u00dcRK\u0130YE"],"inLanguage":"tr"},{"@type":"WebPage","@id":"https:\/\/epochtimestr.com\/index.php\/rusya-ukrayna-limanlarina-giden-tum-gemiler-potansiyel-askeri-yuk-tasiyicisi-olarak-degerlendirilecek","url":"https:\/\/epochtimestr.com\/index.php\/rusya-ukrayna-limanlarina-giden-tum-gemiler-potansiyel-askeri-yuk-tasiyicisi-olarak-degerlendirilecek","name":"Rusya; Ukrayna Limanlar\u0131na Giden T\u00fcm Gemiler ''Potansiyel Askeri Y\u00fck Ta\u015f\u0131y\u0131c\u0131s\u0131'' Olarak De\u011ferlendirilecek - The Epoch Times TR","isPartOf":{"@id":"https:\/\/epochtimestr.com\/#website"},"primaryImageOfPage":{"@id":"https:\/\/epochtimestr.com\/index.php\/rusya-ukrayna-limanlarina-giden-tum-gemiler-potansiyel-askeri-yuk-tasiyicisi-olarak-degerlendirilecek#primaryimage"},"image":{"@id":"https:\/\/epochtimestr.com\/index.php\/rusya-ukrayna-limanlarina-giden-tum-gemiler-potansiyel-askeri-yuk-tasiyicisi-olarak-degerlendirilecek#primaryimage"},"thumbnailUrl":"https:\/\/epochtimestr.com\/wp-content\/uploads\/2011y\/wheat-8762_1280.jpg","datePublished":"2023-07-19T18:48:14+00:00","dateModified":"2023-07-20T07:31:11+00:00","inLanguage":"tr","potentialAction":[{"@type":"ReadAction","target":["https:\/\/epochtimestr.com\/index.php\/rusya-ukrayna-limanlarina-giden-tum-gemiler-potansiyel-askeri-yuk-tasiyicisi-olarak-degerlendirilecek"]}]},{"@type":"ImageObject","inLanguage":"tr","@id":"https:\/\/epochtimestr.com\/index.php\/rusya-ukrayna-limanlarina-giden-tum-gemiler-potansiyel-askeri-yuk-tasiyicisi-olarak-degerlendirilecek#primaryimage","url":"https:\/\/epochtimestr.com\/wp-content\/uploads\/2011y\/wheat-8762_1280.jpg","contentUrl":"https:\/\/epochtimestr.com\/wp-content\/uploads\/2011y\/wheat-8762_1280.jpg","width":1280,"height":960},{"@type":"WebSite","@id":"https:\/\/epochtimestr.com\/#website","url":"https:\/\/epochtimestr.com\/","name":"The Epoch Times TR","description":"De\u011fi\u015fen D\u00fcnyam\u0131za Taze Bir Bak\u0131\u015f","publisher":{"@id":"https:\/\/epochtimestr.com\/#organization"},"potentialAction":[{"@type":"SearchAction","target":{"@type":"EntryPoint","urlTemplate":"https:\/\/epochtimestr.com\/?s={search_term_string}"},"query-input":"required name=search_term_string"}],"inLanguage":"tr"},{"@type":"Organization","@id":"https:\/\/epochtimestr.com\/#organization","name":"The EpochTimes T\u00fcrkiye","url":"https:\/\/epochtimestr.com\/","logo":{"@type":"ImageObject","inLanguage":"tr","@id":"https:\/\/epochtimestr.com\/#\/schema\/logo\/image\/","url":"https:\/\/epochtimestr.com\/wp-content\/uploads\/2011y\/ET-Logo-YG.jpg","contentUrl":"https:\/\/epochtimestr.com\/wp-content\/uploads\/2011y\/ET-Logo-YG.jpg","width":346,"height":29,"caption":"The EpochTimes T\u00fcrkiye"},"image":{"@id":"https:\/\/epochtimestr.com\/#\/schema\/logo\/image\/"},"sameAs":["https:\/\/www.facebook.com\/theepochtimestr","https:\/\/x.com\/TheEpochTimesTR","https:\/\/www.instagram.com\/epochtimestr"]},{"@type":"Person","@id":"https:\/\/epochtimestr.com\/#\/schema\/person\/3dc5c3adeb9f43923c5aa85889172fdd","name":"Haber Merkezi","image":{"@type":"ImageObject","inLanguage":"tr","@id":"https:\/\/epochtimestr.com\/#\/schema\/person\/image\/","url":"https:\/\/secure.gravatar.com\/avatar\/d73f772ba5a74f28601361e17c2f93e6?s=96&d=mm&r=g","contentUrl":"https:\/\/secure.gravatar.com\/avatar\/d73f772ba5a74f28601361e17c2f93e6?s=96&d=mm&r=g","caption":"Haber Merkezi"},"url":"https:\/\/epochtimestr.com\/index.php\/author\/sendag"}]}},"_links":{"self":[{"href":"https:\/\/epochtimestr.com\/index.php\/wp-json\/wp\/v2\/posts\/146461"}],"collection":[{"href":"https:\/\/epochtimestr.com\/index.php\/wp-json\/wp\/v2\/posts"}],"about":[{"href":"https:\/\/epochtimestr.com\/index.php\/wp-json\/wp\/v2\/types\/post"}],"author":[{"embeddable":true,"href":"https:\/\/epochtimestr.com\/index.php\/wp-json\/wp\/v2\/users\/12791"}],"replies":[{"embeddable":true,"href":"https:\/\/epochtimestr.com\/index.php\/wp-json\/wp\/v2\/comments?post=146461"}],"version-history":[{"count":4,"href":"https:\/\/epochtimestr.com\/index.php\/wp-json\/wp\/v2\/posts\/146461\/revisions"}],"predecessor-version":[{"id":146477,"href":"https:\/\/epochtimestr.com\/index.php\/wp-json\/wp\/v2\/posts\/146461\/revisions\/146477"}],"wp:featuredmedia":[{"embeddable":true,"href":"https:\/\/epochtimestr.com\/index.php\/wp-json\/wp\/v2\/media\/146462"}],"wp:attachment":[{"href":"https:\/\/epochtimestr.com\/index.php\/wp-json\/wp\/v2\/media?parent=146461"}],"wp:term":[{"taxonomy":"category","embeddable":true,"href":"https:\/\/epochtimestr.com\/index.php\/wp-json\/wp\/v2\/categories?post=146461"},{"taxonomy":"post_tag","embeddable":true,"href":"https:\/\/epochtimestr.com\/index.php\/wp-json\/wp\/v2\/tags?post=146461"}],"curies":[{"name":"wp","href":"https:\/\/api.w.org\/{rel}","templated":true}]}}