{"id":146775,"date":"2023-08-07T10:05:22","date_gmt":"2023-08-07T07:05:22","guid":{"rendered":"https:\/\/epochtimestr.com\/?p=146775"},"modified":"2023-08-07T10:05:25","modified_gmt":"2023-08-07T07:05:25","slug":"kuresel-piyasa-haftaya-karisik-bir-seyirle-basladi","status":"publish","type":"post","link":"https:\/\/epochtimestr.com\/index.php\/kuresel-piyasa-haftaya-karisik-bir-seyirle-basladi","title":{"rendered":"K\u00fcresel Piyasa Haftaya Kar\u0131\u015f\u0131k Bir Seyirle Ba\u015flad\u0131"},"content":{"rendered":"<div class=\"wp-block-image\">\n<figure class=\"aligncenter size-large\"><img loading=\"lazy\" decoding=\"async\" width=\"566\" height=\"400\" src=\"https:\/\/epochtimestr.com\/wp-content\/uploads\/2011y\/istatitik-ekonomi-pixabay-566x400.jpg\" alt=\"\" class=\"wp-image-123752\" srcset=\"https:\/\/epochtimestr.com\/wp-content\/uploads\/2011y\/istatitik-ekonomi-pixabay-566x400.jpg 566w, https:\/\/epochtimestr.com\/wp-content\/uploads\/2011y\/istatitik-ekonomi-pixabay-150x106.jpg 150w, https:\/\/epochtimestr.com\/wp-content\/uploads\/2011y\/istatitik-ekonomi-pixabay-300x212.jpg 300w, https:\/\/epochtimestr.com\/wp-content\/uploads\/2011y\/istatitik-ekonomi-pixabay-768x542.jpg 768w, https:\/\/epochtimestr.com\/wp-content\/uploads\/2011y\/istatitik-ekonomi-pixabay.jpg 960w\" sizes=\"(max-width: 566px) 100vw, 566px\" \/><\/figure><\/div>\n\n\n<h2 class=\"wp-block-heading\">K\u00fcresel piyasa haftaya temkinli ba\u015flarken, ABD&#8217;de a\u00e7\u0131klanacak enflasyon ve yo\u011fun veri g\u00fcndemi merak konusu oldu.<\/h2>\n\n\n\n<p>ABD&#8217;de ge\u00e7ti\u011fimiz hafta cuma g\u00fcn\u00fc a\u00e7\u0131klanan istihdam raporundaki kar\u0131\u015f\u0131k sinyaller varl\u0131k fiyatlar\u0131 \u00fczerindeki etkisini s\u00fcrd\u00fcr\u00fcyor.<\/p>\n\n\n\n<p>ABD Merkez Bankas\u0131 (FED)&#8217;n\u0131n izledi\u011fi ortalama saatlik kazan\u00e7 da y\u00fczde 0,4 artarak 33,74 dolara y\u00fckseldi.<\/p>\n\n\n\n<p>FED&#8217;in gelecek d\u00f6nem politikalar\u0131na ili\u015fkin belirsizliklerin devam etmesine neden olan bu durum, risk alma iste\u011fini de d\u00fc\u015f\u00fcrd\u00fc.<\/p>\n\n\n\n<p>ABD Ba\u015fkan\u0131 Joe Biden, g\u00f6reve gelmesinden bu yana 13,4 milyon istihdam olu\u015fturduklar\u0131na dikkat \u00e7ekerek, i\u015fsizlik oran\u0131n\u0131n son 1,5 y\u0131ld\u0131r y\u00fczde 4&#8217;\u00fcn alt\u0131nda oldu\u011funa dikkat \u00e7ekti. <\/p>\n\n\n\n<p>Atlanta Fed Ba\u015fkan\u0131 Raphael Bostic, Bankan\u0131n 2024&#8217;e kadar k\u0131s\u0131tlay\u0131c\u0131 b\u00f6lgede olmas\u0131n\u0131n muhtemel oldu\u011funu kaydederek, ABD&#8217;de istihdam art\u0131\u015flar\u0131n\u0131n d\u00fczenli bir \u015fekilde yava\u015flad\u0131\u011f\u0131n\u0131 ve daha fazla faiz oran\u0131 art\u0131\u015f\u0131na gerek olmad\u0131\u011f\u0131n\u0131 savundu.<\/p>\n\n\n\n<p>Chicago\u00a0Fed Ba\u015fkan\u0131 Austan Goolsbee de i\u015f piyasas\u0131n\u0131n so\u011fumas\u0131na ra\u011fmen g\u00fcc\u00fcn\u00fc korudu\u011funu vurgulayarak enflasyonda da umut verici veriler al\u0131nd\u0131\u011f\u0131n\u0131 anlatt\u0131.<\/p>\n\n\n\n<p>Analistler, bu hafta ABD&#8217;de enflasyon ba\u015fta olmak \u00fczere yo\u011fun beri g\u00fcndeminin takip edilece\u011fini dile getirerek, ABD&#8217;de a\u00e7\u0131klanacak enflasyon verisinin Fed&#8217;in bundan sonraki ad\u0131mlar\u0131na ili\u015fkin daha fazla ipucu verebilece\u011fini s\u00f6yledi.<\/p>\n\n\n\n<p>Brent petrol\u00fcn varil fiyat\u0131 y\u00fczde 0,1 art\u0131\u015fla 86 dolar, alt\u0131n\u0131n onsu ise y\u00fczde 0,3 azal\u0131\u015fla 1.938 dolar seviyesinden i\u015flem g\u00f6r\u00fcyor.<\/p>\n\n\n\n<p>ABD&#8217;nin 10 y\u0131ll\u0131k tahvil faizi \u015fu s\u0131ralarda yakla\u015f\u0131k 2 baz puan art\u0131\u015fla 4,0620 seviyesinden i\u015flem g\u00f6r\u00fcyor.<\/p>\n\n\n\n<p>Cuma g\u00fcn\u00fc\u00a0New York\u00a0borsas\u0131nda\u00a0Dow Jones\u00a0endeksi y\u00fczde 0,43, S&amp;P 500 endeksi y\u00fczde 0,53 ve Nasdaq endeksi y\u00fczde 0,36 azal\u0131\u015f kaydetti. ABD&#8217;de endeks vadeli kontratlar, yeni haftaya y\u00fckseli\u015fle ba\u015flad\u0131.<\/p>\n\n\n\n<p>Avrupa borsalar\u0131 ise \u015firketlerin karl\u0131l\u0131klar\u0131na ili\u015fkin iyimser beklentilerin etkisiyle cuma g\u00fcn\u00fc pozitif bir seyir izledi.<\/p>\n\n\n\n<p>Kapan\u0131\u015fa yak\u0131n Japonya&#8217;da Nikkei 225 endeksi y\u00fczde 0,1 y\u00fckselirken,&nbsp;<a href=\"https:\/\/www.sondakika.com\/hong-kong\/\">Hong Kong<\/a>&nbsp;<a href=\"https:\/\/www.sondakika.com\/hang-seng\/\">Hang Seng<\/a>&nbsp;endeksi y\u00fczde 0,2, \u00c7in&#8217;de \u015eanghay bile\u015fik endeksi y\u00fczde 0,7 ve&nbsp;<a href=\"https:\/\/www.sondakika.com\/guney-kore\/\">G\u00fcney Kore<\/a>&#8216;de Kospi endeksi y\u00fczde 0,6 de\u011fer kaybetti.<\/p>\n\n\n\n<p>Yurt i\u00e7inde cuma g\u00fcn\u00fc y\u00fckseli\u015f e\u011filiminde hareket eden&nbsp;<a href=\"https:\/\/www.sondakika.com\/borsa-istanbul\/\">Borsa \u0130stanbul<\/a>&#8216;da BIST 100 endeksi, y\u00fczde 2,48 de\u011fer kazanc\u0131yla g\u00fcn\u00fc 7.400,57 puandan tamamlayarak t\u00fcm zamanlar\u0131n en y\u00fcksek g\u00fcnl\u00fck ve haftal\u0131k kapan\u0131\u015f\u0131n\u0131 ger\u00e7ekle\u015ftirirken, g\u00f6rd\u00fc\u011f\u00fc en y\u00fcksek seviye rekorunu da 7.427,10 puana ta\u015f\u0131d\u0131.<\/p>\n\n\n\n<p>Dolar\/TL, cuma g\u00fcn\u00fc yatay seyirle 26,9670&#8217;ten g\u00fcn\u00fc tamamlamas\u0131n\u0131n ard\u0131ndan bug\u00fcn bankalararas\u0131 piyasan\u0131n a\u00e7\u0131l\u0131\u015f\u0131nda 27,0220 seviyesinden i\u015flem g\u00f6r\u00fcyor.<\/p>\n\n\n\n<p>Analistler, yurt i\u00e7inde bilan\u00e7o sezonunun g\u00fc\u00e7l\u00fc \u015fekilde devam etti\u011fini kaydederek, \u015firket finansal sonu\u00e7lar\u0131n\u0131n hisse ve sekt\u00f6r bazl\u0131 oynakl\u0131\u011f\u0131 art\u0131rabilece\u011fini dile getirdi.<\/p>\n\n\n\n<p>Bug\u00fcn yurt i\u00e7inde hazine nakit dengesinin takip edilece\u011fini, yurt d\u0131\u015f\u0131nda ise veri g\u00fcndeminin sakin oldu\u011funu aktaran analistler, teknik a\u00e7\u0131dan BIST 100 endeksinde 7.500 ve 7.700 seviyelerinin diren\u00e7, 7.250 puan\u0131n destek konumunda oldu\u011funu bildirdi.<\/p>\n\n\n\n<p><\/p>\n","protected":false},"excerpt":{"rendered":"<p>K\u00fcresel piyasa haftaya temkinli ba\u015flarken, ABD&#8217;de a\u00e7\u0131klanacak enflasyon ve yo\u011fun veri g\u00fcndemi merak konusu oldu. ABD&#8217;de ge\u00e7ti\u011fimiz hafta cuma g\u00fcn\u00fc a\u00e7\u0131klanan istihdam raporundaki kar\u0131\u015f\u0131k sinyaller varl\u0131k fiyatlar\u0131 \u00fczerindeki etkisini s\u00fcrd\u00fcr\u00fcyor. ABD Merkez Bankas\u0131 (FED)&#8217;n\u0131n izledi\u011fi ortalama saatlik kazan\u00e7 da y\u00fczde 0,4 artarak 33,74 dolara y\u00fckseldi. FED&#8217;in gelecek d\u00f6nem politikalar\u0131na ili\u015fkin belirsizliklerin devam etmesine neden olan [&hellip;]<\/p>\n","protected":false},"author":12791,"featured_media":123752,"comment_status":"closed","ping_status":"open","sticky":false,"template":"","format":"standard","meta":{"_yoast_wpseo_focuskw":"","_yoast_wpseo_title":"","_yoast_wpseo_metadesc":"","_bbp_topic_count":0,"_bbp_reply_count":0,"_bbp_total_topic_count":0,"_bbp_total_reply_count":0,"_bbp_voice_count":0,"_bbp_anonymous_reply_count":0,"_bbp_topic_count_hidden":0,"_bbp_reply_count_hidden":0,"_bbp_forum_subforum_count":0,"footnotes":"","_yoast_wpseo_focuskw_text_input":""},"categories":[5,1],"tags":[],"yoast_head":"<!-- This site is optimized with the Yoast SEO plugin v23.0 - https:\/\/yoast.com\/wordpress\/plugins\/seo\/ -->\n<title>K\u00fcresel Piyasa Haftaya Kar\u0131\u015f\u0131k Bir Seyirle Ba\u015flad\u0131 - The Epoch Times TR<\/title>\n<meta name=\"robots\" content=\"index, follow, max-snippet:-1, max-image-preview:large, max-video-preview:-1\" \/>\n<link rel=\"canonical\" href=\"https:\/\/epochtimestr.com\/index.php\/kuresel-piyasa-haftaya-karisik-bir-seyirle-basladi\" \/>\n<meta property=\"og:locale\" content=\"tr_TR\" \/>\n<meta property=\"og:type\" content=\"article\" \/>\n<meta property=\"og:title\" content=\"K\u00fcresel Piyasa Haftaya Kar\u0131\u015f\u0131k Bir Seyirle Ba\u015flad\u0131 - The Epoch Times TR\" \/>\n<meta property=\"og:description\" content=\"K\u00fcresel piyasa haftaya temkinli ba\u015flarken, ABD&#8217;de a\u00e7\u0131klanacak enflasyon ve yo\u011fun veri g\u00fcndemi merak konusu oldu. ABD&#8217;de ge\u00e7ti\u011fimiz hafta cuma g\u00fcn\u00fc a\u00e7\u0131klanan istihdam raporundaki kar\u0131\u015f\u0131k sinyaller varl\u0131k fiyatlar\u0131 \u00fczerindeki etkisini s\u00fcrd\u00fcr\u00fcyor. ABD Merkez Bankas\u0131 (FED)&#8217;n\u0131n izledi\u011fi ortalama saatlik kazan\u00e7 da y\u00fczde 0,4 artarak 33,74 dolara y\u00fckseldi. FED&#8217;in gelecek d\u00f6nem politikalar\u0131na ili\u015fkin belirsizliklerin devam etmesine neden olan [&hellip;]\" \/>\n<meta property=\"og:url\" content=\"https:\/\/epochtimestr.com\/index.php\/kuresel-piyasa-haftaya-karisik-bir-seyirle-basladi\" \/>\n<meta property=\"og:site_name\" content=\"The Epoch Times TR\" \/>\n<meta property=\"article:publisher\" content=\"https:\/\/www.facebook.com\/theepochtimestr\" \/>\n<meta property=\"article:published_time\" content=\"2023-08-07T07:05:22+00:00\" \/>\n<meta property=\"article:modified_time\" content=\"2023-08-07T07:05:25+00:00\" \/>\n<meta property=\"og:image\" content=\"https:\/\/epochtimestr.com\/wp-content\/uploads\/2011y\/istatitik-ekonomi-pixabay.jpg\" \/>\n\t<meta property=\"og:image:width\" content=\"960\" \/>\n\t<meta property=\"og:image:height\" content=\"678\" \/>\n\t<meta property=\"og:image:type\" content=\"image\/jpeg\" \/>\n<meta name=\"author\" content=\"Haber Merkezi\" \/>\n<meta name=\"twitter:card\" content=\"summary_large_image\" \/>\n<meta name=\"twitter:creator\" content=\"@TheEpochTimesTR\" \/>\n<meta name=\"twitter:site\" content=\"@TheEpochTimesTR\" \/>\n<meta name=\"twitter:label1\" content=\"Yazan:\" \/>\n\t<meta name=\"twitter:data1\" content=\"Haber Merkezi\" \/>\n\t<meta name=\"twitter:label2\" content=\"Tahmini okuma s\u00fcresi\" \/>\n\t<meta name=\"twitter:data2\" content=\"3 dakika\" \/>\n<script type=\"application\/ld+json\" class=\"yoast-schema-graph\">{\"@context\":\"https:\/\/schema.org\",\"@graph\":[{\"@type\":\"Article\",\"@id\":\"https:\/\/epochtimestr.com\/index.php\/kuresel-piyasa-haftaya-karisik-bir-seyirle-basladi#article\",\"isPartOf\":{\"@id\":\"https:\/\/epochtimestr.com\/index.php\/kuresel-piyasa-haftaya-karisik-bir-seyirle-basladi\"},\"author\":{\"name\":\"Haber Merkezi\",\"@id\":\"https:\/\/epochtimestr.com\/#\/schema\/person\/3dc5c3adeb9f43923c5aa85889172fdd\"},\"headline\":\"K\u00fcresel Piyasa Haftaya Kar\u0131\u015f\u0131k Bir Seyirle Ba\u015flad\u0131\",\"datePublished\":\"2023-08-07T07:05:22+00:00\",\"dateModified\":\"2023-08-07T07:05:25+00:00\",\"mainEntityOfPage\":{\"@id\":\"https:\/\/epochtimestr.com\/index.php\/kuresel-piyasa-haftaya-karisik-bir-seyirle-basladi\"},\"wordCount\":544,\"publisher\":{\"@id\":\"https:\/\/epochtimestr.com\/#organization\"},\"image\":{\"@id\":\"https:\/\/epochtimestr.com\/index.php\/kuresel-piyasa-haftaya-karisik-bir-seyirle-basladi#primaryimage\"},\"thumbnailUrl\":\"https:\/\/epochtimestr.com\/wp-content\/uploads\/2011y\/istatitik-ekonomi-pixabay.jpg\",\"articleSection\":[\"D\u00dcNYA\",\"G\u00dcNDEM\"],\"inLanguage\":\"tr\"},{\"@type\":\"WebPage\",\"@id\":\"https:\/\/epochtimestr.com\/index.php\/kuresel-piyasa-haftaya-karisik-bir-seyirle-basladi\",\"url\":\"https:\/\/epochtimestr.com\/index.php\/kuresel-piyasa-haftaya-karisik-bir-seyirle-basladi\",\"name\":\"K\u00fcresel Piyasa Haftaya Kar\u0131\u015f\u0131k Bir Seyirle Ba\u015flad\u0131 - The Epoch Times TR\",\"isPartOf\":{\"@id\":\"https:\/\/epochtimestr.com\/#website\"},\"primaryImageOfPage\":{\"@id\":\"https:\/\/epochtimestr.com\/index.php\/kuresel-piyasa-haftaya-karisik-bir-seyirle-basladi#primaryimage\"},\"image\":{\"@id\":\"https:\/\/epochtimestr.com\/index.php\/kuresel-piyasa-haftaya-karisik-bir-seyirle-basladi#primaryimage\"},\"thumbnailUrl\":\"https:\/\/epochtimestr.com\/wp-content\/uploads\/2011y\/istatitik-ekonomi-pixabay.jpg\",\"datePublished\":\"2023-08-07T07:05:22+00:00\",\"dateModified\":\"2023-08-07T07:05:25+00:00\",\"inLanguage\":\"tr\",\"potentialAction\":[{\"@type\":\"ReadAction\",\"target\":[\"https:\/\/epochtimestr.com\/index.php\/kuresel-piyasa-haftaya-karisik-bir-seyirle-basladi\"]}]},{\"@type\":\"ImageObject\",\"inLanguage\":\"tr\",\"@id\":\"https:\/\/epochtimestr.com\/index.php\/kuresel-piyasa-haftaya-karisik-bir-seyirle-basladi#primaryimage\",\"url\":\"https:\/\/epochtimestr.com\/wp-content\/uploads\/2011y\/istatitik-ekonomi-pixabay.jpg\",\"contentUrl\":\"https:\/\/epochtimestr.com\/wp-content\/uploads\/2011y\/istatitik-ekonomi-pixabay.jpg\",\"width\":960,\"height\":678},{\"@type\":\"WebSite\",\"@id\":\"https:\/\/epochtimestr.com\/#website\",\"url\":\"https:\/\/epochtimestr.com\/\",\"name\":\"The Epoch Times TR\",\"description\":\"De\u011fi\u015fen D\u00fcnyam\u0131za Taze Bir Bak\u0131\u015f\",\"publisher\":{\"@id\":\"https:\/\/epochtimestr.com\/#organization\"},\"potentialAction\":[{\"@type\":\"SearchAction\",\"target\":{\"@type\":\"EntryPoint\",\"urlTemplate\":\"https:\/\/epochtimestr.com\/?s={search_term_string}\"},\"query-input\":\"required name=search_term_string\"}],\"inLanguage\":\"tr\"},{\"@type\":\"Organization\",\"@id\":\"https:\/\/epochtimestr.com\/#organization\",\"name\":\"The EpochTimes T\u00fcrkiye\",\"url\":\"https:\/\/epochtimestr.com\/\",\"logo\":{\"@type\":\"ImageObject\",\"inLanguage\":\"tr\",\"@id\":\"https:\/\/epochtimestr.com\/#\/schema\/logo\/image\/\",\"url\":\"https:\/\/epochtimestr.com\/wp-content\/uploads\/2011y\/ET-Logo-YG.jpg\",\"contentUrl\":\"https:\/\/epochtimestr.com\/wp-content\/uploads\/2011y\/ET-Logo-YG.jpg\",\"width\":346,\"height\":29,\"caption\":\"The EpochTimes T\u00fcrkiye\"},\"image\":{\"@id\":\"https:\/\/epochtimestr.com\/#\/schema\/logo\/image\/\"},\"sameAs\":[\"https:\/\/www.facebook.com\/theepochtimestr\",\"https:\/\/x.com\/TheEpochTimesTR\",\"https:\/\/www.instagram.com\/epochtimestr\"]},{\"@type\":\"Person\",\"@id\":\"https:\/\/epochtimestr.com\/#\/schema\/person\/3dc5c3adeb9f43923c5aa85889172fdd\",\"name\":\"Haber Merkezi\",\"image\":{\"@type\":\"ImageObject\",\"inLanguage\":\"tr\",\"@id\":\"https:\/\/epochtimestr.com\/#\/schema\/person\/image\/\",\"url\":\"https:\/\/secure.gravatar.com\/avatar\/d73f772ba5a74f28601361e17c2f93e6?s=96&d=mm&r=g\",\"contentUrl\":\"https:\/\/secure.gravatar.com\/avatar\/d73f772ba5a74f28601361e17c2f93e6?s=96&d=mm&r=g\",\"caption\":\"Haber Merkezi\"},\"url\":\"https:\/\/epochtimestr.com\/index.php\/author\/sendag\"}]}<\/script>\n<!-- \/ Yoast SEO plugin. -->","yoast_head_json":{"title":"K\u00fcresel Piyasa Haftaya Kar\u0131\u015f\u0131k Bir Seyirle Ba\u015flad\u0131 - The Epoch Times TR","robots":{"index":"index","follow":"follow","max-snippet":"max-snippet:-1","max-image-preview":"max-image-preview:large","max-video-preview":"max-video-preview:-1"},"canonical":"https:\/\/epochtimestr.com\/index.php\/kuresel-piyasa-haftaya-karisik-bir-seyirle-basladi","og_locale":"tr_TR","og_type":"article","og_title":"K\u00fcresel Piyasa Haftaya Kar\u0131\u015f\u0131k Bir Seyirle Ba\u015flad\u0131 - The Epoch Times TR","og_description":"K\u00fcresel piyasa haftaya temkinli ba\u015flarken, ABD&#8217;de a\u00e7\u0131klanacak enflasyon ve yo\u011fun veri g\u00fcndemi merak konusu oldu. ABD&#8217;de ge\u00e7ti\u011fimiz hafta cuma g\u00fcn\u00fc a\u00e7\u0131klanan istihdam raporundaki kar\u0131\u015f\u0131k sinyaller varl\u0131k fiyatlar\u0131 \u00fczerindeki etkisini s\u00fcrd\u00fcr\u00fcyor. ABD Merkez Bankas\u0131 (FED)&#8217;n\u0131n izledi\u011fi ortalama saatlik kazan\u00e7 da y\u00fczde 0,4 artarak 33,74 dolara y\u00fckseldi. FED&#8217;in gelecek d\u00f6nem politikalar\u0131na ili\u015fkin belirsizliklerin devam etmesine neden olan [&hellip;]","og_url":"https:\/\/epochtimestr.com\/index.php\/kuresel-piyasa-haftaya-karisik-bir-seyirle-basladi","og_site_name":"The Epoch Times TR","article_publisher":"https:\/\/www.facebook.com\/theepochtimestr","article_published_time":"2023-08-07T07:05:22+00:00","article_modified_time":"2023-08-07T07:05:25+00:00","og_image":[{"width":960,"height":678,"url":"https:\/\/epochtimestr.com\/wp-content\/uploads\/2011y\/istatitik-ekonomi-pixabay.jpg","type":"image\/jpeg"}],"author":"Haber Merkezi","twitter_card":"summary_large_image","twitter_creator":"@TheEpochTimesTR","twitter_site":"@TheEpochTimesTR","twitter_misc":{"Yazan:":"Haber Merkezi","Tahmini okuma s\u00fcresi":"3 dakika"},"schema":{"@context":"https:\/\/schema.org","@graph":[{"@type":"Article","@id":"https:\/\/epochtimestr.com\/index.php\/kuresel-piyasa-haftaya-karisik-bir-seyirle-basladi#article","isPartOf":{"@id":"https:\/\/epochtimestr.com\/index.php\/kuresel-piyasa-haftaya-karisik-bir-seyirle-basladi"},"author":{"name":"Haber Merkezi","@id":"https:\/\/epochtimestr.com\/#\/schema\/person\/3dc5c3adeb9f43923c5aa85889172fdd"},"headline":"K\u00fcresel Piyasa Haftaya Kar\u0131\u015f\u0131k Bir Seyirle Ba\u015flad\u0131","datePublished":"2023-08-07T07:05:22+00:00","dateModified":"2023-08-07T07:05:25+00:00","mainEntityOfPage":{"@id":"https:\/\/epochtimestr.com\/index.php\/kuresel-piyasa-haftaya-karisik-bir-seyirle-basladi"},"wordCount":544,"publisher":{"@id":"https:\/\/epochtimestr.com\/#organization"},"image":{"@id":"https:\/\/epochtimestr.com\/index.php\/kuresel-piyasa-haftaya-karisik-bir-seyirle-basladi#primaryimage"},"thumbnailUrl":"https:\/\/epochtimestr.com\/wp-content\/uploads\/2011y\/istatitik-ekonomi-pixabay.jpg","articleSection":["D\u00dcNYA","G\u00dcNDEM"],"inLanguage":"tr"},{"@type":"WebPage","@id":"https:\/\/epochtimestr.com\/index.php\/kuresel-piyasa-haftaya-karisik-bir-seyirle-basladi","url":"https:\/\/epochtimestr.com\/index.php\/kuresel-piyasa-haftaya-karisik-bir-seyirle-basladi","name":"K\u00fcresel Piyasa Haftaya Kar\u0131\u015f\u0131k Bir Seyirle Ba\u015flad\u0131 - The Epoch Times TR","isPartOf":{"@id":"https:\/\/epochtimestr.com\/#website"},"primaryImageOfPage":{"@id":"https:\/\/epochtimestr.com\/index.php\/kuresel-piyasa-haftaya-karisik-bir-seyirle-basladi#primaryimage"},"image":{"@id":"https:\/\/epochtimestr.com\/index.php\/kuresel-piyasa-haftaya-karisik-bir-seyirle-basladi#primaryimage"},"thumbnailUrl":"https:\/\/epochtimestr.com\/wp-content\/uploads\/2011y\/istatitik-ekonomi-pixabay.jpg","datePublished":"2023-08-07T07:05:22+00:00","dateModified":"2023-08-07T07:05:25+00:00","inLanguage":"tr","potentialAction":[{"@type":"ReadAction","target":["https:\/\/epochtimestr.com\/index.php\/kuresel-piyasa-haftaya-karisik-bir-seyirle-basladi"]}]},{"@type":"ImageObject","inLanguage":"tr","@id":"https:\/\/epochtimestr.com\/index.php\/kuresel-piyasa-haftaya-karisik-bir-seyirle-basladi#primaryimage","url":"https:\/\/epochtimestr.com\/wp-content\/uploads\/2011y\/istatitik-ekonomi-pixabay.jpg","contentUrl":"https:\/\/epochtimestr.com\/wp-content\/uploads\/2011y\/istatitik-ekonomi-pixabay.jpg","width":960,"height":678},{"@type":"WebSite","@id":"https:\/\/epochtimestr.com\/#website","url":"https:\/\/epochtimestr.com\/","name":"The Epoch Times TR","description":"De\u011fi\u015fen D\u00fcnyam\u0131za Taze Bir Bak\u0131\u015f","publisher":{"@id":"https:\/\/epochtimestr.com\/#organization"},"potentialAction":[{"@type":"SearchAction","target":{"@type":"EntryPoint","urlTemplate":"https:\/\/epochtimestr.com\/?s={search_term_string}"},"query-input":"required name=search_term_string"}],"inLanguage":"tr"},{"@type":"Organization","@id":"https:\/\/epochtimestr.com\/#organization","name":"The EpochTimes T\u00fcrkiye","url":"https:\/\/epochtimestr.com\/","logo":{"@type":"ImageObject","inLanguage":"tr","@id":"https:\/\/epochtimestr.com\/#\/schema\/logo\/image\/","url":"https:\/\/epochtimestr.com\/wp-content\/uploads\/2011y\/ET-Logo-YG.jpg","contentUrl":"https:\/\/epochtimestr.com\/wp-content\/uploads\/2011y\/ET-Logo-YG.jpg","width":346,"height":29,"caption":"The EpochTimes T\u00fcrkiye"},"image":{"@id":"https:\/\/epochtimestr.com\/#\/schema\/logo\/image\/"},"sameAs":["https:\/\/www.facebook.com\/theepochtimestr","https:\/\/x.com\/TheEpochTimesTR","https:\/\/www.instagram.com\/epochtimestr"]},{"@type":"Person","@id":"https:\/\/epochtimestr.com\/#\/schema\/person\/3dc5c3adeb9f43923c5aa85889172fdd","name":"Haber Merkezi","image":{"@type":"ImageObject","inLanguage":"tr","@id":"https:\/\/epochtimestr.com\/#\/schema\/person\/image\/","url":"https:\/\/secure.gravatar.com\/avatar\/d73f772ba5a74f28601361e17c2f93e6?s=96&d=mm&r=g","contentUrl":"https:\/\/secure.gravatar.com\/avatar\/d73f772ba5a74f28601361e17c2f93e6?s=96&d=mm&r=g","caption":"Haber Merkezi"},"url":"https:\/\/epochtimestr.com\/index.php\/author\/sendag"}]}},"_links":{"self":[{"href":"https:\/\/epochtimestr.com\/index.php\/wp-json\/wp\/v2\/posts\/146775"}],"collection":[{"href":"https:\/\/epochtimestr.com\/index.php\/wp-json\/wp\/v2\/posts"}],"about":[{"href":"https:\/\/epochtimestr.com\/index.php\/wp-json\/wp\/v2\/types\/post"}],"author":[{"embeddable":true,"href":"https:\/\/epochtimestr.com\/index.php\/wp-json\/wp\/v2\/users\/12791"}],"replies":[{"embeddable":true,"href":"https:\/\/epochtimestr.com\/index.php\/wp-json\/wp\/v2\/comments?post=146775"}],"version-history":[{"count":1,"href":"https:\/\/epochtimestr.com\/index.php\/wp-json\/wp\/v2\/posts\/146775\/revisions"}],"predecessor-version":[{"id":146776,"href":"https:\/\/epochtimestr.com\/index.php\/wp-json\/wp\/v2\/posts\/146775\/revisions\/146776"}],"wp:featuredmedia":[{"embeddable":true,"href":"https:\/\/epochtimestr.com\/index.php\/wp-json\/wp\/v2\/media\/123752"}],"wp:attachment":[{"href":"https:\/\/epochtimestr.com\/index.php\/wp-json\/wp\/v2\/media?parent=146775"}],"wp:term":[{"taxonomy":"category","embeddable":true,"href":"https:\/\/epochtimestr.com\/index.php\/wp-json\/wp\/v2\/categories?post=146775"},{"taxonomy":"post_tag","embeddable":true,"href":"https:\/\/epochtimestr.com\/index.php\/wp-json\/wp\/v2\/tags?post=146775"}],"curies":[{"name":"wp","href":"https:\/\/api.w.org\/{rel}","templated":true}]}}