{"id":146788,"date":"2023-08-07T19:12:00","date_gmt":"2023-08-07T16:12:00","guid":{"rendered":"https:\/\/epochtimestr.com\/?p=146788"},"modified":"2023-08-07T19:12:03","modified_gmt":"2023-08-07T16:12:03","slug":"afganistanda-kiz-cocuklarina-okul-yasagi","status":"publish","type":"post","link":"https:\/\/epochtimestr.com\/index.php\/afganistanda-kiz-cocuklarina-okul-yasagi","title":{"rendered":"Afganistan\u2019da K\u0131z \u00c7ocuklar\u0131na Okul Yasa\u011f\u0131"},"content":{"rendered":"\n<p><\/p>\n\n\n<div class=\"wp-block-image\">\n<figure class=\"aligncenter size-full is-resized\"><img loading=\"lazy\" decoding=\"async\" src=\"https:\/\/epochtimestr.com\/wp-content\/uploads\/2011y\/afghanistan-80087_1280.jpg\" alt=\"\" class=\"wp-image-146789\" width=\"466\" height=\"312\" srcset=\"https:\/\/epochtimestr.com\/wp-content\/uploads\/2011y\/afghanistan-80087_1280.jpg 1280w, https:\/\/epochtimestr.com\/wp-content\/uploads\/2011y\/afghanistan-80087_1280-300x201.jpg 300w, https:\/\/epochtimestr.com\/wp-content\/uploads\/2011y\/afghanistan-80087_1280-150x100.jpg 150w, https:\/\/epochtimestr.com\/wp-content\/uploads\/2011y\/afghanistan-80087_1280-768x514.jpg 768w\" sizes=\"(max-width: 466px) 100vw, 466px\" \/><figcaption class=\"wp-element-caption\">Kaynak: Pixabay &#8211; 12019<\/figcaption><\/figure><\/div>\n\n\n<h2 class=\"wp-block-heading\">Taliban, Afganistan&#8217;\u0131n baz\u0131 eyaletlerinde 10 ya\u015f\u0131ndan b\u00fcy\u00fck k\u0131z \u00e7ocuklar\u0131n\u0131n okula gitmesini yasaklad\u0131.<\/h2>\n\n\n\n<p>Afganistan\u2019da y\u00f6netimi ele ge\u00e7iren Taliban, \u00fclkenin baz\u0131 eyaletlerinde 10 ya\u015f\u0131ndan b\u00fcy\u00fck k\u0131z \u00e7ocuklar\u0131n\u0131n okula gitmesini yasaklad\u0131.<\/p>\n\n\n\n<p>BBC Fars\u00e7a\u2019n\u0131n haberine g\u00f6re, baz\u0131 eyaletlerde \u00fc\u00e7\u00fcnc\u00fc s\u0131n\u0131f\u0131n \u00fczerindeki k\u0131z \u00e7ocuklar\u0131n\u0131n evlerine g\u00f6nderilmesi i\u00e7in m\u00fcd\u00fcrlere talimat verildi. Baz\u0131 illerde, yerel yetkililerin k\u0131zlar\u0131 ya\u015flar\u0131na g\u00f6re ay\u0131rd\u0131\u011f\u0131 ve k\u0131z okullar\u0131n\u0131n m\u00fcd\u00fcrlerinden \u00f6\u011frencileri evlerine g\u00f6ndermelerini istedikleri s\u00f6yleniyor.<\/p>\n\n\n\n<p>BBC&#8217;ye konu\u015fan kaynaklar\u0131n aktard\u0131\u011f\u0131na g\u00f6re, Gazni b\u00f6lgesinde, E\u011fitim Bakanl\u0131\u011f\u0131 yetkilileri okul m\u00fcd\u00fcrlerine ve k\u0131sa s\u00fcreli kurslara, 10 ya\u015f\u0131ndan b\u00fcy\u00fck k\u0131zlar\u0131n e\u011fitim almas\u0131n\u0131n yasak oldu\u011funu s\u00f6yledi. E\u011fitim alan\u0131nda \u00e7al\u0131\u015fan ba\u011f\u0131ms\u0131z yard\u0131m kurulu\u015flar\u0131ndan kaynaklar da bu tarz tavsiyelerin ve emirlerin okuma yazma kurslar\u0131na da ula\u015ft\u0131\u011f\u0131n\u0131 ifade ediyor.<\/p>\n\n\n\n<p><\/p>\n\n\n\n<p><\/p>\n","protected":false},"excerpt":{"rendered":"<p>Taliban, Afganistan&#8217;\u0131n baz\u0131 eyaletlerinde 10 ya\u015f\u0131ndan b\u00fcy\u00fck k\u0131z \u00e7ocuklar\u0131n\u0131n okula gitmesini yasaklad\u0131. Afganistan\u2019da y\u00f6netimi ele ge\u00e7iren Taliban, \u00fclkenin baz\u0131 eyaletlerinde 10 ya\u015f\u0131ndan b\u00fcy\u00fck k\u0131z \u00e7ocuklar\u0131n\u0131n okula gitmesini yasaklad\u0131. BBC Fars\u00e7a\u2019n\u0131n haberine g\u00f6re, baz\u0131 eyaletlerde \u00fc\u00e7\u00fcnc\u00fc s\u0131n\u0131f\u0131n \u00fczerindeki k\u0131z \u00e7ocuklar\u0131n\u0131n evlerine g\u00f6nderilmesi i\u00e7in m\u00fcd\u00fcrlere talimat verildi. Baz\u0131 illerde, yerel yetkililerin k\u0131zlar\u0131 ya\u015flar\u0131na g\u00f6re ay\u0131rd\u0131\u011f\u0131 ve k\u0131z [&hellip;]<\/p>\n","protected":false},"author":12791,"featured_media":146789,"comment_status":"closed","ping_status":"open","sticky":false,"template":"","format":"standard","meta":{"_yoast_wpseo_focuskw":"","_yoast_wpseo_title":"","_yoast_wpseo_metadesc":"","_bbp_topic_count":0,"_bbp_reply_count":0,"_bbp_total_topic_count":0,"_bbp_total_reply_count":0,"_bbp_voice_count":0,"_bbp_anonymous_reply_count":0,"_bbp_topic_count_hidden":0,"_bbp_reply_count_hidden":0,"_bbp_forum_subforum_count":0,"footnotes":"","_yoast_wpseo_focuskw_text_input":""},"categories":[5,1],"tags":[],"yoast_head":"<!-- This site is optimized with the Yoast SEO plugin v23.0 - https:\/\/yoast.com\/wordpress\/plugins\/seo\/ -->\n<title>Afganistan\u2019da K\u0131z \u00c7ocuklar\u0131na Okul Yasa\u011f\u0131 - The Epoch Times TR<\/title>\n<meta name=\"robots\" content=\"index, follow, max-snippet:-1, max-image-preview:large, max-video-preview:-1\" \/>\n<link rel=\"canonical\" href=\"https:\/\/epochtimestr.com\/index.php\/afganistanda-kiz-cocuklarina-okul-yasagi\" \/>\n<meta property=\"og:locale\" content=\"tr_TR\" \/>\n<meta property=\"og:type\" content=\"article\" \/>\n<meta property=\"og:title\" content=\"Afganistan\u2019da K\u0131z \u00c7ocuklar\u0131na Okul Yasa\u011f\u0131 - The Epoch Times TR\" \/>\n<meta property=\"og:description\" content=\"Taliban, Afganistan&#8217;\u0131n baz\u0131 eyaletlerinde 10 ya\u015f\u0131ndan b\u00fcy\u00fck k\u0131z \u00e7ocuklar\u0131n\u0131n okula gitmesini yasaklad\u0131. Afganistan\u2019da y\u00f6netimi ele ge\u00e7iren Taliban, \u00fclkenin baz\u0131 eyaletlerinde 10 ya\u015f\u0131ndan b\u00fcy\u00fck k\u0131z \u00e7ocuklar\u0131n\u0131n okula gitmesini yasaklad\u0131. BBC Fars\u00e7a\u2019n\u0131n haberine g\u00f6re, baz\u0131 eyaletlerde \u00fc\u00e7\u00fcnc\u00fc s\u0131n\u0131f\u0131n \u00fczerindeki k\u0131z \u00e7ocuklar\u0131n\u0131n evlerine g\u00f6nderilmesi i\u00e7in m\u00fcd\u00fcrlere talimat verildi. Baz\u0131 illerde, yerel yetkililerin k\u0131zlar\u0131 ya\u015flar\u0131na g\u00f6re ay\u0131rd\u0131\u011f\u0131 ve k\u0131z [&hellip;]\" \/>\n<meta property=\"og:url\" content=\"https:\/\/epochtimestr.com\/index.php\/afganistanda-kiz-cocuklarina-okul-yasagi\" \/>\n<meta property=\"og:site_name\" content=\"The Epoch Times TR\" \/>\n<meta property=\"article:publisher\" content=\"https:\/\/www.facebook.com\/theepochtimestr\" \/>\n<meta property=\"article:published_time\" content=\"2023-08-07T16:12:00+00:00\" \/>\n<meta property=\"article:modified_time\" content=\"2023-08-07T16:12:03+00:00\" \/>\n<meta property=\"og:image\" content=\"https:\/\/epochtimestr.com\/wp-content\/uploads\/2011y\/afghanistan-80087_1280.jpg\" \/>\n\t<meta property=\"og:image:width\" content=\"1280\" \/>\n\t<meta property=\"og:image:height\" content=\"857\" \/>\n\t<meta property=\"og:image:type\" content=\"image\/jpeg\" \/>\n<meta name=\"author\" content=\"Haber Merkezi\" \/>\n<meta name=\"twitter:card\" content=\"summary_large_image\" \/>\n<meta name=\"twitter:creator\" content=\"@TheEpochTimesTR\" \/>\n<meta name=\"twitter:site\" content=\"@TheEpochTimesTR\" \/>\n<meta name=\"twitter:label1\" content=\"Yazan:\" \/>\n\t<meta name=\"twitter:data1\" content=\"Haber Merkezi\" \/>\n\t<meta name=\"twitter:label2\" content=\"Tahmini okuma s\u00fcresi\" \/>\n\t<meta name=\"twitter:data2\" content=\"1 dakika\" \/>\n<script type=\"application\/ld+json\" class=\"yoast-schema-graph\">{\"@context\":\"https:\/\/schema.org\",\"@graph\":[{\"@type\":\"Article\",\"@id\":\"https:\/\/epochtimestr.com\/index.php\/afganistanda-kiz-cocuklarina-okul-yasagi#article\",\"isPartOf\":{\"@id\":\"https:\/\/epochtimestr.com\/index.php\/afganistanda-kiz-cocuklarina-okul-yasagi\"},\"author\":{\"name\":\"Haber Merkezi\",\"@id\":\"https:\/\/epochtimestr.com\/#\/schema\/person\/3dc5c3adeb9f43923c5aa85889172fdd\"},\"headline\":\"Afganistan\u2019da K\u0131z \u00c7ocuklar\u0131na Okul Yasa\u011f\u0131\",\"datePublished\":\"2023-08-07T16:12:00+00:00\",\"dateModified\":\"2023-08-07T16:12:03+00:00\",\"mainEntityOfPage\":{\"@id\":\"https:\/\/epochtimestr.com\/index.php\/afganistanda-kiz-cocuklarina-okul-yasagi\"},\"wordCount\":188,\"publisher\":{\"@id\":\"https:\/\/epochtimestr.com\/#organization\"},\"image\":{\"@id\":\"https:\/\/epochtimestr.com\/index.php\/afganistanda-kiz-cocuklarina-okul-yasagi#primaryimage\"},\"thumbnailUrl\":\"https:\/\/epochtimestr.com\/wp-content\/uploads\/2011y\/afghanistan-80087_1280.jpg\",\"articleSection\":[\"D\u00dcNYA\",\"G\u00dcNDEM\"],\"inLanguage\":\"tr\"},{\"@type\":\"WebPage\",\"@id\":\"https:\/\/epochtimestr.com\/index.php\/afganistanda-kiz-cocuklarina-okul-yasagi\",\"url\":\"https:\/\/epochtimestr.com\/index.php\/afganistanda-kiz-cocuklarina-okul-yasagi\",\"name\":\"Afganistan\u2019da K\u0131z \u00c7ocuklar\u0131na Okul Yasa\u011f\u0131 - The Epoch Times TR\",\"isPartOf\":{\"@id\":\"https:\/\/epochtimestr.com\/#website\"},\"primaryImageOfPage\":{\"@id\":\"https:\/\/epochtimestr.com\/index.php\/afganistanda-kiz-cocuklarina-okul-yasagi#primaryimage\"},\"image\":{\"@id\":\"https:\/\/epochtimestr.com\/index.php\/afganistanda-kiz-cocuklarina-okul-yasagi#primaryimage\"},\"thumbnailUrl\":\"https:\/\/epochtimestr.com\/wp-content\/uploads\/2011y\/afghanistan-80087_1280.jpg\",\"datePublished\":\"2023-08-07T16:12:00+00:00\",\"dateModified\":\"2023-08-07T16:12:03+00:00\",\"inLanguage\":\"tr\",\"potentialAction\":[{\"@type\":\"ReadAction\",\"target\":[\"https:\/\/epochtimestr.com\/index.php\/afganistanda-kiz-cocuklarina-okul-yasagi\"]}]},{\"@type\":\"ImageObject\",\"inLanguage\":\"tr\",\"@id\":\"https:\/\/epochtimestr.com\/index.php\/afganistanda-kiz-cocuklarina-okul-yasagi#primaryimage\",\"url\":\"https:\/\/epochtimestr.com\/wp-content\/uploads\/2011y\/afghanistan-80087_1280.jpg\",\"contentUrl\":\"https:\/\/epochtimestr.com\/wp-content\/uploads\/2011y\/afghanistan-80087_1280.jpg\",\"width\":1280,\"height\":857},{\"@type\":\"WebSite\",\"@id\":\"https:\/\/epochtimestr.com\/#website\",\"url\":\"https:\/\/epochtimestr.com\/\",\"name\":\"The Epoch Times TR\",\"description\":\"De\u011fi\u015fen D\u00fcnyam\u0131za Taze Bir Bak\u0131\u015f\",\"publisher\":{\"@id\":\"https:\/\/epochtimestr.com\/#organization\"},\"potentialAction\":[{\"@type\":\"SearchAction\",\"target\":{\"@type\":\"EntryPoint\",\"urlTemplate\":\"https:\/\/epochtimestr.com\/?s={search_term_string}\"},\"query-input\":\"required name=search_term_string\"}],\"inLanguage\":\"tr\"},{\"@type\":\"Organization\",\"@id\":\"https:\/\/epochtimestr.com\/#organization\",\"name\":\"The EpochTimes T\u00fcrkiye\",\"url\":\"https:\/\/epochtimestr.com\/\",\"logo\":{\"@type\":\"ImageObject\",\"inLanguage\":\"tr\",\"@id\":\"https:\/\/epochtimestr.com\/#\/schema\/logo\/image\/\",\"url\":\"https:\/\/epochtimestr.com\/wp-content\/uploads\/2011y\/ET-Logo-YG.jpg\",\"contentUrl\":\"https:\/\/epochtimestr.com\/wp-content\/uploads\/2011y\/ET-Logo-YG.jpg\",\"width\":346,\"height\":29,\"caption\":\"The EpochTimes T\u00fcrkiye\"},\"image\":{\"@id\":\"https:\/\/epochtimestr.com\/#\/schema\/logo\/image\/\"},\"sameAs\":[\"https:\/\/www.facebook.com\/theepochtimestr\",\"https:\/\/x.com\/TheEpochTimesTR\",\"https:\/\/www.instagram.com\/epochtimestr\"]},{\"@type\":\"Person\",\"@id\":\"https:\/\/epochtimestr.com\/#\/schema\/person\/3dc5c3adeb9f43923c5aa85889172fdd\",\"name\":\"Haber Merkezi\",\"image\":{\"@type\":\"ImageObject\",\"inLanguage\":\"tr\",\"@id\":\"https:\/\/epochtimestr.com\/#\/schema\/person\/image\/\",\"url\":\"https:\/\/secure.gravatar.com\/avatar\/d73f772ba5a74f28601361e17c2f93e6?s=96&d=mm&r=g\",\"contentUrl\":\"https:\/\/secure.gravatar.com\/avatar\/d73f772ba5a74f28601361e17c2f93e6?s=96&d=mm&r=g\",\"caption\":\"Haber Merkezi\"},\"url\":\"https:\/\/epochtimestr.com\/index.php\/author\/sendag\"}]}<\/script>\n<!-- \/ Yoast SEO plugin. -->","yoast_head_json":{"title":"Afganistan\u2019da K\u0131z \u00c7ocuklar\u0131na Okul Yasa\u011f\u0131 - The Epoch Times TR","robots":{"index":"index","follow":"follow","max-snippet":"max-snippet:-1","max-image-preview":"max-image-preview:large","max-video-preview":"max-video-preview:-1"},"canonical":"https:\/\/epochtimestr.com\/index.php\/afganistanda-kiz-cocuklarina-okul-yasagi","og_locale":"tr_TR","og_type":"article","og_title":"Afganistan\u2019da K\u0131z \u00c7ocuklar\u0131na Okul Yasa\u011f\u0131 - The Epoch Times TR","og_description":"Taliban, Afganistan&#8217;\u0131n baz\u0131 eyaletlerinde 10 ya\u015f\u0131ndan b\u00fcy\u00fck k\u0131z \u00e7ocuklar\u0131n\u0131n okula gitmesini yasaklad\u0131. Afganistan\u2019da y\u00f6netimi ele ge\u00e7iren Taliban, \u00fclkenin baz\u0131 eyaletlerinde 10 ya\u015f\u0131ndan b\u00fcy\u00fck k\u0131z \u00e7ocuklar\u0131n\u0131n okula gitmesini yasaklad\u0131. BBC Fars\u00e7a\u2019n\u0131n haberine g\u00f6re, baz\u0131 eyaletlerde \u00fc\u00e7\u00fcnc\u00fc s\u0131n\u0131f\u0131n \u00fczerindeki k\u0131z \u00e7ocuklar\u0131n\u0131n evlerine g\u00f6nderilmesi i\u00e7in m\u00fcd\u00fcrlere talimat verildi. Baz\u0131 illerde, yerel yetkililerin k\u0131zlar\u0131 ya\u015flar\u0131na g\u00f6re ay\u0131rd\u0131\u011f\u0131 ve k\u0131z [&hellip;]","og_url":"https:\/\/epochtimestr.com\/index.php\/afganistanda-kiz-cocuklarina-okul-yasagi","og_site_name":"The Epoch Times TR","article_publisher":"https:\/\/www.facebook.com\/theepochtimestr","article_published_time":"2023-08-07T16:12:00+00:00","article_modified_time":"2023-08-07T16:12:03+00:00","og_image":[{"width":1280,"height":857,"url":"https:\/\/epochtimestr.com\/wp-content\/uploads\/2011y\/afghanistan-80087_1280.jpg","type":"image\/jpeg"}],"author":"Haber Merkezi","twitter_card":"summary_large_image","twitter_creator":"@TheEpochTimesTR","twitter_site":"@TheEpochTimesTR","twitter_misc":{"Yazan:":"Haber Merkezi","Tahmini okuma s\u00fcresi":"1 dakika"},"schema":{"@context":"https:\/\/schema.org","@graph":[{"@type":"Article","@id":"https:\/\/epochtimestr.com\/index.php\/afganistanda-kiz-cocuklarina-okul-yasagi#article","isPartOf":{"@id":"https:\/\/epochtimestr.com\/index.php\/afganistanda-kiz-cocuklarina-okul-yasagi"},"author":{"name":"Haber Merkezi","@id":"https:\/\/epochtimestr.com\/#\/schema\/person\/3dc5c3adeb9f43923c5aa85889172fdd"},"headline":"Afganistan\u2019da K\u0131z \u00c7ocuklar\u0131na Okul Yasa\u011f\u0131","datePublished":"2023-08-07T16:12:00+00:00","dateModified":"2023-08-07T16:12:03+00:00","mainEntityOfPage":{"@id":"https:\/\/epochtimestr.com\/index.php\/afganistanda-kiz-cocuklarina-okul-yasagi"},"wordCount":188,"publisher":{"@id":"https:\/\/epochtimestr.com\/#organization"},"image":{"@id":"https:\/\/epochtimestr.com\/index.php\/afganistanda-kiz-cocuklarina-okul-yasagi#primaryimage"},"thumbnailUrl":"https:\/\/epochtimestr.com\/wp-content\/uploads\/2011y\/afghanistan-80087_1280.jpg","articleSection":["D\u00dcNYA","G\u00dcNDEM"],"inLanguage":"tr"},{"@type":"WebPage","@id":"https:\/\/epochtimestr.com\/index.php\/afganistanda-kiz-cocuklarina-okul-yasagi","url":"https:\/\/epochtimestr.com\/index.php\/afganistanda-kiz-cocuklarina-okul-yasagi","name":"Afganistan\u2019da K\u0131z \u00c7ocuklar\u0131na Okul Yasa\u011f\u0131 - The Epoch Times TR","isPartOf":{"@id":"https:\/\/epochtimestr.com\/#website"},"primaryImageOfPage":{"@id":"https:\/\/epochtimestr.com\/index.php\/afganistanda-kiz-cocuklarina-okul-yasagi#primaryimage"},"image":{"@id":"https:\/\/epochtimestr.com\/index.php\/afganistanda-kiz-cocuklarina-okul-yasagi#primaryimage"},"thumbnailUrl":"https:\/\/epochtimestr.com\/wp-content\/uploads\/2011y\/afghanistan-80087_1280.jpg","datePublished":"2023-08-07T16:12:00+00:00","dateModified":"2023-08-07T16:12:03+00:00","inLanguage":"tr","potentialAction":[{"@type":"ReadAction","target":["https:\/\/epochtimestr.com\/index.php\/afganistanda-kiz-cocuklarina-okul-yasagi"]}]},{"@type":"ImageObject","inLanguage":"tr","@id":"https:\/\/epochtimestr.com\/index.php\/afganistanda-kiz-cocuklarina-okul-yasagi#primaryimage","url":"https:\/\/epochtimestr.com\/wp-content\/uploads\/2011y\/afghanistan-80087_1280.jpg","contentUrl":"https:\/\/epochtimestr.com\/wp-content\/uploads\/2011y\/afghanistan-80087_1280.jpg","width":1280,"height":857},{"@type":"WebSite","@id":"https:\/\/epochtimestr.com\/#website","url":"https:\/\/epochtimestr.com\/","name":"The Epoch Times TR","description":"De\u011fi\u015fen D\u00fcnyam\u0131za Taze Bir Bak\u0131\u015f","publisher":{"@id":"https:\/\/epochtimestr.com\/#organization"},"potentialAction":[{"@type":"SearchAction","target":{"@type":"EntryPoint","urlTemplate":"https:\/\/epochtimestr.com\/?s={search_term_string}"},"query-input":"required name=search_term_string"}],"inLanguage":"tr"},{"@type":"Organization","@id":"https:\/\/epochtimestr.com\/#organization","name":"The EpochTimes T\u00fcrkiye","url":"https:\/\/epochtimestr.com\/","logo":{"@type":"ImageObject","inLanguage":"tr","@id":"https:\/\/epochtimestr.com\/#\/schema\/logo\/image\/","url":"https:\/\/epochtimestr.com\/wp-content\/uploads\/2011y\/ET-Logo-YG.jpg","contentUrl":"https:\/\/epochtimestr.com\/wp-content\/uploads\/2011y\/ET-Logo-YG.jpg","width":346,"height":29,"caption":"The EpochTimes T\u00fcrkiye"},"image":{"@id":"https:\/\/epochtimestr.com\/#\/schema\/logo\/image\/"},"sameAs":["https:\/\/www.facebook.com\/theepochtimestr","https:\/\/x.com\/TheEpochTimesTR","https:\/\/www.instagram.com\/epochtimestr"]},{"@type":"Person","@id":"https:\/\/epochtimestr.com\/#\/schema\/person\/3dc5c3adeb9f43923c5aa85889172fdd","name":"Haber Merkezi","image":{"@type":"ImageObject","inLanguage":"tr","@id":"https:\/\/epochtimestr.com\/#\/schema\/person\/image\/","url":"https:\/\/secure.gravatar.com\/avatar\/d73f772ba5a74f28601361e17c2f93e6?s=96&d=mm&r=g","contentUrl":"https:\/\/secure.gravatar.com\/avatar\/d73f772ba5a74f28601361e17c2f93e6?s=96&d=mm&r=g","caption":"Haber Merkezi"},"url":"https:\/\/epochtimestr.com\/index.php\/author\/sendag"}]}},"_links":{"self":[{"href":"https:\/\/epochtimestr.com\/index.php\/wp-json\/wp\/v2\/posts\/146788"}],"collection":[{"href":"https:\/\/epochtimestr.com\/index.php\/wp-json\/wp\/v2\/posts"}],"about":[{"href":"https:\/\/epochtimestr.com\/index.php\/wp-json\/wp\/v2\/types\/post"}],"author":[{"embeddable":true,"href":"https:\/\/epochtimestr.com\/index.php\/wp-json\/wp\/v2\/users\/12791"}],"replies":[{"embeddable":true,"href":"https:\/\/epochtimestr.com\/index.php\/wp-json\/wp\/v2\/comments?post=146788"}],"version-history":[{"count":2,"href":"https:\/\/epochtimestr.com\/index.php\/wp-json\/wp\/v2\/posts\/146788\/revisions"}],"predecessor-version":[{"id":146798,"href":"https:\/\/epochtimestr.com\/index.php\/wp-json\/wp\/v2\/posts\/146788\/revisions\/146798"}],"wp:featuredmedia":[{"embeddable":true,"href":"https:\/\/epochtimestr.com\/index.php\/wp-json\/wp\/v2\/media\/146789"}],"wp:attachment":[{"href":"https:\/\/epochtimestr.com\/index.php\/wp-json\/wp\/v2\/media?parent=146788"}],"wp:term":[{"taxonomy":"category","embeddable":true,"href":"https:\/\/epochtimestr.com\/index.php\/wp-json\/wp\/v2\/categories?post=146788"},{"taxonomy":"post_tag","embeddable":true,"href":"https:\/\/epochtimestr.com\/index.php\/wp-json\/wp\/v2\/tags?post=146788"}],"curies":[{"name":"wp","href":"https:\/\/api.w.org\/{rel}","templated":true}]}}