{"id":146791,"date":"2023-08-07T23:40:14","date_gmt":"2023-08-07T20:40:14","guid":{"rendered":"https:\/\/epochtimestr.com\/?p=146791"},"modified":"2023-08-07T23:40:18","modified_gmt":"2023-08-07T20:40:18","slug":"hollandada-yanan-kargo-gemisinin-cevre-felaketi-riski-devam-ediyor","status":"publish","type":"post","link":"https:\/\/epochtimestr.com\/index.php\/hollandada-yanan-kargo-gemisinin-cevre-felaketi-riski-devam-ediyor","title":{"rendered":"Hollanda\u2019da Yanan Kargo Gemisinin &#8221;\u00c7evre Felaketi Riski&#8221; Devam Ediyor"},"content":{"rendered":"\n<p><\/p>\n\n\n<div class=\"wp-block-image\">\n<figure class=\"aligncenter size-full is-resized\"><img loading=\"lazy\" decoding=\"async\" src=\"https:\/\/epochtimestr.com\/wp-content\/uploads\/2011y\/yemin-ship-76682_1280.jpg\" alt=\"\" class=\"wp-image-146792\" width=\"414\" height=\"295\" srcset=\"https:\/\/epochtimestr.com\/wp-content\/uploads\/2011y\/yemin-ship-76682_1280.jpg 1280w, https:\/\/epochtimestr.com\/wp-content\/uploads\/2011y\/yemin-ship-76682_1280-300x214.jpg 300w, https:\/\/epochtimestr.com\/wp-content\/uploads\/2011y\/yemin-ship-76682_1280-150x107.jpg 150w, https:\/\/epochtimestr.com\/wp-content\/uploads\/2011y\/yemin-ship-76682_1280-768x548.jpg 768w\" sizes=\"(max-width: 414px) 100vw, 414px\" \/><figcaption class=\"wp-element-caption\">Kaynak: Pixabay &#8211; 12019<\/figcaption><\/figure><\/div>\n\n\n<h2 class=\"wp-block-heading\">Hollanda\u2019da yanan kargo gemisi s\u00f6k\u00fcm i\u00e7in T\u00fcrkiye&#8217;ye getirilebilir<\/h2>\n\n\n\n<p>Almanya\u2019dan M\u0131s\u0131r\u2019a otomobil g\u00f6t\u00fcrmek i\u00e7in yola \u00e7\u0131kan kargo gemisinde, 25 Temmuz gecesi Hollanda\u2019ya ba\u011fl\u0131 Ameland adas\u0131 a\u00e7\u0131klar\u0131nda yang\u0131n \u00e7\u0131kt\u0131. Hollanda a\u00e7\u0131klar\u0131nda g\u00fcnlerce yanan ve i\u00e7erisinde 4 bin otomobil bulunan Fremantle Highway adl\u0131 geminin, s\u00f6k\u00fcm i\u00e7in T\u00fcrkiye\u2019ye g\u00f6nderilebilece\u011fi belirtiliyor.Yakla\u015f\u0131k 1 hafta yand\u0131ktan sonra g\u00fcvenli bir limana \u00e7ekilen Fremantle Highway adl\u0131 gemide \u00e7evre felaketi riski devam ediyor.Tahmini 4 bin otomobilin bulundu\u011fu Panama band\u0131ral\u0131 gemi hala akaryak\u0131t, ya\u011f ve yang\u0131n s\u00f6nd\u00fcrme suyu ile dolu.<\/p>\n\n\n\n<p><br \/>BBC T\u00fcrk\u00e7e&#8217;nin haberine g\u00f6re yang\u0131n\u0131n, gemide bulunan yakla\u015f\u0131k 500 elektrikli otomobilden birinde ba\u015flad\u0131\u011f\u0131 ve h\u0131zla yay\u0131ld\u0131\u011f\u0131 belirtiliyor. Toplam 23 m\u00fcrettebat gemiden atlayarak kurtulmaya \u00e7al\u0131\u015ft\u0131 ancak 1 ki\u015fi hayat\u0131n\u0131 kaybetti. Yakla\u015f\u0131k 1 hafta devam eden yang\u0131n\u0131n s\u00f6nmesinin ard\u0131ndan, D\u00fcnya Miras\u0131 listesindeki Wadden Denizi ve adalar\u0131nda olas\u0131 bir \u00e7evre felaketinin \u00f6nlenmesi i\u00e7in geminin \u00e7ekilmesi kararla\u015ft\u0131r\u0131ld\u0131. Fremantle Highway adl\u0131 gemi bulundu\u011fu noktan\u0131n 60 kilometre kuzeyindeki Eemshaven liman\u0131na \u00e7ekildi. Ancak Hollandal\u0131 uzmanlara g\u00f6re, \u00e7evre felaketi riski hen\u00fcz ge\u00e7medi. \u00c7\u00fcnk\u00fc gemi hala akaryak\u0131t yak\u0131t, ya\u011f ve s\u00f6nd\u00fcrme suyuyla dolu.<\/p>\n\n\n\n<p><\/p>\n\n\n\n<p>Gemideki 11 park g\u00fcvertesinde de yakla\u015f\u0131k 500&#8217;\u00fc elektrikli olan a\u011f\u0131r hasarl\u0131 3 bin 784 otomobil var. Bunlar\u0131n gemiden g\u00fcvenli bir \u015fekilde \u00e7\u0131kar\u0131lmas\u0131 ve i\u015flenmesi gerekiyor. Kurtarma \u015firketleri, yang\u0131n s\u00f6nd\u00fcrme suyu, akaryak\u0131t ve ya\u011flar\u0131n emilmeden \u00f6nce tahliyesi i\u00e7in inceleme yap\u0131yor. Kargo gemisi en ge\u00e7 ekim ay\u0131 ortalar\u0131na kadar Eemshaven&#8217;da kalacak. Marine Masters adl\u0131 kurtarma \u015firketi uzmanlar\u0131ndan Henk Smith&#8217;e g\u00f6re, y\u00fck\u00fcn tamamen bo\u015falt\u0131lmas\u0131 ve ara\u00e7lar\u0131n imha edilmesi bekleniyor. Fremantle Highway adl\u0131 geminin ne olaca\u011f\u0131 ise hen\u00fcz belli de\u011fil.<\/p>\n\n\n\n<p><\/p>\n\n\n\n<p>Henk Smith, AD gazetesine yapt\u0131\u011f\u0131 a\u00e7\u0131klamada, geminin duvarlar\u0131n\u0131n yang\u0131n nedeniyle karard\u0131\u011f\u0131n\u0131 ve kaptan k\u00f6\u015fk\u00fcn\u00fcn tamamen y\u0131k\u0131ld\u0131\u011f\u0131n\u0131 bildirdi. Hasar tespit uzmanlar\u0131n\u0131n \u00e7al\u0131\u015fmas\u0131ndan sonra ger\u00e7ek zarar belirlenecek. Daha sonra gemi sahibi \u015firket, gemiyi ya tamir i\u00e7in bir tersaneye \u00e7ekecek ya da hurdaya ay\u0131rmaya karar verecek .<\/p>\n\n\n\n<p><\/p>\n\n\n\n<p>Hollanda\u2019da hurdaya ay\u0131rma i\u015flemi m\u00fcmk\u00fcn de\u011fil. Kurtarma uzman\u0131 Smith&#8217;e g\u00f6re bu i\u015flem, T\u00fcrkiye\u2019de gemi s\u00f6k\u00fcm\u00fc ve konusunda uzman tesislerin bulundu\u011fu enkaz sahillerinde yap\u0131labilir. Hollandal\u0131 uzman, bir ba\u015fka se\u00e7ene\u011fin de, T\u00fcrkiye gibi s\u00f6k\u00fcm maliyetlerinin d\u00fc\u015f\u00fck oldu\u011fu Hindistan ve Pakistan&#8217;daki hurdal\u0131klarda geminin par\u00e7alanmas\u0131 oldu\u011funu s\u00f6yledi.<\/p>\n\n\n\n<p><\/p>\n\n\n\n<p><\/p>\n","protected":false},"excerpt":{"rendered":"<p>Hollanda\u2019da yanan kargo gemisi s\u00f6k\u00fcm i\u00e7in T\u00fcrkiye&#8217;ye getirilebilir Almanya\u2019dan M\u0131s\u0131r\u2019a otomobil g\u00f6t\u00fcrmek i\u00e7in yola \u00e7\u0131kan kargo gemisinde, 25 Temmuz gecesi Hollanda\u2019ya ba\u011fl\u0131 Ameland adas\u0131 a\u00e7\u0131klar\u0131nda yang\u0131n \u00e7\u0131kt\u0131. Hollanda a\u00e7\u0131klar\u0131nda g\u00fcnlerce yanan ve i\u00e7erisinde 4 bin otomobil bulunan Fremantle Highway adl\u0131 geminin, s\u00f6k\u00fcm i\u00e7in T\u00fcrkiye\u2019ye g\u00f6nderilebilece\u011fi belirtiliyor.Yakla\u015f\u0131k 1 hafta yand\u0131ktan sonra g\u00fcvenli bir limana \u00e7ekilen Fremantle [&hellip;]<\/p>\n","protected":false},"author":12791,"featured_media":146792,"comment_status":"closed","ping_status":"open","sticky":false,"template":"","format":"standard","meta":{"_yoast_wpseo_focuskw":"","_yoast_wpseo_title":"","_yoast_wpseo_metadesc":"","_bbp_topic_count":0,"_bbp_reply_count":0,"_bbp_total_topic_count":0,"_bbp_total_reply_count":0,"_bbp_voice_count":0,"_bbp_anonymous_reply_count":0,"_bbp_topic_count_hidden":0,"_bbp_reply_count_hidden":0,"_bbp_forum_subforum_count":0,"footnotes":"","_yoast_wpseo_focuskw_text_input":""},"categories":[5,8225,1,8226,37],"tags":[],"yoast_head":"<!-- This site is optimized with the Yoast SEO plugin v23.0 - https:\/\/yoast.com\/wordpress\/plugins\/seo\/ -->\n<title>Hollanda\u2019da Yanan Kargo Gemisinin &#039;&#039;\u00c7evre Felaketi Riski&#039;&#039; Devam Ediyor - The Epoch Times TR<\/title>\n<meta name=\"robots\" content=\"index, follow, max-snippet:-1, max-image-preview:large, max-video-preview:-1\" \/>\n<link rel=\"canonical\" href=\"https:\/\/epochtimestr.com\/index.php\/hollandada-yanan-kargo-gemisinin-cevre-felaketi-riski-devam-ediyor\" \/>\n<meta property=\"og:locale\" content=\"tr_TR\" \/>\n<meta property=\"og:type\" content=\"article\" \/>\n<meta property=\"og:title\" content=\"Hollanda\u2019da Yanan Kargo Gemisinin &#039;&#039;\u00c7evre Felaketi Riski&#039;&#039; Devam Ediyor - The Epoch Times TR\" \/>\n<meta property=\"og:description\" content=\"Hollanda\u2019da yanan kargo gemisi s\u00f6k\u00fcm i\u00e7in T\u00fcrkiye&#8217;ye getirilebilir Almanya\u2019dan M\u0131s\u0131r\u2019a otomobil g\u00f6t\u00fcrmek i\u00e7in yola \u00e7\u0131kan kargo gemisinde, 25 Temmuz gecesi Hollanda\u2019ya ba\u011fl\u0131 Ameland adas\u0131 a\u00e7\u0131klar\u0131nda yang\u0131n \u00e7\u0131kt\u0131. Hollanda a\u00e7\u0131klar\u0131nda g\u00fcnlerce yanan ve i\u00e7erisinde 4 bin otomobil bulunan Fremantle Highway adl\u0131 geminin, s\u00f6k\u00fcm i\u00e7in T\u00fcrkiye\u2019ye g\u00f6nderilebilece\u011fi belirtiliyor.Yakla\u015f\u0131k 1 hafta yand\u0131ktan sonra g\u00fcvenli bir limana \u00e7ekilen Fremantle [&hellip;]\" \/>\n<meta property=\"og:url\" content=\"https:\/\/epochtimestr.com\/index.php\/hollandada-yanan-kargo-gemisinin-cevre-felaketi-riski-devam-ediyor\" \/>\n<meta property=\"og:site_name\" content=\"The Epoch Times TR\" \/>\n<meta property=\"article:publisher\" content=\"https:\/\/www.facebook.com\/theepochtimestr\" \/>\n<meta property=\"article:published_time\" content=\"2023-08-07T20:40:14+00:00\" \/>\n<meta property=\"article:modified_time\" content=\"2023-08-07T20:40:18+00:00\" \/>\n<meta property=\"og:image\" content=\"https:\/\/epochtimestr.com\/wp-content\/uploads\/2011y\/yemin-ship-76682_1280.jpg\" \/>\n\t<meta property=\"og:image:width\" content=\"1280\" \/>\n\t<meta property=\"og:image:height\" content=\"914\" \/>\n\t<meta property=\"og:image:type\" content=\"image\/jpeg\" \/>\n<meta name=\"author\" content=\"Haber Merkezi\" \/>\n<meta name=\"twitter:card\" content=\"summary_large_image\" \/>\n<meta name=\"twitter:creator\" content=\"@TheEpochTimesTR\" \/>\n<meta name=\"twitter:site\" content=\"@TheEpochTimesTR\" \/>\n<meta name=\"twitter:label1\" content=\"Yazan:\" \/>\n\t<meta name=\"twitter:data1\" content=\"Haber Merkezi\" \/>\n\t<meta name=\"twitter:label2\" content=\"Tahmini okuma s\u00fcresi\" \/>\n\t<meta name=\"twitter:data2\" content=\"3 dakika\" \/>\n<script type=\"application\/ld+json\" class=\"yoast-schema-graph\">{\"@context\":\"https:\/\/schema.org\",\"@graph\":[{\"@type\":\"Article\",\"@id\":\"https:\/\/epochtimestr.com\/index.php\/hollandada-yanan-kargo-gemisinin-cevre-felaketi-riski-devam-ediyor#article\",\"isPartOf\":{\"@id\":\"https:\/\/epochtimestr.com\/index.php\/hollandada-yanan-kargo-gemisinin-cevre-felaketi-riski-devam-ediyor\"},\"author\":{\"name\":\"Haber Merkezi\",\"@id\":\"https:\/\/epochtimestr.com\/#\/schema\/person\/3dc5c3adeb9f43923c5aa85889172fdd\"},\"headline\":\"Hollanda\u2019da Yanan Kargo Gemisinin &#8221;\u00c7evre Felaketi Riski&#8221; Devam Ediyor\",\"datePublished\":\"2023-08-07T20:40:14+00:00\",\"dateModified\":\"2023-08-07T20:40:18+00:00\",\"mainEntityOfPage\":{\"@id\":\"https:\/\/epochtimestr.com\/index.php\/hollandada-yanan-kargo-gemisinin-cevre-felaketi-riski-devam-ediyor\"},\"wordCount\":470,\"publisher\":{\"@id\":\"https:\/\/epochtimestr.com\/#organization\"},\"image\":{\"@id\":\"https:\/\/epochtimestr.com\/index.php\/hollandada-yanan-kargo-gemisinin-cevre-felaketi-riski-devam-ediyor#primaryimage\"},\"thumbnailUrl\":\"https:\/\/epochtimestr.com\/wp-content\/uploads\/2011y\/yemin-ship-76682_1280.jpg\",\"articleSection\":[\"D\u00dcNYA\",\"Ekonomi\",\"G\u00dcNDEM\",\"Siyaset\",\"T\u00dcRK\u0130YE\"],\"inLanguage\":\"tr\"},{\"@type\":\"WebPage\",\"@id\":\"https:\/\/epochtimestr.com\/index.php\/hollandada-yanan-kargo-gemisinin-cevre-felaketi-riski-devam-ediyor\",\"url\":\"https:\/\/epochtimestr.com\/index.php\/hollandada-yanan-kargo-gemisinin-cevre-felaketi-riski-devam-ediyor\",\"name\":\"Hollanda\u2019da Yanan Kargo Gemisinin ''\u00c7evre Felaketi Riski'' Devam Ediyor - The Epoch Times TR\",\"isPartOf\":{\"@id\":\"https:\/\/epochtimestr.com\/#website\"},\"primaryImageOfPage\":{\"@id\":\"https:\/\/epochtimestr.com\/index.php\/hollandada-yanan-kargo-gemisinin-cevre-felaketi-riski-devam-ediyor#primaryimage\"},\"image\":{\"@id\":\"https:\/\/epochtimestr.com\/index.php\/hollandada-yanan-kargo-gemisinin-cevre-felaketi-riski-devam-ediyor#primaryimage\"},\"thumbnailUrl\":\"https:\/\/epochtimestr.com\/wp-content\/uploads\/2011y\/yemin-ship-76682_1280.jpg\",\"datePublished\":\"2023-08-07T20:40:14+00:00\",\"dateModified\":\"2023-08-07T20:40:18+00:00\",\"inLanguage\":\"tr\",\"potentialAction\":[{\"@type\":\"ReadAction\",\"target\":[\"https:\/\/epochtimestr.com\/index.php\/hollandada-yanan-kargo-gemisinin-cevre-felaketi-riski-devam-ediyor\"]}]},{\"@type\":\"ImageObject\",\"inLanguage\":\"tr\",\"@id\":\"https:\/\/epochtimestr.com\/index.php\/hollandada-yanan-kargo-gemisinin-cevre-felaketi-riski-devam-ediyor#primaryimage\",\"url\":\"https:\/\/epochtimestr.com\/wp-content\/uploads\/2011y\/yemin-ship-76682_1280.jpg\",\"contentUrl\":\"https:\/\/epochtimestr.com\/wp-content\/uploads\/2011y\/yemin-ship-76682_1280.jpg\",\"width\":1280,\"height\":914},{\"@type\":\"WebSite\",\"@id\":\"https:\/\/epochtimestr.com\/#website\",\"url\":\"https:\/\/epochtimestr.com\/\",\"name\":\"The Epoch Times TR\",\"description\":\"De\u011fi\u015fen D\u00fcnyam\u0131za Taze Bir Bak\u0131\u015f\",\"publisher\":{\"@id\":\"https:\/\/epochtimestr.com\/#organization\"},\"potentialAction\":[{\"@type\":\"SearchAction\",\"target\":{\"@type\":\"EntryPoint\",\"urlTemplate\":\"https:\/\/epochtimestr.com\/?s={search_term_string}\"},\"query-input\":\"required name=search_term_string\"}],\"inLanguage\":\"tr\"},{\"@type\":\"Organization\",\"@id\":\"https:\/\/epochtimestr.com\/#organization\",\"name\":\"The EpochTimes T\u00fcrkiye\",\"url\":\"https:\/\/epochtimestr.com\/\",\"logo\":{\"@type\":\"ImageObject\",\"inLanguage\":\"tr\",\"@id\":\"https:\/\/epochtimestr.com\/#\/schema\/logo\/image\/\",\"url\":\"https:\/\/epochtimestr.com\/wp-content\/uploads\/2011y\/ET-Logo-YG.jpg\",\"contentUrl\":\"https:\/\/epochtimestr.com\/wp-content\/uploads\/2011y\/ET-Logo-YG.jpg\",\"width\":346,\"height\":29,\"caption\":\"The EpochTimes T\u00fcrkiye\"},\"image\":{\"@id\":\"https:\/\/epochtimestr.com\/#\/schema\/logo\/image\/\"},\"sameAs\":[\"https:\/\/www.facebook.com\/theepochtimestr\",\"https:\/\/x.com\/TheEpochTimesTR\",\"https:\/\/www.instagram.com\/epochtimestr\"]},{\"@type\":\"Person\",\"@id\":\"https:\/\/epochtimestr.com\/#\/schema\/person\/3dc5c3adeb9f43923c5aa85889172fdd\",\"name\":\"Haber Merkezi\",\"image\":{\"@type\":\"ImageObject\",\"inLanguage\":\"tr\",\"@id\":\"https:\/\/epochtimestr.com\/#\/schema\/person\/image\/\",\"url\":\"https:\/\/secure.gravatar.com\/avatar\/d73f772ba5a74f28601361e17c2f93e6?s=96&d=mm&r=g\",\"contentUrl\":\"https:\/\/secure.gravatar.com\/avatar\/d73f772ba5a74f28601361e17c2f93e6?s=96&d=mm&r=g\",\"caption\":\"Haber Merkezi\"},\"url\":\"https:\/\/epochtimestr.com\/index.php\/author\/sendag\"}]}<\/script>\n<!-- \/ Yoast SEO plugin. -->","yoast_head_json":{"title":"Hollanda\u2019da Yanan Kargo Gemisinin ''\u00c7evre Felaketi Riski'' Devam Ediyor - The Epoch Times TR","robots":{"index":"index","follow":"follow","max-snippet":"max-snippet:-1","max-image-preview":"max-image-preview:large","max-video-preview":"max-video-preview:-1"},"canonical":"https:\/\/epochtimestr.com\/index.php\/hollandada-yanan-kargo-gemisinin-cevre-felaketi-riski-devam-ediyor","og_locale":"tr_TR","og_type":"article","og_title":"Hollanda\u2019da Yanan Kargo Gemisinin ''\u00c7evre Felaketi Riski'' Devam Ediyor - The Epoch Times TR","og_description":"Hollanda\u2019da yanan kargo gemisi s\u00f6k\u00fcm i\u00e7in T\u00fcrkiye&#8217;ye getirilebilir Almanya\u2019dan M\u0131s\u0131r\u2019a otomobil g\u00f6t\u00fcrmek i\u00e7in yola \u00e7\u0131kan kargo gemisinde, 25 Temmuz gecesi Hollanda\u2019ya ba\u011fl\u0131 Ameland adas\u0131 a\u00e7\u0131klar\u0131nda yang\u0131n \u00e7\u0131kt\u0131. Hollanda a\u00e7\u0131klar\u0131nda g\u00fcnlerce yanan ve i\u00e7erisinde 4 bin otomobil bulunan Fremantle Highway adl\u0131 geminin, s\u00f6k\u00fcm i\u00e7in T\u00fcrkiye\u2019ye g\u00f6nderilebilece\u011fi belirtiliyor.Yakla\u015f\u0131k 1 hafta yand\u0131ktan sonra g\u00fcvenli bir limana \u00e7ekilen Fremantle [&hellip;]","og_url":"https:\/\/epochtimestr.com\/index.php\/hollandada-yanan-kargo-gemisinin-cevre-felaketi-riski-devam-ediyor","og_site_name":"The Epoch Times TR","article_publisher":"https:\/\/www.facebook.com\/theepochtimestr","article_published_time":"2023-08-07T20:40:14+00:00","article_modified_time":"2023-08-07T20:40:18+00:00","og_image":[{"width":1280,"height":914,"url":"https:\/\/epochtimestr.com\/wp-content\/uploads\/2011y\/yemin-ship-76682_1280.jpg","type":"image\/jpeg"}],"author":"Haber Merkezi","twitter_card":"summary_large_image","twitter_creator":"@TheEpochTimesTR","twitter_site":"@TheEpochTimesTR","twitter_misc":{"Yazan:":"Haber Merkezi","Tahmini okuma s\u00fcresi":"3 dakika"},"schema":{"@context":"https:\/\/schema.org","@graph":[{"@type":"Article","@id":"https:\/\/epochtimestr.com\/index.php\/hollandada-yanan-kargo-gemisinin-cevre-felaketi-riski-devam-ediyor#article","isPartOf":{"@id":"https:\/\/epochtimestr.com\/index.php\/hollandada-yanan-kargo-gemisinin-cevre-felaketi-riski-devam-ediyor"},"author":{"name":"Haber Merkezi","@id":"https:\/\/epochtimestr.com\/#\/schema\/person\/3dc5c3adeb9f43923c5aa85889172fdd"},"headline":"Hollanda\u2019da Yanan Kargo Gemisinin &#8221;\u00c7evre Felaketi Riski&#8221; Devam Ediyor","datePublished":"2023-08-07T20:40:14+00:00","dateModified":"2023-08-07T20:40:18+00:00","mainEntityOfPage":{"@id":"https:\/\/epochtimestr.com\/index.php\/hollandada-yanan-kargo-gemisinin-cevre-felaketi-riski-devam-ediyor"},"wordCount":470,"publisher":{"@id":"https:\/\/epochtimestr.com\/#organization"},"image":{"@id":"https:\/\/epochtimestr.com\/index.php\/hollandada-yanan-kargo-gemisinin-cevre-felaketi-riski-devam-ediyor#primaryimage"},"thumbnailUrl":"https:\/\/epochtimestr.com\/wp-content\/uploads\/2011y\/yemin-ship-76682_1280.jpg","articleSection":["D\u00dcNYA","Ekonomi","G\u00dcNDEM","Siyaset","T\u00dcRK\u0130YE"],"inLanguage":"tr"},{"@type":"WebPage","@id":"https:\/\/epochtimestr.com\/index.php\/hollandada-yanan-kargo-gemisinin-cevre-felaketi-riski-devam-ediyor","url":"https:\/\/epochtimestr.com\/index.php\/hollandada-yanan-kargo-gemisinin-cevre-felaketi-riski-devam-ediyor","name":"Hollanda\u2019da Yanan Kargo Gemisinin ''\u00c7evre Felaketi Riski'' Devam Ediyor - The Epoch Times TR","isPartOf":{"@id":"https:\/\/epochtimestr.com\/#website"},"primaryImageOfPage":{"@id":"https:\/\/epochtimestr.com\/index.php\/hollandada-yanan-kargo-gemisinin-cevre-felaketi-riski-devam-ediyor#primaryimage"},"image":{"@id":"https:\/\/epochtimestr.com\/index.php\/hollandada-yanan-kargo-gemisinin-cevre-felaketi-riski-devam-ediyor#primaryimage"},"thumbnailUrl":"https:\/\/epochtimestr.com\/wp-content\/uploads\/2011y\/yemin-ship-76682_1280.jpg","datePublished":"2023-08-07T20:40:14+00:00","dateModified":"2023-08-07T20:40:18+00:00","inLanguage":"tr","potentialAction":[{"@type":"ReadAction","target":["https:\/\/epochtimestr.com\/index.php\/hollandada-yanan-kargo-gemisinin-cevre-felaketi-riski-devam-ediyor"]}]},{"@type":"ImageObject","inLanguage":"tr","@id":"https:\/\/epochtimestr.com\/index.php\/hollandada-yanan-kargo-gemisinin-cevre-felaketi-riski-devam-ediyor#primaryimage","url":"https:\/\/epochtimestr.com\/wp-content\/uploads\/2011y\/yemin-ship-76682_1280.jpg","contentUrl":"https:\/\/epochtimestr.com\/wp-content\/uploads\/2011y\/yemin-ship-76682_1280.jpg","width":1280,"height":914},{"@type":"WebSite","@id":"https:\/\/epochtimestr.com\/#website","url":"https:\/\/epochtimestr.com\/","name":"The Epoch Times TR","description":"De\u011fi\u015fen D\u00fcnyam\u0131za Taze Bir Bak\u0131\u015f","publisher":{"@id":"https:\/\/epochtimestr.com\/#organization"},"potentialAction":[{"@type":"SearchAction","target":{"@type":"EntryPoint","urlTemplate":"https:\/\/epochtimestr.com\/?s={search_term_string}"},"query-input":"required name=search_term_string"}],"inLanguage":"tr"},{"@type":"Organization","@id":"https:\/\/epochtimestr.com\/#organization","name":"The EpochTimes T\u00fcrkiye","url":"https:\/\/epochtimestr.com\/","logo":{"@type":"ImageObject","inLanguage":"tr","@id":"https:\/\/epochtimestr.com\/#\/schema\/logo\/image\/","url":"https:\/\/epochtimestr.com\/wp-content\/uploads\/2011y\/ET-Logo-YG.jpg","contentUrl":"https:\/\/epochtimestr.com\/wp-content\/uploads\/2011y\/ET-Logo-YG.jpg","width":346,"height":29,"caption":"The EpochTimes T\u00fcrkiye"},"image":{"@id":"https:\/\/epochtimestr.com\/#\/schema\/logo\/image\/"},"sameAs":["https:\/\/www.facebook.com\/theepochtimestr","https:\/\/x.com\/TheEpochTimesTR","https:\/\/www.instagram.com\/epochtimestr"]},{"@type":"Person","@id":"https:\/\/epochtimestr.com\/#\/schema\/person\/3dc5c3adeb9f43923c5aa85889172fdd","name":"Haber Merkezi","image":{"@type":"ImageObject","inLanguage":"tr","@id":"https:\/\/epochtimestr.com\/#\/schema\/person\/image\/","url":"https:\/\/secure.gravatar.com\/avatar\/d73f772ba5a74f28601361e17c2f93e6?s=96&d=mm&r=g","contentUrl":"https:\/\/secure.gravatar.com\/avatar\/d73f772ba5a74f28601361e17c2f93e6?s=96&d=mm&r=g","caption":"Haber Merkezi"},"url":"https:\/\/epochtimestr.com\/index.php\/author\/sendag"}]}},"_links":{"self":[{"href":"https:\/\/epochtimestr.com\/index.php\/wp-json\/wp\/v2\/posts\/146791"}],"collection":[{"href":"https:\/\/epochtimestr.com\/index.php\/wp-json\/wp\/v2\/posts"}],"about":[{"href":"https:\/\/epochtimestr.com\/index.php\/wp-json\/wp\/v2\/types\/post"}],"author":[{"embeddable":true,"href":"https:\/\/epochtimestr.com\/index.php\/wp-json\/wp\/v2\/users\/12791"}],"replies":[{"embeddable":true,"href":"https:\/\/epochtimestr.com\/index.php\/wp-json\/wp\/v2\/comments?post=146791"}],"version-history":[{"count":2,"href":"https:\/\/epochtimestr.com\/index.php\/wp-json\/wp\/v2\/posts\/146791\/revisions"}],"predecessor-version":[{"id":146817,"href":"https:\/\/epochtimestr.com\/index.php\/wp-json\/wp\/v2\/posts\/146791\/revisions\/146817"}],"wp:featuredmedia":[{"embeddable":true,"href":"https:\/\/epochtimestr.com\/index.php\/wp-json\/wp\/v2\/media\/146792"}],"wp:attachment":[{"href":"https:\/\/epochtimestr.com\/index.php\/wp-json\/wp\/v2\/media?parent=146791"}],"wp:term":[{"taxonomy":"category","embeddable":true,"href":"https:\/\/epochtimestr.com\/index.php\/wp-json\/wp\/v2\/categories?post=146791"},{"taxonomy":"post_tag","embeddable":true,"href":"https:\/\/epochtimestr.com\/index.php\/wp-json\/wp\/v2\/tags?post=146791"}],"curies":[{"name":"wp","href":"https:\/\/api.w.org\/{rel}","templated":true}]}}