{"id":146910,"date":"2023-08-16T21:11:26","date_gmt":"2023-08-16T18:11:26","guid":{"rendered":"https:\/\/epochtimestr.com\/?p=146910"},"modified":"2023-08-16T21:11:28","modified_gmt":"2023-08-16T18:11:28","slug":"credit-suissein-acikladigi-kuresel-servet-raporunda-turkiye-ile-ilgili-carpici-veriler-yer-aldi","status":"publish","type":"post","link":"https:\/\/epochtimestr.com\/index.php\/credit-suissein-acikladigi-kuresel-servet-raporunda-turkiye-ile-ilgili-carpici-veriler-yer-aldi","title":{"rendered":"Credit Suisse&#8217;in A\u00e7\u0131klad\u0131\u011f\u0131 K\u00fcresel Servet Raporunda T\u00fcrkiye \u0130le \u0130lgili \u00c7arp\u0131c\u0131 Veriler Yer Ald\u0131"},"content":{"rendered":"<div class=\"wp-block-image\">\n<figure class=\"aligncenter size-full is-resized\"><img loading=\"lazy\" decoding=\"async\" src=\"https:\/\/epochtimestr.com\/wp-content\/uploads\/2011y\/europe-69527_1280-1.jpg\" alt=\"\" class=\"wp-image-146911\" width=\"460\" height=\"306\" srcset=\"https:\/\/epochtimestr.com\/wp-content\/uploads\/2011y\/europe-69527_1280-1.jpg 1280w, https:\/\/epochtimestr.com\/wp-content\/uploads\/2011y\/europe-69527_1280-1-300x200.jpg 300w, https:\/\/epochtimestr.com\/wp-content\/uploads\/2011y\/europe-69527_1280-1-150x100.jpg 150w, https:\/\/epochtimestr.com\/wp-content\/uploads\/2011y\/europe-69527_1280-1-768x512.jpg 768w\" sizes=\"(max-width: 460px) 100vw, 460px\" \/><figcaption class=\"wp-element-caption\">Kaynak: Pixabay &#8211; <a href=\"https:\/\/pixabay.com\/tr\/users\/publicdomainpictures-14\/\" target=\"_blank\" rel=\"noreferrer noopener\">PublicDomainPictures<\/a><\/figcaption><\/figure><\/div>\n\n\n<h2 class=\"wp-block-heading\">T\u00fcrkiye\u2019de en zengin y\u00fczde 5\u2019in serveti kalan y\u00fczde 95\u2019in toplam\u0131ndan fazla.<\/h2>\n\n\n\n<p>UBS taraf\u0131ndan sat\u0131n al\u0131nan Credit Suisse&#8217;in d\u00fcn a\u00e7\u0131klad\u0131\u011f\u0131 k\u00fcresel servet raporunda T\u00fcrkiye ile ilgili de \u00e7arp\u0131c\u0131 veriler yer ald\u0131. \u0130svi\u00e7reli banka Credit Suisse raporuna g\u00f6re, T\u00fcrkiye&#8217;deki toplam 1 trilyon 41 milyar dolarl\u0131k servetin y\u00fczde 39,5&#8217;lik k\u0131sm\u0131, n\u00fcfusun sadece y\u00fczde 1&#8217;lik kesiminin elinde bulunuyor. N\u00fcfusun en zengin y\u00fczde 10&#8217;unun servetten ald\u0131\u011f\u0131 pay ise y\u00fczde 69,8.<\/p>\n\n\n\n<p>Bankan\u0131n veri taban\u0131na g\u00f6re, T\u00fcrkiye\u2019de 2015 y\u0131l\u0131nda toplam servet 1 trilyon 777 milyar dolar iken ki\u015fi ba\u015f\u0131na gelir de 33 bin 982 dolard\u0131. Son y\u0131llarda TL\u2019nin dolar kar\u015f\u0131s\u0131ndaki de\u011fer kayb\u0131, servetin de dolar cinsi de\u011ferinde d\u00fc\u015f\u00fc\u015fleri beraberinde getirdi.<\/p>\n\n\n\n<p>2022 y\u0131l\u0131 itibar\u0131yla yeti\u015fkin ba\u015f\u0131na 4 bin 187 dolarl\u0131k finansal, 14 bin 403 dolarl\u0131k finan d\u0131\u015f\u0131 servet d\u00fc\u015ferken, 1012 dolar da bor\u00e7 d\u00fc\u015ft\u00fc. Raporda, T\u00fcrkiye\u2019deki servetin da\u011f\u0131l\u0131m\u0131na ili\u015fkin de \u00e7arp\u0131c\u0131 veriler bulunuyor.<\/p>\n\n\n\n<p><br \/>*T\u00fcrkiye\u2019de n\u00fcfusun en zengin y\u00fczde 1\u2019inin toplam servetten ald\u0131\u011f\u0131 pay y\u00fczde 39,5. Bu oran, n\u00fcfusun y\u00fczde 90\u2019l\u0131k kesimi i\u00e7in sadece y\u00fczde 30,2.<br \/>*N\u00fcfusun en zengin y\u00fczde 5\u2019lik kesimi toplam servetten y\u00fczde 59,2 pay al\u0131rken, n\u00fcfusun y\u00fczde 95\u2019lik kesiminin ald\u0131\u011f\u0131 pay sadece y\u00fczde 40,8.<br \/>*N\u00fcfusun en zengin y\u00fczde 10\u2019luk kesimi ise toplam servetin y\u00fczde 69,8\u2019ine sahip.<br \/>*N\u00fcfusun en yoksul y\u00fczde 30\u2019luk kesiminin servetten ald\u0131\u011f\u0131 pay ise ekside. Yani yeti\u015fkin n\u00fcfusun y\u00fczde 30\u2019unun servetini toplad\u0131\u011f\u0131n\u0131zda ortada servet de\u011fil yakla\u015f\u0131k 1 milyar dolarl\u0131k net bor\u00e7 oluyor.<br \/>*N\u00fcfusun y\u00fczde 80\u2019inin servetten ald\u0131\u011f\u0131 toplam pay da y\u00fczde 18,7.<br \/>*T\u00fcrkiye, 0,802\u2019lik gini katsay\u0131s\u0131yla da rapordaki 29 \u00fclke aras\u0131nda 17. s\u0131rada yer ald\u0131.<br \/>*T\u00fcrkiye\u2019de 2022 y\u0131l\u0131 itibar\u0131yla 61 bin dolar milyoneri var. 2021\u2019de bu rakam 73 bindi.<br \/>*100 bin dolar \u00fcst\u00fc servet sahibi ki\u015fi say\u0131s\u0131 1 milyon 256 bin.<br \/>*52 bin 392 ki\u015finin 1-5 milyon dolar aras\u0131 serveti var. 5-10 milyon dolar aras\u0131 servet sahibi ki\u015fi say\u0131s\u0131 4 bin 835.<br \/>*2 bin 920 ki\u015finin 10-50 milyon dolar aras\u0131, 320 ki\u015finin 50-100 milyon dolar aras\u0131, 31 ki\u015finin ise 500 milyon dolar \u00fcst\u00fc serveti var.<\/p>\n\n\n\n<p><br \/>Ki\u015fi ba\u015f\u0131 servetin en d\u00fc\u015f\u00fck oldu\u011fu k\u0131ta, 8 bin 345 dolarla Afrika. Kuzey Amerika ise ki\u015fi ba\u015f\u0131 tam 531 bin 826 dolarl\u0131k servetle ilk s\u0131rada. ABD\u2019de ki\u015fi ba\u015f\u0131na d\u00fc\u015fen servet ise 551 bin 347 dolar.<\/p>\n\n\n\n<p><\/p>\n\n\n\n<p><\/p>\n","protected":false},"excerpt":{"rendered":"<p>T\u00fcrkiye\u2019de en zengin y\u00fczde 5\u2019in serveti kalan y\u00fczde 95\u2019in toplam\u0131ndan fazla. UBS taraf\u0131ndan sat\u0131n al\u0131nan Credit Suisse&#8217;in d\u00fcn a\u00e7\u0131klad\u0131\u011f\u0131 k\u00fcresel servet raporunda T\u00fcrkiye ile ilgili de \u00e7arp\u0131c\u0131 veriler yer ald\u0131. \u0130svi\u00e7reli banka Credit Suisse raporuna g\u00f6re, T\u00fcrkiye&#8217;deki toplam 1 trilyon 41 milyar dolarl\u0131k servetin y\u00fczde 39,5&#8217;lik k\u0131sm\u0131, n\u00fcfusun sadece y\u00fczde 1&#8217;lik kesiminin elinde bulunuyor. N\u00fcfusun [&hellip;]<\/p>\n","protected":false},"author":12791,"featured_media":146911,"comment_status":"closed","ping_status":"open","sticky":false,"template":"","format":"standard","meta":{"_yoast_wpseo_focuskw":"","_yoast_wpseo_title":"","_yoast_wpseo_metadesc":"","_bbp_topic_count":0,"_bbp_reply_count":0,"_bbp_total_topic_count":0,"_bbp_total_reply_count":0,"_bbp_voice_count":0,"_bbp_anonymous_reply_count":0,"_bbp_topic_count_hidden":0,"_bbp_reply_count_hidden":0,"_bbp_forum_subforum_count":0,"footnotes":"","_yoast_wpseo_focuskw_text_input":""},"categories":[5,8225,1,8226,37],"tags":[],"yoast_head":"<!-- This site is optimized with the Yoast SEO plugin v23.0 - https:\/\/yoast.com\/wordpress\/plugins\/seo\/ -->\n<title>Credit Suisse&#039;in A\u00e7\u0131klad\u0131\u011f\u0131 K\u00fcresel Servet Raporunda T\u00fcrkiye \u0130le \u0130lgili \u00c7arp\u0131c\u0131 Veriler Yer Ald\u0131 - The Epoch Times TR<\/title>\n<meta name=\"robots\" content=\"index, follow, max-snippet:-1, max-image-preview:large, max-video-preview:-1\" \/>\n<link rel=\"canonical\" href=\"https:\/\/epochtimestr.com\/index.php\/credit-suissein-acikladigi-kuresel-servet-raporunda-turkiye-ile-ilgili-carpici-veriler-yer-aldi\" \/>\n<meta property=\"og:locale\" content=\"tr_TR\" \/>\n<meta property=\"og:type\" content=\"article\" \/>\n<meta property=\"og:title\" content=\"Credit Suisse&#039;in A\u00e7\u0131klad\u0131\u011f\u0131 K\u00fcresel Servet Raporunda T\u00fcrkiye \u0130le \u0130lgili \u00c7arp\u0131c\u0131 Veriler Yer Ald\u0131 - The Epoch Times TR\" \/>\n<meta property=\"og:description\" content=\"T\u00fcrkiye\u2019de en zengin y\u00fczde 5\u2019in serveti kalan y\u00fczde 95\u2019in toplam\u0131ndan fazla. UBS taraf\u0131ndan sat\u0131n al\u0131nan Credit Suisse&#8217;in d\u00fcn a\u00e7\u0131klad\u0131\u011f\u0131 k\u00fcresel servet raporunda T\u00fcrkiye ile ilgili de \u00e7arp\u0131c\u0131 veriler yer ald\u0131. \u0130svi\u00e7reli banka Credit Suisse raporuna g\u00f6re, T\u00fcrkiye&#8217;deki toplam 1 trilyon 41 milyar dolarl\u0131k servetin y\u00fczde 39,5&#8217;lik k\u0131sm\u0131, n\u00fcfusun sadece y\u00fczde 1&#8217;lik kesiminin elinde bulunuyor. N\u00fcfusun [&hellip;]\" \/>\n<meta property=\"og:url\" content=\"https:\/\/epochtimestr.com\/index.php\/credit-suissein-acikladigi-kuresel-servet-raporunda-turkiye-ile-ilgili-carpici-veriler-yer-aldi\" \/>\n<meta property=\"og:site_name\" content=\"The Epoch Times TR\" \/>\n<meta property=\"article:publisher\" content=\"https:\/\/www.facebook.com\/theepochtimestr\" \/>\n<meta property=\"article:published_time\" content=\"2023-08-16T18:11:26+00:00\" \/>\n<meta property=\"article:modified_time\" content=\"2023-08-16T18:11:28+00:00\" \/>\n<meta property=\"og:image\" content=\"https:\/\/epochtimestr.com\/wp-content\/uploads\/2011y\/europe-69527_1280-1.jpg\" \/>\n\t<meta property=\"og:image:width\" content=\"1280\" \/>\n\t<meta property=\"og:image:height\" content=\"853\" \/>\n\t<meta property=\"og:image:type\" content=\"image\/jpeg\" \/>\n<meta name=\"author\" content=\"Haber Merkezi\" \/>\n<meta name=\"twitter:card\" content=\"summary_large_image\" \/>\n<meta name=\"twitter:creator\" content=\"@TheEpochTimesTR\" \/>\n<meta name=\"twitter:site\" content=\"@TheEpochTimesTR\" \/>\n<meta name=\"twitter:label1\" content=\"Yazan:\" \/>\n\t<meta name=\"twitter:data1\" content=\"Haber Merkezi\" \/>\n\t<meta name=\"twitter:label2\" content=\"Tahmini okuma s\u00fcresi\" \/>\n\t<meta name=\"twitter:data2\" content=\"3 dakika\" \/>\n<script type=\"application\/ld+json\" class=\"yoast-schema-graph\">{\"@context\":\"https:\/\/schema.org\",\"@graph\":[{\"@type\":\"Article\",\"@id\":\"https:\/\/epochtimestr.com\/index.php\/credit-suissein-acikladigi-kuresel-servet-raporunda-turkiye-ile-ilgili-carpici-veriler-yer-aldi#article\",\"isPartOf\":{\"@id\":\"https:\/\/epochtimestr.com\/index.php\/credit-suissein-acikladigi-kuresel-servet-raporunda-turkiye-ile-ilgili-carpici-veriler-yer-aldi\"},\"author\":{\"name\":\"Haber Merkezi\",\"@id\":\"https:\/\/epochtimestr.com\/#\/schema\/person\/3dc5c3adeb9f43923c5aa85889172fdd\"},\"headline\":\"Credit Suisse&#8217;in A\u00e7\u0131klad\u0131\u011f\u0131 K\u00fcresel Servet Raporunda T\u00fcrkiye \u0130le \u0130lgili \u00c7arp\u0131c\u0131 Veriler Yer Ald\u0131\",\"datePublished\":\"2023-08-16T18:11:26+00:00\",\"dateModified\":\"2023-08-16T18:11:28+00:00\",\"mainEntityOfPage\":{\"@id\":\"https:\/\/epochtimestr.com\/index.php\/credit-suissein-acikladigi-kuresel-servet-raporunda-turkiye-ile-ilgili-carpici-veriler-yer-aldi\"},\"wordCount\":440,\"publisher\":{\"@id\":\"https:\/\/epochtimestr.com\/#organization\"},\"image\":{\"@id\":\"https:\/\/epochtimestr.com\/index.php\/credit-suissein-acikladigi-kuresel-servet-raporunda-turkiye-ile-ilgili-carpici-veriler-yer-aldi#primaryimage\"},\"thumbnailUrl\":\"https:\/\/epochtimestr.com\/wp-content\/uploads\/2011y\/europe-69527_1280-1.jpg\",\"articleSection\":[\"D\u00dcNYA\",\"Ekonomi\",\"G\u00dcNDEM\",\"Siyaset\",\"T\u00dcRK\u0130YE\"],\"inLanguage\":\"tr\"},{\"@type\":\"WebPage\",\"@id\":\"https:\/\/epochtimestr.com\/index.php\/credit-suissein-acikladigi-kuresel-servet-raporunda-turkiye-ile-ilgili-carpici-veriler-yer-aldi\",\"url\":\"https:\/\/epochtimestr.com\/index.php\/credit-suissein-acikladigi-kuresel-servet-raporunda-turkiye-ile-ilgili-carpici-veriler-yer-aldi\",\"name\":\"Credit Suisse'in A\u00e7\u0131klad\u0131\u011f\u0131 K\u00fcresel Servet Raporunda T\u00fcrkiye \u0130le \u0130lgili \u00c7arp\u0131c\u0131 Veriler Yer Ald\u0131 - The Epoch Times TR\",\"isPartOf\":{\"@id\":\"https:\/\/epochtimestr.com\/#website\"},\"primaryImageOfPage\":{\"@id\":\"https:\/\/epochtimestr.com\/index.php\/credit-suissein-acikladigi-kuresel-servet-raporunda-turkiye-ile-ilgili-carpici-veriler-yer-aldi#primaryimage\"},\"image\":{\"@id\":\"https:\/\/epochtimestr.com\/index.php\/credit-suissein-acikladigi-kuresel-servet-raporunda-turkiye-ile-ilgili-carpici-veriler-yer-aldi#primaryimage\"},\"thumbnailUrl\":\"https:\/\/epochtimestr.com\/wp-content\/uploads\/2011y\/europe-69527_1280-1.jpg\",\"datePublished\":\"2023-08-16T18:11:26+00:00\",\"dateModified\":\"2023-08-16T18:11:28+00:00\",\"inLanguage\":\"tr\",\"potentialAction\":[{\"@type\":\"ReadAction\",\"target\":[\"https:\/\/epochtimestr.com\/index.php\/credit-suissein-acikladigi-kuresel-servet-raporunda-turkiye-ile-ilgili-carpici-veriler-yer-aldi\"]}]},{\"@type\":\"ImageObject\",\"inLanguage\":\"tr\",\"@id\":\"https:\/\/epochtimestr.com\/index.php\/credit-suissein-acikladigi-kuresel-servet-raporunda-turkiye-ile-ilgili-carpici-veriler-yer-aldi#primaryimage\",\"url\":\"https:\/\/epochtimestr.com\/wp-content\/uploads\/2011y\/europe-69527_1280-1.jpg\",\"contentUrl\":\"https:\/\/epochtimestr.com\/wp-content\/uploads\/2011y\/europe-69527_1280-1.jpg\",\"width\":1280,\"height\":853},{\"@type\":\"WebSite\",\"@id\":\"https:\/\/epochtimestr.com\/#website\",\"url\":\"https:\/\/epochtimestr.com\/\",\"name\":\"The Epoch Times TR\",\"description\":\"De\u011fi\u015fen D\u00fcnyam\u0131za Taze Bir Bak\u0131\u015f\",\"publisher\":{\"@id\":\"https:\/\/epochtimestr.com\/#organization\"},\"potentialAction\":[{\"@type\":\"SearchAction\",\"target\":{\"@type\":\"EntryPoint\",\"urlTemplate\":\"https:\/\/epochtimestr.com\/?s={search_term_string}\"},\"query-input\":\"required name=search_term_string\"}],\"inLanguage\":\"tr\"},{\"@type\":\"Organization\",\"@id\":\"https:\/\/epochtimestr.com\/#organization\",\"name\":\"The EpochTimes T\u00fcrkiye\",\"url\":\"https:\/\/epochtimestr.com\/\",\"logo\":{\"@type\":\"ImageObject\",\"inLanguage\":\"tr\",\"@id\":\"https:\/\/epochtimestr.com\/#\/schema\/logo\/image\/\",\"url\":\"https:\/\/epochtimestr.com\/wp-content\/uploads\/2011y\/ET-Logo-YG.jpg\",\"contentUrl\":\"https:\/\/epochtimestr.com\/wp-content\/uploads\/2011y\/ET-Logo-YG.jpg\",\"width\":346,\"height\":29,\"caption\":\"The EpochTimes T\u00fcrkiye\"},\"image\":{\"@id\":\"https:\/\/epochtimestr.com\/#\/schema\/logo\/image\/\"},\"sameAs\":[\"https:\/\/www.facebook.com\/theepochtimestr\",\"https:\/\/x.com\/TheEpochTimesTR\",\"https:\/\/www.instagram.com\/epochtimestr\"]},{\"@type\":\"Person\",\"@id\":\"https:\/\/epochtimestr.com\/#\/schema\/person\/3dc5c3adeb9f43923c5aa85889172fdd\",\"name\":\"Haber Merkezi\",\"image\":{\"@type\":\"ImageObject\",\"inLanguage\":\"tr\",\"@id\":\"https:\/\/epochtimestr.com\/#\/schema\/person\/image\/\",\"url\":\"https:\/\/secure.gravatar.com\/avatar\/d73f772ba5a74f28601361e17c2f93e6?s=96&d=mm&r=g\",\"contentUrl\":\"https:\/\/secure.gravatar.com\/avatar\/d73f772ba5a74f28601361e17c2f93e6?s=96&d=mm&r=g\",\"caption\":\"Haber Merkezi\"},\"url\":\"https:\/\/epochtimestr.com\/index.php\/author\/sendag\"}]}<\/script>\n<!-- \/ Yoast SEO plugin. -->","yoast_head_json":{"title":"Credit Suisse'in A\u00e7\u0131klad\u0131\u011f\u0131 K\u00fcresel Servet Raporunda T\u00fcrkiye \u0130le \u0130lgili \u00c7arp\u0131c\u0131 Veriler Yer Ald\u0131 - The Epoch Times TR","robots":{"index":"index","follow":"follow","max-snippet":"max-snippet:-1","max-image-preview":"max-image-preview:large","max-video-preview":"max-video-preview:-1"},"canonical":"https:\/\/epochtimestr.com\/index.php\/credit-suissein-acikladigi-kuresel-servet-raporunda-turkiye-ile-ilgili-carpici-veriler-yer-aldi","og_locale":"tr_TR","og_type":"article","og_title":"Credit Suisse'in A\u00e7\u0131klad\u0131\u011f\u0131 K\u00fcresel Servet Raporunda T\u00fcrkiye \u0130le \u0130lgili \u00c7arp\u0131c\u0131 Veriler Yer Ald\u0131 - The Epoch Times TR","og_description":"T\u00fcrkiye\u2019de en zengin y\u00fczde 5\u2019in serveti kalan y\u00fczde 95\u2019in toplam\u0131ndan fazla. UBS taraf\u0131ndan sat\u0131n al\u0131nan Credit Suisse&#8217;in d\u00fcn a\u00e7\u0131klad\u0131\u011f\u0131 k\u00fcresel servet raporunda T\u00fcrkiye ile ilgili de \u00e7arp\u0131c\u0131 veriler yer ald\u0131. \u0130svi\u00e7reli banka Credit Suisse raporuna g\u00f6re, T\u00fcrkiye&#8217;deki toplam 1 trilyon 41 milyar dolarl\u0131k servetin y\u00fczde 39,5&#8217;lik k\u0131sm\u0131, n\u00fcfusun sadece y\u00fczde 1&#8217;lik kesiminin elinde bulunuyor. N\u00fcfusun [&hellip;]","og_url":"https:\/\/epochtimestr.com\/index.php\/credit-suissein-acikladigi-kuresel-servet-raporunda-turkiye-ile-ilgili-carpici-veriler-yer-aldi","og_site_name":"The Epoch Times TR","article_publisher":"https:\/\/www.facebook.com\/theepochtimestr","article_published_time":"2023-08-16T18:11:26+00:00","article_modified_time":"2023-08-16T18:11:28+00:00","og_image":[{"width":1280,"height":853,"url":"https:\/\/epochtimestr.com\/wp-content\/uploads\/2011y\/europe-69527_1280-1.jpg","type":"image\/jpeg"}],"author":"Haber Merkezi","twitter_card":"summary_large_image","twitter_creator":"@TheEpochTimesTR","twitter_site":"@TheEpochTimesTR","twitter_misc":{"Yazan:":"Haber Merkezi","Tahmini okuma s\u00fcresi":"3 dakika"},"schema":{"@context":"https:\/\/schema.org","@graph":[{"@type":"Article","@id":"https:\/\/epochtimestr.com\/index.php\/credit-suissein-acikladigi-kuresel-servet-raporunda-turkiye-ile-ilgili-carpici-veriler-yer-aldi#article","isPartOf":{"@id":"https:\/\/epochtimestr.com\/index.php\/credit-suissein-acikladigi-kuresel-servet-raporunda-turkiye-ile-ilgili-carpici-veriler-yer-aldi"},"author":{"name":"Haber Merkezi","@id":"https:\/\/epochtimestr.com\/#\/schema\/person\/3dc5c3adeb9f43923c5aa85889172fdd"},"headline":"Credit Suisse&#8217;in A\u00e7\u0131klad\u0131\u011f\u0131 K\u00fcresel Servet Raporunda T\u00fcrkiye \u0130le \u0130lgili \u00c7arp\u0131c\u0131 Veriler Yer Ald\u0131","datePublished":"2023-08-16T18:11:26+00:00","dateModified":"2023-08-16T18:11:28+00:00","mainEntityOfPage":{"@id":"https:\/\/epochtimestr.com\/index.php\/credit-suissein-acikladigi-kuresel-servet-raporunda-turkiye-ile-ilgili-carpici-veriler-yer-aldi"},"wordCount":440,"publisher":{"@id":"https:\/\/epochtimestr.com\/#organization"},"image":{"@id":"https:\/\/epochtimestr.com\/index.php\/credit-suissein-acikladigi-kuresel-servet-raporunda-turkiye-ile-ilgili-carpici-veriler-yer-aldi#primaryimage"},"thumbnailUrl":"https:\/\/epochtimestr.com\/wp-content\/uploads\/2011y\/europe-69527_1280-1.jpg","articleSection":["D\u00dcNYA","Ekonomi","G\u00dcNDEM","Siyaset","T\u00dcRK\u0130YE"],"inLanguage":"tr"},{"@type":"WebPage","@id":"https:\/\/epochtimestr.com\/index.php\/credit-suissein-acikladigi-kuresel-servet-raporunda-turkiye-ile-ilgili-carpici-veriler-yer-aldi","url":"https:\/\/epochtimestr.com\/index.php\/credit-suissein-acikladigi-kuresel-servet-raporunda-turkiye-ile-ilgili-carpici-veriler-yer-aldi","name":"Credit Suisse'in A\u00e7\u0131klad\u0131\u011f\u0131 K\u00fcresel Servet Raporunda T\u00fcrkiye \u0130le \u0130lgili \u00c7arp\u0131c\u0131 Veriler Yer Ald\u0131 - The Epoch Times TR","isPartOf":{"@id":"https:\/\/epochtimestr.com\/#website"},"primaryImageOfPage":{"@id":"https:\/\/epochtimestr.com\/index.php\/credit-suissein-acikladigi-kuresel-servet-raporunda-turkiye-ile-ilgili-carpici-veriler-yer-aldi#primaryimage"},"image":{"@id":"https:\/\/epochtimestr.com\/index.php\/credit-suissein-acikladigi-kuresel-servet-raporunda-turkiye-ile-ilgili-carpici-veriler-yer-aldi#primaryimage"},"thumbnailUrl":"https:\/\/epochtimestr.com\/wp-content\/uploads\/2011y\/europe-69527_1280-1.jpg","datePublished":"2023-08-16T18:11:26+00:00","dateModified":"2023-08-16T18:11:28+00:00","inLanguage":"tr","potentialAction":[{"@type":"ReadAction","target":["https:\/\/epochtimestr.com\/index.php\/credit-suissein-acikladigi-kuresel-servet-raporunda-turkiye-ile-ilgili-carpici-veriler-yer-aldi"]}]},{"@type":"ImageObject","inLanguage":"tr","@id":"https:\/\/epochtimestr.com\/index.php\/credit-suissein-acikladigi-kuresel-servet-raporunda-turkiye-ile-ilgili-carpici-veriler-yer-aldi#primaryimage","url":"https:\/\/epochtimestr.com\/wp-content\/uploads\/2011y\/europe-69527_1280-1.jpg","contentUrl":"https:\/\/epochtimestr.com\/wp-content\/uploads\/2011y\/europe-69527_1280-1.jpg","width":1280,"height":853},{"@type":"WebSite","@id":"https:\/\/epochtimestr.com\/#website","url":"https:\/\/epochtimestr.com\/","name":"The Epoch Times TR","description":"De\u011fi\u015fen D\u00fcnyam\u0131za Taze Bir Bak\u0131\u015f","publisher":{"@id":"https:\/\/epochtimestr.com\/#organization"},"potentialAction":[{"@type":"SearchAction","target":{"@type":"EntryPoint","urlTemplate":"https:\/\/epochtimestr.com\/?s={search_term_string}"},"query-input":"required name=search_term_string"}],"inLanguage":"tr"},{"@type":"Organization","@id":"https:\/\/epochtimestr.com\/#organization","name":"The EpochTimes T\u00fcrkiye","url":"https:\/\/epochtimestr.com\/","logo":{"@type":"ImageObject","inLanguage":"tr","@id":"https:\/\/epochtimestr.com\/#\/schema\/logo\/image\/","url":"https:\/\/epochtimestr.com\/wp-content\/uploads\/2011y\/ET-Logo-YG.jpg","contentUrl":"https:\/\/epochtimestr.com\/wp-content\/uploads\/2011y\/ET-Logo-YG.jpg","width":346,"height":29,"caption":"The EpochTimes T\u00fcrkiye"},"image":{"@id":"https:\/\/epochtimestr.com\/#\/schema\/logo\/image\/"},"sameAs":["https:\/\/www.facebook.com\/theepochtimestr","https:\/\/x.com\/TheEpochTimesTR","https:\/\/www.instagram.com\/epochtimestr"]},{"@type":"Person","@id":"https:\/\/epochtimestr.com\/#\/schema\/person\/3dc5c3adeb9f43923c5aa85889172fdd","name":"Haber Merkezi","image":{"@type":"ImageObject","inLanguage":"tr","@id":"https:\/\/epochtimestr.com\/#\/schema\/person\/image\/","url":"https:\/\/secure.gravatar.com\/avatar\/d73f772ba5a74f28601361e17c2f93e6?s=96&d=mm&r=g","contentUrl":"https:\/\/secure.gravatar.com\/avatar\/d73f772ba5a74f28601361e17c2f93e6?s=96&d=mm&r=g","caption":"Haber Merkezi"},"url":"https:\/\/epochtimestr.com\/index.php\/author\/sendag"}]}},"_links":{"self":[{"href":"https:\/\/epochtimestr.com\/index.php\/wp-json\/wp\/v2\/posts\/146910"}],"collection":[{"href":"https:\/\/epochtimestr.com\/index.php\/wp-json\/wp\/v2\/posts"}],"about":[{"href":"https:\/\/epochtimestr.com\/index.php\/wp-json\/wp\/v2\/types\/post"}],"author":[{"embeddable":true,"href":"https:\/\/epochtimestr.com\/index.php\/wp-json\/wp\/v2\/users\/12791"}],"replies":[{"embeddable":true,"href":"https:\/\/epochtimestr.com\/index.php\/wp-json\/wp\/v2\/comments?post=146910"}],"version-history":[{"count":2,"href":"https:\/\/epochtimestr.com\/index.php\/wp-json\/wp\/v2\/posts\/146910\/revisions"}],"predecessor-version":[{"id":146917,"href":"https:\/\/epochtimestr.com\/index.php\/wp-json\/wp\/v2\/posts\/146910\/revisions\/146917"}],"wp:featuredmedia":[{"embeddable":true,"href":"https:\/\/epochtimestr.com\/index.php\/wp-json\/wp\/v2\/media\/146911"}],"wp:attachment":[{"href":"https:\/\/epochtimestr.com\/index.php\/wp-json\/wp\/v2\/media?parent=146910"}],"wp:term":[{"taxonomy":"category","embeddable":true,"href":"https:\/\/epochtimestr.com\/index.php\/wp-json\/wp\/v2\/categories?post=146910"},{"taxonomy":"post_tag","embeddable":true,"href":"https:\/\/epochtimestr.com\/index.php\/wp-json\/wp\/v2\/tags?post=146910"}],"curies":[{"name":"wp","href":"https:\/\/api.w.org\/{rel}","templated":true}]}}