{"id":146919,"date":"2023-08-17T11:03:36","date_gmt":"2023-08-17T08:03:36","guid":{"rendered":"https:\/\/epochtimestr.com\/?p=146919"},"modified":"2023-08-17T11:03:40","modified_gmt":"2023-08-17T08:03:40","slug":"ingillterede-demir-yolu-iscileri-yeni-grevlere-hazirlaniyor","status":"publish","type":"post","link":"https:\/\/epochtimestr.com\/index.php\/ingillterede-demir-yolu-iscileri-yeni-grevlere-hazirlaniyor","title":{"rendered":"\u0130ngilltere\u2019de Demir Yolu \u0130\u015f\u00e7ileri Yeni Grevlere Haz\u0131rlan\u0131yor"},"content":{"rendered":"<div class=\"wp-block-image\">\n<figure class=\"aligncenter size-full is-resized\"><img loading=\"lazy\" decoding=\"async\" src=\"https:\/\/epochtimestr.com\/wp-content\/uploads\/2011y\/large_rg.png\" alt=\"\" class=\"wp-image-146920\" width=\"404\" height=\"268\" srcset=\"https:\/\/epochtimestr.com\/wp-content\/uploads\/2011y\/large_rg.png 800w, https:\/\/epochtimestr.com\/wp-content\/uploads\/2011y\/large_rg-300x199.png 300w, https:\/\/epochtimestr.com\/wp-content\/uploads\/2011y\/large_rg-150x100.png 150w, https:\/\/epochtimestr.com\/wp-content\/uploads\/2011y\/large_rg-768x510.png 768w\" sizes=\"(max-width: 404px) 100vw, 404px\" \/><figcaption class=\"wp-element-caption\">Kaynak: RMT resmi sitesi<\/figcaption><\/figure><\/div>\n\n\n<h2 class=\"wp-block-heading\">RMT sendikas\u0131, 26 A\u011fustos ve 2 Eyl\u00fcl i\u00e7in yeni grev kararlar\u0131 ald\u0131, 20 bin demir yolu i\u015f\u00e7isi i\u015f b\u0131rakacak.<\/h2>\n\n\n\n<p>\u0130ngiltere\u2019de uzun zamand\u0131r insanca ya\u015fanacak \u00fccret i\u00e7in m\u00fccadele veren Demiryolu \u0130\u015f\u00e7ileri Sendikas\u0131 (RMT), 14 ayr\u0131 \u00f6zel \u015firketle yapt\u0131\u011f\u0131 g\u00f6r\u00fc\u015fmelerden sonu\u00e7 alamay\u0131nca yeni grev kararlar\u0131 ald\u0131. 26 A\u011fustos ve 2 Eyl\u00fcl g\u00fcnlerinde 20 bin demir yolu i\u015f\u00e7isi i\u015f b\u0131rakacak.<\/p>\n\n\n\n<p>RMT Bas\u0131n Ofisinin yapt\u0131\u011f\u0131 a\u00e7\u0131klamada;<\/p>\n\n\n\n<p>S\u00f6zle\u015fmeli catering \u015firketleri, Per\u015fembe g\u00fcn\u00fcnden itibaren yetersiz maa\u015f, emekli maa\u015flar\u0131 ve hastal\u0131k maa\u015f\u0131 nedeniyle 2 g\u00fcnl\u00fck grev yapacak.<\/p>\n\n\n\n<p>Rail Gourmet i\u00e7in TransPennine Ekspres hizmetlerinde \u00e7al\u0131\u015fan RMT \u00fcyeleri, do\u011frudan tren operat\u00f6r\u00fc taraf\u0131ndan istihdam edilen meslekta\u015flar\u0131na g\u00f6re daha d\u00fc\u015f\u00fck \u00fccret ve daha k\u00f6t\u00fc \u015fartlar ve ko\u015fullar al\u0131yor.<\/p>\n\n\n\n<p>Rail Gourmet ge\u00e7en y\u0131l 1.4 milyon \u00a3 kar elde etti ancak makul bir teklif vermeyi reddetti.<\/p>\n\n\n\n<p>TPE&#8217;nin i\u015f\u00e7ileri grevi k\u0131rmak i\u00e7in e\u011fitti\u011fi ve onlara saatte 25 sterlin \u00f6dedi\u011fi bildirildi &#8211; bu, Rail Gourmet personelinin TPE&#8217;den kazand\u0131\u011f\u0131ndan \u00e7ok daha fazla.<\/p>\n\n\n\n<p>RMT Genel Sekreteri Mick Lynch \u015funlar\u0131 s\u00f6yledi: &#8220;A\u00e7g\u00f6zl\u00fc demiryolu m\u00fcteahhitleri \u00fcyelerimizi \u00e7ok uzun s\u00fcredir s\u00f6m\u00fcrd\u00fc ve Rail Gourmet de bir istisna de\u011fil.<\/p>\n\n\n\n<p>&#8220;Bir milyon pounddan fazla kar elde etmesine ra\u011fmen, Rail Gourmet \u00e7al\u0131\u015fanlar\u0131na makul bir maa\u015f art\u0131\u015f\u0131, hastal\u0131k maa\u015f\u0131 veya iyi bir emekli maa\u015f\u0131 teklif etmeyi reddediyor.<\/p>\n\n\n\n<p>\u201cRail Gourmet personeli ayn\u0131 \u00fcniformay\u0131 giyiyor ve do\u011frudan istihdam edilen TransPennine Express \u00e7al\u0131\u015fanlar\u0131 kadar s\u0131k\u0131 \u00e7al\u0131\u015f\u0131yor.<\/p>\n\n\n\n<p>\u201cYine de \u00f6nemli \u00f6l\u00e7\u00fcde daha az kazan\u0131yorlar ve TPE&#8217;nin yiyecek-i\u00e7ecek hizmetlerini ba\u015fkas\u0131na devretmesi nedeniyle emeklilikte yoksulluk i\u00e7inde kalacaklar.<\/p>\n\n\n\n<p>&#8220;TPE patronlar\u0131 ayr\u0131ca, Rail Gourmet personelinin \u015fu anda kazand\u0131\u011f\u0131n\u0131n iki kat\u0131ndan daha fazla bir saatlik \u00fccret kar\u015f\u0131l\u0131\u011f\u0131nda uyuz i\u015f\u00e7i yeti\u015ftirmeye ba\u015flama gibi utan\u00e7 verici bir karar ald\u0131lar.<\/p>\n\n\n\n<p>\u201cMaa\u015f, emekli maa\u015flar\u0131 ve hastal\u0131k maa\u015f\u0131 konusunda makul bir anla\u015fmaya varana kadar RMT dinlenmeyecek. Ve \u00fcyelerimiz gerekirse daha fazla end\u00fcstriyel eylemde bulunmaya tamamen haz\u0131rlar.\u201ddedi.<\/p>\n\n\n\n<p>H\u00fck\u00fcmet ise ayn\u0131 g\u00fcn bir a\u00e7\u0131klama yaparak, \u00f6n\u00fcm\u00fczdeki y\u0131l tren yolcu \u00fccretlerine yapacaklar\u0131 zamm\u0131n enflasyon alt\u0131nda olaca\u011f\u0131n\u0131 bir \u201cm\u00fcjde\u201d gibi sundu. Halbuki bilet fiyatlar\u0131 bu y\u0131l\u0131n ba\u015f\u0131nda y\u00fczde 5,9 oran\u0131nda art\u0131r\u0131lm\u0131\u015ft\u0131.<\/p>\n\n\n\n<p><\/p>\n\n\n\n<p><\/p>\n","protected":false},"excerpt":{"rendered":"<p>RMT sendikas\u0131, 26 A\u011fustos ve 2 Eyl\u00fcl i\u00e7in yeni grev kararlar\u0131 ald\u0131, 20 bin demir yolu i\u015f\u00e7isi i\u015f b\u0131rakacak. \u0130ngiltere\u2019de uzun zamand\u0131r insanca ya\u015fanacak \u00fccret i\u00e7in m\u00fccadele veren Demiryolu \u0130\u015f\u00e7ileri Sendikas\u0131 (RMT), 14 ayr\u0131 \u00f6zel \u015firketle yapt\u0131\u011f\u0131 g\u00f6r\u00fc\u015fmelerden sonu\u00e7 alamay\u0131nca yeni grev kararlar\u0131 ald\u0131. 26 A\u011fustos ve 2 Eyl\u00fcl g\u00fcnlerinde 20 bin demir yolu i\u015f\u00e7isi [&hellip;]<\/p>\n","protected":false},"author":12791,"featured_media":146920,"comment_status":"closed","ping_status":"open","sticky":false,"template":"","format":"standard","meta":{"_yoast_wpseo_focuskw":"","_yoast_wpseo_title":"","_yoast_wpseo_metadesc":"","_bbp_topic_count":0,"_bbp_reply_count":0,"_bbp_total_topic_count":0,"_bbp_total_reply_count":0,"_bbp_voice_count":0,"_bbp_anonymous_reply_count":0,"_bbp_topic_count_hidden":0,"_bbp_reply_count_hidden":0,"_bbp_forum_subforum_count":0,"footnotes":"","_yoast_wpseo_focuskw_text_input":""},"categories":[5,1],"tags":[],"yoast_head":"<!-- This site is optimized with the Yoast SEO plugin v23.0 - https:\/\/yoast.com\/wordpress\/plugins\/seo\/ -->\n<title>\u0130ngilltere\u2019de Demir Yolu \u0130\u015f\u00e7ileri Yeni Grevlere Haz\u0131rlan\u0131yor - The Epoch Times TR<\/title>\n<meta name=\"robots\" content=\"index, follow, max-snippet:-1, max-image-preview:large, max-video-preview:-1\" \/>\n<link rel=\"canonical\" href=\"https:\/\/epochtimestr.com\/index.php\/ingillterede-demir-yolu-iscileri-yeni-grevlere-hazirlaniyor\" \/>\n<meta property=\"og:locale\" content=\"tr_TR\" \/>\n<meta property=\"og:type\" content=\"article\" \/>\n<meta property=\"og:title\" content=\"\u0130ngilltere\u2019de Demir Yolu \u0130\u015f\u00e7ileri Yeni Grevlere Haz\u0131rlan\u0131yor - The Epoch Times TR\" \/>\n<meta property=\"og:description\" content=\"RMT sendikas\u0131, 26 A\u011fustos ve 2 Eyl\u00fcl i\u00e7in yeni grev kararlar\u0131 ald\u0131, 20 bin demir yolu i\u015f\u00e7isi i\u015f b\u0131rakacak. \u0130ngiltere\u2019de uzun zamand\u0131r insanca ya\u015fanacak \u00fccret i\u00e7in m\u00fccadele veren Demiryolu \u0130\u015f\u00e7ileri Sendikas\u0131 (RMT), 14 ayr\u0131 \u00f6zel \u015firketle yapt\u0131\u011f\u0131 g\u00f6r\u00fc\u015fmelerden sonu\u00e7 alamay\u0131nca yeni grev kararlar\u0131 ald\u0131. 26 A\u011fustos ve 2 Eyl\u00fcl g\u00fcnlerinde 20 bin demir yolu i\u015f\u00e7isi [&hellip;]\" \/>\n<meta property=\"og:url\" content=\"https:\/\/epochtimestr.com\/index.php\/ingillterede-demir-yolu-iscileri-yeni-grevlere-hazirlaniyor\" \/>\n<meta property=\"og:site_name\" content=\"The Epoch Times TR\" \/>\n<meta property=\"article:publisher\" content=\"https:\/\/www.facebook.com\/theepochtimestr\" \/>\n<meta property=\"article:published_time\" content=\"2023-08-17T08:03:36+00:00\" \/>\n<meta property=\"article:modified_time\" content=\"2023-08-17T08:03:40+00:00\" \/>\n<meta property=\"og:image\" content=\"https:\/\/epochtimestr.com\/wp-content\/uploads\/2011y\/large_rg.png\" \/>\n\t<meta property=\"og:image:width\" content=\"800\" \/>\n\t<meta property=\"og:image:height\" content=\"531\" \/>\n\t<meta property=\"og:image:type\" content=\"image\/png\" \/>\n<meta name=\"author\" content=\"Haber Merkezi\" \/>\n<meta name=\"twitter:card\" content=\"summary_large_image\" \/>\n<meta name=\"twitter:creator\" content=\"@TheEpochTimesTR\" \/>\n<meta name=\"twitter:site\" content=\"@TheEpochTimesTR\" \/>\n<meta name=\"twitter:label1\" content=\"Yazan:\" \/>\n\t<meta name=\"twitter:data1\" content=\"Haber Merkezi\" \/>\n\t<meta name=\"twitter:label2\" content=\"Tahmini okuma s\u00fcresi\" \/>\n\t<meta name=\"twitter:data2\" content=\"3 dakika\" \/>\n<script type=\"application\/ld+json\" class=\"yoast-schema-graph\">{\"@context\":\"https:\/\/schema.org\",\"@graph\":[{\"@type\":\"Article\",\"@id\":\"https:\/\/epochtimestr.com\/index.php\/ingillterede-demir-yolu-iscileri-yeni-grevlere-hazirlaniyor#article\",\"isPartOf\":{\"@id\":\"https:\/\/epochtimestr.com\/index.php\/ingillterede-demir-yolu-iscileri-yeni-grevlere-hazirlaniyor\"},\"author\":{\"name\":\"Haber Merkezi\",\"@id\":\"https:\/\/epochtimestr.com\/#\/schema\/person\/3dc5c3adeb9f43923c5aa85889172fdd\"},\"headline\":\"\u0130ngilltere\u2019de Demir Yolu \u0130\u015f\u00e7ileri Yeni Grevlere Haz\u0131rlan\u0131yor\",\"datePublished\":\"2023-08-17T08:03:36+00:00\",\"dateModified\":\"2023-08-17T08:03:40+00:00\",\"mainEntityOfPage\":{\"@id\":\"https:\/\/epochtimestr.com\/index.php\/ingillterede-demir-yolu-iscileri-yeni-grevlere-hazirlaniyor\"},\"wordCount\":418,\"publisher\":{\"@id\":\"https:\/\/epochtimestr.com\/#organization\"},\"image\":{\"@id\":\"https:\/\/epochtimestr.com\/index.php\/ingillterede-demir-yolu-iscileri-yeni-grevlere-hazirlaniyor#primaryimage\"},\"thumbnailUrl\":\"https:\/\/epochtimestr.com\/wp-content\/uploads\/2011y\/large_rg.png\",\"articleSection\":[\"D\u00dcNYA\",\"G\u00dcNDEM\"],\"inLanguage\":\"tr\"},{\"@type\":\"WebPage\",\"@id\":\"https:\/\/epochtimestr.com\/index.php\/ingillterede-demir-yolu-iscileri-yeni-grevlere-hazirlaniyor\",\"url\":\"https:\/\/epochtimestr.com\/index.php\/ingillterede-demir-yolu-iscileri-yeni-grevlere-hazirlaniyor\",\"name\":\"\u0130ngilltere\u2019de Demir Yolu \u0130\u015f\u00e7ileri Yeni Grevlere Haz\u0131rlan\u0131yor - The Epoch Times TR\",\"isPartOf\":{\"@id\":\"https:\/\/epochtimestr.com\/#website\"},\"primaryImageOfPage\":{\"@id\":\"https:\/\/epochtimestr.com\/index.php\/ingillterede-demir-yolu-iscileri-yeni-grevlere-hazirlaniyor#primaryimage\"},\"image\":{\"@id\":\"https:\/\/epochtimestr.com\/index.php\/ingillterede-demir-yolu-iscileri-yeni-grevlere-hazirlaniyor#primaryimage\"},\"thumbnailUrl\":\"https:\/\/epochtimestr.com\/wp-content\/uploads\/2011y\/large_rg.png\",\"datePublished\":\"2023-08-17T08:03:36+00:00\",\"dateModified\":\"2023-08-17T08:03:40+00:00\",\"inLanguage\":\"tr\",\"potentialAction\":[{\"@type\":\"ReadAction\",\"target\":[\"https:\/\/epochtimestr.com\/index.php\/ingillterede-demir-yolu-iscileri-yeni-grevlere-hazirlaniyor\"]}]},{\"@type\":\"ImageObject\",\"inLanguage\":\"tr\",\"@id\":\"https:\/\/epochtimestr.com\/index.php\/ingillterede-demir-yolu-iscileri-yeni-grevlere-hazirlaniyor#primaryimage\",\"url\":\"https:\/\/epochtimestr.com\/wp-content\/uploads\/2011y\/large_rg.png\",\"contentUrl\":\"https:\/\/epochtimestr.com\/wp-content\/uploads\/2011y\/large_rg.png\",\"width\":800,\"height\":531},{\"@type\":\"WebSite\",\"@id\":\"https:\/\/epochtimestr.com\/#website\",\"url\":\"https:\/\/epochtimestr.com\/\",\"name\":\"The Epoch Times TR\",\"description\":\"De\u011fi\u015fen D\u00fcnyam\u0131za Taze Bir Bak\u0131\u015f\",\"publisher\":{\"@id\":\"https:\/\/epochtimestr.com\/#organization\"},\"potentialAction\":[{\"@type\":\"SearchAction\",\"target\":{\"@type\":\"EntryPoint\",\"urlTemplate\":\"https:\/\/epochtimestr.com\/?s={search_term_string}\"},\"query-input\":\"required name=search_term_string\"}],\"inLanguage\":\"tr\"},{\"@type\":\"Organization\",\"@id\":\"https:\/\/epochtimestr.com\/#organization\",\"name\":\"The EpochTimes T\u00fcrkiye\",\"url\":\"https:\/\/epochtimestr.com\/\",\"logo\":{\"@type\":\"ImageObject\",\"inLanguage\":\"tr\",\"@id\":\"https:\/\/epochtimestr.com\/#\/schema\/logo\/image\/\",\"url\":\"https:\/\/epochtimestr.com\/wp-content\/uploads\/2011y\/ET-Logo-YG.jpg\",\"contentUrl\":\"https:\/\/epochtimestr.com\/wp-content\/uploads\/2011y\/ET-Logo-YG.jpg\",\"width\":346,\"height\":29,\"caption\":\"The EpochTimes T\u00fcrkiye\"},\"image\":{\"@id\":\"https:\/\/epochtimestr.com\/#\/schema\/logo\/image\/\"},\"sameAs\":[\"https:\/\/www.facebook.com\/theepochtimestr\",\"https:\/\/x.com\/TheEpochTimesTR\",\"https:\/\/www.instagram.com\/epochtimestr\"]},{\"@type\":\"Person\",\"@id\":\"https:\/\/epochtimestr.com\/#\/schema\/person\/3dc5c3adeb9f43923c5aa85889172fdd\",\"name\":\"Haber Merkezi\",\"image\":{\"@type\":\"ImageObject\",\"inLanguage\":\"tr\",\"@id\":\"https:\/\/epochtimestr.com\/#\/schema\/person\/image\/\",\"url\":\"https:\/\/secure.gravatar.com\/avatar\/d73f772ba5a74f28601361e17c2f93e6?s=96&d=mm&r=g\",\"contentUrl\":\"https:\/\/secure.gravatar.com\/avatar\/d73f772ba5a74f28601361e17c2f93e6?s=96&d=mm&r=g\",\"caption\":\"Haber Merkezi\"},\"url\":\"https:\/\/epochtimestr.com\/index.php\/author\/sendag\"}]}<\/script>\n<!-- \/ Yoast SEO plugin. -->","yoast_head_json":{"title":"\u0130ngilltere\u2019de Demir Yolu \u0130\u015f\u00e7ileri Yeni Grevlere Haz\u0131rlan\u0131yor - The Epoch Times TR","robots":{"index":"index","follow":"follow","max-snippet":"max-snippet:-1","max-image-preview":"max-image-preview:large","max-video-preview":"max-video-preview:-1"},"canonical":"https:\/\/epochtimestr.com\/index.php\/ingillterede-demir-yolu-iscileri-yeni-grevlere-hazirlaniyor","og_locale":"tr_TR","og_type":"article","og_title":"\u0130ngilltere\u2019de Demir Yolu \u0130\u015f\u00e7ileri Yeni Grevlere Haz\u0131rlan\u0131yor - The Epoch Times TR","og_description":"RMT sendikas\u0131, 26 A\u011fustos ve 2 Eyl\u00fcl i\u00e7in yeni grev kararlar\u0131 ald\u0131, 20 bin demir yolu i\u015f\u00e7isi i\u015f b\u0131rakacak. \u0130ngiltere\u2019de uzun zamand\u0131r insanca ya\u015fanacak \u00fccret i\u00e7in m\u00fccadele veren Demiryolu \u0130\u015f\u00e7ileri Sendikas\u0131 (RMT), 14 ayr\u0131 \u00f6zel \u015firketle yapt\u0131\u011f\u0131 g\u00f6r\u00fc\u015fmelerden sonu\u00e7 alamay\u0131nca yeni grev kararlar\u0131 ald\u0131. 26 A\u011fustos ve 2 Eyl\u00fcl g\u00fcnlerinde 20 bin demir yolu i\u015f\u00e7isi [&hellip;]","og_url":"https:\/\/epochtimestr.com\/index.php\/ingillterede-demir-yolu-iscileri-yeni-grevlere-hazirlaniyor","og_site_name":"The Epoch Times TR","article_publisher":"https:\/\/www.facebook.com\/theepochtimestr","article_published_time":"2023-08-17T08:03:36+00:00","article_modified_time":"2023-08-17T08:03:40+00:00","og_image":[{"width":800,"height":531,"url":"https:\/\/epochtimestr.com\/wp-content\/uploads\/2011y\/large_rg.png","type":"image\/png"}],"author":"Haber Merkezi","twitter_card":"summary_large_image","twitter_creator":"@TheEpochTimesTR","twitter_site":"@TheEpochTimesTR","twitter_misc":{"Yazan:":"Haber Merkezi","Tahmini okuma s\u00fcresi":"3 dakika"},"schema":{"@context":"https:\/\/schema.org","@graph":[{"@type":"Article","@id":"https:\/\/epochtimestr.com\/index.php\/ingillterede-demir-yolu-iscileri-yeni-grevlere-hazirlaniyor#article","isPartOf":{"@id":"https:\/\/epochtimestr.com\/index.php\/ingillterede-demir-yolu-iscileri-yeni-grevlere-hazirlaniyor"},"author":{"name":"Haber Merkezi","@id":"https:\/\/epochtimestr.com\/#\/schema\/person\/3dc5c3adeb9f43923c5aa85889172fdd"},"headline":"\u0130ngilltere\u2019de Demir Yolu \u0130\u015f\u00e7ileri Yeni Grevlere Haz\u0131rlan\u0131yor","datePublished":"2023-08-17T08:03:36+00:00","dateModified":"2023-08-17T08:03:40+00:00","mainEntityOfPage":{"@id":"https:\/\/epochtimestr.com\/index.php\/ingillterede-demir-yolu-iscileri-yeni-grevlere-hazirlaniyor"},"wordCount":418,"publisher":{"@id":"https:\/\/epochtimestr.com\/#organization"},"image":{"@id":"https:\/\/epochtimestr.com\/index.php\/ingillterede-demir-yolu-iscileri-yeni-grevlere-hazirlaniyor#primaryimage"},"thumbnailUrl":"https:\/\/epochtimestr.com\/wp-content\/uploads\/2011y\/large_rg.png","articleSection":["D\u00dcNYA","G\u00dcNDEM"],"inLanguage":"tr"},{"@type":"WebPage","@id":"https:\/\/epochtimestr.com\/index.php\/ingillterede-demir-yolu-iscileri-yeni-grevlere-hazirlaniyor","url":"https:\/\/epochtimestr.com\/index.php\/ingillterede-demir-yolu-iscileri-yeni-grevlere-hazirlaniyor","name":"\u0130ngilltere\u2019de Demir Yolu \u0130\u015f\u00e7ileri Yeni Grevlere Haz\u0131rlan\u0131yor - The Epoch Times TR","isPartOf":{"@id":"https:\/\/epochtimestr.com\/#website"},"primaryImageOfPage":{"@id":"https:\/\/epochtimestr.com\/index.php\/ingillterede-demir-yolu-iscileri-yeni-grevlere-hazirlaniyor#primaryimage"},"image":{"@id":"https:\/\/epochtimestr.com\/index.php\/ingillterede-demir-yolu-iscileri-yeni-grevlere-hazirlaniyor#primaryimage"},"thumbnailUrl":"https:\/\/epochtimestr.com\/wp-content\/uploads\/2011y\/large_rg.png","datePublished":"2023-08-17T08:03:36+00:00","dateModified":"2023-08-17T08:03:40+00:00","inLanguage":"tr","potentialAction":[{"@type":"ReadAction","target":["https:\/\/epochtimestr.com\/index.php\/ingillterede-demir-yolu-iscileri-yeni-grevlere-hazirlaniyor"]}]},{"@type":"ImageObject","inLanguage":"tr","@id":"https:\/\/epochtimestr.com\/index.php\/ingillterede-demir-yolu-iscileri-yeni-grevlere-hazirlaniyor#primaryimage","url":"https:\/\/epochtimestr.com\/wp-content\/uploads\/2011y\/large_rg.png","contentUrl":"https:\/\/epochtimestr.com\/wp-content\/uploads\/2011y\/large_rg.png","width":800,"height":531},{"@type":"WebSite","@id":"https:\/\/epochtimestr.com\/#website","url":"https:\/\/epochtimestr.com\/","name":"The Epoch Times TR","description":"De\u011fi\u015fen D\u00fcnyam\u0131za Taze Bir Bak\u0131\u015f","publisher":{"@id":"https:\/\/epochtimestr.com\/#organization"},"potentialAction":[{"@type":"SearchAction","target":{"@type":"EntryPoint","urlTemplate":"https:\/\/epochtimestr.com\/?s={search_term_string}"},"query-input":"required name=search_term_string"}],"inLanguage":"tr"},{"@type":"Organization","@id":"https:\/\/epochtimestr.com\/#organization","name":"The EpochTimes T\u00fcrkiye","url":"https:\/\/epochtimestr.com\/","logo":{"@type":"ImageObject","inLanguage":"tr","@id":"https:\/\/epochtimestr.com\/#\/schema\/logo\/image\/","url":"https:\/\/epochtimestr.com\/wp-content\/uploads\/2011y\/ET-Logo-YG.jpg","contentUrl":"https:\/\/epochtimestr.com\/wp-content\/uploads\/2011y\/ET-Logo-YG.jpg","width":346,"height":29,"caption":"The EpochTimes T\u00fcrkiye"},"image":{"@id":"https:\/\/epochtimestr.com\/#\/schema\/logo\/image\/"},"sameAs":["https:\/\/www.facebook.com\/theepochtimestr","https:\/\/x.com\/TheEpochTimesTR","https:\/\/www.instagram.com\/epochtimestr"]},{"@type":"Person","@id":"https:\/\/epochtimestr.com\/#\/schema\/person\/3dc5c3adeb9f43923c5aa85889172fdd","name":"Haber Merkezi","image":{"@type":"ImageObject","inLanguage":"tr","@id":"https:\/\/epochtimestr.com\/#\/schema\/person\/image\/","url":"https:\/\/secure.gravatar.com\/avatar\/d73f772ba5a74f28601361e17c2f93e6?s=96&d=mm&r=g","contentUrl":"https:\/\/secure.gravatar.com\/avatar\/d73f772ba5a74f28601361e17c2f93e6?s=96&d=mm&r=g","caption":"Haber Merkezi"},"url":"https:\/\/epochtimestr.com\/index.php\/author\/sendag"}]}},"_links":{"self":[{"href":"https:\/\/epochtimestr.com\/index.php\/wp-json\/wp\/v2\/posts\/146919"}],"collection":[{"href":"https:\/\/epochtimestr.com\/index.php\/wp-json\/wp\/v2\/posts"}],"about":[{"href":"https:\/\/epochtimestr.com\/index.php\/wp-json\/wp\/v2\/types\/post"}],"author":[{"embeddable":true,"href":"https:\/\/epochtimestr.com\/index.php\/wp-json\/wp\/v2\/users\/12791"}],"replies":[{"embeddable":true,"href":"https:\/\/epochtimestr.com\/index.php\/wp-json\/wp\/v2\/comments?post=146919"}],"version-history":[{"count":2,"href":"https:\/\/epochtimestr.com\/index.php\/wp-json\/wp\/v2\/posts\/146919\/revisions"}],"predecessor-version":[{"id":146933,"href":"https:\/\/epochtimestr.com\/index.php\/wp-json\/wp\/v2\/posts\/146919\/revisions\/146933"}],"wp:featuredmedia":[{"embeddable":true,"href":"https:\/\/epochtimestr.com\/index.php\/wp-json\/wp\/v2\/media\/146920"}],"wp:attachment":[{"href":"https:\/\/epochtimestr.com\/index.php\/wp-json\/wp\/v2\/media?parent=146919"}],"wp:term":[{"taxonomy":"category","embeddable":true,"href":"https:\/\/epochtimestr.com\/index.php\/wp-json\/wp\/v2\/categories?post=146919"},{"taxonomy":"post_tag","embeddable":true,"href":"https:\/\/epochtimestr.com\/index.php\/wp-json\/wp\/v2\/tags?post=146919"}],"curies":[{"name":"wp","href":"https:\/\/api.w.org\/{rel}","templated":true}]}}