{"id":147057,"date":"2023-08-23T00:41:45","date_gmt":"2023-08-22T21:41:45","guid":{"rendered":"https:\/\/epochtimestr.com\/?p=147057"},"modified":"2023-08-23T00:41:46","modified_gmt":"2023-08-22T21:41:46","slug":"milyarlarca-yillik-ay-tarihini-ortaya-cikaran-bir-gelisme","status":"publish","type":"post","link":"https:\/\/epochtimestr.com\/index.php\/milyarlarca-yillik-ay-tarihini-ortaya-cikaran-bir-gelisme","title":{"rendered":"Milyarlarca Y\u0131ll\u0131k Ay Tarihini Ortaya \u00c7\u0131karan Bir Geli\u015fme"},"content":{"rendered":"<div class=\"wp-block-image\">\n<figure class=\"aligncenter size-full is-resized\"><img loading=\"lazy\" decoding=\"async\" src=\"https:\/\/epochtimestr.com\/wp-content\/uploads\/2011y\/astronomy-3209688_1280.jpg\" alt=\"\" class=\"wp-image-147058\" width=\"424\" height=\"238\" srcset=\"https:\/\/epochtimestr.com\/wp-content\/uploads\/2011y\/astronomy-3209688_1280.jpg 1280w, https:\/\/epochtimestr.com\/wp-content\/uploads\/2011y\/astronomy-3209688_1280-300x169.jpg 300w, https:\/\/epochtimestr.com\/wp-content\/uploads\/2011y\/astronomy-3209688_1280-150x84.jpg 150w, https:\/\/epochtimestr.com\/wp-content\/uploads\/2011y\/astronomy-3209688_1280-768x432.jpg 768w\" sizes=\"(max-width: 424px) 100vw, 424px\" \/><figcaption class=\"wp-element-caption\">Kaynak: Pixabay &#8211; <a href=\"https:\/\/pixabay.com\/tr\/users\/mikkehouse-3374228\/\" target=\"_blank\" rel=\"noreferrer noopener\">Mikkehouse<\/a><\/figcaption><\/figure><\/div>\n\n\n<h2 class=\"wp-block-heading\">\u00c7in&#8217;in Chang&#8217;e-4 ke\u015fif arac\u0131 , bilim adamlar\u0131n\u0131n ay\u0131n uzak taraf\u0131n\u0131n y\u00fczeyinin derinliklerindeki &#8220;gizli&#8221; yap\u0131lar\u0131 g\u00f6rselle\u015ftirmesine yard\u0131mc\u0131 oldu.<\/h2>\n\n\n\n<p>Yeni veriler, Ay y\u00fczeyinin alt\u0131ndaki ilk 130 fitin toz, toprak ve kaya katmanlar\u0131ndan olu\u015ftu\u011funu g\u00f6steriyor. Bilim insanlar\u0131, Ay&#8217;\u0131n y\u00fczeyinin b\u00fcy\u00fck k\u0131sm\u0131n\u0131n \u00f6nceden d\u00fc\u015f\u00fcnd\u00fc\u011f\u00fcm\u00fczden yakla\u015f\u0131k 200 milyon y\u0131l daha ya\u015fl\u0131 oldu\u011funu a\u00e7\u0131klad\u0131. En yak\u0131n kom\u015fumuzdaki kraterleri inceleyen ara\u015ft\u0131rmac\u0131lar, kraterin nas\u0131l olu\u015ftu\u011funa dair saati s\u0131f\u0131rlad\u0131klar\u0131n\u0131 ve asl\u0131nda san\u0131ld\u0131\u011f\u0131ndan \u00e7ok daha eski oldu\u011funu s\u00f6yl\u00fcyorlar.<\/p>\n\n\n\n<p><br \/>Independent, Vishwam Sankaran&#8217;\u0131n haberine g\u00f6re; \u00c7in&#8217;in Chang&#8217;e-4 ke\u015fif arac\u0131 , bilim adamlar\u0131n\u0131n ay\u0131n uzak taraf\u0131n\u0131n y\u00fczeyinin derinliklerindeki &#8220;gizli&#8221; yap\u0131lar\u0131 g\u00f6rselle\u015ftirmesine yard\u0131mc\u0131 oldu.Yutu-2 gezgini, ay y\u00fczeyinin alt\u0131ndaki yap\u0131lardan geri d\u00f6nen ve g\u00f6zden gizlenen ses yank\u0131lar\u0131n\u0131 dinleyerek ay y\u00fczeyinin derinliklerini g\u00f6r\u00fcnt\u00fcleyen Ay&#8217;a N\u00fcfuz Eden Radar (LPR) arac\u0131l\u0131\u011f\u0131yla ke\u015ffin yap\u0131lmas\u0131n\u0131 sa\u011flad\u0131.<\/p>\n\n\n\n<p><br \/>Ayn\u0131 ke\u015fif arac\u0131 ve g\u00f6revin ini\u015f arac\u0131, 2019&#8217;da ay\u0131n uzak taraf\u0131na, yani D\u00fcnya&#8217;dan uza\u011fa bakan taraf\u0131na inen ilk insan nesneleri olarak tarihe ge\u00e7mi\u015fti. Bilim adamlar\u0131 daha \u00f6nce gezicinin yere n\u00fcfuz eden radar\u0131n\u0131 (GPR) kullanm\u0131\u015flard\u0131, ancak bu \u00f6nceki \u00e7abalar, ay y\u00fczeyinin yaln\u0131zca 40m veya yakla\u015f\u0131k 130ft&#8217;lik k\u0131sm\u0131n\u0131n haritalanmas\u0131n\u0131 sa\u011flam\u0131\u015ft\u0131. Bu yeni ke\u015fif, yakla\u015f\u0131k 300m (984ft) derinlikte \u201cgizli\u201d yap\u0131lar\u0131 ke\u015ffetti.<\/p>\n\n\n\n<p><\/p>\n\n\n\n<p><\/p>\n\n\n\n<p><\/p>\n","protected":false},"excerpt":{"rendered":"<p>\u00c7in&#8217;in Chang&#8217;e-4 ke\u015fif arac\u0131 , bilim adamlar\u0131n\u0131n ay\u0131n uzak taraf\u0131n\u0131n y\u00fczeyinin derinliklerindeki &#8220;gizli&#8221; yap\u0131lar\u0131 g\u00f6rselle\u015ftirmesine yard\u0131mc\u0131 oldu. Yeni veriler, Ay y\u00fczeyinin alt\u0131ndaki ilk 130 fitin toz, toprak ve kaya katmanlar\u0131ndan olu\u015ftu\u011funu g\u00f6steriyor. Bilim insanlar\u0131, Ay&#8217;\u0131n y\u00fczeyinin b\u00fcy\u00fck k\u0131sm\u0131n\u0131n \u00f6nceden d\u00fc\u015f\u00fcnd\u00fc\u011f\u00fcm\u00fczden yakla\u015f\u0131k 200 milyon y\u0131l daha ya\u015fl\u0131 oldu\u011funu a\u00e7\u0131klad\u0131. En yak\u0131n kom\u015fumuzdaki kraterleri inceleyen ara\u015ft\u0131rmac\u0131lar, kraterin [&hellip;]<\/p>\n","protected":false},"author":12791,"featured_media":147058,"comment_status":"closed","ping_status":"open","sticky":false,"template":"","format":"standard","meta":{"_yoast_wpseo_focuskw":"","_yoast_wpseo_title":"","_yoast_wpseo_metadesc":"","_bbp_topic_count":0,"_bbp_reply_count":0,"_bbp_total_topic_count":0,"_bbp_total_reply_count":0,"_bbp_voice_count":0,"_bbp_anonymous_reply_count":0,"_bbp_topic_count_hidden":0,"_bbp_reply_count_hidden":0,"_bbp_forum_subforum_count":0,"footnotes":"","_yoast_wpseo_focuskw_text_input":""},"categories":[70,8,1],"tags":[],"yoast_head":"<!-- This site is optimized with the Yoast SEO plugin v23.0 - https:\/\/yoast.com\/wordpress\/plugins\/seo\/ -->\n<title>Milyarlarca Y\u0131ll\u0131k Ay Tarihini Ortaya \u00c7\u0131karan Bir Geli\u015fme - The Epoch Times TR<\/title>\n<meta name=\"robots\" content=\"index, follow, max-snippet:-1, max-image-preview:large, max-video-preview:-1\" \/>\n<link rel=\"canonical\" href=\"https:\/\/epochtimestr.com\/index.php\/milyarlarca-yillik-ay-tarihini-ortaya-cikaran-bir-gelisme\" \/>\n<meta property=\"og:locale\" content=\"tr_TR\" \/>\n<meta property=\"og:type\" content=\"article\" \/>\n<meta property=\"og:title\" content=\"Milyarlarca Y\u0131ll\u0131k Ay Tarihini Ortaya \u00c7\u0131karan Bir Geli\u015fme - The Epoch Times TR\" \/>\n<meta property=\"og:description\" content=\"\u00c7in&#8217;in Chang&#8217;e-4 ke\u015fif arac\u0131 , bilim adamlar\u0131n\u0131n ay\u0131n uzak taraf\u0131n\u0131n y\u00fczeyinin derinliklerindeki &#8220;gizli&#8221; yap\u0131lar\u0131 g\u00f6rselle\u015ftirmesine yard\u0131mc\u0131 oldu. Yeni veriler, Ay y\u00fczeyinin alt\u0131ndaki ilk 130 fitin toz, toprak ve kaya katmanlar\u0131ndan olu\u015ftu\u011funu g\u00f6steriyor. Bilim insanlar\u0131, Ay&#8217;\u0131n y\u00fczeyinin b\u00fcy\u00fck k\u0131sm\u0131n\u0131n \u00f6nceden d\u00fc\u015f\u00fcnd\u00fc\u011f\u00fcm\u00fczden yakla\u015f\u0131k 200 milyon y\u0131l daha ya\u015fl\u0131 oldu\u011funu a\u00e7\u0131klad\u0131. En yak\u0131n kom\u015fumuzdaki kraterleri inceleyen ara\u015ft\u0131rmac\u0131lar, kraterin [&hellip;]\" \/>\n<meta property=\"og:url\" content=\"https:\/\/epochtimestr.com\/index.php\/milyarlarca-yillik-ay-tarihini-ortaya-cikaran-bir-gelisme\" \/>\n<meta property=\"og:site_name\" content=\"The Epoch Times TR\" \/>\n<meta property=\"article:publisher\" content=\"https:\/\/www.facebook.com\/theepochtimestr\" \/>\n<meta property=\"article:published_time\" content=\"2023-08-22T21:41:45+00:00\" \/>\n<meta property=\"article:modified_time\" content=\"2023-08-22T21:41:46+00:00\" \/>\n<meta property=\"og:image\" content=\"https:\/\/epochtimestr.com\/wp-content\/uploads\/2011y\/astronomy-3209688_1280.jpg\" \/>\n\t<meta property=\"og:image:width\" content=\"1280\" \/>\n\t<meta property=\"og:image:height\" content=\"720\" \/>\n\t<meta property=\"og:image:type\" content=\"image\/jpeg\" \/>\n<meta name=\"author\" content=\"Haber Merkezi\" \/>\n<meta name=\"twitter:card\" content=\"summary_large_image\" \/>\n<meta name=\"twitter:creator\" content=\"@TheEpochTimesTR\" \/>\n<meta name=\"twitter:site\" content=\"@TheEpochTimesTR\" \/>\n<meta name=\"twitter:label1\" content=\"Yazan:\" \/>\n\t<meta name=\"twitter:data1\" content=\"Haber Merkezi\" \/>\n\t<meta name=\"twitter:label2\" content=\"Tahmini okuma s\u00fcresi\" \/>\n\t<meta name=\"twitter:data2\" content=\"2 dakika\" \/>\n<script type=\"application\/ld+json\" class=\"yoast-schema-graph\">{\"@context\":\"https:\/\/schema.org\",\"@graph\":[{\"@type\":\"Article\",\"@id\":\"https:\/\/epochtimestr.com\/index.php\/milyarlarca-yillik-ay-tarihini-ortaya-cikaran-bir-gelisme#article\",\"isPartOf\":{\"@id\":\"https:\/\/epochtimestr.com\/index.php\/milyarlarca-yillik-ay-tarihini-ortaya-cikaran-bir-gelisme\"},\"author\":{\"name\":\"Haber Merkezi\",\"@id\":\"https:\/\/epochtimestr.com\/#\/schema\/person\/3dc5c3adeb9f43923c5aa85889172fdd\"},\"headline\":\"Milyarlarca Y\u0131ll\u0131k Ay Tarihini Ortaya \u00c7\u0131karan Bir Geli\u015fme\",\"datePublished\":\"2023-08-22T21:41:45+00:00\",\"dateModified\":\"2023-08-22T21:41:46+00:00\",\"mainEntityOfPage\":{\"@id\":\"https:\/\/epochtimestr.com\/index.php\/milyarlarca-yillik-ay-tarihini-ortaya-cikaran-bir-gelisme\"},\"wordCount\":292,\"publisher\":{\"@id\":\"https:\/\/epochtimestr.com\/#organization\"},\"image\":{\"@id\":\"https:\/\/epochtimestr.com\/index.php\/milyarlarca-yillik-ay-tarihini-ortaya-cikaran-bir-gelisme#primaryimage\"},\"thumbnailUrl\":\"https:\/\/epochtimestr.com\/wp-content\/uploads\/2011y\/astronomy-3209688_1280.jpg\",\"articleSection\":[\"Bilimsel Ke\u015fifler\",\"\u00c7\u0130N\",\"G\u00dcNDEM\"],\"inLanguage\":\"tr\"},{\"@type\":\"WebPage\",\"@id\":\"https:\/\/epochtimestr.com\/index.php\/milyarlarca-yillik-ay-tarihini-ortaya-cikaran-bir-gelisme\",\"url\":\"https:\/\/epochtimestr.com\/index.php\/milyarlarca-yillik-ay-tarihini-ortaya-cikaran-bir-gelisme\",\"name\":\"Milyarlarca Y\u0131ll\u0131k Ay Tarihini Ortaya \u00c7\u0131karan Bir Geli\u015fme - The Epoch Times TR\",\"isPartOf\":{\"@id\":\"https:\/\/epochtimestr.com\/#website\"},\"primaryImageOfPage\":{\"@id\":\"https:\/\/epochtimestr.com\/index.php\/milyarlarca-yillik-ay-tarihini-ortaya-cikaran-bir-gelisme#primaryimage\"},\"image\":{\"@id\":\"https:\/\/epochtimestr.com\/index.php\/milyarlarca-yillik-ay-tarihini-ortaya-cikaran-bir-gelisme#primaryimage\"},\"thumbnailUrl\":\"https:\/\/epochtimestr.com\/wp-content\/uploads\/2011y\/astronomy-3209688_1280.jpg\",\"datePublished\":\"2023-08-22T21:41:45+00:00\",\"dateModified\":\"2023-08-22T21:41:46+00:00\",\"inLanguage\":\"tr\",\"potentialAction\":[{\"@type\":\"ReadAction\",\"target\":[\"https:\/\/epochtimestr.com\/index.php\/milyarlarca-yillik-ay-tarihini-ortaya-cikaran-bir-gelisme\"]}]},{\"@type\":\"ImageObject\",\"inLanguage\":\"tr\",\"@id\":\"https:\/\/epochtimestr.com\/index.php\/milyarlarca-yillik-ay-tarihini-ortaya-cikaran-bir-gelisme#primaryimage\",\"url\":\"https:\/\/epochtimestr.com\/wp-content\/uploads\/2011y\/astronomy-3209688_1280.jpg\",\"contentUrl\":\"https:\/\/epochtimestr.com\/wp-content\/uploads\/2011y\/astronomy-3209688_1280.jpg\",\"width\":1280,\"height\":720},{\"@type\":\"WebSite\",\"@id\":\"https:\/\/epochtimestr.com\/#website\",\"url\":\"https:\/\/epochtimestr.com\/\",\"name\":\"The Epoch Times TR\",\"description\":\"De\u011fi\u015fen D\u00fcnyam\u0131za Taze Bir Bak\u0131\u015f\",\"publisher\":{\"@id\":\"https:\/\/epochtimestr.com\/#organization\"},\"potentialAction\":[{\"@type\":\"SearchAction\",\"target\":{\"@type\":\"EntryPoint\",\"urlTemplate\":\"https:\/\/epochtimestr.com\/?s={search_term_string}\"},\"query-input\":\"required name=search_term_string\"}],\"inLanguage\":\"tr\"},{\"@type\":\"Organization\",\"@id\":\"https:\/\/epochtimestr.com\/#organization\",\"name\":\"The EpochTimes T\u00fcrkiye\",\"url\":\"https:\/\/epochtimestr.com\/\",\"logo\":{\"@type\":\"ImageObject\",\"inLanguage\":\"tr\",\"@id\":\"https:\/\/epochtimestr.com\/#\/schema\/logo\/image\/\",\"url\":\"https:\/\/epochtimestr.com\/wp-content\/uploads\/2011y\/ET-Logo-YG.jpg\",\"contentUrl\":\"https:\/\/epochtimestr.com\/wp-content\/uploads\/2011y\/ET-Logo-YG.jpg\",\"width\":346,\"height\":29,\"caption\":\"The EpochTimes T\u00fcrkiye\"},\"image\":{\"@id\":\"https:\/\/epochtimestr.com\/#\/schema\/logo\/image\/\"},\"sameAs\":[\"https:\/\/www.facebook.com\/theepochtimestr\",\"https:\/\/x.com\/TheEpochTimesTR\",\"https:\/\/www.instagram.com\/epochtimestr\"]},{\"@type\":\"Person\",\"@id\":\"https:\/\/epochtimestr.com\/#\/schema\/person\/3dc5c3adeb9f43923c5aa85889172fdd\",\"name\":\"Haber Merkezi\",\"image\":{\"@type\":\"ImageObject\",\"inLanguage\":\"tr\",\"@id\":\"https:\/\/epochtimestr.com\/#\/schema\/person\/image\/\",\"url\":\"https:\/\/secure.gravatar.com\/avatar\/d73f772ba5a74f28601361e17c2f93e6?s=96&d=mm&r=g\",\"contentUrl\":\"https:\/\/secure.gravatar.com\/avatar\/d73f772ba5a74f28601361e17c2f93e6?s=96&d=mm&r=g\",\"caption\":\"Haber Merkezi\"},\"url\":\"https:\/\/epochtimestr.com\/index.php\/author\/sendag\"}]}<\/script>\n<!-- \/ Yoast SEO plugin. -->","yoast_head_json":{"title":"Milyarlarca Y\u0131ll\u0131k Ay Tarihini Ortaya \u00c7\u0131karan Bir Geli\u015fme - The Epoch Times TR","robots":{"index":"index","follow":"follow","max-snippet":"max-snippet:-1","max-image-preview":"max-image-preview:large","max-video-preview":"max-video-preview:-1"},"canonical":"https:\/\/epochtimestr.com\/index.php\/milyarlarca-yillik-ay-tarihini-ortaya-cikaran-bir-gelisme","og_locale":"tr_TR","og_type":"article","og_title":"Milyarlarca Y\u0131ll\u0131k Ay Tarihini Ortaya \u00c7\u0131karan Bir Geli\u015fme - The Epoch Times TR","og_description":"\u00c7in&#8217;in Chang&#8217;e-4 ke\u015fif arac\u0131 , bilim adamlar\u0131n\u0131n ay\u0131n uzak taraf\u0131n\u0131n y\u00fczeyinin derinliklerindeki &#8220;gizli&#8221; yap\u0131lar\u0131 g\u00f6rselle\u015ftirmesine yard\u0131mc\u0131 oldu. Yeni veriler, Ay y\u00fczeyinin alt\u0131ndaki ilk 130 fitin toz, toprak ve kaya katmanlar\u0131ndan olu\u015ftu\u011funu g\u00f6steriyor. Bilim insanlar\u0131, Ay&#8217;\u0131n y\u00fczeyinin b\u00fcy\u00fck k\u0131sm\u0131n\u0131n \u00f6nceden d\u00fc\u015f\u00fcnd\u00fc\u011f\u00fcm\u00fczden yakla\u015f\u0131k 200 milyon y\u0131l daha ya\u015fl\u0131 oldu\u011funu a\u00e7\u0131klad\u0131. En yak\u0131n kom\u015fumuzdaki kraterleri inceleyen ara\u015ft\u0131rmac\u0131lar, kraterin [&hellip;]","og_url":"https:\/\/epochtimestr.com\/index.php\/milyarlarca-yillik-ay-tarihini-ortaya-cikaran-bir-gelisme","og_site_name":"The Epoch Times TR","article_publisher":"https:\/\/www.facebook.com\/theepochtimestr","article_published_time":"2023-08-22T21:41:45+00:00","article_modified_time":"2023-08-22T21:41:46+00:00","og_image":[{"width":1280,"height":720,"url":"https:\/\/epochtimestr.com\/wp-content\/uploads\/2011y\/astronomy-3209688_1280.jpg","type":"image\/jpeg"}],"author":"Haber Merkezi","twitter_card":"summary_large_image","twitter_creator":"@TheEpochTimesTR","twitter_site":"@TheEpochTimesTR","twitter_misc":{"Yazan:":"Haber Merkezi","Tahmini okuma s\u00fcresi":"2 dakika"},"schema":{"@context":"https:\/\/schema.org","@graph":[{"@type":"Article","@id":"https:\/\/epochtimestr.com\/index.php\/milyarlarca-yillik-ay-tarihini-ortaya-cikaran-bir-gelisme#article","isPartOf":{"@id":"https:\/\/epochtimestr.com\/index.php\/milyarlarca-yillik-ay-tarihini-ortaya-cikaran-bir-gelisme"},"author":{"name":"Haber Merkezi","@id":"https:\/\/epochtimestr.com\/#\/schema\/person\/3dc5c3adeb9f43923c5aa85889172fdd"},"headline":"Milyarlarca Y\u0131ll\u0131k Ay Tarihini Ortaya \u00c7\u0131karan Bir Geli\u015fme","datePublished":"2023-08-22T21:41:45+00:00","dateModified":"2023-08-22T21:41:46+00:00","mainEntityOfPage":{"@id":"https:\/\/epochtimestr.com\/index.php\/milyarlarca-yillik-ay-tarihini-ortaya-cikaran-bir-gelisme"},"wordCount":292,"publisher":{"@id":"https:\/\/epochtimestr.com\/#organization"},"image":{"@id":"https:\/\/epochtimestr.com\/index.php\/milyarlarca-yillik-ay-tarihini-ortaya-cikaran-bir-gelisme#primaryimage"},"thumbnailUrl":"https:\/\/epochtimestr.com\/wp-content\/uploads\/2011y\/astronomy-3209688_1280.jpg","articleSection":["Bilimsel Ke\u015fifler","\u00c7\u0130N","G\u00dcNDEM"],"inLanguage":"tr"},{"@type":"WebPage","@id":"https:\/\/epochtimestr.com\/index.php\/milyarlarca-yillik-ay-tarihini-ortaya-cikaran-bir-gelisme","url":"https:\/\/epochtimestr.com\/index.php\/milyarlarca-yillik-ay-tarihini-ortaya-cikaran-bir-gelisme","name":"Milyarlarca Y\u0131ll\u0131k Ay Tarihini Ortaya \u00c7\u0131karan Bir Geli\u015fme - The Epoch Times TR","isPartOf":{"@id":"https:\/\/epochtimestr.com\/#website"},"primaryImageOfPage":{"@id":"https:\/\/epochtimestr.com\/index.php\/milyarlarca-yillik-ay-tarihini-ortaya-cikaran-bir-gelisme#primaryimage"},"image":{"@id":"https:\/\/epochtimestr.com\/index.php\/milyarlarca-yillik-ay-tarihini-ortaya-cikaran-bir-gelisme#primaryimage"},"thumbnailUrl":"https:\/\/epochtimestr.com\/wp-content\/uploads\/2011y\/astronomy-3209688_1280.jpg","datePublished":"2023-08-22T21:41:45+00:00","dateModified":"2023-08-22T21:41:46+00:00","inLanguage":"tr","potentialAction":[{"@type":"ReadAction","target":["https:\/\/epochtimestr.com\/index.php\/milyarlarca-yillik-ay-tarihini-ortaya-cikaran-bir-gelisme"]}]},{"@type":"ImageObject","inLanguage":"tr","@id":"https:\/\/epochtimestr.com\/index.php\/milyarlarca-yillik-ay-tarihini-ortaya-cikaran-bir-gelisme#primaryimage","url":"https:\/\/epochtimestr.com\/wp-content\/uploads\/2011y\/astronomy-3209688_1280.jpg","contentUrl":"https:\/\/epochtimestr.com\/wp-content\/uploads\/2011y\/astronomy-3209688_1280.jpg","width":1280,"height":720},{"@type":"WebSite","@id":"https:\/\/epochtimestr.com\/#website","url":"https:\/\/epochtimestr.com\/","name":"The Epoch Times TR","description":"De\u011fi\u015fen D\u00fcnyam\u0131za Taze Bir Bak\u0131\u015f","publisher":{"@id":"https:\/\/epochtimestr.com\/#organization"},"potentialAction":[{"@type":"SearchAction","target":{"@type":"EntryPoint","urlTemplate":"https:\/\/epochtimestr.com\/?s={search_term_string}"},"query-input":"required name=search_term_string"}],"inLanguage":"tr"},{"@type":"Organization","@id":"https:\/\/epochtimestr.com\/#organization","name":"The EpochTimes T\u00fcrkiye","url":"https:\/\/epochtimestr.com\/","logo":{"@type":"ImageObject","inLanguage":"tr","@id":"https:\/\/epochtimestr.com\/#\/schema\/logo\/image\/","url":"https:\/\/epochtimestr.com\/wp-content\/uploads\/2011y\/ET-Logo-YG.jpg","contentUrl":"https:\/\/epochtimestr.com\/wp-content\/uploads\/2011y\/ET-Logo-YG.jpg","width":346,"height":29,"caption":"The EpochTimes T\u00fcrkiye"},"image":{"@id":"https:\/\/epochtimestr.com\/#\/schema\/logo\/image\/"},"sameAs":["https:\/\/www.facebook.com\/theepochtimestr","https:\/\/x.com\/TheEpochTimesTR","https:\/\/www.instagram.com\/epochtimestr"]},{"@type":"Person","@id":"https:\/\/epochtimestr.com\/#\/schema\/person\/3dc5c3adeb9f43923c5aa85889172fdd","name":"Haber Merkezi","image":{"@type":"ImageObject","inLanguage":"tr","@id":"https:\/\/epochtimestr.com\/#\/schema\/person\/image\/","url":"https:\/\/secure.gravatar.com\/avatar\/d73f772ba5a74f28601361e17c2f93e6?s=96&d=mm&r=g","contentUrl":"https:\/\/secure.gravatar.com\/avatar\/d73f772ba5a74f28601361e17c2f93e6?s=96&d=mm&r=g","caption":"Haber Merkezi"},"url":"https:\/\/epochtimestr.com\/index.php\/author\/sendag"}]}},"_links":{"self":[{"href":"https:\/\/epochtimestr.com\/index.php\/wp-json\/wp\/v2\/posts\/147057"}],"collection":[{"href":"https:\/\/epochtimestr.com\/index.php\/wp-json\/wp\/v2\/posts"}],"about":[{"href":"https:\/\/epochtimestr.com\/index.php\/wp-json\/wp\/v2\/types\/post"}],"author":[{"embeddable":true,"href":"https:\/\/epochtimestr.com\/index.php\/wp-json\/wp\/v2\/users\/12791"}],"replies":[{"embeddable":true,"href":"https:\/\/epochtimestr.com\/index.php\/wp-json\/wp\/v2\/comments?post=147057"}],"version-history":[{"count":1,"href":"https:\/\/epochtimestr.com\/index.php\/wp-json\/wp\/v2\/posts\/147057\/revisions"}],"predecessor-version":[{"id":147059,"href":"https:\/\/epochtimestr.com\/index.php\/wp-json\/wp\/v2\/posts\/147057\/revisions\/147059"}],"wp:featuredmedia":[{"embeddable":true,"href":"https:\/\/epochtimestr.com\/index.php\/wp-json\/wp\/v2\/media\/147058"}],"wp:attachment":[{"href":"https:\/\/epochtimestr.com\/index.php\/wp-json\/wp\/v2\/media?parent=147057"}],"wp:term":[{"taxonomy":"category","embeddable":true,"href":"https:\/\/epochtimestr.com\/index.php\/wp-json\/wp\/v2\/categories?post=147057"},{"taxonomy":"post_tag","embeddable":true,"href":"https:\/\/epochtimestr.com\/index.php\/wp-json\/wp\/v2\/tags?post=147057"}],"curies":[{"name":"wp","href":"https:\/\/api.w.org\/{rel}","templated":true}]}}