{"id":147229,"date":"2023-09-02T11:17:32","date_gmt":"2023-09-02T08:17:32","guid":{"rendered":"https:\/\/epochtimestr.com\/?p=147229"},"modified":"2023-09-02T11:17:35","modified_gmt":"2023-09-02T08:17:35","slug":"voleybol-takiminin-basantrenoru-peri-masali-yasadiklarini-belirtti","status":"publish","type":"post","link":"https:\/\/epochtimestr.com\/index.php\/voleybol-takiminin-basantrenoru-peri-masali-yasadiklarini-belirtti","title":{"rendered":"Voleybol Tak\u0131m\u0131n\u0131n Ba\u015fantren\u00f6r\u00fc Peri Masal\u0131 Ya\u015fad\u0131klar\u0131n\u0131 Belirtti"},"content":{"rendered":"<div class=\"wp-block-image\">\n<figure class=\"aligncenter size-full\"><img loading=\"lazy\" decoding=\"async\" width=\"1200\" height=\"800\" src=\"https:\/\/epochtimestr.com\/wp-content\/uploads\/2011y\/Voleybol-TVF.org_.jpg\" alt=\"\" class=\"wp-image-147230\" srcset=\"https:\/\/epochtimestr.com\/wp-content\/uploads\/2011y\/Voleybol-TVF.org_.jpg 1200w, https:\/\/epochtimestr.com\/wp-content\/uploads\/2011y\/Voleybol-TVF.org_-300x200.jpg 300w, https:\/\/epochtimestr.com\/wp-content\/uploads\/2011y\/Voleybol-TVF.org_-150x100.jpg 150w, https:\/\/epochtimestr.com\/wp-content\/uploads\/2011y\/Voleybol-TVF.org_-768x512.jpg 768w\" sizes=\"(max-width: 1200px) 100vw, 1200px\" \/><figcaption class=\"wp-element-caption\">Foto\u011fraf: tvf.org<\/figcaption><\/figure><\/div>\n\n\n<h2 class=\"wp-block-heading\">A Milli Kad\u0131n Voleybol Tak\u0131m\u0131&#8217;n\u0131n ba\u015fantren\u00f6r\u00fc Daniele Santarelli; \u201cLimitlerimizi zorlad\u0131k ve galibiyet i\u00e7in sava\u015ft\u0131k. Bu ma\u00e7\u0131 kazanmay\u0131 ve final oynamay\u0131 hak etti\u011fimizi d\u00fc\u015f\u00fcn\u00fcyorum.\u201d dedi.<\/h2>\n\n\n\n<p>2023 CEV Avrupa \u015eampiyonas\u0131 yar\u0131 finalde son Avrupa \u015fampiyonu \u0130talya&#8217;y\u0131 3-2 yenerek finale y\u00fckselen A Milli Kad\u0131n Voleybol Tak\u0131m\u0131&#8217;n\u0131n ba\u015fantren\u00f6r\u00fc Daniele Santarelli, stres dolu bir ma\u00e7\u0131 geride b\u0131rakt\u0131klar\u0131n\u0131 belirterek, \u201cB\u00f6yle bir atmosferde inan\u0131lmaz bir taraftar \u00f6n\u00fcnde oynamak harikayd\u0131. Ma\u00e7 i\u00e7inde baz\u0131 zor anlar ya\u015fad\u0131k ama asla pes etmedik. \u0130talya\u2019n\u0131n harika bir tak\u0131m oldu\u011funu biliyorduk. Limitlerimizi zorlad\u0131k ve galibiyet i\u00e7in sava\u015ft\u0131k. Bu ma\u00e7\u0131 kazanmay\u0131 ve final oynamay\u0131 hak etti\u011fimizi d\u00fc\u015f\u00fcn\u00fcyorum.\u201d ifadelerini kulland\u0131.<\/p>\n\n\n\n<h3 class=\"wp-block-heading\">&#8220;Adeta Bir Peri Masal\u0131&#8221;<\/h3>\n\n\n\n<p>Santarelli, kendisi i\u00e7in ise bir r\u00fcyan\u0131n ger\u00e7ekle\u015fti\u011fine dikkati \u00e7ekerek, \u015f\u00f6yle devam etti: \u201cGe\u00e7en yaz S\u0131rbistan Milli Tak\u0131m\u0131\u2019n\u0131n ba\u015f\u0131ndayd\u0131m. \u015eimdi buraday\u0131m. Adeta bir peri masal\u0131. Finalde oynayaca\u011f\u0131m\u0131z i\u00e7in mutluyum. Bence Polonya, \u0130talya ve S\u0131rbistan, hepsi de sonuna kadar gitmeyi hak etti. Her ma\u00e7ta sonuna kadar m\u00fccadele etmemiz gerekti\u011fini s\u00f6yl\u00fcyorum. Her ma\u00e7 ayr\u0131 bir sava\u015f. \u015eimdiye kadar her \u015fey \u00e7ok iyi gitti. Ancak finalde daha fazla m\u00fccadele etmeliyiz.\u201d,<\/p>\n\n\n\n<h3 class=\"wp-block-heading\">Kaptan D\u00fcndar: &#8220;Herkesin Olumlu Enerjisi Bize Ge\u00e7ti&#8221;<\/h3>\n\n\n\n<p>Kaptan Eda Erdem D\u00fcndar da zor bir ma\u00e7\u0131 geride b\u0131rakt\u0131klar\u0131n\u0131 belirterek, \u201c\u0130talya\u2019n\u0131n \u00e7ok iyi oyuncular\u0131 var. Son Avrupa \u015fampiyonu \u0130talya\u2019n\u0131n bizi \u00e7ok zorlayaca\u011f\u0131n\u0131 biliyorduk. Herkesin olumlu enerjisi bize ge\u00e7ti. \u00c7ok zor bir final olacak. Kazanmak i\u00e7in her \u015feyi yapaca\u011f\u0131z. Bir g\u00fcn aram\u0131z var. Dinlenece\u011fiz ve rakip tak\u0131ma \u00e7al\u0131\u015faca\u011f\u0131z. Kazanmak i\u00e7in sahada her \u015feyimizi koyaca\u011f\u0131z.\u201d de\u011ferlendirmesini yapt\u0131.<\/p>\n\n\n\n<h3 class=\"wp-block-heading\">&#8220;Biz \u00c7ok B\u00fcy\u00fck Karakter Koyduk&#8221;<\/h3>\n\n\n\n<p>Tak\u0131m\u0131n liberolar\u0131ndan Gizem \u00d6rge de \u00e7ok stresli bir yar\u0131 final ma\u00e7\u0131 oynad\u0131klar\u0131n\u0131 vurgulayarak, \u201c\u0130talya\u2019y\u0131 tebrik ediyorum inan\u0131lmaz savunma yapt\u0131lar. Biz \u00e7ok b\u00fcy\u00fck bir karakter koyduk. Zorland\u0131\u011f\u0131m\u0131z anlarda bile sava\u015fmaktan vazge\u00e7medik. Milletimize ne kadar kupay\u0131 g\u00f6t\u00fcrmek istedi\u011fimiz g\u00f6sterdik. Finalde g\u00f6r\u00fc\u015f\u00fcr\u00fcz. Kupay\u0131 almadan d\u00f6nmek istemiyoruz.\u201d diye konu\u015ftu.<\/p>\n\n\n\n<p><\/p>\n","protected":false},"excerpt":{"rendered":"<p>A Milli Kad\u0131n Voleybol Tak\u0131m\u0131&#8217;n\u0131n ba\u015fantren\u00f6r\u00fc Daniele Santarelli; \u201cLimitlerimizi zorlad\u0131k ve galibiyet i\u00e7in sava\u015ft\u0131k. Bu ma\u00e7\u0131 kazanmay\u0131 ve final oynamay\u0131 hak etti\u011fimizi d\u00fc\u015f\u00fcn\u00fcyorum.\u201d dedi. 2023 CEV Avrupa \u015eampiyonas\u0131 yar\u0131 finalde son Avrupa \u015fampiyonu \u0130talya&#8217;y\u0131 3-2 yenerek finale y\u00fckselen A Milli Kad\u0131n Voleybol Tak\u0131m\u0131&#8217;n\u0131n ba\u015fantren\u00f6r\u00fc Daniele Santarelli, stres dolu bir ma\u00e7\u0131 geride b\u0131rakt\u0131klar\u0131n\u0131 belirterek, \u201cB\u00f6yle bir [&hellip;]<\/p>\n","protected":false},"author":12791,"featured_media":147230,"comment_status":"closed","ping_status":"open","sticky":false,"template":"","format":"standard","meta":{"_yoast_wpseo_focuskw":"","_yoast_wpseo_title":"","_yoast_wpseo_metadesc":"","_bbp_topic_count":0,"_bbp_reply_count":0,"_bbp_total_topic_count":0,"_bbp_total_reply_count":0,"_bbp_voice_count":0,"_bbp_anonymous_reply_count":0,"_bbp_topic_count_hidden":0,"_bbp_reply_count_hidden":0,"_bbp_forum_subforum_count":0,"footnotes":"","_yoast_wpseo_focuskw_text_input":""},"categories":[1,8138,37],"tags":[],"yoast_head":"<!-- This site is optimized with the Yoast SEO plugin v23.0 - https:\/\/yoast.com\/wordpress\/plugins\/seo\/ -->\n<title>Voleybol Tak\u0131m\u0131n\u0131n Ba\u015fantren\u00f6r\u00fc Peri Masal\u0131 Ya\u015fad\u0131klar\u0131n\u0131 Belirtti - The Epoch Times TR<\/title>\n<meta name=\"robots\" content=\"index, follow, max-snippet:-1, max-image-preview:large, max-video-preview:-1\" \/>\n<link rel=\"canonical\" href=\"https:\/\/epochtimestr.com\/index.php\/voleybol-takiminin-basantrenoru-peri-masali-yasadiklarini-belirtti\" \/>\n<meta property=\"og:locale\" content=\"tr_TR\" \/>\n<meta property=\"og:type\" content=\"article\" \/>\n<meta property=\"og:title\" content=\"Voleybol Tak\u0131m\u0131n\u0131n Ba\u015fantren\u00f6r\u00fc Peri Masal\u0131 Ya\u015fad\u0131klar\u0131n\u0131 Belirtti - The Epoch Times TR\" \/>\n<meta property=\"og:description\" content=\"A Milli Kad\u0131n Voleybol Tak\u0131m\u0131&#8217;n\u0131n ba\u015fantren\u00f6r\u00fc Daniele Santarelli; \u201cLimitlerimizi zorlad\u0131k ve galibiyet i\u00e7in sava\u015ft\u0131k. Bu ma\u00e7\u0131 kazanmay\u0131 ve final oynamay\u0131 hak etti\u011fimizi d\u00fc\u015f\u00fcn\u00fcyorum.\u201d dedi. 2023 CEV Avrupa \u015eampiyonas\u0131 yar\u0131 finalde son Avrupa \u015fampiyonu \u0130talya&#8217;y\u0131 3-2 yenerek finale y\u00fckselen A Milli Kad\u0131n Voleybol Tak\u0131m\u0131&#8217;n\u0131n ba\u015fantren\u00f6r\u00fc Daniele Santarelli, stres dolu bir ma\u00e7\u0131 geride b\u0131rakt\u0131klar\u0131n\u0131 belirterek, \u201cB\u00f6yle bir [&hellip;]\" \/>\n<meta property=\"og:url\" content=\"https:\/\/epochtimestr.com\/index.php\/voleybol-takiminin-basantrenoru-peri-masali-yasadiklarini-belirtti\" \/>\n<meta property=\"og:site_name\" content=\"The Epoch Times TR\" \/>\n<meta property=\"article:publisher\" content=\"https:\/\/www.facebook.com\/theepochtimestr\" \/>\n<meta property=\"article:published_time\" content=\"2023-09-02T08:17:32+00:00\" \/>\n<meta property=\"article:modified_time\" content=\"2023-09-02T08:17:35+00:00\" \/>\n<meta property=\"og:image\" content=\"https:\/\/epochtimestr.com\/wp-content\/uploads\/2011y\/Voleybol-TVF.org_.jpg\" \/>\n\t<meta property=\"og:image:width\" content=\"1200\" \/>\n\t<meta property=\"og:image:height\" content=\"800\" \/>\n\t<meta property=\"og:image:type\" content=\"image\/jpeg\" \/>\n<meta name=\"author\" content=\"Haber Merkezi\" \/>\n<meta name=\"twitter:card\" content=\"summary_large_image\" \/>\n<meta name=\"twitter:creator\" content=\"@TheEpochTimesTR\" \/>\n<meta name=\"twitter:site\" content=\"@TheEpochTimesTR\" \/>\n<meta name=\"twitter:label1\" content=\"Yazan:\" \/>\n\t<meta name=\"twitter:data1\" content=\"Haber Merkezi\" \/>\n\t<meta name=\"twitter:label2\" content=\"Tahmini okuma s\u00fcresi\" \/>\n\t<meta name=\"twitter:data2\" content=\"2 dakika\" \/>\n<script type=\"application\/ld+json\" class=\"yoast-schema-graph\">{\"@context\":\"https:\/\/schema.org\",\"@graph\":[{\"@type\":\"Article\",\"@id\":\"https:\/\/epochtimestr.com\/index.php\/voleybol-takiminin-basantrenoru-peri-masali-yasadiklarini-belirtti#article\",\"isPartOf\":{\"@id\":\"https:\/\/epochtimestr.com\/index.php\/voleybol-takiminin-basantrenoru-peri-masali-yasadiklarini-belirtti\"},\"author\":{\"name\":\"Haber Merkezi\",\"@id\":\"https:\/\/epochtimestr.com\/#\/schema\/person\/3dc5c3adeb9f43923c5aa85889172fdd\"},\"headline\":\"Voleybol Tak\u0131m\u0131n\u0131n Ba\u015fantren\u00f6r\u00fc Peri Masal\u0131 Ya\u015fad\u0131klar\u0131n\u0131 Belirtti\",\"datePublished\":\"2023-09-02T08:17:32+00:00\",\"dateModified\":\"2023-09-02T08:17:35+00:00\",\"mainEntityOfPage\":{\"@id\":\"https:\/\/epochtimestr.com\/index.php\/voleybol-takiminin-basantrenoru-peri-masali-yasadiklarini-belirtti\"},\"wordCount\":408,\"publisher\":{\"@id\":\"https:\/\/epochtimestr.com\/#organization\"},\"image\":{\"@id\":\"https:\/\/epochtimestr.com\/index.php\/voleybol-takiminin-basantrenoru-peri-masali-yasadiklarini-belirtti#primaryimage\"},\"thumbnailUrl\":\"https:\/\/epochtimestr.com\/wp-content\/uploads\/2011y\/Voleybol-TVF.org_.jpg\",\"articleSection\":[\"G\u00dcNDEM\",\"MAN\u015eET\",\"T\u00dcRK\u0130YE\"],\"inLanguage\":\"tr\"},{\"@type\":\"WebPage\",\"@id\":\"https:\/\/epochtimestr.com\/index.php\/voleybol-takiminin-basantrenoru-peri-masali-yasadiklarini-belirtti\",\"url\":\"https:\/\/epochtimestr.com\/index.php\/voleybol-takiminin-basantrenoru-peri-masali-yasadiklarini-belirtti\",\"name\":\"Voleybol Tak\u0131m\u0131n\u0131n Ba\u015fantren\u00f6r\u00fc Peri Masal\u0131 Ya\u015fad\u0131klar\u0131n\u0131 Belirtti - The Epoch Times TR\",\"isPartOf\":{\"@id\":\"https:\/\/epochtimestr.com\/#website\"},\"primaryImageOfPage\":{\"@id\":\"https:\/\/epochtimestr.com\/index.php\/voleybol-takiminin-basantrenoru-peri-masali-yasadiklarini-belirtti#primaryimage\"},\"image\":{\"@id\":\"https:\/\/epochtimestr.com\/index.php\/voleybol-takiminin-basantrenoru-peri-masali-yasadiklarini-belirtti#primaryimage\"},\"thumbnailUrl\":\"https:\/\/epochtimestr.com\/wp-content\/uploads\/2011y\/Voleybol-TVF.org_.jpg\",\"datePublished\":\"2023-09-02T08:17:32+00:00\",\"dateModified\":\"2023-09-02T08:17:35+00:00\",\"inLanguage\":\"tr\",\"potentialAction\":[{\"@type\":\"ReadAction\",\"target\":[\"https:\/\/epochtimestr.com\/index.php\/voleybol-takiminin-basantrenoru-peri-masali-yasadiklarini-belirtti\"]}]},{\"@type\":\"ImageObject\",\"inLanguage\":\"tr\",\"@id\":\"https:\/\/epochtimestr.com\/index.php\/voleybol-takiminin-basantrenoru-peri-masali-yasadiklarini-belirtti#primaryimage\",\"url\":\"https:\/\/epochtimestr.com\/wp-content\/uploads\/2011y\/Voleybol-TVF.org_.jpg\",\"contentUrl\":\"https:\/\/epochtimestr.com\/wp-content\/uploads\/2011y\/Voleybol-TVF.org_.jpg\",\"width\":1200,\"height\":800},{\"@type\":\"WebSite\",\"@id\":\"https:\/\/epochtimestr.com\/#website\",\"url\":\"https:\/\/epochtimestr.com\/\",\"name\":\"The Epoch Times TR\",\"description\":\"De\u011fi\u015fen D\u00fcnyam\u0131za Taze Bir Bak\u0131\u015f\",\"publisher\":{\"@id\":\"https:\/\/epochtimestr.com\/#organization\"},\"potentialAction\":[{\"@type\":\"SearchAction\",\"target\":{\"@type\":\"EntryPoint\",\"urlTemplate\":\"https:\/\/epochtimestr.com\/?s={search_term_string}\"},\"query-input\":\"required name=search_term_string\"}],\"inLanguage\":\"tr\"},{\"@type\":\"Organization\",\"@id\":\"https:\/\/epochtimestr.com\/#organization\",\"name\":\"The EpochTimes T\u00fcrkiye\",\"url\":\"https:\/\/epochtimestr.com\/\",\"logo\":{\"@type\":\"ImageObject\",\"inLanguage\":\"tr\",\"@id\":\"https:\/\/epochtimestr.com\/#\/schema\/logo\/image\/\",\"url\":\"https:\/\/epochtimestr.com\/wp-content\/uploads\/2011y\/ET-Logo-YG.jpg\",\"contentUrl\":\"https:\/\/epochtimestr.com\/wp-content\/uploads\/2011y\/ET-Logo-YG.jpg\",\"width\":346,\"height\":29,\"caption\":\"The EpochTimes T\u00fcrkiye\"},\"image\":{\"@id\":\"https:\/\/epochtimestr.com\/#\/schema\/logo\/image\/\"},\"sameAs\":[\"https:\/\/www.facebook.com\/theepochtimestr\",\"https:\/\/x.com\/TheEpochTimesTR\",\"https:\/\/www.instagram.com\/epochtimestr\"]},{\"@type\":\"Person\",\"@id\":\"https:\/\/epochtimestr.com\/#\/schema\/person\/3dc5c3adeb9f43923c5aa85889172fdd\",\"name\":\"Haber Merkezi\",\"image\":{\"@type\":\"ImageObject\",\"inLanguage\":\"tr\",\"@id\":\"https:\/\/epochtimestr.com\/#\/schema\/person\/image\/\",\"url\":\"https:\/\/secure.gravatar.com\/avatar\/d73f772ba5a74f28601361e17c2f93e6?s=96&d=mm&r=g\",\"contentUrl\":\"https:\/\/secure.gravatar.com\/avatar\/d73f772ba5a74f28601361e17c2f93e6?s=96&d=mm&r=g\",\"caption\":\"Haber Merkezi\"},\"url\":\"https:\/\/epochtimestr.com\/index.php\/author\/sendag\"}]}<\/script>\n<!-- \/ Yoast SEO plugin. -->","yoast_head_json":{"title":"Voleybol Tak\u0131m\u0131n\u0131n Ba\u015fantren\u00f6r\u00fc Peri Masal\u0131 Ya\u015fad\u0131klar\u0131n\u0131 Belirtti - The Epoch Times TR","robots":{"index":"index","follow":"follow","max-snippet":"max-snippet:-1","max-image-preview":"max-image-preview:large","max-video-preview":"max-video-preview:-1"},"canonical":"https:\/\/epochtimestr.com\/index.php\/voleybol-takiminin-basantrenoru-peri-masali-yasadiklarini-belirtti","og_locale":"tr_TR","og_type":"article","og_title":"Voleybol Tak\u0131m\u0131n\u0131n Ba\u015fantren\u00f6r\u00fc Peri Masal\u0131 Ya\u015fad\u0131klar\u0131n\u0131 Belirtti - The Epoch Times TR","og_description":"A Milli Kad\u0131n Voleybol Tak\u0131m\u0131&#8217;n\u0131n ba\u015fantren\u00f6r\u00fc Daniele Santarelli; \u201cLimitlerimizi zorlad\u0131k ve galibiyet i\u00e7in sava\u015ft\u0131k. Bu ma\u00e7\u0131 kazanmay\u0131 ve final oynamay\u0131 hak etti\u011fimizi d\u00fc\u015f\u00fcn\u00fcyorum.\u201d dedi. 2023 CEV Avrupa \u015eampiyonas\u0131 yar\u0131 finalde son Avrupa \u015fampiyonu \u0130talya&#8217;y\u0131 3-2 yenerek finale y\u00fckselen A Milli Kad\u0131n Voleybol Tak\u0131m\u0131&#8217;n\u0131n ba\u015fantren\u00f6r\u00fc Daniele Santarelli, stres dolu bir ma\u00e7\u0131 geride b\u0131rakt\u0131klar\u0131n\u0131 belirterek, \u201cB\u00f6yle bir [&hellip;]","og_url":"https:\/\/epochtimestr.com\/index.php\/voleybol-takiminin-basantrenoru-peri-masali-yasadiklarini-belirtti","og_site_name":"The Epoch Times TR","article_publisher":"https:\/\/www.facebook.com\/theepochtimestr","article_published_time":"2023-09-02T08:17:32+00:00","article_modified_time":"2023-09-02T08:17:35+00:00","og_image":[{"width":1200,"height":800,"url":"https:\/\/epochtimestr.com\/wp-content\/uploads\/2011y\/Voleybol-TVF.org_.jpg","type":"image\/jpeg"}],"author":"Haber Merkezi","twitter_card":"summary_large_image","twitter_creator":"@TheEpochTimesTR","twitter_site":"@TheEpochTimesTR","twitter_misc":{"Yazan:":"Haber Merkezi","Tahmini okuma s\u00fcresi":"2 dakika"},"schema":{"@context":"https:\/\/schema.org","@graph":[{"@type":"Article","@id":"https:\/\/epochtimestr.com\/index.php\/voleybol-takiminin-basantrenoru-peri-masali-yasadiklarini-belirtti#article","isPartOf":{"@id":"https:\/\/epochtimestr.com\/index.php\/voleybol-takiminin-basantrenoru-peri-masali-yasadiklarini-belirtti"},"author":{"name":"Haber Merkezi","@id":"https:\/\/epochtimestr.com\/#\/schema\/person\/3dc5c3adeb9f43923c5aa85889172fdd"},"headline":"Voleybol Tak\u0131m\u0131n\u0131n Ba\u015fantren\u00f6r\u00fc Peri Masal\u0131 Ya\u015fad\u0131klar\u0131n\u0131 Belirtti","datePublished":"2023-09-02T08:17:32+00:00","dateModified":"2023-09-02T08:17:35+00:00","mainEntityOfPage":{"@id":"https:\/\/epochtimestr.com\/index.php\/voleybol-takiminin-basantrenoru-peri-masali-yasadiklarini-belirtti"},"wordCount":408,"publisher":{"@id":"https:\/\/epochtimestr.com\/#organization"},"image":{"@id":"https:\/\/epochtimestr.com\/index.php\/voleybol-takiminin-basantrenoru-peri-masali-yasadiklarini-belirtti#primaryimage"},"thumbnailUrl":"https:\/\/epochtimestr.com\/wp-content\/uploads\/2011y\/Voleybol-TVF.org_.jpg","articleSection":["G\u00dcNDEM","MAN\u015eET","T\u00dcRK\u0130YE"],"inLanguage":"tr"},{"@type":"WebPage","@id":"https:\/\/epochtimestr.com\/index.php\/voleybol-takiminin-basantrenoru-peri-masali-yasadiklarini-belirtti","url":"https:\/\/epochtimestr.com\/index.php\/voleybol-takiminin-basantrenoru-peri-masali-yasadiklarini-belirtti","name":"Voleybol Tak\u0131m\u0131n\u0131n Ba\u015fantren\u00f6r\u00fc Peri Masal\u0131 Ya\u015fad\u0131klar\u0131n\u0131 Belirtti - The Epoch Times TR","isPartOf":{"@id":"https:\/\/epochtimestr.com\/#website"},"primaryImageOfPage":{"@id":"https:\/\/epochtimestr.com\/index.php\/voleybol-takiminin-basantrenoru-peri-masali-yasadiklarini-belirtti#primaryimage"},"image":{"@id":"https:\/\/epochtimestr.com\/index.php\/voleybol-takiminin-basantrenoru-peri-masali-yasadiklarini-belirtti#primaryimage"},"thumbnailUrl":"https:\/\/epochtimestr.com\/wp-content\/uploads\/2011y\/Voleybol-TVF.org_.jpg","datePublished":"2023-09-02T08:17:32+00:00","dateModified":"2023-09-02T08:17:35+00:00","inLanguage":"tr","potentialAction":[{"@type":"ReadAction","target":["https:\/\/epochtimestr.com\/index.php\/voleybol-takiminin-basantrenoru-peri-masali-yasadiklarini-belirtti"]}]},{"@type":"ImageObject","inLanguage":"tr","@id":"https:\/\/epochtimestr.com\/index.php\/voleybol-takiminin-basantrenoru-peri-masali-yasadiklarini-belirtti#primaryimage","url":"https:\/\/epochtimestr.com\/wp-content\/uploads\/2011y\/Voleybol-TVF.org_.jpg","contentUrl":"https:\/\/epochtimestr.com\/wp-content\/uploads\/2011y\/Voleybol-TVF.org_.jpg","width":1200,"height":800},{"@type":"WebSite","@id":"https:\/\/epochtimestr.com\/#website","url":"https:\/\/epochtimestr.com\/","name":"The Epoch Times TR","description":"De\u011fi\u015fen D\u00fcnyam\u0131za Taze Bir Bak\u0131\u015f","publisher":{"@id":"https:\/\/epochtimestr.com\/#organization"},"potentialAction":[{"@type":"SearchAction","target":{"@type":"EntryPoint","urlTemplate":"https:\/\/epochtimestr.com\/?s={search_term_string}"},"query-input":"required name=search_term_string"}],"inLanguage":"tr"},{"@type":"Organization","@id":"https:\/\/epochtimestr.com\/#organization","name":"The EpochTimes T\u00fcrkiye","url":"https:\/\/epochtimestr.com\/","logo":{"@type":"ImageObject","inLanguage":"tr","@id":"https:\/\/epochtimestr.com\/#\/schema\/logo\/image\/","url":"https:\/\/epochtimestr.com\/wp-content\/uploads\/2011y\/ET-Logo-YG.jpg","contentUrl":"https:\/\/epochtimestr.com\/wp-content\/uploads\/2011y\/ET-Logo-YG.jpg","width":346,"height":29,"caption":"The EpochTimes T\u00fcrkiye"},"image":{"@id":"https:\/\/epochtimestr.com\/#\/schema\/logo\/image\/"},"sameAs":["https:\/\/www.facebook.com\/theepochtimestr","https:\/\/x.com\/TheEpochTimesTR","https:\/\/www.instagram.com\/epochtimestr"]},{"@type":"Person","@id":"https:\/\/epochtimestr.com\/#\/schema\/person\/3dc5c3adeb9f43923c5aa85889172fdd","name":"Haber Merkezi","image":{"@type":"ImageObject","inLanguage":"tr","@id":"https:\/\/epochtimestr.com\/#\/schema\/person\/image\/","url":"https:\/\/secure.gravatar.com\/avatar\/d73f772ba5a74f28601361e17c2f93e6?s=96&d=mm&r=g","contentUrl":"https:\/\/secure.gravatar.com\/avatar\/d73f772ba5a74f28601361e17c2f93e6?s=96&d=mm&r=g","caption":"Haber Merkezi"},"url":"https:\/\/epochtimestr.com\/index.php\/author\/sendag"}]}},"_links":{"self":[{"href":"https:\/\/epochtimestr.com\/index.php\/wp-json\/wp\/v2\/posts\/147229"}],"collection":[{"href":"https:\/\/epochtimestr.com\/index.php\/wp-json\/wp\/v2\/posts"}],"about":[{"href":"https:\/\/epochtimestr.com\/index.php\/wp-json\/wp\/v2\/types\/post"}],"author":[{"embeddable":true,"href":"https:\/\/epochtimestr.com\/index.php\/wp-json\/wp\/v2\/users\/12791"}],"replies":[{"embeddable":true,"href":"https:\/\/epochtimestr.com\/index.php\/wp-json\/wp\/v2\/comments?post=147229"}],"version-history":[{"count":1,"href":"https:\/\/epochtimestr.com\/index.php\/wp-json\/wp\/v2\/posts\/147229\/revisions"}],"predecessor-version":[{"id":147231,"href":"https:\/\/epochtimestr.com\/index.php\/wp-json\/wp\/v2\/posts\/147229\/revisions\/147231"}],"wp:featuredmedia":[{"embeddable":true,"href":"https:\/\/epochtimestr.com\/index.php\/wp-json\/wp\/v2\/media\/147230"}],"wp:attachment":[{"href":"https:\/\/epochtimestr.com\/index.php\/wp-json\/wp\/v2\/media?parent=147229"}],"wp:term":[{"taxonomy":"category","embeddable":true,"href":"https:\/\/epochtimestr.com\/index.php\/wp-json\/wp\/v2\/categories?post=147229"},{"taxonomy":"post_tag","embeddable":true,"href":"https:\/\/epochtimestr.com\/index.php\/wp-json\/wp\/v2\/tags?post=147229"}],"curies":[{"name":"wp","href":"https:\/\/api.w.org\/{rel}","templated":true}]}}