{"id":147352,"date":"2023-09-12T11:53:11","date_gmt":"2023-09-12T08:53:11","guid":{"rendered":"https:\/\/epochtimestr.com\/?p=147352"},"modified":"2025-03-04T11:34:08","modified_gmt":"2025-03-04T08:34:08","slug":"mutun-comelek-koyunden-cikan-bir-dunya-markasi-tasheli-saraplari","status":"publish","type":"post","link":"https:\/\/epochtimestr.com\/index.php\/mutun-comelek-koyunden-cikan-bir-dunya-markasi-tasheli-saraplari","title":{"rendered":"Mut&#8217;un \u00c7\u00f6melek K\u00f6y\u00fcnden \u00c7\u0131kan Bir D\u00fcnya Markas\u0131: Tasheli \u015earaplar\u0131"},"content":{"rendered":"<div class=\"wp-block-image\">\n<figure class=\"aligncenter size-large\"><img loading=\"lazy\" decoding=\"async\" width=\"1600\" height=\"1200\" src=\"https:\/\/epochtimestr.com\/wp-content\/uploads\/2011y\/39a3f8212416a452b5629823fee4fb99-1600x1200.jpg\" alt=\"\" class=\"wp-image-147353\" srcset=\"https:\/\/epochtimestr.com\/wp-content\/uploads\/2011y\/39a3f8212416a452b5629823fee4fb99-1600x1200.jpg 1600w, https:\/\/epochtimestr.com\/wp-content\/uploads\/2011y\/39a3f8212416a452b5629823fee4fb99-300x225.jpg 300w, https:\/\/epochtimestr.com\/wp-content\/uploads\/2011y\/39a3f8212416a452b5629823fee4fb99-150x113.jpg 150w, https:\/\/epochtimestr.com\/wp-content\/uploads\/2011y\/39a3f8212416a452b5629823fee4fb99-768x576.jpg 768w, https:\/\/epochtimestr.com\/wp-content\/uploads\/2011y\/39a3f8212416a452b5629823fee4fb99-1536x1152.jpg 1536w, https:\/\/epochtimestr.com\/wp-content\/uploads\/2011y\/39a3f8212416a452b5629823fee4fb99-2048x1536.jpg 2048w, https:\/\/epochtimestr.com\/wp-content\/uploads\/2011y\/39a3f8212416a452b5629823fee4fb99-86x64.jpg 86w\" sizes=\"(max-width: 1600px) 100vw, 1600px\" \/><\/figure><\/div>\n\n\n<p><strong>Ali Ay ve e\u015fi Fatma Ay<\/strong> <strong>emekliliklerinde ne yapacaklar\u0131n\u0131 d\u00fc\u015f\u00fcn\u00fcrken hem Mut\u2019un \u00c7\u00f6melek k\u00f6y\u00fcndeki \u00fcretici \u00a0dostlar\u0131 hem de kendileri i\u00e7in bir giri\u015fimcilik \u00f6rne\u011fi g\u00f6stererek \u00c7\u00f6melek k\u00f6y\u00fcnde \u00fcretilen endemik \u00fcz\u00fcm\u00a0 t\u00fcrlerinden bir \u015farap markas\u0131 yaratmaya karar verirler. Bu marka ile hem Mut`un endemik \u00fcz\u00fcm t\u00fcrlerini hem de markalar\u0131n\u0131 d\u00fcnyaya tan\u0131tmay\u0131 ama\u00e7larlar. 2005 y\u0131l\u0131nda ba\u015flayan ve be\u015f y\u0131l s\u00fcren zorlu bir ser\u00fcvenin ard\u0131ndan Tasheli \u015faraplar\u0131n\u0131 yarat\u0131rlar. \u015eu anda Tasheli markas\u0131 ald\u0131\u011f\u0131 d\u00fcnya \u00e7ap\u0131ndaki \u00f6d\u00fcllerle art\u0131k bir d\u00fcnya markas\u0131 olarak an\u0131l\u0131yor ve Patkara, G\u00f6k\u00fcz\u00fcm ve Ak\u00fcz\u00fcm endemik cinsleri \u00e7oktan kendilerini \u015farap d\u00fcnyas\u0131nda kan\u0131tlad\u0131. Biz de Ali Ay ile bir mini r\u00f6portaj yapt\u0131k ve bu heyecan verici sureci kendisi ile konu\u015ftuk.<\/strong><\/p>\n\n\n\n<p><strong>Ali Bey merhabalar, Tasheli markas\u0131n\u0131n ser\u00fcveni nas\u0131l ba\u015flad\u0131?<\/strong><\/p>\n\n\n\n<p>Ya\u015fl\u0131l\u0131\u011f\u0131m\u0131zda ne yapaca\u011f\u0131m\u0131z\u0131 d\u00fc\u015f\u00fcn\u00fcrken, \u00c7\u00f6melekli dostlar\u0131m\u0131z k\u00f6ydeki \u00fcz\u00fcmlerin \u00f6zelliklerini anlatarak bizi k\u00f6yde \u015farap yapmaya ikna ettiler. Toros da\u011flar\u0131n\u0131n eteklerinde, k\u0131smen izole, 900 metreden 1400 metreye ula\u015fan y\u00fckseklikte arazileri olan; hem deniz r\u00fczgarlar\u0131n\u0131 hem de da\u011f r\u00fczgarlar\u0131n\u0131 alan \u00f6zel yerlerden biri \u00c7\u00f6melek. K\u00f6y\u00fcn do\u011fu ve g\u00fcneyini \u00e7eviren Sason Kanyonu ise ger\u00e7ekten g\u00f6r\u00fclmeye de\u011fer.<\/p>\n\n\n\n<p>Esas bizi cezbeden \u015feyse meyvelerin lezzetiydi. Bu k\u00f6yde ilk \u015farap yapanlar da biz de\u011fildik belli ki; k\u00f6y\u00fcn bir\u00e7ok yerinde kayalardan oyulmu\u015f, \u00fcz\u00fcm i\u015fleme alanlar\u0131 oldu\u011funu g\u00f6rd\u00fck. K\u00f6y\u00fcn yak\u0131nlar\u0131nda kaya mezarlardaki kabartma \u00fcz\u00fcm ve kadeh motiflerini de g\u00f6r\u00fcnce \u201cTamam.&#8221; dedik.<\/p>\n\n\n<div class=\"wp-block-image\">\n<figure class=\"aligncenter size-full\"><img loading=\"lazy\" decoding=\"async\" width=\"1600\" height=\"1066\" src=\"https:\/\/epochtimestr.com\/wp-content\/uploads\/2011y\/WhatsApp-Image-2023-09-13-at-07.47.51.jpeg\" alt=\"\" class=\"wp-image-147364\" srcset=\"https:\/\/epochtimestr.com\/wp-content\/uploads\/2011y\/WhatsApp-Image-2023-09-13-at-07.47.51.jpeg 1600w, https:\/\/epochtimestr.com\/wp-content\/uploads\/2011y\/WhatsApp-Image-2023-09-13-at-07.47.51-300x200.jpeg 300w, https:\/\/epochtimestr.com\/wp-content\/uploads\/2011y\/WhatsApp-Image-2023-09-13-at-07.47.51-150x100.jpeg 150w, https:\/\/epochtimestr.com\/wp-content\/uploads\/2011y\/WhatsApp-Image-2023-09-13-at-07.47.51-768x512.jpeg 768w, https:\/\/epochtimestr.com\/wp-content\/uploads\/2011y\/WhatsApp-Image-2023-09-13-at-07.47.51-1536x1023.jpeg 1536w\" sizes=\"(max-width: 1600px) 100vw, 1600px\" \/><figcaption class=\"wp-element-caption\">Fatma Ay ve Al\u0131 Ay <\/figcaption><\/figure><\/div>\n\n\n<p>B\u00f6ylece bu i\u015fe 2005 y\u0131l\u0131nda amat\u00f6rce ba\u015flad\u0131k. \u00d6ncelikle internetten, sonra \u015farap yapanlardan \u00f6\u011frendi\u011fimiz k\u0131s\u0131tl\u0131 bilgilerle ba\u015flad\u0131k. Mevcut b\u00fct\u00fcn \u00fcz\u00fcmlerden \u015faraplar yapt\u0131k. \u00c7evremizdeki bilenlerden ve \u00c7ukurova \u00dcniversitesi G\u0131da b\u00f6l\u00fcm\u00fcnden ald\u0131\u011f\u0131m\u0131z bilgiler \u0131\u015f\u0131\u011f\u0131nda; k\u0131rm\u0131z\u0131da Patkara, beyazda da G\u00f6k \u00dcz\u00fcm \u00fczerinde yo\u011funla\u015fmaya karar verdik. Her ikisi de endemik \u00fcz\u00fcmlerdi. Do\u011fru karar verdi\u011fimizi daha sonra anlayacakt\u0131k.<\/p>\n\n\n\n<p>2005-2009 y\u0131llar\u0131 denemelerle ge\u00e7ti. Bu arada k\u00fc\u00e7\u00fck bir ba\u011f kurup, ba\u011fc\u0131l\u0131\u011f\u0131 da \u00f6\u011frenmeye ba\u015flad\u0131k. Binlerce y\u0131l \u00f6ncesinden \u00fcz\u00fcmle ha\u015f\u0131r ne\u015fir olmu\u015f bu topraklarda; g\u00fcn\u00fcm\u00fcze de bir \u015feyler b\u0131rakmak saikiyle ba\u015flad\u0131\u011f\u0131m\u0131z bu ser\u00fcven, 2010 y\u0131l\u0131ndan itibaren TASHEL\u0130 markas\u0131na d\u00f6n\u00fc\u015ft\u00fc.<\/p>\n\n\n\n<p><strong>\u015earap \u00fcretimi g<\/strong><strong>ibi &nbsp;\u00e7ok spesifik bir i\u015fi \u00f6grenmeyi nas\u0131l ba\u015fard\u0131n\u0131z? \u00c7ok zor olmad\u0131 m\u0131?<\/strong><\/p>\n\n\n\n<p>\u015earap\u00e7\u0131l\u0131\u011f\u0131n \u00e7ok uzun soluklu bir i\u015f oldu\u011funu bu i\u015fe ba\u015flay\u0131nca anlad\u0131k. Patkara\u2019n\u0131n \u00fcretimine ba\u011fl\u0131 olarak \u00fcretim kapasitemiz de y\u0131ll\u0131k 20-30 ton civar\u0131ndayd\u0131. Bu durumda kaliteli \u015farap yapmaktan ba\u015fka \u00e7aremiz olmad\u0131\u011f\u0131 ger\u00e7e\u011fiyle y\u00fczle\u015ftik. Fakat bilgimiz, deneyimimiz ve maalesef sermayemiz s\u0131n\u0131rl\u0131yd\u0131. Bu s\u0131rada Ankara\u2019da endemik \u00fcz\u00fcmler ve onlardan yap\u0131lan \u015faraplarla ilgilenen, sevgili Umay \u00c7eviker bizimle ileti\u015fime ge\u00e7ti ve yard\u0131mc\u0131 olmak istedi\u011fini s\u00f6yledi. Umay Bey teknik ve bilgi yetersizli\u011fi nedeniyle ayn\u0131 hatalar\u0131 yapt\u0131\u011f\u0131m\u0131z\u0131; bunu gidermek ve Patkara\u2019n\u0131n ger\u00e7ek performans\u0131n\u0131 \u00f6\u011frenmek i\u00e7in bir proje haz\u0131rlama \u00f6nerisinde bulundu. Bu proje 2015 y\u0131l\u0131nda Geoffrey Roberts \u00d6d\u00fcl\u00fc\u2019ne lay\u0131k g\u00f6r\u00fcld\u00fc. Bizim i\u00e7in de yeni bir evre ba\u015flam\u0131\u015f oldu.<\/p>\n\n\n\n<p><strong>Projeyi biraz anlat\u0131r m\u0131s\u0131n\u0131z?<\/strong><\/p>\n\n\n\n<p>Bu proje kapsam\u0131nda Urla \u015earap\u00e7\u0131l\u0131\u011fa 1,5 ton civar\u0131nda Patkara \u00fcz\u00fcm\u00fcn\u00fc g\u00f6nderdik. Urla \u015earap\u00e7\u0131l\u0131k T\u00fcrkiye\u2019nin en modern tesislerinden biri; Patkara burada i\u015flenecek, b\u00f6ylece potansiyeli test edilecek. Burada yap\u0131lan \u015farap ilgili ki\u015filere g\u00f6nderilerek b\u00f6ylece de hem Patkara hem de b\u00f6lgemizi d\u00fcnyaya tan\u0131t\u0131lacakt\u0131k. Can Ortaba\u015f\u2019\u0131n katk\u0131lar\u0131yla, Urla tesislerinde ve onlar\u0131n y\u00f6ntemleriyle \u00fcretilen bu \u015farap \u201cUrla Patkara\u201d ad\u0131yla \u00c7in\u2019de d\u00fczenlenen China Wine and Spirit Awards yar\u0131\u015fmas\u0131nda alt\u0131n madalya kazand\u0131. Bu olay, bizim vizyonumuzu belirledi; elimizdeki \u00fcz\u00fcm\u00fcn alt\u0131n madalya kazanabilecek nitelikte oldu\u011funu anlad\u0131\u011f\u0131m\u0131z \u00f6nemli bir an oldu.<\/p>\n\n\n\n<p><strong>Peki ser\u00fcveniniz bu ba\u015far\u0131dan sonra nas\u0131l seyretti?<\/strong><\/p>\n\n\n<div class=\"wp-block-image\">\n<figure class=\"aligncenter size-large is-resized\"><img loading=\"lazy\" decoding=\"async\" width=\"2095\" height=\"1179\" src=\"https:\/\/epochtimestr.com\/wp-content\/uploads\/2011y\/slide1-2095x1179.jpg\" alt=\"\" class=\"wp-image-147355\" style=\"width:840px;height:472px\" srcset=\"https:\/\/epochtimestr.com\/wp-content\/uploads\/2011y\/slide1-2095x1179.jpg 2095w, https:\/\/epochtimestr.com\/wp-content\/uploads\/2011y\/slide1-300x169.jpg 300w, https:\/\/epochtimestr.com\/wp-content\/uploads\/2011y\/slide1-150x84.jpg 150w, https:\/\/epochtimestr.com\/wp-content\/uploads\/2011y\/slide1-768x432.jpg 768w, https:\/\/epochtimestr.com\/wp-content\/uploads\/2011y\/slide1-1536x864.jpg 1536w, https:\/\/epochtimestr.com\/wp-content\/uploads\/2011y\/slide1-2048x1152.jpg 2048w\" sizes=\"(max-width: 2095px) 100vw, 2095px\" \/><figcaption class=\"wp-element-caption\">\u00c7\u00f6melek k\u00f6y\u00fcn\u00fcn k\u0131zlar\u0131 \u015farapl\u0131k \u00fcz\u00fcmleri toplarken<\/figcaption><\/figure><\/div>\n\n\n<p>Yine Umay Bey\u2019in projesi kapsam\u0131nda, Urla \u015earap\u00e7\u0131l\u0131k\u2019ta 2015 y\u0131l\u0131nda Levon Ba\u011f\u0131\u015f ve Ayhan G\u00fcleyen\u2019in de kat\u0131l\u0131m\u0131yla ger\u00e7ekle\u015fen tad\u0131m at\u00f6lyesinde bizim \u00fcretti\u011fimiz 2015 Patkara ile alt\u0131n madalya alan 2015 Patkara\u2019n\u0131n k\u0131yaslamas\u0131 yap\u0131ld\u0131. Bu k\u0131yaslama bizim i\u00e7in \u00e7ok yararl\u0131 oldu. O ana kadar hatalar\u0131m\u0131z\u0131 s\u00f6yleyen elbette olmu\u015ftu ama bu hatalar\u0131 \u00fcretim a\u015famas\u0131nda nas\u0131l d\u00fczeltebilece\u011fimizi birebir Levon Bey bize anlat\u0131. Bazen basit gibi g\u00f6r\u00fcnen bir bilgi \u00e7ok b\u00fcy\u00fck geli\u015fmelere neden olabiliyor. Bu da bizim i\u00e7in \u00f6yle bir bilgiydi. \u015earaphanede polietilen tanklar\u0131 b\u0131rak\u0131p, krom tanklara ge\u00e7tik. B\u00f6ylece 2017 y\u0131l\u0131nda, \u00f6\u011frendiklerimiz sayesinde b\u00fcy\u00fck bir s\u0131\u00e7rama yap\u0131p, kaliteyi epeyce y\u00fckselttik. 15 y\u0131lda ba\u015fard\u0131klar\u0131m\u0131z\u0131 d\u00fc\u015f\u00fcnd\u00fck\u00e7e \u00f6n\u00fcm\u00fczdeki 15 y\u0131l i\u00e7in de daha heyecanlan\u0131yoruz.<\/p>\n\n\n<div class=\"wp-block-image\">\n<figure class=\"aligncenter size-full\"><img loading=\"lazy\" decoding=\"async\" width=\"1920\" height=\"1080\" src=\"https:\/\/epochtimestr.com\/wp-content\/uploads\/2011y\/f8ccfbf7d0d5bb3ee6d08d81ece1925d-1.jpg\" alt=\"\" class=\"wp-image-147356\" srcset=\"https:\/\/epochtimestr.com\/wp-content\/uploads\/2011y\/f8ccfbf7d0d5bb3ee6d08d81ece1925d-1.jpg 1920w, https:\/\/epochtimestr.com\/wp-content\/uploads\/2011y\/f8ccfbf7d0d5bb3ee6d08d81ece1925d-1-300x169.jpg 300w, https:\/\/epochtimestr.com\/wp-content\/uploads\/2011y\/f8ccfbf7d0d5bb3ee6d08d81ece1925d-1-150x84.jpg 150w, https:\/\/epochtimestr.com\/wp-content\/uploads\/2011y\/f8ccfbf7d0d5bb3ee6d08d81ece1925d-1-768x432.jpg 768w, https:\/\/epochtimestr.com\/wp-content\/uploads\/2011y\/f8ccfbf7d0d5bb3ee6d08d81ece1925d-1-1536x864.jpg 1536w\" sizes=\"(max-width: 1920px) 100vw, 1920px\" \/><\/figure><\/div>\n\n\n<p><strong>Son zamanlarda da Tasheli markas\u0131n\u0131n d\u00fcnya \u00e7ap\u0131nda ald\u0131\u011f\u0131 \u00f6d\u00fclleri duyuyor ve hem sizi bu ba\u015far\u0131dan dolay\u0131 kutluyor hem de Mersin i\u00e7in gururlan\u0131yoruz. Bize ald\u0131\u011f\u0131n\u0131z \u00f6d\u00fcllerinizden ve bu \u00f6d\u00fclleri alan \u015faraplar\u0131n\u0131zdan bahseder misiniz?<\/strong><\/p>\n\n\n\n<p>Toros da\u011flar\u0131n\u0131n eteklerinde, \u015fehir merkezinden olduk\u00e7a uzak, tabir-\u0131 caizse \u201cKus u\u00e7maz, kervan ge\u00e7mez\u201d bir yerde, kendimizi ve \u015farab\u0131 tan\u0131tman\u0131n \u00f6d\u00fcl almaktan ge\u00e7ti\u011fini \u00f6ng\u00f6rm\u00fc\u015ft\u00fck.<\/p>\n\n\n\n<p>Finansal durumumuz elverdi\u011fi oranda bir dan\u0131\u015fmanla \u00e7al\u0131\u015fmaya ba\u015flad\u0131k. Onun, yani Hasan Deniz\u2019in ufak dokunu\u015flar\u0131yla kalitemiz h\u0131zla artt\u0131 ve madalyalar gelmeye ba\u015flad\u0131.<\/p>\n\n\n\n<p>ilk madalyam\u0131z\u0131 2021 y\u0131l\u0131nda 2020 rekoltesi Patkara Bo\u011fazkere \u00d6k\u00fczg\u00f6z\u00fc ile Viyana&#8217;da g\u00fcm\u00fc\u015f madalya ile ald\u0131k.&nbsp; \u0130lk \u00f6d\u00fcl\u00fcm\u00fcz\u00fcn ard\u0131ndan pek \u00e7ok \u00f6d\u00fcl arka arkaya geldi. \u0130stanbul\u2019da yap\u0131lan Challenging Master Class (CMC), d\u00fcnyan\u0131n farkl\u0131 yerlerinde yap\u0131lan Internat\u0131onal W\u0131ne Select\u0131on Compet\u0131on (IWSC) ve Berlin\u2019de yap\u0131lan&nbsp; Berliner W\u0131ne Trophy gibi uluslararas\u0131 prestiji olan yar\u0131\u015fmalarda \u00e7e\u015fitli kategorilerde \u00f6d\u00fcller ald\u0131k.<\/p>\n\n\n\n<p>En son Viyana`da ger\u00e7eklesen ve 5 ayr\u0131 \u015farab\u0131m\u0131zla kat\u0131ld\u0131\u011f\u0131m\u0131z IWSC yar\u0131\u015fmas\u0131n\u0131n sonu\u00e7lar\u0131 gecen hafta a\u00e7\u0131kland\u0131. Bu yar\u0131\u015fmada da 2022 tad\u0131mlar\u0131nda Patkara; Patkara \u2013 Cobernet &#8211; Sh\u0131raz ve beyaz Gok\u00fcz\u00fcm &#8211; Ak\u00fcz\u00fcm\u00a0 \u015faraplar\u0131m\u0131z 3 ayr\u0131 kategoride g\u00fcm\u00fc\u015f madalya kazand\u0131. \u00a0<\/p>\n\n\n\n<p>Bu madalyalarla birlikte \u015faraplar\u0131m\u0131z d\u00fcnya \u00e7ap\u0131nda toplamda 2 alt\u0131n, 8 g\u00fcm\u00fc\u015f ve 2 bronz madalya ile toplamda 12 madalya kazanm\u0131\u015f oldu<\/p>\n\n\n\n<p><strong>Son olarak, gelecekte nerede olmak istiyorsunuz?<\/strong><\/p>\n\n\n\n<p>Y\u00f6remizdeki endemik \u00fcz\u00fcmlerden yap\u0131lan \u015faraplar\u0131 hem \u00fclkemizde hem de yurtd\u0131\u015f\u0131nda tan\u0131tmak i\u00e7in \u00e7abal\u0131yoruz. Kaliteyi art\u0131rmadan; rekabet edecek d\u00fczeye getirmeden de tan\u0131t\u0131m\u0131n bir anlam\u0131 olmaz. Bu da uzun vadeli \u00e7ok titiz bir \u00e7al\u0131\u015fma gerektiriyor. \u015earap\u00e7\u0131l\u0131kta kendi ba\u011f\u0131n\u0131z yoksa kaliteyi yakalamak da zor. \u0130la\u00e7lamas\u0131ndan salk\u0131m seyreltmesine kadar kontrol edebilece\u011finiz bir durumdan bahsediyorum.<\/p>\n\n\n\n<p>\u015eu an 66 d\u00f6n\u00fcm ba\u011f\u0131m\u0131z \u00fcr\u00fcn vermeye hen\u00fcz ba\u015flad\u0131. Y\u0131l sonunda 15 d\u00f6n\u00fcm daha tesis edece\u011fiz. Bu ba\u011flar tam verime ula\u015ft\u0131\u011f\u0131nda; \u015faraplar\u0131m\u0131z\u0131n \u00e7o\u011fu kendi ba\u011flar\u0131m\u0131zdan gelen \u00fcz\u00fcmlerden yap\u0131lm\u0131\u015f olacak ki bu kaliteyi olduk\u00e7a etkileyecek. Elbette \u015faraphanemizin b\u00fcy\u00fcmesi ve daha modern hale gelmesi de gelecek planlar\u0131m\u0131z\u0131n i\u00e7inde.<\/p>\n","protected":false},"excerpt":{"rendered":"<p>Ali Ay ve e\u015fi Fatma Ay emekliliklerinde ne yapacaklar\u0131n\u0131 d\u00fc\u015f\u00fcn\u00fcrken hem Mut\u2019un \u00c7\u00f6melek k\u00f6y\u00fcndeki \u00fcretici \u00a0dostlar\u0131 hem de kendileri i\u00e7in bir giri\u015fimcilik \u00f6rne\u011fi g\u00f6stererek \u00c7\u00f6melek k\u00f6y\u00fcnde \u00fcretilen endemik \u00fcz\u00fcm\u00a0 t\u00fcrlerinden bir \u015farap markas\u0131 yaratmaya karar verirler. Bu marka ile hem Mut`un endemik \u00fcz\u00fcm t\u00fcrlerini hem de markalar\u0131n\u0131 d\u00fcnyaya tan\u0131tmay\u0131 ama\u00e7larlar. 2005 y\u0131l\u0131nda ba\u015flayan ve be\u015f [&hellip;]<\/p>\n","protected":false},"author":22,"featured_media":147353,"comment_status":"closed","ping_status":"open","sticky":false,"template":"","format":"standard","meta":{"_yoast_wpseo_focuskw":"\u015earap","_yoast_wpseo_title":"","_yoast_wpseo_metadesc":"Ali Ay ve e\u015fi Fatma Ay emekliliklerinde ne yapacaklar\u0131n\u0131 d\u00fc\u015f\u00fcn\u00fcrken Mut\u2019un \u00c7\u00f6melek k\u00f6y\u00fcndeki \u00fcretici dostlar\u0131 ile k\u00f6yde \u00fcretilen endemik \u00fcz\u00fcm t\u00fcrlerinden bir \u015farap markas\u0131 yarattilar.","_bbp_topic_count":0,"_bbp_reply_count":0,"_bbp_total_topic_count":0,"_bbp_total_reply_count":0,"_bbp_voice_count":0,"_bbp_anonymous_reply_count":0,"_bbp_topic_count_hidden":0,"_bbp_reply_count_hidden":0,"_bbp_forum_subforum_count":0,"footnotes":"","_yoast_wpseo_focuskw_text_input":""},"categories":[1,2610,8138,8206],"tags":[],"yoast_head":"<!-- This site is optimized with the Yoast SEO plugin v23.0 - https:\/\/yoast.com\/wordpress\/plugins\/seo\/ -->\n<title>Mut&#039;un \u00c7\u00f6melek K\u00f6y\u00fcnden \u00c7\u0131kan Bir D\u00fcnya Markas\u0131: Tasheli \u015earaplar\u0131 - The Epoch Times TR<\/title>\n<meta name=\"description\" content=\"Ali Ay ve e\u015fi Fatma Ay emekliliklerinde ne yapacaklar\u0131n\u0131 d\u00fc\u015f\u00fcn\u00fcrken Mut\u2019un \u00c7\u00f6melek k\u00f6y\u00fcndeki \u00fcretici dostlar\u0131 ile k\u00f6yde \u00fcretilen endemik \u00fcz\u00fcm t\u00fcrlerinden bir \u015farap markas\u0131 yarattilar.\" \/>\n<meta name=\"robots\" content=\"index, follow, max-snippet:-1, max-image-preview:large, max-video-preview:-1\" \/>\n<link rel=\"canonical\" href=\"https:\/\/epochtimestr.com\/index.php\/mutun-comelek-koyunden-cikan-bir-dunya-markasi-tasheli-saraplari\" \/>\n<meta property=\"og:locale\" content=\"tr_TR\" \/>\n<meta property=\"og:type\" content=\"article\" \/>\n<meta property=\"og:title\" content=\"Mut&#039;un \u00c7\u00f6melek K\u00f6y\u00fcnden \u00c7\u0131kan Bir D\u00fcnya Markas\u0131: Tasheli \u015earaplar\u0131 - The Epoch Times TR\" \/>\n<meta property=\"og:description\" content=\"Ali Ay ve e\u015fi Fatma Ay emekliliklerinde ne yapacaklar\u0131n\u0131 d\u00fc\u015f\u00fcn\u00fcrken Mut\u2019un \u00c7\u00f6melek k\u00f6y\u00fcndeki \u00fcretici dostlar\u0131 ile k\u00f6yde \u00fcretilen endemik \u00fcz\u00fcm t\u00fcrlerinden bir \u015farap markas\u0131 yarattilar.\" \/>\n<meta property=\"og:url\" content=\"https:\/\/epochtimestr.com\/index.php\/mutun-comelek-koyunden-cikan-bir-dunya-markasi-tasheli-saraplari\" \/>\n<meta property=\"og:site_name\" content=\"The Epoch Times TR\" \/>\n<meta property=\"article:publisher\" content=\"https:\/\/www.facebook.com\/theepochtimestr\" \/>\n<meta property=\"article:published_time\" content=\"2023-09-12T08:53:11+00:00\" \/>\n<meta property=\"article:modified_time\" content=\"2025-03-04T08:34:08+00:00\" \/>\n<meta property=\"og:image\" content=\"https:\/\/epochtimestr.com\/wp-content\/uploads\/2011y\/39a3f8212416a452b5629823fee4fb99-scaled.jpg\" \/>\n\t<meta property=\"og:image:width\" content=\"2560\" \/>\n\t<meta property=\"og:image:height\" content=\"1920\" \/>\n\t<meta property=\"og:image:type\" content=\"image\/jpeg\" \/>\n<meta name=\"author\" content=\"G.Hakan Ko\u00e7man\" \/>\n<meta name=\"twitter:card\" content=\"summary_large_image\" \/>\n<meta name=\"twitter:creator\" content=\"@TheEpochTimesTR\" \/>\n<meta name=\"twitter:site\" content=\"@TheEpochTimesTR\" \/>\n<meta name=\"twitter:label1\" content=\"Yazan:\" \/>\n\t<meta name=\"twitter:data1\" content=\"G.Hakan Ko\u00e7man\" \/>\n\t<meta name=\"twitter:label2\" content=\"Tahmini okuma s\u00fcresi\" \/>\n\t<meta name=\"twitter:data2\" content=\"7 dakika\" \/>\n<script type=\"application\/ld+json\" class=\"yoast-schema-graph\">{\"@context\":\"https:\/\/schema.org\",\"@graph\":[{\"@type\":\"Article\",\"@id\":\"https:\/\/epochtimestr.com\/index.php\/mutun-comelek-koyunden-cikan-bir-dunya-markasi-tasheli-saraplari#article\",\"isPartOf\":{\"@id\":\"https:\/\/epochtimestr.com\/index.php\/mutun-comelek-koyunden-cikan-bir-dunya-markasi-tasheli-saraplari\"},\"author\":{\"name\":\"G.Hakan Ko\u00e7man\",\"@id\":\"https:\/\/epochtimestr.com\/#\/schema\/person\/b5509977c9a6cd729a3e74d9743d035b\"},\"headline\":\"Mut&#8217;un \u00c7\u00f6melek K\u00f6y\u00fcnden \u00c7\u0131kan Bir D\u00fcnya Markas\u0131: Tasheli \u015earaplar\u0131\",\"datePublished\":\"2023-09-12T08:53:11+00:00\",\"dateModified\":\"2025-03-04T08:34:08+00:00\",\"mainEntityOfPage\":{\"@id\":\"https:\/\/epochtimestr.com\/index.php\/mutun-comelek-koyunden-cikan-bir-dunya-markasi-tasheli-saraplari\"},\"wordCount\":1378,\"publisher\":{\"@id\":\"https:\/\/epochtimestr.com\/#organization\"},\"image\":{\"@id\":\"https:\/\/epochtimestr.com\/index.php\/mutun-comelek-koyunden-cikan-bir-dunya-markasi-tasheli-saraplari#primaryimage\"},\"thumbnailUrl\":\"https:\/\/epochtimestr.com\/wp-content\/uploads\/2011y\/39a3f8212416a452b5629823fee4fb99-scaled.jpg\",\"articleSection\":[\"G\u00dcNDEM\",\"ilham Verenler\",\"MAN\u015eET\",\"\u00d6ne \u00c7\u0131kan\"],\"inLanguage\":\"tr\"},{\"@type\":\"WebPage\",\"@id\":\"https:\/\/epochtimestr.com\/index.php\/mutun-comelek-koyunden-cikan-bir-dunya-markasi-tasheli-saraplari\",\"url\":\"https:\/\/epochtimestr.com\/index.php\/mutun-comelek-koyunden-cikan-bir-dunya-markasi-tasheli-saraplari\",\"name\":\"Mut'un \u00c7\u00f6melek K\u00f6y\u00fcnden \u00c7\u0131kan Bir D\u00fcnya Markas\u0131: Tasheli \u015earaplar\u0131 - The Epoch Times TR\",\"isPartOf\":{\"@id\":\"https:\/\/epochtimestr.com\/#website\"},\"primaryImageOfPage\":{\"@id\":\"https:\/\/epochtimestr.com\/index.php\/mutun-comelek-koyunden-cikan-bir-dunya-markasi-tasheli-saraplari#primaryimage\"},\"image\":{\"@id\":\"https:\/\/epochtimestr.com\/index.php\/mutun-comelek-koyunden-cikan-bir-dunya-markasi-tasheli-saraplari#primaryimage\"},\"thumbnailUrl\":\"https:\/\/epochtimestr.com\/wp-content\/uploads\/2011y\/39a3f8212416a452b5629823fee4fb99-scaled.jpg\",\"datePublished\":\"2023-09-12T08:53:11+00:00\",\"dateModified\":\"2025-03-04T08:34:08+00:00\",\"description\":\"Ali Ay ve e\u015fi Fatma Ay emekliliklerinde ne yapacaklar\u0131n\u0131 d\u00fc\u015f\u00fcn\u00fcrken Mut\u2019un \u00c7\u00f6melek k\u00f6y\u00fcndeki \u00fcretici dostlar\u0131 ile k\u00f6yde \u00fcretilen endemik \u00fcz\u00fcm t\u00fcrlerinden bir \u015farap markas\u0131 yarattilar.\",\"inLanguage\":\"tr\",\"potentialAction\":[{\"@type\":\"ReadAction\",\"target\":[\"https:\/\/epochtimestr.com\/index.php\/mutun-comelek-koyunden-cikan-bir-dunya-markasi-tasheli-saraplari\"]}]},{\"@type\":\"ImageObject\",\"inLanguage\":\"tr\",\"@id\":\"https:\/\/epochtimestr.com\/index.php\/mutun-comelek-koyunden-cikan-bir-dunya-markasi-tasheli-saraplari#primaryimage\",\"url\":\"https:\/\/epochtimestr.com\/wp-content\/uploads\/2011y\/39a3f8212416a452b5629823fee4fb99-scaled.jpg\",\"contentUrl\":\"https:\/\/epochtimestr.com\/wp-content\/uploads\/2011y\/39a3f8212416a452b5629823fee4fb99-scaled.jpg\",\"width\":2560,\"height\":1920,\"caption\":\"Processed with VSCO with c2 preset\"},{\"@type\":\"WebSite\",\"@id\":\"https:\/\/epochtimestr.com\/#website\",\"url\":\"https:\/\/epochtimestr.com\/\",\"name\":\"The Epoch Times TR\",\"description\":\"De\u011fi\u015fen D\u00fcnyam\u0131za Taze Bir Bak\u0131\u015f\",\"publisher\":{\"@id\":\"https:\/\/epochtimestr.com\/#organization\"},\"potentialAction\":[{\"@type\":\"SearchAction\",\"target\":{\"@type\":\"EntryPoint\",\"urlTemplate\":\"https:\/\/epochtimestr.com\/?s={search_term_string}\"},\"query-input\":\"required name=search_term_string\"}],\"inLanguage\":\"tr\"},{\"@type\":\"Organization\",\"@id\":\"https:\/\/epochtimestr.com\/#organization\",\"name\":\"The EpochTimes T\u00fcrkiye\",\"url\":\"https:\/\/epochtimestr.com\/\",\"logo\":{\"@type\":\"ImageObject\",\"inLanguage\":\"tr\",\"@id\":\"https:\/\/epochtimestr.com\/#\/schema\/logo\/image\/\",\"url\":\"https:\/\/epochtimestr.com\/wp-content\/uploads\/2011y\/ET-Logo-YG.jpg\",\"contentUrl\":\"https:\/\/epochtimestr.com\/wp-content\/uploads\/2011y\/ET-Logo-YG.jpg\",\"width\":346,\"height\":29,\"caption\":\"The EpochTimes T\u00fcrkiye\"},\"image\":{\"@id\":\"https:\/\/epochtimestr.com\/#\/schema\/logo\/image\/\"},\"sameAs\":[\"https:\/\/www.facebook.com\/theepochtimestr\",\"https:\/\/x.com\/TheEpochTimesTR\",\"https:\/\/www.instagram.com\/epochtimestr\"]},{\"@type\":\"Person\",\"@id\":\"https:\/\/epochtimestr.com\/#\/schema\/person\/b5509977c9a6cd729a3e74d9743d035b\",\"name\":\"G.Hakan Ko\u00e7man\",\"image\":{\"@type\":\"ImageObject\",\"inLanguage\":\"tr\",\"@id\":\"https:\/\/epochtimestr.com\/#\/schema\/person\/image\/\",\"url\":\"https:\/\/secure.gravatar.com\/avatar\/e4eafee1ab5d1f4015c3930376b22ca8?s=96&d=mm&r=g\",\"contentUrl\":\"https:\/\/secure.gravatar.com\/avatar\/e4eafee1ab5d1f4015c3930376b22ca8?s=96&d=mm&r=g\",\"caption\":\"G.Hakan Ko\u00e7man\"},\"url\":\"https:\/\/epochtimestr.com\/index.php\/author\/hakan\"}]}<\/script>\n<!-- \/ Yoast SEO plugin. -->","yoast_head_json":{"title":"Mut'un \u00c7\u00f6melek K\u00f6y\u00fcnden \u00c7\u0131kan Bir D\u00fcnya Markas\u0131: Tasheli \u015earaplar\u0131 - The Epoch Times TR","description":"Ali Ay ve e\u015fi Fatma Ay emekliliklerinde ne yapacaklar\u0131n\u0131 d\u00fc\u015f\u00fcn\u00fcrken Mut\u2019un \u00c7\u00f6melek k\u00f6y\u00fcndeki \u00fcretici dostlar\u0131 ile k\u00f6yde \u00fcretilen endemik \u00fcz\u00fcm t\u00fcrlerinden bir \u015farap markas\u0131 yarattilar.","robots":{"index":"index","follow":"follow","max-snippet":"max-snippet:-1","max-image-preview":"max-image-preview:large","max-video-preview":"max-video-preview:-1"},"canonical":"https:\/\/epochtimestr.com\/index.php\/mutun-comelek-koyunden-cikan-bir-dunya-markasi-tasheli-saraplari","og_locale":"tr_TR","og_type":"article","og_title":"Mut'un \u00c7\u00f6melek K\u00f6y\u00fcnden \u00c7\u0131kan Bir D\u00fcnya Markas\u0131: Tasheli \u015earaplar\u0131 - The Epoch Times TR","og_description":"Ali Ay ve e\u015fi Fatma Ay emekliliklerinde ne yapacaklar\u0131n\u0131 d\u00fc\u015f\u00fcn\u00fcrken Mut\u2019un \u00c7\u00f6melek k\u00f6y\u00fcndeki \u00fcretici dostlar\u0131 ile k\u00f6yde \u00fcretilen endemik \u00fcz\u00fcm t\u00fcrlerinden bir \u015farap markas\u0131 yarattilar.","og_url":"https:\/\/epochtimestr.com\/index.php\/mutun-comelek-koyunden-cikan-bir-dunya-markasi-tasheli-saraplari","og_site_name":"The Epoch Times TR","article_publisher":"https:\/\/www.facebook.com\/theepochtimestr","article_published_time":"2023-09-12T08:53:11+00:00","article_modified_time":"2025-03-04T08:34:08+00:00","og_image":[{"width":2560,"height":1920,"url":"https:\/\/epochtimestr.com\/wp-content\/uploads\/2011y\/39a3f8212416a452b5629823fee4fb99-scaled.jpg","type":"image\/jpeg"}],"author":"G.Hakan Ko\u00e7man","twitter_card":"summary_large_image","twitter_creator":"@TheEpochTimesTR","twitter_site":"@TheEpochTimesTR","twitter_misc":{"Yazan:":"G.Hakan Ko\u00e7man","Tahmini okuma s\u00fcresi":"7 dakika"},"schema":{"@context":"https:\/\/schema.org","@graph":[{"@type":"Article","@id":"https:\/\/epochtimestr.com\/index.php\/mutun-comelek-koyunden-cikan-bir-dunya-markasi-tasheli-saraplari#article","isPartOf":{"@id":"https:\/\/epochtimestr.com\/index.php\/mutun-comelek-koyunden-cikan-bir-dunya-markasi-tasheli-saraplari"},"author":{"name":"G.Hakan Ko\u00e7man","@id":"https:\/\/epochtimestr.com\/#\/schema\/person\/b5509977c9a6cd729a3e74d9743d035b"},"headline":"Mut&#8217;un \u00c7\u00f6melek K\u00f6y\u00fcnden \u00c7\u0131kan Bir D\u00fcnya Markas\u0131: Tasheli \u015earaplar\u0131","datePublished":"2023-09-12T08:53:11+00:00","dateModified":"2025-03-04T08:34:08+00:00","mainEntityOfPage":{"@id":"https:\/\/epochtimestr.com\/index.php\/mutun-comelek-koyunden-cikan-bir-dunya-markasi-tasheli-saraplari"},"wordCount":1378,"publisher":{"@id":"https:\/\/epochtimestr.com\/#organization"},"image":{"@id":"https:\/\/epochtimestr.com\/index.php\/mutun-comelek-koyunden-cikan-bir-dunya-markasi-tasheli-saraplari#primaryimage"},"thumbnailUrl":"https:\/\/epochtimestr.com\/wp-content\/uploads\/2011y\/39a3f8212416a452b5629823fee4fb99-scaled.jpg","articleSection":["G\u00dcNDEM","ilham Verenler","MAN\u015eET","\u00d6ne \u00c7\u0131kan"],"inLanguage":"tr"},{"@type":"WebPage","@id":"https:\/\/epochtimestr.com\/index.php\/mutun-comelek-koyunden-cikan-bir-dunya-markasi-tasheli-saraplari","url":"https:\/\/epochtimestr.com\/index.php\/mutun-comelek-koyunden-cikan-bir-dunya-markasi-tasheli-saraplari","name":"Mut'un \u00c7\u00f6melek K\u00f6y\u00fcnden \u00c7\u0131kan Bir D\u00fcnya Markas\u0131: Tasheli \u015earaplar\u0131 - The Epoch Times TR","isPartOf":{"@id":"https:\/\/epochtimestr.com\/#website"},"primaryImageOfPage":{"@id":"https:\/\/epochtimestr.com\/index.php\/mutun-comelek-koyunden-cikan-bir-dunya-markasi-tasheli-saraplari#primaryimage"},"image":{"@id":"https:\/\/epochtimestr.com\/index.php\/mutun-comelek-koyunden-cikan-bir-dunya-markasi-tasheli-saraplari#primaryimage"},"thumbnailUrl":"https:\/\/epochtimestr.com\/wp-content\/uploads\/2011y\/39a3f8212416a452b5629823fee4fb99-scaled.jpg","datePublished":"2023-09-12T08:53:11+00:00","dateModified":"2025-03-04T08:34:08+00:00","description":"Ali Ay ve e\u015fi Fatma Ay emekliliklerinde ne yapacaklar\u0131n\u0131 d\u00fc\u015f\u00fcn\u00fcrken Mut\u2019un \u00c7\u00f6melek k\u00f6y\u00fcndeki \u00fcretici dostlar\u0131 ile k\u00f6yde \u00fcretilen endemik \u00fcz\u00fcm t\u00fcrlerinden bir \u015farap markas\u0131 yarattilar.","inLanguage":"tr","potentialAction":[{"@type":"ReadAction","target":["https:\/\/epochtimestr.com\/index.php\/mutun-comelek-koyunden-cikan-bir-dunya-markasi-tasheli-saraplari"]}]},{"@type":"ImageObject","inLanguage":"tr","@id":"https:\/\/epochtimestr.com\/index.php\/mutun-comelek-koyunden-cikan-bir-dunya-markasi-tasheli-saraplari#primaryimage","url":"https:\/\/epochtimestr.com\/wp-content\/uploads\/2011y\/39a3f8212416a452b5629823fee4fb99-scaled.jpg","contentUrl":"https:\/\/epochtimestr.com\/wp-content\/uploads\/2011y\/39a3f8212416a452b5629823fee4fb99-scaled.jpg","width":2560,"height":1920,"caption":"Processed with VSCO with c2 preset"},{"@type":"WebSite","@id":"https:\/\/epochtimestr.com\/#website","url":"https:\/\/epochtimestr.com\/","name":"The Epoch Times TR","description":"De\u011fi\u015fen D\u00fcnyam\u0131za Taze Bir Bak\u0131\u015f","publisher":{"@id":"https:\/\/epochtimestr.com\/#organization"},"potentialAction":[{"@type":"SearchAction","target":{"@type":"EntryPoint","urlTemplate":"https:\/\/epochtimestr.com\/?s={search_term_string}"},"query-input":"required name=search_term_string"}],"inLanguage":"tr"},{"@type":"Organization","@id":"https:\/\/epochtimestr.com\/#organization","name":"The EpochTimes T\u00fcrkiye","url":"https:\/\/epochtimestr.com\/","logo":{"@type":"ImageObject","inLanguage":"tr","@id":"https:\/\/epochtimestr.com\/#\/schema\/logo\/image\/","url":"https:\/\/epochtimestr.com\/wp-content\/uploads\/2011y\/ET-Logo-YG.jpg","contentUrl":"https:\/\/epochtimestr.com\/wp-content\/uploads\/2011y\/ET-Logo-YG.jpg","width":346,"height":29,"caption":"The EpochTimes T\u00fcrkiye"},"image":{"@id":"https:\/\/epochtimestr.com\/#\/schema\/logo\/image\/"},"sameAs":["https:\/\/www.facebook.com\/theepochtimestr","https:\/\/x.com\/TheEpochTimesTR","https:\/\/www.instagram.com\/epochtimestr"]},{"@type":"Person","@id":"https:\/\/epochtimestr.com\/#\/schema\/person\/b5509977c9a6cd729a3e74d9743d035b","name":"G.Hakan Ko\u00e7man","image":{"@type":"ImageObject","inLanguage":"tr","@id":"https:\/\/epochtimestr.com\/#\/schema\/person\/image\/","url":"https:\/\/secure.gravatar.com\/avatar\/e4eafee1ab5d1f4015c3930376b22ca8?s=96&d=mm&r=g","contentUrl":"https:\/\/secure.gravatar.com\/avatar\/e4eafee1ab5d1f4015c3930376b22ca8?s=96&d=mm&r=g","caption":"G.Hakan Ko\u00e7man"},"url":"https:\/\/epochtimestr.com\/index.php\/author\/hakan"}]}},"_links":{"self":[{"href":"https:\/\/epochtimestr.com\/index.php\/wp-json\/wp\/v2\/posts\/147352"}],"collection":[{"href":"https:\/\/epochtimestr.com\/index.php\/wp-json\/wp\/v2\/posts"}],"about":[{"href":"https:\/\/epochtimestr.com\/index.php\/wp-json\/wp\/v2\/types\/post"}],"author":[{"embeddable":true,"href":"https:\/\/epochtimestr.com\/index.php\/wp-json\/wp\/v2\/users\/22"}],"replies":[{"embeddable":true,"href":"https:\/\/epochtimestr.com\/index.php\/wp-json\/wp\/v2\/comments?post=147352"}],"version-history":[{"count":4,"href":"https:\/\/epochtimestr.com\/index.php\/wp-json\/wp\/v2\/posts\/147352\/revisions"}],"predecessor-version":[{"id":156669,"href":"https:\/\/epochtimestr.com\/index.php\/wp-json\/wp\/v2\/posts\/147352\/revisions\/156669"}],"wp:featuredmedia":[{"embeddable":true,"href":"https:\/\/epochtimestr.com\/index.php\/wp-json\/wp\/v2\/media\/147353"}],"wp:attachment":[{"href":"https:\/\/epochtimestr.com\/index.php\/wp-json\/wp\/v2\/media?parent=147352"}],"wp:term":[{"taxonomy":"category","embeddable":true,"href":"https:\/\/epochtimestr.com\/index.php\/wp-json\/wp\/v2\/categories?post=147352"},{"taxonomy":"post_tag","embeddable":true,"href":"https:\/\/epochtimestr.com\/index.php\/wp-json\/wp\/v2\/tags?post=147352"}],"curies":[{"name":"wp","href":"https:\/\/api.w.org\/{rel}","templated":true}]}}