{"id":147557,"date":"2023-10-01T23:14:11","date_gmt":"2023-10-01T20:14:11","guid":{"rendered":"https:\/\/epochtimestr.com\/?p=147557"},"modified":"2024-03-04T12:36:07","modified_gmt":"2024-03-04T09:36:07","slug":"hakan-ali-tokerin-turk-milletine-ithaf-ettigi-100-yil-marsinin-kaydi-ankarada-gerceklesti","status":"publish","type":"post","link":"https:\/\/epochtimestr.com\/index.php\/hakan-ali-tokerin-turk-milletine-ithaf-ettigi-100-yil-marsinin-kaydi-ankarada-gerceklesti","title":{"rendered":"Hakan Ali Toker&#8217;in T\u00fcrk Milletine \u0130thaf Etti\u011fi 100. Y\u0131l Mar\u015f\u0131&#8217;n\u0131n Video \u00c7ekimi Ankara&#8217;da Ger\u00e7ekle\u015fti"},"content":{"rendered":"<div class=\"wp-block-image\">\n<figure class=\"aligncenter size-large\"><img loading=\"lazy\" decoding=\"async\" width=\"2095\" height=\"1178\" src=\"https:\/\/epochtimestr.com\/wp-content\/uploads\/2011y\/100.YIL_-2095x1178.jpg\" alt=\"\" class=\"wp-image-147580\" srcset=\"https:\/\/epochtimestr.com\/wp-content\/uploads\/2011y\/100.YIL_-2095x1178.jpg 2095w, https:\/\/epochtimestr.com\/wp-content\/uploads\/2011y\/100.YIL_-300x169.jpg 300w, https:\/\/epochtimestr.com\/wp-content\/uploads\/2011y\/100.YIL_-150x84.jpg 150w, https:\/\/epochtimestr.com\/wp-content\/uploads\/2011y\/100.YIL_-768x432.jpg 768w, https:\/\/epochtimestr.com\/wp-content\/uploads\/2011y\/100.YIL_-1536x864.jpg 1536w, https:\/\/epochtimestr.com\/wp-content\/uploads\/2011y\/100.YIL_-2048x1152.jpg 2048w\" sizes=\"(max-width: 2095px) 100vw, 2095px\" \/><figcaption class=\"wp-element-caption\">Foto\u011fraf: Berat Somuncuo\u011flu<\/figcaption><\/figure><\/div>\n\n\n<h2 class=\"wp-block-heading\">\u00dcnl\u00fc piyanist Hakan Ali Toker&#8217;in besteledi\u011fi ve Cumhuriyet&#8217;in 100. y\u0131l\u0131na ithaf etti\u011fi 100. Y\u0131l Mar\u015f\u0131&#8217;n\u0131n video \u00e7ekimi, iki g\u00fcnl\u00fck yo\u011fun provalar\u0131n ard\u0131ndan bu haftasonu sona erdi.<\/h2>\n\n\n\n<p>Uluslararas\u0131 \u00e7apta konserler veren piyanist ve besteci Hakan Ali Toker, T\u00fcrk Milleti&#8217;ne arma\u011fan etmek \u00fczere Cumhuriyet&#8217;in 100. y\u0131l\u0131nda co\u015fkulu bir mar\u015f besteledi. <\/p>\n\n\n\n<p>Yakla\u015f\u0131k 140 ki\u015filik m\u00fczisyen ekibi taraf\u0131ndan icra edilen mar\u015f\u0131n kayd\u0131, Hacettepe \u00dcniversitesi Ankara Devlet Konservatuvar\u0131&#8217;nda ger\u00e7ekle\u015fti. <\/p>\n\n\n\n<p>T\u00fcrkiye&#8217;nin Zonguldak, Hatay, Yozgat, Samsun, \u0130zmir, \u0130stanbul gibi pek \u00e7ok \u015fehrinden gelen m\u00fczisyenler, Hakan Ali Toker&#8217;in sosyal medya hesaplar\u0131ndan duyurusu sayesinde projeye kat\u0131ld\u0131. <\/p>\n\n\n\n<p>Orkestra \u015fefli\u011fini, mar\u015f\u0131n bestecisi Hakan Ali Toker, \u00c7. Esin Ak\u0131ll\u0131&#8217;n\u0131n deste\u011fiyle \u00fcstlenirken, koro \u015fefli\u011fini \u00c7i\u011fdem Aytepe ald\u0131. <\/p>\n\n\n\n<p>Tamamen g\u00f6n\u00fcll\u00fc olarak gelen kalabal\u0131k taraf\u0131ndan icra edilen mar\u015f\u0131n provalar\u0131nda, sab\u0131r ve \u00f6zveri ile \u00e7al\u0131\u015f\u0131ld\u0131.<\/p>\n\n\n\n<p>\u00d6\u011fleye do\u011fru 11&#8217;de Devlet Konservatuvar\u0131&#8217;nda bulunan koro ve orkestra, yo\u011fun \u00e7al\u0131\u015fma program\u0131n\u0131n ard\u0131ndan 17.00&#8217;de \u00e7al\u0131\u015fmalar\u0131 bitirdi.<\/p>\n\n\n\n<h3 class=\"wp-block-heading\">&#8220;\u0130nan\u0131yorum ki Ba\u015fard\u0131m&#8221;<\/h3>\n\n\n<div class=\"wp-block-image\">\n<figure class=\"aligncenter size-large\"><img loading=\"lazy\" decoding=\"async\" width=\"1800\" height=\"1200\" src=\"https:\/\/epochtimestr.com\/wp-content\/uploads\/2011y\/Hakan-Ali-Toker-100.Yil-Poyraz-1800x1200.jpg\" alt=\"\" class=\"wp-image-147582\" srcset=\"https:\/\/epochtimestr.com\/wp-content\/uploads\/2011y\/Hakan-Ali-Toker-100.Yil-Poyraz-1800x1200.jpg 1800w, https:\/\/epochtimestr.com\/wp-content\/uploads\/2011y\/Hakan-Ali-Toker-100.Yil-Poyraz-300x200.jpg 300w, https:\/\/epochtimestr.com\/wp-content\/uploads\/2011y\/Hakan-Ali-Toker-100.Yil-Poyraz-150x100.jpg 150w, https:\/\/epochtimestr.com\/wp-content\/uploads\/2011y\/Hakan-Ali-Toker-100.Yil-Poyraz-768x512.jpg 768w, https:\/\/epochtimestr.com\/wp-content\/uploads\/2011y\/Hakan-Ali-Toker-100.Yil-Poyraz-1536x1024.jpg 1536w, https:\/\/epochtimestr.com\/wp-content\/uploads\/2011y\/Hakan-Ali-Toker-100.Yil-Poyraz-2048x1365.jpg 2048w\" sizes=\"(max-width: 1800px) 100vw, 1800px\" \/><figcaption class=\"wp-element-caption\">Foto\u011fraf: Berat Somuncuo\u011flu<\/figcaption><\/figure><\/div>\n\n\n<p>Epoch Times&#8217;a konu\u015fan Hakan A. Toker, &#8220;Bu y\u0131l pek \u00e7ok sanat\u00e7\u0131 100. Y\u0131l Mar\u015f\u0131 ad\u0131nda eserler ortaya koydu, siz neden mar\u015f yazma gere\u011fi duydunuz, sizin mar\u015f\u0131n\u0131z\u0131n di\u011ferlerinden bir fark\u0131 var m\u0131?&#8221; sorusuna yan\u0131t\u0131 \u015fu \u015fekilde oldu;<\/p>\n\n\n\n<p>&#8220;Bu y\u0131l yaz\u0131lm\u0131\u015f olan 100. Y\u0131l temal\u0131 eserlerin bir k\u0131sm\u0131n\u0131 dinledim. S\u00fcrekli yenileri yarat\u0131l\u0131yor; yaratan herkesin g\u00f6nl\u00fcne, eline sa\u011fl\u0131k. Ancak en az bir tane T\u00fcrk ulusunun duygular\u0131na terc\u00fcman olan, T\u00fcrkiye&#8217;nin bug\u00fcnk\u00fc ko\u015fullar\u0131n\u0131 g\u00f6zard\u0131 etmeyen ama karamsar da olmayan, umut veren ve mar\u015f niteli\u011finde (\u015fark\u0131, t\u00fcrk\u00fc de\u011fil mar\u015f niteli\u011finde) bir esere ihtiya\u00e7 oldu\u011funu g\u00f6rd\u00fcm. B\u00f6yle bir eser g\u00f6remedim. 100. Y\u0131l Mar\u015f\u0131 ad\u0131 alt\u0131nda 100. Y\u0131l \u015fark\u0131lar\u0131 yaz\u0131lm\u0131\u015f. Mar\u015f niteli\u011finde olanlar\u0131n da i\u00e7lerinde kalitesi i\u00e7ime sinen bir tane bulamad\u0131m. Asl\u0131nda benim 100. Y\u0131l Mar\u015f\u0131 yazmaya niyetim yoktu. Ama bu t\u00fcr eserler \u00e7o\u011fald\u0131k\u00e7a ve baz\u0131lar\u0131 yayg\u0131n ele\u015ftirilere maruz kald\u0131k\u00e7a dayanamad\u0131m. Ger\u00e7ekten bir eksik oldu\u011funu d\u00fc\u015f\u00fcnd\u00fcm ve s\u00f6yledi\u011fim niteliklerde bir mar\u015f yazd\u0131m. \u0130nan\u0131yorum ki ba\u015fard\u0131m.&#8221;<\/p>\n\n\n\n<h3 class=\"wp-block-heading\">&#8220;G\u00f6sterdi\u011fim y\u00f6n Atat\u00fcrk&#8217;\u00fcn g\u00f6sterdi\u011fi y\u00f6nden ba\u015fka bir \u015fey de\u011fil&#8221;<\/h3>\n\n\n<div class=\"wp-block-image\">\n<figure class=\"aligncenter size-large\"><img loading=\"lazy\" decoding=\"async\" width=\"1800\" height=\"1200\" src=\"https:\/\/epochtimestr.com\/wp-content\/uploads\/2011y\/Hakan-Ali-Toker-1-1800x1200.jpg\" alt=\"\" class=\"wp-image-147700\" srcset=\"https:\/\/epochtimestr.com\/wp-content\/uploads\/2011y\/Hakan-Ali-Toker-1-1800x1200.jpg 1800w, https:\/\/epochtimestr.com\/wp-content\/uploads\/2011y\/Hakan-Ali-Toker-1-300x200.jpg 300w, https:\/\/epochtimestr.com\/wp-content\/uploads\/2011y\/Hakan-Ali-Toker-1-150x100.jpg 150w, https:\/\/epochtimestr.com\/wp-content\/uploads\/2011y\/Hakan-Ali-Toker-1-768x512.jpg 768w, https:\/\/epochtimestr.com\/wp-content\/uploads\/2011y\/Hakan-Ali-Toker-1-1536x1024.jpg 1536w, https:\/\/epochtimestr.com\/wp-content\/uploads\/2011y\/Hakan-Ali-Toker-1-2048x1365.jpg 2048w\" sizes=\"(max-width: 1800px) 100vw, 1800px\" \/><figcaption class=\"wp-element-caption\">Foto\u011fraf: Berat Somuncuo\u011flu<\/figcaption><\/figure><\/div>\n\n\n<p>Toker konu\u015fmas\u0131na \u015fu \u015fekilde devam etti:<\/p>\n\n\n\n<p>\u201cY\u00fcz y\u0131ld\u0131r T\u00fcrkiye\u2019nin ya\u015fad\u0131\u011f\u0131 s\u0131k\u0131nt\u0131lar\u0131 ve bizi hep bekleyecek olan tehlikeleri dile getiren; ancak bunlar\u0131 karamsar de\u011fil, umutlu bir pencereden ele alan; daha iyi bir T\u00fcrkiye i\u00e7in ne yap\u0131lmas\u0131 gerekti\u011fine dair y\u00f6n g\u00f6steren s\u00f6zler yazd\u0131m. G\u00f6sterdi\u011fim y\u00f6n Atat\u00fcrk\u2019\u00fcn g\u00f6sterdi\u011fi y\u00f6nden ba\u015fka bir \u015fey de\u011fil.<\/p>\n\n\n\n<p>Bu eserin video kayd\u0131n\u0131n hayata ge\u00e7irili\u015f bi\u00e7iminin \u00f6zel bir taraf\u0131 var. Bu kay\u0131t i\u00e7in T\u00fcrkiye\u2019nin d\u00f6rt bir yan\u0131ndan 140 kadar m\u00fczisyen g\u00f6n\u00fcll\u00fc olarak bir araya geldi. Ankara B\u00fcy\u00fck\u015fehir Belediyesi ve Sevda Cenap And Vakf\u0131\u2019n\u0131n ayni destekleri ve onlarca yurtsever, Atat\u00fcrk\u00e7\u00fc vatanda\u015f\u0131m\u0131z\u0131n katk\u0131lar\u0131yla bu m\u00fczisyenlerin ula\u015f\u0131m ve konaklama masraflar\u0131 kar\u015f\u0131land\u0131. M\u00fczisyenlerin \u00e7o\u011fu Ankaral\u0131 Atat\u00fcrk\u00e7\u00fclerin evlerinde misafir edildi. Kimse bir \u00fccret almad\u0131.&#8221;<\/p>\n\n\n\n<p>Toker, \u201cG\u00f6n\u00fcll\u00fcl\u00fck esas\u0131na dayanmas\u0131n\u0131 \u00f6zellikle istedim; b\u00f6ylelikle projede yer alan herkesin Atat\u00fcrk\u00e7\u00fc olmas\u0131n\u0131 garantiye alm\u0131\u015f oldum. B\u00fct\u00fcn koro ve orkestra \u00fcyeleri, b\u00fct\u00fcn teknik ekip, projeye ayni veya maddi sponsorluk yapan her birey ve kurulu\u015f, Atat\u00fcrk ilke ve devrimlerine ba\u011fl\u0131, laik Cumhuriyet taraftar\u0131ndan olu\u015fuyor. Bu sayede bu mar\u015f\u0131 herkes ortak duygularla icra etmi\u015f oldu.\u201d \u015feklinde konu\u015ftu.<\/p>\n\n\n\n<p>Eserin video kayd\u0131, ekim ay\u0131nda Hakan Ali Toker Youtube kanal\u0131ndan yay\u0131nlanacak: https:\/\/youtube.com\/@HakanAToker\/<\/p>\n\n\n\n<p>Eserin notalar\u0131 ve piyano e\u015fli\u011finin kayd\u0131; mar\u015f\u0131 \u00f6\u011frencilerine \u00f6\u011fretmek, t\u00f6renlerde s\u00f6yletmek isteyecek t\u00fcm m\u00fczik \u00f6\u011fretmenlerinin ve t\u00fcm T\u00fcrk halk\u0131n\u0131n kullan\u0131m\u0131na, bestecinin internet sitesinden kar\u015f\u0131l\u0131ks\u0131z olarak sunulmu\u015f durumda: http:\/\/hakanalitoker.com\/marslar.html<\/p>\n\n\n<div class=\"wp-block-image\">\n<figure class=\"aligncenter size-large\"><img loading=\"lazy\" decoding=\"async\" width=\"1600\" height=\"1200\" src=\"https:\/\/epochtimestr.com\/wp-content\/uploads\/2011y\/20231001_124243-1600x1200.jpg\" alt=\"\" class=\"wp-image-147585\" srcset=\"https:\/\/epochtimestr.com\/wp-content\/uploads\/2011y\/20231001_124243-1600x1200.jpg 1600w, https:\/\/epochtimestr.com\/wp-content\/uploads\/2011y\/20231001_124243-300x225.jpg 300w, https:\/\/epochtimestr.com\/wp-content\/uploads\/2011y\/20231001_124243-150x113.jpg 150w, https:\/\/epochtimestr.com\/wp-content\/uploads\/2011y\/20231001_124243-768x576.jpg 768w, https:\/\/epochtimestr.com\/wp-content\/uploads\/2011y\/20231001_124243-1536x1152.jpg 1536w, https:\/\/epochtimestr.com\/wp-content\/uploads\/2011y\/20231001_124243-2048x1536.jpg 2048w, https:\/\/epochtimestr.com\/wp-content\/uploads\/2011y\/20231001_124243-86x64.jpg 86w\" sizes=\"(max-width: 1600px) 100vw, 1600px\" \/><figcaption class=\"wp-element-caption\">Foto\u011fraf: Epoch Times TR<\/figcaption><\/figure><\/div>\n\n\n<h3 class=\"wp-block-heading\">&#8220;Cesaret istiyor&#8221;<\/h3>\n\n\n\n<p>Projede koro \u015fefli\u011fini \u00fcstlenen \u00c7i\u011fdem Aytepe, koronun haz\u0131rlanmas\u0131 ve organize edilmesi s\u00fcrecinde g\u00f6rev ald\u0131. Aytepe \u00e7al\u0131\u015fmalarda nas\u0131l bir s\u00fcre\u00e7 ger\u00e7ekle\u015fti\u011fini ve b\u00f6yle bir projede yer alman\u0131n onda neler hissettirdi\u011fini Epoch Times&#8217;a \u015fu \u015fekilde anlatt\u0131:<\/p>\n\n\n\n<p>&#8220;100. Y\u0131l Mar\u015flar\u0131 hepimiz i\u00e7in \u00f6nem ta\u015f\u0131yordu elbette. Fakat 100. Y\u0131l i\u00e7in mar\u015f yapaca\u011f\u0131z diye pek \u00e7ok besteci bu i\u015fin belki de \u00f6neminden ve \u00f6z\u00fcnden uzakla\u015ft\u0131. \u00c7ok az i\u015f ger\u00e7ekten y\u00fcre\u011fimize su serpecek, bizleri mutlu edecek d\u00fczeydeydi. Bunlar\u0131n en ba\u015f\u0131nda gelen mar\u015flardan biri de bence Hakan Ali Toker&#8217;in mar\u015f\u0131. Eseri g\u00f6rd\u00fc\u011f\u00fcmde \u00e7ok mutlu oldum, di\u011fer mar\u015flara g\u00f6re eserin s\u00f6zleri bamba\u015fka \u015feyler ifade ediyor. \u00c7\u00fcnk\u00fc T\u00fcrk halk\u0131n\u0131n d\u00fc\u015f\u00fcncelerini yans\u0131tmak \u00e7ok \u00f6nemli. Y\u00fcz koca y\u0131l ge\u00e7ti ve y\u00fcz koca y\u0131lda neler ya\u015fad\u0131k hepimiz. B\u00fct\u00fcn bunlar\u0131 ifade eden bir \u015fark\u0131, bir mar\u015f olmas\u0131 bence en \u00f6nemli \u015fey. \u0130\u015fte bu, bu projeye kat\u0131lan ki\u015fileri bir araya getirdi, g\u00fc\u00e7lendirdi. <\/p>\n\n\n\n<p>Ayn\u0131 zamanda bu s\u00f6zleri yazmak b\u00fcy\u00fck bir cesaret istiyor. A\u00e7\u0131k bir \u015fekilde mar\u015fta diyorki &#8220;100 y\u0131l boyunca y\u0131k\u0131lmak istendi.&#8221; Y\u00fcz y\u0131l \u00f6nce de y\u0131k\u0131lmak isteniyordu, \u015fimdi de isteniyor, b\u00fct\u00fcn bu s\u00fcre\u00e7te de istendi ve bundan sonra istenecek. Burada Anadolu halk\u0131n\u0131n, bu topraklarda ya\u015fayan insanlar\u0131n, T\u00fcrkiye topraklar\u0131nda birle\u015fen ki\u015filerin ne dedi\u011fi, ne \u015fekilde bir araya geldi\u011fi \u00e7ok \u00f6nemli. Bunu s\u00f6yleyen az ki\u015fi var ve Hakan Ali Toker bunu s\u00f6ylemi\u015f ve birlikte s\u00f6yletiyor herkese. Bu ger\u00e7ekten cesaret isteyen bir \u015fey. Ger\u00e7ek \u00e7\u00fcnk\u00fc. &#8220;<\/p>\n\n\n<div class=\"wp-block-image\">\n<figure class=\"aligncenter size-large\"><img loading=\"lazy\" decoding=\"async\" width=\"1600\" height=\"1200\" src=\"https:\/\/epochtimestr.com\/wp-content\/uploads\/2011y\/Esin-Akilli-100.YIL-Onur-Senel-1600x1200.jpg\" alt=\"\" class=\"wp-image-147581\" srcset=\"https:\/\/epochtimestr.com\/wp-content\/uploads\/2011y\/Esin-Akilli-100.YIL-Onur-Senel-1600x1200.jpg 1600w, https:\/\/epochtimestr.com\/wp-content\/uploads\/2011y\/Esin-Akilli-100.YIL-Onur-Senel-300x225.jpg 300w, https:\/\/epochtimestr.com\/wp-content\/uploads\/2011y\/Esin-Akilli-100.YIL-Onur-Senel-150x113.jpg 150w, https:\/\/epochtimestr.com\/wp-content\/uploads\/2011y\/Esin-Akilli-100.YIL-Onur-Senel-768x576.jpg 768w, https:\/\/epochtimestr.com\/wp-content\/uploads\/2011y\/Esin-Akilli-100.YIL-Onur-Senel-1536x1152.jpg 1536w, https:\/\/epochtimestr.com\/wp-content\/uploads\/2011y\/Esin-Akilli-100.YIL-Onur-Senel-2048x1536.jpg 2048w, https:\/\/epochtimestr.com\/wp-content\/uploads\/2011y\/Esin-Akilli-100.YIL-Onur-Senel-86x64.jpg 86w\" sizes=\"(max-width: 1600px) 100vw, 1600px\" \/><figcaption class=\"wp-element-caption\">Foto\u011fraf: Epoch Times TR<\/figcaption><\/figure><\/div>\n\n\n<h3 class=\"wp-block-heading\">&#8220;Birbirimizi dinledi\u011fimiz s\u00fcrece her \u015fey yoluna girdi&#8221;<\/h3>\n\n\n\n<p>Projede koordinat\u00f6r ve orkestra \u015fefi yard\u0131mc\u0131s\u0131 olan \u00c7\u0131nar Esin Ak\u0131ll\u0131, Epoch Times&#8217;a \u015fu \u015fekilde konu\u015ftu:<\/p>\n\n\n\n<p>&#8220;Buradaki g\u00f6revim, kayda ge\u00e7meden \u00f6nce orkestray\u0131 \u00e7al\u0131\u015ft\u0131r\u0131p, hem koronun dengesi hem de orkestran\u0131n dengesini ard\u0131ndan da birbirinin aras\u0131ndaki uyumu sa\u011flamakt\u0131r. \u0130lk g\u00fcn de\u015fifre yapt\u0131k sonras\u0131nda koro ile birle\u015ftik. T\u00fcrkiye&#8217;nin her bir yan\u0131ndan \u0130zmir, Hatay, Antalya, \u0130stanbul gibi pek \u00e7ok \u015fehirlerden gelen m\u00fczisyenler tek bir ama\u00e7 i\u00e7in geldi. Bir 100. Y\u0131l Mar\u015f\u0131. Bu milli m\u00fccadele ruhunu sesimizle, notalar\u0131m\u0131zla bu insanlara duyurmak i\u00e7in geldik. Bunun i\u00e7in \u0130stanbul&#8217;dan kalk\u0131p buraya geldim. \u0130yi ki geldim ve \u00e7ok g\u00fczel insanlarla tan\u0131\u015ft\u0131m. <\/p>\n\n\n\n<p>Daha da g\u00fczeli, sabit bir orkestra ile \u00e7al\u0131\u015ft\u0131\u011f\u0131mda az \u00e7ok ekol\u00fcn\u00fc bilirim. \u00d6rne\u011fin CSO, Bilkent Senfoni, \u00f6rne\u011fin Borusan Filarmoni&#8230; Ancak burada her \u015fehirden ayr\u0131 ayr\u0131 m\u00fczisyenler var.  Tamamen bu i\u015fe g\u00f6nl\u00fcn\u00fc vermi\u015f  fakat farkl\u0131 m\u00fczisyenler. Nas\u0131l \u00e7ald\u0131klar\u0131n\u0131 bilmedi\u011fimiz toplama bir orkestra ile tabi ki i\u015f ve uyum biraz daha zor oluyor. Ancak birbirimizi dinledi\u011fimiz s\u00fcrece her \u015fey yoluna girdi. O y\u00fczden mutluyum. B\u00f6yle bir projede yer ald\u0131\u011f\u0131m i\u00e7in, hem orkestra da yer al\u0131p hem de Hakan Ali Toker&#8217;e teslim etti\u011fim i\u00e7in ger\u00e7ekten \u00e7ok mutluyum. Umar\u0131m \u00e7ok iyi bir \u015fekilde yank\u0131lan\u0131r ve herkes bu mar\u015f\u0131 \u00f6\u011frenir. \u00c7\u00fcnk\u00fc bizim bunlara \u00e7ok ihtiyac\u0131m\u0131z var.&#8221; <\/p>\n\n\n\n<p><\/p>\n\n\n\n<p><\/p>\n\n\n\n<p><\/p>\n\n\n\n<p><\/p>\n\n\n\n<p><\/p>\n","protected":false},"excerpt":{"rendered":"<p>\u00dcnl\u00fc piyanist Hakan Ali Toker&#8217;in besteledi\u011fi ve Cumhuriyet&#8217;in 100. y\u0131l\u0131na ithaf etti\u011fi 100. Y\u0131l Mar\u015f\u0131&#8217;n\u0131n video \u00e7ekimi, iki g\u00fcnl\u00fck yo\u011fun provalar\u0131n ard\u0131ndan bu haftasonu sona erdi. Uluslararas\u0131 \u00e7apta konserler veren piyanist ve besteci Hakan Ali Toker, T\u00fcrk Milleti&#8217;ne arma\u011fan etmek \u00fczere Cumhuriyet&#8217;in 100. y\u0131l\u0131nda co\u015fkulu bir mar\u015f besteledi. Yakla\u015f\u0131k 140 ki\u015filik m\u00fczisyen ekibi taraf\u0131ndan icra [&hellip;]<\/p>\n","protected":false},"author":13978,"featured_media":147580,"comment_status":"closed","ping_status":"open","sticky":false,"template":"","format":"standard","meta":{"_yoast_wpseo_focuskw":"","_yoast_wpseo_title":"","_yoast_wpseo_metadesc":"","_bbp_topic_count":0,"_bbp_reply_count":0,"_bbp_total_topic_count":0,"_bbp_total_reply_count":0,"_bbp_voice_count":0,"_bbp_anonymous_reply_count":0,"_bbp_topic_count_hidden":0,"_bbp_reply_count_hidden":0,"_bbp_forum_subforum_count":0,"footnotes":"","_yoast_wpseo_focuskw_text_input":""},"categories":[519,1,8138,6918,16],"tags":[],"yoast_head":"<!-- This site is optimized with the Yoast SEO plugin v23.0 - https:\/\/yoast.com\/wordpress\/plugins\/seo\/ -->\n<title>Hakan Ali Toker&#039;in T\u00fcrk Milletine \u0130thaf Etti\u011fi 100. Y\u0131l Mar\u015f\u0131&#039;n\u0131n Video \u00c7ekimi Ankara&#039;da Ger\u00e7ekle\u015fti - The Epoch Times TR<\/title>\n<meta name=\"robots\" content=\"index, follow, max-snippet:-1, max-image-preview:large, max-video-preview:-1\" \/>\n<link rel=\"canonical\" href=\"https:\/\/epochtimestr.com\/index.php\/hakan-ali-tokerin-turk-milletine-ithaf-ettigi-100-yil-marsinin-kaydi-ankarada-gerceklesti\" \/>\n<meta property=\"og:locale\" content=\"tr_TR\" \/>\n<meta property=\"og:type\" content=\"article\" \/>\n<meta property=\"og:title\" content=\"Hakan Ali Toker&#039;in T\u00fcrk Milletine \u0130thaf Etti\u011fi 100. Y\u0131l Mar\u015f\u0131&#039;n\u0131n Video \u00c7ekimi Ankara&#039;da Ger\u00e7ekle\u015fti - The Epoch Times TR\" \/>\n<meta property=\"og:description\" content=\"\u00dcnl\u00fc piyanist Hakan Ali Toker&#8217;in besteledi\u011fi ve Cumhuriyet&#8217;in 100. y\u0131l\u0131na ithaf etti\u011fi 100. Y\u0131l Mar\u015f\u0131&#8217;n\u0131n video \u00e7ekimi, iki g\u00fcnl\u00fck yo\u011fun provalar\u0131n ard\u0131ndan bu haftasonu sona erdi. Uluslararas\u0131 \u00e7apta konserler veren piyanist ve besteci Hakan Ali Toker, T\u00fcrk Milleti&#8217;ne arma\u011fan etmek \u00fczere Cumhuriyet&#8217;in 100. y\u0131l\u0131nda co\u015fkulu bir mar\u015f besteledi. Yakla\u015f\u0131k 140 ki\u015filik m\u00fczisyen ekibi taraf\u0131ndan icra [&hellip;]\" \/>\n<meta property=\"og:url\" content=\"https:\/\/epochtimestr.com\/index.php\/hakan-ali-tokerin-turk-milletine-ithaf-ettigi-100-yil-marsinin-kaydi-ankarada-gerceklesti\" \/>\n<meta property=\"og:site_name\" content=\"The Epoch Times TR\" \/>\n<meta property=\"article:publisher\" content=\"https:\/\/www.facebook.com\/theepochtimestr\" \/>\n<meta property=\"article:published_time\" content=\"2023-10-01T20:14:11+00:00\" \/>\n<meta property=\"article:modified_time\" content=\"2024-03-04T09:36:07+00:00\" \/>\n<meta property=\"og:image\" content=\"https:\/\/epochtimestr.com\/wp-content\/uploads\/2011y\/100.YIL_-scaled.jpg\" \/>\n\t<meta property=\"og:image:width\" content=\"2560\" \/>\n\t<meta property=\"og:image:height\" content=\"1440\" \/>\n\t<meta property=\"og:image:type\" content=\"image\/jpeg\" \/>\n<meta name=\"author\" content=\"\u015eenda\u011f G\u00f6k\u00e7e\" \/>\n<meta name=\"twitter:card\" content=\"summary_large_image\" \/>\n<meta name=\"twitter:creator\" content=\"@TheEpochTimesTR\" \/>\n<meta name=\"twitter:site\" content=\"@TheEpochTimesTR\" \/>\n<meta name=\"twitter:label1\" content=\"Yazan:\" \/>\n\t<meta name=\"twitter:data1\" content=\"\u015eenda\u011f G\u00f6k\u00e7e\" \/>\n\t<meta name=\"twitter:label2\" content=\"Tahmini okuma s\u00fcresi\" \/>\n\t<meta name=\"twitter:data2\" content=\"7 dakika\" \/>\n<script type=\"application\/ld+json\" class=\"yoast-schema-graph\">{\"@context\":\"https:\/\/schema.org\",\"@graph\":[{\"@type\":\"Article\",\"@id\":\"https:\/\/epochtimestr.com\/index.php\/hakan-ali-tokerin-turk-milletine-ithaf-ettigi-100-yil-marsinin-kaydi-ankarada-gerceklesti#article\",\"isPartOf\":{\"@id\":\"https:\/\/epochtimestr.com\/index.php\/hakan-ali-tokerin-turk-milletine-ithaf-ettigi-100-yil-marsinin-kaydi-ankarada-gerceklesti\"},\"author\":{\"name\":\"\u015eenda\u011f G\u00f6k\u00e7e\",\"@id\":\"https:\/\/epochtimestr.com\/#\/schema\/person\/615caffe8877b02d1eed3f4261d81fda\"},\"headline\":\"Hakan Ali Toker&#8217;in T\u00fcrk Milletine \u0130thaf Etti\u011fi 100. Y\u0131l Mar\u015f\u0131&#8217;n\u0131n Video \u00c7ekimi Ankara&#8217;da Ger\u00e7ekle\u015fti\",\"datePublished\":\"2023-10-01T20:14:11+00:00\",\"dateModified\":\"2024-03-04T09:36:07+00:00\",\"mainEntityOfPage\":{\"@id\":\"https:\/\/epochtimestr.com\/index.php\/hakan-ali-tokerin-turk-milletine-ithaf-ettigi-100-yil-marsinin-kaydi-ankarada-gerceklesti\"},\"wordCount\":1342,\"publisher\":{\"@id\":\"https:\/\/epochtimestr.com\/#organization\"},\"image\":{\"@id\":\"https:\/\/epochtimestr.com\/index.php\/hakan-ali-tokerin-turk-milletine-ithaf-ettigi-100-yil-marsinin-kaydi-ankarada-gerceklesti#primaryimage\"},\"thumbnailUrl\":\"https:\/\/epochtimestr.com\/wp-content\/uploads\/2011y\/100.YIL_-scaled.jpg\",\"articleSection\":[\"ED\u0130T\u00d6R\u00dcN SE\u00c7\u0130M\u0130\",\"G\u00dcNDEM\",\"MAN\u015eET\",\"M\u00fczik\",\"SANAT ve K\u00dcLT\u00dcR\"],\"inLanguage\":\"tr\"},{\"@type\":\"WebPage\",\"@id\":\"https:\/\/epochtimestr.com\/index.php\/hakan-ali-tokerin-turk-milletine-ithaf-ettigi-100-yil-marsinin-kaydi-ankarada-gerceklesti\",\"url\":\"https:\/\/epochtimestr.com\/index.php\/hakan-ali-tokerin-turk-milletine-ithaf-ettigi-100-yil-marsinin-kaydi-ankarada-gerceklesti\",\"name\":\"Hakan Ali Toker'in T\u00fcrk Milletine \u0130thaf Etti\u011fi 100. Y\u0131l Mar\u015f\u0131'n\u0131n Video \u00c7ekimi Ankara'da Ger\u00e7ekle\u015fti - The Epoch Times TR\",\"isPartOf\":{\"@id\":\"https:\/\/epochtimestr.com\/#website\"},\"primaryImageOfPage\":{\"@id\":\"https:\/\/epochtimestr.com\/index.php\/hakan-ali-tokerin-turk-milletine-ithaf-ettigi-100-yil-marsinin-kaydi-ankarada-gerceklesti#primaryimage\"},\"image\":{\"@id\":\"https:\/\/epochtimestr.com\/index.php\/hakan-ali-tokerin-turk-milletine-ithaf-ettigi-100-yil-marsinin-kaydi-ankarada-gerceklesti#primaryimage\"},\"thumbnailUrl\":\"https:\/\/epochtimestr.com\/wp-content\/uploads\/2011y\/100.YIL_-scaled.jpg\",\"datePublished\":\"2023-10-01T20:14:11+00:00\",\"dateModified\":\"2024-03-04T09:36:07+00:00\",\"inLanguage\":\"tr\",\"potentialAction\":[{\"@type\":\"ReadAction\",\"target\":[\"https:\/\/epochtimestr.com\/index.php\/hakan-ali-tokerin-turk-milletine-ithaf-ettigi-100-yil-marsinin-kaydi-ankarada-gerceklesti\"]}]},{\"@type\":\"ImageObject\",\"inLanguage\":\"tr\",\"@id\":\"https:\/\/epochtimestr.com\/index.php\/hakan-ali-tokerin-turk-milletine-ithaf-ettigi-100-yil-marsinin-kaydi-ankarada-gerceklesti#primaryimage\",\"url\":\"https:\/\/epochtimestr.com\/wp-content\/uploads\/2011y\/100.YIL_-scaled.jpg\",\"contentUrl\":\"https:\/\/epochtimestr.com\/wp-content\/uploads\/2011y\/100.YIL_-scaled.jpg\",\"width\":2560,\"height\":1440},{\"@type\":\"WebSite\",\"@id\":\"https:\/\/epochtimestr.com\/#website\",\"url\":\"https:\/\/epochtimestr.com\/\",\"name\":\"The Epoch Times TR\",\"description\":\"De\u011fi\u015fen D\u00fcnyam\u0131za Taze Bir Bak\u0131\u015f\",\"publisher\":{\"@id\":\"https:\/\/epochtimestr.com\/#organization\"},\"potentialAction\":[{\"@type\":\"SearchAction\",\"target\":{\"@type\":\"EntryPoint\",\"urlTemplate\":\"https:\/\/epochtimestr.com\/?s={search_term_string}\"},\"query-input\":\"required name=search_term_string\"}],\"inLanguage\":\"tr\"},{\"@type\":\"Organization\",\"@id\":\"https:\/\/epochtimestr.com\/#organization\",\"name\":\"The EpochTimes T\u00fcrkiye\",\"url\":\"https:\/\/epochtimestr.com\/\",\"logo\":{\"@type\":\"ImageObject\",\"inLanguage\":\"tr\",\"@id\":\"https:\/\/epochtimestr.com\/#\/schema\/logo\/image\/\",\"url\":\"https:\/\/epochtimestr.com\/wp-content\/uploads\/2011y\/ET-Logo-YG.jpg\",\"contentUrl\":\"https:\/\/epochtimestr.com\/wp-content\/uploads\/2011y\/ET-Logo-YG.jpg\",\"width\":346,\"height\":29,\"caption\":\"The EpochTimes T\u00fcrkiye\"},\"image\":{\"@id\":\"https:\/\/epochtimestr.com\/#\/schema\/logo\/image\/\"},\"sameAs\":[\"https:\/\/www.facebook.com\/theepochtimestr\",\"https:\/\/x.com\/TheEpochTimesTR\",\"https:\/\/www.instagram.com\/epochtimestr\"]},{\"@type\":\"Person\",\"@id\":\"https:\/\/epochtimestr.com\/#\/schema\/person\/615caffe8877b02d1eed3f4261d81fda\",\"name\":\"\u015eenda\u011f G\u00f6k\u00e7e\",\"image\":{\"@type\":\"ImageObject\",\"inLanguage\":\"tr\",\"@id\":\"https:\/\/epochtimestr.com\/#\/schema\/person\/image\/\",\"url\":\"https:\/\/secure.gravatar.com\/avatar\/e9705bc5cda90ce98053c0d95045fd31?s=96&d=mm&r=g\",\"contentUrl\":\"https:\/\/secure.gravatar.com\/avatar\/e9705bc5cda90ce98053c0d95045fd31?s=96&d=mm&r=g\",\"caption\":\"\u015eenda\u011f G\u00f6k\u00e7e\"},\"url\":\"https:\/\/epochtimestr.com\/index.php\/author\/gokce\"}]}<\/script>\n<!-- \/ Yoast SEO plugin. -->","yoast_head_json":{"title":"Hakan Ali Toker'in T\u00fcrk Milletine \u0130thaf Etti\u011fi 100. Y\u0131l Mar\u015f\u0131'n\u0131n Video \u00c7ekimi Ankara'da Ger\u00e7ekle\u015fti - The Epoch Times TR","robots":{"index":"index","follow":"follow","max-snippet":"max-snippet:-1","max-image-preview":"max-image-preview:large","max-video-preview":"max-video-preview:-1"},"canonical":"https:\/\/epochtimestr.com\/index.php\/hakan-ali-tokerin-turk-milletine-ithaf-ettigi-100-yil-marsinin-kaydi-ankarada-gerceklesti","og_locale":"tr_TR","og_type":"article","og_title":"Hakan Ali Toker'in T\u00fcrk Milletine \u0130thaf Etti\u011fi 100. Y\u0131l Mar\u015f\u0131'n\u0131n Video \u00c7ekimi Ankara'da Ger\u00e7ekle\u015fti - The Epoch Times TR","og_description":"\u00dcnl\u00fc piyanist Hakan Ali Toker&#8217;in besteledi\u011fi ve Cumhuriyet&#8217;in 100. y\u0131l\u0131na ithaf etti\u011fi 100. Y\u0131l Mar\u015f\u0131&#8217;n\u0131n video \u00e7ekimi, iki g\u00fcnl\u00fck yo\u011fun provalar\u0131n ard\u0131ndan bu haftasonu sona erdi. Uluslararas\u0131 \u00e7apta konserler veren piyanist ve besteci Hakan Ali Toker, T\u00fcrk Milleti&#8217;ne arma\u011fan etmek \u00fczere Cumhuriyet&#8217;in 100. y\u0131l\u0131nda co\u015fkulu bir mar\u015f besteledi. Yakla\u015f\u0131k 140 ki\u015filik m\u00fczisyen ekibi taraf\u0131ndan icra [&hellip;]","og_url":"https:\/\/epochtimestr.com\/index.php\/hakan-ali-tokerin-turk-milletine-ithaf-ettigi-100-yil-marsinin-kaydi-ankarada-gerceklesti","og_site_name":"The Epoch Times TR","article_publisher":"https:\/\/www.facebook.com\/theepochtimestr","article_published_time":"2023-10-01T20:14:11+00:00","article_modified_time":"2024-03-04T09:36:07+00:00","og_image":[{"width":2560,"height":1440,"url":"https:\/\/epochtimestr.com\/wp-content\/uploads\/2011y\/100.YIL_-scaled.jpg","type":"image\/jpeg"}],"author":"\u015eenda\u011f G\u00f6k\u00e7e","twitter_card":"summary_large_image","twitter_creator":"@TheEpochTimesTR","twitter_site":"@TheEpochTimesTR","twitter_misc":{"Yazan:":"\u015eenda\u011f G\u00f6k\u00e7e","Tahmini okuma s\u00fcresi":"7 dakika"},"schema":{"@context":"https:\/\/schema.org","@graph":[{"@type":"Article","@id":"https:\/\/epochtimestr.com\/index.php\/hakan-ali-tokerin-turk-milletine-ithaf-ettigi-100-yil-marsinin-kaydi-ankarada-gerceklesti#article","isPartOf":{"@id":"https:\/\/epochtimestr.com\/index.php\/hakan-ali-tokerin-turk-milletine-ithaf-ettigi-100-yil-marsinin-kaydi-ankarada-gerceklesti"},"author":{"name":"\u015eenda\u011f G\u00f6k\u00e7e","@id":"https:\/\/epochtimestr.com\/#\/schema\/person\/615caffe8877b02d1eed3f4261d81fda"},"headline":"Hakan Ali Toker&#8217;in T\u00fcrk Milletine \u0130thaf Etti\u011fi 100. Y\u0131l Mar\u015f\u0131&#8217;n\u0131n Video \u00c7ekimi Ankara&#8217;da Ger\u00e7ekle\u015fti","datePublished":"2023-10-01T20:14:11+00:00","dateModified":"2024-03-04T09:36:07+00:00","mainEntityOfPage":{"@id":"https:\/\/epochtimestr.com\/index.php\/hakan-ali-tokerin-turk-milletine-ithaf-ettigi-100-yil-marsinin-kaydi-ankarada-gerceklesti"},"wordCount":1342,"publisher":{"@id":"https:\/\/epochtimestr.com\/#organization"},"image":{"@id":"https:\/\/epochtimestr.com\/index.php\/hakan-ali-tokerin-turk-milletine-ithaf-ettigi-100-yil-marsinin-kaydi-ankarada-gerceklesti#primaryimage"},"thumbnailUrl":"https:\/\/epochtimestr.com\/wp-content\/uploads\/2011y\/100.YIL_-scaled.jpg","articleSection":["ED\u0130T\u00d6R\u00dcN SE\u00c7\u0130M\u0130","G\u00dcNDEM","MAN\u015eET","M\u00fczik","SANAT ve K\u00dcLT\u00dcR"],"inLanguage":"tr"},{"@type":"WebPage","@id":"https:\/\/epochtimestr.com\/index.php\/hakan-ali-tokerin-turk-milletine-ithaf-ettigi-100-yil-marsinin-kaydi-ankarada-gerceklesti","url":"https:\/\/epochtimestr.com\/index.php\/hakan-ali-tokerin-turk-milletine-ithaf-ettigi-100-yil-marsinin-kaydi-ankarada-gerceklesti","name":"Hakan Ali Toker'in T\u00fcrk Milletine \u0130thaf Etti\u011fi 100. Y\u0131l Mar\u015f\u0131'n\u0131n Video \u00c7ekimi Ankara'da Ger\u00e7ekle\u015fti - The Epoch Times TR","isPartOf":{"@id":"https:\/\/epochtimestr.com\/#website"},"primaryImageOfPage":{"@id":"https:\/\/epochtimestr.com\/index.php\/hakan-ali-tokerin-turk-milletine-ithaf-ettigi-100-yil-marsinin-kaydi-ankarada-gerceklesti#primaryimage"},"image":{"@id":"https:\/\/epochtimestr.com\/index.php\/hakan-ali-tokerin-turk-milletine-ithaf-ettigi-100-yil-marsinin-kaydi-ankarada-gerceklesti#primaryimage"},"thumbnailUrl":"https:\/\/epochtimestr.com\/wp-content\/uploads\/2011y\/100.YIL_-scaled.jpg","datePublished":"2023-10-01T20:14:11+00:00","dateModified":"2024-03-04T09:36:07+00:00","inLanguage":"tr","potentialAction":[{"@type":"ReadAction","target":["https:\/\/epochtimestr.com\/index.php\/hakan-ali-tokerin-turk-milletine-ithaf-ettigi-100-yil-marsinin-kaydi-ankarada-gerceklesti"]}]},{"@type":"ImageObject","inLanguage":"tr","@id":"https:\/\/epochtimestr.com\/index.php\/hakan-ali-tokerin-turk-milletine-ithaf-ettigi-100-yil-marsinin-kaydi-ankarada-gerceklesti#primaryimage","url":"https:\/\/epochtimestr.com\/wp-content\/uploads\/2011y\/100.YIL_-scaled.jpg","contentUrl":"https:\/\/epochtimestr.com\/wp-content\/uploads\/2011y\/100.YIL_-scaled.jpg","width":2560,"height":1440},{"@type":"WebSite","@id":"https:\/\/epochtimestr.com\/#website","url":"https:\/\/epochtimestr.com\/","name":"The Epoch Times TR","description":"De\u011fi\u015fen D\u00fcnyam\u0131za Taze Bir Bak\u0131\u015f","publisher":{"@id":"https:\/\/epochtimestr.com\/#organization"},"potentialAction":[{"@type":"SearchAction","target":{"@type":"EntryPoint","urlTemplate":"https:\/\/epochtimestr.com\/?s={search_term_string}"},"query-input":"required name=search_term_string"}],"inLanguage":"tr"},{"@type":"Organization","@id":"https:\/\/epochtimestr.com\/#organization","name":"The EpochTimes T\u00fcrkiye","url":"https:\/\/epochtimestr.com\/","logo":{"@type":"ImageObject","inLanguage":"tr","@id":"https:\/\/epochtimestr.com\/#\/schema\/logo\/image\/","url":"https:\/\/epochtimestr.com\/wp-content\/uploads\/2011y\/ET-Logo-YG.jpg","contentUrl":"https:\/\/epochtimestr.com\/wp-content\/uploads\/2011y\/ET-Logo-YG.jpg","width":346,"height":29,"caption":"The EpochTimes T\u00fcrkiye"},"image":{"@id":"https:\/\/epochtimestr.com\/#\/schema\/logo\/image\/"},"sameAs":["https:\/\/www.facebook.com\/theepochtimestr","https:\/\/x.com\/TheEpochTimesTR","https:\/\/www.instagram.com\/epochtimestr"]},{"@type":"Person","@id":"https:\/\/epochtimestr.com\/#\/schema\/person\/615caffe8877b02d1eed3f4261d81fda","name":"\u015eenda\u011f G\u00f6k\u00e7e","image":{"@type":"ImageObject","inLanguage":"tr","@id":"https:\/\/epochtimestr.com\/#\/schema\/person\/image\/","url":"https:\/\/secure.gravatar.com\/avatar\/e9705bc5cda90ce98053c0d95045fd31?s=96&d=mm&r=g","contentUrl":"https:\/\/secure.gravatar.com\/avatar\/e9705bc5cda90ce98053c0d95045fd31?s=96&d=mm&r=g","caption":"\u015eenda\u011f G\u00f6k\u00e7e"},"url":"https:\/\/epochtimestr.com\/index.php\/author\/gokce"}]}},"_links":{"self":[{"href":"https:\/\/epochtimestr.com\/index.php\/wp-json\/wp\/v2\/posts\/147557"}],"collection":[{"href":"https:\/\/epochtimestr.com\/index.php\/wp-json\/wp\/v2\/posts"}],"about":[{"href":"https:\/\/epochtimestr.com\/index.php\/wp-json\/wp\/v2\/types\/post"}],"author":[{"embeddable":true,"href":"https:\/\/epochtimestr.com\/index.php\/wp-json\/wp\/v2\/users\/13978"}],"replies":[{"embeddable":true,"href":"https:\/\/epochtimestr.com\/index.php\/wp-json\/wp\/v2\/comments?post=147557"}],"version-history":[{"count":20,"href":"https:\/\/epochtimestr.com\/index.php\/wp-json\/wp\/v2\/posts\/147557\/revisions"}],"predecessor-version":[{"id":147889,"href":"https:\/\/epochtimestr.com\/index.php\/wp-json\/wp\/v2\/posts\/147557\/revisions\/147889"}],"wp:featuredmedia":[{"embeddable":true,"href":"https:\/\/epochtimestr.com\/index.php\/wp-json\/wp\/v2\/media\/147580"}],"wp:attachment":[{"href":"https:\/\/epochtimestr.com\/index.php\/wp-json\/wp\/v2\/media?parent=147557"}],"wp:term":[{"taxonomy":"category","embeddable":true,"href":"https:\/\/epochtimestr.com\/index.php\/wp-json\/wp\/v2\/categories?post=147557"},{"taxonomy":"post_tag","embeddable":true,"href":"https:\/\/epochtimestr.com\/index.php\/wp-json\/wp\/v2\/tags?post=147557"}],"curies":[{"name":"wp","href":"https:\/\/api.w.org\/{rel}","templated":true}]}}