{"id":148054,"date":"2023-10-28T09:46:00","date_gmt":"2023-10-28T06:46:00","guid":{"rendered":"https:\/\/epochtimestr.com\/?p=148054"},"modified":"2023-10-28T09:46:03","modified_gmt":"2023-10-28T06:46:03","slug":"100-yil-once-cumhuriyetin-ilani","status":"publish","type":"post","link":"https:\/\/epochtimestr.com\/index.php\/100-yil-once-cumhuriyetin-ilani","title":{"rendered":"100 Y\u0131l \u00d6nce Cumhuriyet&#8217;in \u0130lan\u0131"},"content":{"rendered":"<div class=\"wp-block-image\">\n<figure class=\"aligncenter size-full\"><img loading=\"lazy\" decoding=\"async\" width=\"1500\" height=\"1061\" src=\"https:\/\/epochtimestr.com\/wp-content\/uploads\/2011y\/10th_Anniversary_Speech.jpg\" alt=\"\" class=\"wp-image-148058\" srcset=\"https:\/\/epochtimestr.com\/wp-content\/uploads\/2011y\/10th_Anniversary_Speech.jpg 1500w, https:\/\/epochtimestr.com\/wp-content\/uploads\/2011y\/10th_Anniversary_Speech-300x212.jpg 300w, https:\/\/epochtimestr.com\/wp-content\/uploads\/2011y\/10th_Anniversary_Speech-150x106.jpg 150w, https:\/\/epochtimestr.com\/wp-content\/uploads\/2011y\/10th_Anniversary_Speech-768x543.jpg 768w\" sizes=\"(max-width: 1500px) 100vw, 1500px\" \/><\/figure><\/div>\n\n\n<h2 class=\"wp-block-heading\">29 Ekim 1923 ak\u015fam\u0131 T\u00fcrkiye Cumhuriyeti ilan edildi.<\/h2>\n\n\n\n<p>23 Nisan 1920 tarihinde milli egemenlik esas al\u0131narak T\u00fcrkiye B\u00fcy\u00fck Millet Meclisi h\u00fck\u00fcmetteydi. 20 Ocak 1921 tarihli anayasada &#8220;H\u00e2kimiyet kay\u0131ts\u0131z \u015farts\u0131z milletindir.&#8221; maddesi yer al\u0131yordu. Bu durum hen\u00fcz ilan edilmemi\u015f bir cumhuriyetin varl\u0131\u011f\u0131n\u0131 g\u00f6steriyordu.<\/p>\n\n\n\n<p>1 Kas\u0131m 1922&#8217;de saltanat\u0131n kald\u0131r\u0131lmas\u0131yla cumhuriyetin \u00f6n\u00fcndeki en b\u00fcy\u00fck engel a\u015f\u0131ld\u0131.<\/p>\n\n\n\n<p>1923&#8217;te Lozan Bar\u0131\u015f Antla\u015fmas\u0131&#8217;n\u0131n imzalanmas\u0131yla milli ba\u011f\u0131ms\u0131zl\u0131k tam olarak ger\u00e7ekle\u015fmi\u015f oldu.<\/p>\n\n\n\n<p>TBMM a\u00e7\u0131ld\u0131\u011f\u0131 s\u0131rada T\u00fcrk Devleti&#8217;in ismi yoktu. Sistemin i\u00e7inde devlet ba\u015fkanl\u0131\u011f\u0131n\u0131n bo\u015f g\u00f6r\u00fcnmesiyle, rejime uygun devlet \u015feklini bulmak zorunlu hale geldi.<\/p>\n\n\n\n<p>\u00a025 Ekim 1923&#8217;te h\u00fck\u00fcmetin istifas\u0131yla bir bunal\u0131m ortaya \u00e7\u0131kt\u0131. Bu olay Mustafa Kemal Pa\u015faya, cumhuriyeti il\u00e2n etmek i\u00e7in bekledi\u011fi f\u0131rsat\u0131 verdi. 28 Ekim 1923 ak\u015fam\u0131na kadar h\u00fck\u00fcmetin kurulamamas\u0131 \u00fczerine, Mustafa Kemal Pa\u015fa, \u00c7ankaya K\u00f6\u015fk\u00fc&#8217;nde arkada\u015flar\u0131na &#8220;Yar\u0131n cumhuriyeti il\u00e2n edece\u011fiz.&#8221; diyerek fikrini a\u00e7\u0131klad\u0131.<\/p>\n\n\n\n<p>Mustafa Kemal Atat\u00fcrk, Cumhuriyet&#8217;in ilan\u0131n\u0131 duyurdu\u011fu geceyi NUTUK adl\u0131 eserinde kendi a\u011fz\u0131ndan detayl\u0131ca anlatm\u0131\u015ft\u0131r. Nutuk&#8217;ta yer alan anektod \u015f\u00f6yle:<\/p>\n\n\n\n<p>&#8220;Gece olmu\u015ftu \u00c7ankaya&#8217;ya gitmek \u00fczere Meclis binas\u0131ndan ayr\u0131l\u0131rken, koridorlarda beni beklemekte olan Kem\u00e2lettin Sami ve H\u00e2lit Pa\u015fa&#8217;lara rastlad\u0131m. Ali Fuat Pa\u015fa Ankara&#8217;dan hareket ederken bunlar\u0131n Ankara&#8217;ya geldiklerini o g\u00fcnk\u00fc gazetede &#8220;Bir u\u011furlama ve bir kar\u015f\u0131lama&#8221; ba\u015fl\u0131\u011f\u0131 alt\u0131nda okumu\u015ftum. Daha kendileriyle g\u00f6r\u00fc\u015fmemi\u015ftim. Benimle konu\u015fmak \u00fczere ge\u00e7 vakte kadar orada beklediklerini anlay\u0131nca, ak\u015fam yeme\u011fine gelmelerini, Mill\u00ee Savunma Bakan\u0131 K\u00e2z\u0131m Pa\u015fa vas\u0131tas\u0131yla kendilerine bildirdim. \u0130smet Pa\u015fa ile K\u00e2z\u0131m Pa\u015fa&#8217;ya ve Fethi Bey&#8217;e de \u00c7ankaya&#8217;ya benimle birlikte gelmelerini s\u00f6yledim. \u00c7ankaya&#8217;ya gitti\u011fim zaman, orada, beni g\u00f6rmek \u00fczere gelmi\u015f bulunan Rize Milletvekili Fuat, Afyonkarahisar Milletvekili Ru\u015fen E\u015fref Bey&#8217;lerle kar\u015f\u0131la\u015ft\u0131m. Onlar\u0131 da yeme\u011fe al\u0131koydum. Yemek s\u0131ras\u0131nda : &#8220;Yar\u0131n Cumhuriyet il\u00e2n edece\u011fiz&#8221; dedim. Orada bulunan arkada\u015flar, derhal d\u00fc\u015f\u00fcnceme kat\u0131ld\u0131lar. Yeme\u011fi b\u0131rakt\u0131k. O dakikadan itibaren, nas\u0131l hareket edilece\u011fi konusunda k\u0131sa bir program yaparak arkada\u015flar\u0131 g\u00f6revlendirdim.<\/p>\n\n\n\n<p>Efendiler, g\u00f6r\u00fcyorsunuz ki, Cumhuriyet il\u00e2n\u0131na karar vermek i\u00e7in Ankara&#8217;da bulunan b\u00fct\u00fcn arkada\u015flar\u0131m\u0131 davet ederek onlarla g\u00f6r\u00fc\u015f\u00fcp tart\u0131\u015fmaya asla l\u00fczum ve ihtiya\u00e7 g\u00f6rmedim. \u00c7\u00fcnk\u00fc onlar\u0131n da asl\u0131nda ve tabi\u00ee olarak benim gibi d\u00fc\u015f\u00fcnd\u00fcklerinden \u015f\u00fcphe etmiyordum. Halbuki, o s\u0131rada Ankara&#8217;da bulunmayan baz\u0131 ki\u015filer, yetkileri olmad\u0131\u011f\u0131 halde, kendilerine haber verilmeden, d\u00fc\u015f\u00fcnce ve r\u0131zalar\u0131 al\u0131nmadan Cumhuriyetin il\u00e2n edilmi\u015f olmas\u0131n\u0131 bize g\u00fccenme ve bizden ayr\u0131lma sebebi sayd\u0131lar.&#8221;<\/p>\n\n\n\n<p>O gece \u0130smet Pa\u015fa ile birlikte 1921 Anayasas\u0131&#8217;n\u0131n baz\u0131 maddelerini de\u011fi\u015ftiren kanun tasar\u0131s\u0131n\u0131 haz\u0131rlad\u0131. &#8220;T\u00fcrkiye Devleti&#8217;nin h\u00fck\u00fcmet \u015fekli cumhuriyettir.&#8221; h\u00fckm\u00fcn\u00fcn yer ald\u0131\u011f\u0131 tasar\u0131 \u00fczerinde TBMM&#8217;de yap\u0131lan konu\u015fmalardan sonra cumhuriyetin il\u00e2n\u0131 kabul edildi. &#8220;Ya\u015fas\u0131n cumhuriyet!&#8221; sesleri aras\u0131nda alk\u0131\u015flarla cumhuriyet il\u00e2n edildi (29 Ekim 1923).<\/p>\n\n\n\n<p>\u00a0Bundan sonra cumhurba\u015fkanl\u0131\u011f\u0131 se\u00e7imine ge\u00e7ildi. Yap\u0131lan gizli oylamada 158 milletvekilinin tamam\u0131n\u0131n oyunu alan Gazi Mustafa Kemal Pa\u015fa, TBMM taraf\u0131ndan yeni T\u00fcrk devletinin ilk cumhurba\u015fkan\u0131 se\u00e7ildi. Bunun \u00fczerine k\u00fcrs\u00fcye gelen Mustafa Kemal, yapt\u0131\u011f\u0131 konu\u015fmas\u0131n\u0131 &#8220;T\u00fcrkiye Cumhuriyeti mesut, ba\u015far\u0131l\u0131 ve muzaffer olacakt\u0131r.&#8221; s\u00f6z\u00fc ile bitirdi.\u00a0<\/p>\n\n\n\n<figure class=\"wp-block-embed is-type-video is-provider-youtube wp-block-embed-youtube wp-embed-aspect-16-9 wp-has-aspect-ratio\"><div class=\"wp-block-embed__wrapper\">\n<iframe loading=\"lazy\" title=\"Ulu \u00d6nder Atat\u00fcrk&#039;\u00fcn Cumhuriyetin ilan\u0131yla ilgili g\u00f6r\u00fcnt\u00fcleri\" width=\"1170\" height=\"658\" src=\"https:\/\/www.youtube.com\/embed\/BSmuuXvp74s?wmode=transparent&amp;rel=0&amp;feature=oembed\" frameborder=\"0\" allow=\"accelerometer; autoplay; clipboard-write; encrypted-media; gyroscope; picture-in-picture; web-share\" allowfullscreen><\/iframe>\n<\/div><\/figure>\n\n\n\n<p> <\/p>\n","protected":false},"excerpt":{"rendered":"<p>29 Ekim 1923 ak\u015fam\u0131 T\u00fcrkiye Cumhuriyeti ilan edildi. 23 Nisan 1920 tarihinde milli egemenlik esas al\u0131narak T\u00fcrkiye B\u00fcy\u00fck Millet Meclisi h\u00fck\u00fcmetteydi. 20 Ocak 1921 tarihli anayasada &#8220;H\u00e2kimiyet kay\u0131ts\u0131z \u015farts\u0131z milletindir.&#8221; maddesi yer al\u0131yordu. Bu durum hen\u00fcz ilan edilmemi\u015f bir cumhuriyetin varl\u0131\u011f\u0131n\u0131 g\u00f6steriyordu. 1 Kas\u0131m 1922&#8217;de saltanat\u0131n kald\u0131r\u0131lmas\u0131yla cumhuriyetin \u00f6n\u00fcndeki en b\u00fcy\u00fck engel a\u015f\u0131ld\u0131. 1923&#8217;te Lozan [&hellip;]<\/p>\n","protected":false},"author":12791,"featured_media":148058,"comment_status":"closed","ping_status":"open","sticky":false,"template":"","format":"standard","meta":{"_yoast_wpseo_focuskw":"","_yoast_wpseo_title":"","_yoast_wpseo_metadesc":"","_bbp_topic_count":0,"_bbp_reply_count":0,"_bbp_total_topic_count":0,"_bbp_total_reply_count":0,"_bbp_voice_count":0,"_bbp_anonymous_reply_count":0,"_bbp_topic_count_hidden":0,"_bbp_reply_count_hidden":0,"_bbp_forum_subforum_count":0,"footnotes":"","_yoast_wpseo_focuskw_text_input":""},"categories":[519,1,8138,37],"tags":[],"yoast_head":"<!-- This site is optimized with the Yoast SEO plugin v23.0 - https:\/\/yoast.com\/wordpress\/plugins\/seo\/ -->\n<title>100 Y\u0131l \u00d6nce Cumhuriyet&#039;in \u0130lan\u0131 - The Epoch Times TR<\/title>\n<meta name=\"robots\" content=\"index, follow, max-snippet:-1, max-image-preview:large, max-video-preview:-1\" \/>\n<link rel=\"canonical\" href=\"https:\/\/epochtimestr.com\/index.php\/100-yil-once-cumhuriyetin-ilani\" \/>\n<meta property=\"og:locale\" content=\"tr_TR\" \/>\n<meta property=\"og:type\" content=\"article\" \/>\n<meta property=\"og:title\" content=\"100 Y\u0131l \u00d6nce Cumhuriyet&#039;in \u0130lan\u0131 - The Epoch Times TR\" \/>\n<meta property=\"og:description\" content=\"29 Ekim 1923 ak\u015fam\u0131 T\u00fcrkiye Cumhuriyeti ilan edildi. 23 Nisan 1920 tarihinde milli egemenlik esas al\u0131narak T\u00fcrkiye B\u00fcy\u00fck Millet Meclisi h\u00fck\u00fcmetteydi. 20 Ocak 1921 tarihli anayasada &#8220;H\u00e2kimiyet kay\u0131ts\u0131z \u015farts\u0131z milletindir.&#8221; maddesi yer al\u0131yordu. Bu durum hen\u00fcz ilan edilmemi\u015f bir cumhuriyetin varl\u0131\u011f\u0131n\u0131 g\u00f6steriyordu. 1 Kas\u0131m 1922&#8217;de saltanat\u0131n kald\u0131r\u0131lmas\u0131yla cumhuriyetin \u00f6n\u00fcndeki en b\u00fcy\u00fck engel a\u015f\u0131ld\u0131. 1923&#8217;te Lozan [&hellip;]\" \/>\n<meta property=\"og:url\" content=\"https:\/\/epochtimestr.com\/index.php\/100-yil-once-cumhuriyetin-ilani\" \/>\n<meta property=\"og:site_name\" content=\"The Epoch Times TR\" \/>\n<meta property=\"article:publisher\" content=\"https:\/\/www.facebook.com\/theepochtimestr\" \/>\n<meta property=\"article:published_time\" content=\"2023-10-28T06:46:00+00:00\" \/>\n<meta property=\"article:modified_time\" content=\"2023-10-28T06:46:03+00:00\" \/>\n<meta property=\"og:image\" content=\"https:\/\/epochtimestr.com\/wp-content\/uploads\/2011y\/10th_Anniversary_Speech.jpg\" \/>\n<meta name=\"author\" content=\"Haber Merkezi\" \/>\n<meta name=\"twitter:card\" content=\"summary_large_image\" \/>\n<meta name=\"twitter:creator\" content=\"@TheEpochTimesTR\" \/>\n<meta name=\"twitter:site\" content=\"@TheEpochTimesTR\" \/>\n<meta name=\"twitter:label1\" content=\"Yazan:\" \/>\n\t<meta name=\"twitter:data1\" content=\"Haber Merkezi\" \/>\n\t<meta name=\"twitter:label2\" content=\"Tahmini okuma s\u00fcresi\" \/>\n\t<meta name=\"twitter:data2\" content=\"1 dakika\" \/>\n<script type=\"application\/ld+json\" class=\"yoast-schema-graph\">{\"@context\":\"https:\/\/schema.org\",\"@graph\":[{\"@type\":\"Article\",\"@id\":\"https:\/\/epochtimestr.com\/index.php\/100-yil-once-cumhuriyetin-ilani#article\",\"isPartOf\":{\"@id\":\"https:\/\/epochtimestr.com\/index.php\/100-yil-once-cumhuriyetin-ilani\"},\"author\":{\"name\":\"Haber Merkezi\",\"@id\":\"https:\/\/epochtimestr.com\/#\/schema\/person\/3dc5c3adeb9f43923c5aa85889172fdd\"},\"headline\":\"100 Y\u0131l \u00d6nce Cumhuriyet&#8217;in \u0130lan\u0131\",\"datePublished\":\"2023-10-28T06:46:00+00:00\",\"dateModified\":\"2023-10-28T06:46:03+00:00\",\"mainEntityOfPage\":{\"@id\":\"https:\/\/epochtimestr.com\/index.php\/100-yil-once-cumhuriyetin-ilani\"},\"wordCount\":626,\"publisher\":{\"@id\":\"https:\/\/epochtimestr.com\/#organization\"},\"image\":{\"@id\":\"https:\/\/epochtimestr.com\/index.php\/100-yil-once-cumhuriyetin-ilani#primaryimage\"},\"thumbnailUrl\":\"https:\/\/epochtimestr.com\/wp-content\/uploads\/2011y\/10th_Anniversary_Speech.jpg\",\"articleSection\":[\"ED\u0130T\u00d6R\u00dcN SE\u00c7\u0130M\u0130\",\"G\u00dcNDEM\",\"MAN\u015eET\",\"T\u00dcRK\u0130YE\"],\"inLanguage\":\"tr\"},{\"@type\":\"WebPage\",\"@id\":\"https:\/\/epochtimestr.com\/index.php\/100-yil-once-cumhuriyetin-ilani\",\"url\":\"https:\/\/epochtimestr.com\/index.php\/100-yil-once-cumhuriyetin-ilani\",\"name\":\"100 Y\u0131l \u00d6nce Cumhuriyet'in \u0130lan\u0131 - The Epoch Times TR\",\"isPartOf\":{\"@id\":\"https:\/\/epochtimestr.com\/#website\"},\"primaryImageOfPage\":{\"@id\":\"https:\/\/epochtimestr.com\/index.php\/100-yil-once-cumhuriyetin-ilani#primaryimage\"},\"image\":{\"@id\":\"https:\/\/epochtimestr.com\/index.php\/100-yil-once-cumhuriyetin-ilani#primaryimage\"},\"thumbnailUrl\":\"https:\/\/epochtimestr.com\/wp-content\/uploads\/2011y\/10th_Anniversary_Speech.jpg\",\"datePublished\":\"2023-10-28T06:46:00+00:00\",\"dateModified\":\"2023-10-28T06:46:03+00:00\",\"inLanguage\":\"tr\",\"potentialAction\":[{\"@type\":\"ReadAction\",\"target\":[\"https:\/\/epochtimestr.com\/index.php\/100-yil-once-cumhuriyetin-ilani\"]}]},{\"@type\":\"ImageObject\",\"inLanguage\":\"tr\",\"@id\":\"https:\/\/epochtimestr.com\/index.php\/100-yil-once-cumhuriyetin-ilani#primaryimage\",\"url\":\"https:\/\/epochtimestr.com\/wp-content\/uploads\/2011y\/10th_Anniversary_Speech.jpg\",\"contentUrl\":\"https:\/\/epochtimestr.com\/wp-content\/uploads\/2011y\/10th_Anniversary_Speech.jpg\",\"width\":1500,\"height\":1061},{\"@type\":\"WebSite\",\"@id\":\"https:\/\/epochtimestr.com\/#website\",\"url\":\"https:\/\/epochtimestr.com\/\",\"name\":\"The Epoch Times TR\",\"description\":\"De\u011fi\u015fen D\u00fcnyam\u0131za Taze Bir Bak\u0131\u015f\",\"publisher\":{\"@id\":\"https:\/\/epochtimestr.com\/#organization\"},\"potentialAction\":[{\"@type\":\"SearchAction\",\"target\":{\"@type\":\"EntryPoint\",\"urlTemplate\":\"https:\/\/epochtimestr.com\/?s={search_term_string}\"},\"query-input\":\"required name=search_term_string\"}],\"inLanguage\":\"tr\"},{\"@type\":\"Organization\",\"@id\":\"https:\/\/epochtimestr.com\/#organization\",\"name\":\"The EpochTimes T\u00fcrkiye\",\"url\":\"https:\/\/epochtimestr.com\/\",\"logo\":{\"@type\":\"ImageObject\",\"inLanguage\":\"tr\",\"@id\":\"https:\/\/epochtimestr.com\/#\/schema\/logo\/image\/\",\"url\":\"https:\/\/epochtimestr.com\/wp-content\/uploads\/2011y\/ET-Logo-YG.jpg\",\"contentUrl\":\"https:\/\/epochtimestr.com\/wp-content\/uploads\/2011y\/ET-Logo-YG.jpg\",\"width\":346,\"height\":29,\"caption\":\"The EpochTimes T\u00fcrkiye\"},\"image\":{\"@id\":\"https:\/\/epochtimestr.com\/#\/schema\/logo\/image\/\"},\"sameAs\":[\"https:\/\/www.facebook.com\/theepochtimestr\",\"https:\/\/x.com\/TheEpochTimesTR\",\"https:\/\/www.instagram.com\/epochtimestr\"]},{\"@type\":\"Person\",\"@id\":\"https:\/\/epochtimestr.com\/#\/schema\/person\/3dc5c3adeb9f43923c5aa85889172fdd\",\"name\":\"Haber Merkezi\",\"image\":{\"@type\":\"ImageObject\",\"inLanguage\":\"tr\",\"@id\":\"https:\/\/epochtimestr.com\/#\/schema\/person\/image\/\",\"url\":\"https:\/\/secure.gravatar.com\/avatar\/d73f772ba5a74f28601361e17c2f93e6?s=96&d=mm&r=g\",\"contentUrl\":\"https:\/\/secure.gravatar.com\/avatar\/d73f772ba5a74f28601361e17c2f93e6?s=96&d=mm&r=g\",\"caption\":\"Haber Merkezi\"},\"url\":\"https:\/\/epochtimestr.com\/index.php\/author\/sendag\"}]}<\/script>\n<!-- \/ Yoast SEO plugin. -->","yoast_head_json":{"title":"100 Y\u0131l \u00d6nce Cumhuriyet'in \u0130lan\u0131 - The Epoch Times TR","robots":{"index":"index","follow":"follow","max-snippet":"max-snippet:-1","max-image-preview":"max-image-preview:large","max-video-preview":"max-video-preview:-1"},"canonical":"https:\/\/epochtimestr.com\/index.php\/100-yil-once-cumhuriyetin-ilani","og_locale":"tr_TR","og_type":"article","og_title":"100 Y\u0131l \u00d6nce Cumhuriyet'in \u0130lan\u0131 - The Epoch Times TR","og_description":"29 Ekim 1923 ak\u015fam\u0131 T\u00fcrkiye Cumhuriyeti ilan edildi. 23 Nisan 1920 tarihinde milli egemenlik esas al\u0131narak T\u00fcrkiye B\u00fcy\u00fck Millet Meclisi h\u00fck\u00fcmetteydi. 20 Ocak 1921 tarihli anayasada &#8220;H\u00e2kimiyet kay\u0131ts\u0131z \u015farts\u0131z milletindir.&#8221; maddesi yer al\u0131yordu. Bu durum hen\u00fcz ilan edilmemi\u015f bir cumhuriyetin varl\u0131\u011f\u0131n\u0131 g\u00f6steriyordu. 1 Kas\u0131m 1922&#8217;de saltanat\u0131n kald\u0131r\u0131lmas\u0131yla cumhuriyetin \u00f6n\u00fcndeki en b\u00fcy\u00fck engel a\u015f\u0131ld\u0131. 1923&#8217;te Lozan [&hellip;]","og_url":"https:\/\/epochtimestr.com\/index.php\/100-yil-once-cumhuriyetin-ilani","og_site_name":"The Epoch Times TR","article_publisher":"https:\/\/www.facebook.com\/theepochtimestr","article_published_time":"2023-10-28T06:46:00+00:00","article_modified_time":"2023-10-28T06:46:03+00:00","og_image":[{"url":"https:\/\/epochtimestr.com\/wp-content\/uploads\/2011y\/10th_Anniversary_Speech.jpg"}],"author":"Haber Merkezi","twitter_card":"summary_large_image","twitter_creator":"@TheEpochTimesTR","twitter_site":"@TheEpochTimesTR","twitter_misc":{"Yazan:":"Haber Merkezi","Tahmini okuma s\u00fcresi":"1 dakika"},"schema":{"@context":"https:\/\/schema.org","@graph":[{"@type":"Article","@id":"https:\/\/epochtimestr.com\/index.php\/100-yil-once-cumhuriyetin-ilani#article","isPartOf":{"@id":"https:\/\/epochtimestr.com\/index.php\/100-yil-once-cumhuriyetin-ilani"},"author":{"name":"Haber Merkezi","@id":"https:\/\/epochtimestr.com\/#\/schema\/person\/3dc5c3adeb9f43923c5aa85889172fdd"},"headline":"100 Y\u0131l \u00d6nce Cumhuriyet&#8217;in \u0130lan\u0131","datePublished":"2023-10-28T06:46:00+00:00","dateModified":"2023-10-28T06:46:03+00:00","mainEntityOfPage":{"@id":"https:\/\/epochtimestr.com\/index.php\/100-yil-once-cumhuriyetin-ilani"},"wordCount":626,"publisher":{"@id":"https:\/\/epochtimestr.com\/#organization"},"image":{"@id":"https:\/\/epochtimestr.com\/index.php\/100-yil-once-cumhuriyetin-ilani#primaryimage"},"thumbnailUrl":"https:\/\/epochtimestr.com\/wp-content\/uploads\/2011y\/10th_Anniversary_Speech.jpg","articleSection":["ED\u0130T\u00d6R\u00dcN SE\u00c7\u0130M\u0130","G\u00dcNDEM","MAN\u015eET","T\u00dcRK\u0130YE"],"inLanguage":"tr"},{"@type":"WebPage","@id":"https:\/\/epochtimestr.com\/index.php\/100-yil-once-cumhuriyetin-ilani","url":"https:\/\/epochtimestr.com\/index.php\/100-yil-once-cumhuriyetin-ilani","name":"100 Y\u0131l \u00d6nce Cumhuriyet'in \u0130lan\u0131 - The Epoch Times TR","isPartOf":{"@id":"https:\/\/epochtimestr.com\/#website"},"primaryImageOfPage":{"@id":"https:\/\/epochtimestr.com\/index.php\/100-yil-once-cumhuriyetin-ilani#primaryimage"},"image":{"@id":"https:\/\/epochtimestr.com\/index.php\/100-yil-once-cumhuriyetin-ilani#primaryimage"},"thumbnailUrl":"https:\/\/epochtimestr.com\/wp-content\/uploads\/2011y\/10th_Anniversary_Speech.jpg","datePublished":"2023-10-28T06:46:00+00:00","dateModified":"2023-10-28T06:46:03+00:00","inLanguage":"tr","potentialAction":[{"@type":"ReadAction","target":["https:\/\/epochtimestr.com\/index.php\/100-yil-once-cumhuriyetin-ilani"]}]},{"@type":"ImageObject","inLanguage":"tr","@id":"https:\/\/epochtimestr.com\/index.php\/100-yil-once-cumhuriyetin-ilani#primaryimage","url":"https:\/\/epochtimestr.com\/wp-content\/uploads\/2011y\/10th_Anniversary_Speech.jpg","contentUrl":"https:\/\/epochtimestr.com\/wp-content\/uploads\/2011y\/10th_Anniversary_Speech.jpg","width":1500,"height":1061},{"@type":"WebSite","@id":"https:\/\/epochtimestr.com\/#website","url":"https:\/\/epochtimestr.com\/","name":"The Epoch Times TR","description":"De\u011fi\u015fen D\u00fcnyam\u0131za Taze Bir Bak\u0131\u015f","publisher":{"@id":"https:\/\/epochtimestr.com\/#organization"},"potentialAction":[{"@type":"SearchAction","target":{"@type":"EntryPoint","urlTemplate":"https:\/\/epochtimestr.com\/?s={search_term_string}"},"query-input":"required name=search_term_string"}],"inLanguage":"tr"},{"@type":"Organization","@id":"https:\/\/epochtimestr.com\/#organization","name":"The EpochTimes T\u00fcrkiye","url":"https:\/\/epochtimestr.com\/","logo":{"@type":"ImageObject","inLanguage":"tr","@id":"https:\/\/epochtimestr.com\/#\/schema\/logo\/image\/","url":"https:\/\/epochtimestr.com\/wp-content\/uploads\/2011y\/ET-Logo-YG.jpg","contentUrl":"https:\/\/epochtimestr.com\/wp-content\/uploads\/2011y\/ET-Logo-YG.jpg","width":346,"height":29,"caption":"The EpochTimes T\u00fcrkiye"},"image":{"@id":"https:\/\/epochtimestr.com\/#\/schema\/logo\/image\/"},"sameAs":["https:\/\/www.facebook.com\/theepochtimestr","https:\/\/x.com\/TheEpochTimesTR","https:\/\/www.instagram.com\/epochtimestr"]},{"@type":"Person","@id":"https:\/\/epochtimestr.com\/#\/schema\/person\/3dc5c3adeb9f43923c5aa85889172fdd","name":"Haber Merkezi","image":{"@type":"ImageObject","inLanguage":"tr","@id":"https:\/\/epochtimestr.com\/#\/schema\/person\/image\/","url":"https:\/\/secure.gravatar.com\/avatar\/d73f772ba5a74f28601361e17c2f93e6?s=96&d=mm&r=g","contentUrl":"https:\/\/secure.gravatar.com\/avatar\/d73f772ba5a74f28601361e17c2f93e6?s=96&d=mm&r=g","caption":"Haber Merkezi"},"url":"https:\/\/epochtimestr.com\/index.php\/author\/sendag"}]}},"_links":{"self":[{"href":"https:\/\/epochtimestr.com\/index.php\/wp-json\/wp\/v2\/posts\/148054"}],"collection":[{"href":"https:\/\/epochtimestr.com\/index.php\/wp-json\/wp\/v2\/posts"}],"about":[{"href":"https:\/\/epochtimestr.com\/index.php\/wp-json\/wp\/v2\/types\/post"}],"author":[{"embeddable":true,"href":"https:\/\/epochtimestr.com\/index.php\/wp-json\/wp\/v2\/users\/12791"}],"replies":[{"embeddable":true,"href":"https:\/\/epochtimestr.com\/index.php\/wp-json\/wp\/v2\/comments?post=148054"}],"version-history":[{"count":2,"href":"https:\/\/epochtimestr.com\/index.php\/wp-json\/wp\/v2\/posts\/148054\/revisions"}],"predecessor-version":[{"id":148059,"href":"https:\/\/epochtimestr.com\/index.php\/wp-json\/wp\/v2\/posts\/148054\/revisions\/148059"}],"wp:featuredmedia":[{"embeddable":true,"href":"https:\/\/epochtimestr.com\/index.php\/wp-json\/wp\/v2\/media\/148058"}],"wp:attachment":[{"href":"https:\/\/epochtimestr.com\/index.php\/wp-json\/wp\/v2\/media?parent=148054"}],"wp:term":[{"taxonomy":"category","embeddable":true,"href":"https:\/\/epochtimestr.com\/index.php\/wp-json\/wp\/v2\/categories?post=148054"},{"taxonomy":"post_tag","embeddable":true,"href":"https:\/\/epochtimestr.com\/index.php\/wp-json\/wp\/v2\/tags?post=148054"}],"curies":[{"name":"wp","href":"https:\/\/api.w.org\/{rel}","templated":true}]}}