{"id":148385,"date":"2023-11-20T10:29:48","date_gmt":"2023-11-20T07:29:48","guid":{"rendered":"https:\/\/epochtimestr.com\/?p=148385"},"modified":"2023-11-20T10:29:50","modified_gmt":"2023-11-20T07:29:50","slug":"arjantinde-devlet-baskanligi-secimini-milei-kazandi","status":"publish","type":"post","link":"https:\/\/epochtimestr.com\/index.php\/arjantinde-devlet-baskanligi-secimini-milei-kazandi","title":{"rendered":"Arjantin&#8217;de Devlet Ba\u015fkanl\u0131\u011f\u0131 Se\u00e7imini Milei Kazand\u0131"},"content":{"rendered":"<div class=\"wp-block-image\">\n<figure class=\"aligncenter size-full\"><img loading=\"lazy\" decoding=\"async\" width=\"1366\" height=\"768\" src=\"https:\/\/epochtimestr.com\/wp-content\/uploads\/2011y\/javier-milei-youtubescreenshot.png\" alt=\"\" class=\"wp-image-148386\" srcset=\"https:\/\/epochtimestr.com\/wp-content\/uploads\/2011y\/javier-milei-youtubescreenshot.png 1366w, https:\/\/epochtimestr.com\/wp-content\/uploads\/2011y\/javier-milei-youtubescreenshot-300x169.png 300w, https:\/\/epochtimestr.com\/wp-content\/uploads\/2011y\/javier-milei-youtubescreenshot-150x84.png 150w, https:\/\/epochtimestr.com\/wp-content\/uploads\/2011y\/javier-milei-youtubescreenshot-768x432.png 768w\" sizes=\"(max-width: 1366px) 100vw, 1366px\" \/><figcaption class=\"wp-element-caption\">Foto\u011fraf: Javier Milei Youtube Sayfas\u0131<\/figcaption><\/figure><\/div>\n\n\n<h2 class=\"wp-block-heading\">Arjantin&#8217;de devlet ba\u015fkanl\u0131\u011f\u0131 se\u00e7imini &#8216;Arjantin&#8217;in Trump&#8217;\u0131&#8217; olarak bilinen Javier Milei kazand\u0131.<\/h2>\n\n\n\n<p>G\u00fcney Amerika \u00fclkesi Arjantin, devlet ba\u015fkanl\u0131\u011f\u0131 se\u00e7iminin ikinci turu i\u00e7in 19 Kas\u0131m Pazar g\u00fcn\u00fc sand\u0131k ba\u015f\u0131na gitti. Kat\u0131l\u0131m oran\u0131n\u0131n y\u00fczde 76 oldu\u011fu se\u00e7imin ikinci turunu ilk turu ikinci s\u0131rada tamamlayan fa\u015fist aday Javier Milei kazand\u0131.&nbsp;<\/p>\n\n\n\n<p>Sand\u0131klar\u0131n y\u00fczde 94&#8217;\u00fcnden fazlas\u0131n\u0131n a\u00e7\u0131ld\u0131\u011f\u0131 se\u00e7imin ilk sonu\u00e7lar\u0131na g\u00f6re, \u00d6zg\u00fcrl\u00fck Geli\u015fimi Partisi&#8217;nin aday\u0131\u00a0Milei, oylar\u0131n y\u00fczde 55,82&#8217;sini alarak devlet ba\u015fkan\u0131 se\u00e7ildi. &#8220;Peronist&#8221; ittifak\u0131 aday\u0131 ve Ekonomi Bakan\u0131 Sergio Massa oylar\u0131n y\u00fczde 44,17&#8217;sini ald\u0131.<\/p>\n\n\n\n<h3 class=\"wp-block-heading\">Milei A\u00e7\u0131klama Yapt\u0131<\/h3>\n\n\n\n<p>Se\u00e7imin ard\u0131ndan a\u00e7\u0131klama yapan Milei, &#8216;\u00fclke tarihinde yeni bir sayfa a\u00e7t\u0131klar\u0131n\u0131&#8217; s\u00f6yledi.&nbsp;Buenos Aires&#8217;teki Libertador Otel&#8217;de destek\u00e7ilerine seslenen&nbsp;Milei, &#8220;\u00c7\u00f6k\u00fc\u015f modelinin sonu geldi, art\u0131k geriye d\u00f6n\u00fc\u015f yok. Nereden gelirse gelsin yeni Arjantin&#8217;e kat\u0131lmak isteyen herkes memnuniyetle kar\u015f\u0131lanacak. \u015eiddete ba\u015fvuranlara, d\u00fczeni bozanlara yer yok. Kanunlar\u0131 uygulamada amans\u0131z olaca\u011f\u0131z&#8221; a\u00e7\u0131klamas\u0131nda bulundu.<\/p>\n\n\n\n<p>Anadolu Ajans\u0131&#8217;n\u0131n aktard\u0131\u011f\u0131na g\u00f6re, Milei, se\u00e7imden \u00f6nce kendisine deste\u011fini a\u00e7\u0131klayan eski Devlet Ba\u015fkan\u0131 Mauricio Macri ve se\u00e7imin birinci turunda 3&#8217;\u00fcnc\u00fc olan Patricia Bullrich&#8217;e te\u015fekk\u00fcr etti. Devletin &#8216;yoksulla\u015ft\u0131r\u0131c\u0131&#8217; modelinin her yerde sona erdi\u011fini savunan Javier Milei, &#8220;Arjantin&#8217;de \u00e7\u00f6k\u00fc\u015f\u00fcn sonu bug\u00fcn ba\u015fl\u0131yor ve bug\u00fcn \u00fclke tarihinde yeni bir sayfa a\u00e7\u0131yoruz. Devletin payla\u015facak bir ganimeti oldu\u011fu d\u00fc\u015f\u00fcncesi son buluyor. Bug\u00fcn Arjantin&#8217;in yeniden in\u015fas\u0131 ba\u015fl\u0131yor&#8221; de\u011ferlendirmesinde bulundu.<\/p>\n","protected":false},"excerpt":{"rendered":"<p>Arjantin&#8217;de devlet ba\u015fkanl\u0131\u011f\u0131 se\u00e7imini &#8216;Arjantin&#8217;in Trump&#8217;\u0131&#8217; olarak bilinen Javier Milei kazand\u0131. G\u00fcney Amerika \u00fclkesi Arjantin, devlet ba\u015fkanl\u0131\u011f\u0131 se\u00e7iminin ikinci turu i\u00e7in 19 Kas\u0131m Pazar g\u00fcn\u00fc sand\u0131k ba\u015f\u0131na gitti. Kat\u0131l\u0131m oran\u0131n\u0131n y\u00fczde 76 oldu\u011fu se\u00e7imin ikinci turunu ilk turu ikinci s\u0131rada tamamlayan fa\u015fist aday Javier Milei kazand\u0131.&nbsp; Sand\u0131klar\u0131n y\u00fczde 94&#8217;\u00fcnden fazlas\u0131n\u0131n a\u00e7\u0131ld\u0131\u011f\u0131 se\u00e7imin ilk sonu\u00e7lar\u0131na g\u00f6re, [&hellip;]<\/p>\n","protected":false},"author":12791,"featured_media":148386,"comment_status":"closed","ping_status":"open","sticky":false,"template":"","format":"standard","meta":{"_yoast_wpseo_focuskw":"","_yoast_wpseo_title":"","_yoast_wpseo_metadesc":"","_bbp_topic_count":0,"_bbp_reply_count":0,"_bbp_total_topic_count":0,"_bbp_total_reply_count":0,"_bbp_voice_count":0,"_bbp_anonymous_reply_count":0,"_bbp_topic_count_hidden":0,"_bbp_reply_count_hidden":0,"_bbp_forum_subforum_count":0,"footnotes":"","_yoast_wpseo_focuskw_text_input":""},"categories":[5,1,8138],"tags":[],"yoast_head":"<!-- This site is optimized with the Yoast SEO plugin v23.0 - https:\/\/yoast.com\/wordpress\/plugins\/seo\/ -->\n<title>Arjantin&#039;de Devlet Ba\u015fkanl\u0131\u011f\u0131 Se\u00e7imini Milei Kazand\u0131 - The Epoch Times TR<\/title>\n<meta name=\"robots\" content=\"index, follow, max-snippet:-1, max-image-preview:large, max-video-preview:-1\" \/>\n<link rel=\"canonical\" href=\"https:\/\/epochtimestr.com\/index.php\/arjantinde-devlet-baskanligi-secimini-milei-kazandi\" \/>\n<meta property=\"og:locale\" content=\"tr_TR\" \/>\n<meta property=\"og:type\" content=\"article\" \/>\n<meta property=\"og:title\" content=\"Arjantin&#039;de Devlet Ba\u015fkanl\u0131\u011f\u0131 Se\u00e7imini Milei Kazand\u0131 - The Epoch Times TR\" \/>\n<meta property=\"og:description\" content=\"Arjantin&#8217;de devlet ba\u015fkanl\u0131\u011f\u0131 se\u00e7imini &#8216;Arjantin&#8217;in Trump&#8217;\u0131&#8217; olarak bilinen Javier Milei kazand\u0131. G\u00fcney Amerika \u00fclkesi Arjantin, devlet ba\u015fkanl\u0131\u011f\u0131 se\u00e7iminin ikinci turu i\u00e7in 19 Kas\u0131m Pazar g\u00fcn\u00fc sand\u0131k ba\u015f\u0131na gitti. Kat\u0131l\u0131m oran\u0131n\u0131n y\u00fczde 76 oldu\u011fu se\u00e7imin ikinci turunu ilk turu ikinci s\u0131rada tamamlayan fa\u015fist aday Javier Milei kazand\u0131.&nbsp; Sand\u0131klar\u0131n y\u00fczde 94&#8217;\u00fcnden fazlas\u0131n\u0131n a\u00e7\u0131ld\u0131\u011f\u0131 se\u00e7imin ilk sonu\u00e7lar\u0131na g\u00f6re, [&hellip;]\" \/>\n<meta property=\"og:url\" content=\"https:\/\/epochtimestr.com\/index.php\/arjantinde-devlet-baskanligi-secimini-milei-kazandi\" \/>\n<meta property=\"og:site_name\" content=\"The Epoch Times TR\" \/>\n<meta property=\"article:publisher\" content=\"https:\/\/www.facebook.com\/theepochtimestr\" \/>\n<meta property=\"article:published_time\" content=\"2023-11-20T07:29:48+00:00\" \/>\n<meta property=\"article:modified_time\" content=\"2023-11-20T07:29:50+00:00\" \/>\n<meta property=\"og:image\" content=\"https:\/\/epochtimestr.com\/wp-content\/uploads\/2011y\/javier-milei-youtubescreenshot.png\" \/>\n\t<meta property=\"og:image:width\" content=\"1366\" \/>\n\t<meta property=\"og:image:height\" content=\"768\" \/>\n\t<meta property=\"og:image:type\" content=\"image\/png\" \/>\n<meta name=\"author\" content=\"Haber Merkezi\" \/>\n<meta name=\"twitter:card\" content=\"summary_large_image\" \/>\n<meta name=\"twitter:creator\" content=\"@TheEpochTimesTR\" \/>\n<meta name=\"twitter:site\" content=\"@TheEpochTimesTR\" \/>\n<meta name=\"twitter:label1\" content=\"Yazan:\" \/>\n\t<meta name=\"twitter:data1\" content=\"Haber Merkezi\" \/>\n\t<meta name=\"twitter:label2\" content=\"Tahmini okuma s\u00fcresi\" \/>\n\t<meta name=\"twitter:data2\" content=\"2 dakika\" \/>\n<script type=\"application\/ld+json\" class=\"yoast-schema-graph\">{\"@context\":\"https:\/\/schema.org\",\"@graph\":[{\"@type\":\"Article\",\"@id\":\"https:\/\/epochtimestr.com\/index.php\/arjantinde-devlet-baskanligi-secimini-milei-kazandi#article\",\"isPartOf\":{\"@id\":\"https:\/\/epochtimestr.com\/index.php\/arjantinde-devlet-baskanligi-secimini-milei-kazandi\"},\"author\":{\"name\":\"Haber Merkezi\",\"@id\":\"https:\/\/epochtimestr.com\/#\/schema\/person\/3dc5c3adeb9f43923c5aa85889172fdd\"},\"headline\":\"Arjantin&#8217;de Devlet Ba\u015fkanl\u0131\u011f\u0131 Se\u00e7imini Milei Kazand\u0131\",\"datePublished\":\"2023-11-20T07:29:48+00:00\",\"dateModified\":\"2023-11-20T07:29:50+00:00\",\"mainEntityOfPage\":{\"@id\":\"https:\/\/epochtimestr.com\/index.php\/arjantinde-devlet-baskanligi-secimini-milei-kazandi\"},\"wordCount\":301,\"publisher\":{\"@id\":\"https:\/\/epochtimestr.com\/#organization\"},\"image\":{\"@id\":\"https:\/\/epochtimestr.com\/index.php\/arjantinde-devlet-baskanligi-secimini-milei-kazandi#primaryimage\"},\"thumbnailUrl\":\"https:\/\/epochtimestr.com\/wp-content\/uploads\/2011y\/javier-milei-youtubescreenshot.png\",\"articleSection\":[\"D\u00dcNYA\",\"G\u00dcNDEM\",\"MAN\u015eET\"],\"inLanguage\":\"tr\"},{\"@type\":\"WebPage\",\"@id\":\"https:\/\/epochtimestr.com\/index.php\/arjantinde-devlet-baskanligi-secimini-milei-kazandi\",\"url\":\"https:\/\/epochtimestr.com\/index.php\/arjantinde-devlet-baskanligi-secimini-milei-kazandi\",\"name\":\"Arjantin'de Devlet Ba\u015fkanl\u0131\u011f\u0131 Se\u00e7imini Milei Kazand\u0131 - The Epoch Times TR\",\"isPartOf\":{\"@id\":\"https:\/\/epochtimestr.com\/#website\"},\"primaryImageOfPage\":{\"@id\":\"https:\/\/epochtimestr.com\/index.php\/arjantinde-devlet-baskanligi-secimini-milei-kazandi#primaryimage\"},\"image\":{\"@id\":\"https:\/\/epochtimestr.com\/index.php\/arjantinde-devlet-baskanligi-secimini-milei-kazandi#primaryimage\"},\"thumbnailUrl\":\"https:\/\/epochtimestr.com\/wp-content\/uploads\/2011y\/javier-milei-youtubescreenshot.png\",\"datePublished\":\"2023-11-20T07:29:48+00:00\",\"dateModified\":\"2023-11-20T07:29:50+00:00\",\"inLanguage\":\"tr\",\"potentialAction\":[{\"@type\":\"ReadAction\",\"target\":[\"https:\/\/epochtimestr.com\/index.php\/arjantinde-devlet-baskanligi-secimini-milei-kazandi\"]}]},{\"@type\":\"ImageObject\",\"inLanguage\":\"tr\",\"@id\":\"https:\/\/epochtimestr.com\/index.php\/arjantinde-devlet-baskanligi-secimini-milei-kazandi#primaryimage\",\"url\":\"https:\/\/epochtimestr.com\/wp-content\/uploads\/2011y\/javier-milei-youtubescreenshot.png\",\"contentUrl\":\"https:\/\/epochtimestr.com\/wp-content\/uploads\/2011y\/javier-milei-youtubescreenshot.png\",\"width\":1366,\"height\":768},{\"@type\":\"WebSite\",\"@id\":\"https:\/\/epochtimestr.com\/#website\",\"url\":\"https:\/\/epochtimestr.com\/\",\"name\":\"The Epoch Times TR\",\"description\":\"De\u011fi\u015fen D\u00fcnyam\u0131za Taze Bir Bak\u0131\u015f\",\"publisher\":{\"@id\":\"https:\/\/epochtimestr.com\/#organization\"},\"potentialAction\":[{\"@type\":\"SearchAction\",\"target\":{\"@type\":\"EntryPoint\",\"urlTemplate\":\"https:\/\/epochtimestr.com\/?s={search_term_string}\"},\"query-input\":\"required name=search_term_string\"}],\"inLanguage\":\"tr\"},{\"@type\":\"Organization\",\"@id\":\"https:\/\/epochtimestr.com\/#organization\",\"name\":\"The EpochTimes T\u00fcrkiye\",\"url\":\"https:\/\/epochtimestr.com\/\",\"logo\":{\"@type\":\"ImageObject\",\"inLanguage\":\"tr\",\"@id\":\"https:\/\/epochtimestr.com\/#\/schema\/logo\/image\/\",\"url\":\"https:\/\/epochtimestr.com\/wp-content\/uploads\/2011y\/ET-Logo-YG.jpg\",\"contentUrl\":\"https:\/\/epochtimestr.com\/wp-content\/uploads\/2011y\/ET-Logo-YG.jpg\",\"width\":346,\"height\":29,\"caption\":\"The EpochTimes T\u00fcrkiye\"},\"image\":{\"@id\":\"https:\/\/epochtimestr.com\/#\/schema\/logo\/image\/\"},\"sameAs\":[\"https:\/\/www.facebook.com\/theepochtimestr\",\"https:\/\/x.com\/TheEpochTimesTR\",\"https:\/\/www.instagram.com\/epochtimestr\"]},{\"@type\":\"Person\",\"@id\":\"https:\/\/epochtimestr.com\/#\/schema\/person\/3dc5c3adeb9f43923c5aa85889172fdd\",\"name\":\"Haber Merkezi\",\"image\":{\"@type\":\"ImageObject\",\"inLanguage\":\"tr\",\"@id\":\"https:\/\/epochtimestr.com\/#\/schema\/person\/image\/\",\"url\":\"https:\/\/secure.gravatar.com\/avatar\/d73f772ba5a74f28601361e17c2f93e6?s=96&d=mm&r=g\",\"contentUrl\":\"https:\/\/secure.gravatar.com\/avatar\/d73f772ba5a74f28601361e17c2f93e6?s=96&d=mm&r=g\",\"caption\":\"Haber Merkezi\"},\"url\":\"https:\/\/epochtimestr.com\/index.php\/author\/sendag\"}]}<\/script>\n<!-- \/ Yoast SEO plugin. -->","yoast_head_json":{"title":"Arjantin'de Devlet Ba\u015fkanl\u0131\u011f\u0131 Se\u00e7imini Milei Kazand\u0131 - The Epoch Times TR","robots":{"index":"index","follow":"follow","max-snippet":"max-snippet:-1","max-image-preview":"max-image-preview:large","max-video-preview":"max-video-preview:-1"},"canonical":"https:\/\/epochtimestr.com\/index.php\/arjantinde-devlet-baskanligi-secimini-milei-kazandi","og_locale":"tr_TR","og_type":"article","og_title":"Arjantin'de Devlet Ba\u015fkanl\u0131\u011f\u0131 Se\u00e7imini Milei Kazand\u0131 - The Epoch Times TR","og_description":"Arjantin&#8217;de devlet ba\u015fkanl\u0131\u011f\u0131 se\u00e7imini &#8216;Arjantin&#8217;in Trump&#8217;\u0131&#8217; olarak bilinen Javier Milei kazand\u0131. G\u00fcney Amerika \u00fclkesi Arjantin, devlet ba\u015fkanl\u0131\u011f\u0131 se\u00e7iminin ikinci turu i\u00e7in 19 Kas\u0131m Pazar g\u00fcn\u00fc sand\u0131k ba\u015f\u0131na gitti. Kat\u0131l\u0131m oran\u0131n\u0131n y\u00fczde 76 oldu\u011fu se\u00e7imin ikinci turunu ilk turu ikinci s\u0131rada tamamlayan fa\u015fist aday Javier Milei kazand\u0131.&nbsp; Sand\u0131klar\u0131n y\u00fczde 94&#8217;\u00fcnden fazlas\u0131n\u0131n a\u00e7\u0131ld\u0131\u011f\u0131 se\u00e7imin ilk sonu\u00e7lar\u0131na g\u00f6re, [&hellip;]","og_url":"https:\/\/epochtimestr.com\/index.php\/arjantinde-devlet-baskanligi-secimini-milei-kazandi","og_site_name":"The Epoch Times TR","article_publisher":"https:\/\/www.facebook.com\/theepochtimestr","article_published_time":"2023-11-20T07:29:48+00:00","article_modified_time":"2023-11-20T07:29:50+00:00","og_image":[{"width":1366,"height":768,"url":"https:\/\/epochtimestr.com\/wp-content\/uploads\/2011y\/javier-milei-youtubescreenshot.png","type":"image\/png"}],"author":"Haber Merkezi","twitter_card":"summary_large_image","twitter_creator":"@TheEpochTimesTR","twitter_site":"@TheEpochTimesTR","twitter_misc":{"Yazan:":"Haber Merkezi","Tahmini okuma s\u00fcresi":"2 dakika"},"schema":{"@context":"https:\/\/schema.org","@graph":[{"@type":"Article","@id":"https:\/\/epochtimestr.com\/index.php\/arjantinde-devlet-baskanligi-secimini-milei-kazandi#article","isPartOf":{"@id":"https:\/\/epochtimestr.com\/index.php\/arjantinde-devlet-baskanligi-secimini-milei-kazandi"},"author":{"name":"Haber Merkezi","@id":"https:\/\/epochtimestr.com\/#\/schema\/person\/3dc5c3adeb9f43923c5aa85889172fdd"},"headline":"Arjantin&#8217;de Devlet Ba\u015fkanl\u0131\u011f\u0131 Se\u00e7imini Milei Kazand\u0131","datePublished":"2023-11-20T07:29:48+00:00","dateModified":"2023-11-20T07:29:50+00:00","mainEntityOfPage":{"@id":"https:\/\/epochtimestr.com\/index.php\/arjantinde-devlet-baskanligi-secimini-milei-kazandi"},"wordCount":301,"publisher":{"@id":"https:\/\/epochtimestr.com\/#organization"},"image":{"@id":"https:\/\/epochtimestr.com\/index.php\/arjantinde-devlet-baskanligi-secimini-milei-kazandi#primaryimage"},"thumbnailUrl":"https:\/\/epochtimestr.com\/wp-content\/uploads\/2011y\/javier-milei-youtubescreenshot.png","articleSection":["D\u00dcNYA","G\u00dcNDEM","MAN\u015eET"],"inLanguage":"tr"},{"@type":"WebPage","@id":"https:\/\/epochtimestr.com\/index.php\/arjantinde-devlet-baskanligi-secimini-milei-kazandi","url":"https:\/\/epochtimestr.com\/index.php\/arjantinde-devlet-baskanligi-secimini-milei-kazandi","name":"Arjantin'de Devlet Ba\u015fkanl\u0131\u011f\u0131 Se\u00e7imini Milei Kazand\u0131 - The Epoch Times TR","isPartOf":{"@id":"https:\/\/epochtimestr.com\/#website"},"primaryImageOfPage":{"@id":"https:\/\/epochtimestr.com\/index.php\/arjantinde-devlet-baskanligi-secimini-milei-kazandi#primaryimage"},"image":{"@id":"https:\/\/epochtimestr.com\/index.php\/arjantinde-devlet-baskanligi-secimini-milei-kazandi#primaryimage"},"thumbnailUrl":"https:\/\/epochtimestr.com\/wp-content\/uploads\/2011y\/javier-milei-youtubescreenshot.png","datePublished":"2023-11-20T07:29:48+00:00","dateModified":"2023-11-20T07:29:50+00:00","inLanguage":"tr","potentialAction":[{"@type":"ReadAction","target":["https:\/\/epochtimestr.com\/index.php\/arjantinde-devlet-baskanligi-secimini-milei-kazandi"]}]},{"@type":"ImageObject","inLanguage":"tr","@id":"https:\/\/epochtimestr.com\/index.php\/arjantinde-devlet-baskanligi-secimini-milei-kazandi#primaryimage","url":"https:\/\/epochtimestr.com\/wp-content\/uploads\/2011y\/javier-milei-youtubescreenshot.png","contentUrl":"https:\/\/epochtimestr.com\/wp-content\/uploads\/2011y\/javier-milei-youtubescreenshot.png","width":1366,"height":768},{"@type":"WebSite","@id":"https:\/\/epochtimestr.com\/#website","url":"https:\/\/epochtimestr.com\/","name":"The Epoch Times TR","description":"De\u011fi\u015fen D\u00fcnyam\u0131za Taze Bir Bak\u0131\u015f","publisher":{"@id":"https:\/\/epochtimestr.com\/#organization"},"potentialAction":[{"@type":"SearchAction","target":{"@type":"EntryPoint","urlTemplate":"https:\/\/epochtimestr.com\/?s={search_term_string}"},"query-input":"required name=search_term_string"}],"inLanguage":"tr"},{"@type":"Organization","@id":"https:\/\/epochtimestr.com\/#organization","name":"The EpochTimes T\u00fcrkiye","url":"https:\/\/epochtimestr.com\/","logo":{"@type":"ImageObject","inLanguage":"tr","@id":"https:\/\/epochtimestr.com\/#\/schema\/logo\/image\/","url":"https:\/\/epochtimestr.com\/wp-content\/uploads\/2011y\/ET-Logo-YG.jpg","contentUrl":"https:\/\/epochtimestr.com\/wp-content\/uploads\/2011y\/ET-Logo-YG.jpg","width":346,"height":29,"caption":"The EpochTimes T\u00fcrkiye"},"image":{"@id":"https:\/\/epochtimestr.com\/#\/schema\/logo\/image\/"},"sameAs":["https:\/\/www.facebook.com\/theepochtimestr","https:\/\/x.com\/TheEpochTimesTR","https:\/\/www.instagram.com\/epochtimestr"]},{"@type":"Person","@id":"https:\/\/epochtimestr.com\/#\/schema\/person\/3dc5c3adeb9f43923c5aa85889172fdd","name":"Haber Merkezi","image":{"@type":"ImageObject","inLanguage":"tr","@id":"https:\/\/epochtimestr.com\/#\/schema\/person\/image\/","url":"https:\/\/secure.gravatar.com\/avatar\/d73f772ba5a74f28601361e17c2f93e6?s=96&d=mm&r=g","contentUrl":"https:\/\/secure.gravatar.com\/avatar\/d73f772ba5a74f28601361e17c2f93e6?s=96&d=mm&r=g","caption":"Haber Merkezi"},"url":"https:\/\/epochtimestr.com\/index.php\/author\/sendag"}]}},"_links":{"self":[{"href":"https:\/\/epochtimestr.com\/index.php\/wp-json\/wp\/v2\/posts\/148385"}],"collection":[{"href":"https:\/\/epochtimestr.com\/index.php\/wp-json\/wp\/v2\/posts"}],"about":[{"href":"https:\/\/epochtimestr.com\/index.php\/wp-json\/wp\/v2\/types\/post"}],"author":[{"embeddable":true,"href":"https:\/\/epochtimestr.com\/index.php\/wp-json\/wp\/v2\/users\/12791"}],"replies":[{"embeddable":true,"href":"https:\/\/epochtimestr.com\/index.php\/wp-json\/wp\/v2\/comments?post=148385"}],"version-history":[{"count":1,"href":"https:\/\/epochtimestr.com\/index.php\/wp-json\/wp\/v2\/posts\/148385\/revisions"}],"predecessor-version":[{"id":148387,"href":"https:\/\/epochtimestr.com\/index.php\/wp-json\/wp\/v2\/posts\/148385\/revisions\/148387"}],"wp:featuredmedia":[{"embeddable":true,"href":"https:\/\/epochtimestr.com\/index.php\/wp-json\/wp\/v2\/media\/148386"}],"wp:attachment":[{"href":"https:\/\/epochtimestr.com\/index.php\/wp-json\/wp\/v2\/media?parent=148385"}],"wp:term":[{"taxonomy":"category","embeddable":true,"href":"https:\/\/epochtimestr.com\/index.php\/wp-json\/wp\/v2\/categories?post=148385"},{"taxonomy":"post_tag","embeddable":true,"href":"https:\/\/epochtimestr.com\/index.php\/wp-json\/wp\/v2\/tags?post=148385"}],"curies":[{"name":"wp","href":"https:\/\/api.w.org\/{rel}","templated":true}]}}