{"id":148481,"date":"2023-11-26T22:41:09","date_gmt":"2023-11-26T19:41:09","guid":{"rendered":"https:\/\/epochtimestr.com\/?p=148481"},"modified":"2023-11-26T22:41:15","modified_gmt":"2023-11-26T19:41:15","slug":"israil-ve-hamas-ateskes-konusunda-anlasmaya-vardi","status":"publish","type":"post","link":"https:\/\/epochtimestr.com\/index.php\/israil-ve-hamas-ateskes-konusunda-anlasmaya-vardi","title":{"rendered":"\u0130srail ve Hamas Ate\u015fkes Konusunda Anla\u015fmaya Vard\u0131"},"content":{"rendered":"\n<h2 class=\"wp-block-heading\">Anla\u015fmaya g\u00f6re, d\u00f6rt g\u00fcnl\u00fck ate\u015fkes s\u0131ras\u0131nda 50 rehine serbest b\u0131rak\u0131lacak.<\/h2>\n\n\n\n<p>\u0130srail h\u00fck\u00fcmeti, \u0130srail Kabinesinin 22 Kas\u0131m \u00c7ar\u015famba sabah\u0131 erken saatlerde anla\u015fman\u0131n onaylad\u0131\u011f\u0131n\u0131 duyurdu. Hamas ve \u0130srail ate\u015fkes ve rehinelerin serbest b\u0131rak\u0131lmas\u0131 anla\u015fmas\u0131 <a href=\"https:\/\/epochtimestr.com\/index.php\/katar-israil-hamas-muzakereleri-icin-hayati-onem-tasiyor\" target=\"_blank\" rel=\"noreferrer noopener\">Katar arac\u0131l\u0131\u011f\u0131yla<\/a> yap\u0131ld\u0131.<\/p>\n\n\n<div class=\"wp-block-image\">\n<figure class=\"aligncenter size-full\"><img loading=\"lazy\" decoding=\"async\" width=\"937\" height=\"649\" src=\"https:\/\/epochtimestr.com\/wp-content\/uploads\/2011y\/October_2023_Gaza\u2212Israel_conflict_fixed_version.jpg\" alt=\"\" class=\"wp-image-148482\" srcset=\"https:\/\/epochtimestr.com\/wp-content\/uploads\/2011y\/October_2023_Gaza\u2212Israel_conflict_fixed_version.jpg 937w, https:\/\/epochtimestr.com\/wp-content\/uploads\/2011y\/October_2023_Gaza\u2212Israel_conflict_fixed_version-300x208.jpg 300w, https:\/\/epochtimestr.com\/wp-content\/uploads\/2011y\/October_2023_Gaza\u2212Israel_conflict_fixed_version-150x104.jpg 150w, https:\/\/epochtimestr.com\/wp-content\/uploads\/2011y\/October_2023_Gaza\u2212Israel_conflict_fixed_version-768x532.jpg 768w\" sizes=\"(max-width: 937px) 100vw, 937px\" \/><figcaption class=\"wp-element-caption\"><em>\u0130srail ve Hamas ate\u015fkes anla\u015fmas\u0131 \u00f6ncesi sava\u015f haritas\u0131 Ekim 2023 (Foto\u011fraf: Ecrusized, Wikimedia)<\/em><\/figcaption><\/figure><\/div>\n\n\n<p>\u0130srail ve Hamas ate\u015fkes anla\u015fmas\u0131nda, en az 50 rehinenin d\u00f6rt g\u00fcn i\u00e7inde serbest b\u0131rak\u0131lmas\u0131 \u00f6ng\u00f6r\u00fcl\u00fcyor. Yaln\u0131zca kad\u0131n ve \u00e7ocuklardan olu\u015fan 240 rehine bulunuyor. Ayr\u0131ca bu s\u00fcre zarf\u0131nda \u201csava\u015fa ara verilecek.\u201d \u0130srail h\u00fck\u00fcmeti, serbest b\u0131rak\u0131lan her 10 rehine i\u00e7in ara s\u00fcresine \u201cbir g\u00fcn\u201d eklenece\u011fini s\u00f6yledi.<\/p>\n\n\n\n<p>A\u00e7\u0131klamada \u015fu ifadelere yer verildi: \u201c\u0130srail h\u00fck\u00fcmeti, IDF ve g\u00fcvenlik g\u00fc\u00e7leri sava\u015f\u0131 s\u00fcrd\u00fcrecek. Sava\u015f\u0131n sona erme ko\u015fullar\u0131 t\u00fcm rehineleri geri almak, Hamas\u2019\u0131 tamamen ortadan kald\u0131r\u0131lmak ve Gazze\u2019den \u0130srail Devleti\u2019ne y\u00f6nelik herhangi bir tehdidin yeniden ortaya \u00e7\u0131kmayaca\u011f\u0131ndan emin olmakt\u0131r\u201d.<\/p>\n\n\n\n<p>Hamas ve ABD\u2019li yetkililer, anla\u015fman\u0131n \u0130srail hapishanelerindeki tutuklular\u0131n <a href=\"https:\/\/epochtimestr.com\/index.php\/israil-39-filistinli-mahkumu-serbest-birakacak\" target=\"_blank\" rel=\"noreferrer noopener\">serbest b\u0131rak\u0131lmas\u0131n\u0131<\/a> da i\u00e7erdi\u011fini s\u00f6yledi. \u0130srail hapishanelerinde tamam\u0131 kad\u0131n ve \u00e7ocuk 150 Filistinli bulunuyor. Ayr\u0131ca anla\u015fmada, Gazze\u2019ye yap\u0131lan insani yard\u0131m\u0131n art\u0131r\u0131lmas\u0131na olanak sa\u011flanmas\u0131 da \u015fart ko\u015fuluyor. Bunun i\u00e7in \u00e7at\u0131\u015fmalar d\u00f6rt g\u00fcn duraklayacak.<\/p>\n\n\n\n<h3 class=\"wp-block-heading\"><strong>\u0130srail ve Hamas Ate\u015fkesinde Katar ve M\u0131s\u0131r Deste\u011fi<\/strong><\/h3>\n\n\n\n<p>ABD Ba\u015fkan\u0131 Joe Biden, Katar \u015eeyh Tamim bin Hamad Al-Thani ve M\u0131s\u0131r Devlet Ba\u015fkan\u0131 Abd\u00fclfettah El-Sisi\u2019ye anla\u015fmaya var\u0131lmas\u0131ndaki \u201cliderliklerinden\u201d dolay\u0131 te\u015fekk\u00fcr etti. T\u00fcm Amerikal\u0131 rehineler serbest b\u0131rak\u0131l\u0131ncaya kadar \u201cdurmayaca\u011f\u0131n\u0131n\u201d s\u00f6z\u00fcn\u00fc verdi.<\/p>\n\n\n\n<p>ABD Ba\u015fkan\u0131 Biden yapt\u0131\u011f\u0131 a\u00e7\u0131klamada, \u201c\u0130srail Ba\u015fbakan\u0131 Benjamin Netanyahu ve h\u00fck\u00fcmetinin g\u00f6sterdikleri kararl\u0131l\u0131\u011f\u0131 takdir ediyorum. Bu anla\u015fman\u0131n tam olarak yerine getirilmesi i\u00e7in, duraklaman\u0131n uzat\u0131lmas\u0131n\u0131 desteklediler. B\u00f6ylece Gazze\u2019deki masum Filistinli ailelerin ac\u0131lar\u0131n\u0131 hafifletmek i\u00e7in ek insani yard\u0131m ula\u015fmas\u0131n\u0131 sa\u011flad\u0131lar\u201d dedi.<\/p>\n\n\n\n<p>S\u00f6zlerine, \u201cBu anla\u015fman\u0131n b\u00fct\u00fcn\u00fcyle yerine getirilmesini sa\u011flamak i\u00e7in \u00e7al\u0131\u015f\u0131yoruz. Bu arada liderlerin her biriyle konu\u015fmay\u0131 ve yak\u0131n temasta kalmay\u0131 sab\u0131rs\u0131zl\u0131kla bekliyorum\u201d diye devam etti. \u201cBu anla\u015fman\u0131n t\u00fcm y\u00f6nlerinin tam olarak uygulanmas\u0131 \u00f6nemli.\u201d<\/p>\n\n\n\n<p>Beyaz Saray\u2019dan bildirildi\u011fine g\u00f6re haftalar s\u00fcren kapsaml\u0131 m\u00fczakerelerin sonucunda \u0130srail ve Hamas bir anla\u015fmaya vard\u0131. M\u00fczakerelere ABD, Katar, M\u0131s\u0131r, Hamas ve \u0130srail de dahil oldu.<\/p>\n\n\n\n<p>\u00dcst d\u00fczey bir beyaz saray yetkilisi, gazetecilerle telefonla g\u00f6r\u00fc\u015ferek, anla\u015fman\u0131n \u00f6n de\u011ferlendirmesini yapt\u0131. \u201cBa\u015fkan, bu s\u00fcrecin neredeyse her saatinde, do\u011frudan ve ki\u015fisel olarak var oldu\u201d dedi.<\/p>\n\n\n\n<p>Sava\u015f\u0131 ate\u015fleyen, 7 Ekim\u2019de Hamas\u2019\u0131n \u0130sraillilere y\u00f6nelik \u00f6l\u00fcmc\u00fcl s\u0131n\u0131r \u00f6tesi sald\u0131r\u0131s\u0131 oldu. Sald\u0131r\u0131n\u0131n ard\u0131ndan tahminen 236 rehine Gazze\u2019ye g\u00f6t\u00fcrd\u00fc. Rehineler aras\u0131nda tahminen yakla\u015f\u0131k bir d\u00fczine ABD vatanda\u015f\u0131 da var.<\/p>\n\n\n\n<p>Biden, \u201cBa\u015fkan olarak, d\u00fcnya \u00e7ap\u0131nda rehin tutulan Amerikal\u0131lar\u0131n g\u00fcvenli\u011fini sa\u011flamaktan daha y\u00fcksek bir \u00f6nceli\u011fim yok. Bu nedenle, Hamas\u2019\u0131n ac\u0131mas\u0131z sald\u0131r\u0131s\u0131n\u0131n ilk anlar\u0131ndan itibaren, ulusal g\u00fcvenlik ekibimle birlikte \u00e7al\u0131\u015ft\u0131k\u201d dedi. \u201cVatanda\u015flar\u0131m\u0131z\u0131n serbest b\u0131rak\u0131lmas\u0131n\u0131 sa\u011flamak i\u00e7in m\u00fcmk\u00fcn olan her \u015feyi yapt\u0131k. Bu ama\u00e7la b\u00f6lgesel ortaklarla yak\u0131n i\u015fbirli\u011fi i\u00e7inde \u00e7al\u0131\u015ft\u0131k.\u201d<\/p>\n\n\n\n<p>Beyaz Saray\u2019dan bildirildi\u011fine g\u00f6re, anla\u015fma kapsam\u0131nda \u00fc\u00e7 Amerikal\u0131n\u0131n serbest b\u0131rak\u0131lmas\u0131 bekleniyor. Bunlardan biri de ebeveynleri 7 Ekim\u2019de \u00f6ld\u00fcr\u00fclen 3 ya\u015f\u0131ndaki bir k\u0131z \u00e7ocu\u011fu.<\/p>\n\n\n\n<p>\u00dcst d\u00fczey bir Beyaz Saray y\u00f6neticisi 21 Kas\u0131m Sal\u0131 g\u00fcn\u00fc gazetecilere bir deme\u00e7 verdi. \u201cAnla\u015fma \u015fu anda ilk a\u015famada kad\u0131nlar ve \u00e7ocuklar i\u00e7in yap\u0131land\u0131r\u0131lm\u0131\u015ft\u0131r. Ancak daha fazla rehinenin serbest b\u0131rak\u0131lmas\u0131 bekleniyor\u201d dedi.<\/p>\n\n\n\n<h3 class=\"wp-block-heading\"><strong>Rehineler Serbest B\u0131rak\u0131ld\u0131<\/strong><\/h3>\n\n\n\n<p>\u00d6nce bas\u0131nda, alt\u0131nc\u0131 haftas\u0131nda olan \u00e7at\u0131\u015fman\u0131n durdurulaca\u011f\u0131 konusunda haberler \u00e7\u0131kt\u0131. Ard\u0131ndan, \u0130srail ve Hamas\u2019\u0131n rehinelerin serbest b\u0131rak\u0131lmas\u0131 kar\u015f\u0131l\u0131\u011f\u0131nda bir anla\u015fmaya varmaya yak\u0131n olduklar\u0131 duyuruldu.<\/p>\n\n\n\n<p>Katar, Hamas ile \u0130srail aras\u0131ndaki m\u00fczakerelerde arabulucu olarak g\u00f6rev yapt\u0131. Daha \u00f6nce Katar D\u0131\u015fi\u015fleri Bakanl\u0131\u011f\u0131 s\u00f6zc\u00fcs\u00fc Majed Al-Ansari bir a\u00e7\u0131klama yapt\u0131. Rehinelerin serbest b\u0131rak\u0131lmas\u0131 teklifinin 21 Ekim Sal\u0131 g\u00fcn\u00fc \u0130srail\u2019e g\u00f6nderildi\u011fini s\u00f6yledi.<\/p>\n\n\n\n<p>Al-Ansari, \u201cKatar Devleti, \u0130srail h\u00fck\u00fcmetinin teklife ili\u015fkin oylamas\u0131n\u0131n sonucunu bekliyor\u201d dedi.<\/p>\n\n\n\n<p>Netanyahu, \u0130srail\u2019in Hamas\u2019a y\u00f6nelik sald\u0131r\u0131s\u0131n\u0131n ate\u015fkes biter bitmez ba\u015flayaca\u011f\u0131n\u0131n <a href=\"https:\/\/www.theepochtimes.com\/world\/israeli-foreign-minister-vows-hamas-war-will-resume-after-prisoner-swap-rebuffing-calls-to-end-fighting-5535333\" target=\"_blank\" rel=\"noreferrer noopener\">s\u00f6z\u00fcn\u00fc verdi<\/a>. Rehinelerin serbest b\u0131rak\u0131lmas\u0131 anla\u015fmas\u0131n\u0131n duyurulmas\u0131ndan \u00f6nce, anla\u015fmay\u0131 oylamak i\u00e7in sava\u015f kabinesini toplant\u0131ya \u00e7a\u011f\u0131rd\u0131.<\/p>\n\n\n\n<p>Kabine toplant\u0131s\u0131nda \u201cSava\u015ftay\u0131z ve t\u00fcm hedeflerimize ula\u015fana kadar sava\u015fa devam edece\u011fiz. Hamas\u2019\u0131 yok etmek, t\u00fcm rehinelerimizi geri almak ve Gazze\u2019deki kimsenin \u0130srail\u2019i tehdit edememesini sa\u011flamak\u201d dedi.<\/p>\n\n\n\n<p>Hamas\u2019\u0131n 7 Ekim\u2019de \u0130srail\u2019de d\u00fczenledi\u011fi s\u00fcrpriz sald\u0131r\u0131n\u0131n ard\u0131ndan en az 1.200 sivil ve asker hayat\u0131n\u0131 kaybetti.<\/p>\n\n\n\n<p>O g\u00fcnden bu yana \u0130srail Gazze\u2019de askeri operasyon y\u00fcr\u00fct\u00fcyor. Hamas taraf\u0131ndan y\u00f6netilen Gazze Sa\u011fl\u0131k Bakanl\u0131\u011f\u0131\u2019na g\u00f6re, bu operasyonlar 14.000\u2019den fazla Filistinlinin \u00f6l\u00fcm\u00fcne yol a\u00e7t\u0131. 10 kat\u0131ndan fazla can alan \u0130srail, bu eylemleri soyk\u0131r\u0131m de\u011fil savunma olarak nitelendiriyor.<\/p>\n\n\n\n<p>Netanyahu uluslararas\u0131 ate\u015fkes \u00e7a\u011fr\u0131lar\u0131n\u0131 geri \u00e7eviriyor. Yak\u0131n zamanda televizyonda yay\u0131nlanan bir konu\u015fmas\u0131nda \u0130srail\u2019in \u201ctam g\u00fc\u00e7le\u201d sava\u015fmaya devam edece\u011fine s\u00f6z verdi.<\/p>\n\n\n\n<p>Netanyahu ayr\u0131ca sava\u015ftan sonra Gazze\u2019nin askerden ar\u0131nd\u0131r\u0131laca\u011f\u0131n\u0131 ve \u0130srail\u2019in g\u00fcvenlik kontrol\u00fcn\u00fc elinde tutaca\u011f\u0131n\u0131 a\u00e7\u0131klad\u0131. \u0130srail g\u00fc\u00e7lerinin ter\u00f6ristleri avlamak i\u00e7in Gazze\u2019ye serbest\u00e7e girebilece\u011fini \u00f6ne s\u00fcrd\u00fc.<\/p>\n\n\n\n<p>\u0130srail, Hamas\u2019\u0131 askeri komutay\u0131 gizlemek i\u00e7in hastaneleri ve hastanedeki hastalar\u0131 canl\u0131 kalkan olarak kullanmakla su\u00e7lad\u0131. Hem Hamas hem de Gazze\u2019deki hastaneler bu iddialar\u0131 yalanlad\u0131.<\/p>\n\n\n\n<p>Beyaz Saray ge\u00e7en hafta Gazze\u2019nin en b\u00fcy\u00fck hastanesi El \u015eifa\u2019n\u0131n alt\u0131nda silahlar\u0131n depoland\u0131\u011f\u0131 bir komuta merkezinin bulundu\u011funu do\u011frulad\u0131. Bunu \u201csava\u015f su\u00e7u\u201d olarak nitelendirdi.<\/p>\n\n\n\n<p><em>Yazanlar: <\/em>Emel Akan ve Caden Pearson, The Epoch Times<\/p>\n\n\n\n<p><em>\u00c7eviren:<\/em> Hatice Atmaca, The Epoch Times T\u00fcrkiye<\/p>\n","protected":false},"excerpt":{"rendered":"<p>Anla\u015fmaya g\u00f6re, d\u00f6rt g\u00fcnl\u00fck ate\u015fkes s\u0131ras\u0131nda 50 rehine serbest b\u0131rak\u0131lacak. \u0130srail h\u00fck\u00fcmeti, \u0130srail Kabinesinin 22 Kas\u0131m \u00c7ar\u015famba sabah\u0131 erken saatlerde anla\u015fman\u0131n onaylad\u0131\u011f\u0131n\u0131 duyurdu. Hamas ve \u0130srail ate\u015fkes ve rehinelerin serbest b\u0131rak\u0131lmas\u0131 anla\u015fmas\u0131 Katar arac\u0131l\u0131\u011f\u0131yla yap\u0131ld\u0131. \u0130srail ve Hamas ate\u015fkes anla\u015fmas\u0131nda, en az 50 rehinenin d\u00f6rt g\u00fcn i\u00e7inde serbest b\u0131rak\u0131lmas\u0131 \u00f6ng\u00f6r\u00fcl\u00fcyor. Yaln\u0131zca kad\u0131n ve \u00e7ocuklardan olu\u015fan [&hellip;]<\/p>\n","protected":false},"author":12379,"featured_media":148482,"comment_status":"closed","ping_status":"open","sticky":false,"template":"","format":"standard","meta":{"_yoast_wpseo_focuskw":"Hamas Ate\u015fkes","_yoast_wpseo_title":"%%title%% %%page%% %%sep%%","_yoast_wpseo_metadesc":"\u0130srail ve Hamas aras\u0131nda, ate\u015fkes ve rehinelerin serbest b\u0131rak\u0131lmas\u0131 anla\u015fmas\u0131 yap\u0131ld\u0131.","_bbp_topic_count":0,"_bbp_reply_count":0,"_bbp_total_topic_count":0,"_bbp_total_reply_count":0,"_bbp_voice_count":0,"_bbp_anonymous_reply_count":0,"_bbp_topic_count_hidden":0,"_bbp_reply_count_hidden":0,"_bbp_forum_subforum_count":0,"footnotes":"","_yoast_wpseo_focuskw_text_input":""},"categories":[5,519,60],"tags":[1663,8307,8308],"yoast_head":"<!-- This site is optimized with the Yoast SEO plugin v23.0 - https:\/\/yoast.com\/wordpress\/plugins\/seo\/ -->\n<title>\u0130srail ve Hamas Ate\u015fkes Konusunda Anla\u015fmaya Vard\u0131 -<\/title>\n<meta name=\"description\" content=\"\u0130srail ve Hamas aras\u0131nda, ate\u015fkes ve rehinelerin serbest b\u0131rak\u0131lmas\u0131 anla\u015fmas\u0131 yap\u0131ld\u0131.\" \/>\n<meta name=\"robots\" content=\"index, follow, max-snippet:-1, max-image-preview:large, max-video-preview:-1\" \/>\n<link rel=\"canonical\" href=\"https:\/\/epochtimestr.com\/index.php\/israil-ve-hamas-ateskes-konusunda-anlasmaya-vardi\" \/>\n<meta property=\"og:locale\" content=\"tr_TR\" \/>\n<meta property=\"og:type\" content=\"article\" \/>\n<meta property=\"og:title\" content=\"\u0130srail ve Hamas Ate\u015fkes Konusunda Anla\u015fmaya Vard\u0131 -\" \/>\n<meta property=\"og:description\" content=\"\u0130srail ve Hamas aras\u0131nda, ate\u015fkes ve rehinelerin serbest b\u0131rak\u0131lmas\u0131 anla\u015fmas\u0131 yap\u0131ld\u0131.\" \/>\n<meta property=\"og:url\" content=\"https:\/\/epochtimestr.com\/index.php\/israil-ve-hamas-ateskes-konusunda-anlasmaya-vardi\" \/>\n<meta property=\"og:site_name\" content=\"The Epoch Times TR\" \/>\n<meta property=\"article:publisher\" content=\"https:\/\/www.facebook.com\/theepochtimestr\" \/>\n<meta property=\"article:published_time\" content=\"2023-11-26T19:41:09+00:00\" \/>\n<meta property=\"article:modified_time\" content=\"2023-11-26T19:41:15+00:00\" \/>\n<meta property=\"og:image\" content=\"https:\/\/epochtimestr.com\/wp-content\/uploads\/2011y\/October_2023_Gaza\u2212Israel_conflict_fixed_version.jpg\" \/>\n\t<meta property=\"og:image:width\" content=\"937\" \/>\n\t<meta property=\"og:image:height\" content=\"649\" \/>\n\t<meta property=\"og:image:type\" content=\"image\/jpeg\" \/>\n<meta name=\"author\" content=\"Hatice Atmaca\" \/>\n<meta name=\"twitter:card\" content=\"summary_large_image\" \/>\n<meta name=\"twitter:creator\" content=\"@TheEpochTimesTR\" \/>\n<meta name=\"twitter:site\" content=\"@TheEpochTimesTR\" \/>\n<meta name=\"twitter:label1\" content=\"Yazan:\" \/>\n\t<meta name=\"twitter:data1\" content=\"Hatice Atmaca\" \/>\n\t<meta name=\"twitter:label2\" content=\"Tahmini okuma s\u00fcresi\" \/>\n\t<meta name=\"twitter:data2\" content=\"5 dakika\" \/>\n<script type=\"application\/ld+json\" class=\"yoast-schema-graph\">{\"@context\":\"https:\/\/schema.org\",\"@graph\":[{\"@type\":\"Article\",\"@id\":\"https:\/\/epochtimestr.com\/index.php\/israil-ve-hamas-ateskes-konusunda-anlasmaya-vardi#article\",\"isPartOf\":{\"@id\":\"https:\/\/epochtimestr.com\/index.php\/israil-ve-hamas-ateskes-konusunda-anlasmaya-vardi\"},\"author\":{\"name\":\"Hatice Atmaca\",\"@id\":\"https:\/\/epochtimestr.com\/#\/schema\/person\/a515b4166e91977b7e9f483ceb142459\"},\"headline\":\"\u0130srail ve Hamas Ate\u015fkes Konusunda Anla\u015fmaya Vard\u0131\",\"datePublished\":\"2023-11-26T19:41:09+00:00\",\"dateModified\":\"2023-11-26T19:41:15+00:00\",\"mainEntityOfPage\":{\"@id\":\"https:\/\/epochtimestr.com\/index.php\/israil-ve-hamas-ateskes-konusunda-anlasmaya-vardi\"},\"wordCount\":1151,\"publisher\":{\"@id\":\"https:\/\/epochtimestr.com\/#organization\"},\"image\":{\"@id\":\"https:\/\/epochtimestr.com\/index.php\/israil-ve-hamas-ateskes-konusunda-anlasmaya-vardi#primaryimage\"},\"thumbnailUrl\":\"https:\/\/epochtimestr.com\/wp-content\/uploads\/2011y\/October_2023_Gaza\u2212Israel_conflict_fixed_version.jpg\",\"keywords\":[\"Ate\u015fkes\",\"\u0130srail Hama\u015f Sava\u015f\u0131\",\"Rehineler\"],\"articleSection\":[\"D\u00dcNYA\",\"ED\u0130T\u00d6R\u00dcN SE\u00c7\u0130M\u0130\",\"Taslak'da b\u0131rak\"],\"inLanguage\":\"tr\"},{\"@type\":\"WebPage\",\"@id\":\"https:\/\/epochtimestr.com\/index.php\/israil-ve-hamas-ateskes-konusunda-anlasmaya-vardi\",\"url\":\"https:\/\/epochtimestr.com\/index.php\/israil-ve-hamas-ateskes-konusunda-anlasmaya-vardi\",\"name\":\"\u0130srail ve Hamas Ate\u015fkes Konusunda Anla\u015fmaya Vard\u0131 -\",\"isPartOf\":{\"@id\":\"https:\/\/epochtimestr.com\/#website\"},\"primaryImageOfPage\":{\"@id\":\"https:\/\/epochtimestr.com\/index.php\/israil-ve-hamas-ateskes-konusunda-anlasmaya-vardi#primaryimage\"},\"image\":{\"@id\":\"https:\/\/epochtimestr.com\/index.php\/israil-ve-hamas-ateskes-konusunda-anlasmaya-vardi#primaryimage\"},\"thumbnailUrl\":\"https:\/\/epochtimestr.com\/wp-content\/uploads\/2011y\/October_2023_Gaza\u2212Israel_conflict_fixed_version.jpg\",\"datePublished\":\"2023-11-26T19:41:09+00:00\",\"dateModified\":\"2023-11-26T19:41:15+00:00\",\"description\":\"\u0130srail ve Hamas aras\u0131nda, ate\u015fkes ve rehinelerin serbest b\u0131rak\u0131lmas\u0131 anla\u015fmas\u0131 yap\u0131ld\u0131.\",\"inLanguage\":\"tr\",\"potentialAction\":[{\"@type\":\"ReadAction\",\"target\":[\"https:\/\/epochtimestr.com\/index.php\/israil-ve-hamas-ateskes-konusunda-anlasmaya-vardi\"]}]},{\"@type\":\"ImageObject\",\"inLanguage\":\"tr\",\"@id\":\"https:\/\/epochtimestr.com\/index.php\/israil-ve-hamas-ateskes-konusunda-anlasmaya-vardi#primaryimage\",\"url\":\"https:\/\/epochtimestr.com\/wp-content\/uploads\/2011y\/October_2023_Gaza\u2212Israel_conflict_fixed_version.jpg\",\"contentUrl\":\"https:\/\/epochtimestr.com\/wp-content\/uploads\/2011y\/October_2023_Gaza\u2212Israel_conflict_fixed_version.jpg\",\"width\":937,\"height\":649},{\"@type\":\"WebSite\",\"@id\":\"https:\/\/epochtimestr.com\/#website\",\"url\":\"https:\/\/epochtimestr.com\/\",\"name\":\"The Epoch Times TR\",\"description\":\"De\u011fi\u015fen D\u00fcnyam\u0131za Taze Bir Bak\u0131\u015f\",\"publisher\":{\"@id\":\"https:\/\/epochtimestr.com\/#organization\"},\"potentialAction\":[{\"@type\":\"SearchAction\",\"target\":{\"@type\":\"EntryPoint\",\"urlTemplate\":\"https:\/\/epochtimestr.com\/?s={search_term_string}\"},\"query-input\":\"required name=search_term_string\"}],\"inLanguage\":\"tr\"},{\"@type\":\"Organization\",\"@id\":\"https:\/\/epochtimestr.com\/#organization\",\"name\":\"The EpochTimes T\u00fcrkiye\",\"url\":\"https:\/\/epochtimestr.com\/\",\"logo\":{\"@type\":\"ImageObject\",\"inLanguage\":\"tr\",\"@id\":\"https:\/\/epochtimestr.com\/#\/schema\/logo\/image\/\",\"url\":\"https:\/\/epochtimestr.com\/wp-content\/uploads\/2011y\/ET-Logo-YG.jpg\",\"contentUrl\":\"https:\/\/epochtimestr.com\/wp-content\/uploads\/2011y\/ET-Logo-YG.jpg\",\"width\":346,\"height\":29,\"caption\":\"The EpochTimes T\u00fcrkiye\"},\"image\":{\"@id\":\"https:\/\/epochtimestr.com\/#\/schema\/logo\/image\/\"},\"sameAs\":[\"https:\/\/www.facebook.com\/theepochtimestr\",\"https:\/\/x.com\/TheEpochTimesTR\",\"https:\/\/www.instagram.com\/epochtimestr\"]},{\"@type\":\"Person\",\"@id\":\"https:\/\/epochtimestr.com\/#\/schema\/person\/a515b4166e91977b7e9f483ceb142459\",\"name\":\"Hatice Atmaca\",\"image\":{\"@type\":\"ImageObject\",\"inLanguage\":\"tr\",\"@id\":\"https:\/\/epochtimestr.com\/#\/schema\/person\/image\/\",\"url\":\"https:\/\/secure.gravatar.com\/avatar\/dd49aabd0aeaecbc0ecbce954119ae42?s=96&d=mm&r=g\",\"contentUrl\":\"https:\/\/secure.gravatar.com\/avatar\/dd49aabd0aeaecbc0ecbce954119ae42?s=96&d=mm&r=g\",\"caption\":\"Hatice Atmaca\"},\"url\":\"https:\/\/epochtimestr.com\/index.php\/author\/hatice\"}]}<\/script>\n<!-- \/ Yoast SEO plugin. -->","yoast_head_json":{"title":"\u0130srail ve Hamas Ate\u015fkes Konusunda Anla\u015fmaya Vard\u0131 -","description":"\u0130srail ve Hamas aras\u0131nda, ate\u015fkes ve rehinelerin serbest b\u0131rak\u0131lmas\u0131 anla\u015fmas\u0131 yap\u0131ld\u0131.","robots":{"index":"index","follow":"follow","max-snippet":"max-snippet:-1","max-image-preview":"max-image-preview:large","max-video-preview":"max-video-preview:-1"},"canonical":"https:\/\/epochtimestr.com\/index.php\/israil-ve-hamas-ateskes-konusunda-anlasmaya-vardi","og_locale":"tr_TR","og_type":"article","og_title":"\u0130srail ve Hamas Ate\u015fkes Konusunda Anla\u015fmaya Vard\u0131 -","og_description":"\u0130srail ve Hamas aras\u0131nda, ate\u015fkes ve rehinelerin serbest b\u0131rak\u0131lmas\u0131 anla\u015fmas\u0131 yap\u0131ld\u0131.","og_url":"https:\/\/epochtimestr.com\/index.php\/israil-ve-hamas-ateskes-konusunda-anlasmaya-vardi","og_site_name":"The Epoch Times TR","article_publisher":"https:\/\/www.facebook.com\/theepochtimestr","article_published_time":"2023-11-26T19:41:09+00:00","article_modified_time":"2023-11-26T19:41:15+00:00","og_image":[{"width":937,"height":649,"url":"https:\/\/epochtimestr.com\/wp-content\/uploads\/2011y\/October_2023_Gaza\u2212Israel_conflict_fixed_version.jpg","type":"image\/jpeg"}],"author":"Hatice Atmaca","twitter_card":"summary_large_image","twitter_creator":"@TheEpochTimesTR","twitter_site":"@TheEpochTimesTR","twitter_misc":{"Yazan:":"Hatice Atmaca","Tahmini okuma s\u00fcresi":"5 dakika"},"schema":{"@context":"https:\/\/schema.org","@graph":[{"@type":"Article","@id":"https:\/\/epochtimestr.com\/index.php\/israil-ve-hamas-ateskes-konusunda-anlasmaya-vardi#article","isPartOf":{"@id":"https:\/\/epochtimestr.com\/index.php\/israil-ve-hamas-ateskes-konusunda-anlasmaya-vardi"},"author":{"name":"Hatice Atmaca","@id":"https:\/\/epochtimestr.com\/#\/schema\/person\/a515b4166e91977b7e9f483ceb142459"},"headline":"\u0130srail ve Hamas Ate\u015fkes Konusunda Anla\u015fmaya Vard\u0131","datePublished":"2023-11-26T19:41:09+00:00","dateModified":"2023-11-26T19:41:15+00:00","mainEntityOfPage":{"@id":"https:\/\/epochtimestr.com\/index.php\/israil-ve-hamas-ateskes-konusunda-anlasmaya-vardi"},"wordCount":1151,"publisher":{"@id":"https:\/\/epochtimestr.com\/#organization"},"image":{"@id":"https:\/\/epochtimestr.com\/index.php\/israil-ve-hamas-ateskes-konusunda-anlasmaya-vardi#primaryimage"},"thumbnailUrl":"https:\/\/epochtimestr.com\/wp-content\/uploads\/2011y\/October_2023_Gaza\u2212Israel_conflict_fixed_version.jpg","keywords":["Ate\u015fkes","\u0130srail Hama\u015f Sava\u015f\u0131","Rehineler"],"articleSection":["D\u00dcNYA","ED\u0130T\u00d6R\u00dcN SE\u00c7\u0130M\u0130","Taslak'da b\u0131rak"],"inLanguage":"tr"},{"@type":"WebPage","@id":"https:\/\/epochtimestr.com\/index.php\/israil-ve-hamas-ateskes-konusunda-anlasmaya-vardi","url":"https:\/\/epochtimestr.com\/index.php\/israil-ve-hamas-ateskes-konusunda-anlasmaya-vardi","name":"\u0130srail ve Hamas Ate\u015fkes Konusunda Anla\u015fmaya Vard\u0131 -","isPartOf":{"@id":"https:\/\/epochtimestr.com\/#website"},"primaryImageOfPage":{"@id":"https:\/\/epochtimestr.com\/index.php\/israil-ve-hamas-ateskes-konusunda-anlasmaya-vardi#primaryimage"},"image":{"@id":"https:\/\/epochtimestr.com\/index.php\/israil-ve-hamas-ateskes-konusunda-anlasmaya-vardi#primaryimage"},"thumbnailUrl":"https:\/\/epochtimestr.com\/wp-content\/uploads\/2011y\/October_2023_Gaza\u2212Israel_conflict_fixed_version.jpg","datePublished":"2023-11-26T19:41:09+00:00","dateModified":"2023-11-26T19:41:15+00:00","description":"\u0130srail ve Hamas aras\u0131nda, ate\u015fkes ve rehinelerin serbest b\u0131rak\u0131lmas\u0131 anla\u015fmas\u0131 yap\u0131ld\u0131.","inLanguage":"tr","potentialAction":[{"@type":"ReadAction","target":["https:\/\/epochtimestr.com\/index.php\/israil-ve-hamas-ateskes-konusunda-anlasmaya-vardi"]}]},{"@type":"ImageObject","inLanguage":"tr","@id":"https:\/\/epochtimestr.com\/index.php\/israil-ve-hamas-ateskes-konusunda-anlasmaya-vardi#primaryimage","url":"https:\/\/epochtimestr.com\/wp-content\/uploads\/2011y\/October_2023_Gaza\u2212Israel_conflict_fixed_version.jpg","contentUrl":"https:\/\/epochtimestr.com\/wp-content\/uploads\/2011y\/October_2023_Gaza\u2212Israel_conflict_fixed_version.jpg","width":937,"height":649},{"@type":"WebSite","@id":"https:\/\/epochtimestr.com\/#website","url":"https:\/\/epochtimestr.com\/","name":"The Epoch Times TR","description":"De\u011fi\u015fen D\u00fcnyam\u0131za Taze Bir Bak\u0131\u015f","publisher":{"@id":"https:\/\/epochtimestr.com\/#organization"},"potentialAction":[{"@type":"SearchAction","target":{"@type":"EntryPoint","urlTemplate":"https:\/\/epochtimestr.com\/?s={search_term_string}"},"query-input":"required name=search_term_string"}],"inLanguage":"tr"},{"@type":"Organization","@id":"https:\/\/epochtimestr.com\/#organization","name":"The EpochTimes T\u00fcrkiye","url":"https:\/\/epochtimestr.com\/","logo":{"@type":"ImageObject","inLanguage":"tr","@id":"https:\/\/epochtimestr.com\/#\/schema\/logo\/image\/","url":"https:\/\/epochtimestr.com\/wp-content\/uploads\/2011y\/ET-Logo-YG.jpg","contentUrl":"https:\/\/epochtimestr.com\/wp-content\/uploads\/2011y\/ET-Logo-YG.jpg","width":346,"height":29,"caption":"The EpochTimes T\u00fcrkiye"},"image":{"@id":"https:\/\/epochtimestr.com\/#\/schema\/logo\/image\/"},"sameAs":["https:\/\/www.facebook.com\/theepochtimestr","https:\/\/x.com\/TheEpochTimesTR","https:\/\/www.instagram.com\/epochtimestr"]},{"@type":"Person","@id":"https:\/\/epochtimestr.com\/#\/schema\/person\/a515b4166e91977b7e9f483ceb142459","name":"Hatice Atmaca","image":{"@type":"ImageObject","inLanguage":"tr","@id":"https:\/\/epochtimestr.com\/#\/schema\/person\/image\/","url":"https:\/\/secure.gravatar.com\/avatar\/dd49aabd0aeaecbc0ecbce954119ae42?s=96&d=mm&r=g","contentUrl":"https:\/\/secure.gravatar.com\/avatar\/dd49aabd0aeaecbc0ecbce954119ae42?s=96&d=mm&r=g","caption":"Hatice Atmaca"},"url":"https:\/\/epochtimestr.com\/index.php\/author\/hatice"}]}},"_links":{"self":[{"href":"https:\/\/epochtimestr.com\/index.php\/wp-json\/wp\/v2\/posts\/148481"}],"collection":[{"href":"https:\/\/epochtimestr.com\/index.php\/wp-json\/wp\/v2\/posts"}],"about":[{"href":"https:\/\/epochtimestr.com\/index.php\/wp-json\/wp\/v2\/types\/post"}],"author":[{"embeddable":true,"href":"https:\/\/epochtimestr.com\/index.php\/wp-json\/wp\/v2\/users\/12379"}],"replies":[{"embeddable":true,"href":"https:\/\/epochtimestr.com\/index.php\/wp-json\/wp\/v2\/comments?post=148481"}],"version-history":[{"count":2,"href":"https:\/\/epochtimestr.com\/index.php\/wp-json\/wp\/v2\/posts\/148481\/revisions"}],"predecessor-version":[{"id":148484,"href":"https:\/\/epochtimestr.com\/index.php\/wp-json\/wp\/v2\/posts\/148481\/revisions\/148484"}],"wp:featuredmedia":[{"embeddable":true,"href":"https:\/\/epochtimestr.com\/index.php\/wp-json\/wp\/v2\/media\/148482"}],"wp:attachment":[{"href":"https:\/\/epochtimestr.com\/index.php\/wp-json\/wp\/v2\/media?parent=148481"}],"wp:term":[{"taxonomy":"category","embeddable":true,"href":"https:\/\/epochtimestr.com\/index.php\/wp-json\/wp\/v2\/categories?post=148481"},{"taxonomy":"post_tag","embeddable":true,"href":"https:\/\/epochtimestr.com\/index.php\/wp-json\/wp\/v2\/tags?post=148481"}],"curies":[{"name":"wp","href":"https:\/\/api.w.org\/{rel}","templated":true}]}}