{"id":148761,"date":"2023-12-11T09:39:54","date_gmt":"2023-12-11T06:39:54","guid":{"rendered":"https:\/\/epochtimestr.com\/?p=148761"},"modified":"2024-08-12T11:40:03","modified_gmt":"2024-08-12T08:40:03","slug":"michelangelonun-saklandigi-bu-gizli-oda-dudak-ucuklatan-eskizlerle-dolu-ama-neden-saklandi","status":"publish","type":"post","link":"https:\/\/epochtimestr.com\/index.php\/michelangelonun-saklandigi-bu-gizli-oda-dudak-ucuklatan-eskizlerle-dolu-ama-neden-saklandi","title":{"rendered":"Michelangelo&#8217;nun Sakland\u0131\u011f\u0131 Bu &#8216;Gizli Oda&#8217; Dudak U\u00e7uklatan Eskizlerle Dolu &#8211; Ama Neden Sakland\u0131?"},"content":{"rendered":"<div class=\"wp-block-image\">\n<figure class=\"aligncenter size-full\"><img loading=\"lazy\" decoding=\"async\" width=\"1200\" height=\"800\" src=\"https:\/\/epochtimestr.com\/wp-content\/uploads\/2011y\/id5527495-3-456-michelangelo-drawing-687-345456.webp\" alt=\"\" class=\"wp-image-148763\" srcset=\"https:\/\/epochtimestr.com\/wp-content\/uploads\/2011y\/id5527495-3-456-michelangelo-drawing-687-345456.webp 1200w, https:\/\/epochtimestr.com\/wp-content\/uploads\/2011y\/id5527495-3-456-michelangelo-drawing-687-345456-300x200.webp 300w, https:\/\/epochtimestr.com\/wp-content\/uploads\/2011y\/id5527495-3-456-michelangelo-drawing-687-345456-150x100.webp 150w, https:\/\/epochtimestr.com\/wp-content\/uploads\/2011y\/id5527495-3-456-michelangelo-drawing-687-345456-768x512.webp 768w\" sizes=\"(max-width: 1200px) 100vw, 1200px\" \/><figcaption class=\"wp-element-caption\">(Arka plan ve ek par\u00e7alar: Musei del Bargello arac\u0131l\u0131\u011f\u0131yla Francesco Fanfani&#8217;nin izniyle, Sol alt ek: Kamu mal\u0131)<\/figcaption><\/figure><\/div>\n\n\n<p>Michelangelo&#8217;nun 1530 y\u0131l\u0131nda Papa&#8217;n\u0131n gazab\u0131ndan ka\u00e7mak i\u00e7in hayat\u0131ndan endi\u015fe eden bir ka\u00e7ak gibi sakland\u0131\u011f\u0131 g\u00fcvenli evi ziyaret edebilirsiniz.<\/p>\n\n\n\n<p>S\u0131k\u0131\u015f\u0131k, dar odan\u0131n duvarlar\u0131na usta ressam\u0131n kendi esirinin grafitisini karalanm\u0131\u015f olarak g\u00f6rebilirsiniz; kendi portresi, Laoco\u00f6n, hatta \u0130sa bile var. Baz\u0131 uzmanlar Sistine \u015eapeli&#8217;nin tavan\u0131ndan al\u0131nm\u0131\u015f bir tarz\u0131n kopyas\u0131 oldu\u011funu d\u00fc\u015f\u00fcn\u00fcyor.<\/p>\n\n\n\n<p>Bu daha \u00f6nce imkans\u0131zd\u0131, ancak Kas\u0131m ay\u0131n\u0131n ortas\u0131ndan itibaren sanat\u00e7\u0131n\u0131n gizli odas\u0131 halk\u0131n gezmesi ve bizzat deneyimlemesi i\u00e7in a\u00e7\u0131k olacak. Orada saklanmak nas\u0131l bir \u015feydi? Onu inzivada klostrofobiye katlanmaya iten neydi?<\/p>\n\n\n\n<p>Hikaye \u015f\u00f6yle devam ediyor, Michelangelo, Papa VII.Clement&#8217;in g\u00f6z\u00fcnden d\u00fc\u015ft\u00fc ve Sagrestia Nuova&#8217;ya s\u0131\u011f\u0131nd\u0131. Michelangelo&#8217;nun kendi tasar\u0131m\u0131 olan bu yeni mozole, Floransa&#8217;n\u0131n \u00fcnl\u00fc kubbeli Piazza di Madonna degli Aldobrandini&#8217;nin i\u00e7indeki birka\u00e7 \u015fapelden biridir. Bir mahzende, elinde zamandan ba\u015fka bir \u015fey olmayan sanat\u00e7\u0131, birka\u00e7 par\u00e7a k\u00f6m\u00fcr kullanarak d\u00fcz duvarlar\u0131 g\u00fczelle\u015ftirmeye ba\u015flad\u0131.<\/p>\n\n\n<div class=\"wp-block-image\">\n<figure class=\"aligncenter size-full\"><img loading=\"lazy\" decoding=\"async\" width=\"1200\" height=\"800\" src=\"https:\/\/epochtimestr.com\/wp-content\/uploads\/2011y\/id5527368-2368-michelangelo-drawing-687-345456.webp\" alt=\"\" class=\"wp-image-148764\" srcset=\"https:\/\/epochtimestr.com\/wp-content\/uploads\/2011y\/id5527368-2368-michelangelo-drawing-687-345456.webp 1200w, https:\/\/epochtimestr.com\/wp-content\/uploads\/2011y\/id5527368-2368-michelangelo-drawing-687-345456-300x200.webp 300w, https:\/\/epochtimestr.com\/wp-content\/uploads\/2011y\/id5527368-2368-michelangelo-drawing-687-345456-150x100.webp 150w, https:\/\/epochtimestr.com\/wp-content\/uploads\/2011y\/id5527368-2368-michelangelo-drawing-687-345456-768x512.webp 768w\" sizes=\"(max-width: 1200px) 100vw, 1200px\" \/><figcaption class=\"wp-element-caption\">(Francesco Fanfani&#8217;nin izniyle Musei del Bargello arac\u0131l\u0131\u011f\u0131yla)<\/figcaption><\/figure><\/div>\n\n\n<p>Bu, cumhuriyet\u00e7i bir h\u00fck\u00fcmetin Floransa&#8217;y\u0131 y\u00f6neten M\u00e9dici ailesini devirerek 1527&#8217;de \u015fehirden s\u00fcrd\u00fc\u011f\u00fc k\u0131sa bir karga\u015fadan sonrayd\u0131. Michelangelo kentin savunma amiri olarak g\u00f6rev yapm\u0131\u015f ve M\u00e9dici dostu g\u00fc\u00e7lere kar\u015f\u0131 surlar\u0131n g\u00fc\u00e7lendirilmesine yard\u0131mc\u0131 olmu\u015ftu. G\u00fc\u00e7l\u00fc M\u00e9dici&#8217;lere kar\u015f\u0131 \u00e7\u0131kmak, ge\u00e7imi i\u00e7in aileye ba\u011f\u0131ml\u0131 olan sanat\u00e7\u0131 i\u00e7in biraz mant\u0131ks\u0131zd\u0131. Ama meydan okudu. Sonu\u00e7 olarak lanete u\u011frad\u0131.<\/p>\n\n\n\n<p>Ancak devrim k\u0131sa s\u00fcrd\u00fc. 10 ay s\u00fcren m\u00fccadelenin ard\u0131ndan, kendisi de bir M\u00e9dici olan Papa Clement VII ve ailesi \u015fehri geri kazand\u0131. \u0130syan sempatizanlar\u0131 cezaland\u0131r\u0131ld\u0131. Michelangelo&#8217;nun arkada\u015f\u0131 San Lorenzo Ba\u015frahibi Giovan Battista Figiovanni, onu M\u00e9dici&#8217;lerden Sagrestia Nuova&#8217;daki bir mahzende saklad\u0131. Sadece 3 metre (9,8 fit) geni\u015fli\u011finde, 10 metre (32,8 fit) uzunlu\u011funda ve 2,5 metre (8,2 fit) y\u00fcksekli\u011finde olan bu mahzen, g\u00fcn\u00fcm\u00fczde Michelangelo&#8217;nun gizli odas\u0131 olarak adland\u0131r\u0131lmaktad\u0131r.<\/p>\n\n\n\n<p>\u0130nsan anatomisi, sanat\u00e7\u0131 taraf\u0131ndan d\u0131\u015favurumcu f\u0131r\u00e7a darbeleri ve da\u011f\u0131n\u0131k eskizlerin yan\u0131 s\u0131ra daha rafine yak\u0131n plan \u00e7izimlerle inceleniyor. Baz\u0131lar\u0131 neredeyse b\u00fct\u00fcn fig\u00fcrler sunarken, di\u011ferleri alt uzuvlar, omuzlar ve ba\u015f gibi detaylar\u0131n incelenmesidir. Sanat\u00e7\u0131, y\u0131lanlar taraf\u0131ndan \u00f6ld\u00fcr\u00fcl\u00fcrken ac\u0131 i\u00e7inde k\u0131vranan Yunan mitolojisindeki Truval\u0131 rahip Laoco\u00f6n&#8217;\u00fcn \u00e7arp\u0131k y\u00fcz hatlar\u0131ndaki duyguyu yans\u0131t\u0131yor.<\/p>\n\n\n<div class=\"wp-block-image\">\n<figure class=\"aligncenter size-full\"><img loading=\"lazy\" decoding=\"async\" width=\"1200\" height=\"800\" src=\"https:\/\/epochtimestr.com\/wp-content\/uploads\/2011y\/id5527371-Stanza-segreta-di-Michelangelo_Museo-delle-Cappelle-Medicee_Firenze_Foto_Francesco-Fantani_Courtesy-Musei-del-Bargello_6_dettaglio.webp\" alt=\"\" class=\"wp-image-148766\" srcset=\"https:\/\/epochtimestr.com\/wp-content\/uploads\/2011y\/id5527371-Stanza-segreta-di-Michelangelo_Museo-delle-Cappelle-Medicee_Firenze_Foto_Francesco-Fantani_Courtesy-Musei-del-Bargello_6_dettaglio.webp 1200w, https:\/\/epochtimestr.com\/wp-content\/uploads\/2011y\/id5527371-Stanza-segreta-di-Michelangelo_Museo-delle-Cappelle-Medicee_Firenze_Foto_Francesco-Fantani_Courtesy-Musei-del-Bargello_6_dettaglio-300x200.webp 300w, https:\/\/epochtimestr.com\/wp-content\/uploads\/2011y\/id5527371-Stanza-segreta-di-Michelangelo_Museo-delle-Cappelle-Medicee_Firenze_Foto_Francesco-Fantani_Courtesy-Musei-del-Bargello_6_dettaglio-150x100.webp 150w, https:\/\/epochtimestr.com\/wp-content\/uploads\/2011y\/id5527371-Stanza-segreta-di-Michelangelo_Museo-delle-Cappelle-Medicee_Firenze_Foto_Francesco-Fantani_Courtesy-Musei-del-Bargello_6_dettaglio-768x512.webp 768w\" sizes=\"(max-width: 1200px) 100vw, 1200px\" \/><figcaption class=\"wp-element-caption\">(Francesco Fanfani&#8217;nin izniyle Musei del Bargello arac\u0131l\u0131\u011f\u0131yla)<\/figcaption><\/figure><\/div>\n\n<div class=\"wp-block-image\">\n<figure class=\"aligncenter size-full\"><img loading=\"lazy\" decoding=\"async\" width=\"1200\" height=\"800\" src=\"https:\/\/epochtimestr.com\/wp-content\/uploads\/2011y\/id5527370-Stanza-segreta-di-Michelangelo_Museo-delle-Cappelle-Medicee_Firenze_Foto_Francesco-Fantani_Courtesy-Musei-del-Bargello_5_close-up.webp\" alt=\"\" class=\"wp-image-148767\" srcset=\"https:\/\/epochtimestr.com\/wp-content\/uploads\/2011y\/id5527370-Stanza-segreta-di-Michelangelo_Museo-delle-Cappelle-Medicee_Firenze_Foto_Francesco-Fantani_Courtesy-Musei-del-Bargello_5_close-up.webp 1200w, https:\/\/epochtimestr.com\/wp-content\/uploads\/2011y\/id5527370-Stanza-segreta-di-Michelangelo_Museo-delle-Cappelle-Medicee_Firenze_Foto_Francesco-Fantani_Courtesy-Musei-del-Bargello_5_close-up-300x200.webp 300w, https:\/\/epochtimestr.com\/wp-content\/uploads\/2011y\/id5527370-Stanza-segreta-di-Michelangelo_Museo-delle-Cappelle-Medicee_Firenze_Foto_Francesco-Fantani_Courtesy-Musei-del-Bargello_5_close-up-150x100.webp 150w, https:\/\/epochtimestr.com\/wp-content\/uploads\/2011y\/id5527370-Stanza-segreta-di-Michelangelo_Museo-delle-Cappelle-Medicee_Firenze_Foto_Francesco-Fantani_Courtesy-Musei-del-Bargello_5_close-up-768x512.webp 768w\" sizes=\"(max-width: 1200px) 100vw, 1200px\" \/><figcaption class=\"wp-element-caption\">(Francesco Fanfani&#8217;nin izniyle Musei del Bargello arac\u0131l\u0131\u011f\u0131yla)<\/figcaption><\/figure><\/div>\n\n\n<p>Medici \u015eapelleri M\u00fczesi&#8217;nin k\u00fcrat\u00f6r\u00fc Francesca de Luca yapt\u0131\u011f\u0131 a\u00e7\u0131klamada, &#8220;Duvarlar\u0131, tasar\u0131mda b\u00fcy\u00fck netli\u011fi kan\u0131tlayan i\u015faretlerle \u00e7izilmi\u015f, b\u00fcy\u00fck \u00f6l\u00e7\u00fcde an\u0131tsal boyutta \u00e7ok say\u0131da fig\u00fcr eskiziyle dolup ta\u015f\u0131yor gibi g\u00f6r\u00fcn\u00fcyor&#8221; dedi.<\/p>\n\n\n\n<p>Devam ediyor: &#8220;Bunlara, derinlemesine ve y\u00fczeysel analizler aras\u0131nda de\u011fi\u015fen, v\u00fccut detaylar\u0131n\u0131, y\u00fcz hatlar\u0131n\u0131 ve s\u0131ra d\u0131\u015f\u0131 pozlar\u0131 yakalayan \u00e7al\u0131\u015fmalar e\u015flik ediyor.&#8221;<\/p>\n\n\n\n<p>Bir s\u00fcre Michelangelo&#8217;nun kendisini bir kilisenin \u00e7an kulesine kapatt\u0131\u011f\u0131 ya da bir arkada\u015f\u0131yla birlikte sakland\u0131\u011f\u0131 d\u00fc\u015f\u00fcn\u00fcl\u00fcyordu. Sonunda M\u00e9dici&#8217;ler onu affedince ortaya \u00e7\u0131kt\u0131. Ondan nazik\u00e7e Medicilerin mezar\u0131 olan mozoleyi bitirmesini istediler.<\/p>\n\n\n\n<p>Michelangelo&#8217;nun gizli odas\u0131 bir s\u00fcre gizli kald\u0131; 1975 y\u0131l\u0131nda temizlik s\u0131ras\u0131nda duvarlarda testler yap\u0131lana kadar. Restorat\u00f6rler, iki kat s\u0131van\u0131n alt\u0131nda, duvarlarda k\u00f6m\u00fcr ve kan rengi yap\u0131lm\u0131\u015f birka\u00e7 fig\u00fcr buldular. Baz\u0131 \u00e7izimlerin \u00fcst \u00fcste binmesiyle bunlar\u0131n boyutlar\u0131 de\u011fi\u015fiyordu.<\/p>\n\n\n<div class=\"wp-block-image\">\n<figure class=\"aligncenter size-full\"><img loading=\"lazy\" decoding=\"async\" width=\"1200\" height=\"800\" src=\"https:\/\/epochtimestr.com\/wp-content\/uploads\/2011y\/id5527369-Stanza-segreta-di-Michelangelo_Museo-delle-Cappelle-Medicee_Firenze_Foto_Francesco-Fantani_Courtesy-Musei-del-Bargello_4_close-up.webp\" alt=\"\" class=\"wp-image-148768\" srcset=\"https:\/\/epochtimestr.com\/wp-content\/uploads\/2011y\/id5527369-Stanza-segreta-di-Michelangelo_Museo-delle-Cappelle-Medicee_Firenze_Foto_Francesco-Fantani_Courtesy-Musei-del-Bargello_4_close-up.webp 1200w, https:\/\/epochtimestr.com\/wp-content\/uploads\/2011y\/id5527369-Stanza-segreta-di-Michelangelo_Museo-delle-Cappelle-Medicee_Firenze_Foto_Francesco-Fantani_Courtesy-Musei-del-Bargello_4_close-up-300x200.webp 300w, https:\/\/epochtimestr.com\/wp-content\/uploads\/2011y\/id5527369-Stanza-segreta-di-Michelangelo_Museo-delle-Cappelle-Medicee_Firenze_Foto_Francesco-Fantani_Courtesy-Musei-del-Bargello_4_close-up-150x100.webp 150w, https:\/\/epochtimestr.com\/wp-content\/uploads\/2011y\/id5527369-Stanza-segreta-di-Michelangelo_Museo-delle-Cappelle-Medicee_Firenze_Foto_Francesco-Fantani_Courtesy-Musei-del-Bargello_4_close-up-768x512.webp 768w\" sizes=\"(max-width: 1200px) 100vw, 1200px\" \/><figcaption class=\"wp-element-caption\">(Francesco Fanfani&#8217;nin izniyle Musei del Bargello arac\u0131l\u0131\u011f\u0131yla)<\/figcaption><\/figure><\/div>\n\n\n<p>M\u00fczenin o zamanki m\u00fcd\u00fcr\u00fc, Floransa cumhuriyet h\u00fck\u00fcmeti ile M\u00e9diciler aras\u0131ndaki k\u0131sa s\u00fcreli \u00e7eki\u015fme s\u0131ras\u0131nda sanat\u00e7\u0131n\u0131n buraya s\u0131\u011f\u0131nm\u0131\u015f olabilece\u011fi varsay\u0131m\u0131nda bulundu.<\/p>\n\n\n\n<p>1975 y\u0131l\u0131ndan beri bu oda halka kapal\u0131yd\u0131. \u015eimdi, sadece birka\u00e7 g\u00fcn i\u00e7inde, neredeyse elli y\u0131l sonra, nihayet turlar kabul edilecek. Bay de Luca, &#8220;Buras\u0131 bug\u00fcn\u00fcn ziyaret\u00e7ilerine sadece maestronun yarat\u0131m s\u00fcreciyle de\u011fil, ayn\u0131 zamanda onun ilahi bir sanat\u00e7\u0131 olarak mitinin olu\u015fumuna dair alg\u0131yla da do\u011frudan temas kurabilme gibi e\u015fsiz bir deneyim sunuyor&#8221; dedi.<\/p>\n\n\n\n<p>M\u00fcze, 30 Mart&#8217;a kadar devam edecek olan grup rezervasyonlar\u0131na ba\u015flam\u0131\u015ft\u0131r. Ziyaret ba\u015f\u0131na d\u00f6rt ki\u015fiyle s\u0131n\u0131rl\u0131 olan ve haftada en fazla 100 ki\u015finin kat\u0131labilece\u011fi bir tura kat\u0131labilirsiniz. \u0130deal koruma ko\u015fullar\u0131n\u0131 sa\u011flamak i\u00e7in gruplar bilin\u00e7li olarak k\u00fc\u00e7\u00fck tutuluyor. \u00c7izimlerin LED \u0131\u015f\u0131\u011fa maruz kald\u0131\u011f\u0131 d\u00f6nemler aras\u0131nda uzun s\u00fcre karanl\u0131kta kalmas\u0131 gerekiyor.<\/p>\n\n\n<div class=\"wp-block-image\">\n<figure class=\"aligncenter size-full\"><img loading=\"lazy\" decoding=\"async\" width=\"1200\" height=\"800\" src=\"https:\/\/epochtimestr.com\/wp-content\/uploads\/2011y\/id5526099-Stanza-segreta-di-Michelangelo_Museo-delle-Cappelle-Medicee_Firenze_Foto_Francesco-Fantani_Courtesy-Musei-del-Bargello_2_dettaglio-1.webp\" alt=\"\" class=\"wp-image-148770\" srcset=\"https:\/\/epochtimestr.com\/wp-content\/uploads\/2011y\/id5526099-Stanza-segreta-di-Michelangelo_Museo-delle-Cappelle-Medicee_Firenze_Foto_Francesco-Fantani_Courtesy-Musei-del-Bargello_2_dettaglio-1.webp 1200w, https:\/\/epochtimestr.com\/wp-content\/uploads\/2011y\/id5526099-Stanza-segreta-di-Michelangelo_Museo-delle-Cappelle-Medicee_Firenze_Foto_Francesco-Fantani_Courtesy-Musei-del-Bargello_2_dettaglio-1-300x200.webp 300w, https:\/\/epochtimestr.com\/wp-content\/uploads\/2011y\/id5526099-Stanza-segreta-di-Michelangelo_Museo-delle-Cappelle-Medicee_Firenze_Foto_Francesco-Fantani_Courtesy-Musei-del-Bargello_2_dettaglio-1-150x100.webp 150w, https:\/\/epochtimestr.com\/wp-content\/uploads\/2011y\/id5526099-Stanza-segreta-di-Michelangelo_Museo-delle-Cappelle-Medicee_Firenze_Foto_Francesco-Fantani_Courtesy-Musei-del-Bargello_2_dettaglio-1-768x512.webp 768w\" sizes=\"(max-width: 1200px) 100vw, 1200px\" \/><figcaption class=\"wp-element-caption\">(Francesco Fanfani&#8217;nin izniyle Musei del Bargello arac\u0131l\u0131\u011f\u0131yla)<\/figcaption><\/figure><\/div>\n\n\n<p>\u0130talya M\u00fczeler Genel M\u00fcd\u00fcr\u00fc Massimo Osanna, gizli odan\u0131n &#8220;ola\u011fan\u00fcst\u00fc b\u00fcy\u00fcleyici bir yer oldu\u011funu ancak dar alan\u0131n konumu nedeniyle son derece hassas oldu\u011funu&#8221; s\u00f6yledi.<\/p>\n\n\n\n<p>\u00d6nceden rezervasyon yapt\u0131rman\u0131z gerekmektedir ve turlar 15 Kas\u0131m&#8217;da ba\u015flayacakt\u0131r. Biletler ki\u015fi ba\u015f\u0131 20 Euro&#8217;dur (indirimli biletler i\u00e7in sadece 2 Euro); \u00e7ocuklar \u00fccretsiz girebilir. Ek olarak 3 Avro zorunlu rezervasyon \u00fccreti ve M\u00e9dici \u015eapelleri M\u00fczesi&#8217;ne giri\u015f i\u00e7in 10 Avro al\u0131nmaktad\u0131r.<\/p>\n\n\n\n<p>Haber : Michael Wing, The Epoch Times<\/p>\n\n\n\n<p>\u00c7eviri : Tijen A.\u00c7., The Epoch Times, T\u00fcrkiye<\/p>\n","protected":false},"excerpt":{"rendered":"<p>Michelangelo&#8217;nun 1530 y\u0131l\u0131nda Papa&#8217;n\u0131n gazab\u0131ndan ka\u00e7mak i\u00e7in hayat\u0131ndan endi\u015fe eden bir ka\u00e7ak gibi sakland\u0131\u011f\u0131 g\u00fcvenli evi ziyaret edebilirsiniz. S\u0131k\u0131\u015f\u0131k, dar odan\u0131n duvarlar\u0131na usta ressam\u0131n kendi esirinin grafitisini karalanm\u0131\u015f olarak g\u00f6rebilirsiniz; kendi portresi, Laoco\u00f6n, hatta \u0130sa bile var. Baz\u0131 uzmanlar Sistine \u015eapeli&#8217;nin tavan\u0131ndan al\u0131nm\u0131\u015f bir tarz\u0131n kopyas\u0131 oldu\u011funu d\u00fc\u015f\u00fcn\u00fcyor. Bu daha \u00f6nce imkans\u0131zd\u0131, ancak Kas\u0131m ay\u0131n\u0131n [&hellip;]<\/p>\n","protected":false},"author":13973,"featured_media":148763,"comment_status":"closed","ping_status":"open","sticky":false,"template":"","format":"standard","meta":{"_yoast_wpseo_focuskw":"Michelangelo,","_yoast_wpseo_title":"","_yoast_wpseo_metadesc":"","_bbp_topic_count":0,"_bbp_reply_count":0,"_bbp_total_topic_count":0,"_bbp_total_reply_count":0,"_bbp_voice_count":0,"_bbp_anonymous_reply_count":0,"_bbp_topic_count_hidden":0,"_bbp_reply_count_hidden":0,"_bbp_forum_subforum_count":0,"footnotes":"","_yoast_wpseo_focuskw_text_input":""},"categories":[8206,16],"tags":[8316,8314,135,6873],"yoast_head":"<!-- This site is optimized with the Yoast SEO plugin v23.0 - https:\/\/yoast.com\/wordpress\/plugins\/seo\/ -->\n<title>Michelangelo&#039;nun Sakland\u0131\u011f\u0131 Bu &#039;Gizli Oda&#039; Dudak U\u00e7uklatan Eskizlerle Dolu - Ama Neden Sakland\u0131? - The Epoch Times TR<\/title>\n<meta name=\"robots\" content=\"index, follow, max-snippet:-1, max-image-preview:large, max-video-preview:-1\" \/>\n<link rel=\"canonical\" href=\"https:\/\/epochtimestr.com\/index.php\/michelangelonun-saklandigi-bu-gizli-oda-dudak-ucuklatan-eskizlerle-dolu-ama-neden-saklandi\" \/>\n<meta property=\"og:locale\" content=\"tr_TR\" \/>\n<meta property=\"og:type\" content=\"article\" \/>\n<meta property=\"og:title\" content=\"Michelangelo&#039;nun Sakland\u0131\u011f\u0131 Bu &#039;Gizli Oda&#039; Dudak U\u00e7uklatan Eskizlerle Dolu - Ama Neden Sakland\u0131? - The Epoch Times TR\" \/>\n<meta property=\"og:description\" content=\"Michelangelo&#8217;nun 1530 y\u0131l\u0131nda Papa&#8217;n\u0131n gazab\u0131ndan ka\u00e7mak i\u00e7in hayat\u0131ndan endi\u015fe eden bir ka\u00e7ak gibi sakland\u0131\u011f\u0131 g\u00fcvenli evi ziyaret edebilirsiniz. S\u0131k\u0131\u015f\u0131k, dar odan\u0131n duvarlar\u0131na usta ressam\u0131n kendi esirinin grafitisini karalanm\u0131\u015f olarak g\u00f6rebilirsiniz; kendi portresi, Laoco\u00f6n, hatta \u0130sa bile var. Baz\u0131 uzmanlar Sistine \u015eapeli&#8217;nin tavan\u0131ndan al\u0131nm\u0131\u015f bir tarz\u0131n kopyas\u0131 oldu\u011funu d\u00fc\u015f\u00fcn\u00fcyor. Bu daha \u00f6nce imkans\u0131zd\u0131, ancak Kas\u0131m ay\u0131n\u0131n [&hellip;]\" \/>\n<meta property=\"og:url\" content=\"https:\/\/epochtimestr.com\/index.php\/michelangelonun-saklandigi-bu-gizli-oda-dudak-ucuklatan-eskizlerle-dolu-ama-neden-saklandi\" \/>\n<meta property=\"og:site_name\" content=\"The Epoch Times TR\" \/>\n<meta property=\"article:publisher\" content=\"https:\/\/www.facebook.com\/theepochtimestr\" \/>\n<meta property=\"article:published_time\" content=\"2023-12-11T06:39:54+00:00\" \/>\n<meta property=\"article:modified_time\" content=\"2024-08-12T08:40:03+00:00\" \/>\n<meta property=\"og:image\" content=\"https:\/\/epochtimestr.com\/wp-content\/uploads\/2011y\/id5527495-3-456-michelangelo-drawing-687-345456.webp\" \/>\n\t<meta property=\"og:image:width\" content=\"1200\" \/>\n\t<meta property=\"og:image:height\" content=\"800\" \/>\n\t<meta property=\"og:image:type\" content=\"image\/webp\" \/>\n<meta name=\"author\" content=\"Tijen A. \u00c7.\" \/>\n<meta name=\"twitter:card\" content=\"summary_large_image\" \/>\n<meta name=\"twitter:creator\" content=\"@TheEpochTimesTR\" \/>\n<meta name=\"twitter:site\" content=\"@TheEpochTimesTR\" \/>\n<meta name=\"twitter:label1\" content=\"Yazan:\" \/>\n\t<meta name=\"twitter:data1\" content=\"Tijen A. \u00c7.\" \/>\n\t<meta name=\"twitter:label2\" content=\"Tahmini okuma s\u00fcresi\" \/>\n\t<meta name=\"twitter:data2\" content=\"6 dakika\" \/>\n<script type=\"application\/ld+json\" class=\"yoast-schema-graph\">{\"@context\":\"https:\/\/schema.org\",\"@graph\":[{\"@type\":\"Article\",\"@id\":\"https:\/\/epochtimestr.com\/index.php\/michelangelonun-saklandigi-bu-gizli-oda-dudak-ucuklatan-eskizlerle-dolu-ama-neden-saklandi#article\",\"isPartOf\":{\"@id\":\"https:\/\/epochtimestr.com\/index.php\/michelangelonun-saklandigi-bu-gizli-oda-dudak-ucuklatan-eskizlerle-dolu-ama-neden-saklandi\"},\"author\":{\"name\":\"Tijen A. \u00c7.\",\"@id\":\"https:\/\/epochtimestr.com\/#\/schema\/person\/b999e6d1728efc62777aa6f251ab9c51\"},\"headline\":\"Michelangelo&#8217;nun Sakland\u0131\u011f\u0131 Bu &#8216;Gizli Oda&#8217; Dudak U\u00e7uklatan Eskizlerle Dolu &#8211; Ama Neden Sakland\u0131?\",\"datePublished\":\"2023-12-11T06:39:54+00:00\",\"dateModified\":\"2024-08-12T08:40:03+00:00\",\"mainEntityOfPage\":{\"@id\":\"https:\/\/epochtimestr.com\/index.php\/michelangelonun-saklandigi-bu-gizli-oda-dudak-ucuklatan-eskizlerle-dolu-ama-neden-saklandi\"},\"wordCount\":930,\"publisher\":{\"@id\":\"https:\/\/epochtimestr.com\/#organization\"},\"image\":{\"@id\":\"https:\/\/epochtimestr.com\/index.php\/michelangelonun-saklandigi-bu-gizli-oda-dudak-ucuklatan-eskizlerle-dolu-ama-neden-saklandi#primaryimage\"},\"thumbnailUrl\":\"https:\/\/epochtimestr.com\/wp-content\/uploads\/2011y\/id5527495-3-456-michelangelo-drawing-687-345456.webp\",\"keywords\":[\"gizli oda\",\"Michelangelo\",\"resim\",\"SANAT\"],\"articleSection\":[\"\u00d6ne \u00c7\u0131kan\",\"SANAT ve K\u00dcLT\u00dcR\"],\"inLanguage\":\"tr\"},{\"@type\":\"WebPage\",\"@id\":\"https:\/\/epochtimestr.com\/index.php\/michelangelonun-saklandigi-bu-gizli-oda-dudak-ucuklatan-eskizlerle-dolu-ama-neden-saklandi\",\"url\":\"https:\/\/epochtimestr.com\/index.php\/michelangelonun-saklandigi-bu-gizli-oda-dudak-ucuklatan-eskizlerle-dolu-ama-neden-saklandi\",\"name\":\"Michelangelo'nun Sakland\u0131\u011f\u0131 Bu 'Gizli Oda' Dudak U\u00e7uklatan Eskizlerle Dolu - Ama Neden Sakland\u0131? - The Epoch Times TR\",\"isPartOf\":{\"@id\":\"https:\/\/epochtimestr.com\/#website\"},\"primaryImageOfPage\":{\"@id\":\"https:\/\/epochtimestr.com\/index.php\/michelangelonun-saklandigi-bu-gizli-oda-dudak-ucuklatan-eskizlerle-dolu-ama-neden-saklandi#primaryimage\"},\"image\":{\"@id\":\"https:\/\/epochtimestr.com\/index.php\/michelangelonun-saklandigi-bu-gizli-oda-dudak-ucuklatan-eskizlerle-dolu-ama-neden-saklandi#primaryimage\"},\"thumbnailUrl\":\"https:\/\/epochtimestr.com\/wp-content\/uploads\/2011y\/id5527495-3-456-michelangelo-drawing-687-345456.webp\",\"datePublished\":\"2023-12-11T06:39:54+00:00\",\"dateModified\":\"2024-08-12T08:40:03+00:00\",\"inLanguage\":\"tr\",\"potentialAction\":[{\"@type\":\"ReadAction\",\"target\":[\"https:\/\/epochtimestr.com\/index.php\/michelangelonun-saklandigi-bu-gizli-oda-dudak-ucuklatan-eskizlerle-dolu-ama-neden-saklandi\"]}]},{\"@type\":\"ImageObject\",\"inLanguage\":\"tr\",\"@id\":\"https:\/\/epochtimestr.com\/index.php\/michelangelonun-saklandigi-bu-gizli-oda-dudak-ucuklatan-eskizlerle-dolu-ama-neden-saklandi#primaryimage\",\"url\":\"https:\/\/epochtimestr.com\/wp-content\/uploads\/2011y\/id5527495-3-456-michelangelo-drawing-687-345456.webp\",\"contentUrl\":\"https:\/\/epochtimestr.com\/wp-content\/uploads\/2011y\/id5527495-3-456-michelangelo-drawing-687-345456.webp\",\"width\":1200,\"height\":800},{\"@type\":\"WebSite\",\"@id\":\"https:\/\/epochtimestr.com\/#website\",\"url\":\"https:\/\/epochtimestr.com\/\",\"name\":\"The Epoch Times TR\",\"description\":\"De\u011fi\u015fen D\u00fcnyam\u0131za Taze Bir Bak\u0131\u015f\",\"publisher\":{\"@id\":\"https:\/\/epochtimestr.com\/#organization\"},\"potentialAction\":[{\"@type\":\"SearchAction\",\"target\":{\"@type\":\"EntryPoint\",\"urlTemplate\":\"https:\/\/epochtimestr.com\/?s={search_term_string}\"},\"query-input\":\"required name=search_term_string\"}],\"inLanguage\":\"tr\"},{\"@type\":\"Organization\",\"@id\":\"https:\/\/epochtimestr.com\/#organization\",\"name\":\"The EpochTimes T\u00fcrkiye\",\"url\":\"https:\/\/epochtimestr.com\/\",\"logo\":{\"@type\":\"ImageObject\",\"inLanguage\":\"tr\",\"@id\":\"https:\/\/epochtimestr.com\/#\/schema\/logo\/image\/\",\"url\":\"https:\/\/epochtimestr.com\/wp-content\/uploads\/2011y\/ET-Logo-YG.jpg\",\"contentUrl\":\"https:\/\/epochtimestr.com\/wp-content\/uploads\/2011y\/ET-Logo-YG.jpg\",\"width\":346,\"height\":29,\"caption\":\"The EpochTimes T\u00fcrkiye\"},\"image\":{\"@id\":\"https:\/\/epochtimestr.com\/#\/schema\/logo\/image\/\"},\"sameAs\":[\"https:\/\/www.facebook.com\/theepochtimestr\",\"https:\/\/x.com\/TheEpochTimesTR\",\"https:\/\/www.instagram.com\/epochtimestr\"]},{\"@type\":\"Person\",\"@id\":\"https:\/\/epochtimestr.com\/#\/schema\/person\/b999e6d1728efc62777aa6f251ab9c51\",\"name\":\"Tijen A. \u00c7.\",\"image\":{\"@type\":\"ImageObject\",\"inLanguage\":\"tr\",\"@id\":\"https:\/\/epochtimestr.com\/#\/schema\/person\/image\/\",\"url\":\"https:\/\/secure.gravatar.com\/avatar\/7897b90e854610816c850dcde0dcb4f8?s=96&d=mm&r=g\",\"contentUrl\":\"https:\/\/secure.gravatar.com\/avatar\/7897b90e854610816c850dcde0dcb4f8?s=96&d=mm&r=g\",\"caption\":\"Tijen A. \u00c7.\"},\"url\":\"https:\/\/epochtimestr.com\/index.php\/author\/tijen\"}]}<\/script>\n<!-- \/ Yoast SEO plugin. -->","yoast_head_json":{"title":"Michelangelo'nun Sakland\u0131\u011f\u0131 Bu 'Gizli Oda' Dudak U\u00e7uklatan Eskizlerle Dolu - Ama Neden Sakland\u0131? - The Epoch Times TR","robots":{"index":"index","follow":"follow","max-snippet":"max-snippet:-1","max-image-preview":"max-image-preview:large","max-video-preview":"max-video-preview:-1"},"canonical":"https:\/\/epochtimestr.com\/index.php\/michelangelonun-saklandigi-bu-gizli-oda-dudak-ucuklatan-eskizlerle-dolu-ama-neden-saklandi","og_locale":"tr_TR","og_type":"article","og_title":"Michelangelo'nun Sakland\u0131\u011f\u0131 Bu 'Gizli Oda' Dudak U\u00e7uklatan Eskizlerle Dolu - Ama Neden Sakland\u0131? - The Epoch Times TR","og_description":"Michelangelo&#8217;nun 1530 y\u0131l\u0131nda Papa&#8217;n\u0131n gazab\u0131ndan ka\u00e7mak i\u00e7in hayat\u0131ndan endi\u015fe eden bir ka\u00e7ak gibi sakland\u0131\u011f\u0131 g\u00fcvenli evi ziyaret edebilirsiniz. S\u0131k\u0131\u015f\u0131k, dar odan\u0131n duvarlar\u0131na usta ressam\u0131n kendi esirinin grafitisini karalanm\u0131\u015f olarak g\u00f6rebilirsiniz; kendi portresi, Laoco\u00f6n, hatta \u0130sa bile var. Baz\u0131 uzmanlar Sistine \u015eapeli&#8217;nin tavan\u0131ndan al\u0131nm\u0131\u015f bir tarz\u0131n kopyas\u0131 oldu\u011funu d\u00fc\u015f\u00fcn\u00fcyor. Bu daha \u00f6nce imkans\u0131zd\u0131, ancak Kas\u0131m ay\u0131n\u0131n [&hellip;]","og_url":"https:\/\/epochtimestr.com\/index.php\/michelangelonun-saklandigi-bu-gizli-oda-dudak-ucuklatan-eskizlerle-dolu-ama-neden-saklandi","og_site_name":"The Epoch Times TR","article_publisher":"https:\/\/www.facebook.com\/theepochtimestr","article_published_time":"2023-12-11T06:39:54+00:00","article_modified_time":"2024-08-12T08:40:03+00:00","og_image":[{"width":1200,"height":800,"url":"https:\/\/epochtimestr.com\/wp-content\/uploads\/2011y\/id5527495-3-456-michelangelo-drawing-687-345456.webp","type":"image\/webp"}],"author":"Tijen A. \u00c7.","twitter_card":"summary_large_image","twitter_creator":"@TheEpochTimesTR","twitter_site":"@TheEpochTimesTR","twitter_misc":{"Yazan:":"Tijen A. \u00c7.","Tahmini okuma s\u00fcresi":"6 dakika"},"schema":{"@context":"https:\/\/schema.org","@graph":[{"@type":"Article","@id":"https:\/\/epochtimestr.com\/index.php\/michelangelonun-saklandigi-bu-gizli-oda-dudak-ucuklatan-eskizlerle-dolu-ama-neden-saklandi#article","isPartOf":{"@id":"https:\/\/epochtimestr.com\/index.php\/michelangelonun-saklandigi-bu-gizli-oda-dudak-ucuklatan-eskizlerle-dolu-ama-neden-saklandi"},"author":{"name":"Tijen A. \u00c7.","@id":"https:\/\/epochtimestr.com\/#\/schema\/person\/b999e6d1728efc62777aa6f251ab9c51"},"headline":"Michelangelo&#8217;nun Sakland\u0131\u011f\u0131 Bu &#8216;Gizli Oda&#8217; Dudak U\u00e7uklatan Eskizlerle Dolu &#8211; Ama Neden Sakland\u0131?","datePublished":"2023-12-11T06:39:54+00:00","dateModified":"2024-08-12T08:40:03+00:00","mainEntityOfPage":{"@id":"https:\/\/epochtimestr.com\/index.php\/michelangelonun-saklandigi-bu-gizli-oda-dudak-ucuklatan-eskizlerle-dolu-ama-neden-saklandi"},"wordCount":930,"publisher":{"@id":"https:\/\/epochtimestr.com\/#organization"},"image":{"@id":"https:\/\/epochtimestr.com\/index.php\/michelangelonun-saklandigi-bu-gizli-oda-dudak-ucuklatan-eskizlerle-dolu-ama-neden-saklandi#primaryimage"},"thumbnailUrl":"https:\/\/epochtimestr.com\/wp-content\/uploads\/2011y\/id5527495-3-456-michelangelo-drawing-687-345456.webp","keywords":["gizli oda","Michelangelo","resim","SANAT"],"articleSection":["\u00d6ne \u00c7\u0131kan","SANAT ve K\u00dcLT\u00dcR"],"inLanguage":"tr"},{"@type":"WebPage","@id":"https:\/\/epochtimestr.com\/index.php\/michelangelonun-saklandigi-bu-gizli-oda-dudak-ucuklatan-eskizlerle-dolu-ama-neden-saklandi","url":"https:\/\/epochtimestr.com\/index.php\/michelangelonun-saklandigi-bu-gizli-oda-dudak-ucuklatan-eskizlerle-dolu-ama-neden-saklandi","name":"Michelangelo'nun Sakland\u0131\u011f\u0131 Bu 'Gizli Oda' Dudak U\u00e7uklatan Eskizlerle Dolu - Ama Neden Sakland\u0131? - The Epoch Times TR","isPartOf":{"@id":"https:\/\/epochtimestr.com\/#website"},"primaryImageOfPage":{"@id":"https:\/\/epochtimestr.com\/index.php\/michelangelonun-saklandigi-bu-gizli-oda-dudak-ucuklatan-eskizlerle-dolu-ama-neden-saklandi#primaryimage"},"image":{"@id":"https:\/\/epochtimestr.com\/index.php\/michelangelonun-saklandigi-bu-gizli-oda-dudak-ucuklatan-eskizlerle-dolu-ama-neden-saklandi#primaryimage"},"thumbnailUrl":"https:\/\/epochtimestr.com\/wp-content\/uploads\/2011y\/id5527495-3-456-michelangelo-drawing-687-345456.webp","datePublished":"2023-12-11T06:39:54+00:00","dateModified":"2024-08-12T08:40:03+00:00","inLanguage":"tr","potentialAction":[{"@type":"ReadAction","target":["https:\/\/epochtimestr.com\/index.php\/michelangelonun-saklandigi-bu-gizli-oda-dudak-ucuklatan-eskizlerle-dolu-ama-neden-saklandi"]}]},{"@type":"ImageObject","inLanguage":"tr","@id":"https:\/\/epochtimestr.com\/index.php\/michelangelonun-saklandigi-bu-gizli-oda-dudak-ucuklatan-eskizlerle-dolu-ama-neden-saklandi#primaryimage","url":"https:\/\/epochtimestr.com\/wp-content\/uploads\/2011y\/id5527495-3-456-michelangelo-drawing-687-345456.webp","contentUrl":"https:\/\/epochtimestr.com\/wp-content\/uploads\/2011y\/id5527495-3-456-michelangelo-drawing-687-345456.webp","width":1200,"height":800},{"@type":"WebSite","@id":"https:\/\/epochtimestr.com\/#website","url":"https:\/\/epochtimestr.com\/","name":"The Epoch Times TR","description":"De\u011fi\u015fen D\u00fcnyam\u0131za Taze Bir Bak\u0131\u015f","publisher":{"@id":"https:\/\/epochtimestr.com\/#organization"},"potentialAction":[{"@type":"SearchAction","target":{"@type":"EntryPoint","urlTemplate":"https:\/\/epochtimestr.com\/?s={search_term_string}"},"query-input":"required name=search_term_string"}],"inLanguage":"tr"},{"@type":"Organization","@id":"https:\/\/epochtimestr.com\/#organization","name":"The EpochTimes T\u00fcrkiye","url":"https:\/\/epochtimestr.com\/","logo":{"@type":"ImageObject","inLanguage":"tr","@id":"https:\/\/epochtimestr.com\/#\/schema\/logo\/image\/","url":"https:\/\/epochtimestr.com\/wp-content\/uploads\/2011y\/ET-Logo-YG.jpg","contentUrl":"https:\/\/epochtimestr.com\/wp-content\/uploads\/2011y\/ET-Logo-YG.jpg","width":346,"height":29,"caption":"The EpochTimes T\u00fcrkiye"},"image":{"@id":"https:\/\/epochtimestr.com\/#\/schema\/logo\/image\/"},"sameAs":["https:\/\/www.facebook.com\/theepochtimestr","https:\/\/x.com\/TheEpochTimesTR","https:\/\/www.instagram.com\/epochtimestr"]},{"@type":"Person","@id":"https:\/\/epochtimestr.com\/#\/schema\/person\/b999e6d1728efc62777aa6f251ab9c51","name":"Tijen A. \u00c7.","image":{"@type":"ImageObject","inLanguage":"tr","@id":"https:\/\/epochtimestr.com\/#\/schema\/person\/image\/","url":"https:\/\/secure.gravatar.com\/avatar\/7897b90e854610816c850dcde0dcb4f8?s=96&d=mm&r=g","contentUrl":"https:\/\/secure.gravatar.com\/avatar\/7897b90e854610816c850dcde0dcb4f8?s=96&d=mm&r=g","caption":"Tijen A. \u00c7."},"url":"https:\/\/epochtimestr.com\/index.php\/author\/tijen"}]}},"_links":{"self":[{"href":"https:\/\/epochtimestr.com\/index.php\/wp-json\/wp\/v2\/posts\/148761"}],"collection":[{"href":"https:\/\/epochtimestr.com\/index.php\/wp-json\/wp\/v2\/posts"}],"about":[{"href":"https:\/\/epochtimestr.com\/index.php\/wp-json\/wp\/v2\/types\/post"}],"author":[{"embeddable":true,"href":"https:\/\/epochtimestr.com\/index.php\/wp-json\/wp\/v2\/users\/13973"}],"replies":[{"embeddable":true,"href":"https:\/\/epochtimestr.com\/index.php\/wp-json\/wp\/v2\/comments?post=148761"}],"version-history":[{"count":3,"href":"https:\/\/epochtimestr.com\/index.php\/wp-json\/wp\/v2\/posts\/148761\/revisions"}],"predecessor-version":[{"id":148773,"href":"https:\/\/epochtimestr.com\/index.php\/wp-json\/wp\/v2\/posts\/148761\/revisions\/148773"}],"wp:featuredmedia":[{"embeddable":true,"href":"https:\/\/epochtimestr.com\/index.php\/wp-json\/wp\/v2\/media\/148763"}],"wp:attachment":[{"href":"https:\/\/epochtimestr.com\/index.php\/wp-json\/wp\/v2\/media?parent=148761"}],"wp:term":[{"taxonomy":"category","embeddable":true,"href":"https:\/\/epochtimestr.com\/index.php\/wp-json\/wp\/v2\/categories?post=148761"},{"taxonomy":"post_tag","embeddable":true,"href":"https:\/\/epochtimestr.com\/index.php\/wp-json\/wp\/v2\/tags?post=148761"}],"curies":[{"name":"wp","href":"https:\/\/api.w.org\/{rel}","templated":true}]}}