{"id":148861,"date":"2023-12-15T11:33:20","date_gmt":"2023-12-15T08:33:20","guid":{"rendered":"https:\/\/epochtimestr.com\/?p=148861"},"modified":"2023-12-15T12:39:01","modified_gmt":"2023-12-15T09:39:01","slug":"turkiyenin-ilk-engelsiz-is-adamlari-dernegi-mersinde-kuruldu","status":"publish","type":"post","link":"https:\/\/epochtimestr.com\/index.php\/turkiyenin-ilk-engelsiz-is-adamlari-dernegi-mersinde-kuruldu","title":{"rendered":"T\u00fcrkiye&#8217;nin \u0130lk \u00a0Engelsiz \u0130\u015f Adamlar\u0131 Derne\u011fi Mersin\u2019de Kuruldu"},"content":{"rendered":"<div class=\"wp-block-image\">\n<figure class=\"aligncenter size-full\"><img loading=\"lazy\" decoding=\"async\" width=\"1337\" height=\"739\" src=\"https:\/\/epochtimestr.com\/wp-content\/uploads\/2011y\/Engelli-Is-Adamlri-Dernegi.jpeg\" alt=\"\" class=\"wp-image-148862\" srcset=\"https:\/\/epochtimestr.com\/wp-content\/uploads\/2011y\/Engelli-Is-Adamlri-Dernegi.jpeg 1337w, https:\/\/epochtimestr.com\/wp-content\/uploads\/2011y\/Engelli-Is-Adamlri-Dernegi-300x166.jpeg 300w, https:\/\/epochtimestr.com\/wp-content\/uploads\/2011y\/Engelli-Is-Adamlri-Dernegi-150x83.jpeg 150w, https:\/\/epochtimestr.com\/wp-content\/uploads\/2011y\/Engelli-Is-Adamlri-Dernegi-768x424.jpeg 768w\" sizes=\"(max-width: 1337px) 100vw, 1337px\" \/><\/figure><\/div>\n\n\n<p>Engeli vatanda\u015flar\u0131n yard\u0131ma muhta\u00e7 bireyler olmaktan ziyade \u00fcretim ve istihdam alanlar\u0131nda\u00a0 \u00fclke ekonomisine katk\u0131 sa\u011flayan bireyler oldu\u011funu g\u00f6stermek ve t\u00fcm engelli vatanda\u015flara giri\u015fimcilik ruhunu a\u015f\u0131lamak amac\u0131yla Mersin\u2019de T\u00fcrkiye\u2019nin ilk engelsiz i\u015f adamlar\u0131 derne\u011fi kuruldu. \u00a0Ba\u015fkanl\u0131\u011f\u0131n\u0131 Mersinli engelli i\u015f insan\u0131 Soner Demir\u2019\u0130n yapt\u0131\u011f\u0131 dernek g\u00f6rme, ortopedik, i\u015fitme ve \u00e7e\u015fitli di\u011fer engel gurubundan 68 i\u015f insan\u0131 \u00fcyenin kat\u0131l\u0131m\u0131yla kuruldu. \u00a0<\/p>\n\n\n\n<p>\u201cEngelliler yard\u0131ma muhta\u00e7 de\u011fil, yard\u0131m da edebilir.\u201d \u00a0slogan\u0131 ile\u00a0 kurulan Engelsiz \u0130\u015f Adamlar\u0131 Derne\u011fi, \u00a0Mersin\u2019den ba\u015flayarak \u00a0ulusal ve uluslararas\u0131 \u00e7apta \u00f6rg\u00fctlenme hedefi ile kuruldu. \u0130\u015f adam\u0131 olan engelli bireyleri bir \u00e7at\u0131 alt\u0131nda toplayarak daha g\u00fc\u00e7l\u00fc bir ekonomi ortaya koymak \u00a0ve bir dayan\u0131\u015fma yaratmak isteyen dernek \u00fcyeleri ekonomi alan\u0131nda \u00a0\u201cBiz de var\u0131z.\u201d dedi.<\/p>\n\n\n\n<p>Derne\u011fin Mersin\u2019deki merkezinde yap\u0131lan a\u00e7\u0131l\u0131\u015fa AK Parti Milletvekili Ali K\u0131ratl\u0131 , Deva Partisi milletvekili \u00a0Mehmet Emin Ekmen, \u00e7e\u015fitli kurumlar\u0131n m\u00fcd\u00fcrleri ve \u00e7e\u015fitli STK ba\u015fkanlar\u0131 kat\u0131ld\u0131. \u00a0<\/p>\n\n\n\n<p><strong>AKP MV K\u0131ratl\u0131, \u201cMilletvekilleri olarak her daim \u00fcretimin ve engeli bireylerin yan\u0131nday\u0131z.\u201d<\/strong><\/p>\n\n\n\n<p>A\u00e7\u0131l\u0131\u015fta konu\u015fma yapan Ali K\u0131ratl\u0131, \u201cEngeli bireyleri hem \u00fcretim hem de istihdam alanlar\u0131nda bu denli g\u00fczel yerlerde g\u00f6rmek bizler i\u00e7in bir gurur kayna\u011f\u0131d\u0131r\u201d dedi. Milletvekilleri olarak her daim \u00fcretimin ve engeli bireylerin yan\u0131nda olduklar\u0131n\u0131 s\u00f6yleyen K\u0131ratl\u0131, Engelsiz i\u015f Adamlar\u0131 Derne\u011fi Y\u00f6netim Kurulu Ba\u015fkan\u0131 Soner Demir ve ekibini kutlayarak b\u00f6ylesine \u00f6nemli bir olu\u015fumun Mersin&#8217;den ba\u015flayarak T\u00fcrkiye&#8217;ye bir model olmas\u0131ndan onur ve gururunu ya\u015fad\u0131\u011f\u0131n\u0131 ifade etti ve eme\u011fi ge\u00e7en herkses te\u015fekk\u00fcr etti.<\/p>\n\n\n\n<p><strong>DEVA Partisi MV Ekmen, \u201cEngellilerin bizlere \u00f6rnek olacak davran\u0131\u015flar\u0131yla \u00fclke ekonomisinden tutun da \u00fclke y\u00f6netimine kadar bir\u00e7ok alanda yer almas\u0131 bizi ger\u00e7ekten \u00e7ok mutlu etmektedir.\u201d<\/strong><\/p>\n\n\n\n<p>Deva Partisi milletvekili Mehmet Emin Ekmen de yapt\u0131\u011f\u0131 a\u00e7\u0131l\u0131\u015f konu\u015fmas\u0131nda \u201c\u00dclkemizin her noktas\u0131nda engellilerin bizlere \u00f6rnek olacak davran\u0131\u015flar\u0131yla \u00fclke ekonomisinden tutun da \u00fclke y\u00f6netimine kadar bir\u00e7ok alanda yer almas\u0131 bizi ger\u00e7ekten \u00e7ok mutlu etmektedir.\u201d dedi. &nbsp;\u201cMersin&#8217;de T\u00fcrkiye\u2019ye \u00f6rnek olacak b\u00f6yle bir \u00e7al\u0131\u015fman\u0131n olmas\u0131 bizleri de memnun etmi\u015ftir.\u201d diyen Ekmen, mecliste ve her alanda engelli bireyleri i\u00e7in yap\u0131lacak \u00e7al\u0131\u015fmalarda onlarla birlikte el ele, omuz omuza y\u00fcr\u00fcmek i\u00e7in ellerinden gelen deste\u011fi vermeye haz\u0131r olduklar\u0131n\u0131 belirtti. Ba\u015fta Y\u00f6netim Kurulu Ba\u015fkan\u0131 Soner Demir olmak \u00fczere b\u00f6yle bir olu\u015fumu olu\u015fturarak harekete ge\u00e7irdi\u011fi i\u00e7in b\u00fct\u00fcn dernek \u00fcyelerini ve y\u00f6netimini kutlad\u0131.<\/p>\n\n\n\n<p><strong>Ba\u015fkan Demir; \u201c Biz T\u00fcrkiye&#8217;de bir ilki ger\u00e7ekle\u015ftirmenin mutlulu\u011funu ya\u015f\u0131yoruz.\u201d<\/strong><\/p>\n\n\n\n<p>Engelsiz \u0130\u015f Adamlar\u0131 Derne\u011fi Y\u00f6netim Kurulu Ba\u015fkan\u0131 Soner Demir ise yapt\u0131\u011f\u0131 konu\u015fmada \u015funlar\u0131 ifade etti; \u201cBiz T\u00fcrkiye&#8217;de bir ilki ger\u00e7ekle\u015ftirmenin mutlulu\u011funu ya\u015f\u0131yoruz. Mersin&#8217;den bir me\u015fale yakt\u0131k ve bu me\u015fale ile t\u00fcm T\u00fcrkiye&#8217;de hatta d\u00fcnyan\u0131n her yerinde \u00fcreten, istihdam sa\u011flayan, \u00fclke ekonomisine katk\u0131 ve de\u011fer katan engelli bireyleri bir \u00e7at\u0131 alt\u0131nda toplamak i\u00e7in yola \u00e7\u0131kt\u0131k. Yap\u0131lacak faaliyet ve \u00e7al\u0131\u015fmalarda birlik beraberlik i\u00e7erisinde temsil noktas\u0131nda daha g\u00fc\u00e7l\u00fc bir platform olu\u015fturaca\u011f\u0131m\u0131z\u0131 d\u00fc\u015f\u00fcn\u00fcyorum.<\/p>\n\n\n\n<p>T\u00fcrkiye&#8217;nin %12.47&#8217;si engelli bireylerden olu\u015fuyor. Mersin\u2019de ise bu oran %10&#8242; ve T\u00fcrkiye illeri i\u00e7erisinde en \u00e7ok engelli bar\u0131nd\u0131ran iller aras\u0131nda T\u00fcrkiye birincisi Mersin.<\/p>\n\n\n\n<p>Bu dezavantaj\u0131 avantaja d\u00f6nd\u00fcrmek i\u00e7in Engelsiz \u0130\u015f Adamlar\u0131 Derne\u011fimizin genel merkezini Mersin&#8217;de kurarak 81 ilde \u015fubele\u015fme yolunda \u00e7al\u0131\u015fmalar\u0131m\u0131za ba\u015flad\u0131k.<\/p>\n\n\n\n<p>Bug\u00fcn T\u00fcrkiye&#8217;de \u00fcreten, istihdam sa\u011flayan ve \u00fclke ekonomisine katk\u0131 veren y\u00fczlerce engelli i\u015f adam\u0131m\u0131z var. Binlerce engelli ki\u015fi ya i\u015fveren veya \u00e7al\u0131\u015farak ekonomiye de\u011fer kat\u0131yor. \u2018Engelliler yard\u0131ma muhta\u00e7 de\u011fil, yard\u0131m da edebilir.\u2019 diyerek hi\u00e7bir engelini kendisine engel g\u00f6rmeyip hayatla m\u00fccadele ediyorlar. Toplumda daha etkin bir rol oynamak i\u00e7in \u00e7al\u0131\u015fan ba\u015far\u0131 sa\u011flam\u0131\u015f bir\u00e7ok i\u015f adam\u0131m\u0131z var.<\/p>\n\n\n\n<p>Bizler hi\u00e7bir engel tan\u0131madan daha g\u00fc\u00e7l\u00fc birlik beraberlik i\u00e7erisinde, \u00fcretim, ithalat ve ihracat ve yap\u0131lacak her t\u00fcrl\u00fc ticari faaliyetlerin i\u00e7erisinde yer al\u0131p \u00fclke ekonomisine katk\u0131 sa\u011flamaya devam edece\u011fiz.<\/p>\n\n\n\n<p>Hedefimiz en k\u0131sa s\u00fcrede 81 ilde \u015fubele\u015ferek T\u00fcrkiye ba\u015fta olmak \u00fczere d\u00fcnyan\u0131n her noktas\u0131nda engelini a\u015fm\u0131\u015f ba\u015far\u0131l\u0131 i\u015f adamlar\u0131n\u0131 d\u00fcnyaya tan\u0131taca\u011f\u0131z.\u201d<\/p>\n","protected":false},"excerpt":{"rendered":"<p>Engeli vatanda\u015flar\u0131n yard\u0131ma muhta\u00e7 bireyler olmaktan ziyade \u00fcretim ve istihdam alanlar\u0131nda\u00a0 \u00fclke ekonomisine katk\u0131 sa\u011flayan bireyler oldu\u011funu g\u00f6stermek ve t\u00fcm engelli vatanda\u015flara giri\u015fimcilik ruhunu a\u015f\u0131lamak amac\u0131yla Mersin\u2019de T\u00fcrkiye\u2019nin ilk engelsiz i\u015f adamlar\u0131 derne\u011fi kuruldu. \u00a0Ba\u015fkanl\u0131\u011f\u0131n\u0131 Mersinli engelli i\u015f insan\u0131 Soner Demir\u2019\u0130n yapt\u0131\u011f\u0131 dernek g\u00f6rme, ortopedik, i\u015fitme ve \u00e7e\u015fitli di\u011fer engel gurubundan 68 i\u015f insan\u0131 \u00fcyenin [&hellip;]<\/p>\n","protected":false},"author":12791,"featured_media":148862,"comment_status":"closed","ping_status":"open","sticky":false,"template":"","format":"standard","meta":{"_yoast_wpseo_focuskw":"","_yoast_wpseo_title":"","_yoast_wpseo_metadesc":"","_bbp_topic_count":0,"_bbp_reply_count":0,"_bbp_total_topic_count":0,"_bbp_total_reply_count":0,"_bbp_voice_count":0,"_bbp_anonymous_reply_count":0,"_bbp_topic_count_hidden":0,"_bbp_reply_count_hidden":0,"_bbp_forum_subforum_count":0,"footnotes":"","_yoast_wpseo_focuskw_text_input":""},"categories":[8225,1,8138],"tags":[8319,8320],"yoast_head":"<!-- This site is optimized with the Yoast SEO plugin v23.0 - https:\/\/yoast.com\/wordpress\/plugins\/seo\/ -->\n<title>T\u00fcrkiye&#039;nin \u0130lk \u00a0Engelsiz \u0130\u015f Adamlar\u0131 Derne\u011fi Mersin\u2019de Kuruldu - The Epoch Times TR<\/title>\n<meta name=\"robots\" content=\"index, follow, max-snippet:-1, max-image-preview:large, max-video-preview:-1\" \/>\n<link rel=\"canonical\" href=\"https:\/\/epochtimestr.com\/index.php\/turkiyenin-ilk-engelsiz-is-adamlari-dernegi-mersinde-kuruldu\" \/>\n<meta property=\"og:locale\" content=\"tr_TR\" \/>\n<meta property=\"og:type\" content=\"article\" \/>\n<meta property=\"og:title\" content=\"T\u00fcrkiye&#039;nin \u0130lk \u00a0Engelsiz \u0130\u015f Adamlar\u0131 Derne\u011fi Mersin\u2019de Kuruldu - The Epoch Times TR\" \/>\n<meta property=\"og:description\" content=\"Engeli vatanda\u015flar\u0131n yard\u0131ma muhta\u00e7 bireyler olmaktan ziyade \u00fcretim ve istihdam alanlar\u0131nda\u00a0 \u00fclke ekonomisine katk\u0131 sa\u011flayan bireyler oldu\u011funu g\u00f6stermek ve t\u00fcm engelli vatanda\u015flara giri\u015fimcilik ruhunu a\u015f\u0131lamak amac\u0131yla Mersin\u2019de T\u00fcrkiye\u2019nin ilk engelsiz i\u015f adamlar\u0131 derne\u011fi kuruldu. \u00a0Ba\u015fkanl\u0131\u011f\u0131n\u0131 Mersinli engelli i\u015f insan\u0131 Soner Demir\u2019\u0130n yapt\u0131\u011f\u0131 dernek g\u00f6rme, ortopedik, i\u015fitme ve \u00e7e\u015fitli di\u011fer engel gurubundan 68 i\u015f insan\u0131 \u00fcyenin [&hellip;]\" \/>\n<meta property=\"og:url\" content=\"https:\/\/epochtimestr.com\/index.php\/turkiyenin-ilk-engelsiz-is-adamlari-dernegi-mersinde-kuruldu\" \/>\n<meta property=\"og:site_name\" content=\"The Epoch Times TR\" \/>\n<meta property=\"article:publisher\" content=\"https:\/\/www.facebook.com\/theepochtimestr\" \/>\n<meta property=\"article:published_time\" content=\"2023-12-15T08:33:20+00:00\" \/>\n<meta property=\"article:modified_time\" content=\"2023-12-15T09:39:01+00:00\" \/>\n<meta property=\"og:image\" content=\"https:\/\/epochtimestr.com\/wp-content\/uploads\/2011y\/Engelli-Is-Adamlri-Dernegi.jpeg\" \/>\n\t<meta property=\"og:image:width\" content=\"1337\" \/>\n\t<meta property=\"og:image:height\" content=\"739\" \/>\n\t<meta property=\"og:image:type\" content=\"image\/jpeg\" \/>\n<meta name=\"author\" content=\"Haber Merkezi\" \/>\n<meta name=\"twitter:card\" content=\"summary_large_image\" \/>\n<meta name=\"twitter:creator\" content=\"@TheEpochTimesTR\" \/>\n<meta name=\"twitter:site\" content=\"@TheEpochTimesTR\" \/>\n<meta name=\"twitter:label1\" content=\"Yazan:\" \/>\n\t<meta name=\"twitter:data1\" content=\"Haber Merkezi\" \/>\n\t<meta name=\"twitter:label2\" content=\"Tahmini okuma s\u00fcresi\" \/>\n\t<meta name=\"twitter:data2\" content=\"4 dakika\" \/>\n<script type=\"application\/ld+json\" class=\"yoast-schema-graph\">{\"@context\":\"https:\/\/schema.org\",\"@graph\":[{\"@type\":\"Article\",\"@id\":\"https:\/\/epochtimestr.com\/index.php\/turkiyenin-ilk-engelsiz-is-adamlari-dernegi-mersinde-kuruldu#article\",\"isPartOf\":{\"@id\":\"https:\/\/epochtimestr.com\/index.php\/turkiyenin-ilk-engelsiz-is-adamlari-dernegi-mersinde-kuruldu\"},\"author\":{\"name\":\"Haber Merkezi\",\"@id\":\"https:\/\/epochtimestr.com\/#\/schema\/person\/3dc5c3adeb9f43923c5aa85889172fdd\"},\"headline\":\"T\u00fcrkiye&#8217;nin \u0130lk \u00a0Engelsiz \u0130\u015f Adamlar\u0131 Derne\u011fi Mersin\u2019de Kuruldu\",\"datePublished\":\"2023-12-15T08:33:20+00:00\",\"dateModified\":\"2023-12-15T09:39:01+00:00\",\"mainEntityOfPage\":{\"@id\":\"https:\/\/epochtimestr.com\/index.php\/turkiyenin-ilk-engelsiz-is-adamlari-dernegi-mersinde-kuruldu\"},\"wordCount\":790,\"publisher\":{\"@id\":\"https:\/\/epochtimestr.com\/#organization\"},\"image\":{\"@id\":\"https:\/\/epochtimestr.com\/index.php\/turkiyenin-ilk-engelsiz-is-adamlari-dernegi-mersinde-kuruldu#primaryimage\"},\"thumbnailUrl\":\"https:\/\/epochtimestr.com\/wp-content\/uploads\/2011y\/Engelli-Is-Adamlri-Dernegi.jpeg\",\"keywords\":[\"Engelli\",\"\u0130\u015f \u0130nsanlar\u0131\"],\"articleSection\":[\"Ekonomi\",\"G\u00dcNDEM\",\"MAN\u015eET\"],\"inLanguage\":\"tr\"},{\"@type\":\"WebPage\",\"@id\":\"https:\/\/epochtimestr.com\/index.php\/turkiyenin-ilk-engelsiz-is-adamlari-dernegi-mersinde-kuruldu\",\"url\":\"https:\/\/epochtimestr.com\/index.php\/turkiyenin-ilk-engelsiz-is-adamlari-dernegi-mersinde-kuruldu\",\"name\":\"T\u00fcrkiye'nin \u0130lk \u00a0Engelsiz \u0130\u015f Adamlar\u0131 Derne\u011fi Mersin\u2019de Kuruldu - The Epoch Times TR\",\"isPartOf\":{\"@id\":\"https:\/\/epochtimestr.com\/#website\"},\"primaryImageOfPage\":{\"@id\":\"https:\/\/epochtimestr.com\/index.php\/turkiyenin-ilk-engelsiz-is-adamlari-dernegi-mersinde-kuruldu#primaryimage\"},\"image\":{\"@id\":\"https:\/\/epochtimestr.com\/index.php\/turkiyenin-ilk-engelsiz-is-adamlari-dernegi-mersinde-kuruldu#primaryimage\"},\"thumbnailUrl\":\"https:\/\/epochtimestr.com\/wp-content\/uploads\/2011y\/Engelli-Is-Adamlri-Dernegi.jpeg\",\"datePublished\":\"2023-12-15T08:33:20+00:00\",\"dateModified\":\"2023-12-15T09:39:01+00:00\",\"inLanguage\":\"tr\",\"potentialAction\":[{\"@type\":\"ReadAction\",\"target\":[\"https:\/\/epochtimestr.com\/index.php\/turkiyenin-ilk-engelsiz-is-adamlari-dernegi-mersinde-kuruldu\"]}]},{\"@type\":\"ImageObject\",\"inLanguage\":\"tr\",\"@id\":\"https:\/\/epochtimestr.com\/index.php\/turkiyenin-ilk-engelsiz-is-adamlari-dernegi-mersinde-kuruldu#primaryimage\",\"url\":\"https:\/\/epochtimestr.com\/wp-content\/uploads\/2011y\/Engelli-Is-Adamlri-Dernegi.jpeg\",\"contentUrl\":\"https:\/\/epochtimestr.com\/wp-content\/uploads\/2011y\/Engelli-Is-Adamlri-Dernegi.jpeg\",\"width\":1337,\"height\":739},{\"@type\":\"WebSite\",\"@id\":\"https:\/\/epochtimestr.com\/#website\",\"url\":\"https:\/\/epochtimestr.com\/\",\"name\":\"The Epoch Times TR\",\"description\":\"De\u011fi\u015fen D\u00fcnyam\u0131za Taze Bir Bak\u0131\u015f\",\"publisher\":{\"@id\":\"https:\/\/epochtimestr.com\/#organization\"},\"potentialAction\":[{\"@type\":\"SearchAction\",\"target\":{\"@type\":\"EntryPoint\",\"urlTemplate\":\"https:\/\/epochtimestr.com\/?s={search_term_string}\"},\"query-input\":\"required name=search_term_string\"}],\"inLanguage\":\"tr\"},{\"@type\":\"Organization\",\"@id\":\"https:\/\/epochtimestr.com\/#organization\",\"name\":\"The EpochTimes T\u00fcrkiye\",\"url\":\"https:\/\/epochtimestr.com\/\",\"logo\":{\"@type\":\"ImageObject\",\"inLanguage\":\"tr\",\"@id\":\"https:\/\/epochtimestr.com\/#\/schema\/logo\/image\/\",\"url\":\"https:\/\/epochtimestr.com\/wp-content\/uploads\/2011y\/ET-Logo-YG.jpg\",\"contentUrl\":\"https:\/\/epochtimestr.com\/wp-content\/uploads\/2011y\/ET-Logo-YG.jpg\",\"width\":346,\"height\":29,\"caption\":\"The EpochTimes T\u00fcrkiye\"},\"image\":{\"@id\":\"https:\/\/epochtimestr.com\/#\/schema\/logo\/image\/\"},\"sameAs\":[\"https:\/\/www.facebook.com\/theepochtimestr\",\"https:\/\/x.com\/TheEpochTimesTR\",\"https:\/\/www.instagram.com\/epochtimestr\"]},{\"@type\":\"Person\",\"@id\":\"https:\/\/epochtimestr.com\/#\/schema\/person\/3dc5c3adeb9f43923c5aa85889172fdd\",\"name\":\"Haber Merkezi\",\"image\":{\"@type\":\"ImageObject\",\"inLanguage\":\"tr\",\"@id\":\"https:\/\/epochtimestr.com\/#\/schema\/person\/image\/\",\"url\":\"https:\/\/secure.gravatar.com\/avatar\/d73f772ba5a74f28601361e17c2f93e6?s=96&d=mm&r=g\",\"contentUrl\":\"https:\/\/secure.gravatar.com\/avatar\/d73f772ba5a74f28601361e17c2f93e6?s=96&d=mm&r=g\",\"caption\":\"Haber Merkezi\"},\"url\":\"https:\/\/epochtimestr.com\/index.php\/author\/sendag\"}]}<\/script>\n<!-- \/ Yoast SEO plugin. -->","yoast_head_json":{"title":"T\u00fcrkiye'nin \u0130lk \u00a0Engelsiz \u0130\u015f Adamlar\u0131 Derne\u011fi Mersin\u2019de Kuruldu - The Epoch Times TR","robots":{"index":"index","follow":"follow","max-snippet":"max-snippet:-1","max-image-preview":"max-image-preview:large","max-video-preview":"max-video-preview:-1"},"canonical":"https:\/\/epochtimestr.com\/index.php\/turkiyenin-ilk-engelsiz-is-adamlari-dernegi-mersinde-kuruldu","og_locale":"tr_TR","og_type":"article","og_title":"T\u00fcrkiye'nin \u0130lk \u00a0Engelsiz \u0130\u015f Adamlar\u0131 Derne\u011fi Mersin\u2019de Kuruldu - The Epoch Times TR","og_description":"Engeli vatanda\u015flar\u0131n yard\u0131ma muhta\u00e7 bireyler olmaktan ziyade \u00fcretim ve istihdam alanlar\u0131nda\u00a0 \u00fclke ekonomisine katk\u0131 sa\u011flayan bireyler oldu\u011funu g\u00f6stermek ve t\u00fcm engelli vatanda\u015flara giri\u015fimcilik ruhunu a\u015f\u0131lamak amac\u0131yla Mersin\u2019de T\u00fcrkiye\u2019nin ilk engelsiz i\u015f adamlar\u0131 derne\u011fi kuruldu. \u00a0Ba\u015fkanl\u0131\u011f\u0131n\u0131 Mersinli engelli i\u015f insan\u0131 Soner Demir\u2019\u0130n yapt\u0131\u011f\u0131 dernek g\u00f6rme, ortopedik, i\u015fitme ve \u00e7e\u015fitli di\u011fer engel gurubundan 68 i\u015f insan\u0131 \u00fcyenin [&hellip;]","og_url":"https:\/\/epochtimestr.com\/index.php\/turkiyenin-ilk-engelsiz-is-adamlari-dernegi-mersinde-kuruldu","og_site_name":"The Epoch Times TR","article_publisher":"https:\/\/www.facebook.com\/theepochtimestr","article_published_time":"2023-12-15T08:33:20+00:00","article_modified_time":"2023-12-15T09:39:01+00:00","og_image":[{"width":1337,"height":739,"url":"https:\/\/epochtimestr.com\/wp-content\/uploads\/2011y\/Engelli-Is-Adamlri-Dernegi.jpeg","type":"image\/jpeg"}],"author":"Haber Merkezi","twitter_card":"summary_large_image","twitter_creator":"@TheEpochTimesTR","twitter_site":"@TheEpochTimesTR","twitter_misc":{"Yazan:":"Haber Merkezi","Tahmini okuma s\u00fcresi":"4 dakika"},"schema":{"@context":"https:\/\/schema.org","@graph":[{"@type":"Article","@id":"https:\/\/epochtimestr.com\/index.php\/turkiyenin-ilk-engelsiz-is-adamlari-dernegi-mersinde-kuruldu#article","isPartOf":{"@id":"https:\/\/epochtimestr.com\/index.php\/turkiyenin-ilk-engelsiz-is-adamlari-dernegi-mersinde-kuruldu"},"author":{"name":"Haber Merkezi","@id":"https:\/\/epochtimestr.com\/#\/schema\/person\/3dc5c3adeb9f43923c5aa85889172fdd"},"headline":"T\u00fcrkiye&#8217;nin \u0130lk \u00a0Engelsiz \u0130\u015f Adamlar\u0131 Derne\u011fi Mersin\u2019de Kuruldu","datePublished":"2023-12-15T08:33:20+00:00","dateModified":"2023-12-15T09:39:01+00:00","mainEntityOfPage":{"@id":"https:\/\/epochtimestr.com\/index.php\/turkiyenin-ilk-engelsiz-is-adamlari-dernegi-mersinde-kuruldu"},"wordCount":790,"publisher":{"@id":"https:\/\/epochtimestr.com\/#organization"},"image":{"@id":"https:\/\/epochtimestr.com\/index.php\/turkiyenin-ilk-engelsiz-is-adamlari-dernegi-mersinde-kuruldu#primaryimage"},"thumbnailUrl":"https:\/\/epochtimestr.com\/wp-content\/uploads\/2011y\/Engelli-Is-Adamlri-Dernegi.jpeg","keywords":["Engelli","\u0130\u015f \u0130nsanlar\u0131"],"articleSection":["Ekonomi","G\u00dcNDEM","MAN\u015eET"],"inLanguage":"tr"},{"@type":"WebPage","@id":"https:\/\/epochtimestr.com\/index.php\/turkiyenin-ilk-engelsiz-is-adamlari-dernegi-mersinde-kuruldu","url":"https:\/\/epochtimestr.com\/index.php\/turkiyenin-ilk-engelsiz-is-adamlari-dernegi-mersinde-kuruldu","name":"T\u00fcrkiye'nin \u0130lk \u00a0Engelsiz \u0130\u015f Adamlar\u0131 Derne\u011fi Mersin\u2019de Kuruldu - The Epoch Times TR","isPartOf":{"@id":"https:\/\/epochtimestr.com\/#website"},"primaryImageOfPage":{"@id":"https:\/\/epochtimestr.com\/index.php\/turkiyenin-ilk-engelsiz-is-adamlari-dernegi-mersinde-kuruldu#primaryimage"},"image":{"@id":"https:\/\/epochtimestr.com\/index.php\/turkiyenin-ilk-engelsiz-is-adamlari-dernegi-mersinde-kuruldu#primaryimage"},"thumbnailUrl":"https:\/\/epochtimestr.com\/wp-content\/uploads\/2011y\/Engelli-Is-Adamlri-Dernegi.jpeg","datePublished":"2023-12-15T08:33:20+00:00","dateModified":"2023-12-15T09:39:01+00:00","inLanguage":"tr","potentialAction":[{"@type":"ReadAction","target":["https:\/\/epochtimestr.com\/index.php\/turkiyenin-ilk-engelsiz-is-adamlari-dernegi-mersinde-kuruldu"]}]},{"@type":"ImageObject","inLanguage":"tr","@id":"https:\/\/epochtimestr.com\/index.php\/turkiyenin-ilk-engelsiz-is-adamlari-dernegi-mersinde-kuruldu#primaryimage","url":"https:\/\/epochtimestr.com\/wp-content\/uploads\/2011y\/Engelli-Is-Adamlri-Dernegi.jpeg","contentUrl":"https:\/\/epochtimestr.com\/wp-content\/uploads\/2011y\/Engelli-Is-Adamlri-Dernegi.jpeg","width":1337,"height":739},{"@type":"WebSite","@id":"https:\/\/epochtimestr.com\/#website","url":"https:\/\/epochtimestr.com\/","name":"The Epoch Times TR","description":"De\u011fi\u015fen D\u00fcnyam\u0131za Taze Bir Bak\u0131\u015f","publisher":{"@id":"https:\/\/epochtimestr.com\/#organization"},"potentialAction":[{"@type":"SearchAction","target":{"@type":"EntryPoint","urlTemplate":"https:\/\/epochtimestr.com\/?s={search_term_string}"},"query-input":"required name=search_term_string"}],"inLanguage":"tr"},{"@type":"Organization","@id":"https:\/\/epochtimestr.com\/#organization","name":"The EpochTimes T\u00fcrkiye","url":"https:\/\/epochtimestr.com\/","logo":{"@type":"ImageObject","inLanguage":"tr","@id":"https:\/\/epochtimestr.com\/#\/schema\/logo\/image\/","url":"https:\/\/epochtimestr.com\/wp-content\/uploads\/2011y\/ET-Logo-YG.jpg","contentUrl":"https:\/\/epochtimestr.com\/wp-content\/uploads\/2011y\/ET-Logo-YG.jpg","width":346,"height":29,"caption":"The EpochTimes T\u00fcrkiye"},"image":{"@id":"https:\/\/epochtimestr.com\/#\/schema\/logo\/image\/"},"sameAs":["https:\/\/www.facebook.com\/theepochtimestr","https:\/\/x.com\/TheEpochTimesTR","https:\/\/www.instagram.com\/epochtimestr"]},{"@type":"Person","@id":"https:\/\/epochtimestr.com\/#\/schema\/person\/3dc5c3adeb9f43923c5aa85889172fdd","name":"Haber Merkezi","image":{"@type":"ImageObject","inLanguage":"tr","@id":"https:\/\/epochtimestr.com\/#\/schema\/person\/image\/","url":"https:\/\/secure.gravatar.com\/avatar\/d73f772ba5a74f28601361e17c2f93e6?s=96&d=mm&r=g","contentUrl":"https:\/\/secure.gravatar.com\/avatar\/d73f772ba5a74f28601361e17c2f93e6?s=96&d=mm&r=g","caption":"Haber Merkezi"},"url":"https:\/\/epochtimestr.com\/index.php\/author\/sendag"}]}},"_links":{"self":[{"href":"https:\/\/epochtimestr.com\/index.php\/wp-json\/wp\/v2\/posts\/148861"}],"collection":[{"href":"https:\/\/epochtimestr.com\/index.php\/wp-json\/wp\/v2\/posts"}],"about":[{"href":"https:\/\/epochtimestr.com\/index.php\/wp-json\/wp\/v2\/types\/post"}],"author":[{"embeddable":true,"href":"https:\/\/epochtimestr.com\/index.php\/wp-json\/wp\/v2\/users\/12791"}],"replies":[{"embeddable":true,"href":"https:\/\/epochtimestr.com\/index.php\/wp-json\/wp\/v2\/comments?post=148861"}],"version-history":[{"count":4,"href":"https:\/\/epochtimestr.com\/index.php\/wp-json\/wp\/v2\/posts\/148861\/revisions"}],"predecessor-version":[{"id":148880,"href":"https:\/\/epochtimestr.com\/index.php\/wp-json\/wp\/v2\/posts\/148861\/revisions\/148880"}],"wp:featuredmedia":[{"embeddable":true,"href":"https:\/\/epochtimestr.com\/index.php\/wp-json\/wp\/v2\/media\/148862"}],"wp:attachment":[{"href":"https:\/\/epochtimestr.com\/index.php\/wp-json\/wp\/v2\/media?parent=148861"}],"wp:term":[{"taxonomy":"category","embeddable":true,"href":"https:\/\/epochtimestr.com\/index.php\/wp-json\/wp\/v2\/categories?post=148861"},{"taxonomy":"post_tag","embeddable":true,"href":"https:\/\/epochtimestr.com\/index.php\/wp-json\/wp\/v2\/tags?post=148861"}],"curies":[{"name":"wp","href":"https:\/\/api.w.org\/{rel}","templated":true}]}}