{"id":149160,"date":"2024-01-04T12:06:23","date_gmt":"2024-01-04T09:06:23","guid":{"rendered":"https:\/\/epochtimestr.com\/?p=149160"},"modified":"2024-01-04T12:06:27","modified_gmt":"2024-01-04T09:06:27","slug":"milletvekili-maaslari-belli-oldu","status":"publish","type":"post","link":"https:\/\/epochtimestr.com\/index.php\/milletvekili-maaslari-belli-oldu","title":{"rendered":"Milletvekili Maa\u015flar\u0131 Belli Oldu"},"content":{"rendered":"\n<p><\/p>\n\n\n<div class=\"wp-block-image\">\n<figure class=\"aligncenter size-full is-resized\"><img loading=\"lazy\" decoding=\"async\" src=\"https:\/\/epochtimestr.com\/wp-content\/uploads\/2011y\/res10-1.jpg\" alt=\"\" class=\"wp-image-149161\" width=\"292\" height=\"219\" srcset=\"https:\/\/epochtimestr.com\/wp-content\/uploads\/2011y\/res10-1.jpg 640w, https:\/\/epochtimestr.com\/wp-content\/uploads\/2011y\/res10-1-300x225.jpg 300w, https:\/\/epochtimestr.com\/wp-content\/uploads\/2011y\/res10-1-150x113.jpg 150w, https:\/\/epochtimestr.com\/wp-content\/uploads\/2011y\/res10-1-86x64.jpg 86w\" sizes=\"(max-width: 292px) 100vw, 292px\" \/><figcaption class=\"wp-element-caption\">                                    Foto\u011fraf: TBMM<\/figcaption><\/figure><\/div>\n\n\n<h2 class=\"wp-block-heading\">Emekli ve milletvekili olanlar\u0131n maa\u015f\u0131 147 bin liradan 230 bin lira oldu. Sadece milletvekilli olanlar\u0131n maa\u015f\u0131 ise 73 bin 329 liradan, yakla\u015f\u0131k 110 bin liraya y\u00fckseldi.<\/h2>\n\n\n\n<p>T\u00fcrkiye \u0130statistik Kurumu\u2019nun a\u00e7\u0131klad\u0131\u011f\u0131 enflasyon verilerine g\u00f6re memur maa\u015flar\u0131na indeksli milletvekili maa\u015flar\u0131 da y\u00fczde 49,25 oranda zamlanacak.<\/p>\n\n\n\n<p>Ekonomim&#8217;de yer alan habere g\u00f6re, Meclis&#8217;te hem emekli olan, hem de vekil olarak g\u00f6rev yapan yakla\u015f\u0131k 300 milletvekilinin maa\u015flar\u0131, memur maa\u015flar\u0131na yap\u0131lan oranlar\u0131n a\u00e7\u0131klamas\u0131yla zamland\u0131. Hem emekli olan, hem de vekil olarak g\u00f6rev yapan yakla\u015f\u0131k 300 vekilin maa\u015f\u0131 147 bin liradan 230 bin liraya y\u00fckseldi.<\/p>\n\n\n\n<p>Sadece milletvekilli olanlar\u0131n maa\u015f\u0131 ise 73 bin 329 liradan, yakla\u015f\u0131k 110 bin liraya y\u00fckseldi. Maa\u015flar\u0131 51 bin 970 lira olan emekli milletvekilleri ise yeni art\u0131\u015flarla birlikte 77 bin 565 lira alacak. Daha \u00f6nce ayn\u0131 g\u00f6revden emekli olduktan sonra yeniden Meclis\u2019e giren milletvekilleri iki maa\u015f alacak.<\/p>\n\n\n\n<p><\/p>\n\n\n\n<p><\/p>\n","protected":false},"excerpt":{"rendered":"<p>Emekli ve milletvekili olanlar\u0131n maa\u015f\u0131 147 bin liradan 230 bin lira oldu. Sadece milletvekilli olanlar\u0131n maa\u015f\u0131 ise 73 bin 329 liradan, yakla\u015f\u0131k 110 bin liraya y\u00fckseldi. T\u00fcrkiye \u0130statistik Kurumu\u2019nun a\u00e7\u0131klad\u0131\u011f\u0131 enflasyon verilerine g\u00f6re memur maa\u015flar\u0131na indeksli milletvekili maa\u015flar\u0131 da y\u00fczde 49,25 oranda zamlanacak. Ekonomim&#8217;de yer alan habere g\u00f6re, Meclis&#8217;te hem emekli olan, hem de vekil [&hellip;]<\/p>\n","protected":false},"author":12791,"featured_media":149161,"comment_status":"closed","ping_status":"open","sticky":false,"template":"","format":"standard","meta":{"_yoast_wpseo_focuskw":"Milletvekili maa\u015flar\u0131 belli oldu","_yoast_wpseo_title":"","_yoast_wpseo_metadesc":"","_bbp_topic_count":0,"_bbp_reply_count":0,"_bbp_total_topic_count":0,"_bbp_total_reply_count":0,"_bbp_voice_count":0,"_bbp_anonymous_reply_count":0,"_bbp_topic_count_hidden":0,"_bbp_reply_count_hidden":0,"_bbp_forum_subforum_count":0,"footnotes":"","_yoast_wpseo_focuskw_text_input":""},"categories":[8225,1,8138,8226,37],"tags":[],"yoast_head":"<!-- This site is optimized with the Yoast SEO plugin v23.0 - https:\/\/yoast.com\/wordpress\/plugins\/seo\/ -->\n<title>Milletvekili Maa\u015flar\u0131 Belli Oldu - The Epoch Times TR<\/title>\n<meta name=\"robots\" content=\"index, follow, max-snippet:-1, max-image-preview:large, max-video-preview:-1\" \/>\n<link rel=\"canonical\" href=\"https:\/\/epochtimestr.com\/index.php\/milletvekili-maaslari-belli-oldu\" \/>\n<meta property=\"og:locale\" content=\"tr_TR\" \/>\n<meta property=\"og:type\" content=\"article\" \/>\n<meta property=\"og:title\" content=\"Milletvekili Maa\u015flar\u0131 Belli Oldu - The Epoch Times TR\" \/>\n<meta property=\"og:description\" content=\"Emekli ve milletvekili olanlar\u0131n maa\u015f\u0131 147 bin liradan 230 bin lira oldu. Sadece milletvekilli olanlar\u0131n maa\u015f\u0131 ise 73 bin 329 liradan, yakla\u015f\u0131k 110 bin liraya y\u00fckseldi. T\u00fcrkiye \u0130statistik Kurumu\u2019nun a\u00e7\u0131klad\u0131\u011f\u0131 enflasyon verilerine g\u00f6re memur maa\u015flar\u0131na indeksli milletvekili maa\u015flar\u0131 da y\u00fczde 49,25 oranda zamlanacak. Ekonomim&#8217;de yer alan habere g\u00f6re, Meclis&#8217;te hem emekli olan, hem de vekil [&hellip;]\" \/>\n<meta property=\"og:url\" content=\"https:\/\/epochtimestr.com\/index.php\/milletvekili-maaslari-belli-oldu\" \/>\n<meta property=\"og:site_name\" content=\"The Epoch Times TR\" \/>\n<meta property=\"article:publisher\" content=\"https:\/\/www.facebook.com\/theepochtimestr\" \/>\n<meta property=\"article:published_time\" content=\"2024-01-04T09:06:23+00:00\" \/>\n<meta property=\"article:modified_time\" content=\"2024-01-04T09:06:27+00:00\" \/>\n<meta property=\"og:image\" content=\"https:\/\/epochtimestr.com\/wp-content\/uploads\/2011y\/res10-1.jpg\" \/>\n\t<meta property=\"og:image:width\" content=\"640\" \/>\n\t<meta property=\"og:image:height\" content=\"480\" \/>\n\t<meta property=\"og:image:type\" content=\"image\/jpeg\" \/>\n<meta name=\"author\" content=\"Haber Merkezi\" \/>\n<meta name=\"twitter:card\" content=\"summary_large_image\" \/>\n<meta name=\"twitter:creator\" content=\"@TheEpochTimesTR\" \/>\n<meta name=\"twitter:site\" content=\"@TheEpochTimesTR\" \/>\n<meta name=\"twitter:label1\" content=\"Yazan:\" \/>\n\t<meta name=\"twitter:data1\" content=\"Haber Merkezi\" \/>\n\t<meta name=\"twitter:label2\" content=\"Tahmini okuma s\u00fcresi\" \/>\n\t<meta name=\"twitter:data2\" content=\"2 dakika\" \/>\n<script type=\"application\/ld+json\" class=\"yoast-schema-graph\">{\"@context\":\"https:\/\/schema.org\",\"@graph\":[{\"@type\":\"Article\",\"@id\":\"https:\/\/epochtimestr.com\/index.php\/milletvekili-maaslari-belli-oldu#article\",\"isPartOf\":{\"@id\":\"https:\/\/epochtimestr.com\/index.php\/milletvekili-maaslari-belli-oldu\"},\"author\":{\"name\":\"Haber Merkezi\",\"@id\":\"https:\/\/epochtimestr.com\/#\/schema\/person\/3dc5c3adeb9f43923c5aa85889172fdd\"},\"headline\":\"Milletvekili Maa\u015flar\u0131 Belli Oldu\",\"datePublished\":\"2024-01-04T09:06:23+00:00\",\"dateModified\":\"2024-01-04T09:06:27+00:00\",\"mainEntityOfPage\":{\"@id\":\"https:\/\/epochtimestr.com\/index.php\/milletvekili-maaslari-belli-oldu\"},\"wordCount\":156,\"publisher\":{\"@id\":\"https:\/\/epochtimestr.com\/#organization\"},\"image\":{\"@id\":\"https:\/\/epochtimestr.com\/index.php\/milletvekili-maaslari-belli-oldu#primaryimage\"},\"thumbnailUrl\":\"https:\/\/epochtimestr.com\/wp-content\/uploads\/2011y\/res10-1.jpg\",\"articleSection\":[\"Ekonomi\",\"G\u00dcNDEM\",\"MAN\u015eET\",\"Siyaset\",\"T\u00dcRK\u0130YE\"],\"inLanguage\":\"tr\"},{\"@type\":\"WebPage\",\"@id\":\"https:\/\/epochtimestr.com\/index.php\/milletvekili-maaslari-belli-oldu\",\"url\":\"https:\/\/epochtimestr.com\/index.php\/milletvekili-maaslari-belli-oldu\",\"name\":\"Milletvekili Maa\u015flar\u0131 Belli Oldu - The Epoch Times TR\",\"isPartOf\":{\"@id\":\"https:\/\/epochtimestr.com\/#website\"},\"primaryImageOfPage\":{\"@id\":\"https:\/\/epochtimestr.com\/index.php\/milletvekili-maaslari-belli-oldu#primaryimage\"},\"image\":{\"@id\":\"https:\/\/epochtimestr.com\/index.php\/milletvekili-maaslari-belli-oldu#primaryimage\"},\"thumbnailUrl\":\"https:\/\/epochtimestr.com\/wp-content\/uploads\/2011y\/res10-1.jpg\",\"datePublished\":\"2024-01-04T09:06:23+00:00\",\"dateModified\":\"2024-01-04T09:06:27+00:00\",\"inLanguage\":\"tr\",\"potentialAction\":[{\"@type\":\"ReadAction\",\"target\":[\"https:\/\/epochtimestr.com\/index.php\/milletvekili-maaslari-belli-oldu\"]}]},{\"@type\":\"ImageObject\",\"inLanguage\":\"tr\",\"@id\":\"https:\/\/epochtimestr.com\/index.php\/milletvekili-maaslari-belli-oldu#primaryimage\",\"url\":\"https:\/\/epochtimestr.com\/wp-content\/uploads\/2011y\/res10-1.jpg\",\"contentUrl\":\"https:\/\/epochtimestr.com\/wp-content\/uploads\/2011y\/res10-1.jpg\",\"width\":640,\"height\":480},{\"@type\":\"WebSite\",\"@id\":\"https:\/\/epochtimestr.com\/#website\",\"url\":\"https:\/\/epochtimestr.com\/\",\"name\":\"The Epoch Times TR\",\"description\":\"De\u011fi\u015fen D\u00fcnyam\u0131za Taze Bir Bak\u0131\u015f\",\"publisher\":{\"@id\":\"https:\/\/epochtimestr.com\/#organization\"},\"potentialAction\":[{\"@type\":\"SearchAction\",\"target\":{\"@type\":\"EntryPoint\",\"urlTemplate\":\"https:\/\/epochtimestr.com\/?s={search_term_string}\"},\"query-input\":\"required name=search_term_string\"}],\"inLanguage\":\"tr\"},{\"@type\":\"Organization\",\"@id\":\"https:\/\/epochtimestr.com\/#organization\",\"name\":\"The EpochTimes T\u00fcrkiye\",\"url\":\"https:\/\/epochtimestr.com\/\",\"logo\":{\"@type\":\"ImageObject\",\"inLanguage\":\"tr\",\"@id\":\"https:\/\/epochtimestr.com\/#\/schema\/logo\/image\/\",\"url\":\"https:\/\/epochtimestr.com\/wp-content\/uploads\/2011y\/ET-Logo-YG.jpg\",\"contentUrl\":\"https:\/\/epochtimestr.com\/wp-content\/uploads\/2011y\/ET-Logo-YG.jpg\",\"width\":346,\"height\":29,\"caption\":\"The EpochTimes T\u00fcrkiye\"},\"image\":{\"@id\":\"https:\/\/epochtimestr.com\/#\/schema\/logo\/image\/\"},\"sameAs\":[\"https:\/\/www.facebook.com\/theepochtimestr\",\"https:\/\/x.com\/TheEpochTimesTR\",\"https:\/\/www.instagram.com\/epochtimestr\"]},{\"@type\":\"Person\",\"@id\":\"https:\/\/epochtimestr.com\/#\/schema\/person\/3dc5c3adeb9f43923c5aa85889172fdd\",\"name\":\"Haber Merkezi\",\"image\":{\"@type\":\"ImageObject\",\"inLanguage\":\"tr\",\"@id\":\"https:\/\/epochtimestr.com\/#\/schema\/person\/image\/\",\"url\":\"https:\/\/secure.gravatar.com\/avatar\/d73f772ba5a74f28601361e17c2f93e6?s=96&d=mm&r=g\",\"contentUrl\":\"https:\/\/secure.gravatar.com\/avatar\/d73f772ba5a74f28601361e17c2f93e6?s=96&d=mm&r=g\",\"caption\":\"Haber Merkezi\"},\"url\":\"https:\/\/epochtimestr.com\/index.php\/author\/sendag\"}]}<\/script>\n<!-- \/ Yoast SEO plugin. -->","yoast_head_json":{"title":"Milletvekili Maa\u015flar\u0131 Belli Oldu - The Epoch Times TR","robots":{"index":"index","follow":"follow","max-snippet":"max-snippet:-1","max-image-preview":"max-image-preview:large","max-video-preview":"max-video-preview:-1"},"canonical":"https:\/\/epochtimestr.com\/index.php\/milletvekili-maaslari-belli-oldu","og_locale":"tr_TR","og_type":"article","og_title":"Milletvekili Maa\u015flar\u0131 Belli Oldu - The Epoch Times TR","og_description":"Emekli ve milletvekili olanlar\u0131n maa\u015f\u0131 147 bin liradan 230 bin lira oldu. Sadece milletvekilli olanlar\u0131n maa\u015f\u0131 ise 73 bin 329 liradan, yakla\u015f\u0131k 110 bin liraya y\u00fckseldi. T\u00fcrkiye \u0130statistik Kurumu\u2019nun a\u00e7\u0131klad\u0131\u011f\u0131 enflasyon verilerine g\u00f6re memur maa\u015flar\u0131na indeksli milletvekili maa\u015flar\u0131 da y\u00fczde 49,25 oranda zamlanacak. Ekonomim&#8217;de yer alan habere g\u00f6re, Meclis&#8217;te hem emekli olan, hem de vekil [&hellip;]","og_url":"https:\/\/epochtimestr.com\/index.php\/milletvekili-maaslari-belli-oldu","og_site_name":"The Epoch Times TR","article_publisher":"https:\/\/www.facebook.com\/theepochtimestr","article_published_time":"2024-01-04T09:06:23+00:00","article_modified_time":"2024-01-04T09:06:27+00:00","og_image":[{"width":640,"height":480,"url":"https:\/\/epochtimestr.com\/wp-content\/uploads\/2011y\/res10-1.jpg","type":"image\/jpeg"}],"author":"Haber Merkezi","twitter_card":"summary_large_image","twitter_creator":"@TheEpochTimesTR","twitter_site":"@TheEpochTimesTR","twitter_misc":{"Yazan:":"Haber Merkezi","Tahmini okuma s\u00fcresi":"2 dakika"},"schema":{"@context":"https:\/\/schema.org","@graph":[{"@type":"Article","@id":"https:\/\/epochtimestr.com\/index.php\/milletvekili-maaslari-belli-oldu#article","isPartOf":{"@id":"https:\/\/epochtimestr.com\/index.php\/milletvekili-maaslari-belli-oldu"},"author":{"name":"Haber Merkezi","@id":"https:\/\/epochtimestr.com\/#\/schema\/person\/3dc5c3adeb9f43923c5aa85889172fdd"},"headline":"Milletvekili Maa\u015flar\u0131 Belli Oldu","datePublished":"2024-01-04T09:06:23+00:00","dateModified":"2024-01-04T09:06:27+00:00","mainEntityOfPage":{"@id":"https:\/\/epochtimestr.com\/index.php\/milletvekili-maaslari-belli-oldu"},"wordCount":156,"publisher":{"@id":"https:\/\/epochtimestr.com\/#organization"},"image":{"@id":"https:\/\/epochtimestr.com\/index.php\/milletvekili-maaslari-belli-oldu#primaryimage"},"thumbnailUrl":"https:\/\/epochtimestr.com\/wp-content\/uploads\/2011y\/res10-1.jpg","articleSection":["Ekonomi","G\u00dcNDEM","MAN\u015eET","Siyaset","T\u00dcRK\u0130YE"],"inLanguage":"tr"},{"@type":"WebPage","@id":"https:\/\/epochtimestr.com\/index.php\/milletvekili-maaslari-belli-oldu","url":"https:\/\/epochtimestr.com\/index.php\/milletvekili-maaslari-belli-oldu","name":"Milletvekili Maa\u015flar\u0131 Belli Oldu - The Epoch Times TR","isPartOf":{"@id":"https:\/\/epochtimestr.com\/#website"},"primaryImageOfPage":{"@id":"https:\/\/epochtimestr.com\/index.php\/milletvekili-maaslari-belli-oldu#primaryimage"},"image":{"@id":"https:\/\/epochtimestr.com\/index.php\/milletvekili-maaslari-belli-oldu#primaryimage"},"thumbnailUrl":"https:\/\/epochtimestr.com\/wp-content\/uploads\/2011y\/res10-1.jpg","datePublished":"2024-01-04T09:06:23+00:00","dateModified":"2024-01-04T09:06:27+00:00","inLanguage":"tr","potentialAction":[{"@type":"ReadAction","target":["https:\/\/epochtimestr.com\/index.php\/milletvekili-maaslari-belli-oldu"]}]},{"@type":"ImageObject","inLanguage":"tr","@id":"https:\/\/epochtimestr.com\/index.php\/milletvekili-maaslari-belli-oldu#primaryimage","url":"https:\/\/epochtimestr.com\/wp-content\/uploads\/2011y\/res10-1.jpg","contentUrl":"https:\/\/epochtimestr.com\/wp-content\/uploads\/2011y\/res10-1.jpg","width":640,"height":480},{"@type":"WebSite","@id":"https:\/\/epochtimestr.com\/#website","url":"https:\/\/epochtimestr.com\/","name":"The Epoch Times TR","description":"De\u011fi\u015fen D\u00fcnyam\u0131za Taze Bir Bak\u0131\u015f","publisher":{"@id":"https:\/\/epochtimestr.com\/#organization"},"potentialAction":[{"@type":"SearchAction","target":{"@type":"EntryPoint","urlTemplate":"https:\/\/epochtimestr.com\/?s={search_term_string}"},"query-input":"required name=search_term_string"}],"inLanguage":"tr"},{"@type":"Organization","@id":"https:\/\/epochtimestr.com\/#organization","name":"The EpochTimes T\u00fcrkiye","url":"https:\/\/epochtimestr.com\/","logo":{"@type":"ImageObject","inLanguage":"tr","@id":"https:\/\/epochtimestr.com\/#\/schema\/logo\/image\/","url":"https:\/\/epochtimestr.com\/wp-content\/uploads\/2011y\/ET-Logo-YG.jpg","contentUrl":"https:\/\/epochtimestr.com\/wp-content\/uploads\/2011y\/ET-Logo-YG.jpg","width":346,"height":29,"caption":"The EpochTimes T\u00fcrkiye"},"image":{"@id":"https:\/\/epochtimestr.com\/#\/schema\/logo\/image\/"},"sameAs":["https:\/\/www.facebook.com\/theepochtimestr","https:\/\/x.com\/TheEpochTimesTR","https:\/\/www.instagram.com\/epochtimestr"]},{"@type":"Person","@id":"https:\/\/epochtimestr.com\/#\/schema\/person\/3dc5c3adeb9f43923c5aa85889172fdd","name":"Haber Merkezi","image":{"@type":"ImageObject","inLanguage":"tr","@id":"https:\/\/epochtimestr.com\/#\/schema\/person\/image\/","url":"https:\/\/secure.gravatar.com\/avatar\/d73f772ba5a74f28601361e17c2f93e6?s=96&d=mm&r=g","contentUrl":"https:\/\/secure.gravatar.com\/avatar\/d73f772ba5a74f28601361e17c2f93e6?s=96&d=mm&r=g","caption":"Haber Merkezi"},"url":"https:\/\/epochtimestr.com\/index.php\/author\/sendag"}]}},"_links":{"self":[{"href":"https:\/\/epochtimestr.com\/index.php\/wp-json\/wp\/v2\/posts\/149160"}],"collection":[{"href":"https:\/\/epochtimestr.com\/index.php\/wp-json\/wp\/v2\/posts"}],"about":[{"href":"https:\/\/epochtimestr.com\/index.php\/wp-json\/wp\/v2\/types\/post"}],"author":[{"embeddable":true,"href":"https:\/\/epochtimestr.com\/index.php\/wp-json\/wp\/v2\/users\/12791"}],"replies":[{"embeddable":true,"href":"https:\/\/epochtimestr.com\/index.php\/wp-json\/wp\/v2\/comments?post=149160"}],"version-history":[{"count":1,"href":"https:\/\/epochtimestr.com\/index.php\/wp-json\/wp\/v2\/posts\/149160\/revisions"}],"predecessor-version":[{"id":149162,"href":"https:\/\/epochtimestr.com\/index.php\/wp-json\/wp\/v2\/posts\/149160\/revisions\/149162"}],"wp:featuredmedia":[{"embeddable":true,"href":"https:\/\/epochtimestr.com\/index.php\/wp-json\/wp\/v2\/media\/149161"}],"wp:attachment":[{"href":"https:\/\/epochtimestr.com\/index.php\/wp-json\/wp\/v2\/media?parent=149160"}],"wp:term":[{"taxonomy":"category","embeddable":true,"href":"https:\/\/epochtimestr.com\/index.php\/wp-json\/wp\/v2\/categories?post=149160"},{"taxonomy":"post_tag","embeddable":true,"href":"https:\/\/epochtimestr.com\/index.php\/wp-json\/wp\/v2\/tags?post=149160"}],"curies":[{"name":"wp","href":"https:\/\/api.w.org\/{rel}","templated":true}]}}