{"id":149539,"date":"2024-01-23T08:36:38","date_gmt":"2024-01-23T05:36:38","guid":{"rendered":"https:\/\/epochtimestr.com\/?p=149539"},"modified":"2024-08-12T10:51:19","modified_gmt":"2024-08-12T07:51:19","slug":"2024un-ilk-dolunayi-kurt-dolunayi-yakinda-dogacak-ama-neden-boyle-adlandiriliyor","status":"publish","type":"post","link":"https:\/\/epochtimestr.com\/index.php\/2024un-ilk-dolunayi-kurt-dolunayi-yakinda-dogacak-ama-neden-boyle-adlandiriliyor","title":{"rendered":"2024&#8217;\u00fcn \u0130lk Dolunay\u0131 &#8211; &#8216;Kurt Dolunay\u0131&#8217; &#8211; Yak\u0131nda Do\u011facak, Ama Neden B\u00f6yle Adland\u0131r\u0131l\u0131yor?"},"content":{"rendered":"<div class=\"wp-block-image\">\n<figure class=\"aligncenter size-full\"><img loading=\"lazy\" decoding=\"async\" width=\"1080\" height=\"720\" src=\"https:\/\/epochtimestr.com\/wp-content\/uploads\/2011y\/id5569175-2-3-33-035-full-wolf-moon-45-56435365-1080x720-1.webp\" alt=\"\" class=\"wp-image-149540\" srcset=\"https:\/\/epochtimestr.com\/wp-content\/uploads\/2011y\/id5569175-2-3-33-035-full-wolf-moon-45-56435365-1080x720-1.webp 1080w, https:\/\/epochtimestr.com\/wp-content\/uploads\/2011y\/id5569175-2-3-33-035-full-wolf-moon-45-56435365-1080x720-1-300x200.webp 300w, https:\/\/epochtimestr.com\/wp-content\/uploads\/2011y\/id5569175-2-3-33-035-full-wolf-moon-45-56435365-1080x720-1-150x100.webp 150w, https:\/\/epochtimestr.com\/wp-content\/uploads\/2011y\/id5569175-2-3-33-035-full-wolf-moon-45-56435365-1080x720-1-768x512.webp 768w\" sizes=\"(max-width: 1080px) 100vw, 1080px\" \/><figcaption class=\"wp-element-caption\">Shutterstock&#8217;tan al\u0131nan g\u00f6rseller kullan\u0131larak The Epoch Times taraf\u0131ndan tasarlanan bir ill\u00fcstrasyon (Mia Stendal\/photomaster\/Fernando Astasio Avila\/Shutterstock)<\/figcaption><\/figure><\/div>\n\n\n<p>Kula\u011fa \u00fcrk\u00fct\u00fcc\u00fc ve gizemli gelen &#8220;Kurt Dolunay\u0131&#8221; ismi, her Ocak ay\u0131nda ger\u00e7ekle\u015fen dolunay\u0131, yani y\u0131l\u0131n ilk dolunay\u0131n\u0131 ifade eder! Bu dolunay hakk\u0131nda sorulabilecek ilk \u015fey, kula\u011fa daha \u00e7ok Cad\u0131lar Bayram\u0131 i\u00e7in uygun gelen u\u011fursuz lakab\u0131n\u0131 nas\u0131l ald\u0131\u011f\u0131d\u0131r.<\/p>\n\n\n\n<p>Farmer&#8217;s Almanac&#8217;a g\u00f6re, Koloni Amerikas\u0131 d\u00f6neminde kurt s\u00fcr\u00fclerinin k\u00f6ylerin d\u0131\u015f\u0131nda uluduklar\u0131 duyulurdu ve geleneksel olarak bunun k\u0131\u015f aylar\u0131nda a\u00e7l\u0131ktan kaynakland\u0131\u011f\u0131 d\u00fc\u015f\u00fcn\u00fcl\u00fcrd\u00fc. Ancak g\u00fcn\u00fcm\u00fczde kurtlar\u0131n say\u0131s\u0131z nedenden \u00f6t\u00fcr\u00fc uluduklar\u0131 bilinmektedir: b\u00f6lgeyi tan\u0131mlamak, sosyal ba\u011flar\u0131 sa\u011flamla\u015ft\u0131rmak, s\u00fcr\u00fc \u00fcyelerinin yerini belirlemek ve avlanma faaliyetlerini koordine etmek\u2026 gibi.<\/p>\n\n\n<div class=\"wp-block-image\">\n<figure class=\"aligncenter size-full\"><img loading=\"lazy\" decoding=\"async\" width=\"1200\" height=\"800\" src=\"https:\/\/epochtimestr.com\/wp-content\/uploads\/2011y\/id5568950-2-340-405-full-wolf-moon-45-56435365.webp\" alt=\"\" class=\"wp-image-149541\" srcset=\"https:\/\/epochtimestr.com\/wp-content\/uploads\/2011y\/id5568950-2-340-405-full-wolf-moon-45-56435365.webp 1200w, https:\/\/epochtimestr.com\/wp-content\/uploads\/2011y\/id5568950-2-340-405-full-wolf-moon-45-56435365-300x200.webp 300w, https:\/\/epochtimestr.com\/wp-content\/uploads\/2011y\/id5568950-2-340-405-full-wolf-moon-45-56435365-150x100.webp 150w, https:\/\/epochtimestr.com\/wp-content\/uploads\/2011y\/id5568950-2-340-405-full-wolf-moon-45-56435365-768x512.webp 768w\" sizes=\"(max-width: 1200px) 100vw, 1200px\" \/><figcaption class=\"wp-element-caption\">Norve\u00e7&#8217;te uluyan iki kurt. (Bjarne Henning Kvaale\/Shutterstock)<\/figcaption><\/figure><\/div>\n\n\n<p>Ocak ay\u0131n\u0131n dolunay\u0131 da b\u00f6yle bir isme sahip oldu\u011fu i\u00e7in \u00f6zel de\u011fildir &#8211; t\u00fcm takvim aylar\u0131n\u0131n kendi aylar\u0131 ve bunlarla ili\u015fkili isimleri vard\u0131r, \u00f6rne\u011fin Mart ay\u0131ndaki Solucan Ay\u0131 ve Haziran ay\u0131ndaki \u00c7ilek Ay\u0131 gibi. Bu isimler de sadece dolunay\u0131 de\u011fil, ilgili ay\u0131n tamam\u0131n\u0131 ifade eder.<\/p>\n\n\n\n<p>Geleneksel olarak, \u00e7e\u015fitli k\u00fclt\u00fcrler dolunaylar\u0131 d\u00fc\u015ft\u00fckleri mevsimlere uygun olarak adland\u0131rm\u0131\u015flard\u0131r. Kurt Ay\u0131&#8217;n\u0131n yan\u0131 s\u0131ra ba\u015fka isimler de verilmi\u015ftir: K\u0131\u015f aylar\u0131nda a\u011fa\u00e7larda \u00e7atlama seslerinin duyuldu\u011fu Kanada&#8217;n\u0131n baz\u0131 b\u00f6lgelerinde, bu ay Woodland Cree halk\u0131 taraf\u0131ndan Buzlu Patlayan Ay olarak adland\u0131r\u0131lm\u0131\u015ft\u0131r. Ojibwe&#8217;ler taraf\u0131ndan Ruh Ay\u0131 olarak adland\u0131r\u0131lm\u0131\u015f, kuzey \u0131\u015f\u0131klar\u0131 ile ili\u015fkilendirilmi\u015f, dua ve d\u00fc\u015f\u00fcnme zaman\u0131 olarak g\u00f6r\u00fclm\u00fc\u015ft\u00fcr.<\/p>\n\n\n<div class=\"wp-block-image\">\n<figure class=\"aligncenter size-full\"><img loading=\"lazy\" decoding=\"async\" width=\"1200\" height=\"800\" src=\"https:\/\/epochtimestr.com\/wp-content\/uploads\/2011y\/id5568930-2-340-465035-full-wolf-moon-45-56435365.webp\" alt=\"\" class=\"wp-image-149542\" srcset=\"https:\/\/epochtimestr.com\/wp-content\/uploads\/2011y\/id5568930-2-340-465035-full-wolf-moon-45-56435365.webp 1200w, https:\/\/epochtimestr.com\/wp-content\/uploads\/2011y\/id5568930-2-340-465035-full-wolf-moon-45-56435365-300x200.webp 300w, https:\/\/epochtimestr.com\/wp-content\/uploads\/2011y\/id5568930-2-340-465035-full-wolf-moon-45-56435365-150x100.webp 150w, https:\/\/epochtimestr.com\/wp-content\/uploads\/2011y\/id5568930-2-340-465035-full-wolf-moon-45-56435365-768x512.webp 768w\" sizes=\"(max-width: 1200px) 100vw, 1200px\" \/><figcaption class=\"wp-element-caption\">Madrid, \u0130spanya&#8217;da bir dolunay. (Fernando Astasio Avila\/Shutterstock)<\/figcaption><\/figure><\/div>\n\n\n<p>Ve pop\u00fcler takma adlar\u0131n listesi uzay\u0131p gidiyor. Say\u0131s\u0131z ba\u015fka k\u00fclt\u00fcr bu ay\u0131 k\u0131\u015f mevsimiyle ili\u015fkilendirmi\u015ftir: Farmer&#8217;s Almanac&#8217;a g\u00f6re, Cree taraf\u0131ndan So\u011fuk Ay, Algonquin taraf\u0131ndan Donmu\u015f Ay ve Dakota taraf\u0131ndan Keskin Ay olarak adland\u0131r\u0131lm\u0131\u015ft\u0131r.<\/p>\n\n\n\n<p>Ocak ay\u0131nda Dolunay&#8217;\u0131n ne zaman do\u011faca\u011f\u0131na gelince, bunu g\u00f6rmek i\u00e7in \u00e7ok mu ge\u00e7 diye sorulabilir. Hay\u0131r, \u00e7ok ge\u00e7 de\u011fil.<\/p>\n\n\n\n<p>Kurt Dolunay\u0131 iki g\u00fcn sonra, 25 Ocak Per\u015fembe g\u00fcn\u00fc, Kuzey Amerika&#8217;n\u0131n b\u00fcy\u00fck b\u00f6l\u00fcm\u00fcnde g\u00fcn ortas\u0131na denk gelen EST saatiyle tam 12:54&#8217;te ger\u00e7ekle\u015fecek.<\/p>\n\n\n\n<p>Ancak endi\u015felenmeyin, ay o gece g\u00fcn bat\u0131m\u0131ndan birka\u00e7 dakika \u00f6nce do\u011fduktan sonra yine de olduk\u00e7a dolgun g\u00f6r\u00fcnecek; g\u00fcne\u015f bat\u0131da batarken onun do\u011fudan do\u011fdu\u011funu g\u00f6receksiniz. Bundan \u00f6nceki ve sonraki gecelerde de neredeyse dolunay gibi g\u00f6r\u00fcnecek ama tam olarak de\u011fil.<\/p>\n\n\n\n<p>\u015eimdi, daha merakl\u0131 baz\u0131 tipler aydaki &#8220;dolulu\u011fa&#8221; neyin sebep oldu\u011funu merak edebilir. Neden ba\u015fka zamanlarda de\u011fil de tam o anda dolunay oluyor? Neden ay\u0131n do\u011fu\u015funa ya da tepe noktas\u0131na denk gelmiyor? Harika sorular. Ay&#8217;\u0131n gizemleri isimlerin \u00f6tesine ge\u00e7er.<\/p>\n\n\n\n<p>\u00d6ncelikle, neden hem g\u00fcne\u015f hem de ay do\u011far ve batar? Asl\u0131nda g\u00f6ky\u00fcz\u00fcndeki di\u011fer t\u00fcm g\u00f6k cisimlerinin do\u011fup batmas\u0131yla ayn\u0131 nedenden dolay\u0131: D\u00fcnya d\u00f6n\u00fcyor. B\u00f6ylece uzaydaki her \u015fey etraf\u0131m\u0131zda d\u00f6nerek gece ve g\u00fcnd\u00fcze, g\u00fcne\u015fin do\u011fu\u015funa ve ay\u0131n bat\u0131\u015f\u0131na neden olur.<\/p>\n\n\n<div class=\"wp-block-image\">\n<figure class=\"aligncenter size-full is-resized\"><img loading=\"lazy\" decoding=\"async\" src=\"https:\/\/epochtimestr.com\/wp-content\/uploads\/2011y\/moon-phases-7320960_1280.jpg\" alt=\"\" class=\"wp-image-149543\" width=\"840\" height=\"482\" srcset=\"https:\/\/epochtimestr.com\/wp-content\/uploads\/2011y\/moon-phases-7320960_1280.jpg 1280w, https:\/\/epochtimestr.com\/wp-content\/uploads\/2011y\/moon-phases-7320960_1280-300x173.jpg 300w, https:\/\/epochtimestr.com\/wp-content\/uploads\/2011y\/moon-phases-7320960_1280-150x86.jpg 150w, https:\/\/epochtimestr.com\/wp-content\/uploads\/2011y\/moon-phases-7320960_1280-768x442.jpg 768w, https:\/\/epochtimestr.com\/wp-content\/uploads\/2011y\/moon-phases-7320960_1280-750x430.jpg 750w\" sizes=\"(max-width: 840px) 100vw, 840px\" \/><figcaption class=\"wp-element-caption\">Ay\u0131n evreleri. (Foto: Pixabay)<\/figcaption><\/figure><\/div>\n\n\n<p>Ancak Ay&#8217;\u0131n dolunay halini kontrol eden ya da Ay d\u00f6ng\u00fcs\u00fcn\u00fcn di\u011fer evrelerine neden olan \u015fey D\u00fcnya&#8217;n\u0131n d\u00f6n\u00fc\u015f\u00fc de\u011fildir. Ay&#8217;\u0131n d\u00f6ng\u00fcs\u00fcnden bahsetmi\u015fken, sekiz farkl\u0131 evresi vard\u0131r:<\/p>\n\n\n\n<p>Yeni Ay<br \/>Hilal<br \/>\u0130lk D\u00f6rd\u00fcn<br \/>\u015ei\u015fkin ay<br \/>Dolunay<br \/>\u015ei\u015fkin Ay<br \/>Don D\u00f6rd\u00fcn<br \/>Hilal<\/p>\n\n\n\n<p>O halde ay\u0131n evrelerine ne sebep olur? Ay evrelerine neden olan D\u00fcnya&#8217;n\u0131n d\u00f6n\u00fc\u015f\u00fc de\u011fil, Ay&#8217;\u0131n D\u00fcnya etraf\u0131ndaki y\u00f6r\u00fcngesi ve D\u00fcnya ile G\u00fcne\u015f&#8217;e g\u00f6re konumudur. Ay&#8217;\u0131n gezegenimizin etraf\u0131nda bir kez d\u00f6nmesi 29,5 g\u00fcn s\u00fcrer; bu da bir ay d\u00f6ng\u00fcs\u00fcn\u00fcn neden yakla\u015f\u0131k bir ay oldu\u011funu a\u00e7\u0131klar.<\/p>\n\n\n\n<p>Dolunaylara gelince, D\u00fcnya gibi Ay&#8217;\u0131n da bir g\u00fcnd\u00fcz bir de gece taraf\u0131 vard\u0131r ve dolunaylar, g\u00fcnd\u00fcz taraf\u0131 D\u00fcnya&#8217;daki g\u00f6zlemcilere en fazla a\u00e7\u0131k oldu\u011funda ortaya \u00e7\u0131kar. Bu durum Ay&#8217;\u0131n y\u00f6r\u00fcngesi boyunca yaln\u0131zca bir konumda ger\u00e7ekle\u015fir: Ay&#8217;\u0131n bir tarafta, G\u00fcne\u015f&#8217;in tam kar\u015f\u0131 tarafta ve D\u00fcnya&#8217;n\u0131n tam ortada oldu\u011fu konumda. \u00dc\u00e7 nesne de uzayda ayn\u0131 hizaya gelir -ay, D\u00fcnya ve g\u00fcne\u015f- ay\u0131n g\u00fcnd\u00fcz taraf\u0131 bize bakar, en dolu ve en yuvarlak haliyle g\u00f6r\u00fcn\u00fcr. Bu ayl\u0131k olay D\u00fcnya&#8217;n\u0131n d\u00f6n\u00fc\u015f\u00fcnden, hangi zaman diliminde oldu\u011funuzdan, g\u00fcn do\u011fumundan ve ay do\u011fumundan ba\u011f\u0131ms\u0131zd\u0131r.<\/p>\n\n\n<div class=\"wp-block-image\">\n<figure class=\"aligncenter size-full\"><img loading=\"lazy\" decoding=\"async\" width=\"1200\" height=\"800\" src=\"https:\/\/epochtimestr.com\/wp-content\/uploads\/2011y\/id5568935-2-340-405t635-full-wolf-moon-45-56435365.webp\" alt=\"\" class=\"wp-image-149544\" srcset=\"https:\/\/epochtimestr.com\/wp-content\/uploads\/2011y\/id5568935-2-340-405t635-full-wolf-moon-45-56435365.webp 1200w, https:\/\/epochtimestr.com\/wp-content\/uploads\/2011y\/id5568935-2-340-405t635-full-wolf-moon-45-56435365-300x200.webp 300w, https:\/\/epochtimestr.com\/wp-content\/uploads\/2011y\/id5568935-2-340-405t635-full-wolf-moon-45-56435365-150x100.webp 150w, https:\/\/epochtimestr.com\/wp-content\/uploads\/2011y\/id5568935-2-340-405t635-full-wolf-moon-45-56435365-768x512.webp 768w\" sizes=\"(max-width: 1200px) 100vw, 1200px\" \/><figcaption class=\"wp-element-caption\">Luna 3 uzay arac\u0131n\u0131n Moskova, Rusya&#8217;daki Kozmonotik An\u0131t M\u00fczesi&#8217;nde bulunan 1:1 \u00f6l\u00e7ekli modeli; (\u0130\u00e7te) Luna 3&#8217;\u00fcn g\u00f6nderdi\u011fi ilk g\u00f6r\u00fcnt\u00fc, Ay&#8217;\u0131n uzak y\u00fcz\u00fcn\u00fcn yak\u0131n y\u00fcz\u00fcnden \u00e7ok farkl\u0131 oldu\u011funu ve belirgin bir \u015fekilde daha az Ay marisi (karanl\u0131k alanlar) i\u00e7erdi\u011fini g\u00f6steriyor. (Kamu mal\u0131)<\/figcaption><\/figure><\/div>\n\n\n<p>Bir ba\u015fka soru da \u015fu: Ay neden D\u00fcnya&#8217;n\u0131n d\u00f6nd\u00fc\u011f\u00fc gibi d\u00f6nm\u00fcyor da uzak y\u00fcz\u00fcn\u00fc g\u00f6rmemizi engelliyor? Cevap \u015fu: Ay d\u00f6n\u00fcyor ama kendi ekseni etraf\u0131nda d\u00f6nmesi, her ay D\u00fcnya&#8217;n\u0131n etraf\u0131nda d\u00f6nmesiyle ayn\u0131 s\u00fcreyi al\u0131yor. Bu y\u00fczden NASA&#8217;n\u0131n a\u00e7\u0131klad\u0131\u011f\u0131 gibi &#8220;partnerinin etraf\u0131nda d\u00f6nen ama her zaman ona d\u00f6n\u00fck olan bir dans\u00e7\u0131 gibi, asla bize s\u0131rt\u0131n\u0131 d\u00f6nmez&#8221;.<\/p>\n\n\n\n<p>1959 y\u0131l\u0131nda Rus Luna 3 uzay arac\u0131, &#8220;Ay&#8217;\u0131n karanl\u0131k y\u00fcz\u00fc&#8221; olarak adland\u0131r\u0131lan yerde tam olarak ne oldu\u011funu ara\u015ft\u0131rmak \u00fczere f\u0131rlat\u0131ld\u0131. Ve tarihte ilk kez, bu gizemli yerin g\u00f6r\u00fcnt\u00fcleri, son derece d\u00fc\u015f\u00fck \u00e7\u00f6z\u00fcn\u00fcrl\u00fckte de olsa, insanlar taraf\u0131ndan g\u00f6r\u00fcld\u00fc.<\/p>\n\n\n\n<p>Haber : Michael Wing, The Epoch Times<\/p>\n\n\n\n<p>\u00c7eviri : Tijen A.\u00c7., The Epoch Times, T\u00fcrkiye<\/p>\n\n\n\n<p><\/p>\n","protected":false},"excerpt":{"rendered":"<p>Kula\u011fa \u00fcrk\u00fct\u00fcc\u00fc ve gizemli gelen &#8220;Kurt Dolunay\u0131&#8221; ismi, her Ocak ay\u0131nda ger\u00e7ekle\u015fen dolunay\u0131, yani y\u0131l\u0131n ilk dolunay\u0131n\u0131 ifade eder! Bu dolunay hakk\u0131nda sorulabilecek ilk \u015fey, kula\u011fa daha \u00e7ok Cad\u0131lar Bayram\u0131 i\u00e7in uygun gelen u\u011fursuz lakab\u0131n\u0131 nas\u0131l ald\u0131\u011f\u0131d\u0131r. Farmer&#8217;s Almanac&#8217;a g\u00f6re, Koloni Amerikas\u0131 d\u00f6neminde kurt s\u00fcr\u00fclerinin k\u00f6ylerin d\u0131\u015f\u0131nda uluduklar\u0131 duyulurdu ve geleneksel olarak bunun k\u0131\u015f aylar\u0131nda [&hellip;]<\/p>\n","protected":false},"author":13973,"featured_media":149540,"comment_status":"closed","ping_status":"open","sticky":false,"template":"","format":"standard","meta":{"_yoast_wpseo_focuskw":"Dolunay","_yoast_wpseo_title":"","_yoast_wpseo_metadesc":"","_bbp_topic_count":0,"_bbp_reply_count":0,"_bbp_total_topic_count":0,"_bbp_total_reply_count":0,"_bbp_voice_count":0,"_bbp_anonymous_reply_count":0,"_bbp_topic_count_hidden":0,"_bbp_reply_count_hidden":0,"_bbp_forum_subforum_count":0,"footnotes":"","_yoast_wpseo_focuskw_text_input":""},"categories":[41,8206],"tags":[8341,8342,8343,8344],"yoast_head":"<!-- This site is optimized with the Yoast SEO plugin v23.0 - https:\/\/yoast.com\/wordpress\/plugins\/seo\/ -->\n<title>2024&#039;\u00fcn \u0130lk Dolunay\u0131 - &#039;Kurt Dolunay\u0131&#039; - Yak\u0131nda Do\u011facak, Ama Neden B\u00f6yle Adland\u0131r\u0131l\u0131yor? - The Epoch Times TR<\/title>\n<meta name=\"robots\" content=\"index, follow, max-snippet:-1, max-image-preview:large, max-video-preview:-1\" \/>\n<link rel=\"canonical\" href=\"https:\/\/epochtimestr.com\/index.php\/2024un-ilk-dolunayi-kurt-dolunayi-yakinda-dogacak-ama-neden-boyle-adlandiriliyor\" \/>\n<meta property=\"og:locale\" content=\"tr_TR\" \/>\n<meta property=\"og:type\" content=\"article\" \/>\n<meta property=\"og:title\" content=\"2024&#039;\u00fcn \u0130lk Dolunay\u0131 - &#039;Kurt Dolunay\u0131&#039; - Yak\u0131nda Do\u011facak, Ama Neden B\u00f6yle Adland\u0131r\u0131l\u0131yor? - The Epoch Times TR\" \/>\n<meta property=\"og:description\" content=\"Kula\u011fa \u00fcrk\u00fct\u00fcc\u00fc ve gizemli gelen &#8220;Kurt Dolunay\u0131&#8221; ismi, her Ocak ay\u0131nda ger\u00e7ekle\u015fen dolunay\u0131, yani y\u0131l\u0131n ilk dolunay\u0131n\u0131 ifade eder! Bu dolunay hakk\u0131nda sorulabilecek ilk \u015fey, kula\u011fa daha \u00e7ok Cad\u0131lar Bayram\u0131 i\u00e7in uygun gelen u\u011fursuz lakab\u0131n\u0131 nas\u0131l ald\u0131\u011f\u0131d\u0131r. Farmer&#8217;s Almanac&#8217;a g\u00f6re, Koloni Amerikas\u0131 d\u00f6neminde kurt s\u00fcr\u00fclerinin k\u00f6ylerin d\u0131\u015f\u0131nda uluduklar\u0131 duyulurdu ve geleneksel olarak bunun k\u0131\u015f aylar\u0131nda [&hellip;]\" \/>\n<meta property=\"og:url\" content=\"https:\/\/epochtimestr.com\/index.php\/2024un-ilk-dolunayi-kurt-dolunayi-yakinda-dogacak-ama-neden-boyle-adlandiriliyor\" \/>\n<meta property=\"og:site_name\" content=\"The Epoch Times TR\" \/>\n<meta property=\"article:publisher\" content=\"https:\/\/www.facebook.com\/theepochtimestr\" \/>\n<meta property=\"article:published_time\" content=\"2024-01-23T05:36:38+00:00\" \/>\n<meta property=\"article:modified_time\" content=\"2024-08-12T07:51:19+00:00\" \/>\n<meta property=\"og:image\" content=\"https:\/\/epochtimestr.com\/wp-content\/uploads\/2011y\/id5569175-2-3-33-035-full-wolf-moon-45-56435365-1080x720-1.webp\" \/>\n\t<meta property=\"og:image:width\" content=\"1080\" \/>\n\t<meta property=\"og:image:height\" content=\"720\" \/>\n\t<meta property=\"og:image:type\" content=\"image\/webp\" \/>\n<meta name=\"author\" content=\"Tijen A. \u00c7.\" \/>\n<meta name=\"twitter:card\" content=\"summary_large_image\" \/>\n<meta name=\"twitter:creator\" content=\"@TheEpochTimesTR\" \/>\n<meta name=\"twitter:site\" content=\"@TheEpochTimesTR\" \/>\n<meta name=\"twitter:label1\" content=\"Yazan:\" \/>\n\t<meta name=\"twitter:data1\" content=\"Tijen A. \u00c7.\" \/>\n\t<meta name=\"twitter:label2\" content=\"Tahmini okuma s\u00fcresi\" \/>\n\t<meta name=\"twitter:data2\" content=\"6 dakika\" \/>\n<script type=\"application\/ld+json\" class=\"yoast-schema-graph\">{\"@context\":\"https:\/\/schema.org\",\"@graph\":[{\"@type\":\"Article\",\"@id\":\"https:\/\/epochtimestr.com\/index.php\/2024un-ilk-dolunayi-kurt-dolunayi-yakinda-dogacak-ama-neden-boyle-adlandiriliyor#article\",\"isPartOf\":{\"@id\":\"https:\/\/epochtimestr.com\/index.php\/2024un-ilk-dolunayi-kurt-dolunayi-yakinda-dogacak-ama-neden-boyle-adlandiriliyor\"},\"author\":{\"name\":\"Tijen A. \u00c7.\",\"@id\":\"https:\/\/epochtimestr.com\/#\/schema\/person\/b999e6d1728efc62777aa6f251ab9c51\"},\"headline\":\"2024&#8217;\u00fcn \u0130lk Dolunay\u0131 &#8211; &#8216;Kurt Dolunay\u0131&#8217; &#8211; Yak\u0131nda Do\u011facak, Ama Neden B\u00f6yle Adland\u0131r\u0131l\u0131yor?\",\"datePublished\":\"2024-01-23T05:36:38+00:00\",\"dateModified\":\"2024-08-12T07:51:19+00:00\",\"mainEntityOfPage\":{\"@id\":\"https:\/\/epochtimestr.com\/index.php\/2024un-ilk-dolunayi-kurt-dolunayi-yakinda-dogacak-ama-neden-boyle-adlandiriliyor\"},\"wordCount\":1089,\"publisher\":{\"@id\":\"https:\/\/epochtimestr.com\/#organization\"},\"image\":{\"@id\":\"https:\/\/epochtimestr.com\/index.php\/2024un-ilk-dolunayi-kurt-dolunayi-yakinda-dogacak-ama-neden-boyle-adlandiriliyor#primaryimage\"},\"thumbnailUrl\":\"https:\/\/epochtimestr.com\/wp-content\/uploads\/2011y\/id5569175-2-3-33-035-full-wolf-moon-45-56435365-1080x720-1.webp\",\"keywords\":[\"dolunay\",\"fullmoon\",\"ilk dolunay\",\"ocak dolunay\u0131\"],\"articleSection\":[\"Antik \u00c7in K\u00fclt\u00fcr\u00fc\",\"\u00d6ne \u00c7\u0131kan\"],\"inLanguage\":\"tr\"},{\"@type\":\"WebPage\",\"@id\":\"https:\/\/epochtimestr.com\/index.php\/2024un-ilk-dolunayi-kurt-dolunayi-yakinda-dogacak-ama-neden-boyle-adlandiriliyor\",\"url\":\"https:\/\/epochtimestr.com\/index.php\/2024un-ilk-dolunayi-kurt-dolunayi-yakinda-dogacak-ama-neden-boyle-adlandiriliyor\",\"name\":\"2024'\u00fcn \u0130lk Dolunay\u0131 - 'Kurt Dolunay\u0131' - Yak\u0131nda Do\u011facak, Ama Neden B\u00f6yle Adland\u0131r\u0131l\u0131yor? - The Epoch Times TR\",\"isPartOf\":{\"@id\":\"https:\/\/epochtimestr.com\/#website\"},\"primaryImageOfPage\":{\"@id\":\"https:\/\/epochtimestr.com\/index.php\/2024un-ilk-dolunayi-kurt-dolunayi-yakinda-dogacak-ama-neden-boyle-adlandiriliyor#primaryimage\"},\"image\":{\"@id\":\"https:\/\/epochtimestr.com\/index.php\/2024un-ilk-dolunayi-kurt-dolunayi-yakinda-dogacak-ama-neden-boyle-adlandiriliyor#primaryimage\"},\"thumbnailUrl\":\"https:\/\/epochtimestr.com\/wp-content\/uploads\/2011y\/id5569175-2-3-33-035-full-wolf-moon-45-56435365-1080x720-1.webp\",\"datePublished\":\"2024-01-23T05:36:38+00:00\",\"dateModified\":\"2024-08-12T07:51:19+00:00\",\"inLanguage\":\"tr\",\"potentialAction\":[{\"@type\":\"ReadAction\",\"target\":[\"https:\/\/epochtimestr.com\/index.php\/2024un-ilk-dolunayi-kurt-dolunayi-yakinda-dogacak-ama-neden-boyle-adlandiriliyor\"]}]},{\"@type\":\"ImageObject\",\"inLanguage\":\"tr\",\"@id\":\"https:\/\/epochtimestr.com\/index.php\/2024un-ilk-dolunayi-kurt-dolunayi-yakinda-dogacak-ama-neden-boyle-adlandiriliyor#primaryimage\",\"url\":\"https:\/\/epochtimestr.com\/wp-content\/uploads\/2011y\/id5569175-2-3-33-035-full-wolf-moon-45-56435365-1080x720-1.webp\",\"contentUrl\":\"https:\/\/epochtimestr.com\/wp-content\/uploads\/2011y\/id5569175-2-3-33-035-full-wolf-moon-45-56435365-1080x720-1.webp\",\"width\":1080,\"height\":720},{\"@type\":\"WebSite\",\"@id\":\"https:\/\/epochtimestr.com\/#website\",\"url\":\"https:\/\/epochtimestr.com\/\",\"name\":\"The Epoch Times TR\",\"description\":\"De\u011fi\u015fen D\u00fcnyam\u0131za Taze Bir Bak\u0131\u015f\",\"publisher\":{\"@id\":\"https:\/\/epochtimestr.com\/#organization\"},\"potentialAction\":[{\"@type\":\"SearchAction\",\"target\":{\"@type\":\"EntryPoint\",\"urlTemplate\":\"https:\/\/epochtimestr.com\/?s={search_term_string}\"},\"query-input\":\"required name=search_term_string\"}],\"inLanguage\":\"tr\"},{\"@type\":\"Organization\",\"@id\":\"https:\/\/epochtimestr.com\/#organization\",\"name\":\"The EpochTimes T\u00fcrkiye\",\"url\":\"https:\/\/epochtimestr.com\/\",\"logo\":{\"@type\":\"ImageObject\",\"inLanguage\":\"tr\",\"@id\":\"https:\/\/epochtimestr.com\/#\/schema\/logo\/image\/\",\"url\":\"https:\/\/epochtimestr.com\/wp-content\/uploads\/2011y\/ET-Logo-YG.jpg\",\"contentUrl\":\"https:\/\/epochtimestr.com\/wp-content\/uploads\/2011y\/ET-Logo-YG.jpg\",\"width\":346,\"height\":29,\"caption\":\"The EpochTimes T\u00fcrkiye\"},\"image\":{\"@id\":\"https:\/\/epochtimestr.com\/#\/schema\/logo\/image\/\"},\"sameAs\":[\"https:\/\/www.facebook.com\/theepochtimestr\",\"https:\/\/x.com\/TheEpochTimesTR\",\"https:\/\/www.instagram.com\/epochtimestr\"]},{\"@type\":\"Person\",\"@id\":\"https:\/\/epochtimestr.com\/#\/schema\/person\/b999e6d1728efc62777aa6f251ab9c51\",\"name\":\"Tijen A. \u00c7.\",\"image\":{\"@type\":\"ImageObject\",\"inLanguage\":\"tr\",\"@id\":\"https:\/\/epochtimestr.com\/#\/schema\/person\/image\/\",\"url\":\"https:\/\/secure.gravatar.com\/avatar\/7897b90e854610816c850dcde0dcb4f8?s=96&d=mm&r=g\",\"contentUrl\":\"https:\/\/secure.gravatar.com\/avatar\/7897b90e854610816c850dcde0dcb4f8?s=96&d=mm&r=g\",\"caption\":\"Tijen A. \u00c7.\"},\"url\":\"https:\/\/epochtimestr.com\/index.php\/author\/tijen\"}]}<\/script>\n<!-- \/ Yoast SEO plugin. -->","yoast_head_json":{"title":"2024'\u00fcn \u0130lk Dolunay\u0131 - 'Kurt Dolunay\u0131' - Yak\u0131nda Do\u011facak, Ama Neden B\u00f6yle Adland\u0131r\u0131l\u0131yor? - The Epoch Times TR","robots":{"index":"index","follow":"follow","max-snippet":"max-snippet:-1","max-image-preview":"max-image-preview:large","max-video-preview":"max-video-preview:-1"},"canonical":"https:\/\/epochtimestr.com\/index.php\/2024un-ilk-dolunayi-kurt-dolunayi-yakinda-dogacak-ama-neden-boyle-adlandiriliyor","og_locale":"tr_TR","og_type":"article","og_title":"2024'\u00fcn \u0130lk Dolunay\u0131 - 'Kurt Dolunay\u0131' - Yak\u0131nda Do\u011facak, Ama Neden B\u00f6yle Adland\u0131r\u0131l\u0131yor? - The Epoch Times TR","og_description":"Kula\u011fa \u00fcrk\u00fct\u00fcc\u00fc ve gizemli gelen &#8220;Kurt Dolunay\u0131&#8221; ismi, her Ocak ay\u0131nda ger\u00e7ekle\u015fen dolunay\u0131, yani y\u0131l\u0131n ilk dolunay\u0131n\u0131 ifade eder! Bu dolunay hakk\u0131nda sorulabilecek ilk \u015fey, kula\u011fa daha \u00e7ok Cad\u0131lar Bayram\u0131 i\u00e7in uygun gelen u\u011fursuz lakab\u0131n\u0131 nas\u0131l ald\u0131\u011f\u0131d\u0131r. Farmer&#8217;s Almanac&#8217;a g\u00f6re, Koloni Amerikas\u0131 d\u00f6neminde kurt s\u00fcr\u00fclerinin k\u00f6ylerin d\u0131\u015f\u0131nda uluduklar\u0131 duyulurdu ve geleneksel olarak bunun k\u0131\u015f aylar\u0131nda [&hellip;]","og_url":"https:\/\/epochtimestr.com\/index.php\/2024un-ilk-dolunayi-kurt-dolunayi-yakinda-dogacak-ama-neden-boyle-adlandiriliyor","og_site_name":"The Epoch Times TR","article_publisher":"https:\/\/www.facebook.com\/theepochtimestr","article_published_time":"2024-01-23T05:36:38+00:00","article_modified_time":"2024-08-12T07:51:19+00:00","og_image":[{"width":1080,"height":720,"url":"https:\/\/epochtimestr.com\/wp-content\/uploads\/2011y\/id5569175-2-3-33-035-full-wolf-moon-45-56435365-1080x720-1.webp","type":"image\/webp"}],"author":"Tijen A. \u00c7.","twitter_card":"summary_large_image","twitter_creator":"@TheEpochTimesTR","twitter_site":"@TheEpochTimesTR","twitter_misc":{"Yazan:":"Tijen A. \u00c7.","Tahmini okuma s\u00fcresi":"6 dakika"},"schema":{"@context":"https:\/\/schema.org","@graph":[{"@type":"Article","@id":"https:\/\/epochtimestr.com\/index.php\/2024un-ilk-dolunayi-kurt-dolunayi-yakinda-dogacak-ama-neden-boyle-adlandiriliyor#article","isPartOf":{"@id":"https:\/\/epochtimestr.com\/index.php\/2024un-ilk-dolunayi-kurt-dolunayi-yakinda-dogacak-ama-neden-boyle-adlandiriliyor"},"author":{"name":"Tijen A. \u00c7.","@id":"https:\/\/epochtimestr.com\/#\/schema\/person\/b999e6d1728efc62777aa6f251ab9c51"},"headline":"2024&#8217;\u00fcn \u0130lk Dolunay\u0131 &#8211; &#8216;Kurt Dolunay\u0131&#8217; &#8211; Yak\u0131nda Do\u011facak, Ama Neden B\u00f6yle Adland\u0131r\u0131l\u0131yor?","datePublished":"2024-01-23T05:36:38+00:00","dateModified":"2024-08-12T07:51:19+00:00","mainEntityOfPage":{"@id":"https:\/\/epochtimestr.com\/index.php\/2024un-ilk-dolunayi-kurt-dolunayi-yakinda-dogacak-ama-neden-boyle-adlandiriliyor"},"wordCount":1089,"publisher":{"@id":"https:\/\/epochtimestr.com\/#organization"},"image":{"@id":"https:\/\/epochtimestr.com\/index.php\/2024un-ilk-dolunayi-kurt-dolunayi-yakinda-dogacak-ama-neden-boyle-adlandiriliyor#primaryimage"},"thumbnailUrl":"https:\/\/epochtimestr.com\/wp-content\/uploads\/2011y\/id5569175-2-3-33-035-full-wolf-moon-45-56435365-1080x720-1.webp","keywords":["dolunay","fullmoon","ilk dolunay","ocak dolunay\u0131"],"articleSection":["Antik \u00c7in K\u00fclt\u00fcr\u00fc","\u00d6ne \u00c7\u0131kan"],"inLanguage":"tr"},{"@type":"WebPage","@id":"https:\/\/epochtimestr.com\/index.php\/2024un-ilk-dolunayi-kurt-dolunayi-yakinda-dogacak-ama-neden-boyle-adlandiriliyor","url":"https:\/\/epochtimestr.com\/index.php\/2024un-ilk-dolunayi-kurt-dolunayi-yakinda-dogacak-ama-neden-boyle-adlandiriliyor","name":"2024'\u00fcn \u0130lk Dolunay\u0131 - 'Kurt Dolunay\u0131' - Yak\u0131nda Do\u011facak, Ama Neden B\u00f6yle Adland\u0131r\u0131l\u0131yor? - The Epoch Times TR","isPartOf":{"@id":"https:\/\/epochtimestr.com\/#website"},"primaryImageOfPage":{"@id":"https:\/\/epochtimestr.com\/index.php\/2024un-ilk-dolunayi-kurt-dolunayi-yakinda-dogacak-ama-neden-boyle-adlandiriliyor#primaryimage"},"image":{"@id":"https:\/\/epochtimestr.com\/index.php\/2024un-ilk-dolunayi-kurt-dolunayi-yakinda-dogacak-ama-neden-boyle-adlandiriliyor#primaryimage"},"thumbnailUrl":"https:\/\/epochtimestr.com\/wp-content\/uploads\/2011y\/id5569175-2-3-33-035-full-wolf-moon-45-56435365-1080x720-1.webp","datePublished":"2024-01-23T05:36:38+00:00","dateModified":"2024-08-12T07:51:19+00:00","inLanguage":"tr","potentialAction":[{"@type":"ReadAction","target":["https:\/\/epochtimestr.com\/index.php\/2024un-ilk-dolunayi-kurt-dolunayi-yakinda-dogacak-ama-neden-boyle-adlandiriliyor"]}]},{"@type":"ImageObject","inLanguage":"tr","@id":"https:\/\/epochtimestr.com\/index.php\/2024un-ilk-dolunayi-kurt-dolunayi-yakinda-dogacak-ama-neden-boyle-adlandiriliyor#primaryimage","url":"https:\/\/epochtimestr.com\/wp-content\/uploads\/2011y\/id5569175-2-3-33-035-full-wolf-moon-45-56435365-1080x720-1.webp","contentUrl":"https:\/\/epochtimestr.com\/wp-content\/uploads\/2011y\/id5569175-2-3-33-035-full-wolf-moon-45-56435365-1080x720-1.webp","width":1080,"height":720},{"@type":"WebSite","@id":"https:\/\/epochtimestr.com\/#website","url":"https:\/\/epochtimestr.com\/","name":"The Epoch Times TR","description":"De\u011fi\u015fen D\u00fcnyam\u0131za Taze Bir Bak\u0131\u015f","publisher":{"@id":"https:\/\/epochtimestr.com\/#organization"},"potentialAction":[{"@type":"SearchAction","target":{"@type":"EntryPoint","urlTemplate":"https:\/\/epochtimestr.com\/?s={search_term_string}"},"query-input":"required name=search_term_string"}],"inLanguage":"tr"},{"@type":"Organization","@id":"https:\/\/epochtimestr.com\/#organization","name":"The EpochTimes T\u00fcrkiye","url":"https:\/\/epochtimestr.com\/","logo":{"@type":"ImageObject","inLanguage":"tr","@id":"https:\/\/epochtimestr.com\/#\/schema\/logo\/image\/","url":"https:\/\/epochtimestr.com\/wp-content\/uploads\/2011y\/ET-Logo-YG.jpg","contentUrl":"https:\/\/epochtimestr.com\/wp-content\/uploads\/2011y\/ET-Logo-YG.jpg","width":346,"height":29,"caption":"The EpochTimes T\u00fcrkiye"},"image":{"@id":"https:\/\/epochtimestr.com\/#\/schema\/logo\/image\/"},"sameAs":["https:\/\/www.facebook.com\/theepochtimestr","https:\/\/x.com\/TheEpochTimesTR","https:\/\/www.instagram.com\/epochtimestr"]},{"@type":"Person","@id":"https:\/\/epochtimestr.com\/#\/schema\/person\/b999e6d1728efc62777aa6f251ab9c51","name":"Tijen A. \u00c7.","image":{"@type":"ImageObject","inLanguage":"tr","@id":"https:\/\/epochtimestr.com\/#\/schema\/person\/image\/","url":"https:\/\/secure.gravatar.com\/avatar\/7897b90e854610816c850dcde0dcb4f8?s=96&d=mm&r=g","contentUrl":"https:\/\/secure.gravatar.com\/avatar\/7897b90e854610816c850dcde0dcb4f8?s=96&d=mm&r=g","caption":"Tijen A. \u00c7."},"url":"https:\/\/epochtimestr.com\/index.php\/author\/tijen"}]}},"_links":{"self":[{"href":"https:\/\/epochtimestr.com\/index.php\/wp-json\/wp\/v2\/posts\/149539"}],"collection":[{"href":"https:\/\/epochtimestr.com\/index.php\/wp-json\/wp\/v2\/posts"}],"about":[{"href":"https:\/\/epochtimestr.com\/index.php\/wp-json\/wp\/v2\/types\/post"}],"author":[{"embeddable":true,"href":"https:\/\/epochtimestr.com\/index.php\/wp-json\/wp\/v2\/users\/13973"}],"replies":[{"embeddable":true,"href":"https:\/\/epochtimestr.com\/index.php\/wp-json\/wp\/v2\/comments?post=149539"}],"version-history":[{"count":3,"href":"https:\/\/epochtimestr.com\/index.php\/wp-json\/wp\/v2\/posts\/149539\/revisions"}],"predecessor-version":[{"id":149547,"href":"https:\/\/epochtimestr.com\/index.php\/wp-json\/wp\/v2\/posts\/149539\/revisions\/149547"}],"wp:featuredmedia":[{"embeddable":true,"href":"https:\/\/epochtimestr.com\/index.php\/wp-json\/wp\/v2\/media\/149540"}],"wp:attachment":[{"href":"https:\/\/epochtimestr.com\/index.php\/wp-json\/wp\/v2\/media?parent=149539"}],"wp:term":[{"taxonomy":"category","embeddable":true,"href":"https:\/\/epochtimestr.com\/index.php\/wp-json\/wp\/v2\/categories?post=149539"},{"taxonomy":"post_tag","embeddable":true,"href":"https:\/\/epochtimestr.com\/index.php\/wp-json\/wp\/v2\/tags?post=149539"}],"curies":[{"name":"wp","href":"https:\/\/api.w.org\/{rel}","templated":true}]}}