{"id":149969,"date":"2024-02-21T12:21:27","date_gmt":"2024-02-21T09:21:27","guid":{"rendered":"https:\/\/epochtimestr.com\/?p=149969"},"modified":"2024-02-21T16:46:15","modified_gmt":"2024-02-21T13:46:15","slug":"kadin-yureginden-depremzede-cocuklar-icin-sanatsal-bir-ileri-donusumcu-iyilik-projesi-yarim-kalmayacak","status":"publish","type":"post","link":"https:\/\/epochtimestr.com\/index.php\/kadin-yureginden-depremzede-cocuklar-icin-sanatsal-bir-ileri-donusumcu-iyilik-projesi-yarim-kalmayacak","title":{"rendered":"Kad\u0131n Y\u00fcre\u011finden Depremzede \u00c7ocuklar i\u00e7in Sanatsal Bir \u0130leri D\u00f6n\u00fc\u015f\u00fcmc\u00fc \u0130yilik Projesi: Yar\u0131m Kalmayacak"},"content":{"rendered":"<div class=\"wp-block-image\">\n<figure class=\"aligncenter size-full is-resized\"><img loading=\"lazy\" decoding=\"async\" src=\"https:\/\/epochtimestr.com\/wp-content\/uploads\/2011y\/COIM-Manset.jpeg\" alt=\"\" class=\"wp-image-149970\" width=\"852\" height=\"568\" srcset=\"https:\/\/epochtimestr.com\/wp-content\/uploads\/2011y\/COIM-Manset.jpeg 886w, https:\/\/epochtimestr.com\/wp-content\/uploads\/2011y\/COIM-Manset-300x200.jpeg 300w, https:\/\/epochtimestr.com\/wp-content\/uploads\/2011y\/COIM-Manset-150x100.jpeg 150w, https:\/\/epochtimestr.com\/wp-content\/uploads\/2011y\/COIM-Manset-768x512.jpeg 768w\" sizes=\"(max-width: 852px) 100vw, 852px\" \/><figcaption class=\"wp-element-caption\">Foto\u011fraf: (Soldan sa\u011fa): G\u0130\u015eKAD Y\u00f6netim kurulu Ba\u015fkan\u0131 M\u00fcr\u00fcvvet Beyda\u011f\u0131, RMA Plastik\u00a0Y\u00f6netim Kurulu \u00dcyesi Nurten\u00a0Avunduk, Televizyoncu ve Gazeteci Belk\u0131s Akt\u00fcrk, \u0130leri D\u00f6n\u00fc\u015f\u00fcm Sanat\u00e7\u0131s\u0131 Sema \u00d6zdemir Akbel <\/figcaption><\/figure><\/div>\n\n\n<p><strong>\u0130stanbul, Mersin, Ayd\u0131n ve K\u0131br\u0131s\u2019tan y\u00fcre\u011fi iyilik i\u00e7in \u00e7arpan d\u00f6rt kad\u0131n depremde ailelerini ve uzuvlar\u0131n\u0131 kaybeden \u00e7ocuklara rehabilitasyon hizmeti veren \u00c7ocuk \u0130yilik Merkezi\u2019ne sanatla destek olmak i\u00e7in \u201cYar\u0131m Kalmayacak\u201d projesini hayata ge\u00e7irdi. &nbsp;<\/strong><\/p>\n\n\n\n<p>6 \u015eubat depremleri t\u00fcm T\u00fcrkiye\u2019nin y\u00fcre\u011finde ve zihninde ciddi yaralar a\u00e7t\u0131. Resmi rakamlara g\u00f6re 50.000 \u00fczerinde insan hayat\u0131n\u0131 kaybetti ve 35.000\u2019nin \u00fczerinde bina y\u0131k\u0131ld\u0131. Depremi ya\u015fayan pek \u00e7ok insan da hayatta kalmay\u0131 ba\u015farm\u0131\u015f olsalar bile en yak\u0131nlar\u0131n\u0131 kaybetti.<\/p>\n\n\n\n<p>Elbette depremin deh\u015fetini en \u00e7ok \u00e7ocuklar ya\u015fad\u0131. Pek \u00e7o\u011fu hayatlar\u0131n\u0131 kaybederken, pek \u00e7o\u011fu da ya\u015fama tutunmay\u0131 ve hayatta kalmay\u0131 ba\u015fard\u0131. Ama bu \u00e7ocuklardan baz\u0131lar\u0131 var ki onlar ger\u00e7ekten \u00e7ok zorlu bir s\u00fcre\u00e7ten ge\u00e7ti. Bu \u00e7ocuklar\u0131n baz\u0131lar\u0131 enkazlar\u0131n alt\u0131nda hayatlar\u0131n\u0131 kaybeden ailelerinin yan\u0131nda kurtar\u0131lmay\u0131 beklerken uzuvlar\u0131n\u0131 kaybeden \u00e7ocuklard\u0131. Bu \u00e7ocuklar depremden sonra en \u00e7ok rehabilitasyona ihtiya\u00e7 duyanlard\u0131.<\/p>\n\n\n\n<p>Bu \u00e7ocuklar\u0131n durumlar\u0131na duyars\u0131z kalmayan ulusal ve uluslararas\u0131 t\u0131p derneklerinin ve \u00e7ocuk doktorlar\u0131n\u0131n i\u015f birli\u011fiyle bir yard\u0131m kampanyas\u0131 ba\u015flat\u0131ld\u0131. Projeye ilgi k\u0131sa zamanda \u00e7\u0131\u011f gibi b\u00fcy\u00fcd\u00fc. \u00c7ukurova \u00dcniversitesi Rekt\u00f6r\u00fc Prof. Dr. Meryem Tuncel\u2019in projeyi sahiplenmesi ile de bu \u00e7al\u0131\u015fma \u00c7ocuk \u0130yilik Merkezi projesine d\u00f6n\u00fc\u015ft\u00fc. Prof. Dr. Tuncel proje i\u00e7in \u00c7ukurova \u00dcniversitesi kamp\u00fcs\u00fc i\u00e7erisinde bir alan tahsis etti ve H\u00fcsn\u00fc \u00d6zye\u011fin Vakf\u0131\u2019n\u0131n destekleriyle in\u015fa edilen merkez ile \u00c7ocuk \u0130yilik Merkezi v\u00fccut buldu. \u00c7ocuk \u0130yilik Merkezi 6 \u015eubat depremlerinden etkilenmi\u015f, 21 ya\u015f\u0131ndan g\u00fcn almam\u0131\u015f t\u00fcm \u00e7ocuklar\u0131n ve gen\u00e7lerin ihtiya\u00e7 duydu\u011fu b\u00fct\u00fcnc\u00fcl bak\u0131m ve rehabilitasyon hizmetlerini \u00fccretsiz olarak sa\u011flamaya ba\u015flad\u0131.<\/p>\n\n\n\n<p><strong>\u0130yili\u011fin bir araya getirdi\u011fi d\u00f6rt kad\u0131n ve Yar\u0131m Kalmayacak Projesi<\/strong><\/p>\n\n\n\n<p>Yar\u0131m Kalmayacak Projesi\u2019nin temelleri ise K\u0131br\u0131s\u2019ta at\u0131ld\u0131. K\u0131br\u0131s\u2019ta, K\u0131br\u0131s T\u00fcrk Giri\u015fimci Kad\u0131nlar Derne\u011fi&#8217;nin (G\u0130KAD), d\u00fczedi\u011fi \u0130\u015f&#8217;te Kad\u0131nlar lll. Zirvesi\u2019ne \u00c7ukurova \u00dcniversitesi Rekt\u00f6r\u00fc Prof. Dr. Meryem Tuncel de kat\u0131ld\u0131. Prof. Dr. Tuncel burada 500&#8217;e yak\u0131n kat\u0131l\u0131mc\u0131ya \u00c7ocuk \u0130yilik Merkezi\u2019ni bir video e\u015fli\u011finde anlatt\u0131. Kat\u0131l\u0131mc\u0131lar aras\u0131nda olan Gazeteci ve Televizyoncu Belk\u0131s Akt\u00fcrk, depremzede Emine\u2019nin protez ayakla \u00fcniversite s\u0131nav\u0131na giri\u015f hikayesini g\u00f6zlerinde ya\u015flarla dinlerken Giri\u015fimci \u0130\u015f Kad\u0131nlar\u0131 Derne\u011fi (G\u0130\u015eKAD) Ba\u015fkan\u0131 M\u00fcr\u00fcvvet Beyda\u011f\u0131 ve Ayd\u0131n\u2019dan \u0130\u015f Kad\u0131n\u0131 \u00d6zlem Nimet Erkul\u2019la bir anda g\u00f6z g\u00f6ze geldi.\u00a0 Akt\u00fcrk bu an\u0131 \u015f\u00f6yle anlat\u0131yor; \u201cDepremde bir baca\u011f\u0131n\u0131 kaybeden Emine\u2019nin, \u2018Aya\u011f\u0131m\u0131 takt\u0131m. \u00dcniversite s\u0131nav\u0131na y\u00fcr\u00fcyerek girdim. Bunun i\u00e7in \u00e7ok mutluyum.\u2019 s\u00f6zleri beni \u00e7ok duyguland\u0131rd\u0131. O anlar\u0131 ya\u015fl\u0131 g\u00f6zlerle izlerken Giri\u015fimci \u0130\u015f Kad\u0131nlar Derne\u011fi (G\u0130\u015eKAD) Ba\u015fkan\u0131 M\u00fcr\u00fcvvet Beyda\u011f\u0131 ve Ayd\u0131n\u2019dan \u0130\u015f Kad\u0131n\u0131 \u00d6zlem Nimet Erkul\u2019la g\u00f6z g\u00f6ze geldik ve sanki telepatik olarak kalpten bir anla\u015fma yapt\u0131k. O an \u00fc\u00e7\u00fcm\u00fcz sessiz bir \u015fekilde anla\u015fm\u0131\u015ft\u0131k ve sanki \u00c7ocuk \u0130yilik Merkezi i\u00e7in bir \u015feyler yapmaya o an karar vermi\u015ftik.\u201d<\/p>\n\n\n<div class=\"wp-block-image\">\n<figure class=\"alignleft size-full\"><img loading=\"lazy\" decoding=\"async\" width=\"326\" height=\"489\" src=\"https:\/\/epochtimestr.com\/wp-content\/uploads\/2011y\/Bisiklet-.jpeg\" alt=\"\" class=\"wp-image-149971\" srcset=\"https:\/\/epochtimestr.com\/wp-content\/uploads\/2011y\/Bisiklet-.jpeg 326w, https:\/\/epochtimestr.com\/wp-content\/uploads\/2011y\/Bisiklet--200x300.jpeg 200w, https:\/\/epochtimestr.com\/wp-content\/uploads\/2011y\/Bisiklet--100x150.jpeg 100w\" sizes=\"(max-width: 326px) 100vw, 326px\" \/><\/figure><\/div>\n\n\n<p>Daha sonra bu \u00fc\u00e7l\u00fc neler yapabileceklerini konu\u015fmak i\u00e7in bir kafeye gitti. Akt\u00fcrk orada daha \u00f6nceden tan\u0131d\u0131\u011f\u0131 ileri d\u00f6n\u00fc\u015f\u00fcm sanat\u00e7\u0131s\u0131 Sema \u00d6zdemir Akbel ile tesad\u00fcf \u00f6tesi bir \u015fekilde kar\u015f\u0131la\u015ft\u0131 ve Akbel\u2019i de yanlar\u0131na alarak konu ile ilgili konu\u015fmaya ba\u015flad\u0131lar. \u00c7ocuk \u0130yilik Merkezi\u2019ni hem T\u00fcrkiye \u00e7ap\u0131nda daha \u00e7ok duyurmak hem de merkeze destek olmak istiyorlard\u0131. Tasarlad\u0131klar\u0131 proje i\u00e7in kafenin duvar\u0131nda g\u00f6m\u00fcl\u00fcym\u00fc\u015f gibi g\u00f6r\u00fcnen ama yar\u0131m izlenimi veren bisikletten ilham alarak \u201cYar\u0131m Kalmayacak\u201d projesini kurgulamaya ba\u015flad\u0131lar. Bu bisikletin alt\u0131nda poz vererek projeye start verdiler. Akt\u00fcrk o an\u0131 \u015f\u00f6yle aktar\u0131yor; \u201c O bisiklete bakt\u0131\u011f\u0131m\u0131z zaman bisiklet hi\u00e7 yar\u0131mm\u0131\u015f gibi bir his yaratm\u0131yordu. Biz de ayn\u0131 \u015fekilde bu uzuvlar\u0131n\u0131 kaybeden \u00e7ocuklar\u0131n kendilerini yar\u0131m hissetmeyeceklerini s\u00f6yledik. Ne hayalleri, ne hayatlar\u0131 yar\u0131m kalmayacak dedik. Proje kapsam\u0131nda 6 \u015eubat depreminden etkilenen 6 \u00e7ocuk i\u00e7in 6 eser yaratarak bu \u00e7ocuklar\u0131n ihtiyac\u0131 olan 9 protezi almay\u0131 kararla\u015ft\u0131rd\u0131k. Proje b\u00f6yle ba\u015flad\u0131.\u201d<\/p>\n\n\n\n<p>Projenin uygulanmas\u0131 konusunda \u00f6nce toplant\u0131lara on-line olarak devam ettiler. Daha sonra ilk temaslar\u0131n\u0131 Mersin\u2019de G\u0130\u015eKAD Ba\u015fkan\u0131 M\u00fcr\u00fcvvet Beyda\u011f\u0131\u2019n\u0131n ev sahipli\u011finde ger\u00e7ekle\u015ftirdiler. Mersin Tarsus Organize Sanayi B\u00f6lgesi\u2019nde (MTOSB) Y\u00f6netim Kurulu Ba\u015fkan\u0131 Sabri Tekli`yi ve MTOSB heyetini ziyaret ettiler ve burada projelerini aktard\u0131lar. Mersin\u2019de RMA Plastik&nbsp;Y\u00f6netim Kurulu \u00dcyesi Nurten&nbsp;Avunduk, Sanat\u00e7\u0131 Sema \u00d6zdemir Akbel i\u00e7in kendi fabrikas\u0131ndan malzeme temin etmeyi ve istedi\u011fi yere teslim etmeyi teklif edince projenin Mersin aya\u011f\u0131 kurulmu\u015f oldu.&nbsp;<\/p>\n\n\n<div class=\"wp-block-image\">\n<figure class=\"aligncenter size-full\"><img loading=\"lazy\" decoding=\"async\" width=\"745\" height=\"559\" src=\"https:\/\/epochtimestr.com\/wp-content\/uploads\/2011y\/HAUS-Sergi-.jpeg\" alt=\"\" class=\"wp-image-149973\" srcset=\"https:\/\/epochtimestr.com\/wp-content\/uploads\/2011y\/HAUS-Sergi-.jpeg 745w, https:\/\/epochtimestr.com\/wp-content\/uploads\/2011y\/HAUS-Sergi--300x225.jpeg 300w, https:\/\/epochtimestr.com\/wp-content\/uploads\/2011y\/HAUS-Sergi--150x113.jpeg 150w, https:\/\/epochtimestr.com\/wp-content\/uploads\/2011y\/HAUS-Sergi--86x64.jpeg 86w\" sizes=\"(max-width: 745px) 100vw, 745px\" \/><figcaption class=\"wp-element-caption\">Foto\u011fraf: (Soldan sa\u011fa): \u00d6zlem Nimet Erkul, \u00d6zden G\u00f6zl\u00fckl\u00fc Saka, \u00c7ukurova \u00dcniversitesi Rekt\u00f6r\u00fc Prof. Dr. Meryem Tuncel, Sema \u00d6zdemir Akbel, Belk\u0131s Akt\u00fcrk, Hakk\u0131 G\u00f6zl\u00fckl\u00fc, Nurg\u00fcl \u00c7\u0131lg\u0131n HAUS Santrif\u00fcj Teknolojileri fabrikas\u0131nda <\/figcaption><\/figure><\/div>\n\n\n<p>Daha sonra i\u015f Kad\u0131n\u0131 \u00d6zlem Nimet Erkul proje ekibini Ayd\u0131n\u2019a davet etti ve ekip Ayd\u0131n\u2019da \u00fcst d\u00fczey temaslarda bulundu.&nbsp; Ayd\u0131n\u2019da HAUS Santrifuj Teknolojileri firmas\u0131 sahibi Hakk\u0131 G\u00f6zl\u00fckl\u00fc ve k\u0131z karde\u015fi \u00d6zden G\u00f6zl\u00fckl\u00fc Saka bu projeye destek vermek istediklerini belirtti. Bar\u0131\u015f K\u0131rtasiye\u2019nin sahibesi \u0130\u015f Kad\u0131n\u0131 Nurg\u00fcl \u00c7\u0131lg\u0131n da s\u00fcre\u00e7 boyunca desteklerini esirgemedi. Sema \u00d6zdemir Akbel\u2019e hem fabrikada \u00e7al\u0131\u015fma olana\u011f\u0131 hem de istedi\u011fi at\u0131k malzemeleri sundular.&nbsp; B\u00f6ylece projenin haz\u0131rl\u0131k a\u015famas\u0131 tamamland\u0131 ve eserlerin ilk sergilenmesi 1 \u015eubat 2024 tarihinde HAUS Santrifuj Teknolojileri fabrikas\u0131 olarak ayarland\u0131.&nbsp;<\/p>\n\n\n\n<p><strong>\u00c7ocuklar i\u00e7in sanat devrede<\/strong><\/p>\n\n\n\n<p>Eserlerin yarat\u0131m s\u00fcrecinde ileri d\u00f6n\u00fc\u015f\u00fcm sanat\u00e7\u0131s\u0131 Akbel HAUS Santrifuj Teknolojileri fabrikas\u0131nda \u00e7al\u0131\u015fmaya ba\u015flad\u0131. Burada at\u0131k ve geri d\u00f6n\u00fc\u015ft\u00fcr\u00fclebilir malzemeleri kullanarak ileri d\u00f6n\u00fc\u015f\u00fcm sanat eserleri tasarlad\u0131. Eserlerin yarat\u0131m s\u00fcrecinde fabrikada \u00e7al\u0131\u015fan i\u015f\u00e7iler ile birlikte \u00e7al\u0131\u015fan Akbel \u00e7al\u0131\u015f\u0131rken fabrikan\u0131n is\u00e7ilerini de eserlerin yarat\u0131m s\u00fcrecinde aktif olarak dahil etti.&nbsp; Erkek i\u015f\u00e7ilerin yan\u0131 s\u0131ra kad\u0131n kaynak i\u015f\u00e7ileri malzemelerin kaynak i\u015flerini yap\u0131p eserlerin ortaya \u00e7\u0131kmas\u0131na destek oldu. &nbsp;<\/p>\n\n\n<div class=\"wp-block-image\">\n<figure class=\"aligncenter size-full is-resized\"><img loading=\"lazy\" decoding=\"async\" src=\"https:\/\/epochtimestr.com\/wp-content\/uploads\/2011y\/HAUS.jpeg\" alt=\"\" class=\"wp-image-149972\" width=\"836\" height=\"470\" srcset=\"https:\/\/epochtimestr.com\/wp-content\/uploads\/2011y\/HAUS.jpeg 1024w, https:\/\/epochtimestr.com\/wp-content\/uploads\/2011y\/HAUS-300x169.jpeg 300w, https:\/\/epochtimestr.com\/wp-content\/uploads\/2011y\/HAUS-150x84.jpeg 150w, https:\/\/epochtimestr.com\/wp-content\/uploads\/2011y\/HAUS-768x432.jpeg 768w\" sizes=\"(max-width: 836px) 100vw, 836px\" \/><figcaption class=\"wp-element-caption\">HAUS Santrif\u00fcj Teknolojileri fabrikas\u0131nda \u0130leri D\u00f6n\u00fc\u015f\u00fcm Sanat\u00e7\u0131s\u0131 Sema \u00d6zdemir Akbel  <\/figcaption><\/figure><\/div>\n\n\n<p>Akbel ise eserlerin yarat\u0131m s\u00fcrecini \u015fu s\u00f6zlerle aktard\u0131; \u201cBen sanayi at\u0131klar\u0131 ile \u00e7al\u0131\u015f\u0131yorum. M\u00fcthi\u015f keyifli bir \u015fey. Bug\u00fcne kadar Bodrum, Tuzla ve Gaziantep gibi pek \u00e7ok belediyenin davetlisi olarak pek \u00e7ok yere gittim ve buralarda belediyelerin at\u0131klar\u0131 ile \u00e7al\u0131\u015farak pek \u00e7ok eser ortaya \u00e7\u0131kard\u0131m. Bana sunulan malzemeler ne olursa onlarla \u00e7al\u0131\u015f\u0131yorum. Zaten bu malzemelere bakt\u0131\u011f\u0131m zaman bitmi\u015f halini g\u00f6r\u00fcyorum. Bu \u00e7ok ilgin\u00e7 bir \u015fey, sanki gelece\u011fi g\u00f6rmek gibi. Ben bu malzemelere ruh katt\u0131\u011f\u0131ma inan\u0131yorum. Aya\u011f\u0131n\u0131zla \u00f6teye itmeye \u00fc\u015fendi\u011finiz \u015feyleri salonunuza asacak hale getiriyorum. Bu projeyi ortaya \u00e7\u0131kard\u0131\u011f\u0131m\u0131z zaman da \u00e7ok heyecanland\u0131m. Proje i\u00e7in \u00e7al\u0131\u015fma s\u00fcrecinde de zorlu bir \u00e7al\u0131\u015fma olmas\u0131na ra\u011fmen hi\u00e7 yorgunluk hissetmedim. Zaten projede 6 \u00e7ocuk i\u00e7in 6 eser ortaya \u00e7\u0131karmay\u0131 planlam\u0131\u015ft\u0131k ama 24 par\u00e7a ortaya \u00e7\u0131kt\u0131. B\u00f6yle bir projenin bir par\u00e7as\u0131 olmaktan son derece mutluluk duyuyorum.\u201d<\/p>\n\n\n\n<p><strong>Proje hedefinden fazlas\u0131na ula\u015ft\u0131 <\/strong><\/p>\n\n\n\n<p>`Eserlerin ilk sergilenmesi ve sat\u0131\u015f\u0131 1 \u015eubat tarihinde HAUS Santrifuj Teknolojileri fabrikas\u0131nda ger\u00e7ekle\u015fti. \u0130kinci sergileme ise 3 \u015eubat\u2019ta Mersin\u2019de Mersin Tarsus Organize Sanayi B\u00f6lgesi\u2019nde ger\u00e7ekle\u015fti. Daha sonra eserler \u00c7ukurova \u00dcniversitesi\u2019nde ger\u00e7ekle\u015ftirilen 6 \u015eubat depremini anma program\u0131nda Ampute A Milli Futbol Tak\u0131m\u0131 teknik direkt\u00f6r\u00fc, y\u00f6neticileri ve oyuncular\u0131n\u0131n da kat\u0131l\u0131m\u0131yla sergilendi. Son olarak\u00a0 15 \u2013 17 \u015eubat tarihleri aras\u0131nda Adana\u2019da uluslararas\u0131 kat\u0131l\u0131m ile ger\u00e7ekle\u015ftirilen REWA Anatolia Fuar\u0131\u2019nda plastik ve geri d\u00f6n\u00fc\u015f\u00fcm sekt\u00f6r\u00fcnde faaliyet g\u00f6steren firma ve i\u015f insanlar\u0131 ile bulu\u015ftu.\u00a0 Bu sergilemelerde Akbel\u2019in ortaya \u00e7\u0131kard\u0131\u011f\u0131 pek \u00e7ok eser yeni sahipleri ile bulu\u015ftu. \u00a0<\/p>\n\n\n<div class=\"wp-block-image\">\n<figure class=\"aligncenter size-full\"><img loading=\"lazy\" decoding=\"async\" width=\"874\" height=\"655\" src=\"https:\/\/epochtimestr.com\/wp-content\/uploads\/2011y\/MTOSB-Sergi-1.jpeg\" alt=\"\" class=\"wp-image-149975\" srcset=\"https:\/\/epochtimestr.com\/wp-content\/uploads\/2011y\/MTOSB-Sergi-1.jpeg 874w, https:\/\/epochtimestr.com\/wp-content\/uploads\/2011y\/MTOSB-Sergi-1-300x225.jpeg 300w, https:\/\/epochtimestr.com\/wp-content\/uploads\/2011y\/MTOSB-Sergi-1-150x112.jpeg 150w, https:\/\/epochtimestr.com\/wp-content\/uploads\/2011y\/MTOSB-Sergi-1-768x576.jpeg 768w, https:\/\/epochtimestr.com\/wp-content\/uploads\/2011y\/MTOSB-Sergi-1-86x64.jpeg 86w\" sizes=\"(max-width: 874px) 100vw, 874px\" \/><figcaption class=\"wp-element-caption\">Foto\u011fraf: Mersin Tarsus Organize Sanayi B\u00f6lgesi&#8217;nde Yar\u0131m Kalmayacak Projesi Sergisi s\u0131ras\u0131nda \u00e7ekilmi\u015f toplu foto\u011fraf:<\/figcaption><\/figure><\/div>\n\n\n<p>Belk\u0131s Akt\u00fcrk geldikleri noktay\u0131 \u015f\u00f6yle aktard\u0131; \u201cBiz 6 \u015eubat, 6 \u00e7ocuk, 6 eser diyerek 6\u2019l\u0131 bir s\u00fcrece \u00e7\u0131kt\u0131k. 6 \u00e7ocu\u011fun 9 proteze ihtiyac\u0131 vard\u0131. 6 eser diye yola \u00e7\u0131kt\u0131k ama sonu\u00e7ta 24 eser ortaya \u00e7\u0131kt\u0131 ve bu eserlerin her biri de kendi i\u00e7erisinde bir sisteme ve d\u00fczene girdi. \u00d6nce Ayd\u0131n, sonra Mersin ve daha sonra \u00c7ocuk \u0130yilik Merkezi\u2019nde eserleri sergiledik. En son olarak da Adana Sanayi Odas\u0131 Y\u00f6netim Kurulu Ba\u015fkan\u0131 Zeki K\u0131van\u00e7\u2019\u0131n daveti ile kalkt\u0131k \u0130stanbul\u2019dan REWA Anatolia\u2019ya geldik.&nbsp; Bu s\u00fcre\u00e7te sadece finansal kaynak yaratmad\u0131k ayn\u0131 zamanda da \u00e7ocuklar\u0131n hayallerine ula\u015fmas\u0131 i\u00e7in de \u00e7al\u0131\u015ft\u0131k. \u00c7ocuklar\u0131m\u0131zdan baz\u0131lar\u0131 futbolcu, baz\u0131lar\u0131 kendi deyimleriyle \u2018Y\u00fczmeci\u2019 olmak istiyorlard\u0131. Bu y\u00fczden Ampute Milli Futbol Tak\u0131m\u0131\u2019na, T\u00fcrkiye Engelliler Spor Yard\u0131m ve E\u011fitim Vakf\u0131\u2019na (TESYEV), T\u00fcrkiye Milli Paralimpik Komitesi\u2019ne ula\u015ft\u0131k. \u00c7ocuklar\u0131n bu \u015fekilde hayallerine ula\u015fmalar\u0131 i\u00e7in de \u00e7al\u0131\u015ft\u0131k.&nbsp; Hepimiz \u00e7ok canla ba\u015fla \u00e7al\u0131\u015ft\u0131k. Sema Han\u0131m da gece g\u00fcnd\u00fcz demeden bu eserleri ortaya \u00e7\u0131karmak i\u00e7in \u00e7ok \u00e7al\u0131\u015ft\u0131. Projemizin hedefinden fazlas\u0131na ula\u015ft\u0131 ama amac\u0131m\u0131za ula\u015ft\u0131k diyemeyiz \u00e7\u00fcnk\u00fc \u00e7ocuklar\u0131n protezlerinin onlar\u0131n b\u00fcy\u00fcme s\u00fcre\u00e7lerinde de yenilenmesi gerekiyor.&nbsp; Bu y\u00fczden bu t\u00fcr projelerin devam\u0131n\u0131n da gelmesi gerekiyor. \u00c7ocuklar b\u00fcy\u00fcyor, b\u00fcy\u00fcyecek. Hayalleri de b\u00fcy\u00fcyecek ve \u00c7ocuk \u0130yilik Merkezi onlar\u0131n yan\u0131nda olacak. Bu nedenle destekler her daim \u00f6nemli ve gerekli. \u201c<\/p>\n","protected":false},"excerpt":{"rendered":"<p>\u0130stanbul, Mersin, Ayd\u0131n ve K\u0131br\u0131s\u2019tan y\u00fcre\u011fi iyilik i\u00e7in \u00e7arpan d\u00f6rt kad\u0131n depremde ailelerini ve uzuvlar\u0131n\u0131 kaybeden \u00e7ocuklara rehabilitasyon hizmeti veren \u00c7ocuk \u0130yilik Merkezi\u2019ne sanatla destek olmak i\u00e7in \u201cYar\u0131m Kalmayacak\u201d projesini hayata ge\u00e7irdi. &nbsp; 6 \u015eubat depremleri t\u00fcm T\u00fcrkiye\u2019nin y\u00fcre\u011finde ve zihninde ciddi yaralar a\u00e7t\u0131. Resmi rakamlara g\u00f6re 50.000 \u00fczerinde insan hayat\u0131n\u0131 kaybetti ve 35.000\u2019nin \u00fczerinde [&hellip;]<\/p>\n","protected":false},"author":22,"featured_media":149970,"comment_status":"closed","ping_status":"open","sticky":false,"template":"","format":"standard","meta":{"_yoast_wpseo_focuskw":"","_yoast_wpseo_title":"","_yoast_wpseo_metadesc":"","_bbp_topic_count":0,"_bbp_reply_count":0,"_bbp_total_topic_count":0,"_bbp_total_reply_count":0,"_bbp_voice_count":0,"_bbp_anonymous_reply_count":0,"_bbp_topic_count_hidden":0,"_bbp_reply_count_hidden":0,"_bbp_forum_subforum_count":0,"footnotes":"","_yoast_wpseo_focuskw_text_input":""},"categories":[519,2610,8138,8206,60],"tags":[],"yoast_head":"<!-- This site is optimized with the Yoast SEO plugin v23.0 - https:\/\/yoast.com\/wordpress\/plugins\/seo\/ -->\n<title>Kad\u0131n Y\u00fcre\u011finden Depremzede \u00c7ocuklar i\u00e7in Sanatsal Bir \u0130leri D\u00f6n\u00fc\u015f\u00fcmc\u00fc \u0130yilik Projesi: Yar\u0131m Kalmayacak - The Epoch Times TR<\/title>\n<meta name=\"robots\" content=\"index, follow, max-snippet:-1, max-image-preview:large, max-video-preview:-1\" \/>\n<link rel=\"canonical\" href=\"https:\/\/epochtimestr.com\/index.php\/kadin-yureginden-depremzede-cocuklar-icin-sanatsal-bir-ileri-donusumcu-iyilik-projesi-yarim-kalmayacak\" \/>\n<meta property=\"og:locale\" content=\"tr_TR\" \/>\n<meta property=\"og:type\" content=\"article\" \/>\n<meta property=\"og:title\" content=\"Kad\u0131n Y\u00fcre\u011finden Depremzede \u00c7ocuklar i\u00e7in Sanatsal Bir \u0130leri D\u00f6n\u00fc\u015f\u00fcmc\u00fc \u0130yilik Projesi: Yar\u0131m Kalmayacak - The Epoch Times TR\" \/>\n<meta property=\"og:description\" content=\"\u0130stanbul, Mersin, Ayd\u0131n ve K\u0131br\u0131s\u2019tan y\u00fcre\u011fi iyilik i\u00e7in \u00e7arpan d\u00f6rt kad\u0131n depremde ailelerini ve uzuvlar\u0131n\u0131 kaybeden \u00e7ocuklara rehabilitasyon hizmeti veren \u00c7ocuk \u0130yilik Merkezi\u2019ne sanatla destek olmak i\u00e7in \u201cYar\u0131m Kalmayacak\u201d projesini hayata ge\u00e7irdi. &nbsp; 6 \u015eubat depremleri t\u00fcm T\u00fcrkiye\u2019nin y\u00fcre\u011finde ve zihninde ciddi yaralar a\u00e7t\u0131. Resmi rakamlara g\u00f6re 50.000 \u00fczerinde insan hayat\u0131n\u0131 kaybetti ve 35.000\u2019nin \u00fczerinde [&hellip;]\" \/>\n<meta property=\"og:url\" content=\"https:\/\/epochtimestr.com\/index.php\/kadin-yureginden-depremzede-cocuklar-icin-sanatsal-bir-ileri-donusumcu-iyilik-projesi-yarim-kalmayacak\" \/>\n<meta property=\"og:site_name\" content=\"The Epoch Times TR\" \/>\n<meta property=\"article:publisher\" content=\"https:\/\/www.facebook.com\/theepochtimestr\" \/>\n<meta property=\"article:published_time\" content=\"2024-02-21T09:21:27+00:00\" \/>\n<meta property=\"article:modified_time\" content=\"2024-02-21T13:46:15+00:00\" \/>\n<meta property=\"og:image\" content=\"https:\/\/epochtimestr.com\/wp-content\/uploads\/2011y\/COIM-Manset.jpeg\" \/>\n\t<meta property=\"og:image:width\" content=\"886\" \/>\n\t<meta property=\"og:image:height\" content=\"591\" \/>\n\t<meta property=\"og:image:type\" content=\"image\/jpeg\" \/>\n<meta name=\"author\" content=\"G.Hakan Ko\u00e7man\" \/>\n<meta name=\"twitter:card\" content=\"summary_large_image\" \/>\n<meta name=\"twitter:creator\" content=\"@TheEpochTimesTR\" \/>\n<meta name=\"twitter:site\" content=\"@TheEpochTimesTR\" \/>\n<meta name=\"twitter:label1\" content=\"Yazan:\" \/>\n\t<meta name=\"twitter:data1\" content=\"G.Hakan Ko\u00e7man\" \/>\n\t<meta name=\"twitter:label2\" content=\"Tahmini okuma s\u00fcresi\" \/>\n\t<meta name=\"twitter:data2\" content=\"9 dakika\" \/>\n<script type=\"application\/ld+json\" class=\"yoast-schema-graph\">{\"@context\":\"https:\/\/schema.org\",\"@graph\":[{\"@type\":\"Article\",\"@id\":\"https:\/\/epochtimestr.com\/index.php\/kadin-yureginden-depremzede-cocuklar-icin-sanatsal-bir-ileri-donusumcu-iyilik-projesi-yarim-kalmayacak#article\",\"isPartOf\":{\"@id\":\"https:\/\/epochtimestr.com\/index.php\/kadin-yureginden-depremzede-cocuklar-icin-sanatsal-bir-ileri-donusumcu-iyilik-projesi-yarim-kalmayacak\"},\"author\":{\"name\":\"G.Hakan Ko\u00e7man\",\"@id\":\"https:\/\/epochtimestr.com\/#\/schema\/person\/b5509977c9a6cd729a3e74d9743d035b\"},\"headline\":\"Kad\u0131n Y\u00fcre\u011finden Depremzede \u00c7ocuklar i\u00e7in Sanatsal Bir \u0130leri D\u00f6n\u00fc\u015f\u00fcmc\u00fc \u0130yilik Projesi: Yar\u0131m Kalmayacak\",\"datePublished\":\"2024-02-21T09:21:27+00:00\",\"dateModified\":\"2024-02-21T13:46:15+00:00\",\"mainEntityOfPage\":{\"@id\":\"https:\/\/epochtimestr.com\/index.php\/kadin-yureginden-depremzede-cocuklar-icin-sanatsal-bir-ileri-donusumcu-iyilik-projesi-yarim-kalmayacak\"},\"wordCount\":1751,\"publisher\":{\"@id\":\"https:\/\/epochtimestr.com\/#organization\"},\"image\":{\"@id\":\"https:\/\/epochtimestr.com\/index.php\/kadin-yureginden-depremzede-cocuklar-icin-sanatsal-bir-ileri-donusumcu-iyilik-projesi-yarim-kalmayacak#primaryimage\"},\"thumbnailUrl\":\"https:\/\/epochtimestr.com\/wp-content\/uploads\/2011y\/COIM-Manset.jpeg\",\"articleSection\":[\"ED\u0130T\u00d6R\u00dcN SE\u00c7\u0130M\u0130\",\"ilham Verenler\",\"MAN\u015eET\",\"\u00d6ne \u00c7\u0131kan\",\"Taslak'da b\u0131rak\"],\"inLanguage\":\"tr\"},{\"@type\":\"WebPage\",\"@id\":\"https:\/\/epochtimestr.com\/index.php\/kadin-yureginden-depremzede-cocuklar-icin-sanatsal-bir-ileri-donusumcu-iyilik-projesi-yarim-kalmayacak\",\"url\":\"https:\/\/epochtimestr.com\/index.php\/kadin-yureginden-depremzede-cocuklar-icin-sanatsal-bir-ileri-donusumcu-iyilik-projesi-yarim-kalmayacak\",\"name\":\"Kad\u0131n Y\u00fcre\u011finden Depremzede \u00c7ocuklar i\u00e7in Sanatsal Bir \u0130leri D\u00f6n\u00fc\u015f\u00fcmc\u00fc \u0130yilik Projesi: Yar\u0131m Kalmayacak - The Epoch Times TR\",\"isPartOf\":{\"@id\":\"https:\/\/epochtimestr.com\/#website\"},\"primaryImageOfPage\":{\"@id\":\"https:\/\/epochtimestr.com\/index.php\/kadin-yureginden-depremzede-cocuklar-icin-sanatsal-bir-ileri-donusumcu-iyilik-projesi-yarim-kalmayacak#primaryimage\"},\"image\":{\"@id\":\"https:\/\/epochtimestr.com\/index.php\/kadin-yureginden-depremzede-cocuklar-icin-sanatsal-bir-ileri-donusumcu-iyilik-projesi-yarim-kalmayacak#primaryimage\"},\"thumbnailUrl\":\"https:\/\/epochtimestr.com\/wp-content\/uploads\/2011y\/COIM-Manset.jpeg\",\"datePublished\":\"2024-02-21T09:21:27+00:00\",\"dateModified\":\"2024-02-21T13:46:15+00:00\",\"inLanguage\":\"tr\",\"potentialAction\":[{\"@type\":\"ReadAction\",\"target\":[\"https:\/\/epochtimestr.com\/index.php\/kadin-yureginden-depremzede-cocuklar-icin-sanatsal-bir-ileri-donusumcu-iyilik-projesi-yarim-kalmayacak\"]}]},{\"@type\":\"ImageObject\",\"inLanguage\":\"tr\",\"@id\":\"https:\/\/epochtimestr.com\/index.php\/kadin-yureginden-depremzede-cocuklar-icin-sanatsal-bir-ileri-donusumcu-iyilik-projesi-yarim-kalmayacak#primaryimage\",\"url\":\"https:\/\/epochtimestr.com\/wp-content\/uploads\/2011y\/COIM-Manset.jpeg\",\"contentUrl\":\"https:\/\/epochtimestr.com\/wp-content\/uploads\/2011y\/COIM-Manset.jpeg\",\"width\":886,\"height\":591},{\"@type\":\"WebSite\",\"@id\":\"https:\/\/epochtimestr.com\/#website\",\"url\":\"https:\/\/epochtimestr.com\/\",\"name\":\"The Epoch Times TR\",\"description\":\"De\u011fi\u015fen D\u00fcnyam\u0131za Taze Bir Bak\u0131\u015f\",\"publisher\":{\"@id\":\"https:\/\/epochtimestr.com\/#organization\"},\"potentialAction\":[{\"@type\":\"SearchAction\",\"target\":{\"@type\":\"EntryPoint\",\"urlTemplate\":\"https:\/\/epochtimestr.com\/?s={search_term_string}\"},\"query-input\":\"required name=search_term_string\"}],\"inLanguage\":\"tr\"},{\"@type\":\"Organization\",\"@id\":\"https:\/\/epochtimestr.com\/#organization\",\"name\":\"The EpochTimes T\u00fcrkiye\",\"url\":\"https:\/\/epochtimestr.com\/\",\"logo\":{\"@type\":\"ImageObject\",\"inLanguage\":\"tr\",\"@id\":\"https:\/\/epochtimestr.com\/#\/schema\/logo\/image\/\",\"url\":\"https:\/\/epochtimestr.com\/wp-content\/uploads\/2011y\/ET-Logo-YG.jpg\",\"contentUrl\":\"https:\/\/epochtimestr.com\/wp-content\/uploads\/2011y\/ET-Logo-YG.jpg\",\"width\":346,\"height\":29,\"caption\":\"The EpochTimes T\u00fcrkiye\"},\"image\":{\"@id\":\"https:\/\/epochtimestr.com\/#\/schema\/logo\/image\/\"},\"sameAs\":[\"https:\/\/www.facebook.com\/theepochtimestr\",\"https:\/\/x.com\/TheEpochTimesTR\",\"https:\/\/www.instagram.com\/epochtimestr\"]},{\"@type\":\"Person\",\"@id\":\"https:\/\/epochtimestr.com\/#\/schema\/person\/b5509977c9a6cd729a3e74d9743d035b\",\"name\":\"G.Hakan Ko\u00e7man\",\"image\":{\"@type\":\"ImageObject\",\"inLanguage\":\"tr\",\"@id\":\"https:\/\/epochtimestr.com\/#\/schema\/person\/image\/\",\"url\":\"https:\/\/secure.gravatar.com\/avatar\/e4eafee1ab5d1f4015c3930376b22ca8?s=96&d=mm&r=g\",\"contentUrl\":\"https:\/\/secure.gravatar.com\/avatar\/e4eafee1ab5d1f4015c3930376b22ca8?s=96&d=mm&r=g\",\"caption\":\"G.Hakan Ko\u00e7man\"},\"url\":\"https:\/\/epochtimestr.com\/index.php\/author\/hakan\"}]}<\/script>\n<!-- \/ Yoast SEO plugin. -->","yoast_head_json":{"title":"Kad\u0131n Y\u00fcre\u011finden Depremzede \u00c7ocuklar i\u00e7in Sanatsal Bir \u0130leri D\u00f6n\u00fc\u015f\u00fcmc\u00fc \u0130yilik Projesi: Yar\u0131m Kalmayacak - The Epoch Times TR","robots":{"index":"index","follow":"follow","max-snippet":"max-snippet:-1","max-image-preview":"max-image-preview:large","max-video-preview":"max-video-preview:-1"},"canonical":"https:\/\/epochtimestr.com\/index.php\/kadin-yureginden-depremzede-cocuklar-icin-sanatsal-bir-ileri-donusumcu-iyilik-projesi-yarim-kalmayacak","og_locale":"tr_TR","og_type":"article","og_title":"Kad\u0131n Y\u00fcre\u011finden Depremzede \u00c7ocuklar i\u00e7in Sanatsal Bir \u0130leri D\u00f6n\u00fc\u015f\u00fcmc\u00fc \u0130yilik Projesi: Yar\u0131m Kalmayacak - The Epoch Times TR","og_description":"\u0130stanbul, Mersin, Ayd\u0131n ve K\u0131br\u0131s\u2019tan y\u00fcre\u011fi iyilik i\u00e7in \u00e7arpan d\u00f6rt kad\u0131n depremde ailelerini ve uzuvlar\u0131n\u0131 kaybeden \u00e7ocuklara rehabilitasyon hizmeti veren \u00c7ocuk \u0130yilik Merkezi\u2019ne sanatla destek olmak i\u00e7in \u201cYar\u0131m Kalmayacak\u201d projesini hayata ge\u00e7irdi. &nbsp; 6 \u015eubat depremleri t\u00fcm T\u00fcrkiye\u2019nin y\u00fcre\u011finde ve zihninde ciddi yaralar a\u00e7t\u0131. Resmi rakamlara g\u00f6re 50.000 \u00fczerinde insan hayat\u0131n\u0131 kaybetti ve 35.000\u2019nin \u00fczerinde [&hellip;]","og_url":"https:\/\/epochtimestr.com\/index.php\/kadin-yureginden-depremzede-cocuklar-icin-sanatsal-bir-ileri-donusumcu-iyilik-projesi-yarim-kalmayacak","og_site_name":"The Epoch Times TR","article_publisher":"https:\/\/www.facebook.com\/theepochtimestr","article_published_time":"2024-02-21T09:21:27+00:00","article_modified_time":"2024-02-21T13:46:15+00:00","og_image":[{"width":886,"height":591,"url":"https:\/\/epochtimestr.com\/wp-content\/uploads\/2011y\/COIM-Manset.jpeg","type":"image\/jpeg"}],"author":"G.Hakan Ko\u00e7man","twitter_card":"summary_large_image","twitter_creator":"@TheEpochTimesTR","twitter_site":"@TheEpochTimesTR","twitter_misc":{"Yazan:":"G.Hakan Ko\u00e7man","Tahmini okuma s\u00fcresi":"9 dakika"},"schema":{"@context":"https:\/\/schema.org","@graph":[{"@type":"Article","@id":"https:\/\/epochtimestr.com\/index.php\/kadin-yureginden-depremzede-cocuklar-icin-sanatsal-bir-ileri-donusumcu-iyilik-projesi-yarim-kalmayacak#article","isPartOf":{"@id":"https:\/\/epochtimestr.com\/index.php\/kadin-yureginden-depremzede-cocuklar-icin-sanatsal-bir-ileri-donusumcu-iyilik-projesi-yarim-kalmayacak"},"author":{"name":"G.Hakan Ko\u00e7man","@id":"https:\/\/epochtimestr.com\/#\/schema\/person\/b5509977c9a6cd729a3e74d9743d035b"},"headline":"Kad\u0131n Y\u00fcre\u011finden Depremzede \u00c7ocuklar i\u00e7in Sanatsal Bir \u0130leri D\u00f6n\u00fc\u015f\u00fcmc\u00fc \u0130yilik Projesi: Yar\u0131m Kalmayacak","datePublished":"2024-02-21T09:21:27+00:00","dateModified":"2024-02-21T13:46:15+00:00","mainEntityOfPage":{"@id":"https:\/\/epochtimestr.com\/index.php\/kadin-yureginden-depremzede-cocuklar-icin-sanatsal-bir-ileri-donusumcu-iyilik-projesi-yarim-kalmayacak"},"wordCount":1751,"publisher":{"@id":"https:\/\/epochtimestr.com\/#organization"},"image":{"@id":"https:\/\/epochtimestr.com\/index.php\/kadin-yureginden-depremzede-cocuklar-icin-sanatsal-bir-ileri-donusumcu-iyilik-projesi-yarim-kalmayacak#primaryimage"},"thumbnailUrl":"https:\/\/epochtimestr.com\/wp-content\/uploads\/2011y\/COIM-Manset.jpeg","articleSection":["ED\u0130T\u00d6R\u00dcN SE\u00c7\u0130M\u0130","ilham Verenler","MAN\u015eET","\u00d6ne \u00c7\u0131kan","Taslak'da b\u0131rak"],"inLanguage":"tr"},{"@type":"WebPage","@id":"https:\/\/epochtimestr.com\/index.php\/kadin-yureginden-depremzede-cocuklar-icin-sanatsal-bir-ileri-donusumcu-iyilik-projesi-yarim-kalmayacak","url":"https:\/\/epochtimestr.com\/index.php\/kadin-yureginden-depremzede-cocuklar-icin-sanatsal-bir-ileri-donusumcu-iyilik-projesi-yarim-kalmayacak","name":"Kad\u0131n Y\u00fcre\u011finden Depremzede \u00c7ocuklar i\u00e7in Sanatsal Bir \u0130leri D\u00f6n\u00fc\u015f\u00fcmc\u00fc \u0130yilik Projesi: Yar\u0131m Kalmayacak - The Epoch Times TR","isPartOf":{"@id":"https:\/\/epochtimestr.com\/#website"},"primaryImageOfPage":{"@id":"https:\/\/epochtimestr.com\/index.php\/kadin-yureginden-depremzede-cocuklar-icin-sanatsal-bir-ileri-donusumcu-iyilik-projesi-yarim-kalmayacak#primaryimage"},"image":{"@id":"https:\/\/epochtimestr.com\/index.php\/kadin-yureginden-depremzede-cocuklar-icin-sanatsal-bir-ileri-donusumcu-iyilik-projesi-yarim-kalmayacak#primaryimage"},"thumbnailUrl":"https:\/\/epochtimestr.com\/wp-content\/uploads\/2011y\/COIM-Manset.jpeg","datePublished":"2024-02-21T09:21:27+00:00","dateModified":"2024-02-21T13:46:15+00:00","inLanguage":"tr","potentialAction":[{"@type":"ReadAction","target":["https:\/\/epochtimestr.com\/index.php\/kadin-yureginden-depremzede-cocuklar-icin-sanatsal-bir-ileri-donusumcu-iyilik-projesi-yarim-kalmayacak"]}]},{"@type":"ImageObject","inLanguage":"tr","@id":"https:\/\/epochtimestr.com\/index.php\/kadin-yureginden-depremzede-cocuklar-icin-sanatsal-bir-ileri-donusumcu-iyilik-projesi-yarim-kalmayacak#primaryimage","url":"https:\/\/epochtimestr.com\/wp-content\/uploads\/2011y\/COIM-Manset.jpeg","contentUrl":"https:\/\/epochtimestr.com\/wp-content\/uploads\/2011y\/COIM-Manset.jpeg","width":886,"height":591},{"@type":"WebSite","@id":"https:\/\/epochtimestr.com\/#website","url":"https:\/\/epochtimestr.com\/","name":"The Epoch Times TR","description":"De\u011fi\u015fen D\u00fcnyam\u0131za Taze Bir Bak\u0131\u015f","publisher":{"@id":"https:\/\/epochtimestr.com\/#organization"},"potentialAction":[{"@type":"SearchAction","target":{"@type":"EntryPoint","urlTemplate":"https:\/\/epochtimestr.com\/?s={search_term_string}"},"query-input":"required name=search_term_string"}],"inLanguage":"tr"},{"@type":"Organization","@id":"https:\/\/epochtimestr.com\/#organization","name":"The EpochTimes T\u00fcrkiye","url":"https:\/\/epochtimestr.com\/","logo":{"@type":"ImageObject","inLanguage":"tr","@id":"https:\/\/epochtimestr.com\/#\/schema\/logo\/image\/","url":"https:\/\/epochtimestr.com\/wp-content\/uploads\/2011y\/ET-Logo-YG.jpg","contentUrl":"https:\/\/epochtimestr.com\/wp-content\/uploads\/2011y\/ET-Logo-YG.jpg","width":346,"height":29,"caption":"The EpochTimes T\u00fcrkiye"},"image":{"@id":"https:\/\/epochtimestr.com\/#\/schema\/logo\/image\/"},"sameAs":["https:\/\/www.facebook.com\/theepochtimestr","https:\/\/x.com\/TheEpochTimesTR","https:\/\/www.instagram.com\/epochtimestr"]},{"@type":"Person","@id":"https:\/\/epochtimestr.com\/#\/schema\/person\/b5509977c9a6cd729a3e74d9743d035b","name":"G.Hakan Ko\u00e7man","image":{"@type":"ImageObject","inLanguage":"tr","@id":"https:\/\/epochtimestr.com\/#\/schema\/person\/image\/","url":"https:\/\/secure.gravatar.com\/avatar\/e4eafee1ab5d1f4015c3930376b22ca8?s=96&d=mm&r=g","contentUrl":"https:\/\/secure.gravatar.com\/avatar\/e4eafee1ab5d1f4015c3930376b22ca8?s=96&d=mm&r=g","caption":"G.Hakan Ko\u00e7man"},"url":"https:\/\/epochtimestr.com\/index.php\/author\/hakan"}]}},"_links":{"self":[{"href":"https:\/\/epochtimestr.com\/index.php\/wp-json\/wp\/v2\/posts\/149969"}],"collection":[{"href":"https:\/\/epochtimestr.com\/index.php\/wp-json\/wp\/v2\/posts"}],"about":[{"href":"https:\/\/epochtimestr.com\/index.php\/wp-json\/wp\/v2\/types\/post"}],"author":[{"embeddable":true,"href":"https:\/\/epochtimestr.com\/index.php\/wp-json\/wp\/v2\/users\/22"}],"replies":[{"embeddable":true,"href":"https:\/\/epochtimestr.com\/index.php\/wp-json\/wp\/v2\/comments?post=149969"}],"version-history":[{"count":9,"href":"https:\/\/epochtimestr.com\/index.php\/wp-json\/wp\/v2\/posts\/149969\/revisions"}],"predecessor-version":[{"id":149985,"href":"https:\/\/epochtimestr.com\/index.php\/wp-json\/wp\/v2\/posts\/149969\/revisions\/149985"}],"wp:featuredmedia":[{"embeddable":true,"href":"https:\/\/epochtimestr.com\/index.php\/wp-json\/wp\/v2\/media\/149970"}],"wp:attachment":[{"href":"https:\/\/epochtimestr.com\/index.php\/wp-json\/wp\/v2\/media?parent=149969"}],"wp:term":[{"taxonomy":"category","embeddable":true,"href":"https:\/\/epochtimestr.com\/index.php\/wp-json\/wp\/v2\/categories?post=149969"},{"taxonomy":"post_tag","embeddable":true,"href":"https:\/\/epochtimestr.com\/index.php\/wp-json\/wp\/v2\/tags?post=149969"}],"curies":[{"name":"wp","href":"https:\/\/api.w.org\/{rel}","templated":true}]}}