{"id":151162,"date":"2024-04-23T12:09:07","date_gmt":"2024-04-23T09:09:07","guid":{"rendered":"https:\/\/epochtimestr.com\/?p=151162"},"modified":"2024-04-23T13:48:55","modified_gmt":"2024-04-23T10:48:55","slug":"uzmanlar-ortak-bildiriyle-uyardi-cedes-ve-zorunlu-din-egitimi-durdurulmali","status":"publish","type":"post","link":"https:\/\/epochtimestr.com\/index.php\/uzmanlar-ortak-bildiriyle-uyardi-cedes-ve-zorunlu-din-egitimi-durdurulmali","title":{"rendered":"Uzmanlar Ortak Bildiriyle Uyard\u0131: \u00c7EDES ve Zorunlu Din E\u011fitimi Durdurulmal\u0131"},"content":{"rendered":"<div class=\"wp-block-image\">\n<figure class=\"aligncenter size-full\"><img loading=\"lazy\" decoding=\"async\" width=\"1200\" height=\"800\" src=\"https:\/\/epochtimestr.com\/wp-content\/uploads\/2011y\/1-20.jpg\" alt=\"\" class=\"wp-image-151163\" srcset=\"https:\/\/epochtimestr.com\/wp-content\/uploads\/2011y\/1-20.jpg 1200w, https:\/\/epochtimestr.com\/wp-content\/uploads\/2011y\/1-20-300x200.jpg 300w, https:\/\/epochtimestr.com\/wp-content\/uploads\/2011y\/1-20-150x100.jpg 150w, https:\/\/epochtimestr.com\/wp-content\/uploads\/2011y\/1-20-768x512.jpg 768w\" sizes=\"(max-width: 1200px) 100vw, 1200px\" \/><\/figure><\/div>\n\n\n<h2 class=\"wp-block-heading\">E\u011fitim dinile\u015ftirilmesine kar\u015f\u0131 bildiri yay\u0131nlayan uzmanlar bu durumun \u00e7ocuklar\u0131n zihinsel, ruhsal, sosyal geli\u015fimine zarar verece\u011fi uyar\u0131s\u0131 yaparak, &#8220;\u00c7EDES ve zorunlu din e\u011fitimi durdurulmal\u0131&#8221; dedi.<\/h2>\n\n\n\n<p>Psikolog, psikiyatrist, sinirbilimci ve e\u011fitim bilimciler kaleme ald\u0131klar\u0131 ortak bildiriyle \u00e7ocuk ya\u015f grubunun maruz kald\u0131\u011f\u0131 zorunlu din e\u011fitimine kar\u015f\u0131 uyard\u0131. Yetkililere ve toplumsa seslenen uzman isimler \u00e7ocuklar\u0131n zihinsel, ruhsal ve sosyal geli\u015fiminin alabilece\u011fi zararlara dikkat \u00e7ekti.<\/p>\n\n\n\n<p>Zorunlu din dersleri, Diyanet eliyle yayg\u0131nla\u015ft\u0131r\u0131lan 4-6 ya\u015f Kuran kurslar\u0131, \u00c7EDES gibi projelerle anaokuluna kadar giren din g\u00f6revlileri, &#8220;vak\u0131f&#8221; ad\u0131 alt\u0131nda faaliyet g\u00f6steren tarikatlara ait \u00f6zel okullar\u2026 T\u00fcrkiye&#8217;de \u00e7ocuklar\u0131n din \u00f6\u011fretisine maruz kalma ya\u015f\u0131 g\u00fcn ge\u00e7tik\u00e7e d\u00fc\u015f\u00fcyor ve okullarda din e\u011fitiminin yo\u011funlu\u011fu art\u0131yor.<\/p>\n\n\n\n<p>E\u011fitimin dinselle\u015ftirilmesinde yeni bir a\u015famaya ge\u00e7ildi\u011fini g\u00f6steren i\u015faretler psikologlar, \u00e7ocuk geli\u015fimi uzmanlar\u0131, psikiyatristler, sinirbilimciler ve e\u011fitim bilimcileri harekete ge\u00e7irdi.<\/p>\n\n\n\n<p>&#8216;<strong>Depresif bozukluk, ayr\u0131lma anksiyetesi, kayg\u0131 ve uyku bozuklu\u011funu tetikleyebilir&#8217;<\/strong><\/p>\n\n\n\n<p>\u00c7ocuklar\u0131n 11-12 ya\u015f\u0131na kadar soyut d\u00fc\u015f\u00fcnme yetisi geli\u015ftiremedi\u011fini belirten uzmanlar, \u00e7ocuk somut d\u00fc\u015f\u00fcnmeleri nedeniyle olaylar aras\u0131ndaki neden-sonu\u00e7 ili\u015fkisini tam olarak kavrayaca\u011f\u0131n\u0131 kaydederek, \u015fu uyar\u0131da bulundu:<\/p>\n\n\n\n<p>&#8220;Dini \u00f6\u011fretilerdeki ahiret, g\u00fcnah, \u015feytan, cehennem gibi soyut kavramlar\u0131 anlayamayan \u00e7ocuk kendince yorumlar, \u00f6rne\u011fin &#8216;cehennemde yanars\u0131n&#8217; s\u00f6z\u00fcn\u00fc duyan bir \u00e7ocuk, g\u00fcnl\u00fck ya\u015fam\u0131ndaki en ufak hatas\u0131nda cay\u0131r cay\u0131r yanaca\u011f\u0131n\u0131 d\u00fc\u015f\u00fcn\u00fcr. Ruh sa\u011fl\u0131\u011f\u0131 klinikleri bu ve benzeri \u00f6rneklerle doludur. Bu nedenle \u00f6zellikle soyut d\u00fc\u015f\u00fcnme yetisinin geli\u015fmedi\u011fi \u00e7ocuk ya\u015fta din \u00f6\u011fretisine maruz kalmak, Depresif Bozukluk, Kayg\u0131 Bozuklu\u011fu, Uyku Bozuklu\u011fu, Ayr\u0131lma Anksiyetesi gibi hastal\u0131klar\u0131 tetikleyebilir.&#8221;<\/p>\n\n\n<div class=\"wp-block-image\">\n<figure class=\"aligncenter size-full\"><img loading=\"lazy\" decoding=\"async\" width=\"860\" height=\"504\" src=\"https:\/\/epochtimestr.com\/wp-content\/uploads\/2011y\/minik-ogrenciler-ile-universiteli-ogrenciler-cami-temizliginde02.webp\" alt=\"\" class=\"wp-image-151164\" srcset=\"https:\/\/epochtimestr.com\/wp-content\/uploads\/2011y\/minik-ogrenciler-ile-universiteli-ogrenciler-cami-temizliginde02.webp 860w, https:\/\/epochtimestr.com\/wp-content\/uploads\/2011y\/minik-ogrenciler-ile-universiteli-ogrenciler-cami-temizliginde02-300x176.webp 300w, https:\/\/epochtimestr.com\/wp-content\/uploads\/2011y\/minik-ogrenciler-ile-universiteli-ogrenciler-cami-temizliginde02-150x88.webp 150w, https:\/\/epochtimestr.com\/wp-content\/uploads\/2011y\/minik-ogrenciler-ile-universiteli-ogrenciler-cami-temizliginde02-768x450.webp 768w, https:\/\/epochtimestr.com\/wp-content\/uploads\/2011y\/minik-ogrenciler-ile-universiteli-ogrenciler-cami-temizliginde02-357x210.webp 357w\" sizes=\"(max-width: 860px) 100vw, 860px\" \/><\/figure><\/div>\n\n\n<p><strong>&#8216;Tak\u0131nt\u0131ya zemin olu\u015fturur, \u00fcrkek ve kayg\u0131l\u0131 bir benli\u011fe yol a\u00e7ar&#8217;<\/strong><br \/>Dini \u00f6\u011fretinin \u00e7ocuklar\u0131 tak\u0131nt\u0131l\u0131, \u00fcrkek ve kayg\u0131l\u0131 bireyler olmaya itebilece\u011finin alt\u0131n\u0131 \u00e7izen metinde \u015fu tehlikelere i\u015faret edildi:<\/p>\n\n\n\n<p>&#8220;Dinsel \u00f6\u011fretilerin tavsiye etti\u011fi abdest alma, t\u00f6vbe etme, dua okuma gibi rit\u00fceller, bu rit\u00fcellerin eksiksiz ve kusursuz yap\u0131lmas\u0131 y\u00f6n\u00fcndeki zorunluluklar, \u00e7ocuklarda Obsesif Kompulsif Bozukluk denilen tak\u0131nt\u0131 hastal\u0131\u011f\u0131n\u0131n ortaya \u00e7\u0131kmas\u0131 i\u00e7in bir zemin olu\u015fturur.<\/p>\n\n\n\n<p>\u00c7ocu\u011fa iyiyi, do\u011fruyu g\u00f6sterirken; insanlarla ve di\u011fer canl\u0131larla ili\u015fkisinde, kendini onun yerine koymay\u0131, onun taraf\u0131ndan bakmay\u0131 \u00f6\u011fretmek, vicdan\u0131n \u00e7ocu\u011fun i\u00e7 d\u00fcnyas\u0131nda kendili\u011finden geli\u015fmesini sa\u011flar. Hatal\u0131 davran\u0131\u015flar, \u201cAllah g\u00fcnah yazar, cezaland\u0131r\u0131r\u201d gibi s\u00f6ylemlerle engellendi\u011finde ise \u00e7ocu\u011fun davran\u0131\u015f ve d\u00fc\u015f\u00fcncesinde ama\u00e7, cezadan kurtulmak, ka\u00e7\u0131nmak olur. Bu tutumlar\u0131n s\u00fcregeldi\u011fi bir ortamda tutarl\u0131 bir vicdan geli\u015fimi m\u00fcmk\u00fcn de\u011fildir. Ayr\u0131ca \u00e7ocuklarda ka\u00e7\u0131nmac\u0131, \u00fcrkek, kayg\u0131l\u0131 bir benlik olu\u015fmas\u0131na yol a\u00e7\u0131lm\u0131\u015f olur.&#8221;<br \/>&#8216;Dini \u00f6\u011freti okul \u00f6ncesi ve zorunlu e\u011fitimden \u00e7\u0131kar\u0131ls\u0131n, e\u011fitim sadece \u00f6\u011fretmenlerin i\u015fi olsun&#8217;<br \/>Dinsel \u00f6\u011fretinin \u00e7ocuklar\u0131n d\u00fc\u015f\u00fcncelerini bask\u0131 alt\u0131na ald\u0131\u011f\u0131n\u0131, \u00f6zg\u00fcr d\u00fc\u015f\u00fcnme ve ara\u015ft\u0131rma motivasyonunu azaltt\u0131\u011f\u0131n\u0131 vurgulayan uzmanlar din e\u011fitiminin okul \u00f6ncesi ve zorunlu e\u011fitimden \u00e7\u0131kar\u0131lmas\u0131n\u0131; okullarda din g\u00f6revlilerine yer verilmemesini istedi:<\/p>\n\n\n\n<p>&#8220;\u00c7ocuklar b\u00fcy\u00fcsel d\u00fc\u015f\u00fcn\u00fcr, zihinlerinin i\u00e7eri\u011fi ile ger\u00e7ekte olan\u0131 bir eri\u015fkin gibi ay\u0131rt edemez. \u00d6rne\u011fin r\u00fcyalar\u0131nda g\u00f6rd\u00fckleri ki\u015finin ger\u00e7ekten orada oldu\u011funu d\u00fc\u015f\u00fcn\u00fcr. D\u00fc\u015f\u00fcncelerinin okunabildi\u011fini, akl\u0131ndan ge\u00e7enlerin eri\u015fkinler taraf\u0131ndan anla\u015f\u0131ld\u0131\u011f\u0131n\u0131 zanneder. Dinsel \u00f6\u011fretiler de zihinde olup bitenlerle ger\u00e7ekte olanlar\u0131 e\u015f tutar. Dini \u00f6\u011fretiye uygun olmayan d\u00fc\u015f\u00fcnceleri yasaklar. Oysa \u00e7ocuk zihni her t\u00fcrl\u00fc d\u00fc\u015f\u00fcnce i\u00e7eri\u011fini kendili\u011finden \u00fcretebilir. D\u00fc\u015f\u00fcncelerini dini \u00f6\u011fretiler do\u011frultusunda kontrol etme bask\u0131s\u0131n\u0131 ya\u015fayan \u00e7ocuk, bunu ba\u015faramayacak ve yo\u011fun su\u00e7luluk hisleri ile ba\u015f etmek zorunda kalacakt\u0131r.<\/p>\n\n\n\n<p>\u00c7ocuklar merak eder ve sorular\u0131na basit yan\u0131tlar beklerler. Yan\u0131tlar alg\u0131lanabilir ve deneyimlenebilir somutlukta olmal\u0131d\u0131r. B\u00fcy\u00fcklerinden dini \u00f6\u011fretiler do\u011frultusunda yan\u0131tlar al\u0131rlarsa ve hatta kimi zaman soru sormalar\u0131 bile yasaklan\u0131rsa \u00f6zg\u00fcr d\u00fc\u015f\u00fcnme, ara\u015ft\u0131rma motivasyonu azal\u0131r ve yarat\u0131c\u0131l\u0131\u011f\u0131n yerini itaatk\u00e2r bir kabulleni\u015fin almas\u0131 ka\u00e7\u0131n\u0131lmazd\u0131r. Bu durum \u00e7ocu\u011fun ileride, ergenlik ve yeti\u015fkinlikte kendi iradesi ile karar verip hareket eden de\u011fil, g\u00fc\u00e7l\u00fc g\u00f6rd\u00fc\u011f\u00fc ya da korktu\u011fu ki\u015fi ve gruplar\u0131n kontrol\u00fcne boyun e\u011fen bir ki\u015filik geli\u015ftirmesine neden olur.<\/p>\n\n\n<div class=\"wp-block-image\">\n<figure class=\"aligncenter size-full\"><img loading=\"lazy\" decoding=\"async\" width=\"1150\" height=\"646\" src=\"https:\/\/epochtimestr.com\/wp-content\/uploads\/2011y\/k_25091518_WhatsApp-Image-2023-05-23-at-13.57.53.jpg\" alt=\"\" class=\"wp-image-151165\" srcset=\"https:\/\/epochtimestr.com\/wp-content\/uploads\/2011y\/k_25091518_WhatsApp-Image-2023-05-23-at-13.57.53.jpg 1150w, https:\/\/epochtimestr.com\/wp-content\/uploads\/2011y\/k_25091518_WhatsApp-Image-2023-05-23-at-13.57.53-300x169.jpg 300w, https:\/\/epochtimestr.com\/wp-content\/uploads\/2011y\/k_25091518_WhatsApp-Image-2023-05-23-at-13.57.53-150x84.jpg 150w, https:\/\/epochtimestr.com\/wp-content\/uploads\/2011y\/k_25091518_WhatsApp-Image-2023-05-23-at-13.57.53-768x431.jpg 768w\" sizes=\"(max-width: 1150px) 100vw, 1150px\" \/><\/figure><\/div>\n\n\n<p>T\u00fcm bu veriler \u0131\u015f\u0131\u011f\u0131nda, okul \u00f6ncesi din e\u011fitiminin kesinlikle s\u00f6z konusu olmamas\u0131n\u0131, ilk ve orta \u00f6\u011fretimden zorunlu din e\u011fitiminin \u00e7\u0131kar\u0131lmas\u0131n\u0131, okullarda Diyanet Ba\u015fkanl\u0131\u011f\u0131\u2019na ba\u011fl\u0131 ki\u015filerin g\u00f6revlendirilmemesi ve e\u011fitimin sadece pedagojik formasyon alm\u0131\u015f \u00f6\u011fretmenlerce verilmesi gerekti\u011fini toplumla payla\u015fmay\u0131 g\u00f6rev biliyoruz.&#8221;<\/p>\n\n\n\n<p>Metne imza koyan uzmanlar \u015f\u00f6yle:<\/p>\n\n\n\n<p>Beste Kurban, Psikolog<br \/>Do\u00e7. Dr. Emel G\u00fcne\u015f, N\u00f6rofizyolog<br \/>Do\u00e7. Dr. Ozan Pazvanto\u011flu, Psikiyatrist<br \/>Do\u00e7. Dr. \u015eeref G\u00fclseren, Psikiyatrist<br \/>Do\u00e7. Dr. Tolga Binbay, Psikiyatrist<br \/>Dr. F\u00fcruzan Yaz\u0131c\u0131 Klinik Psikolog<br \/>Dr. Mehmet \u00c7olak, \u00c7ocuk ve Ergen Psikiyatrisi uzman\u0131<br \/>Dr. \u00d6\u011fretim \u00dcyesi Nevin Eracar, Klinik Psikolog<br \/>Dr. \u00d6\u011fretim \u00dcyesi Serta\u00e7 \u00dcst\u00fcn, Sinirbilimci<br \/>Dr. \u015eule \u00d6zden Topkaya, Ruh Sa\u011fl\u0131\u011f\u0131 ve Hastal\u0131klar\u0131 Uzman\u0131<br \/>G\u00fclben Demir Is\u0131k, Klinik Psikolog<br \/>Kln. Psk. Elif Naz Uzer<br \/>Melis Y\u0131lmaz, Klinik Psikolog<br \/>\u00d6\u011fretim \u00dcyesi Dr. Zeynep Ma\u00e7kal\u0131, Klinik Psikoloji<br \/>Prof. Dr. Adnan G\u00fcm\u00fc\u015f, Sosyolog, E\u011fitim Fak\u00fcltesi \u00d6\u011fretim \u00dcyesi<br \/>Prof. Dr. Arif Haldun Soyg\u00fcr, Psikiyatrist<br \/>Prof. Dr. Binnur Ye\u015filyaprak, E\u011fitim Bilimci<br \/>Prof. Dr. Birim G\u00fcnay, \u00c7ocuk Psikiyatristi<br \/>Prof. Dr. Canan Kalayc\u0131o\u011flu, N\u00f6rofizyolog<br \/>Prof. Dr. Cem Atba\u015fo\u011flu, Psikiyatrist<br \/>Prof. Dr. Erhan Nal\u00e7ac\u0131, N\u00f6rofizyolog<br \/>Prof. Dr. Fatma G\u00f6k, E\u011fitim Bilimci<br \/>Prof. Dr. G\u00fcl \u015eendil, Geli\u015fim Psikolojisi<br \/>Prof. Dr. \u0130nci \u0130lhan, Psikiyatri<br \/>Prof. Dr. Meral Uysal, E\u011fitim Bilimci<br \/>Prof. Dr. Nermin Yaz\u0131c\u0131, E\u011fitim Bilimci<br \/>Prof. Dr. \u00d6get \u00d6ktem Tan\u00f6r, Klinik N\u00f6ropsikolog<br \/>Prof. Dr. \u00d6zg\u00fcr Ayd\u0131n, Dilbilimci<br \/>Prof. Dr. R\u0131fat Ok\u00e7abol, E\u011fitim Bilimci<br \/>Psikolog Arife G\u00f6\u00e7eo\u011flu Bayram, Klinik Sinirbilimleri Uzman\u0131<br \/>Psikolojik Dan\u0131\u015fman \u00d6zden Y\u0131lmaz Bilgin, Aile Terapisti<br \/>T\u00fcrkan Bayram, Psikolog<br \/>Uzm. Aynur \u015eahin Ak\u00f6zel, Klinik Psikolog<br \/>Uzm. D. Esma Bur\u00e7ak Zengin, Psikiyatrist<br \/>Uzm. Dr. Ali Bacanl\u0131, \u00c7ocuk ve Ergen Psikiyatristi<br \/>Uzm. Dr. Alper Bayrak, \u00c7ocuk ve Gen\u00e7 Psikiyatristi<br \/>Uzm. Dr. Asusinem Akyal\u00e7\u0131n K\u0131rd\u00f6k, Psikiyatrist,<br \/>Uzm. Dr. Aykut \u00c7obadak, Psikiyatri<br \/>Uzm. Dr. Burcu Y\u00fccet\u00fcrk Kiti\u015f, Psikiyatrist<br \/>Uzm. Dr. Cem Taylan Erden, Psikiyatrist<br \/>Uzm. Dr. Deniz Ar\u0131k, Psikiyatrist<br \/>Uzm. Dr. Deniz Tirit Karaca, \u00c7ocuk ve Ergen Psikiyatristi<br \/>Uzm. Dr. Egemen Akta\u015f, \u00c7ocuk psikiyatristi<br \/>Uzm. Dr. Elif Ak\u00e7ay, \u00c7ocuk Psikiyatristi<br \/>Uzm. Dr. Endam K\u00f6yba\u015f\u0131, Psikiyatrist<br \/>Uzm. Dr. Fatma Varol, \u00c7ocuk ve Ergen Psikiyatristi<br \/>Uzm. Dr. Gizem \u00c7etiner, Psikiyatrist<br \/>Uzm. Dr. G\u00fclperi Putg\u00fcl K\u00f6yba\u015f\u0131, Psikiyatrist<br \/>Uzm. Dr. \u00d6yk\u00fc \u00d6nal, Psikiyatrist<br \/>Uzm. Dr. \u00d6zlem \u00d6nen, \u00c7ocuk ve Ergen Psikiyatristi<br \/>Uzm. Dr. Selma Polat \u00d6zdemir, Psikiyatrist<br \/>Uzm. Dr. Sena \u0130ster G\u00fcneytepe, Psikiyatrist<br \/>Uzm. Psikolog Asl\u0131 Handan Av\u015far Barut\u00e7u<br \/>Uzm. Psikolog \u00c7i\u011fdem Cordan Kudiaki, Psikoloji<br \/>Uzm. Psikolog D\u00fcnya Polat,<br \/>Uzm. Psikolog Ekin \u015een \u00d6no\u011flu,<br \/>Uzm. Psikolog \u0130rem Yad\u0131rgan<br \/>Uzm. Psikolog Masum Ayd\u0131n, N\u00f6ropsikolog<br \/>Uzm. Psikolog P\u0131nar Ulup\u0131nar<br \/>Uzm. Psikolog, Burak \u0130smanur, Klinik Psikolog<br \/>Uzm. Psk Deniz Gezer \u00c7ift Aile terapisti<br \/>Zehra Gem, Klinik Psikolog<\/p>\n\n\n\n<p>(Foto\u011fraflar:diyant.gov.tr)<\/p>\n","protected":false},"excerpt":{"rendered":"<p>E\u011fitim dinile\u015ftirilmesine kar\u015f\u0131 bildiri yay\u0131nlayan uzmanlar bu durumun \u00e7ocuklar\u0131n zihinsel, ruhsal, sosyal geli\u015fimine zarar verece\u011fi uyar\u0131s\u0131 yaparak, &#8220;\u00c7EDES ve zorunlu din e\u011fitimi durdurulmal\u0131&#8221; dedi. Psikolog, psikiyatrist, sinirbilimci ve e\u011fitim bilimciler kaleme ald\u0131klar\u0131 ortak bildiriyle \u00e7ocuk ya\u015f grubunun maruz kald\u0131\u011f\u0131 zorunlu din e\u011fitimine kar\u015f\u0131 uyard\u0131. Yetkililere ve toplumsa seslenen uzman isimler \u00e7ocuklar\u0131n zihinsel, ruhsal ve sosyal [&hellip;]<\/p>\n","protected":false},"author":12791,"featured_media":151163,"comment_status":"closed","ping_status":"open","sticky":false,"template":"","format":"standard","meta":{"_yoast_wpseo_focuskw":"Uzmanlar \u00c7EDES ve zorunlu din e\u011fitimi durdurulmal\u0131","_yoast_wpseo_title":"","_yoast_wpseo_metadesc":"","_bbp_topic_count":0,"_bbp_reply_count":0,"_bbp_total_topic_count":0,"_bbp_total_reply_count":0,"_bbp_voice_count":0,"_bbp_anonymous_reply_count":0,"_bbp_topic_count_hidden":0,"_bbp_reply_count_hidden":0,"_bbp_forum_subforum_count":0,"footnotes":"","_yoast_wpseo_focuskw_text_input":""},"categories":[1,8226,37],"tags":[],"yoast_head":"<!-- This site is optimized with the Yoast SEO plugin v23.0 - https:\/\/yoast.com\/wordpress\/plugins\/seo\/ -->\n<title>Uzmanlar Ortak Bildiriyle Uyard\u0131: \u00c7EDES ve Zorunlu Din E\u011fitimi Durdurulmal\u0131 - The Epoch Times TR<\/title>\n<meta name=\"robots\" content=\"index, follow, max-snippet:-1, max-image-preview:large, max-video-preview:-1\" \/>\n<link rel=\"canonical\" href=\"https:\/\/epochtimestr.com\/index.php\/uzmanlar-ortak-bildiriyle-uyardi-cedes-ve-zorunlu-din-egitimi-durdurulmali\" \/>\n<meta property=\"og:locale\" content=\"tr_TR\" \/>\n<meta property=\"og:type\" content=\"article\" \/>\n<meta property=\"og:title\" content=\"Uzmanlar Ortak Bildiriyle Uyard\u0131: \u00c7EDES ve Zorunlu Din E\u011fitimi Durdurulmal\u0131 - The Epoch Times TR\" \/>\n<meta property=\"og:description\" content=\"E\u011fitim dinile\u015ftirilmesine kar\u015f\u0131 bildiri yay\u0131nlayan uzmanlar bu durumun \u00e7ocuklar\u0131n zihinsel, ruhsal, sosyal geli\u015fimine zarar verece\u011fi uyar\u0131s\u0131 yaparak, &#8220;\u00c7EDES ve zorunlu din e\u011fitimi durdurulmal\u0131&#8221; dedi. Psikolog, psikiyatrist, sinirbilimci ve e\u011fitim bilimciler kaleme ald\u0131klar\u0131 ortak bildiriyle \u00e7ocuk ya\u015f grubunun maruz kald\u0131\u011f\u0131 zorunlu din e\u011fitimine kar\u015f\u0131 uyard\u0131. Yetkililere ve toplumsa seslenen uzman isimler \u00e7ocuklar\u0131n zihinsel, ruhsal ve sosyal [&hellip;]\" \/>\n<meta property=\"og:url\" content=\"https:\/\/epochtimestr.com\/index.php\/uzmanlar-ortak-bildiriyle-uyardi-cedes-ve-zorunlu-din-egitimi-durdurulmali\" \/>\n<meta property=\"og:site_name\" content=\"The Epoch Times TR\" \/>\n<meta property=\"article:publisher\" content=\"https:\/\/www.facebook.com\/theepochtimestr\" \/>\n<meta property=\"article:published_time\" content=\"2024-04-23T09:09:07+00:00\" \/>\n<meta property=\"article:modified_time\" content=\"2024-04-23T10:48:55+00:00\" \/>\n<meta property=\"og:image\" content=\"https:\/\/epochtimestr.com\/wp-content\/uploads\/2011y\/1-20.jpg\" \/>\n\t<meta property=\"og:image:width\" content=\"1200\" \/>\n\t<meta property=\"og:image:height\" content=\"800\" \/>\n\t<meta property=\"og:image:type\" content=\"image\/jpeg\" \/>\n<meta name=\"author\" content=\"Haber Merkezi\" \/>\n<meta name=\"twitter:card\" content=\"summary_large_image\" \/>\n<meta name=\"twitter:creator\" content=\"@TheEpochTimesTR\" \/>\n<meta name=\"twitter:site\" content=\"@TheEpochTimesTR\" \/>\n<meta name=\"twitter:label1\" content=\"Yazan:\" \/>\n\t<meta name=\"twitter:data1\" content=\"Haber Merkezi\" \/>\n\t<meta name=\"twitter:label2\" content=\"Tahmini okuma s\u00fcresi\" \/>\n\t<meta name=\"twitter:data2\" content=\"7 dakika\" \/>\n<script type=\"application\/ld+json\" class=\"yoast-schema-graph\">{\"@context\":\"https:\/\/schema.org\",\"@graph\":[{\"@type\":\"Article\",\"@id\":\"https:\/\/epochtimestr.com\/index.php\/uzmanlar-ortak-bildiriyle-uyardi-cedes-ve-zorunlu-din-egitimi-durdurulmali#article\",\"isPartOf\":{\"@id\":\"https:\/\/epochtimestr.com\/index.php\/uzmanlar-ortak-bildiriyle-uyardi-cedes-ve-zorunlu-din-egitimi-durdurulmali\"},\"author\":{\"name\":\"Haber Merkezi\",\"@id\":\"https:\/\/epochtimestr.com\/#\/schema\/person\/3dc5c3adeb9f43923c5aa85889172fdd\"},\"headline\":\"Uzmanlar Ortak Bildiriyle Uyard\u0131: \u00c7EDES ve Zorunlu Din E\u011fitimi Durdurulmal\u0131\",\"datePublished\":\"2024-04-23T09:09:07+00:00\",\"dateModified\":\"2024-04-23T10:48:55+00:00\",\"mainEntityOfPage\":{\"@id\":\"https:\/\/epochtimestr.com\/index.php\/uzmanlar-ortak-bildiriyle-uyardi-cedes-ve-zorunlu-din-egitimi-durdurulmali\"},\"wordCount\":1220,\"publisher\":{\"@id\":\"https:\/\/epochtimestr.com\/#organization\"},\"image\":{\"@id\":\"https:\/\/epochtimestr.com\/index.php\/uzmanlar-ortak-bildiriyle-uyardi-cedes-ve-zorunlu-din-egitimi-durdurulmali#primaryimage\"},\"thumbnailUrl\":\"https:\/\/epochtimestr.com\/wp-content\/uploads\/2011y\/1-20.jpg\",\"articleSection\":[\"G\u00dcNDEM\",\"Siyaset\",\"T\u00dcRK\u0130YE\"],\"inLanguage\":\"tr\"},{\"@type\":\"WebPage\",\"@id\":\"https:\/\/epochtimestr.com\/index.php\/uzmanlar-ortak-bildiriyle-uyardi-cedes-ve-zorunlu-din-egitimi-durdurulmali\",\"url\":\"https:\/\/epochtimestr.com\/index.php\/uzmanlar-ortak-bildiriyle-uyardi-cedes-ve-zorunlu-din-egitimi-durdurulmali\",\"name\":\"Uzmanlar Ortak Bildiriyle Uyard\u0131: \u00c7EDES ve Zorunlu Din E\u011fitimi Durdurulmal\u0131 - The Epoch Times TR\",\"isPartOf\":{\"@id\":\"https:\/\/epochtimestr.com\/#website\"},\"primaryImageOfPage\":{\"@id\":\"https:\/\/epochtimestr.com\/index.php\/uzmanlar-ortak-bildiriyle-uyardi-cedes-ve-zorunlu-din-egitimi-durdurulmali#primaryimage\"},\"image\":{\"@id\":\"https:\/\/epochtimestr.com\/index.php\/uzmanlar-ortak-bildiriyle-uyardi-cedes-ve-zorunlu-din-egitimi-durdurulmali#primaryimage\"},\"thumbnailUrl\":\"https:\/\/epochtimestr.com\/wp-content\/uploads\/2011y\/1-20.jpg\",\"datePublished\":\"2024-04-23T09:09:07+00:00\",\"dateModified\":\"2024-04-23T10:48:55+00:00\",\"inLanguage\":\"tr\",\"potentialAction\":[{\"@type\":\"ReadAction\",\"target\":[\"https:\/\/epochtimestr.com\/index.php\/uzmanlar-ortak-bildiriyle-uyardi-cedes-ve-zorunlu-din-egitimi-durdurulmali\"]}]},{\"@type\":\"ImageObject\",\"inLanguage\":\"tr\",\"@id\":\"https:\/\/epochtimestr.com\/index.php\/uzmanlar-ortak-bildiriyle-uyardi-cedes-ve-zorunlu-din-egitimi-durdurulmali#primaryimage\",\"url\":\"https:\/\/epochtimestr.com\/wp-content\/uploads\/2011y\/1-20.jpg\",\"contentUrl\":\"https:\/\/epochtimestr.com\/wp-content\/uploads\/2011y\/1-20.jpg\",\"width\":1200,\"height\":800},{\"@type\":\"WebSite\",\"@id\":\"https:\/\/epochtimestr.com\/#website\",\"url\":\"https:\/\/epochtimestr.com\/\",\"name\":\"The Epoch Times TR\",\"description\":\"De\u011fi\u015fen D\u00fcnyam\u0131za Taze Bir Bak\u0131\u015f\",\"publisher\":{\"@id\":\"https:\/\/epochtimestr.com\/#organization\"},\"potentialAction\":[{\"@type\":\"SearchAction\",\"target\":{\"@type\":\"EntryPoint\",\"urlTemplate\":\"https:\/\/epochtimestr.com\/?s={search_term_string}\"},\"query-input\":\"required name=search_term_string\"}],\"inLanguage\":\"tr\"},{\"@type\":\"Organization\",\"@id\":\"https:\/\/epochtimestr.com\/#organization\",\"name\":\"The EpochTimes T\u00fcrkiye\",\"url\":\"https:\/\/epochtimestr.com\/\",\"logo\":{\"@type\":\"ImageObject\",\"inLanguage\":\"tr\",\"@id\":\"https:\/\/epochtimestr.com\/#\/schema\/logo\/image\/\",\"url\":\"https:\/\/epochtimestr.com\/wp-content\/uploads\/2011y\/ET-Logo-YG.jpg\",\"contentUrl\":\"https:\/\/epochtimestr.com\/wp-content\/uploads\/2011y\/ET-Logo-YG.jpg\",\"width\":346,\"height\":29,\"caption\":\"The EpochTimes T\u00fcrkiye\"},\"image\":{\"@id\":\"https:\/\/epochtimestr.com\/#\/schema\/logo\/image\/\"},\"sameAs\":[\"https:\/\/www.facebook.com\/theepochtimestr\",\"https:\/\/x.com\/TheEpochTimesTR\",\"https:\/\/www.instagram.com\/epochtimestr\"]},{\"@type\":\"Person\",\"@id\":\"https:\/\/epochtimestr.com\/#\/schema\/person\/3dc5c3adeb9f43923c5aa85889172fdd\",\"name\":\"Haber Merkezi\",\"image\":{\"@type\":\"ImageObject\",\"inLanguage\":\"tr\",\"@id\":\"https:\/\/epochtimestr.com\/#\/schema\/person\/image\/\",\"url\":\"https:\/\/secure.gravatar.com\/avatar\/d73f772ba5a74f28601361e17c2f93e6?s=96&d=mm&r=g\",\"contentUrl\":\"https:\/\/secure.gravatar.com\/avatar\/d73f772ba5a74f28601361e17c2f93e6?s=96&d=mm&r=g\",\"caption\":\"Haber Merkezi\"},\"url\":\"https:\/\/epochtimestr.com\/index.php\/author\/sendag\"}]}<\/script>\n<!-- \/ Yoast SEO plugin. -->","yoast_head_json":{"title":"Uzmanlar Ortak Bildiriyle Uyard\u0131: \u00c7EDES ve Zorunlu Din E\u011fitimi Durdurulmal\u0131 - The Epoch Times TR","robots":{"index":"index","follow":"follow","max-snippet":"max-snippet:-1","max-image-preview":"max-image-preview:large","max-video-preview":"max-video-preview:-1"},"canonical":"https:\/\/epochtimestr.com\/index.php\/uzmanlar-ortak-bildiriyle-uyardi-cedes-ve-zorunlu-din-egitimi-durdurulmali","og_locale":"tr_TR","og_type":"article","og_title":"Uzmanlar Ortak Bildiriyle Uyard\u0131: \u00c7EDES ve Zorunlu Din E\u011fitimi Durdurulmal\u0131 - The Epoch Times TR","og_description":"E\u011fitim dinile\u015ftirilmesine kar\u015f\u0131 bildiri yay\u0131nlayan uzmanlar bu durumun \u00e7ocuklar\u0131n zihinsel, ruhsal, sosyal geli\u015fimine zarar verece\u011fi uyar\u0131s\u0131 yaparak, &#8220;\u00c7EDES ve zorunlu din e\u011fitimi durdurulmal\u0131&#8221; dedi. Psikolog, psikiyatrist, sinirbilimci ve e\u011fitim bilimciler kaleme ald\u0131klar\u0131 ortak bildiriyle \u00e7ocuk ya\u015f grubunun maruz kald\u0131\u011f\u0131 zorunlu din e\u011fitimine kar\u015f\u0131 uyard\u0131. Yetkililere ve toplumsa seslenen uzman isimler \u00e7ocuklar\u0131n zihinsel, ruhsal ve sosyal [&hellip;]","og_url":"https:\/\/epochtimestr.com\/index.php\/uzmanlar-ortak-bildiriyle-uyardi-cedes-ve-zorunlu-din-egitimi-durdurulmali","og_site_name":"The Epoch Times TR","article_publisher":"https:\/\/www.facebook.com\/theepochtimestr","article_published_time":"2024-04-23T09:09:07+00:00","article_modified_time":"2024-04-23T10:48:55+00:00","og_image":[{"width":1200,"height":800,"url":"https:\/\/epochtimestr.com\/wp-content\/uploads\/2011y\/1-20.jpg","type":"image\/jpeg"}],"author":"Haber Merkezi","twitter_card":"summary_large_image","twitter_creator":"@TheEpochTimesTR","twitter_site":"@TheEpochTimesTR","twitter_misc":{"Yazan:":"Haber Merkezi","Tahmini okuma s\u00fcresi":"7 dakika"},"schema":{"@context":"https:\/\/schema.org","@graph":[{"@type":"Article","@id":"https:\/\/epochtimestr.com\/index.php\/uzmanlar-ortak-bildiriyle-uyardi-cedes-ve-zorunlu-din-egitimi-durdurulmali#article","isPartOf":{"@id":"https:\/\/epochtimestr.com\/index.php\/uzmanlar-ortak-bildiriyle-uyardi-cedes-ve-zorunlu-din-egitimi-durdurulmali"},"author":{"name":"Haber Merkezi","@id":"https:\/\/epochtimestr.com\/#\/schema\/person\/3dc5c3adeb9f43923c5aa85889172fdd"},"headline":"Uzmanlar Ortak Bildiriyle Uyard\u0131: \u00c7EDES ve Zorunlu Din E\u011fitimi Durdurulmal\u0131","datePublished":"2024-04-23T09:09:07+00:00","dateModified":"2024-04-23T10:48:55+00:00","mainEntityOfPage":{"@id":"https:\/\/epochtimestr.com\/index.php\/uzmanlar-ortak-bildiriyle-uyardi-cedes-ve-zorunlu-din-egitimi-durdurulmali"},"wordCount":1220,"publisher":{"@id":"https:\/\/epochtimestr.com\/#organization"},"image":{"@id":"https:\/\/epochtimestr.com\/index.php\/uzmanlar-ortak-bildiriyle-uyardi-cedes-ve-zorunlu-din-egitimi-durdurulmali#primaryimage"},"thumbnailUrl":"https:\/\/epochtimestr.com\/wp-content\/uploads\/2011y\/1-20.jpg","articleSection":["G\u00dcNDEM","Siyaset","T\u00dcRK\u0130YE"],"inLanguage":"tr"},{"@type":"WebPage","@id":"https:\/\/epochtimestr.com\/index.php\/uzmanlar-ortak-bildiriyle-uyardi-cedes-ve-zorunlu-din-egitimi-durdurulmali","url":"https:\/\/epochtimestr.com\/index.php\/uzmanlar-ortak-bildiriyle-uyardi-cedes-ve-zorunlu-din-egitimi-durdurulmali","name":"Uzmanlar Ortak Bildiriyle Uyard\u0131: \u00c7EDES ve Zorunlu Din E\u011fitimi Durdurulmal\u0131 - The Epoch Times TR","isPartOf":{"@id":"https:\/\/epochtimestr.com\/#website"},"primaryImageOfPage":{"@id":"https:\/\/epochtimestr.com\/index.php\/uzmanlar-ortak-bildiriyle-uyardi-cedes-ve-zorunlu-din-egitimi-durdurulmali#primaryimage"},"image":{"@id":"https:\/\/epochtimestr.com\/index.php\/uzmanlar-ortak-bildiriyle-uyardi-cedes-ve-zorunlu-din-egitimi-durdurulmali#primaryimage"},"thumbnailUrl":"https:\/\/epochtimestr.com\/wp-content\/uploads\/2011y\/1-20.jpg","datePublished":"2024-04-23T09:09:07+00:00","dateModified":"2024-04-23T10:48:55+00:00","inLanguage":"tr","potentialAction":[{"@type":"ReadAction","target":["https:\/\/epochtimestr.com\/index.php\/uzmanlar-ortak-bildiriyle-uyardi-cedes-ve-zorunlu-din-egitimi-durdurulmali"]}]},{"@type":"ImageObject","inLanguage":"tr","@id":"https:\/\/epochtimestr.com\/index.php\/uzmanlar-ortak-bildiriyle-uyardi-cedes-ve-zorunlu-din-egitimi-durdurulmali#primaryimage","url":"https:\/\/epochtimestr.com\/wp-content\/uploads\/2011y\/1-20.jpg","contentUrl":"https:\/\/epochtimestr.com\/wp-content\/uploads\/2011y\/1-20.jpg","width":1200,"height":800},{"@type":"WebSite","@id":"https:\/\/epochtimestr.com\/#website","url":"https:\/\/epochtimestr.com\/","name":"The Epoch Times TR","description":"De\u011fi\u015fen D\u00fcnyam\u0131za Taze Bir Bak\u0131\u015f","publisher":{"@id":"https:\/\/epochtimestr.com\/#organization"},"potentialAction":[{"@type":"SearchAction","target":{"@type":"EntryPoint","urlTemplate":"https:\/\/epochtimestr.com\/?s={search_term_string}"},"query-input":"required name=search_term_string"}],"inLanguage":"tr"},{"@type":"Organization","@id":"https:\/\/epochtimestr.com\/#organization","name":"The EpochTimes T\u00fcrkiye","url":"https:\/\/epochtimestr.com\/","logo":{"@type":"ImageObject","inLanguage":"tr","@id":"https:\/\/epochtimestr.com\/#\/schema\/logo\/image\/","url":"https:\/\/epochtimestr.com\/wp-content\/uploads\/2011y\/ET-Logo-YG.jpg","contentUrl":"https:\/\/epochtimestr.com\/wp-content\/uploads\/2011y\/ET-Logo-YG.jpg","width":346,"height":29,"caption":"The EpochTimes T\u00fcrkiye"},"image":{"@id":"https:\/\/epochtimestr.com\/#\/schema\/logo\/image\/"},"sameAs":["https:\/\/www.facebook.com\/theepochtimestr","https:\/\/x.com\/TheEpochTimesTR","https:\/\/www.instagram.com\/epochtimestr"]},{"@type":"Person","@id":"https:\/\/epochtimestr.com\/#\/schema\/person\/3dc5c3adeb9f43923c5aa85889172fdd","name":"Haber Merkezi","image":{"@type":"ImageObject","inLanguage":"tr","@id":"https:\/\/epochtimestr.com\/#\/schema\/person\/image\/","url":"https:\/\/secure.gravatar.com\/avatar\/d73f772ba5a74f28601361e17c2f93e6?s=96&d=mm&r=g","contentUrl":"https:\/\/secure.gravatar.com\/avatar\/d73f772ba5a74f28601361e17c2f93e6?s=96&d=mm&r=g","caption":"Haber Merkezi"},"url":"https:\/\/epochtimestr.com\/index.php\/author\/sendag"}]}},"_links":{"self":[{"href":"https:\/\/epochtimestr.com\/index.php\/wp-json\/wp\/v2\/posts\/151162"}],"collection":[{"href":"https:\/\/epochtimestr.com\/index.php\/wp-json\/wp\/v2\/posts"}],"about":[{"href":"https:\/\/epochtimestr.com\/index.php\/wp-json\/wp\/v2\/types\/post"}],"author":[{"embeddable":true,"href":"https:\/\/epochtimestr.com\/index.php\/wp-json\/wp\/v2\/users\/12791"}],"replies":[{"embeddable":true,"href":"https:\/\/epochtimestr.com\/index.php\/wp-json\/wp\/v2\/comments?post=151162"}],"version-history":[{"count":2,"href":"https:\/\/epochtimestr.com\/index.php\/wp-json\/wp\/v2\/posts\/151162\/revisions"}],"predecessor-version":[{"id":151189,"href":"https:\/\/epochtimestr.com\/index.php\/wp-json\/wp\/v2\/posts\/151162\/revisions\/151189"}],"wp:featuredmedia":[{"embeddable":true,"href":"https:\/\/epochtimestr.com\/index.php\/wp-json\/wp\/v2\/media\/151163"}],"wp:attachment":[{"href":"https:\/\/epochtimestr.com\/index.php\/wp-json\/wp\/v2\/media?parent=151162"}],"wp:term":[{"taxonomy":"category","embeddable":true,"href":"https:\/\/epochtimestr.com\/index.php\/wp-json\/wp\/v2\/categories?post=151162"},{"taxonomy":"post_tag","embeddable":true,"href":"https:\/\/epochtimestr.com\/index.php\/wp-json\/wp\/v2\/tags?post=151162"}],"curies":[{"name":"wp","href":"https:\/\/api.w.org\/{rel}","templated":true}]}}