{"id":151419,"date":"2024-05-04T16:55:47","date_gmt":"2024-05-04T13:55:47","guid":{"rendered":"https:\/\/epochtimestr.com\/?p=151419"},"modified":"2024-05-04T17:23:29","modified_gmt":"2024-05-04T14:23:29","slug":"mersin-istisare-kulubu-yas-sebze-meyve-ihracatini-masaya-yatirdi","status":"publish","type":"post","link":"https:\/\/epochtimestr.com\/index.php\/mersin-istisare-kulubu-yas-sebze-meyve-ihracatini-masaya-yatirdi","title":{"rendered":"Mersin \u0130sti\u015fare Kul\u00fcb\u00fc Ya\u015f Sebze-Meyve \u0130hracat\u0131n\u0131 Masaya Yat\u0131rd\u0131"},"content":{"rendered":"<div class=\"wp-block-image\">\n<figure class=\"aligncenter size-large\"><img loading=\"lazy\" decoding=\"async\" width=\"1992\" height=\"1200\" src=\"https:\/\/epochtimestr.com\/wp-content\/uploads\/2011y\/WhatsApp-Image-2024-05-04-at-16.22.13-1992x1200.jpeg\" alt=\"\" class=\"wp-image-151420\" srcset=\"https:\/\/epochtimestr.com\/wp-content\/uploads\/2011y\/WhatsApp-Image-2024-05-04-at-16.22.13-1992x1200.jpeg 1992w, https:\/\/epochtimestr.com\/wp-content\/uploads\/2011y\/WhatsApp-Image-2024-05-04-at-16.22.13-300x181.jpeg 300w, https:\/\/epochtimestr.com\/wp-content\/uploads\/2011y\/WhatsApp-Image-2024-05-04-at-16.22.13-150x90.jpeg 150w, https:\/\/epochtimestr.com\/wp-content\/uploads\/2011y\/WhatsApp-Image-2024-05-04-at-16.22.13-768x463.jpeg 768w, https:\/\/epochtimestr.com\/wp-content\/uploads\/2011y\/WhatsApp-Image-2024-05-04-at-16.22.13-1536x926.jpeg 1536w, https:\/\/epochtimestr.com\/wp-content\/uploads\/2011y\/WhatsApp-Image-2024-05-04-at-16.22.13.jpeg 2048w\" sizes=\"(max-width: 1992px) 100vw, 1992px\" \/><\/figure><\/div>\n\n\n<p>Mersin \u0130sti\u015fare Kul\u00fcb\u00fc (M\u0130K), Mersin\u2019in ekonomi, siyaset ve sivil toplum alan\u0131ndaki \u00f6nemli konular\u0131n\u0131 konunun uzmanlar\u0131yla tart\u0131\u015farak g\u00fcndeme ta\u015f\u0131maya devam ediyor. &nbsp;M\u0130K, &nbsp;May\u0131s ay\u0131 toplant\u0131s\u0131nda da \u201cMersin D\u0131\u015f Ticaretinde Kar\u015f\u0131la\u015f\u0131lan Sorunlar\u201d ba\u015fl\u0131\u011f\u0131 ile Mersinli ya\u015f sebze-meyve \u00fcretici ve ihracat\u00e7\u0131lar\u0131n\u0131n kar\u015f\u0131la\u015ft\u0131\u011f\u0131 sorunlar \u00fczerine odakland\u0131. &nbsp;May\u0131s ay\u0131 toplant\u0131s\u0131n\u0131n konu\u011fu ise Akdeniz Ya\u015f Meyve Sebze \u0130hracat\u00e7\u0131lar\u0131 Birli\u011fi Y\u00f6netim Kurulu Ba\u015fkan\u0131 Ferhat G\u00fcr\u00fcz\u2019du. &nbsp;Noax Otel\u2019de ger\u00e7ekle\u015fen kahvalt\u0131l\u0131 toplant\u0131ya i\u015f d\u00fcnyas\u0131, akademi ve sivil toplum kurulu\u015flar\u0131ndan pek \u00e7ok \u00f6nemli isim kat\u0131ld\u0131.<\/p>\n\n\n<div class=\"wp-block-image\">\n<figure class=\"alignleft size-full is-resized\"><img loading=\"lazy\" decoding=\"async\" src=\"https:\/\/epochtimestr.com\/wp-content\/uploads\/2011y\/WhatsApp-Image-2024-05-04-at-16.22.12.jpeg\" alt=\"\" class=\"wp-image-151421\" width=\"303\" height=\"492\" srcset=\"https:\/\/epochtimestr.com\/wp-content\/uploads\/2011y\/WhatsApp-Image-2024-05-04-at-16.22.12.jpeg 499w, https:\/\/epochtimestr.com\/wp-content\/uploads\/2011y\/WhatsApp-Image-2024-05-04-at-16.22.12-185x300.jpeg 185w, https:\/\/epochtimestr.com\/wp-content\/uploads\/2011y\/WhatsApp-Image-2024-05-04-at-16.22.12-92x150.jpeg 92w\" sizes=\"(max-width: 303px) 100vw, 303px\" \/><figcaption class=\"wp-element-caption\"> Mersin \u0130sti\u015fare Kul\u00fcb\u00fc Ba\u015fkan\u0131 Ferudun G\u00fcnd\u00fcz <\/figcaption><\/figure><\/div>\n\n\n<p>Toplant\u0131n\u0131n a\u00e7\u0131l\u0131\u015f konu\u015fmas\u0131n\u0131 yapan Mersin \u0130sti\u015fare Kul\u00fcb\u00fc Ba\u015fkan\u0131 Ferudun G\u00fcnd\u00fcz ayl\u0131k olarak ger\u00e7ekle\u015ftirdikleri toplant\u0131lar ile Mersin\u2019in \u00f6nemli konular\u0131n\u0131 ele ald\u0131klar\u0131n\u0131 ve isti\u015fare kul\u00fcb\u00fcn\u00fcn amac\u0131n\u0131n Mersin ve \u00fclke g\u00fcndemine ait bu \u00f6nemli konular\u0131 raporla\u015ft\u0131rarak gerekirse Cumhurba\u015fkan\u0131\u2019na kadar iletmek oldu\u011funu ifade etti.<\/p>\n\n\n\n<p>G\u00fcnd\u00fcz\u2019\u00fcn ard\u0131ndan konu\u015fmac\u0131 olarak k\u00fcrs\u00fcye \u00e7\u0131kan G\u00fcr\u00fcz, yapt\u0131\u011f\u0131 konu\u015fmada, Mersin \u0130sti\u015fare Kul\u00fcb\u00fc\u2019n\u00fcn Mersin\u2019de bulunan \u00fcniversitelerin de\u011ferli hocalar\u0131yla kentin dinamiklerini bulu\u015fturarak kente \u00f6nemli bir katk\u0131da bulundu\u011funu ve bunu \u00e7ok de\u011ferli buldu\u011funu s\u00f6yledi. Tecr\u00fcbelerinden Bursa ve Kocaeli gibi sanayinin yo\u011fun oldu\u011fu yerlerde bu modelin \u00e7ok g\u00fczel i\u015fledi\u011fini bildi\u011fini ifade eden G\u00fcr\u00fcz, \u201cBizim sekt\u00f6r\u00fcm\u00fcz ziraat sekt\u00f6r\u00fc oldu\u011fu i\u00e7in ve Mersin\u2019de ziraat fak\u00fcltesi olmad\u0131\u011f\u0131 i\u00e7in &nbsp;biz Mersin \u00dcniversitesinden \u00e7ok faydalanam\u0131yoruz. \u00c7ukurova \u00dcniversitesi ile bu anlamda ciddi i\u015f birliklerimiz var. Mersin\u2019de de umar\u0131m \u015fehir dinamikleri ile \u00fcniversitenin \u00e7al\u0131\u015fmas\u0131 ve payla\u015f\u0131mlar\u0131 artar. Bu ba\u011flamda Mersin \u0130sti\u015fare Kul\u00fcb\u00fc\u2019n\u00fcn de buna katk\u0131da bulunaca\u011f\u0131na eminim.\u201d &nbsp;dedi.<\/p>\n\n\n\n<p>G\u00fcr\u00fcz\u2019\u00fcn konu\u015fmas\u0131ndan \u00f6nemli sat\u0131r ba\u015flar\u0131 \u015f\u00f6yle;<\/p>\n\n\n\n<p><strong>T\u00fcrkiye\u2019de 55 milyon ton ya\u015f sebze ve meyve \u00fcretiliyor. Bunun 5 milyon tonu ihra\u00e7 ediliyor<\/strong><\/p>\n\n\n\n<p>\u201cMersin T\u00fcrkiye\u2019deki en \u00f6nemli ya\u015f meyve sebze \u00fcretim \u015fehirlerinden bir tanesi. T\u00fcrkiye\u2019de yakla\u015f\u0131k 55 milyon ton ya\u015f sebze ve meyve \u00fcretiliyor. Bunun 5 milyon tonu ihra\u00e7 ediliyor. Geri kalan\u0131n bir k\u0131sm\u0131 sanayide bir k\u0131sm\u0131 da i\u00e7 piyasada t\u00fcketiliyor. Bunun yan\u0131nda \u00e7ok \u00f6nemli bir israf var. 5 Milyon tonluk ihracatta ana pazar\u0131m\u0131z Rusya federasyonu. Daha sonra Almanya, Romanya, Irak, Ukrayna, Polonya, Bulgaristan, Hollanda ve Avusturya geliyor. Dikkat ettiyseniz b\u00fct\u00fcn d\u00fcnyadaki ya\u015f sebze-meyve ihracat\u0131nda oldu\u011fu gibi bizim de ana pazar\u0131m\u0131z yak\u0131n mesafedeki \u00fclkeler. Takdir edersiniz ki ya\u015f meyve sebze ihracat\u0131nda lojistik \u00e7ok \u00f6nemli. Saatler ve g\u00fcnlerle ya\u015f\u0131yoruz. Dolays\u0131yla \u00e7ok h\u0131zl\u0131 sevk etmemiz gerekiyor.\u201d<\/p>\n\n\n<div class=\"wp-block-image\">\n<figure class=\"alignright size-large is-resized\"><img loading=\"lazy\" decoding=\"async\" src=\"https:\/\/epochtimestr.com\/wp-content\/uploads\/2011y\/IMG_3248-773x1200.jpg\" alt=\"\" class=\"wp-image-151422\" width=\"349\" height=\"542\" srcset=\"https:\/\/epochtimestr.com\/wp-content\/uploads\/2011y\/IMG_3248-773x1200.jpg 773w, https:\/\/epochtimestr.com\/wp-content\/uploads\/2011y\/IMG_3248-193x300.jpg 193w, https:\/\/epochtimestr.com\/wp-content\/uploads\/2011y\/IMG_3248-97x150.jpg 97w, https:\/\/epochtimestr.com\/wp-content\/uploads\/2011y\/IMG_3248-768x1193.jpg 768w, https:\/\/epochtimestr.com\/wp-content\/uploads\/2011y\/IMG_3248-989x1536.jpg 989w, https:\/\/epochtimestr.com\/wp-content\/uploads\/2011y\/IMG_3248-1318x2048.jpg 1318w, https:\/\/epochtimestr.com\/wp-content\/uploads\/2011y\/IMG_3248-scaled.jpg 1648w\" sizes=\"(max-width: 349px) 100vw, 349px\" \/><figcaption class=\"wp-element-caption\">Akdeniz Ya\u015f Meyve Sebze \u0130hracat\u00e7\u0131lar\u0131 Birli\u011fi Y\u00f6netim Kurulu Ba\u015fkan\u0131 Ferhat G\u00fcr\u00fcz\u2019<\/figcaption><\/figure><\/div>\n\n\n<p><strong>\u00c7in ve Hindistan gibi y\u00fcksek n\u00fcfuslu pazarlara girebilmemiz \u00f6nemli.<\/strong><\/p>\n\n\n\n<p>\u201c\u00c7in ve Hindistan gibi y\u00fcksek n\u00fcfuslu pazarlara girebilmemiz \u00f6nemli. \u00d6zellikle narenciye ve elma gibi raf \u00f6mr\u00fc daha uzun olan \u00fcr\u00fcnlerde bu \u00fclkelerle zirai karantina anla\u015fmalar\u0131 sorunu \u00e7\u0131k\u0131yor kar\u015f\u0131m\u0131za. Hindistan\u2019a elma ihracat\u0131m\u0131z \u00e7ok iyi gidiyor. Siz de t\u00fcketici olarak fark etmi\u015f olabilirsiniz ki son \u00fc\u00e7 y\u0131lda elma fiyatlar\u0131 y\u00fcksek \u00e7\u00fcnk\u00fc Hindistan\u2019a ciddi bir ihracat\u0131m\u0131z var. Bu da elma \u00fcretiminin artmas\u0131na sebep oluyor ve \u00f6zellikle Mersin\u2019e \u00e7ok yak\u0131n Ni\u011fde, Ere\u011fli ve Karaman\u2019da \u00e7ok g\u00fczel elma bah\u00e7eleri tesis ediliyor. Hindistan pazar\u0131n\u0131 a\u00e7\u0131lmas\u0131 bence bu konuda \u00e7ok \u00f6nemli. Narenciye konusunda Mersin i\u00e7in \u00c7in olmazsa olmaz\u0131m\u0131z. Avrupa Birli\u011fi\u2019ne narenciye ihracat\u0131m\u0131z var ama istenilen seviyede de\u011fil. Bunun farkl\u0131 sebepleri var ama en \u00f6nemlisi Avrupa Birli\u011fi\u2019nin t\u00fcketim al\u0131\u015fkanl\u0131klar\u0131 ile bizimkinin birbirine uymamas\u0131.\u201d<\/p>\n\n\n\n<p><strong>Narenciyede \u00fcretim bu sene rekor seviyede<\/strong><\/p>\n\n\n\n<p>\u201cOrtado\u011fu\u2019da ciddi bir pazar\u0131m\u0131z var. Sadece narenciyede de\u011fil ayn\u0131 zamanda ya\u015f sebze-meyvede. \u00d6zellikle Suudi Arabistan ve k\u00f6rfez b\u00f6lgesinde ciddi bir a\u011f\u0131rl\u0131\u011f\u0131m\u0131z var. Orada da bu son \u00fc\u00e7-d\u00f6rt y\u0131ld\u0131r M\u0131s\u0131r bizi biraz zorluyor. M\u0131s\u0131r\u2019da \u00fcretim demin ifade etti\u011fim gibi \u00fcretim \u0130spanya, \u0130talya ve Yunanistan\u2019dakinden kat kat artt\u0131. T\u00fcrkiye\u2019de de t\u00fcm ya\u015f sebze ve meyve \u00fcretiminde ama \u00f6zellikle narenciyede b\u00fcy\u00fck bir art\u0131\u015f oldu. Ben i\u015fe ba\u015flad\u0131\u011f\u0131m zaman T\u00fcrkiye\u2019nin narenciye \u00fcretimi 2,5 milyon tonlardayd\u0131. Ge\u00e7en y\u0131l 5 milyon tondu. Bu y\u0131l rekor bir seviye olarak 7.2 milyon ton \u00fcretim bekliyoruz.\u201d &nbsp;&nbsp;<\/p>\n\n\n\n<p><strong>D\u00fcnyada ciddi bir narenciye \u00fcretim art\u0131\u015f\u0131 var<\/strong><\/p>\n\n\n\n<p>\u201cG\u00fcney yar\u0131m k\u00fcredeki \u00fclkeler var. Tabii bizim onlarla sezonumuz ters. Bizim ba\u015flang\u0131c\u0131m\u0131z onlar\u0131n biti\u015fi ve onlar\u0131n biti\u015fi bizim ba\u015flang\u0131c\u0131m\u0131z ama onlarla da ciddi bir rekabet i\u00e7erisindeyiz. Orada da ba\u015f\u0131m\u0131z\u0131n belas\u0131 diyebilece\u011fimiz G\u00fcney Afrika var. &nbsp;Orada m\u00fcthi\u015f bir rekolte var. Yine Brezilya d\u00fcnyan\u0131n en b\u00fcy\u00fck narenciye \u00fcreticilerinden biri ama onlar biraz i\u015fin end\u00fcstriyel taraf\u0131ndalar.&nbsp; Arjantin, Uruguay ve Avustralya G\u00fcney Yar\u0131m k\u00fcrede rakiplerimiz. Genel olarak son on y\u0131l i\u00e7erisinde gerek g\u00fcney yar\u0131m k\u00fcrede gerek kuzey yar\u0131m k\u00fcrede ciddi bir narenciye \u00fcretim art\u0131\u015f\u0131 oldu\u011funu s\u00f6yleyebilirim. \u201c<\/p>\n\n\n\n<p><strong>4.5 milyon tonluk bir \u00fcretim fazlam\u0131z var<\/strong><\/p>\n\n\n\n<p>\u201cK\u00fcresel ticarette en \u00f6nemli iki pazar\u0131m\u0131z Rusya ve Ukrayna. Maalesef aralar\u0131nda \u00e7\u0131kan sava\u015f ve daha sonra meydana gelen \u0130srail-Filistin \u00e7at\u0131\u015fmas\u0131 ve bu y\u00fczden K\u0131z\u0131l Deniz\u2019\u0130n kapanmas\u0131 ihracat\u0131m\u0131z\u0131 etkiledi. K\u0131z\u0131l Deniz\u2019deki sevkiyatlar\u0131n yava\u015flamas\u0131 ve S\u00fcvey\u015f Kanal\u0131\u2019ndan ge\u00e7mek i\u00e7in artan maaliyetler bizim Pazar pay\u0131m\u0131z\u0131 azaltt\u0131 gibi. Bunda bizim rekor d\u00fczeyde narenciye \u00fcretimimizin de pay\u0131 var. Sezonsal olarak olaya bakt\u0131\u011f\u0131m\u0131z zaman ge\u00e7en sene 1.5 milyon ton olan ihracat bu sene 1.9 milyona \u00e7\u0131km\u0131\u015f. Benim tahminim 2.1 \u2013 2.2 milyonla bu seneyi kapataca\u011f\u0131z ama 7.2 milyon tonluk bir \u00fcretimi d\u00fc\u015f\u00fcnd\u00fc\u011f\u00fcm\u00fcz zaman a\u015fa\u011f\u0131 yukar\u0131 4.5 milyon tonluk bir \u00fcretim fazlam\u0131z oluyor. \u201c<\/p>\n\n\n\n<p><strong>\u0130\u00e7 piyasadaki t\u00fcketimi de artt\u0131rmal\u0131y\u0131z &nbsp;<\/strong><\/p>\n\n\n\n<p>\u201cBizim burada i\u00e7 piyasadaki t\u00fcketimi artt\u0131rmam\u0131z gerekiyor. Biz 85 milyonluk bir n\u00fcfusuz. T\u00fcrkiye\u2019nin \u00e7ok ciddi bir turizm potansiyeli var. Y\u0131lda 5 milyon ki\u015fi desek 90 milyon. M\u00fcltecilerle birlikte \u00fclkemizde 95 milyonluk bir n\u00fcfus var. 3 milyon tonluk bir \u00fcretim fazlas\u0131n\u0131 bizim i\u00e7 piyasada eritmemiz gerekiyor. Ben eminim Anadolu\u2019nun pek \u00e7ok k\u00f6y\u00fcnde daha hi\u00e7 portakal yememi\u015f \u00e7ocuklar vard\u0131r. Narenciye konusunda bu y\u00f6nde \u00e7al\u0131\u015fmalar yapmak gerekiyor.\u201d &nbsp;<\/p>\n\n\n\n<p>G\u00fcr\u00fcz konu\u015fmas\u0131n\u0131n devam\u0131nda Tar\u0131m Bakanl\u0131\u011f\u0131n\u0131n 1 Ocak 2024\u2019ten itibaren y\u00fcr\u00fcrl\u00fc\u011fe giren tar\u0131msal planlama uygulamalar\u0131ndan ve ya\u015f sebze ve meyve ihracat\u0131 konusunda yap\u0131lan \u00e7al\u0131\u015fmalardan ve beklentilerden bahsetti.<\/p>\n\n\n\n<p>G\u00fcr\u00fcz konu\u015fmas\u0131n\u0131n ard\u0131ndan kat\u0131l\u0131mc\u0131lar\u0131n sorular\u0131n\u0131 yan\u0131tlad\u0131. Soru-cevap k\u0131sm\u0131n\u0131n ard\u0131ndan Mersin isti\u015fare Kul\u00fcb\u00fc Ba\u015fkan\u0131 G\u00fcnd\u00fcz, G\u00fcr\u00fcz\u2019a te\u015fekk\u00fcr belgesi takdim etti. &nbsp;&nbsp;<\/p>\n","protected":false},"excerpt":{"rendered":"<p>Mersin \u0130sti\u015fare Kul\u00fcb\u00fc (M\u0130K), Mersin\u2019in ekonomi, siyaset ve sivil toplum alan\u0131ndaki \u00f6nemli konular\u0131n\u0131 konunun uzmanlar\u0131yla tart\u0131\u015farak g\u00fcndeme ta\u015f\u0131maya devam ediyor. &nbsp;M\u0130K, &nbsp;May\u0131s ay\u0131 toplant\u0131s\u0131nda da \u201cMersin D\u0131\u015f Ticaretinde Kar\u015f\u0131la\u015f\u0131lan Sorunlar\u201d ba\u015fl\u0131\u011f\u0131 ile Mersinli ya\u015f sebze-meyve \u00fcretici ve ihracat\u00e7\u0131lar\u0131n\u0131n kar\u015f\u0131la\u015ft\u0131\u011f\u0131 sorunlar \u00fczerine odakland\u0131. &nbsp;May\u0131s ay\u0131 toplant\u0131s\u0131n\u0131n konu\u011fu ise Akdeniz Ya\u015f Meyve Sebze \u0130hracat\u00e7\u0131lar\u0131 Birli\u011fi Y\u00f6netim Kurulu [&hellip;]<\/p>\n","protected":false},"author":22,"featured_media":151420,"comment_status":"closed","ping_status":"open","sticky":false,"template":"","format":"standard","meta":{"_yoast_wpseo_focuskw":"","_yoast_wpseo_title":"","_yoast_wpseo_metadesc":"","_bbp_topic_count":0,"_bbp_reply_count":0,"_bbp_total_topic_count":0,"_bbp_total_reply_count":0,"_bbp_voice_count":0,"_bbp_anonymous_reply_count":0,"_bbp_topic_count_hidden":0,"_bbp_reply_count_hidden":0,"_bbp_forum_subforum_count":0,"footnotes":"","_yoast_wpseo_focuskw_text_input":""},"categories":[8225,1,60],"tags":[],"yoast_head":"<!-- This site is optimized with the Yoast SEO plugin v23.0 - https:\/\/yoast.com\/wordpress\/plugins\/seo\/ -->\n<title>Mersin \u0130sti\u015fare Kul\u00fcb\u00fc Ya\u015f Sebze-Meyve \u0130hracat\u0131n\u0131 Masaya Yat\u0131rd\u0131 - The Epoch Times TR<\/title>\n<meta name=\"robots\" content=\"index, follow, max-snippet:-1, max-image-preview:large, max-video-preview:-1\" \/>\n<link rel=\"canonical\" href=\"https:\/\/epochtimestr.com\/index.php\/mersin-istisare-kulubu-yas-sebze-meyve-ihracatini-masaya-yatirdi\" \/>\n<meta property=\"og:locale\" content=\"tr_TR\" \/>\n<meta property=\"og:type\" content=\"article\" \/>\n<meta property=\"og:title\" content=\"Mersin \u0130sti\u015fare Kul\u00fcb\u00fc Ya\u015f Sebze-Meyve \u0130hracat\u0131n\u0131 Masaya Yat\u0131rd\u0131 - The Epoch Times TR\" \/>\n<meta property=\"og:description\" content=\"Mersin \u0130sti\u015fare Kul\u00fcb\u00fc (M\u0130K), Mersin\u2019in ekonomi, siyaset ve sivil toplum alan\u0131ndaki \u00f6nemli konular\u0131n\u0131 konunun uzmanlar\u0131yla tart\u0131\u015farak g\u00fcndeme ta\u015f\u0131maya devam ediyor. &nbsp;M\u0130K, &nbsp;May\u0131s ay\u0131 toplant\u0131s\u0131nda da \u201cMersin D\u0131\u015f Ticaretinde Kar\u015f\u0131la\u015f\u0131lan Sorunlar\u201d ba\u015fl\u0131\u011f\u0131 ile Mersinli ya\u015f sebze-meyve \u00fcretici ve ihracat\u00e7\u0131lar\u0131n\u0131n kar\u015f\u0131la\u015ft\u0131\u011f\u0131 sorunlar \u00fczerine odakland\u0131. &nbsp;May\u0131s ay\u0131 toplant\u0131s\u0131n\u0131n konu\u011fu ise Akdeniz Ya\u015f Meyve Sebze \u0130hracat\u00e7\u0131lar\u0131 Birli\u011fi Y\u00f6netim Kurulu [&hellip;]\" \/>\n<meta property=\"og:url\" content=\"https:\/\/epochtimestr.com\/index.php\/mersin-istisare-kulubu-yas-sebze-meyve-ihracatini-masaya-yatirdi\" \/>\n<meta property=\"og:site_name\" content=\"The Epoch Times TR\" \/>\n<meta property=\"article:publisher\" content=\"https:\/\/www.facebook.com\/theepochtimestr\" \/>\n<meta property=\"article:published_time\" content=\"2024-05-04T13:55:47+00:00\" \/>\n<meta property=\"article:modified_time\" content=\"2024-05-04T14:23:29+00:00\" \/>\n<meta property=\"og:image\" content=\"https:\/\/epochtimestr.com\/wp-content\/uploads\/2011y\/WhatsApp-Image-2024-05-04-at-16.22.13.jpeg\" \/>\n\t<meta property=\"og:image:width\" content=\"2048\" \/>\n\t<meta property=\"og:image:height\" content=\"1234\" \/>\n\t<meta property=\"og:image:type\" content=\"image\/jpeg\" \/>\n<meta name=\"author\" content=\"G.Hakan Ko\u00e7man\" \/>\n<meta name=\"twitter:card\" content=\"summary_large_image\" \/>\n<meta name=\"twitter:creator\" content=\"@TheEpochTimesTR\" \/>\n<meta name=\"twitter:site\" content=\"@TheEpochTimesTR\" \/>\n<meta name=\"twitter:label1\" content=\"Yazan:\" \/>\n\t<meta name=\"twitter:data1\" content=\"G.Hakan Ko\u00e7man\" \/>\n\t<meta name=\"twitter:label2\" content=\"Tahmini okuma s\u00fcresi\" \/>\n\t<meta name=\"twitter:data2\" content=\"6 dakika\" \/>\n<script type=\"application\/ld+json\" class=\"yoast-schema-graph\">{\"@context\":\"https:\/\/schema.org\",\"@graph\":[{\"@type\":\"Article\",\"@id\":\"https:\/\/epochtimestr.com\/index.php\/mersin-istisare-kulubu-yas-sebze-meyve-ihracatini-masaya-yatirdi#article\",\"isPartOf\":{\"@id\":\"https:\/\/epochtimestr.com\/index.php\/mersin-istisare-kulubu-yas-sebze-meyve-ihracatini-masaya-yatirdi\"},\"author\":{\"name\":\"G.Hakan Ko\u00e7man\",\"@id\":\"https:\/\/epochtimestr.com\/#\/schema\/person\/b5509977c9a6cd729a3e74d9743d035b\"},\"headline\":\"Mersin \u0130sti\u015fare Kul\u00fcb\u00fc Ya\u015f Sebze-Meyve \u0130hracat\u0131n\u0131 Masaya Yat\u0131rd\u0131\",\"datePublished\":\"2024-05-04T13:55:47+00:00\",\"dateModified\":\"2024-05-04T14:23:29+00:00\",\"mainEntityOfPage\":{\"@id\":\"https:\/\/epochtimestr.com\/index.php\/mersin-istisare-kulubu-yas-sebze-meyve-ihracatini-masaya-yatirdi\"},\"wordCount\":1259,\"publisher\":{\"@id\":\"https:\/\/epochtimestr.com\/#organization\"},\"image\":{\"@id\":\"https:\/\/epochtimestr.com\/index.php\/mersin-istisare-kulubu-yas-sebze-meyve-ihracatini-masaya-yatirdi#primaryimage\"},\"thumbnailUrl\":\"https:\/\/epochtimestr.com\/wp-content\/uploads\/2011y\/WhatsApp-Image-2024-05-04-at-16.22.13.jpeg\",\"articleSection\":[\"Ekonomi\",\"G\u00dcNDEM\",\"Taslak'da b\u0131rak\"],\"inLanguage\":\"tr\"},{\"@type\":\"WebPage\",\"@id\":\"https:\/\/epochtimestr.com\/index.php\/mersin-istisare-kulubu-yas-sebze-meyve-ihracatini-masaya-yatirdi\",\"url\":\"https:\/\/epochtimestr.com\/index.php\/mersin-istisare-kulubu-yas-sebze-meyve-ihracatini-masaya-yatirdi\",\"name\":\"Mersin \u0130sti\u015fare Kul\u00fcb\u00fc Ya\u015f Sebze-Meyve \u0130hracat\u0131n\u0131 Masaya Yat\u0131rd\u0131 - The Epoch Times TR\",\"isPartOf\":{\"@id\":\"https:\/\/epochtimestr.com\/#website\"},\"primaryImageOfPage\":{\"@id\":\"https:\/\/epochtimestr.com\/index.php\/mersin-istisare-kulubu-yas-sebze-meyve-ihracatini-masaya-yatirdi#primaryimage\"},\"image\":{\"@id\":\"https:\/\/epochtimestr.com\/index.php\/mersin-istisare-kulubu-yas-sebze-meyve-ihracatini-masaya-yatirdi#primaryimage\"},\"thumbnailUrl\":\"https:\/\/epochtimestr.com\/wp-content\/uploads\/2011y\/WhatsApp-Image-2024-05-04-at-16.22.13.jpeg\",\"datePublished\":\"2024-05-04T13:55:47+00:00\",\"dateModified\":\"2024-05-04T14:23:29+00:00\",\"inLanguage\":\"tr\",\"potentialAction\":[{\"@type\":\"ReadAction\",\"target\":[\"https:\/\/epochtimestr.com\/index.php\/mersin-istisare-kulubu-yas-sebze-meyve-ihracatini-masaya-yatirdi\"]}]},{\"@type\":\"ImageObject\",\"inLanguage\":\"tr\",\"@id\":\"https:\/\/epochtimestr.com\/index.php\/mersin-istisare-kulubu-yas-sebze-meyve-ihracatini-masaya-yatirdi#primaryimage\",\"url\":\"https:\/\/epochtimestr.com\/wp-content\/uploads\/2011y\/WhatsApp-Image-2024-05-04-at-16.22.13.jpeg\",\"contentUrl\":\"https:\/\/epochtimestr.com\/wp-content\/uploads\/2011y\/WhatsApp-Image-2024-05-04-at-16.22.13.jpeg\",\"width\":2048,\"height\":1234},{\"@type\":\"WebSite\",\"@id\":\"https:\/\/epochtimestr.com\/#website\",\"url\":\"https:\/\/epochtimestr.com\/\",\"name\":\"The Epoch Times TR\",\"description\":\"De\u011fi\u015fen D\u00fcnyam\u0131za Taze Bir Bak\u0131\u015f\",\"publisher\":{\"@id\":\"https:\/\/epochtimestr.com\/#organization\"},\"potentialAction\":[{\"@type\":\"SearchAction\",\"target\":{\"@type\":\"EntryPoint\",\"urlTemplate\":\"https:\/\/epochtimestr.com\/?s={search_term_string}\"},\"query-input\":\"required name=search_term_string\"}],\"inLanguage\":\"tr\"},{\"@type\":\"Organization\",\"@id\":\"https:\/\/epochtimestr.com\/#organization\",\"name\":\"The EpochTimes T\u00fcrkiye\",\"url\":\"https:\/\/epochtimestr.com\/\",\"logo\":{\"@type\":\"ImageObject\",\"inLanguage\":\"tr\",\"@id\":\"https:\/\/epochtimestr.com\/#\/schema\/logo\/image\/\",\"url\":\"https:\/\/epochtimestr.com\/wp-content\/uploads\/2011y\/ET-Logo-YG.jpg\",\"contentUrl\":\"https:\/\/epochtimestr.com\/wp-content\/uploads\/2011y\/ET-Logo-YG.jpg\",\"width\":346,\"height\":29,\"caption\":\"The EpochTimes T\u00fcrkiye\"},\"image\":{\"@id\":\"https:\/\/epochtimestr.com\/#\/schema\/logo\/image\/\"},\"sameAs\":[\"https:\/\/www.facebook.com\/theepochtimestr\",\"https:\/\/x.com\/TheEpochTimesTR\",\"https:\/\/www.instagram.com\/epochtimestr\"]},{\"@type\":\"Person\",\"@id\":\"https:\/\/epochtimestr.com\/#\/schema\/person\/b5509977c9a6cd729a3e74d9743d035b\",\"name\":\"G.Hakan Ko\u00e7man\",\"image\":{\"@type\":\"ImageObject\",\"inLanguage\":\"tr\",\"@id\":\"https:\/\/epochtimestr.com\/#\/schema\/person\/image\/\",\"url\":\"https:\/\/secure.gravatar.com\/avatar\/e4eafee1ab5d1f4015c3930376b22ca8?s=96&d=mm&r=g\",\"contentUrl\":\"https:\/\/secure.gravatar.com\/avatar\/e4eafee1ab5d1f4015c3930376b22ca8?s=96&d=mm&r=g\",\"caption\":\"G.Hakan Ko\u00e7man\"},\"url\":\"https:\/\/epochtimestr.com\/index.php\/author\/hakan\"}]}<\/script>\n<!-- \/ Yoast SEO plugin. -->","yoast_head_json":{"title":"Mersin \u0130sti\u015fare Kul\u00fcb\u00fc Ya\u015f Sebze-Meyve \u0130hracat\u0131n\u0131 Masaya Yat\u0131rd\u0131 - The Epoch Times TR","robots":{"index":"index","follow":"follow","max-snippet":"max-snippet:-1","max-image-preview":"max-image-preview:large","max-video-preview":"max-video-preview:-1"},"canonical":"https:\/\/epochtimestr.com\/index.php\/mersin-istisare-kulubu-yas-sebze-meyve-ihracatini-masaya-yatirdi","og_locale":"tr_TR","og_type":"article","og_title":"Mersin \u0130sti\u015fare Kul\u00fcb\u00fc Ya\u015f Sebze-Meyve \u0130hracat\u0131n\u0131 Masaya Yat\u0131rd\u0131 - The Epoch Times TR","og_description":"Mersin \u0130sti\u015fare Kul\u00fcb\u00fc (M\u0130K), Mersin\u2019in ekonomi, siyaset ve sivil toplum alan\u0131ndaki \u00f6nemli konular\u0131n\u0131 konunun uzmanlar\u0131yla tart\u0131\u015farak g\u00fcndeme ta\u015f\u0131maya devam ediyor. &nbsp;M\u0130K, &nbsp;May\u0131s ay\u0131 toplant\u0131s\u0131nda da \u201cMersin D\u0131\u015f Ticaretinde Kar\u015f\u0131la\u015f\u0131lan Sorunlar\u201d ba\u015fl\u0131\u011f\u0131 ile Mersinli ya\u015f sebze-meyve \u00fcretici ve ihracat\u00e7\u0131lar\u0131n\u0131n kar\u015f\u0131la\u015ft\u0131\u011f\u0131 sorunlar \u00fczerine odakland\u0131. &nbsp;May\u0131s ay\u0131 toplant\u0131s\u0131n\u0131n konu\u011fu ise Akdeniz Ya\u015f Meyve Sebze \u0130hracat\u00e7\u0131lar\u0131 Birli\u011fi Y\u00f6netim Kurulu [&hellip;]","og_url":"https:\/\/epochtimestr.com\/index.php\/mersin-istisare-kulubu-yas-sebze-meyve-ihracatini-masaya-yatirdi","og_site_name":"The Epoch Times TR","article_publisher":"https:\/\/www.facebook.com\/theepochtimestr","article_published_time":"2024-05-04T13:55:47+00:00","article_modified_time":"2024-05-04T14:23:29+00:00","og_image":[{"width":2048,"height":1234,"url":"https:\/\/epochtimestr.com\/wp-content\/uploads\/2011y\/WhatsApp-Image-2024-05-04-at-16.22.13.jpeg","type":"image\/jpeg"}],"author":"G.Hakan Ko\u00e7man","twitter_card":"summary_large_image","twitter_creator":"@TheEpochTimesTR","twitter_site":"@TheEpochTimesTR","twitter_misc":{"Yazan:":"G.Hakan Ko\u00e7man","Tahmini okuma s\u00fcresi":"6 dakika"},"schema":{"@context":"https:\/\/schema.org","@graph":[{"@type":"Article","@id":"https:\/\/epochtimestr.com\/index.php\/mersin-istisare-kulubu-yas-sebze-meyve-ihracatini-masaya-yatirdi#article","isPartOf":{"@id":"https:\/\/epochtimestr.com\/index.php\/mersin-istisare-kulubu-yas-sebze-meyve-ihracatini-masaya-yatirdi"},"author":{"name":"G.Hakan Ko\u00e7man","@id":"https:\/\/epochtimestr.com\/#\/schema\/person\/b5509977c9a6cd729a3e74d9743d035b"},"headline":"Mersin \u0130sti\u015fare Kul\u00fcb\u00fc Ya\u015f Sebze-Meyve \u0130hracat\u0131n\u0131 Masaya Yat\u0131rd\u0131","datePublished":"2024-05-04T13:55:47+00:00","dateModified":"2024-05-04T14:23:29+00:00","mainEntityOfPage":{"@id":"https:\/\/epochtimestr.com\/index.php\/mersin-istisare-kulubu-yas-sebze-meyve-ihracatini-masaya-yatirdi"},"wordCount":1259,"publisher":{"@id":"https:\/\/epochtimestr.com\/#organization"},"image":{"@id":"https:\/\/epochtimestr.com\/index.php\/mersin-istisare-kulubu-yas-sebze-meyve-ihracatini-masaya-yatirdi#primaryimage"},"thumbnailUrl":"https:\/\/epochtimestr.com\/wp-content\/uploads\/2011y\/WhatsApp-Image-2024-05-04-at-16.22.13.jpeg","articleSection":["Ekonomi","G\u00dcNDEM","Taslak'da b\u0131rak"],"inLanguage":"tr"},{"@type":"WebPage","@id":"https:\/\/epochtimestr.com\/index.php\/mersin-istisare-kulubu-yas-sebze-meyve-ihracatini-masaya-yatirdi","url":"https:\/\/epochtimestr.com\/index.php\/mersin-istisare-kulubu-yas-sebze-meyve-ihracatini-masaya-yatirdi","name":"Mersin \u0130sti\u015fare Kul\u00fcb\u00fc Ya\u015f Sebze-Meyve \u0130hracat\u0131n\u0131 Masaya Yat\u0131rd\u0131 - The Epoch Times TR","isPartOf":{"@id":"https:\/\/epochtimestr.com\/#website"},"primaryImageOfPage":{"@id":"https:\/\/epochtimestr.com\/index.php\/mersin-istisare-kulubu-yas-sebze-meyve-ihracatini-masaya-yatirdi#primaryimage"},"image":{"@id":"https:\/\/epochtimestr.com\/index.php\/mersin-istisare-kulubu-yas-sebze-meyve-ihracatini-masaya-yatirdi#primaryimage"},"thumbnailUrl":"https:\/\/epochtimestr.com\/wp-content\/uploads\/2011y\/WhatsApp-Image-2024-05-04-at-16.22.13.jpeg","datePublished":"2024-05-04T13:55:47+00:00","dateModified":"2024-05-04T14:23:29+00:00","inLanguage":"tr","potentialAction":[{"@type":"ReadAction","target":["https:\/\/epochtimestr.com\/index.php\/mersin-istisare-kulubu-yas-sebze-meyve-ihracatini-masaya-yatirdi"]}]},{"@type":"ImageObject","inLanguage":"tr","@id":"https:\/\/epochtimestr.com\/index.php\/mersin-istisare-kulubu-yas-sebze-meyve-ihracatini-masaya-yatirdi#primaryimage","url":"https:\/\/epochtimestr.com\/wp-content\/uploads\/2011y\/WhatsApp-Image-2024-05-04-at-16.22.13.jpeg","contentUrl":"https:\/\/epochtimestr.com\/wp-content\/uploads\/2011y\/WhatsApp-Image-2024-05-04-at-16.22.13.jpeg","width":2048,"height":1234},{"@type":"WebSite","@id":"https:\/\/epochtimestr.com\/#website","url":"https:\/\/epochtimestr.com\/","name":"The Epoch Times TR","description":"De\u011fi\u015fen D\u00fcnyam\u0131za Taze Bir Bak\u0131\u015f","publisher":{"@id":"https:\/\/epochtimestr.com\/#organization"},"potentialAction":[{"@type":"SearchAction","target":{"@type":"EntryPoint","urlTemplate":"https:\/\/epochtimestr.com\/?s={search_term_string}"},"query-input":"required name=search_term_string"}],"inLanguage":"tr"},{"@type":"Organization","@id":"https:\/\/epochtimestr.com\/#organization","name":"The EpochTimes T\u00fcrkiye","url":"https:\/\/epochtimestr.com\/","logo":{"@type":"ImageObject","inLanguage":"tr","@id":"https:\/\/epochtimestr.com\/#\/schema\/logo\/image\/","url":"https:\/\/epochtimestr.com\/wp-content\/uploads\/2011y\/ET-Logo-YG.jpg","contentUrl":"https:\/\/epochtimestr.com\/wp-content\/uploads\/2011y\/ET-Logo-YG.jpg","width":346,"height":29,"caption":"The EpochTimes T\u00fcrkiye"},"image":{"@id":"https:\/\/epochtimestr.com\/#\/schema\/logo\/image\/"},"sameAs":["https:\/\/www.facebook.com\/theepochtimestr","https:\/\/x.com\/TheEpochTimesTR","https:\/\/www.instagram.com\/epochtimestr"]},{"@type":"Person","@id":"https:\/\/epochtimestr.com\/#\/schema\/person\/b5509977c9a6cd729a3e74d9743d035b","name":"G.Hakan Ko\u00e7man","image":{"@type":"ImageObject","inLanguage":"tr","@id":"https:\/\/epochtimestr.com\/#\/schema\/person\/image\/","url":"https:\/\/secure.gravatar.com\/avatar\/e4eafee1ab5d1f4015c3930376b22ca8?s=96&d=mm&r=g","contentUrl":"https:\/\/secure.gravatar.com\/avatar\/e4eafee1ab5d1f4015c3930376b22ca8?s=96&d=mm&r=g","caption":"G.Hakan Ko\u00e7man"},"url":"https:\/\/epochtimestr.com\/index.php\/author\/hakan"}]}},"_links":{"self":[{"href":"https:\/\/epochtimestr.com\/index.php\/wp-json\/wp\/v2\/posts\/151419"}],"collection":[{"href":"https:\/\/epochtimestr.com\/index.php\/wp-json\/wp\/v2\/posts"}],"about":[{"href":"https:\/\/epochtimestr.com\/index.php\/wp-json\/wp\/v2\/types\/post"}],"author":[{"embeddable":true,"href":"https:\/\/epochtimestr.com\/index.php\/wp-json\/wp\/v2\/users\/22"}],"replies":[{"embeddable":true,"href":"https:\/\/epochtimestr.com\/index.php\/wp-json\/wp\/v2\/comments?post=151419"}],"version-history":[{"count":5,"href":"https:\/\/epochtimestr.com\/index.php\/wp-json\/wp\/v2\/posts\/151419\/revisions"}],"predecessor-version":[{"id":151429,"href":"https:\/\/epochtimestr.com\/index.php\/wp-json\/wp\/v2\/posts\/151419\/revisions\/151429"}],"wp:featuredmedia":[{"embeddable":true,"href":"https:\/\/epochtimestr.com\/index.php\/wp-json\/wp\/v2\/media\/151420"}],"wp:attachment":[{"href":"https:\/\/epochtimestr.com\/index.php\/wp-json\/wp\/v2\/media?parent=151419"}],"wp:term":[{"taxonomy":"category","embeddable":true,"href":"https:\/\/epochtimestr.com\/index.php\/wp-json\/wp\/v2\/categories?post=151419"},{"taxonomy":"post_tag","embeddable":true,"href":"https:\/\/epochtimestr.com\/index.php\/wp-json\/wp\/v2\/tags?post=151419"}],"curies":[{"name":"wp","href":"https:\/\/api.w.org\/{rel}","templated":true}]}}