{"id":151588,"date":"2024-05-09T16:03:29","date_gmt":"2024-05-09T13:03:29","guid":{"rendered":"https:\/\/epochtimestr.com\/?p=151588"},"modified":"2024-05-09T16:49:25","modified_gmt":"2024-05-09T13:49:25","slug":"koc-burcu-6-ile-12-mayis-haftasi","status":"publish","type":"post","link":"https:\/\/epochtimestr.com\/index.php\/koc-burcu-6-ile-12-mayis-haftasi","title":{"rendered":"Ko\u00e7 Burcu &#8211; 6 ile 12 May\u0131s haftas\u0131"},"content":{"rendered":"\n<p>Sevgili ko\u00e7lar ve y\u00fckselen burcu ko\u00e7 olanlar! Yeni ay sizin burcunuzda ger\u00e7ekle\u015fiyor ve yeni ba\u015flang\u0131\u00e7lara a\u00e7\u0131k olman\u0131z gerekli. J\u00fcpiter&#8217;den dolay\u0131 para ak\u0131\u015f\u0131n\u0131z d\u00fczelmeye ba\u015fl\u0131yor ve de\u011ferlerle ilgili alanlar\u0131n\u0131z\u0131 sorgulayaca\u011f\u0131n\u0131z bir hafta olacak. Ay\u0131n 10&#8217;unda ba\u015flay\u0131p 12&#8217;sine kadar s\u00fcren yak\u0131n \u00e7evre ile ilgili duygu al\u0131\u015fveri\u015finiz olacak. Bu hafta \u00f6zet olarak duygular\u0131n\u0131z de\u011ferleriniz ve para konular\u0131 aktif olacak. Yak\u0131n mesafede k\u0131sa s\u00fcreli yolculuklar olabilir.<\/p>\n","protected":false},"excerpt":{"rendered":"<p>Sevgili ko\u00e7lar ve y\u00fckselen burcu ko\u00e7 olanlar! Yeni ay sizin burcunuzda ger\u00e7ekle\u015fiyor ve yeni ba\u015flang\u0131\u00e7lara a\u00e7\u0131k olman\u0131z gerekli. J\u00fcpiter&#8217;den dolay\u0131 para ak\u0131\u015f\u0131n\u0131z d\u00fczelmeye ba\u015fl\u0131yor ve de\u011ferlerle ilgili alanlar\u0131n\u0131z\u0131 sorgulayaca\u011f\u0131n\u0131z bir hafta olacak. Ay\u0131n 10&#8217;unda ba\u015flay\u0131p 12&#8217;sine kadar s\u00fcren yak\u0131n \u00e7evre ile ilgili duygu al\u0131\u015fveri\u015finiz olacak. Bu hafta \u00f6zet olarak duygular\u0131n\u0131z de\u011ferleriniz ve para konular\u0131 aktif [&hellip;]<\/p>\n","protected":false},"author":13989,"featured_media":151502,"comment_status":"closed","ping_status":"open","sticky":false,"template":"","format":"standard","meta":{"_yoast_wpseo_focuskw":"","_yoast_wpseo_title":"","_yoast_wpseo_metadesc":"","_bbp_topic_count":0,"_bbp_reply_count":0,"_bbp_total_topic_count":0,"_bbp_total_reply_count":0,"_bbp_voice_count":0,"_bbp_anonymous_reply_count":0,"_bbp_topic_count_hidden":0,"_bbp_reply_count_hidden":0,"_bbp_forum_subforum_count":0,"footnotes":"","_yoast_wpseo_focuskw_text_input":""},"categories":[8380],"tags":[],"yoast_head":"<!-- This site is optimized with the Yoast SEO plugin v23.0 - https:\/\/yoast.com\/wordpress\/plugins\/seo\/ -->\n<title>Ko\u00e7 Burcu - 6 ile 12 May\u0131s haftas\u0131 - The Epoch Times TR<\/title>\n<meta name=\"robots\" content=\"index, follow, max-snippet:-1, max-image-preview:large, max-video-preview:-1\" \/>\n<link rel=\"canonical\" href=\"https:\/\/epochtimestr.com\/index.php\/koc-burcu-6-ile-12-mayis-haftasi\" \/>\n<meta property=\"og:locale\" content=\"tr_TR\" \/>\n<meta property=\"og:type\" content=\"article\" \/>\n<meta property=\"og:title\" content=\"Ko\u00e7 Burcu - 6 ile 12 May\u0131s haftas\u0131 - The Epoch Times TR\" \/>\n<meta property=\"og:description\" content=\"Sevgili ko\u00e7lar ve y\u00fckselen burcu ko\u00e7 olanlar! Yeni ay sizin burcunuzda ger\u00e7ekle\u015fiyor ve yeni ba\u015flang\u0131\u00e7lara a\u00e7\u0131k olman\u0131z gerekli. J\u00fcpiter&#8217;den dolay\u0131 para ak\u0131\u015f\u0131n\u0131z d\u00fczelmeye ba\u015fl\u0131yor ve de\u011ferlerle ilgili alanlar\u0131n\u0131z\u0131 sorgulayaca\u011f\u0131n\u0131z bir hafta olacak. Ay\u0131n 10&#8217;unda ba\u015flay\u0131p 12&#8217;sine kadar s\u00fcren yak\u0131n \u00e7evre ile ilgili duygu al\u0131\u015fveri\u015finiz olacak. Bu hafta \u00f6zet olarak duygular\u0131n\u0131z de\u011ferleriniz ve para konular\u0131 aktif [&hellip;]\" \/>\n<meta property=\"og:url\" content=\"https:\/\/epochtimestr.com\/index.php\/koc-burcu-6-ile-12-mayis-haftasi\" \/>\n<meta property=\"og:site_name\" content=\"The Epoch Times TR\" \/>\n<meta property=\"article:publisher\" content=\"https:\/\/www.facebook.com\/theepochtimestr\" \/>\n<meta property=\"article:published_time\" content=\"2024-05-09T13:03:29+00:00\" \/>\n<meta property=\"article:modified_time\" content=\"2024-05-09T13:49:25+00:00\" \/>\n<meta property=\"og:image\" content=\"https:\/\/epochtimestr.com\/wp-content\/uploads\/2011y\/koc-tn.png\" \/>\n\t<meta property=\"og:image:width\" content=\"600\" \/>\n\t<meta property=\"og:image:height\" content=\"600\" \/>\n\t<meta property=\"og:image:type\" content=\"image\/png\" \/>\n<meta name=\"author\" content=\"Serap Ko\u00e7man\" \/>\n<meta name=\"twitter:card\" content=\"summary_large_image\" \/>\n<meta name=\"twitter:creator\" content=\"@TheEpochTimesTR\" \/>\n<meta name=\"twitter:site\" content=\"@TheEpochTimesTR\" \/>\n<meta name=\"twitter:label1\" content=\"Yazan:\" \/>\n\t<meta name=\"twitter:data1\" content=\"Serap Ko\u00e7man\" \/>\n\t<meta name=\"twitter:label2\" content=\"Tahmini okuma s\u00fcresi\" \/>\n\t<meta name=\"twitter:data2\" content=\"1 dakika\" \/>\n<script type=\"application\/ld+json\" class=\"yoast-schema-graph\">{\"@context\":\"https:\/\/schema.org\",\"@graph\":[{\"@type\":\"Article\",\"@id\":\"https:\/\/epochtimestr.com\/index.php\/koc-burcu-6-ile-12-mayis-haftasi#article\",\"isPartOf\":{\"@id\":\"https:\/\/epochtimestr.com\/index.php\/koc-burcu-6-ile-12-mayis-haftasi\"},\"author\":{\"name\":\"Serap Ko\u00e7man\",\"@id\":\"https:\/\/epochtimestr.com\/#\/schema\/person\/de8eea869a66ece5927819e9e843fbd6\"},\"headline\":\"Ko\u00e7 Burcu &#8211; 6 ile 12 May\u0131s haftas\u0131\",\"datePublished\":\"2024-05-09T13:03:29+00:00\",\"dateModified\":\"2024-05-09T13:49:25+00:00\",\"mainEntityOfPage\":{\"@id\":\"https:\/\/epochtimestr.com\/index.php\/koc-burcu-6-ile-12-mayis-haftasi\"},\"wordCount\":101,\"publisher\":{\"@id\":\"https:\/\/epochtimestr.com\/#organization\"},\"image\":{\"@id\":\"https:\/\/epochtimestr.com\/index.php\/koc-burcu-6-ile-12-mayis-haftasi#primaryimage\"},\"thumbnailUrl\":\"https:\/\/epochtimestr.com\/wp-content\/uploads\/2011y\/koc-tn.png\",\"articleSection\":[\"Astroloji\"],\"inLanguage\":\"tr\"},{\"@type\":\"WebPage\",\"@id\":\"https:\/\/epochtimestr.com\/index.php\/koc-burcu-6-ile-12-mayis-haftasi\",\"url\":\"https:\/\/epochtimestr.com\/index.php\/koc-burcu-6-ile-12-mayis-haftasi\",\"name\":\"Ko\u00e7 Burcu - 6 ile 12 May\u0131s haftas\u0131 - The Epoch Times TR\",\"isPartOf\":{\"@id\":\"https:\/\/epochtimestr.com\/#website\"},\"primaryImageOfPage\":{\"@id\":\"https:\/\/epochtimestr.com\/index.php\/koc-burcu-6-ile-12-mayis-haftasi#primaryimage\"},\"image\":{\"@id\":\"https:\/\/epochtimestr.com\/index.php\/koc-burcu-6-ile-12-mayis-haftasi#primaryimage\"},\"thumbnailUrl\":\"https:\/\/epochtimestr.com\/wp-content\/uploads\/2011y\/koc-tn.png\",\"datePublished\":\"2024-05-09T13:03:29+00:00\",\"dateModified\":\"2024-05-09T13:49:25+00:00\",\"inLanguage\":\"tr\",\"potentialAction\":[{\"@type\":\"ReadAction\",\"target\":[\"https:\/\/epochtimestr.com\/index.php\/koc-burcu-6-ile-12-mayis-haftasi\"]}]},{\"@type\":\"ImageObject\",\"inLanguage\":\"tr\",\"@id\":\"https:\/\/epochtimestr.com\/index.php\/koc-burcu-6-ile-12-mayis-haftasi#primaryimage\",\"url\":\"https:\/\/epochtimestr.com\/wp-content\/uploads\/2011y\/koc-tn.png\",\"contentUrl\":\"https:\/\/epochtimestr.com\/wp-content\/uploads\/2011y\/koc-tn.png\",\"width\":600,\"height\":600},{\"@type\":\"WebSite\",\"@id\":\"https:\/\/epochtimestr.com\/#website\",\"url\":\"https:\/\/epochtimestr.com\/\",\"name\":\"The Epoch Times TR\",\"description\":\"De\u011fi\u015fen D\u00fcnyam\u0131za Taze Bir Bak\u0131\u015f\",\"publisher\":{\"@id\":\"https:\/\/epochtimestr.com\/#organization\"},\"potentialAction\":[{\"@type\":\"SearchAction\",\"target\":{\"@type\":\"EntryPoint\",\"urlTemplate\":\"https:\/\/epochtimestr.com\/?s={search_term_string}\"},\"query-input\":\"required name=search_term_string\"}],\"inLanguage\":\"tr\"},{\"@type\":\"Organization\",\"@id\":\"https:\/\/epochtimestr.com\/#organization\",\"name\":\"The EpochTimes T\u00fcrkiye\",\"url\":\"https:\/\/epochtimestr.com\/\",\"logo\":{\"@type\":\"ImageObject\",\"inLanguage\":\"tr\",\"@id\":\"https:\/\/epochtimestr.com\/#\/schema\/logo\/image\/\",\"url\":\"https:\/\/epochtimestr.com\/wp-content\/uploads\/2011y\/ET-Logo-YG.jpg\",\"contentUrl\":\"https:\/\/epochtimestr.com\/wp-content\/uploads\/2011y\/ET-Logo-YG.jpg\",\"width\":346,\"height\":29,\"caption\":\"The EpochTimes T\u00fcrkiye\"},\"image\":{\"@id\":\"https:\/\/epochtimestr.com\/#\/schema\/logo\/image\/\"},\"sameAs\":[\"https:\/\/www.facebook.com\/theepochtimestr\",\"https:\/\/x.com\/TheEpochTimesTR\",\"https:\/\/www.instagram.com\/epochtimestr\"]},{\"@type\":\"Person\",\"@id\":\"https:\/\/epochtimestr.com\/#\/schema\/person\/de8eea869a66ece5927819e9e843fbd6\",\"name\":\"Serap Ko\u00e7man\",\"image\":{\"@type\":\"ImageObject\",\"inLanguage\":\"tr\",\"@id\":\"https:\/\/epochtimestr.com\/#\/schema\/person\/image\/\",\"url\":\"https:\/\/secure.gravatar.com\/avatar\/253138dcc40067120b4f254c4770c6ab?s=96&d=mm&r=g\",\"contentUrl\":\"https:\/\/secure.gravatar.com\/avatar\/253138dcc40067120b4f254c4770c6ab?s=96&d=mm&r=g\",\"caption\":\"Serap Ko\u00e7man\"},\"url\":\"https:\/\/epochtimestr.com\/index.php\/author\/serap\"}]}<\/script>\n<!-- \/ Yoast SEO plugin. -->","yoast_head_json":{"title":"Ko\u00e7 Burcu - 6 ile 12 May\u0131s haftas\u0131 - The Epoch Times TR","robots":{"index":"index","follow":"follow","max-snippet":"max-snippet:-1","max-image-preview":"max-image-preview:large","max-video-preview":"max-video-preview:-1"},"canonical":"https:\/\/epochtimestr.com\/index.php\/koc-burcu-6-ile-12-mayis-haftasi","og_locale":"tr_TR","og_type":"article","og_title":"Ko\u00e7 Burcu - 6 ile 12 May\u0131s haftas\u0131 - The Epoch Times TR","og_description":"Sevgili ko\u00e7lar ve y\u00fckselen burcu ko\u00e7 olanlar! Yeni ay sizin burcunuzda ger\u00e7ekle\u015fiyor ve yeni ba\u015flang\u0131\u00e7lara a\u00e7\u0131k olman\u0131z gerekli. J\u00fcpiter&#8217;den dolay\u0131 para ak\u0131\u015f\u0131n\u0131z d\u00fczelmeye ba\u015fl\u0131yor ve de\u011ferlerle ilgili alanlar\u0131n\u0131z\u0131 sorgulayaca\u011f\u0131n\u0131z bir hafta olacak. Ay\u0131n 10&#8217;unda ba\u015flay\u0131p 12&#8217;sine kadar s\u00fcren yak\u0131n \u00e7evre ile ilgili duygu al\u0131\u015fveri\u015finiz olacak. Bu hafta \u00f6zet olarak duygular\u0131n\u0131z de\u011ferleriniz ve para konular\u0131 aktif [&hellip;]","og_url":"https:\/\/epochtimestr.com\/index.php\/koc-burcu-6-ile-12-mayis-haftasi","og_site_name":"The Epoch Times TR","article_publisher":"https:\/\/www.facebook.com\/theepochtimestr","article_published_time":"2024-05-09T13:03:29+00:00","article_modified_time":"2024-05-09T13:49:25+00:00","og_image":[{"width":600,"height":600,"url":"https:\/\/epochtimestr.com\/wp-content\/uploads\/2011y\/koc-tn.png","type":"image\/png"}],"author":"Serap Ko\u00e7man","twitter_card":"summary_large_image","twitter_creator":"@TheEpochTimesTR","twitter_site":"@TheEpochTimesTR","twitter_misc":{"Yazan:":"Serap Ko\u00e7man","Tahmini okuma s\u00fcresi":"1 dakika"},"schema":{"@context":"https:\/\/schema.org","@graph":[{"@type":"Article","@id":"https:\/\/epochtimestr.com\/index.php\/koc-burcu-6-ile-12-mayis-haftasi#article","isPartOf":{"@id":"https:\/\/epochtimestr.com\/index.php\/koc-burcu-6-ile-12-mayis-haftasi"},"author":{"name":"Serap Ko\u00e7man","@id":"https:\/\/epochtimestr.com\/#\/schema\/person\/de8eea869a66ece5927819e9e843fbd6"},"headline":"Ko\u00e7 Burcu &#8211; 6 ile 12 May\u0131s haftas\u0131","datePublished":"2024-05-09T13:03:29+00:00","dateModified":"2024-05-09T13:49:25+00:00","mainEntityOfPage":{"@id":"https:\/\/epochtimestr.com\/index.php\/koc-burcu-6-ile-12-mayis-haftasi"},"wordCount":101,"publisher":{"@id":"https:\/\/epochtimestr.com\/#organization"},"image":{"@id":"https:\/\/epochtimestr.com\/index.php\/koc-burcu-6-ile-12-mayis-haftasi#primaryimage"},"thumbnailUrl":"https:\/\/epochtimestr.com\/wp-content\/uploads\/2011y\/koc-tn.png","articleSection":["Astroloji"],"inLanguage":"tr"},{"@type":"WebPage","@id":"https:\/\/epochtimestr.com\/index.php\/koc-burcu-6-ile-12-mayis-haftasi","url":"https:\/\/epochtimestr.com\/index.php\/koc-burcu-6-ile-12-mayis-haftasi","name":"Ko\u00e7 Burcu - 6 ile 12 May\u0131s haftas\u0131 - The Epoch Times TR","isPartOf":{"@id":"https:\/\/epochtimestr.com\/#website"},"primaryImageOfPage":{"@id":"https:\/\/epochtimestr.com\/index.php\/koc-burcu-6-ile-12-mayis-haftasi#primaryimage"},"image":{"@id":"https:\/\/epochtimestr.com\/index.php\/koc-burcu-6-ile-12-mayis-haftasi#primaryimage"},"thumbnailUrl":"https:\/\/epochtimestr.com\/wp-content\/uploads\/2011y\/koc-tn.png","datePublished":"2024-05-09T13:03:29+00:00","dateModified":"2024-05-09T13:49:25+00:00","inLanguage":"tr","potentialAction":[{"@type":"ReadAction","target":["https:\/\/epochtimestr.com\/index.php\/koc-burcu-6-ile-12-mayis-haftasi"]}]},{"@type":"ImageObject","inLanguage":"tr","@id":"https:\/\/epochtimestr.com\/index.php\/koc-burcu-6-ile-12-mayis-haftasi#primaryimage","url":"https:\/\/epochtimestr.com\/wp-content\/uploads\/2011y\/koc-tn.png","contentUrl":"https:\/\/epochtimestr.com\/wp-content\/uploads\/2011y\/koc-tn.png","width":600,"height":600},{"@type":"WebSite","@id":"https:\/\/epochtimestr.com\/#website","url":"https:\/\/epochtimestr.com\/","name":"The Epoch Times TR","description":"De\u011fi\u015fen D\u00fcnyam\u0131za Taze Bir Bak\u0131\u015f","publisher":{"@id":"https:\/\/epochtimestr.com\/#organization"},"potentialAction":[{"@type":"SearchAction","target":{"@type":"EntryPoint","urlTemplate":"https:\/\/epochtimestr.com\/?s={search_term_string}"},"query-input":"required name=search_term_string"}],"inLanguage":"tr"},{"@type":"Organization","@id":"https:\/\/epochtimestr.com\/#organization","name":"The EpochTimes T\u00fcrkiye","url":"https:\/\/epochtimestr.com\/","logo":{"@type":"ImageObject","inLanguage":"tr","@id":"https:\/\/epochtimestr.com\/#\/schema\/logo\/image\/","url":"https:\/\/epochtimestr.com\/wp-content\/uploads\/2011y\/ET-Logo-YG.jpg","contentUrl":"https:\/\/epochtimestr.com\/wp-content\/uploads\/2011y\/ET-Logo-YG.jpg","width":346,"height":29,"caption":"The EpochTimes T\u00fcrkiye"},"image":{"@id":"https:\/\/epochtimestr.com\/#\/schema\/logo\/image\/"},"sameAs":["https:\/\/www.facebook.com\/theepochtimestr","https:\/\/x.com\/TheEpochTimesTR","https:\/\/www.instagram.com\/epochtimestr"]},{"@type":"Person","@id":"https:\/\/epochtimestr.com\/#\/schema\/person\/de8eea869a66ece5927819e9e843fbd6","name":"Serap Ko\u00e7man","image":{"@type":"ImageObject","inLanguage":"tr","@id":"https:\/\/epochtimestr.com\/#\/schema\/person\/image\/","url":"https:\/\/secure.gravatar.com\/avatar\/253138dcc40067120b4f254c4770c6ab?s=96&d=mm&r=g","contentUrl":"https:\/\/secure.gravatar.com\/avatar\/253138dcc40067120b4f254c4770c6ab?s=96&d=mm&r=g","caption":"Serap Ko\u00e7man"},"url":"https:\/\/epochtimestr.com\/index.php\/author\/serap"}]}},"_links":{"self":[{"href":"https:\/\/epochtimestr.com\/index.php\/wp-json\/wp\/v2\/posts\/151588"}],"collection":[{"href":"https:\/\/epochtimestr.com\/index.php\/wp-json\/wp\/v2\/posts"}],"about":[{"href":"https:\/\/epochtimestr.com\/index.php\/wp-json\/wp\/v2\/types\/post"}],"author":[{"embeddable":true,"href":"https:\/\/epochtimestr.com\/index.php\/wp-json\/wp\/v2\/users\/13989"}],"replies":[{"embeddable":true,"href":"https:\/\/epochtimestr.com\/index.php\/wp-json\/wp\/v2\/comments?post=151588"}],"version-history":[{"count":2,"href":"https:\/\/epochtimestr.com\/index.php\/wp-json\/wp\/v2\/posts\/151588\/revisions"}],"predecessor-version":[{"id":151620,"href":"https:\/\/epochtimestr.com\/index.php\/wp-json\/wp\/v2\/posts\/151588\/revisions\/151620"}],"wp:featuredmedia":[{"embeddable":true,"href":"https:\/\/epochtimestr.com\/index.php\/wp-json\/wp\/v2\/media\/151502"}],"wp:attachment":[{"href":"https:\/\/epochtimestr.com\/index.php\/wp-json\/wp\/v2\/media?parent=151588"}],"wp:term":[{"taxonomy":"category","embeddable":true,"href":"https:\/\/epochtimestr.com\/index.php\/wp-json\/wp\/v2\/categories?post=151588"},{"taxonomy":"post_tag","embeddable":true,"href":"https:\/\/epochtimestr.com\/index.php\/wp-json\/wp\/v2\/tags?post=151588"}],"curies":[{"name":"wp","href":"https:\/\/api.w.org\/{rel}","templated":true}]}}