{"id":152295,"date":"2024-06-11T12:43:38","date_gmt":"2024-06-11T09:43:38","guid":{"rendered":"https:\/\/epochtimestr.com\/?p=152295"},"modified":"2024-06-11T13:47:07","modified_gmt":"2024-06-11T10:47:07","slug":"derya-grup-yk-baskani-kis-is-dunyasini-cevre-ve-sokak-hayvanlari-icin-eyleme-cagirdi","status":"publish","type":"post","link":"https:\/\/epochtimestr.com\/index.php\/derya-grup-yk-baskani-kis-is-dunyasini-cevre-ve-sokak-hayvanlari-icin-eyleme-cagirdi","title":{"rendered":"T\u00dcRKONFED YK \u00dcyesi K\u0131\u015f \u0130\u015f D\u00fcnyas\u0131n\u0131 \u00c7evre ve Sokak Hayvanlar\u0131 i\u00e7in Harekete Ge\u00e7meye \u00c7a\u011f\u0131rd\u0131"},"content":{"rendered":"\n<figure class=\"wp-block-image size-full\"><img loading=\"lazy\" decoding=\"async\" width=\"1434\" height=\"1139\" src=\"https:\/\/epochtimestr.com\/wp-content\/uploads\/2011y\/IMG_20240611_121632.jpg\" alt=\"\" class=\"wp-image-152296\" srcset=\"https:\/\/epochtimestr.com\/wp-content\/uploads\/2011y\/IMG_20240611_121632.jpg 1434w, https:\/\/epochtimestr.com\/wp-content\/uploads\/2011y\/IMG_20240611_121632-300x238.jpg 300w, https:\/\/epochtimestr.com\/wp-content\/uploads\/2011y\/IMG_20240611_121632-150x119.jpg 150w, https:\/\/epochtimestr.com\/wp-content\/uploads\/2011y\/IMG_20240611_121632-768x610.jpg 768w\" sizes=\"(max-width: 1434px) 100vw, 1434px\" \/><\/figure>\n\n\n\n<p><strong>T\u00dcRKONFED Y\u00f6netim Kurulu \u00dcyesi ve Derya Grup Y\u00f6netim Kurulu Ba\u015fkan\u0131 H\u00fcseyin K\u0131\u015f, D\u00fcnya \u00c7evre Derya Grup YK Ba\u015fkan\u0131 K\u0131\u015f \u0130\u015f D\u00fcnyas\u0131n\u0131 \u00c7evre ve Sokak Hayvanlar\u0131 i\u00e7in Eyleme \u00c7a\u011f\u0131rd\u0131 kapsam\u0131nda yay\u0131nlad\u0131\u011f\u0131 bas\u0131n a\u00e7\u0131klamas\u0131nda i\u015f d\u00fcnyas\u0131na \u00f6nemli bir \u00e7a\u011fr\u0131 yapt\u0131. K\u0131\u015f, \u201cArt\u0131k i\u015f d\u00fcnyas\u0131 \u00e7evre i\u00e7in yaln\u0131zca fark\u0131ndal\u0131k yaratmay\u0131 b\u0131rak\u0131p ciddi anlamda eyleme ge\u00e7melidir.\u201d dedi.<\/strong><\/p>\n\n\n\n<p>Derya Grup Y\u00f6netim Kurulu Ba\u015fkan\u0131 ve T\u00dcRKONFED Y\u00f6netim Kurulu \u00dcyesi H\u00fcseyin K\u0131\u015f D\u00fcnya \u00c7evre Haftas\u0131 kapsam\u0131nda bir bas\u0131n a\u00e7\u0131klamas\u0131 yay\u0131nlad\u0131. K\u0131\u015f, yay\u0131nlad\u0131\u011f\u0131 bas\u0131n a\u00e7\u0131klamas\u0131nda insan\u0131n \u00e7evresiyle ayr\u0131lmaz bir b\u00fct\u00fcn oldu\u011funu, kendi varolu\u015funu \u00e7evresi ile kurdu\u011fu ili\u015fki yoluyla anlamland\u0131rabildi\u011fini, bu y\u00fczden insan\u0131n \u00e7evreye kar\u015f\u0131 yapt\u0131\u011f\u0131 her duyars\u0131z ve yok edici hareketin kendisini yok etmesiyle ve anlam\u0131n\u0131 yitirmesi ile ayn\u0131 anlama geldi\u011fini ifade etti.<\/p>\n\n\n\n<p>D\u00fcnyan\u0131n geldi\u011fi noktaya, insan\u0131n \u00e7evresi ile i\u00e7erisinde bulundu\u011fu bu ili\u015fkiyi g\u00f6z ard\u0131 etmesi y\u00fcz\u00fcnden geldi\u011fini s\u00f6yleyen K\u0131\u015f, \u00e7evrenin bu y\u00fczden ciddi bir yok olma tehlikesiyle kar\u015f\u0131 kar\u015f\u0131ya oldu\u011funu belirtti. K\u0131\u015f, gelinen noktay\u0131 \u015fu s\u00f6zlerle anlatt\u0131; \u201cG\u00fcn\u00fcm\u00fczde yap\u0131lan pek \u00e7ok bilimsel test, b\u0131rak\u0131n hayvanlar\u0131, bitki ve a\u011fa\u00e7lar\u0131n duygular\u0131 oldu\u011funu, d\u00fc\u015f\u00fcnebildiklerini ve hissedebildiklerini g\u00f6steriyor. \u0130\u00e7inde bulundu\u011fumuz d\u00fcnya tamamen ya\u015fayan bir organizma. E\u011fer ona gerekli sayg\u0131 ve duyarl\u0131l\u0131\u011f\u0131 g\u00f6stermez ve gerekti\u011fi \u015fekilde davranmazsak hep birlikte sonu\u00e7lar\u0131na katlanmak zorunda kalaca\u011f\u0131z. \u201d<\/p>\n\n\n\n<p>K\u0131\u015f a\u00e7\u0131klamas\u0131n\u0131n devam\u0131nda, gelinen noktada sadece \u00e7evreye kar\u015f\u0131 duyarl\u0131l\u0131\u011f\u0131n ve fark\u0131ndal\u0131\u011f\u0131n artt\u0131r\u0131lmas\u0131n\u0131n yeterli olmad\u0131\u011f\u0131n\u0131, ciddi anlamda \u00e7evreyi ve canl\u0131lar\u0131 koruyan eyleme de ihtiyac\u0131n oldu\u011funu vurgulad\u0131. Derya Grup olarak biri Cumhuriyet\u2019in 100. y\u0131l\u0131na ithafen olmak \u00fczere iki ayr\u0131 orman diktiklerini ve Derya Plaza soka\u011f\u0131nda sokak hayvanlar\u0131n\u0131 da beslediklerini s\u00f6yledi. K\u0131\u015f, \u201cArt\u0131k i\u015f d\u00fcnyas\u0131 da bir araya gelerek \u00e7evre i\u00e7in yaln\u0131zca fark\u0131ndal\u0131k yaratmay\u0131 b\u0131rak\u0131p ciddi anlamda eyleme ge\u00e7melidir.\u201d dedi.<\/p>\n\n\n\n<p><strong>\u201cSokak hayvanlar\u0131n\u0131n uyutulmas\u0131 \u00e7are de\u011fil<\/strong>.\u201d<\/p>\n\n\n\n<p>Son zamanlarda g\u00fcndeme gelen sokak hayvanlar\u0131n\u0131n uyutulmas\u0131 konusunun da ayn\u0131 konu oldu\u011funu belirten K\u0131\u015f, sokak hayvanlar\u0131n\u0131n uyutulmas\u0131n\u0131n \u00e7are olmad\u0131\u011f\u0131n\u0131 ve toplumun vicdan\u0131nda derin yaralar a\u00e7aca\u011f\u0131n\u0131 s\u00f6yledi. \u0130nsanlara kar\u015f\u0131 tehdit olmad\u0131klar\u0131 s\u00fcrece her canl\u0131n\u0131n ya\u015fam hakk\u0131na sayg\u0131 g\u00f6sterilmesi gerekti\u011finin alt\u0131n\u0131 \u00e7izen K\u0131\u015f, \u201cBu konuda her t\u00fcrl\u00fc i\u015f birli\u011fine de a\u00e7\u0131\u011f\u0131z. Gelece\u011fin in\u015fas\u0131 ve ya\u015fanabilir bir \u00e7evrenin yarat\u0131lmas\u0131 konusunda i\u015f d\u00fcnyas\u0131 art\u0131k daha aktif bir rol oynamal\u0131 ve gelece\u011fe y\u00f6n vermelidir. Bu konuda g\u00fc\u00e7 birli\u011fi yaparak \u00e7evreyi geni\u015f \u00e7apta iyile\u015ftirecek projeler yap\u0131lmal\u0131 veya bu t\u00fcr projeler desteklenmelidir.\u201d dedi.<\/p>\n","protected":false},"excerpt":{"rendered":"<p>T\u00dcRKONFED Y\u00f6netim Kurulu \u00dcyesi ve Derya Grup Y\u00f6netim Kurulu Ba\u015fkan\u0131 H\u00fcseyin K\u0131\u015f, D\u00fcnya \u00c7evre Derya Grup YK Ba\u015fkan\u0131 K\u0131\u015f \u0130\u015f D\u00fcnyas\u0131n\u0131 \u00c7evre ve Sokak Hayvanlar\u0131 i\u00e7in Eyleme \u00c7a\u011f\u0131rd\u0131 kapsam\u0131nda yay\u0131nlad\u0131\u011f\u0131 bas\u0131n a\u00e7\u0131klamas\u0131nda i\u015f d\u00fcnyas\u0131na \u00f6nemli bir \u00e7a\u011fr\u0131 yapt\u0131. K\u0131\u015f, \u201cArt\u0131k i\u015f d\u00fcnyas\u0131 \u00e7evre i\u00e7in yaln\u0131zca fark\u0131ndal\u0131k yaratmay\u0131 b\u0131rak\u0131p ciddi anlamda eyleme ge\u00e7melidir.\u201d dedi. Derya Grup [&hellip;]<\/p>\n","protected":false},"author":12791,"featured_media":152296,"comment_status":"closed","ping_status":"open","sticky":false,"template":"","format":"standard","meta":{"_yoast_wpseo_focuskw":"","_yoast_wpseo_title":"","_yoast_wpseo_metadesc":"","_bbp_topic_count":0,"_bbp_reply_count":0,"_bbp_total_topic_count":0,"_bbp_total_reply_count":0,"_bbp_voice_count":0,"_bbp_anonymous_reply_count":0,"_bbp_topic_count_hidden":0,"_bbp_reply_count_hidden":0,"_bbp_forum_subforum_count":0,"footnotes":"","_yoast_wpseo_focuskw_text_input":""},"categories":[1,8138,60,37],"tags":[],"yoast_head":"<!-- This site is optimized with the Yoast SEO plugin v23.0 - https:\/\/yoast.com\/wordpress\/plugins\/seo\/ -->\n<title>T\u00dcRKONFED YK \u00dcyesi K\u0131\u015f \u0130\u015f D\u00fcnyas\u0131n\u0131 \u00c7evre ve Sokak Hayvanlar\u0131 i\u00e7in Harekete Ge\u00e7meye \u00c7a\u011f\u0131rd\u0131 - The Epoch Times TR<\/title>\n<meta name=\"robots\" content=\"index, follow, max-snippet:-1, max-image-preview:large, max-video-preview:-1\" \/>\n<link rel=\"canonical\" href=\"https:\/\/epochtimestr.com\/index.php\/derya-grup-yk-baskani-kis-is-dunyasini-cevre-ve-sokak-hayvanlari-icin-eyleme-cagirdi\" \/>\n<meta property=\"og:locale\" content=\"tr_TR\" \/>\n<meta property=\"og:type\" content=\"article\" \/>\n<meta property=\"og:title\" content=\"T\u00dcRKONFED YK \u00dcyesi K\u0131\u015f \u0130\u015f D\u00fcnyas\u0131n\u0131 \u00c7evre ve Sokak Hayvanlar\u0131 i\u00e7in Harekete Ge\u00e7meye \u00c7a\u011f\u0131rd\u0131 - The Epoch Times TR\" \/>\n<meta property=\"og:description\" content=\"T\u00dcRKONFED Y\u00f6netim Kurulu \u00dcyesi ve Derya Grup Y\u00f6netim Kurulu Ba\u015fkan\u0131 H\u00fcseyin K\u0131\u015f, D\u00fcnya \u00c7evre Derya Grup YK Ba\u015fkan\u0131 K\u0131\u015f \u0130\u015f D\u00fcnyas\u0131n\u0131 \u00c7evre ve Sokak Hayvanlar\u0131 i\u00e7in Eyleme \u00c7a\u011f\u0131rd\u0131 kapsam\u0131nda yay\u0131nlad\u0131\u011f\u0131 bas\u0131n a\u00e7\u0131klamas\u0131nda i\u015f d\u00fcnyas\u0131na \u00f6nemli bir \u00e7a\u011fr\u0131 yapt\u0131. K\u0131\u015f, \u201cArt\u0131k i\u015f d\u00fcnyas\u0131 \u00e7evre i\u00e7in yaln\u0131zca fark\u0131ndal\u0131k yaratmay\u0131 b\u0131rak\u0131p ciddi anlamda eyleme ge\u00e7melidir.\u201d dedi. Derya Grup [&hellip;]\" \/>\n<meta property=\"og:url\" content=\"https:\/\/epochtimestr.com\/index.php\/derya-grup-yk-baskani-kis-is-dunyasini-cevre-ve-sokak-hayvanlari-icin-eyleme-cagirdi\" \/>\n<meta property=\"og:site_name\" content=\"The Epoch Times TR\" \/>\n<meta property=\"article:publisher\" content=\"https:\/\/www.facebook.com\/theepochtimestr\" \/>\n<meta property=\"article:published_time\" content=\"2024-06-11T09:43:38+00:00\" \/>\n<meta property=\"article:modified_time\" content=\"2024-06-11T10:47:07+00:00\" \/>\n<meta property=\"og:image\" content=\"https:\/\/epochtimestr.com\/wp-content\/uploads\/2011y\/IMG_20240611_121632.jpg\" \/>\n\t<meta property=\"og:image:width\" content=\"1434\" \/>\n\t<meta property=\"og:image:height\" content=\"1139\" \/>\n\t<meta property=\"og:image:type\" content=\"image\/jpeg\" \/>\n<meta name=\"author\" content=\"Haber Merkezi\" \/>\n<meta name=\"twitter:card\" content=\"summary_large_image\" \/>\n<meta name=\"twitter:creator\" content=\"@TheEpochTimesTR\" \/>\n<meta name=\"twitter:site\" content=\"@TheEpochTimesTR\" \/>\n<meta name=\"twitter:label1\" content=\"Yazan:\" \/>\n\t<meta name=\"twitter:data1\" content=\"Haber Merkezi\" \/>\n\t<meta name=\"twitter:label2\" content=\"Tahmini okuma s\u00fcresi\" \/>\n\t<meta name=\"twitter:data2\" content=\"3 dakika\" \/>\n<script type=\"application\/ld+json\" class=\"yoast-schema-graph\">{\"@context\":\"https:\/\/schema.org\",\"@graph\":[{\"@type\":\"Article\",\"@id\":\"https:\/\/epochtimestr.com\/index.php\/derya-grup-yk-baskani-kis-is-dunyasini-cevre-ve-sokak-hayvanlari-icin-eyleme-cagirdi#article\",\"isPartOf\":{\"@id\":\"https:\/\/epochtimestr.com\/index.php\/derya-grup-yk-baskani-kis-is-dunyasini-cevre-ve-sokak-hayvanlari-icin-eyleme-cagirdi\"},\"author\":{\"name\":\"Haber Merkezi\",\"@id\":\"https:\/\/epochtimestr.com\/#\/schema\/person\/3dc5c3adeb9f43923c5aa85889172fdd\"},\"headline\":\"T\u00dcRKONFED YK \u00dcyesi K\u0131\u015f \u0130\u015f D\u00fcnyas\u0131n\u0131 \u00c7evre ve Sokak Hayvanlar\u0131 i\u00e7in Harekete Ge\u00e7meye \u00c7a\u011f\u0131rd\u0131\",\"datePublished\":\"2024-06-11T09:43:38+00:00\",\"dateModified\":\"2024-06-11T10:47:07+00:00\",\"mainEntityOfPage\":{\"@id\":\"https:\/\/epochtimestr.com\/index.php\/derya-grup-yk-baskani-kis-is-dunyasini-cevre-ve-sokak-hayvanlari-icin-eyleme-cagirdi\"},\"wordCount\":532,\"publisher\":{\"@id\":\"https:\/\/epochtimestr.com\/#organization\"},\"image\":{\"@id\":\"https:\/\/epochtimestr.com\/index.php\/derya-grup-yk-baskani-kis-is-dunyasini-cevre-ve-sokak-hayvanlari-icin-eyleme-cagirdi#primaryimage\"},\"thumbnailUrl\":\"https:\/\/epochtimestr.com\/wp-content\/uploads\/2011y\/IMG_20240611_121632.jpg\",\"articleSection\":[\"G\u00dcNDEM\",\"MAN\u015eET\",\"Taslak'da b\u0131rak\",\"T\u00dcRK\u0130YE\"],\"inLanguage\":\"tr\"},{\"@type\":\"WebPage\",\"@id\":\"https:\/\/epochtimestr.com\/index.php\/derya-grup-yk-baskani-kis-is-dunyasini-cevre-ve-sokak-hayvanlari-icin-eyleme-cagirdi\",\"url\":\"https:\/\/epochtimestr.com\/index.php\/derya-grup-yk-baskani-kis-is-dunyasini-cevre-ve-sokak-hayvanlari-icin-eyleme-cagirdi\",\"name\":\"T\u00dcRKONFED YK \u00dcyesi K\u0131\u015f \u0130\u015f D\u00fcnyas\u0131n\u0131 \u00c7evre ve Sokak Hayvanlar\u0131 i\u00e7in Harekete Ge\u00e7meye \u00c7a\u011f\u0131rd\u0131 - The Epoch Times TR\",\"isPartOf\":{\"@id\":\"https:\/\/epochtimestr.com\/#website\"},\"primaryImageOfPage\":{\"@id\":\"https:\/\/epochtimestr.com\/index.php\/derya-grup-yk-baskani-kis-is-dunyasini-cevre-ve-sokak-hayvanlari-icin-eyleme-cagirdi#primaryimage\"},\"image\":{\"@id\":\"https:\/\/epochtimestr.com\/index.php\/derya-grup-yk-baskani-kis-is-dunyasini-cevre-ve-sokak-hayvanlari-icin-eyleme-cagirdi#primaryimage\"},\"thumbnailUrl\":\"https:\/\/epochtimestr.com\/wp-content\/uploads\/2011y\/IMG_20240611_121632.jpg\",\"datePublished\":\"2024-06-11T09:43:38+00:00\",\"dateModified\":\"2024-06-11T10:47:07+00:00\",\"inLanguage\":\"tr\",\"potentialAction\":[{\"@type\":\"ReadAction\",\"target\":[\"https:\/\/epochtimestr.com\/index.php\/derya-grup-yk-baskani-kis-is-dunyasini-cevre-ve-sokak-hayvanlari-icin-eyleme-cagirdi\"]}]},{\"@type\":\"ImageObject\",\"inLanguage\":\"tr\",\"@id\":\"https:\/\/epochtimestr.com\/index.php\/derya-grup-yk-baskani-kis-is-dunyasini-cevre-ve-sokak-hayvanlari-icin-eyleme-cagirdi#primaryimage\",\"url\":\"https:\/\/epochtimestr.com\/wp-content\/uploads\/2011y\/IMG_20240611_121632.jpg\",\"contentUrl\":\"https:\/\/epochtimestr.com\/wp-content\/uploads\/2011y\/IMG_20240611_121632.jpg\",\"width\":1434,\"height\":1139,\"caption\":\"Oplus_0\"},{\"@type\":\"WebSite\",\"@id\":\"https:\/\/epochtimestr.com\/#website\",\"url\":\"https:\/\/epochtimestr.com\/\",\"name\":\"The Epoch Times TR\",\"description\":\"De\u011fi\u015fen D\u00fcnyam\u0131za Taze Bir Bak\u0131\u015f\",\"publisher\":{\"@id\":\"https:\/\/epochtimestr.com\/#organization\"},\"potentialAction\":[{\"@type\":\"SearchAction\",\"target\":{\"@type\":\"EntryPoint\",\"urlTemplate\":\"https:\/\/epochtimestr.com\/?s={search_term_string}\"},\"query-input\":\"required name=search_term_string\"}],\"inLanguage\":\"tr\"},{\"@type\":\"Organization\",\"@id\":\"https:\/\/epochtimestr.com\/#organization\",\"name\":\"The EpochTimes T\u00fcrkiye\",\"url\":\"https:\/\/epochtimestr.com\/\",\"logo\":{\"@type\":\"ImageObject\",\"inLanguage\":\"tr\",\"@id\":\"https:\/\/epochtimestr.com\/#\/schema\/logo\/image\/\",\"url\":\"https:\/\/epochtimestr.com\/wp-content\/uploads\/2011y\/ET-Logo-YG.jpg\",\"contentUrl\":\"https:\/\/epochtimestr.com\/wp-content\/uploads\/2011y\/ET-Logo-YG.jpg\",\"width\":346,\"height\":29,\"caption\":\"The EpochTimes T\u00fcrkiye\"},\"image\":{\"@id\":\"https:\/\/epochtimestr.com\/#\/schema\/logo\/image\/\"},\"sameAs\":[\"https:\/\/www.facebook.com\/theepochtimestr\",\"https:\/\/x.com\/TheEpochTimesTR\",\"https:\/\/www.instagram.com\/epochtimestr\"]},{\"@type\":\"Person\",\"@id\":\"https:\/\/epochtimestr.com\/#\/schema\/person\/3dc5c3adeb9f43923c5aa85889172fdd\",\"name\":\"Haber Merkezi\",\"image\":{\"@type\":\"ImageObject\",\"inLanguage\":\"tr\",\"@id\":\"https:\/\/epochtimestr.com\/#\/schema\/person\/image\/\",\"url\":\"https:\/\/secure.gravatar.com\/avatar\/d73f772ba5a74f28601361e17c2f93e6?s=96&d=mm&r=g\",\"contentUrl\":\"https:\/\/secure.gravatar.com\/avatar\/d73f772ba5a74f28601361e17c2f93e6?s=96&d=mm&r=g\",\"caption\":\"Haber Merkezi\"},\"url\":\"https:\/\/epochtimestr.com\/index.php\/author\/sendag\"}]}<\/script>\n<!-- \/ Yoast SEO plugin. -->","yoast_head_json":{"title":"T\u00dcRKONFED YK \u00dcyesi K\u0131\u015f \u0130\u015f D\u00fcnyas\u0131n\u0131 \u00c7evre ve Sokak Hayvanlar\u0131 i\u00e7in Harekete Ge\u00e7meye \u00c7a\u011f\u0131rd\u0131 - The Epoch Times TR","robots":{"index":"index","follow":"follow","max-snippet":"max-snippet:-1","max-image-preview":"max-image-preview:large","max-video-preview":"max-video-preview:-1"},"canonical":"https:\/\/epochtimestr.com\/index.php\/derya-grup-yk-baskani-kis-is-dunyasini-cevre-ve-sokak-hayvanlari-icin-eyleme-cagirdi","og_locale":"tr_TR","og_type":"article","og_title":"T\u00dcRKONFED YK \u00dcyesi K\u0131\u015f \u0130\u015f D\u00fcnyas\u0131n\u0131 \u00c7evre ve Sokak Hayvanlar\u0131 i\u00e7in Harekete Ge\u00e7meye \u00c7a\u011f\u0131rd\u0131 - The Epoch Times TR","og_description":"T\u00dcRKONFED Y\u00f6netim Kurulu \u00dcyesi ve Derya Grup Y\u00f6netim Kurulu Ba\u015fkan\u0131 H\u00fcseyin K\u0131\u015f, D\u00fcnya \u00c7evre Derya Grup YK Ba\u015fkan\u0131 K\u0131\u015f \u0130\u015f D\u00fcnyas\u0131n\u0131 \u00c7evre ve Sokak Hayvanlar\u0131 i\u00e7in Eyleme \u00c7a\u011f\u0131rd\u0131 kapsam\u0131nda yay\u0131nlad\u0131\u011f\u0131 bas\u0131n a\u00e7\u0131klamas\u0131nda i\u015f d\u00fcnyas\u0131na \u00f6nemli bir \u00e7a\u011fr\u0131 yapt\u0131. K\u0131\u015f, \u201cArt\u0131k i\u015f d\u00fcnyas\u0131 \u00e7evre i\u00e7in yaln\u0131zca fark\u0131ndal\u0131k yaratmay\u0131 b\u0131rak\u0131p ciddi anlamda eyleme ge\u00e7melidir.\u201d dedi. Derya Grup [&hellip;]","og_url":"https:\/\/epochtimestr.com\/index.php\/derya-grup-yk-baskani-kis-is-dunyasini-cevre-ve-sokak-hayvanlari-icin-eyleme-cagirdi","og_site_name":"The Epoch Times TR","article_publisher":"https:\/\/www.facebook.com\/theepochtimestr","article_published_time":"2024-06-11T09:43:38+00:00","article_modified_time":"2024-06-11T10:47:07+00:00","og_image":[{"width":1434,"height":1139,"url":"https:\/\/epochtimestr.com\/wp-content\/uploads\/2011y\/IMG_20240611_121632.jpg","type":"image\/jpeg"}],"author":"Haber Merkezi","twitter_card":"summary_large_image","twitter_creator":"@TheEpochTimesTR","twitter_site":"@TheEpochTimesTR","twitter_misc":{"Yazan:":"Haber Merkezi","Tahmini okuma s\u00fcresi":"3 dakika"},"schema":{"@context":"https:\/\/schema.org","@graph":[{"@type":"Article","@id":"https:\/\/epochtimestr.com\/index.php\/derya-grup-yk-baskani-kis-is-dunyasini-cevre-ve-sokak-hayvanlari-icin-eyleme-cagirdi#article","isPartOf":{"@id":"https:\/\/epochtimestr.com\/index.php\/derya-grup-yk-baskani-kis-is-dunyasini-cevre-ve-sokak-hayvanlari-icin-eyleme-cagirdi"},"author":{"name":"Haber Merkezi","@id":"https:\/\/epochtimestr.com\/#\/schema\/person\/3dc5c3adeb9f43923c5aa85889172fdd"},"headline":"T\u00dcRKONFED YK \u00dcyesi K\u0131\u015f \u0130\u015f D\u00fcnyas\u0131n\u0131 \u00c7evre ve Sokak Hayvanlar\u0131 i\u00e7in Harekete Ge\u00e7meye \u00c7a\u011f\u0131rd\u0131","datePublished":"2024-06-11T09:43:38+00:00","dateModified":"2024-06-11T10:47:07+00:00","mainEntityOfPage":{"@id":"https:\/\/epochtimestr.com\/index.php\/derya-grup-yk-baskani-kis-is-dunyasini-cevre-ve-sokak-hayvanlari-icin-eyleme-cagirdi"},"wordCount":532,"publisher":{"@id":"https:\/\/epochtimestr.com\/#organization"},"image":{"@id":"https:\/\/epochtimestr.com\/index.php\/derya-grup-yk-baskani-kis-is-dunyasini-cevre-ve-sokak-hayvanlari-icin-eyleme-cagirdi#primaryimage"},"thumbnailUrl":"https:\/\/epochtimestr.com\/wp-content\/uploads\/2011y\/IMG_20240611_121632.jpg","articleSection":["G\u00dcNDEM","MAN\u015eET","Taslak'da b\u0131rak","T\u00dcRK\u0130YE"],"inLanguage":"tr"},{"@type":"WebPage","@id":"https:\/\/epochtimestr.com\/index.php\/derya-grup-yk-baskani-kis-is-dunyasini-cevre-ve-sokak-hayvanlari-icin-eyleme-cagirdi","url":"https:\/\/epochtimestr.com\/index.php\/derya-grup-yk-baskani-kis-is-dunyasini-cevre-ve-sokak-hayvanlari-icin-eyleme-cagirdi","name":"T\u00dcRKONFED YK \u00dcyesi K\u0131\u015f \u0130\u015f D\u00fcnyas\u0131n\u0131 \u00c7evre ve Sokak Hayvanlar\u0131 i\u00e7in Harekete Ge\u00e7meye \u00c7a\u011f\u0131rd\u0131 - The Epoch Times TR","isPartOf":{"@id":"https:\/\/epochtimestr.com\/#website"},"primaryImageOfPage":{"@id":"https:\/\/epochtimestr.com\/index.php\/derya-grup-yk-baskani-kis-is-dunyasini-cevre-ve-sokak-hayvanlari-icin-eyleme-cagirdi#primaryimage"},"image":{"@id":"https:\/\/epochtimestr.com\/index.php\/derya-grup-yk-baskani-kis-is-dunyasini-cevre-ve-sokak-hayvanlari-icin-eyleme-cagirdi#primaryimage"},"thumbnailUrl":"https:\/\/epochtimestr.com\/wp-content\/uploads\/2011y\/IMG_20240611_121632.jpg","datePublished":"2024-06-11T09:43:38+00:00","dateModified":"2024-06-11T10:47:07+00:00","inLanguage":"tr","potentialAction":[{"@type":"ReadAction","target":["https:\/\/epochtimestr.com\/index.php\/derya-grup-yk-baskani-kis-is-dunyasini-cevre-ve-sokak-hayvanlari-icin-eyleme-cagirdi"]}]},{"@type":"ImageObject","inLanguage":"tr","@id":"https:\/\/epochtimestr.com\/index.php\/derya-grup-yk-baskani-kis-is-dunyasini-cevre-ve-sokak-hayvanlari-icin-eyleme-cagirdi#primaryimage","url":"https:\/\/epochtimestr.com\/wp-content\/uploads\/2011y\/IMG_20240611_121632.jpg","contentUrl":"https:\/\/epochtimestr.com\/wp-content\/uploads\/2011y\/IMG_20240611_121632.jpg","width":1434,"height":1139,"caption":"Oplus_0"},{"@type":"WebSite","@id":"https:\/\/epochtimestr.com\/#website","url":"https:\/\/epochtimestr.com\/","name":"The Epoch Times TR","description":"De\u011fi\u015fen D\u00fcnyam\u0131za Taze Bir Bak\u0131\u015f","publisher":{"@id":"https:\/\/epochtimestr.com\/#organization"},"potentialAction":[{"@type":"SearchAction","target":{"@type":"EntryPoint","urlTemplate":"https:\/\/epochtimestr.com\/?s={search_term_string}"},"query-input":"required name=search_term_string"}],"inLanguage":"tr"},{"@type":"Organization","@id":"https:\/\/epochtimestr.com\/#organization","name":"The EpochTimes T\u00fcrkiye","url":"https:\/\/epochtimestr.com\/","logo":{"@type":"ImageObject","inLanguage":"tr","@id":"https:\/\/epochtimestr.com\/#\/schema\/logo\/image\/","url":"https:\/\/epochtimestr.com\/wp-content\/uploads\/2011y\/ET-Logo-YG.jpg","contentUrl":"https:\/\/epochtimestr.com\/wp-content\/uploads\/2011y\/ET-Logo-YG.jpg","width":346,"height":29,"caption":"The EpochTimes T\u00fcrkiye"},"image":{"@id":"https:\/\/epochtimestr.com\/#\/schema\/logo\/image\/"},"sameAs":["https:\/\/www.facebook.com\/theepochtimestr","https:\/\/x.com\/TheEpochTimesTR","https:\/\/www.instagram.com\/epochtimestr"]},{"@type":"Person","@id":"https:\/\/epochtimestr.com\/#\/schema\/person\/3dc5c3adeb9f43923c5aa85889172fdd","name":"Haber Merkezi","image":{"@type":"ImageObject","inLanguage":"tr","@id":"https:\/\/epochtimestr.com\/#\/schema\/person\/image\/","url":"https:\/\/secure.gravatar.com\/avatar\/d73f772ba5a74f28601361e17c2f93e6?s=96&d=mm&r=g","contentUrl":"https:\/\/secure.gravatar.com\/avatar\/d73f772ba5a74f28601361e17c2f93e6?s=96&d=mm&r=g","caption":"Haber Merkezi"},"url":"https:\/\/epochtimestr.com\/index.php\/author\/sendag"}]}},"_links":{"self":[{"href":"https:\/\/epochtimestr.com\/index.php\/wp-json\/wp\/v2\/posts\/152295"}],"collection":[{"href":"https:\/\/epochtimestr.com\/index.php\/wp-json\/wp\/v2\/posts"}],"about":[{"href":"https:\/\/epochtimestr.com\/index.php\/wp-json\/wp\/v2\/types\/post"}],"author":[{"embeddable":true,"href":"https:\/\/epochtimestr.com\/index.php\/wp-json\/wp\/v2\/users\/12791"}],"replies":[{"embeddable":true,"href":"https:\/\/epochtimestr.com\/index.php\/wp-json\/wp\/v2\/comments?post=152295"}],"version-history":[{"count":3,"href":"https:\/\/epochtimestr.com\/index.php\/wp-json\/wp\/v2\/posts\/152295\/revisions"}],"predecessor-version":[{"id":152301,"href":"https:\/\/epochtimestr.com\/index.php\/wp-json\/wp\/v2\/posts\/152295\/revisions\/152301"}],"wp:featuredmedia":[{"embeddable":true,"href":"https:\/\/epochtimestr.com\/index.php\/wp-json\/wp\/v2\/media\/152296"}],"wp:attachment":[{"href":"https:\/\/epochtimestr.com\/index.php\/wp-json\/wp\/v2\/media?parent=152295"}],"wp:term":[{"taxonomy":"category","embeddable":true,"href":"https:\/\/epochtimestr.com\/index.php\/wp-json\/wp\/v2\/categories?post=152295"},{"taxonomy":"post_tag","embeddable":true,"href":"https:\/\/epochtimestr.com\/index.php\/wp-json\/wp\/v2\/tags?post=152295"}],"curies":[{"name":"wp","href":"https:\/\/api.w.org\/{rel}","templated":true}]}}