{"id":152760,"date":"2024-07-01T11:36:54","date_gmt":"2024-07-01T08:36:54","guid":{"rendered":"https:\/\/epochtimestr.com\/?p=152760"},"modified":"2024-07-01T11:50:48","modified_gmt":"2024-07-01T08:50:48","slug":"ismail-kucukkayanin-annesi-halise-kucukkaya-vefat-etti","status":"publish","type":"post","link":"https:\/\/epochtimestr.com\/index.php\/ismail-kucukkayanin-annesi-halise-kucukkaya-vefat-etti","title":{"rendered":"\u0130smail K\u00fc\u00e7\u00fckkaya&#8217;n\u0131n Annesi Halise K\u00fc\u00e7\u00fckkaya Vefat Etti"},"content":{"rendered":"\n<figure class=\"wp-block-gallery has-nested-images columns-default is-cropped\"><div class=\"wp-block-image\">\n<figure class=\"aligncenter size-full\"><img loading=\"lazy\" decoding=\"async\" width=\"700\" height=\"400\" data-id=\"152767\" src=\"https:\/\/epochtimestr.com\/wp-content\/uploads\/2011y\/274-153443-ismail-3_700x400.jpg\" alt=\"\" class=\"wp-image-152767\" srcset=\"https:\/\/epochtimestr.com\/wp-content\/uploads\/2011y\/274-153443-ismail-3_700x400.jpg 700w, https:\/\/epochtimestr.com\/wp-content\/uploads\/2011y\/274-153443-ismail-3_700x400-300x171.jpg 300w, https:\/\/epochtimestr.com\/wp-content\/uploads\/2011y\/274-153443-ismail-3_700x400-150x86.jpg 150w\" sizes=\"(max-width: 700px) 100vw, 700px\" \/><\/figure><\/div><\/figure>\n\n\n\n<p>,Gazeteci \u0130smail K\u00fc\u00e7\u00fckkaya\u2019n\u0131n annesi ge\u00e7irdi\u011fi ani kalp krizi sonucu vefat etti. Sabah saatlerinde ger\u00e7ekle\u015fen vefat t\u00fcm K\u00fc\u00e7\u00fckkaya ailesini ve yak\u0131nlar\u0131n\u0131 yasa bo\u011fdu. Merhume Halise K\u00fc\u00e7\u00fckkaya i\u00e7in Simav K\u00fclt\u00fcr Evi\u2019nde bir anma t\u00f6reni d\u00fczenlendi. T\u00f6rene ailenin yak\u0131nlar\u0131n\u0131n yan\u0131 s\u0131ra bas\u0131n ve siyaset d\u00fcnyas\u0131n\u0131n \u00f6nemli isimleri kat\u0131ld\u0131. Halise K\u00fc\u00e7\u00fckkaya&#8217;n\u0131n cenazesi ikindi namaz\u0131na m\u00fcteakip Simav Mezarl\u0131\u011f\u0131\u2019na defnedilecek<\/p>\n\n\n\n<p><\/p>\n","protected":false},"excerpt":{"rendered":"<p>,Gazeteci \u0130smail K\u00fc\u00e7\u00fckkaya\u2019n\u0131n annesi ge\u00e7irdi\u011fi ani kalp krizi sonucu vefat etti. Sabah saatlerinde ger\u00e7ekle\u015fen vefat t\u00fcm K\u00fc\u00e7\u00fckkaya ailesini ve yak\u0131nlar\u0131n\u0131 yasa bo\u011fdu. Merhume Halise K\u00fc\u00e7\u00fckkaya i\u00e7in Simav K\u00fclt\u00fcr Evi\u2019nde bir anma t\u00f6reni d\u00fczenlendi. T\u00f6rene ailenin yak\u0131nlar\u0131n\u0131n yan\u0131 s\u0131ra bas\u0131n ve siyaset d\u00fcnyas\u0131n\u0131n \u00f6nemli isimleri kat\u0131ld\u0131. Halise K\u00fc\u00e7\u00fckkaya&#8217;n\u0131n cenazesi ikindi namaz\u0131na m\u00fcteakip Simav Mezarl\u0131\u011f\u0131\u2019na defnedilecek<\/p>\n","protected":false},"author":12791,"featured_media":152767,"comment_status":"closed","ping_status":"open","sticky":false,"template":"","format":"standard","meta":{"_yoast_wpseo_focuskw":"","_yoast_wpseo_title":"","_yoast_wpseo_metadesc":"","_bbp_topic_count":0,"_bbp_reply_count":0,"_bbp_total_topic_count":0,"_bbp_total_reply_count":0,"_bbp_voice_count":0,"_bbp_anonymous_reply_count":0,"_bbp_topic_count_hidden":0,"_bbp_reply_count_hidden":0,"_bbp_forum_subforum_count":0,"footnotes":"","_yoast_wpseo_focuskw_text_input":""},"categories":[1,8138,37],"tags":[],"yoast_head":"<!-- This site is optimized with the Yoast SEO plugin v23.0 - https:\/\/yoast.com\/wordpress\/plugins\/seo\/ -->\n<title>\u0130smail K\u00fc\u00e7\u00fckkaya&#039;n\u0131n Annesi Halise K\u00fc\u00e7\u00fckkaya Vefat Etti - The Epoch Times TR<\/title>\n<meta name=\"robots\" content=\"index, follow, max-snippet:-1, max-image-preview:large, max-video-preview:-1\" \/>\n<link rel=\"canonical\" href=\"https:\/\/epochtimestr.com\/index.php\/ismail-kucukkayanin-annesi-halise-kucukkaya-vefat-etti\" \/>\n<meta property=\"og:locale\" content=\"tr_TR\" \/>\n<meta property=\"og:type\" content=\"article\" \/>\n<meta property=\"og:title\" content=\"\u0130smail K\u00fc\u00e7\u00fckkaya&#039;n\u0131n Annesi Halise K\u00fc\u00e7\u00fckkaya Vefat Etti - The Epoch Times TR\" \/>\n<meta property=\"og:description\" content=\",Gazeteci \u0130smail K\u00fc\u00e7\u00fckkaya\u2019n\u0131n annesi ge\u00e7irdi\u011fi ani kalp krizi sonucu vefat etti. Sabah saatlerinde ger\u00e7ekle\u015fen vefat t\u00fcm K\u00fc\u00e7\u00fckkaya ailesini ve yak\u0131nlar\u0131n\u0131 yasa bo\u011fdu. Merhume Halise K\u00fc\u00e7\u00fckkaya i\u00e7in Simav K\u00fclt\u00fcr Evi\u2019nde bir anma t\u00f6reni d\u00fczenlendi. T\u00f6rene ailenin yak\u0131nlar\u0131n\u0131n yan\u0131 s\u0131ra bas\u0131n ve siyaset d\u00fcnyas\u0131n\u0131n \u00f6nemli isimleri kat\u0131ld\u0131. Halise K\u00fc\u00e7\u00fckkaya&#8217;n\u0131n cenazesi ikindi namaz\u0131na m\u00fcteakip Simav Mezarl\u0131\u011f\u0131\u2019na defnedilecek\" \/>\n<meta property=\"og:url\" content=\"https:\/\/epochtimestr.com\/index.php\/ismail-kucukkayanin-annesi-halise-kucukkaya-vefat-etti\" \/>\n<meta property=\"og:site_name\" content=\"The Epoch Times TR\" \/>\n<meta property=\"article:publisher\" content=\"https:\/\/www.facebook.com\/theepochtimestr\" \/>\n<meta property=\"article:published_time\" content=\"2024-07-01T08:36:54+00:00\" \/>\n<meta property=\"article:modified_time\" content=\"2024-07-01T08:50:48+00:00\" \/>\n<meta property=\"og:image\" content=\"https:\/\/epochtimestr.com\/wp-content\/uploads\/2011y\/274-153443-ismail-3_700x400.jpg\" \/>\n\t<meta property=\"og:image:width\" content=\"700\" \/>\n\t<meta property=\"og:image:height\" content=\"400\" \/>\n\t<meta property=\"og:image:type\" content=\"image\/jpeg\" \/>\n<meta name=\"author\" content=\"Haber Merkezi\" \/>\n<meta name=\"twitter:card\" content=\"summary_large_image\" \/>\n<meta name=\"twitter:creator\" content=\"@TheEpochTimesTR\" \/>\n<meta name=\"twitter:site\" content=\"@TheEpochTimesTR\" \/>\n<meta name=\"twitter:label1\" content=\"Yazan:\" \/>\n\t<meta name=\"twitter:data1\" content=\"Haber Merkezi\" \/>\n\t<meta name=\"twitter:label2\" content=\"Tahmini okuma s\u00fcresi\" \/>\n\t<meta name=\"twitter:data2\" content=\"1 dakika\" \/>\n<script type=\"application\/ld+json\" class=\"yoast-schema-graph\">{\"@context\":\"https:\/\/schema.org\",\"@graph\":[{\"@type\":\"Article\",\"@id\":\"https:\/\/epochtimestr.com\/index.php\/ismail-kucukkayanin-annesi-halise-kucukkaya-vefat-etti#article\",\"isPartOf\":{\"@id\":\"https:\/\/epochtimestr.com\/index.php\/ismail-kucukkayanin-annesi-halise-kucukkaya-vefat-etti\"},\"author\":{\"name\":\"Haber Merkezi\",\"@id\":\"https:\/\/epochtimestr.com\/#\/schema\/person\/3dc5c3adeb9f43923c5aa85889172fdd\"},\"headline\":\"\u0130smail K\u00fc\u00e7\u00fckkaya&#8217;n\u0131n Annesi Halise K\u00fc\u00e7\u00fckkaya Vefat Etti\",\"datePublished\":\"2024-07-01T08:36:54+00:00\",\"dateModified\":\"2024-07-01T08:50:48+00:00\",\"mainEntityOfPage\":{\"@id\":\"https:\/\/epochtimestr.com\/index.php\/ismail-kucukkayanin-annesi-halise-kucukkaya-vefat-etti\"},\"wordCount\":98,\"publisher\":{\"@id\":\"https:\/\/epochtimestr.com\/#organization\"},\"image\":{\"@id\":\"https:\/\/epochtimestr.com\/index.php\/ismail-kucukkayanin-annesi-halise-kucukkaya-vefat-etti#primaryimage\"},\"thumbnailUrl\":\"https:\/\/epochtimestr.com\/wp-content\/uploads\/2011y\/274-153443-ismail-3_700x400.jpg\",\"articleSection\":[\"G\u00dcNDEM\",\"Man\u015fet\",\"T\u00dcRK\u0130YE\"],\"inLanguage\":\"tr\"},{\"@type\":\"WebPage\",\"@id\":\"https:\/\/epochtimestr.com\/index.php\/ismail-kucukkayanin-annesi-halise-kucukkaya-vefat-etti\",\"url\":\"https:\/\/epochtimestr.com\/index.php\/ismail-kucukkayanin-annesi-halise-kucukkaya-vefat-etti\",\"name\":\"\u0130smail K\u00fc\u00e7\u00fckkaya'n\u0131n Annesi Halise K\u00fc\u00e7\u00fckkaya Vefat Etti - The Epoch Times TR\",\"isPartOf\":{\"@id\":\"https:\/\/epochtimestr.com\/#website\"},\"primaryImageOfPage\":{\"@id\":\"https:\/\/epochtimestr.com\/index.php\/ismail-kucukkayanin-annesi-halise-kucukkaya-vefat-etti#primaryimage\"},\"image\":{\"@id\":\"https:\/\/epochtimestr.com\/index.php\/ismail-kucukkayanin-annesi-halise-kucukkaya-vefat-etti#primaryimage\"},\"thumbnailUrl\":\"https:\/\/epochtimestr.com\/wp-content\/uploads\/2011y\/274-153443-ismail-3_700x400.jpg\",\"datePublished\":\"2024-07-01T08:36:54+00:00\",\"dateModified\":\"2024-07-01T08:50:48+00:00\",\"inLanguage\":\"tr\",\"potentialAction\":[{\"@type\":\"ReadAction\",\"target\":[\"https:\/\/epochtimestr.com\/index.php\/ismail-kucukkayanin-annesi-halise-kucukkaya-vefat-etti\"]}]},{\"@type\":\"ImageObject\",\"inLanguage\":\"tr\",\"@id\":\"https:\/\/epochtimestr.com\/index.php\/ismail-kucukkayanin-annesi-halise-kucukkaya-vefat-etti#primaryimage\",\"url\":\"https:\/\/epochtimestr.com\/wp-content\/uploads\/2011y\/274-153443-ismail-3_700x400.jpg\",\"contentUrl\":\"https:\/\/epochtimestr.com\/wp-content\/uploads\/2011y\/274-153443-ismail-3_700x400.jpg\",\"width\":700,\"height\":400},{\"@type\":\"WebSite\",\"@id\":\"https:\/\/epochtimestr.com\/#website\",\"url\":\"https:\/\/epochtimestr.com\/\",\"name\":\"The Epoch Times TR\",\"description\":\"De\u011fi\u015fen D\u00fcnyam\u0131za Taze Bir Bak\u0131\u015f\",\"publisher\":{\"@id\":\"https:\/\/epochtimestr.com\/#organization\"},\"potentialAction\":[{\"@type\":\"SearchAction\",\"target\":{\"@type\":\"EntryPoint\",\"urlTemplate\":\"https:\/\/epochtimestr.com\/?s={search_term_string}\"},\"query-input\":\"required name=search_term_string\"}],\"inLanguage\":\"tr\"},{\"@type\":\"Organization\",\"@id\":\"https:\/\/epochtimestr.com\/#organization\",\"name\":\"The EpochTimes T\u00fcrkiye\",\"url\":\"https:\/\/epochtimestr.com\/\",\"logo\":{\"@type\":\"ImageObject\",\"inLanguage\":\"tr\",\"@id\":\"https:\/\/epochtimestr.com\/#\/schema\/logo\/image\/\",\"url\":\"https:\/\/epochtimestr.com\/wp-content\/uploads\/2011y\/ET-Logo-YG.jpg\",\"contentUrl\":\"https:\/\/epochtimestr.com\/wp-content\/uploads\/2011y\/ET-Logo-YG.jpg\",\"width\":346,\"height\":29,\"caption\":\"The EpochTimes T\u00fcrkiye\"},\"image\":{\"@id\":\"https:\/\/epochtimestr.com\/#\/schema\/logo\/image\/\"},\"sameAs\":[\"https:\/\/www.facebook.com\/theepochtimestr\",\"https:\/\/x.com\/TheEpochTimesTR\",\"https:\/\/www.instagram.com\/epochtimestr\"]},{\"@type\":\"Person\",\"@id\":\"https:\/\/epochtimestr.com\/#\/schema\/person\/3dc5c3adeb9f43923c5aa85889172fdd\",\"name\":\"Haber Merkezi\",\"image\":{\"@type\":\"ImageObject\",\"inLanguage\":\"tr\",\"@id\":\"https:\/\/epochtimestr.com\/#\/schema\/person\/image\/\",\"url\":\"https:\/\/secure.gravatar.com\/avatar\/d73f772ba5a74f28601361e17c2f93e6?s=96&d=mm&r=g\",\"contentUrl\":\"https:\/\/secure.gravatar.com\/avatar\/d73f772ba5a74f28601361e17c2f93e6?s=96&d=mm&r=g\",\"caption\":\"Haber Merkezi\"},\"url\":\"https:\/\/epochtimestr.com\/index.php\/author\/sendag\"}]}<\/script>\n<!-- \/ Yoast SEO plugin. -->","yoast_head_json":{"title":"\u0130smail K\u00fc\u00e7\u00fckkaya'n\u0131n Annesi Halise K\u00fc\u00e7\u00fckkaya Vefat Etti - The Epoch Times TR","robots":{"index":"index","follow":"follow","max-snippet":"max-snippet:-1","max-image-preview":"max-image-preview:large","max-video-preview":"max-video-preview:-1"},"canonical":"https:\/\/epochtimestr.com\/index.php\/ismail-kucukkayanin-annesi-halise-kucukkaya-vefat-etti","og_locale":"tr_TR","og_type":"article","og_title":"\u0130smail K\u00fc\u00e7\u00fckkaya'n\u0131n Annesi Halise K\u00fc\u00e7\u00fckkaya Vefat Etti - The Epoch Times TR","og_description":",Gazeteci \u0130smail K\u00fc\u00e7\u00fckkaya\u2019n\u0131n annesi ge\u00e7irdi\u011fi ani kalp krizi sonucu vefat etti. Sabah saatlerinde ger\u00e7ekle\u015fen vefat t\u00fcm K\u00fc\u00e7\u00fckkaya ailesini ve yak\u0131nlar\u0131n\u0131 yasa bo\u011fdu. Merhume Halise K\u00fc\u00e7\u00fckkaya i\u00e7in Simav K\u00fclt\u00fcr Evi\u2019nde bir anma t\u00f6reni d\u00fczenlendi. T\u00f6rene ailenin yak\u0131nlar\u0131n\u0131n yan\u0131 s\u0131ra bas\u0131n ve siyaset d\u00fcnyas\u0131n\u0131n \u00f6nemli isimleri kat\u0131ld\u0131. Halise K\u00fc\u00e7\u00fckkaya&#8217;n\u0131n cenazesi ikindi namaz\u0131na m\u00fcteakip Simav Mezarl\u0131\u011f\u0131\u2019na defnedilecek","og_url":"https:\/\/epochtimestr.com\/index.php\/ismail-kucukkayanin-annesi-halise-kucukkaya-vefat-etti","og_site_name":"The Epoch Times TR","article_publisher":"https:\/\/www.facebook.com\/theepochtimestr","article_published_time":"2024-07-01T08:36:54+00:00","article_modified_time":"2024-07-01T08:50:48+00:00","og_image":[{"width":700,"height":400,"url":"https:\/\/epochtimestr.com\/wp-content\/uploads\/2011y\/274-153443-ismail-3_700x400.jpg","type":"image\/jpeg"}],"author":"Haber Merkezi","twitter_card":"summary_large_image","twitter_creator":"@TheEpochTimesTR","twitter_site":"@TheEpochTimesTR","twitter_misc":{"Yazan:":"Haber Merkezi","Tahmini okuma s\u00fcresi":"1 dakika"},"schema":{"@context":"https:\/\/schema.org","@graph":[{"@type":"Article","@id":"https:\/\/epochtimestr.com\/index.php\/ismail-kucukkayanin-annesi-halise-kucukkaya-vefat-etti#article","isPartOf":{"@id":"https:\/\/epochtimestr.com\/index.php\/ismail-kucukkayanin-annesi-halise-kucukkaya-vefat-etti"},"author":{"name":"Haber Merkezi","@id":"https:\/\/epochtimestr.com\/#\/schema\/person\/3dc5c3adeb9f43923c5aa85889172fdd"},"headline":"\u0130smail K\u00fc\u00e7\u00fckkaya&#8217;n\u0131n Annesi Halise K\u00fc\u00e7\u00fckkaya Vefat Etti","datePublished":"2024-07-01T08:36:54+00:00","dateModified":"2024-07-01T08:50:48+00:00","mainEntityOfPage":{"@id":"https:\/\/epochtimestr.com\/index.php\/ismail-kucukkayanin-annesi-halise-kucukkaya-vefat-etti"},"wordCount":98,"publisher":{"@id":"https:\/\/epochtimestr.com\/#organization"},"image":{"@id":"https:\/\/epochtimestr.com\/index.php\/ismail-kucukkayanin-annesi-halise-kucukkaya-vefat-etti#primaryimage"},"thumbnailUrl":"https:\/\/epochtimestr.com\/wp-content\/uploads\/2011y\/274-153443-ismail-3_700x400.jpg","articleSection":["G\u00dcNDEM","Man\u015fet","T\u00dcRK\u0130YE"],"inLanguage":"tr"},{"@type":"WebPage","@id":"https:\/\/epochtimestr.com\/index.php\/ismail-kucukkayanin-annesi-halise-kucukkaya-vefat-etti","url":"https:\/\/epochtimestr.com\/index.php\/ismail-kucukkayanin-annesi-halise-kucukkaya-vefat-etti","name":"\u0130smail K\u00fc\u00e7\u00fckkaya'n\u0131n Annesi Halise K\u00fc\u00e7\u00fckkaya Vefat Etti - The Epoch Times TR","isPartOf":{"@id":"https:\/\/epochtimestr.com\/#website"},"primaryImageOfPage":{"@id":"https:\/\/epochtimestr.com\/index.php\/ismail-kucukkayanin-annesi-halise-kucukkaya-vefat-etti#primaryimage"},"image":{"@id":"https:\/\/epochtimestr.com\/index.php\/ismail-kucukkayanin-annesi-halise-kucukkaya-vefat-etti#primaryimage"},"thumbnailUrl":"https:\/\/epochtimestr.com\/wp-content\/uploads\/2011y\/274-153443-ismail-3_700x400.jpg","datePublished":"2024-07-01T08:36:54+00:00","dateModified":"2024-07-01T08:50:48+00:00","inLanguage":"tr","potentialAction":[{"@type":"ReadAction","target":["https:\/\/epochtimestr.com\/index.php\/ismail-kucukkayanin-annesi-halise-kucukkaya-vefat-etti"]}]},{"@type":"ImageObject","inLanguage":"tr","@id":"https:\/\/epochtimestr.com\/index.php\/ismail-kucukkayanin-annesi-halise-kucukkaya-vefat-etti#primaryimage","url":"https:\/\/epochtimestr.com\/wp-content\/uploads\/2011y\/274-153443-ismail-3_700x400.jpg","contentUrl":"https:\/\/epochtimestr.com\/wp-content\/uploads\/2011y\/274-153443-ismail-3_700x400.jpg","width":700,"height":400},{"@type":"WebSite","@id":"https:\/\/epochtimestr.com\/#website","url":"https:\/\/epochtimestr.com\/","name":"The Epoch Times TR","description":"De\u011fi\u015fen D\u00fcnyam\u0131za Taze Bir Bak\u0131\u015f","publisher":{"@id":"https:\/\/epochtimestr.com\/#organization"},"potentialAction":[{"@type":"SearchAction","target":{"@type":"EntryPoint","urlTemplate":"https:\/\/epochtimestr.com\/?s={search_term_string}"},"query-input":"required name=search_term_string"}],"inLanguage":"tr"},{"@type":"Organization","@id":"https:\/\/epochtimestr.com\/#organization","name":"The EpochTimes T\u00fcrkiye","url":"https:\/\/epochtimestr.com\/","logo":{"@type":"ImageObject","inLanguage":"tr","@id":"https:\/\/epochtimestr.com\/#\/schema\/logo\/image\/","url":"https:\/\/epochtimestr.com\/wp-content\/uploads\/2011y\/ET-Logo-YG.jpg","contentUrl":"https:\/\/epochtimestr.com\/wp-content\/uploads\/2011y\/ET-Logo-YG.jpg","width":346,"height":29,"caption":"The EpochTimes T\u00fcrkiye"},"image":{"@id":"https:\/\/epochtimestr.com\/#\/schema\/logo\/image\/"},"sameAs":["https:\/\/www.facebook.com\/theepochtimestr","https:\/\/x.com\/TheEpochTimesTR","https:\/\/www.instagram.com\/epochtimestr"]},{"@type":"Person","@id":"https:\/\/epochtimestr.com\/#\/schema\/person\/3dc5c3adeb9f43923c5aa85889172fdd","name":"Haber Merkezi","image":{"@type":"ImageObject","inLanguage":"tr","@id":"https:\/\/epochtimestr.com\/#\/schema\/person\/image\/","url":"https:\/\/secure.gravatar.com\/avatar\/d73f772ba5a74f28601361e17c2f93e6?s=96&d=mm&r=g","contentUrl":"https:\/\/secure.gravatar.com\/avatar\/d73f772ba5a74f28601361e17c2f93e6?s=96&d=mm&r=g","caption":"Haber Merkezi"},"url":"https:\/\/epochtimestr.com\/index.php\/author\/sendag"}]}},"_links":{"self":[{"href":"https:\/\/epochtimestr.com\/index.php\/wp-json\/wp\/v2\/posts\/152760"}],"collection":[{"href":"https:\/\/epochtimestr.com\/index.php\/wp-json\/wp\/v2\/posts"}],"about":[{"href":"https:\/\/epochtimestr.com\/index.php\/wp-json\/wp\/v2\/types\/post"}],"author":[{"embeddable":true,"href":"https:\/\/epochtimestr.com\/index.php\/wp-json\/wp\/v2\/users\/12791"}],"replies":[{"embeddable":true,"href":"https:\/\/epochtimestr.com\/index.php\/wp-json\/wp\/v2\/comments?post=152760"}],"version-history":[{"count":3,"href":"https:\/\/epochtimestr.com\/index.php\/wp-json\/wp\/v2\/posts\/152760\/revisions"}],"predecessor-version":[{"id":152768,"href":"https:\/\/epochtimestr.com\/index.php\/wp-json\/wp\/v2\/posts\/152760\/revisions\/152768"}],"wp:featuredmedia":[{"embeddable":true,"href":"https:\/\/epochtimestr.com\/index.php\/wp-json\/wp\/v2\/media\/152767"}],"wp:attachment":[{"href":"https:\/\/epochtimestr.com\/index.php\/wp-json\/wp\/v2\/media?parent=152760"}],"wp:term":[{"taxonomy":"category","embeddable":true,"href":"https:\/\/epochtimestr.com\/index.php\/wp-json\/wp\/v2\/categories?post=152760"},{"taxonomy":"post_tag","embeddable":true,"href":"https:\/\/epochtimestr.com\/index.php\/wp-json\/wp\/v2\/tags?post=152760"}],"curies":[{"name":"wp","href":"https:\/\/api.w.org\/{rel}","templated":true}]}}