{"id":152931,"date":"2024-07-08T07:43:16","date_gmt":"2024-07-08T04:43:16","guid":{"rendered":"https:\/\/epochtimestr.com\/?p=152931"},"modified":"2024-07-08T07:43:17","modified_gmt":"2024-07-08T04:43:17","slug":"evvel-temmuz-kultur-sanat-festivali-basliyor","status":"publish","type":"post","link":"https:\/\/epochtimestr.com\/index.php\/evvel-temmuz-kultur-sanat-festivali-basliyor","title":{"rendered":"Evvel Temmuz K\u00fclt\u00fcr Sanat Festivali Ba\u015fl\u0131yor"},"content":{"rendered":"<div class=\"wp-block-image\">\n<figure class=\"aligncenter size-full\"><img loading=\"lazy\" decoding=\"async\" width=\"1033\" height=\"1033\" src=\"https:\/\/epochtimestr.com\/wp-content\/uploads\/2011y\/evvel.webp\" alt=\"\" class=\"wp-image-152932\" srcset=\"https:\/\/epochtimestr.com\/wp-content\/uploads\/2011y\/evvel.webp 1033w, https:\/\/epochtimestr.com\/wp-content\/uploads\/2011y\/evvel-300x300.webp 300w, https:\/\/epochtimestr.com\/wp-content\/uploads\/2011y\/evvel-150x150.webp 150w, https:\/\/epochtimestr.com\/wp-content\/uploads\/2011y\/evvel-768x768.webp 768w\" sizes=\"(max-width: 1033px) 100vw, 1033px\" \/><\/figure><\/div>\n\n\n<h2 class=\"wp-block-heading\">Hatay\u2019da 7-17 Temmuz tarihleri aras\u0131nda, \u201cKentimizi Kuraca\u011f\u0131z, K\u00fclt\u00fcr\u00fcm\u00fcz\u00fc Ya\u015fataca\u011f\u0131z\u201d \u015fiar\u0131yla d\u00fczenlenecek olan Evvel Temmuz Festivali ba\u015fl\u0131yor.<\/h2>\n\n\n\n<p>Hatay\u2019da d\u00fczenlenecek olan 24. Evvel Temmuz K\u00fclt\u00fcr Sanat Festivali, 7-17 Temmuz tarihleri aras\u0131nda ger\u00e7ekle\u015fecek. Festivalin temas\u0131 \u201cKentimizi Kuraca\u011f\u0131z, K\u00fclt\u00fcr\u00fcm\u00fcz\u00fc Ya\u015fataca\u011f\u0131z\u201d olarak belirlendi. Akdeniz K\u00fclt\u00fcr ve Dayan\u0131\u015fma Derne\u011fi taraf\u0131ndan d\u00fczenlenen festivalde, demokrasiye, bar\u0131\u015fa, ve halklar\u0131n e\u015fit ya\u015fam hakk\u0131na vurgu yap\u0131l\u0131yor.Akdeniz K\u00fclt\u00fcr ve Dayan\u0131\u015fma Derne\u011fi&#8217;nin yapt\u0131\u011f\u0131 \u00e7a\u011fr\u0131da;<br \/>\u201cBu topraklar\u0131n, co\u011frafyam\u0131z\u0131n binlerce y\u0131ll\u0131k kadim tarihinin, k\u00fclt\u00fcr mozai\u011finin, halklar\u0131n karde\u0219\u00e7e bir arada ya\u0219ama umudunun yeniden harmanland\u0131\u011f\u0131 Geleneksel Evvel Temmuz Hasat Bayram\u0131&#8217;n\u0131 kar\u0219\u0131l\u0131yoruz.12 Eyl\u00fcl&#8217;\u00fcn darbe ko\u0219ullar\u0131nda yasaklanan, bask\u0131 alt\u0131na al\u0131nan geleneklerimizi ya\u0219atmak, k\u00fclt\u00fcr\u00fcm\u00fcz\u00fc ge\u00e7mi\u0219ten bug\u00fcne direni\u0219 ruhuyla gelece\u011fe ta\u0219\u0131mak ad\u0131na \u00e7\u0131kt\u0131\u011f\u0131m\u0131z yolculukta 23 y\u0131l\u0131 geride b\u0131rakt\u0131k. Arap Alevi, Hristiyan, M\u00fcsl\u00fcman, Ermeni halklar\u0131m\u0131z\u0131n be\u0219 bin y\u0131ll\u0131k Evvel Temmuz Bayram\u0131 gelene\u011fini halklar\u0131m\u0131z\u0131n iradesi ve sahiplenmesi sonucunda 24. Evvel Temmuz Festivali&#8217;ne ta\u015f\u0131d\u0131k.<br \/>Y\u0131k\u0131nt\u0131lar aras\u0131ndan y\u00fckseltece\u011fiz \u00f6fkemizi ve sesimizi bir kez daha. \u0130lk g\u00fcnden itibaren \u2018Ma R\u0131hna, Nehna Hon\u2019, \u2018Gitmiyoruz, buraday\u0131z\u2019 diyen irademizle, \u2018Kentimizi kuraca\u011f\u0131z, k\u00fclt\u00fcr\u00fcm\u00fcz\u00fc ya\u015fataca\u011f\u0131z\u2019 \u0219iar\u0131yla ger\u00e7ekle\u0219tirece\u011fimiz 24. Evvel Temmuz Festivali&#8217;ne t\u00fcm halklar\u0131m\u0131z\u0131, dostlar\u0131m\u0131z\u0131 davet ediyoruz. Gelin hep birlikte demokrasiye, bar\u0131\u0219a, halklar\u0131n bir arada e\u0219it ya\u0219am hakk\u0131na sahip \u00e7\u0131kal\u0131m. Gelin hep birlikte asimilasyon politikalar\u0131na kar\u0219\u0131 dilimize, k\u00fclt\u00fcr\u00fcm\u00fcze, gelece\u011fimize sahip \u00e7\u0131kal\u0131m. Gelin hep birlikte rant ve talana kar\u0219\u0131 bizim olana sahip \u00e7\u0131kal\u0131m. Gelin hep birlikte kentimizi enkaza \u00e7evirmek isteyenlere inat, dayan\u0131\u0219mayla, umutla, sevgiden tu\u011flalarla yeniden kural\u0131m bu kenti.\u201difadelerine yer verildi.<\/p>\n\n\n<div class=\"wp-block-image\">\n<figure class=\"aligncenter size-full\"><img loading=\"lazy\" decoding=\"async\" width=\"840\" height=\"559\" src=\"https:\/\/epochtimestr.com\/wp-content\/uploads\/2011y\/evvel-temmuz-fetivali.jpg\" alt=\"\" class=\"wp-image-152933\" srcset=\"https:\/\/epochtimestr.com\/wp-content\/uploads\/2011y\/evvel-temmuz-fetivali.jpg 840w, https:\/\/epochtimestr.com\/wp-content\/uploads\/2011y\/evvel-temmuz-fetivali-300x200.jpg 300w, https:\/\/epochtimestr.com\/wp-content\/uploads\/2011y\/evvel-temmuz-fetivali-150x100.jpg 150w, https:\/\/epochtimestr.com\/wp-content\/uploads\/2011y\/evvel-temmuz-fetivali-768x511.jpg 768w\" sizes=\"(max-width: 840px) 100vw, 840px\" \/><\/figure><\/div>\n\n\n<p>Festival kapsam\u0131nda \u00e7e\u015fitli etkinlikler d\u00fczenlenecek. Paneller, konserler, at\u00f6lye \u00e7al\u0131\u015fmalar\u0131 ve s\u00f6yle\u015filerle dolu programda, yerel ve ulusal konular ele al\u0131nacak. \u00d6ne \u00e7\u0131kan paneller aras\u0131nda \u201cAfet Sonras\u0131 Rezerv Alan K\u0131skac\u0131nda Bar\u0131nma Hakk\u0131\u201d, \u201c9. Yarg\u0131 Paketi ve Devam\u0131nda Kad\u0131nlar\u0131 Bekleyen Tehlikeler\u201d, \u201cHaf\u0131zam\u0131z Kimli\u011fimiz ve Gelece\u011fimiz\u201d, \u201cDemokratik Cumhuriyet Demokratik Anayasas\u0131\u201d, \u201cT\u00fcrkiye\u2019de Siyasal Durum ve Solda \u0130ttifak Politikalar\u0131\u201d, \u201cHatay Ta\u015f Ocaklar\u0131 ve Beton Santrallerinin Zararlar\u0131\u201d, \u201c\u0130srail-Filistin Sava\u015f\u0131n\u0131n B\u00f6lgesel, K\u00fcresel Boyutlar\u0131 ve Olas\u0131 Geli\u015fmeler\u201d, \u201cH\u00fck\u00fcmetin Ekonomi Program\u0131, Emek\u00e7iler ve Deprem B\u00f6lgesi\u201d gibi konular yer alacak.<\/p>\n\n\n\n<p>Kat\u0131l\u0131mc\u0131lar aras\u0131nda siyasi fig\u00fcrler, akademisyenler, gazeteciler ve sivil toplum temsilcileri bulunacak. Festival, sanat ve ekoloji at\u00f6lyeleriyle de zenginle\u015ftirilerek, k\u00fclt\u00fcrel miras\u0131n ve do\u011fal ya\u015fam\u0131n korunmas\u0131 i\u00e7in bilin\u00e7 olu\u015fturmay\u0131 hedefliyor.<\/p>\n\n\n\n<p><\/p>\n","protected":false},"excerpt":{"rendered":"<p>Hatay\u2019da 7-17 Temmuz tarihleri aras\u0131nda, \u201cKentimizi Kuraca\u011f\u0131z, K\u00fclt\u00fcr\u00fcm\u00fcz\u00fc Ya\u015fataca\u011f\u0131z\u201d \u015fiar\u0131yla d\u00fczenlenecek olan Evvel Temmuz Festivali ba\u015fl\u0131yor. Hatay\u2019da d\u00fczenlenecek olan 24. Evvel Temmuz K\u00fclt\u00fcr Sanat Festivali, 7-17 Temmuz tarihleri aras\u0131nda ger\u00e7ekle\u015fecek. Festivalin temas\u0131 \u201cKentimizi Kuraca\u011f\u0131z, K\u00fclt\u00fcr\u00fcm\u00fcz\u00fc Ya\u015fataca\u011f\u0131z\u201d olarak belirlendi. Akdeniz K\u00fclt\u00fcr ve Dayan\u0131\u015fma Derne\u011fi taraf\u0131ndan d\u00fczenlenen festivalde, demokrasiye, bar\u0131\u015fa, ve halklar\u0131n e\u015fit ya\u015fam hakk\u0131na vurgu yap\u0131l\u0131yor.Akdeniz [&hellip;]<\/p>\n","protected":false},"author":12791,"featured_media":152932,"comment_status":"closed","ping_status":"open","sticky":false,"template":"","format":"standard","meta":{"_yoast_wpseo_focuskw":"Evvel Temmuz K\u00fclt\u00fcr Sanat Festivali Ba\u015fl\u0131yor","_yoast_wpseo_title":"","_yoast_wpseo_metadesc":"","_bbp_topic_count":0,"_bbp_reply_count":0,"_bbp_total_topic_count":0,"_bbp_total_reply_count":0,"_bbp_voice_count":0,"_bbp_anonymous_reply_count":0,"_bbp_topic_count_hidden":0,"_bbp_reply_count_hidden":0,"_bbp_forum_subforum_count":0,"footnotes":"","_yoast_wpseo_focuskw_text_input":""},"categories":[8204,8207,1,8138,6918,6916,6915,8190,16,37,6917],"tags":[],"yoast_head":"<!-- This site is optimized with the Yoast SEO plugin v23.0 - https:\/\/yoast.com\/wordpress\/plugins\/seo\/ -->\n<title>Evvel Temmuz K\u00fclt\u00fcr Sanat Festivali Ba\u015fl\u0131yor - The Epoch Times TR<\/title>\n<meta name=\"robots\" content=\"index, follow, max-snippet:-1, max-image-preview:large, max-video-preview:-1\" \/>\n<link rel=\"canonical\" href=\"https:\/\/epochtimestr.com\/index.php\/evvel-temmuz-kultur-sanat-festivali-basliyor\" \/>\n<meta property=\"og:locale\" content=\"tr_TR\" \/>\n<meta property=\"og:type\" content=\"article\" \/>\n<meta property=\"og:title\" content=\"Evvel Temmuz K\u00fclt\u00fcr Sanat Festivali Ba\u015fl\u0131yor - The Epoch Times TR\" \/>\n<meta property=\"og:description\" content=\"Hatay\u2019da 7-17 Temmuz tarihleri aras\u0131nda, \u201cKentimizi Kuraca\u011f\u0131z, K\u00fclt\u00fcr\u00fcm\u00fcz\u00fc Ya\u015fataca\u011f\u0131z\u201d \u015fiar\u0131yla d\u00fczenlenecek olan Evvel Temmuz Festivali ba\u015fl\u0131yor. Hatay\u2019da d\u00fczenlenecek olan 24. Evvel Temmuz K\u00fclt\u00fcr Sanat Festivali, 7-17 Temmuz tarihleri aras\u0131nda ger\u00e7ekle\u015fecek. Festivalin temas\u0131 \u201cKentimizi Kuraca\u011f\u0131z, K\u00fclt\u00fcr\u00fcm\u00fcz\u00fc Ya\u015fataca\u011f\u0131z\u201d olarak belirlendi. Akdeniz K\u00fclt\u00fcr ve Dayan\u0131\u015fma Derne\u011fi taraf\u0131ndan d\u00fczenlenen festivalde, demokrasiye, bar\u0131\u015fa, ve halklar\u0131n e\u015fit ya\u015fam hakk\u0131na vurgu yap\u0131l\u0131yor.Akdeniz [&hellip;]\" \/>\n<meta property=\"og:url\" content=\"https:\/\/epochtimestr.com\/index.php\/evvel-temmuz-kultur-sanat-festivali-basliyor\" \/>\n<meta property=\"og:site_name\" content=\"The Epoch Times TR\" \/>\n<meta property=\"article:publisher\" content=\"https:\/\/www.facebook.com\/theepochtimestr\" \/>\n<meta property=\"article:published_time\" content=\"2024-07-08T04:43:16+00:00\" \/>\n<meta property=\"article:modified_time\" content=\"2024-07-08T04:43:17+00:00\" \/>\n<meta property=\"og:image\" content=\"https:\/\/epochtimestr.com\/wp-content\/uploads\/2011y\/evvel.webp\" \/>\n\t<meta property=\"og:image:width\" content=\"1033\" \/>\n\t<meta property=\"og:image:height\" content=\"1033\" \/>\n\t<meta property=\"og:image:type\" content=\"image\/webp\" \/>\n<meta name=\"author\" content=\"Haber Merkezi\" \/>\n<meta name=\"twitter:card\" content=\"summary_large_image\" \/>\n<meta name=\"twitter:creator\" content=\"@TheEpochTimesTR\" \/>\n<meta name=\"twitter:site\" content=\"@TheEpochTimesTR\" \/>\n<meta name=\"twitter:label1\" content=\"Yazan:\" \/>\n\t<meta name=\"twitter:data1\" content=\"Haber Merkezi\" \/>\n\t<meta name=\"twitter:label2\" content=\"Tahmini okuma s\u00fcresi\" \/>\n\t<meta name=\"twitter:data2\" content=\"3 dakika\" \/>\n<script type=\"application\/ld+json\" class=\"yoast-schema-graph\">{\"@context\":\"https:\/\/schema.org\",\"@graph\":[{\"@type\":\"Article\",\"@id\":\"https:\/\/epochtimestr.com\/index.php\/evvel-temmuz-kultur-sanat-festivali-basliyor#article\",\"isPartOf\":{\"@id\":\"https:\/\/epochtimestr.com\/index.php\/evvel-temmuz-kultur-sanat-festivali-basliyor\"},\"author\":{\"name\":\"Haber Merkezi\",\"@id\":\"https:\/\/epochtimestr.com\/#\/schema\/person\/3dc5c3adeb9f43923c5aa85889172fdd\"},\"headline\":\"Evvel Temmuz K\u00fclt\u00fcr Sanat Festivali Ba\u015fl\u0131yor\",\"datePublished\":\"2024-07-08T04:43:16+00:00\",\"dateModified\":\"2024-07-08T04:43:17+00:00\",\"mainEntityOfPage\":{\"@id\":\"https:\/\/epochtimestr.com\/index.php\/evvel-temmuz-kultur-sanat-festivali-basliyor\"},\"wordCount\":514,\"publisher\":{\"@id\":\"https:\/\/epochtimestr.com\/#organization\"},\"image\":{\"@id\":\"https:\/\/epochtimestr.com\/index.php\/evvel-temmuz-kultur-sanat-festivali-basliyor#primaryimage\"},\"thumbnailUrl\":\"https:\/\/epochtimestr.com\/wp-content\/uploads\/2011y\/evvel.webp\",\"articleSection\":[\"Film &amp; TV\",\"Geleneksel De\u011ferler\",\"G\u00dcNDEM\",\"MAN\u015eET\",\"M\u00fczik\",\"Plastik Sanatlar\",\"Sahne Sanatlar\u0131\",\"Sanat ve Gelenek\",\"SANAT ve K\u00dcLT\u00dcR\",\"T\u00dcRK\u0130YE\",\"Yaz\u0131n\"],\"inLanguage\":\"tr\"},{\"@type\":\"WebPage\",\"@id\":\"https:\/\/epochtimestr.com\/index.php\/evvel-temmuz-kultur-sanat-festivali-basliyor\",\"url\":\"https:\/\/epochtimestr.com\/index.php\/evvel-temmuz-kultur-sanat-festivali-basliyor\",\"name\":\"Evvel Temmuz K\u00fclt\u00fcr Sanat Festivali Ba\u015fl\u0131yor - The Epoch Times TR\",\"isPartOf\":{\"@id\":\"https:\/\/epochtimestr.com\/#website\"},\"primaryImageOfPage\":{\"@id\":\"https:\/\/epochtimestr.com\/index.php\/evvel-temmuz-kultur-sanat-festivali-basliyor#primaryimage\"},\"image\":{\"@id\":\"https:\/\/epochtimestr.com\/index.php\/evvel-temmuz-kultur-sanat-festivali-basliyor#primaryimage\"},\"thumbnailUrl\":\"https:\/\/epochtimestr.com\/wp-content\/uploads\/2011y\/evvel.webp\",\"datePublished\":\"2024-07-08T04:43:16+00:00\",\"dateModified\":\"2024-07-08T04:43:17+00:00\",\"inLanguage\":\"tr\",\"potentialAction\":[{\"@type\":\"ReadAction\",\"target\":[\"https:\/\/epochtimestr.com\/index.php\/evvel-temmuz-kultur-sanat-festivali-basliyor\"]}]},{\"@type\":\"ImageObject\",\"inLanguage\":\"tr\",\"@id\":\"https:\/\/epochtimestr.com\/index.php\/evvel-temmuz-kultur-sanat-festivali-basliyor#primaryimage\",\"url\":\"https:\/\/epochtimestr.com\/wp-content\/uploads\/2011y\/evvel.webp\",\"contentUrl\":\"https:\/\/epochtimestr.com\/wp-content\/uploads\/2011y\/evvel.webp\",\"width\":1033,\"height\":1033},{\"@type\":\"WebSite\",\"@id\":\"https:\/\/epochtimestr.com\/#website\",\"url\":\"https:\/\/epochtimestr.com\/\",\"name\":\"The Epoch Times TR\",\"description\":\"De\u011fi\u015fen D\u00fcnyam\u0131za Taze Bir Bak\u0131\u015f\",\"publisher\":{\"@id\":\"https:\/\/epochtimestr.com\/#organization\"},\"potentialAction\":[{\"@type\":\"SearchAction\",\"target\":{\"@type\":\"EntryPoint\",\"urlTemplate\":\"https:\/\/epochtimestr.com\/?s={search_term_string}\"},\"query-input\":\"required name=search_term_string\"}],\"inLanguage\":\"tr\"},{\"@type\":\"Organization\",\"@id\":\"https:\/\/epochtimestr.com\/#organization\",\"name\":\"The EpochTimes T\u00fcrkiye\",\"url\":\"https:\/\/epochtimestr.com\/\",\"logo\":{\"@type\":\"ImageObject\",\"inLanguage\":\"tr\",\"@id\":\"https:\/\/epochtimestr.com\/#\/schema\/logo\/image\/\",\"url\":\"https:\/\/epochtimestr.com\/wp-content\/uploads\/2011y\/ET-Logo-YG.jpg\",\"contentUrl\":\"https:\/\/epochtimestr.com\/wp-content\/uploads\/2011y\/ET-Logo-YG.jpg\",\"width\":346,\"height\":29,\"caption\":\"The EpochTimes T\u00fcrkiye\"},\"image\":{\"@id\":\"https:\/\/epochtimestr.com\/#\/schema\/logo\/image\/\"},\"sameAs\":[\"https:\/\/www.facebook.com\/theepochtimestr\",\"https:\/\/x.com\/TheEpochTimesTR\",\"https:\/\/www.instagram.com\/epochtimestr\"]},{\"@type\":\"Person\",\"@id\":\"https:\/\/epochtimestr.com\/#\/schema\/person\/3dc5c3adeb9f43923c5aa85889172fdd\",\"name\":\"Haber Merkezi\",\"image\":{\"@type\":\"ImageObject\",\"inLanguage\":\"tr\",\"@id\":\"https:\/\/epochtimestr.com\/#\/schema\/person\/image\/\",\"url\":\"https:\/\/secure.gravatar.com\/avatar\/d73f772ba5a74f28601361e17c2f93e6?s=96&d=mm&r=g\",\"contentUrl\":\"https:\/\/secure.gravatar.com\/avatar\/d73f772ba5a74f28601361e17c2f93e6?s=96&d=mm&r=g\",\"caption\":\"Haber Merkezi\"},\"url\":\"https:\/\/epochtimestr.com\/index.php\/author\/sendag\"}]}<\/script>\n<!-- \/ Yoast SEO plugin. -->","yoast_head_json":{"title":"Evvel Temmuz K\u00fclt\u00fcr Sanat Festivali Ba\u015fl\u0131yor - The Epoch Times TR","robots":{"index":"index","follow":"follow","max-snippet":"max-snippet:-1","max-image-preview":"max-image-preview:large","max-video-preview":"max-video-preview:-1"},"canonical":"https:\/\/epochtimestr.com\/index.php\/evvel-temmuz-kultur-sanat-festivali-basliyor","og_locale":"tr_TR","og_type":"article","og_title":"Evvel Temmuz K\u00fclt\u00fcr Sanat Festivali Ba\u015fl\u0131yor - The Epoch Times TR","og_description":"Hatay\u2019da 7-17 Temmuz tarihleri aras\u0131nda, \u201cKentimizi Kuraca\u011f\u0131z, K\u00fclt\u00fcr\u00fcm\u00fcz\u00fc Ya\u015fataca\u011f\u0131z\u201d \u015fiar\u0131yla d\u00fczenlenecek olan Evvel Temmuz Festivali ba\u015fl\u0131yor. Hatay\u2019da d\u00fczenlenecek olan 24. Evvel Temmuz K\u00fclt\u00fcr Sanat Festivali, 7-17 Temmuz tarihleri aras\u0131nda ger\u00e7ekle\u015fecek. Festivalin temas\u0131 \u201cKentimizi Kuraca\u011f\u0131z, K\u00fclt\u00fcr\u00fcm\u00fcz\u00fc Ya\u015fataca\u011f\u0131z\u201d olarak belirlendi. Akdeniz K\u00fclt\u00fcr ve Dayan\u0131\u015fma Derne\u011fi taraf\u0131ndan d\u00fczenlenen festivalde, demokrasiye, bar\u0131\u015fa, ve halklar\u0131n e\u015fit ya\u015fam hakk\u0131na vurgu yap\u0131l\u0131yor.Akdeniz [&hellip;]","og_url":"https:\/\/epochtimestr.com\/index.php\/evvel-temmuz-kultur-sanat-festivali-basliyor","og_site_name":"The Epoch Times TR","article_publisher":"https:\/\/www.facebook.com\/theepochtimestr","article_published_time":"2024-07-08T04:43:16+00:00","article_modified_time":"2024-07-08T04:43:17+00:00","og_image":[{"width":1033,"height":1033,"url":"https:\/\/epochtimestr.com\/wp-content\/uploads\/2011y\/evvel.webp","type":"image\/webp"}],"author":"Haber Merkezi","twitter_card":"summary_large_image","twitter_creator":"@TheEpochTimesTR","twitter_site":"@TheEpochTimesTR","twitter_misc":{"Yazan:":"Haber Merkezi","Tahmini okuma s\u00fcresi":"3 dakika"},"schema":{"@context":"https:\/\/schema.org","@graph":[{"@type":"Article","@id":"https:\/\/epochtimestr.com\/index.php\/evvel-temmuz-kultur-sanat-festivali-basliyor#article","isPartOf":{"@id":"https:\/\/epochtimestr.com\/index.php\/evvel-temmuz-kultur-sanat-festivali-basliyor"},"author":{"name":"Haber Merkezi","@id":"https:\/\/epochtimestr.com\/#\/schema\/person\/3dc5c3adeb9f43923c5aa85889172fdd"},"headline":"Evvel Temmuz K\u00fclt\u00fcr Sanat Festivali Ba\u015fl\u0131yor","datePublished":"2024-07-08T04:43:16+00:00","dateModified":"2024-07-08T04:43:17+00:00","mainEntityOfPage":{"@id":"https:\/\/epochtimestr.com\/index.php\/evvel-temmuz-kultur-sanat-festivali-basliyor"},"wordCount":514,"publisher":{"@id":"https:\/\/epochtimestr.com\/#organization"},"image":{"@id":"https:\/\/epochtimestr.com\/index.php\/evvel-temmuz-kultur-sanat-festivali-basliyor#primaryimage"},"thumbnailUrl":"https:\/\/epochtimestr.com\/wp-content\/uploads\/2011y\/evvel.webp","articleSection":["Film &amp; TV","Geleneksel De\u011ferler","G\u00dcNDEM","MAN\u015eET","M\u00fczik","Plastik Sanatlar","Sahne Sanatlar\u0131","Sanat ve Gelenek","SANAT ve K\u00dcLT\u00dcR","T\u00dcRK\u0130YE","Yaz\u0131n"],"inLanguage":"tr"},{"@type":"WebPage","@id":"https:\/\/epochtimestr.com\/index.php\/evvel-temmuz-kultur-sanat-festivali-basliyor","url":"https:\/\/epochtimestr.com\/index.php\/evvel-temmuz-kultur-sanat-festivali-basliyor","name":"Evvel Temmuz K\u00fclt\u00fcr Sanat Festivali Ba\u015fl\u0131yor - The Epoch Times TR","isPartOf":{"@id":"https:\/\/epochtimestr.com\/#website"},"primaryImageOfPage":{"@id":"https:\/\/epochtimestr.com\/index.php\/evvel-temmuz-kultur-sanat-festivali-basliyor#primaryimage"},"image":{"@id":"https:\/\/epochtimestr.com\/index.php\/evvel-temmuz-kultur-sanat-festivali-basliyor#primaryimage"},"thumbnailUrl":"https:\/\/epochtimestr.com\/wp-content\/uploads\/2011y\/evvel.webp","datePublished":"2024-07-08T04:43:16+00:00","dateModified":"2024-07-08T04:43:17+00:00","inLanguage":"tr","potentialAction":[{"@type":"ReadAction","target":["https:\/\/epochtimestr.com\/index.php\/evvel-temmuz-kultur-sanat-festivali-basliyor"]}]},{"@type":"ImageObject","inLanguage":"tr","@id":"https:\/\/epochtimestr.com\/index.php\/evvel-temmuz-kultur-sanat-festivali-basliyor#primaryimage","url":"https:\/\/epochtimestr.com\/wp-content\/uploads\/2011y\/evvel.webp","contentUrl":"https:\/\/epochtimestr.com\/wp-content\/uploads\/2011y\/evvel.webp","width":1033,"height":1033},{"@type":"WebSite","@id":"https:\/\/epochtimestr.com\/#website","url":"https:\/\/epochtimestr.com\/","name":"The Epoch Times TR","description":"De\u011fi\u015fen D\u00fcnyam\u0131za Taze Bir Bak\u0131\u015f","publisher":{"@id":"https:\/\/epochtimestr.com\/#organization"},"potentialAction":[{"@type":"SearchAction","target":{"@type":"EntryPoint","urlTemplate":"https:\/\/epochtimestr.com\/?s={search_term_string}"},"query-input":"required name=search_term_string"}],"inLanguage":"tr"},{"@type":"Organization","@id":"https:\/\/epochtimestr.com\/#organization","name":"The EpochTimes T\u00fcrkiye","url":"https:\/\/epochtimestr.com\/","logo":{"@type":"ImageObject","inLanguage":"tr","@id":"https:\/\/epochtimestr.com\/#\/schema\/logo\/image\/","url":"https:\/\/epochtimestr.com\/wp-content\/uploads\/2011y\/ET-Logo-YG.jpg","contentUrl":"https:\/\/epochtimestr.com\/wp-content\/uploads\/2011y\/ET-Logo-YG.jpg","width":346,"height":29,"caption":"The EpochTimes T\u00fcrkiye"},"image":{"@id":"https:\/\/epochtimestr.com\/#\/schema\/logo\/image\/"},"sameAs":["https:\/\/www.facebook.com\/theepochtimestr","https:\/\/x.com\/TheEpochTimesTR","https:\/\/www.instagram.com\/epochtimestr"]},{"@type":"Person","@id":"https:\/\/epochtimestr.com\/#\/schema\/person\/3dc5c3adeb9f43923c5aa85889172fdd","name":"Haber Merkezi","image":{"@type":"ImageObject","inLanguage":"tr","@id":"https:\/\/epochtimestr.com\/#\/schema\/person\/image\/","url":"https:\/\/secure.gravatar.com\/avatar\/d73f772ba5a74f28601361e17c2f93e6?s=96&d=mm&r=g","contentUrl":"https:\/\/secure.gravatar.com\/avatar\/d73f772ba5a74f28601361e17c2f93e6?s=96&d=mm&r=g","caption":"Haber Merkezi"},"url":"https:\/\/epochtimestr.com\/index.php\/author\/sendag"}]}},"_links":{"self":[{"href":"https:\/\/epochtimestr.com\/index.php\/wp-json\/wp\/v2\/posts\/152931"}],"collection":[{"href":"https:\/\/epochtimestr.com\/index.php\/wp-json\/wp\/v2\/posts"}],"about":[{"href":"https:\/\/epochtimestr.com\/index.php\/wp-json\/wp\/v2\/types\/post"}],"author":[{"embeddable":true,"href":"https:\/\/epochtimestr.com\/index.php\/wp-json\/wp\/v2\/users\/12791"}],"replies":[{"embeddable":true,"href":"https:\/\/epochtimestr.com\/index.php\/wp-json\/wp\/v2\/comments?post=152931"}],"version-history":[{"count":1,"href":"https:\/\/epochtimestr.com\/index.php\/wp-json\/wp\/v2\/posts\/152931\/revisions"}],"predecessor-version":[{"id":152934,"href":"https:\/\/epochtimestr.com\/index.php\/wp-json\/wp\/v2\/posts\/152931\/revisions\/152934"}],"wp:featuredmedia":[{"embeddable":true,"href":"https:\/\/epochtimestr.com\/index.php\/wp-json\/wp\/v2\/media\/152932"}],"wp:attachment":[{"href":"https:\/\/epochtimestr.com\/index.php\/wp-json\/wp\/v2\/media?parent=152931"}],"wp:term":[{"taxonomy":"category","embeddable":true,"href":"https:\/\/epochtimestr.com\/index.php\/wp-json\/wp\/v2\/categories?post=152931"},{"taxonomy":"post_tag","embeddable":true,"href":"https:\/\/epochtimestr.com\/index.php\/wp-json\/wp\/v2\/tags?post=152931"}],"curies":[{"name":"wp","href":"https:\/\/api.w.org\/{rel}","templated":true}]}}