{"id":153047,"date":"2024-07-12T08:08:07","date_gmt":"2024-07-12T05:08:07","guid":{"rendered":"https:\/\/epochtimestr.com\/?p=153047"},"modified":"2024-08-12T12:49:11","modified_gmt":"2024-08-12T09:49:11","slug":"pervane-salman-qizi-abdullayeva-azerbaycan-secimlerinde-bagimsiz-aday-olacak","status":"publish","type":"post","link":"https:\/\/epochtimestr.com\/index.php\/pervane-salman-qizi-abdullayeva-azerbaycan-secimlerinde-bagimsiz-aday-olacak","title":{"rendered":"P\u0259rvan\u0259 Salman q\u0131z\u0131 Abdullayeva Azerbaycan Se\u00e7imlerinde Ba\u011f\u0131ms\u0131z Aday Olacak"},"content":{"rendered":"<div class=\"wp-block-image\">\n<figure class=\"aligncenter size-full is-resized\"><img loading=\"lazy\" decoding=\"async\" width=\"1280\" height=\"853\" src=\"https:\/\/epochtimestr.com\/wp-content\/uploads\/2011y\/Pervane-Salman.jpeg\" alt=\"\" class=\"wp-image-153048\" style=\"width:840px;height:auto\" srcset=\"https:\/\/epochtimestr.com\/wp-content\/uploads\/2011y\/Pervane-Salman.jpeg 1280w, https:\/\/epochtimestr.com\/wp-content\/uploads\/2011y\/Pervane-Salman-300x200.jpeg 300w, https:\/\/epochtimestr.com\/wp-content\/uploads\/2011y\/Pervane-Salman-150x100.jpeg 150w, https:\/\/epochtimestr.com\/wp-content\/uploads\/2011y\/Pervane-Salman-768x512.jpeg 768w\" sizes=\"(max-width: 1280px) 100vw, 1280px\" \/><figcaption class=\"wp-element-caption\">P\u0259rvan\u0259Salman q\u0131z\u0131 Abdullayeva<\/figcaption><\/figure><\/div>\n\n\n<p>Azerbaycan Cumhurba\u015fkan\u0131 \u0130lham Aliyev taraf\u0131ndan imzalanan kararnameyle Aliyev\u2019in Milli Meclisi feshetmesi \u00fczerine Kas\u0131m ay\u0131nda yap\u0131lmas\u0131 planlanan genel se\u00e7imler, 1 Eyl\u00fcl&#8217;e al\u0131nm\u0131\u015ft\u0131. Azerbaycan siyasi partileri adaylar\u0131n\u0131 belirlerken se\u00e7imlere girmek isteyen ba\u011f\u0131ms\u0131z adaylar da yava\u015f yava\u015f \u00f6ne \u00e7\u0131kmaya ba\u015flad\u0131. Azerbaycan\u2019\u0131n \u00f6nemli isimlerinden P\u0259rvan\u0259 Salman q\u0131z\u0131 Abdullayeva da se\u00e7imler \u00f6ncesinde ba\u011f\u0131ms\u0131z tekrar aday olaca\u011f\u0131n\u0131 a\u00e7\u0131klad\u0131. \u0130ki bayrak tek millet d\u00fc\u015f\u00fcncesini savunan ve T\u00fcrk devletleri aras\u0131ndaki ticaretin geli\u015ftirilmesi i\u00e7in \u00e7aba g\u00f6steren Abdullayeva Azerbeycan\u2019\u0131n \u00f6nemli bir kad\u0131n ismi olarak \u00f6ne \u00e7\u0131k\u0131yor.<\/p>\n\n\n\n<p>P\u0259rvan\u0259 Salman q\u0131z\u0131 Abdullayeva kimdir?<\/p>\n\n\n\n<p>P\u0259rvan\u0259 Salman q\u0131z\u0131 Abdullayeva, 1974 y\u0131l\u0131n\u0131n 10 Kas\u0131m&#8217;\u0131nda Neft\u00e7ala il\u00e7esinin Xolqarabucaq k\u00f6y\u00fcnde, ayd\u0131n bir ailede d\u00fcnyaya geldi. Orta\u00f6\u011frenimini do\u011fdu\u011fu k\u00f6ydeki ortaokulda \u00fcst\u00fcn ba\u015far\u0131 ile tamamlad\u0131ktan sonra Bak\u00fc \u015eehir 2 numaral\u0131 temel t\u0131p kolejinde devam etti. \u015eu anda Atat\u00fcrk \u00dcniversitesi Sosyoloji Fak\u00fcltesi&#8217;nde \u00f6\u011frenim g\u00f6rmektedir. 1993 y\u0131l\u0131nda evlendi. Evlendikten sonra e\u015fi ile birlikte Ukrayna&#8217;n\u0131n Kiev \u015fehrinde ya\u015fad\u0131. Kiev&#8217;de iki k\u0131z ve bir erkek olmak \u00fczere \u00fc\u00e7 \u00e7ocu\u011fu d\u00fcnyaya geldi. B\u00fcy\u00fck k\u0131z\u0131 evlidir ve ailesiyle birlikte Hollanda&#8217;n\u0131n Amsterdam \u015fehrinde ya\u015f\u0131yor. Abdullayeva&#8217;n\u0131n b\u00fcy\u00fck k\u0131z\u0131ndan bir k\u0131z ve bir erkek torunu var.<\/p>\n\n\n\n<p>Gen\u00e7lik y\u0131llar\u0131ndan itibaren \u015fiir ve edebiyata b\u00fcy\u00fck ilgi duyan P\u0259rvan\u0259 Salman, 1983-1984 y\u0131llar\u0131nda B\u00fclb\u00fcl ad\u0131na d\u00fczenlenen yar\u0131\u015fman\u0131n kazanan\u0131 oldu. 2011 y\u0131l\u0131nda Azerbaycan Cumhuriyeti K\u00fclt\u00fcr Bakanl\u0131\u011f\u0131 b\u00fcnyesinde faaliyet g\u00f6steren Ali Kerim ad\u0131na \u015eiir Kul\u00fcb\u00fc&#8217;n\u00fcn Gazetecilik-Raporlama Fak\u00fcltesine girdi ve 2013 y\u0131l\u0131nda mezun oldu. CIBS- CASPIAN INTERNATIONAL BUSINESS SERVICES&#8217;in &#8220;Zafer Yolu&#8221; Sava\u015f Kat\u0131l\u0131mc\u0131lar\u0131 ve \u015eehit Ailelerine \u0130nsani Destek Derne\u011fi&#8217;nin ba\u015fkan\u0131, zefernews.az sitesinin kurucusu ve y\u00f6neticisi, D\u00fcnya Af\u015farlar Derne\u011fi&#8217;nin Azerbaycan temsilcisi-ba\u015fkan\u0131, Uluslararas\u0131 Turan K\u0131z\u0131lelma Te\u015fkilat\u0131 Azarbaycan temsilcisi, Azerbaycan Hankido Federasyonu kurucu ba\u015fkan\u0131, B\u00dc- gazeteciler birli\u011fi \u00fcyesi, T\u00fcrkiye&#8217;nin Anasan-Anadolu Sanat\u00e7\u0131lar \u00fcyesi, Anasan-yazarlar birli\u011fi Azerbaycan temsilcisi, 21. Y\u00fczy\u0131l Ayd\u0131nlar\u0131 Derne\u011fi&#8217;nin icra direkt\u00f6r\u00fc, D\u00fcnya T\u00fcrk Ocaklar\u0131&#8217;n\u0131n Neft\u00e7ala ba\u015fkan\u0131, \u015e\u0259rqin s\u0259si ve Dostlar m\u0259\u015f\u0259li gazetelerinin ba\u015f edit\u00f6r\u00fc. \u0130lhaml\u0131 Azerbaycan madalyas\u0131, cesur sava\u015f\u00e7\u0131 madalyalar\u0131, Xar\u0131 b\u00fclb\u00fcl madalyas\u0131, Xar\u0131 b\u00fclb\u00fcl diplomas\u0131, Alt\u0131n Kalem \u00f6d\u00fcl\u00fc sahibi, Karaba\u011f Azerbaycan&#8217;d\u0131r! diplomas\u0131, Savunma Bakanl\u0131\u011f\u0131&#8217;n\u0131n bir\u00e7ok kez Onur Belgesi ve Adalet Bakanl\u0131\u011f\u0131&#8217;n\u0131n Onur Belgesi ile \u00f6d\u00fcllendirildi.<\/p>\n\n\n\n<p>P\u0259rvan\u0259 Salmanq\u0131z\u0131&#8217;n\u0131n &#8220;Demir Yumruk&#8221; adl\u0131 kitap ta dahil olmak \u00fczere birka\u00e7 kitab\u0131n yazar\u0131d\u0131r.<\/p>\n","protected":false},"excerpt":{"rendered":"<p>Azerbaycan Cumhurba\u015fkan\u0131 \u0130lham Aliyev taraf\u0131ndan imzalanan kararnameyle Aliyev\u2019in Milli Meclisi feshetmesi \u00fczerine Kas\u0131m ay\u0131nda yap\u0131lmas\u0131 planlanan genel se\u00e7imler, 1 Eyl\u00fcl&#8217;e al\u0131nm\u0131\u015ft\u0131. Azerbaycan siyasi partileri adaylar\u0131n\u0131 belirlerken se\u00e7imlere girmek isteyen ba\u011f\u0131ms\u0131z adaylar da yava\u015f yava\u015f \u00f6ne \u00e7\u0131kmaya ba\u015flad\u0131. Azerbaycan\u2019\u0131n \u00f6nemli isimlerinden P\u0259rvan\u0259 Salman q\u0131z\u0131 Abdullayeva da se\u00e7imler \u00f6ncesinde ba\u011f\u0131ms\u0131z tekrar aday olaca\u011f\u0131n\u0131 a\u00e7\u0131klad\u0131. \u0130ki bayrak tek [&hellip;]<\/p>\n","protected":false},"author":12791,"featured_media":153048,"comment_status":"closed","ping_status":"open","sticky":false,"template":"","format":"standard","meta":{"_yoast_wpseo_focuskw":"","_yoast_wpseo_title":"","_yoast_wpseo_metadesc":"","_bbp_topic_count":0,"_bbp_reply_count":0,"_bbp_total_topic_count":0,"_bbp_total_reply_count":0,"_bbp_voice_count":0,"_bbp_anonymous_reply_count":0,"_bbp_topic_count_hidden":0,"_bbp_reply_count_hidden":0,"_bbp_forum_subforum_count":0,"footnotes":"","_yoast_wpseo_focuskw_text_input":""},"categories":[1,8420],"tags":[],"yoast_head":"<!-- This site is optimized with the Yoast SEO plugin v23.0 - https:\/\/yoast.com\/wordpress\/plugins\/seo\/ -->\n<title>P\u0259rvan\u0259 Salman q\u0131z\u0131 Abdullayeva Azerbaycan Se\u00e7imlerinde Ba\u011f\u0131ms\u0131z Aday Olacak - The Epoch Times TR<\/title>\n<meta name=\"robots\" content=\"index, follow, max-snippet:-1, max-image-preview:large, max-video-preview:-1\" \/>\n<link rel=\"canonical\" href=\"https:\/\/epochtimestr.com\/index.php\/pervane-salman-qizi-abdullayeva-azerbaycan-secimlerinde-bagimsiz-aday-olacak\" \/>\n<meta property=\"og:locale\" content=\"tr_TR\" \/>\n<meta property=\"og:type\" content=\"article\" \/>\n<meta property=\"og:title\" content=\"P\u0259rvan\u0259 Salman q\u0131z\u0131 Abdullayeva Azerbaycan Se\u00e7imlerinde Ba\u011f\u0131ms\u0131z Aday Olacak - The Epoch Times TR\" \/>\n<meta property=\"og:description\" content=\"Azerbaycan Cumhurba\u015fkan\u0131 \u0130lham Aliyev taraf\u0131ndan imzalanan kararnameyle Aliyev\u2019in Milli Meclisi feshetmesi \u00fczerine Kas\u0131m ay\u0131nda yap\u0131lmas\u0131 planlanan genel se\u00e7imler, 1 Eyl\u00fcl&#8217;e al\u0131nm\u0131\u015ft\u0131. Azerbaycan siyasi partileri adaylar\u0131n\u0131 belirlerken se\u00e7imlere girmek isteyen ba\u011f\u0131ms\u0131z adaylar da yava\u015f yava\u015f \u00f6ne \u00e7\u0131kmaya ba\u015flad\u0131. Azerbaycan\u2019\u0131n \u00f6nemli isimlerinden P\u0259rvan\u0259 Salman q\u0131z\u0131 Abdullayeva da se\u00e7imler \u00f6ncesinde ba\u011f\u0131ms\u0131z tekrar aday olaca\u011f\u0131n\u0131 a\u00e7\u0131klad\u0131. \u0130ki bayrak tek [&hellip;]\" \/>\n<meta property=\"og:url\" content=\"https:\/\/epochtimestr.com\/index.php\/pervane-salman-qizi-abdullayeva-azerbaycan-secimlerinde-bagimsiz-aday-olacak\" \/>\n<meta property=\"og:site_name\" content=\"The Epoch Times TR\" \/>\n<meta property=\"article:publisher\" content=\"https:\/\/www.facebook.com\/theepochtimestr\" \/>\n<meta property=\"article:published_time\" content=\"2024-07-12T05:08:07+00:00\" \/>\n<meta property=\"article:modified_time\" content=\"2024-08-12T09:49:11+00:00\" \/>\n<meta property=\"og:image\" content=\"https:\/\/epochtimestr.com\/wp-content\/uploads\/2011y\/Pervane-Salman.jpeg\" \/>\n\t<meta property=\"og:image:width\" content=\"1280\" \/>\n\t<meta property=\"og:image:height\" content=\"853\" \/>\n\t<meta property=\"og:image:type\" content=\"image\/jpeg\" \/>\n<meta name=\"author\" content=\"Haber Merkezi\" \/>\n<meta name=\"twitter:card\" content=\"summary_large_image\" \/>\n<meta name=\"twitter:creator\" content=\"@TheEpochTimesTR\" \/>\n<meta name=\"twitter:site\" content=\"@TheEpochTimesTR\" \/>\n<meta name=\"twitter:label1\" content=\"Yazan:\" \/>\n\t<meta name=\"twitter:data1\" content=\"Haber Merkezi\" \/>\n\t<meta name=\"twitter:label2\" content=\"Tahmini okuma s\u00fcresi\" \/>\n\t<meta name=\"twitter:data2\" content=\"3 dakika\" \/>\n<script type=\"application\/ld+json\" class=\"yoast-schema-graph\">{\"@context\":\"https:\/\/schema.org\",\"@graph\":[{\"@type\":\"Article\",\"@id\":\"https:\/\/epochtimestr.com\/index.php\/pervane-salman-qizi-abdullayeva-azerbaycan-secimlerinde-bagimsiz-aday-olacak#article\",\"isPartOf\":{\"@id\":\"https:\/\/epochtimestr.com\/index.php\/pervane-salman-qizi-abdullayeva-azerbaycan-secimlerinde-bagimsiz-aday-olacak\"},\"author\":{\"name\":\"Haber Merkezi\",\"@id\":\"https:\/\/epochtimestr.com\/#\/schema\/person\/3dc5c3adeb9f43923c5aa85889172fdd\"},\"headline\":\"P\u0259rvan\u0259 Salman q\u0131z\u0131 Abdullayeva Azerbaycan Se\u00e7imlerinde Ba\u011f\u0131ms\u0131z Aday Olacak\",\"datePublished\":\"2024-07-12T05:08:07+00:00\",\"dateModified\":\"2024-08-12T09:49:11+00:00\",\"mainEntityOfPage\":{\"@id\":\"https:\/\/epochtimestr.com\/index.php\/pervane-salman-qizi-abdullayeva-azerbaycan-secimlerinde-bagimsiz-aday-olacak\"},\"wordCount\":491,\"publisher\":{\"@id\":\"https:\/\/epochtimestr.com\/#organization\"},\"image\":{\"@id\":\"https:\/\/epochtimestr.com\/index.php\/pervane-salman-qizi-abdullayeva-azerbaycan-secimlerinde-bagimsiz-aday-olacak#primaryimage\"},\"thumbnailUrl\":\"https:\/\/epochtimestr.com\/wp-content\/uploads\/2011y\/Pervane-Salman.jpeg\",\"articleSection\":[\"G\u00dcNDEM\",\"T\u00dcRK D\u00dcNYASI\"],\"inLanguage\":\"tr\"},{\"@type\":\"WebPage\",\"@id\":\"https:\/\/epochtimestr.com\/index.php\/pervane-salman-qizi-abdullayeva-azerbaycan-secimlerinde-bagimsiz-aday-olacak\",\"url\":\"https:\/\/epochtimestr.com\/index.php\/pervane-salman-qizi-abdullayeva-azerbaycan-secimlerinde-bagimsiz-aday-olacak\",\"name\":\"P\u0259rvan\u0259 Salman q\u0131z\u0131 Abdullayeva Azerbaycan Se\u00e7imlerinde Ba\u011f\u0131ms\u0131z Aday Olacak - The Epoch Times TR\",\"isPartOf\":{\"@id\":\"https:\/\/epochtimestr.com\/#website\"},\"primaryImageOfPage\":{\"@id\":\"https:\/\/epochtimestr.com\/index.php\/pervane-salman-qizi-abdullayeva-azerbaycan-secimlerinde-bagimsiz-aday-olacak#primaryimage\"},\"image\":{\"@id\":\"https:\/\/epochtimestr.com\/index.php\/pervane-salman-qizi-abdullayeva-azerbaycan-secimlerinde-bagimsiz-aday-olacak#primaryimage\"},\"thumbnailUrl\":\"https:\/\/epochtimestr.com\/wp-content\/uploads\/2011y\/Pervane-Salman.jpeg\",\"datePublished\":\"2024-07-12T05:08:07+00:00\",\"dateModified\":\"2024-08-12T09:49:11+00:00\",\"inLanguage\":\"tr\",\"potentialAction\":[{\"@type\":\"ReadAction\",\"target\":[\"https:\/\/epochtimestr.com\/index.php\/pervane-salman-qizi-abdullayeva-azerbaycan-secimlerinde-bagimsiz-aday-olacak\"]}]},{\"@type\":\"ImageObject\",\"inLanguage\":\"tr\",\"@id\":\"https:\/\/epochtimestr.com\/index.php\/pervane-salman-qizi-abdullayeva-azerbaycan-secimlerinde-bagimsiz-aday-olacak#primaryimage\",\"url\":\"https:\/\/epochtimestr.com\/wp-content\/uploads\/2011y\/Pervane-Salman.jpeg\",\"contentUrl\":\"https:\/\/epochtimestr.com\/wp-content\/uploads\/2011y\/Pervane-Salman.jpeg\",\"width\":1280,\"height\":853},{\"@type\":\"WebSite\",\"@id\":\"https:\/\/epochtimestr.com\/#website\",\"url\":\"https:\/\/epochtimestr.com\/\",\"name\":\"The Epoch Times TR\",\"description\":\"De\u011fi\u015fen D\u00fcnyam\u0131za Taze Bir Bak\u0131\u015f\",\"publisher\":{\"@id\":\"https:\/\/epochtimestr.com\/#organization\"},\"potentialAction\":[{\"@type\":\"SearchAction\",\"target\":{\"@type\":\"EntryPoint\",\"urlTemplate\":\"https:\/\/epochtimestr.com\/?s={search_term_string}\"},\"query-input\":\"required name=search_term_string\"}],\"inLanguage\":\"tr\"},{\"@type\":\"Organization\",\"@id\":\"https:\/\/epochtimestr.com\/#organization\",\"name\":\"The EpochTimes T\u00fcrkiye\",\"url\":\"https:\/\/epochtimestr.com\/\",\"logo\":{\"@type\":\"ImageObject\",\"inLanguage\":\"tr\",\"@id\":\"https:\/\/epochtimestr.com\/#\/schema\/logo\/image\/\",\"url\":\"https:\/\/epochtimestr.com\/wp-content\/uploads\/2011y\/ET-Logo-YG.jpg\",\"contentUrl\":\"https:\/\/epochtimestr.com\/wp-content\/uploads\/2011y\/ET-Logo-YG.jpg\",\"width\":346,\"height\":29,\"caption\":\"The EpochTimes T\u00fcrkiye\"},\"image\":{\"@id\":\"https:\/\/epochtimestr.com\/#\/schema\/logo\/image\/\"},\"sameAs\":[\"https:\/\/www.facebook.com\/theepochtimestr\",\"https:\/\/x.com\/TheEpochTimesTR\",\"https:\/\/www.instagram.com\/epochtimestr\"]},{\"@type\":\"Person\",\"@id\":\"https:\/\/epochtimestr.com\/#\/schema\/person\/3dc5c3adeb9f43923c5aa85889172fdd\",\"name\":\"Haber Merkezi\",\"image\":{\"@type\":\"ImageObject\",\"inLanguage\":\"tr\",\"@id\":\"https:\/\/epochtimestr.com\/#\/schema\/person\/image\/\",\"url\":\"https:\/\/secure.gravatar.com\/avatar\/d73f772ba5a74f28601361e17c2f93e6?s=96&d=mm&r=g\",\"contentUrl\":\"https:\/\/secure.gravatar.com\/avatar\/d73f772ba5a74f28601361e17c2f93e6?s=96&d=mm&r=g\",\"caption\":\"Haber Merkezi\"},\"url\":\"https:\/\/epochtimestr.com\/index.php\/author\/sendag\"}]}<\/script>\n<!-- \/ Yoast SEO plugin. -->","yoast_head_json":{"title":"P\u0259rvan\u0259 Salman q\u0131z\u0131 Abdullayeva Azerbaycan Se\u00e7imlerinde Ba\u011f\u0131ms\u0131z Aday Olacak - The Epoch Times TR","robots":{"index":"index","follow":"follow","max-snippet":"max-snippet:-1","max-image-preview":"max-image-preview:large","max-video-preview":"max-video-preview:-1"},"canonical":"https:\/\/epochtimestr.com\/index.php\/pervane-salman-qizi-abdullayeva-azerbaycan-secimlerinde-bagimsiz-aday-olacak","og_locale":"tr_TR","og_type":"article","og_title":"P\u0259rvan\u0259 Salman q\u0131z\u0131 Abdullayeva Azerbaycan Se\u00e7imlerinde Ba\u011f\u0131ms\u0131z Aday Olacak - The Epoch Times TR","og_description":"Azerbaycan Cumhurba\u015fkan\u0131 \u0130lham Aliyev taraf\u0131ndan imzalanan kararnameyle Aliyev\u2019in Milli Meclisi feshetmesi \u00fczerine Kas\u0131m ay\u0131nda yap\u0131lmas\u0131 planlanan genel se\u00e7imler, 1 Eyl\u00fcl&#8217;e al\u0131nm\u0131\u015ft\u0131. Azerbaycan siyasi partileri adaylar\u0131n\u0131 belirlerken se\u00e7imlere girmek isteyen ba\u011f\u0131ms\u0131z adaylar da yava\u015f yava\u015f \u00f6ne \u00e7\u0131kmaya ba\u015flad\u0131. Azerbaycan\u2019\u0131n \u00f6nemli isimlerinden P\u0259rvan\u0259 Salman q\u0131z\u0131 Abdullayeva da se\u00e7imler \u00f6ncesinde ba\u011f\u0131ms\u0131z tekrar aday olaca\u011f\u0131n\u0131 a\u00e7\u0131klad\u0131. \u0130ki bayrak tek [&hellip;]","og_url":"https:\/\/epochtimestr.com\/index.php\/pervane-salman-qizi-abdullayeva-azerbaycan-secimlerinde-bagimsiz-aday-olacak","og_site_name":"The Epoch Times TR","article_publisher":"https:\/\/www.facebook.com\/theepochtimestr","article_published_time":"2024-07-12T05:08:07+00:00","article_modified_time":"2024-08-12T09:49:11+00:00","og_image":[{"width":1280,"height":853,"url":"https:\/\/epochtimestr.com\/wp-content\/uploads\/2011y\/Pervane-Salman.jpeg","type":"image\/jpeg"}],"author":"Haber Merkezi","twitter_card":"summary_large_image","twitter_creator":"@TheEpochTimesTR","twitter_site":"@TheEpochTimesTR","twitter_misc":{"Yazan:":"Haber Merkezi","Tahmini okuma s\u00fcresi":"3 dakika"},"schema":{"@context":"https:\/\/schema.org","@graph":[{"@type":"Article","@id":"https:\/\/epochtimestr.com\/index.php\/pervane-salman-qizi-abdullayeva-azerbaycan-secimlerinde-bagimsiz-aday-olacak#article","isPartOf":{"@id":"https:\/\/epochtimestr.com\/index.php\/pervane-salman-qizi-abdullayeva-azerbaycan-secimlerinde-bagimsiz-aday-olacak"},"author":{"name":"Haber Merkezi","@id":"https:\/\/epochtimestr.com\/#\/schema\/person\/3dc5c3adeb9f43923c5aa85889172fdd"},"headline":"P\u0259rvan\u0259 Salman q\u0131z\u0131 Abdullayeva Azerbaycan Se\u00e7imlerinde Ba\u011f\u0131ms\u0131z Aday Olacak","datePublished":"2024-07-12T05:08:07+00:00","dateModified":"2024-08-12T09:49:11+00:00","mainEntityOfPage":{"@id":"https:\/\/epochtimestr.com\/index.php\/pervane-salman-qizi-abdullayeva-azerbaycan-secimlerinde-bagimsiz-aday-olacak"},"wordCount":491,"publisher":{"@id":"https:\/\/epochtimestr.com\/#organization"},"image":{"@id":"https:\/\/epochtimestr.com\/index.php\/pervane-salman-qizi-abdullayeva-azerbaycan-secimlerinde-bagimsiz-aday-olacak#primaryimage"},"thumbnailUrl":"https:\/\/epochtimestr.com\/wp-content\/uploads\/2011y\/Pervane-Salman.jpeg","articleSection":["G\u00dcNDEM","T\u00dcRK D\u00dcNYASI"],"inLanguage":"tr"},{"@type":"WebPage","@id":"https:\/\/epochtimestr.com\/index.php\/pervane-salman-qizi-abdullayeva-azerbaycan-secimlerinde-bagimsiz-aday-olacak","url":"https:\/\/epochtimestr.com\/index.php\/pervane-salman-qizi-abdullayeva-azerbaycan-secimlerinde-bagimsiz-aday-olacak","name":"P\u0259rvan\u0259 Salman q\u0131z\u0131 Abdullayeva Azerbaycan Se\u00e7imlerinde Ba\u011f\u0131ms\u0131z Aday Olacak - The Epoch Times TR","isPartOf":{"@id":"https:\/\/epochtimestr.com\/#website"},"primaryImageOfPage":{"@id":"https:\/\/epochtimestr.com\/index.php\/pervane-salman-qizi-abdullayeva-azerbaycan-secimlerinde-bagimsiz-aday-olacak#primaryimage"},"image":{"@id":"https:\/\/epochtimestr.com\/index.php\/pervane-salman-qizi-abdullayeva-azerbaycan-secimlerinde-bagimsiz-aday-olacak#primaryimage"},"thumbnailUrl":"https:\/\/epochtimestr.com\/wp-content\/uploads\/2011y\/Pervane-Salman.jpeg","datePublished":"2024-07-12T05:08:07+00:00","dateModified":"2024-08-12T09:49:11+00:00","inLanguage":"tr","potentialAction":[{"@type":"ReadAction","target":["https:\/\/epochtimestr.com\/index.php\/pervane-salman-qizi-abdullayeva-azerbaycan-secimlerinde-bagimsiz-aday-olacak"]}]},{"@type":"ImageObject","inLanguage":"tr","@id":"https:\/\/epochtimestr.com\/index.php\/pervane-salman-qizi-abdullayeva-azerbaycan-secimlerinde-bagimsiz-aday-olacak#primaryimage","url":"https:\/\/epochtimestr.com\/wp-content\/uploads\/2011y\/Pervane-Salman.jpeg","contentUrl":"https:\/\/epochtimestr.com\/wp-content\/uploads\/2011y\/Pervane-Salman.jpeg","width":1280,"height":853},{"@type":"WebSite","@id":"https:\/\/epochtimestr.com\/#website","url":"https:\/\/epochtimestr.com\/","name":"The Epoch Times TR","description":"De\u011fi\u015fen D\u00fcnyam\u0131za Taze Bir Bak\u0131\u015f","publisher":{"@id":"https:\/\/epochtimestr.com\/#organization"},"potentialAction":[{"@type":"SearchAction","target":{"@type":"EntryPoint","urlTemplate":"https:\/\/epochtimestr.com\/?s={search_term_string}"},"query-input":"required name=search_term_string"}],"inLanguage":"tr"},{"@type":"Organization","@id":"https:\/\/epochtimestr.com\/#organization","name":"The EpochTimes T\u00fcrkiye","url":"https:\/\/epochtimestr.com\/","logo":{"@type":"ImageObject","inLanguage":"tr","@id":"https:\/\/epochtimestr.com\/#\/schema\/logo\/image\/","url":"https:\/\/epochtimestr.com\/wp-content\/uploads\/2011y\/ET-Logo-YG.jpg","contentUrl":"https:\/\/epochtimestr.com\/wp-content\/uploads\/2011y\/ET-Logo-YG.jpg","width":346,"height":29,"caption":"The EpochTimes T\u00fcrkiye"},"image":{"@id":"https:\/\/epochtimestr.com\/#\/schema\/logo\/image\/"},"sameAs":["https:\/\/www.facebook.com\/theepochtimestr","https:\/\/x.com\/TheEpochTimesTR","https:\/\/www.instagram.com\/epochtimestr"]},{"@type":"Person","@id":"https:\/\/epochtimestr.com\/#\/schema\/person\/3dc5c3adeb9f43923c5aa85889172fdd","name":"Haber Merkezi","image":{"@type":"ImageObject","inLanguage":"tr","@id":"https:\/\/epochtimestr.com\/#\/schema\/person\/image\/","url":"https:\/\/secure.gravatar.com\/avatar\/d73f772ba5a74f28601361e17c2f93e6?s=96&d=mm&r=g","contentUrl":"https:\/\/secure.gravatar.com\/avatar\/d73f772ba5a74f28601361e17c2f93e6?s=96&d=mm&r=g","caption":"Haber Merkezi"},"url":"https:\/\/epochtimestr.com\/index.php\/author\/sendag"}]}},"_links":{"self":[{"href":"https:\/\/epochtimestr.com\/index.php\/wp-json\/wp\/v2\/posts\/153047"}],"collection":[{"href":"https:\/\/epochtimestr.com\/index.php\/wp-json\/wp\/v2\/posts"}],"about":[{"href":"https:\/\/epochtimestr.com\/index.php\/wp-json\/wp\/v2\/types\/post"}],"author":[{"embeddable":true,"href":"https:\/\/epochtimestr.com\/index.php\/wp-json\/wp\/v2\/users\/12791"}],"replies":[{"embeddable":true,"href":"https:\/\/epochtimestr.com\/index.php\/wp-json\/wp\/v2\/comments?post=153047"}],"version-history":[{"count":3,"href":"https:\/\/epochtimestr.com\/index.php\/wp-json\/wp\/v2\/posts\/153047\/revisions"}],"predecessor-version":[{"id":153053,"href":"https:\/\/epochtimestr.com\/index.php\/wp-json\/wp\/v2\/posts\/153047\/revisions\/153053"}],"wp:featuredmedia":[{"embeddable":true,"href":"https:\/\/epochtimestr.com\/index.php\/wp-json\/wp\/v2\/media\/153048"}],"wp:attachment":[{"href":"https:\/\/epochtimestr.com\/index.php\/wp-json\/wp\/v2\/media?parent=153047"}],"wp:term":[{"taxonomy":"category","embeddable":true,"href":"https:\/\/epochtimestr.com\/index.php\/wp-json\/wp\/v2\/categories?post=153047"},{"taxonomy":"post_tag","embeddable":true,"href":"https:\/\/epochtimestr.com\/index.php\/wp-json\/wp\/v2\/tags?post=153047"}],"curies":[{"name":"wp","href":"https:\/\/api.w.org\/{rel}","templated":true}]}}