{"id":153193,"date":"2024-07-18T09:56:14","date_gmt":"2024-07-18T06:56:14","guid":{"rendered":"https:\/\/epochtimestr.com\/?p=153193"},"modified":"2024-07-18T09:56:16","modified_gmt":"2024-07-18T06:56:16","slug":"cumhurbaskani-erdogan-anayasa-mahkemesine-metin-kiratliyi-atadi","status":"publish","type":"post","link":"https:\/\/epochtimestr.com\/index.php\/cumhurbaskani-erdogan-anayasa-mahkemesine-metin-kiratliyi-atadi","title":{"rendered":"Cumhurba\u015fkan\u0131 Erdo\u011fan Anayasa Mahkemesine Metin K\u0131ratl\u0131&#8217;y\u0131 Atad\u0131"},"content":{"rendered":"<div class=\"wp-block-image\">\n<figure class=\"aligncenter size-full\"><img loading=\"lazy\" decoding=\"async\" width=\"680\" height=\"453\" src=\"https:\/\/epochtimestr.com\/wp-content\/uploads\/2011y\/dr-metin-kiratli.jpg\" alt=\"\" class=\"wp-image-153194\" srcset=\"https:\/\/epochtimestr.com\/wp-content\/uploads\/2011y\/dr-metin-kiratli.jpg 680w, https:\/\/epochtimestr.com\/wp-content\/uploads\/2011y\/dr-metin-kiratli-300x200.jpg 300w, https:\/\/epochtimestr.com\/wp-content\/uploads\/2011y\/dr-metin-kiratli-150x100.jpg 150w\" sizes=\"(max-width: 680px) 100vw, 680px\" \/><figcaption class=\"wp-element-caption\">                                                                                                Foto\u011fraf: TCCB<\/figcaption><\/figure><\/div>\n\n\n<h2 class=\"wp-block-heading\">Cumhurba\u015fkanl\u0131\u011f\u0131 \u0130dari \u0130\u015fler Ba\u015fkan\u0131 Do\u00e7. Dr. Metin K\u0131ratl\u0131, Cumhurba\u015fkan\u0131 Erdo\u011fan taraf\u0131ndan AYM \u00fcyeli\u011fine atand\u0131.<\/h2>\n\n\n\n<p>Cumhurba\u015fkanl\u0131\u011f\u0131 \u0130dari \u0130\u015fler Ba\u015fkan\u0131 Do\u00e7. Dr. Metin K\u0131ratl\u0131, Cumhurba\u015fkan\u0131 Erdo\u011fan taraf\u0131ndan AYM \u00fcyeli\u011fine atand\u0131. Erdo\u011fan\u2019\u0131n Cumhurba\u015fkan\u0131 se\u00e7ilmesinin ard\u0131ndan Cumhurba\u015fkanl\u0131\u011f\u0131 Genel Sekreter Yard\u0131mc\u0131l\u0131\u011f\u0131&#8217;na ard\u0131ndan da \u0130dari \u0130\u015fler Ba\u015fkanl\u0131\u011f\u0131&#8217;na ve Y\u00d6K \u00fcyeli\u011fine atanan K\u0131ratl\u0131, be\u015f g\u00fcn \u00f6nce AKP Ankara \u0130l Ba\u015fkan Yard\u0131mc\u0131s\u0131 Serkan Korkutata ile Bodrum&#8217;da iki ki\u015filik yeme\u011fe 168 bin lira hesap \u00f6dedi\u011fi iddas\u0131yla g\u00fcndeme gelmi\u015fti. Ancak K\u0131ratl\u0131&#8217;n\u0131n talebiyle 100&#8217;den fazla haberi ayn\u0131 g\u00fcn eri\u015fime engellenmi\u015fti.Bu atamayla birlikte Erdo\u011fan, AYM&#8217;ye 10. \u00fcyesini atam\u0131\u015f oldu.<br \/>Atama karar\u0131 Resmi Gazete&#8217;de yay\u0131mlan\u0131rken, K\u0131ratl\u0131&#8217;dan bo\u015falan Cumhurba\u015fkanl\u0131\u011f\u0131 \u0130dari \u0130\u015fler Ba\u015fkanl\u0131\u011f\u0131 koltu\u011funa ise yine Erdo\u011fan&#8217;\u0131n karar\u0131yla Hakk\u0131 Susmaz atand\u0131.<\/p>\n\n\n\n<p><br \/><strong>MET\u0130N KIRATLI K\u0130MD\u0130R?<\/strong><br \/>14 \u015eubat 1969 tarihinde Konya\/Ere\u011fli\u2019de do\u011fdu. \u0130lkokul ve lise e\u011fitimini Ere\u011fli\u2019de tamamlad\u0131. Ankara \u00dcniversitesi Hukuk Fak\u00fcltesinden 1990 y\u0131l\u0131nda mezun oldu.<\/p>\n\n\n\n<p>T\u00fcrkiye ve Ortado\u011fu Amme \u0130daresi Enstit\u00fcs\u00fc Kamu Diplomasisi E\u011fitim Program\u0131 Goethe Enstit\u00fcs\u00fcnde (Berlin) yabanc\u0131 dil e\u011fitimi ald\u0131. Daha sonra \u0130stanbul Ticaret \u00dcniversitesi Sosyal Bilimler Enstit\u00fcs\u00fc \u00d6zel Hukuk Anabilim Dal\u0131 \u00d6zel Hukuk Tezli Y\u00fcksek Lisans Program\u0131n\u0131 bitirdi. K\u0131r\u0131kkale \u00dcniversitesinde doktora e\u011fitimini tamamlad\u0131.<\/p>\n\n\n\n<p>Ankara Adliyesinde h\u00e2kimlik staj\u0131na ba\u015flayan K\u0131ratl\u0131, staj bitimi s\u0131ras\u0131yla Ula\u015f H\u00e2kimli\u011fi, \u00c7ald\u0131ran H\u00e2kimli\u011fi, Yalva\u00e7 H\u00e2kimli\u011fi ve Manavgat H\u00e2kimli\u011fi g\u00f6revlerini yapm\u0131\u015f olup, 2004 y\u0131l\u0131nda Adalet Bakanl\u0131\u011f\u0131 Ceza \u0130\u015fleri Genel M\u00fcd\u00fcrl\u00fc\u011f\u00fcne atanarak Tetkik H\u00e2kimlik, Daire Ba\u015fkanl\u0131\u011f\u0131, Genel M\u00fcd\u00fcr Yard\u0131mc\u0131l\u0131\u011f\u0131 ve Genel M\u00fcd\u00fcr olarak g\u00f6rev alm\u0131\u015ft\u0131r. 2014 y\u0131l\u0131nda 12. Cumhurba\u015fkan\u0131 Erdo\u011fan\u2019\u0131n se\u00e7ilmesiyle Cumhurba\u015fkanl\u0131\u011f\u0131 Genel Sekreter Yard\u0131mc\u0131l\u0131\u011f\u0131 g\u00f6revine atanm\u0131\u015f olup, 3 A\u011fustos 2018 tarihinden itibaren de Cumhurba\u015fkanl\u0131\u011f\u0131 \u0130dari \u0130\u015fler Ba\u015fkan\u0131 olarak g\u00f6revini s\u00fcrd\u00fcrmektedir.<\/p>\n\n\n\n<p>23 Kas\u0131m 2018 tarihli Cumhurba\u015fkanl\u0131\u011f\u0131 Kararnamesi ile Y\u00d6K \u00dcyeli\u011fine atanm\u0131\u015ft\u0131r. Ayr\u0131ca, Akdeniz Havzas\u0131 ve Afrika Medeniyetleri Uygulama ve Ara\u015ft\u0131rma Merkezi Dan\u0131\u015fma Kurulu Ba\u015fkanl\u0131\u011f\u0131n\u0131 y\u00fcr\u00fctmektedir.<\/p>\n\n\n\n<p><\/p>\n\n\n\n<p><\/p>\n\n\n<div class=\"wp-block-image\">\n<figure class=\"aligncenter size-full\"><img loading=\"lazy\" decoding=\"async\" width=\"627\" height=\"541\" src=\"https:\/\/epochtimestr.com\/wp-content\/uploads\/2011y\/1721250879101-screenshot-104.jpg\" alt=\"\" class=\"wp-image-153195\" srcset=\"https:\/\/epochtimestr.com\/wp-content\/uploads\/2011y\/1721250879101-screenshot-104.jpg 627w, https:\/\/epochtimestr.com\/wp-content\/uploads\/2011y\/1721250879101-screenshot-104-300x259.jpg 300w, https:\/\/epochtimestr.com\/wp-content\/uploads\/2011y\/1721250879101-screenshot-104-150x129.jpg 150w\" sizes=\"(max-width: 627px) 100vw, 627px\" \/><\/figure><\/div>\n\n\n<p><\/p>\n\n\n<div class=\"wp-block-image\">\n<figure class=\"aligncenter size-full\"><img loading=\"lazy\" decoding=\"async\" width=\"585\" height=\"889\" src=\"https:\/\/epochtimestr.com\/wp-content\/uploads\/2011y\/1721250909702-screenshot-105.jpg\" alt=\"\" class=\"wp-image-153196\" srcset=\"https:\/\/epochtimestr.com\/wp-content\/uploads\/2011y\/1721250909702-screenshot-105.jpg 585w, https:\/\/epochtimestr.com\/wp-content\/uploads\/2011y\/1721250909702-screenshot-105-197x300.jpg 197w, https:\/\/epochtimestr.com\/wp-content\/uploads\/2011y\/1721250909702-screenshot-105-99x150.jpg 99w\" sizes=\"(max-width: 585px) 100vw, 585px\" \/><\/figure><\/div>","protected":false},"excerpt":{"rendered":"<p>Cumhurba\u015fkanl\u0131\u011f\u0131 \u0130dari \u0130\u015fler Ba\u015fkan\u0131 Do\u00e7. Dr. Metin K\u0131ratl\u0131, Cumhurba\u015fkan\u0131 Erdo\u011fan taraf\u0131ndan AYM \u00fcyeli\u011fine atand\u0131. Cumhurba\u015fkanl\u0131\u011f\u0131 \u0130dari \u0130\u015fler Ba\u015fkan\u0131 Do\u00e7. Dr. Metin K\u0131ratl\u0131, Cumhurba\u015fkan\u0131 Erdo\u011fan taraf\u0131ndan AYM \u00fcyeli\u011fine atand\u0131. Erdo\u011fan\u2019\u0131n Cumhurba\u015fkan\u0131 se\u00e7ilmesinin ard\u0131ndan Cumhurba\u015fkanl\u0131\u011f\u0131 Genel Sekreter Yard\u0131mc\u0131l\u0131\u011f\u0131&#8217;na ard\u0131ndan da \u0130dari \u0130\u015fler Ba\u015fkanl\u0131\u011f\u0131&#8217;na ve Y\u00d6K \u00fcyeli\u011fine atanan K\u0131ratl\u0131, be\u015f g\u00fcn \u00f6nce AKP Ankara \u0130l Ba\u015fkan Yard\u0131mc\u0131s\u0131 Serkan [&hellip;]<\/p>\n","protected":false},"author":12791,"featured_media":153194,"comment_status":"closed","ping_status":"open","sticky":false,"template":"","format":"standard","meta":{"_yoast_wpseo_focuskw":"Cumhurba\u015fkan\u0131 Erdo\u011fan Anayasa Mahkemesine Metin K\u0131ratl\u0131'y\u0131 Atad\u0131","_yoast_wpseo_title":"","_yoast_wpseo_metadesc":"","_bbp_topic_count":0,"_bbp_reply_count":0,"_bbp_total_topic_count":0,"_bbp_total_reply_count":0,"_bbp_voice_count":0,"_bbp_anonymous_reply_count":0,"_bbp_topic_count_hidden":0,"_bbp_reply_count_hidden":0,"_bbp_forum_subforum_count":0,"footnotes":"","_yoast_wpseo_focuskw_text_input":""},"categories":[1,8226,37],"tags":[],"yoast_head":"<!-- This site is optimized with the Yoast SEO plugin v23.0 - https:\/\/yoast.com\/wordpress\/plugins\/seo\/ -->\n<title>Cumhurba\u015fkan\u0131 Erdo\u011fan Anayasa Mahkemesine Metin K\u0131ratl\u0131&#039;y\u0131 Atad\u0131 - The Epoch Times TR<\/title>\n<meta name=\"robots\" content=\"index, follow, max-snippet:-1, max-image-preview:large, max-video-preview:-1\" \/>\n<link rel=\"canonical\" href=\"https:\/\/epochtimestr.com\/index.php\/cumhurbaskani-erdogan-anayasa-mahkemesine-metin-kiratliyi-atadi\" \/>\n<meta property=\"og:locale\" content=\"tr_TR\" \/>\n<meta property=\"og:type\" content=\"article\" \/>\n<meta property=\"og:title\" content=\"Cumhurba\u015fkan\u0131 Erdo\u011fan Anayasa Mahkemesine Metin K\u0131ratl\u0131&#039;y\u0131 Atad\u0131 - The Epoch Times TR\" \/>\n<meta property=\"og:description\" content=\"Cumhurba\u015fkanl\u0131\u011f\u0131 \u0130dari \u0130\u015fler Ba\u015fkan\u0131 Do\u00e7. Dr. Metin K\u0131ratl\u0131, Cumhurba\u015fkan\u0131 Erdo\u011fan taraf\u0131ndan AYM \u00fcyeli\u011fine atand\u0131. Cumhurba\u015fkanl\u0131\u011f\u0131 \u0130dari \u0130\u015fler Ba\u015fkan\u0131 Do\u00e7. Dr. Metin K\u0131ratl\u0131, Cumhurba\u015fkan\u0131 Erdo\u011fan taraf\u0131ndan AYM \u00fcyeli\u011fine atand\u0131. Erdo\u011fan\u2019\u0131n Cumhurba\u015fkan\u0131 se\u00e7ilmesinin ard\u0131ndan Cumhurba\u015fkanl\u0131\u011f\u0131 Genel Sekreter Yard\u0131mc\u0131l\u0131\u011f\u0131&#8217;na ard\u0131ndan da \u0130dari \u0130\u015fler Ba\u015fkanl\u0131\u011f\u0131&#8217;na ve Y\u00d6K \u00fcyeli\u011fine atanan K\u0131ratl\u0131, be\u015f g\u00fcn \u00f6nce AKP Ankara \u0130l Ba\u015fkan Yard\u0131mc\u0131s\u0131 Serkan [&hellip;]\" \/>\n<meta property=\"og:url\" content=\"https:\/\/epochtimestr.com\/index.php\/cumhurbaskani-erdogan-anayasa-mahkemesine-metin-kiratliyi-atadi\" \/>\n<meta property=\"og:site_name\" content=\"The Epoch Times TR\" \/>\n<meta property=\"article:publisher\" content=\"https:\/\/www.facebook.com\/theepochtimestr\" \/>\n<meta property=\"article:published_time\" content=\"2024-07-18T06:56:14+00:00\" \/>\n<meta property=\"article:modified_time\" content=\"2024-07-18T06:56:16+00:00\" \/>\n<meta property=\"og:image\" content=\"https:\/\/epochtimestr.com\/wp-content\/uploads\/2011y\/dr-metin-kiratli.jpg\" \/>\n\t<meta property=\"og:image:width\" content=\"680\" \/>\n\t<meta property=\"og:image:height\" content=\"453\" \/>\n\t<meta property=\"og:image:type\" content=\"image\/jpeg\" \/>\n<meta name=\"author\" content=\"Haber Merkezi\" \/>\n<meta name=\"twitter:card\" content=\"summary_large_image\" \/>\n<meta name=\"twitter:creator\" content=\"@TheEpochTimesTR\" \/>\n<meta name=\"twitter:site\" content=\"@TheEpochTimesTR\" \/>\n<meta name=\"twitter:label1\" content=\"Yazan:\" \/>\n\t<meta name=\"twitter:data1\" content=\"Haber Merkezi\" \/>\n\t<meta name=\"twitter:label2\" content=\"Tahmini okuma s\u00fcresi\" \/>\n\t<meta name=\"twitter:data2\" content=\"3 dakika\" \/>\n<script type=\"application\/ld+json\" class=\"yoast-schema-graph\">{\"@context\":\"https:\/\/schema.org\",\"@graph\":[{\"@type\":\"Article\",\"@id\":\"https:\/\/epochtimestr.com\/index.php\/cumhurbaskani-erdogan-anayasa-mahkemesine-metin-kiratliyi-atadi#article\",\"isPartOf\":{\"@id\":\"https:\/\/epochtimestr.com\/index.php\/cumhurbaskani-erdogan-anayasa-mahkemesine-metin-kiratliyi-atadi\"},\"author\":{\"name\":\"Haber Merkezi\",\"@id\":\"https:\/\/epochtimestr.com\/#\/schema\/person\/3dc5c3adeb9f43923c5aa85889172fdd\"},\"headline\":\"Cumhurba\u015fkan\u0131 Erdo\u011fan Anayasa Mahkemesine Metin K\u0131ratl\u0131&#8217;y\u0131 Atad\u0131\",\"datePublished\":\"2024-07-18T06:56:14+00:00\",\"dateModified\":\"2024-07-18T06:56:16+00:00\",\"mainEntityOfPage\":{\"@id\":\"https:\/\/epochtimestr.com\/index.php\/cumhurbaskani-erdogan-anayasa-mahkemesine-metin-kiratliyi-atadi\"},\"wordCount\":411,\"publisher\":{\"@id\":\"https:\/\/epochtimestr.com\/#organization\"},\"image\":{\"@id\":\"https:\/\/epochtimestr.com\/index.php\/cumhurbaskani-erdogan-anayasa-mahkemesine-metin-kiratliyi-atadi#primaryimage\"},\"thumbnailUrl\":\"https:\/\/epochtimestr.com\/wp-content\/uploads\/2011y\/dr-metin-kiratli.jpg\",\"articleSection\":[\"G\u00dcNDEM\",\"Siyaset\",\"T\u00dcRK\u0130YE\"],\"inLanguage\":\"tr\"},{\"@type\":\"WebPage\",\"@id\":\"https:\/\/epochtimestr.com\/index.php\/cumhurbaskani-erdogan-anayasa-mahkemesine-metin-kiratliyi-atadi\",\"url\":\"https:\/\/epochtimestr.com\/index.php\/cumhurbaskani-erdogan-anayasa-mahkemesine-metin-kiratliyi-atadi\",\"name\":\"Cumhurba\u015fkan\u0131 Erdo\u011fan Anayasa Mahkemesine Metin K\u0131ratl\u0131'y\u0131 Atad\u0131 - The Epoch Times TR\",\"isPartOf\":{\"@id\":\"https:\/\/epochtimestr.com\/#website\"},\"primaryImageOfPage\":{\"@id\":\"https:\/\/epochtimestr.com\/index.php\/cumhurbaskani-erdogan-anayasa-mahkemesine-metin-kiratliyi-atadi#primaryimage\"},\"image\":{\"@id\":\"https:\/\/epochtimestr.com\/index.php\/cumhurbaskani-erdogan-anayasa-mahkemesine-metin-kiratliyi-atadi#primaryimage\"},\"thumbnailUrl\":\"https:\/\/epochtimestr.com\/wp-content\/uploads\/2011y\/dr-metin-kiratli.jpg\",\"datePublished\":\"2024-07-18T06:56:14+00:00\",\"dateModified\":\"2024-07-18T06:56:16+00:00\",\"inLanguage\":\"tr\",\"potentialAction\":[{\"@type\":\"ReadAction\",\"target\":[\"https:\/\/epochtimestr.com\/index.php\/cumhurbaskani-erdogan-anayasa-mahkemesine-metin-kiratliyi-atadi\"]}]},{\"@type\":\"ImageObject\",\"inLanguage\":\"tr\",\"@id\":\"https:\/\/epochtimestr.com\/index.php\/cumhurbaskani-erdogan-anayasa-mahkemesine-metin-kiratliyi-atadi#primaryimage\",\"url\":\"https:\/\/epochtimestr.com\/wp-content\/uploads\/2011y\/dr-metin-kiratli.jpg\",\"contentUrl\":\"https:\/\/epochtimestr.com\/wp-content\/uploads\/2011y\/dr-metin-kiratli.jpg\",\"width\":680,\"height\":453},{\"@type\":\"WebSite\",\"@id\":\"https:\/\/epochtimestr.com\/#website\",\"url\":\"https:\/\/epochtimestr.com\/\",\"name\":\"The Epoch Times TR\",\"description\":\"De\u011fi\u015fen D\u00fcnyam\u0131za Taze Bir Bak\u0131\u015f\",\"publisher\":{\"@id\":\"https:\/\/epochtimestr.com\/#organization\"},\"potentialAction\":[{\"@type\":\"SearchAction\",\"target\":{\"@type\":\"EntryPoint\",\"urlTemplate\":\"https:\/\/epochtimestr.com\/?s={search_term_string}\"},\"query-input\":\"required name=search_term_string\"}],\"inLanguage\":\"tr\"},{\"@type\":\"Organization\",\"@id\":\"https:\/\/epochtimestr.com\/#organization\",\"name\":\"The EpochTimes T\u00fcrkiye\",\"url\":\"https:\/\/epochtimestr.com\/\",\"logo\":{\"@type\":\"ImageObject\",\"inLanguage\":\"tr\",\"@id\":\"https:\/\/epochtimestr.com\/#\/schema\/logo\/image\/\",\"url\":\"https:\/\/epochtimestr.com\/wp-content\/uploads\/2011y\/ET-Logo-YG.jpg\",\"contentUrl\":\"https:\/\/epochtimestr.com\/wp-content\/uploads\/2011y\/ET-Logo-YG.jpg\",\"width\":346,\"height\":29,\"caption\":\"The EpochTimes T\u00fcrkiye\"},\"image\":{\"@id\":\"https:\/\/epochtimestr.com\/#\/schema\/logo\/image\/\"},\"sameAs\":[\"https:\/\/www.facebook.com\/theepochtimestr\",\"https:\/\/x.com\/TheEpochTimesTR\",\"https:\/\/www.instagram.com\/epochtimestr\"]},{\"@type\":\"Person\",\"@id\":\"https:\/\/epochtimestr.com\/#\/schema\/person\/3dc5c3adeb9f43923c5aa85889172fdd\",\"name\":\"Haber Merkezi\",\"image\":{\"@type\":\"ImageObject\",\"inLanguage\":\"tr\",\"@id\":\"https:\/\/epochtimestr.com\/#\/schema\/person\/image\/\",\"url\":\"https:\/\/secure.gravatar.com\/avatar\/d73f772ba5a74f28601361e17c2f93e6?s=96&d=mm&r=g\",\"contentUrl\":\"https:\/\/secure.gravatar.com\/avatar\/d73f772ba5a74f28601361e17c2f93e6?s=96&d=mm&r=g\",\"caption\":\"Haber Merkezi\"},\"url\":\"https:\/\/epochtimestr.com\/index.php\/author\/sendag\"}]}<\/script>\n<!-- \/ Yoast SEO plugin. -->","yoast_head_json":{"title":"Cumhurba\u015fkan\u0131 Erdo\u011fan Anayasa Mahkemesine Metin K\u0131ratl\u0131'y\u0131 Atad\u0131 - The Epoch Times TR","robots":{"index":"index","follow":"follow","max-snippet":"max-snippet:-1","max-image-preview":"max-image-preview:large","max-video-preview":"max-video-preview:-1"},"canonical":"https:\/\/epochtimestr.com\/index.php\/cumhurbaskani-erdogan-anayasa-mahkemesine-metin-kiratliyi-atadi","og_locale":"tr_TR","og_type":"article","og_title":"Cumhurba\u015fkan\u0131 Erdo\u011fan Anayasa Mahkemesine Metin K\u0131ratl\u0131'y\u0131 Atad\u0131 - The Epoch Times TR","og_description":"Cumhurba\u015fkanl\u0131\u011f\u0131 \u0130dari \u0130\u015fler Ba\u015fkan\u0131 Do\u00e7. Dr. Metin K\u0131ratl\u0131, Cumhurba\u015fkan\u0131 Erdo\u011fan taraf\u0131ndan AYM \u00fcyeli\u011fine atand\u0131. Cumhurba\u015fkanl\u0131\u011f\u0131 \u0130dari \u0130\u015fler Ba\u015fkan\u0131 Do\u00e7. Dr. Metin K\u0131ratl\u0131, Cumhurba\u015fkan\u0131 Erdo\u011fan taraf\u0131ndan AYM \u00fcyeli\u011fine atand\u0131. Erdo\u011fan\u2019\u0131n Cumhurba\u015fkan\u0131 se\u00e7ilmesinin ard\u0131ndan Cumhurba\u015fkanl\u0131\u011f\u0131 Genel Sekreter Yard\u0131mc\u0131l\u0131\u011f\u0131&#8217;na ard\u0131ndan da \u0130dari \u0130\u015fler Ba\u015fkanl\u0131\u011f\u0131&#8217;na ve Y\u00d6K \u00fcyeli\u011fine atanan K\u0131ratl\u0131, be\u015f g\u00fcn \u00f6nce AKP Ankara \u0130l Ba\u015fkan Yard\u0131mc\u0131s\u0131 Serkan [&hellip;]","og_url":"https:\/\/epochtimestr.com\/index.php\/cumhurbaskani-erdogan-anayasa-mahkemesine-metin-kiratliyi-atadi","og_site_name":"The Epoch Times TR","article_publisher":"https:\/\/www.facebook.com\/theepochtimestr","article_published_time":"2024-07-18T06:56:14+00:00","article_modified_time":"2024-07-18T06:56:16+00:00","og_image":[{"width":680,"height":453,"url":"https:\/\/epochtimestr.com\/wp-content\/uploads\/2011y\/dr-metin-kiratli.jpg","type":"image\/jpeg"}],"author":"Haber Merkezi","twitter_card":"summary_large_image","twitter_creator":"@TheEpochTimesTR","twitter_site":"@TheEpochTimesTR","twitter_misc":{"Yazan:":"Haber Merkezi","Tahmini okuma s\u00fcresi":"3 dakika"},"schema":{"@context":"https:\/\/schema.org","@graph":[{"@type":"Article","@id":"https:\/\/epochtimestr.com\/index.php\/cumhurbaskani-erdogan-anayasa-mahkemesine-metin-kiratliyi-atadi#article","isPartOf":{"@id":"https:\/\/epochtimestr.com\/index.php\/cumhurbaskani-erdogan-anayasa-mahkemesine-metin-kiratliyi-atadi"},"author":{"name":"Haber Merkezi","@id":"https:\/\/epochtimestr.com\/#\/schema\/person\/3dc5c3adeb9f43923c5aa85889172fdd"},"headline":"Cumhurba\u015fkan\u0131 Erdo\u011fan Anayasa Mahkemesine Metin K\u0131ratl\u0131&#8217;y\u0131 Atad\u0131","datePublished":"2024-07-18T06:56:14+00:00","dateModified":"2024-07-18T06:56:16+00:00","mainEntityOfPage":{"@id":"https:\/\/epochtimestr.com\/index.php\/cumhurbaskani-erdogan-anayasa-mahkemesine-metin-kiratliyi-atadi"},"wordCount":411,"publisher":{"@id":"https:\/\/epochtimestr.com\/#organization"},"image":{"@id":"https:\/\/epochtimestr.com\/index.php\/cumhurbaskani-erdogan-anayasa-mahkemesine-metin-kiratliyi-atadi#primaryimage"},"thumbnailUrl":"https:\/\/epochtimestr.com\/wp-content\/uploads\/2011y\/dr-metin-kiratli.jpg","articleSection":["G\u00dcNDEM","Siyaset","T\u00dcRK\u0130YE"],"inLanguage":"tr"},{"@type":"WebPage","@id":"https:\/\/epochtimestr.com\/index.php\/cumhurbaskani-erdogan-anayasa-mahkemesine-metin-kiratliyi-atadi","url":"https:\/\/epochtimestr.com\/index.php\/cumhurbaskani-erdogan-anayasa-mahkemesine-metin-kiratliyi-atadi","name":"Cumhurba\u015fkan\u0131 Erdo\u011fan Anayasa Mahkemesine Metin K\u0131ratl\u0131'y\u0131 Atad\u0131 - The Epoch Times TR","isPartOf":{"@id":"https:\/\/epochtimestr.com\/#website"},"primaryImageOfPage":{"@id":"https:\/\/epochtimestr.com\/index.php\/cumhurbaskani-erdogan-anayasa-mahkemesine-metin-kiratliyi-atadi#primaryimage"},"image":{"@id":"https:\/\/epochtimestr.com\/index.php\/cumhurbaskani-erdogan-anayasa-mahkemesine-metin-kiratliyi-atadi#primaryimage"},"thumbnailUrl":"https:\/\/epochtimestr.com\/wp-content\/uploads\/2011y\/dr-metin-kiratli.jpg","datePublished":"2024-07-18T06:56:14+00:00","dateModified":"2024-07-18T06:56:16+00:00","inLanguage":"tr","potentialAction":[{"@type":"ReadAction","target":["https:\/\/epochtimestr.com\/index.php\/cumhurbaskani-erdogan-anayasa-mahkemesine-metin-kiratliyi-atadi"]}]},{"@type":"ImageObject","inLanguage":"tr","@id":"https:\/\/epochtimestr.com\/index.php\/cumhurbaskani-erdogan-anayasa-mahkemesine-metin-kiratliyi-atadi#primaryimage","url":"https:\/\/epochtimestr.com\/wp-content\/uploads\/2011y\/dr-metin-kiratli.jpg","contentUrl":"https:\/\/epochtimestr.com\/wp-content\/uploads\/2011y\/dr-metin-kiratli.jpg","width":680,"height":453},{"@type":"WebSite","@id":"https:\/\/epochtimestr.com\/#website","url":"https:\/\/epochtimestr.com\/","name":"The Epoch Times TR","description":"De\u011fi\u015fen D\u00fcnyam\u0131za Taze Bir Bak\u0131\u015f","publisher":{"@id":"https:\/\/epochtimestr.com\/#organization"},"potentialAction":[{"@type":"SearchAction","target":{"@type":"EntryPoint","urlTemplate":"https:\/\/epochtimestr.com\/?s={search_term_string}"},"query-input":"required name=search_term_string"}],"inLanguage":"tr"},{"@type":"Organization","@id":"https:\/\/epochtimestr.com\/#organization","name":"The EpochTimes T\u00fcrkiye","url":"https:\/\/epochtimestr.com\/","logo":{"@type":"ImageObject","inLanguage":"tr","@id":"https:\/\/epochtimestr.com\/#\/schema\/logo\/image\/","url":"https:\/\/epochtimestr.com\/wp-content\/uploads\/2011y\/ET-Logo-YG.jpg","contentUrl":"https:\/\/epochtimestr.com\/wp-content\/uploads\/2011y\/ET-Logo-YG.jpg","width":346,"height":29,"caption":"The EpochTimes T\u00fcrkiye"},"image":{"@id":"https:\/\/epochtimestr.com\/#\/schema\/logo\/image\/"},"sameAs":["https:\/\/www.facebook.com\/theepochtimestr","https:\/\/x.com\/TheEpochTimesTR","https:\/\/www.instagram.com\/epochtimestr"]},{"@type":"Person","@id":"https:\/\/epochtimestr.com\/#\/schema\/person\/3dc5c3adeb9f43923c5aa85889172fdd","name":"Haber Merkezi","image":{"@type":"ImageObject","inLanguage":"tr","@id":"https:\/\/epochtimestr.com\/#\/schema\/person\/image\/","url":"https:\/\/secure.gravatar.com\/avatar\/d73f772ba5a74f28601361e17c2f93e6?s=96&d=mm&r=g","contentUrl":"https:\/\/secure.gravatar.com\/avatar\/d73f772ba5a74f28601361e17c2f93e6?s=96&d=mm&r=g","caption":"Haber Merkezi"},"url":"https:\/\/epochtimestr.com\/index.php\/author\/sendag"}]}},"_links":{"self":[{"href":"https:\/\/epochtimestr.com\/index.php\/wp-json\/wp\/v2\/posts\/153193"}],"collection":[{"href":"https:\/\/epochtimestr.com\/index.php\/wp-json\/wp\/v2\/posts"}],"about":[{"href":"https:\/\/epochtimestr.com\/index.php\/wp-json\/wp\/v2\/types\/post"}],"author":[{"embeddable":true,"href":"https:\/\/epochtimestr.com\/index.php\/wp-json\/wp\/v2\/users\/12791"}],"replies":[{"embeddable":true,"href":"https:\/\/epochtimestr.com\/index.php\/wp-json\/wp\/v2\/comments?post=153193"}],"version-history":[{"count":1,"href":"https:\/\/epochtimestr.com\/index.php\/wp-json\/wp\/v2\/posts\/153193\/revisions"}],"predecessor-version":[{"id":153197,"href":"https:\/\/epochtimestr.com\/index.php\/wp-json\/wp\/v2\/posts\/153193\/revisions\/153197"}],"wp:featuredmedia":[{"embeddable":true,"href":"https:\/\/epochtimestr.com\/index.php\/wp-json\/wp\/v2\/media\/153194"}],"wp:attachment":[{"href":"https:\/\/epochtimestr.com\/index.php\/wp-json\/wp\/v2\/media?parent=153193"}],"wp:term":[{"taxonomy":"category","embeddable":true,"href":"https:\/\/epochtimestr.com\/index.php\/wp-json\/wp\/v2\/categories?post=153193"},{"taxonomy":"post_tag","embeddable":true,"href":"https:\/\/epochtimestr.com\/index.php\/wp-json\/wp\/v2\/tags?post=153193"}],"curies":[{"name":"wp","href":"https:\/\/api.w.org\/{rel}","templated":true}]}}