{"id":153670,"date":"2024-08-03T14:00:22","date_gmt":"2024-08-03T11:00:22","guid":{"rendered":"https:\/\/epochtimestr.com\/?p=153670"},"modified":"2024-08-05T16:13:07","modified_gmt":"2024-08-05T13:13:07","slug":"soykirimdan-bugune-romanlarin-acilari-hala-dinmiyor","status":"publish","type":"post","link":"https:\/\/epochtimestr.com\/index.php\/soykirimdan-bugune-romanlarin-acilari-hala-dinmiyor","title":{"rendered":"Soyk\u0131r\u0131mdan Bug\u00fcne Romanlar\u0131n Ac\u0131lar\u0131 Dinmek Bilmiyor  \u00a0"},"content":{"rendered":"<div class=\"wp-block-image\">\n<figure class=\"aligncenter size-full\"><img loading=\"lazy\" decoding=\"async\" width=\"1368\" height=\"911\" src=\"https:\/\/epochtimestr.com\/wp-content\/uploads\/2011y\/721651-1060656208.jpg\" alt=\"\" class=\"wp-image-153674\" srcset=\"https:\/\/epochtimestr.com\/wp-content\/uploads\/2011y\/721651-1060656208.jpg 1368w, https:\/\/epochtimestr.com\/wp-content\/uploads\/2011y\/721651-1060656208-300x200.jpg 300w, https:\/\/epochtimestr.com\/wp-content\/uploads\/2011y\/721651-1060656208-150x100.jpg 150w, https:\/\/epochtimestr.com\/wp-content\/uploads\/2011y\/721651-1060656208-768x511.jpg 768w\" sizes=\"(max-width: 1368px) 100vw, 1368px\" \/><figcaption class=\"wp-element-caption\">Auschwitz&#8217;teki Roman Kamp\u0131ndaki Roman mahkumlar \/(Foto\u011fraf:&nbsp;USHMM)<\/figcaption><\/figure><\/div>\n\n\n<p>T\u00fcm d\u00fcnyada 2. D\u00fcnya Sava\u015f\u0131 s\u0131ras\u0131nda Nazi toplama kamplar\u0131nda katledilen Romanlar\u0131 anmak i\u00e7in ger\u00e7ekle\u015ftirilen 2 A\u011fustos Roman Soyk\u0131r\u0131m\u0131n\u0131 Anma G\u00fcn\u00fc &nbsp;Mersin\u2019de Akdeniz Roman Dernekleri Federasyonu (AKROFMED) taraf\u0131ndan ger\u00e7ekle\u015ftirildi. T\u00fcrkiye Cumhuriyeti \u0130\u00e7i\u015fleri Bakanl\u0131\u011f\u0131 Sivil Toplum ile \u0130li\u015fkiler Genel M\u00fcd\u00fcrl\u00fc\u011f\u00fc taraf\u0131ndan desteklenen \u201cRoman K\u00fclt\u00fcr\u00fcn\u00fc Tan\u0131tma\u201d projesi kapsam\u0131nda ger\u00e7ekle\u015ftirilen etkinli\u011fe kamu ve yerel y\u00f6netimlerin temsilcilerinin yan\u0131 s\u0131ra sivil toplum ve i\u015f d\u00fcnyas\u0131ndan da \u00f6nemli ki\u015filer kat\u0131ld\u0131.<\/p>\n\n\n\n<p>Mersin\u2019de ilk defa ger\u00e7ekle\u015ftirilen etkinlikte yap\u0131lan sayg\u0131 duru\u015fu ve \u0130stiklal Mar\u015f\u0131\u2019n\u0131n okunmas\u0131n\u0131n ard\u0131ndan \u00d6zg\u00fcrl\u00fc\u011f\u00fc Yok Edilen Romanlar belgeseli izlendi. Belgeselden sonra Roman orkestras\u0131 e\u015fli\u011finde solist Dilek Polat Roman halk\u0131n\u0131n mar\u015f\u0131 olarak kabul edilen Gelem Gelem ve Ederlezzi \u015fark\u0131lar\u0131n\u0131 okudu. <\/p>\n\n\n<div class=\"wp-block-image\">\n<figure class=\"aligncenter size-large\"><img loading=\"lazy\" decoding=\"async\" width=\"1800\" height=\"1200\" src=\"https:\/\/epochtimestr.com\/wp-content\/uploads\/2011y\/IMG_4890-1800x1200.jpg\" alt=\"\" class=\"wp-image-153675\" srcset=\"https:\/\/epochtimestr.com\/wp-content\/uploads\/2011y\/IMG_4890-1800x1200.jpg 1800w, https:\/\/epochtimestr.com\/wp-content\/uploads\/2011y\/IMG_4890-300x200.jpg 300w, https:\/\/epochtimestr.com\/wp-content\/uploads\/2011y\/IMG_4890-150x100.jpg 150w, https:\/\/epochtimestr.com\/wp-content\/uploads\/2011y\/IMG_4890-768x512.jpg 768w, https:\/\/epochtimestr.com\/wp-content\/uploads\/2011y\/IMG_4890-1536x1024.jpg 1536w, https:\/\/epochtimestr.com\/wp-content\/uploads\/2011y\/IMG_4890-2048x1365.jpg 2048w\" sizes=\"(max-width: 1800px) 100vw, 1800px\" \/><\/figure><\/div>\n\n\n<p>Etkinlikte a\u00e7\u0131l\u0131\u015f konu\u015fmas\u0131n\u0131 yapan AKROMFED Ba\u015fkan\u0131 Ali Daylam, Romanlar\u0131n ikinci d\u00fcnya sava\u015f\u0131nda Nazi kamplar\u0131nda ya\u015fad\u0131klar\u0131 katliama Romanes dilinde \u201cSamudaripen\u201d dendi\u011fini ve bu kelimenin anlam\u0131n\u0131n \u201cB\u00fct\u00fcn yery\u00fcz\u00fcnde \u00f6l\u00fcm\u201d anlam\u0131na geldi\u011fini s\u00f6yledi. Bu katliamlar\u0131n Almanya d\u0131\u015f\u0131nda Polonya, Slovenya, Slovakya, \u00c7ekya\u2019da ve H\u0131rvatistan\u2019da &nbsp;ya\u015fand\u0131\u011f\u0131n\u0131 s\u00f6yleyen Daylam, o d\u00f6nemde Romanlar\u0131n mermi pahal\u0131 oldu\u011fu i\u00e7in palalar ile \u00f6ld\u00fcr\u00fcld\u00fc\u011f\u00fcn\u00fc ve nehirlerin g\u00fcnler boyunca kan akt\u0131\u011f\u0131n\u0131 belirtti. &nbsp;Bunun yan\u0131nda pek \u00e7ok Roman\u0131n da \u00fczerinde deneyler yap\u0131ld\u0131\u011f\u0131n\u0131 ve gaz odalar\u0131nda yok edildiklerini ifade etti.<\/p>\n\n\n\n<p>O d\u00f6nemde de bug\u00fcn oldu\u011fu gibi Romanlar\u0131n hep \u015fehirlerin \u00e7eperlerinde tutulduklar\u0131n\u0131 ve \u015fu andaki politikalar\u0131n da o zamanki politikalardan farkl\u0131 olmad\u0131\u011f\u0131n\u0131 s\u00f6yleyen Daylam, y\u00f6neticilerin b\u00f6yle ac\u0131lar\u0131 ya\u015fam\u0131\u015f ve s\u00fcrekli d\u0131\u015flanma ve \u00f6tekile\u015ftirme ile kar\u015f\u0131la\u015fm\u0131\u015f bir halk\u0131 anlayamad\u0131klar\u0131n\u0131 s\u00f6yledi. Romanlar hakk\u0131nda konu\u015ftuklar\u0131 y\u00f6neticilerin, \u201cNeden Romanlar da okumuyorlar ki, &nbsp;&nbsp;onlar da bizim gibi okusunlar, doktor, avukat ve m\u00fchendis olsunlar\u201d gibi s\u00f6zler s\u00f6ylemelerinin Romanlar\u0131 hi\u00e7 anlayamad\u0131klar\u0131 anlam\u0131na geldi\u011fini s\u00f6yleyen Daylam; \u201cBunu Mersin\u2019de neredeyse b\u00fct\u00fcn y\u00f6neticiler s\u00f6yl\u00fcyorlar ama Romanlar i\u00e7in \u015fartlar\u0131n e\u015fit olmad\u0131\u011f\u0131n\u0131 anlam\u0131yorlar. Ya\u015fam standartlar\u0131, ya\u015fad\u0131klar\u0131 evler, hayata bak\u0131\u015f a\u00e7\u0131lar\u0131, ebeveynlerinin e\u011fitim durumu; biz Romanlar hayata zaten 5-0 geriden ba\u015fl\u0131yoruz. O zaman \u015fartlar\u0131 e\u015fitlemek laz\u0131m. En b\u00fcy\u00fck sorun burada. Y\u00f6neticilerin bu derin yoksullu\u011fu g\u00f6rmemeleri ve &nbsp;yukar\u0131dan bir bak\u0131\u015f a\u00e7\u0131\u015f\u0131 ile konuyu de\u011ferlendirmeleri maalesef bu durumu daha \u00e7\u00f6z\u00fcms\u00fcz hale getiriyor.\u201d dedi. <\/p>\n\n\n\n<p><strong>\u00c7ak\u0131r; &#8221;&nbsp;Romanlar i\u00e7in elimizden geleni yapaca\u011f\u0131z.&#8221; <\/strong><\/p>\n\n\n\n<p>Daylam\u2019\u0131n konu\u015fmas\u0131n\u0131n ard\u0131ndan konu\u015fan Akdeniz Belediyesi K\u00fclt\u00fcr ve Sosyal \u0130\u015fler M\u00fcd\u00fcr\u00fc S\u0131ra\u00e7 \u00c7ar\u0131k Romanlar\u0131n y\u00fczy\u0131llard\u0131r \u00e7ok ciddi bask\u0131 alt\u0131nda ya\u015fad\u0131klar\u0131n\u0131 ve zul\u00fcmlere u\u011frad\u0131klar\u0131n\u0131 ve Romanlar\u0131 ciddi \u015fekilde \u00f6tekile\u015ftirilmi\u015f ve kimsesizle\u015ftirilmi\u015f bir halk olarak g\u00f6rd\u00fcklerini ifade etti. Akdeniz Belediyesi olarak e\u015f ba\u015fkanlar\u0131n da soruna ilgileriyle Romanlar i\u00e7in ellerinden gelen her \u015feyi yapacaklar\u0131n\u0131 vurgulad\u0131.<\/p>\n\n\n\n<p><strong>G\u00fcnde\u015f; &#8221; Romanlar 100 y\u0131l\u0131n \u00fczerinde bir s\u00fcredir <\/strong><strong>Mersin\u2019de<\/strong> <strong>bulunmalar\u0131na ra\u011fmen yeni yeni g\u00f6r\u00fcn\u00fcr olmaya ba\u015flad\u0131lar. &#8220;<\/strong><\/p>\n\n\n\n<p>Mersin B\u00fcy\u00fck\u015fehir Belediyesi Ba\u015fkan Dan\u0131\u015fman\u0131 Bedrettin G\u00fcnde\u015f de Romanlar\u0131n 1.000 y\u0131l \u00f6nce Hindistan\u2019dan \u00e7\u0131karak d\u00fcnyaya yay\u0131ld\u0131\u011f\u0131n\u0131 fakat gittikleri her yerde sahiplenilmesi gereken Romanlar\u0131n \u00f6tekile\u015ftirildi\u011fini, \u00f6rselendi\u011fini ve yok edilmeye \u00e7al\u0131\u015f\u0131ld\u0131\u011f\u0131n\u0131 s\u00f6yledi. Avrupa\u2019da da \u0131rk\u00e7\u0131 bir zihniyetle gelen Hitler\u2019in Romanlar\u0131n Avrupa halklar\u0131 aras\u0131nda olmas\u0131n\u0131 bir tehlike olarak g\u00f6rd\u00fc\u011f\u00fcn\u00fc ve bu y\u00fczden Romanlara bir soyk\u0131r\u0131m uyguland\u0131\u011f\u0131n\u0131 belirten G\u00fcnde\u015f; \u201cBu soyk\u0131r\u0131m\u0131 ge\u00e7ti\u011fimiz y\u0131l Ali Ba\u015fkan\u0131m\u0131z ile birlikte H\u0131rvatistan\u2019\u0131n Zagreb \u015fehrinde d\u00fczenlenen anma etkinli\u011finde yerinde ya\u015fad\u0131k. Oradaki an\u0131ta \u00e7i\u00e7ek b\u0131rakt\u0131k. &nbsp;Avrupa\u2019da uygulanan politikalar sebebiyle Romanlar\u0131 orada belirli bir noktaya gelebilmi\u015fler. &nbsp;Mersin\u2019de Romanlar\u0131n 100 y\u0131l\u0131n \u00fczerinde bir s\u00fcredir bulunmalar\u0131na ra\u011fmen yeni yeni g\u00f6r\u00fcn\u00fcr olmaya ba\u015flad\u0131lar. Bunu da toplumun \u00e7ok duyarl\u0131 bir kesimi yap\u0131yor. &nbsp;Romanlar\u0131n hayattan bekledikleri \u00e7ok fazla bir \u015fey yok. Onlar\u0131n istedikleri en do\u011fal haklar\u0131 olan bar\u0131nma, e\u011fitim ve istihdam haklar\u0131n\u0131n verilmesi. Bunun \u00f6tesinde istedikleri bir \u015fey yok.\u201d dedi.<\/p>\n\n\n\n<p>Konu\u015fmalar\u0131n ard\u0131ndan davetliler soyk\u0131r\u0131m\u0131 anma sergisini gezdi. Sergiyi gezen i\u015f insanlar\u0131 da etkinlikle ilgili d\u00fc\u015f\u00fcncelerini \u015fu \u015fekilde ifade etti.<\/p>\n\n\n\n<p><strong>&nbsp;\u0130\u015f \u0130nsan\u0131 Mustafa G\u00fcler; \u201c Burada payla\u015f\u0131lanlar \u0131rk\u00e7\u0131l\u0131\u011f\u0131n s\u0131n\u0131rlar\u0131n\u0131n nereye varabilece\u011fini g\u00f6steriyor.\u201d<\/strong><\/p>\n\n\n<div class=\"wp-block-image\">\n<figure class=\"alignleft size-large is-resized\"><img loading=\"lazy\" decoding=\"async\" width=\"800\" height=\"1200\" src=\"https:\/\/epochtimestr.com\/wp-content\/uploads\/2011y\/Mustafa--800x1200.jpg\" alt=\"\" class=\"wp-image-153671\" style=\"width:257px;height:auto\" srcset=\"https:\/\/epochtimestr.com\/wp-content\/uploads\/2011y\/Mustafa--800x1200.jpg 800w, https:\/\/epochtimestr.com\/wp-content\/uploads\/2011y\/Mustafa--200x300.jpg 200w, https:\/\/epochtimestr.com\/wp-content\/uploads\/2011y\/Mustafa--100x150.jpg 100w, https:\/\/epochtimestr.com\/wp-content\/uploads\/2011y\/Mustafa--768x1152.jpg 768w, https:\/\/epochtimestr.com\/wp-content\/uploads\/2011y\/Mustafa--1024x1536.jpg 1024w, https:\/\/epochtimestr.com\/wp-content\/uploads\/2011y\/Mustafa--1365x2048.jpg 1365w, https:\/\/epochtimestr.com\/wp-content\/uploads\/2011y\/Mustafa--scaled.jpg 1707w\" sizes=\"(max-width: 800px) 100vw, 800px\" \/><\/figure><\/div>\n\n\n<p>MES\u0130AD Ba\u015fkanlar Kurulu Ba\u015fkan\u0131 ve G\u00fcler Grup YK Ba\u015fkan\u0131 Mustafa G\u00fcler etkinlikle ilgili d\u00fc\u015f\u00fcncelerini \u015f\u00f6yle ifade etti; \u201cHer \u015feyden \u00f6nce b\u00f6yle bir anma etkinli\u011fi ile Romanlar\u0131n ya\u015fad\u0131klar\u0131 ac\u0131lara ortak olmak ve onlar\u0131n ac\u0131lar\u0131n\u0131 payla\u015fmak \u00e7ok \u00f6nemli ve de\u011ferliydi. Umuyorum bu t\u00fcr etkinlikler ile Romanlar\u0131n ya\u015fad\u0131klar\u0131 ac\u0131lar\u0131 bir nebze de olsa &nbsp;dindirebilir ve bu t\u00fcr olaylar\u0131n tekrar ya\u015fanmamas\u0131 i\u00e7in destek olabiliriz.<\/p>\n\n\n\n<p>Burada payla\u015f\u0131lanlar \u0131rk\u00e7\u0131l\u0131\u011f\u0131n s\u0131n\u0131rlar\u0131n\u0131n nereye varabilece\u011fini g\u00f6steriyor ve insanl\u0131\u011f\u0131 nas\u0131l bir ac\u0131ya bo\u011fabilece\u011fini bize net bir \u015fekilde g\u00f6steriyor. D\u00fcnyan\u0131n farkl\u0131 yerlerinde ya\u015fanan bu olaylar\u0131n \u00f6n\u00fcne ge\u00e7ebilmek i\u00e7in demokrasi, insan haklar\u0131 ve hukukun insan ya\u015fam\u0131 i\u00e7in vaz ge\u00e7ilmez oldu\u011funu da bize anlat\u0131yor. Bu etkinlik \u00f6zellikle bu t\u00fcr insanl\u0131\u011fa kar\u015f\u0131 i\u015flenmi\u015f su\u00e7lara kar\u015f\u0131 ortak irade koymak, barbarl\u0131\u011f\u0131 vurgulamak ve bu konudaki itirazlar\u0131m\u0131z\u0131 bildirmek a\u00e7\u0131s\u0131ndan \u00e7ok \u00f6nemliydi. Etkinli\u011fin ger\u00e7ekle\u015fmesinde eme\u011fi ge\u00e7en herkese te\u015fekk\u00fcr ediyorum.\u201d<\/p>\n\n\n\n<p><strong>\u0130\u015f \u0130nsan\u0131 H\u00fcseyin K\u0131\u015f; \u201c Her zaman \u00f6nce insan mottosu ile yola \u00e7\u0131kmal\u0131y\u0131z.\u201d<\/strong><\/p>\n\n\n<div class=\"wp-block-image\">\n<figure class=\"alignright size-large is-resized\"><img loading=\"lazy\" decoding=\"async\" width=\"800\" height=\"1200\" src=\"https:\/\/epochtimestr.com\/wp-content\/uploads\/2011y\/IMG_4878-800x1200.jpg\" alt=\"\" class=\"wp-image-153672\" style=\"width:283px;height:auto\" srcset=\"https:\/\/epochtimestr.com\/wp-content\/uploads\/2011y\/IMG_4878-800x1200.jpg 800w, https:\/\/epochtimestr.com\/wp-content\/uploads\/2011y\/IMG_4878-200x300.jpg 200w, https:\/\/epochtimestr.com\/wp-content\/uploads\/2011y\/IMG_4878-100x150.jpg 100w, https:\/\/epochtimestr.com\/wp-content\/uploads\/2011y\/IMG_4878-768x1152.jpg 768w, https:\/\/epochtimestr.com\/wp-content\/uploads\/2011y\/IMG_4878-1024x1536.jpg 1024w, https:\/\/epochtimestr.com\/wp-content\/uploads\/2011y\/IMG_4878-1365x2048.jpg 1365w, https:\/\/epochtimestr.com\/wp-content\/uploads\/2011y\/IMG_4878-scaled.jpg 1707w\" sizes=\"(max-width: 800px) 100vw, 800px\" \/><\/figure><\/div>\n\n\n<p>Etkinli\u011fe kat\u0131lan T\u00dcRKONFED YK \u00dcyesi ve Derya Grup YK Ba\u015fkan\u0131 H\u00fcseyin K\u0131\u015f da etkinlikle ilgili d\u00fc\u015f\u00fcncelerini \u015fu s\u00f6zlerle dile getirdi; \u201cBiz i\u015f insanlar\u0131 olarak s\u0131rf kimli\u011finden dolay\u0131 kimsenin ayr\u0131\u015ft\u0131r\u0131lmas\u0131ndan ve \u00f6tekile\u015ftirilmesinden yana de\u011filiz. Her zaman \u00f6nce insan mottosu ile yola \u00e7\u0131kmal\u0131y\u0131z. Romanlar da hepimizin sahip oldu\u011fu haklara sahiplerdir. Romanlar\u0131n ya\u015fam\u0131\u015f oldu\u011fu bu korkun\u00e7 katliam\u0131 k\u0131n\u0131yor ve her zaman Romanlar\u0131n yan\u0131nda oldu\u011fumuzu ifade etmek istiyorum. Romanlar\u0131n \u00e7ok zor \u015fartlar alt\u0131nda ya\u015fad\u0131klar\u0131n\u0131 g\u00f6r\u00fcyoruz; \u00a0e\u011fitim ve ya\u015fam ko\u015fullar\u0131 \u00e7ok k\u00f6t\u00fc durumda. H\u00fck\u00fcmet ve yerel y\u00f6netimler Romanlar\u0131n sorunlar\u0131n\u0131n \u00e7\u00f6z\u00fcm\u00fcnde daha etkin bir rol almal\u0131d\u0131r ve bizler de STKlar ve i\u015f insanlar\u0131 olarak bu \u00e7al\u0131\u015fmalarda onlara destek olmal\u0131y\u0131z. Hep beraber, el birli\u011fiyle Romanlar\u0131n sorunlar\u0131n\u0131n \u00e7\u00f6z\u00fcm\u00fc i\u00e7in birlikte \u00e7al\u0131\u015fmal\u0131y\u0131z.\u201d<\/p>\n\n\n\n<p><strong>Avukat Bilgin Ye\u015filbo\u011faz, \u201c\u0130nsan haklar\u0131, demokrasi ve hukukun \u00fcstl\u00fc\u011f\u00fc ilkelerinin her birimizin ya\u015fam\u0131 i\u00e7in ne kadar de\u011ferli ve \u00f6nemli oldu\u011funun fark\u0131na varmal\u0131y\u0131z.\u201d<\/strong><\/p>\n\n\n<div class=\"wp-block-image\">\n<figure class=\"alignleft size-large is-resized\"><img loading=\"lazy\" decoding=\"async\" width=\"800\" height=\"1200\" src=\"https:\/\/epochtimestr.com\/wp-content\/uploads\/2011y\/IMG_4875-800x1200.jpg\" alt=\"\" class=\"wp-image-153673\" style=\"width:241px;height:auto\" srcset=\"https:\/\/epochtimestr.com\/wp-content\/uploads\/2011y\/IMG_4875-800x1200.jpg 800w, https:\/\/epochtimestr.com\/wp-content\/uploads\/2011y\/IMG_4875-200x300.jpg 200w, https:\/\/epochtimestr.com\/wp-content\/uploads\/2011y\/IMG_4875-100x150.jpg 100w, https:\/\/epochtimestr.com\/wp-content\/uploads\/2011y\/IMG_4875-768x1152.jpg 768w, https:\/\/epochtimestr.com\/wp-content\/uploads\/2011y\/IMG_4875-1024x1536.jpg 1024w, https:\/\/epochtimestr.com\/wp-content\/uploads\/2011y\/IMG_4875-1365x2048.jpg 1365w, https:\/\/epochtimestr.com\/wp-content\/uploads\/2011y\/IMG_4875-scaled.jpg 1707w\" sizes=\"(max-width: 800px) 100vw, 800px\" \/><\/figure><\/div>\n\n\n<p>Mersin\u2019de hak savunucusu kimli\u011fiyle tan\u0131nan Mersin Baro Ba\u015fkanl\u0131\u011f\u0131 g\u00f6revini y\u00fcr\u00fctm\u00fc\u015f ve Uluslararas\u0131 Gazeteciler YK \u00dcyesi Bilgin Ye\u015filbo\u011faz da Romanlar\u0131n ya\u015fad\u0131klar\u0131 ile ilgili olarak \u015funlar\u0131 s\u00f6yledi; \u201cHepimiz Romanlar\u0131n ya\u015fad\u0131klar\u0131 bu korkun\u00e7 soyk\u0131r\u0131mdan ders \u00e7\u0131karmal\u0131y\u0131z. \u0130nsan haklar\u0131, demokrasi ve hukukun \u00fcstl\u00fc\u011f\u00fc ilkelerinin her birimizin ya\u015fam\u0131 i\u00e7in ne kadar de\u011ferli ve \u00f6nemli oldu\u011funun fark\u0131na varmal\u0131y\u0131z. E\u015fit yurtta\u015fl\u0131k bilinci ile hareket etmeli ve Romanlar gibi farkl\u0131 k\u00fclt\u00fcre sahip gruplar\u0131n ya\u015famas\u0131 ve ya\u015fat\u0131lmas\u0131na \u00f6zen g\u00f6stermeliyiz. Sahip oldu\u011fumuz bu \u00e7ok renklili\u011fin asl\u0131nda bizim zenginli\u011fimiz oldu\u011funa y\u00fcrekten inan\u0131yorum. Romanlar\u0131n sosyal, k\u00fclt\u00fcrel ve ekonomik anlamda desteklenmesi ve k\u00fclt\u00fcrlerinin ya\u015fat\u0131lmas\u0131 konusunda somut ad\u0131mlar ivedi \u015fekilde at\u0131lmal\u0131d\u0131r.\u201d &nbsp;<\/p>\n","protected":false},"excerpt":{"rendered":"<p>T\u00fcm d\u00fcnyada 2. D\u00fcnya Sava\u015f\u0131 s\u0131ras\u0131nda Nazi toplama kamplar\u0131nda katledilen Romanlar\u0131 anmak i\u00e7in ger\u00e7ekle\u015ftirilen 2 A\u011fustos Roman Soyk\u0131r\u0131m\u0131n\u0131 Anma G\u00fcn\u00fc &nbsp;Mersin\u2019de Akdeniz Roman Dernekleri Federasyonu (AKROFMED) taraf\u0131ndan ger\u00e7ekle\u015ftirildi. T\u00fcrkiye Cumhuriyeti \u0130\u00e7i\u015fleri Bakanl\u0131\u011f\u0131 Sivil Toplum ile \u0130li\u015fkiler Genel M\u00fcd\u00fcrl\u00fc\u011f\u00fc taraf\u0131ndan desteklenen \u201cRoman K\u00fclt\u00fcr\u00fcn\u00fc Tan\u0131tma\u201d projesi kapsam\u0131nda ger\u00e7ekle\u015ftirilen etkinli\u011fe kamu ve yerel y\u00f6netimlerin temsilcilerinin yan\u0131 s\u0131ra sivil [&hellip;]<\/p>\n","protected":false},"author":22,"featured_media":153674,"comment_status":"closed","ping_status":"open","sticky":false,"template":"","format":"standard","meta":{"_yoast_wpseo_focuskw":"","_yoast_wpseo_title":"","_yoast_wpseo_metadesc":"","_bbp_topic_count":0,"_bbp_reply_count":0,"_bbp_total_topic_count":0,"_bbp_total_reply_count":0,"_bbp_voice_count":0,"_bbp_anonymous_reply_count":0,"_bbp_topic_count_hidden":0,"_bbp_reply_count_hidden":0,"_bbp_forum_subforum_count":0,"footnotes":"","_yoast_wpseo_focuskw_text_input":""},"categories":[1,8138,60,37],"tags":[],"yoast_head":"<!-- This site is optimized with the Yoast SEO plugin v23.0 - https:\/\/yoast.com\/wordpress\/plugins\/seo\/ -->\n<title>Soyk\u0131r\u0131mdan Bug\u00fcne Romanlar\u0131n Ac\u0131lar\u0131 Dinmek Bilmiyor \u00a0 - The Epoch Times TR<\/title>\n<meta name=\"robots\" content=\"index, follow, max-snippet:-1, max-image-preview:large, max-video-preview:-1\" \/>\n<link rel=\"canonical\" href=\"https:\/\/epochtimestr.com\/index.php\/soykirimdan-bugune-romanlarin-acilari-hala-dinmiyor\" \/>\n<meta property=\"og:locale\" content=\"tr_TR\" \/>\n<meta property=\"og:type\" content=\"article\" \/>\n<meta property=\"og:title\" content=\"Soyk\u0131r\u0131mdan Bug\u00fcne Romanlar\u0131n Ac\u0131lar\u0131 Dinmek Bilmiyor \u00a0 - The Epoch Times TR\" \/>\n<meta property=\"og:description\" content=\"T\u00fcm d\u00fcnyada 2. D\u00fcnya Sava\u015f\u0131 s\u0131ras\u0131nda Nazi toplama kamplar\u0131nda katledilen Romanlar\u0131 anmak i\u00e7in ger\u00e7ekle\u015ftirilen 2 A\u011fustos Roman Soyk\u0131r\u0131m\u0131n\u0131 Anma G\u00fcn\u00fc &nbsp;Mersin\u2019de Akdeniz Roman Dernekleri Federasyonu (AKROFMED) taraf\u0131ndan ger\u00e7ekle\u015ftirildi. T\u00fcrkiye Cumhuriyeti \u0130\u00e7i\u015fleri Bakanl\u0131\u011f\u0131 Sivil Toplum ile \u0130li\u015fkiler Genel M\u00fcd\u00fcrl\u00fc\u011f\u00fc taraf\u0131ndan desteklenen \u201cRoman K\u00fclt\u00fcr\u00fcn\u00fc Tan\u0131tma\u201d projesi kapsam\u0131nda ger\u00e7ekle\u015ftirilen etkinli\u011fe kamu ve yerel y\u00f6netimlerin temsilcilerinin yan\u0131 s\u0131ra sivil [&hellip;]\" \/>\n<meta property=\"og:url\" content=\"https:\/\/epochtimestr.com\/index.php\/soykirimdan-bugune-romanlarin-acilari-hala-dinmiyor\" \/>\n<meta property=\"og:site_name\" content=\"The Epoch Times TR\" \/>\n<meta property=\"article:publisher\" content=\"https:\/\/www.facebook.com\/theepochtimestr\" \/>\n<meta property=\"article:published_time\" content=\"2024-08-03T11:00:22+00:00\" \/>\n<meta property=\"article:modified_time\" content=\"2024-08-05T13:13:07+00:00\" \/>\n<meta property=\"og:image\" content=\"https:\/\/epochtimestr.com\/wp-content\/uploads\/2011y\/721651-1060656208.jpg\" \/>\n\t<meta property=\"og:image:width\" content=\"1368\" \/>\n\t<meta property=\"og:image:height\" content=\"911\" \/>\n\t<meta property=\"og:image:type\" content=\"image\/jpeg\" \/>\n<meta name=\"author\" content=\"G.Hakan Ko\u00e7man\" \/>\n<meta name=\"twitter:card\" content=\"summary_large_image\" \/>\n<meta name=\"twitter:creator\" content=\"@TheEpochTimesTR\" \/>\n<meta name=\"twitter:site\" content=\"@TheEpochTimesTR\" \/>\n<meta name=\"twitter:label1\" content=\"Yazan:\" \/>\n\t<meta name=\"twitter:data1\" content=\"G.Hakan Ko\u00e7man\" \/>\n\t<meta name=\"twitter:label2\" content=\"Tahmini okuma s\u00fcresi\" \/>\n\t<meta name=\"twitter:data2\" content=\"7 dakika\" \/>\n<script type=\"application\/ld+json\" class=\"yoast-schema-graph\">{\"@context\":\"https:\/\/schema.org\",\"@graph\":[{\"@type\":\"Article\",\"@id\":\"https:\/\/epochtimestr.com\/index.php\/soykirimdan-bugune-romanlarin-acilari-hala-dinmiyor#article\",\"isPartOf\":{\"@id\":\"https:\/\/epochtimestr.com\/index.php\/soykirimdan-bugune-romanlarin-acilari-hala-dinmiyor\"},\"author\":{\"name\":\"G.Hakan Ko\u00e7man\",\"@id\":\"https:\/\/epochtimestr.com\/#\/schema\/person\/b5509977c9a6cd729a3e74d9743d035b\"},\"headline\":\"Soyk\u0131r\u0131mdan Bug\u00fcne Romanlar\u0131n Ac\u0131lar\u0131 Dinmek Bilmiyor \u00a0\",\"datePublished\":\"2024-08-03T11:00:22+00:00\",\"dateModified\":\"2024-08-05T13:13:07+00:00\",\"mainEntityOfPage\":{\"@id\":\"https:\/\/epochtimestr.com\/index.php\/soykirimdan-bugune-romanlarin-acilari-hala-dinmiyor\"},\"wordCount\":1430,\"publisher\":{\"@id\":\"https:\/\/epochtimestr.com\/#organization\"},\"image\":{\"@id\":\"https:\/\/epochtimestr.com\/index.php\/soykirimdan-bugune-romanlarin-acilari-hala-dinmiyor#primaryimage\"},\"thumbnailUrl\":\"https:\/\/epochtimestr.com\/wp-content\/uploads\/2011y\/721651-1060656208.jpg\",\"articleSection\":[\"G\u00dcNDEM\",\"MAN\u015eET\",\"Taslak'da b\u0131rak\",\"T\u00dcRK\u0130YE\"],\"inLanguage\":\"tr\"},{\"@type\":\"WebPage\",\"@id\":\"https:\/\/epochtimestr.com\/index.php\/soykirimdan-bugune-romanlarin-acilari-hala-dinmiyor\",\"url\":\"https:\/\/epochtimestr.com\/index.php\/soykirimdan-bugune-romanlarin-acilari-hala-dinmiyor\",\"name\":\"Soyk\u0131r\u0131mdan Bug\u00fcne Romanlar\u0131n Ac\u0131lar\u0131 Dinmek Bilmiyor \u00a0 - The Epoch Times TR\",\"isPartOf\":{\"@id\":\"https:\/\/epochtimestr.com\/#website\"},\"primaryImageOfPage\":{\"@id\":\"https:\/\/epochtimestr.com\/index.php\/soykirimdan-bugune-romanlarin-acilari-hala-dinmiyor#primaryimage\"},\"image\":{\"@id\":\"https:\/\/epochtimestr.com\/index.php\/soykirimdan-bugune-romanlarin-acilari-hala-dinmiyor#primaryimage\"},\"thumbnailUrl\":\"https:\/\/epochtimestr.com\/wp-content\/uploads\/2011y\/721651-1060656208.jpg\",\"datePublished\":\"2024-08-03T11:00:22+00:00\",\"dateModified\":\"2024-08-05T13:13:07+00:00\",\"inLanguage\":\"tr\",\"potentialAction\":[{\"@type\":\"ReadAction\",\"target\":[\"https:\/\/epochtimestr.com\/index.php\/soykirimdan-bugune-romanlarin-acilari-hala-dinmiyor\"]}]},{\"@type\":\"ImageObject\",\"inLanguage\":\"tr\",\"@id\":\"https:\/\/epochtimestr.com\/index.php\/soykirimdan-bugune-romanlarin-acilari-hala-dinmiyor#primaryimage\",\"url\":\"https:\/\/epochtimestr.com\/wp-content\/uploads\/2011y\/721651-1060656208.jpg\",\"contentUrl\":\"https:\/\/epochtimestr.com\/wp-content\/uploads\/2011y\/721651-1060656208.jpg\",\"width\":1368,\"height\":911},{\"@type\":\"WebSite\",\"@id\":\"https:\/\/epochtimestr.com\/#website\",\"url\":\"https:\/\/epochtimestr.com\/\",\"name\":\"The Epoch Times TR\",\"description\":\"De\u011fi\u015fen D\u00fcnyam\u0131za Taze Bir Bak\u0131\u015f\",\"publisher\":{\"@id\":\"https:\/\/epochtimestr.com\/#organization\"},\"potentialAction\":[{\"@type\":\"SearchAction\",\"target\":{\"@type\":\"EntryPoint\",\"urlTemplate\":\"https:\/\/epochtimestr.com\/?s={search_term_string}\"},\"query-input\":\"required name=search_term_string\"}],\"inLanguage\":\"tr\"},{\"@type\":\"Organization\",\"@id\":\"https:\/\/epochtimestr.com\/#organization\",\"name\":\"The EpochTimes T\u00fcrkiye\",\"url\":\"https:\/\/epochtimestr.com\/\",\"logo\":{\"@type\":\"ImageObject\",\"inLanguage\":\"tr\",\"@id\":\"https:\/\/epochtimestr.com\/#\/schema\/logo\/image\/\",\"url\":\"https:\/\/epochtimestr.com\/wp-content\/uploads\/2011y\/ET-Logo-YG.jpg\",\"contentUrl\":\"https:\/\/epochtimestr.com\/wp-content\/uploads\/2011y\/ET-Logo-YG.jpg\",\"width\":346,\"height\":29,\"caption\":\"The EpochTimes T\u00fcrkiye\"},\"image\":{\"@id\":\"https:\/\/epochtimestr.com\/#\/schema\/logo\/image\/\"},\"sameAs\":[\"https:\/\/www.facebook.com\/theepochtimestr\",\"https:\/\/x.com\/TheEpochTimesTR\",\"https:\/\/www.instagram.com\/epochtimestr\"]},{\"@type\":\"Person\",\"@id\":\"https:\/\/epochtimestr.com\/#\/schema\/person\/b5509977c9a6cd729a3e74d9743d035b\",\"name\":\"G.Hakan Ko\u00e7man\",\"image\":{\"@type\":\"ImageObject\",\"inLanguage\":\"tr\",\"@id\":\"https:\/\/epochtimestr.com\/#\/schema\/person\/image\/\",\"url\":\"https:\/\/secure.gravatar.com\/avatar\/e4eafee1ab5d1f4015c3930376b22ca8?s=96&d=mm&r=g\",\"contentUrl\":\"https:\/\/secure.gravatar.com\/avatar\/e4eafee1ab5d1f4015c3930376b22ca8?s=96&d=mm&r=g\",\"caption\":\"G.Hakan Ko\u00e7man\"},\"url\":\"https:\/\/epochtimestr.com\/index.php\/author\/hakan\"}]}<\/script>\n<!-- \/ Yoast SEO plugin. -->","yoast_head_json":{"title":"Soyk\u0131r\u0131mdan Bug\u00fcne Romanlar\u0131n Ac\u0131lar\u0131 Dinmek Bilmiyor \u00a0 - The Epoch Times TR","robots":{"index":"index","follow":"follow","max-snippet":"max-snippet:-1","max-image-preview":"max-image-preview:large","max-video-preview":"max-video-preview:-1"},"canonical":"https:\/\/epochtimestr.com\/index.php\/soykirimdan-bugune-romanlarin-acilari-hala-dinmiyor","og_locale":"tr_TR","og_type":"article","og_title":"Soyk\u0131r\u0131mdan Bug\u00fcne Romanlar\u0131n Ac\u0131lar\u0131 Dinmek Bilmiyor \u00a0 - The Epoch Times TR","og_description":"T\u00fcm d\u00fcnyada 2. D\u00fcnya Sava\u015f\u0131 s\u0131ras\u0131nda Nazi toplama kamplar\u0131nda katledilen Romanlar\u0131 anmak i\u00e7in ger\u00e7ekle\u015ftirilen 2 A\u011fustos Roman Soyk\u0131r\u0131m\u0131n\u0131 Anma G\u00fcn\u00fc &nbsp;Mersin\u2019de Akdeniz Roman Dernekleri Federasyonu (AKROFMED) taraf\u0131ndan ger\u00e7ekle\u015ftirildi. T\u00fcrkiye Cumhuriyeti \u0130\u00e7i\u015fleri Bakanl\u0131\u011f\u0131 Sivil Toplum ile \u0130li\u015fkiler Genel M\u00fcd\u00fcrl\u00fc\u011f\u00fc taraf\u0131ndan desteklenen \u201cRoman K\u00fclt\u00fcr\u00fcn\u00fc Tan\u0131tma\u201d projesi kapsam\u0131nda ger\u00e7ekle\u015ftirilen etkinli\u011fe kamu ve yerel y\u00f6netimlerin temsilcilerinin yan\u0131 s\u0131ra sivil [&hellip;]","og_url":"https:\/\/epochtimestr.com\/index.php\/soykirimdan-bugune-romanlarin-acilari-hala-dinmiyor","og_site_name":"The Epoch Times TR","article_publisher":"https:\/\/www.facebook.com\/theepochtimestr","article_published_time":"2024-08-03T11:00:22+00:00","article_modified_time":"2024-08-05T13:13:07+00:00","og_image":[{"width":1368,"height":911,"url":"https:\/\/epochtimestr.com\/wp-content\/uploads\/2011y\/721651-1060656208.jpg","type":"image\/jpeg"}],"author":"G.Hakan Ko\u00e7man","twitter_card":"summary_large_image","twitter_creator":"@TheEpochTimesTR","twitter_site":"@TheEpochTimesTR","twitter_misc":{"Yazan:":"G.Hakan Ko\u00e7man","Tahmini okuma s\u00fcresi":"7 dakika"},"schema":{"@context":"https:\/\/schema.org","@graph":[{"@type":"Article","@id":"https:\/\/epochtimestr.com\/index.php\/soykirimdan-bugune-romanlarin-acilari-hala-dinmiyor#article","isPartOf":{"@id":"https:\/\/epochtimestr.com\/index.php\/soykirimdan-bugune-romanlarin-acilari-hala-dinmiyor"},"author":{"name":"G.Hakan Ko\u00e7man","@id":"https:\/\/epochtimestr.com\/#\/schema\/person\/b5509977c9a6cd729a3e74d9743d035b"},"headline":"Soyk\u0131r\u0131mdan Bug\u00fcne Romanlar\u0131n Ac\u0131lar\u0131 Dinmek Bilmiyor \u00a0","datePublished":"2024-08-03T11:00:22+00:00","dateModified":"2024-08-05T13:13:07+00:00","mainEntityOfPage":{"@id":"https:\/\/epochtimestr.com\/index.php\/soykirimdan-bugune-romanlarin-acilari-hala-dinmiyor"},"wordCount":1430,"publisher":{"@id":"https:\/\/epochtimestr.com\/#organization"},"image":{"@id":"https:\/\/epochtimestr.com\/index.php\/soykirimdan-bugune-romanlarin-acilari-hala-dinmiyor#primaryimage"},"thumbnailUrl":"https:\/\/epochtimestr.com\/wp-content\/uploads\/2011y\/721651-1060656208.jpg","articleSection":["G\u00dcNDEM","MAN\u015eET","Taslak'da b\u0131rak","T\u00dcRK\u0130YE"],"inLanguage":"tr"},{"@type":"WebPage","@id":"https:\/\/epochtimestr.com\/index.php\/soykirimdan-bugune-romanlarin-acilari-hala-dinmiyor","url":"https:\/\/epochtimestr.com\/index.php\/soykirimdan-bugune-romanlarin-acilari-hala-dinmiyor","name":"Soyk\u0131r\u0131mdan Bug\u00fcne Romanlar\u0131n Ac\u0131lar\u0131 Dinmek Bilmiyor \u00a0 - The Epoch Times TR","isPartOf":{"@id":"https:\/\/epochtimestr.com\/#website"},"primaryImageOfPage":{"@id":"https:\/\/epochtimestr.com\/index.php\/soykirimdan-bugune-romanlarin-acilari-hala-dinmiyor#primaryimage"},"image":{"@id":"https:\/\/epochtimestr.com\/index.php\/soykirimdan-bugune-romanlarin-acilari-hala-dinmiyor#primaryimage"},"thumbnailUrl":"https:\/\/epochtimestr.com\/wp-content\/uploads\/2011y\/721651-1060656208.jpg","datePublished":"2024-08-03T11:00:22+00:00","dateModified":"2024-08-05T13:13:07+00:00","inLanguage":"tr","potentialAction":[{"@type":"ReadAction","target":["https:\/\/epochtimestr.com\/index.php\/soykirimdan-bugune-romanlarin-acilari-hala-dinmiyor"]}]},{"@type":"ImageObject","inLanguage":"tr","@id":"https:\/\/epochtimestr.com\/index.php\/soykirimdan-bugune-romanlarin-acilari-hala-dinmiyor#primaryimage","url":"https:\/\/epochtimestr.com\/wp-content\/uploads\/2011y\/721651-1060656208.jpg","contentUrl":"https:\/\/epochtimestr.com\/wp-content\/uploads\/2011y\/721651-1060656208.jpg","width":1368,"height":911},{"@type":"WebSite","@id":"https:\/\/epochtimestr.com\/#website","url":"https:\/\/epochtimestr.com\/","name":"The Epoch Times TR","description":"De\u011fi\u015fen D\u00fcnyam\u0131za Taze Bir Bak\u0131\u015f","publisher":{"@id":"https:\/\/epochtimestr.com\/#organization"},"potentialAction":[{"@type":"SearchAction","target":{"@type":"EntryPoint","urlTemplate":"https:\/\/epochtimestr.com\/?s={search_term_string}"},"query-input":"required name=search_term_string"}],"inLanguage":"tr"},{"@type":"Organization","@id":"https:\/\/epochtimestr.com\/#organization","name":"The EpochTimes T\u00fcrkiye","url":"https:\/\/epochtimestr.com\/","logo":{"@type":"ImageObject","inLanguage":"tr","@id":"https:\/\/epochtimestr.com\/#\/schema\/logo\/image\/","url":"https:\/\/epochtimestr.com\/wp-content\/uploads\/2011y\/ET-Logo-YG.jpg","contentUrl":"https:\/\/epochtimestr.com\/wp-content\/uploads\/2011y\/ET-Logo-YG.jpg","width":346,"height":29,"caption":"The EpochTimes T\u00fcrkiye"},"image":{"@id":"https:\/\/epochtimestr.com\/#\/schema\/logo\/image\/"},"sameAs":["https:\/\/www.facebook.com\/theepochtimestr","https:\/\/x.com\/TheEpochTimesTR","https:\/\/www.instagram.com\/epochtimestr"]},{"@type":"Person","@id":"https:\/\/epochtimestr.com\/#\/schema\/person\/b5509977c9a6cd729a3e74d9743d035b","name":"G.Hakan Ko\u00e7man","image":{"@type":"ImageObject","inLanguage":"tr","@id":"https:\/\/epochtimestr.com\/#\/schema\/person\/image\/","url":"https:\/\/secure.gravatar.com\/avatar\/e4eafee1ab5d1f4015c3930376b22ca8?s=96&d=mm&r=g","contentUrl":"https:\/\/secure.gravatar.com\/avatar\/e4eafee1ab5d1f4015c3930376b22ca8?s=96&d=mm&r=g","caption":"G.Hakan Ko\u00e7man"},"url":"https:\/\/epochtimestr.com\/index.php\/author\/hakan"}]}},"_links":{"self":[{"href":"https:\/\/epochtimestr.com\/index.php\/wp-json\/wp\/v2\/posts\/153670"}],"collection":[{"href":"https:\/\/epochtimestr.com\/index.php\/wp-json\/wp\/v2\/posts"}],"about":[{"href":"https:\/\/epochtimestr.com\/index.php\/wp-json\/wp\/v2\/types\/post"}],"author":[{"embeddable":true,"href":"https:\/\/epochtimestr.com\/index.php\/wp-json\/wp\/v2\/users\/22"}],"replies":[{"embeddable":true,"href":"https:\/\/epochtimestr.com\/index.php\/wp-json\/wp\/v2\/comments?post=153670"}],"version-history":[{"count":3,"href":"https:\/\/epochtimestr.com\/index.php\/wp-json\/wp\/v2\/posts\/153670\/revisions"}],"predecessor-version":[{"id":153718,"href":"https:\/\/epochtimestr.com\/index.php\/wp-json\/wp\/v2\/posts\/153670\/revisions\/153718"}],"wp:featuredmedia":[{"embeddable":true,"href":"https:\/\/epochtimestr.com\/index.php\/wp-json\/wp\/v2\/media\/153674"}],"wp:attachment":[{"href":"https:\/\/epochtimestr.com\/index.php\/wp-json\/wp\/v2\/media?parent=153670"}],"wp:term":[{"taxonomy":"category","embeddable":true,"href":"https:\/\/epochtimestr.com\/index.php\/wp-json\/wp\/v2\/categories?post=153670"},{"taxonomy":"post_tag","embeddable":true,"href":"https:\/\/epochtimestr.com\/index.php\/wp-json\/wp\/v2\/tags?post=153670"}],"curies":[{"name":"wp","href":"https:\/\/api.w.org\/{rel}","templated":true}]}}