{"id":154171,"date":"2024-08-29T11:08:03","date_gmt":"2024-08-29T08:08:03","guid":{"rendered":"https:\/\/epochtimestr.com\/?p=154171"},"modified":"2024-08-29T11:08:05","modified_gmt":"2024-08-29T08:08:05","slug":"tuik-dis-ticaret-istatistiklerini-acikladi","status":"publish","type":"post","link":"https:\/\/epochtimestr.com\/index.php\/tuik-dis-ticaret-istatistiklerini-acikladi","title":{"rendered":"T\u00dc\u0130K D\u0131\u015f Ticaret \u0130statistiklerini A\u00e7\u0131klad\u0131"},"content":{"rendered":"<div class=\"wp-block-image\">\n<figure class=\"aligncenter size-full\"><img loading=\"lazy\" decoding=\"async\" width=\"1280\" height=\"829\" src=\"https:\/\/epochtimestr.com\/wp-content\/uploads\/2011y\/tuik-dis-ticaret-1.jpg\" alt=\"\" class=\"wp-image-154172\" srcset=\"https:\/\/epochtimestr.com\/wp-content\/uploads\/2011y\/tuik-dis-ticaret-1.jpg 1280w, https:\/\/epochtimestr.com\/wp-content\/uploads\/2011y\/tuik-dis-ticaret-1-300x194.jpg 300w, https:\/\/epochtimestr.com\/wp-content\/uploads\/2011y\/tuik-dis-ticaret-1-150x97.jpg 150w, https:\/\/epochtimestr.com\/wp-content\/uploads\/2011y\/tuik-dis-ticaret-1-768x497.jpg 768w, https:\/\/epochtimestr.com\/wp-content\/uploads\/2011y\/tuik-dis-ticaret-1-210x136.jpg 210w\" sizes=\"(max-width: 1280px) 100vw, 1280px\" \/><\/figure><\/div>\n\n\n<h2 class=\"wp-block-heading\">T\u00fcrkiye \u0130statistik Kurumu (T\u00dc\u0130K), 2024 Temmuz ay\u0131 d\u0131\u015f ticaret a\u00e7\u0131\u011f\u0131n\u0131 a\u00e7\u0131klad\u0131. Buna g\u00f6re, temmuz ay\u0131nda y\u00fczde 41,8 d\u00fc\u015f\u00fc\u015fle 7,28 milyar dolara geriledi. Ayn\u0131 d\u00f6nemde ihracat y\u00fczde 13,8 artarken, ithalat y\u00fczde 7,8 azald\u0131.<\/h2>\n\n\n\n<p>T\u00fcrkiye \u0130statistik Kurumu (T\u00dc\u0130K), d\u0131\u015f ticaret a\u00e7\u0131\u011f\u0131 Temmuz ay\u0131 rakamlar\u0131n\u0131 a\u00e7\u0131klad\u0131. Temmuz ay\u0131nda d\u0131\u015f ticaret a\u00e7\u0131\u011f\u0131 bir \u00f6nceki y\u0131l\u0131n ayn\u0131 ay\u0131na g\u00f6re y\u00fczde 41,8 azalarak 12 milyar 532 milyon dolardan, 7 milyar 295 milyon dolara geriledi.D\u0131\u015f ticaret a\u00e7\u0131\u011f\u0131 bir \u00f6nceki y\u0131l\u0131n ayn\u0131 ay\u0131na g\u00f6re y\u00fczde 41,8 azalarak 12 milyar 532 milyon dolardan, 7 milyar 295 milyon dolara geriledi.<\/p>\n\n\n\n<p><\/p>\n\n\n\n<p><strong>ihracat Ocak-Temmuz d\u00f6neminde y\u00fczde 4,1 artt\u0131, ithalat y\u00fczde 8,3 azald\u0131<\/strong><\/p>\n\n\n\n<p>Genel ticaret sistemine g\u00f6re ihracat Ocak-Temmuz d\u00f6neminde bir \u00f6nceki y\u0131l\u0131n ayn\u0131 d\u00f6nemine g\u00f6re y\u00fczde 4,1 artarak 148 milyar 738 milyon dolar, ithalat y\u00fczde 8,3 azalarak 198 milyar 676 milyon dolar olarak ger\u00e7ekle\u015fti.<\/p>\n\n\n\n<p>Enerji \u00fcr\u00fcnleri ve parasal olmayan alt\u0131n hari\u00e7 ihracat, 2024 Temmuz ay\u0131nda y\u00fczde 13 artarak 18 milyar 157 milyon dolardan, 20 milyar 524 milyon dolara y\u00fckseldi. Temmuz ay\u0131nda enerji \u00fcr\u00fcnleri ve parasal olmayan alt\u0131n hari\u00e7 ithalat y\u00fczde 4,2 azalarak 24 milyar 536 milyon dolardan, 23 milyar 506 milyon dolara geriledi. Enerji \u00fcr\u00fcnleri ve parasal olmayan alt\u0131n hari\u00e7 d\u0131\u015f ticaret a\u00e7\u0131\u011f\u0131 Temmuz ay\u0131nda 2 milyar 982 milyon dolar olarak ger\u00e7ekle\u015fti. D\u0131\u015f ticaret hacmi y\u00fczde 3,1 artarak 44 milyar 30 milyon dolar oldu. S\u00f6z konusu ayda enerji ve alt\u0131n hari\u00e7 ihracat\u0131n ithalat\u0131 kar\u015f\u0131lama oran\u0131 y\u00fczde 87,3 oldu.<\/p>\n\n\n\n<p><\/p>\n\n\n\n<p><strong>d\u0131\u015f ticaret a\u00e7\u0131\u011f\u0131 7 milyar 295 milyon dolara geriledi<\/strong><\/p>\n\n\n\n<p><\/p>\n\n\n\n<p>Temmuz ay\u0131nda d\u0131\u015f ticaret a\u00e7\u0131\u011f\u0131 bir \u00f6nceki y\u0131l\u0131n ayn\u0131 ay\u0131na g\u00f6re y\u00fczde 41,8 azalarak 12 milyar 532 milyon dolardan, 7 milyar 295 milyon dolara geriledi. \u0130hracat\u0131n ithalat\u0131 kar\u015f\u0131lama oran\u0131 2023 Temmuz ay\u0131nda y\u00fczde 61,2 iken, 2024 Temmuz ay\u0131nda y\u00fczde 75,5&#8217;e y\u00fckseldi.<br \/>Ocak-Temmuz d\u00f6neminde d\u0131\u015f ticaret a\u00e7\u0131\u011f\u0131 y\u00fczde 32,4 azalarak 73 milyar 857 milyon dolardan, 49 milyar 938 milyon dolara geriledi. \u0130hracat\u0131n ithalat\u0131 kar\u015f\u0131lama oran\u0131 2023 Ocak-Temmuz d\u00f6neminde y\u00fczde 65,9 iken, 2024 y\u0131l\u0131n\u0131n ayn\u0131 d\u00f6neminde y\u00fczde 74,9&#8217;a y\u00fckseldi.<\/p>\n\n\n\n<p><\/p>\n\n\n\n<p><strong>imalat sanayinin ihracattaki pay\u0131 y\u00fczde 94,5<\/strong><\/p>\n\n\n\n<p>Ekonomik faaliyetlere g\u00f6re ihracatta, 2024 Temmuz ay\u0131nda imalat sanayinin pay\u0131 y\u00fczde 94,5, tar\u0131m, ormanc\u0131l\u0131k ve bal\u0131k\u00e7\u0131l\u0131k sekt\u00f6r\u00fcn\u00fcn pay\u0131 y\u00fczde 2,8, madencilik ve ta\u015focak\u00e7\u0131l\u0131\u011f\u0131 sekt\u00f6r\u00fcn\u00fcn pay\u0131 y\u00fczde 2,1 oldu.<\/p>\n\n\n\n<p>Ocak-Temmuz d\u00f6neminde ekonomik faaliyetlere g\u00f6re ihracatta imalat sanayinin pay\u0131 y\u00fczde 94,3, tar\u0131m, ormanc\u0131l\u0131k ve bal\u0131k\u00e7\u0131l\u0131k sekt\u00f6r\u00fcn\u00fcn pay\u0131 y\u00fczde 3,6, madencilik ve ta\u015focak\u00e7\u0131l\u0131\u011f\u0131 sekt\u00f6r\u00fcn\u00fcn pay\u0131 y\u00fczde 1,7 olarak ger\u00e7ekle\u015fti.<\/p>\n\n\n\n<p><\/p>\n\n\n\n<p><strong>ara mallar\u0131n\u0131n pay\u0131 y\u00fczde 68,6<\/strong><br \/>Geni\u015f ekonomik gruplar s\u0131n\u0131flamas\u0131na g\u00f6re ithalatta, 2024 Temmuz ay\u0131nda ara mallar\u0131n\u0131n pay\u0131 y\u00fczde 68,6, sermaye mallar\u0131n\u0131n pay\u0131 y\u00fczde 15,9 ve t\u00fcketim mallar\u0131n\u0131n pay\u0131 y\u00fczde 15,3 oldu. \u0130thalatta, 2024 Ocak-Temmuz d\u00f6neminde ara mallar\u0131n\u0131n pay\u0131 y\u00fczde 69,7, sermaye mallar\u0131n\u0131n pay\u0131 y\u00fczde 14,8 ve t\u00fcketim mallar\u0131n\u0131n pay\u0131 y\u00fczde 15,3 oldu.<\/p>\n\n\n\n<p><\/p>\n\n\n\n<p><strong>ihracatta ilk s\u0131ray\u0131 Almanya ald\u0131<\/strong><br \/>Temmuz ay\u0131nda ihracatta ilk s\u0131ray\u0131 Almanya ald\u0131. Almanya&#8217;ya yap\u0131lan ihracat 1 milyar 752 milyon dolar olurken, bu \u00fclkeyi s\u0131ras\u0131yla; 1 milyar 604 milyon dolar ile Birle\u015fik Krall\u0131k, 1 milyar 441 milyon dolar ile ABD, 1 milyar 59 milyon dolar ile Irak, 1 milyar 29 milyon dolar ile \u0130talya takip etti. \u0130lk 5 \u00fclkeye yap\u0131lan ihracat, toplam ihracat\u0131n y\u00fczde 30,6&#8217;s\u0131n\u0131 olu\u015fturdu.<\/p>\n\n\n\n<p><\/p>\n\n\n\n<p>Ocak-Temmuz d\u00f6neminde ihracatta ilk s\u0131ray\u0131 Almanya ald\u0131. Almanya&#8217;ya yap\u0131lan ihracat 11 milyar 952 milyon dolar olurken, bu \u00fclkeyi s\u0131ras\u0131yla; 9 milyar 223 milyon dolar ile ABD, 8 milyar 561 milyon dolar ile Birle\u015fik Krall\u0131k, 7 milyar 480 milyon dolar ile \u0130talya ve 7 milyar 284 milyon dolar ile Irak takip etti. \u0130lk 5 \u00fclkeye yap\u0131lan ihracat, toplam ihracat\u0131n y\u00fczde 29,9&#8217;unu olu\u015fturdu.<\/p>\n\n\n\n<p><\/p>\n\n\n\n<p><strong>ithalatta ise \u00c7in ilk s\u0131ray\u0131 ald\u0131<\/strong><br \/>Temmuz ay\u0131nda ithalatta ise \u00c7in ilk s\u0131ray\u0131 ald\u0131. Temmuz ay\u0131nda \u00c7in&#8217;den yap\u0131lan ithalat 4 milyar 155 milyon dolar olurken, bu \u00fclkeyi s\u0131ras\u0131yla; 3 milyar 773 milyon dolar ile Rusya Federasyonu, 2 milyar 535 milyon dolar ile Almanya, 1 milyar 407 milyon dolar ile \u0130talya, 1 milyar 400 milyon dolar ile ABD izledi. \u0130lk 5 \u00fclkeden yap\u0131lan ithalat, toplam ithalat\u0131n y\u00fczde 44,5&#8217;ini olu\u015fturdu.<\/p>\n\n\n\n<p><\/p>\n\n\n\n<p>Ocak-Temmuz d\u00f6neminde ithalatta ilk s\u0131ray\u0131 Rusya ald\u0131. Rusya Federasyonu&#8217;ndan yap\u0131lan ithalat 25 milyar 814 milyon dolar olurken, bu \u00fclkeyi s\u0131ras\u0131yla; 25 milyar 435 milyon dolar ile \u00c7in, 15 milyar 301 milyon dolar ile Almanya, 11 milyar 83 milyon dolar ile \u0130talya, 9 milyar 535 milyon dolar ile ABD izledi. \u0130lk 5 \u00fclkeden yap\u0131lan ithalat, toplam ithalat\u0131n y\u00fczde 43,9&#8217;unu olu\u015fturdu.<\/p>\n\n\n\n<figure class=\"wp-block-embed is-type-rich is-provider-twitter wp-block-embed-twitter\"><div class=\"wp-block-embed__wrapper\">\n<blockquote class=\"twitter-tweet\" data-width=\"550\" data-dnt=\"true\"><p lang=\"tr\" dir=\"ltr\">D\u0131\u015f Ticaret \u0130statistikleri, Temmuz 2024<br><br>Temmuz ay\u0131nda genel ticaret sistemine g\u00f6re ihracat %13,8 artt\u0131, ithalat %7,8 azald\u0131<br><br>Detaylar i\u00e7in web sitemizi ziyaret edebilirsiniz.\ud83d\udd0e<br>\u21aa\ufe0f <a href=\"https:\/\/t.co\/BGzdmQG5ot\">https:\/\/t.co\/BGzdmQG5ot<\/a> <a href=\"https:\/\/t.co\/fq5m7znwPq\">pic.twitter.com\/fq5m7znwPq<\/a><\/p>&mdash; tuik.gov.tr (@tuikbilgi) <a href=\"https:\/\/twitter.com\/tuikbilgi\/status\/1828694870648623530?ref_src=twsrc%5Etfw\">August 28, 2024<\/a><\/blockquote><script async src=\"https:\/\/platform.twitter.com\/widgets.js\" charset=\"utf-8\"><\/script>\n<\/div><\/figure>\n","protected":false},"excerpt":{"rendered":"<p>T\u00fcrkiye \u0130statistik Kurumu (T\u00dc\u0130K), 2024 Temmuz ay\u0131 d\u0131\u015f ticaret a\u00e7\u0131\u011f\u0131n\u0131 a\u00e7\u0131klad\u0131. Buna g\u00f6re, temmuz ay\u0131nda y\u00fczde 41,8 d\u00fc\u015f\u00fc\u015fle 7,28 milyar dolara geriledi. Ayn\u0131 d\u00f6nemde ihracat y\u00fczde 13,8 artarken, ithalat y\u00fczde 7,8 azald\u0131. T\u00fcrkiye \u0130statistik Kurumu (T\u00dc\u0130K), d\u0131\u015f ticaret a\u00e7\u0131\u011f\u0131 Temmuz ay\u0131 rakamlar\u0131n\u0131 a\u00e7\u0131klad\u0131. Temmuz ay\u0131nda d\u0131\u015f ticaret a\u00e7\u0131\u011f\u0131 bir \u00f6nceki y\u0131l\u0131n ayn\u0131 ay\u0131na g\u00f6re y\u00fczde [&hellip;]<\/p>\n","protected":false},"author":12791,"featured_media":154172,"comment_status":"closed","ping_status":"open","sticky":false,"template":"","format":"standard","meta":{"_yoast_wpseo_focuskw":"T\u00dc\u0130K D\u0131\u015f Ticaret \u0130statistiklerini A\u00e7\u0131klad\u0131","_yoast_wpseo_title":"","_yoast_wpseo_metadesc":"","_bbp_topic_count":0,"_bbp_reply_count":0,"_bbp_total_topic_count":0,"_bbp_total_reply_count":0,"_bbp_voice_count":0,"_bbp_anonymous_reply_count":0,"_bbp_topic_count_hidden":0,"_bbp_reply_count_hidden":0,"_bbp_forum_subforum_count":0,"footnotes":"","_yoast_wpseo_focuskw_text_input":""},"categories":[8225,1,37],"tags":[],"yoast_head":"<!-- This site is optimized with the Yoast SEO plugin v23.0 - https:\/\/yoast.com\/wordpress\/plugins\/seo\/ -->\n<title>T\u00dc\u0130K D\u0131\u015f Ticaret \u0130statistiklerini A\u00e7\u0131klad\u0131 - The Epoch Times TR<\/title>\n<meta name=\"robots\" content=\"index, follow, max-snippet:-1, max-image-preview:large, max-video-preview:-1\" \/>\n<link rel=\"canonical\" href=\"https:\/\/epochtimestr.com\/index.php\/tuik-dis-ticaret-istatistiklerini-acikladi\" \/>\n<meta property=\"og:locale\" content=\"tr_TR\" \/>\n<meta property=\"og:type\" content=\"article\" \/>\n<meta property=\"og:title\" content=\"T\u00dc\u0130K D\u0131\u015f Ticaret \u0130statistiklerini A\u00e7\u0131klad\u0131 - The Epoch Times TR\" \/>\n<meta property=\"og:description\" content=\"T\u00fcrkiye \u0130statistik Kurumu (T\u00dc\u0130K), 2024 Temmuz ay\u0131 d\u0131\u015f ticaret a\u00e7\u0131\u011f\u0131n\u0131 a\u00e7\u0131klad\u0131. Buna g\u00f6re, temmuz ay\u0131nda y\u00fczde 41,8 d\u00fc\u015f\u00fc\u015fle 7,28 milyar dolara geriledi. Ayn\u0131 d\u00f6nemde ihracat y\u00fczde 13,8 artarken, ithalat y\u00fczde 7,8 azald\u0131. T\u00fcrkiye \u0130statistik Kurumu (T\u00dc\u0130K), d\u0131\u015f ticaret a\u00e7\u0131\u011f\u0131 Temmuz ay\u0131 rakamlar\u0131n\u0131 a\u00e7\u0131klad\u0131. Temmuz ay\u0131nda d\u0131\u015f ticaret a\u00e7\u0131\u011f\u0131 bir \u00f6nceki y\u0131l\u0131n ayn\u0131 ay\u0131na g\u00f6re y\u00fczde [&hellip;]\" \/>\n<meta property=\"og:url\" content=\"https:\/\/epochtimestr.com\/index.php\/tuik-dis-ticaret-istatistiklerini-acikladi\" \/>\n<meta property=\"og:site_name\" content=\"The Epoch Times TR\" \/>\n<meta property=\"article:publisher\" content=\"https:\/\/www.facebook.com\/theepochtimestr\" \/>\n<meta property=\"article:published_time\" content=\"2024-08-29T08:08:03+00:00\" \/>\n<meta property=\"article:modified_time\" content=\"2024-08-29T08:08:05+00:00\" \/>\n<meta property=\"og:image\" content=\"https:\/\/epochtimestr.com\/wp-content\/uploads\/2011y\/tuik-dis-ticaret-1.jpg\" \/>\n\t<meta property=\"og:image:width\" content=\"1280\" \/>\n\t<meta property=\"og:image:height\" content=\"829\" \/>\n\t<meta property=\"og:image:type\" content=\"image\/jpeg\" \/>\n<meta name=\"author\" content=\"Haber Merkezi\" \/>\n<meta name=\"twitter:card\" content=\"summary_large_image\" \/>\n<meta name=\"twitter:creator\" content=\"@TheEpochTimesTR\" \/>\n<meta name=\"twitter:site\" content=\"@TheEpochTimesTR\" \/>\n<meta name=\"twitter:label1\" content=\"Yazan:\" \/>\n\t<meta name=\"twitter:data1\" content=\"Haber Merkezi\" \/>\n\t<meta name=\"twitter:label2\" content=\"Tahmini okuma s\u00fcresi\" \/>\n\t<meta name=\"twitter:data2\" content=\"5 dakika\" \/>\n<script type=\"application\/ld+json\" class=\"yoast-schema-graph\">{\"@context\":\"https:\/\/schema.org\",\"@graph\":[{\"@type\":\"Article\",\"@id\":\"https:\/\/epochtimestr.com\/index.php\/tuik-dis-ticaret-istatistiklerini-acikladi#article\",\"isPartOf\":{\"@id\":\"https:\/\/epochtimestr.com\/index.php\/tuik-dis-ticaret-istatistiklerini-acikladi\"},\"author\":{\"name\":\"Haber Merkezi\",\"@id\":\"https:\/\/epochtimestr.com\/#\/schema\/person\/3dc5c3adeb9f43923c5aa85889172fdd\"},\"headline\":\"T\u00dc\u0130K D\u0131\u015f Ticaret \u0130statistiklerini A\u00e7\u0131klad\u0131\",\"datePublished\":\"2024-08-29T08:08:03+00:00\",\"dateModified\":\"2024-08-29T08:08:05+00:00\",\"mainEntityOfPage\":{\"@id\":\"https:\/\/epochtimestr.com\/index.php\/tuik-dis-ticaret-istatistiklerini-acikladi\"},\"wordCount\":771,\"publisher\":{\"@id\":\"https:\/\/epochtimestr.com\/#organization\"},\"image\":{\"@id\":\"https:\/\/epochtimestr.com\/index.php\/tuik-dis-ticaret-istatistiklerini-acikladi#primaryimage\"},\"thumbnailUrl\":\"https:\/\/epochtimestr.com\/wp-content\/uploads\/2011y\/tuik-dis-ticaret-1.jpg\",\"articleSection\":[\"Ekonomi\",\"G\u00dcNDEM\",\"T\u00dcRK\u0130YE\"],\"inLanguage\":\"tr\"},{\"@type\":\"WebPage\",\"@id\":\"https:\/\/epochtimestr.com\/index.php\/tuik-dis-ticaret-istatistiklerini-acikladi\",\"url\":\"https:\/\/epochtimestr.com\/index.php\/tuik-dis-ticaret-istatistiklerini-acikladi\",\"name\":\"T\u00dc\u0130K D\u0131\u015f Ticaret \u0130statistiklerini A\u00e7\u0131klad\u0131 - The Epoch Times TR\",\"isPartOf\":{\"@id\":\"https:\/\/epochtimestr.com\/#website\"},\"primaryImageOfPage\":{\"@id\":\"https:\/\/epochtimestr.com\/index.php\/tuik-dis-ticaret-istatistiklerini-acikladi#primaryimage\"},\"image\":{\"@id\":\"https:\/\/epochtimestr.com\/index.php\/tuik-dis-ticaret-istatistiklerini-acikladi#primaryimage\"},\"thumbnailUrl\":\"https:\/\/epochtimestr.com\/wp-content\/uploads\/2011y\/tuik-dis-ticaret-1.jpg\",\"datePublished\":\"2024-08-29T08:08:03+00:00\",\"dateModified\":\"2024-08-29T08:08:05+00:00\",\"inLanguage\":\"tr\",\"potentialAction\":[{\"@type\":\"ReadAction\",\"target\":[\"https:\/\/epochtimestr.com\/index.php\/tuik-dis-ticaret-istatistiklerini-acikladi\"]}]},{\"@type\":\"ImageObject\",\"inLanguage\":\"tr\",\"@id\":\"https:\/\/epochtimestr.com\/index.php\/tuik-dis-ticaret-istatistiklerini-acikladi#primaryimage\",\"url\":\"https:\/\/epochtimestr.com\/wp-content\/uploads\/2011y\/tuik-dis-ticaret-1.jpg\",\"contentUrl\":\"https:\/\/epochtimestr.com\/wp-content\/uploads\/2011y\/tuik-dis-ticaret-1.jpg\",\"width\":1280,\"height\":829},{\"@type\":\"WebSite\",\"@id\":\"https:\/\/epochtimestr.com\/#website\",\"url\":\"https:\/\/epochtimestr.com\/\",\"name\":\"The Epoch Times TR\",\"description\":\"De\u011fi\u015fen D\u00fcnyam\u0131za Taze Bir Bak\u0131\u015f\",\"publisher\":{\"@id\":\"https:\/\/epochtimestr.com\/#organization\"},\"potentialAction\":[{\"@type\":\"SearchAction\",\"target\":{\"@type\":\"EntryPoint\",\"urlTemplate\":\"https:\/\/epochtimestr.com\/?s={search_term_string}\"},\"query-input\":\"required name=search_term_string\"}],\"inLanguage\":\"tr\"},{\"@type\":\"Organization\",\"@id\":\"https:\/\/epochtimestr.com\/#organization\",\"name\":\"The EpochTimes T\u00fcrkiye\",\"url\":\"https:\/\/epochtimestr.com\/\",\"logo\":{\"@type\":\"ImageObject\",\"inLanguage\":\"tr\",\"@id\":\"https:\/\/epochtimestr.com\/#\/schema\/logo\/image\/\",\"url\":\"https:\/\/epochtimestr.com\/wp-content\/uploads\/2011y\/ET-Logo-YG.jpg\",\"contentUrl\":\"https:\/\/epochtimestr.com\/wp-content\/uploads\/2011y\/ET-Logo-YG.jpg\",\"width\":346,\"height\":29,\"caption\":\"The EpochTimes T\u00fcrkiye\"},\"image\":{\"@id\":\"https:\/\/epochtimestr.com\/#\/schema\/logo\/image\/\"},\"sameAs\":[\"https:\/\/www.facebook.com\/theepochtimestr\",\"https:\/\/x.com\/TheEpochTimesTR\",\"https:\/\/www.instagram.com\/epochtimestr\"]},{\"@type\":\"Person\",\"@id\":\"https:\/\/epochtimestr.com\/#\/schema\/person\/3dc5c3adeb9f43923c5aa85889172fdd\",\"name\":\"Haber Merkezi\",\"image\":{\"@type\":\"ImageObject\",\"inLanguage\":\"tr\",\"@id\":\"https:\/\/epochtimestr.com\/#\/schema\/person\/image\/\",\"url\":\"https:\/\/secure.gravatar.com\/avatar\/d73f772ba5a74f28601361e17c2f93e6?s=96&d=mm&r=g\",\"contentUrl\":\"https:\/\/secure.gravatar.com\/avatar\/d73f772ba5a74f28601361e17c2f93e6?s=96&d=mm&r=g\",\"caption\":\"Haber Merkezi\"},\"url\":\"https:\/\/epochtimestr.com\/index.php\/author\/sendag\"}]}<\/script>\n<!-- \/ Yoast SEO plugin. -->","yoast_head_json":{"title":"T\u00dc\u0130K D\u0131\u015f Ticaret \u0130statistiklerini A\u00e7\u0131klad\u0131 - The Epoch Times TR","robots":{"index":"index","follow":"follow","max-snippet":"max-snippet:-1","max-image-preview":"max-image-preview:large","max-video-preview":"max-video-preview:-1"},"canonical":"https:\/\/epochtimestr.com\/index.php\/tuik-dis-ticaret-istatistiklerini-acikladi","og_locale":"tr_TR","og_type":"article","og_title":"T\u00dc\u0130K D\u0131\u015f Ticaret \u0130statistiklerini A\u00e7\u0131klad\u0131 - The Epoch Times TR","og_description":"T\u00fcrkiye \u0130statistik Kurumu (T\u00dc\u0130K), 2024 Temmuz ay\u0131 d\u0131\u015f ticaret a\u00e7\u0131\u011f\u0131n\u0131 a\u00e7\u0131klad\u0131. Buna g\u00f6re, temmuz ay\u0131nda y\u00fczde 41,8 d\u00fc\u015f\u00fc\u015fle 7,28 milyar dolara geriledi. Ayn\u0131 d\u00f6nemde ihracat y\u00fczde 13,8 artarken, ithalat y\u00fczde 7,8 azald\u0131. T\u00fcrkiye \u0130statistik Kurumu (T\u00dc\u0130K), d\u0131\u015f ticaret a\u00e7\u0131\u011f\u0131 Temmuz ay\u0131 rakamlar\u0131n\u0131 a\u00e7\u0131klad\u0131. Temmuz ay\u0131nda d\u0131\u015f ticaret a\u00e7\u0131\u011f\u0131 bir \u00f6nceki y\u0131l\u0131n ayn\u0131 ay\u0131na g\u00f6re y\u00fczde [&hellip;]","og_url":"https:\/\/epochtimestr.com\/index.php\/tuik-dis-ticaret-istatistiklerini-acikladi","og_site_name":"The Epoch Times TR","article_publisher":"https:\/\/www.facebook.com\/theepochtimestr","article_published_time":"2024-08-29T08:08:03+00:00","article_modified_time":"2024-08-29T08:08:05+00:00","og_image":[{"width":1280,"height":829,"url":"https:\/\/epochtimestr.com\/wp-content\/uploads\/2011y\/tuik-dis-ticaret-1.jpg","type":"image\/jpeg"}],"author":"Haber Merkezi","twitter_card":"summary_large_image","twitter_creator":"@TheEpochTimesTR","twitter_site":"@TheEpochTimesTR","twitter_misc":{"Yazan:":"Haber Merkezi","Tahmini okuma s\u00fcresi":"5 dakika"},"schema":{"@context":"https:\/\/schema.org","@graph":[{"@type":"Article","@id":"https:\/\/epochtimestr.com\/index.php\/tuik-dis-ticaret-istatistiklerini-acikladi#article","isPartOf":{"@id":"https:\/\/epochtimestr.com\/index.php\/tuik-dis-ticaret-istatistiklerini-acikladi"},"author":{"name":"Haber Merkezi","@id":"https:\/\/epochtimestr.com\/#\/schema\/person\/3dc5c3adeb9f43923c5aa85889172fdd"},"headline":"T\u00dc\u0130K D\u0131\u015f Ticaret \u0130statistiklerini A\u00e7\u0131klad\u0131","datePublished":"2024-08-29T08:08:03+00:00","dateModified":"2024-08-29T08:08:05+00:00","mainEntityOfPage":{"@id":"https:\/\/epochtimestr.com\/index.php\/tuik-dis-ticaret-istatistiklerini-acikladi"},"wordCount":771,"publisher":{"@id":"https:\/\/epochtimestr.com\/#organization"},"image":{"@id":"https:\/\/epochtimestr.com\/index.php\/tuik-dis-ticaret-istatistiklerini-acikladi#primaryimage"},"thumbnailUrl":"https:\/\/epochtimestr.com\/wp-content\/uploads\/2011y\/tuik-dis-ticaret-1.jpg","articleSection":["Ekonomi","G\u00dcNDEM","T\u00dcRK\u0130YE"],"inLanguage":"tr"},{"@type":"WebPage","@id":"https:\/\/epochtimestr.com\/index.php\/tuik-dis-ticaret-istatistiklerini-acikladi","url":"https:\/\/epochtimestr.com\/index.php\/tuik-dis-ticaret-istatistiklerini-acikladi","name":"T\u00dc\u0130K D\u0131\u015f Ticaret \u0130statistiklerini A\u00e7\u0131klad\u0131 - The Epoch Times TR","isPartOf":{"@id":"https:\/\/epochtimestr.com\/#website"},"primaryImageOfPage":{"@id":"https:\/\/epochtimestr.com\/index.php\/tuik-dis-ticaret-istatistiklerini-acikladi#primaryimage"},"image":{"@id":"https:\/\/epochtimestr.com\/index.php\/tuik-dis-ticaret-istatistiklerini-acikladi#primaryimage"},"thumbnailUrl":"https:\/\/epochtimestr.com\/wp-content\/uploads\/2011y\/tuik-dis-ticaret-1.jpg","datePublished":"2024-08-29T08:08:03+00:00","dateModified":"2024-08-29T08:08:05+00:00","inLanguage":"tr","potentialAction":[{"@type":"ReadAction","target":["https:\/\/epochtimestr.com\/index.php\/tuik-dis-ticaret-istatistiklerini-acikladi"]}]},{"@type":"ImageObject","inLanguage":"tr","@id":"https:\/\/epochtimestr.com\/index.php\/tuik-dis-ticaret-istatistiklerini-acikladi#primaryimage","url":"https:\/\/epochtimestr.com\/wp-content\/uploads\/2011y\/tuik-dis-ticaret-1.jpg","contentUrl":"https:\/\/epochtimestr.com\/wp-content\/uploads\/2011y\/tuik-dis-ticaret-1.jpg","width":1280,"height":829},{"@type":"WebSite","@id":"https:\/\/epochtimestr.com\/#website","url":"https:\/\/epochtimestr.com\/","name":"The Epoch Times TR","description":"De\u011fi\u015fen D\u00fcnyam\u0131za Taze Bir Bak\u0131\u015f","publisher":{"@id":"https:\/\/epochtimestr.com\/#organization"},"potentialAction":[{"@type":"SearchAction","target":{"@type":"EntryPoint","urlTemplate":"https:\/\/epochtimestr.com\/?s={search_term_string}"},"query-input":"required name=search_term_string"}],"inLanguage":"tr"},{"@type":"Organization","@id":"https:\/\/epochtimestr.com\/#organization","name":"The EpochTimes T\u00fcrkiye","url":"https:\/\/epochtimestr.com\/","logo":{"@type":"ImageObject","inLanguage":"tr","@id":"https:\/\/epochtimestr.com\/#\/schema\/logo\/image\/","url":"https:\/\/epochtimestr.com\/wp-content\/uploads\/2011y\/ET-Logo-YG.jpg","contentUrl":"https:\/\/epochtimestr.com\/wp-content\/uploads\/2011y\/ET-Logo-YG.jpg","width":346,"height":29,"caption":"The EpochTimes T\u00fcrkiye"},"image":{"@id":"https:\/\/epochtimestr.com\/#\/schema\/logo\/image\/"},"sameAs":["https:\/\/www.facebook.com\/theepochtimestr","https:\/\/x.com\/TheEpochTimesTR","https:\/\/www.instagram.com\/epochtimestr"]},{"@type":"Person","@id":"https:\/\/epochtimestr.com\/#\/schema\/person\/3dc5c3adeb9f43923c5aa85889172fdd","name":"Haber Merkezi","image":{"@type":"ImageObject","inLanguage":"tr","@id":"https:\/\/epochtimestr.com\/#\/schema\/person\/image\/","url":"https:\/\/secure.gravatar.com\/avatar\/d73f772ba5a74f28601361e17c2f93e6?s=96&d=mm&r=g","contentUrl":"https:\/\/secure.gravatar.com\/avatar\/d73f772ba5a74f28601361e17c2f93e6?s=96&d=mm&r=g","caption":"Haber Merkezi"},"url":"https:\/\/epochtimestr.com\/index.php\/author\/sendag"}]}},"_links":{"self":[{"href":"https:\/\/epochtimestr.com\/index.php\/wp-json\/wp\/v2\/posts\/154171"}],"collection":[{"href":"https:\/\/epochtimestr.com\/index.php\/wp-json\/wp\/v2\/posts"}],"about":[{"href":"https:\/\/epochtimestr.com\/index.php\/wp-json\/wp\/v2\/types\/post"}],"author":[{"embeddable":true,"href":"https:\/\/epochtimestr.com\/index.php\/wp-json\/wp\/v2\/users\/12791"}],"replies":[{"embeddable":true,"href":"https:\/\/epochtimestr.com\/index.php\/wp-json\/wp\/v2\/comments?post=154171"}],"version-history":[{"count":1,"href":"https:\/\/epochtimestr.com\/index.php\/wp-json\/wp\/v2\/posts\/154171\/revisions"}],"predecessor-version":[{"id":154173,"href":"https:\/\/epochtimestr.com\/index.php\/wp-json\/wp\/v2\/posts\/154171\/revisions\/154173"}],"wp:featuredmedia":[{"embeddable":true,"href":"https:\/\/epochtimestr.com\/index.php\/wp-json\/wp\/v2\/media\/154172"}],"wp:attachment":[{"href":"https:\/\/epochtimestr.com\/index.php\/wp-json\/wp\/v2\/media?parent=154171"}],"wp:term":[{"taxonomy":"category","embeddable":true,"href":"https:\/\/epochtimestr.com\/index.php\/wp-json\/wp\/v2\/categories?post=154171"},{"taxonomy":"post_tag","embeddable":true,"href":"https:\/\/epochtimestr.com\/index.php\/wp-json\/wp\/v2\/tags?post=154171"}],"curies":[{"name":"wp","href":"https:\/\/api.w.org\/{rel}","templated":true}]}}