{"id":154174,"date":"2024-08-29T11:11:38","date_gmt":"2024-08-29T08:11:38","guid":{"rendered":"https:\/\/epochtimestr.com\/?p=154174"},"modified":"2024-08-29T11:11:40","modified_gmt":"2024-08-29T08:11:40","slug":"afyonkarahisar-barosu-baskani-akp-il-baskani-yapildi","status":"publish","type":"post","link":"https:\/\/epochtimestr.com\/index.php\/afyonkarahisar-barosu-baskani-akp-il-baskani-yapildi","title":{"rendered":"Afyonkarahisar Barosu Ba\u015fkan\u0131 AKP \u0130l Ba\u015fkan\u0131 yap\u0131ld\u0131"},"content":{"rendered":"<div class=\"wp-block-image\">\n<figure class=\"aligncenter size-full\"><img loading=\"lazy\" decoding=\"async\" width=\"1000\" height=\"500\" src=\"https:\/\/epochtimestr.com\/wp-content\/uploads\/2011y\/akp-1.jpg\" alt=\"\" class=\"wp-image-154175\" srcset=\"https:\/\/epochtimestr.com\/wp-content\/uploads\/2011y\/akp-1.jpg 1000w, https:\/\/epochtimestr.com\/wp-content\/uploads\/2011y\/akp-1-300x150.jpg 300w, https:\/\/epochtimestr.com\/wp-content\/uploads\/2011y\/akp-1-150x75.jpg 150w, https:\/\/epochtimestr.com\/wp-content\/uploads\/2011y\/akp-1-768x384.jpg 768w\" sizes=\"(max-width: 1000px) 100vw, 1000px\" \/><figcaption class=\"wp-element-caption\">                                                                                                                        Foto\u011fraf:Afyonkarahisar il B\u015fk.\u011f\u0131 sitesi<\/figcaption><\/figure><\/div>\n\n\n<h2 class=\"wp-block-heading\">Afyonkarahisar Barosu Ba\u015fkan\u0131 Av. Turgay \u015eahin, AKP\u2019li Cumhurba\u015fkan\u0131 Recep Tayyip Erdo\u011fan taraf\u0131ndan AKP Afyon \u0130l Ba\u015fkan\u0131 yap\u0131ld\u0131.<\/h2>\n\n\n\n<p>Kahramanmara\u015f Baro Ba\u015fkan\u0131 M. Burak G\u00fcl\u2019\u00fcn g\u00f6revini b\u0131rakmadan AKP Kahramanmara\u015f \u0130l Ba\u015fkan\u0131 olmas\u0131n\u0131n ard\u0131ndan Afyonkarahisar\u2019da da ayn\u0131 durum ya\u015fand\u0131.<\/p>\n\n\n\n<p><\/p>\n\n\n\n<p>Cumhuriyet\u2019te yer alan habere g\u00f6re, Afyonkarahisar Barosu Ba\u015fkan\u0131 Av. Turgay \u015eahin, Cumhurba\u015fkan\u0131 Erdo\u011fan taraf\u0131ndan AKP Afyon \u0130l Ba\u015fkan\u0131 yap\u0131ld\u0131. Baro ba\u015fkanl\u0131\u011f\u0131 g\u00f6revinden ayr\u0131lmayan \u015eahin\u2019in ekimdeki ay\u0131ndaki baro se\u00e7imlerine kadar g\u00f6revi s\u00fcrd\u00fcrmeyi d\u00fc\u015f\u00fcnd\u00fc\u011f\u00fc belirtildi. \u015eahin\u2019in, AKP ile ilgili payla\u015f\u0131mlar yapt\u0131\u011f\u0131 sosyal medya hesaplar\u0131nda \u201cAK Parti Afyonkarahisar \u0130l Ba\u015fkan\u0131 \u2013 Afyonkarahisar Barosu Ba\u015fkan\u0131\u201d ifadeleri yer al\u0131yor.<\/p>\n\n\n\n<p><\/p>\n\n\n\n<p><\/p>\n\n\n\n<p><\/p>\n\n\n<div class=\"wp-block-image\">\n<figure class=\"aligncenter size-full\"><img loading=\"lazy\" decoding=\"async\" width=\"1280\" height=\"720\" src=\"https:\/\/epochtimestr.com\/wp-content\/uploads\/2011y\/akp-afyon-1.webp\" alt=\"\" class=\"wp-image-154176\" srcset=\"https:\/\/epochtimestr.com\/wp-content\/uploads\/2011y\/akp-afyon-1.webp 1280w, https:\/\/epochtimestr.com\/wp-content\/uploads\/2011y\/akp-afyon-1-300x169.webp 300w, https:\/\/epochtimestr.com\/wp-content\/uploads\/2011y\/akp-afyon-1-150x84.webp 150w, https:\/\/epochtimestr.com\/wp-content\/uploads\/2011y\/akp-afyon-1-768x432.webp 768w\" sizes=\"(max-width: 1280px) 100vw, 1280px\" \/><\/figure><\/div>\n\n\n<p><strong>AK Parti Afyonkarahisar \u0130l Ba\u015fkanl\u0131\u011f\u0131 resmi sayfas\u0131nda konuyla ilgili;<\/strong><br \/>&#8221;AK Parti Genel Merkezi\u2019nin yapt\u0131\u011f\u0131 \u00e7al\u0131\u015fmalar\u0131n ard\u0131ndan Afyonkarahisar Baro Ba\u015fkanl\u0131\u011f\u0131 g\u00f6revini y\u00fcr\u00fctmekte olan Av. Turgay \u015eahin AK Parti Genel Ba\u015fkan\u0131 ve Cumhurba\u015fkan\u0131 Recep Tayyip Erdo\u011fan\u2019\u0131n tensipleriyle yeni il ba\u015fkan\u0131 olarak atand\u0131.<\/p>\n\n\n\n<p><\/p>\n\n\n\n<p>\u015eahin a\u00e7\u0131klamas\u0131nda, \u201c\u00d6ncelikle belirtmek isterim ki AK Parti Afyonkarahisar \u0130l Ba\u015fkan\u0131 olarak atanm\u0131\u015f olmaktan b\u00fcy\u00fck mutluluk ve gurur duyuyorum. Genel Ba\u015fkan\u0131m\u0131z ve Cumhurba\u015fkan\u0131m\u0131z Say\u0131n Recep Tayyip Erdo\u011fan\u2019\u0131n tensipleriyle bug\u00fcn itibariyle \u00fcstlenmi\u015f oldu\u011fum AK Parti \u0130l Ba\u015fkanl\u0131\u011f\u0131 g\u00f6revine lay\u0131k g\u00f6r\u00fclmek beni onurland\u0131rm\u0131\u015ft\u0131r.<\/p>\n\n\n\n<p><br \/>Kadim \u015fehrimiz Afyonkarahisar\u2019\u0131n her bir kar\u0131\u015f topra\u011f\u0131nda t\u00fcm te\u015fkilat mensuplar\u0131m\u0131z ve hem\u015fehrilerimizle birlikte \u00e7ok g\u00fczel i\u015flere imza ataca\u011f\u0131m\u0131zdan hi\u00e7bir \u015f\u00fcphem yok. Te\u015fkilat\u0131m\u0131z\u0131n her bir ferdi ile birlikte gece g\u00fcnd\u00fcz demeden \u00e7al\u0131\u015farak, elimizden gelenin en iyisini yapmak gayretinde olaca\u011f\u0131m\u0131z\u0131 da belirtmek isterim. Bu s\u00fcre\u00e7te desteklerini tevecc\u00fchlerinden dolay\u0131 AK Parti Genel Ba\u015fkan\u0131m\u0131z ve Cumhurba\u015fkan\u0131m\u0131z Say\u0131n Recep Tayyip Erdo\u011fan ba\u015fta olmak \u00fczere partimizin k\u0131ymetli y\u00f6neticilerine ve t\u00fcm te\u015fkilat\u0131m\u0131za \u015f\u00fckranlar\u0131m\u0131 sunuyorum.<\/p>\n\n\n\n<p><br \/>Daha \u00f6nce bu g\u00f6revi lay\u0131k\u0131yla y\u00fcr\u00fctm\u00fc\u015f olan ba\u015fta emaneti devir ald\u0131\u011f\u0131m H\u00fcseyin Mente\u015f ba\u015fkan\u0131m\u0131z olmak \u00fczere ge\u00e7mi\u015f d\u00f6nem il ba\u015fkanlar\u0131m\u0131za ve y\u00f6netim kurulu \u00fcyelerimize yapm\u0131\u015f olduklar\u0131 ba\u015far\u0131l\u0131 \u00e7al\u0131\u015fmalar ve emekleri i\u00e7in te\u015fekk\u00fcr ederim. Kendileriyle daha nice ba\u015far\u0131l\u0131 hizmetler i\u00e7in omuz omuza ve kol kola \u00e7al\u0131\u015fmalar\u0131m\u0131z\u0131 s\u00fcrd\u00fcrmeye devam edece\u011fiz. Hem\u015fehrilerimizin destekleri ve dualar\u0131yla Afyonkarahisar\u2019\u0131m\u0131z i\u00e7in azim ve gayretle \u00e7al\u0131\u015faca\u011f\u0131z\u201d dedi.&#8221; a\u00e7\u0131klamas\u0131 yap\u0131ld\u0131.<\/p>\n","protected":false},"excerpt":{"rendered":"<p>Afyonkarahisar Barosu Ba\u015fkan\u0131 Av. Turgay \u015eahin, AKP\u2019li Cumhurba\u015fkan\u0131 Recep Tayyip Erdo\u011fan taraf\u0131ndan AKP Afyon \u0130l Ba\u015fkan\u0131 yap\u0131ld\u0131. Kahramanmara\u015f Baro Ba\u015fkan\u0131 M. Burak G\u00fcl\u2019\u00fcn g\u00f6revini b\u0131rakmadan AKP Kahramanmara\u015f \u0130l Ba\u015fkan\u0131 olmas\u0131n\u0131n ard\u0131ndan Afyonkarahisar\u2019da da ayn\u0131 durum ya\u015fand\u0131. Cumhuriyet\u2019te yer alan habere g\u00f6re, Afyonkarahisar Barosu Ba\u015fkan\u0131 Av. Turgay \u015eahin, Cumhurba\u015fkan\u0131 Erdo\u011fan taraf\u0131ndan AKP Afyon \u0130l Ba\u015fkan\u0131 yap\u0131ld\u0131. [&hellip;]<\/p>\n","protected":false},"author":12791,"featured_media":154175,"comment_status":"closed","ping_status":"open","sticky":false,"template":"","format":"standard","meta":{"_yoast_wpseo_focuskw":"Afyonkarahisar Barosu Ba\u015fkan\u0131 AKP \u0130l Ba\u015fkan\u0131 yap\u0131ld\u0131","_yoast_wpseo_title":"","_yoast_wpseo_metadesc":"","_bbp_topic_count":0,"_bbp_reply_count":0,"_bbp_total_topic_count":0,"_bbp_total_reply_count":0,"_bbp_voice_count":0,"_bbp_anonymous_reply_count":0,"_bbp_topic_count_hidden":0,"_bbp_reply_count_hidden":0,"_bbp_forum_subforum_count":0,"footnotes":"","_yoast_wpseo_focuskw_text_input":""},"categories":[1,8226,37],"tags":[],"yoast_head":"<!-- This site is optimized with the Yoast SEO plugin v23.0 - https:\/\/yoast.com\/wordpress\/plugins\/seo\/ -->\n<title>Afyonkarahisar Barosu Ba\u015fkan\u0131 AKP \u0130l Ba\u015fkan\u0131 yap\u0131ld\u0131 - The Epoch Times TR<\/title>\n<meta name=\"robots\" content=\"index, follow, max-snippet:-1, max-image-preview:large, max-video-preview:-1\" \/>\n<link rel=\"canonical\" href=\"https:\/\/epochtimestr.com\/index.php\/afyonkarahisar-barosu-baskani-akp-il-baskani-yapildi\" \/>\n<meta property=\"og:locale\" content=\"tr_TR\" \/>\n<meta property=\"og:type\" content=\"article\" \/>\n<meta property=\"og:title\" content=\"Afyonkarahisar Barosu Ba\u015fkan\u0131 AKP \u0130l Ba\u015fkan\u0131 yap\u0131ld\u0131 - The Epoch Times TR\" \/>\n<meta property=\"og:description\" content=\"Afyonkarahisar Barosu Ba\u015fkan\u0131 Av. Turgay \u015eahin, AKP\u2019li Cumhurba\u015fkan\u0131 Recep Tayyip Erdo\u011fan taraf\u0131ndan AKP Afyon \u0130l Ba\u015fkan\u0131 yap\u0131ld\u0131. Kahramanmara\u015f Baro Ba\u015fkan\u0131 M. Burak G\u00fcl\u2019\u00fcn g\u00f6revini b\u0131rakmadan AKP Kahramanmara\u015f \u0130l Ba\u015fkan\u0131 olmas\u0131n\u0131n ard\u0131ndan Afyonkarahisar\u2019da da ayn\u0131 durum ya\u015fand\u0131. Cumhuriyet\u2019te yer alan habere g\u00f6re, Afyonkarahisar Barosu Ba\u015fkan\u0131 Av. Turgay \u015eahin, Cumhurba\u015fkan\u0131 Erdo\u011fan taraf\u0131ndan AKP Afyon \u0130l Ba\u015fkan\u0131 yap\u0131ld\u0131. [&hellip;]\" \/>\n<meta property=\"og:url\" content=\"https:\/\/epochtimestr.com\/index.php\/afyonkarahisar-barosu-baskani-akp-il-baskani-yapildi\" \/>\n<meta property=\"og:site_name\" content=\"The Epoch Times TR\" \/>\n<meta property=\"article:publisher\" content=\"https:\/\/www.facebook.com\/theepochtimestr\" \/>\n<meta property=\"article:published_time\" content=\"2024-08-29T08:11:38+00:00\" \/>\n<meta property=\"article:modified_time\" content=\"2024-08-29T08:11:40+00:00\" \/>\n<meta property=\"og:image\" content=\"https:\/\/epochtimestr.com\/wp-content\/uploads\/2011y\/akp-1.jpg\" \/>\n\t<meta property=\"og:image:width\" content=\"1000\" \/>\n\t<meta property=\"og:image:height\" content=\"500\" \/>\n\t<meta property=\"og:image:type\" content=\"image\/jpeg\" \/>\n<meta name=\"author\" content=\"Haber Merkezi\" \/>\n<meta name=\"twitter:card\" content=\"summary_large_image\" \/>\n<meta name=\"twitter:creator\" content=\"@TheEpochTimesTR\" \/>\n<meta name=\"twitter:site\" content=\"@TheEpochTimesTR\" \/>\n<meta name=\"twitter:label1\" content=\"Yazan:\" \/>\n\t<meta name=\"twitter:data1\" content=\"Haber Merkezi\" \/>\n\t<meta name=\"twitter:label2\" content=\"Tahmini okuma s\u00fcresi\" \/>\n\t<meta name=\"twitter:data2\" content=\"3 dakika\" \/>\n<script type=\"application\/ld+json\" class=\"yoast-schema-graph\">{\"@context\":\"https:\/\/schema.org\",\"@graph\":[{\"@type\":\"Article\",\"@id\":\"https:\/\/epochtimestr.com\/index.php\/afyonkarahisar-barosu-baskani-akp-il-baskani-yapildi#article\",\"isPartOf\":{\"@id\":\"https:\/\/epochtimestr.com\/index.php\/afyonkarahisar-barosu-baskani-akp-il-baskani-yapildi\"},\"author\":{\"name\":\"Haber Merkezi\",\"@id\":\"https:\/\/epochtimestr.com\/#\/schema\/person\/3dc5c3adeb9f43923c5aa85889172fdd\"},\"headline\":\"Afyonkarahisar Barosu Ba\u015fkan\u0131 AKP \u0130l Ba\u015fkan\u0131 yap\u0131ld\u0131\",\"datePublished\":\"2024-08-29T08:11:38+00:00\",\"dateModified\":\"2024-08-29T08:11:40+00:00\",\"mainEntityOfPage\":{\"@id\":\"https:\/\/epochtimestr.com\/index.php\/afyonkarahisar-barosu-baskani-akp-il-baskani-yapildi\"},\"wordCount\":478,\"publisher\":{\"@id\":\"https:\/\/epochtimestr.com\/#organization\"},\"image\":{\"@id\":\"https:\/\/epochtimestr.com\/index.php\/afyonkarahisar-barosu-baskani-akp-il-baskani-yapildi#primaryimage\"},\"thumbnailUrl\":\"https:\/\/epochtimestr.com\/wp-content\/uploads\/2011y\/akp-1.jpg\",\"articleSection\":[\"G\u00dcNDEM\",\"Siyaset\",\"T\u00dcRK\u0130YE\"],\"inLanguage\":\"tr\"},{\"@type\":\"WebPage\",\"@id\":\"https:\/\/epochtimestr.com\/index.php\/afyonkarahisar-barosu-baskani-akp-il-baskani-yapildi\",\"url\":\"https:\/\/epochtimestr.com\/index.php\/afyonkarahisar-barosu-baskani-akp-il-baskani-yapildi\",\"name\":\"Afyonkarahisar Barosu Ba\u015fkan\u0131 AKP \u0130l Ba\u015fkan\u0131 yap\u0131ld\u0131 - The Epoch Times TR\",\"isPartOf\":{\"@id\":\"https:\/\/epochtimestr.com\/#website\"},\"primaryImageOfPage\":{\"@id\":\"https:\/\/epochtimestr.com\/index.php\/afyonkarahisar-barosu-baskani-akp-il-baskani-yapildi#primaryimage\"},\"image\":{\"@id\":\"https:\/\/epochtimestr.com\/index.php\/afyonkarahisar-barosu-baskani-akp-il-baskani-yapildi#primaryimage\"},\"thumbnailUrl\":\"https:\/\/epochtimestr.com\/wp-content\/uploads\/2011y\/akp-1.jpg\",\"datePublished\":\"2024-08-29T08:11:38+00:00\",\"dateModified\":\"2024-08-29T08:11:40+00:00\",\"inLanguage\":\"tr\",\"potentialAction\":[{\"@type\":\"ReadAction\",\"target\":[\"https:\/\/epochtimestr.com\/index.php\/afyonkarahisar-barosu-baskani-akp-il-baskani-yapildi\"]}]},{\"@type\":\"ImageObject\",\"inLanguage\":\"tr\",\"@id\":\"https:\/\/epochtimestr.com\/index.php\/afyonkarahisar-barosu-baskani-akp-il-baskani-yapildi#primaryimage\",\"url\":\"https:\/\/epochtimestr.com\/wp-content\/uploads\/2011y\/akp-1.jpg\",\"contentUrl\":\"https:\/\/epochtimestr.com\/wp-content\/uploads\/2011y\/akp-1.jpg\",\"width\":1000,\"height\":500},{\"@type\":\"WebSite\",\"@id\":\"https:\/\/epochtimestr.com\/#website\",\"url\":\"https:\/\/epochtimestr.com\/\",\"name\":\"The Epoch Times TR\",\"description\":\"De\u011fi\u015fen D\u00fcnyam\u0131za Taze Bir Bak\u0131\u015f\",\"publisher\":{\"@id\":\"https:\/\/epochtimestr.com\/#organization\"},\"potentialAction\":[{\"@type\":\"SearchAction\",\"target\":{\"@type\":\"EntryPoint\",\"urlTemplate\":\"https:\/\/epochtimestr.com\/?s={search_term_string}\"},\"query-input\":\"required name=search_term_string\"}],\"inLanguage\":\"tr\"},{\"@type\":\"Organization\",\"@id\":\"https:\/\/epochtimestr.com\/#organization\",\"name\":\"The EpochTimes T\u00fcrkiye\",\"url\":\"https:\/\/epochtimestr.com\/\",\"logo\":{\"@type\":\"ImageObject\",\"inLanguage\":\"tr\",\"@id\":\"https:\/\/epochtimestr.com\/#\/schema\/logo\/image\/\",\"url\":\"https:\/\/epochtimestr.com\/wp-content\/uploads\/2011y\/ET-Logo-YG.jpg\",\"contentUrl\":\"https:\/\/epochtimestr.com\/wp-content\/uploads\/2011y\/ET-Logo-YG.jpg\",\"width\":346,\"height\":29,\"caption\":\"The EpochTimes T\u00fcrkiye\"},\"image\":{\"@id\":\"https:\/\/epochtimestr.com\/#\/schema\/logo\/image\/\"},\"sameAs\":[\"https:\/\/www.facebook.com\/theepochtimestr\",\"https:\/\/x.com\/TheEpochTimesTR\",\"https:\/\/www.instagram.com\/epochtimestr\"]},{\"@type\":\"Person\",\"@id\":\"https:\/\/epochtimestr.com\/#\/schema\/person\/3dc5c3adeb9f43923c5aa85889172fdd\",\"name\":\"Haber Merkezi\",\"image\":{\"@type\":\"ImageObject\",\"inLanguage\":\"tr\",\"@id\":\"https:\/\/epochtimestr.com\/#\/schema\/person\/image\/\",\"url\":\"https:\/\/secure.gravatar.com\/avatar\/d73f772ba5a74f28601361e17c2f93e6?s=96&d=mm&r=g\",\"contentUrl\":\"https:\/\/secure.gravatar.com\/avatar\/d73f772ba5a74f28601361e17c2f93e6?s=96&d=mm&r=g\",\"caption\":\"Haber Merkezi\"},\"url\":\"https:\/\/epochtimestr.com\/index.php\/author\/sendag\"}]}<\/script>\n<!-- \/ Yoast SEO plugin. -->","yoast_head_json":{"title":"Afyonkarahisar Barosu Ba\u015fkan\u0131 AKP \u0130l Ba\u015fkan\u0131 yap\u0131ld\u0131 - The Epoch Times TR","robots":{"index":"index","follow":"follow","max-snippet":"max-snippet:-1","max-image-preview":"max-image-preview:large","max-video-preview":"max-video-preview:-1"},"canonical":"https:\/\/epochtimestr.com\/index.php\/afyonkarahisar-barosu-baskani-akp-il-baskani-yapildi","og_locale":"tr_TR","og_type":"article","og_title":"Afyonkarahisar Barosu Ba\u015fkan\u0131 AKP \u0130l Ba\u015fkan\u0131 yap\u0131ld\u0131 - The Epoch Times TR","og_description":"Afyonkarahisar Barosu Ba\u015fkan\u0131 Av. Turgay \u015eahin, AKP\u2019li Cumhurba\u015fkan\u0131 Recep Tayyip Erdo\u011fan taraf\u0131ndan AKP Afyon \u0130l Ba\u015fkan\u0131 yap\u0131ld\u0131. Kahramanmara\u015f Baro Ba\u015fkan\u0131 M. Burak G\u00fcl\u2019\u00fcn g\u00f6revini b\u0131rakmadan AKP Kahramanmara\u015f \u0130l Ba\u015fkan\u0131 olmas\u0131n\u0131n ard\u0131ndan Afyonkarahisar\u2019da da ayn\u0131 durum ya\u015fand\u0131. Cumhuriyet\u2019te yer alan habere g\u00f6re, Afyonkarahisar Barosu Ba\u015fkan\u0131 Av. Turgay \u015eahin, Cumhurba\u015fkan\u0131 Erdo\u011fan taraf\u0131ndan AKP Afyon \u0130l Ba\u015fkan\u0131 yap\u0131ld\u0131. [&hellip;]","og_url":"https:\/\/epochtimestr.com\/index.php\/afyonkarahisar-barosu-baskani-akp-il-baskani-yapildi","og_site_name":"The Epoch Times TR","article_publisher":"https:\/\/www.facebook.com\/theepochtimestr","article_published_time":"2024-08-29T08:11:38+00:00","article_modified_time":"2024-08-29T08:11:40+00:00","og_image":[{"width":1000,"height":500,"url":"https:\/\/epochtimestr.com\/wp-content\/uploads\/2011y\/akp-1.jpg","type":"image\/jpeg"}],"author":"Haber Merkezi","twitter_card":"summary_large_image","twitter_creator":"@TheEpochTimesTR","twitter_site":"@TheEpochTimesTR","twitter_misc":{"Yazan:":"Haber Merkezi","Tahmini okuma s\u00fcresi":"3 dakika"},"schema":{"@context":"https:\/\/schema.org","@graph":[{"@type":"Article","@id":"https:\/\/epochtimestr.com\/index.php\/afyonkarahisar-barosu-baskani-akp-il-baskani-yapildi#article","isPartOf":{"@id":"https:\/\/epochtimestr.com\/index.php\/afyonkarahisar-barosu-baskani-akp-il-baskani-yapildi"},"author":{"name":"Haber Merkezi","@id":"https:\/\/epochtimestr.com\/#\/schema\/person\/3dc5c3adeb9f43923c5aa85889172fdd"},"headline":"Afyonkarahisar Barosu Ba\u015fkan\u0131 AKP \u0130l Ba\u015fkan\u0131 yap\u0131ld\u0131","datePublished":"2024-08-29T08:11:38+00:00","dateModified":"2024-08-29T08:11:40+00:00","mainEntityOfPage":{"@id":"https:\/\/epochtimestr.com\/index.php\/afyonkarahisar-barosu-baskani-akp-il-baskani-yapildi"},"wordCount":478,"publisher":{"@id":"https:\/\/epochtimestr.com\/#organization"},"image":{"@id":"https:\/\/epochtimestr.com\/index.php\/afyonkarahisar-barosu-baskani-akp-il-baskani-yapildi#primaryimage"},"thumbnailUrl":"https:\/\/epochtimestr.com\/wp-content\/uploads\/2011y\/akp-1.jpg","articleSection":["G\u00dcNDEM","Siyaset","T\u00dcRK\u0130YE"],"inLanguage":"tr"},{"@type":"WebPage","@id":"https:\/\/epochtimestr.com\/index.php\/afyonkarahisar-barosu-baskani-akp-il-baskani-yapildi","url":"https:\/\/epochtimestr.com\/index.php\/afyonkarahisar-barosu-baskani-akp-il-baskani-yapildi","name":"Afyonkarahisar Barosu Ba\u015fkan\u0131 AKP \u0130l Ba\u015fkan\u0131 yap\u0131ld\u0131 - The Epoch Times TR","isPartOf":{"@id":"https:\/\/epochtimestr.com\/#website"},"primaryImageOfPage":{"@id":"https:\/\/epochtimestr.com\/index.php\/afyonkarahisar-barosu-baskani-akp-il-baskani-yapildi#primaryimage"},"image":{"@id":"https:\/\/epochtimestr.com\/index.php\/afyonkarahisar-barosu-baskani-akp-il-baskani-yapildi#primaryimage"},"thumbnailUrl":"https:\/\/epochtimestr.com\/wp-content\/uploads\/2011y\/akp-1.jpg","datePublished":"2024-08-29T08:11:38+00:00","dateModified":"2024-08-29T08:11:40+00:00","inLanguage":"tr","potentialAction":[{"@type":"ReadAction","target":["https:\/\/epochtimestr.com\/index.php\/afyonkarahisar-barosu-baskani-akp-il-baskani-yapildi"]}]},{"@type":"ImageObject","inLanguage":"tr","@id":"https:\/\/epochtimestr.com\/index.php\/afyonkarahisar-barosu-baskani-akp-il-baskani-yapildi#primaryimage","url":"https:\/\/epochtimestr.com\/wp-content\/uploads\/2011y\/akp-1.jpg","contentUrl":"https:\/\/epochtimestr.com\/wp-content\/uploads\/2011y\/akp-1.jpg","width":1000,"height":500},{"@type":"WebSite","@id":"https:\/\/epochtimestr.com\/#website","url":"https:\/\/epochtimestr.com\/","name":"The Epoch Times TR","description":"De\u011fi\u015fen D\u00fcnyam\u0131za Taze Bir Bak\u0131\u015f","publisher":{"@id":"https:\/\/epochtimestr.com\/#organization"},"potentialAction":[{"@type":"SearchAction","target":{"@type":"EntryPoint","urlTemplate":"https:\/\/epochtimestr.com\/?s={search_term_string}"},"query-input":"required name=search_term_string"}],"inLanguage":"tr"},{"@type":"Organization","@id":"https:\/\/epochtimestr.com\/#organization","name":"The EpochTimes T\u00fcrkiye","url":"https:\/\/epochtimestr.com\/","logo":{"@type":"ImageObject","inLanguage":"tr","@id":"https:\/\/epochtimestr.com\/#\/schema\/logo\/image\/","url":"https:\/\/epochtimestr.com\/wp-content\/uploads\/2011y\/ET-Logo-YG.jpg","contentUrl":"https:\/\/epochtimestr.com\/wp-content\/uploads\/2011y\/ET-Logo-YG.jpg","width":346,"height":29,"caption":"The EpochTimes T\u00fcrkiye"},"image":{"@id":"https:\/\/epochtimestr.com\/#\/schema\/logo\/image\/"},"sameAs":["https:\/\/www.facebook.com\/theepochtimestr","https:\/\/x.com\/TheEpochTimesTR","https:\/\/www.instagram.com\/epochtimestr"]},{"@type":"Person","@id":"https:\/\/epochtimestr.com\/#\/schema\/person\/3dc5c3adeb9f43923c5aa85889172fdd","name":"Haber Merkezi","image":{"@type":"ImageObject","inLanguage":"tr","@id":"https:\/\/epochtimestr.com\/#\/schema\/person\/image\/","url":"https:\/\/secure.gravatar.com\/avatar\/d73f772ba5a74f28601361e17c2f93e6?s=96&d=mm&r=g","contentUrl":"https:\/\/secure.gravatar.com\/avatar\/d73f772ba5a74f28601361e17c2f93e6?s=96&d=mm&r=g","caption":"Haber Merkezi"},"url":"https:\/\/epochtimestr.com\/index.php\/author\/sendag"}]}},"_links":{"self":[{"href":"https:\/\/epochtimestr.com\/index.php\/wp-json\/wp\/v2\/posts\/154174"}],"collection":[{"href":"https:\/\/epochtimestr.com\/index.php\/wp-json\/wp\/v2\/posts"}],"about":[{"href":"https:\/\/epochtimestr.com\/index.php\/wp-json\/wp\/v2\/types\/post"}],"author":[{"embeddable":true,"href":"https:\/\/epochtimestr.com\/index.php\/wp-json\/wp\/v2\/users\/12791"}],"replies":[{"embeddable":true,"href":"https:\/\/epochtimestr.com\/index.php\/wp-json\/wp\/v2\/comments?post=154174"}],"version-history":[{"count":1,"href":"https:\/\/epochtimestr.com\/index.php\/wp-json\/wp\/v2\/posts\/154174\/revisions"}],"predecessor-version":[{"id":154177,"href":"https:\/\/epochtimestr.com\/index.php\/wp-json\/wp\/v2\/posts\/154174\/revisions\/154177"}],"wp:featuredmedia":[{"embeddable":true,"href":"https:\/\/epochtimestr.com\/index.php\/wp-json\/wp\/v2\/media\/154175"}],"wp:attachment":[{"href":"https:\/\/epochtimestr.com\/index.php\/wp-json\/wp\/v2\/media?parent=154174"}],"wp:term":[{"taxonomy":"category","embeddable":true,"href":"https:\/\/epochtimestr.com\/index.php\/wp-json\/wp\/v2\/categories?post=154174"},{"taxonomy":"post_tag","embeddable":true,"href":"https:\/\/epochtimestr.com\/index.php\/wp-json\/wp\/v2\/tags?post=154174"}],"curies":[{"name":"wp","href":"https:\/\/api.w.org\/{rel}","templated":true}]}}