{"id":154178,"date":"2024-08-29T13:35:06","date_gmt":"2024-08-29T10:35:06","guid":{"rendered":"https:\/\/epochtimestr.com\/?p=154178"},"modified":"2024-08-29T14:36:06","modified_gmt":"2024-08-29T11:36:06","slug":"mersin-ticaret-ve-sanayi-odasi-alataya-sahip-cikti-alata-bir-ulusal-guvenlik-meselesidir","status":"publish","type":"post","link":"https:\/\/epochtimestr.com\/index.php\/mersin-ticaret-ve-sanayi-odasi-alataya-sahip-cikti-alata-bir-ulusal-guvenlik-meselesidir","title":{"rendered":"Mersin Ticaret ve Sanayi Odas\u0131 Alata\u2019ya Sahip \u00c7\u0131kt\u0131; \u201c Alata bir Ulusal G\u00fcvenlik Meselesidir\u201d"},"content":{"rendered":"<div class=\"wp-block-image\">\n<figure class=\"aligncenter size-full\"><img loading=\"lazy\" decoding=\"async\" width=\"1800\" height=\"1201\" src=\"https:\/\/epochtimestr.com\/wp-content\/uploads\/2011y\/7F7A9337.jpg\" alt=\"\" class=\"wp-image-154179\" srcset=\"https:\/\/epochtimestr.com\/wp-content\/uploads\/2011y\/7F7A9337.jpg 1800w, https:\/\/epochtimestr.com\/wp-content\/uploads\/2011y\/7F7A9337-300x200.jpg 300w, https:\/\/epochtimestr.com\/wp-content\/uploads\/2011y\/7F7A9337-150x100.jpg 150w, https:\/\/epochtimestr.com\/wp-content\/uploads\/2011y\/7F7A9337-768x512.jpg 768w, https:\/\/epochtimestr.com\/wp-content\/uploads\/2011y\/7F7A9337-1536x1025.jpg 1536w\" sizes=\"(max-width: 1800px) 100vw, 1800px\" \/><\/figure><\/div>\n\n\n<p><strong>Mersin Sanayi ve Ticaret Odas\u0131 Mecilisi, a\u011fustos ay\u0131 toplant\u0131s\u0131nda son g\u00fcnlerde kamuoyunda \u00f6nemli tart\u0131\u015fmalara yol a\u00e7an Alata Bah\u00e7e K\u00fclt\u00fcrleri ve Ara\u015ft\u0131rma Enstit\u00fcs\u00fc ile tart\u0131\u015fmalar\u0131 g\u00fcndemine ta\u015f\u0131d\u0131. Yay\u0131nlad\u0131klar\u0131 ortak karar ile Alata&#8217;n\u0131n k\u0131rm\u0131z\u0131 \u00e7izgiler oldu\u011funu ve Alata&#8217;n\u0131n bir ulusal g\u00fcvenlik meselesi oldu\u011funu vurgulad\u0131. <\/strong><\/p>\n\n\n\n<p>Son d\u00f6nemlerde Mersin\u2019in Erdemli il\u00e7esinde 1. derecede sit alan\u0131 i\u00e7erisinde tar\u0131msal \u00fcretim konusunda faaliyet g\u00f6steren ve 80 y\u0131ll\u0131k ge\u00e7mi\u015fi ile cumhuriyet tarihinde hem tar\u0131msal \u00fcretim alan\u0131nda \u00f6nemli bir de\u011fer olan Alata Bah\u00e7e K\u00fclt\u00fcrleri ve Ara\u015ft\u0131rma Enstit\u00fcs\u00fc ile ilgili Mersin kamuoyunda baz\u0131 endi\u015feler ortaya \u00e7\u0131km\u0131\u015ft\u0131. Mersinli Gazeteci-Yazar Abdullah Ayan\u2019\u0131n g\u00fcndeme ta\u015f\u0131d\u0131\u011f\u0131 ve Alata\u2019n\u0131n 1. Derecede sit alan\u0131 olmaktan \u00e7\u0131kar\u0131laca\u011f\u0131 ile ilgili yaz\u0131lar\u0131n\u0131n ard\u0131ndan g\u00fcndeme gelen konu kentte ciddi endi\u015felere yol a\u00e7m\u0131\u015ft\u0131. MTSO YK Ba\u015fkan\u0131 Hakan Sefa \u00c7ak\u0131r, MTSO\u2019nun a\u011fustos ay\u0131 meclis toplant\u0131s\u0131nda \u00a0yapt\u0131\u011f\u0131 konu\u015fma ile Alata\u2019ya sahip \u00e7\u0131kt\u0131. Meclis Ba\u015fkan\u0131 Hamit \u0130zol ba\u015fkanl\u0131\u011f\u0131nda ger\u00e7ekle\u015ftirilen toplant\u0131da meclis \u00fcyelerine k\u00fcrs\u00fcden seslenen Y\u00f6netim Kurulu Ba\u015fkan\u0131 Hakan Sefa \u00c7ak\u0131r, kurumun kent i\u00e7in \u00f6nemini vurgulay\u0131p sahip \u00e7\u0131k\u0131lmas\u0131 ad\u0131na birlik \u00e7a\u011fr\u0131s\u0131 yapt\u0131. Bu \u00e7a\u011fr\u0131 \u00fczerine MTSO Meclisi b\u00f6lgeye sahip \u00e7\u0131k\u0131lmas\u0131 konusunda ortak karar ald\u0131.<\/p>\n\n\n\n<p><strong>\u201cAlata do\u011fal bir sit alan\u0131d\u0131r, bu de\u011fi\u015ftirilemez\u201d<\/strong><\/p>\n\n\n\n<p>\u00c7ak\u0131r konu ile ilgili yapt\u0131\u011f\u0131 konu\u015fmada \u00a0Alata\u2019n\u0131n sit alan\u0131 olmaktan \u00e7\u0131kar\u0131lmas\u0131 i\u00e7in baz\u0131 kriterleriyle zaman zaman oynansa da alan\u0131n do\u011fal bir sit alan\u0131 oldu\u011funu hat\u0131rlatt\u0131. Bunun de\u011fi\u015ftirilemeyece\u011fini ve bug\u00fcn bulundu\u011fu alana tar\u0131msal biyo-\u00e7e\u015fitlili\u011fe, do\u011fal floraya ve mikro klima \u00f6zelli\u011fine sahip nadir bir b\u00f6lge olmas\u0131 nedeniyle in\u015fa edildi\u011fini hat\u0131rlatan \u00c7ak\u0131r, enstit\u00fcn\u00fcn g\u00f6revlerini ise \u015f\u00f6yle \u00f6zetledi: \u00a0\u201cDo\u011fu Akdeniz B\u00f6lgesinde; meyvecilik, sebzecilik, s\u00fcs bitkileri, ba\u011fc\u0131l\u0131k, ar\u0131c\u0131l\u0131k, tar\u0131m ekonomisi, su kaynaklar\u0131, bitki sa\u011fl\u0131\u011f\u0131, biyo-\u00e7e\u015fitlilik, genetik kaynaklarla e\u011fitim-yay\u0131n konular\u0131nda uygulamal\u0131 tar\u0131msal ara\u015ft\u0131rmalar yapmakt\u0131r. Bah\u00e7e k\u00fclt\u00fcrleri alan\u0131nda uzun y\u0131llar\u0131n bilgi birikimi olan, \u00e7ok de\u011ferli bitki \u00e7e\u015fidi, milli koleksiyonlar\u0131na sahip olan kurulu\u015f; \u00fclkemiz Turun\u00e7gil Genetik Kaynaklar\u0131 ve Muz Ara\u015ft\u0131rma Merkezi\u2019ni de b\u00fcnyesinde bar\u0131nd\u0131r\u0131r. Ayr\u0131ca, bitkisel genetik kaynaklar\u0131n korunmas\u0131 kapsam\u0131nda; Enstit\u00fcde 25 sebze ve meyve t\u00fcr\u00fcnde yakla\u015f\u0131k bin 150 \u00e7e\u015fitle 3 bin 500 saf hat muhafaza edilmektedir. Enstit\u00fc, sahip oldu\u011fu do\u011fal flora ve faunas\u0131yla, do\u011fal kumul alanlar\u0131 ve eko tonlar\u0131yla s\u00fcrd\u00fcrmekte oldu\u011fu ara\u015ft\u0131rma, \u00fcretim ve e\u011fitim g\u00f6revlerinin yan\u0131 s\u0131ra, canl\u0131lar\u0131n do\u011fal ya\u015fama ortamlar\u0131 nedeniyle, bio-\u00e7e\u015fitlili\u011fin en iyi \u00f6rne\u011fini olu\u015fturmaktad\u0131r. Bu \u00f6zelli\u011finden dolay\u0131 9 Ekim 2000\u2019de birinci derece do\u011fal sit alan\u0131 olarak ilan edilmi\u015ftir.\u201d<\/p>\n\n\n<div class=\"wp-block-image\">\n<figure class=\"aligncenter size-full\"><img loading=\"lazy\" decoding=\"async\" width=\"1800\" height=\"1201\" src=\"https:\/\/epochtimestr.com\/wp-content\/uploads\/2011y\/7F7A9218.jpg\" alt=\"\" class=\"wp-image-154180\" srcset=\"https:\/\/epochtimestr.com\/wp-content\/uploads\/2011y\/7F7A9218.jpg 1800w, https:\/\/epochtimestr.com\/wp-content\/uploads\/2011y\/7F7A9218-300x200.jpg 300w, https:\/\/epochtimestr.com\/wp-content\/uploads\/2011y\/7F7A9218-150x100.jpg 150w, https:\/\/epochtimestr.com\/wp-content\/uploads\/2011y\/7F7A9218-768x512.jpg 768w, https:\/\/epochtimestr.com\/wp-content\/uploads\/2011y\/7F7A9218-1536x1025.jpg 1536w\" sizes=\"(max-width: 1800px) 100vw, 1800px\" \/><figcaption class=\"wp-element-caption\">MTSO YK Ba\u015fkan\u0131 Hakan Sefa \u00c7ak\u0131r (Foto\u011fraf: MTSO Bas\u0131n B\u00fcrosu)<\/figcaption><\/figure><\/div>\n\n\n<p><strong>\u201cAlata, yeni bir tar\u0131m ekonomisi yaratt\u0131\u201d<\/strong><\/p>\n\n\n\n<p>Mersin\u2019in 326 kilometrelik sahilinde; plaj, konut, yazl\u0131k yapacak, turizm yat\u0131r\u0131m\u0131 yap\u0131lacak \u00e7ok alan buldu\u011funa dikkat \u00e7eken Ba\u015fkan \u00c7ak\u0131r, ancak do\u011fan\u0131n mucizesi olarak tan\u0131mlad\u0131\u011f\u0131 caretta carettalar\u0131n ya\u015fam\u0131n\u0131 devam ettirece\u011fi ba\u015fka b\u00f6lgenin \u00e7ok az oldu\u011funu vurgulad\u0131. Ya\u015fam\u0131n simbiyoz bir sistem oldu\u011funu belirtip t\u00fcm canl\u0131lar\u0131n birbiri i\u00e7in ya\u015fad\u0131\u011f\u0131n\u0131 hat\u0131rlatan \u00c7ak\u0131r, \u201cBir ya\u015fama zarar verirseniz, onun yoklu\u011fu da size ba\u015fka t\u00fcrl\u00fc zarar verir.&nbsp; Bu yok edici ya\u015fam \u015feklimizi devam ettirirsek geriye, ne do\u011fa ne deniz ne toprak ne su kal\u0131r\u201d dedi. Alata\u2019y\u0131 \u20181940\u2019l\u0131 y\u0131llarda, Cumhuriyetin \u0131\u015f\u0131\u011f\u0131nda, modern T\u00fcrkiye tar\u0131m\u0131n\u0131n ortaya \u00e7\u0131kma meselesi\u2019 olarak tan\u0131mlayan \u00c7ak\u0131r, s\u00f6zlerini \u015f\u00f6yle s\u00fcrd\u00fcrd\u00fc:<\/p>\n\n\n\n<p>\u201cO y\u0131llarda Alata\u2019n\u0131n varl\u0131\u011f\u0131 b\u00f6lgemizde ba\u015fta narenciye olmak \u00fczere yeni bir tar\u0131m ekonomisi yaratt\u0131. Alata ba\u015flang\u0131\u00e7ta; b\u00f6lgenin yoksul ailelerinin \u00e7ocuklar\u0131n\u0131 yat\u0131l\u0131 olarak e\u011fitti. Erkeklere ve kad\u0131nlara modern tar\u0131m\u0131 \u00f6\u011fretti ve sevdirdi. Kad\u0131nlara konserve yapmay\u0131 \u00f6\u011fretti. Mezun olan gen\u00e7lere hayvan verdi, arazi verdi, fidan verdi. Tar\u0131m\u0131n ve hayvanc\u0131l\u0131\u011f\u0131n geli\u015fmesini sa\u011flad\u0131. Bug\u00fcn Mersin, \u00c7ukurova, hatta Akdeniz B\u00f6lgesi; narenciyeyle y\u00fczbinleri besliyorsa, i\u015f ve a\u015f veriyorsa, ihracatla \u00fclke ekonomisine katma de\u011fer sa\u011fl\u0131yorsa, bunun sebebi Alata\u2019d\u0131r. Buradaki bilimsel \u00e7al\u0131\u015fmalar, inovasyon ve ar-ge\u2019dir.\u201d<\/p>\n\n\n\n<p><strong>\u201cAlata bir T\u00fcrkiye de\u011feridir\u201d<\/strong><\/p>\n\n\n\n<p>Mersin\u2019in 80 y\u0131l \u00f6nce Alata\u2019da yap\u0131lan \u00e7al\u0131\u015fmalardan dolay\u0131 bug\u00fcn halen ekmek yedi\u011fini kaydeden \u00c7ak\u0131r, \u201cAlata bir T\u00fcrkiye de\u011feridir. Bir ulusal g\u00fcvenlik meselesidir. \u00dclkenin savunma sanayinin par\u00e7as\u0131d\u0131r. T\u00fcm geli\u015fmi\u015f d\u00fcnya, zengin \u00fclkeler, g\u0131da krizlerine haz\u0131rl\u0131k yaparken; k\u00fcresel \u0131s\u0131nmaya kar\u015f\u0131 \u00f6nlemler al\u0131rken; biz bu tehlikelere kar\u015f\u0131 en \u00f6nemli silahlar\u0131m\u0131z olan bilim, ar-ge, ara\u015ft\u0131rma ve inovasyon merkezlerimizin arazilerine g\u00f6z dikiyoruz. Bu ak\u0131lc\u0131 de\u011fil, ahlaki de\u011fil, bu insani de\u011fil\u201d de\u011ferlendirmesini yapt\u0131. Yok edilmesi yerine g\u00f6revlerine ek olarak iklim de\u011fi\u015fikli\u011fi sorunundan dolay\u0131 b\u00f6lgenin acil ihtiyac\u0131 olan yeni \u00fcr\u00fcn deseni \u00e7al\u0131\u015fmalar\u0131 yap\u0131lmas\u0131 gerekti\u011fine i\u015faret eden \u00c7ak\u0131r, enstit\u00fcn\u00fcn do\u011fal yap\u0131s\u0131 korunup geli\u015ftirilerek daha kapsaml\u0131 uluslararas\u0131 tar\u0131m zirvelerinin yap\u0131laca\u011f\u0131, daha modern alt yap\u0131s\u0131 olan bir yap\u0131ya d\u00f6n\u00fc\u015fmesi gerekti\u011fini s\u00f6yledi. Her sekt\u00f6re ihtiya\u00e7 oldu\u011funu ancak do\u011faya, insana, uzun vadeli ekonomiye zarar vermeden do\u011fru yap\u0131lanma gerekti\u011fini ifade eden \u00c7ak\u0131r, \u201cMersin Ticaret ve Sanayi Odas\u0131\u2019n\u0131n,&nbsp; ba\u015fta Alata olmak \u00fczere, t\u00fcm bu ve benzer de\u011ferlerimizin korunmas\u0131 konusunda g\u00f6r\u00fc\u015f\u00fc bellidir.&nbsp; Mersin i\u015f d\u00fcnyas\u0131 s\u00fcrd\u00fcr\u00fclebilir bir ekonominin pe\u015findedir. Y\u0131k\u0131c\u0131 de\u011fil, yap\u0131c\u0131 bir ekonominin izindedir. Do\u011faya, insan sa\u011fl\u0131\u011f\u0131na, \u00e7evreye ra\u011fmen bir ekonomi de\u011fil;&nbsp; bunlarla birlikte sa\u011fl\u0131kl\u0131 bir ekonominin destek\u00e7isidir\u201d ifadelerini kulland\u0131.<\/p>\n\n\n\n<p><strong>\u201cYanl\u0131\u015f\u0131 onaylayan kurum olmayaca\u011f\u0131z\u201d<\/strong><\/p>\n\n\n\n<p>Konunun en \u00fcst d\u00fczeyde takip\u00e7isi olacaklar\u0131n\u0131 belirten \u00c7ak\u0131r, \u201cYanl\u0131\u015f\u0131 onaylayan kurum olmayaca\u011f\u0131z\u201d diyerek Mersin i\u015f d\u00fcnyas\u0131n\u0131 bu konudaki kararl\u0131l\u0131\u011f\u0131n\u0131 g\u00f6stermeye davet etti. \u00c7a\u011fr\u0131y\u0131 oybirli\u011fiyle kabul eden MTSO Meclisinin haz\u0131rlad\u0131\u011f\u0131 ortak karar metni \u015f\u00f6yle:<\/p>\n\n\n\n<p>\u201c80 y\u0131ll\u0131k bilim, tar\u0131msal bilgi, uygulama ve ar-ge birikimi olan Alata Bah\u00e7e K\u00fclt\u00fcrleri ve Ara\u015ft\u0131rmalar\u0131 Enstit\u00fcs\u00fc\u2019n\u00fcn, var olan stat\u00fcs\u00fc ve lokasyonu korunarak, ara\u015ft\u0131rma kapasitesi ve fiziksel alt yap\u0131s\u0131 daha da geli\u015ftirilerek devam etmesi Mersin, b\u00f6lge ve \u00fclke tar\u0131m\u0131 i\u00e7in hayati bir konudur. Mersin Ticaret ve Sanayi Odas\u0131 Meclisi, Alata\u2019n\u0131n t\u00fcm alanlar\u0131n\u0131n mevcut ama\u00e7lar\u0131 d\u0131\u015f\u0131nda &#8211; ne ama\u00e7la olursa olsun &#8211; yap\u0131la\u015fmaya a\u00e7\u0131lmas\u0131n\u0131n ve sit alan\u0131 stat\u00fcs\u00fcnden \u00e7\u0131kar\u0131lmas\u0131n\u0131n; ekonomik ger\u00e7ekliklere, hukuka, y\u00fcr\u00fcrl\u00fckteki mevzuata, devletimizin kalk\u0131nma strateji ve hedeflerine ve her \u015feyin \u00fcst\u00fcnde kamu yarar\u0131na uygun olmad\u0131\u011f\u0131 g\u00f6r\u00fc\u015f\u00fcndedir. Mersin Ticaret ve Sanayi Odas\u0131 Meclisi Alata Bah\u00e7e K\u00fclt\u00fcrleri ve Ara\u015ft\u0131rmalar\u0131 Enstit\u00fcs\u00fc\u2019n\u00fcn var olan yerinde korunmas\u0131 ve daha da geli\u015ftirilmesini, ulusal bir g\u00fcvenlik meselesi d\u00fczeyinde g\u00f6rmekte ve Enstit\u00fcn\u00fcn e\u011fitim, ara\u015ft\u0131rma, uygulama ve ar-ge kapasitesinin, fiziksel imkanlar\u0131 da yenilenerek devam etmesini desteklemektedir.&nbsp; MTSO Meclisi Alata ve sahip oldu\u011fu arazilerin ba\u015fka hi\u00e7bir ama\u00e7la kullan\u0131lmas\u0131na, sit \u00f6zelli\u011finin kald\u0131r\u0131lmas\u0131na taraf de\u011fildir\u201d<\/p>\n","protected":false},"excerpt":{"rendered":"<p>Mersin Sanayi ve Ticaret Odas\u0131 Mecilisi, a\u011fustos ay\u0131 toplant\u0131s\u0131nda son g\u00fcnlerde kamuoyunda \u00f6nemli tart\u0131\u015fmalara yol a\u00e7an Alata Bah\u00e7e K\u00fclt\u00fcrleri ve Ara\u015ft\u0131rma Enstit\u00fcs\u00fc ile tart\u0131\u015fmalar\u0131 g\u00fcndemine ta\u015f\u0131d\u0131. Yay\u0131nlad\u0131klar\u0131 ortak karar ile Alata&#8217;n\u0131n k\u0131rm\u0131z\u0131 \u00e7izgiler oldu\u011funu ve Alata&#8217;n\u0131n bir ulusal g\u00fcvenlik meselesi oldu\u011funu vurgulad\u0131. Son d\u00f6nemlerde Mersin\u2019in Erdemli il\u00e7esinde 1. derecede sit alan\u0131 i\u00e7erisinde tar\u0131msal \u00fcretim konusunda [&hellip;]<\/p>\n","protected":false},"author":12791,"featured_media":154179,"comment_status":"closed","ping_status":"open","sticky":false,"template":"","format":"standard","meta":{"_yoast_wpseo_focuskw":"","_yoast_wpseo_title":"","_yoast_wpseo_metadesc":"","_bbp_topic_count":0,"_bbp_reply_count":0,"_bbp_total_topic_count":0,"_bbp_total_reply_count":0,"_bbp_voice_count":0,"_bbp_anonymous_reply_count":0,"_bbp_topic_count_hidden":0,"_bbp_reply_count_hidden":0,"_bbp_forum_subforum_count":0,"footnotes":"","_yoast_wpseo_focuskw_text_input":""},"categories":[1,8138,37],"tags":[],"yoast_head":"<!-- This site is optimized with the Yoast SEO plugin v23.0 - https:\/\/yoast.com\/wordpress\/plugins\/seo\/ -->\n<title>Mersin Ticaret ve Sanayi Odas\u0131 Alata\u2019ya Sahip \u00c7\u0131kt\u0131; \u201c Alata bir Ulusal G\u00fcvenlik Meselesidir\u201d - The Epoch Times TR<\/title>\n<meta name=\"robots\" content=\"index, follow, max-snippet:-1, max-image-preview:large, max-video-preview:-1\" \/>\n<link rel=\"canonical\" href=\"https:\/\/epochtimestr.com\/index.php\/mersin-ticaret-ve-sanayi-odasi-alataya-sahip-cikti-alata-bir-ulusal-guvenlik-meselesidir\" \/>\n<meta property=\"og:locale\" content=\"tr_TR\" \/>\n<meta property=\"og:type\" content=\"article\" \/>\n<meta property=\"og:title\" content=\"Mersin Ticaret ve Sanayi Odas\u0131 Alata\u2019ya Sahip \u00c7\u0131kt\u0131; \u201c Alata bir Ulusal G\u00fcvenlik Meselesidir\u201d - The Epoch Times TR\" \/>\n<meta property=\"og:description\" content=\"Mersin Sanayi ve Ticaret Odas\u0131 Mecilisi, a\u011fustos ay\u0131 toplant\u0131s\u0131nda son g\u00fcnlerde kamuoyunda \u00f6nemli tart\u0131\u015fmalara yol a\u00e7an Alata Bah\u00e7e K\u00fclt\u00fcrleri ve Ara\u015ft\u0131rma Enstit\u00fcs\u00fc ile tart\u0131\u015fmalar\u0131 g\u00fcndemine ta\u015f\u0131d\u0131. Yay\u0131nlad\u0131klar\u0131 ortak karar ile Alata&#8217;n\u0131n k\u0131rm\u0131z\u0131 \u00e7izgiler oldu\u011funu ve Alata&#8217;n\u0131n bir ulusal g\u00fcvenlik meselesi oldu\u011funu vurgulad\u0131. Son d\u00f6nemlerde Mersin\u2019in Erdemli il\u00e7esinde 1. derecede sit alan\u0131 i\u00e7erisinde tar\u0131msal \u00fcretim konusunda [&hellip;]\" \/>\n<meta property=\"og:url\" content=\"https:\/\/epochtimestr.com\/index.php\/mersin-ticaret-ve-sanayi-odasi-alataya-sahip-cikti-alata-bir-ulusal-guvenlik-meselesidir\" \/>\n<meta property=\"og:site_name\" content=\"The Epoch Times TR\" \/>\n<meta property=\"article:publisher\" content=\"https:\/\/www.facebook.com\/theepochtimestr\" \/>\n<meta property=\"article:published_time\" content=\"2024-08-29T10:35:06+00:00\" \/>\n<meta property=\"article:modified_time\" content=\"2024-08-29T11:36:06+00:00\" \/>\n<meta property=\"og:image\" content=\"https:\/\/epochtimestr.com\/wp-content\/uploads\/2011y\/7F7A9337.jpg\" \/>\n\t<meta property=\"og:image:width\" content=\"1800\" \/>\n\t<meta property=\"og:image:height\" content=\"1201\" \/>\n\t<meta property=\"og:image:type\" content=\"image\/jpeg\" \/>\n<meta name=\"author\" content=\"Haber Merkezi\" \/>\n<meta name=\"twitter:card\" content=\"summary_large_image\" \/>\n<meta name=\"twitter:creator\" content=\"@TheEpochTimesTR\" \/>\n<meta name=\"twitter:site\" content=\"@TheEpochTimesTR\" \/>\n<meta name=\"twitter:label1\" content=\"Yazan:\" \/>\n\t<meta name=\"twitter:data1\" content=\"Haber Merkezi\" \/>\n\t<meta name=\"twitter:label2\" content=\"Tahmini okuma s\u00fcresi\" \/>\n\t<meta name=\"twitter:data2\" content=\"6 dakika\" \/>\n<script type=\"application\/ld+json\" class=\"yoast-schema-graph\">{\"@context\":\"https:\/\/schema.org\",\"@graph\":[{\"@type\":\"Article\",\"@id\":\"https:\/\/epochtimestr.com\/index.php\/mersin-ticaret-ve-sanayi-odasi-alataya-sahip-cikti-alata-bir-ulusal-guvenlik-meselesidir#article\",\"isPartOf\":{\"@id\":\"https:\/\/epochtimestr.com\/index.php\/mersin-ticaret-ve-sanayi-odasi-alataya-sahip-cikti-alata-bir-ulusal-guvenlik-meselesidir\"},\"author\":{\"name\":\"Haber Merkezi\",\"@id\":\"https:\/\/epochtimestr.com\/#\/schema\/person\/3dc5c3adeb9f43923c5aa85889172fdd\"},\"headline\":\"Mersin Ticaret ve Sanayi Odas\u0131 Alata\u2019ya Sahip \u00c7\u0131kt\u0131; \u201c Alata bir Ulusal G\u00fcvenlik Meselesidir\u201d\",\"datePublished\":\"2024-08-29T10:35:06+00:00\",\"dateModified\":\"2024-08-29T11:36:06+00:00\",\"mainEntityOfPage\":{\"@id\":\"https:\/\/epochtimestr.com\/index.php\/mersin-ticaret-ve-sanayi-odasi-alataya-sahip-cikti-alata-bir-ulusal-guvenlik-meselesidir\"},\"wordCount\":1362,\"publisher\":{\"@id\":\"https:\/\/epochtimestr.com\/#organization\"},\"image\":{\"@id\":\"https:\/\/epochtimestr.com\/index.php\/mersin-ticaret-ve-sanayi-odasi-alataya-sahip-cikti-alata-bir-ulusal-guvenlik-meselesidir#primaryimage\"},\"thumbnailUrl\":\"https:\/\/epochtimestr.com\/wp-content\/uploads\/2011y\/7F7A9337.jpg\",\"articleSection\":[\"G\u00dcNDEM\",\"MAN\u015eET\",\"T\u00dcRK\u0130YE\"],\"inLanguage\":\"tr\"},{\"@type\":\"WebPage\",\"@id\":\"https:\/\/epochtimestr.com\/index.php\/mersin-ticaret-ve-sanayi-odasi-alataya-sahip-cikti-alata-bir-ulusal-guvenlik-meselesidir\",\"url\":\"https:\/\/epochtimestr.com\/index.php\/mersin-ticaret-ve-sanayi-odasi-alataya-sahip-cikti-alata-bir-ulusal-guvenlik-meselesidir\",\"name\":\"Mersin Ticaret ve Sanayi Odas\u0131 Alata\u2019ya Sahip \u00c7\u0131kt\u0131; \u201c Alata bir Ulusal G\u00fcvenlik Meselesidir\u201d - The Epoch Times TR\",\"isPartOf\":{\"@id\":\"https:\/\/epochtimestr.com\/#website\"},\"primaryImageOfPage\":{\"@id\":\"https:\/\/epochtimestr.com\/index.php\/mersin-ticaret-ve-sanayi-odasi-alataya-sahip-cikti-alata-bir-ulusal-guvenlik-meselesidir#primaryimage\"},\"image\":{\"@id\":\"https:\/\/epochtimestr.com\/index.php\/mersin-ticaret-ve-sanayi-odasi-alataya-sahip-cikti-alata-bir-ulusal-guvenlik-meselesidir#primaryimage\"},\"thumbnailUrl\":\"https:\/\/epochtimestr.com\/wp-content\/uploads\/2011y\/7F7A9337.jpg\",\"datePublished\":\"2024-08-29T10:35:06+00:00\",\"dateModified\":\"2024-08-29T11:36:06+00:00\",\"inLanguage\":\"tr\",\"potentialAction\":[{\"@type\":\"ReadAction\",\"target\":[\"https:\/\/epochtimestr.com\/index.php\/mersin-ticaret-ve-sanayi-odasi-alataya-sahip-cikti-alata-bir-ulusal-guvenlik-meselesidir\"]}]},{\"@type\":\"ImageObject\",\"inLanguage\":\"tr\",\"@id\":\"https:\/\/epochtimestr.com\/index.php\/mersin-ticaret-ve-sanayi-odasi-alataya-sahip-cikti-alata-bir-ulusal-guvenlik-meselesidir#primaryimage\",\"url\":\"https:\/\/epochtimestr.com\/wp-content\/uploads\/2011y\/7F7A9337.jpg\",\"contentUrl\":\"https:\/\/epochtimestr.com\/wp-content\/uploads\/2011y\/7F7A9337.jpg\",\"width\":1800,\"height\":1201},{\"@type\":\"WebSite\",\"@id\":\"https:\/\/epochtimestr.com\/#website\",\"url\":\"https:\/\/epochtimestr.com\/\",\"name\":\"The Epoch Times TR\",\"description\":\"De\u011fi\u015fen D\u00fcnyam\u0131za Taze Bir Bak\u0131\u015f\",\"publisher\":{\"@id\":\"https:\/\/epochtimestr.com\/#organization\"},\"potentialAction\":[{\"@type\":\"SearchAction\",\"target\":{\"@type\":\"EntryPoint\",\"urlTemplate\":\"https:\/\/epochtimestr.com\/?s={search_term_string}\"},\"query-input\":\"required name=search_term_string\"}],\"inLanguage\":\"tr\"},{\"@type\":\"Organization\",\"@id\":\"https:\/\/epochtimestr.com\/#organization\",\"name\":\"The EpochTimes T\u00fcrkiye\",\"url\":\"https:\/\/epochtimestr.com\/\",\"logo\":{\"@type\":\"ImageObject\",\"inLanguage\":\"tr\",\"@id\":\"https:\/\/epochtimestr.com\/#\/schema\/logo\/image\/\",\"url\":\"https:\/\/epochtimestr.com\/wp-content\/uploads\/2011y\/ET-Logo-YG.jpg\",\"contentUrl\":\"https:\/\/epochtimestr.com\/wp-content\/uploads\/2011y\/ET-Logo-YG.jpg\",\"width\":346,\"height\":29,\"caption\":\"The EpochTimes T\u00fcrkiye\"},\"image\":{\"@id\":\"https:\/\/epochtimestr.com\/#\/schema\/logo\/image\/\"},\"sameAs\":[\"https:\/\/www.facebook.com\/theepochtimestr\",\"https:\/\/x.com\/TheEpochTimesTR\",\"https:\/\/www.instagram.com\/epochtimestr\"]},{\"@type\":\"Person\",\"@id\":\"https:\/\/epochtimestr.com\/#\/schema\/person\/3dc5c3adeb9f43923c5aa85889172fdd\",\"name\":\"Haber Merkezi\",\"image\":{\"@type\":\"ImageObject\",\"inLanguage\":\"tr\",\"@id\":\"https:\/\/epochtimestr.com\/#\/schema\/person\/image\/\",\"url\":\"https:\/\/secure.gravatar.com\/avatar\/d73f772ba5a74f28601361e17c2f93e6?s=96&d=mm&r=g\",\"contentUrl\":\"https:\/\/secure.gravatar.com\/avatar\/d73f772ba5a74f28601361e17c2f93e6?s=96&d=mm&r=g\",\"caption\":\"Haber Merkezi\"},\"url\":\"https:\/\/epochtimestr.com\/index.php\/author\/sendag\"}]}<\/script>\n<!-- \/ Yoast SEO plugin. -->","yoast_head_json":{"title":"Mersin Ticaret ve Sanayi Odas\u0131 Alata\u2019ya Sahip \u00c7\u0131kt\u0131; \u201c Alata bir Ulusal G\u00fcvenlik Meselesidir\u201d - The Epoch Times TR","robots":{"index":"index","follow":"follow","max-snippet":"max-snippet:-1","max-image-preview":"max-image-preview:large","max-video-preview":"max-video-preview:-1"},"canonical":"https:\/\/epochtimestr.com\/index.php\/mersin-ticaret-ve-sanayi-odasi-alataya-sahip-cikti-alata-bir-ulusal-guvenlik-meselesidir","og_locale":"tr_TR","og_type":"article","og_title":"Mersin Ticaret ve Sanayi Odas\u0131 Alata\u2019ya Sahip \u00c7\u0131kt\u0131; \u201c Alata bir Ulusal G\u00fcvenlik Meselesidir\u201d - The Epoch Times TR","og_description":"Mersin Sanayi ve Ticaret Odas\u0131 Mecilisi, a\u011fustos ay\u0131 toplant\u0131s\u0131nda son g\u00fcnlerde kamuoyunda \u00f6nemli tart\u0131\u015fmalara yol a\u00e7an Alata Bah\u00e7e K\u00fclt\u00fcrleri ve Ara\u015ft\u0131rma Enstit\u00fcs\u00fc ile tart\u0131\u015fmalar\u0131 g\u00fcndemine ta\u015f\u0131d\u0131. Yay\u0131nlad\u0131klar\u0131 ortak karar ile Alata&#8217;n\u0131n k\u0131rm\u0131z\u0131 \u00e7izgiler oldu\u011funu ve Alata&#8217;n\u0131n bir ulusal g\u00fcvenlik meselesi oldu\u011funu vurgulad\u0131. Son d\u00f6nemlerde Mersin\u2019in Erdemli il\u00e7esinde 1. derecede sit alan\u0131 i\u00e7erisinde tar\u0131msal \u00fcretim konusunda [&hellip;]","og_url":"https:\/\/epochtimestr.com\/index.php\/mersin-ticaret-ve-sanayi-odasi-alataya-sahip-cikti-alata-bir-ulusal-guvenlik-meselesidir","og_site_name":"The Epoch Times TR","article_publisher":"https:\/\/www.facebook.com\/theepochtimestr","article_published_time":"2024-08-29T10:35:06+00:00","article_modified_time":"2024-08-29T11:36:06+00:00","og_image":[{"width":1800,"height":1201,"url":"https:\/\/epochtimestr.com\/wp-content\/uploads\/2011y\/7F7A9337.jpg","type":"image\/jpeg"}],"author":"Haber Merkezi","twitter_card":"summary_large_image","twitter_creator":"@TheEpochTimesTR","twitter_site":"@TheEpochTimesTR","twitter_misc":{"Yazan:":"Haber Merkezi","Tahmini okuma s\u00fcresi":"6 dakika"},"schema":{"@context":"https:\/\/schema.org","@graph":[{"@type":"Article","@id":"https:\/\/epochtimestr.com\/index.php\/mersin-ticaret-ve-sanayi-odasi-alataya-sahip-cikti-alata-bir-ulusal-guvenlik-meselesidir#article","isPartOf":{"@id":"https:\/\/epochtimestr.com\/index.php\/mersin-ticaret-ve-sanayi-odasi-alataya-sahip-cikti-alata-bir-ulusal-guvenlik-meselesidir"},"author":{"name":"Haber Merkezi","@id":"https:\/\/epochtimestr.com\/#\/schema\/person\/3dc5c3adeb9f43923c5aa85889172fdd"},"headline":"Mersin Ticaret ve Sanayi Odas\u0131 Alata\u2019ya Sahip \u00c7\u0131kt\u0131; \u201c Alata bir Ulusal G\u00fcvenlik Meselesidir\u201d","datePublished":"2024-08-29T10:35:06+00:00","dateModified":"2024-08-29T11:36:06+00:00","mainEntityOfPage":{"@id":"https:\/\/epochtimestr.com\/index.php\/mersin-ticaret-ve-sanayi-odasi-alataya-sahip-cikti-alata-bir-ulusal-guvenlik-meselesidir"},"wordCount":1362,"publisher":{"@id":"https:\/\/epochtimestr.com\/#organization"},"image":{"@id":"https:\/\/epochtimestr.com\/index.php\/mersin-ticaret-ve-sanayi-odasi-alataya-sahip-cikti-alata-bir-ulusal-guvenlik-meselesidir#primaryimage"},"thumbnailUrl":"https:\/\/epochtimestr.com\/wp-content\/uploads\/2011y\/7F7A9337.jpg","articleSection":["G\u00dcNDEM","MAN\u015eET","T\u00dcRK\u0130YE"],"inLanguage":"tr"},{"@type":"WebPage","@id":"https:\/\/epochtimestr.com\/index.php\/mersin-ticaret-ve-sanayi-odasi-alataya-sahip-cikti-alata-bir-ulusal-guvenlik-meselesidir","url":"https:\/\/epochtimestr.com\/index.php\/mersin-ticaret-ve-sanayi-odasi-alataya-sahip-cikti-alata-bir-ulusal-guvenlik-meselesidir","name":"Mersin Ticaret ve Sanayi Odas\u0131 Alata\u2019ya Sahip \u00c7\u0131kt\u0131; \u201c Alata bir Ulusal G\u00fcvenlik Meselesidir\u201d - The Epoch Times TR","isPartOf":{"@id":"https:\/\/epochtimestr.com\/#website"},"primaryImageOfPage":{"@id":"https:\/\/epochtimestr.com\/index.php\/mersin-ticaret-ve-sanayi-odasi-alataya-sahip-cikti-alata-bir-ulusal-guvenlik-meselesidir#primaryimage"},"image":{"@id":"https:\/\/epochtimestr.com\/index.php\/mersin-ticaret-ve-sanayi-odasi-alataya-sahip-cikti-alata-bir-ulusal-guvenlik-meselesidir#primaryimage"},"thumbnailUrl":"https:\/\/epochtimestr.com\/wp-content\/uploads\/2011y\/7F7A9337.jpg","datePublished":"2024-08-29T10:35:06+00:00","dateModified":"2024-08-29T11:36:06+00:00","inLanguage":"tr","potentialAction":[{"@type":"ReadAction","target":["https:\/\/epochtimestr.com\/index.php\/mersin-ticaret-ve-sanayi-odasi-alataya-sahip-cikti-alata-bir-ulusal-guvenlik-meselesidir"]}]},{"@type":"ImageObject","inLanguage":"tr","@id":"https:\/\/epochtimestr.com\/index.php\/mersin-ticaret-ve-sanayi-odasi-alataya-sahip-cikti-alata-bir-ulusal-guvenlik-meselesidir#primaryimage","url":"https:\/\/epochtimestr.com\/wp-content\/uploads\/2011y\/7F7A9337.jpg","contentUrl":"https:\/\/epochtimestr.com\/wp-content\/uploads\/2011y\/7F7A9337.jpg","width":1800,"height":1201},{"@type":"WebSite","@id":"https:\/\/epochtimestr.com\/#website","url":"https:\/\/epochtimestr.com\/","name":"The Epoch Times TR","description":"De\u011fi\u015fen D\u00fcnyam\u0131za Taze Bir Bak\u0131\u015f","publisher":{"@id":"https:\/\/epochtimestr.com\/#organization"},"potentialAction":[{"@type":"SearchAction","target":{"@type":"EntryPoint","urlTemplate":"https:\/\/epochtimestr.com\/?s={search_term_string}"},"query-input":"required name=search_term_string"}],"inLanguage":"tr"},{"@type":"Organization","@id":"https:\/\/epochtimestr.com\/#organization","name":"The EpochTimes T\u00fcrkiye","url":"https:\/\/epochtimestr.com\/","logo":{"@type":"ImageObject","inLanguage":"tr","@id":"https:\/\/epochtimestr.com\/#\/schema\/logo\/image\/","url":"https:\/\/epochtimestr.com\/wp-content\/uploads\/2011y\/ET-Logo-YG.jpg","contentUrl":"https:\/\/epochtimestr.com\/wp-content\/uploads\/2011y\/ET-Logo-YG.jpg","width":346,"height":29,"caption":"The EpochTimes T\u00fcrkiye"},"image":{"@id":"https:\/\/epochtimestr.com\/#\/schema\/logo\/image\/"},"sameAs":["https:\/\/www.facebook.com\/theepochtimestr","https:\/\/x.com\/TheEpochTimesTR","https:\/\/www.instagram.com\/epochtimestr"]},{"@type":"Person","@id":"https:\/\/epochtimestr.com\/#\/schema\/person\/3dc5c3adeb9f43923c5aa85889172fdd","name":"Haber Merkezi","image":{"@type":"ImageObject","inLanguage":"tr","@id":"https:\/\/epochtimestr.com\/#\/schema\/person\/image\/","url":"https:\/\/secure.gravatar.com\/avatar\/d73f772ba5a74f28601361e17c2f93e6?s=96&d=mm&r=g","contentUrl":"https:\/\/secure.gravatar.com\/avatar\/d73f772ba5a74f28601361e17c2f93e6?s=96&d=mm&r=g","caption":"Haber Merkezi"},"url":"https:\/\/epochtimestr.com\/index.php\/author\/sendag"}]}},"_links":{"self":[{"href":"https:\/\/epochtimestr.com\/index.php\/wp-json\/wp\/v2\/posts\/154178"}],"collection":[{"href":"https:\/\/epochtimestr.com\/index.php\/wp-json\/wp\/v2\/posts"}],"about":[{"href":"https:\/\/epochtimestr.com\/index.php\/wp-json\/wp\/v2\/types\/post"}],"author":[{"embeddable":true,"href":"https:\/\/epochtimestr.com\/index.php\/wp-json\/wp\/v2\/users\/12791"}],"replies":[{"embeddable":true,"href":"https:\/\/epochtimestr.com\/index.php\/wp-json\/wp\/v2\/comments?post=154178"}],"version-history":[{"count":2,"href":"https:\/\/epochtimestr.com\/index.php\/wp-json\/wp\/v2\/posts\/154178\/revisions"}],"predecessor-version":[{"id":154184,"href":"https:\/\/epochtimestr.com\/index.php\/wp-json\/wp\/v2\/posts\/154178\/revisions\/154184"}],"wp:featuredmedia":[{"embeddable":true,"href":"https:\/\/epochtimestr.com\/index.php\/wp-json\/wp\/v2\/media\/154179"}],"wp:attachment":[{"href":"https:\/\/epochtimestr.com\/index.php\/wp-json\/wp\/v2\/media?parent=154178"}],"wp:term":[{"taxonomy":"category","embeddable":true,"href":"https:\/\/epochtimestr.com\/index.php\/wp-json\/wp\/v2\/categories?post=154178"},{"taxonomy":"post_tag","embeddable":true,"href":"https:\/\/epochtimestr.com\/index.php\/wp-json\/wp\/v2\/tags?post=154178"}],"curies":[{"name":"wp","href":"https:\/\/api.w.org\/{rel}","templated":true}]}}